{"id":477180,"date":"2023-10-26T20:31:04","date_gmt":"2023-10-26T23:31:04","guid":{"rendered":"https:\/\/www.suno.com.br\/noticias\/?p=477180"},"modified":"2023-10-26T20:41:10","modified_gmt":"2023-10-26T23:41:10","slug":"embraer-embr3-skywest-encomenda-1avioes-comerciais-ar","status":"publish","type":"post","link":"https:\/\/www.suno.com.br\/noticias\/embraer-embr3-skywest-encomenda-1avioes-comerciais-ar\/","title":{"rendered":"Embraer (EMBR3): SkyWest encomenda 19 avi\u00f5es comerciais para opera\u00e7\u00e3o com United Airlines (U1AL34)"},"content":{"rendered":"<p>A<strong> Embraer<\/strong> (EMBR3) anunciou um acordo para vender 19 novas aeronaves comerciais do tipo E175 para a companhia a\u00e9rea SkyWest, mas as novas aeronaves ir\u00e3o integrar a malha da United Airlines (U1AL34), que j\u00e1 conta com 90 E175 em opera\u00e7\u00e3o.<\/p>\t<div class=\"wrapper-featured-image\">\n\t\t<figure class=\"spotlightImg\">\n\n\t\t\t<picture>\n\t\t\t\t<source media=\"(max-width: 768px)\" srcset=\"https:\/\/files.sunoresearch.com.br\/n\/uploads\/2022\/12\/embraer-embr3--400x200.jpg\">\n\t\t\t\t<img loading=\"lazy\" decoding=\"async\" class=\"newsContent__article__imgCapa lazyloadDisabled \" src=\"https:\/\/files.sunoresearch.com.br\/n\/uploads\/2022\/12\/embraer-embr3--800x450.jpg\" width=\"800\" height=\"450\" alt=\"Embraer (EMBR3): SkyWest encomenda 19 avi\u00f5es comerciais para opera\u00e7\u00e3o com United Airlines (U1AL34)\" fetchpriority=high \/>\n\t\t\t<\/picture>\n\n\t\t\t<figcaption class=\"wp-caption-text wp-caption-text--show\">Embraer (EMBR3). Foto: Divulga\u00e7\u00e3o<\/figcaption>\n\t\t<\/figure>\n\t<\/div>\n\n\n\n\n\n\n\n\t<p>\n\t\t<a href=\"https:\/\/lp.suno.com.br\/planilha-da-vida-financeira\/\" target=\"_blank\" data-element=\"shortcode-suno-banner\" title=\"Banner SUNO, clique e saiba mais\">\n\t\t\t<picture>\n\t\t\t\t<source media=\"(max-width: 500px)\" srcset=\"https:\/\/files.sunoresearch.com.br\/n\/uploads\/2023\/04\/400x300-Planilha-vida-financeira-true.png\">\n\t\t\t\t<img class=\"newsContent__article__imgCapa newsContent__article__imgCapa--banner\"\n\t\t\t\t\tsrc=\"https:\/\/files.sunoresearch.com.br\/n\/uploads\/2023\/04\/1420x240-Planilha-vida-financeira-true.png\"\n\t\t\t\t\tdata-promo-id=\"106682\"\t\t\t\t\t\t\t\t\t\twidth='1420' height='240'\t\t\t\t\talt=\"https:\/\/files.sunoresearch.com.br\/n\/uploads\/2023\/04\/1420x240-Planilha-vida-financeira-true.png\"\n\t\t\t\t>\n\t\t\t<\/picture>\n\t\t<\/a>\n\t<\/p>\n\n\n\n\n\n<p>O <strong>valor do contrato com a SkyWest<\/strong>, que foi inclu\u00eddo na carteira de <strong>pedidos da Embraer<\/strong> do terceiro trimestre, \u00e9 de US$ 1,1 bilh\u00e3o, conforme pre\u00e7o de lista. As<strong> entregas da Embraer<\/strong> cresceram 30% e chegaram a 43 aeronaves no 3\u00ba trimestre de 2023.<\/p>\n\n\n\n<p>Os novos <strong>jatos da Embraer<\/strong> ir\u00e3o voar pela United exclusivamente sob contrato de compra de capacidade (CPA, na sigla em ingl\u00eas).<\/p>\n\n\n\n<p>Os jatos de 70 assentos ser\u00e3o entregues na configura\u00e7\u00e3o de tr\u00eas classes, com as entregas sendo iniciadas no quarto trimestre de 2024.<\/p>\n\n\n\n<div class=\"pluginQuotation\">\n  <p class=\"ticker\">\n    Cota\u00e7\u00e3o <span>embr3<\/span>\n  <\/p>\n  <div class=\"info\">\n    <div class=\"leftSide\">\n      Gr\u00e1fico gerado em: 26\/10\/2023    <\/div>\n\t\t\t\t\t<div class=\"rightSide\">\n\t\t\t\t\t<span class=\"period\">\n\t\t\t\t\t\t6 Meses\t\t\t\t\t<\/span>\n\t\t\t<\/div>\n\t\t  <\/div>\n\n  <div id=\"chart-94c1bb11c6eb94a5379e968d1b9bf633\" data-block-hash=\"94c1bb11c6eb94a5379e968d1b9bf633\"  class=\"chart\" style=\"width:100%;height:400px;\"><\/div>\n\n  <div class=\"pluginQuotation__footer\">\n    <div class=\"dataChart\">\n\n      <div class=\"dataChart__div1 variation\">\n        <div class=\"value-negative\">\n          -8,29 (-1,63%)        <\/div>\n        <div class=\"text\">\n          Varia\u00e7\u00e3o do per\u00edodo\n        <\/div>\n      <\/div>\n\n      <div class=\"dataChart__div2 minMax\">\n        <div class=\"value\">\n          R$\u00a016,40        <\/div>\n        <div class=\"text\">\n          M\u00ednima\n        <\/div>\n      <\/div>\n\n      <div class=\"dataChart__div3 minMax\">\n        <div class=\"value\">\n          R$\u00a020,55        <\/div>\n        <div class=\"text\">\n          M\u00e1xima\n        <\/div>\n      <\/div>\n\n\t\t\t<div class=\"dataChart__div4 rightSide\">\n\t\t\t\t<div class=\"analiticaSource\">\n\t\t\t\t\t<span>\n\t\t\t\t\t\tFonte:\n\t\t\t\t\t<\/span>\n\t\t\t\t\t<img decoding=\"async\" class=\"analiticaLogo\" src=\"https:\/\/www.suno.com.br\/noticias\/wp-content\/plugins\/suno-block-ticker-quotation\/src\/suno-analitica-logo.png\" alt=\"Logo Suno Anal\u00edtica\" \/>\n\t\t\t\t<\/div>\n\n\t\t\t\t<a href=\"https:\/\/www.suno.com.br\/analitica\/acoes\/embr3\" target=\"_blank\">\n\t\t\t\t\t<span>\n\t\t\t\t\t\tVer mais cota\u00e7\u00f5es\n\t\t\t\t\t<\/span>\n\t\t\t\t\t<svg xmlns=\"http:\/\/www.w3.org\/2000\/svg\" width=\"9\" height=\"8\" viewBox=\"0 0 9 8\" fill=\"none\">\n\t\t\t\t\t\t<path d=\"M4.20996 0L3.50496 0.705L6.29496 3.5H0.209961V4.5H6.29496L3.50496 7.295L4.20996 8L8.20996 4L4.20996 0Z\" fill=\"#D42126\" \/>\n\t\t\t\t\t<\/svg>\n\t\t\t\t<\/a>\n    <\/div>\n\n    <\/div>\n  <\/div>\n<\/div>\n\n\n<script type=\"text\/javascript\">\n  let chart_94c1bb11c6eb94a5379e968d1b9bf633 = document.getElementById('chart-94c1bb11c6eb94a5379e968d1b9bf633');\n  let data_json_94c1bb11c6eb94a5379e968d1b9bf633 = \"[{\\\"date\\\":\\\"26\\\\\\\/04\\\\\\\/23 \\\",\\\"value\\\":19.66},{\\\"date\\\":\\\"27\\\\\\\/04\\\\\\\/23 \\\",\\\"value\\\":19.19},{\\\"date\\\":\\\"28\\\\\\\/04\\\\\\\/23 \\\",\\\"value\\\":19.42},{\\\"date\\\":\\\"02\\\\\\\/05\\\\\\\/23 \\\",\\\"value\\\":19.22},{\\\"date\\\":\\\"03\\\\\\\/05\\\\\\\/23 \\\",\\\"value\\\":18.74},{\\\"date\\\":\\\"04\\\\\\\/05\\\\\\\/23 \\\",\\\"value\\\":16.92},{\\\"date\\\":\\\"05\\\\\\\/05\\\\\\\/23 \\\",\\\"value\\\":16.5},{\\\"date\\\":\\\"08\\\\\\\/05\\\\\\\/23 \\\",\\\"value\\\":16.4},{\\\"date\\\":\\\"09\\\\\\\/05\\\\\\\/23 \\\",\\\"value\\\":16.45},{\\\"date\\\":\\\"10\\\\\\\/05\\\\\\\/23 \\\",\\\"value\\\":16.81},{\\\"date\\\":\\\"11\\\\\\\/05\\\\\\\/23 \\\",\\\"value\\\":17.08},{\\\"date\\\":\\\"12\\\\\\\/05\\\\\\\/23 \\\",\\\"value\\\":17.55},{\\\"date\\\":\\\"15\\\\\\\/05\\\\\\\/23 \\\",\\\"value\\\":17.65},{\\\"date\\\":\\\"16\\\\\\\/05\\\\\\\/23 \\\",\\\"value\\\":17.85},{\\\"date\\\":\\\"17\\\\\\\/05\\\\\\\/23 \\\",\\\"value\\\":18.1},{\\\"date\\\":\\\"18\\\\\\\/05\\\\\\\/23 \\\",\\\"value\\\":18.08},{\\\"date\\\":\\\"19\\\\\\\/05\\\\\\\/23 \\\",\\\"value\\\":18.02},{\\\"date\\\":\\\"22\\\\\\\/05\\\\\\\/23 \\\",\\\"value\\\":18.03},{\\\"date\\\":\\\"23\\\\\\\/05\\\\\\\/23 \\\",\\\"value\\\":17.76},{\\\"date\\\":\\\"24\\\\\\\/05\\\\\\\/23 \\\",\\\"value\\\":17.39},{\\\"date\\\":\\\"25\\\\\\\/05\\\\\\\/23 \\\",\\\"value\\\":18.08},{\\\"date\\\":\\\"26\\\\\\\/05\\\\\\\/23 \\\",\\\"value\\\":18.48},{\\\"date\\\":\\\"29\\\\\\\/05\\\\\\\/23 \\\",\\\"value\\\":18.81},{\\\"date\\\":\\\"30\\\\\\\/05\\\\\\\/23 \\\",\\\"value\\\":18.88},{\\\"date\\\":\\\"31\\\\\\\/05\\\\\\\/23 \\\",\\\"value\\\":19.02},{\\\"date\\\":\\\"01\\\\\\\/06\\\\\\\/23 \\\",\\\"value\\\":19.46},{\\\"date\\\":\\\"02\\\\\\\/06\\\\\\\/23 \\\",\\\"value\\\":19.49},{\\\"date\\\":\\\"05\\\\\\\/06\\\\\\\/23 \\\",\\\"value\\\":19.45},{\\\"date\\\":\\\"06\\\\\\\/06\\\\\\\/23 \\\",\\\"value\\\":19.55},{\\\"date\\\":\\\"07\\\\\\\/06\\\\\\\/23 \\\",\\\"value\\\":19.24},{\\\"date\\\":\\\"09\\\\\\\/06\\\\\\\/23 \\\",\\\"value\\\":19.51},{\\\"date\\\":\\\"12\\\\\\\/06\\\\\\\/23 \\\",\\\"value\\\":19.67},{\\\"date\\\":\\\"13\\\\\\\/06\\\\\\\/23 \\\",\\\"value\\\":20.08},{\\\"date\\\":\\\"14\\\\\\\/06\\\\\\\/23 \\\",\\\"value\\\":20.4},{\\\"date\\\":\\\"15\\\\\\\/06\\\\\\\/23 \\\",\\\"value\\\":20.55},{\\\"date\\\":\\\"16\\\\\\\/06\\\\\\\/23 \\\",\\\"value\\\":20.13},{\\\"date\\\":\\\"19\\\\\\\/06\\\\\\\/23 \\\",\\\"value\\\":20.2},{\\\"date\\\":\\\"20\\\\\\\/06\\\\\\\/23 \\\",\\\"value\\\":19.26},{\\\"date\\\":\\\"21\\\\\\\/06\\\\\\\/23 \\\",\\\"value\\\":17.83},{\\\"date\\\":\\\"22\\\\\\\/06\\\\\\\/23 \\\",\\\"value\\\":17.27},{\\\"date\\\":\\\"23\\\\\\\/06\\\\\\\/23 \\\",\\\"value\\\":17.31},{\\\"date\\\":\\\"26\\\\\\\/06\\\\\\\/23 \\\",\\\"value\\\":17.06},{\\\"date\\\":\\\"27\\\\\\\/06\\\\\\\/23 \\\",\\\"value\\\":17.43},{\\\"date\\\":\\\"28\\\\\\\/06\\\\\\\/23 \\\",\\\"value\\\":18.18},{\\\"date\\\":\\\"29\\\\\\\/06\\\\\\\/23 \\\",\\\"value\\\":18.43},{\\\"date\\\":\\\"30\\\\\\\/06\\\\\\\/23 \\\",\\\"value\\\":18.54},{\\\"date\\\":\\\"03\\\\\\\/07\\\\\\\/23 \\\",\\\"value\\\":18.4},{\\\"date\\\":\\\"04\\\\\\\/07\\\\\\\/23 \\\",\\\"value\\\":18.3},{\\\"date\\\":\\\"05\\\\\\\/07\\\\\\\/23 \\\",\\\"value\\\":18.75},{\\\"date\\\":\\\"06\\\\\\\/07\\\\\\\/23 \\\",\\\"value\\\":18.6},{\\\"date\\\":\\\"07\\\\\\\/07\\\\\\\/23 \\\",\\\"value\\\":18.23},{\\\"date\\\":\\\"10\\\\\\\/07\\\\\\\/23 \\\",\\\"value\\\":18.13},{\\\"date\\\":\\\"11\\\\\\\/07\\\\\\\/23 \\\",\\\"value\\\":17.98},{\\\"date\\\":\\\"12\\\\\\\/07\\\\\\\/23 \\\",\\\"value\\\":17.72},{\\\"date\\\":\\\"13\\\\\\\/07\\\\\\\/23 \\\",\\\"value\\\":17.96},{\\\"date\\\":\\\"14\\\\\\\/07\\\\\\\/23 \\\",\\\"value\\\":17.45},{\\\"date\\\":\\\"17\\\\\\\/07\\\\\\\/23 \\\",\\\"value\\\":17.5},{\\\"date\\\":\\\"18\\\\\\\/07\\\\\\\/23 \\\",\\\"value\\\":17.32},{\\\"date\\\":\\\"19\\\\\\\/07\\\\\\\/23 \\\",\\\"value\\\":17.39},{\\\"date\\\":\\\"20\\\\\\\/07\\\\\\\/23 \\\",\\\"value\\\":17.18},{\\\"date\\\":\\\"21\\\\\\\/07\\\\\\\/23 \\\",\\\"value\\\":17.61},{\\\"date\\\":\\\"24\\\\\\\/07\\\\\\\/23 \\\",\\\"value\\\":18.38},{\\\"date\\\":\\\"25\\\\\\\/07\\\\\\\/23 \\\",\\\"value\\\":18.22},{\\\"date\\\":\\\"26\\\\\\\/07\\\\\\\/23 \\\",\\\"value\\\":18.2},{\\\"date\\\":\\\"27\\\\\\\/07\\\\\\\/23 \\\",\\\"value\\\":18.13},{\\\"date\\\":\\\"28\\\\\\\/07\\\\\\\/23 \\\",\\\"value\\\":18.37},{\\\"date\\\":\\\"31\\\\\\\/07\\\\\\\/23 \\\",\\\"value\\\":18.51},{\\\"date\\\":\\\"01\\\\\\\/08\\\\\\\/23 \\\",\\\"value\\\":18.75},{\\\"date\\\":\\\"02\\\\\\\/08\\\\\\\/23 \\\",\\\"value\\\":18.67},{\\\"date\\\":\\\"03\\\\\\\/08\\\\\\\/23 \\\",\\\"value\\\":18.42},{\\\"date\\\":\\\"04\\\\\\\/08\\\\\\\/23 \\\",\\\"value\\\":17.5},{\\\"date\\\":\\\"07\\\\\\\/08\\\\\\\/23 \\\",\\\"value\\\":17.88},{\\\"date\\\":\\\"08\\\\\\\/08\\\\\\\/23 \\\",\\\"value\\\":18.03},{\\\"date\\\":\\\"09\\\\\\\/08\\\\\\\/23 \\\",\\\"value\\\":18.03},{\\\"date\\\":\\\"10\\\\\\\/08\\\\\\\/23 \\\",\\\"value\\\":18.03},{\\\"date\\\":\\\"11\\\\\\\/08\\\\\\\/23 \\\",\\\"value\\\":18.46},{\\\"date\\\":\\\"14\\\\\\\/08\\\\\\\/23 \\\",\\\"value\\\":18.22},{\\\"date\\\":\\\"15\\\\\\\/08\\\\\\\/23 \\\",\\\"value\\\":18.22},{\\\"date\\\":\\\"16\\\\\\\/08\\\\\\\/23 \\\",\\\"value\\\":18.21},{\\\"date\\\":\\\"17\\\\\\\/08\\\\\\\/23 \\\",\\\"value\\\":18.4},{\\\"date\\\":\\\"18\\\\\\\/08\\\\\\\/23 \\\",\\\"value\\\":18.69},{\\\"date\\\":\\\"21\\\\\\\/08\\\\\\\/23 \\\",\\\"value\\\":18.73},{\\\"date\\\":\\\"22\\\\\\\/08\\\\\\\/23 \\\",\\\"value\\\":19.13},{\\\"date\\\":\\\"23\\\\\\\/08\\\\\\\/23 \\\",\\\"value\\\":19.36},{\\\"date\\\":\\\"24\\\\\\\/08\\\\\\\/23 \\\",\\\"value\\\":18.7},{\\\"date\\\":\\\"25\\\\\\\/08\\\\\\\/23 \\\",\\\"value\\\":18.49},{\\\"date\\\":\\\"28\\\\\\\/08\\\\\\\/23 \\\",\\\"value\\\":19.02},{\\\"date\\\":\\\"29\\\\\\\/08\\\\\\\/23 \\\",\\\"value\\\":19.05},{\\\"date\\\":\\\"30\\\\\\\/08\\\\\\\/23 \\\",\\\"value\\\":19.32},{\\\"date\\\":\\\"31\\\\\\\/08\\\\\\\/23 \\\",\\\"value\\\":19.49},{\\\"date\\\":\\\"01\\\\\\\/09\\\\\\\/23 \\\",\\\"value\\\":19.8},{\\\"date\\\":\\\"04\\\\\\\/09\\\\\\\/23 \\\",\\\"value\\\":19.98},{\\\"date\\\":\\\"05\\\\\\\/09\\\\\\\/23 \\\",\\\"value\\\":19.44},{\\\"date\\\":\\\"06\\\\\\\/09\\\\\\\/23 \\\",\\\"value\\\":19.41},{\\\"date\\\":\\\"08\\\\\\\/09\\\\\\\/23 \\\",\\\"value\\\":18.44},{\\\"date\\\":\\\"11\\\\\\\/09\\\\\\\/23 \\\",\\\"value\\\":18.32},{\\\"date\\\":\\\"12\\\\\\\/09\\\\\\\/23 \\\",\\\"value\\\":18.11},{\\\"date\\\":\\\"13\\\\\\\/09\\\\\\\/23 \\\",\\\"value\\\":18.27},{\\\"date\\\":\\\"14\\\\\\\/09\\\\\\\/23 \\\",\\\"value\\\":17.79},{\\\"date\\\":\\\"15\\\\\\\/09\\\\\\\/23 \\\",\\\"value\\\":17.72},{\\\"date\\\":\\\"18\\\\\\\/09\\\\\\\/23 \\\",\\\"value\\\":17.95},{\\\"date\\\":\\\"19\\\\\\\/09\\\\\\\/23 \\\",\\\"value\\\":17.55},{\\\"date\\\":\\\"20\\\\\\\/09\\\\\\\/23 \\\",\\\"value\\\":17.92},{\\\"date\\\":\\\"21\\\\\\\/09\\\\\\\/23 \\\",\\\"value\\\":17.56},{\\\"date\\\":\\\"22\\\\\\\/09\\\\\\\/23 \\\",\\\"value\\\":17.55},{\\\"date\\\":\\\"25\\\\\\\/09\\\\\\\/23 \\\",\\\"value\\\":17.1},{\\\"date\\\":\\\"26\\\\\\\/09\\\\\\\/23 \\\",\\\"value\\\":17.12},{\\\"date\\\":\\\"27\\\\\\\/09\\\\\\\/23 \\\",\\\"value\\\":16.95},{\\\"date\\\":\\\"28\\\\\\\/09\\\\\\\/23 \\\",\\\"value\\\":17.15},{\\\"date\\\":\\\"29\\\\\\\/09\\\\\\\/23 \\\",\\\"value\\\":17.22},{\\\"date\\\":\\\"02\\\\\\\/10\\\\\\\/23 \\\",\\\"value\\\":17.15},{\\\"date\\\":\\\"03\\\\\\\/10\\\\\\\/23 \\\",\\\"value\\\":16.92},{\\\"date\\\":\\\"04\\\\\\\/10\\\\\\\/23 \\\",\\\"value\\\":16.71},{\\\"date\\\":\\\"05\\\\\\\/10\\\\\\\/23 \\\",\\\"value\\\":16.67},{\\\"date\\\":\\\"06\\\\\\\/10\\\\\\\/23 \\\",\\\"value\\\":16.72},{\\\"date\\\":\\\"09\\\\\\\/10\\\\\\\/23 \\\",\\\"value\\\":16.8},{\\\"date\\\":\\\"10\\\\\\\/10\\\\\\\/23 \\\",\\\"value\\\":17.39},{\\\"date\\\":\\\"11\\\\\\\/10\\\\\\\/23 \\\",\\\"value\\\":17.47},{\\\"date\\\":\\\"13\\\\\\\/10\\\\\\\/23 \\\",\\\"value\\\":17.01},{\\\"date\\\":\\\"16\\\\\\\/10\\\\\\\/23 \\\",\\\"value\\\":17.59},{\\\"date\\\":\\\"17\\\\\\\/10\\\\\\\/23 \\\",\\\"value\\\":17.69},{\\\"date\\\":\\\"18\\\\\\\/10\\\\\\\/23 \\\",\\\"value\\\":17.83},{\\\"date\\\":\\\"19\\\\\\\/10\\\\\\\/23 \\\",\\\"value\\\":17.83},{\\\"date\\\":\\\"20\\\\\\\/10\\\\\\\/23 \\\",\\\"value\\\":17.75},{\\\"date\\\":\\\"23\\\\\\\/10\\\\\\\/23 \\\",\\\"value\\\":17.9},{\\\"date\\\":\\\"24\\\\\\\/10\\\\\\\/23 \\\",\\\"value\\\":17.79},{\\\"date\\\":\\\"25\\\\\\\/10\\\\\\\/23 \\\",\\\"value\\\":17.65},{\\\"date\\\":\\\"26\\\\\\\/10\\\\\\\/23 \\\",\\\"value\\\":18.03}]\";\n  let isPositive_94c1bb11c6eb94a5379e968d1b9bf633 = \"\";\n\n  let color_94c1bb11c6eb94a5379e968d1b9bf633 = isPositive_94c1bb11c6eb94a5379e968d1b9bf633 ? '#3AB53A' : '#D92C2D';\n\n  let data_94c1bb11c6eb94a5379e968d1b9bf633 = JSON.parse(data_json_94c1bb11c6eb94a5379e968d1b9bf633);\n\n  const result_94c1bb11c6eb94a5379e968d1b9bf633 = {\n    date: [],\n    value: [],\n  };\n\n  data_94c1bb11c6eb94a5379e968d1b9bf633.forEach((item) => {\n    result_94c1bb11c6eb94a5379e968d1b9bf633.date.push(item.date);\n    result_94c1bb11c6eb94a5379e968d1b9bf633.value.push(Number(item.value));\n  });\n\n  let option_94c1bb11c6eb94a5379e968d1b9bf633 = {\n    \/\/ variavel de cor global\n    color: [color_94c1bb11c6eb94a5379e968d1b9bf633],\n    title: {\n      text: '',\n    },\n    tooltip: {\n      trigger: 'axis',\n      axisPointer: {\n        type: 'cross',\n        label: {\n          \/\/ cor dos valores em X e Y\n          backgroundColor: color_94c1bb11c6eb94a5379e968d1b9bf633,\n          formatter: (value) => {\n            if (typeof value.value === 'number') {\n              return Number(value.value).toLocaleString('pt-br', {\n                style: 'currency',\n                currency: 'BRL'\n              });\n            }\n            return value.value;\n          },\n        },\n      },\n      valueFormatter: (value) => Number(value).toLocaleString('pt-br', {\n        style: 'currency',\n        currency: 'BRL'\n      }),\n    },\n    legend: {\n      \/\/ data: ['Valor de Fechamento'],\n      show: false,\n    },\n    toolbox: {\n      feature: {\n        saveAsImage: {\n          show: false,\n        },\n      },\n    },\n    grid: {\n      left: '0px',\n      right: '0px',\n      bottom: '0px',\n      containLabel: true,\n    },\n    xAxis: [{\n      type: 'category',\n      data: result_94c1bb11c6eb94a5379e968d1b9bf633.date,\n      boundaryGap: true,\n    }],\n    yAxis: [{\n      type: 'value',\n      min: Math.min(...result_94c1bb11c6eb94a5379e968d1b9bf633.value),\n      max: Math.max(...result_94c1bb11c6eb94a5379e968d1b9bf633.value),\n      axisLabel: {\n        formatter: (value) => value.toLocaleString('pt-br', {\n          style: 'currency',\n          currency: 'BRL'\n        }),\n      },\n    }],\n    series: [{\n      name: 'Valor de Fechamento',\n      type: 'line',\n      stack: 'Total',\n      \/\/ cor do grafico\n      areaStyle: {},\n      emphasis: {\n        focus: 'series',\n      },\n      data: result_94c1bb11c6eb94a5379e968d1b9bf633.value,\n      \/\/ cor da linha\n      lineStyle: {\n        color: color_94c1bb11c6eb94a5379e968d1b9bf633,\n      },\n    }, ],\n  };\n\n\twindow.chart_94c1bb11c6eb94a5379e968d1b9bf633 = {\n\t\tel: chart_94c1bb11c6eb94a5379e968d1b9bf633,\n\t\toption: option_94c1bb11c6eb94a5379e968d1b9bf633\t};\n\n\n<\/script>\n\n\n\n<h2 class=\"wp-block-heading\">Embraer: E175 tem autonomia de voo de 4 mil quil\u00f4metros<\/h2>\n\n\n\n<p>\u201cA SkyWest j\u00e1 \u00e9 a maior <strong>operadora do E175<\/strong> no mundo. Quando as entregas forem conclu\u00eddas, teremos mais de 250 jatos desse modelo. Esperamos continuar avan\u00e7ando para oferecer uma experi\u00eancia de voo mais confort\u00e1vel e s\u00f3lida aos nossos clientes\u201d, afirmou Chip Childs, presidente da SkyWest.<\/p>\n\n\n\n<p>\u201cEstamos satisfeitos com a evolu\u00e7\u00e3o de nossa excelente parceria com a SkyWest. O E175 \u00e9 uma aeronave muito vers\u00e1til e \u00e9 a espinha dorsal da avia\u00e7\u00e3o regional norte-americana\u201d, completou Martyn Holmes, CCO da Embraer Avia\u00e7\u00e3o Comercial.<\/p>\n\n\n\t<p>\n\t\t<a href=\"https:\/\/lp.suno.com.br\/ebook-como-analisar-uma-acao\/\" target=\"_blank\" data-element=\"shortcode-suno-banner\" title=\"Banner SUNO, clique e saiba mais\">\n\t\t\t<picture>\n\t\t\t\t<source media=\"(max-width: 500px)\" srcset=\"https:\/\/files.sunoresearch.com.br\/n\/uploads\/2023\/03\/Ebook-Acoes-Mobile.jpg\">\n\t\t\t\t<img class=\"newsContent__article__imgCapa newsContent__article__imgCapa--banner\"\n\t\t\t\t\tsrc=\"https:\/\/files.sunoresearch.com.br\/n\/uploads\/2023\/03\/Ebook-Acoes-Desktop.jpg\"\n\t\t\t\t\tdata-promo-id=\"378302\"\t\t\t\t\t\t\t\t\t\twidth='1420' height='286'\t\t\t\t\talt=\"https:\/\/files.sunoresearch.com.br\/n\/uploads\/2023\/03\/Ebook-Acoes-Desktop.jpg\"\n\t\t\t\t>\n\t\t\t<\/picture>\n\t\t<\/a>\n\t<\/p>\n\n\n\n\n\n<p>A SkyWest opera e mant\u00e9m aeronaves usadas em voos programados, comercializados e vendidos por companhias a\u00e9reas parceiras, como a United. \u00c9 uma <strong>companhia a\u00e9rea<\/strong> que opera voos regionais nos Estados Unidos e sua sede fica na cidade de St. George, em Utah.<\/p>\n\n\n\n<p>O E175 tem autonomia de voo de 4 mil quil\u00f4metros, 32 metros de comprimento, velocidade de cruzeiro de 875 km\/h e opera com motores General Electric CF34. \u00c9 um birreator com fuselagem &#8220;double-bubble&#8221;, quatro assentos por fileira, de dois a dois, concebido para maximizar o conforto dos passageiros.<\/p>\n\n\n\n<p>A fam\u00edlia de avi\u00f5es <strong>Embraer <\/strong>170\/190 tem como alvo o segmento de mercado voltado \u00e0s companhias a\u00e9reas que necessitam de avi\u00f5es de 70 a 124 passageiros.<\/p>\n\n\n\t<p>\n\t\t<a href=\"https:\/\/lp.suno.com.br\/planilha-da-vida-financeira\/\" target=\"_blank\" data-element=\"shortcode-suno-banner\" title=\"Banner SUNO, clique e saiba mais\">\n\t\t\t<picture>\n\t\t\t\t<source media=\"(max-width: 500px)\" srcset=\"https:\/\/files.sunoresearch.com.br\/n\/uploads\/2023\/04\/400x300-Planilha-vida-financeira-true.png\">\n\t\t\t\t<img class=\"newsContent__article__imgCapa newsContent__article__imgCapa--banner\"\n\t\t\t\t\tsrc=\"https:\/\/files.sunoresearch.com.br\/n\/uploads\/2023\/04\/1420x240-Planilha-vida-financeira-true.png\"\n\t\t\t\t\tdata-promo-id=\"383123\"\t\t\t\t\t\t\t\t\t\twidth='1420' height='240'\t\t\t\t\talt=\"https:\/\/files.sunoresearch.com.br\/n\/uploads\/2023\/04\/1420x240-Planilha-vida-financeira-true.png\"\n\t\t\t\t>\n\t\t\t<\/picture>\n\t\t<\/a>\n\t<\/p>\n\n\n","protected":false},"excerpt":{"rendered":"<p>A Embraer (EMBR3) anunciou um acordo para vender 19 novas aeronaves comerciais do tipo E175 para a companhia a\u00e9rea SkyWest, mas as novas aeronaves ir\u00e3o integrar a malha da United Airlines (U1AL34), que j\u00e1 conta com 90 E175 em opera\u00e7\u00e3o. Embraer (EMBR3). Foto: Divulga\u00e7\u00e3o O valor do contrato com a SkyWest, que foi inclu\u00eddo na [&hellip;]<\/p>\n","protected":false},"author":43,"featured_media":330234,"comment_status":"closed","ping_status":"closed","sticky":false,"template":"","format":"standard","meta":[],"categories":[64],"tags":[106051,460,2248],"suno_strategy":[],"class_list":["post-477180","post","type-post","status-publish","format-standard","has-post-thumbnail","hentry","category-negocios","tag-aviacao","tag-embraer-embr3","tag-united-airlines-u1al34"],"yoast_head":"<!-- This site is optimized with the Yoast SEO plugin v24.4 - https:\/\/yoast.com\/wordpress\/plugins\/seo\/ -->\n<title>Embraer (EMBR3): SkyWest encomenda 19 avi\u00f5es comerciais<\/title>\n<meta name=\"description\" content=\"Valor do contrato \u00e9 de US$ 1,1 bilh\u00e3o. Entregas da Embraer crescem 30% e chegam a 43 aeronaves no 3\u00ba trimestre de 2023\" \/>\n<meta name=\"robots\" content=\"index, follow, max-snippet:-1, max-image-preview:large, max-video-preview:-1\" \/>\n<link rel=\"canonical\" href=\"https:\/\/www.suno.com.br\/noticias\/embraer-embr3-skywest-encomenda-1avioes-comerciais-ar\/\" \/>\n<meta property=\"og:locale\" content=\"pt_BR\" \/>\n<meta property=\"og:type\" content=\"article\" \/>\n<meta property=\"og:title\" content=\"Embraer (EMBR3): SkyWest encomenda 19 avi\u00f5es comerciais\" \/>\n<meta property=\"og:description\" content=\"Valor do contrato \u00e9 de US$ 1,1 bilh\u00e3o. Entregas da Embraer crescem 30% e chegam a 43 aeronaves no 3\u00ba trimestre de 2023\" \/>\n<meta property=\"og:url\" content=\"https:\/\/www.suno.com.br\/noticias\/embraer-embr3-skywest-encomenda-1avioes-comerciais-ar\/\" \/>\n<meta property=\"og:site_name\" content=\"Suno Not\u00edcias\" \/>\n<meta property=\"article:publisher\" content=\"https:\/\/facebook.com\/sunoresearch\" \/>\n<meta property=\"article:author\" content=\"https:\/\/www.facebook.com\/sunonoticias\/\" \/>\n<meta property=\"og:image\" content=\"https:\/\/files.sunoresearch.com.br\/n\/uploads\/2022\/12\/embraer-embr3-.jpg\" \/>\n\t<meta property=\"og:image:width\" content=\"1200\" \/>\n\t<meta property=\"og:image:height\" content=\"800\" \/>\n\t<meta property=\"og:image:type\" content=\"image\/jpeg\" \/>\n<meta name=\"author\" content=\"Reda\u00e7\u00e3o Suno Not\u00edcias\" \/>\n<meta name=\"twitter:card\" content=\"summary_large_image\" \/>\n<meta name=\"twitter:creator\" content=\"@https:\/\/twitter.com\/sunoresearch\" \/>\n<meta name=\"twitter:site\" content=\"@sunoresearch\" \/>\n<meta name=\"twitter:label1\" content=\"Escrito por\" \/>\n\t<meta name=\"twitter:data1\" content=\"Reda\u00e7\u00e3o Suno Not\u00edcias\" \/>\n\t<meta name=\"twitter:label2\" content=\"Est. tempo de leitura\" \/>\n\t<meta name=\"twitter:data2\" content=\"2 minutos\" \/>\n<script type=\"application\/ld+json\" class=\"yoast-schema-graph\">{\"@context\":\"https:\/\/schema.org\",\"@graph\":[{\"@type\":\"NewsArticle\",\"@id\":\"https:\/\/www.suno.com.br\/noticias\/embraer-embr3-skywest-encomenda-1avioes-comerciais-ar\/#article\",\"isPartOf\":{\"@id\":\"https:\/\/www.suno.com.br\/noticias\/embraer-embr3-skywest-encomenda-1avioes-comerciais-ar\/\"},\"author\":{\"name\":\"Reda\u00e7\u00e3o Suno Not\u00edcias\",\"@id\":\"https:\/\/www.suno.com.br\/noticias\/#\/schema\/person\/c1b1bd3727fa852bd045e9dbff3673ea\"},\"headline\":\"Embraer (EMBR3): SkyWest encomenda 19 avi\u00f5es comerciais para opera\u00e7\u00e3o com United Airlines (U1AL34)\",\"datePublished\":\"2023-10-26T23:31:04+00:00\",\"dateModified\":\"2023-10-26T23:41:10+00:00\",\"mainEntityOfPage\":{\"@id\":\"https:\/\/www.suno.com.br\/noticias\/embraer-embr3-skywest-encomenda-1avioes-comerciais-ar\/\"},\"wordCount\":366,\"publisher\":{\"@id\":\"https:\/\/www.suno.com.br\/noticias\/#organization\"},\"image\":{\"@id\":\"https:\/\/www.suno.com.br\/noticias\/embraer-embr3-skywest-encomenda-1avioes-comerciais-ar\/#primaryimage\"},\"thumbnailUrl\":\"https:\/\/files.sunoresearch.com.br\/n\/uploads\/2022\/12\/embraer-embr3-.jpg\",\"keywords\":[\"avia\u00e7\u00e3o\",\"Embraer (EMBR3)\",\"United Airlines (U1AL34)\"],\"articleSection\":[\"Neg\u00f3cios\"],\"inLanguage\":\"pt-BR\"},{\"@type\":\"WebPage\",\"@id\":\"https:\/\/www.suno.com.br\/noticias\/embraer-embr3-skywest-encomenda-1avioes-comerciais-ar\/\",\"url\":\"https:\/\/www.suno.com.br\/noticias\/embraer-embr3-skywest-encomenda-1avioes-comerciais-ar\/\",\"name\":\"Embraer (EMBR3): SkyWest encomenda 19 avi\u00f5es comerciais\",\"isPartOf\":{\"@id\":\"https:\/\/www.suno.com.br\/noticias\/#website\"},\"primaryImageOfPage\":{\"@id\":\"https:\/\/www.suno.com.br\/noticias\/embraer-embr3-skywest-encomenda-1avioes-comerciais-ar\/#primaryimage\"},\"image\":{\"@id\":\"https:\/\/www.suno.com.br\/noticias\/embraer-embr3-skywest-encomenda-1avioes-comerciais-ar\/#primaryimage\"},\"thumbnailUrl\":\"https:\/\/files.sunoresearch.com.br\/n\/uploads\/2022\/12\/embraer-embr3-.jpg\",\"datePublished\":\"2023-10-26T23:31:04+00:00\",\"dateModified\":\"2023-10-26T23:41:10+00:00\",\"description\":\"Valor do contrato \u00e9 de US$ 1,1 bilh\u00e3o. Entregas da Embraer crescem 30% e chegam a 43 aeronaves no 3\u00ba trimestre de 2023\",\"breadcrumb\":{\"@id\":\"https:\/\/www.suno.com.br\/noticias\/embraer-embr3-skywest-encomenda-1avioes-comerciais-ar\/#breadcrumb\"},\"inLanguage\":\"pt-BR\",\"potentialAction\":[{\"@type\":\"ReadAction\",\"target\":[\"https:\/\/www.suno.com.br\/noticias\/embraer-embr3-skywest-encomenda-1avioes-comerciais-ar\/\"]}]},{\"@type\":\"ImageObject\",\"inLanguage\":\"pt-BR\",\"@id\":\"https:\/\/www.suno.com.br\/noticias\/embraer-embr3-skywest-encomenda-1avioes-comerciais-ar\/#primaryimage\",\"url\":\"https:\/\/files.sunoresearch.com.br\/n\/uploads\/2022\/12\/embraer-embr3-.jpg\",\"contentUrl\":\"https:\/\/files.sunoresearch.com.br\/n\/uploads\/2022\/12\/embraer-embr3-.jpg\",\"width\":1200,\"height\":800,\"caption\":\"Embraer (EMBR3). Foto: Divulga\u00e7\u00e3o\"},{\"@type\":\"BreadcrumbList\",\"@id\":\"https:\/\/www.suno.com.br\/noticias\/embraer-embr3-skywest-encomenda-1avioes-comerciais-ar\/#breadcrumb\",\"itemListElement\":[{\"@type\":\"ListItem\",\"position\":1,\"name\":\"Not\u00edcias\",\"item\":\"https:\/\/www.suno.com.br\/noticias\/\"},{\"@type\":\"ListItem\",\"position\":2,\"name\":\"Neg\u00f3cios\",\"item\":\"https:\/\/www.suno.com.br\/noticias\/negocios\/\"},{\"@type\":\"ListItem\",\"position\":3,\"name\":\"Embraer (EMBR3): SkyWest encomenda 19 avi\u00f5es comerciais para opera\u00e7\u00e3o com United Airlines (U1AL34)\"}]},{\"@type\":\"WebSite\",\"@id\":\"https:\/\/www.suno.com.br\/noticias\/#website\",\"url\":\"https:\/\/www.suno.com.br\/noticias\/\",\"name\":\"Suno Not\u00edcias\",\"description\":\"Seu portal de informa\u00e7\u00e3o sobre o mundo dos investimentos\",\"publisher\":{\"@id\":\"https:\/\/www.suno.com.br\/noticias\/#organization\"},\"potentialAction\":[{\"@type\":\"SearchAction\",\"target\":{\"@type\":\"EntryPoint\",\"urlTemplate\":\"https:\/\/www.suno.com.br\/noticias\/?s={search_term_string}\"},\"query-input\":{\"@type\":\"PropertyValueSpecification\",\"valueRequired\":true,\"valueName\":\"search_term_string\"}}],\"inLanguage\":\"pt-BR\"},{\"@type\":\"Organization\",\"@id\":\"https:\/\/www.suno.com.br\/noticias\/#organization\",\"name\":\"Suno Not\u00edcias\",\"url\":\"https:\/\/www.suno.com.br\/noticias\/\",\"logo\":{\"@type\":\"ImageObject\",\"inLanguage\":\"pt-BR\",\"@id\":\"https:\/\/www.suno.com.br\/noticias\/#\/schema\/logo\/image\/\",\"url\":\"https:\/\/files.sunoresearch.com.br\/n\/uploads\/2021\/09\/suno-logo.png\",\"contentUrl\":\"https:\/\/files.sunoresearch.com.br\/n\/uploads\/2021\/09\/suno-logo.png\",\"width\":180,\"height\":180,\"caption\":\"Suno Not\u00edcias\"},\"image\":{\"@id\":\"https:\/\/www.suno.com.br\/noticias\/#\/schema\/logo\/image\/\"},\"sameAs\":[\"https:\/\/facebook.com\/sunoresearch\",\"https:\/\/x.com\/sunoresearch\",\"https:\/\/www.instagram.com\/suno\",\"https:\/\/www.linkedin.com\/company\/suno-research\/\",\"https:\/\/www.youtube.com\/c\/sunoresearch\"]},{\"@type\":\"Person\",\"@id\":\"https:\/\/www.suno.com.br\/noticias\/#\/schema\/person\/c1b1bd3727fa852bd045e9dbff3673ea\",\"name\":\"Reda\u00e7\u00e3o Suno Not\u00edcias\",\"image\":{\"@type\":\"ImageObject\",\"inLanguage\":\"pt-BR\",\"@id\":\"https:\/\/www.suno.com.br\/noticias\/#\/schema\/person\/image\/\",\"url\":\"https:\/\/secure.gravatar.com\/avatar\/b8104b9b5a71985d5238ee59fbe418af?s=96&r=g\",\"contentUrl\":\"https:\/\/secure.gravatar.com\/avatar\/b8104b9b5a71985d5238ee59fbe418af?s=96&r=g\",\"caption\":\"Reda\u00e7\u00e3o Suno Not\u00edcias\"},\"description\":\"O Suno Not\u00edcias \u00e9 um portal de informa\u00e7\u00f5es sobre Mercado Financeiro, Pol\u00edtica, Neg\u00f3cios, Economia e Finan\u00e7as Pessoais.\",\"sameAs\":[\"https:\/\/www.suno.com.br\/noticias\",\"https:\/\/www.facebook.com\/sunonoticias\/\",\"https:\/\/www.instagram.com\/sunonoticias\/\",\"https:\/\/x.com\/https:\/\/twitter.com\/sunoresearch\",\"https:\/\/www.youtube.com\/sunonoticias\"],\"url\":\"https:\/\/www.suno.com.br\/noticias\/author\/redacao-suno\/\"}]}<\/script>\n<!-- \/ Yoast SEO plugin. -->","yoast_head_json":{"title":"Embraer (EMBR3): SkyWest encomenda 19 avi\u00f5es comerciais","description":"Valor do contrato \u00e9 de US$ 1,1 bilh\u00e3o. Entregas da Embraer crescem 30% e chegam a 43 aeronaves no 3\u00ba trimestre de 2023","robots":{"index":"index","follow":"follow","max-snippet":"max-snippet:-1","max-image-preview":"max-image-preview:large","max-video-preview":"max-video-preview:-1"},"canonical":"https:\/\/www.suno.com.br\/noticias\/embraer-embr3-skywest-encomenda-1avioes-comerciais-ar\/","og_locale":"pt_BR","og_type":"article","og_title":"Embraer (EMBR3): SkyWest encomenda 19 avi\u00f5es comerciais","og_description":"Valor do contrato \u00e9 de US$ 1,1 bilh\u00e3o. Entregas da Embraer crescem 30% e chegam a 43 aeronaves no 3\u00ba trimestre de 2023","og_url":"https:\/\/www.suno.com.br\/noticias\/embraer-embr3-skywest-encomenda-1avioes-comerciais-ar\/","og_site_name":"Suno Not\u00edcias","article_publisher":"https:\/\/facebook.com\/sunoresearch","article_author":"https:\/\/www.facebook.com\/sunonoticias\/","og_image":[{"width":1200,"height":800,"url":"https:\/\/files.sunoresearch.com.br\/n\/uploads\/2022\/12\/embraer-embr3-.jpg","type":"image\/jpeg"}],"author":"Reda\u00e7\u00e3o Suno Not\u00edcias","twitter_card":"summary_large_image","twitter_creator":"@https:\/\/twitter.com\/sunoresearch","twitter_site":"@sunoresearch","twitter_misc":{"Escrito por":"Reda\u00e7\u00e3o Suno Not\u00edcias","Est. tempo de leitura":"2 minutos"},"schema":{"@context":"https:\/\/schema.org","@graph":[{"@type":"NewsArticle","@id":"https:\/\/www.suno.com.br\/noticias\/embraer-embr3-skywest-encomenda-1avioes-comerciais-ar\/#article","isPartOf":{"@id":"https:\/\/www.suno.com.br\/noticias\/embraer-embr3-skywest-encomenda-1avioes-comerciais-ar\/"},"author":{"name":"Reda\u00e7\u00e3o Suno Not\u00edcias","@id":"https:\/\/www.suno.com.br\/noticias\/#\/schema\/person\/c1b1bd3727fa852bd045e9dbff3673ea"},"headline":"Embraer (EMBR3): SkyWest encomenda 19 avi\u00f5es comerciais para opera\u00e7\u00e3o com United Airlines (U1AL34)","datePublished":"2023-10-26T23:31:04+00:00","dateModified":"2023-10-26T23:41:10+00:00","mainEntityOfPage":{"@id":"https:\/\/www.suno.com.br\/noticias\/embraer-embr3-skywest-encomenda-1avioes-comerciais-ar\/"},"wordCount":366,"publisher":{"@id":"https:\/\/www.suno.com.br\/noticias\/#organization"},"image":{"@id":"https:\/\/www.suno.com.br\/noticias\/embraer-embr3-skywest-encomenda-1avioes-comerciais-ar\/#primaryimage"},"thumbnailUrl":"https:\/\/files.sunoresearch.com.br\/n\/uploads\/2022\/12\/embraer-embr3-.jpg","keywords":["avia\u00e7\u00e3o","Embraer (EMBR3)","United Airlines (U1AL34)"],"articleSection":["Neg\u00f3cios"],"inLanguage":"pt-BR"},{"@type":"WebPage","@id":"https:\/\/www.suno.com.br\/noticias\/embraer-embr3-skywest-encomenda-1avioes-comerciais-ar\/","url":"https:\/\/www.suno.com.br\/noticias\/embraer-embr3-skywest-encomenda-1avioes-comerciais-ar\/","name":"Embraer (EMBR3): SkyWest encomenda 19 avi\u00f5es comerciais","isPartOf":{"@id":"https:\/\/www.suno.com.br\/noticias\/#website"},"primaryImageOfPage":{"@id":"https:\/\/www.suno.com.br\/noticias\/embraer-embr3-skywest-encomenda-1avioes-comerciais-ar\/#primaryimage"},"image":{"@id":"https:\/\/www.suno.com.br\/noticias\/embraer-embr3-skywest-encomenda-1avioes-comerciais-ar\/#primaryimage"},"thumbnailUrl":"https:\/\/files.sunoresearch.com.br\/n\/uploads\/2022\/12\/embraer-embr3-.jpg","datePublished":"2023-10-26T23:31:04+00:00","dateModified":"2023-10-26T23:41:10+00:00","description":"Valor do contrato \u00e9 de US$ 1,1 bilh\u00e3o. Entregas da Embraer crescem 30% e chegam a 43 aeronaves no 3\u00ba trimestre de 2023","breadcrumb":{"@id":"https:\/\/www.suno.com.br\/noticias\/embraer-embr3-skywest-encomenda-1avioes-comerciais-ar\/#breadcrumb"},"inLanguage":"pt-BR","potentialAction":[{"@type":"ReadAction","target":["https:\/\/www.suno.com.br\/noticias\/embraer-embr3-skywest-encomenda-1avioes-comerciais-ar\/"]}]},{"@type":"ImageObject","inLanguage":"pt-BR","@id":"https:\/\/www.suno.com.br\/noticias\/embraer-embr3-skywest-encomenda-1avioes-comerciais-ar\/#primaryimage","url":"https:\/\/files.sunoresearch.com.br\/n\/uploads\/2022\/12\/embraer-embr3-.jpg","contentUrl":"https:\/\/files.sunoresearch.com.br\/n\/uploads\/2022\/12\/embraer-embr3-.jpg","width":1200,"height":800,"caption":"Embraer (EMBR3). Foto: Divulga\u00e7\u00e3o"},{"@type":"BreadcrumbList","@id":"https:\/\/www.suno.com.br\/noticias\/embraer-embr3-skywest-encomenda-1avioes-comerciais-ar\/#breadcrumb","itemListElement":[{"@type":"ListItem","position":1,"name":"Not\u00edcias","item":"https:\/\/www.suno.com.br\/noticias\/"},{"@type":"ListItem","position":2,"name":"Neg\u00f3cios","item":"https:\/\/www.suno.com.br\/noticias\/negocios\/"},{"@type":"ListItem","position":3,"name":"Embraer (EMBR3): SkyWest encomenda 19 avi\u00f5es comerciais para opera\u00e7\u00e3o com United Airlines (U1AL34)"}]},{"@type":"WebSite","@id":"https:\/\/www.suno.com.br\/noticias\/#website","url":"https:\/\/www.suno.com.br\/noticias\/","name":"Suno Not\u00edcias","description":"Seu portal de informa\u00e7\u00e3o sobre o mundo dos investimentos","publisher":{"@id":"https:\/\/www.suno.com.br\/noticias\/#organization"},"potentialAction":[{"@type":"SearchAction","target":{"@type":"EntryPoint","urlTemplate":"https:\/\/www.suno.com.br\/noticias\/?s={search_term_string}"},"query-input":{"@type":"PropertyValueSpecification","valueRequired":true,"valueName":"search_term_string"}}],"inLanguage":"pt-BR"},{"@type":"Organization","@id":"https:\/\/www.suno.com.br\/noticias\/#organization","name":"Suno Not\u00edcias","url":"https:\/\/www.suno.com.br\/noticias\/","logo":{"@type":"ImageObject","inLanguage":"pt-BR","@id":"https:\/\/www.suno.com.br\/noticias\/#\/schema\/logo\/image\/","url":"https:\/\/files.sunoresearch.com.br\/n\/uploads\/2021\/09\/suno-logo.png","contentUrl":"https:\/\/files.sunoresearch.com.br\/n\/uploads\/2021\/09\/suno-logo.png","width":180,"height":180,"caption":"Suno Not\u00edcias"},"image":{"@id":"https:\/\/www.suno.com.br\/noticias\/#\/schema\/logo\/image\/"},"sameAs":["https:\/\/facebook.com\/sunoresearch","https:\/\/x.com\/sunoresearch","https:\/\/www.instagram.com\/suno","https:\/\/www.linkedin.com\/company\/suno-research\/","https:\/\/www.youtube.com\/c\/sunoresearch"]},{"@type":"Person","@id":"https:\/\/www.suno.com.br\/noticias\/#\/schema\/person\/c1b1bd3727fa852bd045e9dbff3673ea","name":"Reda\u00e7\u00e3o Suno Not\u00edcias","image":{"@type":"ImageObject","inLanguage":"pt-BR","@id":"https:\/\/www.suno.com.br\/noticias\/#\/schema\/person\/image\/","url":"https:\/\/secure.gravatar.com\/avatar\/b8104b9b5a71985d5238ee59fbe418af?s=96&r=g","contentUrl":"https:\/\/secure.gravatar.com\/avatar\/b8104b9b5a71985d5238ee59fbe418af?s=96&r=g","caption":"Reda\u00e7\u00e3o Suno Not\u00edcias"},"description":"O Suno Not\u00edcias \u00e9 um portal de informa\u00e7\u00f5es sobre Mercado Financeiro, Pol\u00edtica, Neg\u00f3cios, Economia e Finan\u00e7as Pessoais.","sameAs":["https:\/\/www.suno.com.br\/noticias","https:\/\/www.facebook.com\/sunonoticias\/","https:\/\/www.instagram.com\/sunonoticias\/","https:\/\/x.com\/https:\/\/twitter.com\/sunoresearch","https:\/\/www.youtube.com\/sunonoticias"],"url":"https:\/\/www.suno.com.br\/noticias\/author\/redacao-suno\/"}]}},"default_loop_html":"<div class=\"cardsPage__listCard__boxs\"><div class=\"cardsPage__listCard__boxs__img\"><a href=\"https:\/\/www.suno.com.br\/noticias\/embraer-embr3-skywest-encomenda-1avioes-comerciais-ar\/\"><img class=\"mask\" src=\"https:\/\/www.suno.com.br\/noticias\/wp-content\/themes\/suno\/resources\/images\/spotlight\/spotlight1img\/bg-mask.png\" alt=\"Image Mask\"\/><img src=\"https:\/\/files.sunoresearch.com.br\/n\/uploads\/2022\/12\/embraer-embr3--400x200.jpg\" alt=\"Embraer (EMBR3): SkyWest encomenda 19 avi\u00f5es comerciais para opera\u00e7\u00e3o com United Airlines (U1AL34)\"\/><\/a><span class=\"spotlightCategory\"><a href=\"https:\/\/www.suno.com.br\/noticias\/negocios\/\">Neg\u00f3cios<\/a><\/span><\/div><div class=\"cardsPage__listCard__boxs__content\"><a href=\"https:\/\/www.suno.com.br\/noticias\/embraer-embr3-skywest-encomenda-1avioes-comerciais-ar\/\"><h2 class=\"content__title\">Embraer (EMBR3): SkyWest encomenda 19 avi\u00f5es comerciais para opera\u00e7\u00e3o com United Airlines (U1AL34)<\/h2><\/a><div class=\"newsContent__article__meta\"><div class=\"newsContent__article__meta__authorBox\"><a href=\"https:\/\/www.suno.com.br\/noticias\/author\/redacao-suno\/\" class=\"authorBox__avatar noMobi\"><img src=\"https:\/\/files.sunoresearch.com.br\/n\/uploads\/2020\/08\/0ace682d-redacao-1-150x150.webp\" alt=\"Reda\u00e7\u00e3o Suno Not\u00edcias\"><\/a><div class=\"authorBox__name\"><span>por\n\t\t\t<a href=\"https:\/\/www.suno.com.br\/noticias\/author\/redacao-suno\/\"><span itemprop=\"author\">Reda\u00e7\u00e3o Suno Not\u00edcias<\/span><\/a><\/span><time datetime=\"2023-10-26T20:31:04-03:00\" itemprop=\"datePublished\">26\/10\/2023 20:31<\/time><\/div><\/div><\/div><\/div><\/div>","single_layout":"posts","amp_enabled":true,"_links":{"self":[{"href":"https:\/\/www.suno.com.br\/noticias\/wp-json\/wp\/v2\/posts\/477180"}],"collection":[{"href":"https:\/\/www.suno.com.br\/noticias\/wp-json\/wp\/v2\/posts"}],"about":[{"href":"https:\/\/www.suno.com.br\/noticias\/wp-json\/wp\/v2\/types\/post"}],"author":[{"embeddable":true,"href":"https:\/\/www.suno.com.br\/noticias\/wp-json\/wp\/v2\/users\/43"}],"replies":[{"embeddable":true,"href":"https:\/\/www.suno.com.br\/noticias\/wp-json\/wp\/v2\/comments?post=477180"}],"version-history":[{"count":2,"href":"https:\/\/www.suno.com.br\/noticias\/wp-json\/wp\/v2\/posts\/477180\/revisions"}],"predecessor-version":[{"id":477237,"href":"https:\/\/www.suno.com.br\/noticias\/wp-json\/wp\/v2\/posts\/477180\/revisions\/477237"}],"wp:featuredmedia":[{"embeddable":true,"href":"https:\/\/www.suno.com.br\/noticias\/wp-json\/wp\/v2\/media\/330234"}],"wp:attachment":[{"href":"https:\/\/www.suno.com.br\/noticias\/wp-json\/wp\/v2\/media?parent=477180"}],"wp:term":[{"taxonomy":"category","embeddable":true,"href":"https:\/\/www.suno.com.br\/noticias\/wp-json\/wp\/v2\/categories?post=477180"},{"taxonomy":"post_tag","embeddable":true,"href":"https:\/\/www.suno.com.br\/noticias\/wp-json\/wp\/v2\/tags?post=477180"},{"taxonomy":"suno_strategy","embeddable":true,"href":"https:\/\/www.suno.com.br\/noticias\/wp-json\/wp\/v2\/suno_strategy?post=477180"}],"curies":[{"name":"wp","href":"https:\/\/api.w.org\/{rel}","templated":true}]}}