{"id":476868,"date":"2023-10-26T11:39:13","date_gmt":"2023-10-26T14:39:13","guid":{"rendered":"https:\/\/www.suno.com.br\/noticias\/?p=476868"},"modified":"2023-10-26T11:53:34","modified_gmt":"2023-10-26T14:53:34","slug":"magazine-luiza-mglu3-casas-bahia-bhia3-ibovespa-gpj-3","status":"publish","type":"post","link":"https:\/\/www.suno.com.br\/noticias\/magazine-luiza-mglu3-casas-bahia-bhia3-ibovespa-gpj-3\/","title":{"rendered":"Magazine Luiza (MGLU3), Casas Bahia (BHIA3) e outras varejistas disparam no Ibovespa hoje; saiba por qu\u00ea"},"content":{"rendered":"<p>As a\u00e7\u00f5es de <a href=\"https:\/\/www.suno.com.br\/acoes\/MGLU3\/\"><strong>Magazine Luiza <\/strong>(MGLU3)<\/a> e Casas Bahia (BHIA3) disparam nesta quinta-feira (26) no Ibovespa, liderando os ganhos do \u00edndice.<\/p>\t<div class=\"wrapper-featured-image\">\n\t\t<figure class=\"spotlightImg\">\n\n\t\t\t<picture>\n\t\t\t\t<source media=\"(max-width: 768px)\" srcset=\"https:\/\/files.sunoresearch.com.br\/n\/uploads\/2023\/03\/via-viia3-magalu-mglu3-avatares-fotos-divulgacao-400x200.jpg\">\n\t\t\t\t<img loading=\"lazy\" decoding=\"async\" class=\"newsContent__article__imgCapa lazyloadDisabled \" src=\"https:\/\/files.sunoresearch.com.br\/n\/uploads\/2023\/03\/via-viia3-magalu-mglu3-avatares-fotos-divulgacao-800x450.jpg\" width=\"800\" height=\"450\" alt=\"Magazine Luiza (MGLU3), Casas Bahia (BHIA3) e outras varejistas disparam no Ibovespa hoje; saiba por qu\u00ea\" fetchpriority=high \/>\n\t\t\t<\/picture>\n\n\t\t\t<figcaption class=\"wp-caption-text wp-caption-text--show\">Magazine Luiza (MGLU3) e Casas Bahia (BHIA3). Foto: Divulga\u00e7\u00e3o<\/figcaption>\n\t\t<\/figure>\n\t<\/div>\n\n\n\n\n\n\n\n\t<p>\n\t\t<a href=\"\" target=\"_blank\" data-element=\"shortcode-suno-banner\" title=\"Banner SUNO, clique e saiba mais\">\n\t\t\t<picture>\n\t\t\t\t<source media=\"(max-width: 500px)\" srcset=\"\">\n\t\t\t\t<img class=\"newsContent__article__imgCapa newsContent__article__imgCapa--banner\"\n\t\t\t\t\tsrc=\"\"\n\t\t\t\t\tdata-promo-id=\"250704\"\t\t\t\t\t\t\t\t\t\t\t\t\t\t\talt=\"\"\n\t\t\t\t>\n\t\t\t<\/picture>\n\t\t<\/a>\n\t<\/p>\n\n\n\n\n\n<p>Os <strong>pap\u00e9is das varejistas<\/strong>, sendo mais sens\u00edveis aos ciclos econ\u00f4micos, sobem influenciadas pela divulga\u00e7\u00e3o do <strong>IPCA-15<\/strong> hoje pelo IBGE, que desacelerou em outubro comparado \u00e0 setembro.<\/p>\n\n\n\n<p>Perto das 11h40, as <a href=\"https:\/\/www.suno.com.br\/artigos\/o-que-sao-acoes-ordinarias-preferenciais-e-units\/\">a\u00e7\u00f5es ordin\u00e1rias<\/a> de <a href=\"https:\/\/www.suno.com.br\/acoes\/MGLU3\/\">Magazine Luiza (MGLU3)<\/a> subiam 2,78%, cotadas a R$ 1,48, enquanto as <strong>a\u00e7\u00f5es ordin\u00e1rias de Casas Bahia<\/strong> (BHIA3) avan\u00e7avam 4,17%, a R$ 0,50. Neste sentido, outras empresas ligadas ao setor de consumo tamb\u00e9m subiam em bloco. Confira:<\/p>\n\n\n\n<ul class=\"wp-block-list\">\n<li><strong>Assa\u00ed (ASAI3)<\/strong>: alta de 6,17%, a R$ 11,71;<\/li>\n\n\n\n<li><strong>P\u00e3o de A\u00e7\u00facar (PCAR3)<\/strong>: alta de 2,74%, a R$ 3,37;<\/li>\n\n\n\n<li><strong>Carrefour Brasil (CRFB3)<\/strong>: alta de 3,94%, a R$ 8,96;<\/li>\n\n\n\n<li><strong>Arezzo (ARZZ3)<\/strong>: alta de 2,50%, a R$ 60,60;<\/li>\n<\/ul>\n\n\n\n<div class=\"pluginQuotation\">\n  <p class=\"ticker\">\n    Cota\u00e7\u00e3o <span>MGLU3<\/span>\n  <\/p>\n  <div class=\"info\">\n    <div class=\"leftSide\">\n      Gr\u00e1fico gerado em: 26\/10\/2023    <\/div>\n\t\t\t\t\t<div class=\"rightSide\">\n\t\t\t\t\t<span class=\"period\">\n\t\t\t\t\t\t1 Dia\t\t\t\t\t<\/span>\n\t\t\t<\/div>\n\t\t  <\/div>\n\n  <div id=\"chart-ab2d9e62d0bb5bfa88c028ba8a2d6bbc\" data-block-hash=\"ab2d9e62d0bb5bfa88c028ba8a2d6bbc\"  class=\"chart\" style=\"width:100%;height:400px;\"><\/div>\n\n  <div class=\"pluginQuotation__footer\">\n    <div class=\"dataChart\">\n\n      <div class=\"dataChart__div1 variation\">\n        <div class=\"value-positive\">\n          1,38 (+0,02%)        <\/div>\n        <div class=\"text\">\n          Varia\u00e7\u00e3o do per\u00edodo\n        <\/div>\n      <\/div>\n\n      <div class=\"dataChart__div2 minMax\">\n        <div class=\"value\">\n          R$\u00a01,44        <\/div>\n        <div class=\"text\">\n          M\u00ednima\n        <\/div>\n      <\/div>\n\n      <div class=\"dataChart__div3 minMax\">\n        <div class=\"value\">\n          R$\u00a01,53        <\/div>\n        <div class=\"text\">\n          M\u00e1xima\n        <\/div>\n      <\/div>\n\n\t\t\t<div class=\"dataChart__div4 rightSide\">\n\t\t\t\t<div class=\"analiticaSource\">\n\t\t\t\t\t<span>\n\t\t\t\t\t\tFonte:\n\t\t\t\t\t<\/span>\n\t\t\t\t\t<img decoding=\"async\" class=\"analiticaLogo\" src=\"https:\/\/www.suno.com.br\/noticias\/wp-content\/plugins\/suno-block-ticker-quotation\/src\/suno-analitica-logo.png\" alt=\"Logo Suno Anal\u00edtica\" \/>\n\t\t\t\t<\/div>\n\n\t\t\t\t<a href=\"https:\/\/www.suno.com.br\/analitica\/acoes\/MGLU3\" target=\"_blank\">\n\t\t\t\t\t<span>\n\t\t\t\t\t\tVer mais cota\u00e7\u00f5es\n\t\t\t\t\t<\/span>\n\t\t\t\t\t<svg xmlns=\"http:\/\/www.w3.org\/2000\/svg\" width=\"9\" height=\"8\" viewBox=\"0 0 9 8\" fill=\"none\">\n\t\t\t\t\t\t<path d=\"M4.20996 0L3.50496 0.705L6.29496 3.5H0.209961V4.5H6.29496L3.50496 7.295L4.20996 8L8.20996 4L4.20996 0Z\" fill=\"#D42126\" \/>\n\t\t\t\t\t<\/svg>\n\t\t\t\t<\/a>\n    <\/div>\n\n    <\/div>\n  <\/div>\n<\/div>\n\n\n<script type=\"text\/javascript\">\n  let chart_ab2d9e62d0bb5bfa88c028ba8a2d6bbc = document.getElementById('chart-ab2d9e62d0bb5bfa88c028ba8a2d6bbc');\n  let data_json_ab2d9e62d0bb5bfa88c028ba8a2d6bbc = \"[{\\\"date\\\":\\\"26\\\\\\\/10\\\\\\\/23 10:06\\\",\\\"value\\\":1.45},{\\\"date\\\":\\\"26\\\\\\\/10\\\\\\\/23 10:08\\\",\\\"value\\\":1.44},{\\\"date\\\":\\\"26\\\\\\\/10\\\\\\\/23 10:10\\\",\\\"value\\\":1.46},{\\\"date\\\":\\\"26\\\\\\\/10\\\\\\\/23 10:12\\\",\\\"value\\\":1.45},{\\\"date\\\":\\\"26\\\\\\\/10\\\\\\\/23 10:14\\\",\\\"value\\\":1.45},{\\\"date\\\":\\\"26\\\\\\\/10\\\\\\\/23 10:16\\\",\\\"value\\\":1.49},{\\\"date\\\":\\\"26\\\\\\\/10\\\\\\\/23 10:18\\\",\\\"value\\\":1.51},{\\\"date\\\":\\\"26\\\\\\\/10\\\\\\\/23 10:20\\\",\\\"value\\\":1.49},{\\\"date\\\":\\\"26\\\\\\\/10\\\\\\\/23 10:22\\\",\\\"value\\\":1.47},{\\\"date\\\":\\\"26\\\\\\\/10\\\\\\\/23 10:24\\\",\\\"value\\\":1.49},{\\\"date\\\":\\\"26\\\\\\\/10\\\\\\\/23 10:26\\\",\\\"value\\\":1.5},{\\\"date\\\":\\\"26\\\\\\\/10\\\\\\\/23 10:28\\\",\\\"value\\\":1.5},{\\\"date\\\":\\\"26\\\\\\\/10\\\\\\\/23 10:30\\\",\\\"value\\\":1.53},{\\\"date\\\":\\\"26\\\\\\\/10\\\\\\\/23 10:32\\\",\\\"value\\\":1.53},{\\\"date\\\":\\\"26\\\\\\\/10\\\\\\\/23 10:34\\\",\\\"value\\\":1.52},{\\\"date\\\":\\\"26\\\\\\\/10\\\\\\\/23 10:36\\\",\\\"value\\\":1.52},{\\\"date\\\":\\\"26\\\\\\\/10\\\\\\\/23 10:38\\\",\\\"value\\\":1.51},{\\\"date\\\":\\\"26\\\\\\\/10\\\\\\\/23 10:40\\\",\\\"value\\\":1.47},{\\\"date\\\":\\\"26\\\\\\\/10\\\\\\\/23 10:42\\\",\\\"value\\\":1.51},{\\\"date\\\":\\\"26\\\\\\\/10\\\\\\\/23 10:44\\\",\\\"value\\\":1.47}]\";\n  let isPositive_ab2d9e62d0bb5bfa88c028ba8a2d6bbc = true;\n\n  let color_ab2d9e62d0bb5bfa88c028ba8a2d6bbc = isPositive_ab2d9e62d0bb5bfa88c028ba8a2d6bbc ? '#3AB53A' : '#D92C2D';\n\n  let data_ab2d9e62d0bb5bfa88c028ba8a2d6bbc = JSON.parse(data_json_ab2d9e62d0bb5bfa88c028ba8a2d6bbc);\n\n  const result_ab2d9e62d0bb5bfa88c028ba8a2d6bbc = {\n    date: [],\n    value: [],\n  };\n\n  data_ab2d9e62d0bb5bfa88c028ba8a2d6bbc.forEach((item) => {\n    result_ab2d9e62d0bb5bfa88c028ba8a2d6bbc.date.push(item.date);\n    result_ab2d9e62d0bb5bfa88c028ba8a2d6bbc.value.push(Number(item.value));\n  });\n\n  let option_ab2d9e62d0bb5bfa88c028ba8a2d6bbc = {\n    \/\/ variavel de cor global\n    color: [color_ab2d9e62d0bb5bfa88c028ba8a2d6bbc],\n    title: {\n      text: '',\n    },\n    tooltip: {\n      trigger: 'axis',\n      axisPointer: {\n        type: 'cross',\n        label: {\n          \/\/ cor dos valores em X e Y\n          backgroundColor: color_ab2d9e62d0bb5bfa88c028ba8a2d6bbc,\n          formatter: (value) => {\n            if (typeof value.value === 'number') {\n              return Number(value.value).toLocaleString('pt-br', {\n                style: 'currency',\n                currency: 'BRL'\n              });\n            }\n            return value.value;\n          },\n        },\n      },\n      valueFormatter: (value) => Number(value).toLocaleString('pt-br', {\n        style: 'currency',\n        currency: 'BRL'\n      }),\n    },\n    legend: {\n      \/\/ data: ['Valor de Fechamento'],\n      show: false,\n    },\n    toolbox: {\n      feature: {\n        saveAsImage: {\n          show: false,\n        },\n      },\n    },\n    grid: {\n      left: '0px',\n      right: '0px',\n      bottom: '0px',\n      containLabel: true,\n    },\n    xAxis: [{\n      type: 'category',\n      data: result_ab2d9e62d0bb5bfa88c028ba8a2d6bbc.date,\n      boundaryGap: true,\n    }],\n    yAxis: [{\n      type: 'value',\n      min: Math.min(...result_ab2d9e62d0bb5bfa88c028ba8a2d6bbc.value),\n      max: Math.max(...result_ab2d9e62d0bb5bfa88c028ba8a2d6bbc.value),\n      axisLabel: {\n        formatter: (value) => value.toLocaleString('pt-br', {\n          style: 'currency',\n          currency: 'BRL'\n        }),\n      },\n    }],\n    series: [{\n      name: 'Valor de Fechamento',\n      type: 'line',\n      stack: 'Total',\n      \/\/ cor do grafico\n      areaStyle: {},\n      emphasis: {\n        focus: 'series',\n      },\n      data: result_ab2d9e62d0bb5bfa88c028ba8a2d6bbc.value,\n      \/\/ cor da linha\n      lineStyle: {\n        color: color_ab2d9e62d0bb5bfa88c028ba8a2d6bbc,\n      },\n    }, ],\n  };\n\n\twindow.chart_ab2d9e62d0bb5bfa88c028ba8a2d6bbc = {\n\t\tel: chart_ab2d9e62d0bb5bfa88c028ba8a2d6bbc,\n\t\toption: option_ab2d9e62d0bb5bfa88c028ba8a2d6bbc\t};\n\n\n<\/script>\n\n\n\n<p>Considerado a <strong>pr\u00e9via da infla\u00e7\u00e3o<\/strong> oficial, em outubro, o \u00cdndice Nacional de Pre\u00e7os ao Consumidor Amplo-15 (IPCA-15) registrou uma varia\u00e7\u00e3o de 0,21%, indicando uma diminui\u00e7\u00e3o de 0,14 ponto percentual em rela\u00e7\u00e3o \u00e0 taxa de setembro, que foi de 0,35%.<\/p>\n\n\n\n<p>No acumulado, o<strong>&nbsp;IPCA-15 do ano&nbsp;<\/strong>apresenta um aumento de 3,96%, enquanto nos \u00faltimos 12 meses, a alta foi de 5,05%, superando os 5,00% registrados no per\u00edodo anterior de um ano. Comparado a outubro de 2022, quando a taxa, uma&nbsp;<strong>pr\u00e9via da infla\u00e7\u00e3o<\/strong>&nbsp;fechada do m\u00eas, foi de 0,16%, houve um aumento.<\/p>\n\n\n\n<p>Na vis\u00e3o de F\u00e1bio Lemos, s\u00f3cio da Fatorial Investimentos, a <strong>divulga\u00e7\u00e3o do IPCA-15<\/strong> em linha com uma certa desacelera\u00e7\u00e3o dos n\u00facleos e servi\u00e7os deve apoiar o <a href=\"https:\/\/www.suno.com.br\/artigos\/bacen\/\">Banco Central (BC)<\/a> na manuten\u00e7\u00e3o do ritmo de corte da taxa Selic em 0,50%. <\/p>\n\n\n\n<p>&#8220;Com isso, vimos os DIs aliviando e a primeiro setor a sentir foi o varejo, onde temos um forte impacto negativo do juros. Ainda \u00e9 cedo para comemorar, at\u00e9 porque tivemos tamb\u00e9m a influ\u00eancia positiva de dados nos Estados Unidos como o PIB, que sustentaram uma alta dos mercados de equities e queda dos juros. Mas amanh\u00e3, teremos <strong>infla\u00e7\u00e3o ao consumidor<\/strong> (PCE) por l\u00e1 e sim, estamos todos olhando para o maior mercado de juros do mundo e seus reflexos por aqui&#8221;, pontua.<\/p>\n\n\n\n<p>Ainda de acordo com Lemos, para o <strong>setor de varejo<\/strong>, tal desacelera\u00e7\u00e3o de alguns n\u00facleos mostram certa &#8216;fraqueza&#8217; da economia e, por conseguinte, expectativa de menor receita por parte das empresas do segmento.<\/p>\n\n\n\n<p>&#8220;A dose do rem\u00e9dio (queda da infla\u00e7\u00e3o) na dose errada pode n\u00e3o ser a solu\u00e7\u00e3o que o setor precisa, se n\u00e3o houver algum incentivo para que tenhamos maior consumo&#8221;, acrescenta.<\/p>\n\n\n\n\t<div data-element=\"shortcode-read-more\" class=\"readToo\">\n\t\t\t\t<span class=\"readToo__title\">Leia mais<\/span>\n\t\t\t\t<ul class=\"readToo__list\">\n\t\t\t<li><a href=\"https:\/\/www.suno.com.br\/noticias\/pib-dos-eua-surpreende-mercado-trimestre-cpf\/\">PIB dos EUA surpreende mercado batendo perto dos 5%<\/a><\/li><li><a href=\"https:\/\/www.suno.com.br\/noticias\/juros-do-bce-seguram-aperto-monetario-europa-cpf\/\">Juros do BCE seguram aperto monet\u00e1rio europeu ap\u00f3s 15 meses<\/a><\/li><li><a href=\"https:\/\/www.suno.com.br\/noticias\/dolar-estremece-segue-abaixo-cinco-eua-cpf\/\">D\u00f3lar estremece e segue abaixo de R$ 5,00 ap\u00f3s dados de PIB dos EUA<\/a><\/li>\t\t<\/ul>\n\t<\/div>\n\n\n\n\n<h2 class=\"wp-block-heading\">Magazine Luiza (MGLU3) est\u00e1 apanhando na Bolsa por acreditar em loja f\u00edsica, diz Luiza Trajano<\/h2>\n\n\n\n<p>Durante evento realizado pela PwC na \u00faltima ter\u00e7a-feira (24) e conforme publicado pelo jornal Estad\u00e3o, a<strong>&nbsp;<\/strong>presidente do <strong>conselho de administra\u00e7\u00e3o do Magazine Luiza<\/strong>, Luiza Trajano, afirmou que a companhia est\u00e1 \u201capanhando muito na Bolsa\u201d por \u201csempre ter acreditado em loja f\u00edsica\u201d.<\/p>\n\n\n\n<p>Apesar do cen\u00e1rio desafiador para o varejo brasileiro,&nbsp;<strong>Luiza Trajano<\/strong>&nbsp;se mostra otimista e acredita que a crise deve tornar o Magazine Luiza ainda mais s\u00f3lido, diante do crescimento observado nos anos anteriores.<\/p>\n\n\n\n<p>\u201cO Magazine cresceu em crise e, quando a gente n\u00e3o cresce, a gente solidifica o crescimento. Crescemos muito nesses tr\u00eas, quatro anos, mais do que eu poderia at\u00e9 pensar, que a gente chegaria a faturar R$ 60 bilh\u00f5es\u201d, afirmou a executiva.<\/p>\n\n\n\n<p>Para apoiar seu otimismo, ela chega a citar os desafios econ\u00f4micos do Brasil na passagem do s\u00e9culo 20 para o 21. \u201cEntra crise, sai crise, e o importante \u00e9 sobreviver. Aprendi muito mais em crises\u201d.<\/p>\n\n\n\n<p>Trajano destaca como um dos fatores negativos para o&nbsp;<strong>varejo brasileiro<\/strong>&nbsp;a grande dificuldade financeira vivida pela&nbsp;<a href=\"https:\/\/www.suno.com.br\/acoes\/amer3\/\" target=\"_blank\" rel=\"noreferrer noopener\"><strong>Americanas (AMER3)<\/strong><\/a>. Por outro lado, a situa\u00e7\u00e3o da varejista concorrente teria feito o Magazine Luiza aprimorar seu processo de auditoria interna.<\/p>\n\n\n\t<p>\n\t\t<a href=\"https:\/\/lp.suno.com.br\/ebook-como-analisar-uma-acao\/\" target=\"_blank\" data-element=\"shortcode-suno-banner\" title=\"Banner SUNO, clique e saiba mais\">\n\t\t\t<picture>\n\t\t\t\t<source media=\"(max-width: 500px)\" srcset=\"https:\/\/files.sunoresearch.com.br\/n\/uploads\/2023\/03\/Ebook-Acoes-Mobile.jpg\">\n\t\t\t\t<img class=\"newsContent__article__imgCapa newsContent__article__imgCapa--banner\"\n\t\t\t\t\tsrc=\"https:\/\/files.sunoresearch.com.br\/n\/uploads\/2023\/03\/Ebook-Acoes-Desktop.jpg\"\n\t\t\t\t\tdata-promo-id=\"378302\"\t\t\t\t\t\t\t\t\t\twidth='1420' height='286'\t\t\t\t\talt=\"https:\/\/files.sunoresearch.com.br\/n\/uploads\/2023\/03\/Ebook-Acoes-Desktop.jpg\"\n\t\t\t\t>\n\t\t\t<\/picture>\n\t\t<\/a>\n\t<\/p>\n\n\n\n\n\n<h2 class=\"wp-block-heading\"><a><\/a>As lojas f\u00edsicas devem permanecer, diz executiva do Magazine Luiza<\/h2>\n\n\n\n<p>As<strong>&nbsp;a\u00e7\u00f5es do Magazine Luiza<\/strong>&nbsp;acumulam perdas de 94% em um per\u00edodo inferior a 3 anos, em meio ao aumento dos juros e o crescimento da concorr\u00eancia no com\u00e9rcio online.<\/p>\n\n\n\n<p>A&nbsp;<strong>presidente do Magazine Luiza&nbsp;<\/strong>acredita que as lojas f\u00edsicas devem permanecer, mas em um modelo mais modernizado. Apesar disso, ela pondera que o&nbsp;<strong>e-commerce<\/strong>&nbsp;\u00e9 uma realidade que n\u00e3o pode ser ignorada no Brasil.<\/p>\n\n\n\n<p>\u201cEm Bel\u00e9m, a gente vende na internet e entrega em duas horas na loja f\u00edsica. Quando voc\u00ea digitaliza, tem menos caixa, mas tem mais estoquista. Acredito que essa mistura e a multicanalidade vai perdurar no Brasil por muito tempo\u201d, afirmou.<\/p>\n\n\n\n<p>Trajano ainda destacou uma mudan\u00e7a importante que, na sua vis\u00e3o, tem ocorrido na din\u00e2mica de pre\u00e7os em rela\u00e7\u00e3o \u00e0 concorr\u00eancia com empresas focadas no e-commerce.<\/p>\n\n\n\n<p>\u201cAntigamente, a gente tinha que vender muito mais barato no site, porque o site dava preju\u00edzo. Agora, acabou isso e n\u00e3o tem mais diferen\u00e7a\u201d, completa a executiva do&nbsp;<strong>Magazine Luiza<\/strong>.<\/p>\n\n\n\t<p>\n\t\t<a href=\"https:\/\/lp.suno.com.br\/plataforma-de-controle-de-investimentos\/\" target=\"_blank\" data-element=\"shortcode-suno-banner\" title=\"Banner SUNO, clique e saiba mais\">\n\t\t\t<picture>\n\t\t\t\t<source media=\"(max-width: 500px)\" srcset=\"https:\/\/files.sunoresearch.com.br\/n\/uploads\/2023\/03\/400x300-Controle-de-Investimentos.png\">\n\t\t\t\t<img class=\"newsContent__article__imgCapa newsContent__article__imgCapa--banner\"\n\t\t\t\t\tsrc=\"https:\/\/files.sunoresearch.com.br\/n\/uploads\/2023\/03\/1420x240-Controle-de-Investimentos.png\"\n\t\t\t\t\tdata-promo-id=\"383162\"\t\t\t\t\t\t\t\t\t\twidth='1420' height='240'\t\t\t\t\talt=\"https:\/\/files.sunoresearch.com.br\/n\/uploads\/2023\/03\/1420x240-Controle-de-Investimentos.png\"\n\t\t\t\t>\n\t\t\t<\/picture>\n\t\t<\/a>\n\t<\/p>\n\n\n","protected":false},"excerpt":{"rendered":"<p>As a\u00e7\u00f5es de Magazine Luiza (MGLU3) e Casas Bahia (BHIA3) disparam nesta quinta-feira (26) no Ibovespa, liderando os ganhos do \u00edndice. Magazine Luiza (MGLU3) e Casas Bahia (BHIA3). Foto: Divulga\u00e7\u00e3o Os pap\u00e9is das varejistas, sendo mais sens\u00edveis aos ciclos econ\u00f4micos, sobem influenciadas pela divulga\u00e7\u00e3o do IPCA-15 hoje pelo IBGE, que desacelerou em outubro comparado \u00e0 [&hellip;]<\/p>\n","protected":false},"author":313,"featured_media":371076,"comment_status":"closed","ping_status":"closed","sticky":false,"template":"","format":"standard","meta":[],"categories":[64],"tags":[362,405,1964,850,966,1361,548],"suno_strategy":[],"class_list":["post-476868","post","type-post","status-publish","format-standard","has-post-thumbnail","hentry","category-negocios","tag-arezzo-arzz3","tag-carrefour-crfb3","tag-grupo-pao-de-acucar-pcar3-pcar4","tag-inflacao","tag-ipca","tag-ipca-15","tag-magazine-luiza-mglu3"],"yoast_head":"<!-- This site is optimized with the Yoast SEO plugin v24.4 - https:\/\/yoast.com\/wordpress\/plugins\/seo\/ -->\n<title>Magazine Luiza (MGLU3) e outras varejistas disparam no Ibovespa<\/title>\n<meta name=\"description\" content=\"As a\u00e7\u00f5es de Magazine Luiza e Casas Bahia disparam nesta quinta-feira (26) no Ibovespa, liderando os ganhos do \u00edndice. Saiba mais!\" \/>\n<meta name=\"robots\" content=\"index, follow, max-snippet:-1, max-image-preview:large, max-video-preview:-1\" \/>\n<link rel=\"canonical\" href=\"https:\/\/www.suno.com.br\/noticias\/magazine-luiza-mglu3-casas-bahia-bhia3-ibovespa-gpj-3\/\" \/>\n<meta property=\"og:locale\" content=\"pt_BR\" \/>\n<meta property=\"og:type\" content=\"article\" \/>\n<meta property=\"og:title\" content=\"Magazine Luiza (MGLU3) e outras varejistas disparam no Ibovespa\" \/>\n<meta property=\"og:description\" content=\"As a\u00e7\u00f5es de Magazine Luiza e Casas Bahia disparam nesta quinta-feira (26) no Ibovespa, liderando os ganhos do \u00edndice. Saiba mais!\" \/>\n<meta property=\"og:url\" content=\"https:\/\/www.suno.com.br\/noticias\/magazine-luiza-mglu3-casas-bahia-bhia3-ibovespa-gpj-3\/\" \/>\n<meta property=\"og:site_name\" content=\"Suno Not\u00edcias\" \/>\n<meta property=\"article:publisher\" content=\"https:\/\/facebook.com\/sunoresearch\" \/>\n<meta property=\"og:image\" content=\"https:\/\/files.sunoresearch.com.br\/n\/uploads\/2023\/03\/via-viia3-magalu-mglu3-avatares-fotos-divulgacao.jpg\" \/>\n\t<meta property=\"og:image:width\" content=\"1200\" \/>\n\t<meta property=\"og:image:height\" content=\"675\" \/>\n\t<meta property=\"og:image:type\" content=\"image\/jpeg\" \/>\n<meta name=\"author\" content=\"Giovanni Porf\u00edrio Jacomino\" \/>\n<meta name=\"twitter:card\" content=\"summary_large_image\" \/>\n<meta name=\"twitter:creator\" content=\"@sunoresearch\" \/>\n<meta name=\"twitter:site\" content=\"@sunoresearch\" \/>\n<meta name=\"twitter:label1\" content=\"Escrito por\" \/>\n\t<meta name=\"twitter:data1\" content=\"Giovanni Porf\u00edrio Jacomino\" \/>\n\t<meta name=\"twitter:label2\" content=\"Est. tempo de leitura\" \/>\n\t<meta name=\"twitter:data2\" content=\"5 minutos\" \/>\n<script type=\"application\/ld+json\" class=\"yoast-schema-graph\">{\"@context\":\"https:\/\/schema.org\",\"@graph\":[{\"@type\":\"NewsArticle\",\"@id\":\"https:\/\/www.suno.com.br\/noticias\/magazine-luiza-mglu3-casas-bahia-bhia3-ibovespa-gpj-3\/#article\",\"isPartOf\":{\"@id\":\"https:\/\/www.suno.com.br\/noticias\/magazine-luiza-mglu3-casas-bahia-bhia3-ibovespa-gpj-3\/\"},\"author\":{\"name\":\"Giovanni Porf\u00edrio Jacomino\",\"@id\":\"https:\/\/www.suno.com.br\/noticias\/#\/schema\/person\/d0f32748bbca4bee871fa191ee4e2d40\"},\"headline\":\"Magazine Luiza (MGLU3), Casas Bahia (BHIA3) e outras varejistas disparam no Ibovespa hoje; saiba por qu\u00ea\",\"datePublished\":\"2023-10-26T14:39:13+00:00\",\"dateModified\":\"2023-10-26T14:53:34+00:00\",\"mainEntityOfPage\":{\"@id\":\"https:\/\/www.suno.com.br\/noticias\/magazine-luiza-mglu3-casas-bahia-bhia3-ibovespa-gpj-3\/\"},\"wordCount\":855,\"publisher\":{\"@id\":\"https:\/\/www.suno.com.br\/noticias\/#organization\"},\"image\":{\"@id\":\"https:\/\/www.suno.com.br\/noticias\/magazine-luiza-mglu3-casas-bahia-bhia3-ibovespa-gpj-3\/#primaryimage\"},\"thumbnailUrl\":\"https:\/\/files.sunoresearch.com.br\/n\/uploads\/2023\/03\/via-viia3-magalu-mglu3-avatares-fotos-divulgacao.jpg\",\"keywords\":[\"Arezzo (ARZZ3)\",\"Carrefour (CRFB3)\",\"Grupo P\u00e3o de A\u00e7\u00facar (PCAR3\/PCAR4)\",\"infla\u00e7\u00e3o\",\"IPCA\",\"IPCA-15\",\"Magazine Luiza (MGLU3)\"],\"articleSection\":[\"Neg\u00f3cios\"],\"inLanguage\":\"pt-BR\"},{\"@type\":\"WebPage\",\"@id\":\"https:\/\/www.suno.com.br\/noticias\/magazine-luiza-mglu3-casas-bahia-bhia3-ibovespa-gpj-3\/\",\"url\":\"https:\/\/www.suno.com.br\/noticias\/magazine-luiza-mglu3-casas-bahia-bhia3-ibovespa-gpj-3\/\",\"name\":\"Magazine Luiza (MGLU3) e outras varejistas disparam no Ibovespa\",\"isPartOf\":{\"@id\":\"https:\/\/www.suno.com.br\/noticias\/#website\"},\"primaryImageOfPage\":{\"@id\":\"https:\/\/www.suno.com.br\/noticias\/magazine-luiza-mglu3-casas-bahia-bhia3-ibovespa-gpj-3\/#primaryimage\"},\"image\":{\"@id\":\"https:\/\/www.suno.com.br\/noticias\/magazine-luiza-mglu3-casas-bahia-bhia3-ibovespa-gpj-3\/#primaryimage\"},\"thumbnailUrl\":\"https:\/\/files.sunoresearch.com.br\/n\/uploads\/2023\/03\/via-viia3-magalu-mglu3-avatares-fotos-divulgacao.jpg\",\"datePublished\":\"2023-10-26T14:39:13+00:00\",\"dateModified\":\"2023-10-26T14:53:34+00:00\",\"description\":\"As a\u00e7\u00f5es de Magazine Luiza e Casas Bahia disparam nesta quinta-feira (26) no Ibovespa, liderando os ganhos do \u00edndice. Saiba mais!\",\"breadcrumb\":{\"@id\":\"https:\/\/www.suno.com.br\/noticias\/magazine-luiza-mglu3-casas-bahia-bhia3-ibovespa-gpj-3\/#breadcrumb\"},\"inLanguage\":\"pt-BR\",\"potentialAction\":[{\"@type\":\"ReadAction\",\"target\":[\"https:\/\/www.suno.com.br\/noticias\/magazine-luiza-mglu3-casas-bahia-bhia3-ibovespa-gpj-3\/\"]}]},{\"@type\":\"ImageObject\",\"inLanguage\":\"pt-BR\",\"@id\":\"https:\/\/www.suno.com.br\/noticias\/magazine-luiza-mglu3-casas-bahia-bhia3-ibovespa-gpj-3\/#primaryimage\",\"url\":\"https:\/\/files.sunoresearch.com.br\/n\/uploads\/2023\/03\/via-viia3-magalu-mglu3-avatares-fotos-divulgacao.jpg\",\"contentUrl\":\"https:\/\/files.sunoresearch.com.br\/n\/uploads\/2023\/03\/via-viia3-magalu-mglu3-avatares-fotos-divulgacao.jpg\",\"width\":1200,\"height\":675,\"caption\":\"Magazine Luiza (MGLU3) e Casas Bahia (BHIA3). Foto: Divulga\u00e7\u00e3o\"},{\"@type\":\"BreadcrumbList\",\"@id\":\"https:\/\/www.suno.com.br\/noticias\/magazine-luiza-mglu3-casas-bahia-bhia3-ibovespa-gpj-3\/#breadcrumb\",\"itemListElement\":[{\"@type\":\"ListItem\",\"position\":1,\"name\":\"Not\u00edcias\",\"item\":\"https:\/\/www.suno.com.br\/noticias\/\"},{\"@type\":\"ListItem\",\"position\":2,\"name\":\"Neg\u00f3cios\",\"item\":\"https:\/\/www.suno.com.br\/noticias\/negocios\/\"},{\"@type\":\"ListItem\",\"position\":3,\"name\":\"Magazine Luiza (MGLU3), Casas Bahia (BHIA3) e outras varejistas disparam no Ibovespa hoje; saiba por qu\u00ea\"}]},{\"@type\":\"WebSite\",\"@id\":\"https:\/\/www.suno.com.br\/noticias\/#website\",\"url\":\"https:\/\/www.suno.com.br\/noticias\/\",\"name\":\"Suno Not\u00edcias\",\"description\":\"Seu portal de informa\u00e7\u00e3o sobre o mundo dos investimentos\",\"publisher\":{\"@id\":\"https:\/\/www.suno.com.br\/noticias\/#organization\"},\"potentialAction\":[{\"@type\":\"SearchAction\",\"target\":{\"@type\":\"EntryPoint\",\"urlTemplate\":\"https:\/\/www.suno.com.br\/noticias\/?s={search_term_string}\"},\"query-input\":{\"@type\":\"PropertyValueSpecification\",\"valueRequired\":true,\"valueName\":\"search_term_string\"}}],\"inLanguage\":\"pt-BR\"},{\"@type\":\"Organization\",\"@id\":\"https:\/\/www.suno.com.br\/noticias\/#organization\",\"name\":\"Suno Not\u00edcias\",\"url\":\"https:\/\/www.suno.com.br\/noticias\/\",\"logo\":{\"@type\":\"ImageObject\",\"inLanguage\":\"pt-BR\",\"@id\":\"https:\/\/www.suno.com.br\/noticias\/#\/schema\/logo\/image\/\",\"url\":\"https:\/\/files.sunoresearch.com.br\/n\/uploads\/2021\/09\/suno-logo.png\",\"contentUrl\":\"https:\/\/files.sunoresearch.com.br\/n\/uploads\/2021\/09\/suno-logo.png\",\"width\":180,\"height\":180,\"caption\":\"Suno Not\u00edcias\"},\"image\":{\"@id\":\"https:\/\/www.suno.com.br\/noticias\/#\/schema\/logo\/image\/\"},\"sameAs\":[\"https:\/\/facebook.com\/sunoresearch\",\"https:\/\/x.com\/sunoresearch\",\"https:\/\/www.instagram.com\/suno\",\"https:\/\/www.linkedin.com\/company\/suno-research\/\",\"https:\/\/www.youtube.com\/c\/sunoresearch\"]},{\"@type\":\"Person\",\"@id\":\"https:\/\/www.suno.com.br\/noticias\/#\/schema\/person\/d0f32748bbca4bee871fa191ee4e2d40\",\"name\":\"Giovanni Porf\u00edrio Jacomino\",\"image\":{\"@type\":\"ImageObject\",\"inLanguage\":\"pt-BR\",\"@id\":\"https:\/\/www.suno.com.br\/noticias\/#\/schema\/person\/image\/\",\"url\":\"https:\/\/secure.gravatar.com\/avatar\/efb32e19b730a121cb7a80f41ffec01a?s=96&r=g\",\"contentUrl\":\"https:\/\/secure.gravatar.com\/avatar\/efb32e19b730a121cb7a80f41ffec01a?s=96&r=g\",\"caption\":\"Giovanni Porf\u00edrio Jacomino\"},\"description\":\"Giovanni Porf\u00edrio Jacomino \u00e9 jornalista formado pela Universidade Estadual de Londrina (UEL) e p\u00f3s-graduado em Produ\u00e7\u00e3o e Pr\u00e1ticas Jornal\u00edsticas na Contemporaneidade na Faculdade C\u00e1sper L\u00edbero (FCL). Foi editor web no Startupi e no Finsiders, atuando ainda como editor no TC Mover, portal de not\u00edcias da TradersClub, fazendo a cobertura de assuntos relacionados ao mercado financeiro interno e externo. Atualmente, \u00e9 Rep\u00f3rter do Suno Not\u00edcias.\",\"url\":\"https:\/\/www.suno.com.br\/noticias\/author\/giovanni-porfiriosuno-com-br\/\"}]}<\/script>\n<!-- \/ Yoast SEO plugin. -->","yoast_head_json":{"title":"Magazine Luiza (MGLU3) e outras varejistas disparam no Ibovespa","description":"As a\u00e7\u00f5es de Magazine Luiza e Casas Bahia disparam nesta quinta-feira (26) no Ibovespa, liderando os ganhos do \u00edndice. Saiba mais!","robots":{"index":"index","follow":"follow","max-snippet":"max-snippet:-1","max-image-preview":"max-image-preview:large","max-video-preview":"max-video-preview:-1"},"canonical":"https:\/\/www.suno.com.br\/noticias\/magazine-luiza-mglu3-casas-bahia-bhia3-ibovespa-gpj-3\/","og_locale":"pt_BR","og_type":"article","og_title":"Magazine Luiza (MGLU3) e outras varejistas disparam no Ibovespa","og_description":"As a\u00e7\u00f5es de Magazine Luiza e Casas Bahia disparam nesta quinta-feira (26) no Ibovespa, liderando os ganhos do \u00edndice. Saiba mais!","og_url":"https:\/\/www.suno.com.br\/noticias\/magazine-luiza-mglu3-casas-bahia-bhia3-ibovespa-gpj-3\/","og_site_name":"Suno Not\u00edcias","article_publisher":"https:\/\/facebook.com\/sunoresearch","og_image":[{"width":1200,"height":675,"url":"https:\/\/files.sunoresearch.com.br\/n\/uploads\/2023\/03\/via-viia3-magalu-mglu3-avatares-fotos-divulgacao.jpg","type":"image\/jpeg"}],"author":"Giovanni Porf\u00edrio Jacomino","twitter_card":"summary_large_image","twitter_creator":"@sunoresearch","twitter_site":"@sunoresearch","twitter_misc":{"Escrito por":"Giovanni Porf\u00edrio Jacomino","Est. tempo de leitura":"5 minutos"},"schema":{"@context":"https:\/\/schema.org","@graph":[{"@type":"NewsArticle","@id":"https:\/\/www.suno.com.br\/noticias\/magazine-luiza-mglu3-casas-bahia-bhia3-ibovespa-gpj-3\/#article","isPartOf":{"@id":"https:\/\/www.suno.com.br\/noticias\/magazine-luiza-mglu3-casas-bahia-bhia3-ibovespa-gpj-3\/"},"author":{"name":"Giovanni Porf\u00edrio Jacomino","@id":"https:\/\/www.suno.com.br\/noticias\/#\/schema\/person\/d0f32748bbca4bee871fa191ee4e2d40"},"headline":"Magazine Luiza (MGLU3), Casas Bahia (BHIA3) e outras varejistas disparam no Ibovespa hoje; saiba por qu\u00ea","datePublished":"2023-10-26T14:39:13+00:00","dateModified":"2023-10-26T14:53:34+00:00","mainEntityOfPage":{"@id":"https:\/\/www.suno.com.br\/noticias\/magazine-luiza-mglu3-casas-bahia-bhia3-ibovespa-gpj-3\/"},"wordCount":855,"publisher":{"@id":"https:\/\/www.suno.com.br\/noticias\/#organization"},"image":{"@id":"https:\/\/www.suno.com.br\/noticias\/magazine-luiza-mglu3-casas-bahia-bhia3-ibovespa-gpj-3\/#primaryimage"},"thumbnailUrl":"https:\/\/files.sunoresearch.com.br\/n\/uploads\/2023\/03\/via-viia3-magalu-mglu3-avatares-fotos-divulgacao.jpg","keywords":["Arezzo (ARZZ3)","Carrefour (CRFB3)","Grupo P\u00e3o de A\u00e7\u00facar (PCAR3\/PCAR4)","infla\u00e7\u00e3o","IPCA","IPCA-15","Magazine Luiza (MGLU3)"],"articleSection":["Neg\u00f3cios"],"inLanguage":"pt-BR"},{"@type":"WebPage","@id":"https:\/\/www.suno.com.br\/noticias\/magazine-luiza-mglu3-casas-bahia-bhia3-ibovespa-gpj-3\/","url":"https:\/\/www.suno.com.br\/noticias\/magazine-luiza-mglu3-casas-bahia-bhia3-ibovespa-gpj-3\/","name":"Magazine Luiza (MGLU3) e outras varejistas disparam no Ibovespa","isPartOf":{"@id":"https:\/\/www.suno.com.br\/noticias\/#website"},"primaryImageOfPage":{"@id":"https:\/\/www.suno.com.br\/noticias\/magazine-luiza-mglu3-casas-bahia-bhia3-ibovespa-gpj-3\/#primaryimage"},"image":{"@id":"https:\/\/www.suno.com.br\/noticias\/magazine-luiza-mglu3-casas-bahia-bhia3-ibovespa-gpj-3\/#primaryimage"},"thumbnailUrl":"https:\/\/files.sunoresearch.com.br\/n\/uploads\/2023\/03\/via-viia3-magalu-mglu3-avatares-fotos-divulgacao.jpg","datePublished":"2023-10-26T14:39:13+00:00","dateModified":"2023-10-26T14:53:34+00:00","description":"As a\u00e7\u00f5es de Magazine Luiza e Casas Bahia disparam nesta quinta-feira (26) no Ibovespa, liderando os ganhos do \u00edndice. Saiba mais!","breadcrumb":{"@id":"https:\/\/www.suno.com.br\/noticias\/magazine-luiza-mglu3-casas-bahia-bhia3-ibovespa-gpj-3\/#breadcrumb"},"inLanguage":"pt-BR","potentialAction":[{"@type":"ReadAction","target":["https:\/\/www.suno.com.br\/noticias\/magazine-luiza-mglu3-casas-bahia-bhia3-ibovespa-gpj-3\/"]}]},{"@type":"ImageObject","inLanguage":"pt-BR","@id":"https:\/\/www.suno.com.br\/noticias\/magazine-luiza-mglu3-casas-bahia-bhia3-ibovespa-gpj-3\/#primaryimage","url":"https:\/\/files.sunoresearch.com.br\/n\/uploads\/2023\/03\/via-viia3-magalu-mglu3-avatares-fotos-divulgacao.jpg","contentUrl":"https:\/\/files.sunoresearch.com.br\/n\/uploads\/2023\/03\/via-viia3-magalu-mglu3-avatares-fotos-divulgacao.jpg","width":1200,"height":675,"caption":"Magazine Luiza (MGLU3) e Casas Bahia (BHIA3). Foto: Divulga\u00e7\u00e3o"},{"@type":"BreadcrumbList","@id":"https:\/\/www.suno.com.br\/noticias\/magazine-luiza-mglu3-casas-bahia-bhia3-ibovespa-gpj-3\/#breadcrumb","itemListElement":[{"@type":"ListItem","position":1,"name":"Not\u00edcias","item":"https:\/\/www.suno.com.br\/noticias\/"},{"@type":"ListItem","position":2,"name":"Neg\u00f3cios","item":"https:\/\/www.suno.com.br\/noticias\/negocios\/"},{"@type":"ListItem","position":3,"name":"Magazine Luiza (MGLU3), Casas Bahia (BHIA3) e outras varejistas disparam no Ibovespa hoje; saiba por qu\u00ea"}]},{"@type":"WebSite","@id":"https:\/\/www.suno.com.br\/noticias\/#website","url":"https:\/\/www.suno.com.br\/noticias\/","name":"Suno Not\u00edcias","description":"Seu portal de informa\u00e7\u00e3o sobre o mundo dos investimentos","publisher":{"@id":"https:\/\/www.suno.com.br\/noticias\/#organization"},"potentialAction":[{"@type":"SearchAction","target":{"@type":"EntryPoint","urlTemplate":"https:\/\/www.suno.com.br\/noticias\/?s={search_term_string}"},"query-input":{"@type":"PropertyValueSpecification","valueRequired":true,"valueName":"search_term_string"}}],"inLanguage":"pt-BR"},{"@type":"Organization","@id":"https:\/\/www.suno.com.br\/noticias\/#organization","name":"Suno Not\u00edcias","url":"https:\/\/www.suno.com.br\/noticias\/","logo":{"@type":"ImageObject","inLanguage":"pt-BR","@id":"https:\/\/www.suno.com.br\/noticias\/#\/schema\/logo\/image\/","url":"https:\/\/files.sunoresearch.com.br\/n\/uploads\/2021\/09\/suno-logo.png","contentUrl":"https:\/\/files.sunoresearch.com.br\/n\/uploads\/2021\/09\/suno-logo.png","width":180,"height":180,"caption":"Suno Not\u00edcias"},"image":{"@id":"https:\/\/www.suno.com.br\/noticias\/#\/schema\/logo\/image\/"},"sameAs":["https:\/\/facebook.com\/sunoresearch","https:\/\/x.com\/sunoresearch","https:\/\/www.instagram.com\/suno","https:\/\/www.linkedin.com\/company\/suno-research\/","https:\/\/www.youtube.com\/c\/sunoresearch"]},{"@type":"Person","@id":"https:\/\/www.suno.com.br\/noticias\/#\/schema\/person\/d0f32748bbca4bee871fa191ee4e2d40","name":"Giovanni Porf\u00edrio Jacomino","image":{"@type":"ImageObject","inLanguage":"pt-BR","@id":"https:\/\/www.suno.com.br\/noticias\/#\/schema\/person\/image\/","url":"https:\/\/secure.gravatar.com\/avatar\/efb32e19b730a121cb7a80f41ffec01a?s=96&r=g","contentUrl":"https:\/\/secure.gravatar.com\/avatar\/efb32e19b730a121cb7a80f41ffec01a?s=96&r=g","caption":"Giovanni Porf\u00edrio Jacomino"},"description":"Giovanni Porf\u00edrio Jacomino \u00e9 jornalista formado pela Universidade Estadual de Londrina (UEL) e p\u00f3s-graduado em Produ\u00e7\u00e3o e Pr\u00e1ticas Jornal\u00edsticas na Contemporaneidade na Faculdade C\u00e1sper L\u00edbero (FCL). Foi editor web no Startupi e no Finsiders, atuando ainda como editor no TC Mover, portal de not\u00edcias da TradersClub, fazendo a cobertura de assuntos relacionados ao mercado financeiro interno e externo. Atualmente, \u00e9 Rep\u00f3rter do Suno Not\u00edcias.","url":"https:\/\/www.suno.com.br\/noticias\/author\/giovanni-porfiriosuno-com-br\/"}]}},"default_loop_html":"<div class=\"cardsPage__listCard__boxs\"><div class=\"cardsPage__listCard__boxs__img\"><a href=\"https:\/\/www.suno.com.br\/noticias\/magazine-luiza-mglu3-casas-bahia-bhia3-ibovespa-gpj-3\/\"><img class=\"mask\" src=\"https:\/\/www.suno.com.br\/noticias\/wp-content\/themes\/suno\/resources\/images\/spotlight\/spotlight1img\/bg-mask.png\" alt=\"Image Mask\"\/><img src=\"https:\/\/files.sunoresearch.com.br\/n\/uploads\/2023\/03\/via-viia3-magalu-mglu3-avatares-fotos-divulgacao-400x200.jpg\" alt=\"Magazine Luiza (MGLU3), Casas Bahia (BHIA3) e outras varejistas disparam no Ibovespa hoje; saiba por qu\u00ea\"\/><\/a><span class=\"spotlightCategory\"><a href=\"https:\/\/www.suno.com.br\/noticias\/negocios\/\">Neg\u00f3cios<\/a><\/span><\/div><div class=\"cardsPage__listCard__boxs__content\"><a href=\"https:\/\/www.suno.com.br\/noticias\/magazine-luiza-mglu3-casas-bahia-bhia3-ibovespa-gpj-3\/\"><h2 class=\"content__title\">Magazine Luiza (MGLU3), Casas Bahia (BHIA3) e outras varejistas disparam no Ibovespa hoje; saiba por qu\u00ea<\/h2><\/a><div class=\"newsContent__article__meta\"><div class=\"newsContent__article__meta__authorBox\"><a href=\"https:\/\/www.suno.com.br\/noticias\/author\/camila-figueiredosuno-com-br\/\" class=\"authorBox__avatar noMobi\"><img src=\"https:\/\/files.sunoresearch.com.br\/n\/uploads\/2024\/05\/camila-paim-square-150x150.jpg\" alt=\"Camila Paim\"><\/a><div class=\"authorBox__name\"><span>por\n\t\t\t<a href=\"https:\/\/www.suno.com.br\/noticias\/author\/camila-figueiredosuno-com-br\/\"><span itemprop=\"author\">Camila Paim<\/span><\/a><\/span><time datetime=\"2023-10-26T11:39:13-03:00\" itemprop=\"datePublished\">26\/10\/2023 11:39<\/time><\/div><\/div><\/div><\/div><\/div>","single_layout":"posts","amp_enabled":true,"_links":{"self":[{"href":"https:\/\/www.suno.com.br\/noticias\/wp-json\/wp\/v2\/posts\/476868"}],"collection":[{"href":"https:\/\/www.suno.com.br\/noticias\/wp-json\/wp\/v2\/posts"}],"about":[{"href":"https:\/\/www.suno.com.br\/noticias\/wp-json\/wp\/v2\/types\/post"}],"author":[{"embeddable":true,"href":"https:\/\/www.suno.com.br\/noticias\/wp-json\/wp\/v2\/users\/313"}],"replies":[{"embeddable":true,"href":"https:\/\/www.suno.com.br\/noticias\/wp-json\/wp\/v2\/comments?post=476868"}],"version-history":[{"count":3,"href":"https:\/\/www.suno.com.br\/noticias\/wp-json\/wp\/v2\/posts\/476868\/revisions"}],"predecessor-version":[{"id":476911,"href":"https:\/\/www.suno.com.br\/noticias\/wp-json\/wp\/v2\/posts\/476868\/revisions\/476911"}],"wp:featuredmedia":[{"embeddable":true,"href":"https:\/\/www.suno.com.br\/noticias\/wp-json\/wp\/v2\/media\/371076"}],"wp:attachment":[{"href":"https:\/\/www.suno.com.br\/noticias\/wp-json\/wp\/v2\/media?parent=476868"}],"wp:term":[{"taxonomy":"category","embeddable":true,"href":"https:\/\/www.suno.com.br\/noticias\/wp-json\/wp\/v2\/categories?post=476868"},{"taxonomy":"post_tag","embeddable":true,"href":"https:\/\/www.suno.com.br\/noticias\/wp-json\/wp\/v2\/tags?post=476868"},{"taxonomy":"suno_strategy","embeddable":true,"href":"https:\/\/www.suno.com.br\/noticias\/wp-json\/wp\/v2\/suno_strategy?post=476868"}],"curies":[{"name":"wp","href":"https:\/\/api.w.org\/{rel}","templated":true}]}}