{"id":47666,"date":"2019-12-12T18:10:48","date_gmt":"2019-12-12T20:10:48","guid":{"rendered":"https:\/\/www.suno.com.br\/noticias\/?p=47666"},"modified":"2019-12-12T18:10:48","modified_gmt":"2019-12-12T20:10:48","slug":"byd-pretende-adquirir-fabrica-ford-sao-bernardo","status":"publish","type":"post","link":"https:\/\/www.suno.com.br\/noticias\/byd-pretende-adquirir-fabrica-ford-sao-bernardo\/","title":{"rendered":"Chinesa BYD pretende adquirir f\u00e1brica da Ford em S\u00e3o Bernardo"},"content":{"rendered":"<p>A montadora chinesa <strong>BYD<\/strong> est\u00e1 interessada em comprar a f\u00e1brica da Ford localizada em <strong>S\u00e3o Bernardo do Campo<\/strong>, em S\u00e3o Paulo. A informa\u00e7\u00e3o foi divulgada, nesta quinta-feira (12), pelo jornal &#8220;Folha de S. Paulo&#8221;.<\/p>\t<div class=\"wrapper-featured-image\">\n\t\t<figure class=\"spotlightImg\">\n\n\t\t\t<picture>\n\t\t\t\t<source media=\"(max-width: 768px)\" srcset=\"https:\/\/files.sunoresearch.com.br\/n\/uploads\/2019\/12\/2e861f1a-ford-400x200.webp\">\n\t\t\t\t<img loading=\"lazy\" decoding=\"async\" class=\"newsContent__article__imgCapa lazyloadDisabled newsContent__article__imgCapa--noCaption\" src=\"https:\/\/files.sunoresearch.com.br\/n\/uploads\/2019\/12\/2e861f1a-ford-800x450.webp\" width=\"800\" height=\"450\" alt=\"Chinesa BYD pretende adquirir f\u00e1brica da Ford em S\u00e3o Bernardo\" fetchpriority=high \/>\n\t\t\t<\/picture>\n\n\t\t\t<figcaption class=\"wp-caption-text wp-caption-text--hide\">Chinesa BYD pretende adquirir f\u00e1brica da Ford em S\u00e3o Bernardo<\/figcaption>\n\t\t<\/figure>\n\t<\/div>\n\n\n<p><a href=\"https:\/\/lp.suno.com.br\/relatorio-gratuito-ipo-xp\/?utm_source=noticias&amp;utm_medium=noticia&amp;utm_campaign=preficicacao_xp\">Baixe o relat\u00f3rio gratuito da SUNO sobre o IPO da XP Investimentos\u00a0<\/a><\/p>\n<p>Por meio da compra da f\u00e1brica da <strong>Ford,<\/strong> a empresa chinesa pretende investir na fabrica\u00e7\u00e3o de caminh\u00f5es el\u00e9tricos. Os ve\u00edculos ser\u00e3o comercializados no Brasil e nos mercados de pa\u00edses vizinhos.<\/p>\n<p>Desde 2017, a BYD j\u00e1 possui uma linha de produ\u00e7\u00e3o localizada Campinas, em S\u00e3o Paulo. No entanto, a montadora pretende expandir sua produ\u00e7\u00e3o no Pa\u00eds e acompanhar as movimenta\u00e7\u00f5es realizadas por empresas concorrentes.<\/p>\n\n<p>De acordo com fontes familiarizadas com o assunto, as negocia\u00e7\u00f5es entre as duas empresas est\u00e3o em fase inicial. A empresa norte-americana informou que n\u00e3o comentar\u00e1 sobre a venda da f\u00e1brica e nem sobre poss\u00edveis interessados na compra.<\/p>\n<p>A expectativa era que o <strong>Grupo<\/strong>\u00a0<strong>Caoa<\/strong> comprasse a unidade, no entanto, a empresa salientou, na \u00faltima quarta-feira (11), que a possibilidade de negocia\u00e7\u00e3o \u00e9 &#8220;remota&#8221;. Logo ap\u00f3s, o presidente da <strong>Ford<\/strong> na <strong>Am\u00e9rica do Sul<\/strong>, Lyle Watter, declarou que outras empresas tamb\u00e9m est\u00e3o interessadas na negocia\u00e7\u00e3o.<\/p>\n<h2>Negocia\u00e7\u00f5es entre Ford e Caoa<\/h2>\n<p>Ap\u00f3s dizer que a possibilidade de aquisi\u00e7\u00e3o da f\u00e1brica da <strong>Ford<\/strong>\u00a0pela <strong>Caoa<\/strong> \u00e9 remota, o presidente do conselho administrativo da empresa, Carlos Alberto de Oliveira Andrade, declarou que fechar uma f\u00e1brica como essa \u00e9 um &#8220;crime&#8221;.<\/p>\n<p><a href=\"https:\/\/www.suno.com.br\/noticias\/grupo-caoa-esfria-expectativa-compra-fabrica-ford\/\">Saiba mais: Presidente do Grupo Caoa esfria expectativa sobre compra de f\u00e1brica da Ford<\/a><\/p>\n<p>Ademais, para que a Caoa conseguisse finalizar a negocia\u00e7\u00e3o com a empresa norte-americana, seria necess\u00e1rio um um financiamento do <strong><a href=\"https:\/\/www.suno.com.br\/artigos\/bndespar\/\">Banco Nacional de Desenvolvimento Econ\u00f4mico e Social (BNDES<\/a>)<\/strong> estimado entre R$ 1 bilh\u00e3o e R$ 2 bilh\u00f5es.<\/p>\n<p>Dessa forma, o presidente do Conselho da Caoa iniciou tratativas com grupos chineses interessados em atuar no Brasil. Andrade salientou que foi 15 vezes para a China neste ano para conseguir um acordo, mas n\u00e3o obteve nada concreto. Para ele, a compra da f\u00e1brica da <strong>Ford<\/strong> seria uma &#8220;grande empreitada&#8221;.<\/p>\n\n","protected":false},"excerpt":{"rendered":"<p>A montadora chinesa BYD est\u00e1 interessada em comprar a f\u00e1brica da Ford localizada em S\u00e3o Bernardo do Campo, em S\u00e3o Paulo. A informa\u00e7\u00e3o foi divulgada, nesta quinta-feira (12), pelo jornal &#8220;Folha de S. Paulo&#8221;. Chinesa BYD pretende adquirir f\u00e1brica da Ford em S\u00e3o Bernardo Baixe o relat\u00f3rio gratuito da SUNO sobre o IPO da XP [&hellip;]<\/p>\n","protected":false},"author":18,"featured_media":47668,"comment_status":"closed","ping_status":"closed","sticky":false,"template":"","format":"standard","meta":[],"categories":[64],"tags":[870],"suno_strategy":[],"class_list":["post-47666","post","type-post","status-publish","format-standard","has-post-thumbnail","hentry","category-negocios","tag-ford-fdmo34"],"yoast_head":"<!-- This site is optimized with the Yoast SEO plugin v24.4 - https:\/\/yoast.com\/wordpress\/plugins\/seo\/ -->\n<title>Chinesa BYD pretende adquirir f\u00e1brica da Ford em S\u00e3o Bernardo<\/title>\n<meta name=\"description\" content=\"A montadora BYD est\u00e1 interessada em comprar a f\u00e1brica da Ford localizada em S\u00e3o Bernardo do Campo, em S\u00e3o Paulo. Clique para saber mais.\" \/>\n<meta name=\"robots\" content=\"index, follow, max-snippet:-1, max-image-preview:large, max-video-preview:-1\" \/>\n<link rel=\"canonical\" href=\"https:\/\/www.suno.com.br\/noticias\/byd-pretende-adquirir-fabrica-ford-sao-bernardo\/\" \/>\n<meta property=\"og:locale\" content=\"pt_BR\" \/>\n<meta property=\"og:type\" content=\"article\" \/>\n<meta property=\"og:title\" content=\"Chinesa BYD pretende adquirir f\u00e1brica da Ford em S\u00e3o Bernardo\" \/>\n<meta property=\"og:description\" content=\"A montadora BYD est\u00e1 interessada em comprar a f\u00e1brica da Ford localizada em S\u00e3o Bernardo do Campo, em S\u00e3o Paulo. Clique para saber mais.\" \/>\n<meta property=\"og:url\" content=\"https:\/\/www.suno.com.br\/noticias\/byd-pretende-adquirir-fabrica-ford-sao-bernardo\/\" \/>\n<meta property=\"og:site_name\" content=\"Suno Not\u00edcias\" \/>\n<meta property=\"article:publisher\" content=\"https:\/\/facebook.com\/sunoresearch\" \/>\n<meta property=\"og:image\" content=\"https:\/\/files.sunoresearch.com.br\/n\/uploads\/2019\/12\/2e861f1a-ford.jpg\" \/>\n\t<meta property=\"og:image:width\" content=\"1200\" \/>\n\t<meta property=\"og:image:height\" content=\"800\" \/>\n\t<meta property=\"og:image:type\" content=\"image\/jpeg\" \/>\n<meta name=\"author\" content=\"Giovanna Oliveira\" \/>\n<meta name=\"twitter:card\" content=\"summary_large_image\" \/>\n<meta name=\"twitter:creator\" content=\"@sunoresearch\" \/>\n<meta name=\"twitter:site\" content=\"@sunoresearch\" \/>\n<meta name=\"twitter:label1\" content=\"Escrito por\" \/>\n\t<meta name=\"twitter:data1\" content=\"Giovanna Oliveira\" \/>\n\t<meta name=\"twitter:label2\" content=\"Est. tempo de leitura\" \/>\n\t<meta name=\"twitter:data2\" content=\"2 minutos\" \/>\n<script type=\"application\/ld+json\" class=\"yoast-schema-graph\">{\"@context\":\"https:\/\/schema.org\",\"@graph\":[{\"@type\":\"NewsArticle\",\"@id\":\"https:\/\/www.suno.com.br\/noticias\/byd-pretende-adquirir-fabrica-ford-sao-bernardo\/#article\",\"isPartOf\":{\"@id\":\"https:\/\/www.suno.com.br\/noticias\/byd-pretende-adquirir-fabrica-ford-sao-bernardo\/\"},\"author\":{\"name\":\"Giovanna Oliveira\",\"@id\":\"https:\/\/www.suno.com.br\/noticias\/#\/schema\/person\/4e19e3d2575736e5283d58eb3199d120\"},\"headline\":\"Chinesa BYD pretende adquirir f\u00e1brica da Ford em S\u00e3o Bernardo\",\"datePublished\":\"2019-12-12T20:10:48+00:00\",\"mainEntityOfPage\":{\"@id\":\"https:\/\/www.suno.com.br\/noticias\/byd-pretende-adquirir-fabrica-ford-sao-bernardo\/\"},\"wordCount\":387,\"publisher\":{\"@id\":\"https:\/\/www.suno.com.br\/noticias\/#organization\"},\"image\":{\"@id\":\"https:\/\/www.suno.com.br\/noticias\/byd-pretende-adquirir-fabrica-ford-sao-bernardo\/#primaryimage\"},\"thumbnailUrl\":\"https:\/\/files.sunoresearch.com.br\/n\/uploads\/2019\/12\/2e861f1a-ford-jpg.webp\",\"keywords\":[\"Ford (FDMO34)\"],\"articleSection\":[\"Neg\u00f3cios\"],\"inLanguage\":\"pt-BR\"},{\"@type\":\"WebPage\",\"@id\":\"https:\/\/www.suno.com.br\/noticias\/byd-pretende-adquirir-fabrica-ford-sao-bernardo\/\",\"url\":\"https:\/\/www.suno.com.br\/noticias\/byd-pretende-adquirir-fabrica-ford-sao-bernardo\/\",\"name\":\"Chinesa BYD pretende adquirir f\u00e1brica da Ford em S\u00e3o Bernardo\",\"isPartOf\":{\"@id\":\"https:\/\/www.suno.com.br\/noticias\/#website\"},\"primaryImageOfPage\":{\"@id\":\"https:\/\/www.suno.com.br\/noticias\/byd-pretende-adquirir-fabrica-ford-sao-bernardo\/#primaryimage\"},\"image\":{\"@id\":\"https:\/\/www.suno.com.br\/noticias\/byd-pretende-adquirir-fabrica-ford-sao-bernardo\/#primaryimage\"},\"thumbnailUrl\":\"https:\/\/files.sunoresearch.com.br\/n\/uploads\/2019\/12\/2e861f1a-ford-jpg.webp\",\"datePublished\":\"2019-12-12T20:10:48+00:00\",\"description\":\"A montadora BYD est\u00e1 interessada em comprar a f\u00e1brica da Ford localizada em S\u00e3o Bernardo do Campo, em S\u00e3o Paulo. Clique para saber mais.\",\"breadcrumb\":{\"@id\":\"https:\/\/www.suno.com.br\/noticias\/byd-pretende-adquirir-fabrica-ford-sao-bernardo\/#breadcrumb\"},\"inLanguage\":\"pt-BR\",\"potentialAction\":[{\"@type\":\"ReadAction\",\"target\":[\"https:\/\/www.suno.com.br\/noticias\/byd-pretende-adquirir-fabrica-ford-sao-bernardo\/\"]}]},{\"@type\":\"ImageObject\",\"inLanguage\":\"pt-BR\",\"@id\":\"https:\/\/www.suno.com.br\/noticias\/byd-pretende-adquirir-fabrica-ford-sao-bernardo\/#primaryimage\",\"url\":\"https:\/\/files.sunoresearch.com.br\/n\/uploads\/2019\/12\/2e861f1a-ford-jpg.webp\",\"contentUrl\":\"https:\/\/files.sunoresearch.com.br\/n\/uploads\/2019\/12\/2e861f1a-ford-jpg.webp\",\"width\":1200,\"height\":800,\"caption\":\"Chinesa BYD pretende adquirir f\u00e1brica da Ford em S\u00e3o Bernardo\"},{\"@type\":\"BreadcrumbList\",\"@id\":\"https:\/\/www.suno.com.br\/noticias\/byd-pretende-adquirir-fabrica-ford-sao-bernardo\/#breadcrumb\",\"itemListElement\":[{\"@type\":\"ListItem\",\"position\":1,\"name\":\"Not\u00edcias\",\"item\":\"https:\/\/www.suno.com.br\/noticias\/\"},{\"@type\":\"ListItem\",\"position\":2,\"name\":\"Neg\u00f3cios\",\"item\":\"https:\/\/www.suno.com.br\/noticias\/negocios\/\"},{\"@type\":\"ListItem\",\"position\":3,\"name\":\"Chinesa BYD pretende adquirir f\u00e1brica da Ford em S\u00e3o Bernardo\"}]},{\"@type\":\"WebSite\",\"@id\":\"https:\/\/www.suno.com.br\/noticias\/#website\",\"url\":\"https:\/\/www.suno.com.br\/noticias\/\",\"name\":\"Suno Not\u00edcias\",\"description\":\"Seu portal de informa\u00e7\u00e3o sobre o mundo dos investimentos\",\"publisher\":{\"@id\":\"https:\/\/www.suno.com.br\/noticias\/#organization\"},\"potentialAction\":[{\"@type\":\"SearchAction\",\"target\":{\"@type\":\"EntryPoint\",\"urlTemplate\":\"https:\/\/www.suno.com.br\/noticias\/?s={search_term_string}\"},\"query-input\":{\"@type\":\"PropertyValueSpecification\",\"valueRequired\":true,\"valueName\":\"search_term_string\"}}],\"inLanguage\":\"pt-BR\"},{\"@type\":\"Organization\",\"@id\":\"https:\/\/www.suno.com.br\/noticias\/#organization\",\"name\":\"Suno Not\u00edcias\",\"url\":\"https:\/\/www.suno.com.br\/noticias\/\",\"logo\":{\"@type\":\"ImageObject\",\"inLanguage\":\"pt-BR\",\"@id\":\"https:\/\/www.suno.com.br\/noticias\/#\/schema\/logo\/image\/\",\"url\":\"https:\/\/files.sunoresearch.com.br\/n\/uploads\/2021\/09\/suno-logo.png\",\"contentUrl\":\"https:\/\/files.sunoresearch.com.br\/n\/uploads\/2021\/09\/suno-logo.png\",\"width\":180,\"height\":180,\"caption\":\"Suno Not\u00edcias\"},\"image\":{\"@id\":\"https:\/\/www.suno.com.br\/noticias\/#\/schema\/logo\/image\/\"},\"sameAs\":[\"https:\/\/facebook.com\/sunoresearch\",\"https:\/\/x.com\/sunoresearch\",\"https:\/\/www.instagram.com\/suno\",\"https:\/\/www.linkedin.com\/company\/suno-research\/\",\"https:\/\/www.youtube.com\/c\/sunoresearch\"]},{\"@type\":\"Person\",\"@id\":\"https:\/\/www.suno.com.br\/noticias\/#\/schema\/person\/4e19e3d2575736e5283d58eb3199d120\",\"name\":\"Giovanna Oliveira\",\"image\":{\"@type\":\"ImageObject\",\"inLanguage\":\"pt-BR\",\"@id\":\"https:\/\/www.suno.com.br\/noticias\/#\/schema\/person\/image\/\",\"url\":\"https:\/\/secure.gravatar.com\/avatar\/9a37b3ae208962ac568992d0ffdbc2eb?s=96&r=g\",\"contentUrl\":\"https:\/\/secure.gravatar.com\/avatar\/9a37b3ae208962ac568992d0ffdbc2eb?s=96&r=g\",\"caption\":\"Giovanna Oliveira\"},\"description\":\"Giovanna Oliveira escreve sobre economia e pol\u00edtica. Foi rep\u00f3rter do portal de jornalismo da ESPM-SP e produziu conte\u00fado para a Corinthians TV. \u00c9 estudante da ESPM.\",\"url\":\"https:\/\/www.suno.com.br\/noticias\/author\/giovanna\/\"}]}<\/script>\n<!-- \/ Yoast SEO plugin. -->","yoast_head_json":{"title":"Chinesa BYD pretende adquirir f\u00e1brica da Ford em S\u00e3o Bernardo","description":"A montadora BYD est\u00e1 interessada em comprar a f\u00e1brica da Ford localizada em S\u00e3o Bernardo do Campo, em S\u00e3o Paulo. Clique para saber mais.","robots":{"index":"index","follow":"follow","max-snippet":"max-snippet:-1","max-image-preview":"max-image-preview:large","max-video-preview":"max-video-preview:-1"},"canonical":"https:\/\/www.suno.com.br\/noticias\/byd-pretende-adquirir-fabrica-ford-sao-bernardo\/","og_locale":"pt_BR","og_type":"article","og_title":"Chinesa BYD pretende adquirir f\u00e1brica da Ford em S\u00e3o Bernardo","og_description":"A montadora BYD est\u00e1 interessada em comprar a f\u00e1brica da Ford localizada em S\u00e3o Bernardo do Campo, em S\u00e3o Paulo. Clique para saber mais.","og_url":"https:\/\/www.suno.com.br\/noticias\/byd-pretende-adquirir-fabrica-ford-sao-bernardo\/","og_site_name":"Suno Not\u00edcias","article_publisher":"https:\/\/facebook.com\/sunoresearch","og_image":[{"width":1200,"height":800,"url":"https:\/\/files.sunoresearch.com.br\/n\/uploads\/2019\/12\/2e861f1a-ford.jpg","type":"image\/jpeg"}],"author":"Giovanna Oliveira","twitter_card":"summary_large_image","twitter_creator":"@sunoresearch","twitter_site":"@sunoresearch","twitter_misc":{"Escrito por":"Giovanna Oliveira","Est. tempo de leitura":"2 minutos"},"schema":{"@context":"https:\/\/schema.org","@graph":[{"@type":"NewsArticle","@id":"https:\/\/www.suno.com.br\/noticias\/byd-pretende-adquirir-fabrica-ford-sao-bernardo\/#article","isPartOf":{"@id":"https:\/\/www.suno.com.br\/noticias\/byd-pretende-adquirir-fabrica-ford-sao-bernardo\/"},"author":{"name":"Giovanna Oliveira","@id":"https:\/\/www.suno.com.br\/noticias\/#\/schema\/person\/4e19e3d2575736e5283d58eb3199d120"},"headline":"Chinesa BYD pretende adquirir f\u00e1brica da Ford em S\u00e3o Bernardo","datePublished":"2019-12-12T20:10:48+00:00","mainEntityOfPage":{"@id":"https:\/\/www.suno.com.br\/noticias\/byd-pretende-adquirir-fabrica-ford-sao-bernardo\/"},"wordCount":387,"publisher":{"@id":"https:\/\/www.suno.com.br\/noticias\/#organization"},"image":{"@id":"https:\/\/www.suno.com.br\/noticias\/byd-pretende-adquirir-fabrica-ford-sao-bernardo\/#primaryimage"},"thumbnailUrl":"https:\/\/files.sunoresearch.com.br\/n\/uploads\/2019\/12\/2e861f1a-ford-jpg.webp","keywords":["Ford (FDMO34)"],"articleSection":["Neg\u00f3cios"],"inLanguage":"pt-BR"},{"@type":"WebPage","@id":"https:\/\/www.suno.com.br\/noticias\/byd-pretende-adquirir-fabrica-ford-sao-bernardo\/","url":"https:\/\/www.suno.com.br\/noticias\/byd-pretende-adquirir-fabrica-ford-sao-bernardo\/","name":"Chinesa BYD pretende adquirir f\u00e1brica da Ford em S\u00e3o Bernardo","isPartOf":{"@id":"https:\/\/www.suno.com.br\/noticias\/#website"},"primaryImageOfPage":{"@id":"https:\/\/www.suno.com.br\/noticias\/byd-pretende-adquirir-fabrica-ford-sao-bernardo\/#primaryimage"},"image":{"@id":"https:\/\/www.suno.com.br\/noticias\/byd-pretende-adquirir-fabrica-ford-sao-bernardo\/#primaryimage"},"thumbnailUrl":"https:\/\/files.sunoresearch.com.br\/n\/uploads\/2019\/12\/2e861f1a-ford-jpg.webp","datePublished":"2019-12-12T20:10:48+00:00","description":"A montadora BYD est\u00e1 interessada em comprar a f\u00e1brica da Ford localizada em S\u00e3o Bernardo do Campo, em S\u00e3o Paulo. Clique para saber mais.","breadcrumb":{"@id":"https:\/\/www.suno.com.br\/noticias\/byd-pretende-adquirir-fabrica-ford-sao-bernardo\/#breadcrumb"},"inLanguage":"pt-BR","potentialAction":[{"@type":"ReadAction","target":["https:\/\/www.suno.com.br\/noticias\/byd-pretende-adquirir-fabrica-ford-sao-bernardo\/"]}]},{"@type":"ImageObject","inLanguage":"pt-BR","@id":"https:\/\/www.suno.com.br\/noticias\/byd-pretende-adquirir-fabrica-ford-sao-bernardo\/#primaryimage","url":"https:\/\/files.sunoresearch.com.br\/n\/uploads\/2019\/12\/2e861f1a-ford-jpg.webp","contentUrl":"https:\/\/files.sunoresearch.com.br\/n\/uploads\/2019\/12\/2e861f1a-ford-jpg.webp","width":1200,"height":800,"caption":"Chinesa BYD pretende adquirir f\u00e1brica da Ford em S\u00e3o Bernardo"},{"@type":"BreadcrumbList","@id":"https:\/\/www.suno.com.br\/noticias\/byd-pretende-adquirir-fabrica-ford-sao-bernardo\/#breadcrumb","itemListElement":[{"@type":"ListItem","position":1,"name":"Not\u00edcias","item":"https:\/\/www.suno.com.br\/noticias\/"},{"@type":"ListItem","position":2,"name":"Neg\u00f3cios","item":"https:\/\/www.suno.com.br\/noticias\/negocios\/"},{"@type":"ListItem","position":3,"name":"Chinesa BYD pretende adquirir f\u00e1brica da Ford em S\u00e3o Bernardo"}]},{"@type":"WebSite","@id":"https:\/\/www.suno.com.br\/noticias\/#website","url":"https:\/\/www.suno.com.br\/noticias\/","name":"Suno Not\u00edcias","description":"Seu portal de informa\u00e7\u00e3o sobre o mundo dos investimentos","publisher":{"@id":"https:\/\/www.suno.com.br\/noticias\/#organization"},"potentialAction":[{"@type":"SearchAction","target":{"@type":"EntryPoint","urlTemplate":"https:\/\/www.suno.com.br\/noticias\/?s={search_term_string}"},"query-input":{"@type":"PropertyValueSpecification","valueRequired":true,"valueName":"search_term_string"}}],"inLanguage":"pt-BR"},{"@type":"Organization","@id":"https:\/\/www.suno.com.br\/noticias\/#organization","name":"Suno Not\u00edcias","url":"https:\/\/www.suno.com.br\/noticias\/","logo":{"@type":"ImageObject","inLanguage":"pt-BR","@id":"https:\/\/www.suno.com.br\/noticias\/#\/schema\/logo\/image\/","url":"https:\/\/files.sunoresearch.com.br\/n\/uploads\/2021\/09\/suno-logo.png","contentUrl":"https:\/\/files.sunoresearch.com.br\/n\/uploads\/2021\/09\/suno-logo.png","width":180,"height":180,"caption":"Suno Not\u00edcias"},"image":{"@id":"https:\/\/www.suno.com.br\/noticias\/#\/schema\/logo\/image\/"},"sameAs":["https:\/\/facebook.com\/sunoresearch","https:\/\/x.com\/sunoresearch","https:\/\/www.instagram.com\/suno","https:\/\/www.linkedin.com\/company\/suno-research\/","https:\/\/www.youtube.com\/c\/sunoresearch"]},{"@type":"Person","@id":"https:\/\/www.suno.com.br\/noticias\/#\/schema\/person\/4e19e3d2575736e5283d58eb3199d120","name":"Giovanna Oliveira","image":{"@type":"ImageObject","inLanguage":"pt-BR","@id":"https:\/\/www.suno.com.br\/noticias\/#\/schema\/person\/image\/","url":"https:\/\/secure.gravatar.com\/avatar\/9a37b3ae208962ac568992d0ffdbc2eb?s=96&r=g","contentUrl":"https:\/\/secure.gravatar.com\/avatar\/9a37b3ae208962ac568992d0ffdbc2eb?s=96&r=g","caption":"Giovanna Oliveira"},"description":"Giovanna Oliveira escreve sobre economia e pol\u00edtica. Foi rep\u00f3rter do portal de jornalismo da ESPM-SP e produziu conte\u00fado para a Corinthians TV. \u00c9 estudante da ESPM.","url":"https:\/\/www.suno.com.br\/noticias\/author\/giovanna\/"}]}},"default_loop_html":"<div class=\"cardsPage__listCard__boxs\"><div class=\"cardsPage__listCard__boxs__img\"><a href=\"https:\/\/www.suno.com.br\/noticias\/byd-pretende-adquirir-fabrica-ford-sao-bernardo\/\"><img class=\"mask\" src=\"https:\/\/www.suno.com.br\/noticias\/wp-content\/themes\/suno\/resources\/images\/spotlight\/spotlight1img\/bg-mask.png\" alt=\"Image Mask\"\/><img src=\"https:\/\/files.sunoresearch.com.br\/n\/uploads\/2019\/12\/2e861f1a-ford-400x200.webp\" alt=\"Chinesa BYD pretende adquirir f\u00e1brica da Ford em S\u00e3o Bernardo\"\/><\/a><span class=\"spotlightCategory\"><a href=\"https:\/\/www.suno.com.br\/noticias\/negocios\/\">Neg\u00f3cios<\/a><\/span><\/div><div class=\"cardsPage__listCard__boxs__content\"><a href=\"https:\/\/www.suno.com.br\/noticias\/byd-pretende-adquirir-fabrica-ford-sao-bernardo\/\"><h2 class=\"content__title\">Chinesa BYD pretende adquirir f\u00e1brica da Ford em S\u00e3o Bernardo<\/h2><\/a><div class=\"newsContent__article__meta\"><div class=\"newsContent__article__meta__authorBox\"><a href=\"https:\/\/www.suno.com.br\/noticias\/author\/giovanna\/\" class=\"authorBox__avatar noMobi\"><img src=\"https:\/\/files.sunoresearch.com.br\/n\/uploads\/2019\/06\/952a89ca-screenshot_20190608-171507-150x150.webp\" alt=\"Giovanna Oliveira\"><\/a><div class=\"authorBox__name\"><span>por\n\t\t\t<a href=\"https:\/\/www.suno.com.br\/noticias\/author\/giovanna\/\"><span itemprop=\"author\">Giovanna Oliveira<\/span><\/a><\/span><time datetime=\"2019-12-12T18:10:48-03:00\" itemprop=\"datePublished\">12\/12\/2019 18:10<\/time><\/div><\/div><\/div><\/div><\/div>","single_layout":"posts","amp_enabled":true,"_links":{"self":[{"href":"https:\/\/www.suno.com.br\/noticias\/wp-json\/wp\/v2\/posts\/47666"}],"collection":[{"href":"https:\/\/www.suno.com.br\/noticias\/wp-json\/wp\/v2\/posts"}],"about":[{"href":"https:\/\/www.suno.com.br\/noticias\/wp-json\/wp\/v2\/types\/post"}],"author":[{"embeddable":true,"href":"https:\/\/www.suno.com.br\/noticias\/wp-json\/wp\/v2\/users\/18"}],"replies":[{"embeddable":true,"href":"https:\/\/www.suno.com.br\/noticias\/wp-json\/wp\/v2\/comments?post=47666"}],"version-history":[{"count":0,"href":"https:\/\/www.suno.com.br\/noticias\/wp-json\/wp\/v2\/posts\/47666\/revisions"}],"wp:featuredmedia":[{"embeddable":true,"href":"https:\/\/www.suno.com.br\/noticias\/wp-json\/wp\/v2\/media\/47668"}],"wp:attachment":[{"href":"https:\/\/www.suno.com.br\/noticias\/wp-json\/wp\/v2\/media?parent=47666"}],"wp:term":[{"taxonomy":"category","embeddable":true,"href":"https:\/\/www.suno.com.br\/noticias\/wp-json\/wp\/v2\/categories?post=47666"},{"taxonomy":"post_tag","embeddable":true,"href":"https:\/\/www.suno.com.br\/noticias\/wp-json\/wp\/v2\/tags?post=47666"},{"taxonomy":"suno_strategy","embeddable":true,"href":"https:\/\/www.suno.com.br\/noticias\/wp-json\/wp\/v2\/suno_strategy?post=47666"}],"curies":[{"name":"wp","href":"https:\/\/api.w.org\/{rel}","templated":true}]}}