{"id":47653,"date":"2019-12-12T16:00:57","date_gmt":"2019-12-12T18:00:57","guid":{"rendered":"https:\/\/www.suno.com.br\/noticias\/?p=47653"},"modified":"2021-02-19T15:20:44","modified_gmt":"2021-02-19T18:20:44","slug":"safra-predio-btg-r-1-05-bi-via-fundo-imobiliario","status":"publish","type":"post","link":"https:\/\/www.suno.com.br\/noticias\/safra-predio-btg-r-1-05-bi-via-fundo-imobiliario\/","title":{"rendered":"Safra compra pr\u00e9dio que era administrado pelo BTG por R$ 1,05 bi"},"content":{"rendered":"<p>O Banco Safra informou ao mercado que os cotistas aprovaram em assembleia geral a compra do <strong>Condom\u00ednio Tower Bridge Corporate<\/strong>, que era administrado pelo <strong>BTG Pactual<\/strong>. O neg\u00f3cio foi feito por meio do fundo imobili\u00e1rio, o <strong>JS Real Estate Multigest\u00e3o (JSRE11)<\/strong>. O valor total do neg\u00f3cio ficou em R$ 1,05 bilh\u00e3o.<\/p>\t<div class=\"wrapper-featured-image\">\n\t\t<figure class=\"spotlightImg\">\n\n\t\t\t<picture>\n\t\t\t\t<source media=\"(max-width: 768px)\" srcset=\"https:\/\/files.sunoresearch.com.br\/n\/uploads\/2019\/04\/00fd9396-banco-safra-400x200.webp\">\n\t\t\t\t<img loading=\"lazy\" decoding=\"async\" class=\"newsContent__article__imgCapa lazyloadDisabled newsContent__article__imgCapa--noCaption\" src=\"https:\/\/files.sunoresearch.com.br\/n\/uploads\/2019\/04\/00fd9396-banco-safra-800x450.webp\" width=\"800\" height=\"450\" alt=\"Safra compra pr\u00e9dio que era administrado pelo BTG por R$ 1,05 bi\" fetchpriority=high \/>\n\t\t\t<\/picture>\n\n\t\t\t<figcaption class=\"wp-caption-text wp-caption-text--hide\">Banco Safra recomenda a\u00e7\u00f5es para 2022, prevendo ano fraco para o Ibovespa. Foto: divulga\u00e7\u00e3o.<\/figcaption>\n\t\t<\/figure>\n\t<\/div>\n\n\n<p><a href=\"https:\/\/lp.suno.com.br\/relatorio-gratuito-ipo-xp\/?utm_source=noticias&amp;utm_medium=noticia&amp;utm_campaign=preficicacao_xp\">Baixe o relat\u00f3rio gratuito da SUNO sobre o IPO da XP Investimentos\u00a0<\/a><\/p>\n<p>O pr\u00e9dio adquirido pelo Banco <strong>Safra<\/strong> fica na Zona Sul de S\u00e3o Paulo, na avenida Jornalista Roberto Marinho, regi\u00e3o nobre da capital. O <strong>BTG<\/strong> administrava o pr\u00e9dio antes da negocia\u00e7\u00e3o, por meio do fundo imobili\u00e1rio <strong>TB Office (TBOF11)<\/strong>.<\/p>\n\n<p>\u201cA conclus\u00e3o da aquisi\u00e7\u00e3o pelo fundo est\u00e1 sujeita a satisfa\u00e7\u00e3o de condi\u00e7\u00f5es resolutivas, incluindo a conclus\u00e3o satisfat\u00f3ria, a crit\u00e9rio exclusivo do fundo, de processo de devida dilig\u00eancia (due diligence)\u201d, diz a nota.<\/p>\n<h2>Negocia\u00e7\u00e3o pelo empreendimento<\/h2>\n<p>Em meados de novembro, o Suno Not\u00edcias publicou uma mat\u00e9ria trazendo novas informa\u00e7\u00f5es sobre a compra do condom\u00ednio Tower Bridge Corporate, \u00fanico ativo do <a href=\"https:\/\/www.suno.com.br\/artigos\/o-guia-definitivo-de-fundos-imobiliarios\/\"><strong>fundo imobili\u00e1rio<\/strong><\/a> <strong>TB Office<\/strong> (<a href=\"https:\/\/www.suno.com.br\/artigos\/tbof11\/\">TBOF11<\/a>). Na \u00e9poca, o pr\u00e9dio havia acabado de receber uma nova proposta do JS Real Estate Multigest\u00e3o (JSRE11), do Banco <strong>Safra<\/strong>.<\/p>\n<p><a href=\"https:\/\/www.suno.com.br\/noticias\/banco-safra-alberto-corsetti-novo-presidente\/\">Veja tamb\u00e9m: Banco Safra: Alberto Corsetti ser\u00e1 o novo presidente da institui\u00e7\u00e3o<\/a><\/p>\n<p>Segundo apurou o <strong>Suno Not\u00edcias<\/strong>, na assembleia que ocorreu no dia 18 de novembro, o fundo Hedge AAA, primeiro a demonstrar interesse pelo condom\u00ednio <strong>TB Office<\/strong>, tentou igualar a proposta feita no dia 14 de novembro pelo JSRE11, do Safra, de R$ 1 bilh\u00e3o.<\/p>\n<p>Os gestores do JSRE11, por\u00e9m, aumentaram o valor em 5%, para R$ 1,055 bilh\u00e3o (ou R$ 105 por cota) ainda na assembleia do dia 18. N\u00e3o houve contraproposta. Dessa forma, ap\u00f3s 24 dias, a proposta do <strong>Banco Safra <\/strong>foi aceita e o neg\u00f3cio finalmente foi fechado. Vale destacar tamb\u00e9m que a\u00a0novela sobre a compra do Tower Bridge Corporate come\u00e7ou com o interesse da Hedge Investments<strong>.<\/strong><\/p>\n\n","protected":false},"excerpt":{"rendered":"<p>O Banco Safra informou ao mercado que os cotistas aprovaram em assembleia geral a compra do Condom\u00ednio Tower Bridge Corporate, que era administrado pelo BTG Pactual. O neg\u00f3cio foi feito por meio do fundo imobili\u00e1rio, o JS Real Estate Multigest\u00e3o (JSRE11). O valor total do neg\u00f3cio ficou em R$ 1,05 bilh\u00e3o. Banco Safra recomenda a\u00e7\u00f5es [&hellip;]<\/p>\n","protected":false},"author":19,"featured_media":20226,"comment_status":"closed","ping_status":"closed","sticky":false,"template":"","format":"standard","meta":[],"categories":[64],"tags":[1518,399,105804],"suno_strategy":[],"class_list":["post-47653","post","type-post","status-publish","format-standard","has-post-thumbnail","hentry","category-negocios","tag-banco-safra","tag-btg-pactual-bpac11-bpac3-bpac5","tag-tbof11"],"yoast_head":"<!-- This site is optimized with the Yoast SEO plugin v24.4 - https:\/\/yoast.com\/wordpress\/plugins\/seo\/ -->\n<title>Safra compra pr\u00e9dio que era do BTG por R$ 1,05 bi via fundo imobili\u00e1rio<\/title>\n<meta name=\"description\" content=\"O Banco Safra informou ao mercado que os cotistas aprovaram em assembleia geral a compra do Condom\u00ednio Tower Bridge Corporate. Saiba mais.\" \/>\n<meta name=\"robots\" content=\"index, follow, max-snippet:-1, max-image-preview:large, max-video-preview:-1\" \/>\n<link rel=\"canonical\" href=\"https:\/\/www.suno.com.br\/noticias\/safra-predio-btg-r-1-05-bi-via-fundo-imobiliario\/\" \/>\n<meta property=\"og:locale\" content=\"pt_BR\" \/>\n<meta property=\"og:type\" content=\"article\" \/>\n<meta property=\"og:title\" content=\"Safra compra pr\u00e9dio que era do BTG por R$ 1,05 bi via fundo imobili\u00e1rio\" \/>\n<meta property=\"og:description\" content=\"O Banco Safra informou ao mercado que os cotistas aprovaram em assembleia geral a compra do Condom\u00ednio Tower Bridge Corporate. Saiba mais.\" \/>\n<meta property=\"og:url\" content=\"https:\/\/www.suno.com.br\/noticias\/safra-predio-btg-r-1-05-bi-via-fundo-imobiliario\/\" \/>\n<meta property=\"og:site_name\" content=\"Suno Not\u00edcias\" \/>\n<meta property=\"article:publisher\" content=\"https:\/\/facebook.com\/sunoresearch\" \/>\n<meta property=\"og:image\" content=\"https:\/\/files.sunoresearch.com.br\/n\/uploads\/2019\/04\/00fd9396-banco-safra.jpeg\" \/>\n\t<meta property=\"og:image:width\" content=\"3000\" \/>\n\t<meta property=\"og:image:height\" content=\"2002\" \/>\n\t<meta property=\"og:image:type\" content=\"image\/jpeg\" \/>\n<meta name=\"author\" content=\"Juliano Passaro\" \/>\n<meta name=\"twitter:card\" content=\"summary_large_image\" \/>\n<meta name=\"twitter:creator\" content=\"@sunoresearch\" \/>\n<meta name=\"twitter:site\" content=\"@sunoresearch\" \/>\n<meta name=\"twitter:label1\" content=\"Escrito por\" \/>\n\t<meta name=\"twitter:data1\" content=\"Juliano Passaro\" \/>\n\t<meta name=\"twitter:label2\" content=\"Est. tempo de leitura\" \/>\n\t<meta name=\"twitter:data2\" content=\"2 minutos\" \/>\n<script type=\"application\/ld+json\" class=\"yoast-schema-graph\">{\"@context\":\"https:\/\/schema.org\",\"@graph\":[{\"@type\":\"NewsArticle\",\"@id\":\"https:\/\/www.suno.com.br\/noticias\/safra-predio-btg-r-1-05-bi-via-fundo-imobiliario\/#article\",\"isPartOf\":{\"@id\":\"https:\/\/www.suno.com.br\/noticias\/safra-predio-btg-r-1-05-bi-via-fundo-imobiliario\/\"},\"author\":{\"name\":\"Juliano Passaro\",\"@id\":\"https:\/\/www.suno.com.br\/noticias\/#\/schema\/person\/1db762f78ffd8919a648a63e425953e3\"},\"headline\":\"Safra compra pr\u00e9dio que era administrado pelo BTG por R$ 1,05 bi\",\"datePublished\":\"2019-12-12T18:00:57+00:00\",\"dateModified\":\"2021-02-19T18:20:44+00:00\",\"mainEntityOfPage\":{\"@id\":\"https:\/\/www.suno.com.br\/noticias\/safra-predio-btg-r-1-05-bi-via-fundo-imobiliario\/\"},\"wordCount\":359,\"publisher\":{\"@id\":\"https:\/\/www.suno.com.br\/noticias\/#organization\"},\"image\":{\"@id\":\"https:\/\/www.suno.com.br\/noticias\/safra-predio-btg-r-1-05-bi-via-fundo-imobiliario\/#primaryimage\"},\"thumbnailUrl\":\"https:\/\/files.sunoresearch.com.br\/n\/uploads\/2019\/04\/00fd9396-banco-safra-scaled.webp\",\"keywords\":[\"Banco Safra\",\"BTG Pactual (BPAC11\/BPAC3\/BPAC5)\",\"TBOF11\"],\"articleSection\":[\"Neg\u00f3cios\"],\"inLanguage\":\"pt-BR\"},{\"@type\":\"WebPage\",\"@id\":\"https:\/\/www.suno.com.br\/noticias\/safra-predio-btg-r-1-05-bi-via-fundo-imobiliario\/\",\"url\":\"https:\/\/www.suno.com.br\/noticias\/safra-predio-btg-r-1-05-bi-via-fundo-imobiliario\/\",\"name\":\"Safra compra pr\u00e9dio que era do BTG por R$ 1,05 bi via fundo imobili\u00e1rio\",\"isPartOf\":{\"@id\":\"https:\/\/www.suno.com.br\/noticias\/#website\"},\"primaryImageOfPage\":{\"@id\":\"https:\/\/www.suno.com.br\/noticias\/safra-predio-btg-r-1-05-bi-via-fundo-imobiliario\/#primaryimage\"},\"image\":{\"@id\":\"https:\/\/www.suno.com.br\/noticias\/safra-predio-btg-r-1-05-bi-via-fundo-imobiliario\/#primaryimage\"},\"thumbnailUrl\":\"https:\/\/files.sunoresearch.com.br\/n\/uploads\/2019\/04\/00fd9396-banco-safra-scaled.webp\",\"datePublished\":\"2019-12-12T18:00:57+00:00\",\"dateModified\":\"2021-02-19T18:20:44+00:00\",\"description\":\"O Banco Safra informou ao mercado que os cotistas aprovaram em assembleia geral a compra do Condom\u00ednio Tower Bridge Corporate. Saiba mais.\",\"breadcrumb\":{\"@id\":\"https:\/\/www.suno.com.br\/noticias\/safra-predio-btg-r-1-05-bi-via-fundo-imobiliario\/#breadcrumb\"},\"inLanguage\":\"pt-BR\",\"potentialAction\":[{\"@type\":\"ReadAction\",\"target\":[\"https:\/\/www.suno.com.br\/noticias\/safra-predio-btg-r-1-05-bi-via-fundo-imobiliario\/\"]}]},{\"@type\":\"ImageObject\",\"inLanguage\":\"pt-BR\",\"@id\":\"https:\/\/www.suno.com.br\/noticias\/safra-predio-btg-r-1-05-bi-via-fundo-imobiliario\/#primaryimage\",\"url\":\"https:\/\/files.sunoresearch.com.br\/n\/uploads\/2019\/04\/00fd9396-banco-safra-scaled.webp\",\"contentUrl\":\"https:\/\/files.sunoresearch.com.br\/n\/uploads\/2019\/04\/00fd9396-banco-safra-scaled.webp\",\"width\":2560,\"height\":1708,\"caption\":\"Banco Safra recomenda a\u00e7\u00f5es para 2022, prevendo ano fraco para o Ibovespa. Foto: divulga\u00e7\u00e3o.\"},{\"@type\":\"BreadcrumbList\",\"@id\":\"https:\/\/www.suno.com.br\/noticias\/safra-predio-btg-r-1-05-bi-via-fundo-imobiliario\/#breadcrumb\",\"itemListElement\":[{\"@type\":\"ListItem\",\"position\":1,\"name\":\"Not\u00edcias\",\"item\":\"https:\/\/www.suno.com.br\/noticias\/\"},{\"@type\":\"ListItem\",\"position\":2,\"name\":\"Neg\u00f3cios\",\"item\":\"https:\/\/www.suno.com.br\/noticias\/negocios\/\"},{\"@type\":\"ListItem\",\"position\":3,\"name\":\"Safra compra pr\u00e9dio que era administrado pelo BTG por R$ 1,05 bi\"}]},{\"@type\":\"WebSite\",\"@id\":\"https:\/\/www.suno.com.br\/noticias\/#website\",\"url\":\"https:\/\/www.suno.com.br\/noticias\/\",\"name\":\"Suno Not\u00edcias\",\"description\":\"Seu portal de informa\u00e7\u00e3o sobre o mundo dos investimentos\",\"publisher\":{\"@id\":\"https:\/\/www.suno.com.br\/noticias\/#organization\"},\"potentialAction\":[{\"@type\":\"SearchAction\",\"target\":{\"@type\":\"EntryPoint\",\"urlTemplate\":\"https:\/\/www.suno.com.br\/noticias\/?s={search_term_string}\"},\"query-input\":{\"@type\":\"PropertyValueSpecification\",\"valueRequired\":true,\"valueName\":\"search_term_string\"}}],\"inLanguage\":\"pt-BR\"},{\"@type\":\"Organization\",\"@id\":\"https:\/\/www.suno.com.br\/noticias\/#organization\",\"name\":\"Suno Not\u00edcias\",\"url\":\"https:\/\/www.suno.com.br\/noticias\/\",\"logo\":{\"@type\":\"ImageObject\",\"inLanguage\":\"pt-BR\",\"@id\":\"https:\/\/www.suno.com.br\/noticias\/#\/schema\/logo\/image\/\",\"url\":\"https:\/\/files.sunoresearch.com.br\/n\/uploads\/2021\/09\/suno-logo.png\",\"contentUrl\":\"https:\/\/files.sunoresearch.com.br\/n\/uploads\/2021\/09\/suno-logo.png\",\"width\":180,\"height\":180,\"caption\":\"Suno Not\u00edcias\"},\"image\":{\"@id\":\"https:\/\/www.suno.com.br\/noticias\/#\/schema\/logo\/image\/\"},\"sameAs\":[\"https:\/\/facebook.com\/sunoresearch\",\"https:\/\/x.com\/sunoresearch\",\"https:\/\/www.instagram.com\/suno\",\"https:\/\/www.linkedin.com\/company\/suno-research\/\",\"https:\/\/www.youtube.com\/c\/sunoresearch\"]},{\"@type\":\"Person\",\"@id\":\"https:\/\/www.suno.com.br\/noticias\/#\/schema\/person\/1db762f78ffd8919a648a63e425953e3\",\"name\":\"Juliano Passaro\",\"image\":{\"@type\":\"ImageObject\",\"inLanguage\":\"pt-BR\",\"@id\":\"https:\/\/www.suno.com.br\/noticias\/#\/schema\/person\/image\/\",\"url\":\"https:\/\/secure.gravatar.com\/avatar\/743d4df28eebf6dcc46b4ad03c319e92?s=96&r=g\",\"contentUrl\":\"https:\/\/secure.gravatar.com\/avatar\/743d4df28eebf6dcc46b4ad03c319e92?s=96&r=g\",\"caption\":\"Juliano Passaro\"},\"description\":\"Juliano Passaro escreve sobre pol\u00edtica, economia e neg\u00f3cios para o portal da Suno Research. Antes da Suno, trabalhou no Portal da Band. \u00c9 formado em jornalismo pela Universidade Presbiteriana Mackenzie.\",\"url\":\"https:\/\/www.suno.com.br\/noticias\/author\/juliano\/\"}]}<\/script>\n<!-- \/ Yoast SEO plugin. -->","yoast_head_json":{"title":"Safra compra pr\u00e9dio que era do BTG por R$ 1,05 bi via fundo imobili\u00e1rio","description":"O Banco Safra informou ao mercado que os cotistas aprovaram em assembleia geral a compra do Condom\u00ednio Tower Bridge Corporate. Saiba mais.","robots":{"index":"index","follow":"follow","max-snippet":"max-snippet:-1","max-image-preview":"max-image-preview:large","max-video-preview":"max-video-preview:-1"},"canonical":"https:\/\/www.suno.com.br\/noticias\/safra-predio-btg-r-1-05-bi-via-fundo-imobiliario\/","og_locale":"pt_BR","og_type":"article","og_title":"Safra compra pr\u00e9dio que era do BTG por R$ 1,05 bi via fundo imobili\u00e1rio","og_description":"O Banco Safra informou ao mercado que os cotistas aprovaram em assembleia geral a compra do Condom\u00ednio Tower Bridge Corporate. Saiba mais.","og_url":"https:\/\/www.suno.com.br\/noticias\/safra-predio-btg-r-1-05-bi-via-fundo-imobiliario\/","og_site_name":"Suno Not\u00edcias","article_publisher":"https:\/\/facebook.com\/sunoresearch","og_image":[{"width":3000,"height":2002,"url":"https:\/\/files.sunoresearch.com.br\/n\/uploads\/2019\/04\/00fd9396-banco-safra.jpeg","type":"image\/jpeg"}],"author":"Juliano Passaro","twitter_card":"summary_large_image","twitter_creator":"@sunoresearch","twitter_site":"@sunoresearch","twitter_misc":{"Escrito por":"Juliano Passaro","Est. tempo de leitura":"2 minutos"},"schema":{"@context":"https:\/\/schema.org","@graph":[{"@type":"NewsArticle","@id":"https:\/\/www.suno.com.br\/noticias\/safra-predio-btg-r-1-05-bi-via-fundo-imobiliario\/#article","isPartOf":{"@id":"https:\/\/www.suno.com.br\/noticias\/safra-predio-btg-r-1-05-bi-via-fundo-imobiliario\/"},"author":{"name":"Juliano Passaro","@id":"https:\/\/www.suno.com.br\/noticias\/#\/schema\/person\/1db762f78ffd8919a648a63e425953e3"},"headline":"Safra compra pr\u00e9dio que era administrado pelo BTG por R$ 1,05 bi","datePublished":"2019-12-12T18:00:57+00:00","dateModified":"2021-02-19T18:20:44+00:00","mainEntityOfPage":{"@id":"https:\/\/www.suno.com.br\/noticias\/safra-predio-btg-r-1-05-bi-via-fundo-imobiliario\/"},"wordCount":359,"publisher":{"@id":"https:\/\/www.suno.com.br\/noticias\/#organization"},"image":{"@id":"https:\/\/www.suno.com.br\/noticias\/safra-predio-btg-r-1-05-bi-via-fundo-imobiliario\/#primaryimage"},"thumbnailUrl":"https:\/\/files.sunoresearch.com.br\/n\/uploads\/2019\/04\/00fd9396-banco-safra-scaled.webp","keywords":["Banco Safra","BTG Pactual (BPAC11\/BPAC3\/BPAC5)","TBOF11"],"articleSection":["Neg\u00f3cios"],"inLanguage":"pt-BR"},{"@type":"WebPage","@id":"https:\/\/www.suno.com.br\/noticias\/safra-predio-btg-r-1-05-bi-via-fundo-imobiliario\/","url":"https:\/\/www.suno.com.br\/noticias\/safra-predio-btg-r-1-05-bi-via-fundo-imobiliario\/","name":"Safra compra pr\u00e9dio que era do BTG por R$ 1,05 bi via fundo imobili\u00e1rio","isPartOf":{"@id":"https:\/\/www.suno.com.br\/noticias\/#website"},"primaryImageOfPage":{"@id":"https:\/\/www.suno.com.br\/noticias\/safra-predio-btg-r-1-05-bi-via-fundo-imobiliario\/#primaryimage"},"image":{"@id":"https:\/\/www.suno.com.br\/noticias\/safra-predio-btg-r-1-05-bi-via-fundo-imobiliario\/#primaryimage"},"thumbnailUrl":"https:\/\/files.sunoresearch.com.br\/n\/uploads\/2019\/04\/00fd9396-banco-safra-scaled.webp","datePublished":"2019-12-12T18:00:57+00:00","dateModified":"2021-02-19T18:20:44+00:00","description":"O Banco Safra informou ao mercado que os cotistas aprovaram em assembleia geral a compra do Condom\u00ednio Tower Bridge Corporate. Saiba mais.","breadcrumb":{"@id":"https:\/\/www.suno.com.br\/noticias\/safra-predio-btg-r-1-05-bi-via-fundo-imobiliario\/#breadcrumb"},"inLanguage":"pt-BR","potentialAction":[{"@type":"ReadAction","target":["https:\/\/www.suno.com.br\/noticias\/safra-predio-btg-r-1-05-bi-via-fundo-imobiliario\/"]}]},{"@type":"ImageObject","inLanguage":"pt-BR","@id":"https:\/\/www.suno.com.br\/noticias\/safra-predio-btg-r-1-05-bi-via-fundo-imobiliario\/#primaryimage","url":"https:\/\/files.sunoresearch.com.br\/n\/uploads\/2019\/04\/00fd9396-banco-safra-scaled.webp","contentUrl":"https:\/\/files.sunoresearch.com.br\/n\/uploads\/2019\/04\/00fd9396-banco-safra-scaled.webp","width":2560,"height":1708,"caption":"Banco Safra recomenda a\u00e7\u00f5es para 2022, prevendo ano fraco para o Ibovespa. Foto: divulga\u00e7\u00e3o."},{"@type":"BreadcrumbList","@id":"https:\/\/www.suno.com.br\/noticias\/safra-predio-btg-r-1-05-bi-via-fundo-imobiliario\/#breadcrumb","itemListElement":[{"@type":"ListItem","position":1,"name":"Not\u00edcias","item":"https:\/\/www.suno.com.br\/noticias\/"},{"@type":"ListItem","position":2,"name":"Neg\u00f3cios","item":"https:\/\/www.suno.com.br\/noticias\/negocios\/"},{"@type":"ListItem","position":3,"name":"Safra compra pr\u00e9dio que era administrado pelo BTG por R$ 1,05 bi"}]},{"@type":"WebSite","@id":"https:\/\/www.suno.com.br\/noticias\/#website","url":"https:\/\/www.suno.com.br\/noticias\/","name":"Suno Not\u00edcias","description":"Seu portal de informa\u00e7\u00e3o sobre o mundo dos investimentos","publisher":{"@id":"https:\/\/www.suno.com.br\/noticias\/#organization"},"potentialAction":[{"@type":"SearchAction","target":{"@type":"EntryPoint","urlTemplate":"https:\/\/www.suno.com.br\/noticias\/?s={search_term_string}"},"query-input":{"@type":"PropertyValueSpecification","valueRequired":true,"valueName":"search_term_string"}}],"inLanguage":"pt-BR"},{"@type":"Organization","@id":"https:\/\/www.suno.com.br\/noticias\/#organization","name":"Suno Not\u00edcias","url":"https:\/\/www.suno.com.br\/noticias\/","logo":{"@type":"ImageObject","inLanguage":"pt-BR","@id":"https:\/\/www.suno.com.br\/noticias\/#\/schema\/logo\/image\/","url":"https:\/\/files.sunoresearch.com.br\/n\/uploads\/2021\/09\/suno-logo.png","contentUrl":"https:\/\/files.sunoresearch.com.br\/n\/uploads\/2021\/09\/suno-logo.png","width":180,"height":180,"caption":"Suno Not\u00edcias"},"image":{"@id":"https:\/\/www.suno.com.br\/noticias\/#\/schema\/logo\/image\/"},"sameAs":["https:\/\/facebook.com\/sunoresearch","https:\/\/x.com\/sunoresearch","https:\/\/www.instagram.com\/suno","https:\/\/www.linkedin.com\/company\/suno-research\/","https:\/\/www.youtube.com\/c\/sunoresearch"]},{"@type":"Person","@id":"https:\/\/www.suno.com.br\/noticias\/#\/schema\/person\/1db762f78ffd8919a648a63e425953e3","name":"Juliano Passaro","image":{"@type":"ImageObject","inLanguage":"pt-BR","@id":"https:\/\/www.suno.com.br\/noticias\/#\/schema\/person\/image\/","url":"https:\/\/secure.gravatar.com\/avatar\/743d4df28eebf6dcc46b4ad03c319e92?s=96&r=g","contentUrl":"https:\/\/secure.gravatar.com\/avatar\/743d4df28eebf6dcc46b4ad03c319e92?s=96&r=g","caption":"Juliano Passaro"},"description":"Juliano Passaro escreve sobre pol\u00edtica, economia e neg\u00f3cios para o portal da Suno Research. Antes da Suno, trabalhou no Portal da Band. \u00c9 formado em jornalismo pela Universidade Presbiteriana Mackenzie.","url":"https:\/\/www.suno.com.br\/noticias\/author\/juliano\/"}]}},"default_loop_html":"<div class=\"cardsPage__listCard__boxs\"><div class=\"cardsPage__listCard__boxs__img\"><a href=\"https:\/\/www.suno.com.br\/noticias\/safra-predio-btg-r-1-05-bi-via-fundo-imobiliario\/\"><img class=\"mask\" src=\"https:\/\/www.suno.com.br\/noticias\/wp-content\/themes\/suno\/resources\/images\/spotlight\/spotlight1img\/bg-mask.png\" alt=\"Image Mask\"\/><img src=\"https:\/\/files.sunoresearch.com.br\/n\/uploads\/2019\/04\/00fd9396-banco-safra-400x200.webp\" alt=\"Safra compra pr\u00e9dio que era administrado pelo BTG por R$ 1,05 bi\"\/><\/a><span class=\"spotlightCategory\"><a href=\"https:\/\/www.suno.com.br\/noticias\/negocios\/\">Neg\u00f3cios<\/a><\/span><\/div><div class=\"cardsPage__listCard__boxs__content\"><a href=\"https:\/\/www.suno.com.br\/noticias\/safra-predio-btg-r-1-05-bi-via-fundo-imobiliario\/\"><h2 class=\"content__title\">Safra compra pr\u00e9dio que era administrado pelo BTG por R$ 1,05 bi<\/h2><\/a><div class=\"newsContent__article__meta\"><div class=\"newsContent__article__meta__authorBox\"><a href=\"https:\/\/www.suno.com.br\/noticias\/author\/juliano\/\" class=\"authorBox__avatar noMobi\"><img src=\"https:\/\/files.sunoresearch.com.br\/n\/uploads\/2019\/06\/7cc3efea-whatsapp-image-2019-07-18-at-21.59.33-e1563499821209-150x150.webp\" alt=\"Juliano Passaro\"><\/a><div class=\"authorBox__name\"><span>por\n\t\t\t<a href=\"https:\/\/www.suno.com.br\/noticias\/author\/juliano\/\"><span itemprop=\"author\">Juliano Passaro<\/span><\/a><\/span><time datetime=\"2019-12-12T16:00:57-03:00\" itemprop=\"datePublished\">12\/12\/2019 16:00<\/time><\/div><\/div><\/div><\/div><\/div>","single_layout":"posts","amp_enabled":true,"_links":{"self":[{"href":"https:\/\/www.suno.com.br\/noticias\/wp-json\/wp\/v2\/posts\/47653"}],"collection":[{"href":"https:\/\/www.suno.com.br\/noticias\/wp-json\/wp\/v2\/posts"}],"about":[{"href":"https:\/\/www.suno.com.br\/noticias\/wp-json\/wp\/v2\/types\/post"}],"author":[{"embeddable":true,"href":"https:\/\/www.suno.com.br\/noticias\/wp-json\/wp\/v2\/users\/19"}],"replies":[{"embeddable":true,"href":"https:\/\/www.suno.com.br\/noticias\/wp-json\/wp\/v2\/comments?post=47653"}],"version-history":[{"count":0,"href":"https:\/\/www.suno.com.br\/noticias\/wp-json\/wp\/v2\/posts\/47653\/revisions"}],"wp:featuredmedia":[{"embeddable":true,"href":"https:\/\/www.suno.com.br\/noticias\/wp-json\/wp\/v2\/media\/20226"}],"wp:attachment":[{"href":"https:\/\/www.suno.com.br\/noticias\/wp-json\/wp\/v2\/media?parent=47653"}],"wp:term":[{"taxonomy":"category","embeddable":true,"href":"https:\/\/www.suno.com.br\/noticias\/wp-json\/wp\/v2\/categories?post=47653"},{"taxonomy":"post_tag","embeddable":true,"href":"https:\/\/www.suno.com.br\/noticias\/wp-json\/wp\/v2\/tags?post=47653"},{"taxonomy":"suno_strategy","embeddable":true,"href":"https:\/\/www.suno.com.br\/noticias\/wp-json\/wp\/v2\/suno_strategy?post=47653"}],"curies":[{"name":"wp","href":"https:\/\/api.w.org\/{rel}","templated":true}]}}