{"id":47608,"date":"2019-12-12T12:56:33","date_gmt":"2019-12-12T14:56:33","guid":{"rendered":"https:\/\/www.suno.com.br\/noticias\/?p=47608"},"modified":"2019-12-12T12:56:33","modified_gmt":"2019-12-12T14:56:33","slug":"caixa-reducao-de-juros-especial-cheque-credito-imobiliario","status":"publish","type":"post","link":"https:\/\/www.suno.com.br\/noticias\/caixa-reducao-de-juros-especial-cheque-credito-imobiliario\/","title":{"rendered":"Caixa anuncia redu\u00e7\u00e3o de juros para cr\u00e9dito imobili\u00e1rio e cheque especial"},"content":{"rendered":"<p>A Caixa Econ\u00f4mica Federal anunciou nesta quinta-feira (12) nova redu\u00e7\u00e3o de juros para o <a href=\"https:\/\/www.suno.com.br\/artigos\/financiamento-imobiliario\/\"><strong>cr\u00e9dito imobili\u00e1rio<\/strong><\/a> e o<a href=\"https:\/\/www.suno.com.br\/artigos\/cheque-especial\/\"><strong> cheque especial<\/strong><\/a>. O cr\u00e9dito para im\u00f3veis passa de <strong><a href=\"https:\/\/www.suno.com.br\/artigos\/taxa-referencial\/\">Taxa Referencial (TR)<\/a><\/strong> + 6,75% ao ano para TR +6,50% ao ano. Essa taxa passa a valer no dia 16 de novembro.<\/p>\t<div class=\"wrapper-featured-image\">\n\t\t<figure class=\"spotlightImg\">\n\n\t\t\t<picture>\n\t\t\t\t<source media=\"(max-width: 768px)\" srcset=\"https:\/\/files.sunoresearch.com.br\/n\/uploads\/2019\/07\/2e60b3ed-caixaeconomica-400x200.webp\">\n\t\t\t\t<img loading=\"lazy\" decoding=\"async\" class=\"newsContent__article__imgCapa lazyloadDisabled newsContent__article__imgCapa--noCaption\" src=\"https:\/\/files.sunoresearch.com.br\/n\/uploads\/2019\/07\/2e60b3ed-caixaeconomica-jpg.webp\" width=\"800\" height=\"450\" alt=\"Caixa anuncia redu\u00e7\u00e3o de juros para cr\u00e9dito imobili\u00e1rio e cheque especial\" fetchpriority=high \/>\n\t\t\t<\/picture>\n\n\t\t\t<figcaption class=\"wp-caption-text wp-caption-text--hide\">Fachada de ag\u00eancia da Caixa. (Foto: divulga\u00e7\u00e3o)<\/figcaption>\n\t\t<\/figure>\n\t<\/div>\n\n\n<p><a href=\"https:\/\/lp.suno.com.br\/relatorio-gratuito-ipo-xp\/?utm_source=noticias&amp;utm_medium=noticia&amp;utm_campaign=preficicacao_xp\">Baixe o relat\u00f3rio gratuito da SUNO sobre o IPO da XP Investimentos\u00a0\u00a0<\/a><\/p>\n<p>O cheque especial da conta sal\u00e1rio a tarifa vai apresentar uma queda de apenas 0,04 ponto percentual. A taxa vai passar de 4,99% ao m\u00eas para 4,95% a.m. Por sua vez, para os clientes sem pacote de relacionamento com a<strong> Caixa<\/strong> a taxa vai passar de 8,99% ao m\u00eas para 8,00%. Essa tarifa entrar\u00e1 em vigor no dia 2 de janeiro de 2020.<\/p>\n\n<p>Segundo a Caixa, no cr\u00e9dito imobili\u00e1rio, a redu\u00e7\u00e3o abrange tanto as concess\u00f5es pelo<strong> Sistema Financeiro de Habita\u00e7\u00e3o (SFH)<\/strong>, quanto o <strong>Sistema Financeiro Imobili\u00e1rio (SFI)<\/strong> e atinge ainda financiamentos de im\u00f3veis residenciais com saldo devedores atualizados pela TR.<\/p>\n<article>\n<div class=\"wall protected-content\">\n<div data-track-category=\"multicontent\" data-track-action=\"ultimo chunk conteudo\" data-track-noninteraction=\"false\" data-track-scroll=\"view\">\n<div class=\"mc-column content-text active-extra-styles \" data-block-type=\"unstyled\" data-block-weight=\"49\" data-block-id=\"8\">\n<h2 data-track-category=\"Link no Texto\">Caixa reduz taxa ap\u00f3s corte na Selic<\/h2>\n<p>\u201cCom a redu\u00e7\u00e3o da Selic a gente acaba fazendo uma reavalia\u00e7\u00e3o e essa reavalia\u00e7\u00e3o gera nesse caso redu\u00e7\u00e3o de taxa de juros para os clientes, uma redu\u00e7\u00e3o sens\u00edvel no credito imobili\u00e1rio e uma marginal no cheque especial\u201d, disse o presidente da Caixa, Pedro Guimar\u00e3es.<\/p>\n<\/div>\n<\/div>\n<\/div>\n<\/article>\n<div class=\"mc-column entities\">\n<p>Na \u00faltima quarta-feira (11), ap\u00f3s a \u00faltima reuni\u00e3o do <strong><a href=\"https:\/\/www.suno.com.br\/artigos\/copom\/\">Comit\u00ea de Pol\u00edtica Monet\u00e1ria (Copom)<\/a><\/strong>, o Banco Central decidiu cortar a<strong><a href=\"https:\/\/www.suno.com.br\/artigos\/taxa-de-juros-em-2020\/\"> taxa b\u00e1sica de juros (Selic)<\/a><\/strong>. Antes, a Selic se encontrava em 5% ao ano, por\u00e9m, com a nova redu\u00e7\u00e3o, ela caiu para 4,5%, a nova m\u00ednima hist\u00f3rica.<\/p>\n\t<p>\n\t\t<a href=\"https:\/\/lp.suno.com.br\/ao\/servico-especializado-suno-tf\/?utm_source=adwords&#038;utm_medium=search&#038;utm_campaign=search.servico.funilconsultoria&#038;utm_content=1147_responsivo-a&#038;hsa_acc=2326072784&#038;hsa_cam=18022897917&#038;hsa_grp=141470255993&#038;hsa_ad=616145467912&#038;hsa_src=g&#038;hsa_tgt=kwd-303658942458&#038;hsa_kw=gestora+de+investimentos&#038;hsa_mt=b&#038;hsa_net=adwords&#038;hsa_ver=3&#038;gad_source=1&#038;gclid=CjwKCAjw1emzBhB8EiwAHwZZxQMvA3xJVRzLGZ70LmuSzR55X-KvxijSay8c5Hm88Sznnq97j8XbORoC-sMQAvD_BwE\" target=\"_blank\" data-element=\"shortcode-suno-banner\" title=\"Banner SUNO, clique e saiba mais\">\n\t\t\t<picture>\n\t\t\t\t<source media=\"(max-width: 500px)\" srcset=\"https:\/\/files.sunoresearch.com.br\/n\/uploads\/2024\/06\/400x300-Mobile-Artigos-5.png\">\n\t\t\t\t<img class=\"newsContent__article__imgCapa newsContent__article__imgCapa--banner\"\n\t\t\t\t\tsrc=\"https:\/\/files.sunoresearch.com.br\/n\/uploads\/2024\/06\/1420x240-Banner-Artigos-1-_-Banner-Materias-3.png\"\n\t\t\t\t\tdata-promo-id=\"563605\"\t\t\t\t\t\t\t\t\t\twidth='1420' height='240'\t\t\t\t\talt=\"https:\/\/files.sunoresearch.com.br\/n\/uploads\/2024\/06\/1420x240-Banner-Artigos-1-_-Banner-Materias-3.png\"\n\t\t\t\t>\n\t\t\t<\/picture>\n\t\t<\/a>\n\t<\/p>\n\n\n<p>Ap\u00f3s a decis\u00e3o de corte na <strong>taxa<\/strong> <strong>Selic<\/strong>, o Banco Central informou que: &#8220;a conjuntura econ\u00f4mica prescreve uma pol\u00edtica monet\u00e1ria estimulativa&#8221;. Para a institui\u00e7\u00e3o monet\u00e1ria central: &#8220;o atual est\u00e1gio do ciclo econ\u00f4mico recomenda cautela na condu\u00e7\u00e3o da pol\u00edtica monet\u00e1ria&#8221;.<\/p>\n<p><a href=\"\/\/www.suno.com.br\/noticias\/banco-do-brasil-reducao-selic\/\">Confira Tamb\u00e9m: Banco do Brasil anuncia redu\u00e7\u00e3o de taxas de juros ap\u00f3s corte na Selic<\/a><\/p>\n<\/div>\n<p>A <strong>taxa Selic<\/strong> come\u00e7ou o ano em 6,5% ao ano, por\u00e9m desde julho vem sofrendo cortes, como uma forma impulsionar a <strong>economia<\/strong>. Al\u00e9m da <strong>Caixa<\/strong>, o Banco do Brasil tamb\u00e9m anunciou redu\u00e7\u00e3o nas taxas de linha de cr\u00e9dito.<\/p>\n\n","protected":false},"excerpt":{"rendered":"<p>A Caixa Econ\u00f4mica Federal anunciou nesta quinta-feira (12) nova redu\u00e7\u00e3o de juros para o cr\u00e9dito imobili\u00e1rio e o cheque especial. O cr\u00e9dito para im\u00f3veis passa de Taxa Referencial (TR) + 6,75% ao ano para TR +6,50% ao ano. Essa taxa passa a valer no dia 16 de novembro. Fachada de ag\u00eancia da Caixa. (Foto: divulga\u00e7\u00e3o) [&hellip;]<\/p>\n","protected":false},"author":15,"featured_media":32695,"comment_status":"closed","ping_status":"closed","sticky":false,"template":"","format":"standard","meta":[],"categories":[64],"tags":[1199],"suno_strategy":[],"class_list":["post-47608","post","type-post","status-publish","format-standard","has-post-thumbnail","hentry","category-negocios","tag-caixa-economica-federal-cef"],"yoast_head":"<!-- This site is optimized with the Yoast SEO plugin v24.4 - https:\/\/yoast.com\/wordpress\/plugins\/seo\/ -->\n<title>Caixa anuncia redu\u00e7\u00e3o de juros para cr\u00e9dito imobili\u00e1rio e cheque especial<\/title>\n<meta name=\"description\" content=\"A Caixa anunciou nesta quinta-feira (12) nova redu\u00e7\u00e3o de juros para o cr\u00e9dito imobili\u00e1rio e o cheque especial. Clique aqui e saiba mais\" \/>\n<meta name=\"robots\" content=\"index, follow, max-snippet:-1, max-image-preview:large, max-video-preview:-1\" \/>\n<link rel=\"canonical\" href=\"https:\/\/www.suno.com.br\/noticias\/caixa-reducao-de-juros-especial-cheque-credito-imobiliario\/\" \/>\n<meta property=\"og:locale\" content=\"pt_BR\" \/>\n<meta property=\"og:type\" content=\"article\" \/>\n<meta property=\"og:title\" content=\"Caixa anuncia redu\u00e7\u00e3o de juros para cr\u00e9dito imobili\u00e1rio e cheque especial\" \/>\n<meta property=\"og:description\" content=\"A Caixa anunciou nesta quinta-feira (12) nova redu\u00e7\u00e3o de juros para o cr\u00e9dito imobili\u00e1rio e o cheque especial. Clique aqui e saiba mais\" \/>\n<meta property=\"og:url\" content=\"https:\/\/www.suno.com.br\/noticias\/caixa-reducao-de-juros-especial-cheque-credito-imobiliario\/\" \/>\n<meta property=\"og:site_name\" content=\"Suno Not\u00edcias\" \/>\n<meta property=\"article:publisher\" content=\"https:\/\/facebook.com\/sunoresearch\" \/>\n<meta property=\"og:image\" content=\"https:\/\/files.sunoresearch.com.br\/n\/uploads\/2019\/07\/2e60b3ed-caixaeconomica.jpg\" \/>\n\t<meta property=\"og:image:width\" content=\"610\" \/>\n\t<meta property=\"og:image:height\" content=\"407\" \/>\n\t<meta property=\"og:image:type\" content=\"image\/jpeg\" \/>\n<meta name=\"author\" content=\"Poliana Santos\" \/>\n<meta name=\"twitter:card\" content=\"summary_large_image\" \/>\n<meta name=\"twitter:creator\" content=\"@sunoresearch\" \/>\n<meta name=\"twitter:site\" content=\"@sunoresearch\" \/>\n<meta name=\"twitter:label1\" content=\"Escrito por\" \/>\n\t<meta name=\"twitter:data1\" content=\"Poliana Santos\" \/>\n\t<meta name=\"twitter:label2\" content=\"Est. tempo de leitura\" \/>\n\t<meta name=\"twitter:data2\" content=\"2 minutos\" \/>\n<script type=\"application\/ld+json\" class=\"yoast-schema-graph\">{\"@context\":\"https:\/\/schema.org\",\"@graph\":[{\"@type\":\"NewsArticle\",\"@id\":\"https:\/\/www.suno.com.br\/noticias\/caixa-reducao-de-juros-especial-cheque-credito-imobiliario\/#article\",\"isPartOf\":{\"@id\":\"https:\/\/www.suno.com.br\/noticias\/caixa-reducao-de-juros-especial-cheque-credito-imobiliario\/\"},\"author\":{\"name\":\"Poliana Santos\",\"@id\":\"https:\/\/www.suno.com.br\/noticias\/#\/schema\/person\/02ec1f752758247878a2bf4abee1aeda\"},\"headline\":\"Caixa anuncia redu\u00e7\u00e3o de juros para cr\u00e9dito imobili\u00e1rio e cheque especial\",\"datePublished\":\"2019-12-12T14:56:33+00:00\",\"mainEntityOfPage\":{\"@id\":\"https:\/\/www.suno.com.br\/noticias\/caixa-reducao-de-juros-especial-cheque-credito-imobiliario\/\"},\"wordCount\":416,\"publisher\":{\"@id\":\"https:\/\/www.suno.com.br\/noticias\/#organization\"},\"image\":{\"@id\":\"https:\/\/www.suno.com.br\/noticias\/caixa-reducao-de-juros-especial-cheque-credito-imobiliario\/#primaryimage\"},\"thumbnailUrl\":\"https:\/\/files.sunoresearch.com.br\/n\/uploads\/2019\/07\/2e60b3ed-caixaeconomica-jpg.webp\",\"keywords\":[\"Caixa Econ\u00f4mica Federal (CEF)\"],\"articleSection\":[\"Neg\u00f3cios\"],\"inLanguage\":\"pt-BR\"},{\"@type\":\"WebPage\",\"@id\":\"https:\/\/www.suno.com.br\/noticias\/caixa-reducao-de-juros-especial-cheque-credito-imobiliario\/\",\"url\":\"https:\/\/www.suno.com.br\/noticias\/caixa-reducao-de-juros-especial-cheque-credito-imobiliario\/\",\"name\":\"Caixa anuncia redu\u00e7\u00e3o de juros para cr\u00e9dito imobili\u00e1rio e cheque especial\",\"isPartOf\":{\"@id\":\"https:\/\/www.suno.com.br\/noticias\/#website\"},\"primaryImageOfPage\":{\"@id\":\"https:\/\/www.suno.com.br\/noticias\/caixa-reducao-de-juros-especial-cheque-credito-imobiliario\/#primaryimage\"},\"image\":{\"@id\":\"https:\/\/www.suno.com.br\/noticias\/caixa-reducao-de-juros-especial-cheque-credito-imobiliario\/#primaryimage\"},\"thumbnailUrl\":\"https:\/\/files.sunoresearch.com.br\/n\/uploads\/2019\/07\/2e60b3ed-caixaeconomica-jpg.webp\",\"datePublished\":\"2019-12-12T14:56:33+00:00\",\"description\":\"A Caixa anunciou nesta quinta-feira (12) nova redu\u00e7\u00e3o de juros para o cr\u00e9dito imobili\u00e1rio e o cheque especial. Clique aqui e saiba mais\",\"breadcrumb\":{\"@id\":\"https:\/\/www.suno.com.br\/noticias\/caixa-reducao-de-juros-especial-cheque-credito-imobiliario\/#breadcrumb\"},\"inLanguage\":\"pt-BR\",\"potentialAction\":[{\"@type\":\"ReadAction\",\"target\":[\"https:\/\/www.suno.com.br\/noticias\/caixa-reducao-de-juros-especial-cheque-credito-imobiliario\/\"]}]},{\"@type\":\"ImageObject\",\"inLanguage\":\"pt-BR\",\"@id\":\"https:\/\/www.suno.com.br\/noticias\/caixa-reducao-de-juros-especial-cheque-credito-imobiliario\/#primaryimage\",\"url\":\"https:\/\/files.sunoresearch.com.br\/n\/uploads\/2019\/07\/2e60b3ed-caixaeconomica-jpg.webp\",\"contentUrl\":\"https:\/\/files.sunoresearch.com.br\/n\/uploads\/2019\/07\/2e60b3ed-caixaeconomica-jpg.webp\",\"width\":610,\"height\":407,\"caption\":\"Fachada de ag\u00eancia da Caixa. (Foto: divulga\u00e7\u00e3o)\"},{\"@type\":\"BreadcrumbList\",\"@id\":\"https:\/\/www.suno.com.br\/noticias\/caixa-reducao-de-juros-especial-cheque-credito-imobiliario\/#breadcrumb\",\"itemListElement\":[{\"@type\":\"ListItem\",\"position\":1,\"name\":\"Not\u00edcias\",\"item\":\"https:\/\/www.suno.com.br\/noticias\/\"},{\"@type\":\"ListItem\",\"position\":2,\"name\":\"Neg\u00f3cios\",\"item\":\"https:\/\/www.suno.com.br\/noticias\/negocios\/\"},{\"@type\":\"ListItem\",\"position\":3,\"name\":\"Caixa anuncia redu\u00e7\u00e3o de juros para cr\u00e9dito imobili\u00e1rio e cheque especial\"}]},{\"@type\":\"WebSite\",\"@id\":\"https:\/\/www.suno.com.br\/noticias\/#website\",\"url\":\"https:\/\/www.suno.com.br\/noticias\/\",\"name\":\"Suno Not\u00edcias\",\"description\":\"Seu portal de informa\u00e7\u00e3o sobre o mundo dos investimentos\",\"publisher\":{\"@id\":\"https:\/\/www.suno.com.br\/noticias\/#organization\"},\"potentialAction\":[{\"@type\":\"SearchAction\",\"target\":{\"@type\":\"EntryPoint\",\"urlTemplate\":\"https:\/\/www.suno.com.br\/noticias\/?s={search_term_string}\"},\"query-input\":{\"@type\":\"PropertyValueSpecification\",\"valueRequired\":true,\"valueName\":\"search_term_string\"}}],\"inLanguage\":\"pt-BR\"},{\"@type\":\"Organization\",\"@id\":\"https:\/\/www.suno.com.br\/noticias\/#organization\",\"name\":\"Suno Not\u00edcias\",\"url\":\"https:\/\/www.suno.com.br\/noticias\/\",\"logo\":{\"@type\":\"ImageObject\",\"inLanguage\":\"pt-BR\",\"@id\":\"https:\/\/www.suno.com.br\/noticias\/#\/schema\/logo\/image\/\",\"url\":\"https:\/\/files.sunoresearch.com.br\/n\/uploads\/2021\/09\/suno-logo.png\",\"contentUrl\":\"https:\/\/files.sunoresearch.com.br\/n\/uploads\/2021\/09\/suno-logo.png\",\"width\":180,\"height\":180,\"caption\":\"Suno Not\u00edcias\"},\"image\":{\"@id\":\"https:\/\/www.suno.com.br\/noticias\/#\/schema\/logo\/image\/\"},\"sameAs\":[\"https:\/\/facebook.com\/sunoresearch\",\"https:\/\/x.com\/sunoresearch\",\"https:\/\/www.instagram.com\/suno\",\"https:\/\/www.linkedin.com\/company\/suno-research\/\",\"https:\/\/www.youtube.com\/c\/sunoresearch\"]},{\"@type\":\"Person\",\"@id\":\"https:\/\/www.suno.com.br\/noticias\/#\/schema\/person\/02ec1f752758247878a2bf4abee1aeda\",\"name\":\"Poliana Santos\",\"image\":{\"@type\":\"ImageObject\",\"inLanguage\":\"pt-BR\",\"@id\":\"https:\/\/www.suno.com.br\/noticias\/#\/schema\/person\/image\/\",\"url\":\"https:\/\/secure.gravatar.com\/avatar\/0645bd32f23d87b2130f2b2dff1d3f8d?s=96&r=g\",\"contentUrl\":\"https:\/\/secure.gravatar.com\/avatar\/0645bd32f23d87b2130f2b2dff1d3f8d?s=96&r=g\",\"caption\":\"Poliana Santos\"},\"description\":\"Rep\u00f3rter no Suno Not\u00edcias, com cobertura em mercado financeiro, economia, finan\u00e7as pessoais, renda fixa e varejo. Jornalista formada pela Faculdade C\u00e1sper L\u00edbero e possui passagem na R\u00e1dio Gazeta AM com a produ\u00e7\u00e3o de conte\u00fado sobre economia, pol\u00edtica, sa\u00fade, moda e m\u00fasica. Possui certificado de conclus\u00e3o do curso de An\u00e1lise de Balan\u00e7os pela Funda\u00e7\u00e3o Bradesco, Agenda Brasil pela FAAP, Educa\u00e7\u00e3o Pol\u00edtica por Alexandre Garcia e do Tesouro Direto e Mercado de A\u00e7\u00f5es pela B3.\",\"url\":\"https:\/\/www.suno.com.br\/noticias\/author\/poliana-santos\/\"}]}<\/script>\n<!-- \/ Yoast SEO plugin. -->","yoast_head_json":{"title":"Caixa anuncia redu\u00e7\u00e3o de juros para cr\u00e9dito imobili\u00e1rio e cheque especial","description":"A Caixa anunciou nesta quinta-feira (12) nova redu\u00e7\u00e3o de juros para o cr\u00e9dito imobili\u00e1rio e o cheque especial. Clique aqui e saiba mais","robots":{"index":"index","follow":"follow","max-snippet":"max-snippet:-1","max-image-preview":"max-image-preview:large","max-video-preview":"max-video-preview:-1"},"canonical":"https:\/\/www.suno.com.br\/noticias\/caixa-reducao-de-juros-especial-cheque-credito-imobiliario\/","og_locale":"pt_BR","og_type":"article","og_title":"Caixa anuncia redu\u00e7\u00e3o de juros para cr\u00e9dito imobili\u00e1rio e cheque especial","og_description":"A Caixa anunciou nesta quinta-feira (12) nova redu\u00e7\u00e3o de juros para o cr\u00e9dito imobili\u00e1rio e o cheque especial. Clique aqui e saiba mais","og_url":"https:\/\/www.suno.com.br\/noticias\/caixa-reducao-de-juros-especial-cheque-credito-imobiliario\/","og_site_name":"Suno Not\u00edcias","article_publisher":"https:\/\/facebook.com\/sunoresearch","og_image":[{"width":610,"height":407,"url":"https:\/\/files.sunoresearch.com.br\/n\/uploads\/2019\/07\/2e60b3ed-caixaeconomica.jpg","type":"image\/jpeg"}],"author":"Poliana Santos","twitter_card":"summary_large_image","twitter_creator":"@sunoresearch","twitter_site":"@sunoresearch","twitter_misc":{"Escrito por":"Poliana Santos","Est. tempo de leitura":"2 minutos"},"schema":{"@context":"https:\/\/schema.org","@graph":[{"@type":"NewsArticle","@id":"https:\/\/www.suno.com.br\/noticias\/caixa-reducao-de-juros-especial-cheque-credito-imobiliario\/#article","isPartOf":{"@id":"https:\/\/www.suno.com.br\/noticias\/caixa-reducao-de-juros-especial-cheque-credito-imobiliario\/"},"author":{"name":"Poliana Santos","@id":"https:\/\/www.suno.com.br\/noticias\/#\/schema\/person\/02ec1f752758247878a2bf4abee1aeda"},"headline":"Caixa anuncia redu\u00e7\u00e3o de juros para cr\u00e9dito imobili\u00e1rio e cheque especial","datePublished":"2019-12-12T14:56:33+00:00","mainEntityOfPage":{"@id":"https:\/\/www.suno.com.br\/noticias\/caixa-reducao-de-juros-especial-cheque-credito-imobiliario\/"},"wordCount":416,"publisher":{"@id":"https:\/\/www.suno.com.br\/noticias\/#organization"},"image":{"@id":"https:\/\/www.suno.com.br\/noticias\/caixa-reducao-de-juros-especial-cheque-credito-imobiliario\/#primaryimage"},"thumbnailUrl":"https:\/\/files.sunoresearch.com.br\/n\/uploads\/2019\/07\/2e60b3ed-caixaeconomica-jpg.webp","keywords":["Caixa Econ\u00f4mica Federal (CEF)"],"articleSection":["Neg\u00f3cios"],"inLanguage":"pt-BR"},{"@type":"WebPage","@id":"https:\/\/www.suno.com.br\/noticias\/caixa-reducao-de-juros-especial-cheque-credito-imobiliario\/","url":"https:\/\/www.suno.com.br\/noticias\/caixa-reducao-de-juros-especial-cheque-credito-imobiliario\/","name":"Caixa anuncia redu\u00e7\u00e3o de juros para cr\u00e9dito imobili\u00e1rio e cheque especial","isPartOf":{"@id":"https:\/\/www.suno.com.br\/noticias\/#website"},"primaryImageOfPage":{"@id":"https:\/\/www.suno.com.br\/noticias\/caixa-reducao-de-juros-especial-cheque-credito-imobiliario\/#primaryimage"},"image":{"@id":"https:\/\/www.suno.com.br\/noticias\/caixa-reducao-de-juros-especial-cheque-credito-imobiliario\/#primaryimage"},"thumbnailUrl":"https:\/\/files.sunoresearch.com.br\/n\/uploads\/2019\/07\/2e60b3ed-caixaeconomica-jpg.webp","datePublished":"2019-12-12T14:56:33+00:00","description":"A Caixa anunciou nesta quinta-feira (12) nova redu\u00e7\u00e3o de juros para o cr\u00e9dito imobili\u00e1rio e o cheque especial. Clique aqui e saiba mais","breadcrumb":{"@id":"https:\/\/www.suno.com.br\/noticias\/caixa-reducao-de-juros-especial-cheque-credito-imobiliario\/#breadcrumb"},"inLanguage":"pt-BR","potentialAction":[{"@type":"ReadAction","target":["https:\/\/www.suno.com.br\/noticias\/caixa-reducao-de-juros-especial-cheque-credito-imobiliario\/"]}]},{"@type":"ImageObject","inLanguage":"pt-BR","@id":"https:\/\/www.suno.com.br\/noticias\/caixa-reducao-de-juros-especial-cheque-credito-imobiliario\/#primaryimage","url":"https:\/\/files.sunoresearch.com.br\/n\/uploads\/2019\/07\/2e60b3ed-caixaeconomica-jpg.webp","contentUrl":"https:\/\/files.sunoresearch.com.br\/n\/uploads\/2019\/07\/2e60b3ed-caixaeconomica-jpg.webp","width":610,"height":407,"caption":"Fachada de ag\u00eancia da Caixa. (Foto: divulga\u00e7\u00e3o)"},{"@type":"BreadcrumbList","@id":"https:\/\/www.suno.com.br\/noticias\/caixa-reducao-de-juros-especial-cheque-credito-imobiliario\/#breadcrumb","itemListElement":[{"@type":"ListItem","position":1,"name":"Not\u00edcias","item":"https:\/\/www.suno.com.br\/noticias\/"},{"@type":"ListItem","position":2,"name":"Neg\u00f3cios","item":"https:\/\/www.suno.com.br\/noticias\/negocios\/"},{"@type":"ListItem","position":3,"name":"Caixa anuncia redu\u00e7\u00e3o de juros para cr\u00e9dito imobili\u00e1rio e cheque especial"}]},{"@type":"WebSite","@id":"https:\/\/www.suno.com.br\/noticias\/#website","url":"https:\/\/www.suno.com.br\/noticias\/","name":"Suno Not\u00edcias","description":"Seu portal de informa\u00e7\u00e3o sobre o mundo dos investimentos","publisher":{"@id":"https:\/\/www.suno.com.br\/noticias\/#organization"},"potentialAction":[{"@type":"SearchAction","target":{"@type":"EntryPoint","urlTemplate":"https:\/\/www.suno.com.br\/noticias\/?s={search_term_string}"},"query-input":{"@type":"PropertyValueSpecification","valueRequired":true,"valueName":"search_term_string"}}],"inLanguage":"pt-BR"},{"@type":"Organization","@id":"https:\/\/www.suno.com.br\/noticias\/#organization","name":"Suno Not\u00edcias","url":"https:\/\/www.suno.com.br\/noticias\/","logo":{"@type":"ImageObject","inLanguage":"pt-BR","@id":"https:\/\/www.suno.com.br\/noticias\/#\/schema\/logo\/image\/","url":"https:\/\/files.sunoresearch.com.br\/n\/uploads\/2021\/09\/suno-logo.png","contentUrl":"https:\/\/files.sunoresearch.com.br\/n\/uploads\/2021\/09\/suno-logo.png","width":180,"height":180,"caption":"Suno Not\u00edcias"},"image":{"@id":"https:\/\/www.suno.com.br\/noticias\/#\/schema\/logo\/image\/"},"sameAs":["https:\/\/facebook.com\/sunoresearch","https:\/\/x.com\/sunoresearch","https:\/\/www.instagram.com\/suno","https:\/\/www.linkedin.com\/company\/suno-research\/","https:\/\/www.youtube.com\/c\/sunoresearch"]},{"@type":"Person","@id":"https:\/\/www.suno.com.br\/noticias\/#\/schema\/person\/02ec1f752758247878a2bf4abee1aeda","name":"Poliana Santos","image":{"@type":"ImageObject","inLanguage":"pt-BR","@id":"https:\/\/www.suno.com.br\/noticias\/#\/schema\/person\/image\/","url":"https:\/\/secure.gravatar.com\/avatar\/0645bd32f23d87b2130f2b2dff1d3f8d?s=96&r=g","contentUrl":"https:\/\/secure.gravatar.com\/avatar\/0645bd32f23d87b2130f2b2dff1d3f8d?s=96&r=g","caption":"Poliana Santos"},"description":"Rep\u00f3rter no Suno Not\u00edcias, com cobertura em mercado financeiro, economia, finan\u00e7as pessoais, renda fixa e varejo. Jornalista formada pela Faculdade C\u00e1sper L\u00edbero e possui passagem na R\u00e1dio Gazeta AM com a produ\u00e7\u00e3o de conte\u00fado sobre economia, pol\u00edtica, sa\u00fade, moda e m\u00fasica. Possui certificado de conclus\u00e3o do curso de An\u00e1lise de Balan\u00e7os pela Funda\u00e7\u00e3o Bradesco, Agenda Brasil pela FAAP, Educa\u00e7\u00e3o Pol\u00edtica por Alexandre Garcia e do Tesouro Direto e Mercado de A\u00e7\u00f5es pela B3.","url":"https:\/\/www.suno.com.br\/noticias\/author\/poliana-santos\/"}]}},"default_loop_html":"<div class=\"cardsPage__listCard__boxs\"><div class=\"cardsPage__listCard__boxs__img\"><a href=\"https:\/\/www.suno.com.br\/noticias\/caixa-reducao-de-juros-especial-cheque-credito-imobiliario\/\"><img class=\"mask\" src=\"https:\/\/www.suno.com.br\/noticias\/wp-content\/themes\/suno\/resources\/images\/spotlight\/spotlight1img\/bg-mask.png\" alt=\"Image Mask\"\/><img src=\"https:\/\/files.sunoresearch.com.br\/n\/uploads\/2019\/07\/2e60b3ed-caixaeconomica-400x200.webp\" alt=\"Caixa anuncia redu\u00e7\u00e3o de juros para cr\u00e9dito imobili\u00e1rio e cheque especial\"\/><\/a><span class=\"spotlightCategory\"><a href=\"https:\/\/www.suno.com.br\/noticias\/negocios\/\">Neg\u00f3cios<\/a><\/span><\/div><div class=\"cardsPage__listCard__boxs__content\"><a href=\"https:\/\/www.suno.com.br\/noticias\/caixa-reducao-de-juros-especial-cheque-credito-imobiliario\/\"><h2 class=\"content__title\">Caixa anuncia redu\u00e7\u00e3o de juros para cr\u00e9dito imobili\u00e1rio e cheque especial<\/h2><\/a><div class=\"newsContent__article__meta\"><div class=\"newsContent__article__meta__authorBox\"><a href=\"https:\/\/www.suno.com.br\/noticias\/author\/poliana-santos\/\" class=\"authorBox__avatar noMobi\"><img src=\"https:\/\/files.sunoresearch.com.br\/n\/uploads\/2020\/08\/7ef34026-whatsapp-image-2020-08-03-at-12.37.57-150x150.webp\" alt=\"Poliana Santos\"><\/a><div class=\"authorBox__name\"><span>por\n\t\t\t<a href=\"https:\/\/www.suno.com.br\/noticias\/author\/poliana-santos\/\"><span itemprop=\"author\">Poliana Santos<\/span><\/a><\/span><time datetime=\"2019-12-12T12:56:33-03:00\" itemprop=\"datePublished\">12\/12\/2019 12:56<\/time><\/div><\/div><\/div><\/div><\/div>","single_layout":"posts","amp_enabled":true,"_links":{"self":[{"href":"https:\/\/www.suno.com.br\/noticias\/wp-json\/wp\/v2\/posts\/47608"}],"collection":[{"href":"https:\/\/www.suno.com.br\/noticias\/wp-json\/wp\/v2\/posts"}],"about":[{"href":"https:\/\/www.suno.com.br\/noticias\/wp-json\/wp\/v2\/types\/post"}],"author":[{"embeddable":true,"href":"https:\/\/www.suno.com.br\/noticias\/wp-json\/wp\/v2\/users\/15"}],"replies":[{"embeddable":true,"href":"https:\/\/www.suno.com.br\/noticias\/wp-json\/wp\/v2\/comments?post=47608"}],"version-history":[{"count":0,"href":"https:\/\/www.suno.com.br\/noticias\/wp-json\/wp\/v2\/posts\/47608\/revisions"}],"wp:featuredmedia":[{"embeddable":true,"href":"https:\/\/www.suno.com.br\/noticias\/wp-json\/wp\/v2\/media\/32695"}],"wp:attachment":[{"href":"https:\/\/www.suno.com.br\/noticias\/wp-json\/wp\/v2\/media?parent=47608"}],"wp:term":[{"taxonomy":"category","embeddable":true,"href":"https:\/\/www.suno.com.br\/noticias\/wp-json\/wp\/v2\/categories?post=47608"},{"taxonomy":"post_tag","embeddable":true,"href":"https:\/\/www.suno.com.br\/noticias\/wp-json\/wp\/v2\/tags?post=47608"},{"taxonomy":"suno_strategy","embeddable":true,"href":"https:\/\/www.suno.com.br\/noticias\/wp-json\/wp\/v2\/suno_strategy?post=47608"}],"curies":[{"name":"wp","href":"https:\/\/api.w.org\/{rel}","templated":true}]}}