{"id":475952,"date":"2023-10-24T21:06:58","date_gmt":"2023-10-25T00:06:58","guid":{"rendered":"https:\/\/www.suno.com.br\/noticias\/?p=475952"},"modified":"2023-10-24T21:08:38","modified_gmt":"2023-10-25T00:08:38","slug":"brasilagro-agro3-dividendos-pagamento-mal","status":"publish","type":"post","link":"https:\/\/www.suno.com.br\/noticias\/brasilagro-agro3-dividendos-pagamento-mal\/","title":{"rendered":"BrasilAgro (AGRO3) vai pagar R$ 320 milh\u00f5es em dividendos; veja o valor por a\u00e7\u00e3o"},"content":{"rendered":"<p>A <strong>BrasilAgro<\/strong> (AGRO3) anunciou, ap\u00f3s <a class=\"suno-keyword\" target=\"_blank\" data-force=\"no\" data-priority=\"1\" href=\"https:\/\/www.suno.com.br\/artigos\/assembleia-geral-ordinaria\/\" rel=\"noopener\">Assembleia Geral Ordin\u00e1ria<\/a> e Extraordin\u00e1ria nesta ter\u00e7a (24), a distribui\u00e7\u00e3o de R$ 320 milh\u00f5es em dividendos aos seus acionistas, segundo <a class=\"suno-keyword\" target=\"_blank\" data-force=\"no\" data-priority=\"1\" href=\"https:\/\/www.suno.com.br\/artigos\/fato-relevante\/\" rel=\"noopener\">fato relevante<\/a> divulgado hoje.<\/p>\t<div class=\"wrapper-featured-image\">\n\t\t<figure class=\"spotlightImg\">\n\n\t\t\t<picture>\n\t\t\t\t<source media=\"(max-width: 768px)\" srcset=\"https:\/\/files.sunoresearch.com.br\/n\/uploads\/2023\/05\/agronegocio-crescimento-agro-investir-1-400x200.jpg\">\n\t\t\t\t<img loading=\"lazy\" decoding=\"async\" class=\"newsContent__article__imgCapa lazyloadDisabled \" src=\"https:\/\/files.sunoresearch.com.br\/n\/uploads\/2023\/05\/agronegocio-crescimento-agro-investir-1-800x450.jpg\" width=\"800\" height=\"450\" alt=\"BrasilAgro (AGRO3) vai pagar R$ 320 milh\u00f5es em dividendos; veja o valor por a\u00e7\u00e3o\" fetchpriority=high \/>\n\t\t\t<\/picture>\n\n\t\t\t<figcaption class=\"wp-caption-text wp-caption-text--show\">SNFZ11 - Foto: iStock<\/figcaption>\n\t\t<\/figure>\n\t<\/div>\n\n\n\n\n\n\t<p>\n\t\t<a href=\"https:\/\/lp.suno.com.br\/planilha-da-vida-financeira\/\" target=\"_blank\" data-element=\"shortcode-suno-banner\" title=\"Banner SUNO, clique e saiba mais\">\n\t\t\t<picture>\n\t\t\t\t<source media=\"(max-width: 500px)\" srcset=\"https:\/\/files.sunoresearch.com.br\/n\/uploads\/2023\/04\/400x300-Planilha-vida-financeira-true.png\">\n\t\t\t\t<img class=\"newsContent__article__imgCapa newsContent__article__imgCapa--banner\"\n\t\t\t\t\tsrc=\"https:\/\/files.sunoresearch.com.br\/n\/uploads\/2023\/04\/1420x240-Planilha-vida-financeira-true.png\"\n\t\t\t\t\tdata-promo-id=\"383123\"\t\t\t\t\t\t\t\t\t\twidth='1420' height='240'\t\t\t\t\talt=\"https:\/\/files.sunoresearch.com.br\/n\/uploads\/2023\/04\/1420x240-Planilha-vida-financeira-true.png\"\n\t\t\t\t>\n\t\t\t<\/picture>\n\t\t<\/a>\n\t<\/p>\n\n\n\n\n\n<p>O valor dos <strong>proventos da BrasilAgro<\/strong> por a\u00e7\u00e3o ser\u00e1 de R$ 3,212352878 por a\u00e7\u00e3o, isento de Imposto de Renda, que ser\u00e3o pagos aos acionistas em &#8220;at\u00e9 30 dias contados da data de sua declara\u00e7\u00e3o na AGOE, com base na posi\u00e7\u00e3o acion\u00e1ria detida pelos acionistas em 24 de outubro de 2023.&#8221;<\/p>\n\n\n\n<p>A partir do preg\u00e3o de 25 de outubro de 2023, as a\u00e7\u00f5es da BrasilAgro ser\u00e3o negociadas sem direito aos dividendos.<\/p>\n\n\n\n<h2 class=\"wp-block-heading\">Dividendos alterados? Wiz (WIZS3) bate martelo e anuncia decis\u00e3o<\/h2>\n\n\n\n<p>Em nova decis\u00e3o, comunicada nesta segunda-feira (23), a&nbsp;<a href=\"https:\/\/www.suno.com.br\/acoes\/WIZS3\/\" target=\"_blank\" rel=\"noreferrer noopener\">Wiz (WIZS3)<\/a>&nbsp;reduziu seus&nbsp;<strong><a href=\"https:\/\/www.suno.com.br\/guias\/dividendos\/\" target=\"_blank\" rel=\"noreferrer noopener\">dividendos<\/a>&nbsp;<\/strong>m\u00ednimos obrigat\u00f3rios.<\/p>\n\n\n\n<p>Conforme comunicado pela&nbsp;<strong>Wiz<\/strong>, foi aprovada a redu\u00e7\u00e3o dos&nbsp;<a target=\"_blank\" href=\"https:\/\/www.suno.com.br\/guias\/dividendos\/\" rel=\"noreferrer noopener\">dividendos<\/a>&nbsp;m\u00ednimos obrigat\u00f3rios de 50% para 25%.<\/p>\n\n\n\n<p>Isso foi feito com a altera\u00e7\u00e3o do par\u00e1grafo \u00fanico do Artigo 40\u00ba do&nbsp;<a href=\"https:\/\/www.suno.com.br\/artigos\/estatuto-social\/\" target=\"_blank\" rel=\"noreferrer noopener\">Estatuto Social<\/a>&nbsp;da Companhia.<\/p>\n\n\n\n<p>\u201cO valor do reembolso por a\u00e7\u00e3o, em caso do exerc\u00edcio do direito de recesso, ser\u00e1 de R$ 2,37 (dois reais e trinta e sete centavos), que corresponde ao valor do patrim\u00f4nio l\u00edquido da a\u00e7\u00e3o da companhia em 31 de dezembro de 2022, conforme&nbsp;<a href=\"https:\/\/www.suno.com.br\/artigos\/demonstracoes-financeiras\/\" target=\"_blank\" rel=\"noreferrer noopener\">demonstra\u00e7\u00f5es financeiras<\/a>&nbsp;da companhia aprovadas na&nbsp;<a href=\"https:\/\/www.suno.com.br\/artigos\/assembleia-geral-ordinaria\/\" target=\"_blank\" rel=\"noreferrer noopener\">Assembleia Geral Ordin\u00e1ria<\/a>&nbsp;realizada em 28 de abril de 2023, nos termos do artigo 45, \u00a7 1\u00ba, da Lei das Sociedades por A\u00e7\u00f5es, sem preju\u00edzo do direito dos acionistas dissidentes de requererem o levantamento de balan\u00e7o especial, conforme abaixo\u201d, diz o&nbsp;<a href=\"https:\/\/www.rad.cvm.gov.br\/ENET\/frmExibirArquivoIPEExterno.aspx?NumeroProtocoloEntrega=1153573\" target=\"_blank\" rel=\"noreferrer noopener\">comunicado da Wiz<\/a>.<\/p>\n\n\n\n<p>Conforme descrito no aviso aos acionistas, o pagamento do valor das&nbsp;<strong>a\u00e7\u00f5es&nbsp;<\/strong>a serem reembolsadas ser\u00e1 realizado pela companhia no prazo de 30 (trinta) dias a contar do final do prazo para o exerc\u00edcio do direito de recesso mencionado no item acima.<\/p>\n\n\n\n<p>Caso haja solicita\u00e7\u00e3o de levantamento de balan\u00e7o especial, conforme o item 2.3 acima, a companhia pagar\u00e1 80% (oitenta por cento) do valor do reembolso calculado com base no patrim\u00f4nio l\u00edquido da companhia em 31 de dezembro de 2022, sendo o saldo, se houver, pago dentro do prazo de 120 (cento e vinte) dias a contar da data da delibera\u00e7\u00e3o em assembleia geral\u201d, diz a Wiz.<\/p>\n\n\n\n<p>Os&nbsp;<strong>acionistas da Wiz<\/strong>&nbsp;dissidentes dever\u00e3o reclamar o reembolso das a\u00e7\u00f5es pela companhia no prazo de 30 dias a contar da data de publica\u00e7\u00e3o da ata da AGE, ou seja, 26 de outubro.<\/p>\n\n\n\n\t<div data-element=\"shortcode-read-more\" class=\"readToo\">\n\t\t\t\t<span class=\"readToo__title\">Leia mais<\/span>\n\t\t\t\t<ul class=\"readToo__list\">\n\t\t\t<li><a href=\"https:\/\/www.suno.com.br\/noticias\/itausa-itsa4-goldman-sachs-dividendos-acoes-evm\/\">Ita\u00fasa (ITSA4): Goldman Sachs espera eleva\u00e7\u00e3o sucessiva de dividendos<\/a><\/li><li><a href=\"https:\/\/www.suno.com.br\/noticias\/lucro-irdm11-dividendos-setembro-2023-jvj\/\">Lucro do IRDM11 cresce 10,3% e fundo revela o que impactou os dividendos<\/a><\/li><li><a href=\"https:\/\/www.suno.com.br\/noticias\/caixa-seguridade-cxse3-dividendos-jvj\/\">Caixa Seguridade (CXSE3) pagar\u00e1 R$ 1,5 bilh\u00e3o em dividendos; veja o valor por a\u00e7\u00e3o e quando ser\u00e3o pagos<\/a><\/li>\t\t<\/ul>\n\t<\/div>\n\n\n\n\n<p>Com isso, ter\u00e3o at\u00e9 o dia 24 de novembro.<\/p>\n\n\n\n<p>\u201cO direito de recesso ficar\u00e1 extinto, por decad\u00eancia, de pleno direito, caso o acionista n\u00e3o o exer\u00e7a no prazo mencionado no par\u00e1grafo acima, nos termos do artigo 137, IV, \u00a7\u00a7 1\u00ba e 4\u00ba, da Lei das Sociedades por A\u00e7\u00f5es\u201d, conclui a companhia.<\/p>\n\n\n\n<p><a href=\"https:\/\/statusinvest.com.br\/acoes\/wizc3?__hstc=189907700.a6a3c0f889dbabbf12a3704bf30b0bd8.1669153633978.1698180680663.1698188961628.1915&amp;__hssc=189907700.19.1698188961628&amp;__hsfp=2351071697\" target=\"_blank\" rel=\"noreferrer noopener\">Conforme dados do Status Invest<\/a>, o&nbsp;<a href=\"https:\/\/www.suno.com.br\/artigos\/dividend-yield-como-calcular\/\" target=\"_blank\" rel=\"noreferrer noopener\">dividend yield<\/a>&nbsp;(DY) da Wiz \u00e9 de 8,8% atualmente. Isso porque a companhia pagou R$ 0,44 por a\u00e7\u00e3o em&nbsp;<strong>dividendos<\/strong>&nbsp;nos \u00faltimos 12 meses.<\/p>\n\n\n\t<p>\n\t\t<a href=\"https:\/\/lp.suno.com.br\/ebook-como-analisar-uma-acao\/\" target=\"_blank\" data-element=\"shortcode-suno-banner\" title=\"Banner SUNO, clique e saiba mais\">\n\t\t\t<picture>\n\t\t\t\t<source media=\"(max-width: 500px)\" srcset=\"https:\/\/files.sunoresearch.com.br\/n\/uploads\/2023\/03\/Ebook-Acoes-Mobile.jpg\">\n\t\t\t\t<img class=\"newsContent__article__imgCapa newsContent__article__imgCapa--banner\"\n\t\t\t\t\tsrc=\"https:\/\/files.sunoresearch.com.br\/n\/uploads\/2023\/03\/Ebook-Acoes-Desktop.jpg\"\n\t\t\t\t\tdata-promo-id=\"378302\"\t\t\t\t\t\t\t\t\t\twidth='1420' height='286'\t\t\t\t\talt=\"https:\/\/files.sunoresearch.com.br\/n\/uploads\/2023\/03\/Ebook-Acoes-Desktop.jpg\"\n\t\t\t\t>\n\t\t\t<\/picture>\n\t\t<\/a>\n\t<\/p>\n\n\n\n\n\n<h2 class=\"wp-block-heading\">BrasilAgro: Cresud reduz posi\u00e7\u00e3o acion\u00e1ria<\/h2>\n\n\n\n<p>A&nbsp;<a href=\"https:\/\/www.suno.com.br\/acoes\/AGRO3\/\" target=\"_blank\" rel=\"noreferrer noopener\"><strong>BrasilAgro (AGRO3)<\/strong><\/a>&nbsp;informou em setembro que a Cresud&nbsp; reduziu a posi\u00e7\u00e3o acion\u00e1ria, direta e indireta, na companhia, atingindo o montante de 35.081.184 a\u00e7\u00f5es, equivalente a 34,27% das&nbsp;<a href=\"https:\/\/www.suno.com.br\/artigos\/o-que-sao-acoes-ordinarias-preferenciais-e-units\/\" target=\"_blank\" rel=\"noreferrer noopener\">a\u00e7\u00f5es ordin\u00e1rias<\/a>&nbsp;de emiss\u00e3o.&nbsp;<\/p>\n\n\n\n<p>A&nbsp;empresa vendeu no final de junho uma \u00e1rea com milhares de hectares na Fazenda Jatob\u00e1, pelo valor equivalente a R$ 121,9 milh\u00f5es, que corresponde a 298 sacas de soja por hectare \u00fatil, ou seja, R$ 38.069\/ha \u00fatil.<\/p>\n\n\n\n<p>A&nbsp;<strong>\u00e1rea vendida pela BrasilAgro<\/strong>&nbsp;tem 4.408 hectares, ou 3.202 hectares \u00fateis. Ela faz parte da&nbsp;<strong>Fazenda Jatob\u00e1<\/strong>, propriedade rural localizada no munic\u00edpio de Jaborandi\/BA.<\/p>\n\n\n\n<p>O comprador j\u00e1 efetuou o pagamento inicial de 20% do valor total. O tempo m\u00e9dio de recebimento da venda (duration) \u00e9 de 2,79 anos.<\/p>\n\n\n\n<p>Contabilmente, o valor da \u00e1rea da Fazenda nos livros da empresa \u00e9 de R$ 15,1 milh\u00f5es, considerando o pre\u00e7o de compra somado aos investimentos l\u00edquidos de deprecia\u00e7\u00e3o. A&nbsp;<a target=\"_blank\" href=\"https:\/\/www.suno.com.br\/artigos\/taxa-interna-de-retorno\/\" rel=\"noreferrer noopener\">Taxa Interna de Retorno<\/a>&nbsp;(TIR) esperada na transa\u00e7\u00e3o \u00e9 de 16,0% ao ano.<\/p>\n\n\n\n<p>A Fazenda Jatob\u00e1 foi comprada pela&nbsp;<strong>Companhia Brasileira de Propriedades Agr\u00edcolas<\/strong>&nbsp;no ano de 2007. O investimento no neg\u00f3cio foi de R$ 70,4 milh\u00f5es, considerando o valor da aquisi\u00e7\u00e3o e dos recursos usados no desenvolvimento da propriedade at\u00e9 o momento.<\/p>\n\n\n\n<p>A fazenda tinha uma \u00e1rea total de 31.606 hectares, sendo que 22.738 hectares j\u00e1 foram vendidos pela BrasilAgro, por um montante total de R$ 497,9 milh\u00f5es. Assim, restam 8.868 hectares no portf\u00f3lio depois de todas as vendas.<\/p>\n\n\n\n<p>Em comunicado divulgado ao mercado hoje (29), a BrasilAgro se mostrou otimista com o uso de sua estrat\u00e9gia atual.<\/p>\n\n\n\n<p>\u201cContinuamos confiantes em nossa estrat\u00e9gia e na nossa capacidade de entregar resultados e encontrar solu\u00e7\u00f5es inovadoras e eficientes para continuar crescendo de forma consistente, agregando valor para nossos acionistas\u201d, conclui a <strong>BrasilAgro<\/strong>.<\/p>\n\n\n\n\n\t<p>\n\t\t<a href=\"https:\/\/lp.suno.com.br\/planilha-da-vida-financeira\/\" target=\"_blank\" data-element=\"shortcode-suno-banner\" title=\"Banner SUNO, clique e saiba mais\">\n\t\t\t<picture>\n\t\t\t\t<source media=\"(max-width: 500px)\" srcset=\"https:\/\/files.sunoresearch.com.br\/n\/uploads\/2023\/04\/400x300-Planilha-vida-financeira-true.png\">\n\t\t\t\t<img class=\"newsContent__article__imgCapa newsContent__article__imgCapa--banner\"\n\t\t\t\t\tsrc=\"https:\/\/files.sunoresearch.com.br\/n\/uploads\/2023\/04\/1420x240-Planilha-vida-financeira-true.png\"\n\t\t\t\t\tdata-promo-id=\"383123\"\t\t\t\t\t\t\t\t\t\twidth='1420' height='240'\t\t\t\t\talt=\"https:\/\/files.sunoresearch.com.br\/n\/uploads\/2023\/04\/1420x240-Planilha-vida-financeira-true.png\"\n\t\t\t\t>\n\t\t\t<\/picture>\n\t\t<\/a>\n\t<\/p>\n\n\n","protected":false},"excerpt":{"rendered":"<p>A BrasilAgro (AGRO3) anunciou, ap\u00f3s Assembleia Geral Ordin\u00e1ria e Extraordin\u00e1ria nesta ter\u00e7a (24), a distribui\u00e7\u00e3o de R$ 320 milh\u00f5es em dividendos aos seus acionistas, segundo fato relevante divulgado hoje. SNFZ11 &#8211; Foto: iStock O valor dos proventos da BrasilAgro por a\u00e7\u00e3o ser\u00e1 de R$ 3,212352878 por a\u00e7\u00e3o, isento de Imposto de Renda, que ser\u00e3o pagos [&hellip;]<\/p>\n","protected":false},"author":98,"featured_media":406435,"comment_status":"closed","ping_status":"closed","sticky":false,"template":"","format":"standard","meta":[],"categories":[64],"tags":[286,105738,295],"suno_strategy":[],"class_list":["post-475952","post","type-post","status-publish","format-standard","has-post-thumbnail","hentry","category-negocios","tag-acoes","tag-brasilagro-agro3","tag-dividendos"],"yoast_head":"<!-- This site is optimized with the Yoast SEO plugin v24.4 - https:\/\/yoast.com\/wordpress\/plugins\/seo\/ -->\n<title>BrasilAgro (AGRO3) vai pagar R$ 320 milh\u00f5es em dividendos<\/title>\n<meta name=\"description\" content=\"A BrasilAgro anunciou, ap\u00f3s assembleia nesta ter\u00e7a (24), a distribui\u00e7\u00e3o de R$ 320 milh\u00f5es em dividendos aos seus acionistas\" \/>\n<meta name=\"robots\" content=\"index, follow, max-snippet:-1, max-image-preview:large, max-video-preview:-1\" \/>\n<link rel=\"canonical\" href=\"https:\/\/www.suno.com.br\/noticias\/brasilagro-agro3-dividendos-pagamento-mal\/\" \/>\n<meta property=\"og:locale\" content=\"pt_BR\" \/>\n<meta property=\"og:type\" content=\"article\" \/>\n<meta property=\"og:title\" content=\"BrasilAgro (AGRO3) vai pagar R$ 320 milh\u00f5es em dividendos\" \/>\n<meta property=\"og:description\" content=\"A BrasilAgro anunciou, ap\u00f3s assembleia nesta ter\u00e7a (24), a distribui\u00e7\u00e3o de R$ 320 milh\u00f5es em dividendos aos seus acionistas\" \/>\n<meta property=\"og:url\" content=\"https:\/\/www.suno.com.br\/noticias\/brasilagro-agro3-dividendos-pagamento-mal\/\" \/>\n<meta property=\"og:site_name\" content=\"Suno Not\u00edcias\" \/>\n<meta property=\"article:publisher\" content=\"https:\/\/facebook.com\/sunoresearch\" \/>\n<meta property=\"og:image\" content=\"https:\/\/files.sunoresearch.com.br\/n\/uploads\/2023\/05\/agronegocio-crescimento-agro-investir-1.jpg\" \/>\n\t<meta property=\"og:image:width\" content=\"1200\" \/>\n\t<meta property=\"og:image:height\" content=\"800\" \/>\n\t<meta property=\"og:image:type\" content=\"image\/jpeg\" \/>\n<meta name=\"author\" content=\"Marco Ant\u00f4nio Lopes\" \/>\n<meta name=\"twitter:card\" content=\"summary_large_image\" \/>\n<meta name=\"twitter:creator\" content=\"@sunoresearch\" \/>\n<meta name=\"twitter:site\" content=\"@sunoresearch\" \/>\n<meta name=\"twitter:label1\" content=\"Escrito por\" \/>\n\t<meta name=\"twitter:data1\" content=\"Marco Ant\u00f4nio Lopes\" \/>\n\t<meta name=\"twitter:label2\" content=\"Est. tempo de leitura\" \/>\n\t<meta name=\"twitter:data2\" content=\"5 minutos\" \/>\n<script type=\"application\/ld+json\" class=\"yoast-schema-graph\">{\"@context\":\"https:\/\/schema.org\",\"@graph\":[{\"@type\":\"NewsArticle\",\"@id\":\"https:\/\/www.suno.com.br\/noticias\/brasilagro-agro3-dividendos-pagamento-mal\/#article\",\"isPartOf\":{\"@id\":\"https:\/\/www.suno.com.br\/noticias\/brasilagro-agro3-dividendos-pagamento-mal\/\"},\"author\":{\"name\":\"Marco Ant\u00f4nio Lopes\",\"@id\":\"https:\/\/www.suno.com.br\/noticias\/#\/schema\/person\/829bbe8d57f84333b966b96229c6bf5f\"},\"headline\":\"BrasilAgro (AGRO3) vai pagar R$ 320 milh\u00f5es em dividendos; veja o valor por a\u00e7\u00e3o\",\"datePublished\":\"2023-10-25T00:06:58+00:00\",\"dateModified\":\"2023-10-25T00:08:38+00:00\",\"mainEntityOfPage\":{\"@id\":\"https:\/\/www.suno.com.br\/noticias\/brasilagro-agro3-dividendos-pagamento-mal\/\"},\"wordCount\":843,\"publisher\":{\"@id\":\"https:\/\/www.suno.com.br\/noticias\/#organization\"},\"image\":{\"@id\":\"https:\/\/www.suno.com.br\/noticias\/brasilagro-agro3-dividendos-pagamento-mal\/#primaryimage\"},\"thumbnailUrl\":\"https:\/\/files.sunoresearch.com.br\/n\/uploads\/2023\/05\/agronegocio-crescimento-agro-investir-1.jpg\",\"keywords\":[\"A\u00e7\u00f5es\",\"BrasilAgro (AGRO3)\",\"dividendos\"],\"articleSection\":[\"Neg\u00f3cios\"],\"inLanguage\":\"pt-BR\"},{\"@type\":\"WebPage\",\"@id\":\"https:\/\/www.suno.com.br\/noticias\/brasilagro-agro3-dividendos-pagamento-mal\/\",\"url\":\"https:\/\/www.suno.com.br\/noticias\/brasilagro-agro3-dividendos-pagamento-mal\/\",\"name\":\"BrasilAgro (AGRO3) vai pagar R$ 320 milh\u00f5es em dividendos\",\"isPartOf\":{\"@id\":\"https:\/\/www.suno.com.br\/noticias\/#website\"},\"primaryImageOfPage\":{\"@id\":\"https:\/\/www.suno.com.br\/noticias\/brasilagro-agro3-dividendos-pagamento-mal\/#primaryimage\"},\"image\":{\"@id\":\"https:\/\/www.suno.com.br\/noticias\/brasilagro-agro3-dividendos-pagamento-mal\/#primaryimage\"},\"thumbnailUrl\":\"https:\/\/files.sunoresearch.com.br\/n\/uploads\/2023\/05\/agronegocio-crescimento-agro-investir-1.jpg\",\"datePublished\":\"2023-10-25T00:06:58+00:00\",\"dateModified\":\"2023-10-25T00:08:38+00:00\",\"description\":\"A BrasilAgro anunciou, ap\u00f3s assembleia nesta ter\u00e7a (24), a distribui\u00e7\u00e3o de R$ 320 milh\u00f5es em dividendos aos seus acionistas\",\"breadcrumb\":{\"@id\":\"https:\/\/www.suno.com.br\/noticias\/brasilagro-agro3-dividendos-pagamento-mal\/#breadcrumb\"},\"inLanguage\":\"pt-BR\",\"potentialAction\":[{\"@type\":\"ReadAction\",\"target\":[\"https:\/\/www.suno.com.br\/noticias\/brasilagro-agro3-dividendos-pagamento-mal\/\"]}]},{\"@type\":\"ImageObject\",\"inLanguage\":\"pt-BR\",\"@id\":\"https:\/\/www.suno.com.br\/noticias\/brasilagro-agro3-dividendos-pagamento-mal\/#primaryimage\",\"url\":\"https:\/\/files.sunoresearch.com.br\/n\/uploads\/2023\/05\/agronegocio-crescimento-agro-investir-1.jpg\",\"contentUrl\":\"https:\/\/files.sunoresearch.com.br\/n\/uploads\/2023\/05\/agronegocio-crescimento-agro-investir-1.jpg\",\"width\":1200,\"height\":800,\"caption\":\"SNFZ11 - Foto: iStock\"},{\"@type\":\"BreadcrumbList\",\"@id\":\"https:\/\/www.suno.com.br\/noticias\/brasilagro-agro3-dividendos-pagamento-mal\/#breadcrumb\",\"itemListElement\":[{\"@type\":\"ListItem\",\"position\":1,\"name\":\"Not\u00edcias\",\"item\":\"https:\/\/www.suno.com.br\/noticias\/\"},{\"@type\":\"ListItem\",\"position\":2,\"name\":\"Neg\u00f3cios\",\"item\":\"https:\/\/www.suno.com.br\/noticias\/negocios\/\"},{\"@type\":\"ListItem\",\"position\":3,\"name\":\"BrasilAgro (AGRO3) vai pagar R$ 320 milh\u00f5es em dividendos; veja o valor por a\u00e7\u00e3o\"}]},{\"@type\":\"WebSite\",\"@id\":\"https:\/\/www.suno.com.br\/noticias\/#website\",\"url\":\"https:\/\/www.suno.com.br\/noticias\/\",\"name\":\"Suno Not\u00edcias\",\"description\":\"Seu portal de informa\u00e7\u00e3o sobre o mundo dos investimentos\",\"publisher\":{\"@id\":\"https:\/\/www.suno.com.br\/noticias\/#organization\"},\"potentialAction\":[{\"@type\":\"SearchAction\",\"target\":{\"@type\":\"EntryPoint\",\"urlTemplate\":\"https:\/\/www.suno.com.br\/noticias\/?s={search_term_string}\"},\"query-input\":{\"@type\":\"PropertyValueSpecification\",\"valueRequired\":true,\"valueName\":\"search_term_string\"}}],\"inLanguage\":\"pt-BR\"},{\"@type\":\"Organization\",\"@id\":\"https:\/\/www.suno.com.br\/noticias\/#organization\",\"name\":\"Suno Not\u00edcias\",\"url\":\"https:\/\/www.suno.com.br\/noticias\/\",\"logo\":{\"@type\":\"ImageObject\",\"inLanguage\":\"pt-BR\",\"@id\":\"https:\/\/www.suno.com.br\/noticias\/#\/schema\/logo\/image\/\",\"url\":\"https:\/\/files.sunoresearch.com.br\/n\/uploads\/2021\/09\/suno-logo.png\",\"contentUrl\":\"https:\/\/files.sunoresearch.com.br\/n\/uploads\/2021\/09\/suno-logo.png\",\"width\":180,\"height\":180,\"caption\":\"Suno Not\u00edcias\"},\"image\":{\"@id\":\"https:\/\/www.suno.com.br\/noticias\/#\/schema\/logo\/image\/\"},\"sameAs\":[\"https:\/\/facebook.com\/sunoresearch\",\"https:\/\/x.com\/sunoresearch\",\"https:\/\/www.instagram.com\/suno\",\"https:\/\/www.linkedin.com\/company\/suno-research\/\",\"https:\/\/www.youtube.com\/c\/sunoresearch\"]},{\"@type\":\"Person\",\"@id\":\"https:\/\/www.suno.com.br\/noticias\/#\/schema\/person\/829bbe8d57f84333b966b96229c6bf5f\",\"name\":\"Marco Ant\u00f4nio Lopes\",\"image\":{\"@type\":\"ImageObject\",\"inLanguage\":\"pt-BR\",\"@id\":\"https:\/\/www.suno.com.br\/noticias\/#\/schema\/person\/image\/\",\"url\":\"https:\/\/secure.gravatar.com\/avatar\/385167b012fbc1cde32c5446ee253313?s=96&r=g\",\"contentUrl\":\"https:\/\/secure.gravatar.com\/avatar\/385167b012fbc1cde32c5446ee253313?s=96&r=g\",\"caption\":\"Marco Ant\u00f4nio Lopes\"},\"description\":\"Jornalista, \u00e9 editor no Suno Not\u00edcias. Trabalhou nas revistas Playboy, Super, Veja Comer &amp; Beber, Homem Vogue e Universo Masculino, al\u00e9m dos portais Abril.com, R7, nas editorias de Home, Esportes, Hora 7, Entretenimento e Geral, e Eu Quero Investir. Autor do livro Bruce Lee: Definitivo (Editora Conrad). Colaborou nas revistas Nova, Veja SP, Grandes Guerras, Placar, Bizz, Casa Claudia e Quatro Rodas.\",\"url\":\"https:\/\/www.suno.com.br\/noticias\/author\/marco-lopes\/\"}]}<\/script>\n<!-- \/ Yoast SEO plugin. -->","yoast_head_json":{"title":"BrasilAgro (AGRO3) vai pagar R$ 320 milh\u00f5es em dividendos","description":"A BrasilAgro anunciou, ap\u00f3s assembleia nesta ter\u00e7a (24), a distribui\u00e7\u00e3o de R$ 320 milh\u00f5es em dividendos aos seus acionistas","robots":{"index":"index","follow":"follow","max-snippet":"max-snippet:-1","max-image-preview":"max-image-preview:large","max-video-preview":"max-video-preview:-1"},"canonical":"https:\/\/www.suno.com.br\/noticias\/brasilagro-agro3-dividendos-pagamento-mal\/","og_locale":"pt_BR","og_type":"article","og_title":"BrasilAgro (AGRO3) vai pagar R$ 320 milh\u00f5es em dividendos","og_description":"A BrasilAgro anunciou, ap\u00f3s assembleia nesta ter\u00e7a (24), a distribui\u00e7\u00e3o de R$ 320 milh\u00f5es em dividendos aos seus acionistas","og_url":"https:\/\/www.suno.com.br\/noticias\/brasilagro-agro3-dividendos-pagamento-mal\/","og_site_name":"Suno Not\u00edcias","article_publisher":"https:\/\/facebook.com\/sunoresearch","og_image":[{"width":1200,"height":800,"url":"https:\/\/files.sunoresearch.com.br\/n\/uploads\/2023\/05\/agronegocio-crescimento-agro-investir-1.jpg","type":"image\/jpeg"}],"author":"Marco Ant\u00f4nio Lopes","twitter_card":"summary_large_image","twitter_creator":"@sunoresearch","twitter_site":"@sunoresearch","twitter_misc":{"Escrito por":"Marco Ant\u00f4nio Lopes","Est. tempo de leitura":"5 minutos"},"schema":{"@context":"https:\/\/schema.org","@graph":[{"@type":"NewsArticle","@id":"https:\/\/www.suno.com.br\/noticias\/brasilagro-agro3-dividendos-pagamento-mal\/#article","isPartOf":{"@id":"https:\/\/www.suno.com.br\/noticias\/brasilagro-agro3-dividendos-pagamento-mal\/"},"author":{"name":"Marco Ant\u00f4nio Lopes","@id":"https:\/\/www.suno.com.br\/noticias\/#\/schema\/person\/829bbe8d57f84333b966b96229c6bf5f"},"headline":"BrasilAgro (AGRO3) vai pagar R$ 320 milh\u00f5es em dividendos; veja o valor por a\u00e7\u00e3o","datePublished":"2023-10-25T00:06:58+00:00","dateModified":"2023-10-25T00:08:38+00:00","mainEntityOfPage":{"@id":"https:\/\/www.suno.com.br\/noticias\/brasilagro-agro3-dividendos-pagamento-mal\/"},"wordCount":843,"publisher":{"@id":"https:\/\/www.suno.com.br\/noticias\/#organization"},"image":{"@id":"https:\/\/www.suno.com.br\/noticias\/brasilagro-agro3-dividendos-pagamento-mal\/#primaryimage"},"thumbnailUrl":"https:\/\/files.sunoresearch.com.br\/n\/uploads\/2023\/05\/agronegocio-crescimento-agro-investir-1.jpg","keywords":["A\u00e7\u00f5es","BrasilAgro (AGRO3)","dividendos"],"articleSection":["Neg\u00f3cios"],"inLanguage":"pt-BR"},{"@type":"WebPage","@id":"https:\/\/www.suno.com.br\/noticias\/brasilagro-agro3-dividendos-pagamento-mal\/","url":"https:\/\/www.suno.com.br\/noticias\/brasilagro-agro3-dividendos-pagamento-mal\/","name":"BrasilAgro (AGRO3) vai pagar R$ 320 milh\u00f5es em dividendos","isPartOf":{"@id":"https:\/\/www.suno.com.br\/noticias\/#website"},"primaryImageOfPage":{"@id":"https:\/\/www.suno.com.br\/noticias\/brasilagro-agro3-dividendos-pagamento-mal\/#primaryimage"},"image":{"@id":"https:\/\/www.suno.com.br\/noticias\/brasilagro-agro3-dividendos-pagamento-mal\/#primaryimage"},"thumbnailUrl":"https:\/\/files.sunoresearch.com.br\/n\/uploads\/2023\/05\/agronegocio-crescimento-agro-investir-1.jpg","datePublished":"2023-10-25T00:06:58+00:00","dateModified":"2023-10-25T00:08:38+00:00","description":"A BrasilAgro anunciou, ap\u00f3s assembleia nesta ter\u00e7a (24), a distribui\u00e7\u00e3o de R$ 320 milh\u00f5es em dividendos aos seus acionistas","breadcrumb":{"@id":"https:\/\/www.suno.com.br\/noticias\/brasilagro-agro3-dividendos-pagamento-mal\/#breadcrumb"},"inLanguage":"pt-BR","potentialAction":[{"@type":"ReadAction","target":["https:\/\/www.suno.com.br\/noticias\/brasilagro-agro3-dividendos-pagamento-mal\/"]}]},{"@type":"ImageObject","inLanguage":"pt-BR","@id":"https:\/\/www.suno.com.br\/noticias\/brasilagro-agro3-dividendos-pagamento-mal\/#primaryimage","url":"https:\/\/files.sunoresearch.com.br\/n\/uploads\/2023\/05\/agronegocio-crescimento-agro-investir-1.jpg","contentUrl":"https:\/\/files.sunoresearch.com.br\/n\/uploads\/2023\/05\/agronegocio-crescimento-agro-investir-1.jpg","width":1200,"height":800,"caption":"SNFZ11 - Foto: iStock"},{"@type":"BreadcrumbList","@id":"https:\/\/www.suno.com.br\/noticias\/brasilagro-agro3-dividendos-pagamento-mal\/#breadcrumb","itemListElement":[{"@type":"ListItem","position":1,"name":"Not\u00edcias","item":"https:\/\/www.suno.com.br\/noticias\/"},{"@type":"ListItem","position":2,"name":"Neg\u00f3cios","item":"https:\/\/www.suno.com.br\/noticias\/negocios\/"},{"@type":"ListItem","position":3,"name":"BrasilAgro (AGRO3) vai pagar R$ 320 milh\u00f5es em dividendos; veja o valor por a\u00e7\u00e3o"}]},{"@type":"WebSite","@id":"https:\/\/www.suno.com.br\/noticias\/#website","url":"https:\/\/www.suno.com.br\/noticias\/","name":"Suno Not\u00edcias","description":"Seu portal de informa\u00e7\u00e3o sobre o mundo dos investimentos","publisher":{"@id":"https:\/\/www.suno.com.br\/noticias\/#organization"},"potentialAction":[{"@type":"SearchAction","target":{"@type":"EntryPoint","urlTemplate":"https:\/\/www.suno.com.br\/noticias\/?s={search_term_string}"},"query-input":{"@type":"PropertyValueSpecification","valueRequired":true,"valueName":"search_term_string"}}],"inLanguage":"pt-BR"},{"@type":"Organization","@id":"https:\/\/www.suno.com.br\/noticias\/#organization","name":"Suno Not\u00edcias","url":"https:\/\/www.suno.com.br\/noticias\/","logo":{"@type":"ImageObject","inLanguage":"pt-BR","@id":"https:\/\/www.suno.com.br\/noticias\/#\/schema\/logo\/image\/","url":"https:\/\/files.sunoresearch.com.br\/n\/uploads\/2021\/09\/suno-logo.png","contentUrl":"https:\/\/files.sunoresearch.com.br\/n\/uploads\/2021\/09\/suno-logo.png","width":180,"height":180,"caption":"Suno Not\u00edcias"},"image":{"@id":"https:\/\/www.suno.com.br\/noticias\/#\/schema\/logo\/image\/"},"sameAs":["https:\/\/facebook.com\/sunoresearch","https:\/\/x.com\/sunoresearch","https:\/\/www.instagram.com\/suno","https:\/\/www.linkedin.com\/company\/suno-research\/","https:\/\/www.youtube.com\/c\/sunoresearch"]},{"@type":"Person","@id":"https:\/\/www.suno.com.br\/noticias\/#\/schema\/person\/829bbe8d57f84333b966b96229c6bf5f","name":"Marco Ant\u00f4nio Lopes","image":{"@type":"ImageObject","inLanguage":"pt-BR","@id":"https:\/\/www.suno.com.br\/noticias\/#\/schema\/person\/image\/","url":"https:\/\/secure.gravatar.com\/avatar\/385167b012fbc1cde32c5446ee253313?s=96&r=g","contentUrl":"https:\/\/secure.gravatar.com\/avatar\/385167b012fbc1cde32c5446ee253313?s=96&r=g","caption":"Marco Ant\u00f4nio Lopes"},"description":"Jornalista, \u00e9 editor no Suno Not\u00edcias. Trabalhou nas revistas Playboy, Super, Veja Comer &amp; Beber, Homem Vogue e Universo Masculino, al\u00e9m dos portais Abril.com, R7, nas editorias de Home, Esportes, Hora 7, Entretenimento e Geral, e Eu Quero Investir. Autor do livro Bruce Lee: Definitivo (Editora Conrad). Colaborou nas revistas Nova, Veja SP, Grandes Guerras, Placar, Bizz, Casa Claudia e Quatro Rodas.","url":"https:\/\/www.suno.com.br\/noticias\/author\/marco-lopes\/"}]}},"default_loop_html":"<div class=\"cardsPage__listCard__boxs\"><div class=\"cardsPage__listCard__boxs__img\"><a href=\"https:\/\/www.suno.com.br\/noticias\/brasilagro-agro3-dividendos-pagamento-mal\/\"><img class=\"mask\" src=\"https:\/\/www.suno.com.br\/noticias\/wp-content\/themes\/suno\/resources\/images\/spotlight\/spotlight1img\/bg-mask.png\" alt=\"Image Mask\"\/><img src=\"https:\/\/files.sunoresearch.com.br\/n\/uploads\/2023\/05\/agronegocio-crescimento-agro-investir-1-400x200.jpg\" alt=\"BrasilAgro (AGRO3) vai pagar R$ 320 milh\u00f5es em dividendos; veja o valor por a\u00e7\u00e3o\"\/><\/a><span class=\"spotlightCategory\"><a href=\"https:\/\/www.suno.com.br\/noticias\/negocios\/\">Neg\u00f3cios<\/a><\/span><\/div><div class=\"cardsPage__listCard__boxs__content\"><a href=\"https:\/\/www.suno.com.br\/noticias\/brasilagro-agro3-dividendos-pagamento-mal\/\"><h2 class=\"content__title\">BrasilAgro (AGRO3) vai pagar R$ 320 milh\u00f5es em dividendos; veja o valor por a\u00e7\u00e3o<\/h2><\/a><div class=\"newsContent__article__meta\"><div class=\"newsContent__article__meta__authorBox\"><a href=\"https:\/\/www.suno.com.br\/noticias\/author\/joao-vitor-jacintho\/\" class=\"authorBox__avatar noMobi\"><img src=\"https:\/\/secure.gravatar.com\/avatar\/2843227ca03ccf8cc7ccca45204c127e?s=96&#038;r=g\" alt=\"Jo\u00e3o Vitor Jacintho\"><\/a><div class=\"authorBox__name\"><span>por\n\t\t\t<a href=\"https:\/\/www.suno.com.br\/noticias\/author\/joao-vitor-jacintho\/\"><span itemprop=\"author\">Jo\u00e3o Vitor Jacintho<\/span><\/a><\/span><time datetime=\"2023-10-24T21:06:58-03:00\" itemprop=\"datePublished\">24\/10\/2023 21:06<\/time><\/div><\/div><\/div><\/div><\/div>","single_layout":"posts","amp_enabled":true,"_links":{"self":[{"href":"https:\/\/www.suno.com.br\/noticias\/wp-json\/wp\/v2\/posts\/475952"}],"collection":[{"href":"https:\/\/www.suno.com.br\/noticias\/wp-json\/wp\/v2\/posts"}],"about":[{"href":"https:\/\/www.suno.com.br\/noticias\/wp-json\/wp\/v2\/types\/post"}],"author":[{"embeddable":true,"href":"https:\/\/www.suno.com.br\/noticias\/wp-json\/wp\/v2\/users\/98"}],"replies":[{"embeddable":true,"href":"https:\/\/www.suno.com.br\/noticias\/wp-json\/wp\/v2\/comments?post=475952"}],"version-history":[{"count":2,"href":"https:\/\/www.suno.com.br\/noticias\/wp-json\/wp\/v2\/posts\/475952\/revisions"}],"predecessor-version":[{"id":475972,"href":"https:\/\/www.suno.com.br\/noticias\/wp-json\/wp\/v2\/posts\/475952\/revisions\/475972"}],"wp:featuredmedia":[{"embeddable":true,"href":"https:\/\/www.suno.com.br\/noticias\/wp-json\/wp\/v2\/media\/406435"}],"wp:attachment":[{"href":"https:\/\/www.suno.com.br\/noticias\/wp-json\/wp\/v2\/media?parent=475952"}],"wp:term":[{"taxonomy":"category","embeddable":true,"href":"https:\/\/www.suno.com.br\/noticias\/wp-json\/wp\/v2\/categories?post=475952"},{"taxonomy":"post_tag","embeddable":true,"href":"https:\/\/www.suno.com.br\/noticias\/wp-json\/wp\/v2\/tags?post=475952"},{"taxonomy":"suno_strategy","embeddable":true,"href":"https:\/\/www.suno.com.br\/noticias\/wp-json\/wp\/v2\/suno_strategy?post=475952"}],"curies":[{"name":"wp","href":"https:\/\/api.w.org\/{rel}","templated":true}]}}