{"id":475870,"date":"2023-10-24T18:50:52","date_gmt":"2023-10-24T21:50:52","guid":{"rendered":"https:\/\/www.suno.com.br\/noticias\/?p=475870"},"modified":"2023-10-24T18:50:56","modified_gmt":"2023-10-24T21:50:56","slug":"dolar-cai-fecha-abaixo-de-r-500-com-exterior","status":"publish","type":"post","link":"https:\/\/www.suno.com.br\/noticias\/dolar-cai-fecha-abaixo-de-r-500-com-exterior\/","title":{"rendered":"D\u00f3lar fecha abaixo de R$ 5 pela 1\u00aa vez no m\u00eas, com ajuda do exterior e pauta econ\u00f4mica no Congresso"},"content":{"rendered":"<p>O <strong>d\u00f3lar<\/strong> \u00e0 vista encerrou a sess\u00e3o desta ter\u00e7a-feira, 24, em queda de 0,46%, cotado a R$ 4,9937 &#8211; abaixo de R$ 5 no fechamento pela primeira vez desde 26 de setembro. Foi o quarto preg\u00e3o consecutivo de queda da divisa no mercado dom\u00e9stico de c\u00e2mbio. O fortalecimento recente do real \u00e9 atribu\u00eddo \u00e0 menor press\u00e3o sobre os juros longos americanos e \u00e0 valoriza\u00e7\u00e3o recente de <a class=\"suno-keyword\" target=\"_blank\" data-force=\"no\" data-priority=\"1\" href=\"https:\/\/www.suno.com.br\/artigos\/commodities-agricolas\/\" rel=\"noopener\">commodities agr\u00edcolas<\/a> e do min\u00e9rio de ferro, que nesta ter\u00e7a avan\u00e7ou mais de 3% na esteira de an\u00fancio de est\u00edmulos fiscais na China.<\/p>\t<div class=\"wrapper-featured-image\">\n\t\t<figure class=\"spotlightImg\">\n\n\t\t\t<picture>\n\t\t\t\t<source media=\"(max-width: 768px)\" srcset=\"https:\/\/files.sunoresearch.com.br\/n\/uploads\/2023\/05\/cambio-dolar-dinheiro-400x200.jpg\">\n\t\t\t\t<img loading=\"lazy\" decoding=\"async\" class=\"newsContent__article__imgCapa lazyloadDisabled \" src=\"https:\/\/files.sunoresearch.com.br\/n\/uploads\/2023\/05\/cambio-dolar-dinheiro-800x450.jpg\" width=\"800\" height=\"450\" alt=\"D\u00f3lar fecha abaixo de R$ 5 pela 1\u00aa vez no m\u00eas, com ajuda do exterior e pauta econ\u00f4mica no Congresso\" fetchpriority=high \/>\n\t\t\t<\/picture>\n\n\t\t\t<figcaption class=\"wp-caption-text wp-caption-text--show\">A\u00e7\u00f5es no exterior para investir em 2024. Foto: iStock<\/figcaption>\n\t\t<\/figure>\n\t<\/div>\n\n\n\n\n\n\t<p>\n\t\t<a href=\"\" target=\"_blank\" data-element=\"shortcode-suno-banner\" title=\"Banner SUNO, clique e saiba mais\">\n\t\t\t<picture>\n\t\t\t\t<source media=\"(max-width: 500px)\" srcset=\"\">\n\t\t\t\t<img class=\"newsContent__article__imgCapa newsContent__article__imgCapa--banner\"\n\t\t\t\t\tsrc=\"\"\n\t\t\t\t\tdata-promo-id=\"240038\"\t\t\t\t\t\t\t\t\t\t\t\t\t\t\talt=\"\"\n\t\t\t\t>\n\t\t\t<\/picture>\n\t\t<\/a>\n\t<\/p>\n\n\n\n\n\n\n\n<p>Embora o quadro internacional continue sendo fator preponderante para a forma\u00e7\u00e3o da <strong>taxa de c\u00e2mbio<\/strong>, analistas observam que a retomada da pauta econ\u00f4mica do governo Lula no Congresso contribui para a <strong>aprecia\u00e7\u00e3o do real<\/strong>, uma vez que tende a diminuir a percep\u00e7\u00e3o de risco fiscal.<\/p>\n\n\n\n<p>A perspectiva \u00e9 a de que o projeto de lei sobre taxa\u00e7\u00e3o de fundos de alta renda (exclusivos e offshore) &#8211; uma das medidas gestadas no minist\u00e9rio da Fazenda para aumentar a receita e cumprir a meta de d\u00e9ficit zero em 2024 &#8211; seja aprovado na C\u00e2mara nesta semana.<\/p>\n\n\n\n<p>L\u00e1 fora, o d\u00f3lar se fortaleceu em rela\u00e7\u00e3o a pares, em especial na compara\u00e7\u00e3o com o euro. O \u00edndice de gerentes de compras (PMIs, na sigla em ingl\u00eas) composto da <a class=\"suno-keyword\" target=\"_blank\" data-force=\"no\" data-priority=\"1\" href=\"https:\/\/www.suno.com.br\/artigos\/zona-do-euro\/\" rel=\"noopener\">zona do euro<\/a> (ind\u00fastria e servi\u00e7os) recuou em outubro, atingindo o menor n\u00edvel em 35 meses.<\/p>\n\n\n\n<p>A fraqueza da economia europeia esfria a possibilidade de mais aperto monet\u00e1rio pelo <a class=\"suno-keyword\" target=\"_blank\" data-force=\"no\" data-priority=\"1\" href=\"https:\/\/www.suno.com.br\/artigos\/bce\/\" rel=\"noopener\">Banco Central Europeu (BCE)<\/a>. J\u00e1 os \u00edndices PMIs nos EUA surpreenderam para cima, corroborando o quadro de juros elevados por per\u00edodo prolongado desenhado pelo Federal Reserve &#8211; que, segundo aposta quase un\u00e2nime de investidores &#8211; deve anunciar manuten\u00e7\u00e3o da taxa b\u00e1sica na pr\u00f3xima semana (dia 1\u00ba de novembro).<\/p>\n\n\n\n<p>&#8220;Os PMIs na Europa acabaram com qualquer sentimento de recupera\u00e7\u00e3o do euro e da libra. A diferen\u00e7a entre as economias americana e europeia n\u00e3o poderia ser maior. A quest\u00e3o \u00e9 at\u00e9 que ponto isso j\u00e1 est\u00e1 refletido nos altos n\u00edveis da <strong>cota\u00e7\u00e3o do d\u00f3lar<\/strong>&#8220;, afirma o analista de mercado da Ebury, Eduardo Moutinho, para quem uma mudan\u00e7a na <a class=\"suno-keyword\" target=\"_blank\" data-force=\"no\" data-priority=\"2\" href=\"https:\/\/www.suno.com.br\/artigos\/juros\/\" rel=\"noopener\">taxa de juros<\/a> no encontro do BCE nesta semana (quinta-feira, 26) \u00e9 &#8220;altamente improv\u00e1vel&#8221;.<\/p>\n\n\n\n<p>Em rela\u00e7\u00e3o a divisas emergentes e de pa\u00edses emergentes, o d\u00f3lar apresentou um comportamento misto, incluindo pares latino-americanos da moeda brasileira. Embora as commodities met\u00e1lica tenham se valorizado, em especial o min\u00e9rio de ferro, os pre\u00e7os do petr\u00f3leo ca\u00edram mais de 2%, voltando a fechar abaixo de US$ 90 o barril.<\/p>\n\n\n\t<p>\n\t\t<a href=\"https:\/\/lp.suno.com.br\/ebook-gratuito-investindo-no-exterior\/\" target=\"_blank\" data-element=\"shortcode-suno-banner\" title=\"Banner SUNO, clique e saiba mais\">\n\t\t\t<picture>\n\t\t\t\t<source media=\"(max-width: 500px)\" srcset=\"https:\/\/files.sunoresearch.com.br\/n\/uploads\/2023\/03\/400x300-Investindo-no-exterior.png\">\n\t\t\t\t<img class=\"newsContent__article__imgCapa newsContent__article__imgCapa--banner\"\n\t\t\t\t\tsrc=\"https:\/\/files.sunoresearch.com.br\/n\/uploads\/2023\/03\/1420x240-Investindo-no-exterior.png\"\n\t\t\t\t\tdata-promo-id=\"383161\"\t\t\t\t\t\t\t\t\t\twidth='1420' height='240'\t\t\t\t\talt=\"https:\/\/files.sunoresearch.com.br\/n\/uploads\/2023\/03\/1420x240-Investindo-no-exterior.png\"\n\t\t\t\t>\n\t\t\t<\/picture>\n\t\t<\/a>\n\t<\/p>\n\n\n\n\n\n<h2 class=\"wp-block-heading\">D\u00f3lar e treasuries<\/h2>\n\n\n\n<p>O retorno da T-note de 10 anos, que chegou a tocar 5,00% no momento de mais estresse, apresentou ligeiro recuo nesta ter\u00e7a, operando na casa de 4,82%. A taxa do t\u00edtulo de 30 anos caiu mais de 1%, para 4,94%.<\/p>\n\n\n\n<p>Al\u00e9m de quest\u00f5es t\u00e9cnicas e invers\u00e3o de apostas de grandes investidores, analistas acreditam que parte da queda recentes dos yields em meio \u00e0 busca por prote\u00e7\u00e3o nos Treasuries diante do aumento dos riscos geopol\u00edticos com a guerra entre Israel e o grupo palestino Hamas.<\/p>\n\n\n\n<p>O s\u00f3cio e head de c\u00e2mbio da Nexgen Capital, Felipe Izac, afirma que o d\u00f3lar tem se enfraquecido em rela\u00e7\u00e3o ao real nos \u00faltimos dias com o movimento de recuo das taxas longas dos Treasuries. Ele tamb\u00e9m v\u00ea a leitura, por parte de ala relevante dos investidores, de que o Fed n\u00e3o deve mais promover altas adicionais de juros, embora possa mant\u00ea-los em n\u00edveis elevados por mais tempo.<\/p>\n\n\n\n<p>&#8220;Al\u00e9m disso, temos <a class=\"suno-keyword\" target=\"_blank\" data-force=\"no\" data-priority=\"1\" href=\"https:\/\/www.suno.com.br\/artigos\/commodities-agricolas\/\" rel=\"noopener\">commodities agr\u00edcolas<\/a> e o min\u00e9rio de ferro se valorizando bem nos \u00faltimos dias, o que \u00e9 bom para as exporta\u00e7\u00f5es do Brasil e ajuda nesse processo de recupera\u00e7\u00e3o do real&#8221;, diz Izac, que v\u00ea o <strong>d\u00f3lar <\/strong>girando ao redor de R$ 5,00 daqui para frente. &#8220;Se os projetos do governo para aumentar receita forem aprovados, pode haver uma diminui\u00e7\u00e3o do <a class=\"suno-keyword\" target=\"_blank\" data-force=\"no\" data-priority=\"1\" href=\"https:\/\/www.suno.com.br\/artigos\/embi\/\" rel=\"noopener\">risco pa\u00eds<\/a> e uma aprecia\u00e7\u00e3o do real.&#8221;<\/p>\n\n\n\n<p><em>Com Estad\u00e3o Conte\u00fado<\/em><\/p>\n\n\n\t<p>\n\t\t<a href=\"https:\/\/lp.suno.com.br\/planilha-da-vida-financeira\/\" target=\"_blank\" data-element=\"shortcode-suno-banner\" title=\"Banner SUNO, clique e saiba mais\">\n\t\t\t<picture>\n\t\t\t\t<source media=\"(max-width: 500px)\" srcset=\"https:\/\/files.sunoresearch.com.br\/n\/uploads\/2023\/04\/400x300-Planilha-vida-financeira-true.png\">\n\t\t\t\t<img class=\"newsContent__article__imgCapa newsContent__article__imgCapa--banner\"\n\t\t\t\t\tsrc=\"https:\/\/files.sunoresearch.com.br\/n\/uploads\/2023\/04\/1420x240-Planilha-vida-financeira-true.png\"\n\t\t\t\t\tdata-promo-id=\"383123\"\t\t\t\t\t\t\t\t\t\twidth='1420' height='240'\t\t\t\t\talt=\"https:\/\/files.sunoresearch.com.br\/n\/uploads\/2023\/04\/1420x240-Planilha-vida-financeira-true.png\"\n\t\t\t\t>\n\t\t\t<\/picture>\n\t\t<\/a>\n\t<\/p>\n\n\n","protected":false},"excerpt":{"rendered":"<p>O d\u00f3lar \u00e0 vista encerrou a sess\u00e3o desta ter\u00e7a-feira, 24, em queda de 0,46%, cotado a R$ 4,9937 &#8211; abaixo de R$ 5 no fechamento pela primeira vez desde 26 de setembro. Foi o quarto preg\u00e3o consecutivo de queda da divisa no mercado dom\u00e9stico de c\u00e2mbio. O fortalecimento recente do real \u00e9 atribu\u00eddo \u00e0 menor [&hellip;]<\/p>\n","protected":false},"author":43,"featured_media":408458,"comment_status":"closed","ping_status":"closed","sticky":false,"template":"","format":"standard","meta":[],"categories":[60],"tags":[326],"suno_strategy":[],"class_list":["post-475870","post","type-post","status-publish","format-standard","has-post-thumbnail","hentry","category-mercado","tag-dolar"],"yoast_head":"<!-- This site is optimized with the Yoast SEO plugin v24.4 - https:\/\/yoast.com\/wordpress\/plugins\/seo\/ -->\n<title>D\u00f3lar fecha abaixo de R$ 5 pela 1\u00aa vez no m\u00eas, com ajuda do exterior<\/title>\n<meta name=\"description\" content=\"O d\u00f3lar encerrou a sess\u00e3o desta ter\u00e7a em queda de 0,46%, a R$ 4,9937 - abaixo de R$ 5 no fechamento pela primeira vez desde 26 de setembro\" \/>\n<meta name=\"robots\" content=\"index, follow, max-snippet:-1, max-image-preview:large, max-video-preview:-1\" \/>\n<link rel=\"canonical\" href=\"https:\/\/www.suno.com.br\/noticias\/dolar-cai-fecha-abaixo-de-r-500-com-exterior\/\" \/>\n<meta property=\"og:locale\" content=\"pt_BR\" \/>\n<meta property=\"og:type\" content=\"article\" \/>\n<meta property=\"og:title\" content=\"D\u00f3lar fecha abaixo de R$ 5 pela 1\u00aa vez no m\u00eas, com ajuda do exterior\" \/>\n<meta property=\"og:description\" content=\"O d\u00f3lar encerrou a sess\u00e3o desta ter\u00e7a em queda de 0,46%, a R$ 4,9937 - abaixo de R$ 5 no fechamento pela primeira vez desde 26 de setembro\" \/>\n<meta property=\"og:url\" content=\"https:\/\/www.suno.com.br\/noticias\/dolar-cai-fecha-abaixo-de-r-500-com-exterior\/\" \/>\n<meta property=\"og:site_name\" content=\"Suno Not\u00edcias\" \/>\n<meta property=\"article:publisher\" content=\"https:\/\/facebook.com\/sunoresearch\" \/>\n<meta property=\"article:author\" content=\"https:\/\/www.facebook.com\/sunonoticias\/\" \/>\n<meta property=\"og:image\" content=\"https:\/\/files.sunoresearch.com.br\/n\/uploads\/2023\/05\/cambio-dolar-dinheiro.jpg\" \/>\n\t<meta property=\"og:image:width\" content=\"1200\" \/>\n\t<meta property=\"og:image:height\" content=\"800\" \/>\n\t<meta property=\"og:image:type\" content=\"image\/jpeg\" \/>\n<meta name=\"author\" content=\"Reda\u00e7\u00e3o Suno Not\u00edcias\" \/>\n<meta name=\"twitter:card\" content=\"summary_large_image\" \/>\n<meta name=\"twitter:creator\" content=\"@https:\/\/twitter.com\/sunoresearch\" \/>\n<meta name=\"twitter:site\" content=\"@sunoresearch\" \/>\n<meta name=\"twitter:label1\" content=\"Escrito por\" \/>\n\t<meta name=\"twitter:data1\" content=\"Reda\u00e7\u00e3o Suno Not\u00edcias\" \/>\n\t<meta name=\"twitter:label2\" content=\"Est. tempo de leitura\" \/>\n\t<meta name=\"twitter:data2\" content=\"4 minutos\" \/>\n<script type=\"application\/ld+json\" class=\"yoast-schema-graph\">{\"@context\":\"https:\/\/schema.org\",\"@graph\":[{\"@type\":\"NewsArticle\",\"@id\":\"https:\/\/www.suno.com.br\/noticias\/dolar-cai-fecha-abaixo-de-r-500-com-exterior\/#article\",\"isPartOf\":{\"@id\":\"https:\/\/www.suno.com.br\/noticias\/dolar-cai-fecha-abaixo-de-r-500-com-exterior\/\"},\"author\":{\"name\":\"Reda\u00e7\u00e3o Suno Not\u00edcias\",\"@id\":\"https:\/\/www.suno.com.br\/noticias\/#\/schema\/person\/c1b1bd3727fa852bd045e9dbff3673ea\"},\"headline\":\"D\u00f3lar fecha abaixo de R$ 5 pela 1\u00aa vez no m\u00eas, com ajuda do exterior e pauta econ\u00f4mica no Congresso\",\"datePublished\":\"2023-10-24T21:50:52+00:00\",\"dateModified\":\"2023-10-24T21:50:56+00:00\",\"mainEntityOfPage\":{\"@id\":\"https:\/\/www.suno.com.br\/noticias\/dolar-cai-fecha-abaixo-de-r-500-com-exterior\/\"},\"wordCount\":725,\"publisher\":{\"@id\":\"https:\/\/www.suno.com.br\/noticias\/#organization\"},\"image\":{\"@id\":\"https:\/\/www.suno.com.br\/noticias\/dolar-cai-fecha-abaixo-de-r-500-com-exterior\/#primaryimage\"},\"thumbnailUrl\":\"https:\/\/files.sunoresearch.com.br\/n\/uploads\/2023\/05\/cambio-dolar-dinheiro.jpg\",\"keywords\":[\"d\u00f3lar\"],\"articleSection\":[\"Mercado\"],\"inLanguage\":\"pt-BR\"},{\"@type\":\"WebPage\",\"@id\":\"https:\/\/www.suno.com.br\/noticias\/dolar-cai-fecha-abaixo-de-r-500-com-exterior\/\",\"url\":\"https:\/\/www.suno.com.br\/noticias\/dolar-cai-fecha-abaixo-de-r-500-com-exterior\/\",\"name\":\"D\u00f3lar fecha abaixo de R$ 5 pela 1\u00aa vez no m\u00eas, com ajuda do exterior\",\"isPartOf\":{\"@id\":\"https:\/\/www.suno.com.br\/noticias\/#website\"},\"primaryImageOfPage\":{\"@id\":\"https:\/\/www.suno.com.br\/noticias\/dolar-cai-fecha-abaixo-de-r-500-com-exterior\/#primaryimage\"},\"image\":{\"@id\":\"https:\/\/www.suno.com.br\/noticias\/dolar-cai-fecha-abaixo-de-r-500-com-exterior\/#primaryimage\"},\"thumbnailUrl\":\"https:\/\/files.sunoresearch.com.br\/n\/uploads\/2023\/05\/cambio-dolar-dinheiro.jpg\",\"datePublished\":\"2023-10-24T21:50:52+00:00\",\"dateModified\":\"2023-10-24T21:50:56+00:00\",\"description\":\"O d\u00f3lar encerrou a sess\u00e3o desta ter\u00e7a em queda de 0,46%, a R$ 4,9937 - abaixo de R$ 5 no fechamento pela primeira vez desde 26 de setembro\",\"breadcrumb\":{\"@id\":\"https:\/\/www.suno.com.br\/noticias\/dolar-cai-fecha-abaixo-de-r-500-com-exterior\/#breadcrumb\"},\"inLanguage\":\"pt-BR\",\"potentialAction\":[{\"@type\":\"ReadAction\",\"target\":[\"https:\/\/www.suno.com.br\/noticias\/dolar-cai-fecha-abaixo-de-r-500-com-exterior\/\"]}]},{\"@type\":\"ImageObject\",\"inLanguage\":\"pt-BR\",\"@id\":\"https:\/\/www.suno.com.br\/noticias\/dolar-cai-fecha-abaixo-de-r-500-com-exterior\/#primaryimage\",\"url\":\"https:\/\/files.sunoresearch.com.br\/n\/uploads\/2023\/05\/cambio-dolar-dinheiro.jpg\",\"contentUrl\":\"https:\/\/files.sunoresearch.com.br\/n\/uploads\/2023\/05\/cambio-dolar-dinheiro.jpg\",\"width\":1200,\"height\":800,\"caption\":\"A\u00e7\u00f5es no exterior para investir em 2024. Foto: iStock\"},{\"@type\":\"BreadcrumbList\",\"@id\":\"https:\/\/www.suno.com.br\/noticias\/dolar-cai-fecha-abaixo-de-r-500-com-exterior\/#breadcrumb\",\"itemListElement\":[{\"@type\":\"ListItem\",\"position\":1,\"name\":\"Not\u00edcias\",\"item\":\"https:\/\/www.suno.com.br\/noticias\/\"},{\"@type\":\"ListItem\",\"position\":2,\"name\":\"Mercado\",\"item\":\"https:\/\/www.suno.com.br\/noticias\/mercado\/\"},{\"@type\":\"ListItem\",\"position\":3,\"name\":\"D\u00f3lar fecha abaixo de R$ 5 pela 1\u00aa vez no m\u00eas, com ajuda do exterior e pauta econ\u00f4mica no Congresso\"}]},{\"@type\":\"WebSite\",\"@id\":\"https:\/\/www.suno.com.br\/noticias\/#website\",\"url\":\"https:\/\/www.suno.com.br\/noticias\/\",\"name\":\"Suno Not\u00edcias\",\"description\":\"Seu portal de informa\u00e7\u00e3o sobre o mundo dos investimentos\",\"publisher\":{\"@id\":\"https:\/\/www.suno.com.br\/noticias\/#organization\"},\"potentialAction\":[{\"@type\":\"SearchAction\",\"target\":{\"@type\":\"EntryPoint\",\"urlTemplate\":\"https:\/\/www.suno.com.br\/noticias\/?s={search_term_string}\"},\"query-input\":{\"@type\":\"PropertyValueSpecification\",\"valueRequired\":true,\"valueName\":\"search_term_string\"}}],\"inLanguage\":\"pt-BR\"},{\"@type\":\"Organization\",\"@id\":\"https:\/\/www.suno.com.br\/noticias\/#organization\",\"name\":\"Suno Not\u00edcias\",\"url\":\"https:\/\/www.suno.com.br\/noticias\/\",\"logo\":{\"@type\":\"ImageObject\",\"inLanguage\":\"pt-BR\",\"@id\":\"https:\/\/www.suno.com.br\/noticias\/#\/schema\/logo\/image\/\",\"url\":\"https:\/\/files.sunoresearch.com.br\/n\/uploads\/2021\/09\/suno-logo.png\",\"contentUrl\":\"https:\/\/files.sunoresearch.com.br\/n\/uploads\/2021\/09\/suno-logo.png\",\"width\":180,\"height\":180,\"caption\":\"Suno Not\u00edcias\"},\"image\":{\"@id\":\"https:\/\/www.suno.com.br\/noticias\/#\/schema\/logo\/image\/\"},\"sameAs\":[\"https:\/\/facebook.com\/sunoresearch\",\"https:\/\/x.com\/sunoresearch\",\"https:\/\/www.instagram.com\/suno\",\"https:\/\/www.linkedin.com\/company\/suno-research\/\",\"https:\/\/www.youtube.com\/c\/sunoresearch\"]},{\"@type\":\"Person\",\"@id\":\"https:\/\/www.suno.com.br\/noticias\/#\/schema\/person\/c1b1bd3727fa852bd045e9dbff3673ea\",\"name\":\"Reda\u00e7\u00e3o Suno Not\u00edcias\",\"image\":{\"@type\":\"ImageObject\",\"inLanguage\":\"pt-BR\",\"@id\":\"https:\/\/www.suno.com.br\/noticias\/#\/schema\/person\/image\/\",\"url\":\"https:\/\/secure.gravatar.com\/avatar\/b8104b9b5a71985d5238ee59fbe418af?s=96&r=g\",\"contentUrl\":\"https:\/\/secure.gravatar.com\/avatar\/b8104b9b5a71985d5238ee59fbe418af?s=96&r=g\",\"caption\":\"Reda\u00e7\u00e3o Suno Not\u00edcias\"},\"description\":\"O Suno Not\u00edcias \u00e9 um portal de informa\u00e7\u00f5es sobre Mercado Financeiro, Pol\u00edtica, Neg\u00f3cios, Economia e Finan\u00e7as Pessoais.\",\"sameAs\":[\"https:\/\/www.suno.com.br\/noticias\",\"https:\/\/www.facebook.com\/sunonoticias\/\",\"https:\/\/www.instagram.com\/sunonoticias\/\",\"https:\/\/x.com\/https:\/\/twitter.com\/sunoresearch\",\"https:\/\/www.youtube.com\/sunonoticias\"],\"url\":\"https:\/\/www.suno.com.br\/noticias\/author\/redacao-suno\/\"}]}<\/script>\n<!-- \/ Yoast SEO plugin. -->","yoast_head_json":{"title":"D\u00f3lar fecha abaixo de R$ 5 pela 1\u00aa vez no m\u00eas, com ajuda do exterior","description":"O d\u00f3lar encerrou a sess\u00e3o desta ter\u00e7a em queda de 0,46%, a R$ 4,9937 - abaixo de R$ 5 no fechamento pela primeira vez desde 26 de setembro","robots":{"index":"index","follow":"follow","max-snippet":"max-snippet:-1","max-image-preview":"max-image-preview:large","max-video-preview":"max-video-preview:-1"},"canonical":"https:\/\/www.suno.com.br\/noticias\/dolar-cai-fecha-abaixo-de-r-500-com-exterior\/","og_locale":"pt_BR","og_type":"article","og_title":"D\u00f3lar fecha abaixo de R$ 5 pela 1\u00aa vez no m\u00eas, com ajuda do exterior","og_description":"O d\u00f3lar encerrou a sess\u00e3o desta ter\u00e7a em queda de 0,46%, a R$ 4,9937 - abaixo de R$ 5 no fechamento pela primeira vez desde 26 de setembro","og_url":"https:\/\/www.suno.com.br\/noticias\/dolar-cai-fecha-abaixo-de-r-500-com-exterior\/","og_site_name":"Suno Not\u00edcias","article_publisher":"https:\/\/facebook.com\/sunoresearch","article_author":"https:\/\/www.facebook.com\/sunonoticias\/","og_image":[{"width":1200,"height":800,"url":"https:\/\/files.sunoresearch.com.br\/n\/uploads\/2023\/05\/cambio-dolar-dinheiro.jpg","type":"image\/jpeg"}],"author":"Reda\u00e7\u00e3o Suno Not\u00edcias","twitter_card":"summary_large_image","twitter_creator":"@https:\/\/twitter.com\/sunoresearch","twitter_site":"@sunoresearch","twitter_misc":{"Escrito por":"Reda\u00e7\u00e3o Suno Not\u00edcias","Est. tempo de leitura":"4 minutos"},"schema":{"@context":"https:\/\/schema.org","@graph":[{"@type":"NewsArticle","@id":"https:\/\/www.suno.com.br\/noticias\/dolar-cai-fecha-abaixo-de-r-500-com-exterior\/#article","isPartOf":{"@id":"https:\/\/www.suno.com.br\/noticias\/dolar-cai-fecha-abaixo-de-r-500-com-exterior\/"},"author":{"name":"Reda\u00e7\u00e3o Suno Not\u00edcias","@id":"https:\/\/www.suno.com.br\/noticias\/#\/schema\/person\/c1b1bd3727fa852bd045e9dbff3673ea"},"headline":"D\u00f3lar fecha abaixo de R$ 5 pela 1\u00aa vez no m\u00eas, com ajuda do exterior e pauta econ\u00f4mica no Congresso","datePublished":"2023-10-24T21:50:52+00:00","dateModified":"2023-10-24T21:50:56+00:00","mainEntityOfPage":{"@id":"https:\/\/www.suno.com.br\/noticias\/dolar-cai-fecha-abaixo-de-r-500-com-exterior\/"},"wordCount":725,"publisher":{"@id":"https:\/\/www.suno.com.br\/noticias\/#organization"},"image":{"@id":"https:\/\/www.suno.com.br\/noticias\/dolar-cai-fecha-abaixo-de-r-500-com-exterior\/#primaryimage"},"thumbnailUrl":"https:\/\/files.sunoresearch.com.br\/n\/uploads\/2023\/05\/cambio-dolar-dinheiro.jpg","keywords":["d\u00f3lar"],"articleSection":["Mercado"],"inLanguage":"pt-BR"},{"@type":"WebPage","@id":"https:\/\/www.suno.com.br\/noticias\/dolar-cai-fecha-abaixo-de-r-500-com-exterior\/","url":"https:\/\/www.suno.com.br\/noticias\/dolar-cai-fecha-abaixo-de-r-500-com-exterior\/","name":"D\u00f3lar fecha abaixo de R$ 5 pela 1\u00aa vez no m\u00eas, com ajuda do exterior","isPartOf":{"@id":"https:\/\/www.suno.com.br\/noticias\/#website"},"primaryImageOfPage":{"@id":"https:\/\/www.suno.com.br\/noticias\/dolar-cai-fecha-abaixo-de-r-500-com-exterior\/#primaryimage"},"image":{"@id":"https:\/\/www.suno.com.br\/noticias\/dolar-cai-fecha-abaixo-de-r-500-com-exterior\/#primaryimage"},"thumbnailUrl":"https:\/\/files.sunoresearch.com.br\/n\/uploads\/2023\/05\/cambio-dolar-dinheiro.jpg","datePublished":"2023-10-24T21:50:52+00:00","dateModified":"2023-10-24T21:50:56+00:00","description":"O d\u00f3lar encerrou a sess\u00e3o desta ter\u00e7a em queda de 0,46%, a R$ 4,9937 - abaixo de R$ 5 no fechamento pela primeira vez desde 26 de setembro","breadcrumb":{"@id":"https:\/\/www.suno.com.br\/noticias\/dolar-cai-fecha-abaixo-de-r-500-com-exterior\/#breadcrumb"},"inLanguage":"pt-BR","potentialAction":[{"@type":"ReadAction","target":["https:\/\/www.suno.com.br\/noticias\/dolar-cai-fecha-abaixo-de-r-500-com-exterior\/"]}]},{"@type":"ImageObject","inLanguage":"pt-BR","@id":"https:\/\/www.suno.com.br\/noticias\/dolar-cai-fecha-abaixo-de-r-500-com-exterior\/#primaryimage","url":"https:\/\/files.sunoresearch.com.br\/n\/uploads\/2023\/05\/cambio-dolar-dinheiro.jpg","contentUrl":"https:\/\/files.sunoresearch.com.br\/n\/uploads\/2023\/05\/cambio-dolar-dinheiro.jpg","width":1200,"height":800,"caption":"A\u00e7\u00f5es no exterior para investir em 2024. Foto: iStock"},{"@type":"BreadcrumbList","@id":"https:\/\/www.suno.com.br\/noticias\/dolar-cai-fecha-abaixo-de-r-500-com-exterior\/#breadcrumb","itemListElement":[{"@type":"ListItem","position":1,"name":"Not\u00edcias","item":"https:\/\/www.suno.com.br\/noticias\/"},{"@type":"ListItem","position":2,"name":"Mercado","item":"https:\/\/www.suno.com.br\/noticias\/mercado\/"},{"@type":"ListItem","position":3,"name":"D\u00f3lar fecha abaixo de R$ 5 pela 1\u00aa vez no m\u00eas, com ajuda do exterior e pauta econ\u00f4mica no Congresso"}]},{"@type":"WebSite","@id":"https:\/\/www.suno.com.br\/noticias\/#website","url":"https:\/\/www.suno.com.br\/noticias\/","name":"Suno Not\u00edcias","description":"Seu portal de informa\u00e7\u00e3o sobre o mundo dos investimentos","publisher":{"@id":"https:\/\/www.suno.com.br\/noticias\/#organization"},"potentialAction":[{"@type":"SearchAction","target":{"@type":"EntryPoint","urlTemplate":"https:\/\/www.suno.com.br\/noticias\/?s={search_term_string}"},"query-input":{"@type":"PropertyValueSpecification","valueRequired":true,"valueName":"search_term_string"}}],"inLanguage":"pt-BR"},{"@type":"Organization","@id":"https:\/\/www.suno.com.br\/noticias\/#organization","name":"Suno Not\u00edcias","url":"https:\/\/www.suno.com.br\/noticias\/","logo":{"@type":"ImageObject","inLanguage":"pt-BR","@id":"https:\/\/www.suno.com.br\/noticias\/#\/schema\/logo\/image\/","url":"https:\/\/files.sunoresearch.com.br\/n\/uploads\/2021\/09\/suno-logo.png","contentUrl":"https:\/\/files.sunoresearch.com.br\/n\/uploads\/2021\/09\/suno-logo.png","width":180,"height":180,"caption":"Suno Not\u00edcias"},"image":{"@id":"https:\/\/www.suno.com.br\/noticias\/#\/schema\/logo\/image\/"},"sameAs":["https:\/\/facebook.com\/sunoresearch","https:\/\/x.com\/sunoresearch","https:\/\/www.instagram.com\/suno","https:\/\/www.linkedin.com\/company\/suno-research\/","https:\/\/www.youtube.com\/c\/sunoresearch"]},{"@type":"Person","@id":"https:\/\/www.suno.com.br\/noticias\/#\/schema\/person\/c1b1bd3727fa852bd045e9dbff3673ea","name":"Reda\u00e7\u00e3o Suno Not\u00edcias","image":{"@type":"ImageObject","inLanguage":"pt-BR","@id":"https:\/\/www.suno.com.br\/noticias\/#\/schema\/person\/image\/","url":"https:\/\/secure.gravatar.com\/avatar\/b8104b9b5a71985d5238ee59fbe418af?s=96&r=g","contentUrl":"https:\/\/secure.gravatar.com\/avatar\/b8104b9b5a71985d5238ee59fbe418af?s=96&r=g","caption":"Reda\u00e7\u00e3o Suno Not\u00edcias"},"description":"O Suno Not\u00edcias \u00e9 um portal de informa\u00e7\u00f5es sobre Mercado Financeiro, Pol\u00edtica, Neg\u00f3cios, Economia e Finan\u00e7as Pessoais.","sameAs":["https:\/\/www.suno.com.br\/noticias","https:\/\/www.facebook.com\/sunonoticias\/","https:\/\/www.instagram.com\/sunonoticias\/","https:\/\/x.com\/https:\/\/twitter.com\/sunoresearch","https:\/\/www.youtube.com\/sunonoticias"],"url":"https:\/\/www.suno.com.br\/noticias\/author\/redacao-suno\/"}]}},"default_loop_html":"<div class=\"cardsPage__listCard__boxs\"><div class=\"cardsPage__listCard__boxs__img\"><a href=\"https:\/\/www.suno.com.br\/noticias\/dolar-cai-fecha-abaixo-de-r-500-com-exterior\/\"><img class=\"mask\" src=\"https:\/\/www.suno.com.br\/noticias\/wp-content\/themes\/suno\/resources\/images\/spotlight\/spotlight1img\/bg-mask.png\" alt=\"Image Mask\"\/><img src=\"https:\/\/files.sunoresearch.com.br\/n\/uploads\/2023\/05\/cambio-dolar-dinheiro-400x200.jpg\" alt=\"D\u00f3lar fecha abaixo de R$ 5 pela 1\u00aa vez no m\u00eas, com ajuda do exterior e pauta econ\u00f4mica no Congresso\"\/><\/a><span class=\"spotlightCategory\"><a href=\"https:\/\/www.suno.com.br\/noticias\/mercado\/\">Mercado<\/a><\/span><\/div><div class=\"cardsPage__listCard__boxs__content\"><a href=\"https:\/\/www.suno.com.br\/noticias\/dolar-cai-fecha-abaixo-de-r-500-com-exterior\/\"><h2 class=\"content__title\">D\u00f3lar fecha abaixo de R$ 5 pela 1\u00aa vez no m\u00eas, com ajuda do exterior e pauta econ\u00f4mica no Congresso<\/h2><\/a><div class=\"newsContent__article__meta\"><div class=\"newsContent__article__meta__authorBox\"><a href=\"https:\/\/www.suno.com.br\/noticias\/author\/redacao-suno\/\" class=\"authorBox__avatar noMobi\"><img src=\"https:\/\/files.sunoresearch.com.br\/n\/uploads\/2020\/08\/0ace682d-redacao-1-150x150.webp\" alt=\"Reda\u00e7\u00e3o Suno Not\u00edcias\"><\/a><div class=\"authorBox__name\"><span>por\n\t\t\t<a href=\"https:\/\/www.suno.com.br\/noticias\/author\/redacao-suno\/\"><span itemprop=\"author\">Reda\u00e7\u00e3o Suno Not\u00edcias<\/span><\/a><\/span><time datetime=\"2023-10-24T18:50:52-03:00\" itemprop=\"datePublished\">24\/10\/2023 18:50<\/time><\/div><\/div><\/div><\/div><\/div>","single_layout":"posts","amp_enabled":true,"_links":{"self":[{"href":"https:\/\/www.suno.com.br\/noticias\/wp-json\/wp\/v2\/posts\/475870"}],"collection":[{"href":"https:\/\/www.suno.com.br\/noticias\/wp-json\/wp\/v2\/posts"}],"about":[{"href":"https:\/\/www.suno.com.br\/noticias\/wp-json\/wp\/v2\/types\/post"}],"author":[{"embeddable":true,"href":"https:\/\/www.suno.com.br\/noticias\/wp-json\/wp\/v2\/users\/43"}],"replies":[{"embeddable":true,"href":"https:\/\/www.suno.com.br\/noticias\/wp-json\/wp\/v2\/comments?post=475870"}],"version-history":[{"count":2,"href":"https:\/\/www.suno.com.br\/noticias\/wp-json\/wp\/v2\/posts\/475870\/revisions"}],"predecessor-version":[{"id":475895,"href":"https:\/\/www.suno.com.br\/noticias\/wp-json\/wp\/v2\/posts\/475870\/revisions\/475895"}],"wp:featuredmedia":[{"embeddable":true,"href":"https:\/\/www.suno.com.br\/noticias\/wp-json\/wp\/v2\/media\/408458"}],"wp:attachment":[{"href":"https:\/\/www.suno.com.br\/noticias\/wp-json\/wp\/v2\/media?parent=475870"}],"wp:term":[{"taxonomy":"category","embeddable":true,"href":"https:\/\/www.suno.com.br\/noticias\/wp-json\/wp\/v2\/categories?post=475870"},{"taxonomy":"post_tag","embeddable":true,"href":"https:\/\/www.suno.com.br\/noticias\/wp-json\/wp\/v2\/tags?post=475870"},{"taxonomy":"suno_strategy","embeddable":true,"href":"https:\/\/www.suno.com.br\/noticias\/wp-json\/wp\/v2\/suno_strategy?post=475870"}],"curies":[{"name":"wp","href":"https:\/\/api.w.org\/{rel}","templated":true}]}}