{"id":47550,"date":"2019-12-11T21:28:47","date_gmt":"2019-12-11T23:28:47","guid":{"rendered":"https:\/\/www.suno.com.br\/noticias\/?p=47550"},"modified":"2019-12-11T21:28:47","modified_gmt":"2019-12-11T23:28:47","slug":"duratex-juros-sobre-capital-proprio","status":"publish","type":"post","link":"https:\/\/www.suno.com.br\/noticias\/duratex-juros-sobre-capital-proprio\/","title":{"rendered":"Duratex aprova distribui\u00e7\u00e3o de juros sobre o capital pr\u00f3prio"},"content":{"rendered":"<p>A Duratex (<strong>DTEX3<\/strong>) aprovou, nesta quarta-feira (11), a distribui\u00e7\u00e3o de <strong>juros sobre o capital pr\u00f3prio<\/strong>.<\/p>\t<div class=\"wrapper-featured-image\">\n\t\t<figure class=\"spotlightImg\">\n\n\t\t\t<picture>\n\t\t\t\t<source media=\"(max-width: 768px)\" srcset=\"https:\/\/files.sunoresearch.com.br\/n\/uploads\/2019\/10\/0c8a840b-duratex-400x200.webp\">\n\t\t\t\t<img loading=\"lazy\" decoding=\"async\" class=\"newsContent__article__imgCapa lazyloadDisabled newsContent__article__imgCapa--noCaption\" src=\"https:\/\/files.sunoresearch.com.br\/n\/uploads\/2019\/10\/0c8a840b-duratex-800x450.webp\" width=\"800\" height=\"450\" alt=\"Duratex aprova distribui\u00e7\u00e3o de juros sobre o capital pr\u00f3prio\" fetchpriority=high \/>\n\t\t\t<\/picture>\n\n\t\t\t<figcaption class=\"wp-caption-text wp-caption-text--hide\">Dexco (DXCO3) vai pagar R$ 249 milh\u00f5es em JCP; Veja o valor por a\u00e7\u00e3o e a data de pagamento. Foto: Divulga\u00e7\u00e3o<\/figcaption>\n\t\t<\/figure>\n\t<\/div>\n\n\n<p><a href=\"https:\/\/lp.suno.com.br\/relatorio-gratuito-ipo-xp\/?utm_source=noticias&amp;utm_medium=noticia&amp;utm_campaign=preficicacao_xp\">Baixe o relat\u00f3rio gratuito da SUNO sobre o IPO da XP Investimentos\u00a0<\/a><\/p>\n<p>A <strong>Duratex<\/strong> tamb\u00e9m comunicou que distribuir\u00e1 R$ 0,31739465596 l\u00edquidos por a\u00e7\u00e3o para os investidores que tiverem o papel em carteira no fechamento do preg\u00e3o de 16 de dezembro.<\/p>\n\n<p>Os pap\u00e9is ser\u00e3o negociados como &#8220;<strong>ex-JSCP<\/strong>&#8221; em 17 de dezembro. O pagamento ser\u00e1 no dia 30 de dezembro.<\/p>\n<h2>Lucro l\u00edquido da Duratex no 3T19<\/h2>\n<p>A Duratex, divulgou seu balan\u00e7o referente ao terceiro trimestre deste ano apresentando o <a href=\"https:\/\/www.suno.com.br\/artigos\/lucro-liquido\/\">lucro l\u00edquido<\/a> de R$ 30,5 milh\u00f5es. O montante representa uma queda de 50% em rela\u00e7\u00e3o ao mesmo per\u00edodo do ano passado.<\/p>\n<p><a href=\"https:\/\/www.suno.com.br\/noticias\/duratex-reporta-queda-no-lucro-liquido\/\">Saiba mais: Duratex reporta queda de 50% no lucro l\u00edquido do 3T19<\/a><\/p>\n<p>J\u00e1 no acumulado do ano, de janeiro a setembro, a <strong>Duratex<\/strong> apresentou o lucro de R$ 119,2 milh\u00f5es, alinhado com o mesmo per\u00edodo do ano passado. Al\u00e9m disso, a companhia apresentou R$ 1,3 bilh\u00e3o de <a href=\"https:\/\/www.suno.com.br\/artigos\/o-que-receita-liquida\/\">receita l\u00edquida<\/a> consolidada, queda de 13,5% ao rela\u00e7\u00e3o ao 3T18.<\/p>\n<h2>Duratex explica resultados abaixo do esperado<\/h2>\n<p>De acordo com a companhia, o desempenho negativo dos ganhos \u00e9 referente aos gastos com despesas gerais e administrativas e a piora do resultado financeiro da empresa.<\/p>\n\t<p>\n\t\t<a href=\"https:\/\/lp.suno.com.br\/cl\/impacto-tarifas-trump\/?utm_source=sunoresearch&#038;utm_medium=banner.noticias&#038;utm_campaign=_SNC903E88AA_\" target=\"_blank\" data-element=\"shortcode-suno-banner\" title=\"Banner SUNO, clique e saiba mais\">\n\t\t\t<picture>\n\t\t\t\t<source media=\"(max-width: 500px)\" srcset=\"https:\/\/files.sunoresearch.com.br\/n\/uploads\/2025\/07\/trump-mobile.webp\">\n\t\t\t\t<img class=\"newsContent__article__imgCapa newsContent__article__imgCapa--banner\"\n\t\t\t\t\tsrc=\"https:\/\/files.sunoresearch.com.br\/n\/uploads\/2025\/07\/trump-banner-desktop.webp\"\n\t\t\t\t\tdata-promo-id=\"613126\"\t\t\t\t\t\t\t\t\t\twidth='1000' height='325'\t\t\t\t\talt=\"https:\/\/files.sunoresearch.com.br\/n\/uploads\/2025\/07\/trump-banner-desktop.webp\"\n\t\t\t\t>\n\t\t\t<\/picture>\n\t\t<\/a>\n\t<\/p>\n\n\n<p>O <a href=\"https:\/\/www.suno.com.br\/artigos\/o-que-e-ebitda\/\"><strong>EBITDA<\/strong> (sigla em ingl\u00eas para o lucro antes de juros, impostos, deprecia\u00e7\u00e3o e amortiza\u00e7\u00e3o)<\/a> ajustado e recorrente foi de R$ 237,9 milh\u00f5es, com uma margem de 18,2% no intervalo de julho-setembro. Isso representa uma alta de 13,5% do indicador na compara\u00e7\u00e3o anualizada.<\/p>\n<p>No acumulado do ano, a companhia informou que os investimentos consolidados somaram R$ 334,5 milh\u00f5es. Desses, R$ 133,9 milh\u00f5es foram direcionados para a forma\u00e7\u00e3o de ativos biol\u00f3gicos e R$ 200,6 milh\u00f5es foram investidos em ativos imobilizados e intang\u00edveis, considerando o desembolso de R$ 77,8 milh\u00f5es no projeto de expans\u00e3o da planta de Ceusa.<\/p>\n<p>O <a href=\"https:\/\/www.suno.com.br\/artigos\/capex\/\">CAPEX<\/a> deste ano ser\u00e1 de R$ 500 milh\u00f5es. O objetivo central da <strong>Duratex<\/strong> ser\u00e1 a sustenta\u00e7\u00e3o das opera\u00e7\u00f5es fabris e florestais. Nesse montante, j\u00e1 est\u00e3o inclu\u00eddos os investimentos em melhorias fabris das unidades da marca Portinari.<\/p>\n","protected":false},"excerpt":{"rendered":"<p>A Duratex (DTEX3) aprovou, nesta quarta-feira (11), a distribui\u00e7\u00e3o de juros sobre o capital pr\u00f3prio. Dexco (DXCO3) vai pagar R$ 249 milh\u00f5es em JCP; Veja o valor por a\u00e7\u00e3o e a data de pagamento. Foto: Divulga\u00e7\u00e3o Baixe o relat\u00f3rio gratuito da SUNO sobre o IPO da XP Investimentos\u00a0 A Duratex tamb\u00e9m comunicou que distribuir\u00e1 R$ [&hellip;]<\/p>\n","protected":false},"author":23,"featured_media":42910,"comment_status":"closed","ping_status":"closed","sticky":false,"template":"","format":"standard","meta":[],"categories":[64],"tags":[451,1957],"suno_strategy":[],"class_list":["post-47550","post","type-post","status-publish","format-standard","has-post-thumbnail","hentry","category-negocios","tag-duratex-dtex3","tag-juros-sobre-capital-proprio-jcp"],"yoast_head":"<!-- This site is optimized with the Yoast SEO plugin v24.4 - https:\/\/yoast.com\/wordpress\/plugins\/seo\/ -->\n<title>Duratex aprova distribui\u00e7\u00e3o de juros sobre o capital pr\u00f3prio<\/title>\n<meta name=\"description\" content=\"A Duratex (DTEX3) aprovou, nesta quarta-feira (11), a distribui\u00e7\u00e3o de juros sobre o capital pr\u00f3prio. Clique aqui para saber mais.\" \/>\n<meta name=\"robots\" content=\"index, follow, max-snippet:-1, max-image-preview:large, max-video-preview:-1\" \/>\n<link rel=\"canonical\" href=\"https:\/\/www.suno.com.br\/noticias\/duratex-juros-sobre-capital-proprio\/\" \/>\n<meta property=\"og:locale\" content=\"pt_BR\" \/>\n<meta property=\"og:type\" content=\"article\" \/>\n<meta property=\"og:title\" content=\"Duratex aprova distribui\u00e7\u00e3o de juros sobre o capital pr\u00f3prio\" \/>\n<meta property=\"og:description\" content=\"A Duratex (DTEX3) aprovou, nesta quarta-feira (11), a distribui\u00e7\u00e3o de juros sobre o capital pr\u00f3prio. Clique aqui para saber mais.\" \/>\n<meta property=\"og:url\" content=\"https:\/\/www.suno.com.br\/noticias\/duratex-juros-sobre-capital-proprio\/\" \/>\n<meta property=\"og:site_name\" content=\"Suno Not\u00edcias\" \/>\n<meta property=\"article:publisher\" content=\"https:\/\/facebook.com\/sunoresearch\" \/>\n<meta property=\"og:image\" content=\"https:\/\/files.sunoresearch.com.br\/n\/uploads\/2019\/10\/0c8a840b-duratex.jpg\" \/>\n\t<meta property=\"og:image:width\" content=\"2000\" \/>\n\t<meta property=\"og:image:height\" content=\"1345\" \/>\n\t<meta property=\"og:image:type\" content=\"image\/jpeg\" \/>\n<meta name=\"author\" content=\"Rafael Lara\" \/>\n<meta name=\"twitter:card\" content=\"summary_large_image\" \/>\n<meta name=\"twitter:creator\" content=\"@sunoresearch\" \/>\n<meta name=\"twitter:site\" content=\"@sunoresearch\" \/>\n<meta name=\"twitter:label1\" content=\"Escrito por\" \/>\n\t<meta name=\"twitter:data1\" content=\"Rafael Lara\" \/>\n\t<meta name=\"twitter:label2\" content=\"Est. tempo de leitura\" \/>\n\t<meta name=\"twitter:data2\" content=\"2 minutos\" \/>\n<script type=\"application\/ld+json\" class=\"yoast-schema-graph\">{\"@context\":\"https:\/\/schema.org\",\"@graph\":[{\"@type\":\"NewsArticle\",\"@id\":\"https:\/\/www.suno.com.br\/noticias\/duratex-juros-sobre-capital-proprio\/#article\",\"isPartOf\":{\"@id\":\"https:\/\/www.suno.com.br\/noticias\/duratex-juros-sobre-capital-proprio\/\"},\"author\":{\"name\":\"Rafael Lara\",\"@id\":\"https:\/\/www.suno.com.br\/noticias\/#\/schema\/person\/098743caeed97b37f51315c9576c4078\"},\"headline\":\"Duratex aprova distribui\u00e7\u00e3o de juros sobre o capital pr\u00f3prio\",\"datePublished\":\"2019-12-11T23:28:47+00:00\",\"mainEntityOfPage\":{\"@id\":\"https:\/\/www.suno.com.br\/noticias\/duratex-juros-sobre-capital-proprio\/\"},\"wordCount\":372,\"publisher\":{\"@id\":\"https:\/\/www.suno.com.br\/noticias\/#organization\"},\"image\":{\"@id\":\"https:\/\/www.suno.com.br\/noticias\/duratex-juros-sobre-capital-proprio\/#primaryimage\"},\"thumbnailUrl\":\"https:\/\/files.sunoresearch.com.br\/n\/uploads\/2019\/10\/0c8a840b-duratex-jpg.webp\",\"keywords\":[\"Duratex (DTEX3)\",\"juros sobre capital pr\u00f3prio (JCP)\"],\"articleSection\":[\"Neg\u00f3cios\"],\"inLanguage\":\"pt-BR\"},{\"@type\":\"WebPage\",\"@id\":\"https:\/\/www.suno.com.br\/noticias\/duratex-juros-sobre-capital-proprio\/\",\"url\":\"https:\/\/www.suno.com.br\/noticias\/duratex-juros-sobre-capital-proprio\/\",\"name\":\"Duratex aprova distribui\u00e7\u00e3o de juros sobre o capital pr\u00f3prio\",\"isPartOf\":{\"@id\":\"https:\/\/www.suno.com.br\/noticias\/#website\"},\"primaryImageOfPage\":{\"@id\":\"https:\/\/www.suno.com.br\/noticias\/duratex-juros-sobre-capital-proprio\/#primaryimage\"},\"image\":{\"@id\":\"https:\/\/www.suno.com.br\/noticias\/duratex-juros-sobre-capital-proprio\/#primaryimage\"},\"thumbnailUrl\":\"https:\/\/files.sunoresearch.com.br\/n\/uploads\/2019\/10\/0c8a840b-duratex-jpg.webp\",\"datePublished\":\"2019-12-11T23:28:47+00:00\",\"description\":\"A Duratex (DTEX3) aprovou, nesta quarta-feira (11), a distribui\u00e7\u00e3o de juros sobre o capital pr\u00f3prio. Clique aqui para saber mais.\",\"breadcrumb\":{\"@id\":\"https:\/\/www.suno.com.br\/noticias\/duratex-juros-sobre-capital-proprio\/#breadcrumb\"},\"inLanguage\":\"pt-BR\",\"potentialAction\":[{\"@type\":\"ReadAction\",\"target\":[\"https:\/\/www.suno.com.br\/noticias\/duratex-juros-sobre-capital-proprio\/\"]}]},{\"@type\":\"ImageObject\",\"inLanguage\":\"pt-BR\",\"@id\":\"https:\/\/www.suno.com.br\/noticias\/duratex-juros-sobre-capital-proprio\/#primaryimage\",\"url\":\"https:\/\/files.sunoresearch.com.br\/n\/uploads\/2019\/10\/0c8a840b-duratex-jpg.webp\",\"contentUrl\":\"https:\/\/files.sunoresearch.com.br\/n\/uploads\/2019\/10\/0c8a840b-duratex-jpg.webp\",\"width\":2000,\"height\":1345,\"caption\":\"Dexco (DXCO3) vai pagar R$ 249 milh\u00f5es em JCP; Veja o valor por a\u00e7\u00e3o e a data de pagamento. Foto: Divulga\u00e7\u00e3o\"},{\"@type\":\"BreadcrumbList\",\"@id\":\"https:\/\/www.suno.com.br\/noticias\/duratex-juros-sobre-capital-proprio\/#breadcrumb\",\"itemListElement\":[{\"@type\":\"ListItem\",\"position\":1,\"name\":\"Not\u00edcias\",\"item\":\"https:\/\/www.suno.com.br\/noticias\/\"},{\"@type\":\"ListItem\",\"position\":2,\"name\":\"Neg\u00f3cios\",\"item\":\"https:\/\/www.suno.com.br\/noticias\/negocios\/\"},{\"@type\":\"ListItem\",\"position\":3,\"name\":\"Duratex aprova distribui\u00e7\u00e3o de juros sobre o capital pr\u00f3prio\"}]},{\"@type\":\"WebSite\",\"@id\":\"https:\/\/www.suno.com.br\/noticias\/#website\",\"url\":\"https:\/\/www.suno.com.br\/noticias\/\",\"name\":\"Suno Not\u00edcias\",\"description\":\"Seu portal de informa\u00e7\u00e3o sobre o mundo dos investimentos\",\"publisher\":{\"@id\":\"https:\/\/www.suno.com.br\/noticias\/#organization\"},\"potentialAction\":[{\"@type\":\"SearchAction\",\"target\":{\"@type\":\"EntryPoint\",\"urlTemplate\":\"https:\/\/www.suno.com.br\/noticias\/?s={search_term_string}\"},\"query-input\":{\"@type\":\"PropertyValueSpecification\",\"valueRequired\":true,\"valueName\":\"search_term_string\"}}],\"inLanguage\":\"pt-BR\"},{\"@type\":\"Organization\",\"@id\":\"https:\/\/www.suno.com.br\/noticias\/#organization\",\"name\":\"Suno Not\u00edcias\",\"url\":\"https:\/\/www.suno.com.br\/noticias\/\",\"logo\":{\"@type\":\"ImageObject\",\"inLanguage\":\"pt-BR\",\"@id\":\"https:\/\/www.suno.com.br\/noticias\/#\/schema\/logo\/image\/\",\"url\":\"https:\/\/files.sunoresearch.com.br\/n\/uploads\/2021\/09\/suno-logo.png\",\"contentUrl\":\"https:\/\/files.sunoresearch.com.br\/n\/uploads\/2021\/09\/suno-logo.png\",\"width\":180,\"height\":180,\"caption\":\"Suno Not\u00edcias\"},\"image\":{\"@id\":\"https:\/\/www.suno.com.br\/noticias\/#\/schema\/logo\/image\/\"},\"sameAs\":[\"https:\/\/facebook.com\/sunoresearch\",\"https:\/\/x.com\/sunoresearch\",\"https:\/\/www.instagram.com\/suno\",\"https:\/\/www.linkedin.com\/company\/suno-research\/\",\"https:\/\/www.youtube.com\/c\/sunoresearch\"]},{\"@type\":\"Person\",\"@id\":\"https:\/\/www.suno.com.br\/noticias\/#\/schema\/person\/098743caeed97b37f51315c9576c4078\",\"name\":\"Rafael Lara\",\"image\":{\"@type\":\"ImageObject\",\"inLanguage\":\"pt-BR\",\"@id\":\"https:\/\/www.suno.com.br\/noticias\/#\/schema\/person\/image\/\",\"url\":\"https:\/\/secure.gravatar.com\/avatar\/dfc254ab9bb2ea1895d98b9e9dae4bdd?s=96&r=g\",\"contentUrl\":\"https:\/\/secure.gravatar.com\/avatar\/dfc254ab9bb2ea1895d98b9e9dae4bdd?s=96&r=g\",\"caption\":\"Rafael Lara\"},\"description\":\"Rafael Lara cursa jornalismo na Faculdade C\u00e1sper L\u00edbero. Escreve sobre pol\u00edtica, economia e neg\u00f3cios para o portal Suno Not\u00edcias. Antes, colaborou na TV Gazeta na produ\u00e7\u00e3o do programa Edi\u00e7\u00e3o Extra.\",\"url\":\"https:\/\/www.suno.com.br\/noticias\/author\/rafael\/\"}]}<\/script>\n<!-- \/ Yoast SEO plugin. -->","yoast_head_json":{"title":"Duratex aprova distribui\u00e7\u00e3o de juros sobre o capital pr\u00f3prio","description":"A Duratex (DTEX3) aprovou, nesta quarta-feira (11), a distribui\u00e7\u00e3o de juros sobre o capital pr\u00f3prio. Clique aqui para saber mais.","robots":{"index":"index","follow":"follow","max-snippet":"max-snippet:-1","max-image-preview":"max-image-preview:large","max-video-preview":"max-video-preview:-1"},"canonical":"https:\/\/www.suno.com.br\/noticias\/duratex-juros-sobre-capital-proprio\/","og_locale":"pt_BR","og_type":"article","og_title":"Duratex aprova distribui\u00e7\u00e3o de juros sobre o capital pr\u00f3prio","og_description":"A Duratex (DTEX3) aprovou, nesta quarta-feira (11), a distribui\u00e7\u00e3o de juros sobre o capital pr\u00f3prio. Clique aqui para saber mais.","og_url":"https:\/\/www.suno.com.br\/noticias\/duratex-juros-sobre-capital-proprio\/","og_site_name":"Suno Not\u00edcias","article_publisher":"https:\/\/facebook.com\/sunoresearch","og_image":[{"width":2000,"height":1345,"url":"https:\/\/files.sunoresearch.com.br\/n\/uploads\/2019\/10\/0c8a840b-duratex.jpg","type":"image\/jpeg"}],"author":"Rafael Lara","twitter_card":"summary_large_image","twitter_creator":"@sunoresearch","twitter_site":"@sunoresearch","twitter_misc":{"Escrito por":"Rafael Lara","Est. tempo de leitura":"2 minutos"},"schema":{"@context":"https:\/\/schema.org","@graph":[{"@type":"NewsArticle","@id":"https:\/\/www.suno.com.br\/noticias\/duratex-juros-sobre-capital-proprio\/#article","isPartOf":{"@id":"https:\/\/www.suno.com.br\/noticias\/duratex-juros-sobre-capital-proprio\/"},"author":{"name":"Rafael Lara","@id":"https:\/\/www.suno.com.br\/noticias\/#\/schema\/person\/098743caeed97b37f51315c9576c4078"},"headline":"Duratex aprova distribui\u00e7\u00e3o de juros sobre o capital pr\u00f3prio","datePublished":"2019-12-11T23:28:47+00:00","mainEntityOfPage":{"@id":"https:\/\/www.suno.com.br\/noticias\/duratex-juros-sobre-capital-proprio\/"},"wordCount":372,"publisher":{"@id":"https:\/\/www.suno.com.br\/noticias\/#organization"},"image":{"@id":"https:\/\/www.suno.com.br\/noticias\/duratex-juros-sobre-capital-proprio\/#primaryimage"},"thumbnailUrl":"https:\/\/files.sunoresearch.com.br\/n\/uploads\/2019\/10\/0c8a840b-duratex-jpg.webp","keywords":["Duratex (DTEX3)","juros sobre capital pr\u00f3prio (JCP)"],"articleSection":["Neg\u00f3cios"],"inLanguage":"pt-BR"},{"@type":"WebPage","@id":"https:\/\/www.suno.com.br\/noticias\/duratex-juros-sobre-capital-proprio\/","url":"https:\/\/www.suno.com.br\/noticias\/duratex-juros-sobre-capital-proprio\/","name":"Duratex aprova distribui\u00e7\u00e3o de juros sobre o capital pr\u00f3prio","isPartOf":{"@id":"https:\/\/www.suno.com.br\/noticias\/#website"},"primaryImageOfPage":{"@id":"https:\/\/www.suno.com.br\/noticias\/duratex-juros-sobre-capital-proprio\/#primaryimage"},"image":{"@id":"https:\/\/www.suno.com.br\/noticias\/duratex-juros-sobre-capital-proprio\/#primaryimage"},"thumbnailUrl":"https:\/\/files.sunoresearch.com.br\/n\/uploads\/2019\/10\/0c8a840b-duratex-jpg.webp","datePublished":"2019-12-11T23:28:47+00:00","description":"A Duratex (DTEX3) aprovou, nesta quarta-feira (11), a distribui\u00e7\u00e3o de juros sobre o capital pr\u00f3prio. Clique aqui para saber mais.","breadcrumb":{"@id":"https:\/\/www.suno.com.br\/noticias\/duratex-juros-sobre-capital-proprio\/#breadcrumb"},"inLanguage":"pt-BR","potentialAction":[{"@type":"ReadAction","target":["https:\/\/www.suno.com.br\/noticias\/duratex-juros-sobre-capital-proprio\/"]}]},{"@type":"ImageObject","inLanguage":"pt-BR","@id":"https:\/\/www.suno.com.br\/noticias\/duratex-juros-sobre-capital-proprio\/#primaryimage","url":"https:\/\/files.sunoresearch.com.br\/n\/uploads\/2019\/10\/0c8a840b-duratex-jpg.webp","contentUrl":"https:\/\/files.sunoresearch.com.br\/n\/uploads\/2019\/10\/0c8a840b-duratex-jpg.webp","width":2000,"height":1345,"caption":"Dexco (DXCO3) vai pagar R$ 249 milh\u00f5es em JCP; Veja o valor por a\u00e7\u00e3o e a data de pagamento. Foto: Divulga\u00e7\u00e3o"},{"@type":"BreadcrumbList","@id":"https:\/\/www.suno.com.br\/noticias\/duratex-juros-sobre-capital-proprio\/#breadcrumb","itemListElement":[{"@type":"ListItem","position":1,"name":"Not\u00edcias","item":"https:\/\/www.suno.com.br\/noticias\/"},{"@type":"ListItem","position":2,"name":"Neg\u00f3cios","item":"https:\/\/www.suno.com.br\/noticias\/negocios\/"},{"@type":"ListItem","position":3,"name":"Duratex aprova distribui\u00e7\u00e3o de juros sobre o capital pr\u00f3prio"}]},{"@type":"WebSite","@id":"https:\/\/www.suno.com.br\/noticias\/#website","url":"https:\/\/www.suno.com.br\/noticias\/","name":"Suno Not\u00edcias","description":"Seu portal de informa\u00e7\u00e3o sobre o mundo dos investimentos","publisher":{"@id":"https:\/\/www.suno.com.br\/noticias\/#organization"},"potentialAction":[{"@type":"SearchAction","target":{"@type":"EntryPoint","urlTemplate":"https:\/\/www.suno.com.br\/noticias\/?s={search_term_string}"},"query-input":{"@type":"PropertyValueSpecification","valueRequired":true,"valueName":"search_term_string"}}],"inLanguage":"pt-BR"},{"@type":"Organization","@id":"https:\/\/www.suno.com.br\/noticias\/#organization","name":"Suno Not\u00edcias","url":"https:\/\/www.suno.com.br\/noticias\/","logo":{"@type":"ImageObject","inLanguage":"pt-BR","@id":"https:\/\/www.suno.com.br\/noticias\/#\/schema\/logo\/image\/","url":"https:\/\/files.sunoresearch.com.br\/n\/uploads\/2021\/09\/suno-logo.png","contentUrl":"https:\/\/files.sunoresearch.com.br\/n\/uploads\/2021\/09\/suno-logo.png","width":180,"height":180,"caption":"Suno Not\u00edcias"},"image":{"@id":"https:\/\/www.suno.com.br\/noticias\/#\/schema\/logo\/image\/"},"sameAs":["https:\/\/facebook.com\/sunoresearch","https:\/\/x.com\/sunoresearch","https:\/\/www.instagram.com\/suno","https:\/\/www.linkedin.com\/company\/suno-research\/","https:\/\/www.youtube.com\/c\/sunoresearch"]},{"@type":"Person","@id":"https:\/\/www.suno.com.br\/noticias\/#\/schema\/person\/098743caeed97b37f51315c9576c4078","name":"Rafael Lara","image":{"@type":"ImageObject","inLanguage":"pt-BR","@id":"https:\/\/www.suno.com.br\/noticias\/#\/schema\/person\/image\/","url":"https:\/\/secure.gravatar.com\/avatar\/dfc254ab9bb2ea1895d98b9e9dae4bdd?s=96&r=g","contentUrl":"https:\/\/secure.gravatar.com\/avatar\/dfc254ab9bb2ea1895d98b9e9dae4bdd?s=96&r=g","caption":"Rafael Lara"},"description":"Rafael Lara cursa jornalismo na Faculdade C\u00e1sper L\u00edbero. Escreve sobre pol\u00edtica, economia e neg\u00f3cios para o portal Suno Not\u00edcias. Antes, colaborou na TV Gazeta na produ\u00e7\u00e3o do programa Edi\u00e7\u00e3o Extra.","url":"https:\/\/www.suno.com.br\/noticias\/author\/rafael\/"}]}},"default_loop_html":"<div class=\"cardsPage__listCard__boxs\"><div class=\"cardsPage__listCard__boxs__img\"><a href=\"https:\/\/www.suno.com.br\/noticias\/duratex-juros-sobre-capital-proprio\/\"><img class=\"mask\" src=\"https:\/\/www.suno.com.br\/noticias\/wp-content\/themes\/suno\/resources\/images\/spotlight\/spotlight1img\/bg-mask.png\" alt=\"Image Mask\"\/><img src=\"https:\/\/files.sunoresearch.com.br\/n\/uploads\/2019\/10\/0c8a840b-duratex-400x200.webp\" alt=\"Duratex aprova distribui\u00e7\u00e3o de juros sobre o capital pr\u00f3prio\"\/><\/a><span class=\"spotlightCategory\"><a href=\"https:\/\/www.suno.com.br\/noticias\/negocios\/\">Neg\u00f3cios<\/a><\/span><\/div><div class=\"cardsPage__listCard__boxs__content\"><a href=\"https:\/\/www.suno.com.br\/noticias\/duratex-juros-sobre-capital-proprio\/\"><h2 class=\"content__title\">Duratex aprova distribui\u00e7\u00e3o de juros sobre o capital pr\u00f3prio<\/h2><\/a><div class=\"newsContent__article__meta\"><div class=\"newsContent__article__meta__authorBox\"><a href=\"https:\/\/www.suno.com.br\/noticias\/author\/rafael\/\" class=\"authorBox__avatar noMobi\"><img src=\"https:\/\/secure.gravatar.com\/avatar\/dfc254ab9bb2ea1895d98b9e9dae4bdd?s=96&#038;r=g\" alt=\"Rafael Lara\"><\/a><div class=\"authorBox__name\"><span>por\n\t\t\t<a href=\"https:\/\/www.suno.com.br\/noticias\/author\/rafael\/\"><span itemprop=\"author\">Rafael Lara<\/span><\/a><\/span><time datetime=\"2019-12-11T21:28:47-03:00\" itemprop=\"datePublished\">11\/12\/2019 21:28<\/time><\/div><\/div><\/div><\/div><\/div>","single_layout":"posts","amp_enabled":true,"_links":{"self":[{"href":"https:\/\/www.suno.com.br\/noticias\/wp-json\/wp\/v2\/posts\/47550"}],"collection":[{"href":"https:\/\/www.suno.com.br\/noticias\/wp-json\/wp\/v2\/posts"}],"about":[{"href":"https:\/\/www.suno.com.br\/noticias\/wp-json\/wp\/v2\/types\/post"}],"author":[{"embeddable":true,"href":"https:\/\/www.suno.com.br\/noticias\/wp-json\/wp\/v2\/users\/23"}],"replies":[{"embeddable":true,"href":"https:\/\/www.suno.com.br\/noticias\/wp-json\/wp\/v2\/comments?post=47550"}],"version-history":[{"count":0,"href":"https:\/\/www.suno.com.br\/noticias\/wp-json\/wp\/v2\/posts\/47550\/revisions"}],"wp:featuredmedia":[{"embeddable":true,"href":"https:\/\/www.suno.com.br\/noticias\/wp-json\/wp\/v2\/media\/42910"}],"wp:attachment":[{"href":"https:\/\/www.suno.com.br\/noticias\/wp-json\/wp\/v2\/media?parent=47550"}],"wp:term":[{"taxonomy":"category","embeddable":true,"href":"https:\/\/www.suno.com.br\/noticias\/wp-json\/wp\/v2\/categories?post=47550"},{"taxonomy":"post_tag","embeddable":true,"href":"https:\/\/www.suno.com.br\/noticias\/wp-json\/wp\/v2\/tags?post=47550"},{"taxonomy":"suno_strategy","embeddable":true,"href":"https:\/\/www.suno.com.br\/noticias\/wp-json\/wp\/v2\/suno_strategy?post=47550"}],"curies":[{"name":"wp","href":"https:\/\/api.w.org\/{rel}","templated":true}]}}