{"id":475419,"date":"2023-10-24T09:01:16","date_gmt":"2023-10-24T12:01:16","guid":{"rendered":"https:\/\/www.suno.com.br\/noticias\/?p=475419"},"modified":"2023-10-24T17:23:56","modified_gmt":"2023-10-24T20:23:56","slug":"guerra-israel-hamas-conflito-gpj","status":"publish","type":"post","link":"https:\/\/www.suno.com.br\/noticias\/guerra-israel-hamas-conflito-gpj\/","title":{"rendered":"Guerra entre Israel e Hamas entra no 18\u00ba dia: 400 alvos s\u00e3o bombardeados no territ\u00f3rio palestino nesta ter\u00e7a; ONU tenta nova resolu\u00e7\u00e3o"},"content":{"rendered":"<p>A guerra entre <strong>Israel<\/strong> e Hamas entra no 18\u00ba dia, com a not\u00edcia de que as tropas militares do primeiro-ministro israelense, Benjamin Netanyahu, bombardearam 400 alvos na Faixa de Gaza na madrugada desta ter\u00e7a-feira (24). Pelo menos 140 pessoas foram mortas, incluindo mulheres e crian\u00e7as. O Hamas disse que, ao final do dia, mais de 700 pessoas morreram nos bombardeios.<\/p>\t<div class=\"wrapper-featured-image\">\n\t\t<figure class=\"spotlightImg\">\n\n\t\t\t<picture>\n\t\t\t\t<source media=\"(max-width: 768px)\" srcset=\"https:\/\/files.sunoresearch.com.br\/n\/uploads\/2023\/10\/Guerra-Israel-Defense-Forces6-400x200.jpg\">\n\t\t\t\t<img loading=\"lazy\" decoding=\"async\" class=\"newsContent__article__imgCapa lazyloadDisabled \" src=\"https:\/\/files.sunoresearch.com.br\/n\/uploads\/2023\/10\/Guerra-Israel-Defense-Forces6-800x450.jpg\" width=\"800\" height=\"450\" alt=\"Guerra entre Israel e Hamas entra no 18\u00ba dia: 400 alvos s\u00e3o bombardeados no territ\u00f3rio palestino nesta ter\u00e7a; ONU tenta nova resolu\u00e7\u00e3o\" fetchpriority=high \/>\n\t\t\t<\/picture>\n\n\t\t\t<figcaption class=\"wp-caption-text wp-caption-text--show\">Israel. Foto: Israel Defense Forces<\/figcaption>\n\t\t<\/figure>\n\t<\/div>\n\n\n\n\n\n\n\n\t<p>\n\t\t<a href=\"https:\/\/lp.suno.com.br\/ebook-como-analisar-uma-acao\/\" target=\"_blank\" data-element=\"shortcode-suno-banner\" title=\"Banner SUNO, clique e saiba mais\">\n\t\t\t<picture>\n\t\t\t\t<source media=\"(max-width: 500px)\" srcset=\"https:\/\/files.sunoresearch.com.br\/n\/uploads\/2023\/03\/Ebook-Acoes-Mobile.jpg\">\n\t\t\t\t<img class=\"newsContent__article__imgCapa newsContent__article__imgCapa--banner\"\n\t\t\t\t\tsrc=\"https:\/\/files.sunoresearch.com.br\/n\/uploads\/2023\/03\/Ebook-Acoes-Desktop.jpg\"\n\t\t\t\t\tdata-promo-id=\"378302\"\t\t\t\t\t\t\t\t\t\twidth='1420' height='286'\t\t\t\t\talt=\"https:\/\/files.sunoresearch.com.br\/n\/uploads\/2023\/03\/Ebook-Acoes-Desktop.jpg\"\n\t\t\t\t>\n\t\t\t<\/picture>\n\t\t<\/a>\n\t<\/p>\n\n\n\n\n\n<p>Sobre o ataque mais recente, em comunicado, os militares israelenses afirmam ter matado &#8220;v\u00e1rios comandantes de campo e outros agentes&#8221; do <strong>grupo isl\u00e2mico Hamas<\/strong>. Os ataques tamb\u00e9m destru\u00edram a entrada de um t\u00fanel na costa de Gaza e um suposto centro de comando do Hamas.<\/p>\n\n\n\n<p>Na segunda-feira, o <strong>Hamas <\/strong>libertou duas mulheres que estavam sequestradas, mas ainda mant\u00e9m 222 ref\u00e9ns.<\/p>\n\n\n\n<p>Nesta ter\u00e7a-feira (24), o <strong>presidente da Fran\u00e7a,<\/strong> Emmanuel Macron, chegou a Tel Aviv para visita destinada a mostrar &#8220;total solidariedade&#8221; a Israel, de acordo com informa\u00e7\u00f5es da ag\u00eancia AFP. Macron se reunir\u00e1 com Netanyahu para discutir um &#8220;genu\u00edno processo de paz&#8221;.<\/p>\n\n\n\n<p>Macron prop\u00f4s nesta ter\u00e7a-feira (24) que uma coaliz\u00e3o internacional que luta contra o Estado Isl\u00e2mico no Iraque e na S\u00edria seja ampliada para incluir a luta contra o grupo militante palestino Hamas em Gaza.<\/p>\n\n\n\n<p>Macron n\u00e3o deu detalhes sobre como a coaliz\u00e3o de dezenas de pa\u00edses liderada pelos Estados Unidos, da qual Israel n\u00e3o faz parte, poderia ser envolvida.<\/p>\n\n\n\n<p>Falando ao lado do primeiro-ministro israelense Benjamin Netanyahu em Jerusal\u00e9m, Macron enfatizou que Fran\u00e7a e Israel t\u00eam no terrorismo seu &#8220;inimigo comum&#8221;.<\/p>\n\n\n\n<p>&#8220;A Fran\u00e7a est\u00e1 pronta para que a coaliz\u00e3o internacional contra o Daesh, da qual participamos para opera\u00e7\u00f5es no Iraque e na S\u00edria, lute tamb\u00e9m contra o Hamas&#8221;, disse ele aos rep\u00f3rteres, referindo-se ao Estado Isl\u00e2mico.<\/p>\n\n\n\n<p>Macron, que alertou contra os riscos de um conflito regional, tamb\u00e9m disse que a luta contra o Hamas &#8220;precisa ser sem miseric\u00f3rdia, mas n\u00e3o sem regras&#8221;.<\/p>\n\n\n\n<p>Netanyahu n\u00e3o comentou diretamente a proposta de Macron, mas afirmou que a luta \u00e9 uma batalha entre o &#8220;eixo do mal&#8221; e &#8220;o mundo livre&#8221;.<\/p>\n\n\n\n<p>&#8220;Essa batalha n\u00e3o \u00e9 apenas nossa\u2026 \u00e9 a batalha de todos&#8221;, disse ele.<\/p>\n\n\n\n<p>Mais de 6400 pessoas morreram desde o in\u00edcio do conflito Israel-Hamas em 7 de outubro. O Conselho de Seguran\u00e7a da ONU se reuniu nesta ter\u00e7a (24) para tentar fechar uma nova resolu\u00e7\u00e3o sobre a guerra no Oriente M\u00e9dio.<\/p>\n\n\n\n<p>Os EUA amea\u00e7aram o Ir\u00e3 caso o pa\u00eds tente entrar na guerra. Os representantes de Israel pediram a demiss\u00e3o do secret\u00e1ro-geral da ONU Ant\u00f3nio Guterres, que pediu um cessar-fogo e aumento da ajuda humanit\u00e1ria na regi\u00e3o.<\/p>\n\n\n\n<p>Os EUA costuram um novo acordo para a resolu\u00e7\u00e3o, que incluiria ajuda humanit\u00e1ria &#8211; mas a R\u00fassia alertou que vai vetar o documento.<\/p>\n\n\n\n<h2 class=\"wp-block-heading\">\u00c1gua fornecida por Israel a Gaza reduz 20% em um dia, alerta ONU<\/h2>\n\n\n\n<p>O volume de \u00e1gua fornecida por Israel \u00e0 cidade de Khan Yunis, ao sul da Faixa de Gaza, diminuiu cerca de 20% de 22 para 23 de outubro, segundo informou o Escrit\u00f3rio para Assuntos Humanit\u00e1rios da Organiza\u00e7\u00e3o das Na\u00e7\u00f5es Unidas (Ocha). O volume de \u00e1gua caiu de 600 para 480 metros c\u00fabicos por hora e \u201cas raz\u00f5es n\u00e3o s\u00e3o claras\u201d, diz o informe di\u00e1rio do escrit\u00f3rio.<\/p>\n\n\n\n<p>Os outros dois gasodutos provenientes de Israel que abastecem a Faixa de Gaza est\u00e3o sem funcionar desde o dia 8 de outubro, um dia ap\u00f3s o ataque do Hamas contra cidades israelenses.<\/p>\n\n\n\n<p>O Grupo de \u00c1gua, Saneamento e Higiene (Wash), que trabalha para as Na\u00e7\u00f5es Unidas, calcula que o consumo m\u00e9dio de \u00e1gua por pessoa no territ\u00f3rio sitiado por Israel caiu para apenas tr\u00eas litros por dia, o que preocupa as organiza\u00e7\u00f5es humanit\u00e1rias.<\/p>\n\n\n\n<p>Segundo a Sociedade Brasileira de Nefrologia, s\u00e3o necess\u00e1rios, em m\u00e9dia, 15 litros de \u00e1gua por dia para n\u00e3o sobrecarregar um rim saud\u00e1vel.<\/p>\n\n\n\n<p>O escrit\u00f3rio da ONU destaca que \u00e9 preocupante a escassez de \u00e1gua pot\u00e1vel somado ao consumo de \u00e1gua com elevado teor de sal retirada dos po\u00e7os agr\u00edcolas. Devido \u00e0 proximidade do mar, a \u00e1gua de Gaza costuma ser impr\u00f3pria para consumo.<\/p>\n\n\n\n<p>\u201cIsto representa um risco imediato para a sa\u00fade, aumentando os n\u00edveis de hipertens\u00e3o, especialmente em beb\u00eas com menos de 6 meses, mulheres gr\u00e1vidas e pessoas com doen\u00e7a renal. A utiliza\u00e7\u00e3o de \u00e1guas subterr\u00e2neas salinas tamb\u00e9m aumenta o risco de diarreia e c\u00f3lera\u201d, alerta o escrit\u00f3rio das Na\u00e7\u00f5es Unidas.<\/p>\n\n\n\n<p>Segundo o Ocha, os agentes de sa\u00fade t\u00eam detectado casos de varicela, sarna e diarreia, atribu\u00edveis \u00e0s m\u00e1s condi\u00e7\u00f5es de saneamento e ao consumo de \u00e1gua de fontes inseguras. \u201cPrev\u00ea-se que a incid\u00eancia de tais doen\u00e7as aumente, a menos que as instala\u00e7\u00f5es de \u00e1gua e saneamento recebam eletricidade ou combust\u00edvel para retomarem as opera\u00e7\u00f5es\u201d.<\/p>\n\n\n\n<p>Parte da \u00e1gua da Faixa de Gaza usada para consumo humano \u00e9 dessalinizada por equipamentos movidos \u00e0 combust\u00edvel. Como a ajuda humanit\u00e1ria que entrou em Gaza nos \u00faltimos dias n\u00e3o tem combust\u00edvel, a falta do insumo tem dificultado a opera\u00e7\u00e3o dessas m\u00e1quinas.<\/p>\n\n\n\n<p>Uma das tr\u00eas centrais de dessaliniza\u00e7\u00e3o de \u00e1gua do mar, localizadas em Khan Younis, retomou as opera\u00e7\u00f5es no domingo (22) com menos de 7% da sua capacidade. Segundo a Ag\u00eancia da ONU para Refugiados Palestinos (UNRWA), isso foi poss\u00edvel ap\u00f3s uma redistribui\u00e7\u00e3o de combust\u00edvel de entre unidades da ONU. \u201cAs outras duas f\u00e1bricas permanecem inoperantes\u201d, informa o boletim.<\/p>\n\n\n\n<p>No dia 12 de outubro, o ministro de Energia e Infraestruturas de Israel, Israel Katz, justificou o corte de energia e \u00e1gua de Gaza como forma de for\u00e7ar o Hamas a libertar os cerca de 220 ref\u00e9ns feitos pelo grupo. Ap\u00f3s acordo para liberar a entrada de \u00e1gua no sul de Gaza, o ministro justificou que o restabelecimento parcial de \u00e1gua no sul seria importante para for\u00e7ar o descolamento da popula\u00e7\u00e3o civil para o sul da Faixa.<\/p>\n\n\n\n<p>Em nota, o porta-voz da embaixada de Israel no Brasil, Or Shaul Keren, informou que o pa\u00eds apenas fornece uma pequena parte da \u00e1gua para Gaza, independentemente da guerra atual. Ainda segundo Keren, h\u00e1 \u00e1gua e eletricidade nos t\u00faneis de combate do Hamas e que teria sido o pr\u00f3prio grupo palestino que teria desativado uma das tr\u00eas tubula\u00e7\u00f5es de \u00e1gua de Israel para a Faixa de Gaza.<\/p>\n\n\n\n<p>&#8220;Atualmente, Israel fornece \u00e1gua para o sul da Faixa de Gaza e para as \u00e1reas para as quais solicitou a evacua\u00e7\u00e3o da popula\u00e7\u00e3o n\u00e3o envolvida. A orienta\u00e7\u00e3o da lei internacional \u00e9 apenas para permitir suprimentos humanit\u00e1rios, e n\u00e3o suprimentos diretos, como Israel faz para os residentes da Faixa de Gaza&#8221;, afirmou.<\/p>\n\n\n\n<p>Padarias<\/p>\n\n\n\n<p>Al\u00e9m da escassez de \u00e1gua, os palestinos da Faixa de Gaza enfrentam longas filas para conseguir p\u00e3o das padarias locais. Apenas cinco das 24 padarias contratadas com o Programa Alimentar Mundial (PAM) est\u00e3o operando e fornecem p\u00e3o aos abrigos com refugiados.<\/p>\n\n\n\n<p>\u201cA escassez de combust\u00edvel \u00e9 o principal obst\u00e1culo que impede essas padarias de satisfazer a procura local de p\u00e3o fresco, colocando-as em risco de encerramento. As padarias est\u00e3o em dificuldades, com longas filas se formando antes do amanhecer. O tempo m\u00e9dio de espera \u00e9 de 6 horas, e as pessoas suportam essa espera para receber metade da por\u00e7\u00e3o normal\u201d, informa o Ocha.<\/p>\n\n\n\n<p>O brasileiro Hasan Rabee, de 30 anos de idade, registrou nesta ter\u00e7a-feira uma das enormes filas que se formaram em uma das padarias da cidade de Khan Yunes. \u201cFilas e filas s\u00f3 para pegar um pouco de p\u00e3o, que horror\u201d, relata o palestino naturalizado brasileiro. Rabee diz que a fam\u00edlia dele tem \u00e1gua pot\u00e1vel e alimentos para mais 2 dias. Na semana passada, ele recebeu mantimentos enviados pelo Escrit\u00f3rio de Representa\u00e7\u00e3o do Brasil, em Ramala, na Cisjord\u00e2nia.<\/p>\n\n\n\n<p>Hasan \u00e9 um dos 32 brasileiros que aguardam a possibilidade de deixar a Faixa de Gaza. Ele foi \u00e0 Palestina visitar a fam\u00edlia poucos dias antes do in\u00edcio das hostilidades entre Israel e Hamas. Ele est\u00e1 com a esposa e duas filhas pequenas tamb\u00e9m brasileiras.<\/p>\n\n\n\n<p>Estima-se que existam 1,4 milh\u00e3o de deslocados internos em Gaza, com cerca de 600.000 abrigados em 150 abrigos de emerg\u00eancia designados pela UNRWA.<\/p>\n\n\n\n<h2 class=\"wp-block-heading\">Reputa\u00e7\u00e3o da ONU depende de a\u00e7\u00e3o sobre guerra, diz Mauro Vieira<\/h2>\n\n\n\n<p>\u201cGrande parte da reputa\u00e7\u00e3o das Na\u00e7\u00f5es Unidas depende da sua abordagem \u00e0 crise em curso\u201d, destacou nesta ter\u00e7a-feira (24) o ministro das Rela\u00e7\u00f5es Exteriores do Brasil, Mauro Vieira, na reuni\u00e3o do Conselho de Seguran\u00e7a da Organiza\u00e7\u00e3o das Na\u00e7\u00f5es Unidas (ONU) realizada em Nova York, nos Estados Unidos.<\/p>\n\n\n\n<p>\u201cEste Conselho deve estar \u00e0 altura do desafio que temos pela frente. Provavelmente seremos julgados \u2013 e considerados culpados \u2013 pelas gera\u00e7\u00f5es futuras pela nossa ina\u00e7\u00e3o e complac\u00eancia\u201d, destacou o chanceler brasileiro.<\/p>\n\n\n\n<p>O encontro discutiu a escalada do conflito Israel-Hamas, no Oriente M\u00e9dio, iniciada no \u00faltimo dia 7 de outubro ap\u00f3s o ataque do grupo Hamas contra Israel. Atualmente, o Conselho \u00e9 presidido pelo Brasil que, na \u00faltima semana, viu a proposta costurada pela diplomacia brasileira ser vetada pelos Estados Unidos.<\/p>\n\n\n\n<p>O chanceler brasileiro insistiu que a diplomacia e o di\u00e1logo s\u00e3o os ativos mais poderosos no Conselho de Seguran\u00e7a da ONU e que a entidade \u201ctem uma responsabilidade crucial na resposta imediata \u00e0 evolu\u00e7\u00e3o das crises humanit\u00e1ria e de ref\u00e9ns\u201d.<\/p>\n\n\n\n<p>Mauro Vieira lembrou que, desde 2016, o Conselho n\u00e3o consegue aprovar uma resolu\u00e7\u00e3o sobre a situa\u00e7\u00e3o do conflito Israel-Hamas. \u201cEstrat\u00e9gias obstrutivas t\u00eam impedido a tomada de decis\u00f5es cruciais sobre a paz e a seguran\u00e7a internacionais. Como resultado, a situa\u00e7\u00e3o no Oriente M\u00e9dio \u00e9 de longe uma das quest\u00f5es mais frustradas no Conselho de Seguran\u00e7a\u201d, lamentou.<\/p>\n\n\n\n<p>O representante do governo brasileiro na ONU refor\u00e7ou que o Brasil condena os atos de terrorismo contra civis em Israel e fez um apelo para liberta\u00e7\u00e3o imediata e incondicional dos ref\u00e9ns civis. Ao mesmo tempo, o chanceler do Brasil afirmou que a escalada da viol\u00eancia em Gaza \u00e9 inaceit\u00e1vel e citou o bombardeio de infraestruturas civis, que resultou na destrui\u00e7\u00e3o de 42% das habita\u00e7\u00f5es na Faixa de Gaza.<\/p>\n\n\n\n\t<div data-element=\"shortcode-read-more\" class=\"readToo\">\n\t\t\t\t<span class=\"readToo__title\">Leia mais<\/span>\n\t\t\t\t<ul class=\"readToo__list\">\n\t\t\t<li><a href=\"https:\/\/www.suno.com.br\/noticias\/israel-hamas-guerra-gaza-gpj\/\">Israel e Hamas se enfrentam na Faixa de Gaza e intensificam bombardeios; mais duas ref\u00e9ns israelenses s\u00e3o libertadas pelo grupo terrorista<\/a><\/li><li><a href=\"https:\/\/www.suno.com.br\/noticias\/guerra-israel-hamas-ajuda-gaza\/\">Guerra entre Israel e Hamas: novo comboio de ajuda chega na Faixa de Gaza; palestinos recebem alerta de evacua\u00e7\u00e3o<\/a><\/li><li><a href=\"https:\/\/www.suno.com.br\/noticias\/israel-conflito-hamas-como-comecou\/\">Conflito Israel-Hamas completa 15 dias: veja como tudo come\u00e7ou<\/a><\/li>\t\t<\/ul>\n\t<\/div>\n\n\n\n\n<h2 class=\"wp-block-heading\">Guerra Israel e Hamas: Assembleia Geral da ONU se reunir\u00e1 para abordar conflito<\/h2>\n\n\n\n<p>Na pr\u00f3xima quinta-feira (26), a Assembleia Geral da Organiza\u00e7\u00e3o das Na\u00e7\u00f5es Unidas (ONU) se reunir\u00e1 para discutir a <strong>guerra entre Israel e Hamas<\/strong>. A reuni\u00e3o ser\u00e1 realizada a pedido de v\u00e1rios pa\u00edses, como Jord\u00e2nia, R\u00fassia e Vietn\u00e3, j\u00e1 que o <strong>Conselho de Seguran\u00e7a da ONU<\/strong> n\u00e3o conseguiu chegar a um acordo sobre a resolu\u00e7\u00e3o do <strong>conflito no Oriente M\u00e9dio<\/strong>.<\/p>\n\n\n\n<p>Antes da reuni\u00e3o da <strong>Assembleia Geral da ONU,<\/strong> o Conselho de Seguran\u00e7a voltar\u00e1 a se reunir para abordar o tema. <\/p>\n\n\n\t<p>\n\t\t<a href=\"https:\/\/lp.suno.com.br\/ebook-gratuito-investindo-no-exterior\/\" target=\"_blank\" data-element=\"shortcode-suno-banner\" title=\"Banner SUNO, clique e saiba mais\">\n\t\t\t<picture>\n\t\t\t\t<source media=\"(max-width: 500px)\" srcset=\"https:\/\/files.sunoresearch.com.br\/n\/uploads\/2023\/03\/400x300-Investindo-no-exterior.png\">\n\t\t\t\t<img class=\"newsContent__article__imgCapa newsContent__article__imgCapa--banner\"\n\t\t\t\t\tsrc=\"https:\/\/files.sunoresearch.com.br\/n\/uploads\/2023\/03\/1420x240-Investindo-no-exterior.png\"\n\t\t\t\t\tdata-promo-id=\"383161\"\t\t\t\t\t\t\t\t\t\twidth='1420' height='240'\t\t\t\t\talt=\"https:\/\/files.sunoresearch.com.br\/n\/uploads\/2023\/03\/1420x240-Investindo-no-exterior.png\"\n\t\t\t\t>\n\t\t\t<\/picture>\n\t\t<\/a>\n\t<\/p>\n\n\n\n\n\n<h2 class=\"wp-block-heading\">Tens\u00f5es no Oriente M\u00e9dio podem gerar perturba\u00e7\u00f5es nos mercados e pre\u00e7os de energia, avalia AIE<\/h2>\n\n\n\n<p>A <strong>Ag\u00eancia Internacional de Energia<\/strong> (AIE) avalia que as press\u00f5es imediatas da crise global de energia diminu\u00edram, mas a instabilidade causada pela <strong>guerra Israel-Hamas<\/strong> poder\u00e1 levar a novas perturba\u00e7\u00f5es nos mercados e <strong>pre\u00e7os da energia<\/strong>.<\/p>\n\n\n\n<p>&#8220;A continua\u00e7\u00e3o dos combates na Ucr\u00e2nia, mais de um ano ap\u00f3s a invas\u00e3o da R\u00fassia, \u00e9 agora acompanhada pelo risco de um conflito prolongado no Oriente M\u00e9dio. O clima macroecon\u00f4mico \u00e9 pessimista, com uma infla\u00e7\u00e3o persistente, custos de financiamento mais elevados e n\u00edveis de d\u00edvida elevados&#8221;, indica a institui\u00e7\u00e3o, em seu relat\u00f3rio de perspectivas energ\u00e9ticas globais de 2023, divulgado nesta ter\u00e7a-feira (24).<\/p>\n\n\n\n<p>O relat\u00f3rio tamb\u00e9m avalia que a China tem um grande papel na defini\u00e7\u00e3o das tend\u00eancias energ\u00e9ticas, visto que nos \u00faltimos dez anos, o pa\u00eds foi respons\u00e1vel por dois ter\u00e7os do aumento da utiliza\u00e7\u00e3o mundial de petr\u00f3leo e de quase um ter\u00e7o da alta do g\u00e1s natural. <\/p>\n\n\n\n<p>&#8220;Mas \u00e9 amplamente reconhecido, inclusive pela lideran\u00e7a do pa\u00eds, que a <strong>economia da China<\/strong> est\u00e1 a atingir um ponto de inflex\u00e3o. Depois de uma constru\u00e7\u00e3o muito r\u00e1pida da infraestrutura f\u00edsica do pa\u00eds, o espa\u00e7o para novas adi\u00e7\u00f5es est\u00e1 diminuindo&#8221;, pontuou.<\/p>\n\n\n\n<p><em>Com informa\u00e7\u00f5es de Estad\u00e3o Conte\u00fado<\/em> <em>e Ag\u00eancia Brasil<\/em><\/p>\n\n\n\t<p>\n\t\t<a href=\"https:\/\/lp.suno.com.br\/planilha-da-vida-financeira\/\" target=\"_blank\" data-element=\"shortcode-suno-banner\" title=\"Banner SUNO, clique e saiba mais\">\n\t\t\t<picture>\n\t\t\t\t<source media=\"(max-width: 500px)\" srcset=\"https:\/\/files.sunoresearch.com.br\/n\/uploads\/2023\/04\/400x300-Planilha-vida-financeira-true.png\">\n\t\t\t\t<img class=\"newsContent__article__imgCapa newsContent__article__imgCapa--banner\"\n\t\t\t\t\tsrc=\"https:\/\/files.sunoresearch.com.br\/n\/uploads\/2023\/04\/1420x240-Planilha-vida-financeira-true.png\"\n\t\t\t\t\tdata-promo-id=\"383123\"\t\t\t\t\t\t\t\t\t\twidth='1420' height='240'\t\t\t\t\talt=\"https:\/\/files.sunoresearch.com.br\/n\/uploads\/2023\/04\/1420x240-Planilha-vida-financeira-true.png\"\n\t\t\t\t>\n\t\t\t<\/picture>\n\t\t<\/a>\n\t<\/p>\n\n\n","protected":false},"excerpt":{"rendered":"<p>A guerra entre Israel e Hamas entra no 18\u00ba dia, com a not\u00edcia de que as tropas militares do primeiro-ministro israelense, Benjamin Netanyahu, bombardearam 400 alvos na Faixa de Gaza na madrugada desta ter\u00e7a-feira (24). Pelo menos 140 pessoas foram mortas, incluindo mulheres e crian\u00e7as. O Hamas disse que, ao final do dia, mais de [&hellip;]<\/p>\n","protected":false},"author":313,"featured_media":467788,"comment_status":"closed","ping_status":"closed","sticky":false,"template":"","format":"standard","meta":[],"categories":[63],"tags":[926],"suno_strategy":[],"class_list":["post-475419","post","type-post","status-publish","format-standard","has-post-thumbnail","hentry","category-internacional","tag-israel"],"yoast_head":"<!-- This site is optimized with the Yoast SEO plugin v24.4 - https:\/\/yoast.com\/wordpress\/plugins\/seo\/ -->\n<title>Israel e Hamas: guerra entra no 18\u00ba dia; veja atualiza\u00e7\u00f5es<\/title>\n<meta name=\"description\" content=\"As tropas militares do primeiro-ministro de Israel, Benjamin Netanyahu, bombardearam 400 alvos na Faixa de Gaza na madrugada desta ter\u00e7a.\" \/>\n<meta name=\"robots\" content=\"index, follow, max-snippet:-1, max-image-preview:large, max-video-preview:-1\" \/>\n<link rel=\"canonical\" href=\"https:\/\/www.suno.com.br\/noticias\/guerra-israel-hamas-conflito-gpj\/\" \/>\n<meta property=\"og:locale\" content=\"pt_BR\" \/>\n<meta property=\"og:type\" content=\"article\" \/>\n<meta property=\"og:title\" content=\"Israel e Hamas: guerra entra no 18\u00ba dia; veja atualiza\u00e7\u00f5es\" \/>\n<meta property=\"og:description\" content=\"As tropas militares do primeiro-ministro de Israel, Benjamin Netanyahu, bombardearam 400 alvos na Faixa de Gaza na madrugada desta ter\u00e7a.\" \/>\n<meta property=\"og:url\" content=\"https:\/\/www.suno.com.br\/noticias\/guerra-israel-hamas-conflito-gpj\/\" \/>\n<meta property=\"og:site_name\" content=\"Suno Not\u00edcias\" \/>\n<meta property=\"article:publisher\" content=\"https:\/\/facebook.com\/sunoresearch\" \/>\n<meta property=\"og:image\" content=\"https:\/\/files.sunoresearch.com.br\/n\/uploads\/2023\/10\/Guerra-Israel-Defense-Forces6.jpg\" \/>\n\t<meta property=\"og:image:width\" content=\"1600\" \/>\n\t<meta property=\"og:image:height\" content=\"1066\" \/>\n\t<meta property=\"og:image:type\" content=\"image\/jpeg\" \/>\n<meta name=\"author\" content=\"Giovanni Porf\u00edrio Jacomino\" \/>\n<meta name=\"twitter:card\" content=\"summary_large_image\" \/>\n<meta name=\"twitter:creator\" content=\"@sunoresearch\" \/>\n<meta name=\"twitter:site\" content=\"@sunoresearch\" \/>\n<meta name=\"twitter:label1\" content=\"Escrito por\" \/>\n\t<meta name=\"twitter:data1\" content=\"Giovanni Porf\u00edrio Jacomino\" \/>\n\t<meta name=\"twitter:label2\" content=\"Est. tempo de leitura\" \/>\n\t<meta name=\"twitter:data2\" content=\"11 minutos\" \/>\n<script type=\"application\/ld+json\" class=\"yoast-schema-graph\">{\"@context\":\"https:\/\/schema.org\",\"@graph\":[{\"@type\":\"NewsArticle\",\"@id\":\"https:\/\/www.suno.com.br\/noticias\/guerra-israel-hamas-conflito-gpj\/#article\",\"isPartOf\":{\"@id\":\"https:\/\/www.suno.com.br\/noticias\/guerra-israel-hamas-conflito-gpj\/\"},\"author\":{\"name\":\"Giovanni Porf\u00edrio Jacomino\",\"@id\":\"https:\/\/www.suno.com.br\/noticias\/#\/schema\/person\/d0f32748bbca4bee871fa191ee4e2d40\"},\"headline\":\"Guerra entre Israel e Hamas entra no 18\u00ba dia: 400 alvos s\u00e3o bombardeados no territ\u00f3rio palestino nesta ter\u00e7a; ONU tenta nova resolu\u00e7\u00e3o\",\"datePublished\":\"2023-10-24T12:01:16+00:00\",\"dateModified\":\"2023-10-24T20:23:56+00:00\",\"mainEntityOfPage\":{\"@id\":\"https:\/\/www.suno.com.br\/noticias\/guerra-israel-hamas-conflito-gpj\/\"},\"wordCount\":2128,\"publisher\":{\"@id\":\"https:\/\/www.suno.com.br\/noticias\/#organization\"},\"image\":{\"@id\":\"https:\/\/www.suno.com.br\/noticias\/guerra-israel-hamas-conflito-gpj\/#primaryimage\"},\"thumbnailUrl\":\"https:\/\/files.sunoresearch.com.br\/n\/uploads\/2023\/10\/Guerra-Israel-Defense-Forces6.jpg\",\"keywords\":[\"Israel\"],\"articleSection\":[\"Internacional\"],\"inLanguage\":\"pt-BR\"},{\"@type\":\"WebPage\",\"@id\":\"https:\/\/www.suno.com.br\/noticias\/guerra-israel-hamas-conflito-gpj\/\",\"url\":\"https:\/\/www.suno.com.br\/noticias\/guerra-israel-hamas-conflito-gpj\/\",\"name\":\"Israel e Hamas: guerra entra no 18\u00ba dia; veja atualiza\u00e7\u00f5es\",\"isPartOf\":{\"@id\":\"https:\/\/www.suno.com.br\/noticias\/#website\"},\"primaryImageOfPage\":{\"@id\":\"https:\/\/www.suno.com.br\/noticias\/guerra-israel-hamas-conflito-gpj\/#primaryimage\"},\"image\":{\"@id\":\"https:\/\/www.suno.com.br\/noticias\/guerra-israel-hamas-conflito-gpj\/#primaryimage\"},\"thumbnailUrl\":\"https:\/\/files.sunoresearch.com.br\/n\/uploads\/2023\/10\/Guerra-Israel-Defense-Forces6.jpg\",\"datePublished\":\"2023-10-24T12:01:16+00:00\",\"dateModified\":\"2023-10-24T20:23:56+00:00\",\"description\":\"As tropas militares do primeiro-ministro de Israel, Benjamin Netanyahu, bombardearam 400 alvos na Faixa de Gaza na madrugada desta ter\u00e7a.\",\"breadcrumb\":{\"@id\":\"https:\/\/www.suno.com.br\/noticias\/guerra-israel-hamas-conflito-gpj\/#breadcrumb\"},\"inLanguage\":\"pt-BR\",\"potentialAction\":[{\"@type\":\"ReadAction\",\"target\":[\"https:\/\/www.suno.com.br\/noticias\/guerra-israel-hamas-conflito-gpj\/\"]}]},{\"@type\":\"ImageObject\",\"inLanguage\":\"pt-BR\",\"@id\":\"https:\/\/www.suno.com.br\/noticias\/guerra-israel-hamas-conflito-gpj\/#primaryimage\",\"url\":\"https:\/\/files.sunoresearch.com.br\/n\/uploads\/2023\/10\/Guerra-Israel-Defense-Forces6.jpg\",\"contentUrl\":\"https:\/\/files.sunoresearch.com.br\/n\/uploads\/2023\/10\/Guerra-Israel-Defense-Forces6.jpg\",\"width\":1600,\"height\":1066,\"caption\":\"Israel. Foto: Israel Defense Forces\"},{\"@type\":\"BreadcrumbList\",\"@id\":\"https:\/\/www.suno.com.br\/noticias\/guerra-israel-hamas-conflito-gpj\/#breadcrumb\",\"itemListElement\":[{\"@type\":\"ListItem\",\"position\":1,\"name\":\"Not\u00edcias\",\"item\":\"https:\/\/www.suno.com.br\/noticias\/\"},{\"@type\":\"ListItem\",\"position\":2,\"name\":\"Internacional\",\"item\":\"https:\/\/www.suno.com.br\/noticias\/internacional\/\"},{\"@type\":\"ListItem\",\"position\":3,\"name\":\"Guerra entre Israel e Hamas entra no 18\u00ba dia: 400 alvos s\u00e3o bombardeados no territ\u00f3rio palestino nesta ter\u00e7a; ONU tenta nova resolu\u00e7\u00e3o\"}]},{\"@type\":\"WebSite\",\"@id\":\"https:\/\/www.suno.com.br\/noticias\/#website\",\"url\":\"https:\/\/www.suno.com.br\/noticias\/\",\"name\":\"Suno Not\u00edcias\",\"description\":\"Seu portal de informa\u00e7\u00e3o sobre o mundo dos investimentos\",\"publisher\":{\"@id\":\"https:\/\/www.suno.com.br\/noticias\/#organization\"},\"potentialAction\":[{\"@type\":\"SearchAction\",\"target\":{\"@type\":\"EntryPoint\",\"urlTemplate\":\"https:\/\/www.suno.com.br\/noticias\/?s={search_term_string}\"},\"query-input\":{\"@type\":\"PropertyValueSpecification\",\"valueRequired\":true,\"valueName\":\"search_term_string\"}}],\"inLanguage\":\"pt-BR\"},{\"@type\":\"Organization\",\"@id\":\"https:\/\/www.suno.com.br\/noticias\/#organization\",\"name\":\"Suno Not\u00edcias\",\"url\":\"https:\/\/www.suno.com.br\/noticias\/\",\"logo\":{\"@type\":\"ImageObject\",\"inLanguage\":\"pt-BR\",\"@id\":\"https:\/\/www.suno.com.br\/noticias\/#\/schema\/logo\/image\/\",\"url\":\"https:\/\/files.sunoresearch.com.br\/n\/uploads\/2021\/09\/suno-logo.png\",\"contentUrl\":\"https:\/\/files.sunoresearch.com.br\/n\/uploads\/2021\/09\/suno-logo.png\",\"width\":180,\"height\":180,\"caption\":\"Suno Not\u00edcias\"},\"image\":{\"@id\":\"https:\/\/www.suno.com.br\/noticias\/#\/schema\/logo\/image\/\"},\"sameAs\":[\"https:\/\/facebook.com\/sunoresearch\",\"https:\/\/x.com\/sunoresearch\",\"https:\/\/www.instagram.com\/suno\",\"https:\/\/www.linkedin.com\/company\/suno-research\/\",\"https:\/\/www.youtube.com\/c\/sunoresearch\"]},{\"@type\":\"Person\",\"@id\":\"https:\/\/www.suno.com.br\/noticias\/#\/schema\/person\/d0f32748bbca4bee871fa191ee4e2d40\",\"name\":\"Giovanni Porf\u00edrio Jacomino\",\"image\":{\"@type\":\"ImageObject\",\"inLanguage\":\"pt-BR\",\"@id\":\"https:\/\/www.suno.com.br\/noticias\/#\/schema\/person\/image\/\",\"url\":\"https:\/\/secure.gravatar.com\/avatar\/efb32e19b730a121cb7a80f41ffec01a?s=96&r=g\",\"contentUrl\":\"https:\/\/secure.gravatar.com\/avatar\/efb32e19b730a121cb7a80f41ffec01a?s=96&r=g\",\"caption\":\"Giovanni Porf\u00edrio Jacomino\"},\"description\":\"Giovanni Porf\u00edrio Jacomino \u00e9 jornalista formado pela Universidade Estadual de Londrina (UEL) e p\u00f3s-graduado em Produ\u00e7\u00e3o e Pr\u00e1ticas Jornal\u00edsticas na Contemporaneidade na Faculdade C\u00e1sper L\u00edbero (FCL). Foi editor web no Startupi e no Finsiders, atuando ainda como editor no TC Mover, portal de not\u00edcias da TradersClub, fazendo a cobertura de assuntos relacionados ao mercado financeiro interno e externo. Atualmente, \u00e9 Rep\u00f3rter do Suno Not\u00edcias.\",\"url\":\"https:\/\/www.suno.com.br\/noticias\/author\/giovanni-porfiriosuno-com-br\/\"}]}<\/script>\n<!-- \/ Yoast SEO plugin. -->","yoast_head_json":{"title":"Israel e Hamas: guerra entra no 18\u00ba dia; veja atualiza\u00e7\u00f5es","description":"As tropas militares do primeiro-ministro de Israel, Benjamin Netanyahu, bombardearam 400 alvos na Faixa de Gaza na madrugada desta ter\u00e7a.","robots":{"index":"index","follow":"follow","max-snippet":"max-snippet:-1","max-image-preview":"max-image-preview:large","max-video-preview":"max-video-preview:-1"},"canonical":"https:\/\/www.suno.com.br\/noticias\/guerra-israel-hamas-conflito-gpj\/","og_locale":"pt_BR","og_type":"article","og_title":"Israel e Hamas: guerra entra no 18\u00ba dia; veja atualiza\u00e7\u00f5es","og_description":"As tropas militares do primeiro-ministro de Israel, Benjamin Netanyahu, bombardearam 400 alvos na Faixa de Gaza na madrugada desta ter\u00e7a.","og_url":"https:\/\/www.suno.com.br\/noticias\/guerra-israel-hamas-conflito-gpj\/","og_site_name":"Suno Not\u00edcias","article_publisher":"https:\/\/facebook.com\/sunoresearch","og_image":[{"width":1600,"height":1066,"url":"https:\/\/files.sunoresearch.com.br\/n\/uploads\/2023\/10\/Guerra-Israel-Defense-Forces6.jpg","type":"image\/jpeg"}],"author":"Giovanni Porf\u00edrio Jacomino","twitter_card":"summary_large_image","twitter_creator":"@sunoresearch","twitter_site":"@sunoresearch","twitter_misc":{"Escrito por":"Giovanni Porf\u00edrio Jacomino","Est. tempo de leitura":"11 minutos"},"schema":{"@context":"https:\/\/schema.org","@graph":[{"@type":"NewsArticle","@id":"https:\/\/www.suno.com.br\/noticias\/guerra-israel-hamas-conflito-gpj\/#article","isPartOf":{"@id":"https:\/\/www.suno.com.br\/noticias\/guerra-israel-hamas-conflito-gpj\/"},"author":{"name":"Giovanni Porf\u00edrio Jacomino","@id":"https:\/\/www.suno.com.br\/noticias\/#\/schema\/person\/d0f32748bbca4bee871fa191ee4e2d40"},"headline":"Guerra entre Israel e Hamas entra no 18\u00ba dia: 400 alvos s\u00e3o bombardeados no territ\u00f3rio palestino nesta ter\u00e7a; ONU tenta nova resolu\u00e7\u00e3o","datePublished":"2023-10-24T12:01:16+00:00","dateModified":"2023-10-24T20:23:56+00:00","mainEntityOfPage":{"@id":"https:\/\/www.suno.com.br\/noticias\/guerra-israel-hamas-conflito-gpj\/"},"wordCount":2128,"publisher":{"@id":"https:\/\/www.suno.com.br\/noticias\/#organization"},"image":{"@id":"https:\/\/www.suno.com.br\/noticias\/guerra-israel-hamas-conflito-gpj\/#primaryimage"},"thumbnailUrl":"https:\/\/files.sunoresearch.com.br\/n\/uploads\/2023\/10\/Guerra-Israel-Defense-Forces6.jpg","keywords":["Israel"],"articleSection":["Internacional"],"inLanguage":"pt-BR"},{"@type":"WebPage","@id":"https:\/\/www.suno.com.br\/noticias\/guerra-israel-hamas-conflito-gpj\/","url":"https:\/\/www.suno.com.br\/noticias\/guerra-israel-hamas-conflito-gpj\/","name":"Israel e Hamas: guerra entra no 18\u00ba dia; veja atualiza\u00e7\u00f5es","isPartOf":{"@id":"https:\/\/www.suno.com.br\/noticias\/#website"},"primaryImageOfPage":{"@id":"https:\/\/www.suno.com.br\/noticias\/guerra-israel-hamas-conflito-gpj\/#primaryimage"},"image":{"@id":"https:\/\/www.suno.com.br\/noticias\/guerra-israel-hamas-conflito-gpj\/#primaryimage"},"thumbnailUrl":"https:\/\/files.sunoresearch.com.br\/n\/uploads\/2023\/10\/Guerra-Israel-Defense-Forces6.jpg","datePublished":"2023-10-24T12:01:16+00:00","dateModified":"2023-10-24T20:23:56+00:00","description":"As tropas militares do primeiro-ministro de Israel, Benjamin Netanyahu, bombardearam 400 alvos na Faixa de Gaza na madrugada desta ter\u00e7a.","breadcrumb":{"@id":"https:\/\/www.suno.com.br\/noticias\/guerra-israel-hamas-conflito-gpj\/#breadcrumb"},"inLanguage":"pt-BR","potentialAction":[{"@type":"ReadAction","target":["https:\/\/www.suno.com.br\/noticias\/guerra-israel-hamas-conflito-gpj\/"]}]},{"@type":"ImageObject","inLanguage":"pt-BR","@id":"https:\/\/www.suno.com.br\/noticias\/guerra-israel-hamas-conflito-gpj\/#primaryimage","url":"https:\/\/files.sunoresearch.com.br\/n\/uploads\/2023\/10\/Guerra-Israel-Defense-Forces6.jpg","contentUrl":"https:\/\/files.sunoresearch.com.br\/n\/uploads\/2023\/10\/Guerra-Israel-Defense-Forces6.jpg","width":1600,"height":1066,"caption":"Israel. Foto: Israel Defense Forces"},{"@type":"BreadcrumbList","@id":"https:\/\/www.suno.com.br\/noticias\/guerra-israel-hamas-conflito-gpj\/#breadcrumb","itemListElement":[{"@type":"ListItem","position":1,"name":"Not\u00edcias","item":"https:\/\/www.suno.com.br\/noticias\/"},{"@type":"ListItem","position":2,"name":"Internacional","item":"https:\/\/www.suno.com.br\/noticias\/internacional\/"},{"@type":"ListItem","position":3,"name":"Guerra entre Israel e Hamas entra no 18\u00ba dia: 400 alvos s\u00e3o bombardeados no territ\u00f3rio palestino nesta ter\u00e7a; ONU tenta nova resolu\u00e7\u00e3o"}]},{"@type":"WebSite","@id":"https:\/\/www.suno.com.br\/noticias\/#website","url":"https:\/\/www.suno.com.br\/noticias\/","name":"Suno Not\u00edcias","description":"Seu portal de informa\u00e7\u00e3o sobre o mundo dos investimentos","publisher":{"@id":"https:\/\/www.suno.com.br\/noticias\/#organization"},"potentialAction":[{"@type":"SearchAction","target":{"@type":"EntryPoint","urlTemplate":"https:\/\/www.suno.com.br\/noticias\/?s={search_term_string}"},"query-input":{"@type":"PropertyValueSpecification","valueRequired":true,"valueName":"search_term_string"}}],"inLanguage":"pt-BR"},{"@type":"Organization","@id":"https:\/\/www.suno.com.br\/noticias\/#organization","name":"Suno Not\u00edcias","url":"https:\/\/www.suno.com.br\/noticias\/","logo":{"@type":"ImageObject","inLanguage":"pt-BR","@id":"https:\/\/www.suno.com.br\/noticias\/#\/schema\/logo\/image\/","url":"https:\/\/files.sunoresearch.com.br\/n\/uploads\/2021\/09\/suno-logo.png","contentUrl":"https:\/\/files.sunoresearch.com.br\/n\/uploads\/2021\/09\/suno-logo.png","width":180,"height":180,"caption":"Suno Not\u00edcias"},"image":{"@id":"https:\/\/www.suno.com.br\/noticias\/#\/schema\/logo\/image\/"},"sameAs":["https:\/\/facebook.com\/sunoresearch","https:\/\/x.com\/sunoresearch","https:\/\/www.instagram.com\/suno","https:\/\/www.linkedin.com\/company\/suno-research\/","https:\/\/www.youtube.com\/c\/sunoresearch"]},{"@type":"Person","@id":"https:\/\/www.suno.com.br\/noticias\/#\/schema\/person\/d0f32748bbca4bee871fa191ee4e2d40","name":"Giovanni Porf\u00edrio Jacomino","image":{"@type":"ImageObject","inLanguage":"pt-BR","@id":"https:\/\/www.suno.com.br\/noticias\/#\/schema\/person\/image\/","url":"https:\/\/secure.gravatar.com\/avatar\/efb32e19b730a121cb7a80f41ffec01a?s=96&r=g","contentUrl":"https:\/\/secure.gravatar.com\/avatar\/efb32e19b730a121cb7a80f41ffec01a?s=96&r=g","caption":"Giovanni Porf\u00edrio Jacomino"},"description":"Giovanni Porf\u00edrio Jacomino \u00e9 jornalista formado pela Universidade Estadual de Londrina (UEL) e p\u00f3s-graduado em Produ\u00e7\u00e3o e Pr\u00e1ticas Jornal\u00edsticas na Contemporaneidade na Faculdade C\u00e1sper L\u00edbero (FCL). Foi editor web no Startupi e no Finsiders, atuando ainda como editor no TC Mover, portal de not\u00edcias da TradersClub, fazendo a cobertura de assuntos relacionados ao mercado financeiro interno e externo. Atualmente, \u00e9 Rep\u00f3rter do Suno Not\u00edcias.","url":"https:\/\/www.suno.com.br\/noticias\/author\/giovanni-porfiriosuno-com-br\/"}]}},"default_loop_html":"<div class=\"cardsPage__listCard__boxs\"><div class=\"cardsPage__listCard__boxs__img\"><a href=\"https:\/\/www.suno.com.br\/noticias\/guerra-israel-hamas-conflito-gpj\/\"><img class=\"mask\" src=\"https:\/\/www.suno.com.br\/noticias\/wp-content\/themes\/suno\/resources\/images\/spotlight\/spotlight1img\/bg-mask.png\" alt=\"Image Mask\"\/><img src=\"https:\/\/files.sunoresearch.com.br\/n\/uploads\/2023\/10\/Guerra-Israel-Defense-Forces6-400x200.jpg\" alt=\"Guerra entre Israel e Hamas entra no 18\u00ba dia: 400 alvos s\u00e3o bombardeados no territ\u00f3rio palestino nesta ter\u00e7a; ONU tenta nova resolu\u00e7\u00e3o\"\/><\/a><span class=\"spotlightCategory\"><a href=\"https:\/\/www.suno.com.br\/noticias\/internacional\/\">Internacional<\/a><\/span><\/div><div class=\"cardsPage__listCard__boxs__content\"><a href=\"https:\/\/www.suno.com.br\/noticias\/guerra-israel-hamas-conflito-gpj\/\"><h2 class=\"content__title\">Guerra entre Israel e Hamas entra no 18\u00ba dia: 400 alvos s\u00e3o bombardeados no territ\u00f3rio palestino nesta ter\u00e7a; ONU tenta nova resolu\u00e7\u00e3o<\/h2><\/a><div class=\"newsContent__article__meta\"><div class=\"newsContent__article__meta__authorBox\"><a href=\"https:\/\/www.suno.com.br\/noticias\/author\/marco-lopes\/\" class=\"authorBox__avatar noMobi\"><img src=\"https:\/\/secure.gravatar.com\/avatar\/385167b012fbc1cde32c5446ee253313?s=96&#038;r=g\" alt=\"Marco Ant\u00f4nio Lopes\"><\/a><div class=\"authorBox__name\"><span>por\n\t\t\t<a href=\"https:\/\/www.suno.com.br\/noticias\/author\/marco-lopes\/\"><span itemprop=\"author\">Marco Ant\u00f4nio Lopes<\/span><\/a><\/span><time datetime=\"2023-10-24T09:01:16-03:00\" itemprop=\"datePublished\">24\/10\/2023 09:01<\/time><\/div><\/div><\/div><\/div><\/div>","single_layout":"posts","amp_enabled":true,"_links":{"self":[{"href":"https:\/\/www.suno.com.br\/noticias\/wp-json\/wp\/v2\/posts\/475419"}],"collection":[{"href":"https:\/\/www.suno.com.br\/noticias\/wp-json\/wp\/v2\/posts"}],"about":[{"href":"https:\/\/www.suno.com.br\/noticias\/wp-json\/wp\/v2\/types\/post"}],"author":[{"embeddable":true,"href":"https:\/\/www.suno.com.br\/noticias\/wp-json\/wp\/v2\/users\/313"}],"replies":[{"embeddable":true,"href":"https:\/\/www.suno.com.br\/noticias\/wp-json\/wp\/v2\/comments?post=475419"}],"version-history":[{"count":2,"href":"https:\/\/www.suno.com.br\/noticias\/wp-json\/wp\/v2\/posts\/475419\/revisions"}],"predecessor-version":[{"id":475838,"href":"https:\/\/www.suno.com.br\/noticias\/wp-json\/wp\/v2\/posts\/475419\/revisions\/475838"}],"wp:featuredmedia":[{"embeddable":true,"href":"https:\/\/www.suno.com.br\/noticias\/wp-json\/wp\/v2\/media\/467788"}],"wp:attachment":[{"href":"https:\/\/www.suno.com.br\/noticias\/wp-json\/wp\/v2\/media?parent=475419"}],"wp:term":[{"taxonomy":"category","embeddable":true,"href":"https:\/\/www.suno.com.br\/noticias\/wp-json\/wp\/v2\/categories?post=475419"},{"taxonomy":"post_tag","embeddable":true,"href":"https:\/\/www.suno.com.br\/noticias\/wp-json\/wp\/v2\/tags?post=475419"},{"taxonomy":"suno_strategy","embeddable":true,"href":"https:\/\/www.suno.com.br\/noticias\/wp-json\/wp\/v2\/suno_strategy?post=475419"}],"curies":[{"name":"wp","href":"https:\/\/api.w.org\/{rel}","templated":true}]}}