{"id":47540,"date":"2019-12-11T21:02:41","date_gmt":"2019-12-11T23:02:41","guid":{"rendered":"https:\/\/www.suno.com.br\/noticias\/?p=47540"},"modified":"2021-02-18T15:23:23","modified_gmt":"2021-02-18T18:23:23","slug":"itau-reduz-juros-linhas-credito-pessoas-fisicas-juridicas","status":"publish","type":"post","link":"https:\/\/www.suno.com.br\/noticias\/itau-reduz-juros-linhas-credito-pessoas-fisicas-juridicas\/","title":{"rendered":"Ita\u00fa corta juros em cr\u00e9dito para pessoas f\u00edsicas e jur\u00eddicas"},"content":{"rendered":"<p>O Ita\u00fa Unibanco informou, nesta quarta-feira (11), que vai reduzir em 0,5 ponto percentual a <strong><a href=\"https:\/\/www.suno.com.br\/artigos\/juros\/\">taxa de juros<\/a><\/strong> de linhas de <a href=\"https:\/\/www.suno.com.br\/artigos\/concessao-de-credito\/\">cr\u00e9dito<\/a> para pessoas f\u00edsicas e jur\u00eddicas.<\/p>\t<div class=\"wrapper-featured-image\">\n\t\t<figure class=\"spotlightImg\">\n\n\t\t\t<picture>\n\t\t\t\t<source media=\"(max-width: 768px)\" srcset=\"https:\/\/files.sunoresearch.com.br\/n\/uploads\/2019\/08\/8e039b02-itau-400x200.webp\">\n\t\t\t\t<img loading=\"lazy\" decoding=\"async\" class=\"newsContent__article__imgCapa lazyloadDisabled newsContent__article__imgCapa--noCaption\" src=\"https:\/\/files.sunoresearch.com.br\/n\/uploads\/2019\/08\/8e039b02-itau-800x450.webp\" width=\"800\" height=\"450\" alt=\"Ita\u00fa corta juros em cr\u00e9dito para pessoas f\u00edsicas e jur\u00eddicas\" fetchpriority=high \/>\n\t\t\t<\/picture>\n\n\t\t\t<figcaption class=\"wp-caption-text wp-caption-text--hide\">A Agenda do Dia desta quarta repercute os resultados divulgados na \u00faltima ter\u00e7a, al\u00e9m das elei\u00e7\u00f5es nos EUA.<\/figcaption>\n\t\t<\/figure>\n\t<\/div>\n\n\n<p><a href=\"https:\/\/lp.suno.com.br\/relatorio-gratuito-ipo-xp\/?utm_source=noticias&amp;utm_medium=noticia&amp;utm_campaign=preficicacao_xp\">Baixe o relat\u00f3rio gratuito da SUNO sobre o IPO da XP Investimentos<\/a><\/p>\n<p>A redu\u00e7\u00e3o das <strong>taxas de juros do Ita\u00fa<\/strong> ocorreu ap\u00f3s o <a href=\"https:\/\/www.suno.com.br\/artigos\/copom\/\">Comit\u00ea de Pol\u00edtica Monet\u00e1ria (<strong>Copom<\/strong>)<\/a> realizar um novo corte na <a href=\"https:\/\/www.suno.com.br\/artigos\/taxa-selic\/\">taxa b\u00e1sica de juros (<strong>Selic<\/strong>)<\/a>, que passou de 5% para 4,5% ao ano. Com a redu\u00e7\u00e3o, os juros no Pa\u00eds chegaram ao menor n\u00edvel hist\u00f3rico.<\/p>\n<p>As novas taxas entrar\u00e3o em vigor na pr\u00f3xima ter\u00e7a-feira (17). O banco informou que as taxas variam de acordo com o perfil do cliente e de seu relacionamento com o banco.<\/p>\n<p>\u201cCom a iniciativa, o Ita\u00fa refor\u00e7a seu posicionamento de manter pre\u00e7os competitivos no mercado, sem abrir m\u00e3o de refor\u00e7ar o valor agregado em seus servi\u00e7os e produtos, sempre buscando oferecer a melhor rela\u00e7\u00e3o custo-benef\u00edcio para seus clientes\u201d, informou o banco.<\/p>\n<h2>Corte de juros do Ita\u00fa ocorre ap\u00f3s BC reduzir Selic<\/h2>\n<p>Nesta semana, ap\u00f3s a \u00faltima reuni\u00e3o do <a href=\"https:\/\/www.suno.com.br\/artigos\/copom\/\">Comit\u00ea de Pol\u00edtica Monet\u00e1ria (Copom)<\/a>, a <a href=\"https:\/\/www.suno.com.br\/artigos\/taxa-de-juros-em-2020\/\"><strong>taxa b\u00e1sica de juros<\/strong><\/a> do Brasil foi cortada novamente nesta quarta-feira (11).<\/p>\n<p>Anteriormente, a taxa era de\u00a0 5% ao ano, por\u00e9m, com o novo corte, ela caiu para 4,5%, a nova m\u00ednima hist\u00f3rica. Dessa forma, os investidores e as pessoas que est\u00e3o pensando em come\u00e7ar a investir devem ficar atentas aos efeitos dessa manobra. Isso porque a Selic interfere diretamente na economia do Pa\u00eds.<\/p>\n<p><a href=\"https:\/\/www.suno.com.br\/noticias\/banco-central-corta-selic\/\">Saiba mais: Banco Central corta Selic de 0,50%; taxa vai para 4,50% ao ano<\/a><\/p>\n<p>Ap\u00f3s a decis\u00e3o de corte na taxa Selic, o Banco Central informou que: &#8220;a conjuntura econ\u00f4mica prescreve uma pol\u00edtica monet\u00e1ria estimulativa&#8221;. Para a institui\u00e7\u00e3o monet\u00e1ria central: &#8220;o atual est\u00e1gio do ciclo econ\u00f4mico recomenda cautela na condu\u00e7\u00e3o da pol\u00edtica monet\u00e1ria&#8221;.<\/p>\n\t<p>\n\t\t<a href=\"https:\/\/lp.suno.com.br\/ebook-como-analisar-uma-acao\/\" target=\"_blank\" data-element=\"shortcode-suno-banner\" title=\"Banner SUNO, clique e saiba mais\">\n\t\t\t<picture>\n\t\t\t\t<source media=\"(max-width: 500px)\" srcset=\"https:\/\/files.sunoresearch.com.br\/n\/uploads\/2023\/12\/Ebook-Acoes-Mobile.jpg\">\n\t\t\t\t<img class=\"newsContent__article__imgCapa newsContent__article__imgCapa--banner\"\n\t\t\t\t\tsrc=\"https:\/\/files.sunoresearch.com.br\/n\/uploads\/2023\/12\/Ebook-Acoes-Desktop.webp\"\n\t\t\t\t\tdata-promo-id=\"311260\"\t\t\t\t\t\t\t\t\t\twidth='1420' height='286'\t\t\t\t\talt=\"https:\/\/files.sunoresearch.com.br\/n\/uploads\/2023\/12\/Ebook-Acoes-Desktop.webp\"\n\t\t\t\t>\n\t\t\t<\/picture>\n\t\t<\/a>\n\t<\/p>\n\n\n<p>O corte j\u00e1 era previsto economista-chefe do <strong>Ita\u00fa Unibanco<\/strong>, Mario Mesquita, que salientou no in\u00edcio deste m\u00eas que a taxa encerraria em 2019 a 4,5% ao ano. Al\u00e9m disso, o executivo afirmou que a <strong>Selic<\/strong> dever\u00e1 passar por dois novos cortes de 0,25 p.p no in\u00edcio do ano que vem.<\/p>\n","protected":false},"excerpt":{"rendered":"<p>O Ita\u00fa Unibanco informou, nesta quarta-feira (11), que vai reduzir em 0,5 ponto percentual a taxa de juros de linhas de cr\u00e9dito para pessoas f\u00edsicas e jur\u00eddicas. A Agenda do Dia desta quarta repercute os resultados divulgados na \u00faltima ter\u00e7a, al\u00e9m das elei\u00e7\u00f5es nos EUA. Baixe o relat\u00f3rio gratuito da SUNO sobre o IPO da [&hellip;]<\/p>\n","protected":false},"author":18,"featured_media":35758,"comment_status":"closed","ping_status":"closed","sticky":false,"template":"","format":"standard","meta":[],"categories":[64],"tags":[943,519,1752],"suno_strategy":[],"class_list":["post-47540","post","type-post","status-publish","format-standard","has-post-thumbnail","hentry","category-negocios","tag-credito","tag-itau-unibanco-itub3-itub4","tag-taxa-de-juros"],"yoast_head":"<!-- This site is optimized with the Yoast SEO plugin v24.4 - https:\/\/yoast.com\/wordpress\/plugins\/seo\/ -->\n<title>Ita\u00fa reduz juros em cr\u00e9dito para pessoas f\u00edsicas e jur\u00eddicas<\/title>\n<meta name=\"description\" content=\"O Ita\u00fa reduziu em 0,5 ponto percentual a taxa de juros de linhas de cr\u00e9dito para pessoas f\u00edsicas e jur\u00eddicas.\u00a0Clique para saber mais.\" \/>\n<meta name=\"robots\" content=\"index, follow, max-snippet:-1, max-image-preview:large, max-video-preview:-1\" \/>\n<link rel=\"canonical\" href=\"https:\/\/www.suno.com.br\/noticias\/itau-reduz-juros-linhas-credito-pessoas-fisicas-juridicas\/\" \/>\n<meta property=\"og:locale\" content=\"pt_BR\" \/>\n<meta property=\"og:type\" content=\"article\" \/>\n<meta property=\"og:title\" content=\"Ita\u00fa reduz juros em cr\u00e9dito para pessoas f\u00edsicas e jur\u00eddicas\" \/>\n<meta property=\"og:description\" content=\"O Ita\u00fa reduziu em 0,5 ponto percentual a taxa de juros de linhas de cr\u00e9dito para pessoas f\u00edsicas e jur\u00eddicas.\u00a0Clique para saber mais.\" \/>\n<meta property=\"og:url\" content=\"https:\/\/www.suno.com.br\/noticias\/itau-reduz-juros-linhas-credito-pessoas-fisicas-juridicas\/\" \/>\n<meta property=\"og:site_name\" content=\"Suno Not\u00edcias\" \/>\n<meta property=\"article:publisher\" content=\"https:\/\/facebook.com\/sunoresearch\" \/>\n<meta property=\"og:image\" content=\"https:\/\/files.sunoresearch.com.br\/n\/uploads\/2019\/08\/8e039b02-itau.jpg\" \/>\n\t<meta property=\"og:image:width\" content=\"1600\" \/>\n\t<meta property=\"og:image:height\" content=\"800\" \/>\n\t<meta property=\"og:image:type\" content=\"image\/jpeg\" \/>\n<meta name=\"author\" content=\"Giovanna Oliveira\" \/>\n<meta name=\"twitter:card\" content=\"summary_large_image\" \/>\n<meta name=\"twitter:creator\" content=\"@sunoresearch\" \/>\n<meta name=\"twitter:site\" content=\"@sunoresearch\" \/>\n<meta name=\"twitter:label1\" content=\"Escrito por\" \/>\n\t<meta name=\"twitter:data1\" content=\"Giovanna Oliveira\" \/>\n\t<meta name=\"twitter:label2\" content=\"Est. tempo de leitura\" \/>\n\t<meta name=\"twitter:data2\" content=\"2 minutos\" \/>\n<script type=\"application\/ld+json\" class=\"yoast-schema-graph\">{\"@context\":\"https:\/\/schema.org\",\"@graph\":[{\"@type\":\"NewsArticle\",\"@id\":\"https:\/\/www.suno.com.br\/noticias\/itau-reduz-juros-linhas-credito-pessoas-fisicas-juridicas\/#article\",\"isPartOf\":{\"@id\":\"https:\/\/www.suno.com.br\/noticias\/itau-reduz-juros-linhas-credito-pessoas-fisicas-juridicas\/\"},\"author\":{\"name\":\"Giovanna Oliveira\",\"@id\":\"https:\/\/www.suno.com.br\/noticias\/#\/schema\/person\/4e19e3d2575736e5283d58eb3199d120\"},\"headline\":\"Ita\u00fa corta juros em cr\u00e9dito para pessoas f\u00edsicas e jur\u00eddicas\",\"datePublished\":\"2019-12-11T23:02:41+00:00\",\"dateModified\":\"2021-02-18T18:23:23+00:00\",\"mainEntityOfPage\":{\"@id\":\"https:\/\/www.suno.com.br\/noticias\/itau-reduz-juros-linhas-credito-pessoas-fisicas-juridicas\/\"},\"wordCount\":401,\"publisher\":{\"@id\":\"https:\/\/www.suno.com.br\/noticias\/#organization\"},\"image\":{\"@id\":\"https:\/\/www.suno.com.br\/noticias\/itau-reduz-juros-linhas-credito-pessoas-fisicas-juridicas\/#primaryimage\"},\"thumbnailUrl\":\"https:\/\/files.sunoresearch.com.br\/n\/uploads\/2019\/08\/8e039b02-itau-jpg.webp\",\"keywords\":[\"cr\u00e9dito\",\"Ita\u00fa Unibanco (ITUB3\/ITUB4)\",\"taxa de juros\"],\"articleSection\":[\"Neg\u00f3cios\"],\"inLanguage\":\"pt-BR\"},{\"@type\":\"WebPage\",\"@id\":\"https:\/\/www.suno.com.br\/noticias\/itau-reduz-juros-linhas-credito-pessoas-fisicas-juridicas\/\",\"url\":\"https:\/\/www.suno.com.br\/noticias\/itau-reduz-juros-linhas-credito-pessoas-fisicas-juridicas\/\",\"name\":\"Ita\u00fa reduz juros em cr\u00e9dito para pessoas f\u00edsicas e jur\u00eddicas\",\"isPartOf\":{\"@id\":\"https:\/\/www.suno.com.br\/noticias\/#website\"},\"primaryImageOfPage\":{\"@id\":\"https:\/\/www.suno.com.br\/noticias\/itau-reduz-juros-linhas-credito-pessoas-fisicas-juridicas\/#primaryimage\"},\"image\":{\"@id\":\"https:\/\/www.suno.com.br\/noticias\/itau-reduz-juros-linhas-credito-pessoas-fisicas-juridicas\/#primaryimage\"},\"thumbnailUrl\":\"https:\/\/files.sunoresearch.com.br\/n\/uploads\/2019\/08\/8e039b02-itau-jpg.webp\",\"datePublished\":\"2019-12-11T23:02:41+00:00\",\"dateModified\":\"2021-02-18T18:23:23+00:00\",\"description\":\"O Ita\u00fa reduziu em 0,5 ponto percentual a taxa de juros de linhas de cr\u00e9dito para pessoas f\u00edsicas e jur\u00eddicas.\u00a0Clique para saber mais.\",\"breadcrumb\":{\"@id\":\"https:\/\/www.suno.com.br\/noticias\/itau-reduz-juros-linhas-credito-pessoas-fisicas-juridicas\/#breadcrumb\"},\"inLanguage\":\"pt-BR\",\"potentialAction\":[{\"@type\":\"ReadAction\",\"target\":[\"https:\/\/www.suno.com.br\/noticias\/itau-reduz-juros-linhas-credito-pessoas-fisicas-juridicas\/\"]}]},{\"@type\":\"ImageObject\",\"inLanguage\":\"pt-BR\",\"@id\":\"https:\/\/www.suno.com.br\/noticias\/itau-reduz-juros-linhas-credito-pessoas-fisicas-juridicas\/#primaryimage\",\"url\":\"https:\/\/files.sunoresearch.com.br\/n\/uploads\/2019\/08\/8e039b02-itau-jpg.webp\",\"contentUrl\":\"https:\/\/files.sunoresearch.com.br\/n\/uploads\/2019\/08\/8e039b02-itau-jpg.webp\",\"width\":1600,\"height\":800,\"caption\":\"A Agenda do Dia desta quarta repercute os resultados divulgados na \u00faltima ter\u00e7a, al\u00e9m das elei\u00e7\u00f5es nos EUA.\"},{\"@type\":\"BreadcrumbList\",\"@id\":\"https:\/\/www.suno.com.br\/noticias\/itau-reduz-juros-linhas-credito-pessoas-fisicas-juridicas\/#breadcrumb\",\"itemListElement\":[{\"@type\":\"ListItem\",\"position\":1,\"name\":\"Not\u00edcias\",\"item\":\"https:\/\/www.suno.com.br\/noticias\/\"},{\"@type\":\"ListItem\",\"position\":2,\"name\":\"Neg\u00f3cios\",\"item\":\"https:\/\/www.suno.com.br\/noticias\/negocios\/\"},{\"@type\":\"ListItem\",\"position\":3,\"name\":\"Ita\u00fa corta juros em cr\u00e9dito para pessoas f\u00edsicas e jur\u00eddicas\"}]},{\"@type\":\"WebSite\",\"@id\":\"https:\/\/www.suno.com.br\/noticias\/#website\",\"url\":\"https:\/\/www.suno.com.br\/noticias\/\",\"name\":\"Suno Not\u00edcias\",\"description\":\"Seu portal de informa\u00e7\u00e3o sobre o mundo dos investimentos\",\"publisher\":{\"@id\":\"https:\/\/www.suno.com.br\/noticias\/#organization\"},\"potentialAction\":[{\"@type\":\"SearchAction\",\"target\":{\"@type\":\"EntryPoint\",\"urlTemplate\":\"https:\/\/www.suno.com.br\/noticias\/?s={search_term_string}\"},\"query-input\":{\"@type\":\"PropertyValueSpecification\",\"valueRequired\":true,\"valueName\":\"search_term_string\"}}],\"inLanguage\":\"pt-BR\"},{\"@type\":\"Organization\",\"@id\":\"https:\/\/www.suno.com.br\/noticias\/#organization\",\"name\":\"Suno Not\u00edcias\",\"url\":\"https:\/\/www.suno.com.br\/noticias\/\",\"logo\":{\"@type\":\"ImageObject\",\"inLanguage\":\"pt-BR\",\"@id\":\"https:\/\/www.suno.com.br\/noticias\/#\/schema\/logo\/image\/\",\"url\":\"https:\/\/files.sunoresearch.com.br\/n\/uploads\/2021\/09\/suno-logo.png\",\"contentUrl\":\"https:\/\/files.sunoresearch.com.br\/n\/uploads\/2021\/09\/suno-logo.png\",\"width\":180,\"height\":180,\"caption\":\"Suno Not\u00edcias\"},\"image\":{\"@id\":\"https:\/\/www.suno.com.br\/noticias\/#\/schema\/logo\/image\/\"},\"sameAs\":[\"https:\/\/facebook.com\/sunoresearch\",\"https:\/\/x.com\/sunoresearch\",\"https:\/\/www.instagram.com\/suno\",\"https:\/\/www.linkedin.com\/company\/suno-research\/\",\"https:\/\/www.youtube.com\/c\/sunoresearch\"]},{\"@type\":\"Person\",\"@id\":\"https:\/\/www.suno.com.br\/noticias\/#\/schema\/person\/4e19e3d2575736e5283d58eb3199d120\",\"name\":\"Giovanna Oliveira\",\"image\":{\"@type\":\"ImageObject\",\"inLanguage\":\"pt-BR\",\"@id\":\"https:\/\/www.suno.com.br\/noticias\/#\/schema\/person\/image\/\",\"url\":\"https:\/\/secure.gravatar.com\/avatar\/9a37b3ae208962ac568992d0ffdbc2eb?s=96&r=g\",\"contentUrl\":\"https:\/\/secure.gravatar.com\/avatar\/9a37b3ae208962ac568992d0ffdbc2eb?s=96&r=g\",\"caption\":\"Giovanna Oliveira\"},\"description\":\"Giovanna Oliveira escreve sobre economia e pol\u00edtica. Foi rep\u00f3rter do portal de jornalismo da ESPM-SP e produziu conte\u00fado para a Corinthians TV. \u00c9 estudante da ESPM.\",\"url\":\"https:\/\/www.suno.com.br\/noticias\/author\/giovanna\/\"}]}<\/script>\n<!-- \/ Yoast SEO plugin. -->","yoast_head_json":{"title":"Ita\u00fa reduz juros em cr\u00e9dito para pessoas f\u00edsicas e jur\u00eddicas","description":"O Ita\u00fa reduziu em 0,5 ponto percentual a taxa de juros de linhas de cr\u00e9dito para pessoas f\u00edsicas e jur\u00eddicas.\u00a0Clique para saber mais.","robots":{"index":"index","follow":"follow","max-snippet":"max-snippet:-1","max-image-preview":"max-image-preview:large","max-video-preview":"max-video-preview:-1"},"canonical":"https:\/\/www.suno.com.br\/noticias\/itau-reduz-juros-linhas-credito-pessoas-fisicas-juridicas\/","og_locale":"pt_BR","og_type":"article","og_title":"Ita\u00fa reduz juros em cr\u00e9dito para pessoas f\u00edsicas e jur\u00eddicas","og_description":"O Ita\u00fa reduziu em 0,5 ponto percentual a taxa de juros de linhas de cr\u00e9dito para pessoas f\u00edsicas e jur\u00eddicas.\u00a0Clique para saber mais.","og_url":"https:\/\/www.suno.com.br\/noticias\/itau-reduz-juros-linhas-credito-pessoas-fisicas-juridicas\/","og_site_name":"Suno Not\u00edcias","article_publisher":"https:\/\/facebook.com\/sunoresearch","og_image":[{"width":1600,"height":800,"url":"https:\/\/files.sunoresearch.com.br\/n\/uploads\/2019\/08\/8e039b02-itau.jpg","type":"image\/jpeg"}],"author":"Giovanna Oliveira","twitter_card":"summary_large_image","twitter_creator":"@sunoresearch","twitter_site":"@sunoresearch","twitter_misc":{"Escrito por":"Giovanna Oliveira","Est. tempo de leitura":"2 minutos"},"schema":{"@context":"https:\/\/schema.org","@graph":[{"@type":"NewsArticle","@id":"https:\/\/www.suno.com.br\/noticias\/itau-reduz-juros-linhas-credito-pessoas-fisicas-juridicas\/#article","isPartOf":{"@id":"https:\/\/www.suno.com.br\/noticias\/itau-reduz-juros-linhas-credito-pessoas-fisicas-juridicas\/"},"author":{"name":"Giovanna Oliveira","@id":"https:\/\/www.suno.com.br\/noticias\/#\/schema\/person\/4e19e3d2575736e5283d58eb3199d120"},"headline":"Ita\u00fa corta juros em cr\u00e9dito para pessoas f\u00edsicas e jur\u00eddicas","datePublished":"2019-12-11T23:02:41+00:00","dateModified":"2021-02-18T18:23:23+00:00","mainEntityOfPage":{"@id":"https:\/\/www.suno.com.br\/noticias\/itau-reduz-juros-linhas-credito-pessoas-fisicas-juridicas\/"},"wordCount":401,"publisher":{"@id":"https:\/\/www.suno.com.br\/noticias\/#organization"},"image":{"@id":"https:\/\/www.suno.com.br\/noticias\/itau-reduz-juros-linhas-credito-pessoas-fisicas-juridicas\/#primaryimage"},"thumbnailUrl":"https:\/\/files.sunoresearch.com.br\/n\/uploads\/2019\/08\/8e039b02-itau-jpg.webp","keywords":["cr\u00e9dito","Ita\u00fa Unibanco (ITUB3\/ITUB4)","taxa de juros"],"articleSection":["Neg\u00f3cios"],"inLanguage":"pt-BR"},{"@type":"WebPage","@id":"https:\/\/www.suno.com.br\/noticias\/itau-reduz-juros-linhas-credito-pessoas-fisicas-juridicas\/","url":"https:\/\/www.suno.com.br\/noticias\/itau-reduz-juros-linhas-credito-pessoas-fisicas-juridicas\/","name":"Ita\u00fa reduz juros em cr\u00e9dito para pessoas f\u00edsicas e jur\u00eddicas","isPartOf":{"@id":"https:\/\/www.suno.com.br\/noticias\/#website"},"primaryImageOfPage":{"@id":"https:\/\/www.suno.com.br\/noticias\/itau-reduz-juros-linhas-credito-pessoas-fisicas-juridicas\/#primaryimage"},"image":{"@id":"https:\/\/www.suno.com.br\/noticias\/itau-reduz-juros-linhas-credito-pessoas-fisicas-juridicas\/#primaryimage"},"thumbnailUrl":"https:\/\/files.sunoresearch.com.br\/n\/uploads\/2019\/08\/8e039b02-itau-jpg.webp","datePublished":"2019-12-11T23:02:41+00:00","dateModified":"2021-02-18T18:23:23+00:00","description":"O Ita\u00fa reduziu em 0,5 ponto percentual a taxa de juros de linhas de cr\u00e9dito para pessoas f\u00edsicas e jur\u00eddicas.\u00a0Clique para saber mais.","breadcrumb":{"@id":"https:\/\/www.suno.com.br\/noticias\/itau-reduz-juros-linhas-credito-pessoas-fisicas-juridicas\/#breadcrumb"},"inLanguage":"pt-BR","potentialAction":[{"@type":"ReadAction","target":["https:\/\/www.suno.com.br\/noticias\/itau-reduz-juros-linhas-credito-pessoas-fisicas-juridicas\/"]}]},{"@type":"ImageObject","inLanguage":"pt-BR","@id":"https:\/\/www.suno.com.br\/noticias\/itau-reduz-juros-linhas-credito-pessoas-fisicas-juridicas\/#primaryimage","url":"https:\/\/files.sunoresearch.com.br\/n\/uploads\/2019\/08\/8e039b02-itau-jpg.webp","contentUrl":"https:\/\/files.sunoresearch.com.br\/n\/uploads\/2019\/08\/8e039b02-itau-jpg.webp","width":1600,"height":800,"caption":"A Agenda do Dia desta quarta repercute os resultados divulgados na \u00faltima ter\u00e7a, al\u00e9m das elei\u00e7\u00f5es nos EUA."},{"@type":"BreadcrumbList","@id":"https:\/\/www.suno.com.br\/noticias\/itau-reduz-juros-linhas-credito-pessoas-fisicas-juridicas\/#breadcrumb","itemListElement":[{"@type":"ListItem","position":1,"name":"Not\u00edcias","item":"https:\/\/www.suno.com.br\/noticias\/"},{"@type":"ListItem","position":2,"name":"Neg\u00f3cios","item":"https:\/\/www.suno.com.br\/noticias\/negocios\/"},{"@type":"ListItem","position":3,"name":"Ita\u00fa corta juros em cr\u00e9dito para pessoas f\u00edsicas e jur\u00eddicas"}]},{"@type":"WebSite","@id":"https:\/\/www.suno.com.br\/noticias\/#website","url":"https:\/\/www.suno.com.br\/noticias\/","name":"Suno Not\u00edcias","description":"Seu portal de informa\u00e7\u00e3o sobre o mundo dos investimentos","publisher":{"@id":"https:\/\/www.suno.com.br\/noticias\/#organization"},"potentialAction":[{"@type":"SearchAction","target":{"@type":"EntryPoint","urlTemplate":"https:\/\/www.suno.com.br\/noticias\/?s={search_term_string}"},"query-input":{"@type":"PropertyValueSpecification","valueRequired":true,"valueName":"search_term_string"}}],"inLanguage":"pt-BR"},{"@type":"Organization","@id":"https:\/\/www.suno.com.br\/noticias\/#organization","name":"Suno Not\u00edcias","url":"https:\/\/www.suno.com.br\/noticias\/","logo":{"@type":"ImageObject","inLanguage":"pt-BR","@id":"https:\/\/www.suno.com.br\/noticias\/#\/schema\/logo\/image\/","url":"https:\/\/files.sunoresearch.com.br\/n\/uploads\/2021\/09\/suno-logo.png","contentUrl":"https:\/\/files.sunoresearch.com.br\/n\/uploads\/2021\/09\/suno-logo.png","width":180,"height":180,"caption":"Suno Not\u00edcias"},"image":{"@id":"https:\/\/www.suno.com.br\/noticias\/#\/schema\/logo\/image\/"},"sameAs":["https:\/\/facebook.com\/sunoresearch","https:\/\/x.com\/sunoresearch","https:\/\/www.instagram.com\/suno","https:\/\/www.linkedin.com\/company\/suno-research\/","https:\/\/www.youtube.com\/c\/sunoresearch"]},{"@type":"Person","@id":"https:\/\/www.suno.com.br\/noticias\/#\/schema\/person\/4e19e3d2575736e5283d58eb3199d120","name":"Giovanna Oliveira","image":{"@type":"ImageObject","inLanguage":"pt-BR","@id":"https:\/\/www.suno.com.br\/noticias\/#\/schema\/person\/image\/","url":"https:\/\/secure.gravatar.com\/avatar\/9a37b3ae208962ac568992d0ffdbc2eb?s=96&r=g","contentUrl":"https:\/\/secure.gravatar.com\/avatar\/9a37b3ae208962ac568992d0ffdbc2eb?s=96&r=g","caption":"Giovanna Oliveira"},"description":"Giovanna Oliveira escreve sobre economia e pol\u00edtica. Foi rep\u00f3rter do portal de jornalismo da ESPM-SP e produziu conte\u00fado para a Corinthians TV. \u00c9 estudante da ESPM.","url":"https:\/\/www.suno.com.br\/noticias\/author\/giovanna\/"}]}},"default_loop_html":"<div class=\"cardsPage__listCard__boxs\"><div class=\"cardsPage__listCard__boxs__img\"><a href=\"https:\/\/www.suno.com.br\/noticias\/itau-reduz-juros-linhas-credito-pessoas-fisicas-juridicas\/\"><img class=\"mask\" src=\"https:\/\/www.suno.com.br\/noticias\/wp-content\/themes\/suno\/resources\/images\/spotlight\/spotlight1img\/bg-mask.png\" alt=\"Image Mask\"\/><img src=\"https:\/\/files.sunoresearch.com.br\/n\/uploads\/2019\/08\/8e039b02-itau-400x200.webp\" alt=\"Ita\u00fa corta juros em cr\u00e9dito para pessoas f\u00edsicas e jur\u00eddicas\"\/><\/a><span class=\"spotlightCategory\"><a href=\"https:\/\/www.suno.com.br\/noticias\/negocios\/\">Neg\u00f3cios<\/a><\/span><\/div><div class=\"cardsPage__listCard__boxs__content\"><a href=\"https:\/\/www.suno.com.br\/noticias\/itau-reduz-juros-linhas-credito-pessoas-fisicas-juridicas\/\"><h2 class=\"content__title\">Ita\u00fa corta juros em cr\u00e9dito para pessoas f\u00edsicas e jur\u00eddicas<\/h2><\/a><div class=\"newsContent__article__meta\"><div class=\"newsContent__article__meta__authorBox\"><a href=\"https:\/\/www.suno.com.br\/noticias\/author\/giovanna\/\" class=\"authorBox__avatar noMobi\"><img src=\"https:\/\/files.sunoresearch.com.br\/n\/uploads\/2019\/06\/952a89ca-screenshot_20190608-171507-150x150.webp\" alt=\"Giovanna Oliveira\"><\/a><div class=\"authorBox__name\"><span>por\n\t\t\t<a href=\"https:\/\/www.suno.com.br\/noticias\/author\/giovanna\/\"><span itemprop=\"author\">Giovanna Oliveira<\/span><\/a><\/span><time datetime=\"2019-12-11T21:02:41-03:00\" itemprop=\"datePublished\">11\/12\/2019 21:02<\/time><\/div><\/div><\/div><\/div><\/div>","single_layout":"posts","amp_enabled":true,"_links":{"self":[{"href":"https:\/\/www.suno.com.br\/noticias\/wp-json\/wp\/v2\/posts\/47540"}],"collection":[{"href":"https:\/\/www.suno.com.br\/noticias\/wp-json\/wp\/v2\/posts"}],"about":[{"href":"https:\/\/www.suno.com.br\/noticias\/wp-json\/wp\/v2\/types\/post"}],"author":[{"embeddable":true,"href":"https:\/\/www.suno.com.br\/noticias\/wp-json\/wp\/v2\/users\/18"}],"replies":[{"embeddable":true,"href":"https:\/\/www.suno.com.br\/noticias\/wp-json\/wp\/v2\/comments?post=47540"}],"version-history":[{"count":0,"href":"https:\/\/www.suno.com.br\/noticias\/wp-json\/wp\/v2\/posts\/47540\/revisions"}],"wp:featuredmedia":[{"embeddable":true,"href":"https:\/\/www.suno.com.br\/noticias\/wp-json\/wp\/v2\/media\/35758"}],"wp:attachment":[{"href":"https:\/\/www.suno.com.br\/noticias\/wp-json\/wp\/v2\/media?parent=47540"}],"wp:term":[{"taxonomy":"category","embeddable":true,"href":"https:\/\/www.suno.com.br\/noticias\/wp-json\/wp\/v2\/categories?post=47540"},{"taxonomy":"post_tag","embeddable":true,"href":"https:\/\/www.suno.com.br\/noticias\/wp-json\/wp\/v2\/tags?post=47540"},{"taxonomy":"suno_strategy","embeddable":true,"href":"https:\/\/www.suno.com.br\/noticias\/wp-json\/wp\/v2\/suno_strategy?post=47540"}],"curies":[{"name":"wp","href":"https:\/\/api.w.org\/{rel}","templated":true}]}}