{"id":475266,"date":"2023-10-23T20:59:13","date_gmt":"2023-10-23T23:59:13","guid":{"rendered":"https:\/\/www.suno.com.br\/noticias\/?p=475266"},"modified":"2023-10-23T21:26:11","modified_gmt":"2023-10-24T00:26:11","slug":"dividendos-alterados-wiz-wizs3-evm","status":"publish","type":"post","link":"https:\/\/www.suno.com.br\/noticias\/dividendos-alterados-wiz-wizs3-evm\/","title":{"rendered":"Dividendos alterados? Wiz (WIZS3) bate martelo e anuncia decis\u00e3o"},"content":{"rendered":"<p>Em nova decis\u00e3o, comunicada nesta segunda-feira (23), a <a class=\"suno-keyword\" data-force=\"yes\" data-priority=\"2\" href=\"https:\/\/www.suno.com.br\/acoes\/WIZS3\/\" target=\"_blank\" rel=\"noopener\">Wiz (WIZS3)<\/a> reduziu seus <strong><a class=\"suno-keyword\" data-force=\"no\" data-priority=\"1\" href=\"https:\/\/www.suno.com.br\/guias\/dividendos\/\" target=\"_blank\" rel=\"noopener\">dividendos<\/a> <\/strong>m\u00ednimos obrigat\u00f3rios.<\/p><div class=\"videoFull \">\n\t\t\t<div class=\"videoWrapper yt-lazyload center\"\n\t\t\t\tdata-width=\"960\"\n\t\t\t\tdata-height=\"540\"\n\t\t\t\tdata-id=\"Jyh49JG0gSM\"\n\t\t\t\tdata-alt=\"V\u00eddeo do YouTube - clique para reproduzir\"\n\t\t\t\tdata-logo=\"3\"\n\t\t\t\tdata-imagequality=\"maxres\">\n\t\t\t<\/div>\n\t\t<\/div><script type=\"application\/ld+json\">{\"@context\":\"https:\/\/schema.org\",\"@type\":\"VideoObject\",\"name\":\"\ud83d\udd34DIVIDENDOS DA PETROBRAS (PETR4) V\u00c3O ACABAR? | ELEI\u00c7\u00d5ES NA ARGENTINA | IBOVESPA CAI\",\"description\":\"#mercadofinanceiro #investimentos #bolsadevalores #ibovespa #dinheiro #finan\u00e7as #d\u00f3lar #livedas19h #petr4 #petrobras #vale3 #vale #a\u00e7\u00f5es #economia #dividendos #argentina #elei\u00e7\u00f5es #lojasrenner #lren3 #lula #assembleia #petr3 \u00cdndice do v\u00eddeo: 00:00 In\u00edcio do v\u00eddeo 02:24 Fechamento de mercado 06:13 Elei\u00e7\u00f5es na Argentina v\u00e3o ao segundo turno 10:20 O que aconteceu com a Petrobras? 17:50 Teremos uma nova greve do metr\u00f4\u2026\",\"duration\":\"PT31M20S\",\"embedUrl\":\"https:\/\/www.youtube.com\/embed\/Jyh49JG0gSM\",\"regionsAllowed\":\"en-US\",\"interactionStatistic\":{\"@type\":\"InteractionCounter\",\"interactionType\":{\"@type\":\"WatchAction\"},\"userInteractionCount\":3825},\"thumbnailUrl\":\"https:\/\/i.ytimg.com\/vi\/Jyh49JG0gSM\/default.jpg\",\"uploadDate\":\"2023-10-23T22:36:11Z\"}<\/script>\n\n\n\n\n\t<p>\n\t\t<a href=\"\" target=\"_blank\" data-element=\"shortcode-suno-banner\" title=\"Banner SUNO, clique e saiba mais\">\n\t\t\t<picture>\n\t\t\t\t<source media=\"(max-width: 500px)\" srcset=\"\">\n\t\t\t\t<img class=\"newsContent__article__imgCapa newsContent__article__imgCapa--banner\"\n\t\t\t\t\tsrc=\"\"\n\t\t\t\t\tdata-promo-id=\"89005\"\t\t\t\t\t\t\t\t\t\t\t\t\t\t\talt=\"\"\n\t\t\t\t>\n\t\t\t<\/picture>\n\t\t<\/a>\n\t<\/p>\n\n\n\n\n\n\n\n<p>Conforme comunicado pela <strong>Wiz<\/strong>, foi aprovada a redu\u00e7\u00e3o dos <a class=\"suno-keyword\" target=\"_blank\" data-force=\"no\" data-priority=\"1\" href=\"https:\/\/www.suno.com.br\/guias\/dividendos\/\" rel=\"noopener\">dividendos<\/a> m\u00ednimos obrigat\u00f3rios de 50% para 25%.<\/p>\n\n\n\n<p>Isso foi feito com a altera\u00e7\u00e3o do par\u00e1grafo \u00fanico do Artigo 40\u00ba do <a class=\"suno-keyword\" data-force=\"no\" data-priority=\"1\" href=\"https:\/\/www.suno.com.br\/artigos\/estatuto-social\/\" target=\"_blank\" rel=\"noopener\">Estatuto Social<\/a> da Companhia.<\/p>\n\n\n\n<p>&#8220;O valor do reembolso por a\u00e7\u00e3o, em caso do exerc\u00edcio do direito de recesso, ser\u00e1 de R$ 2,37 (dois reais e trinta e sete centavos), que corresponde ao valor do patrim\u00f4nio l\u00edquido da a\u00e7\u00e3o da companhia em 31 de dezembro de 2022, conforme <a class=\"suno-keyword\" data-force=\"no\" data-priority=\"1\" href=\"https:\/\/www.suno.com.br\/artigos\/demonstracoes-financeiras\/\" target=\"_blank\" rel=\"noopener\">demonstra\u00e7\u00f5es financeiras<\/a> da companhia aprovadas na <a class=\"suno-keyword\" data-force=\"no\" data-priority=\"1\" href=\"https:\/\/www.suno.com.br\/artigos\/assembleia-geral-ordinaria\/\" target=\"_blank\" rel=\"noopener\">Assembleia Geral Ordin\u00e1ria<\/a> realizada em 28 de abril de 2023, nos termos do artigo 45, \u00a7 1\u00ba, da Lei das Sociedades por A\u00e7\u00f5es, sem preju\u00edzo do direito dos acionistas dissidentes de requererem o levantamento de balan\u00e7o especial, conforme abaixo&#8221;, diz o <a href=\"https:\/\/www.rad.cvm.gov.br\/ENET\/frmExibirArquivoIPEExterno.aspx?NumeroProtocoloEntrega=1153573\" target=\"_blank\" rel=\"noreferrer noopener\">comunicado da Wiz<\/a>.<\/p>\n\n\n\n<p>Conforme descrito no aviso aos acionistas, o pagamento do valor das <strong>a\u00e7\u00f5es <\/strong>a serem reembolsadas ser\u00e1 realizado pela companhia no prazo de 30 (trinta) dias a contar do final do prazo para o exerc\u00edcio do direito de recesso mencionado no item acima.<\/p>\n\n\n\t<p>\n\t\t<a href=\"https:\/\/lp.suno.com.br\/minicurso-investindo-fiis\/\" target=\"_blank\" data-element=\"shortcode-suno-banner\" title=\"Banner SUNO, clique e saiba mais\">\n\t\t\t<picture>\n\t\t\t\t<source media=\"(max-width: 500px)\" srcset=\"https:\/\/files.sunoresearch.com.br\/n\/uploads\/2023\/03\/400x300-Minicurso-FIIS.png\">\n\t\t\t\t<img class=\"newsContent__article__imgCapa newsContent__article__imgCapa--banner\"\n\t\t\t\t\tsrc=\"https:\/\/files.sunoresearch.com.br\/n\/uploads\/2023\/03\/1420x240-Minicurso-FIIS.png\"\n\t\t\t\t\tdata-promo-id=\"383125\"\t\t\t\t\t\t\t\t\t\twidth='1420' height='240'\t\t\t\t\talt=\"https:\/\/files.sunoresearch.com.br\/n\/uploads\/2023\/03\/1420x240-Minicurso-FIIS.png\"\n\t\t\t\t>\n\t\t\t<\/picture>\n\t\t<\/a>\n\t<\/p>\n\n\n\n\n\n<p>&#8220;Caso haja solicita\u00e7\u00e3o de levantamento de balan\u00e7o especial, conforme o item 2.3 acima, a companhia pagar\u00e1 80% (oitenta por cento) do valor do reembolso calculado com base no patrim\u00f4nio l\u00edquido da companhia em 31 de dezembro de 2022, sendo o saldo, se houver, pago dentro do prazo de 120 (cento e vinte) dias a contar da data da delibera\u00e7\u00e3o em assembleia geral&#8221;, diz a Wiz.<\/p>\n\n\n\n<p>Os <strong>acionistas da Wiz<\/strong> dissidentes dever\u00e3o reclamar o reembolso das a\u00e7\u00f5es pela companhia no prazo de 30  dias a contar da data de publica\u00e7\u00e3o da ata da AGE, ou seja, 26 de outubro.<\/p>\n\n\n\n<p>Com isso, ter\u00e3o at\u00e9 o dia 24 de novembro.<\/p>\n\n\n\n<p>&#8220;O direito de recesso ficar\u00e1 extinto, por decad\u00eancia, de pleno direito, caso o acionista n\u00e3o o exer\u00e7a no prazo mencionado no par\u00e1grafo acima, nos termos do artigo 137, IV, \u00a7\u00a7 1\u00ba e 4\u00ba, da Lei das Sociedades por A\u00e7\u00f5es&#8221;, conclui a companhia.<\/p>\n\n\n\n<h2 class=\"wp-block-heading\">Dividendos da Wiz at\u00e9 agora<\/h2>\n\n\n\n<p><a href=\"https:\/\/statusinvest.com.br\/acoes\/wizc3\" target=\"_blank\" rel=\"noreferrer noopener\">Conforme dados do Status Invest<\/a>, o <a class=\"suno-keyword\" data-force=\"no\" data-priority=\"2\" href=\"https:\/\/www.suno.com.br\/artigos\/dividend-yield-como-calcular\/\" target=\"_blank\" rel=\"noopener\">dividend yield<\/a> (DY) da Wiz \u00e9 de 8,8% atualmente. Isso porque a companhia pagou R$ 0,44 por a\u00e7\u00e3o em <strong>dividendos<\/strong> nos \u00faltimos 12 meses.<\/p>\n\n\n\t<p>\n\t\t<a href=\"https:\/\/lp.suno.com.br\/planilha-da-vida-financeira\/\" target=\"_blank\" data-element=\"shortcode-suno-banner\" title=\"Banner SUNO, clique e saiba mais\">\n\t\t\t<picture>\n\t\t\t\t<source media=\"(max-width: 500px)\" srcset=\"https:\/\/files.sunoresearch.com.br\/n\/uploads\/2023\/04\/400x300-Planilha-vida-financeira-true.png\">\n\t\t\t\t<img class=\"newsContent__article__imgCapa newsContent__article__imgCapa--banner\"\n\t\t\t\t\tsrc=\"https:\/\/files.sunoresearch.com.br\/n\/uploads\/2023\/04\/1420x240-Planilha-vida-financeira-true.png\"\n\t\t\t\t\tdata-promo-id=\"383123\"\t\t\t\t\t\t\t\t\t\twidth='1420' height='240'\t\t\t\t\talt=\"https:\/\/files.sunoresearch.com.br\/n\/uploads\/2023\/04\/1420x240-Planilha-vida-financeira-true.png\"\n\t\t\t\t>\n\t\t\t<\/picture>\n\t\t<\/a>\n\t<\/p>\n\n\n","protected":false},"excerpt":{"rendered":"<p>Em nova decis\u00e3o, comunicada nesta segunda-feira (23), a Wiz (WIZS3) reduziu seus dividendos m\u00ednimos obrigat\u00f3rios. Conforme comunicado pela Wiz, foi aprovada a redu\u00e7\u00e3o dos dividendos m\u00ednimos obrigat\u00f3rios de 50% para 25%. Isso foi feito com a altera\u00e7\u00e3o do par\u00e1grafo \u00fanico do Artigo 40\u00ba do Estatuto Social da Companhia. &#8220;O valor do reembolso por a\u00e7\u00e3o, em [&hellip;]<\/p>\n","protected":false},"author":73,"featured_media":115228,"comment_status":"closed","ping_status":"closed","sticky":false,"template":"","format":"standard","meta":[],"categories":[64],"tags":[295,685],"suno_strategy":[],"class_list":["post-475266","post","type-post","status-publish","format-standard","has-post-thumbnail","hentry","category-negocios","tag-dividendos","tag-wiz-wizs3"],"yoast_head":"<!-- This site is optimized with the Yoast SEO plugin v24.4 - https:\/\/yoast.com\/wordpress\/plugins\/seo\/ -->\n<title>Dividendos alterados? Veja decis\u00e3o da Wiz (WIZS3)<\/title>\n<meta name=\"description\" content=\"Conforme comunicado pela Wiz em aviso aos acionistas, foi aprovada a redu\u00e7\u00e3o dos dividendos m\u00ednimos obrigat\u00f3rios de 50% para 25%\" \/>\n<meta name=\"robots\" content=\"index, follow, max-snippet:-1, max-image-preview:large, max-video-preview:-1\" \/>\n<link rel=\"canonical\" href=\"https:\/\/www.suno.com.br\/noticias\/dividendos-alterados-wiz-wizs3-evm\/\" \/>\n<meta property=\"og:locale\" content=\"pt_BR\" \/>\n<meta property=\"og:type\" content=\"article\" \/>\n<meta property=\"og:title\" content=\"Dividendos alterados? Veja decis\u00e3o da Wiz (WIZS3)\" \/>\n<meta property=\"og:description\" content=\"Conforme comunicado pela Wiz em aviso aos acionistas, foi aprovada a redu\u00e7\u00e3o dos dividendos m\u00ednimos obrigat\u00f3rios de 50% para 25%\" \/>\n<meta property=\"og:url\" content=\"https:\/\/www.suno.com.br\/noticias\/dividendos-alterados-wiz-wizs3-evm\/\" \/>\n<meta property=\"og:site_name\" content=\"Suno Not\u00edcias\" \/>\n<meta property=\"article:publisher\" content=\"https:\/\/facebook.com\/sunoresearch\" \/>\n<meta property=\"og:image\" content=\"https:\/\/files.sunoresearch.com.br\/n\/uploads\/2021\/01\/13df76bd-wiz.jpg\" \/>\n\t<meta property=\"og:image:width\" content=\"1284\" \/>\n\t<meta property=\"og:image:height\" content=\"857\" \/>\n\t<meta property=\"og:image:type\" content=\"image\/jpeg\" \/>\n<meta name=\"author\" content=\"Eduardo Vargas\" \/>\n<meta name=\"twitter:card\" content=\"summary_large_image\" \/>\n<meta name=\"twitter:creator\" content=\"@sunoresearch\" \/>\n<meta name=\"twitter:site\" content=\"@sunoresearch\" \/>\n<meta name=\"twitter:label1\" content=\"Escrito por\" \/>\n\t<meta name=\"twitter:data1\" content=\"Eduardo Vargas\" \/>\n\t<meta name=\"twitter:label2\" content=\"Est. tempo de leitura\" \/>\n\t<meta name=\"twitter:data2\" content=\"3 minutos\" \/>\n<script type=\"application\/ld+json\" class=\"yoast-schema-graph\">{\"@context\":\"https:\/\/schema.org\",\"@graph\":[{\"@type\":\"NewsArticle\",\"@id\":\"https:\/\/www.suno.com.br\/noticias\/dividendos-alterados-wiz-wizs3-evm\/#article\",\"isPartOf\":{\"@id\":\"https:\/\/www.suno.com.br\/noticias\/dividendos-alterados-wiz-wizs3-evm\/\"},\"author\":{\"name\":\"Eduardo Vargas\",\"@id\":\"https:\/\/www.suno.com.br\/noticias\/#\/schema\/person\/7f4d362bf3518e76090143ae77bb49a5\"},\"headline\":\"Dividendos alterados? Wiz (WIZS3) bate martelo e anuncia decis\u00e3o\",\"datePublished\":\"2023-10-23T23:59:13+00:00\",\"dateModified\":\"2023-10-24T00:26:11+00:00\",\"mainEntityOfPage\":{\"@id\":\"https:\/\/www.suno.com.br\/noticias\/dividendos-alterados-wiz-wizs3-evm\/\"},\"wordCount\":392,\"publisher\":{\"@id\":\"https:\/\/www.suno.com.br\/noticias\/#organization\"},\"image\":{\"@id\":\"https:\/\/www.suno.com.br\/noticias\/dividendos-alterados-wiz-wizs3-evm\/#primaryimage\"},\"thumbnailUrl\":\"https:\/\/files.sunoresearch.com.br\/n\/uploads\/2021\/01\/13df76bd-wiz-jpg.webp\",\"keywords\":[\"dividendos\",\"Wiz (WIZS3)\"],\"articleSection\":[\"Neg\u00f3cios\"],\"inLanguage\":\"pt-BR\"},{\"@type\":\"WebPage\",\"@id\":\"https:\/\/www.suno.com.br\/noticias\/dividendos-alterados-wiz-wizs3-evm\/\",\"url\":\"https:\/\/www.suno.com.br\/noticias\/dividendos-alterados-wiz-wizs3-evm\/\",\"name\":\"Dividendos alterados? Veja decis\u00e3o da Wiz (WIZS3)\",\"isPartOf\":{\"@id\":\"https:\/\/www.suno.com.br\/noticias\/#website\"},\"primaryImageOfPage\":{\"@id\":\"https:\/\/www.suno.com.br\/noticias\/dividendos-alterados-wiz-wizs3-evm\/#primaryimage\"},\"image\":{\"@id\":\"https:\/\/www.suno.com.br\/noticias\/dividendos-alterados-wiz-wizs3-evm\/#primaryimage\"},\"thumbnailUrl\":\"https:\/\/files.sunoresearch.com.br\/n\/uploads\/2021\/01\/13df76bd-wiz-jpg.webp\",\"datePublished\":\"2023-10-23T23:59:13+00:00\",\"dateModified\":\"2023-10-24T00:26:11+00:00\",\"description\":\"Conforme comunicado pela Wiz em aviso aos acionistas, foi aprovada a redu\u00e7\u00e3o dos dividendos m\u00ednimos obrigat\u00f3rios de 50% para 25%\",\"breadcrumb\":{\"@id\":\"https:\/\/www.suno.com.br\/noticias\/dividendos-alterados-wiz-wizs3-evm\/#breadcrumb\"},\"inLanguage\":\"pt-BR\",\"potentialAction\":[{\"@type\":\"ReadAction\",\"target\":[\"https:\/\/www.suno.com.br\/noticias\/dividendos-alterados-wiz-wizs3-evm\/\"]}]},{\"@type\":\"ImageObject\",\"inLanguage\":\"pt-BR\",\"@id\":\"https:\/\/www.suno.com.br\/noticias\/dividendos-alterados-wiz-wizs3-evm\/#primaryimage\",\"url\":\"https:\/\/files.sunoresearch.com.br\/n\/uploads\/2021\/01\/13df76bd-wiz-jpg.webp\",\"contentUrl\":\"https:\/\/files.sunoresearch.com.br\/n\/uploads\/2021\/01\/13df76bd-wiz-jpg.webp\",\"width\":1284,\"height\":857,\"caption\":\"A a\u00e7\u00e3o da Wiz (WIZS3) encerrou a sess\u00e3o de hoje com uma queda de 1,03%, valendo R$ 7,68.\"},{\"@type\":\"BreadcrumbList\",\"@id\":\"https:\/\/www.suno.com.br\/noticias\/dividendos-alterados-wiz-wizs3-evm\/#breadcrumb\",\"itemListElement\":[{\"@type\":\"ListItem\",\"position\":1,\"name\":\"Not\u00edcias\",\"item\":\"https:\/\/www.suno.com.br\/noticias\/\"},{\"@type\":\"ListItem\",\"position\":2,\"name\":\"Neg\u00f3cios\",\"item\":\"https:\/\/www.suno.com.br\/noticias\/negocios\/\"},{\"@type\":\"ListItem\",\"position\":3,\"name\":\"Dividendos alterados? Wiz (WIZS3) bate martelo e anuncia decis\u00e3o\"}]},{\"@type\":\"WebSite\",\"@id\":\"https:\/\/www.suno.com.br\/noticias\/#website\",\"url\":\"https:\/\/www.suno.com.br\/noticias\/\",\"name\":\"Suno Not\u00edcias\",\"description\":\"Seu portal de informa\u00e7\u00e3o sobre o mundo dos investimentos\",\"publisher\":{\"@id\":\"https:\/\/www.suno.com.br\/noticias\/#organization\"},\"potentialAction\":[{\"@type\":\"SearchAction\",\"target\":{\"@type\":\"EntryPoint\",\"urlTemplate\":\"https:\/\/www.suno.com.br\/noticias\/?s={search_term_string}\"},\"query-input\":{\"@type\":\"PropertyValueSpecification\",\"valueRequired\":true,\"valueName\":\"search_term_string\"}}],\"inLanguage\":\"pt-BR\"},{\"@type\":\"Organization\",\"@id\":\"https:\/\/www.suno.com.br\/noticias\/#organization\",\"name\":\"Suno Not\u00edcias\",\"url\":\"https:\/\/www.suno.com.br\/noticias\/\",\"logo\":{\"@type\":\"ImageObject\",\"inLanguage\":\"pt-BR\",\"@id\":\"https:\/\/www.suno.com.br\/noticias\/#\/schema\/logo\/image\/\",\"url\":\"https:\/\/files.sunoresearch.com.br\/n\/uploads\/2021\/09\/suno-logo.png\",\"contentUrl\":\"https:\/\/files.sunoresearch.com.br\/n\/uploads\/2021\/09\/suno-logo.png\",\"width\":180,\"height\":180,\"caption\":\"Suno Not\u00edcias\"},\"image\":{\"@id\":\"https:\/\/www.suno.com.br\/noticias\/#\/schema\/logo\/image\/\"},\"sameAs\":[\"https:\/\/facebook.com\/sunoresearch\",\"https:\/\/x.com\/sunoresearch\",\"https:\/\/www.instagram.com\/suno\",\"https:\/\/www.linkedin.com\/company\/suno-research\/\",\"https:\/\/www.youtube.com\/c\/sunoresearch\"]},{\"@type\":\"Person\",\"@id\":\"https:\/\/www.suno.com.br\/noticias\/#\/schema\/person\/7f4d362bf3518e76090143ae77bb49a5\",\"name\":\"Eduardo Vargas\",\"image\":{\"@type\":\"ImageObject\",\"inLanguage\":\"pt-BR\",\"@id\":\"https:\/\/www.suno.com.br\/noticias\/#\/schema\/person\/image\/\",\"url\":\"https:\/\/secure.gravatar.com\/avatar\/dac340933427a22924c9f99d1eb2e3f2?s=96&r=g\",\"contentUrl\":\"https:\/\/secure.gravatar.com\/avatar\/dac340933427a22924c9f99d1eb2e3f2?s=96&r=g\",\"caption\":\"Eduardo Vargas\"},\"description\":\"Jornalista formado pela UFSC, cobre macroeconomia, neg\u00f3cios e startups para o Suno Not\u00edcias, escrevendo principalmente not\u00edcias sobre o mercado financeiro e a bolsa de valores. No YouTube e no Instagram, \u00e9 respons\u00e1vel pela produ\u00e7\u00e3o de Reels e Shorts do Suno Not\u00edcias. Anteriormente, trabalhou cobrindo economia e cotidiano no ND+ e para o ND, maior jornal impresso de Santa Catarina. Cursou um semestre letivo de Estudos de M\u00eddia na Universidad de Buenos Aires.\",\"url\":\"https:\/\/www.suno.com.br\/noticias\/author\/eduardo-vargas\/\"}]}<\/script>\n<!-- \/ Yoast SEO plugin. -->","yoast_head_json":{"title":"Dividendos alterados? Veja decis\u00e3o da Wiz (WIZS3)","description":"Conforme comunicado pela Wiz em aviso aos acionistas, foi aprovada a redu\u00e7\u00e3o dos dividendos m\u00ednimos obrigat\u00f3rios de 50% para 25%","robots":{"index":"index","follow":"follow","max-snippet":"max-snippet:-1","max-image-preview":"max-image-preview:large","max-video-preview":"max-video-preview:-1"},"canonical":"https:\/\/www.suno.com.br\/noticias\/dividendos-alterados-wiz-wizs3-evm\/","og_locale":"pt_BR","og_type":"article","og_title":"Dividendos alterados? Veja decis\u00e3o da Wiz (WIZS3)","og_description":"Conforme comunicado pela Wiz em aviso aos acionistas, foi aprovada a redu\u00e7\u00e3o dos dividendos m\u00ednimos obrigat\u00f3rios de 50% para 25%","og_url":"https:\/\/www.suno.com.br\/noticias\/dividendos-alterados-wiz-wizs3-evm\/","og_site_name":"Suno Not\u00edcias","article_publisher":"https:\/\/facebook.com\/sunoresearch","og_image":[{"width":1284,"height":857,"url":"https:\/\/files.sunoresearch.com.br\/n\/uploads\/2021\/01\/13df76bd-wiz.jpg","type":"image\/jpeg"}],"author":"Eduardo Vargas","twitter_card":"summary_large_image","twitter_creator":"@sunoresearch","twitter_site":"@sunoresearch","twitter_misc":{"Escrito por":"Eduardo Vargas","Est. tempo de leitura":"3 minutos"},"schema":{"@context":"https:\/\/schema.org","@graph":[{"@type":"NewsArticle","@id":"https:\/\/www.suno.com.br\/noticias\/dividendos-alterados-wiz-wizs3-evm\/#article","isPartOf":{"@id":"https:\/\/www.suno.com.br\/noticias\/dividendos-alterados-wiz-wizs3-evm\/"},"author":{"name":"Eduardo Vargas","@id":"https:\/\/www.suno.com.br\/noticias\/#\/schema\/person\/7f4d362bf3518e76090143ae77bb49a5"},"headline":"Dividendos alterados? Wiz (WIZS3) bate martelo e anuncia decis\u00e3o","datePublished":"2023-10-23T23:59:13+00:00","dateModified":"2023-10-24T00:26:11+00:00","mainEntityOfPage":{"@id":"https:\/\/www.suno.com.br\/noticias\/dividendos-alterados-wiz-wizs3-evm\/"},"wordCount":392,"publisher":{"@id":"https:\/\/www.suno.com.br\/noticias\/#organization"},"image":{"@id":"https:\/\/www.suno.com.br\/noticias\/dividendos-alterados-wiz-wizs3-evm\/#primaryimage"},"thumbnailUrl":"https:\/\/files.sunoresearch.com.br\/n\/uploads\/2021\/01\/13df76bd-wiz-jpg.webp","keywords":["dividendos","Wiz (WIZS3)"],"articleSection":["Neg\u00f3cios"],"inLanguage":"pt-BR"},{"@type":"WebPage","@id":"https:\/\/www.suno.com.br\/noticias\/dividendos-alterados-wiz-wizs3-evm\/","url":"https:\/\/www.suno.com.br\/noticias\/dividendos-alterados-wiz-wizs3-evm\/","name":"Dividendos alterados? Veja decis\u00e3o da Wiz (WIZS3)","isPartOf":{"@id":"https:\/\/www.suno.com.br\/noticias\/#website"},"primaryImageOfPage":{"@id":"https:\/\/www.suno.com.br\/noticias\/dividendos-alterados-wiz-wizs3-evm\/#primaryimage"},"image":{"@id":"https:\/\/www.suno.com.br\/noticias\/dividendos-alterados-wiz-wizs3-evm\/#primaryimage"},"thumbnailUrl":"https:\/\/files.sunoresearch.com.br\/n\/uploads\/2021\/01\/13df76bd-wiz-jpg.webp","datePublished":"2023-10-23T23:59:13+00:00","dateModified":"2023-10-24T00:26:11+00:00","description":"Conforme comunicado pela Wiz em aviso aos acionistas, foi aprovada a redu\u00e7\u00e3o dos dividendos m\u00ednimos obrigat\u00f3rios de 50% para 25%","breadcrumb":{"@id":"https:\/\/www.suno.com.br\/noticias\/dividendos-alterados-wiz-wizs3-evm\/#breadcrumb"},"inLanguage":"pt-BR","potentialAction":[{"@type":"ReadAction","target":["https:\/\/www.suno.com.br\/noticias\/dividendos-alterados-wiz-wizs3-evm\/"]}]},{"@type":"ImageObject","inLanguage":"pt-BR","@id":"https:\/\/www.suno.com.br\/noticias\/dividendos-alterados-wiz-wizs3-evm\/#primaryimage","url":"https:\/\/files.sunoresearch.com.br\/n\/uploads\/2021\/01\/13df76bd-wiz-jpg.webp","contentUrl":"https:\/\/files.sunoresearch.com.br\/n\/uploads\/2021\/01\/13df76bd-wiz-jpg.webp","width":1284,"height":857,"caption":"A a\u00e7\u00e3o da Wiz (WIZS3) encerrou a sess\u00e3o de hoje com uma queda de 1,03%, valendo R$ 7,68."},{"@type":"BreadcrumbList","@id":"https:\/\/www.suno.com.br\/noticias\/dividendos-alterados-wiz-wizs3-evm\/#breadcrumb","itemListElement":[{"@type":"ListItem","position":1,"name":"Not\u00edcias","item":"https:\/\/www.suno.com.br\/noticias\/"},{"@type":"ListItem","position":2,"name":"Neg\u00f3cios","item":"https:\/\/www.suno.com.br\/noticias\/negocios\/"},{"@type":"ListItem","position":3,"name":"Dividendos alterados? Wiz (WIZS3) bate martelo e anuncia decis\u00e3o"}]},{"@type":"WebSite","@id":"https:\/\/www.suno.com.br\/noticias\/#website","url":"https:\/\/www.suno.com.br\/noticias\/","name":"Suno Not\u00edcias","description":"Seu portal de informa\u00e7\u00e3o sobre o mundo dos investimentos","publisher":{"@id":"https:\/\/www.suno.com.br\/noticias\/#organization"},"potentialAction":[{"@type":"SearchAction","target":{"@type":"EntryPoint","urlTemplate":"https:\/\/www.suno.com.br\/noticias\/?s={search_term_string}"},"query-input":{"@type":"PropertyValueSpecification","valueRequired":true,"valueName":"search_term_string"}}],"inLanguage":"pt-BR"},{"@type":"Organization","@id":"https:\/\/www.suno.com.br\/noticias\/#organization","name":"Suno Not\u00edcias","url":"https:\/\/www.suno.com.br\/noticias\/","logo":{"@type":"ImageObject","inLanguage":"pt-BR","@id":"https:\/\/www.suno.com.br\/noticias\/#\/schema\/logo\/image\/","url":"https:\/\/files.sunoresearch.com.br\/n\/uploads\/2021\/09\/suno-logo.png","contentUrl":"https:\/\/files.sunoresearch.com.br\/n\/uploads\/2021\/09\/suno-logo.png","width":180,"height":180,"caption":"Suno Not\u00edcias"},"image":{"@id":"https:\/\/www.suno.com.br\/noticias\/#\/schema\/logo\/image\/"},"sameAs":["https:\/\/facebook.com\/sunoresearch","https:\/\/x.com\/sunoresearch","https:\/\/www.instagram.com\/suno","https:\/\/www.linkedin.com\/company\/suno-research\/","https:\/\/www.youtube.com\/c\/sunoresearch"]},{"@type":"Person","@id":"https:\/\/www.suno.com.br\/noticias\/#\/schema\/person\/7f4d362bf3518e76090143ae77bb49a5","name":"Eduardo Vargas","image":{"@type":"ImageObject","inLanguage":"pt-BR","@id":"https:\/\/www.suno.com.br\/noticias\/#\/schema\/person\/image\/","url":"https:\/\/secure.gravatar.com\/avatar\/dac340933427a22924c9f99d1eb2e3f2?s=96&r=g","contentUrl":"https:\/\/secure.gravatar.com\/avatar\/dac340933427a22924c9f99d1eb2e3f2?s=96&r=g","caption":"Eduardo Vargas"},"description":"Jornalista formado pela UFSC, cobre macroeconomia, neg\u00f3cios e startups para o Suno Not\u00edcias, escrevendo principalmente not\u00edcias sobre o mercado financeiro e a bolsa de valores. No YouTube e no Instagram, \u00e9 respons\u00e1vel pela produ\u00e7\u00e3o de Reels e Shorts do Suno Not\u00edcias. Anteriormente, trabalhou cobrindo economia e cotidiano no ND+ e para o ND, maior jornal impresso de Santa Catarina. Cursou um semestre letivo de Estudos de M\u00eddia na Universidad de Buenos Aires.","url":"https:\/\/www.suno.com.br\/noticias\/author\/eduardo-vargas\/"}]}},"default_loop_html":"<div class=\"cardsPage__listCard__boxs\"><div class=\"cardsPage__listCard__boxs__img\"><a href=\"https:\/\/www.suno.com.br\/noticias\/dividendos-alterados-wiz-wizs3-evm\/\"><img class=\"mask\" src=\"https:\/\/www.suno.com.br\/noticias\/wp-content\/themes\/suno\/resources\/images\/spotlight\/spotlight1img\/bg-mask.png\" alt=\"Image Mask\"\/><img src=\"https:\/\/files.sunoresearch.com.br\/n\/uploads\/2021\/01\/13df76bd-wiz-400x200.webp\" alt=\"Dividendos alterados? Wiz (WIZS3) bate martelo e anuncia decis\u00e3o\"\/><\/a><span class=\"spotlightCategory\"><a href=\"https:\/\/www.suno.com.br\/noticias\/negocios\/\">Neg\u00f3cios<\/a><\/span><\/div><div class=\"cardsPage__listCard__boxs__content\"><a href=\"https:\/\/www.suno.com.br\/noticias\/dividendos-alterados-wiz-wizs3-evm\/\"><h2 class=\"content__title\">Dividendos alterados? Wiz (WIZS3) bate martelo e anuncia decis\u00e3o<\/h2><\/a><div class=\"newsContent__article__meta\"><div class=\"newsContent__article__meta__authorBox\"><a href=\"https:\/\/www.suno.com.br\/noticias\/author\/eduardo-vargas\/\" class=\"authorBox__avatar noMobi\"><img src=\"https:\/\/secure.gravatar.com\/avatar\/dac340933427a22924c9f99d1eb2e3f2?s=96&#038;r=g\" alt=\"Eduardo Vargas\"><\/a><div class=\"authorBox__name\"><span>por\n\t\t\t<a href=\"https:\/\/www.suno.com.br\/noticias\/author\/eduardo-vargas\/\"><span itemprop=\"author\">Eduardo Vargas<\/span><\/a><\/span><time datetime=\"2023-10-23T20:59:13-03:00\" itemprop=\"datePublished\">23\/10\/2023 20:59<\/time><\/div><\/div><\/div><\/div><\/div>","single_layout":"posts","amp_enabled":true,"_links":{"self":[{"href":"https:\/\/www.suno.com.br\/noticias\/wp-json\/wp\/v2\/posts\/475266"}],"collection":[{"href":"https:\/\/www.suno.com.br\/noticias\/wp-json\/wp\/v2\/posts"}],"about":[{"href":"https:\/\/www.suno.com.br\/noticias\/wp-json\/wp\/v2\/types\/post"}],"author":[{"embeddable":true,"href":"https:\/\/www.suno.com.br\/noticias\/wp-json\/wp\/v2\/users\/73"}],"replies":[{"embeddable":true,"href":"https:\/\/www.suno.com.br\/noticias\/wp-json\/wp\/v2\/comments?post=475266"}],"version-history":[{"count":2,"href":"https:\/\/www.suno.com.br\/noticias\/wp-json\/wp\/v2\/posts\/475266\/revisions"}],"predecessor-version":[{"id":475308,"href":"https:\/\/www.suno.com.br\/noticias\/wp-json\/wp\/v2\/posts\/475266\/revisions\/475308"}],"wp:featuredmedia":[{"embeddable":true,"href":"https:\/\/www.suno.com.br\/noticias\/wp-json\/wp\/v2\/media\/115228"}],"wp:attachment":[{"href":"https:\/\/www.suno.com.br\/noticias\/wp-json\/wp\/v2\/media?parent=475266"}],"wp:term":[{"taxonomy":"category","embeddable":true,"href":"https:\/\/www.suno.com.br\/noticias\/wp-json\/wp\/v2\/categories?post=475266"},{"taxonomy":"post_tag","embeddable":true,"href":"https:\/\/www.suno.com.br\/noticias\/wp-json\/wp\/v2\/tags?post=475266"},{"taxonomy":"suno_strategy","embeddable":true,"href":"https:\/\/www.suno.com.br\/noticias\/wp-json\/wp\/v2\/suno_strategy?post=475266"}],"curies":[{"name":"wp","href":"https:\/\/api.w.org\/{rel}","templated":true}]}}