{"id":47520,"date":"2019-12-11T20:01:10","date_gmt":"2019-12-11T22:01:10","guid":{"rendered":"https:\/\/www.suno.com.br\/noticias\/?p=47520"},"modified":"2019-12-11T21:00:20","modified_gmt":"2019-12-11T23:00:20","slug":"carf-cancela-tributacao-tam-por-ipo-multiplus","status":"publish","type":"post","link":"https:\/\/www.suno.com.br\/noticias\/carf-cancela-tributacao-tam-por-ipo-multiplus\/","title":{"rendered":"Carf cancela tributa\u00e7\u00e3o sobre a Tam por IPO da Multiplus"},"content":{"rendered":"<p>O <strong>Conselho Administrativo de Recursos Fiscais (Carf)<\/strong> cancelou, nesta quarta-feira (11), a cobran\u00e7a de <a href=\"https:\/\/www.suno.com.br\/artigos\/imposto-de-renda-guia\/\">Imposto de Renda<\/a> e <a href=\"https:\/\/www.suno.com.br\/artigos\/csll\/\">Contribui\u00e7\u00e3o Social sobre o Lucro L\u00edquido (<strong>CSLL<\/strong>)<\/a> da Tam sobre os ganhos com a <a href=\"https:\/\/www.suno.com.br\/artigos\/vale-pena-investir-em-um-ipo\/\">oferta p\u00fablica inicial de a\u00e7\u00f5es (<strong>IPO<\/strong>)<\/a> da <strong>Multiplus<\/strong>. A oferta antecedeu uma <a href=\"https:\/\/www.suno.com.br\/artigos\/reducao-capital\/\">redu\u00e7\u00e3o de capital<\/a> da empresa.<\/p>\t<div class=\"wrapper-featured-image\">\n\t\t<figure class=\"spotlightImg\">\n\n\t\t\t<picture>\n\t\t\t\t<source media=\"(max-width: 768px)\" srcset=\"https:\/\/files.sunoresearch.com.br\/n\/uploads\/2019\/12\/69abb09f-tam-400x200.webp\">\n\t\t\t\t<img loading=\"lazy\" decoding=\"async\" class=\"newsContent__article__imgCapa lazyloadDisabled newsContent__article__imgCapa--noCaption\" src=\"https:\/\/files.sunoresearch.com.br\/n\/uploads\/2019\/12\/69abb09f-tam-800x450.webp\" width=\"800\" height=\"450\" alt=\"Carf cancela tributa\u00e7\u00e3o sobre a Tam por IPO da Multiplus\" fetchpriority=high \/>\n\t\t\t<\/picture>\n\n\t\t\t<figcaption class=\"wp-caption-text wp-caption-text--hide\">Carf cancela tributa\u00e7\u00e3o sobre a Tam por IPO da Multiplus<\/figcaption>\n\t\t<\/figure>\n\t<\/div>\n\n\n<p><a href=\"https:\/\/lp.suno.com.br\/relatorio-gratuito-ipo-xp\/?utm_source=noticias&amp;utm_medium=noticia&amp;utm_campaign=preficicacao_xp\">Baixe o relat\u00f3rio gratuito da SUNO sobre o IPO da XP Investimentos<\/a><\/p>\n<p>A tributa\u00e7\u00e3o era cobrada pois, segundo a <strong>Receita Federal<\/strong>, o aumento de capital da <strong>Multiplus<\/strong>, sucedido por uma redu\u00e7\u00e3o, foi uma forma de disfar\u00e7ar a venda da participa\u00e7\u00e3o da Tam na empresa.<\/p>\n<p>O IPO ocorreu em 2010, no entanto, o capital da empresa foi fechado no ano passado. Com a oferta, a empresa levantou R$ 629 milh\u00f5es. Os recursos foram utilizados para comprar passagens da <strong>Tam<\/strong> com adiantamento. Naquela ocasi\u00e3o, a a\u00e9rea possu\u00eda 73% de participa\u00e7\u00e3o na empresa, com 27% do mercado.<\/p>\n<p>No ano seguinte ao <strong>IPO<\/strong>, a <strong>Multiplus<\/strong> reduziu seu capital em R$ 600 milh\u00f5es. O montante era proporcional \u00e0 <strong>Tam<\/strong> e aos acionistas minorit\u00e1rios. Com isso, a opera\u00e7\u00e3o foi considerada abusiva e il\u00edcita pelo Fisco.<\/p>\n<p>A empresa precisou pagar ainda uma multa qualificada de 150% que ocorre quando o Estado considera que uma medida foi realizada com o objetivo de reduzir o pagamento de impostos.<\/p>\n\t<p>\n\t\t<a href=\"https:\/\/lps.suno.com.br\/asset\/newsletter\/\" target=\"_blank\" data-element=\"shortcode-suno-banner\" title=\"Banner SUNO, clique e saiba mais\">\n\t\t\t<picture>\n\t\t\t\t<source media=\"(max-width: 500px)\" srcset=\"https:\/\/files.sunoresearch.com.br\/n\/uploads\/2023\/04\/400x300-Mobile-Artigos-4.jpg\">\n\t\t\t\t<img class=\"newsContent__article__imgCapa newsContent__article__imgCapa--banner\"\n\t\t\t\t\tsrc=\"https:\/\/files.sunoresearch.com.br\/n\/uploads\/2023\/04\/1420x240-Banner-Artigos-1-_-Banner-Materias-1.jpg\"\n\t\t\t\t\tdata-promo-id=\"386700\"\t\t\t\t\t\t\t\t\t\twidth='1420' height='240'\t\t\t\t\talt=\"https:\/\/files.sunoresearch.com.br\/n\/uploads\/2023\/04\/1420x240-Banner-Artigos-1-_-Banner-Materias-1.jpg\"\n\t\t\t\t>\n\t\t\t<\/picture>\n\t\t<\/a>\n\t<\/p>\n\n\n<p>\u201cO contribuinte se aproveitou da caracter\u00edstica do neg\u00f3cio, a forte gera\u00e7\u00e3o de caixa, e fez uma vers\u00e3o aperfei\u00e7oada da opera\u00e7\u00e3o casa e separa\u201d, afirmou o procurador da <strong>Fazenda Nacional<\/strong>, Rodrigo Burgos, sobre a irregularidade da opera\u00e7\u00e3o.<\/p>\n<h2>Latam une Multiplus em programa de fidelidade internacional<\/h2>\n<p>No final de setembro, a <strong>Latam Airlines<\/strong> anunciou a cria\u00e7\u00e3o do Latam Pass. O programa de benef\u00edcios \u00e9 uma reformula\u00e7\u00e3o do<span style=\"font-size: 1.21429rem;\">\u00a0<\/span><strong>Multiplus,<\/strong><span style=\"font-size: 1.21429rem;\"> utilizado no Brasil, e do Latam Fidelidade, v\u00e1lido para outros pa\u00edses da Am\u00e9rica Latina.<\/span><\/p>\n<p><a href=\"https:\/\/www.suno.com.br\/noticias\/latam-une-multiplus-programa-fidelidade-internacional\/\">Saiba mais: Latam une Multiplus em programa de fidelidade internacional<\/a><\/p>\n<p>De acordo o presidente da <strong>Latam<\/strong> no Brasil, Jerome Cadier, a otimiza\u00e7\u00e3o do programa de fidelidade \u00e9 uma forma de melhorar a experi\u00eancia dos clientes.<\/p>\n<p>\u201cA Latam, neste ano, redesenhou sua malha a\u00e9rea, revendo hor\u00e1rios e destinos, e come\u00e7ou a reformar as cabines dos avi\u00f5es. O programa de fidelidade \u00e9 o terceiro pilar de a\u00e7\u00e3o para melhorar a experi\u00eancia do consumidor\u201d, afirmou o presidente da \u00e1rea sobre a reformula\u00e7\u00e3o do <strong>Multiplus<\/strong>.<\/p>\n","protected":false},"excerpt":{"rendered":"<p>O Conselho Administrativo de Recursos Fiscais (Carf) cancelou, nesta quarta-feira (11), a cobran\u00e7a de Imposto de Renda e Contribui\u00e7\u00e3o Social sobre o Lucro L\u00edquido (CSLL) da Tam sobre os ganhos com a oferta p\u00fablica inicial de a\u00e7\u00f5es (IPO) da Multiplus. A oferta antecedeu uma redu\u00e7\u00e3o de capital da empresa. Carf cancela tributa\u00e7\u00e3o sobre a Tam [&hellip;]<\/p>\n","protected":false},"author":18,"featured_media":47525,"comment_status":"closed","ping_status":"closed","sticky":false,"template":"","format":"standard","meta":[],"categories":[64],"tags":[319,571],"suno_strategy":[],"class_list":["post-47520","post","type-post","status-publish","format-standard","has-post-thumbnail","hentry","category-negocios","tag-ipo-oferta-inicial-de-acoes","tag-multiplus"],"yoast_head":"<!-- This site is optimized with the Yoast SEO plugin v24.4 - https:\/\/yoast.com\/wordpress\/plugins\/seo\/ -->\n<title>Carf cancela tributa\u00e7\u00e3o sobre a Tam por IPO da Multiplus<\/title>\n<meta name=\"description\" content=\"O Carf cancelou a cobran\u00e7a de Imposto de Renda e CSLL da Tam sobre os ganhos com o IPO da Multiplus. Clique para saber mais.\" \/>\n<meta name=\"robots\" content=\"index, follow, max-snippet:-1, max-image-preview:large, max-video-preview:-1\" \/>\n<link rel=\"canonical\" href=\"https:\/\/www.suno.com.br\/noticias\/carf-cancela-tributacao-tam-por-ipo-multiplus\/\" \/>\n<meta property=\"og:locale\" content=\"pt_BR\" \/>\n<meta property=\"og:type\" content=\"article\" \/>\n<meta property=\"og:title\" content=\"Carf cancela tributa\u00e7\u00e3o sobre a Tam por IPO da Multiplus\" \/>\n<meta property=\"og:description\" content=\"O Carf cancelou a cobran\u00e7a de Imposto de Renda e CSLL da Tam sobre os ganhos com o IPO da Multiplus. Clique para saber mais.\" \/>\n<meta property=\"og:url\" content=\"https:\/\/www.suno.com.br\/noticias\/carf-cancela-tributacao-tam-por-ipo-multiplus\/\" \/>\n<meta property=\"og:site_name\" content=\"Suno Not\u00edcias\" \/>\n<meta property=\"article:publisher\" content=\"https:\/\/facebook.com\/sunoresearch\" \/>\n<meta property=\"og:image\" content=\"https:\/\/files.sunoresearch.com.br\/n\/uploads\/2019\/12\/69abb09f-tam.jpg\" \/>\n\t<meta property=\"og:image:width\" content=\"900\" \/>\n\t<meta property=\"og:image:height\" content=\"506\" \/>\n\t<meta property=\"og:image:type\" content=\"image\/jpeg\" \/>\n<meta name=\"author\" content=\"Giovanna Oliveira\" \/>\n<meta name=\"twitter:card\" content=\"summary_large_image\" \/>\n<meta name=\"twitter:creator\" content=\"@sunoresearch\" \/>\n<meta name=\"twitter:site\" content=\"@sunoresearch\" \/>\n<meta name=\"twitter:label1\" content=\"Escrito por\" \/>\n\t<meta name=\"twitter:data1\" content=\"Giovanna Oliveira\" \/>\n\t<meta name=\"twitter:label2\" content=\"Est. tempo de leitura\" \/>\n\t<meta name=\"twitter:data2\" content=\"2 minutos\" \/>\n<script type=\"application\/ld+json\" class=\"yoast-schema-graph\">{\"@context\":\"https:\/\/schema.org\",\"@graph\":[{\"@type\":\"NewsArticle\",\"@id\":\"https:\/\/www.suno.com.br\/noticias\/carf-cancela-tributacao-tam-por-ipo-multiplus\/#article\",\"isPartOf\":{\"@id\":\"https:\/\/www.suno.com.br\/noticias\/carf-cancela-tributacao-tam-por-ipo-multiplus\/\"},\"author\":{\"name\":\"Giovanna Oliveira\",\"@id\":\"https:\/\/www.suno.com.br\/noticias\/#\/schema\/person\/4e19e3d2575736e5283d58eb3199d120\"},\"headline\":\"Carf cancela tributa\u00e7\u00e3o sobre a Tam por IPO da Multiplus\",\"datePublished\":\"2019-12-11T22:01:10+00:00\",\"dateModified\":\"2019-12-11T23:00:20+00:00\",\"mainEntityOfPage\":{\"@id\":\"https:\/\/www.suno.com.br\/noticias\/carf-cancela-tributacao-tam-por-ipo-multiplus\/\"},\"wordCount\":414,\"publisher\":{\"@id\":\"https:\/\/www.suno.com.br\/noticias\/#organization\"},\"image\":{\"@id\":\"https:\/\/www.suno.com.br\/noticias\/carf-cancela-tributacao-tam-por-ipo-multiplus\/#primaryimage\"},\"thumbnailUrl\":\"https:\/\/files.sunoresearch.com.br\/n\/uploads\/2019\/12\/69abb09f-tam-jpg.webp\",\"keywords\":[\"IPO (Oferta Inicial de A\u00e7\u00f5es)\",\"Multiplus\"],\"articleSection\":[\"Neg\u00f3cios\"],\"inLanguage\":\"pt-BR\"},{\"@type\":\"WebPage\",\"@id\":\"https:\/\/www.suno.com.br\/noticias\/carf-cancela-tributacao-tam-por-ipo-multiplus\/\",\"url\":\"https:\/\/www.suno.com.br\/noticias\/carf-cancela-tributacao-tam-por-ipo-multiplus\/\",\"name\":\"Carf cancela tributa\u00e7\u00e3o sobre a Tam por IPO da Multiplus\",\"isPartOf\":{\"@id\":\"https:\/\/www.suno.com.br\/noticias\/#website\"},\"primaryImageOfPage\":{\"@id\":\"https:\/\/www.suno.com.br\/noticias\/carf-cancela-tributacao-tam-por-ipo-multiplus\/#primaryimage\"},\"image\":{\"@id\":\"https:\/\/www.suno.com.br\/noticias\/carf-cancela-tributacao-tam-por-ipo-multiplus\/#primaryimage\"},\"thumbnailUrl\":\"https:\/\/files.sunoresearch.com.br\/n\/uploads\/2019\/12\/69abb09f-tam-jpg.webp\",\"datePublished\":\"2019-12-11T22:01:10+00:00\",\"dateModified\":\"2019-12-11T23:00:20+00:00\",\"description\":\"O Carf cancelou a cobran\u00e7a de Imposto de Renda e CSLL da Tam sobre os ganhos com o IPO da Multiplus. Clique para saber mais.\",\"breadcrumb\":{\"@id\":\"https:\/\/www.suno.com.br\/noticias\/carf-cancela-tributacao-tam-por-ipo-multiplus\/#breadcrumb\"},\"inLanguage\":\"pt-BR\",\"potentialAction\":[{\"@type\":\"ReadAction\",\"target\":[\"https:\/\/www.suno.com.br\/noticias\/carf-cancela-tributacao-tam-por-ipo-multiplus\/\"]}]},{\"@type\":\"ImageObject\",\"inLanguage\":\"pt-BR\",\"@id\":\"https:\/\/www.suno.com.br\/noticias\/carf-cancela-tributacao-tam-por-ipo-multiplus\/#primaryimage\",\"url\":\"https:\/\/files.sunoresearch.com.br\/n\/uploads\/2019\/12\/69abb09f-tam-jpg.webp\",\"contentUrl\":\"https:\/\/files.sunoresearch.com.br\/n\/uploads\/2019\/12\/69abb09f-tam-jpg.webp\",\"width\":900,\"height\":506,\"caption\":\"Carf cancela tributa\u00e7\u00e3o sobre a Tam por IPO da Multiplus\"},{\"@type\":\"BreadcrumbList\",\"@id\":\"https:\/\/www.suno.com.br\/noticias\/carf-cancela-tributacao-tam-por-ipo-multiplus\/#breadcrumb\",\"itemListElement\":[{\"@type\":\"ListItem\",\"position\":1,\"name\":\"Not\u00edcias\",\"item\":\"https:\/\/www.suno.com.br\/noticias\/\"},{\"@type\":\"ListItem\",\"position\":2,\"name\":\"Neg\u00f3cios\",\"item\":\"https:\/\/www.suno.com.br\/noticias\/negocios\/\"},{\"@type\":\"ListItem\",\"position\":3,\"name\":\"Carf cancela tributa\u00e7\u00e3o sobre a Tam por IPO da Multiplus\"}]},{\"@type\":\"WebSite\",\"@id\":\"https:\/\/www.suno.com.br\/noticias\/#website\",\"url\":\"https:\/\/www.suno.com.br\/noticias\/\",\"name\":\"Suno Not\u00edcias\",\"description\":\"Seu portal de informa\u00e7\u00e3o sobre o mundo dos investimentos\",\"publisher\":{\"@id\":\"https:\/\/www.suno.com.br\/noticias\/#organization\"},\"potentialAction\":[{\"@type\":\"SearchAction\",\"target\":{\"@type\":\"EntryPoint\",\"urlTemplate\":\"https:\/\/www.suno.com.br\/noticias\/?s={search_term_string}\"},\"query-input\":{\"@type\":\"PropertyValueSpecification\",\"valueRequired\":true,\"valueName\":\"search_term_string\"}}],\"inLanguage\":\"pt-BR\"},{\"@type\":\"Organization\",\"@id\":\"https:\/\/www.suno.com.br\/noticias\/#organization\",\"name\":\"Suno Not\u00edcias\",\"url\":\"https:\/\/www.suno.com.br\/noticias\/\",\"logo\":{\"@type\":\"ImageObject\",\"inLanguage\":\"pt-BR\",\"@id\":\"https:\/\/www.suno.com.br\/noticias\/#\/schema\/logo\/image\/\",\"url\":\"https:\/\/files.sunoresearch.com.br\/n\/uploads\/2021\/09\/suno-logo.png\",\"contentUrl\":\"https:\/\/files.sunoresearch.com.br\/n\/uploads\/2021\/09\/suno-logo.png\",\"width\":180,\"height\":180,\"caption\":\"Suno Not\u00edcias\"},\"image\":{\"@id\":\"https:\/\/www.suno.com.br\/noticias\/#\/schema\/logo\/image\/\"},\"sameAs\":[\"https:\/\/facebook.com\/sunoresearch\",\"https:\/\/x.com\/sunoresearch\",\"https:\/\/www.instagram.com\/suno\",\"https:\/\/www.linkedin.com\/company\/suno-research\/\",\"https:\/\/www.youtube.com\/c\/sunoresearch\"]},{\"@type\":\"Person\",\"@id\":\"https:\/\/www.suno.com.br\/noticias\/#\/schema\/person\/4e19e3d2575736e5283d58eb3199d120\",\"name\":\"Giovanna Oliveira\",\"image\":{\"@type\":\"ImageObject\",\"inLanguage\":\"pt-BR\",\"@id\":\"https:\/\/www.suno.com.br\/noticias\/#\/schema\/person\/image\/\",\"url\":\"https:\/\/secure.gravatar.com\/avatar\/9a37b3ae208962ac568992d0ffdbc2eb?s=96&r=g\",\"contentUrl\":\"https:\/\/secure.gravatar.com\/avatar\/9a37b3ae208962ac568992d0ffdbc2eb?s=96&r=g\",\"caption\":\"Giovanna Oliveira\"},\"description\":\"Giovanna Oliveira escreve sobre economia e pol\u00edtica. Foi rep\u00f3rter do portal de jornalismo da ESPM-SP e produziu conte\u00fado para a Corinthians TV. \u00c9 estudante da ESPM.\",\"url\":\"https:\/\/www.suno.com.br\/noticias\/author\/giovanna\/\"}]}<\/script>\n<!-- \/ Yoast SEO plugin. -->","yoast_head_json":{"title":"Carf cancela tributa\u00e7\u00e3o sobre a Tam por IPO da Multiplus","description":"O Carf cancelou a cobran\u00e7a de Imposto de Renda e CSLL da Tam sobre os ganhos com o IPO da Multiplus. Clique para saber mais.","robots":{"index":"index","follow":"follow","max-snippet":"max-snippet:-1","max-image-preview":"max-image-preview:large","max-video-preview":"max-video-preview:-1"},"canonical":"https:\/\/www.suno.com.br\/noticias\/carf-cancela-tributacao-tam-por-ipo-multiplus\/","og_locale":"pt_BR","og_type":"article","og_title":"Carf cancela tributa\u00e7\u00e3o sobre a Tam por IPO da Multiplus","og_description":"O Carf cancelou a cobran\u00e7a de Imposto de Renda e CSLL da Tam sobre os ganhos com o IPO da Multiplus. Clique para saber mais.","og_url":"https:\/\/www.suno.com.br\/noticias\/carf-cancela-tributacao-tam-por-ipo-multiplus\/","og_site_name":"Suno Not\u00edcias","article_publisher":"https:\/\/facebook.com\/sunoresearch","og_image":[{"width":900,"height":506,"url":"https:\/\/files.sunoresearch.com.br\/n\/uploads\/2019\/12\/69abb09f-tam.jpg","type":"image\/jpeg"}],"author":"Giovanna Oliveira","twitter_card":"summary_large_image","twitter_creator":"@sunoresearch","twitter_site":"@sunoresearch","twitter_misc":{"Escrito por":"Giovanna Oliveira","Est. tempo de leitura":"2 minutos"},"schema":{"@context":"https:\/\/schema.org","@graph":[{"@type":"NewsArticle","@id":"https:\/\/www.suno.com.br\/noticias\/carf-cancela-tributacao-tam-por-ipo-multiplus\/#article","isPartOf":{"@id":"https:\/\/www.suno.com.br\/noticias\/carf-cancela-tributacao-tam-por-ipo-multiplus\/"},"author":{"name":"Giovanna Oliveira","@id":"https:\/\/www.suno.com.br\/noticias\/#\/schema\/person\/4e19e3d2575736e5283d58eb3199d120"},"headline":"Carf cancela tributa\u00e7\u00e3o sobre a Tam por IPO da Multiplus","datePublished":"2019-12-11T22:01:10+00:00","dateModified":"2019-12-11T23:00:20+00:00","mainEntityOfPage":{"@id":"https:\/\/www.suno.com.br\/noticias\/carf-cancela-tributacao-tam-por-ipo-multiplus\/"},"wordCount":414,"publisher":{"@id":"https:\/\/www.suno.com.br\/noticias\/#organization"},"image":{"@id":"https:\/\/www.suno.com.br\/noticias\/carf-cancela-tributacao-tam-por-ipo-multiplus\/#primaryimage"},"thumbnailUrl":"https:\/\/files.sunoresearch.com.br\/n\/uploads\/2019\/12\/69abb09f-tam-jpg.webp","keywords":["IPO (Oferta Inicial de A\u00e7\u00f5es)","Multiplus"],"articleSection":["Neg\u00f3cios"],"inLanguage":"pt-BR"},{"@type":"WebPage","@id":"https:\/\/www.suno.com.br\/noticias\/carf-cancela-tributacao-tam-por-ipo-multiplus\/","url":"https:\/\/www.suno.com.br\/noticias\/carf-cancela-tributacao-tam-por-ipo-multiplus\/","name":"Carf cancela tributa\u00e7\u00e3o sobre a Tam por IPO da Multiplus","isPartOf":{"@id":"https:\/\/www.suno.com.br\/noticias\/#website"},"primaryImageOfPage":{"@id":"https:\/\/www.suno.com.br\/noticias\/carf-cancela-tributacao-tam-por-ipo-multiplus\/#primaryimage"},"image":{"@id":"https:\/\/www.suno.com.br\/noticias\/carf-cancela-tributacao-tam-por-ipo-multiplus\/#primaryimage"},"thumbnailUrl":"https:\/\/files.sunoresearch.com.br\/n\/uploads\/2019\/12\/69abb09f-tam-jpg.webp","datePublished":"2019-12-11T22:01:10+00:00","dateModified":"2019-12-11T23:00:20+00:00","description":"O Carf cancelou a cobran\u00e7a de Imposto de Renda e CSLL da Tam sobre os ganhos com o IPO da Multiplus. Clique para saber mais.","breadcrumb":{"@id":"https:\/\/www.suno.com.br\/noticias\/carf-cancela-tributacao-tam-por-ipo-multiplus\/#breadcrumb"},"inLanguage":"pt-BR","potentialAction":[{"@type":"ReadAction","target":["https:\/\/www.suno.com.br\/noticias\/carf-cancela-tributacao-tam-por-ipo-multiplus\/"]}]},{"@type":"ImageObject","inLanguage":"pt-BR","@id":"https:\/\/www.suno.com.br\/noticias\/carf-cancela-tributacao-tam-por-ipo-multiplus\/#primaryimage","url":"https:\/\/files.sunoresearch.com.br\/n\/uploads\/2019\/12\/69abb09f-tam-jpg.webp","contentUrl":"https:\/\/files.sunoresearch.com.br\/n\/uploads\/2019\/12\/69abb09f-tam-jpg.webp","width":900,"height":506,"caption":"Carf cancela tributa\u00e7\u00e3o sobre a Tam por IPO da Multiplus"},{"@type":"BreadcrumbList","@id":"https:\/\/www.suno.com.br\/noticias\/carf-cancela-tributacao-tam-por-ipo-multiplus\/#breadcrumb","itemListElement":[{"@type":"ListItem","position":1,"name":"Not\u00edcias","item":"https:\/\/www.suno.com.br\/noticias\/"},{"@type":"ListItem","position":2,"name":"Neg\u00f3cios","item":"https:\/\/www.suno.com.br\/noticias\/negocios\/"},{"@type":"ListItem","position":3,"name":"Carf cancela tributa\u00e7\u00e3o sobre a Tam por IPO da Multiplus"}]},{"@type":"WebSite","@id":"https:\/\/www.suno.com.br\/noticias\/#website","url":"https:\/\/www.suno.com.br\/noticias\/","name":"Suno Not\u00edcias","description":"Seu portal de informa\u00e7\u00e3o sobre o mundo dos investimentos","publisher":{"@id":"https:\/\/www.suno.com.br\/noticias\/#organization"},"potentialAction":[{"@type":"SearchAction","target":{"@type":"EntryPoint","urlTemplate":"https:\/\/www.suno.com.br\/noticias\/?s={search_term_string}"},"query-input":{"@type":"PropertyValueSpecification","valueRequired":true,"valueName":"search_term_string"}}],"inLanguage":"pt-BR"},{"@type":"Organization","@id":"https:\/\/www.suno.com.br\/noticias\/#organization","name":"Suno Not\u00edcias","url":"https:\/\/www.suno.com.br\/noticias\/","logo":{"@type":"ImageObject","inLanguage":"pt-BR","@id":"https:\/\/www.suno.com.br\/noticias\/#\/schema\/logo\/image\/","url":"https:\/\/files.sunoresearch.com.br\/n\/uploads\/2021\/09\/suno-logo.png","contentUrl":"https:\/\/files.sunoresearch.com.br\/n\/uploads\/2021\/09\/suno-logo.png","width":180,"height":180,"caption":"Suno Not\u00edcias"},"image":{"@id":"https:\/\/www.suno.com.br\/noticias\/#\/schema\/logo\/image\/"},"sameAs":["https:\/\/facebook.com\/sunoresearch","https:\/\/x.com\/sunoresearch","https:\/\/www.instagram.com\/suno","https:\/\/www.linkedin.com\/company\/suno-research\/","https:\/\/www.youtube.com\/c\/sunoresearch"]},{"@type":"Person","@id":"https:\/\/www.suno.com.br\/noticias\/#\/schema\/person\/4e19e3d2575736e5283d58eb3199d120","name":"Giovanna Oliveira","image":{"@type":"ImageObject","inLanguage":"pt-BR","@id":"https:\/\/www.suno.com.br\/noticias\/#\/schema\/person\/image\/","url":"https:\/\/secure.gravatar.com\/avatar\/9a37b3ae208962ac568992d0ffdbc2eb?s=96&r=g","contentUrl":"https:\/\/secure.gravatar.com\/avatar\/9a37b3ae208962ac568992d0ffdbc2eb?s=96&r=g","caption":"Giovanna Oliveira"},"description":"Giovanna Oliveira escreve sobre economia e pol\u00edtica. Foi rep\u00f3rter do portal de jornalismo da ESPM-SP e produziu conte\u00fado para a Corinthians TV. \u00c9 estudante da ESPM.","url":"https:\/\/www.suno.com.br\/noticias\/author\/giovanna\/"}]}},"default_loop_html":"<div class=\"cardsPage__listCard__boxs\"><div class=\"cardsPage__listCard__boxs__img\"><a href=\"https:\/\/www.suno.com.br\/noticias\/carf-cancela-tributacao-tam-por-ipo-multiplus\/\"><img class=\"mask\" src=\"https:\/\/www.suno.com.br\/noticias\/wp-content\/themes\/suno\/resources\/images\/spotlight\/spotlight1img\/bg-mask.png\" alt=\"Image Mask\"\/><img src=\"https:\/\/files.sunoresearch.com.br\/n\/uploads\/2019\/12\/69abb09f-tam-400x200.webp\" alt=\"Carf cancela tributa\u00e7\u00e3o sobre a Tam por IPO da Multiplus\"\/><\/a><span class=\"spotlightCategory\"><a href=\"https:\/\/www.suno.com.br\/noticias\/negocios\/\">Neg\u00f3cios<\/a><\/span><\/div><div class=\"cardsPage__listCard__boxs__content\"><a href=\"https:\/\/www.suno.com.br\/noticias\/carf-cancela-tributacao-tam-por-ipo-multiplus\/\"><h2 class=\"content__title\">Carf cancela tributa\u00e7\u00e3o sobre a Tam por IPO da Multiplus<\/h2><\/a><div class=\"newsContent__article__meta\"><div class=\"newsContent__article__meta__authorBox\"><a href=\"https:\/\/www.suno.com.br\/noticias\/author\/giovanna\/\" class=\"authorBox__avatar noMobi\"><img src=\"https:\/\/files.sunoresearch.com.br\/n\/uploads\/2019\/06\/952a89ca-screenshot_20190608-171507-150x150.webp\" alt=\"Giovanna Oliveira\"><\/a><div class=\"authorBox__name\"><span>por\n\t\t\t<a href=\"https:\/\/www.suno.com.br\/noticias\/author\/giovanna\/\"><span itemprop=\"author\">Giovanna Oliveira<\/span><\/a><\/span><time datetime=\"2019-12-11T20:01:10-03:00\" itemprop=\"datePublished\">11\/12\/2019 20:01<\/time><\/div><\/div><\/div><\/div><\/div>","single_layout":"posts","amp_enabled":true,"_links":{"self":[{"href":"https:\/\/www.suno.com.br\/noticias\/wp-json\/wp\/v2\/posts\/47520"}],"collection":[{"href":"https:\/\/www.suno.com.br\/noticias\/wp-json\/wp\/v2\/posts"}],"about":[{"href":"https:\/\/www.suno.com.br\/noticias\/wp-json\/wp\/v2\/types\/post"}],"author":[{"embeddable":true,"href":"https:\/\/www.suno.com.br\/noticias\/wp-json\/wp\/v2\/users\/18"}],"replies":[{"embeddable":true,"href":"https:\/\/www.suno.com.br\/noticias\/wp-json\/wp\/v2\/comments?post=47520"}],"version-history":[{"count":0,"href":"https:\/\/www.suno.com.br\/noticias\/wp-json\/wp\/v2\/posts\/47520\/revisions"}],"wp:featuredmedia":[{"embeddable":true,"href":"https:\/\/www.suno.com.br\/noticias\/wp-json\/wp\/v2\/media\/47525"}],"wp:attachment":[{"href":"https:\/\/www.suno.com.br\/noticias\/wp-json\/wp\/v2\/media?parent=47520"}],"wp:term":[{"taxonomy":"category","embeddable":true,"href":"https:\/\/www.suno.com.br\/noticias\/wp-json\/wp\/v2\/categories?post=47520"},{"taxonomy":"post_tag","embeddable":true,"href":"https:\/\/www.suno.com.br\/noticias\/wp-json\/wp\/v2\/tags?post=47520"},{"taxonomy":"suno_strategy","embeddable":true,"href":"https:\/\/www.suno.com.br\/noticias\/wp-json\/wp\/v2\/suno_strategy?post=47520"}],"curies":[{"name":"wp","href":"https:\/\/api.w.org\/{rel}","templated":true}]}}