{"id":474924,"date":"2023-10-23T13:19:12","date_gmt":"2023-10-23T16:19:12","guid":{"rendered":"https:\/\/www.suno.com.br\/noticias\/?p=474924"},"modified":"2023-10-23T14:48:54","modified_gmt":"2023-10-23T17:48:54","slug":"lojas-renner-lren3-btg-compra-acoes-logistica-evm","status":"publish","type":"post","link":"https:\/\/www.suno.com.br\/noticias\/lojas-renner-lren3-btg-compra-acoes-logistica-evm\/","title":{"rendered":"Lojas Renner (LREN3): estrat\u00e9gia de entregas mais r\u00e1pidas traz vantagem competitiva; a\u00e7\u00f5es devem subir, dizem analistas"},"content":{"rendered":"<p>Ap\u00f3s um encontro com executivos das <a class=\"suno-keyword\" data-force=\"yes\" data-priority=\"2\" href=\"https:\/\/www.suno.com.br\/acoes\/LREN3\/\" target=\"_blank\" rel=\"noopener\">Lojas <strong>Renner<\/strong> (LREN3)<\/a>, analistas do BTG Pactual reiteraram seu otimismo com as a\u00e7\u00f5es da varejista, destacando as melhoras log\u00edsticas recentes.<\/p><div class=\"videoFull \">\n\t\t\t<div class=\"videoWrapper yt-lazyload center\"\n\t\t\t\tdata-width=\"960\"\n\t\t\t\tdata-height=\"540\"\n\t\t\t\tdata-id=\"sJrr_TF073I\"\n\t\t\t\tdata-alt=\"V\u00eddeo do YouTube - clique para reproduzir\"\n\t\t\t\tdata-logo=\"3\"\n\t\t\t\tdata-imagequality=\"maxres\">\n\t\t\t<\/div>\n\t\t<\/div><script type=\"application\/ld+json\">{\"@context\":\"https:\/\/schema.org\",\"@type\":\"VideoObject\",\"name\":\"\ud83d\udd34IBOVESPA CAI COM PETR4 E VALE3 | REAJUSTE NA GASOLINA | AMBIPAR (AMBP3) DERRETE\",\"description\":\"#mercadofinanceiro #investimentos #bolsadevalores #ibovespa #dinheiro #finan\u00e7as #d\u00f3lar #livedas19h #petr4 #petrobras #vale3 #vale #a\u00e7\u00f5es #economia #dividendos #ambipar #ambp3 #gasolina \ud83d\udd34 APP DO STATUS INVEST: https:\/\/lp.statusinvest.com.br\/cl\/novo-app-status-invest\/?utm_source=instagram.status&utm_medium=bio&utm_campaign=RSI.APP23.ns.20231019 O Ibovespa encerrou a sess\u00e3o de hoje (20) em queda de 0,74%, aos 113.155,28 pontos, ap\u00f3s oscilar entre m\u00ednima de 112.533,33 e m\u00e1xima de 114.089,58. O volume financeiro do dia foi\u2026\",\"duration\":\"PT27M13S\",\"embedUrl\":\"https:\/\/www.youtube.com\/embed\/sJrr_TF073I\",\"regionsAllowed\":\"pt-BR\",\"interactionStatistic\":{\"@type\":\"InteractionCounter\",\"interactionType\":{\"@type\":\"WatchAction\"},\"userInteractionCount\":2062},\"thumbnailUrl\":\"https:\/\/i.ytimg.com\/vi\/sJrr_TF073I\/default.jpg\",\"uploadDate\":\"2023-10-21T10:30:59Z\"}<\/script>\n\n\n\n\n\t<p>\n\t\t<a href=\"https:\/\/lp.suno.com.br\/planilha-da-vida-financeira\/\" target=\"_blank\" data-element=\"shortcode-suno-banner\" title=\"Banner SUNO, clique e saiba mais\">\n\t\t\t<picture>\n\t\t\t\t<source media=\"(max-width: 500px)\" srcset=\"https:\/\/files.sunoresearch.com.br\/n\/uploads\/2023\/04\/400x300-Planilha-vida-financeira-true.png\">\n\t\t\t\t<img class=\"newsContent__article__imgCapa newsContent__article__imgCapa--banner\"\n\t\t\t\t\tsrc=\"https:\/\/files.sunoresearch.com.br\/n\/uploads\/2023\/04\/1420x240-Planilha-vida-financeira-true.png\"\n\t\t\t\t\tdata-promo-id=\"106682\"\t\t\t\t\t\t\t\t\t\twidth='1420' height='240'\t\t\t\t\talt=\"https:\/\/files.sunoresearch.com.br\/n\/uploads\/2023\/04\/1420x240-Planilha-vida-financeira-true.png\"\n\t\t\t\t>\n\t\t\t<\/picture>\n\t\t<\/a>\n\t<\/p>\n\n\n\n\n\n\n\n<p>Os especialistas t\u00eam pre\u00e7o-alvo de R$ 22 para as a\u00e7\u00f5es <strong><a href=\"https:\/\/statusinvest.com.br\/acoes\/lren3\" target=\"_blank\" rel=\"noreferrer noopener\">LREN3<\/a><\/strong>. Nesta segunda (23), as <strong>a\u00e7\u00f5es da Renner<\/strong> operam em alta de 1,2%, a R$ 12,39.<\/p>\n\n\n\n<p>&#8220;Estivemos com o CEO, CFO e Diretor de Supply da Renner recentemente no novo centro de distribui\u00e7\u00e3o (CD), em Cabre\u00fava (SP), onde obtivemos alguns insights sobre a estrat\u00e9gia da cadeia de suprimentos. A Renner concluiu seu esse CD (onde investiu R$ 750 milh\u00f5es, mais outros R$ 500 milh\u00f5es da Kinea), que em os \u00faltimos trimestres pesaram sobre a rentabilidade durante o seu crescimento, mas devem garantir ganhos de log\u00edstica de KPI e menores prazos de entrega em sua opera\u00e7\u00e3o de e-commerce&#8221;, destaca o BTG.<\/p>\n\n\n\n<p>Segundo a casa, o novo CD foi feito para para aumentar a personaliza\u00e7\u00e3o do portf\u00f3lio de cada loja, melhorando os n\u00edveis de estoque e reduzindo a ruptura.<\/p>\n\n\n\n<p>&#8220;As <strong>Lojas Renner<\/strong> planejam reduzir o<strong> prazo de entrega<\/strong> das lojas de 8 para 3-4 dias at\u00e9 2024 e criar pontos de tr\u00e2nsito para tornar a entrega de com\u00e9rcio eletr\u00f4nico de \u00faltima milha mais eficiente&#8221;, destacam os especialistas.<\/p>\n\n\n\n<p>Com isso, a varejista espera fazer 70-80% das <strong>entregas online<\/strong> em 48 horas at\u00e9 2025 atrav\u00e9s do CD somado ao modelo omnichannel.<\/p>\n\n\n\n<p>&#8220;Espera-se que o novo CD apoie a expans\u00e3o da Renner pelo menos at\u00e9 2035, com potencial melhora de 1,5 a 2 pontos percentuais na <a class=\"suno-keyword\" data-force=\"no\" data-priority=\"1\" href=\"https:\/\/www.suno.com.br\/artigos\/margem-ebit\/\" target=\"_blank\" rel=\"noopener\">margem EBIT<\/a> durante 12 a 18 meses&#8221;, analisa o BTG.<\/p>\n\n\n\n\t<div data-element=\"shortcode-read-more\" class=\"readToo\">\n\t\t\t\t<span class=\"readToo__title\">Leia mais<\/span>\n\t\t\t\t<ul class=\"readToo__list\">\n\t\t\t<li><a href=\"https:\/\/www.suno.com.br\/noticias\/gripe-aviaria-japao-dissolve-embargo-importacao-frango-ovos-cpf\/\">Gripe avi\u00e1ria: Jap\u00e3o dissolve embargo sobre importa\u00e7\u00e3o de frango e ovos de MS<\/a><\/li><li><a href=\"https:\/\/www.suno.com.br\/noticias\/israel-hamas-guerra-gaza-gpj\/\">Israel e Hamas se enfrentam na Faixa de Gaza e intensificam bombardeios; mais duas ref\u00e9ns israelenses s\u00e3o libertadas pelo grupo terrorista<\/a><\/li><li><a href=\"https:\/\/www.suno.com.br\/noticias\/destaques-americanas-pao-de-acucar-e-mais-va\/\">Americanas (AMER3), P\u00e3o de A\u00e7\u00facar (PCAR3) e Lojas Renner (LREN3) agitam o mercado nesta segunda (16); veja mais destaques<\/a><\/li>\t\t<\/ul>\n\t<\/div>\n\n\n\n\n<h2 class=\"wp-block-heading\">Estrat\u00e9gia da Renner em &#8216;linha do tempo&#8217;<\/h2>\n\n\n\n<p>Sobre o hist\u00f3rico da companhia, os analistas explicam que as varejistas de fast fashion geralmente combinam prazos de entrega mais curtos, designs modernos e pre\u00e7os acess\u00edveis, o que lhes confere diversas vantagens em rela\u00e7\u00e3o \u00e0s lojas de departamentos e lojas especializadas. <\/p>\n\n\n\n<p>&#8220;Normalmente, um varejista de fast fashion trabalha com um sistema pull (em vez de tradicional sistema push), numa esp\u00e9cie de \u201ccadeia de demanda\u201d onde o consumidor \u00e9 capacitado e exige fornecimento cont\u00ednuo de produtos novos e inovadores em pre\u00e7os acess\u00edveis&#8221;.<\/p>\n\n\n\t<p>\n\t\t<a href=\"https:\/\/lp.suno.com.br\/ebook-como-analisar-uma-acao\/\" target=\"_blank\" data-element=\"shortcode-suno-banner\" title=\"Banner SUNO, clique e saiba mais\">\n\t\t\t<picture>\n\t\t\t\t<source media=\"(max-width: 500px)\" srcset=\"https:\/\/files.sunoresearch.com.br\/n\/uploads\/2023\/03\/Ebook-Acoes-Mobile.jpg\">\n\t\t\t\t<img class=\"newsContent__article__imgCapa newsContent__article__imgCapa--banner\"\n\t\t\t\t\tsrc=\"https:\/\/files.sunoresearch.com.br\/n\/uploads\/2023\/03\/Ebook-Acoes-Desktop.jpg\"\n\t\t\t\t\tdata-promo-id=\"378302\"\t\t\t\t\t\t\t\t\t\twidth='1420' height='286'\t\t\t\t\talt=\"https:\/\/files.sunoresearch.com.br\/n\/uploads\/2023\/03\/Ebook-Acoes-Desktop.jpg\"\n\t\t\t\t>\n\t\t\t<\/picture>\n\t\t<\/a>\n\t<\/p>\n\n\n\n\n\n<p>Em meados de 2009 a Renner come\u00e7ou a analisar um novo modelo log\u00edstico para apoiar seu plano de crescimento, melhorando a capacidade de resposta e melhorando o estoque gerenciamento.<\/p>\n\n\n\n<p>J\u00e1 em 2011, iniciou as obras de um CD de 50 mil m\u00b2 no Rio e finalizou em 2012. Em 2014, concluiu seu segundo CD em Santa Catarina. <\/p>\n\n\n\n<p>Segundo o BTG, com essa trajet\u00f3ria a ideia era tamb\u00e9m refinar o aloca\u00e7\u00e3o de cole\u00e7\u00f5es, com base nas diferentes caracter\u00edsticas de cada regi\u00e3o. <\/p>\n\n\n\n<p>&#8220;A Renner optou migrar para um modelo push-pull (para itens b\u00e1sicos e core), baseado no equil\u00edbrio entre itens despachados e aqueles solicitados pelas lojas. Com este modelo, as flutua\u00e7\u00f5es da procura podem ser satisfeitas atrav\u00e9s de uma correspondente menor necessidade de redu\u00e7\u00f5es de pre\u00e7os&#8221;, observa o BTG.<\/p>\n\n\n\n<p>&#8220;Ao longo do tempo, a <strong>Renner<\/strong> conseguiu distribuir melhor alguns itens enviados para cada loja, garantindo menos casos de escassez de produtos em unidades espec\u00edficas, necessidade de remarca\u00e7\u00f5es e intra-loja transfer\u00eancias de produtos. Com o novo CD em S\u00e3o Paulo, dever\u00e1 estender esses benef\u00edcios para todos os itens vendidos nas lojas (incluindo mais itens de moda), aumentando ao mesmo tempo a efici\u00eancia de seu modelo push-and-pull para itens mais b\u00e1sicos&#8221;, conclui.<\/p>\n\n\n\t<p>\n\t\t<a href=\"https:\/\/lp.suno.com.br\/planilha-da-vida-financeira\/\" target=\"_blank\" data-element=\"shortcode-suno-banner\" title=\"Banner SUNO, clique e saiba mais\">\n\t\t\t<picture>\n\t\t\t\t<source media=\"(max-width: 500px)\" srcset=\"https:\/\/files.sunoresearch.com.br\/n\/uploads\/2023\/04\/400x300-Planilha-vida-financeira-true.png\">\n\t\t\t\t<img class=\"newsContent__article__imgCapa newsContent__article__imgCapa--banner\"\n\t\t\t\t\tsrc=\"https:\/\/files.sunoresearch.com.br\/n\/uploads\/2023\/04\/1420x240-Planilha-vida-financeira-true.png\"\n\t\t\t\t\tdata-promo-id=\"383123\"\t\t\t\t\t\t\t\t\t\twidth='1420' height='240'\t\t\t\t\talt=\"https:\/\/files.sunoresearch.com.br\/n\/uploads\/2023\/04\/1420x240-Planilha-vida-financeira-true.png\"\n\t\t\t\t>\n\t\t\t<\/picture>\n\t\t<\/a>\n\t<\/p>\n\n\n","protected":false},"excerpt":{"rendered":"<p>Ap\u00f3s um encontro com executivos das Lojas Renner (LREN3), analistas do BTG Pactual reiteraram seu otimismo com as a\u00e7\u00f5es da varejista, destacando as melhoras log\u00edsticas recentes. Os especialistas t\u00eam pre\u00e7o-alvo de R$ 22 para as a\u00e7\u00f5es LREN3. Nesta segunda (23), as a\u00e7\u00f5es da Renner operam em alta de 1,2%, a R$ 12,39. &#8220;Estivemos com o [&hellip;]<\/p>\n","protected":false},"author":73,"featured_media":85785,"comment_status":"closed","ping_status":"closed","sticky":false,"template":"","format":"standard","meta":[],"categories":[64],"tags":[105816,542],"suno_strategy":[],"class_list":["post-474924","post","type-post","status-publish","format-standard","has-post-thumbnail","hentry","category-negocios","tag-especialistas","tag-lojas-renner-lren3"],"yoast_head":"<!-- This site is optimized with the Yoast SEO plugin v24.4 - https:\/\/yoast.com\/wordpress\/plugins\/seo\/ -->\n<title>Lojas Renner (LREN3): entregas mais r\u00e1pidas, a\u00e7\u00f5es em alta<\/title>\n<meta name=\"description\" content=\"Analistas do BTG Pactual destacam que novo centro de distribui\u00e7\u00e3o das Lojas Renner, em Cabre\u00fava (SP), deve dar melhora log\u00edstica \u00e0 empresa\" \/>\n<meta name=\"robots\" content=\"index, follow, max-snippet:-1, max-image-preview:large, max-video-preview:-1\" \/>\n<link rel=\"canonical\" href=\"https:\/\/www.suno.com.br\/noticias\/lojas-renner-lren3-btg-compra-acoes-logistica-evm\/\" \/>\n<meta property=\"og:locale\" content=\"pt_BR\" \/>\n<meta property=\"og:type\" content=\"article\" \/>\n<meta property=\"og:title\" content=\"Lojas Renner (LREN3): entregas mais r\u00e1pidas, a\u00e7\u00f5es em alta\" \/>\n<meta property=\"og:description\" content=\"Analistas do BTG Pactual destacam que novo centro de distribui\u00e7\u00e3o das Lojas Renner, em Cabre\u00fava (SP), deve dar melhora log\u00edstica \u00e0 empresa\" \/>\n<meta property=\"og:url\" content=\"https:\/\/www.suno.com.br\/noticias\/lojas-renner-lren3-btg-compra-acoes-logistica-evm\/\" \/>\n<meta property=\"og:site_name\" content=\"Suno Not\u00edcias\" \/>\n<meta property=\"article:publisher\" content=\"https:\/\/facebook.com\/sunoresearch\" \/>\n<meta property=\"og:image\" content=\"https:\/\/files.sunoresearch.com.br\/n\/uploads\/2020\/09\/47aaee01-xvywkf1.jpg\" \/>\n\t<meta property=\"og:image:width\" content=\"1536\" \/>\n\t<meta property=\"og:image:height\" content=\"1152\" \/>\n\t<meta property=\"og:image:type\" content=\"image\/jpeg\" \/>\n<meta name=\"author\" content=\"Eduardo Vargas\" \/>\n<meta name=\"twitter:card\" content=\"summary_large_image\" \/>\n<meta name=\"twitter:creator\" content=\"@sunoresearch\" \/>\n<meta name=\"twitter:site\" content=\"@sunoresearch\" \/>\n<meta name=\"twitter:label1\" content=\"Escrito por\" \/>\n\t<meta name=\"twitter:data1\" content=\"Eduardo Vargas\" \/>\n\t<meta name=\"twitter:label2\" content=\"Est. tempo de leitura\" \/>\n\t<meta name=\"twitter:data2\" content=\"4 minutos\" \/>\n<script type=\"application\/ld+json\" class=\"yoast-schema-graph\">{\"@context\":\"https:\/\/schema.org\",\"@graph\":[{\"@type\":\"NewsArticle\",\"@id\":\"https:\/\/www.suno.com.br\/noticias\/lojas-renner-lren3-btg-compra-acoes-logistica-evm\/#article\",\"isPartOf\":{\"@id\":\"https:\/\/www.suno.com.br\/noticias\/lojas-renner-lren3-btg-compra-acoes-logistica-evm\/\"},\"author\":{\"name\":\"Eduardo Vargas\",\"@id\":\"https:\/\/www.suno.com.br\/noticias\/#\/schema\/person\/7f4d362bf3518e76090143ae77bb49a5\"},\"headline\":\"Lojas Renner (LREN3): estrat\u00e9gia de entregas mais r\u00e1pidas traz vantagem competitiva; a\u00e7\u00f5es devem subir, dizem analistas\",\"datePublished\":\"2023-10-23T16:19:12+00:00\",\"dateModified\":\"2023-10-23T17:48:54+00:00\",\"mainEntityOfPage\":{\"@id\":\"https:\/\/www.suno.com.br\/noticias\/lojas-renner-lren3-btg-compra-acoes-logistica-evm\/\"},\"wordCount\":602,\"publisher\":{\"@id\":\"https:\/\/www.suno.com.br\/noticias\/#organization\"},\"image\":{\"@id\":\"https:\/\/www.suno.com.br\/noticias\/lojas-renner-lren3-btg-compra-acoes-logistica-evm\/#primaryimage\"},\"thumbnailUrl\":\"https:\/\/files.sunoresearch.com.br\/n\/uploads\/2020\/09\/47aaee01-xvywkf1-jpg.webp\",\"keywords\":[\"Especialistas\",\"Lojas Renner (LREN3)\"],\"articleSection\":[\"Neg\u00f3cios\"],\"inLanguage\":\"pt-BR\"},{\"@type\":\"WebPage\",\"@id\":\"https:\/\/www.suno.com.br\/noticias\/lojas-renner-lren3-btg-compra-acoes-logistica-evm\/\",\"url\":\"https:\/\/www.suno.com.br\/noticias\/lojas-renner-lren3-btg-compra-acoes-logistica-evm\/\",\"name\":\"Lojas Renner (LREN3): entregas mais r\u00e1pidas, a\u00e7\u00f5es em alta\",\"isPartOf\":{\"@id\":\"https:\/\/www.suno.com.br\/noticias\/#website\"},\"primaryImageOfPage\":{\"@id\":\"https:\/\/www.suno.com.br\/noticias\/lojas-renner-lren3-btg-compra-acoes-logistica-evm\/#primaryimage\"},\"image\":{\"@id\":\"https:\/\/www.suno.com.br\/noticias\/lojas-renner-lren3-btg-compra-acoes-logistica-evm\/#primaryimage\"},\"thumbnailUrl\":\"https:\/\/files.sunoresearch.com.br\/n\/uploads\/2020\/09\/47aaee01-xvywkf1-jpg.webp\",\"datePublished\":\"2023-10-23T16:19:12+00:00\",\"dateModified\":\"2023-10-23T17:48:54+00:00\",\"description\":\"Analistas do BTG Pactual destacam que novo centro de distribui\u00e7\u00e3o das Lojas Renner, em Cabre\u00fava (SP), deve dar melhora log\u00edstica \u00e0 empresa\",\"breadcrumb\":{\"@id\":\"https:\/\/www.suno.com.br\/noticias\/lojas-renner-lren3-btg-compra-acoes-logistica-evm\/#breadcrumb\"},\"inLanguage\":\"pt-BR\",\"potentialAction\":[{\"@type\":\"ReadAction\",\"target\":[\"https:\/\/www.suno.com.br\/noticias\/lojas-renner-lren3-btg-compra-acoes-logistica-evm\/\"]}]},{\"@type\":\"ImageObject\",\"inLanguage\":\"pt-BR\",\"@id\":\"https:\/\/www.suno.com.br\/noticias\/lojas-renner-lren3-btg-compra-acoes-logistica-evm\/#primaryimage\",\"url\":\"https:\/\/files.sunoresearch.com.br\/n\/uploads\/2020\/09\/47aaee01-xvywkf1-jpg.webp\",\"contentUrl\":\"https:\/\/files.sunoresearch.com.br\/n\/uploads\/2020\/09\/47aaee01-xvywkf1-jpg.webp\",\"width\":1536,\"height\":1152,\"caption\":\"Lojas Renner (LREN3).Foto: Divulga\u00e7\u00e3o\/Renner\"},{\"@type\":\"BreadcrumbList\",\"@id\":\"https:\/\/www.suno.com.br\/noticias\/lojas-renner-lren3-btg-compra-acoes-logistica-evm\/#breadcrumb\",\"itemListElement\":[{\"@type\":\"ListItem\",\"position\":1,\"name\":\"Not\u00edcias\",\"item\":\"https:\/\/www.suno.com.br\/noticias\/\"},{\"@type\":\"ListItem\",\"position\":2,\"name\":\"Neg\u00f3cios\",\"item\":\"https:\/\/www.suno.com.br\/noticias\/negocios\/\"},{\"@type\":\"ListItem\",\"position\":3,\"name\":\"Lojas Renner (LREN3): estrat\u00e9gia de entregas mais r\u00e1pidas traz vantagem competitiva; a\u00e7\u00f5es devem subir, dizem analistas\"}]},{\"@type\":\"WebSite\",\"@id\":\"https:\/\/www.suno.com.br\/noticias\/#website\",\"url\":\"https:\/\/www.suno.com.br\/noticias\/\",\"name\":\"Suno Not\u00edcias\",\"description\":\"Seu portal de informa\u00e7\u00e3o sobre o mundo dos investimentos\",\"publisher\":{\"@id\":\"https:\/\/www.suno.com.br\/noticias\/#organization\"},\"potentialAction\":[{\"@type\":\"SearchAction\",\"target\":{\"@type\":\"EntryPoint\",\"urlTemplate\":\"https:\/\/www.suno.com.br\/noticias\/?s={search_term_string}\"},\"query-input\":{\"@type\":\"PropertyValueSpecification\",\"valueRequired\":true,\"valueName\":\"search_term_string\"}}],\"inLanguage\":\"pt-BR\"},{\"@type\":\"Organization\",\"@id\":\"https:\/\/www.suno.com.br\/noticias\/#organization\",\"name\":\"Suno Not\u00edcias\",\"url\":\"https:\/\/www.suno.com.br\/noticias\/\",\"logo\":{\"@type\":\"ImageObject\",\"inLanguage\":\"pt-BR\",\"@id\":\"https:\/\/www.suno.com.br\/noticias\/#\/schema\/logo\/image\/\",\"url\":\"https:\/\/files.sunoresearch.com.br\/n\/uploads\/2021\/09\/suno-logo.png\",\"contentUrl\":\"https:\/\/files.sunoresearch.com.br\/n\/uploads\/2021\/09\/suno-logo.png\",\"width\":180,\"height\":180,\"caption\":\"Suno Not\u00edcias\"},\"image\":{\"@id\":\"https:\/\/www.suno.com.br\/noticias\/#\/schema\/logo\/image\/\"},\"sameAs\":[\"https:\/\/facebook.com\/sunoresearch\",\"https:\/\/x.com\/sunoresearch\",\"https:\/\/www.instagram.com\/suno\",\"https:\/\/www.linkedin.com\/company\/suno-research\/\",\"https:\/\/www.youtube.com\/c\/sunoresearch\"]},{\"@type\":\"Person\",\"@id\":\"https:\/\/www.suno.com.br\/noticias\/#\/schema\/person\/7f4d362bf3518e76090143ae77bb49a5\",\"name\":\"Eduardo Vargas\",\"image\":{\"@type\":\"ImageObject\",\"inLanguage\":\"pt-BR\",\"@id\":\"https:\/\/www.suno.com.br\/noticias\/#\/schema\/person\/image\/\",\"url\":\"https:\/\/secure.gravatar.com\/avatar\/dac340933427a22924c9f99d1eb2e3f2?s=96&r=g\",\"contentUrl\":\"https:\/\/secure.gravatar.com\/avatar\/dac340933427a22924c9f99d1eb2e3f2?s=96&r=g\",\"caption\":\"Eduardo Vargas\"},\"description\":\"Jornalista formado pela UFSC, cobre macroeconomia, neg\u00f3cios e startups para o Suno Not\u00edcias, escrevendo principalmente not\u00edcias sobre o mercado financeiro e a bolsa de valores. No YouTube e no Instagram, \u00e9 respons\u00e1vel pela produ\u00e7\u00e3o de Reels e Shorts do Suno Not\u00edcias. Anteriormente, trabalhou cobrindo economia e cotidiano no ND+ e para o ND, maior jornal impresso de Santa Catarina. Cursou um semestre letivo de Estudos de M\u00eddia na Universidad de Buenos Aires.\",\"url\":\"https:\/\/www.suno.com.br\/noticias\/author\/eduardo-vargas\/\"}]}<\/script>\n<!-- \/ Yoast SEO plugin. -->","yoast_head_json":{"title":"Lojas Renner (LREN3): entregas mais r\u00e1pidas, a\u00e7\u00f5es em alta","description":"Analistas do BTG Pactual destacam que novo centro de distribui\u00e7\u00e3o das Lojas Renner, em Cabre\u00fava (SP), deve dar melhora log\u00edstica \u00e0 empresa","robots":{"index":"index","follow":"follow","max-snippet":"max-snippet:-1","max-image-preview":"max-image-preview:large","max-video-preview":"max-video-preview:-1"},"canonical":"https:\/\/www.suno.com.br\/noticias\/lojas-renner-lren3-btg-compra-acoes-logistica-evm\/","og_locale":"pt_BR","og_type":"article","og_title":"Lojas Renner (LREN3): entregas mais r\u00e1pidas, a\u00e7\u00f5es em alta","og_description":"Analistas do BTG Pactual destacam que novo centro de distribui\u00e7\u00e3o das Lojas Renner, em Cabre\u00fava (SP), deve dar melhora log\u00edstica \u00e0 empresa","og_url":"https:\/\/www.suno.com.br\/noticias\/lojas-renner-lren3-btg-compra-acoes-logistica-evm\/","og_site_name":"Suno Not\u00edcias","article_publisher":"https:\/\/facebook.com\/sunoresearch","og_image":[{"width":1536,"height":1152,"url":"https:\/\/files.sunoresearch.com.br\/n\/uploads\/2020\/09\/47aaee01-xvywkf1.jpg","type":"image\/jpeg"}],"author":"Eduardo Vargas","twitter_card":"summary_large_image","twitter_creator":"@sunoresearch","twitter_site":"@sunoresearch","twitter_misc":{"Escrito por":"Eduardo Vargas","Est. tempo de leitura":"4 minutos"},"schema":{"@context":"https:\/\/schema.org","@graph":[{"@type":"NewsArticle","@id":"https:\/\/www.suno.com.br\/noticias\/lojas-renner-lren3-btg-compra-acoes-logistica-evm\/#article","isPartOf":{"@id":"https:\/\/www.suno.com.br\/noticias\/lojas-renner-lren3-btg-compra-acoes-logistica-evm\/"},"author":{"name":"Eduardo Vargas","@id":"https:\/\/www.suno.com.br\/noticias\/#\/schema\/person\/7f4d362bf3518e76090143ae77bb49a5"},"headline":"Lojas Renner (LREN3): estrat\u00e9gia de entregas mais r\u00e1pidas traz vantagem competitiva; a\u00e7\u00f5es devem subir, dizem analistas","datePublished":"2023-10-23T16:19:12+00:00","dateModified":"2023-10-23T17:48:54+00:00","mainEntityOfPage":{"@id":"https:\/\/www.suno.com.br\/noticias\/lojas-renner-lren3-btg-compra-acoes-logistica-evm\/"},"wordCount":602,"publisher":{"@id":"https:\/\/www.suno.com.br\/noticias\/#organization"},"image":{"@id":"https:\/\/www.suno.com.br\/noticias\/lojas-renner-lren3-btg-compra-acoes-logistica-evm\/#primaryimage"},"thumbnailUrl":"https:\/\/files.sunoresearch.com.br\/n\/uploads\/2020\/09\/47aaee01-xvywkf1-jpg.webp","keywords":["Especialistas","Lojas Renner (LREN3)"],"articleSection":["Neg\u00f3cios"],"inLanguage":"pt-BR"},{"@type":"WebPage","@id":"https:\/\/www.suno.com.br\/noticias\/lojas-renner-lren3-btg-compra-acoes-logistica-evm\/","url":"https:\/\/www.suno.com.br\/noticias\/lojas-renner-lren3-btg-compra-acoes-logistica-evm\/","name":"Lojas Renner (LREN3): entregas mais r\u00e1pidas, a\u00e7\u00f5es em alta","isPartOf":{"@id":"https:\/\/www.suno.com.br\/noticias\/#website"},"primaryImageOfPage":{"@id":"https:\/\/www.suno.com.br\/noticias\/lojas-renner-lren3-btg-compra-acoes-logistica-evm\/#primaryimage"},"image":{"@id":"https:\/\/www.suno.com.br\/noticias\/lojas-renner-lren3-btg-compra-acoes-logistica-evm\/#primaryimage"},"thumbnailUrl":"https:\/\/files.sunoresearch.com.br\/n\/uploads\/2020\/09\/47aaee01-xvywkf1-jpg.webp","datePublished":"2023-10-23T16:19:12+00:00","dateModified":"2023-10-23T17:48:54+00:00","description":"Analistas do BTG Pactual destacam que novo centro de distribui\u00e7\u00e3o das Lojas Renner, em Cabre\u00fava (SP), deve dar melhora log\u00edstica \u00e0 empresa","breadcrumb":{"@id":"https:\/\/www.suno.com.br\/noticias\/lojas-renner-lren3-btg-compra-acoes-logistica-evm\/#breadcrumb"},"inLanguage":"pt-BR","potentialAction":[{"@type":"ReadAction","target":["https:\/\/www.suno.com.br\/noticias\/lojas-renner-lren3-btg-compra-acoes-logistica-evm\/"]}]},{"@type":"ImageObject","inLanguage":"pt-BR","@id":"https:\/\/www.suno.com.br\/noticias\/lojas-renner-lren3-btg-compra-acoes-logistica-evm\/#primaryimage","url":"https:\/\/files.sunoresearch.com.br\/n\/uploads\/2020\/09\/47aaee01-xvywkf1-jpg.webp","contentUrl":"https:\/\/files.sunoresearch.com.br\/n\/uploads\/2020\/09\/47aaee01-xvywkf1-jpg.webp","width":1536,"height":1152,"caption":"Lojas Renner (LREN3).Foto: Divulga\u00e7\u00e3o\/Renner"},{"@type":"BreadcrumbList","@id":"https:\/\/www.suno.com.br\/noticias\/lojas-renner-lren3-btg-compra-acoes-logistica-evm\/#breadcrumb","itemListElement":[{"@type":"ListItem","position":1,"name":"Not\u00edcias","item":"https:\/\/www.suno.com.br\/noticias\/"},{"@type":"ListItem","position":2,"name":"Neg\u00f3cios","item":"https:\/\/www.suno.com.br\/noticias\/negocios\/"},{"@type":"ListItem","position":3,"name":"Lojas Renner (LREN3): estrat\u00e9gia de entregas mais r\u00e1pidas traz vantagem competitiva; a\u00e7\u00f5es devem subir, dizem analistas"}]},{"@type":"WebSite","@id":"https:\/\/www.suno.com.br\/noticias\/#website","url":"https:\/\/www.suno.com.br\/noticias\/","name":"Suno Not\u00edcias","description":"Seu portal de informa\u00e7\u00e3o sobre o mundo dos investimentos","publisher":{"@id":"https:\/\/www.suno.com.br\/noticias\/#organization"},"potentialAction":[{"@type":"SearchAction","target":{"@type":"EntryPoint","urlTemplate":"https:\/\/www.suno.com.br\/noticias\/?s={search_term_string}"},"query-input":{"@type":"PropertyValueSpecification","valueRequired":true,"valueName":"search_term_string"}}],"inLanguage":"pt-BR"},{"@type":"Organization","@id":"https:\/\/www.suno.com.br\/noticias\/#organization","name":"Suno Not\u00edcias","url":"https:\/\/www.suno.com.br\/noticias\/","logo":{"@type":"ImageObject","inLanguage":"pt-BR","@id":"https:\/\/www.suno.com.br\/noticias\/#\/schema\/logo\/image\/","url":"https:\/\/files.sunoresearch.com.br\/n\/uploads\/2021\/09\/suno-logo.png","contentUrl":"https:\/\/files.sunoresearch.com.br\/n\/uploads\/2021\/09\/suno-logo.png","width":180,"height":180,"caption":"Suno Not\u00edcias"},"image":{"@id":"https:\/\/www.suno.com.br\/noticias\/#\/schema\/logo\/image\/"},"sameAs":["https:\/\/facebook.com\/sunoresearch","https:\/\/x.com\/sunoresearch","https:\/\/www.instagram.com\/suno","https:\/\/www.linkedin.com\/company\/suno-research\/","https:\/\/www.youtube.com\/c\/sunoresearch"]},{"@type":"Person","@id":"https:\/\/www.suno.com.br\/noticias\/#\/schema\/person\/7f4d362bf3518e76090143ae77bb49a5","name":"Eduardo Vargas","image":{"@type":"ImageObject","inLanguage":"pt-BR","@id":"https:\/\/www.suno.com.br\/noticias\/#\/schema\/person\/image\/","url":"https:\/\/secure.gravatar.com\/avatar\/dac340933427a22924c9f99d1eb2e3f2?s=96&r=g","contentUrl":"https:\/\/secure.gravatar.com\/avatar\/dac340933427a22924c9f99d1eb2e3f2?s=96&r=g","caption":"Eduardo Vargas"},"description":"Jornalista formado pela UFSC, cobre macroeconomia, neg\u00f3cios e startups para o Suno Not\u00edcias, escrevendo principalmente not\u00edcias sobre o mercado financeiro e a bolsa de valores. No YouTube e no Instagram, \u00e9 respons\u00e1vel pela produ\u00e7\u00e3o de Reels e Shorts do Suno Not\u00edcias. Anteriormente, trabalhou cobrindo economia e cotidiano no ND+ e para o ND, maior jornal impresso de Santa Catarina. Cursou um semestre letivo de Estudos de M\u00eddia na Universidad de Buenos Aires.","url":"https:\/\/www.suno.com.br\/noticias\/author\/eduardo-vargas\/"}]}},"default_loop_html":"<div class=\"cardsPage__listCard__boxs\"><div class=\"cardsPage__listCard__boxs__img\"><a href=\"https:\/\/www.suno.com.br\/noticias\/lojas-renner-lren3-btg-compra-acoes-logistica-evm\/\"><img class=\"mask\" src=\"https:\/\/www.suno.com.br\/noticias\/wp-content\/themes\/suno\/resources\/images\/spotlight\/spotlight1img\/bg-mask.png\" alt=\"Image Mask\"\/><img src=\"https:\/\/files.sunoresearch.com.br\/n\/uploads\/2020\/09\/47aaee01-xvywkf1-400x200.webp\" alt=\"Lojas Renner (LREN3): estrat\u00e9gia de entregas mais r\u00e1pidas traz vantagem competitiva; a\u00e7\u00f5es devem subir, dizem analistas\"\/><\/a><span class=\"spotlightCategory\"><a href=\"https:\/\/www.suno.com.br\/noticias\/negocios\/\">Neg\u00f3cios<\/a><\/span><\/div><div class=\"cardsPage__listCard__boxs__content\"><a href=\"https:\/\/www.suno.com.br\/noticias\/lojas-renner-lren3-btg-compra-acoes-logistica-evm\/\"><h2 class=\"content__title\">Lojas Renner (LREN3): estrat\u00e9gia de entregas mais r\u00e1pidas traz vantagem competitiva; a\u00e7\u00f5es devem subir, dizem analistas<\/h2><\/a><div class=\"newsContent__article__meta\"><div class=\"newsContent__article__meta__authorBox\"><a href=\"https:\/\/www.suno.com.br\/noticias\/author\/vini08correiagmail-com\/\" class=\"authorBox__avatar noMobi\"><img src=\"https:\/\/files.sunoresearch.com.br\/n\/uploads\/2026\/04\/WhatsApp-Image-2026-04-20-at-19.35.48-150x150.webp\" alt=\"Vin\u00edcius Alves\"><\/a><div class=\"authorBox__name\"><span>por\n\t\t\t<a href=\"https:\/\/www.suno.com.br\/noticias\/author\/vini08correiagmail-com\/\"><span itemprop=\"author\">Vin\u00edcius Alves<\/span><\/a><\/span><time datetime=\"2023-10-23T13:19:12-03:00\" itemprop=\"datePublished\">23\/10\/2023 13:19<\/time><\/div><\/div><\/div><\/div><\/div>","single_layout":"posts","amp_enabled":true,"_links":{"self":[{"href":"https:\/\/www.suno.com.br\/noticias\/wp-json\/wp\/v2\/posts\/474924"}],"collection":[{"href":"https:\/\/www.suno.com.br\/noticias\/wp-json\/wp\/v2\/posts"}],"about":[{"href":"https:\/\/www.suno.com.br\/noticias\/wp-json\/wp\/v2\/types\/post"}],"author":[{"embeddable":true,"href":"https:\/\/www.suno.com.br\/noticias\/wp-json\/wp\/v2\/users\/73"}],"replies":[{"embeddable":true,"href":"https:\/\/www.suno.com.br\/noticias\/wp-json\/wp\/v2\/comments?post=474924"}],"version-history":[{"count":2,"href":"https:\/\/www.suno.com.br\/noticias\/wp-json\/wp\/v2\/posts\/474924\/revisions"}],"predecessor-version":[{"id":474990,"href":"https:\/\/www.suno.com.br\/noticias\/wp-json\/wp\/v2\/posts\/474924\/revisions\/474990"}],"wp:featuredmedia":[{"embeddable":true,"href":"https:\/\/www.suno.com.br\/noticias\/wp-json\/wp\/v2\/media\/85785"}],"wp:attachment":[{"href":"https:\/\/www.suno.com.br\/noticias\/wp-json\/wp\/v2\/media?parent=474924"}],"wp:term":[{"taxonomy":"category","embeddable":true,"href":"https:\/\/www.suno.com.br\/noticias\/wp-json\/wp\/v2\/categories?post=474924"},{"taxonomy":"post_tag","embeddable":true,"href":"https:\/\/www.suno.com.br\/noticias\/wp-json\/wp\/v2\/tags?post=474924"},{"taxonomy":"suno_strategy","embeddable":true,"href":"https:\/\/www.suno.com.br\/noticias\/wp-json\/wp\/v2\/suno_strategy?post=474924"}],"curies":[{"name":"wp","href":"https:\/\/api.w.org\/{rel}","templated":true}]}}