{"id":474619,"date":"2023-10-23T08:04:47","date_gmt":"2023-10-23T11:04:47","guid":{"rendered":"https:\/\/www.suno.com.br\/noticias\/?p=474619"},"modified":"2023-10-23T13:27:24","modified_gmt":"2023-10-23T16:27:24","slug":"argentina-eleicao-presidencial-segundo-turno-gpj","status":"publish","type":"post","link":"https:\/\/www.suno.com.br\/noticias\/argentina-eleicao-presidencial-segundo-turno-gpj\/","title":{"rendered":"Argentina: elei\u00e7\u00e3o presidencial vai para segundo turno; o que dizem os analistas?"},"content":{"rendered":"<p>A elei\u00e7\u00e3o presidencial na <strong>Argentina<\/strong> vai para o segundo turno entre o peronista e atual ministro da Economia, S\u00e9rgio Massa (Uni\u00f3n por la Patria), e o candidato de extrema direita Javier Milei (La Libertad Avanza). <\/p>\t<div class=\"wrapper-featured-image\">\n\t\t<figure class=\"spotlightImg\">\n\n\t\t\t<picture>\n\t\t\t\t<source media=\"(max-width: 768px)\" srcset=\"https:\/\/files.sunoresearch.com.br\/n\/uploads\/2023\/10\/angelica-reyes-cs9v06TuiT8-unsplash-400x200.jpg\">\n\t\t\t\t<img loading=\"lazy\" decoding=\"async\" class=\"newsContent__article__imgCapa lazyloadDisabled \" src=\"https:\/\/files.sunoresearch.com.br\/n\/uploads\/2023\/10\/angelica-reyes-cs9v06TuiT8-unsplash-800x450.jpg\" width=\"800\" height=\"450\" alt=\"Argentina: elei\u00e7\u00e3o presidencial vai para segundo turno; o que dizem os analistas?\" fetchpriority=high \/>\n\t\t\t<\/picture>\n\n\t\t\t<figcaption class=\"wp-caption-text wp-caption-text--show\">Argentina. Foto: Unsplash.<\/figcaption>\n\t\t<\/figure>\n\t<\/div>\n\n\n\n\n\n\n\n\t<p>\n\t\t<a href=\"\" target=\"_blank\" data-element=\"shortcode-suno-banner\" title=\"Banner SUNO, clique e saiba mais\">\n\t\t\t<picture>\n\t\t\t\t<source media=\"(max-width: 500px)\" srcset=\"\">\n\t\t\t\t<img class=\"newsContent__article__imgCapa newsContent__article__imgCapa--banner\"\n\t\t\t\t\tsrc=\"\"\n\t\t\t\t\tdata-promo-id=\"240038\"\t\t\t\t\t\t\t\t\t\t\t\t\t\t\talt=\"\"\n\t\t\t\t>\n\t\t\t<\/picture>\n\t\t<\/a>\n\t<\/p>\n\n\n\n\n\n<p>Com o total de 98,51% dos votos apurados, <strong>S\u00e9rgio Massa<\/strong> tem 36,68% dos votos (9,6 milh\u00f5es) e <strong>Javier Milei<\/strong>, 29,98% (7,8 milh\u00f5es). O segundo turno das <strong>elei\u00e7\u00f5es na Argentina<\/strong> est\u00e1 marcado para 19 de novembro.<\/p>\n\n\n\n<p>Al\u00e9m dos dois finalistas, havia tr\u00eas candidatos na disputa pela <strong>presid\u00eancia da Argentina<\/strong>. <strong>Patricia Bullich<\/strong> (Juntos por el Cambio), candidata da direita tradicional, ficou com 23,83% da prefer\u00eancia do eleitor. O peronista do estado de C\u00f3rdoba, <strong>Juan Schiaretti<\/strong> (Hacemos por Nuestro Pa\u00eds), terminou a <strong>elei\u00e7\u00e3o na Argentina<\/strong> com 6,78% e <strong>Myram Bregman<\/strong> (Frente de Izquierda), candidata trotskista de esquerda, com 2,70%.<\/p>\n\n\n\n<p>Apenas 2% dos eleitores votaram em branco e menos de 1% anulou o voto para <strong>presidente da Argentina<\/strong>. Ao todo, 35,8 milh\u00f5es de eleitores estavam aptos para escolher o <strong>novo presidente da Argentina<\/strong>.<\/p>\n\n\n\n<p>A taxa de comparecimento foi de 74%, de acordo com a C\u00e1mara Nacional Electoral, o menor patamar desde a <strong>redemocratiza\u00e7\u00e3o da Argentina<\/strong>, h\u00e1 40 anos, segundo o jornal Clar\u00edn. O recorde negativo anterior havia sido de 76,2% na elei\u00e7\u00e3o de 2007, quando <strong>Cristina Kirchner<\/strong> venceu pela primeira vez as elei\u00e7\u00f5es.<\/p>\n\n\n\n<p>O resultado das elei\u00e7\u00f5es surpreendeu, j\u00e1 que a maioria das pesquisas eram lideradas por Javier Milei, que em agosto havia vencido a vota\u00e7\u00e3o das prim\u00e1rias &#8211; vota\u00e7\u00e3o em que as coliga\u00e7\u00f5es pol\u00edticas escolhem seus candidatos &#8211; e tinha chances de vencer j\u00e1 no primeiro turno. <\/p>\n\n\n\n<p>Na prov\u00edncia de Buenos Aires &#8211; decisiva em qualquer elei\u00e7\u00e3o por concentrar boa parte da popula\u00e7\u00e3o da Argentina, o candidato de extrema direita teve 42,8% dos votos 25,7% de Massa. Ele tamb\u00e9m teve vantagens importantes no interior, em prov\u00edncias como Chaco, Santiago del Estero, Santa Cruz e Formosa.<\/p>\n\n\n\n<h2 class=\"wp-block-heading\">Como o presidente \u00e9 eleito na Argentina?<\/h2>\n\n\n\n<p>Pelas<strong> regras eleitorais da Argentina,<\/strong> s\u00f3 venceria em primeiro turno o candidato que obtivesse 45% dos votos v\u00e1lidos ou alcan\u00e7asse um patamar de 40% com uma diferen\u00e7a m\u00ednima de 10 pontos percentuais sobre o segundo colocado, o que n\u00e3o aconteceu. <\/p>\n\n\n\n<p>Vale lembrar que no pa\u00eds, o voto n\u00e3o \u00e9 obrigat\u00f3rio.<\/p>\n\n\n\n<p>Todas as autoridades eleitas tomar\u00e3o posse dos seus respectivos mandatos no dia 10 de dezembro.<\/p>\n\n\n\t<p>\n\t\t<a href=\"https:\/\/lp.suno.com.br\/ebook-gratuito-investindo-no-exterior\/\" target=\"_blank\" data-element=\"shortcode-suno-banner\" title=\"Banner SUNO, clique e saiba mais\">\n\t\t\t<picture>\n\t\t\t\t<source media=\"(max-width: 500px)\" srcset=\"https:\/\/files.sunoresearch.com.br\/n\/uploads\/2023\/03\/400x300-Investindo-no-exterior.png\">\n\t\t\t\t<img class=\"newsContent__article__imgCapa newsContent__article__imgCapa--banner\"\n\t\t\t\t\tsrc=\"https:\/\/files.sunoresearch.com.br\/n\/uploads\/2023\/03\/1420x240-Investindo-no-exterior.png\"\n\t\t\t\t\tdata-promo-id=\"383161\"\t\t\t\t\t\t\t\t\t\twidth='1420' height='240'\t\t\t\t\talt=\"https:\/\/files.sunoresearch.com.br\/n\/uploads\/2023\/03\/1420x240-Investindo-no-exterior.png\"\n\t\t\t\t>\n\t\t\t<\/picture>\n\t\t<\/a>\n\t<\/p>\n\n\n\n\n\n<h2 class=\"wp-block-heading\">O que vem por a\u00ed?<\/h2>\n\n\n\n<p>O <strong>segundo turno na Argentina <\/strong>colocar\u00e1 frente a frente dois candidatos \u00e0 presid\u00eancia com pontos de vista bastante opostos: S\u00e9rgio Massa, candidato de um duradouro movimento peronista, que governou a Argentina durante quase os \u00faltimos 20 anos e sobrevive, apesar dos resultados econ\u00f4micos, e Javier Milei, radical que quer dolarizar a economia para acabar com a infla\u00e7\u00e3o acima dos 138% em 12 meses.<\/p>\n\n\n\n<p>Atual <strong>ministro da economia da Argentina<\/strong>, Massa cortou impostos nas \u00faltimas semanas e aumentou gastos sociais. Acredita-se que ele poder\u00e1 evitar uma nova desvaloriza\u00e7\u00e3o do peso, como fez no dia seguinte \u00e0s elei\u00e7\u00f5es prim\u00e1rias, vencidas por Milei.<\/p>\n\n\n\n<p>N\u00e3o se sabe para onde v\u00e3o os votos de Bullrich no segundo turno das elei\u00e7\u00f5es para presidente da <strong>Argentina<\/strong>. Rival dos peronistas, sobretudo ap\u00f3s a entrada da fam\u00edlia Kirchner, a candidata que ficou em terceiro lugar nas elei\u00e7\u00f5es tamb\u00e9m \u00e9 mal vista pelo eleitores do Milei.<\/p>\n\n\n\n<h2 class=\"wp-block-heading\">Elei\u00e7\u00f5es na Argentina: o que diz o mercado?<\/h2>\n\n\n\n<p>Em relat\u00f3rio, o estrategista-chefe do BTG Pactual em Buenos Aires, Alejo Costa, pontuou que as <strong>elei\u00e7\u00f5es na Argentina<\/strong> mais uma vez &#8216;surpreenderam negativamente&#8217;, com S\u00e9rgio Massa superando as expectativas, e acredita que a maioria dos apoiadores de Bullrich, que ficou em terceiro lugar, ir\u00e1 favorecer Milei no segundo turno.<\/p>\n\n\n\n<p>No entanto, para Costa, parte dos eleitores pode votar em branco ou n\u00e3o comparecer, ap\u00f3s uma campanha agressiva em que o candidato de extrema direita e sua equipe atacaram agressivamente os apoiadores de Bullrich.<\/p>\n\n\n\n<p>&#8220;Os apoiadores de Bullrich, esmagadoramente anti-Kirchneristas, tenderiam a votar contra Massa se fossem for\u00e7ados, mas ter\u00e3o de aparecer primeiro para que Milei prevale\u00e7a. Milei precisar\u00e1, portanto, se concentrar em convencer esses eleitores a comparecerem, e seu discurso na noite de domingo se concentrou nisso&#8221;, completou.<\/p>\n\n\n\n<p>Ainda na vis\u00e3o de Costa, o <strong>candidato S\u00e9rgio Massa<\/strong> teve um desempenho superior \u00e0s expectativas, provavelmente apoiado por uma estrutura mais forte e uma resposta favor\u00e1vel ao seu pacote fiscal agressivo, que aumentou o poder de compra em toda a base eleitoral hist\u00f3rica do peronismo.<\/p>\n\n\n\n<p>&#8220;Esperamos uma liquida\u00e7\u00e3o de cerca de 20%, com o ressurgimento de Massa aumentando as chances de continuidade, sob um segundo turno que ser\u00e1 apertado, com falta de estrutura e observadores eleitorais para Milei&#8221;, completou o estrategista do BTG em relat\u00f3rio sobre o resultado das elei\u00e7\u00f5es na <strong>Argentina<\/strong>.<\/p>\n\n\n\t<p>\n\t\t<a href=\"https:\/\/lp.suno.com.br\/planilha-da-vida-financeira\/\" target=\"_blank\" data-element=\"shortcode-suno-banner\" title=\"Banner SUNO, clique e saiba mais\">\n\t\t\t<picture>\n\t\t\t\t<source media=\"(max-width: 500px)\" srcset=\"https:\/\/files.sunoresearch.com.br\/n\/uploads\/2023\/04\/400x300-Planilha-vida-financeira-true.png\">\n\t\t\t\t<img class=\"newsContent__article__imgCapa newsContent__article__imgCapa--banner\"\n\t\t\t\t\tsrc=\"https:\/\/files.sunoresearch.com.br\/n\/uploads\/2023\/04\/1420x240-Planilha-vida-financeira-true.png\"\n\t\t\t\t\tdata-promo-id=\"383123\"\t\t\t\t\t\t\t\t\t\twidth='1420' height='240'\t\t\t\t\talt=\"https:\/\/files.sunoresearch.com.br\/n\/uploads\/2023\/04\/1420x240-Planilha-vida-financeira-true.png\"\n\t\t\t\t>\n\t\t\t<\/picture>\n\t\t<\/a>\n\t<\/p>\n\n\n","protected":false},"excerpt":{"rendered":"<p>A elei\u00e7\u00e3o presidencial na Argentina vai para o segundo turno entre o peronista e atual ministro da Economia, S\u00e9rgio Massa (Uni\u00f3n por la Patria), e o candidato de extrema direita Javier Milei (La Libertad Avanza). Argentina. Foto: Unsplash. Com o total de 98,51% dos votos apurados, S\u00e9rgio Massa tem 36,68% dos votos (9,6 milh\u00f5es) e [&hellip;]<\/p>\n","protected":false},"author":313,"featured_media":474632,"comment_status":"closed","ping_status":"closed","sticky":false,"template":"","format":"standard","meta":[],"categories":[63],"tags":[699,697,105816],"suno_strategy":[],"class_list":["post-474619","post","type-post","status-publish","format-standard","has-post-thumbnail","hentry","category-internacional","tag-argentina","tag-eleicoes","tag-especialistas"],"yoast_head":"<!-- This site is optimized with the Yoast SEO plugin v24.4 - https:\/\/yoast.com\/wordpress\/plugins\/seo\/ -->\n<title>Argentina: elei\u00e7\u00e3o presidencial vai para segundo turno<\/title>\n<meta name=\"description\" content=\"Al\u00e9m dos dois finalistas, havia outros tr\u00eas candidatos na disputa pela presid\u00eancia da Argentina, que ocorreu neste domingo (22). Saiba mais!\" \/>\n<meta name=\"robots\" content=\"index, follow, max-snippet:-1, max-image-preview:large, max-video-preview:-1\" \/>\n<link rel=\"canonical\" href=\"https:\/\/www.suno.com.br\/noticias\/argentina-eleicao-presidencial-segundo-turno-gpj\/\" \/>\n<meta property=\"og:locale\" content=\"pt_BR\" \/>\n<meta property=\"og:type\" content=\"article\" \/>\n<meta property=\"og:title\" content=\"Argentina: elei\u00e7\u00e3o presidencial vai para segundo turno\" \/>\n<meta property=\"og:description\" content=\"Al\u00e9m dos dois finalistas, havia outros tr\u00eas candidatos na disputa pela presid\u00eancia da Argentina, que ocorreu neste domingo (22). Saiba mais!\" \/>\n<meta property=\"og:url\" content=\"https:\/\/www.suno.com.br\/noticias\/argentina-eleicao-presidencial-segundo-turno-gpj\/\" \/>\n<meta property=\"og:site_name\" content=\"Suno Not\u00edcias\" \/>\n<meta property=\"article:publisher\" content=\"https:\/\/facebook.com\/sunoresearch\" \/>\n<meta property=\"og:image\" content=\"https:\/\/files.sunoresearch.com.br\/n\/uploads\/2023\/10\/angelica-reyes-cs9v06TuiT8-unsplash-scaled.jpg\" \/>\n\t<meta property=\"og:image:width\" content=\"2560\" \/>\n\t<meta property=\"og:image:height\" content=\"1707\" \/>\n\t<meta property=\"og:image:type\" content=\"image\/jpeg\" \/>\n<meta name=\"author\" content=\"Giovanni Porf\u00edrio Jacomino\" \/>\n<meta name=\"twitter:card\" content=\"summary_large_image\" \/>\n<meta name=\"twitter:creator\" content=\"@sunoresearch\" \/>\n<meta name=\"twitter:site\" content=\"@sunoresearch\" \/>\n<meta name=\"twitter:label1\" content=\"Escrito por\" \/>\n\t<meta name=\"twitter:data1\" content=\"Giovanni Porf\u00edrio Jacomino\" \/>\n\t<meta name=\"twitter:label2\" content=\"Est. tempo de leitura\" \/>\n\t<meta name=\"twitter:data2\" content=\"5 minutos\" \/>\n<script type=\"application\/ld+json\" class=\"yoast-schema-graph\">{\"@context\":\"https:\/\/schema.org\",\"@graph\":[{\"@type\":\"NewsArticle\",\"@id\":\"https:\/\/www.suno.com.br\/noticias\/argentina-eleicao-presidencial-segundo-turno-gpj\/#article\",\"isPartOf\":{\"@id\":\"https:\/\/www.suno.com.br\/noticias\/argentina-eleicao-presidencial-segundo-turno-gpj\/\"},\"author\":{\"name\":\"Giovanni Porf\u00edrio Jacomino\",\"@id\":\"https:\/\/www.suno.com.br\/noticias\/#\/schema\/person\/d0f32748bbca4bee871fa191ee4e2d40\"},\"headline\":\"Argentina: elei\u00e7\u00e3o presidencial vai para segundo turno; o que dizem os analistas?\",\"datePublished\":\"2023-10-23T11:04:47+00:00\",\"dateModified\":\"2023-10-23T16:27:24+00:00\",\"mainEntityOfPage\":{\"@id\":\"https:\/\/www.suno.com.br\/noticias\/argentina-eleicao-presidencial-segundo-turno-gpj\/\"},\"wordCount\":820,\"publisher\":{\"@id\":\"https:\/\/www.suno.com.br\/noticias\/#organization\"},\"image\":{\"@id\":\"https:\/\/www.suno.com.br\/noticias\/argentina-eleicao-presidencial-segundo-turno-gpj\/#primaryimage\"},\"thumbnailUrl\":\"https:\/\/files.sunoresearch.com.br\/n\/uploads\/2023\/10\/angelica-reyes-cs9v06TuiT8-unsplash-scaled.jpg\",\"keywords\":[\"Argentina\",\"Elei\u00e7\u00f5es\",\"Especialistas\"],\"articleSection\":[\"Internacional\"],\"inLanguage\":\"pt-BR\"},{\"@type\":\"WebPage\",\"@id\":\"https:\/\/www.suno.com.br\/noticias\/argentina-eleicao-presidencial-segundo-turno-gpj\/\",\"url\":\"https:\/\/www.suno.com.br\/noticias\/argentina-eleicao-presidencial-segundo-turno-gpj\/\",\"name\":\"Argentina: elei\u00e7\u00e3o presidencial vai para segundo turno\",\"isPartOf\":{\"@id\":\"https:\/\/www.suno.com.br\/noticias\/#website\"},\"primaryImageOfPage\":{\"@id\":\"https:\/\/www.suno.com.br\/noticias\/argentina-eleicao-presidencial-segundo-turno-gpj\/#primaryimage\"},\"image\":{\"@id\":\"https:\/\/www.suno.com.br\/noticias\/argentina-eleicao-presidencial-segundo-turno-gpj\/#primaryimage\"},\"thumbnailUrl\":\"https:\/\/files.sunoresearch.com.br\/n\/uploads\/2023\/10\/angelica-reyes-cs9v06TuiT8-unsplash-scaled.jpg\",\"datePublished\":\"2023-10-23T11:04:47+00:00\",\"dateModified\":\"2023-10-23T16:27:24+00:00\",\"description\":\"Al\u00e9m dos dois finalistas, havia outros tr\u00eas candidatos na disputa pela presid\u00eancia da Argentina, que ocorreu neste domingo (22). Saiba mais!\",\"breadcrumb\":{\"@id\":\"https:\/\/www.suno.com.br\/noticias\/argentina-eleicao-presidencial-segundo-turno-gpj\/#breadcrumb\"},\"inLanguage\":\"pt-BR\",\"potentialAction\":[{\"@type\":\"ReadAction\",\"target\":[\"https:\/\/www.suno.com.br\/noticias\/argentina-eleicao-presidencial-segundo-turno-gpj\/\"]}]},{\"@type\":\"ImageObject\",\"inLanguage\":\"pt-BR\",\"@id\":\"https:\/\/www.suno.com.br\/noticias\/argentina-eleicao-presidencial-segundo-turno-gpj\/#primaryimage\",\"url\":\"https:\/\/files.sunoresearch.com.br\/n\/uploads\/2023\/10\/angelica-reyes-cs9v06TuiT8-unsplash-scaled.jpg\",\"contentUrl\":\"https:\/\/files.sunoresearch.com.br\/n\/uploads\/2023\/10\/angelica-reyes-cs9v06TuiT8-unsplash-scaled.jpg\",\"width\":2560,\"height\":1707,\"caption\":\"Argentina. Foto: Unsplash.\"},{\"@type\":\"BreadcrumbList\",\"@id\":\"https:\/\/www.suno.com.br\/noticias\/argentina-eleicao-presidencial-segundo-turno-gpj\/#breadcrumb\",\"itemListElement\":[{\"@type\":\"ListItem\",\"position\":1,\"name\":\"Not\u00edcias\",\"item\":\"https:\/\/www.suno.com.br\/noticias\/\"},{\"@type\":\"ListItem\",\"position\":2,\"name\":\"Internacional\",\"item\":\"https:\/\/www.suno.com.br\/noticias\/internacional\/\"},{\"@type\":\"ListItem\",\"position\":3,\"name\":\"Argentina: elei\u00e7\u00e3o presidencial vai para segundo turno; o que dizem os analistas?\"}]},{\"@type\":\"WebSite\",\"@id\":\"https:\/\/www.suno.com.br\/noticias\/#website\",\"url\":\"https:\/\/www.suno.com.br\/noticias\/\",\"name\":\"Suno Not\u00edcias\",\"description\":\"Seu portal de informa\u00e7\u00e3o sobre o mundo dos investimentos\",\"publisher\":{\"@id\":\"https:\/\/www.suno.com.br\/noticias\/#organization\"},\"potentialAction\":[{\"@type\":\"SearchAction\",\"target\":{\"@type\":\"EntryPoint\",\"urlTemplate\":\"https:\/\/www.suno.com.br\/noticias\/?s={search_term_string}\"},\"query-input\":{\"@type\":\"PropertyValueSpecification\",\"valueRequired\":true,\"valueName\":\"search_term_string\"}}],\"inLanguage\":\"pt-BR\"},{\"@type\":\"Organization\",\"@id\":\"https:\/\/www.suno.com.br\/noticias\/#organization\",\"name\":\"Suno Not\u00edcias\",\"url\":\"https:\/\/www.suno.com.br\/noticias\/\",\"logo\":{\"@type\":\"ImageObject\",\"inLanguage\":\"pt-BR\",\"@id\":\"https:\/\/www.suno.com.br\/noticias\/#\/schema\/logo\/image\/\",\"url\":\"https:\/\/files.sunoresearch.com.br\/n\/uploads\/2021\/09\/suno-logo.png\",\"contentUrl\":\"https:\/\/files.sunoresearch.com.br\/n\/uploads\/2021\/09\/suno-logo.png\",\"width\":180,\"height\":180,\"caption\":\"Suno Not\u00edcias\"},\"image\":{\"@id\":\"https:\/\/www.suno.com.br\/noticias\/#\/schema\/logo\/image\/\"},\"sameAs\":[\"https:\/\/facebook.com\/sunoresearch\",\"https:\/\/x.com\/sunoresearch\",\"https:\/\/www.instagram.com\/suno\",\"https:\/\/www.linkedin.com\/company\/suno-research\/\",\"https:\/\/www.youtube.com\/c\/sunoresearch\"]},{\"@type\":\"Person\",\"@id\":\"https:\/\/www.suno.com.br\/noticias\/#\/schema\/person\/d0f32748bbca4bee871fa191ee4e2d40\",\"name\":\"Giovanni Porf\u00edrio Jacomino\",\"image\":{\"@type\":\"ImageObject\",\"inLanguage\":\"pt-BR\",\"@id\":\"https:\/\/www.suno.com.br\/noticias\/#\/schema\/person\/image\/\",\"url\":\"https:\/\/secure.gravatar.com\/avatar\/efb32e19b730a121cb7a80f41ffec01a?s=96&r=g\",\"contentUrl\":\"https:\/\/secure.gravatar.com\/avatar\/efb32e19b730a121cb7a80f41ffec01a?s=96&r=g\",\"caption\":\"Giovanni Porf\u00edrio Jacomino\"},\"description\":\"Giovanni Porf\u00edrio Jacomino \u00e9 jornalista formado pela Universidade Estadual de Londrina (UEL) e p\u00f3s-graduado em Produ\u00e7\u00e3o e Pr\u00e1ticas Jornal\u00edsticas na Contemporaneidade na Faculdade C\u00e1sper L\u00edbero (FCL). Foi editor web no Startupi e no Finsiders, atuando ainda como editor no TC Mover, portal de not\u00edcias da TradersClub, fazendo a cobertura de assuntos relacionados ao mercado financeiro interno e externo. Atualmente, \u00e9 Rep\u00f3rter do Suno Not\u00edcias.\",\"url\":\"https:\/\/www.suno.com.br\/noticias\/author\/giovanni-porfiriosuno-com-br\/\"}]}<\/script>\n<!-- \/ Yoast SEO plugin. -->","yoast_head_json":{"title":"Argentina: elei\u00e7\u00e3o presidencial vai para segundo turno","description":"Al\u00e9m dos dois finalistas, havia outros tr\u00eas candidatos na disputa pela presid\u00eancia da Argentina, que ocorreu neste domingo (22). Saiba mais!","robots":{"index":"index","follow":"follow","max-snippet":"max-snippet:-1","max-image-preview":"max-image-preview:large","max-video-preview":"max-video-preview:-1"},"canonical":"https:\/\/www.suno.com.br\/noticias\/argentina-eleicao-presidencial-segundo-turno-gpj\/","og_locale":"pt_BR","og_type":"article","og_title":"Argentina: elei\u00e7\u00e3o presidencial vai para segundo turno","og_description":"Al\u00e9m dos dois finalistas, havia outros tr\u00eas candidatos na disputa pela presid\u00eancia da Argentina, que ocorreu neste domingo (22). Saiba mais!","og_url":"https:\/\/www.suno.com.br\/noticias\/argentina-eleicao-presidencial-segundo-turno-gpj\/","og_site_name":"Suno Not\u00edcias","article_publisher":"https:\/\/facebook.com\/sunoresearch","og_image":[{"width":2560,"height":1707,"url":"https:\/\/files.sunoresearch.com.br\/n\/uploads\/2023\/10\/angelica-reyes-cs9v06TuiT8-unsplash-scaled.jpg","type":"image\/jpeg"}],"author":"Giovanni Porf\u00edrio Jacomino","twitter_card":"summary_large_image","twitter_creator":"@sunoresearch","twitter_site":"@sunoresearch","twitter_misc":{"Escrito por":"Giovanni Porf\u00edrio Jacomino","Est. tempo de leitura":"5 minutos"},"schema":{"@context":"https:\/\/schema.org","@graph":[{"@type":"NewsArticle","@id":"https:\/\/www.suno.com.br\/noticias\/argentina-eleicao-presidencial-segundo-turno-gpj\/#article","isPartOf":{"@id":"https:\/\/www.suno.com.br\/noticias\/argentina-eleicao-presidencial-segundo-turno-gpj\/"},"author":{"name":"Giovanni Porf\u00edrio Jacomino","@id":"https:\/\/www.suno.com.br\/noticias\/#\/schema\/person\/d0f32748bbca4bee871fa191ee4e2d40"},"headline":"Argentina: elei\u00e7\u00e3o presidencial vai para segundo turno; o que dizem os analistas?","datePublished":"2023-10-23T11:04:47+00:00","dateModified":"2023-10-23T16:27:24+00:00","mainEntityOfPage":{"@id":"https:\/\/www.suno.com.br\/noticias\/argentina-eleicao-presidencial-segundo-turno-gpj\/"},"wordCount":820,"publisher":{"@id":"https:\/\/www.suno.com.br\/noticias\/#organization"},"image":{"@id":"https:\/\/www.suno.com.br\/noticias\/argentina-eleicao-presidencial-segundo-turno-gpj\/#primaryimage"},"thumbnailUrl":"https:\/\/files.sunoresearch.com.br\/n\/uploads\/2023\/10\/angelica-reyes-cs9v06TuiT8-unsplash-scaled.jpg","keywords":["Argentina","Elei\u00e7\u00f5es","Especialistas"],"articleSection":["Internacional"],"inLanguage":"pt-BR"},{"@type":"WebPage","@id":"https:\/\/www.suno.com.br\/noticias\/argentina-eleicao-presidencial-segundo-turno-gpj\/","url":"https:\/\/www.suno.com.br\/noticias\/argentina-eleicao-presidencial-segundo-turno-gpj\/","name":"Argentina: elei\u00e7\u00e3o presidencial vai para segundo turno","isPartOf":{"@id":"https:\/\/www.suno.com.br\/noticias\/#website"},"primaryImageOfPage":{"@id":"https:\/\/www.suno.com.br\/noticias\/argentina-eleicao-presidencial-segundo-turno-gpj\/#primaryimage"},"image":{"@id":"https:\/\/www.suno.com.br\/noticias\/argentina-eleicao-presidencial-segundo-turno-gpj\/#primaryimage"},"thumbnailUrl":"https:\/\/files.sunoresearch.com.br\/n\/uploads\/2023\/10\/angelica-reyes-cs9v06TuiT8-unsplash-scaled.jpg","datePublished":"2023-10-23T11:04:47+00:00","dateModified":"2023-10-23T16:27:24+00:00","description":"Al\u00e9m dos dois finalistas, havia outros tr\u00eas candidatos na disputa pela presid\u00eancia da Argentina, que ocorreu neste domingo (22). Saiba mais!","breadcrumb":{"@id":"https:\/\/www.suno.com.br\/noticias\/argentina-eleicao-presidencial-segundo-turno-gpj\/#breadcrumb"},"inLanguage":"pt-BR","potentialAction":[{"@type":"ReadAction","target":["https:\/\/www.suno.com.br\/noticias\/argentina-eleicao-presidencial-segundo-turno-gpj\/"]}]},{"@type":"ImageObject","inLanguage":"pt-BR","@id":"https:\/\/www.suno.com.br\/noticias\/argentina-eleicao-presidencial-segundo-turno-gpj\/#primaryimage","url":"https:\/\/files.sunoresearch.com.br\/n\/uploads\/2023\/10\/angelica-reyes-cs9v06TuiT8-unsplash-scaled.jpg","contentUrl":"https:\/\/files.sunoresearch.com.br\/n\/uploads\/2023\/10\/angelica-reyes-cs9v06TuiT8-unsplash-scaled.jpg","width":2560,"height":1707,"caption":"Argentina. Foto: Unsplash."},{"@type":"BreadcrumbList","@id":"https:\/\/www.suno.com.br\/noticias\/argentina-eleicao-presidencial-segundo-turno-gpj\/#breadcrumb","itemListElement":[{"@type":"ListItem","position":1,"name":"Not\u00edcias","item":"https:\/\/www.suno.com.br\/noticias\/"},{"@type":"ListItem","position":2,"name":"Internacional","item":"https:\/\/www.suno.com.br\/noticias\/internacional\/"},{"@type":"ListItem","position":3,"name":"Argentina: elei\u00e7\u00e3o presidencial vai para segundo turno; o que dizem os analistas?"}]},{"@type":"WebSite","@id":"https:\/\/www.suno.com.br\/noticias\/#website","url":"https:\/\/www.suno.com.br\/noticias\/","name":"Suno Not\u00edcias","description":"Seu portal de informa\u00e7\u00e3o sobre o mundo dos investimentos","publisher":{"@id":"https:\/\/www.suno.com.br\/noticias\/#organization"},"potentialAction":[{"@type":"SearchAction","target":{"@type":"EntryPoint","urlTemplate":"https:\/\/www.suno.com.br\/noticias\/?s={search_term_string}"},"query-input":{"@type":"PropertyValueSpecification","valueRequired":true,"valueName":"search_term_string"}}],"inLanguage":"pt-BR"},{"@type":"Organization","@id":"https:\/\/www.suno.com.br\/noticias\/#organization","name":"Suno Not\u00edcias","url":"https:\/\/www.suno.com.br\/noticias\/","logo":{"@type":"ImageObject","inLanguage":"pt-BR","@id":"https:\/\/www.suno.com.br\/noticias\/#\/schema\/logo\/image\/","url":"https:\/\/files.sunoresearch.com.br\/n\/uploads\/2021\/09\/suno-logo.png","contentUrl":"https:\/\/files.sunoresearch.com.br\/n\/uploads\/2021\/09\/suno-logo.png","width":180,"height":180,"caption":"Suno Not\u00edcias"},"image":{"@id":"https:\/\/www.suno.com.br\/noticias\/#\/schema\/logo\/image\/"},"sameAs":["https:\/\/facebook.com\/sunoresearch","https:\/\/x.com\/sunoresearch","https:\/\/www.instagram.com\/suno","https:\/\/www.linkedin.com\/company\/suno-research\/","https:\/\/www.youtube.com\/c\/sunoresearch"]},{"@type":"Person","@id":"https:\/\/www.suno.com.br\/noticias\/#\/schema\/person\/d0f32748bbca4bee871fa191ee4e2d40","name":"Giovanni Porf\u00edrio Jacomino","image":{"@type":"ImageObject","inLanguage":"pt-BR","@id":"https:\/\/www.suno.com.br\/noticias\/#\/schema\/person\/image\/","url":"https:\/\/secure.gravatar.com\/avatar\/efb32e19b730a121cb7a80f41ffec01a?s=96&r=g","contentUrl":"https:\/\/secure.gravatar.com\/avatar\/efb32e19b730a121cb7a80f41ffec01a?s=96&r=g","caption":"Giovanni Porf\u00edrio Jacomino"},"description":"Giovanni Porf\u00edrio Jacomino \u00e9 jornalista formado pela Universidade Estadual de Londrina (UEL) e p\u00f3s-graduado em Produ\u00e7\u00e3o e Pr\u00e1ticas Jornal\u00edsticas na Contemporaneidade na Faculdade C\u00e1sper L\u00edbero (FCL). Foi editor web no Startupi e no Finsiders, atuando ainda como editor no TC Mover, portal de not\u00edcias da TradersClub, fazendo a cobertura de assuntos relacionados ao mercado financeiro interno e externo. Atualmente, \u00e9 Rep\u00f3rter do Suno Not\u00edcias.","url":"https:\/\/www.suno.com.br\/noticias\/author\/giovanni-porfiriosuno-com-br\/"}]}},"default_loop_html":"<div class=\"cardsPage__listCard__boxs\"><div class=\"cardsPage__listCard__boxs__img\"><a href=\"https:\/\/www.suno.com.br\/noticias\/argentina-eleicao-presidencial-segundo-turno-gpj\/\"><img class=\"mask\" src=\"https:\/\/www.suno.com.br\/noticias\/wp-content\/themes\/suno\/resources\/images\/spotlight\/spotlight1img\/bg-mask.png\" alt=\"Image Mask\"\/><img src=\"https:\/\/files.sunoresearch.com.br\/n\/uploads\/2023\/10\/angelica-reyes-cs9v06TuiT8-unsplash-400x200.jpg\" alt=\"Argentina: elei\u00e7\u00e3o presidencial vai para segundo turno; o que dizem os analistas?\"\/><\/a><span class=\"spotlightCategory\"><a href=\"https:\/\/www.suno.com.br\/noticias\/internacional\/\">Internacional<\/a><\/span><\/div><div class=\"cardsPage__listCard__boxs__content\"><a href=\"https:\/\/www.suno.com.br\/noticias\/argentina-eleicao-presidencial-segundo-turno-gpj\/\"><h2 class=\"content__title\">Argentina: elei\u00e7\u00e3o presidencial vai para segundo turno; o que dizem os analistas?<\/h2><\/a><div class=\"newsContent__article__meta\"><div class=\"newsContent__article__meta__authorBox\"><a href=\"https:\/\/www.suno.com.br\/noticias\/author\/giovanni-porfiriosuno-com-br\/\" class=\"authorBox__avatar noMobi\"><img src=\"https:\/\/files.sunoresearch.com.br\/n\/uploads\/2024\/05\/DSCF4115-1-1-150x150.webp\" alt=\"Giovanni Porf\u00edrio Jacomino\"><\/a><div class=\"authorBox__name\"><span>por\n\t\t\t<a href=\"https:\/\/www.suno.com.br\/noticias\/author\/giovanni-porfiriosuno-com-br\/\"><span itemprop=\"author\">Giovanni Porf\u00edrio Jacomino<\/span><\/a><\/span><time datetime=\"2023-10-23T08:04:47-03:00\" itemprop=\"datePublished\">23\/10\/2023 08:04<\/time><\/div><\/div><\/div><\/div><\/div>","single_layout":"posts","amp_enabled":true,"_links":{"self":[{"href":"https:\/\/www.suno.com.br\/noticias\/wp-json\/wp\/v2\/posts\/474619"}],"collection":[{"href":"https:\/\/www.suno.com.br\/noticias\/wp-json\/wp\/v2\/posts"}],"about":[{"href":"https:\/\/www.suno.com.br\/noticias\/wp-json\/wp\/v2\/types\/post"}],"author":[{"embeddable":true,"href":"https:\/\/www.suno.com.br\/noticias\/wp-json\/wp\/v2\/users\/313"}],"replies":[{"embeddable":true,"href":"https:\/\/www.suno.com.br\/noticias\/wp-json\/wp\/v2\/comments?post=474619"}],"version-history":[{"count":2,"href":"https:\/\/www.suno.com.br\/noticias\/wp-json\/wp\/v2\/posts\/474619\/revisions"}],"predecessor-version":[{"id":474945,"href":"https:\/\/www.suno.com.br\/noticias\/wp-json\/wp\/v2\/posts\/474619\/revisions\/474945"}],"wp:featuredmedia":[{"embeddable":true,"href":"https:\/\/www.suno.com.br\/noticias\/wp-json\/wp\/v2\/media\/474632"}],"wp:attachment":[{"href":"https:\/\/www.suno.com.br\/noticias\/wp-json\/wp\/v2\/media?parent=474619"}],"wp:term":[{"taxonomy":"category","embeddable":true,"href":"https:\/\/www.suno.com.br\/noticias\/wp-json\/wp\/v2\/categories?post=474619"},{"taxonomy":"post_tag","embeddable":true,"href":"https:\/\/www.suno.com.br\/noticias\/wp-json\/wp\/v2\/tags?post=474619"},{"taxonomy":"suno_strategy","embeddable":true,"href":"https:\/\/www.suno.com.br\/noticias\/wp-json\/wp\/v2\/suno_strategy?post=474619"}],"curies":[{"name":"wp","href":"https:\/\/api.w.org\/{rel}","templated":true}]}}