{"id":474504,"date":"2023-10-22T13:59:07","date_gmt":"2023-10-22T16:59:07","guid":{"rendered":"https:\/\/www.suno.com.br\/noticias\/?p=474504"},"modified":"2023-10-22T13:59:54","modified_gmt":"2023-10-22T16:59:54","slug":"brasil-oportunidades-acordo-mercosul-emirados","status":"publish","type":"post","link":"https:\/\/www.suno.com.br\/noticias\/brasil-oportunidades-acordo-mercosul-emirados\/","title":{"rendered":"Brasil quer mapear oportunidades para acordo Mercosul-Emirados e amplia\u00e7\u00e3o com \u00cdndia"},"content":{"rendered":"<p>A possibilidade de expans\u00e3o de acordos no \u00e2mbito do Mercosul avan\u00e7ou dentro do atual governo do <strong>Brasil<\/strong>, que est\u00e1 na presid\u00eancia tempor\u00e1ria do bloco. <\/p>\t<div class=\"wrapper-featured-image\">\n\t\t<figure class=\"spotlightImg\">\n\n\t\t\t<picture>\n\t\t\t\t<source media=\"(max-width: 768px)\" srcset=\"https:\/\/files.sunoresearch.com.br\/n\/uploads\/2023\/10\/ramon-bucard-pSTXXJTsFyI-unsplash-400x200.jpg\">\n\t\t\t\t<img loading=\"lazy\" decoding=\"async\" class=\"newsContent__article__imgCapa lazyloadDisabled \" src=\"https:\/\/files.sunoresearch.com.br\/n\/uploads\/2023\/10\/ramon-bucard-pSTXXJTsFyI-unsplash-800x450.jpg\" width=\"800\" height=\"450\" alt=\"Brasil quer mapear oportunidades para acordo Mercosul-Emirados e amplia\u00e7\u00e3o com \u00cdndia\" fetchpriority=high \/>\n\t\t\t<\/picture>\n\n\t\t\t<figcaption class=\"wp-caption-text wp-caption-text--show\">Brazilian Regional Markets debater\u00e1 desenvolvimento regional.Foto: Unsplash<\/figcaption>\n\t\t<\/figure>\n\t<\/div>\n\n\n\n\n\n\t<p>\n\t\t<a href=\"\" target=\"_blank\" data-element=\"shortcode-suno-banner\" title=\"Banner SUNO, clique e saiba mais\">\n\t\t\t<picture>\n\t\t\t\t<source media=\"(max-width: 500px)\" srcset=\"\">\n\t\t\t\t<img class=\"newsContent__article__imgCapa newsContent__article__imgCapa--banner\"\n\t\t\t\t\tsrc=\"\"\n\t\t\t\t\tdata-promo-id=\"240038\"\t\t\t\t\t\t\t\t\t\t\t\t\t\t\talt=\"\"\n\t\t\t\t>\n\t\t\t<\/picture>\n\t\t<\/a>\n\t<\/p>\n\n\n\n\n\n<p>Al\u00e9m de publicar na quinta-feira, 19, consulta em torno de poss\u00edvel amplia\u00e7\u00e3o do acordo entre o Mercosul e a \u00cdndia, que vigora desde 2009, o Minist\u00e9rio de Desenvolvimento, Ind\u00fastria, Com\u00e9rcio e Servi\u00e7os (MDIC) do Brasil tamb\u00e9m abriu um question\u00e1rio para sondar empres\u00e1rios e sociedade civil sobre um eventual <a class=\"suno-keyword\" data-force=\"no\" data-priority=\"1\" href=\"https:\/\/www.suno.com.br\/artigos\/acordo-comercial\/\" target=\"_blank\" rel=\"noopener\">acordo comercial<\/a> do bloco com os Emirados \u00c1rabes Unidos. <\/p>\n\n\n\n<p>Embora os pa\u00edses do Mercosul j\u00e1 tenham acordado que as atuais prioridades para o bloco s\u00e3o as parcerias com Uni\u00e3o Europeia e com Singapura, h\u00e1 um &#8220;universo&#8221; de outras possibilidades que a <a class=\"suno-keyword\" data-force=\"no\" data-priority=\"1\" href=\"https:\/\/www.suno.com.br\/artigos\/uniao-aduaneira\/\" target=\"_blank\" rel=\"noopener\">uni\u00e3o aduaneira<\/a> pode discutir, afirma ao <i>Broadcast <\/i>(sistema de not\u00edcias em tempo real do Grupo Estado) a secret\u00e1ria de Com\u00e9rcio Exterior do MDIC do Brasil, Tatiana Prazeres.<\/p>\n\n\n\n<p>No caso da parceria que existe atualmente com a \u00cdndia, a avalia\u00e7\u00e3o do governo brasileiro \u00e9 de que se trata de um acordo &#8220;extremamente limitado&#8221;. De um universo de 10 mil linhas tarif\u00e1rias, ele cobre apenas cerca de 450, sem prever livre com\u00e9rcio. &#8220;Em alguns casos tem apenas uma prefer\u00eancia na tarifa, que pode ser de 10%, 20% ou 100%&#8221;, explica a secret\u00e1ria.<\/p>\n\n\n\n<p>A ideia de explorar melhor o com\u00e9rcio entre o bloco sul-americano e a \u00cdndia n\u00e3o \u00e9 in\u00e9dita. H\u00e1 dez anos, o Brasil chegou a abrir uma consulta p\u00fablica sobre o tema, mas o resultado indicou uma resist\u00eancia de parte do empresariado. Agora, contudo, o governo v\u00ea um contexto diferente. A \u00cdndia, o pa\u00eds mais populoso do mundo e tamb\u00e9m parte dos Brics, apresenta uma economia considerada robusta, que cresce a taxas elevadas &#8211; o que faria uma revisita ao tema &#8220;oportuna&#8221;, com potencial importante para o mercado exportador brasileiro, avalia Prazeres.<\/p>\n\n\n\n<p>&#8220;O objetivo n\u00e3o \u00e9 o livre com\u00e9rcio, mas considerando o acordo atual, gostar\u00edamos de avaliar a possibilidade de ampliar o universo de produtos inclu\u00eddos&#8221;, disse a secret\u00e1ria. Segundo ela, a ideia da consulta \u00e9 justamente tentar identificar setores que enxerguem na \u00cdndia um potencial comprador. Prazeres citou, por exemplo, que quer acompanhar o interesse de segmentos como de m\u00e1quinas e equipamentos, de alimentos e de bebidas. &#8220;E h\u00e1 setores que enfrentam barreiras sanit\u00e1rias na \u00cdndia&#8221;, apontou. &#8220;Na consulta, o setor privado identifica se h\u00e1 interesse ofensivo ou defensivo, barreiras tarif\u00e1rias, n\u00e3o tarif\u00e1rias, al\u00e9m de medidas regulat\u00f3rias, servi\u00e7os, com\u00e9rcio digital, investimentos e desenvolvimento sustent\u00e1vel. S\u00e3o temas cobertos pela consulta&#8221;, explica.<\/p>\n\n\n\n<p>Prazeres evita dar um prazo para o Brasil levar uma eventual proposta ao Mercosul. Qualquer discuss\u00e3o no bloco vai depender primeiro de o Pa\u00eds formar uma posi\u00e7\u00e3o interna sobre avan\u00e7ar ou n\u00e3o na expans\u00e3o. O interesse, contudo, existe, e tamb\u00e9m do lado indiano. O tema foi assunto de reuni\u00e3o no MDIC realizada no in\u00edcio de outubro, da qual participou o secret\u00e1rio de Com\u00e9rcio da \u00cdndia, Sunil Barthwal.<\/p>\n\n\n\t<p>\n\t\t<a href=\"https:\/\/lp.suno.com.br\/ebook-gratuito-investindo-no-exterior\/\" target=\"_blank\" data-element=\"shortcode-suno-banner\" title=\"Banner SUNO, clique e saiba mais\">\n\t\t\t<picture>\n\t\t\t\t<source media=\"(max-width: 500px)\" srcset=\"https:\/\/files.sunoresearch.com.br\/n\/uploads\/2023\/03\/400x300-Investindo-no-exterior.png\">\n\t\t\t\t<img class=\"newsContent__article__imgCapa newsContent__article__imgCapa--banner\"\n\t\t\t\t\tsrc=\"https:\/\/files.sunoresearch.com.br\/n\/uploads\/2023\/03\/1420x240-Investindo-no-exterior.png\"\n\t\t\t\t\tdata-promo-id=\"383161\"\t\t\t\t\t\t\t\t\t\twidth='1420' height='240'\t\t\t\t\talt=\"https:\/\/files.sunoresearch.com.br\/n\/uploads\/2023\/03\/1420x240-Investindo-no-exterior.png\"\n\t\t\t\t>\n\t\t\t<\/picture>\n\t\t<\/a>\n\t<\/p>\n\n\n\n\n\n<h2 class=\"wp-block-heading\">Sondagens com o mercado do Brasil<\/h2>\n\n\n\n<p>A pasta tamb\u00e9m j\u00e1 fez sondagens pr\u00e9vias com o mercado brasileiro, e coletou alguns pontos de aten\u00e7\u00e3o, como barreiras tarif\u00e1rias relevantes no com\u00e9rcio entre Brasil e \u00cdndia. &#8220;Por exemplo, carne de frango com tarifa de 100%, carne su\u00edna, 30%, milho com tarifa m\u00e9dia de 50%, caf\u00e9 verde em gr\u00e3os com tarifa de 100%, caf\u00e9 sol\u00favel e caf\u00e9s especiais com 53%, suco de laranja, 35%. Aqui s\u00e3o produtos em que o Brasil tem potencial exportador, e que enfrentam barreiras substantivas&#8221;, cita Prazeres.<\/p>\n\n\n\n<p>O minist\u00e9rio afirma acreditar que h\u00e1 potencial para pelo menos dobrar o com\u00e9rcio de bens entre \u00cdndia e Brasil at\u00e9 2030, com a diversifica\u00e7\u00e3o de produtos. O fluxo comercial bilateral foi de US$ 15,2 bilh\u00f5es no ano passado. Embora tenha sido valor recorde, a \u00cdndia representa apenas 2% de nossas exporta\u00e7\u00f5es e 3,3% das importa\u00e7\u00f5es ao Brasil.<\/p>\n\n\n\n<h2 class=\"wp-block-heading\">Novo acordo<\/h2>\n\n\n\n<p>O <i>Di\u00e1rio Oficial da Uni\u00e3o<\/i> (DOU) de quinta-feira tamb\u00e9m trouxe consulta sobre um eventual <a class=\"suno-keyword\" target=\"_blank\" data-force=\"no\" data-priority=\"1\" href=\"https:\/\/www.suno.com.br\/artigos\/acordo-comercial\/\" rel=\"noopener\">acordo comercial<\/a> com os Emirados \u00c1rabes Unidos. Segundo o MDIC, o pa\u00eds do Golfo reiterou neste ano o interesse numa parceria &#8220;abrangente&#8221; com o Mercosul, desejo levado aos membros do bloco em reuni\u00e3o realizada em agosto em Bras\u00edlia.<\/p>\n\n\n\n<p>De acordo com a secret\u00e1ria de Com\u00e9rcio Exterior, o governo brasileiro identifica que um acordo teria potencial de favorecer investimentos, al\u00e9m de expandir e diversificar o com\u00e9rcio bilateral, embora reconhe\u00e7a a preocupa\u00e7\u00e3o de alguns setores, como o de produtos qu\u00edmicos. &#8220;A consulta p\u00fablica permitir\u00e1 ao MDIC ter maior clareza em rela\u00e7\u00e3o a interesses ofensivos e defensivos do lado brasileiro e nos ajudar\u00e1 no mapeamento de oportunidades e riscos em rela\u00e7\u00e3o a esse mercado&#8221;, diz Prazeres.<\/p>\n\n\n\n<p>Em 2022, a corrente de com\u00e9rcio entre <strong>Brasil <\/strong>e Emirados alcan\u00e7ou US$ 5,7 bilh\u00f5es, um salto de 75% em rela\u00e7\u00e3o a 2021, informa o MDIC. As exporta\u00e7\u00f5es do Brasil para o pa\u00eds do Golfo fecharam em US$ 3,2 bilh\u00f5es no ano passado, enquanto que as exporta\u00e7\u00f5es atingiram US$ 2,5 bilh\u00f5es. Carne de aves, a\u00e7\u00facar e carne bovina est\u00e3o entre os produtos brasileiros atualmente mais exportados para os Emirados \u00c1rabes Unidos.<\/p>\n\n\n\n<p>Com Estad\u00e3o Conte\u00fado<\/p>\n\n\n\t<p>\n\t\t<a href=\"https:\/\/lp.suno.com.br\/planilha-da-vida-financeira\/\" target=\"_blank\" data-element=\"shortcode-suno-banner\" title=\"Banner SUNO, clique e saiba mais\">\n\t\t\t<picture>\n\t\t\t\t<source media=\"(max-width: 500px)\" srcset=\"https:\/\/files.sunoresearch.com.br\/n\/uploads\/2023\/04\/400x300-Planilha-vida-financeira-true.png\">\n\t\t\t\t<img class=\"newsContent__article__imgCapa newsContent__article__imgCapa--banner\"\n\t\t\t\t\tsrc=\"https:\/\/files.sunoresearch.com.br\/n\/uploads\/2023\/04\/1420x240-Planilha-vida-financeira-true.png\"\n\t\t\t\t\tdata-promo-id=\"383123\"\t\t\t\t\t\t\t\t\t\twidth='1420' height='240'\t\t\t\t\talt=\"https:\/\/files.sunoresearch.com.br\/n\/uploads\/2023\/04\/1420x240-Planilha-vida-financeira-true.png\"\n\t\t\t\t>\n\t\t\t<\/picture>\n\t\t<\/a>\n\t<\/p>\n\n\n","protected":false},"excerpt":{"rendered":"<p>A possibilidade de expans\u00e3o de acordos no \u00e2mbito do Mercosul avan\u00e7ou dentro do atual governo do Brasil, que est\u00e1 na presid\u00eancia tempor\u00e1ria do bloco. Brazilian Regional Markets debater\u00e1 desenvolvimento regional.Foto: Unsplash Al\u00e9m de publicar na quinta-feira, 19, consulta em torno de poss\u00edvel amplia\u00e7\u00e3o do acordo entre o Mercosul e a \u00cdndia, que vigora desde 2009, [&hellip;]<\/p>\n","protected":false},"author":43,"featured_media":474543,"comment_status":"closed","ping_status":"closed","sticky":false,"template":"","format":"standard","meta":[],"categories":[62],"tags":[868],"suno_strategy":[],"class_list":["post-474504","post","type-post","status-publish","format-standard","has-post-thumbnail","hentry","category-economia","tag-mercosul"],"yoast_head":"<!-- This site is optimized with the Yoast SEO plugin v24.4 - https:\/\/yoast.com\/wordpress\/plugins\/seo\/ -->\n<title>Brasil quer mapear oportunidades para acordo Mercosul-Emirados<\/title>\n<meta name=\"description\" content=\"O Brasil quer mapear oportunidades para acordo Mercosul-Emirados \u00c1rabes e amplia\u00e7\u00e3o com \u00cdndia. Saiba mais.\" \/>\n<meta name=\"robots\" content=\"index, follow, max-snippet:-1, max-image-preview:large, max-video-preview:-1\" \/>\n<link rel=\"canonical\" href=\"https:\/\/www.suno.com.br\/noticias\/brasil-oportunidades-acordo-mercosul-emirados\/\" \/>\n<meta property=\"og:locale\" content=\"pt_BR\" \/>\n<meta property=\"og:type\" content=\"article\" \/>\n<meta property=\"og:title\" content=\"Brasil quer mapear oportunidades para acordo Mercosul-Emirados\" \/>\n<meta property=\"og:description\" content=\"O Brasil quer mapear oportunidades para acordo Mercosul-Emirados \u00c1rabes e amplia\u00e7\u00e3o com \u00cdndia. Saiba mais.\" \/>\n<meta property=\"og:url\" content=\"https:\/\/www.suno.com.br\/noticias\/brasil-oportunidades-acordo-mercosul-emirados\/\" \/>\n<meta property=\"og:site_name\" content=\"Suno Not\u00edcias\" \/>\n<meta property=\"article:publisher\" content=\"https:\/\/facebook.com\/sunoresearch\" \/>\n<meta property=\"article:author\" content=\"https:\/\/www.facebook.com\/sunonoticias\/\" \/>\n<meta property=\"og:image\" content=\"https:\/\/files.sunoresearch.com.br\/n\/uploads\/2023\/10\/ramon-bucard-pSTXXJTsFyI-unsplash.jpg\" \/>\n\t<meta property=\"og:image:width\" content=\"1920\" \/>\n\t<meta property=\"og:image:height\" content=\"1440\" \/>\n\t<meta property=\"og:image:type\" content=\"image\/jpeg\" \/>\n<meta name=\"author\" content=\"Reda\u00e7\u00e3o Suno Not\u00edcias\" \/>\n<meta name=\"twitter:card\" content=\"summary_large_image\" \/>\n<meta name=\"twitter:creator\" content=\"@https:\/\/twitter.com\/sunoresearch\" \/>\n<meta name=\"twitter:site\" content=\"@sunoresearch\" \/>\n<meta name=\"twitter:label1\" content=\"Escrito por\" \/>\n\t<meta name=\"twitter:data1\" content=\"Reda\u00e7\u00e3o Suno Not\u00edcias\" \/>\n\t<meta name=\"twitter:label2\" content=\"Est. tempo de leitura\" \/>\n\t<meta name=\"twitter:data2\" content=\"5 minutos\" \/>\n<script type=\"application\/ld+json\" class=\"yoast-schema-graph\">{\"@context\":\"https:\/\/schema.org\",\"@graph\":[{\"@type\":\"NewsArticle\",\"@id\":\"https:\/\/www.suno.com.br\/noticias\/brasil-oportunidades-acordo-mercosul-emirados\/#article\",\"isPartOf\":{\"@id\":\"https:\/\/www.suno.com.br\/noticias\/brasil-oportunidades-acordo-mercosul-emirados\/\"},\"author\":{\"name\":\"Reda\u00e7\u00e3o Suno Not\u00edcias\",\"@id\":\"https:\/\/www.suno.com.br\/noticias\/#\/schema\/person\/c1b1bd3727fa852bd045e9dbff3673ea\"},\"headline\":\"Brasil quer mapear oportunidades para acordo Mercosul-Emirados e amplia\u00e7\u00e3o com \u00cdndia\",\"datePublished\":\"2023-10-22T16:59:07+00:00\",\"dateModified\":\"2023-10-22T16:59:54+00:00\",\"mainEntityOfPage\":{\"@id\":\"https:\/\/www.suno.com.br\/noticias\/brasil-oportunidades-acordo-mercosul-emirados\/\"},\"wordCount\":916,\"publisher\":{\"@id\":\"https:\/\/www.suno.com.br\/noticias\/#organization\"},\"image\":{\"@id\":\"https:\/\/www.suno.com.br\/noticias\/brasil-oportunidades-acordo-mercosul-emirados\/#primaryimage\"},\"thumbnailUrl\":\"https:\/\/files.sunoresearch.com.br\/n\/uploads\/2023\/10\/ramon-bucard-pSTXXJTsFyI-unsplash.jpg\",\"keywords\":[\"Mercosul\"],\"articleSection\":[\"Economia\"],\"inLanguage\":\"pt-BR\"},{\"@type\":\"WebPage\",\"@id\":\"https:\/\/www.suno.com.br\/noticias\/brasil-oportunidades-acordo-mercosul-emirados\/\",\"url\":\"https:\/\/www.suno.com.br\/noticias\/brasil-oportunidades-acordo-mercosul-emirados\/\",\"name\":\"Brasil quer mapear oportunidades para acordo Mercosul-Emirados\",\"isPartOf\":{\"@id\":\"https:\/\/www.suno.com.br\/noticias\/#website\"},\"primaryImageOfPage\":{\"@id\":\"https:\/\/www.suno.com.br\/noticias\/brasil-oportunidades-acordo-mercosul-emirados\/#primaryimage\"},\"image\":{\"@id\":\"https:\/\/www.suno.com.br\/noticias\/brasil-oportunidades-acordo-mercosul-emirados\/#primaryimage\"},\"thumbnailUrl\":\"https:\/\/files.sunoresearch.com.br\/n\/uploads\/2023\/10\/ramon-bucard-pSTXXJTsFyI-unsplash.jpg\",\"datePublished\":\"2023-10-22T16:59:07+00:00\",\"dateModified\":\"2023-10-22T16:59:54+00:00\",\"description\":\"O Brasil quer mapear oportunidades para acordo Mercosul-Emirados \u00c1rabes e amplia\u00e7\u00e3o com \u00cdndia. Saiba mais.\",\"breadcrumb\":{\"@id\":\"https:\/\/www.suno.com.br\/noticias\/brasil-oportunidades-acordo-mercosul-emirados\/#breadcrumb\"},\"inLanguage\":\"pt-BR\",\"potentialAction\":[{\"@type\":\"ReadAction\",\"target\":[\"https:\/\/www.suno.com.br\/noticias\/brasil-oportunidades-acordo-mercosul-emirados\/\"]}]},{\"@type\":\"ImageObject\",\"inLanguage\":\"pt-BR\",\"@id\":\"https:\/\/www.suno.com.br\/noticias\/brasil-oportunidades-acordo-mercosul-emirados\/#primaryimage\",\"url\":\"https:\/\/files.sunoresearch.com.br\/n\/uploads\/2023\/10\/ramon-bucard-pSTXXJTsFyI-unsplash.jpg\",\"contentUrl\":\"https:\/\/files.sunoresearch.com.br\/n\/uploads\/2023\/10\/ramon-bucard-pSTXXJTsFyI-unsplash.jpg\",\"width\":1920,\"height\":1440,\"caption\":\"Brazilian Regional Markets debater\u00e1 desenvolvimento regional.Foto: Unsplash\"},{\"@type\":\"BreadcrumbList\",\"@id\":\"https:\/\/www.suno.com.br\/noticias\/brasil-oportunidades-acordo-mercosul-emirados\/#breadcrumb\",\"itemListElement\":[{\"@type\":\"ListItem\",\"position\":1,\"name\":\"Not\u00edcias\",\"item\":\"https:\/\/www.suno.com.br\/noticias\/\"},{\"@type\":\"ListItem\",\"position\":2,\"name\":\"Economia\",\"item\":\"https:\/\/www.suno.com.br\/noticias\/economia\/\"},{\"@type\":\"ListItem\",\"position\":3,\"name\":\"Brasil quer mapear oportunidades para acordo Mercosul-Emirados e amplia\u00e7\u00e3o com \u00cdndia\"}]},{\"@type\":\"WebSite\",\"@id\":\"https:\/\/www.suno.com.br\/noticias\/#website\",\"url\":\"https:\/\/www.suno.com.br\/noticias\/\",\"name\":\"Suno Not\u00edcias\",\"description\":\"Seu portal de informa\u00e7\u00e3o sobre o mundo dos investimentos\",\"publisher\":{\"@id\":\"https:\/\/www.suno.com.br\/noticias\/#organization\"},\"potentialAction\":[{\"@type\":\"SearchAction\",\"target\":{\"@type\":\"EntryPoint\",\"urlTemplate\":\"https:\/\/www.suno.com.br\/noticias\/?s={search_term_string}\"},\"query-input\":{\"@type\":\"PropertyValueSpecification\",\"valueRequired\":true,\"valueName\":\"search_term_string\"}}],\"inLanguage\":\"pt-BR\"},{\"@type\":\"Organization\",\"@id\":\"https:\/\/www.suno.com.br\/noticias\/#organization\",\"name\":\"Suno Not\u00edcias\",\"url\":\"https:\/\/www.suno.com.br\/noticias\/\",\"logo\":{\"@type\":\"ImageObject\",\"inLanguage\":\"pt-BR\",\"@id\":\"https:\/\/www.suno.com.br\/noticias\/#\/schema\/logo\/image\/\",\"url\":\"https:\/\/files.sunoresearch.com.br\/n\/uploads\/2021\/09\/suno-logo.png\",\"contentUrl\":\"https:\/\/files.sunoresearch.com.br\/n\/uploads\/2021\/09\/suno-logo.png\",\"width\":180,\"height\":180,\"caption\":\"Suno Not\u00edcias\"},\"image\":{\"@id\":\"https:\/\/www.suno.com.br\/noticias\/#\/schema\/logo\/image\/\"},\"sameAs\":[\"https:\/\/facebook.com\/sunoresearch\",\"https:\/\/x.com\/sunoresearch\",\"https:\/\/www.instagram.com\/suno\",\"https:\/\/www.linkedin.com\/company\/suno-research\/\",\"https:\/\/www.youtube.com\/c\/sunoresearch\"]},{\"@type\":\"Person\",\"@id\":\"https:\/\/www.suno.com.br\/noticias\/#\/schema\/person\/c1b1bd3727fa852bd045e9dbff3673ea\",\"name\":\"Reda\u00e7\u00e3o Suno Not\u00edcias\",\"image\":{\"@type\":\"ImageObject\",\"inLanguage\":\"pt-BR\",\"@id\":\"https:\/\/www.suno.com.br\/noticias\/#\/schema\/person\/image\/\",\"url\":\"https:\/\/secure.gravatar.com\/avatar\/b8104b9b5a71985d5238ee59fbe418af?s=96&r=g\",\"contentUrl\":\"https:\/\/secure.gravatar.com\/avatar\/b8104b9b5a71985d5238ee59fbe418af?s=96&r=g\",\"caption\":\"Reda\u00e7\u00e3o Suno Not\u00edcias\"},\"description\":\"O Suno Not\u00edcias \u00e9 um portal de informa\u00e7\u00f5es sobre Mercado Financeiro, Pol\u00edtica, Neg\u00f3cios, Economia e Finan\u00e7as Pessoais.\",\"sameAs\":[\"https:\/\/www.suno.com.br\/noticias\",\"https:\/\/www.facebook.com\/sunonoticias\/\",\"https:\/\/www.instagram.com\/sunonoticias\/\",\"https:\/\/x.com\/https:\/\/twitter.com\/sunoresearch\",\"https:\/\/www.youtube.com\/sunonoticias\"],\"url\":\"https:\/\/www.suno.com.br\/noticias\/author\/redacao-suno\/\"}]}<\/script>\n<!-- \/ Yoast SEO plugin. -->","yoast_head_json":{"title":"Brasil quer mapear oportunidades para acordo Mercosul-Emirados","description":"O Brasil quer mapear oportunidades para acordo Mercosul-Emirados \u00c1rabes e amplia\u00e7\u00e3o com \u00cdndia. Saiba mais.","robots":{"index":"index","follow":"follow","max-snippet":"max-snippet:-1","max-image-preview":"max-image-preview:large","max-video-preview":"max-video-preview:-1"},"canonical":"https:\/\/www.suno.com.br\/noticias\/brasil-oportunidades-acordo-mercosul-emirados\/","og_locale":"pt_BR","og_type":"article","og_title":"Brasil quer mapear oportunidades para acordo Mercosul-Emirados","og_description":"O Brasil quer mapear oportunidades para acordo Mercosul-Emirados \u00c1rabes e amplia\u00e7\u00e3o com \u00cdndia. Saiba mais.","og_url":"https:\/\/www.suno.com.br\/noticias\/brasil-oportunidades-acordo-mercosul-emirados\/","og_site_name":"Suno Not\u00edcias","article_publisher":"https:\/\/facebook.com\/sunoresearch","article_author":"https:\/\/www.facebook.com\/sunonoticias\/","og_image":[{"width":1920,"height":1440,"url":"https:\/\/files.sunoresearch.com.br\/n\/uploads\/2023\/10\/ramon-bucard-pSTXXJTsFyI-unsplash.jpg","type":"image\/jpeg"}],"author":"Reda\u00e7\u00e3o Suno Not\u00edcias","twitter_card":"summary_large_image","twitter_creator":"@https:\/\/twitter.com\/sunoresearch","twitter_site":"@sunoresearch","twitter_misc":{"Escrito por":"Reda\u00e7\u00e3o Suno Not\u00edcias","Est. tempo de leitura":"5 minutos"},"schema":{"@context":"https:\/\/schema.org","@graph":[{"@type":"NewsArticle","@id":"https:\/\/www.suno.com.br\/noticias\/brasil-oportunidades-acordo-mercosul-emirados\/#article","isPartOf":{"@id":"https:\/\/www.suno.com.br\/noticias\/brasil-oportunidades-acordo-mercosul-emirados\/"},"author":{"name":"Reda\u00e7\u00e3o Suno Not\u00edcias","@id":"https:\/\/www.suno.com.br\/noticias\/#\/schema\/person\/c1b1bd3727fa852bd045e9dbff3673ea"},"headline":"Brasil quer mapear oportunidades para acordo Mercosul-Emirados e amplia\u00e7\u00e3o com \u00cdndia","datePublished":"2023-10-22T16:59:07+00:00","dateModified":"2023-10-22T16:59:54+00:00","mainEntityOfPage":{"@id":"https:\/\/www.suno.com.br\/noticias\/brasil-oportunidades-acordo-mercosul-emirados\/"},"wordCount":916,"publisher":{"@id":"https:\/\/www.suno.com.br\/noticias\/#organization"},"image":{"@id":"https:\/\/www.suno.com.br\/noticias\/brasil-oportunidades-acordo-mercosul-emirados\/#primaryimage"},"thumbnailUrl":"https:\/\/files.sunoresearch.com.br\/n\/uploads\/2023\/10\/ramon-bucard-pSTXXJTsFyI-unsplash.jpg","keywords":["Mercosul"],"articleSection":["Economia"],"inLanguage":"pt-BR"},{"@type":"WebPage","@id":"https:\/\/www.suno.com.br\/noticias\/brasil-oportunidades-acordo-mercosul-emirados\/","url":"https:\/\/www.suno.com.br\/noticias\/brasil-oportunidades-acordo-mercosul-emirados\/","name":"Brasil quer mapear oportunidades para acordo Mercosul-Emirados","isPartOf":{"@id":"https:\/\/www.suno.com.br\/noticias\/#website"},"primaryImageOfPage":{"@id":"https:\/\/www.suno.com.br\/noticias\/brasil-oportunidades-acordo-mercosul-emirados\/#primaryimage"},"image":{"@id":"https:\/\/www.suno.com.br\/noticias\/brasil-oportunidades-acordo-mercosul-emirados\/#primaryimage"},"thumbnailUrl":"https:\/\/files.sunoresearch.com.br\/n\/uploads\/2023\/10\/ramon-bucard-pSTXXJTsFyI-unsplash.jpg","datePublished":"2023-10-22T16:59:07+00:00","dateModified":"2023-10-22T16:59:54+00:00","description":"O Brasil quer mapear oportunidades para acordo Mercosul-Emirados \u00c1rabes e amplia\u00e7\u00e3o com \u00cdndia. Saiba mais.","breadcrumb":{"@id":"https:\/\/www.suno.com.br\/noticias\/brasil-oportunidades-acordo-mercosul-emirados\/#breadcrumb"},"inLanguage":"pt-BR","potentialAction":[{"@type":"ReadAction","target":["https:\/\/www.suno.com.br\/noticias\/brasil-oportunidades-acordo-mercosul-emirados\/"]}]},{"@type":"ImageObject","inLanguage":"pt-BR","@id":"https:\/\/www.suno.com.br\/noticias\/brasil-oportunidades-acordo-mercosul-emirados\/#primaryimage","url":"https:\/\/files.sunoresearch.com.br\/n\/uploads\/2023\/10\/ramon-bucard-pSTXXJTsFyI-unsplash.jpg","contentUrl":"https:\/\/files.sunoresearch.com.br\/n\/uploads\/2023\/10\/ramon-bucard-pSTXXJTsFyI-unsplash.jpg","width":1920,"height":1440,"caption":"Brazilian Regional Markets debater\u00e1 desenvolvimento regional.Foto: Unsplash"},{"@type":"BreadcrumbList","@id":"https:\/\/www.suno.com.br\/noticias\/brasil-oportunidades-acordo-mercosul-emirados\/#breadcrumb","itemListElement":[{"@type":"ListItem","position":1,"name":"Not\u00edcias","item":"https:\/\/www.suno.com.br\/noticias\/"},{"@type":"ListItem","position":2,"name":"Economia","item":"https:\/\/www.suno.com.br\/noticias\/economia\/"},{"@type":"ListItem","position":3,"name":"Brasil quer mapear oportunidades para acordo Mercosul-Emirados e amplia\u00e7\u00e3o com \u00cdndia"}]},{"@type":"WebSite","@id":"https:\/\/www.suno.com.br\/noticias\/#website","url":"https:\/\/www.suno.com.br\/noticias\/","name":"Suno Not\u00edcias","description":"Seu portal de informa\u00e7\u00e3o sobre o mundo dos investimentos","publisher":{"@id":"https:\/\/www.suno.com.br\/noticias\/#organization"},"potentialAction":[{"@type":"SearchAction","target":{"@type":"EntryPoint","urlTemplate":"https:\/\/www.suno.com.br\/noticias\/?s={search_term_string}"},"query-input":{"@type":"PropertyValueSpecification","valueRequired":true,"valueName":"search_term_string"}}],"inLanguage":"pt-BR"},{"@type":"Organization","@id":"https:\/\/www.suno.com.br\/noticias\/#organization","name":"Suno Not\u00edcias","url":"https:\/\/www.suno.com.br\/noticias\/","logo":{"@type":"ImageObject","inLanguage":"pt-BR","@id":"https:\/\/www.suno.com.br\/noticias\/#\/schema\/logo\/image\/","url":"https:\/\/files.sunoresearch.com.br\/n\/uploads\/2021\/09\/suno-logo.png","contentUrl":"https:\/\/files.sunoresearch.com.br\/n\/uploads\/2021\/09\/suno-logo.png","width":180,"height":180,"caption":"Suno Not\u00edcias"},"image":{"@id":"https:\/\/www.suno.com.br\/noticias\/#\/schema\/logo\/image\/"},"sameAs":["https:\/\/facebook.com\/sunoresearch","https:\/\/x.com\/sunoresearch","https:\/\/www.instagram.com\/suno","https:\/\/www.linkedin.com\/company\/suno-research\/","https:\/\/www.youtube.com\/c\/sunoresearch"]},{"@type":"Person","@id":"https:\/\/www.suno.com.br\/noticias\/#\/schema\/person\/c1b1bd3727fa852bd045e9dbff3673ea","name":"Reda\u00e7\u00e3o Suno Not\u00edcias","image":{"@type":"ImageObject","inLanguage":"pt-BR","@id":"https:\/\/www.suno.com.br\/noticias\/#\/schema\/person\/image\/","url":"https:\/\/secure.gravatar.com\/avatar\/b8104b9b5a71985d5238ee59fbe418af?s=96&r=g","contentUrl":"https:\/\/secure.gravatar.com\/avatar\/b8104b9b5a71985d5238ee59fbe418af?s=96&r=g","caption":"Reda\u00e7\u00e3o Suno Not\u00edcias"},"description":"O Suno Not\u00edcias \u00e9 um portal de informa\u00e7\u00f5es sobre Mercado Financeiro, Pol\u00edtica, Neg\u00f3cios, Economia e Finan\u00e7as Pessoais.","sameAs":["https:\/\/www.suno.com.br\/noticias","https:\/\/www.facebook.com\/sunonoticias\/","https:\/\/www.instagram.com\/sunonoticias\/","https:\/\/x.com\/https:\/\/twitter.com\/sunoresearch","https:\/\/www.youtube.com\/sunonoticias"],"url":"https:\/\/www.suno.com.br\/noticias\/author\/redacao-suno\/"}]}},"default_loop_html":"<div class=\"cardsPage__listCard__boxs\"><div class=\"cardsPage__listCard__boxs__img\"><a href=\"https:\/\/www.suno.com.br\/noticias\/brasil-oportunidades-acordo-mercosul-emirados\/\"><img class=\"mask\" src=\"https:\/\/www.suno.com.br\/noticias\/wp-content\/themes\/suno\/resources\/images\/spotlight\/spotlight1img\/bg-mask.png\" alt=\"Image Mask\"\/><img src=\"https:\/\/files.sunoresearch.com.br\/n\/uploads\/2023\/10\/ramon-bucard-pSTXXJTsFyI-unsplash-400x200.jpg\" alt=\"Brasil quer mapear oportunidades para acordo Mercosul-Emirados e amplia\u00e7\u00e3o com \u00cdndia\"\/><\/a><span class=\"spotlightCategory\"><a href=\"https:\/\/www.suno.com.br\/noticias\/economia\/\">Economia<\/a><\/span><\/div><div class=\"cardsPage__listCard__boxs__content\"><a href=\"https:\/\/www.suno.com.br\/noticias\/brasil-oportunidades-acordo-mercosul-emirados\/\"><h2 class=\"content__title\">Brasil quer mapear oportunidades para acordo Mercosul-Emirados e amplia\u00e7\u00e3o com \u00cdndia<\/h2><\/a><div class=\"newsContent__article__meta\"><div class=\"newsContent__article__meta__authorBox\"><a href=\"https:\/\/www.suno.com.br\/noticias\/author\/redacao-suno\/\" class=\"authorBox__avatar noMobi\"><img src=\"https:\/\/files.sunoresearch.com.br\/n\/uploads\/2020\/08\/0ace682d-redacao-1-150x150.webp\" alt=\"Reda\u00e7\u00e3o Suno Not\u00edcias\"><\/a><div class=\"authorBox__name\"><span>por\n\t\t\t<a href=\"https:\/\/www.suno.com.br\/noticias\/author\/redacao-suno\/\"><span itemprop=\"author\">Reda\u00e7\u00e3o Suno Not\u00edcias<\/span><\/a><\/span><time datetime=\"2023-10-22T13:59:07-03:00\" itemprop=\"datePublished\">22\/10\/2023 13:59<\/time><\/div><\/div><\/div><\/div><\/div>","single_layout":"posts","amp_enabled":true,"_links":{"self":[{"href":"https:\/\/www.suno.com.br\/noticias\/wp-json\/wp\/v2\/posts\/474504"}],"collection":[{"href":"https:\/\/www.suno.com.br\/noticias\/wp-json\/wp\/v2\/posts"}],"about":[{"href":"https:\/\/www.suno.com.br\/noticias\/wp-json\/wp\/v2\/types\/post"}],"author":[{"embeddable":true,"href":"https:\/\/www.suno.com.br\/noticias\/wp-json\/wp\/v2\/users\/43"}],"replies":[{"embeddable":true,"href":"https:\/\/www.suno.com.br\/noticias\/wp-json\/wp\/v2\/comments?post=474504"}],"version-history":[{"count":3,"href":"https:\/\/www.suno.com.br\/noticias\/wp-json\/wp\/v2\/posts\/474504\/revisions"}],"predecessor-version":[{"id":474547,"href":"https:\/\/www.suno.com.br\/noticias\/wp-json\/wp\/v2\/posts\/474504\/revisions\/474547"}],"wp:featuredmedia":[{"embeddable":true,"href":"https:\/\/www.suno.com.br\/noticias\/wp-json\/wp\/v2\/media\/474543"}],"wp:attachment":[{"href":"https:\/\/www.suno.com.br\/noticias\/wp-json\/wp\/v2\/media?parent=474504"}],"wp:term":[{"taxonomy":"category","embeddable":true,"href":"https:\/\/www.suno.com.br\/noticias\/wp-json\/wp\/v2\/categories?post=474504"},{"taxonomy":"post_tag","embeddable":true,"href":"https:\/\/www.suno.com.br\/noticias\/wp-json\/wp\/v2\/tags?post=474504"},{"taxonomy":"suno_strategy","embeddable":true,"href":"https:\/\/www.suno.com.br\/noticias\/wp-json\/wp\/v2\/suno_strategy?post=474504"}],"curies":[{"name":"wp","href":"https:\/\/api.w.org\/{rel}","templated":true}]}}