{"id":474456,"date":"2023-10-21T19:15:06","date_gmt":"2023-10-21T22:15:06","guid":{"rendered":"https:\/\/www.suno.com.br\/noticias\/?p=474456"},"modified":"2023-10-21T19:25:35","modified_gmt":"2023-10-21T22:25:35","slug":"israel-conflito-hamas-como-comecou","status":"publish","type":"post","link":"https:\/\/www.suno.com.br\/noticias\/israel-conflito-hamas-como-comecou\/","title":{"rendered":"Conflito Israel-Hamas completa 15 dias: veja como tudo come\u00e7ou"},"content":{"rendered":"<p>H\u00e1 15 dias, o mundo acompanha a escalada da viol\u00eancia na guerra entre<strong> Israel e Hamas<\/strong>, no Oriente M\u00e9dio. O conflito teve in\u00edcio com o mais grave ataque j\u00e1 promovido pelo grupo Hamas contra os israelenses, no dia 7 de outubro.<\/p>\t<div class=\"wrapper-featured-image\">\n\t\t<figure class=\"spotlightImg\">\n\n\t\t\t<picture>\n\t\t\t\t<source media=\"(max-width: 768px)\" srcset=\"https:\/\/files.sunoresearch.com.br\/n\/uploads\/2023\/10\/israel-400x200.jpg\">\n\t\t\t\t<img loading=\"lazy\" decoding=\"async\" class=\"newsContent__article__imgCapa lazyloadDisabled \" src=\"https:\/\/files.sunoresearch.com.br\/n\/uploads\/2023\/10\/israel-800x450.jpg\" width=\"800\" height=\"450\" alt=\"Conflito Israel-Hamas completa 15 dias: veja como tudo come\u00e7ou\" fetchpriority=high \/>\n\t\t\t<\/picture>\n\n\t\t\t<figcaption class=\"wp-caption-text wp-caption-text--show\">Israel - Foto: Unsplash<\/figcaption>\n\t\t<\/figure>\n\t<\/div>\n\n\n\n\n\n\t<p>\n\t\t<a href=\"\" target=\"_blank\" data-element=\"shortcode-suno-banner\" title=\"Banner SUNO, clique e saiba mais\">\n\t\t\t<picture>\n\t\t\t\t<source media=\"(max-width: 500px)\" srcset=\"\">\n\t\t\t\t<img class=\"newsContent__article__imgCapa newsContent__article__imgCapa--banner\"\n\t\t\t\t\tsrc=\"\"\n\t\t\t\t\tdata-promo-id=\"240038\"\t\t\t\t\t\t\t\t\t\t\t\t\t\t\talt=\"\"\n\t\t\t\t>\n\t\t\t<\/picture>\n\t\t<\/a>\n\t<\/p>\n\n\n\n\n\n\n\n<p>As <strong><a href=\"https:\/\/www.suno.com.br\/noticias\/guerra-israel-hamas-chance-dipusta-mundial-aumenta-fb\/\">a\u00e7\u00f5es do Hamas<\/a><\/strong>, sem precedentes na hist\u00f3ria, foram realizadas por mar, ar e terra, envolvendo ataques ao p\u00fablico que participava de um festival de m\u00fasica, invas\u00e3o de comunidades israelenses, sequestro de ref\u00e9ns, deixando centenas de civis israelenses mortos e feridos. Em retalia\u00e7\u00e3o, Israel desencadeou forte opera\u00e7\u00e3o de<strong> bombardeios \u00e0 Faixa de Gaza<\/strong>, \u00e1rea com popula\u00e7\u00e3o majoritariamente palestina e controlada pelo Hamas.<\/p>\n\n\n\n<p>Este \u00e9 o conflito mais grave desde que <strong>Israel e o Hamas se enfrentaram<\/strong> por dez dias em 2021. O ataque, que pegou Israel de surpresa, ocorreu um dia ap\u00f3s os 50 anos da <strong>Guerra do Yom Kippur<\/strong>, conflito armado entre \u00e1rabes, liderados pelo Egito e a S\u00edria, e Israel, em 1973, pela disputa das terras perto do Canal de Suez.<\/p>\n\n\n\n\t<div data-element=\"shortcode-read-more\" class=\"readToo\">\n\t\t\t\t<span class=\"readToo__title\">Leia mais<\/span>\n\t\t\t\t<ul class=\"readToo__list\">\n\t\t\t<li><a href=\"https:\/\/www.suno.com.br\/noticias\/guerra-israel-hamas-camihnoes-ajuda-humanitaria-mal\/\">Guerra Israel-Hamas: caminh\u00f5es com ajuda humanit\u00e1ria chegam \u00e0 Faixa de Gaza; bombardeios atingem territ\u00f3rio palestino<\/a><\/li><li><a href=\"https:\/\/www.suno.com.br\/noticias\/guerra-entre-israel-e-hamas-acompanhe-gpj\/\">Guerra entre Israel e Hamas: duas ref\u00e9ns sequestradas pelo grupo terrorista s\u00e3o libertadas<\/a><\/li><li><a href=\"https:\/\/www.suno.com.br\/noticias\/israel-guerra-hamas-mercado-gpj-2\/\">Guerra em Israel: como o conflito pode impactar os mercados?<\/a><\/li>\t\t<\/ul>\n\t<\/div>\n\n\n\n\n<h2 class=\"wp-block-heading\">Como foi o 7 de outubro<\/h2>\n\n\n\n<p>Eram 6h30 (hor\u00e1rio local) do dia 7 de outubro, um s\u00e1bado, quando o Hamas disparou foguetes, a partir da Faixa de Gaza, para atingir cidades israelenses.<\/p>\n\n\n\n<p>O Hamas informou ter lan\u00e7ado 5 mil foguetes, conforme not\u00edcias de ag\u00eancias internacionais.<\/p>\n\n\n\n<p>Em apari\u00e7\u00e3o p\u00fablica, o l\u00edder do bra\u00e7o armado do Hamas, Mohammed Deif, disse que a &#8220;Opera\u00e7\u00e3o Tempestade Al-Aqsa&#8221;, iniciada no dia 7, tem como prop\u00f3sito \u201cacabar com a \u00faltima ocupa\u00e7\u00e3o na Terra&#8221; e uma resposta ao bloqueio imposto por Israel aos <strong>palestinos de Gaza<\/strong> que j\u00e1 dura mais de uma d\u00e9cada.<\/p>\n\n\n\n<p>Por terra, homens armados se infiltraram no <strong>territ\u00f3rio israelense<\/strong> rompendo a cerca de arame farpado que separa Gaza e Israel.<\/p>\n\n\n\n<p>Sirenes de alerta foram acionadas nas regi\u00f5es sul e central de Israel, al\u00e9m de Jerusal\u00e9m. Imagens mostravam \u00e1reas residenciais atingidas em <strong>Tel Aviv<\/strong>, Kfar Aviv e Rehovot.<\/p>\n\n\n\n<p>Um dos primeiros alvos do ataque surpresa foi um festival de m\u00fasica ao ar livre, que ocorria perto da Faixa de Gaza. Segundo relatos, pessoas, a maioria jovens, correram pelo deserto, estradas, entraram nos carros estacionados ou debaixo de \u00e1rvores para tentar fugir dos tiros. Estima-se que 260 pessoas morreram no local de diferentes nacionalidades, entre elas tr\u00eas brasileiros.<\/p>\n\n\n\n<p>Outro alvo do Hamas foram os kibutzim, comunidades israelenses basicamente agr\u00edcolas e geridas de forma coletiva, sendo atualmente a maior parte privatizada. S\u00e3o considerados uma experi\u00eancia \u00fanica israelense e tiveram papel importante na constru\u00e7\u00e3o do Estado de Israel.<\/p>\n\n\n\n<p>Um dos invadidos foi o <strong>kibutz Kfar Aza<\/strong>, localizado no Sul de Israel e a cerca de dois quil\u00f4metros da fronteira com Gaza. Conforme a Ag\u00eancia Reuters, soldados israelenses relataram ter avistado dezenas de corpos de civis, entre eles crian\u00e7as. Muitos moradores foram tomados como <strong>ref\u00e9ns pelo Hamas<\/strong>.<\/p>\n\n\n\n<p>Segundo os militares israelenses, homens armados do Hamas incendiaram as casas ou atiraram granadas para obrigar a sa\u00edda das pessoas.<\/p>\n\n\n\n<p>Durante todo o ataque, centenas, entre homens, mulheres e soldados, foram feitos ref\u00e9ns pelo Hamas.<\/p>\n\n\n\t<p>\n\t\t<a href=\"https:\/\/lp.suno.com.br\/ebook-gratuito-investindo-no-exterior\/\" target=\"_blank\" data-element=\"shortcode-suno-banner\" title=\"Banner SUNO, clique e saiba mais\">\n\t\t\t<picture>\n\t\t\t\t<source media=\"(max-width: 500px)\" srcset=\"https:\/\/files.sunoresearch.com.br\/n\/uploads\/2023\/03\/400x300-Investindo-no-exterior.png\">\n\t\t\t\t<img class=\"newsContent__article__imgCapa newsContent__article__imgCapa--banner\"\n\t\t\t\t\tsrc=\"https:\/\/files.sunoresearch.com.br\/n\/uploads\/2023\/03\/1420x240-Investindo-no-exterior.png\"\n\t\t\t\t\tdata-promo-id=\"383161\"\t\t\t\t\t\t\t\t\t\twidth='1420' height='240'\t\t\t\t\talt=\"https:\/\/files.sunoresearch.com.br\/n\/uploads\/2023\/03\/1420x240-Investindo-no-exterior.png\"\n\t\t\t\t>\n\t\t\t<\/picture>\n\t\t<\/a>\n\t<\/p>\n\n\n\n\n\n<h2 class=\"wp-block-heading\">Ofensiva das for\u00e7as de Israel<\/h2>\n\n\n\n<p>Diante do <strong>ataque do Hamas<\/strong>, Israel acionou as for\u00e7as de seguran\u00e7a e declarou guerra, dando in\u00edcio \u00e0 opera\u00e7\u00e3o \u201cEspadas de Ferro\u201d, com bombardeios \u00e0 Faixa de Gaza, onde ficam as bases do Hamas.<\/p>\n\n\n\n<p>Em mensagem ao povo israelense, o primeiro-ministro <strong>Benjamin Netanyahu<\/strong> disse que o grupo \u201cpagar\u00e1 pre\u00e7o sem precedentes\u201d e prometeu exterminar o grupo que controla Gaza.<\/p>\n\n\n\n<p>\u201cO Hamas pensou que iria nos demolir. N\u00f3s \u00e9 que vamos demolir o Hamas\u201d, disse no dia seguinte ao ataque.<\/p>\n\n\n\n<p>Estimativa de Israel \u00e9 que o ataque de 7 de outubro provocou a morte de 1.400 israelenses, principalmente civis. Cerca de 200 pessoas, incluindo crian\u00e7as e idosos, s\u00e3o mantidas como ref\u00e9ns em Gaza. O governo ainda busca de 100 a 200 israelenses desaparecidos e corpos de mortos no 7 de outubro.<\/p>\n\n\n\n<p>Para Netanyahu, o ataque teve como objetivo atrapalhar as tentativas de estabelecer a paz no Oriente M\u00e9dio.<\/p>\n\n\n\n<p>Desde ent\u00e3o, Israel tem disparado <strong>ataques a\u00e9reos<\/strong> di\u00e1rios \u00e0 Gaza, estabeleceu bloqueio total \u2013 sem permiss\u00e3o para entrada de \u00e1gua, comida e combust\u00edvel- e determinou que a popula\u00e7\u00e3o local, majoritariamente palestina, evacue o norte da regi\u00e3o e se desloque para o sul.<\/p>\n\n\n\n<p>As for\u00e7as de seguran\u00e7a se preparam para uma <strong>incurs\u00e3o por terra<\/strong>.<\/p>\n\n\n\n<p>&#8220;Voc\u00eas veem Gaza agora a dist\u00e2ncia, mas logo a ver\u00e3o de dentro. O comando vir\u00e1&#8221;, disse o ministro da Defesa de Israel, Yoav Gallant, conforme a Ag\u00eancia Reuters. H\u00e1 informa\u00e7\u00f5es que l\u00edderes do Hamas foram mortos nos bombardeios.<\/p>\n\n\n\n<p>A ofensiva<strong> <\/strong>de <strong>Israel<\/strong> tem sido alvo de diverg\u00eancia na comunidade internacional, que pede garantia de prote\u00e7\u00e3o dos civis em Gaza, atingidos pelo conflito e ataques a\u00e9reos.<\/p>\n\n\n\n<p><em>Com Ag\u00eancia Brasil<\/em><\/p>\n\n\n\t<p>\n\t\t<a href=\"https:\/\/lp.suno.com.br\/planilha-da-vida-financeira\/\" target=\"_blank\" data-element=\"shortcode-suno-banner\" title=\"Banner SUNO, clique e saiba mais\">\n\t\t\t<picture>\n\t\t\t\t<source media=\"(max-width: 500px)\" srcset=\"https:\/\/files.sunoresearch.com.br\/n\/uploads\/2023\/04\/400x300-Planilha-vida-financeira-true.png\">\n\t\t\t\t<img class=\"newsContent__article__imgCapa newsContent__article__imgCapa--banner\"\n\t\t\t\t\tsrc=\"https:\/\/files.sunoresearch.com.br\/n\/uploads\/2023\/04\/1420x240-Planilha-vida-financeira-true.png\"\n\t\t\t\t\tdata-promo-id=\"383123\"\t\t\t\t\t\t\t\t\t\twidth='1420' height='240'\t\t\t\t\talt=\"https:\/\/files.sunoresearch.com.br\/n\/uploads\/2023\/04\/1420x240-Planilha-vida-financeira-true.png\"\n\t\t\t\t>\n\t\t\t<\/picture>\n\t\t<\/a>\n\t<\/p>\n\n\n","protected":false},"excerpt":{"rendered":"<p>H\u00e1 15 dias, o mundo acompanha a escalada da viol\u00eancia na guerra entre Israel e Hamas, no Oriente M\u00e9dio. O conflito teve in\u00edcio com o mais grave ataque j\u00e1 promovido pelo grupo Hamas contra os israelenses, no dia 7 de outubro. Israel &#8211; Foto: Unsplash As a\u00e7\u00f5es do Hamas, sem precedentes na hist\u00f3ria, foram realizadas [&hellip;]<\/p>\n","protected":false},"author":98,"featured_media":467754,"comment_status":"closed","ping_status":"closed","sticky":false,"template":"","format":"standard","meta":[],"categories":[63],"tags":[104961,926],"suno_strategy":[],"class_list":["post-474456","post","type-post","status-publish","format-standard","has-post-thumbnail","hentry","category-internacional","tag-benjamin-netanyahu","tag-israel"],"yoast_head":"<!-- This site is optimized with the Yoast SEO plugin v24.4 - https:\/\/yoast.com\/wordpress\/plugins\/seo\/ -->\n<title>Conflito Israel-Hamas completa 15 dias: veja como tudo come\u00e7ou<\/title>\n<meta name=\"description\" content=\"H\u00e1 15 dias, o mundo acompanha a escalada da viol\u00eancia na guerra entre Israel e Hamas, no Oriente M\u00e9dio. Entenda como come\u00e7ou o conflito\" \/>\n<meta name=\"robots\" content=\"index, follow, max-snippet:-1, max-image-preview:large, max-video-preview:-1\" \/>\n<link rel=\"canonical\" href=\"https:\/\/www.suno.com.br\/noticias\/israel-conflito-hamas-como-comecou\/\" \/>\n<meta property=\"og:locale\" content=\"pt_BR\" \/>\n<meta property=\"og:type\" content=\"article\" \/>\n<meta property=\"og:title\" content=\"Conflito Israel-Hamas completa 15 dias: veja como tudo come\u00e7ou\" \/>\n<meta property=\"og:description\" content=\"H\u00e1 15 dias, o mundo acompanha a escalada da viol\u00eancia na guerra entre Israel e Hamas, no Oriente M\u00e9dio. Entenda como come\u00e7ou o conflito\" \/>\n<meta property=\"og:url\" content=\"https:\/\/www.suno.com.br\/noticias\/israel-conflito-hamas-como-comecou\/\" \/>\n<meta property=\"og:site_name\" content=\"Suno Not\u00edcias\" \/>\n<meta property=\"article:publisher\" content=\"https:\/\/facebook.com\/sunoresearch\" \/>\n<meta property=\"og:image\" content=\"https:\/\/files.sunoresearch.com.br\/n\/uploads\/2023\/10\/israel-scaled.jpg\" \/>\n\t<meta property=\"og:image:width\" content=\"2560\" \/>\n\t<meta property=\"og:image:height\" content=\"1707\" \/>\n\t<meta property=\"og:image:type\" content=\"image\/jpeg\" \/>\n<meta name=\"author\" content=\"Marco Ant\u00f4nio Lopes\" \/>\n<meta name=\"twitter:card\" content=\"summary_large_image\" \/>\n<meta name=\"twitter:creator\" content=\"@sunoresearch\" \/>\n<meta name=\"twitter:site\" content=\"@sunoresearch\" \/>\n<meta name=\"twitter:label1\" content=\"Escrito por\" \/>\n\t<meta name=\"twitter:data1\" content=\"Marco Ant\u00f4nio Lopes\" \/>\n\t<meta name=\"twitter:label2\" content=\"Est. tempo de leitura\" \/>\n\t<meta name=\"twitter:data2\" content=\"5 minutos\" \/>\n<script type=\"application\/ld+json\" class=\"yoast-schema-graph\">{\"@context\":\"https:\/\/schema.org\",\"@graph\":[{\"@type\":\"NewsArticle\",\"@id\":\"https:\/\/www.suno.com.br\/noticias\/israel-conflito-hamas-como-comecou\/#article\",\"isPartOf\":{\"@id\":\"https:\/\/www.suno.com.br\/noticias\/israel-conflito-hamas-como-comecou\/\"},\"author\":{\"name\":\"Marco Ant\u00f4nio Lopes\",\"@id\":\"https:\/\/www.suno.com.br\/noticias\/#\/schema\/person\/829bbe8d57f84333b966b96229c6bf5f\"},\"headline\":\"Conflito Israel-Hamas completa 15 dias: veja como tudo come\u00e7ou\",\"datePublished\":\"2023-10-21T22:15:06+00:00\",\"dateModified\":\"2023-10-21T22:25:35+00:00\",\"mainEntityOfPage\":{\"@id\":\"https:\/\/www.suno.com.br\/noticias\/israel-conflito-hamas-como-comecou\/\"},\"wordCount\":827,\"publisher\":{\"@id\":\"https:\/\/www.suno.com.br\/noticias\/#organization\"},\"image\":{\"@id\":\"https:\/\/www.suno.com.br\/noticias\/israel-conflito-hamas-como-comecou\/#primaryimage\"},\"thumbnailUrl\":\"https:\/\/files.sunoresearch.com.br\/n\/uploads\/2023\/10\/israel-scaled.jpg\",\"keywords\":[\"Benjamin Netanyahu\",\"Israel\"],\"articleSection\":[\"Internacional\"],\"inLanguage\":\"pt-BR\"},{\"@type\":\"WebPage\",\"@id\":\"https:\/\/www.suno.com.br\/noticias\/israel-conflito-hamas-como-comecou\/\",\"url\":\"https:\/\/www.suno.com.br\/noticias\/israel-conflito-hamas-como-comecou\/\",\"name\":\"Conflito Israel-Hamas completa 15 dias: veja como tudo come\u00e7ou\",\"isPartOf\":{\"@id\":\"https:\/\/www.suno.com.br\/noticias\/#website\"},\"primaryImageOfPage\":{\"@id\":\"https:\/\/www.suno.com.br\/noticias\/israel-conflito-hamas-como-comecou\/#primaryimage\"},\"image\":{\"@id\":\"https:\/\/www.suno.com.br\/noticias\/israel-conflito-hamas-como-comecou\/#primaryimage\"},\"thumbnailUrl\":\"https:\/\/files.sunoresearch.com.br\/n\/uploads\/2023\/10\/israel-scaled.jpg\",\"datePublished\":\"2023-10-21T22:15:06+00:00\",\"dateModified\":\"2023-10-21T22:25:35+00:00\",\"description\":\"H\u00e1 15 dias, o mundo acompanha a escalada da viol\u00eancia na guerra entre Israel e Hamas, no Oriente M\u00e9dio. Entenda como come\u00e7ou o conflito\",\"breadcrumb\":{\"@id\":\"https:\/\/www.suno.com.br\/noticias\/israel-conflito-hamas-como-comecou\/#breadcrumb\"},\"inLanguage\":\"pt-BR\",\"potentialAction\":[{\"@type\":\"ReadAction\",\"target\":[\"https:\/\/www.suno.com.br\/noticias\/israel-conflito-hamas-como-comecou\/\"]}]},{\"@type\":\"ImageObject\",\"inLanguage\":\"pt-BR\",\"@id\":\"https:\/\/www.suno.com.br\/noticias\/israel-conflito-hamas-como-comecou\/#primaryimage\",\"url\":\"https:\/\/files.sunoresearch.com.br\/n\/uploads\/2023\/10\/israel-scaled.jpg\",\"contentUrl\":\"https:\/\/files.sunoresearch.com.br\/n\/uploads\/2023\/10\/israel-scaled.jpg\",\"width\":2560,\"height\":1707,\"caption\":\"Israel - Foto: Unsplash\"},{\"@type\":\"BreadcrumbList\",\"@id\":\"https:\/\/www.suno.com.br\/noticias\/israel-conflito-hamas-como-comecou\/#breadcrumb\",\"itemListElement\":[{\"@type\":\"ListItem\",\"position\":1,\"name\":\"Not\u00edcias\",\"item\":\"https:\/\/www.suno.com.br\/noticias\/\"},{\"@type\":\"ListItem\",\"position\":2,\"name\":\"Internacional\",\"item\":\"https:\/\/www.suno.com.br\/noticias\/internacional\/\"},{\"@type\":\"ListItem\",\"position\":3,\"name\":\"Conflito Israel-Hamas completa 15 dias: veja como tudo come\u00e7ou\"}]},{\"@type\":\"WebSite\",\"@id\":\"https:\/\/www.suno.com.br\/noticias\/#website\",\"url\":\"https:\/\/www.suno.com.br\/noticias\/\",\"name\":\"Suno Not\u00edcias\",\"description\":\"Seu portal de informa\u00e7\u00e3o sobre o mundo dos investimentos\",\"publisher\":{\"@id\":\"https:\/\/www.suno.com.br\/noticias\/#organization\"},\"potentialAction\":[{\"@type\":\"SearchAction\",\"target\":{\"@type\":\"EntryPoint\",\"urlTemplate\":\"https:\/\/www.suno.com.br\/noticias\/?s={search_term_string}\"},\"query-input\":{\"@type\":\"PropertyValueSpecification\",\"valueRequired\":true,\"valueName\":\"search_term_string\"}}],\"inLanguage\":\"pt-BR\"},{\"@type\":\"Organization\",\"@id\":\"https:\/\/www.suno.com.br\/noticias\/#organization\",\"name\":\"Suno Not\u00edcias\",\"url\":\"https:\/\/www.suno.com.br\/noticias\/\",\"logo\":{\"@type\":\"ImageObject\",\"inLanguage\":\"pt-BR\",\"@id\":\"https:\/\/www.suno.com.br\/noticias\/#\/schema\/logo\/image\/\",\"url\":\"https:\/\/files.sunoresearch.com.br\/n\/uploads\/2021\/09\/suno-logo.png\",\"contentUrl\":\"https:\/\/files.sunoresearch.com.br\/n\/uploads\/2021\/09\/suno-logo.png\",\"width\":180,\"height\":180,\"caption\":\"Suno Not\u00edcias\"},\"image\":{\"@id\":\"https:\/\/www.suno.com.br\/noticias\/#\/schema\/logo\/image\/\"},\"sameAs\":[\"https:\/\/facebook.com\/sunoresearch\",\"https:\/\/x.com\/sunoresearch\",\"https:\/\/www.instagram.com\/suno\",\"https:\/\/www.linkedin.com\/company\/suno-research\/\",\"https:\/\/www.youtube.com\/c\/sunoresearch\"]},{\"@type\":\"Person\",\"@id\":\"https:\/\/www.suno.com.br\/noticias\/#\/schema\/person\/829bbe8d57f84333b966b96229c6bf5f\",\"name\":\"Marco Ant\u00f4nio Lopes\",\"image\":{\"@type\":\"ImageObject\",\"inLanguage\":\"pt-BR\",\"@id\":\"https:\/\/www.suno.com.br\/noticias\/#\/schema\/person\/image\/\",\"url\":\"https:\/\/secure.gravatar.com\/avatar\/385167b012fbc1cde32c5446ee253313?s=96&r=g\",\"contentUrl\":\"https:\/\/secure.gravatar.com\/avatar\/385167b012fbc1cde32c5446ee253313?s=96&r=g\",\"caption\":\"Marco Ant\u00f4nio Lopes\"},\"description\":\"Jornalista, \u00e9 editor no Suno Not\u00edcias. Trabalhou nas revistas Playboy, Super, Veja Comer &amp; Beber, Homem Vogue e Universo Masculino, al\u00e9m dos portais Abril.com, R7, nas editorias de Home, Esportes, Hora 7, Entretenimento e Geral, e Eu Quero Investir. Autor do livro Bruce Lee: Definitivo (Editora Conrad). Colaborou nas revistas Nova, Veja SP, Grandes Guerras, Placar, Bizz, Casa Claudia e Quatro Rodas.\",\"url\":\"https:\/\/www.suno.com.br\/noticias\/author\/marco-lopes\/\"}]}<\/script>\n<!-- \/ Yoast SEO plugin. -->","yoast_head_json":{"title":"Conflito Israel-Hamas completa 15 dias: veja como tudo come\u00e7ou","description":"H\u00e1 15 dias, o mundo acompanha a escalada da viol\u00eancia na guerra entre Israel e Hamas, no Oriente M\u00e9dio. Entenda como come\u00e7ou o conflito","robots":{"index":"index","follow":"follow","max-snippet":"max-snippet:-1","max-image-preview":"max-image-preview:large","max-video-preview":"max-video-preview:-1"},"canonical":"https:\/\/www.suno.com.br\/noticias\/israel-conflito-hamas-como-comecou\/","og_locale":"pt_BR","og_type":"article","og_title":"Conflito Israel-Hamas completa 15 dias: veja como tudo come\u00e7ou","og_description":"H\u00e1 15 dias, o mundo acompanha a escalada da viol\u00eancia na guerra entre Israel e Hamas, no Oriente M\u00e9dio. Entenda como come\u00e7ou o conflito","og_url":"https:\/\/www.suno.com.br\/noticias\/israel-conflito-hamas-como-comecou\/","og_site_name":"Suno Not\u00edcias","article_publisher":"https:\/\/facebook.com\/sunoresearch","og_image":[{"width":2560,"height":1707,"url":"https:\/\/files.sunoresearch.com.br\/n\/uploads\/2023\/10\/israel-scaled.jpg","type":"image\/jpeg"}],"author":"Marco Ant\u00f4nio Lopes","twitter_card":"summary_large_image","twitter_creator":"@sunoresearch","twitter_site":"@sunoresearch","twitter_misc":{"Escrito por":"Marco Ant\u00f4nio Lopes","Est. tempo de leitura":"5 minutos"},"schema":{"@context":"https:\/\/schema.org","@graph":[{"@type":"NewsArticle","@id":"https:\/\/www.suno.com.br\/noticias\/israel-conflito-hamas-como-comecou\/#article","isPartOf":{"@id":"https:\/\/www.suno.com.br\/noticias\/israel-conflito-hamas-como-comecou\/"},"author":{"name":"Marco Ant\u00f4nio Lopes","@id":"https:\/\/www.suno.com.br\/noticias\/#\/schema\/person\/829bbe8d57f84333b966b96229c6bf5f"},"headline":"Conflito Israel-Hamas completa 15 dias: veja como tudo come\u00e7ou","datePublished":"2023-10-21T22:15:06+00:00","dateModified":"2023-10-21T22:25:35+00:00","mainEntityOfPage":{"@id":"https:\/\/www.suno.com.br\/noticias\/israel-conflito-hamas-como-comecou\/"},"wordCount":827,"publisher":{"@id":"https:\/\/www.suno.com.br\/noticias\/#organization"},"image":{"@id":"https:\/\/www.suno.com.br\/noticias\/israel-conflito-hamas-como-comecou\/#primaryimage"},"thumbnailUrl":"https:\/\/files.sunoresearch.com.br\/n\/uploads\/2023\/10\/israel-scaled.jpg","keywords":["Benjamin Netanyahu","Israel"],"articleSection":["Internacional"],"inLanguage":"pt-BR"},{"@type":"WebPage","@id":"https:\/\/www.suno.com.br\/noticias\/israel-conflito-hamas-como-comecou\/","url":"https:\/\/www.suno.com.br\/noticias\/israel-conflito-hamas-como-comecou\/","name":"Conflito Israel-Hamas completa 15 dias: veja como tudo come\u00e7ou","isPartOf":{"@id":"https:\/\/www.suno.com.br\/noticias\/#website"},"primaryImageOfPage":{"@id":"https:\/\/www.suno.com.br\/noticias\/israel-conflito-hamas-como-comecou\/#primaryimage"},"image":{"@id":"https:\/\/www.suno.com.br\/noticias\/israel-conflito-hamas-como-comecou\/#primaryimage"},"thumbnailUrl":"https:\/\/files.sunoresearch.com.br\/n\/uploads\/2023\/10\/israel-scaled.jpg","datePublished":"2023-10-21T22:15:06+00:00","dateModified":"2023-10-21T22:25:35+00:00","description":"H\u00e1 15 dias, o mundo acompanha a escalada da viol\u00eancia na guerra entre Israel e Hamas, no Oriente M\u00e9dio. Entenda como come\u00e7ou o conflito","breadcrumb":{"@id":"https:\/\/www.suno.com.br\/noticias\/israel-conflito-hamas-como-comecou\/#breadcrumb"},"inLanguage":"pt-BR","potentialAction":[{"@type":"ReadAction","target":["https:\/\/www.suno.com.br\/noticias\/israel-conflito-hamas-como-comecou\/"]}]},{"@type":"ImageObject","inLanguage":"pt-BR","@id":"https:\/\/www.suno.com.br\/noticias\/israel-conflito-hamas-como-comecou\/#primaryimage","url":"https:\/\/files.sunoresearch.com.br\/n\/uploads\/2023\/10\/israel-scaled.jpg","contentUrl":"https:\/\/files.sunoresearch.com.br\/n\/uploads\/2023\/10\/israel-scaled.jpg","width":2560,"height":1707,"caption":"Israel - Foto: Unsplash"},{"@type":"BreadcrumbList","@id":"https:\/\/www.suno.com.br\/noticias\/israel-conflito-hamas-como-comecou\/#breadcrumb","itemListElement":[{"@type":"ListItem","position":1,"name":"Not\u00edcias","item":"https:\/\/www.suno.com.br\/noticias\/"},{"@type":"ListItem","position":2,"name":"Internacional","item":"https:\/\/www.suno.com.br\/noticias\/internacional\/"},{"@type":"ListItem","position":3,"name":"Conflito Israel-Hamas completa 15 dias: veja como tudo come\u00e7ou"}]},{"@type":"WebSite","@id":"https:\/\/www.suno.com.br\/noticias\/#website","url":"https:\/\/www.suno.com.br\/noticias\/","name":"Suno Not\u00edcias","description":"Seu portal de informa\u00e7\u00e3o sobre o mundo dos investimentos","publisher":{"@id":"https:\/\/www.suno.com.br\/noticias\/#organization"},"potentialAction":[{"@type":"SearchAction","target":{"@type":"EntryPoint","urlTemplate":"https:\/\/www.suno.com.br\/noticias\/?s={search_term_string}"},"query-input":{"@type":"PropertyValueSpecification","valueRequired":true,"valueName":"search_term_string"}}],"inLanguage":"pt-BR"},{"@type":"Organization","@id":"https:\/\/www.suno.com.br\/noticias\/#organization","name":"Suno Not\u00edcias","url":"https:\/\/www.suno.com.br\/noticias\/","logo":{"@type":"ImageObject","inLanguage":"pt-BR","@id":"https:\/\/www.suno.com.br\/noticias\/#\/schema\/logo\/image\/","url":"https:\/\/files.sunoresearch.com.br\/n\/uploads\/2021\/09\/suno-logo.png","contentUrl":"https:\/\/files.sunoresearch.com.br\/n\/uploads\/2021\/09\/suno-logo.png","width":180,"height":180,"caption":"Suno Not\u00edcias"},"image":{"@id":"https:\/\/www.suno.com.br\/noticias\/#\/schema\/logo\/image\/"},"sameAs":["https:\/\/facebook.com\/sunoresearch","https:\/\/x.com\/sunoresearch","https:\/\/www.instagram.com\/suno","https:\/\/www.linkedin.com\/company\/suno-research\/","https:\/\/www.youtube.com\/c\/sunoresearch"]},{"@type":"Person","@id":"https:\/\/www.suno.com.br\/noticias\/#\/schema\/person\/829bbe8d57f84333b966b96229c6bf5f","name":"Marco Ant\u00f4nio Lopes","image":{"@type":"ImageObject","inLanguage":"pt-BR","@id":"https:\/\/www.suno.com.br\/noticias\/#\/schema\/person\/image\/","url":"https:\/\/secure.gravatar.com\/avatar\/385167b012fbc1cde32c5446ee253313?s=96&r=g","contentUrl":"https:\/\/secure.gravatar.com\/avatar\/385167b012fbc1cde32c5446ee253313?s=96&r=g","caption":"Marco Ant\u00f4nio Lopes"},"description":"Jornalista, \u00e9 editor no Suno Not\u00edcias. Trabalhou nas revistas Playboy, Super, Veja Comer &amp; Beber, Homem Vogue e Universo Masculino, al\u00e9m dos portais Abril.com, R7, nas editorias de Home, Esportes, Hora 7, Entretenimento e Geral, e Eu Quero Investir. Autor do livro Bruce Lee: Definitivo (Editora Conrad). Colaborou nas revistas Nova, Veja SP, Grandes Guerras, Placar, Bizz, Casa Claudia e Quatro Rodas.","url":"https:\/\/www.suno.com.br\/noticias\/author\/marco-lopes\/"}]}},"default_loop_html":"<div class=\"cardsPage__listCard__boxs\"><div class=\"cardsPage__listCard__boxs__img\"><a href=\"https:\/\/www.suno.com.br\/noticias\/israel-conflito-hamas-como-comecou\/\"><img class=\"mask\" src=\"https:\/\/www.suno.com.br\/noticias\/wp-content\/themes\/suno\/resources\/images\/spotlight\/spotlight1img\/bg-mask.png\" alt=\"Image Mask\"\/><img src=\"https:\/\/files.sunoresearch.com.br\/n\/uploads\/2023\/10\/israel-400x200.jpg\" alt=\"Conflito Israel-Hamas completa 15 dias: veja como tudo come\u00e7ou\"\/><\/a><span class=\"spotlightCategory\"><a href=\"https:\/\/www.suno.com.br\/noticias\/internacional\/\">Internacional<\/a><\/span><\/div><div class=\"cardsPage__listCard__boxs__content\"><a href=\"https:\/\/www.suno.com.br\/noticias\/israel-conflito-hamas-como-comecou\/\"><h2 class=\"content__title\">Conflito Israel-Hamas completa 15 dias: veja como tudo come\u00e7ou<\/h2><\/a><div class=\"newsContent__article__meta\"><div class=\"newsContent__article__meta__authorBox\"><a href=\"https:\/\/www.suno.com.br\/noticias\/author\/giovanni-porfiriosuno-com-br\/\" class=\"authorBox__avatar noMobi\"><img src=\"https:\/\/files.sunoresearch.com.br\/n\/uploads\/2024\/05\/DSCF4115-1-1-150x150.webp\" alt=\"Giovanni Porf\u00edrio Jacomino\"><\/a><div class=\"authorBox__name\"><span>por\n\t\t\t<a href=\"https:\/\/www.suno.com.br\/noticias\/author\/giovanni-porfiriosuno-com-br\/\"><span itemprop=\"author\">Giovanni Porf\u00edrio Jacomino<\/span><\/a><\/span><time datetime=\"2023-10-21T19:15:06-03:00\" itemprop=\"datePublished\">21\/10\/2023 19:15<\/time><\/div><\/div><\/div><\/div><\/div>","single_layout":"posts","amp_enabled":true,"_links":{"self":[{"href":"https:\/\/www.suno.com.br\/noticias\/wp-json\/wp\/v2\/posts\/474456"}],"collection":[{"href":"https:\/\/www.suno.com.br\/noticias\/wp-json\/wp\/v2\/posts"}],"about":[{"href":"https:\/\/www.suno.com.br\/noticias\/wp-json\/wp\/v2\/types\/post"}],"author":[{"embeddable":true,"href":"https:\/\/www.suno.com.br\/noticias\/wp-json\/wp\/v2\/users\/98"}],"replies":[{"embeddable":true,"href":"https:\/\/www.suno.com.br\/noticias\/wp-json\/wp\/v2\/comments?post=474456"}],"version-history":[{"count":3,"href":"https:\/\/www.suno.com.br\/noticias\/wp-json\/wp\/v2\/posts\/474456\/revisions"}],"predecessor-version":[{"id":474501,"href":"https:\/\/www.suno.com.br\/noticias\/wp-json\/wp\/v2\/posts\/474456\/revisions\/474501"}],"wp:featuredmedia":[{"embeddable":true,"href":"https:\/\/www.suno.com.br\/noticias\/wp-json\/wp\/v2\/media\/467754"}],"wp:attachment":[{"href":"https:\/\/www.suno.com.br\/noticias\/wp-json\/wp\/v2\/media?parent=474456"}],"wp:term":[{"taxonomy":"category","embeddable":true,"href":"https:\/\/www.suno.com.br\/noticias\/wp-json\/wp\/v2\/categories?post=474456"},{"taxonomy":"post_tag","embeddable":true,"href":"https:\/\/www.suno.com.br\/noticias\/wp-json\/wp\/v2\/tags?post=474456"},{"taxonomy":"suno_strategy","embeddable":true,"href":"https:\/\/www.suno.com.br\/noticias\/wp-json\/wp\/v2\/suno_strategy?post=474456"}],"curies":[{"name":"wp","href":"https:\/\/api.w.org\/{rel}","templated":true}]}}