{"id":474381,"date":"2023-10-21T11:45:29","date_gmt":"2023-10-21T14:45:29","guid":{"rendered":"https:\/\/www.suno.com.br\/noticias\/?p=474381"},"modified":"2023-10-21T12:14:32","modified_gmt":"2023-10-21T15:14:32","slug":"guerra-israel-hamas-camihnoes-ajuda-humanitaria-mal","status":"publish","type":"post","link":"https:\/\/www.suno.com.br\/noticias\/guerra-israel-hamas-camihnoes-ajuda-humanitaria-mal\/","title":{"rendered":"Guerra Israel-Hamas: caminh\u00f5es com ajuda humanit\u00e1ria chegam \u00e0 Faixa de Gaza; bombardeios atingem territ\u00f3rio palestino"},"content":{"rendered":"<p>A passagem de Rafah, na fronteira do Egito com o sul da Faixa de Gaza, foi aberta neste s\u00e1bado (21), no d\u00e9cimo quinto dia da<strong> <\/strong>guerra entre <strong>Israel <\/strong>e o Hamas. Vinte caminh\u00f5es com mantimentos, \u00e1gua, rem\u00e9dios e suprimentos como combust\u00edvel para geradores de hospitais e ve\u00edculos para levar assist\u00eancia a feridos e pacientes, entraram no sul do enclave palestino. Havia 200 caminh\u00f5es preparados para entrar em Gaza, mas somente 20 deles foram autorizados a ultrapassar o muro que separa o Egito do territ\u00f3rio palestino. <\/p>\t<div class=\"wrapper-featured-image\">\n\t\t<figure class=\"spotlightImg\">\n\n\t\t\t<picture>\n\t\t\t\t<source media=\"(max-width: 768px)\" srcset=\"https:\/\/files.sunoresearch.com.br\/n\/uploads\/2023\/10\/Guerra-Israel-Defense-Forces5-400x200.jpg\">\n\t\t\t\t<img loading=\"lazy\" decoding=\"async\" class=\"newsContent__article__imgCapa lazyloadDisabled \" src=\"https:\/\/files.sunoresearch.com.br\/n\/uploads\/2023\/10\/Guerra-Israel-Defense-Forces5-800x450.jpg\" width=\"800\" height=\"450\" alt=\"Guerra Israel-Hamas: caminh\u00f5es com ajuda humanit\u00e1ria chegam \u00e0 Faixa de Gaza; bombardeios atingem territ\u00f3rio palestino\" fetchpriority=high \/>\n\t\t\t<\/picture>\n\n\t\t\t<figcaption class=\"wp-caption-text wp-caption-text--show\">Israel. Foto: Israel Defense Forces<\/figcaption>\n\t\t<\/figure>\n\t<\/div>\n\n\n\n\n\n\t<p>\n\t\t<a href=\"\" target=\"_blank\" data-element=\"shortcode-suno-banner\" title=\"Banner SUNO, clique e saiba mais\">\n\t\t\t<picture>\n\t\t\t\t<source media=\"(max-width: 500px)\" srcset=\"\">\n\t\t\t\t<img class=\"newsContent__article__imgCapa newsContent__article__imgCapa--banner\"\n\t\t\t\t\tsrc=\"\"\n\t\t\t\t\tdata-promo-id=\"240038\"\t\t\t\t\t\t\t\t\t\t\t\t\t\t\talt=\"\"\n\t\t\t\t>\n\t\t\t<\/picture>\n\t\t<\/a>\n\t<\/p>\n\n\n\n\n\n<p>Militares israelenses inspecionaram a entrada dos <strong><a href=\"https:\/\/www.suno.com.br\/noticias\/israel-guerra-hamas-acompanhe-gpj\/\">caminh\u00f5es de ajuda humanit\u00e1ria<\/a><\/strong>, com 4000 toneladas de mantimentos. Dezenas de ve\u00edculos ficaram no Egito, sem autoriza\u00e7\u00e3o para cruzar a fronteira. For\u00e7as israelenses temem que o combust\u00edvel abaste\u00e7a grupos do Hamas. Foi o primeiro dia em que a ajuda humanit\u00e1ria entrou em Gaza desde o in\u00edcio do conflito entre Israel e Hamas, em 7 de outubro, quando extremistas entraram em Israel, matando civis com sequestro de ref\u00e9ns &#8211; cerca de 200 pessoas, que ainda hoje est\u00e3o sob a mira dos terroristas.<\/p>\n\n\n\n<p>Os caminh\u00f5es que ficaram dias retidos no Egito entraram por meio da fronteira de Rafah, ap\u00f3s dias de disputas diplom\u00e1ticas sobre as condi\u00e7\u00f5es de entrega dos bens.<\/p>\n\n\n\n<p>Rafah \u00e9 a principal rota de entrada e sa\u00edda da Faixa de Gaza n\u00e3o controlada por Israel e o foco dos esfor\u00e7os para entregar ajuda aos 2,3 milh\u00f5es de residentes de Gaza.<\/p>\n\n\n\n<p>Segundo a Reuters, o gerente do Crescente Vermelho do Qatar, Ahmad Nassar, que est\u00e1 em Gaza, disse que apenas 20 caminh\u00f5es foram autorizados a entrar. \u201cHoje recebemos cerca de 20 caminh\u00f5es de ajuda. Este n\u00famero n\u00e3o \u00e9 de forma alguma suficiente para cobrir a necessidade humanit\u00e1ria em Gaza, uma vez que a deteriora\u00e7\u00e3o das condi\u00e7\u00f5es na Faixa de Gaza exige muito mais do que ajuda. \u00c9 necess\u00e1rio o fim da agress\u00e3o a Gaza, e depois a reconstru\u00e7\u00e3o de Gaza e a eleva\u00e7\u00e3o da situa\u00e7\u00e3o humanit\u00e1ria da popula\u00e7\u00e3o.&#8221;<\/p>\n\n\n\n<p>Os militares israelitas disseram que a ajuda humanit\u00e1ria iria apenas para as zonas do sul do enclave, onde os civis palestinos foram for\u00e7ados a se reunir para evitar os combates de Israel com o Hamas.<\/p>\n\n\n\n<p>Israel imp\u00f4s um bloqueio total, interrompendo a entrada de \u00e1gua, comida, combust\u00edvel e eletricidade, e lan\u00e7ou ataques a\u00e9reos contra Gaza em resposta a um ataque mortal em solo israelense pelo grupo palestino Hamas em 7 de outubro.<\/p>\n\n\n\n<p> O <strong>15\u00ba dia do conflito<\/strong> teve bombardeios no territ\u00f3rio palestino, incluindo o sul da Faixa de Gaza, por onde entraram os caminh\u00f5es da Organiza\u00e7\u00e3o Mundial de Sa\u00fade (OMS), segundo ag\u00eancias internacionais.<\/p>\n\n\n\n<h2 class=\"wp-block-heading\">Egito realiza neste s\u00e1bado c\u00fapula sobre conflito entre Israel e Hamas<\/h2>\n\n\n\n<p>O governo do Egito realiza neste s\u00e1bado (21) uma reuni\u00e3o com representantes de v\u00e1rios pa\u00edses para debater os desdobramentos do conflito entre Israel e o Hamas, na<strong> Faixa de Gaza<\/strong>, e a escalada da viol\u00eancia no Oriente M\u00e9dio.<\/p>\n\n\n\n<p>O Brasil ser\u00e1 representado pelo ministro das Rela\u00e7\u00f5es Exteriores, Mauro Vieira. O principal tema do encontro \u00e9 a <strong>crise humanit\u00e1ria<\/strong> na Faixa de Gaza. Tamb\u00e9m participam do encontro Jord\u00e2nia, Catar e Turquia.<\/p>\n\n\n\n<p>Na quarta-feira (18), o Conselho de Seguran\u00e7a da Organiza\u00e7\u00e3o das Na\u00e7\u00f5es Unidas (ONU) rejeitou a proposta apresentada pelo governo brasileiro sobre o conflito. O texto pedia pausas humanit\u00e1rias aos <strong>ataques entre Israel e o Hamas <\/strong>para permitir o acesso de ajuda \u00e0 Faixa de Gaza.<\/p>\n\n\n\t<p>\n\t\t<a href=\"https:\/\/lp.suno.com.br\/ebook-gratuito-investindo-no-exterior\/\" target=\"_blank\" data-element=\"shortcode-suno-banner\" title=\"Banner SUNO, clique e saiba mais\">\n\t\t\t<picture>\n\t\t\t\t<source media=\"(max-width: 500px)\" srcset=\"https:\/\/files.sunoresearch.com.br\/n\/uploads\/2023\/03\/400x300-Investindo-no-exterior.png\">\n\t\t\t\t<img class=\"newsContent__article__imgCapa newsContent__article__imgCapa--banner\"\n\t\t\t\t\tsrc=\"https:\/\/files.sunoresearch.com.br\/n\/uploads\/2023\/03\/1420x240-Investindo-no-exterior.png\"\n\t\t\t\t\tdata-promo-id=\"383161\"\t\t\t\t\t\t\t\t\t\twidth='1420' height='240'\t\t\t\t\talt=\"https:\/\/files.sunoresearch.com.br\/n\/uploads\/2023\/03\/1420x240-Investindo-no-exterior.png\"\n\t\t\t\t>\n\t\t\t<\/picture>\n\t\t<\/a>\n\t<\/p>\n\n\n\n\n\n<h2 class=\"wp-block-heading\">Chanceler brasileiro: chegou o momento de p\u00f4r fim ao derramamento de sangue<\/h2>\n\n\n\n<p>O ministro das Rela\u00e7\u00f5es Exteriores (MRE), Mauro Vieira, disse neste s\u00e1bado (21), no Cairo, que a expectativa do Brasil sobre o encontro convocado pelo Egito para discutir a crise humanit\u00e1ria provocada pela guerra entre Israel e o Hamas, na Faixa de Gaza, \u00e9 grande.<\/p>\n\n\n\n<p>\u201cA expectativa \u00e9 de que se crie uma consci\u00eancia de que \u00e9 chegado o momento de p\u00f4r um ponto final a este derramamento de sangue e a essa guerra que, no fundo, afeta todo o mundo\u201d, disse o chanceler brasileiro, ante do in\u00edcio do encontro.<\/p>\n\n\n\n<p>O ministro representa o presidente Luiz In\u00e1cio Lula da Silva na c\u00fapula eg\u00edpcia. Tamb\u00e9m participam do encontro membros permanentes no Conselho de Seguran\u00e7a da Organiza\u00e7\u00e3o das Na\u00e7\u00f5es Unidas (ONU), pa\u00edses do mundo \u00e1rabe e outros atores na regi\u00e3o do conflito. Durante o m\u00eas de outubro, o Brasil est\u00e1 na presid\u00eancia rotativa do Conselho de Seguran\u00e7a da <strong>ONU<\/strong>.<\/p>\n\n\n\n<p>O chanceler brasileiro adiantou que foi ao Cairo levar a mesma mensagem apresentada por ele em Nova York (EUA) durante a reuni\u00e3o do Conselho de Seguran\u00e7a das Na\u00e7\u00f5es Unidas, na \u00faltima quinta-feira, a de que \u00e9 chegado o momento de se tomar medidas de ajuda humanit\u00e1ria para aliviar o sofrimento do povo de Gaza.<\/p>\n\n\n\n<p>\u201cN\u00e3o \u00e9 poss\u00edvel mais que continuem com uma car\u00eancia absoluta de todos os v\u00edveres, de todas as necessidades, de \u00e1gua. Precisamos discutir essa quest\u00e3o antes que a situa\u00e7\u00e3o se transforme num problema humanit\u00e1rio de maior volume ainda.\u201d<\/p>\n\n\n\n<p>Mauro Vieira disse, ainda, que ser\u00e3o discutidas as quest\u00f5es relativas ao conflito, tanto sobre os atos do Hamas contra <strong>Israel<\/strong>, como tamb\u00e9m a rea\u00e7\u00e3o do Estado de Israel a esses atos de viol\u00eancia, que j\u00e1 vitimaram, aproximadamente, 4,4 mil pessoas, do lado palestino, e cerca de 1,4 mil, do lado de Israel. Estima-se que 201 pessoas foram feitas ref\u00e9ns pelo Hamas e levadas para a Faixa de Gaza, em 9 de outubro. <a href=\"https:\/\/www.suno.com.br\/noticias\/guerra-entre-israel-e-hamas-acompanhe-gpj\/\">Duas norte-americanas foram as primeiras ref\u00e9ns libertadas<\/a> nesta sexta-feira.<\/p>\n\n\n\n<p><em>Com Ag\u00eancia Brasil<\/em><\/p>\n\n\n\n\n\t<p>\n\t\t<a href=\"https:\/\/lp.suno.com.br\/planilha-da-vida-financeira\/\" target=\"_blank\" data-element=\"shortcode-suno-banner\" title=\"Banner SUNO, clique e saiba mais\">\n\t\t\t<picture>\n\t\t\t\t<source media=\"(max-width: 500px)\" srcset=\"https:\/\/files.sunoresearch.com.br\/n\/uploads\/2023\/04\/400x300-Planilha-vida-financeira-true.png\">\n\t\t\t\t<img class=\"newsContent__article__imgCapa newsContent__article__imgCapa--banner\"\n\t\t\t\t\tsrc=\"https:\/\/files.sunoresearch.com.br\/n\/uploads\/2023\/04\/1420x240-Planilha-vida-financeira-true.png\"\n\t\t\t\t\tdata-promo-id=\"383123\"\t\t\t\t\t\t\t\t\t\twidth='1420' height='240'\t\t\t\t\talt=\"https:\/\/files.sunoresearch.com.br\/n\/uploads\/2023\/04\/1420x240-Planilha-vida-financeira-true.png\"\n\t\t\t\t>\n\t\t\t<\/picture>\n\t\t<\/a>\n\t<\/p>\n\n\n","protected":false},"excerpt":{"rendered":"<p>A passagem de Rafah, na fronteira do Egito com o sul da Faixa de Gaza, foi aberta neste s\u00e1bado (21), no d\u00e9cimo quinto dia da guerra entre Israel e o Hamas. Vinte caminh\u00f5es com mantimentos, \u00e1gua, rem\u00e9dios e suprimentos como combust\u00edvel para geradores de hospitais e ve\u00edculos para levar assist\u00eancia a feridos e pacientes, entraram [&hellip;]<\/p>\n","protected":false},"author":98,"featured_media":467787,"comment_status":"closed","ping_status":"closed","sticky":false,"template":"","format":"standard","meta":[],"categories":[63],"tags":[926,1274,873],"suno_strategy":[],"class_list":["post-474381","post","type-post","status-publish","format-standard","has-post-thumbnail","hentry","category-internacional","tag-israel","tag-ministerio-das-relacoes-exteriores","tag-onu"],"yoast_head":"<!-- This site is optimized with the Yoast SEO plugin v24.4 - https:\/\/yoast.com\/wordpress\/plugins\/seo\/ -->\n<title>Guerra Israel-Hamas: caminh\u00f5es com ajuda humanit\u00e1ria chegam \u00e0 Gaza<\/title>\n<meta name=\"description\" content=\"A passagem de Rafah, na fronteira do Egito com a Faixa de Gaza, foi aberta neste s\u00e1bado (21), no 15\u00ba dia da guerra entre Israel e o Hamas\" \/>\n<meta name=\"robots\" content=\"index, follow, max-snippet:-1, max-image-preview:large, max-video-preview:-1\" \/>\n<link rel=\"canonical\" href=\"https:\/\/www.suno.com.br\/noticias\/guerra-israel-hamas-camihnoes-ajuda-humanitaria-mal\/\" \/>\n<meta property=\"og:locale\" content=\"pt_BR\" \/>\n<meta property=\"og:type\" content=\"article\" \/>\n<meta property=\"og:title\" content=\"Guerra Israel-Hamas: caminh\u00f5es com ajuda humanit\u00e1ria chegam \u00e0 Gaza\" \/>\n<meta property=\"og:description\" content=\"A passagem de Rafah, na fronteira do Egito com a Faixa de Gaza, foi aberta neste s\u00e1bado (21), no 15\u00ba dia da guerra entre Israel e o Hamas\" \/>\n<meta property=\"og:url\" content=\"https:\/\/www.suno.com.br\/noticias\/guerra-israel-hamas-camihnoes-ajuda-humanitaria-mal\/\" \/>\n<meta property=\"og:site_name\" content=\"Suno Not\u00edcias\" \/>\n<meta property=\"article:publisher\" content=\"https:\/\/facebook.com\/sunoresearch\" \/>\n<meta property=\"og:image\" content=\"https:\/\/files.sunoresearch.com.br\/n\/uploads\/2023\/10\/Guerra-Israel-Defense-Forces5.jpg\" \/>\n\t<meta property=\"og:image:width\" content=\"2048\" \/>\n\t<meta property=\"og:image:height\" content=\"1364\" \/>\n\t<meta property=\"og:image:type\" content=\"image\/jpeg\" \/>\n<meta name=\"author\" content=\"Marco Ant\u00f4nio Lopes\" \/>\n<meta name=\"twitter:card\" content=\"summary_large_image\" \/>\n<meta name=\"twitter:creator\" content=\"@sunoresearch\" \/>\n<meta name=\"twitter:site\" content=\"@sunoresearch\" \/>\n<meta name=\"twitter:label1\" content=\"Escrito por\" \/>\n\t<meta name=\"twitter:data1\" content=\"Marco Ant\u00f4nio Lopes\" \/>\n\t<meta name=\"twitter:label2\" content=\"Est. tempo de leitura\" \/>\n\t<meta name=\"twitter:data2\" content=\"5 minutos\" \/>\n<script type=\"application\/ld+json\" class=\"yoast-schema-graph\">{\"@context\":\"https:\/\/schema.org\",\"@graph\":[{\"@type\":\"NewsArticle\",\"@id\":\"https:\/\/www.suno.com.br\/noticias\/guerra-israel-hamas-camihnoes-ajuda-humanitaria-mal\/#article\",\"isPartOf\":{\"@id\":\"https:\/\/www.suno.com.br\/noticias\/guerra-israel-hamas-camihnoes-ajuda-humanitaria-mal\/\"},\"author\":{\"name\":\"Marco Ant\u00f4nio Lopes\",\"@id\":\"https:\/\/www.suno.com.br\/noticias\/#\/schema\/person\/829bbe8d57f84333b966b96229c6bf5f\"},\"headline\":\"Guerra Israel-Hamas: caminh\u00f5es com ajuda humanit\u00e1ria chegam \u00e0 Faixa de Gaza; bombardeios atingem territ\u00f3rio palestino\",\"datePublished\":\"2023-10-21T14:45:29+00:00\",\"dateModified\":\"2023-10-21T15:14:32+00:00\",\"mainEntityOfPage\":{\"@id\":\"https:\/\/www.suno.com.br\/noticias\/guerra-israel-hamas-camihnoes-ajuda-humanitaria-mal\/\"},\"wordCount\":985,\"publisher\":{\"@id\":\"https:\/\/www.suno.com.br\/noticias\/#organization\"},\"image\":{\"@id\":\"https:\/\/www.suno.com.br\/noticias\/guerra-israel-hamas-camihnoes-ajuda-humanitaria-mal\/#primaryimage\"},\"thumbnailUrl\":\"https:\/\/files.sunoresearch.com.br\/n\/uploads\/2023\/10\/Guerra-Israel-Defense-Forces5.jpg\",\"keywords\":[\"Israel\",\"Minist\u00e9rio das Rela\u00e7\u00f5es Exteriores\",\"ONU\"],\"articleSection\":[\"Internacional\"],\"inLanguage\":\"pt-BR\"},{\"@type\":\"WebPage\",\"@id\":\"https:\/\/www.suno.com.br\/noticias\/guerra-israel-hamas-camihnoes-ajuda-humanitaria-mal\/\",\"url\":\"https:\/\/www.suno.com.br\/noticias\/guerra-israel-hamas-camihnoes-ajuda-humanitaria-mal\/\",\"name\":\"Guerra Israel-Hamas: caminh\u00f5es com ajuda humanit\u00e1ria chegam \u00e0 Gaza\",\"isPartOf\":{\"@id\":\"https:\/\/www.suno.com.br\/noticias\/#website\"},\"primaryImageOfPage\":{\"@id\":\"https:\/\/www.suno.com.br\/noticias\/guerra-israel-hamas-camihnoes-ajuda-humanitaria-mal\/#primaryimage\"},\"image\":{\"@id\":\"https:\/\/www.suno.com.br\/noticias\/guerra-israel-hamas-camihnoes-ajuda-humanitaria-mal\/#primaryimage\"},\"thumbnailUrl\":\"https:\/\/files.sunoresearch.com.br\/n\/uploads\/2023\/10\/Guerra-Israel-Defense-Forces5.jpg\",\"datePublished\":\"2023-10-21T14:45:29+00:00\",\"dateModified\":\"2023-10-21T15:14:32+00:00\",\"description\":\"A passagem de Rafah, na fronteira do Egito com a Faixa de Gaza, foi aberta neste s\u00e1bado (21), no 15\u00ba dia da guerra entre Israel e o Hamas\",\"breadcrumb\":{\"@id\":\"https:\/\/www.suno.com.br\/noticias\/guerra-israel-hamas-camihnoes-ajuda-humanitaria-mal\/#breadcrumb\"},\"inLanguage\":\"pt-BR\",\"potentialAction\":[{\"@type\":\"ReadAction\",\"target\":[\"https:\/\/www.suno.com.br\/noticias\/guerra-israel-hamas-camihnoes-ajuda-humanitaria-mal\/\"]}]},{\"@type\":\"ImageObject\",\"inLanguage\":\"pt-BR\",\"@id\":\"https:\/\/www.suno.com.br\/noticias\/guerra-israel-hamas-camihnoes-ajuda-humanitaria-mal\/#primaryimage\",\"url\":\"https:\/\/files.sunoresearch.com.br\/n\/uploads\/2023\/10\/Guerra-Israel-Defense-Forces5.jpg\",\"contentUrl\":\"https:\/\/files.sunoresearch.com.br\/n\/uploads\/2023\/10\/Guerra-Israel-Defense-Forces5.jpg\",\"width\":2048,\"height\":1364,\"caption\":\"Israel. Foto: Israel Defense Forces\"},{\"@type\":\"BreadcrumbList\",\"@id\":\"https:\/\/www.suno.com.br\/noticias\/guerra-israel-hamas-camihnoes-ajuda-humanitaria-mal\/#breadcrumb\",\"itemListElement\":[{\"@type\":\"ListItem\",\"position\":1,\"name\":\"Not\u00edcias\",\"item\":\"https:\/\/www.suno.com.br\/noticias\/\"},{\"@type\":\"ListItem\",\"position\":2,\"name\":\"Internacional\",\"item\":\"https:\/\/www.suno.com.br\/noticias\/internacional\/\"},{\"@type\":\"ListItem\",\"position\":3,\"name\":\"Guerra Israel-Hamas: caminh\u00f5es com ajuda humanit\u00e1ria chegam \u00e0 Faixa de Gaza; bombardeios atingem territ\u00f3rio palestino\"}]},{\"@type\":\"WebSite\",\"@id\":\"https:\/\/www.suno.com.br\/noticias\/#website\",\"url\":\"https:\/\/www.suno.com.br\/noticias\/\",\"name\":\"Suno Not\u00edcias\",\"description\":\"Seu portal de informa\u00e7\u00e3o sobre o mundo dos investimentos\",\"publisher\":{\"@id\":\"https:\/\/www.suno.com.br\/noticias\/#organization\"},\"potentialAction\":[{\"@type\":\"SearchAction\",\"target\":{\"@type\":\"EntryPoint\",\"urlTemplate\":\"https:\/\/www.suno.com.br\/noticias\/?s={search_term_string}\"},\"query-input\":{\"@type\":\"PropertyValueSpecification\",\"valueRequired\":true,\"valueName\":\"search_term_string\"}}],\"inLanguage\":\"pt-BR\"},{\"@type\":\"Organization\",\"@id\":\"https:\/\/www.suno.com.br\/noticias\/#organization\",\"name\":\"Suno Not\u00edcias\",\"url\":\"https:\/\/www.suno.com.br\/noticias\/\",\"logo\":{\"@type\":\"ImageObject\",\"inLanguage\":\"pt-BR\",\"@id\":\"https:\/\/www.suno.com.br\/noticias\/#\/schema\/logo\/image\/\",\"url\":\"https:\/\/files.sunoresearch.com.br\/n\/uploads\/2021\/09\/suno-logo.png\",\"contentUrl\":\"https:\/\/files.sunoresearch.com.br\/n\/uploads\/2021\/09\/suno-logo.png\",\"width\":180,\"height\":180,\"caption\":\"Suno Not\u00edcias\"},\"image\":{\"@id\":\"https:\/\/www.suno.com.br\/noticias\/#\/schema\/logo\/image\/\"},\"sameAs\":[\"https:\/\/facebook.com\/sunoresearch\",\"https:\/\/x.com\/sunoresearch\",\"https:\/\/www.instagram.com\/suno\",\"https:\/\/www.linkedin.com\/company\/suno-research\/\",\"https:\/\/www.youtube.com\/c\/sunoresearch\"]},{\"@type\":\"Person\",\"@id\":\"https:\/\/www.suno.com.br\/noticias\/#\/schema\/person\/829bbe8d57f84333b966b96229c6bf5f\",\"name\":\"Marco Ant\u00f4nio Lopes\",\"image\":{\"@type\":\"ImageObject\",\"inLanguage\":\"pt-BR\",\"@id\":\"https:\/\/www.suno.com.br\/noticias\/#\/schema\/person\/image\/\",\"url\":\"https:\/\/secure.gravatar.com\/avatar\/385167b012fbc1cde32c5446ee253313?s=96&r=g\",\"contentUrl\":\"https:\/\/secure.gravatar.com\/avatar\/385167b012fbc1cde32c5446ee253313?s=96&r=g\",\"caption\":\"Marco Ant\u00f4nio Lopes\"},\"description\":\"Jornalista, \u00e9 editor no Suno Not\u00edcias. Trabalhou nas revistas Playboy, Super, Veja Comer &amp; Beber, Homem Vogue e Universo Masculino, al\u00e9m dos portais Abril.com, R7, nas editorias de Home, Esportes, Hora 7, Entretenimento e Geral, e Eu Quero Investir. Autor do livro Bruce Lee: Definitivo (Editora Conrad). Colaborou nas revistas Nova, Veja SP, Grandes Guerras, Placar, Bizz, Casa Claudia e Quatro Rodas.\",\"url\":\"https:\/\/www.suno.com.br\/noticias\/author\/marco-lopes\/\"}]}<\/script>\n<!-- \/ Yoast SEO plugin. -->","yoast_head_json":{"title":"Guerra Israel-Hamas: caminh\u00f5es com ajuda humanit\u00e1ria chegam \u00e0 Gaza","description":"A passagem de Rafah, na fronteira do Egito com a Faixa de Gaza, foi aberta neste s\u00e1bado (21), no 15\u00ba dia da guerra entre Israel e o Hamas","robots":{"index":"index","follow":"follow","max-snippet":"max-snippet:-1","max-image-preview":"max-image-preview:large","max-video-preview":"max-video-preview:-1"},"canonical":"https:\/\/www.suno.com.br\/noticias\/guerra-israel-hamas-camihnoes-ajuda-humanitaria-mal\/","og_locale":"pt_BR","og_type":"article","og_title":"Guerra Israel-Hamas: caminh\u00f5es com ajuda humanit\u00e1ria chegam \u00e0 Gaza","og_description":"A passagem de Rafah, na fronteira do Egito com a Faixa de Gaza, foi aberta neste s\u00e1bado (21), no 15\u00ba dia da guerra entre Israel e o Hamas","og_url":"https:\/\/www.suno.com.br\/noticias\/guerra-israel-hamas-camihnoes-ajuda-humanitaria-mal\/","og_site_name":"Suno Not\u00edcias","article_publisher":"https:\/\/facebook.com\/sunoresearch","og_image":[{"width":2048,"height":1364,"url":"https:\/\/files.sunoresearch.com.br\/n\/uploads\/2023\/10\/Guerra-Israel-Defense-Forces5.jpg","type":"image\/jpeg"}],"author":"Marco Ant\u00f4nio Lopes","twitter_card":"summary_large_image","twitter_creator":"@sunoresearch","twitter_site":"@sunoresearch","twitter_misc":{"Escrito por":"Marco Ant\u00f4nio Lopes","Est. tempo de leitura":"5 minutos"},"schema":{"@context":"https:\/\/schema.org","@graph":[{"@type":"NewsArticle","@id":"https:\/\/www.suno.com.br\/noticias\/guerra-israel-hamas-camihnoes-ajuda-humanitaria-mal\/#article","isPartOf":{"@id":"https:\/\/www.suno.com.br\/noticias\/guerra-israel-hamas-camihnoes-ajuda-humanitaria-mal\/"},"author":{"name":"Marco Ant\u00f4nio Lopes","@id":"https:\/\/www.suno.com.br\/noticias\/#\/schema\/person\/829bbe8d57f84333b966b96229c6bf5f"},"headline":"Guerra Israel-Hamas: caminh\u00f5es com ajuda humanit\u00e1ria chegam \u00e0 Faixa de Gaza; bombardeios atingem territ\u00f3rio palestino","datePublished":"2023-10-21T14:45:29+00:00","dateModified":"2023-10-21T15:14:32+00:00","mainEntityOfPage":{"@id":"https:\/\/www.suno.com.br\/noticias\/guerra-israel-hamas-camihnoes-ajuda-humanitaria-mal\/"},"wordCount":985,"publisher":{"@id":"https:\/\/www.suno.com.br\/noticias\/#organization"},"image":{"@id":"https:\/\/www.suno.com.br\/noticias\/guerra-israel-hamas-camihnoes-ajuda-humanitaria-mal\/#primaryimage"},"thumbnailUrl":"https:\/\/files.sunoresearch.com.br\/n\/uploads\/2023\/10\/Guerra-Israel-Defense-Forces5.jpg","keywords":["Israel","Minist\u00e9rio das Rela\u00e7\u00f5es Exteriores","ONU"],"articleSection":["Internacional"],"inLanguage":"pt-BR"},{"@type":"WebPage","@id":"https:\/\/www.suno.com.br\/noticias\/guerra-israel-hamas-camihnoes-ajuda-humanitaria-mal\/","url":"https:\/\/www.suno.com.br\/noticias\/guerra-israel-hamas-camihnoes-ajuda-humanitaria-mal\/","name":"Guerra Israel-Hamas: caminh\u00f5es com ajuda humanit\u00e1ria chegam \u00e0 Gaza","isPartOf":{"@id":"https:\/\/www.suno.com.br\/noticias\/#website"},"primaryImageOfPage":{"@id":"https:\/\/www.suno.com.br\/noticias\/guerra-israel-hamas-camihnoes-ajuda-humanitaria-mal\/#primaryimage"},"image":{"@id":"https:\/\/www.suno.com.br\/noticias\/guerra-israel-hamas-camihnoes-ajuda-humanitaria-mal\/#primaryimage"},"thumbnailUrl":"https:\/\/files.sunoresearch.com.br\/n\/uploads\/2023\/10\/Guerra-Israel-Defense-Forces5.jpg","datePublished":"2023-10-21T14:45:29+00:00","dateModified":"2023-10-21T15:14:32+00:00","description":"A passagem de Rafah, na fronteira do Egito com a Faixa de Gaza, foi aberta neste s\u00e1bado (21), no 15\u00ba dia da guerra entre Israel e o Hamas","breadcrumb":{"@id":"https:\/\/www.suno.com.br\/noticias\/guerra-israel-hamas-camihnoes-ajuda-humanitaria-mal\/#breadcrumb"},"inLanguage":"pt-BR","potentialAction":[{"@type":"ReadAction","target":["https:\/\/www.suno.com.br\/noticias\/guerra-israel-hamas-camihnoes-ajuda-humanitaria-mal\/"]}]},{"@type":"ImageObject","inLanguage":"pt-BR","@id":"https:\/\/www.suno.com.br\/noticias\/guerra-israel-hamas-camihnoes-ajuda-humanitaria-mal\/#primaryimage","url":"https:\/\/files.sunoresearch.com.br\/n\/uploads\/2023\/10\/Guerra-Israel-Defense-Forces5.jpg","contentUrl":"https:\/\/files.sunoresearch.com.br\/n\/uploads\/2023\/10\/Guerra-Israel-Defense-Forces5.jpg","width":2048,"height":1364,"caption":"Israel. Foto: Israel Defense Forces"},{"@type":"BreadcrumbList","@id":"https:\/\/www.suno.com.br\/noticias\/guerra-israel-hamas-camihnoes-ajuda-humanitaria-mal\/#breadcrumb","itemListElement":[{"@type":"ListItem","position":1,"name":"Not\u00edcias","item":"https:\/\/www.suno.com.br\/noticias\/"},{"@type":"ListItem","position":2,"name":"Internacional","item":"https:\/\/www.suno.com.br\/noticias\/internacional\/"},{"@type":"ListItem","position":3,"name":"Guerra Israel-Hamas: caminh\u00f5es com ajuda humanit\u00e1ria chegam \u00e0 Faixa de Gaza; bombardeios atingem territ\u00f3rio palestino"}]},{"@type":"WebSite","@id":"https:\/\/www.suno.com.br\/noticias\/#website","url":"https:\/\/www.suno.com.br\/noticias\/","name":"Suno Not\u00edcias","description":"Seu portal de informa\u00e7\u00e3o sobre o mundo dos investimentos","publisher":{"@id":"https:\/\/www.suno.com.br\/noticias\/#organization"},"potentialAction":[{"@type":"SearchAction","target":{"@type":"EntryPoint","urlTemplate":"https:\/\/www.suno.com.br\/noticias\/?s={search_term_string}"},"query-input":{"@type":"PropertyValueSpecification","valueRequired":true,"valueName":"search_term_string"}}],"inLanguage":"pt-BR"},{"@type":"Organization","@id":"https:\/\/www.suno.com.br\/noticias\/#organization","name":"Suno Not\u00edcias","url":"https:\/\/www.suno.com.br\/noticias\/","logo":{"@type":"ImageObject","inLanguage":"pt-BR","@id":"https:\/\/www.suno.com.br\/noticias\/#\/schema\/logo\/image\/","url":"https:\/\/files.sunoresearch.com.br\/n\/uploads\/2021\/09\/suno-logo.png","contentUrl":"https:\/\/files.sunoresearch.com.br\/n\/uploads\/2021\/09\/suno-logo.png","width":180,"height":180,"caption":"Suno Not\u00edcias"},"image":{"@id":"https:\/\/www.suno.com.br\/noticias\/#\/schema\/logo\/image\/"},"sameAs":["https:\/\/facebook.com\/sunoresearch","https:\/\/x.com\/sunoresearch","https:\/\/www.instagram.com\/suno","https:\/\/www.linkedin.com\/company\/suno-research\/","https:\/\/www.youtube.com\/c\/sunoresearch"]},{"@type":"Person","@id":"https:\/\/www.suno.com.br\/noticias\/#\/schema\/person\/829bbe8d57f84333b966b96229c6bf5f","name":"Marco Ant\u00f4nio Lopes","image":{"@type":"ImageObject","inLanguage":"pt-BR","@id":"https:\/\/www.suno.com.br\/noticias\/#\/schema\/person\/image\/","url":"https:\/\/secure.gravatar.com\/avatar\/385167b012fbc1cde32c5446ee253313?s=96&r=g","contentUrl":"https:\/\/secure.gravatar.com\/avatar\/385167b012fbc1cde32c5446ee253313?s=96&r=g","caption":"Marco Ant\u00f4nio Lopes"},"description":"Jornalista, \u00e9 editor no Suno Not\u00edcias. Trabalhou nas revistas Playboy, Super, Veja Comer &amp; Beber, Homem Vogue e Universo Masculino, al\u00e9m dos portais Abril.com, R7, nas editorias de Home, Esportes, Hora 7, Entretenimento e Geral, e Eu Quero Investir. Autor do livro Bruce Lee: Definitivo (Editora Conrad). Colaborou nas revistas Nova, Veja SP, Grandes Guerras, Placar, Bizz, Casa Claudia e Quatro Rodas.","url":"https:\/\/www.suno.com.br\/noticias\/author\/marco-lopes\/"}]}},"default_loop_html":"<div class=\"cardsPage__listCard__boxs\"><div class=\"cardsPage__listCard__boxs__img\"><a href=\"https:\/\/www.suno.com.br\/noticias\/guerra-israel-hamas-camihnoes-ajuda-humanitaria-mal\/\"><img class=\"mask\" src=\"https:\/\/www.suno.com.br\/noticias\/wp-content\/themes\/suno\/resources\/images\/spotlight\/spotlight1img\/bg-mask.png\" alt=\"Image Mask\"\/><img src=\"https:\/\/files.sunoresearch.com.br\/n\/uploads\/2023\/10\/Guerra-Israel-Defense-Forces5-400x200.jpg\" alt=\"Guerra Israel-Hamas: caminh\u00f5es com ajuda humanit\u00e1ria chegam \u00e0 Faixa de Gaza; bombardeios atingem territ\u00f3rio palestino\"\/><\/a><span class=\"spotlightCategory\"><a href=\"https:\/\/www.suno.com.br\/noticias\/internacional\/\">Internacional<\/a><\/span><\/div><div class=\"cardsPage__listCard__boxs__content\"><a href=\"https:\/\/www.suno.com.br\/noticias\/guerra-israel-hamas-camihnoes-ajuda-humanitaria-mal\/\"><h2 class=\"content__title\">Guerra Israel-Hamas: caminh\u00f5es com ajuda humanit\u00e1ria chegam \u00e0 Faixa de Gaza; bombardeios atingem territ\u00f3rio palestino<\/h2><\/a><div class=\"newsContent__article__meta\"><div class=\"newsContent__article__meta__authorBox\"><a href=\"https:\/\/www.suno.com.br\/noticias\/author\/marco-lopes\/\" class=\"authorBox__avatar noMobi\"><img src=\"https:\/\/secure.gravatar.com\/avatar\/385167b012fbc1cde32c5446ee253313?s=96&#038;r=g\" alt=\"Marco Ant\u00f4nio Lopes\"><\/a><div class=\"authorBox__name\"><span>por\n\t\t\t<a href=\"https:\/\/www.suno.com.br\/noticias\/author\/marco-lopes\/\"><span itemprop=\"author\">Marco Ant\u00f4nio Lopes<\/span><\/a><\/span><time datetime=\"2023-10-21T11:45:29-03:00\" itemprop=\"datePublished\">21\/10\/2023 11:45<\/time><\/div><\/div><\/div><\/div><\/div>","single_layout":"posts","amp_enabled":true,"_links":{"self":[{"href":"https:\/\/www.suno.com.br\/noticias\/wp-json\/wp\/v2\/posts\/474381"}],"collection":[{"href":"https:\/\/www.suno.com.br\/noticias\/wp-json\/wp\/v2\/posts"}],"about":[{"href":"https:\/\/www.suno.com.br\/noticias\/wp-json\/wp\/v2\/types\/post"}],"author":[{"embeddable":true,"href":"https:\/\/www.suno.com.br\/noticias\/wp-json\/wp\/v2\/users\/98"}],"replies":[{"embeddable":true,"href":"https:\/\/www.suno.com.br\/noticias\/wp-json\/wp\/v2\/comments?post=474381"}],"version-history":[{"count":2,"href":"https:\/\/www.suno.com.br\/noticias\/wp-json\/wp\/v2\/posts\/474381\/revisions"}],"predecessor-version":[{"id":474400,"href":"https:\/\/www.suno.com.br\/noticias\/wp-json\/wp\/v2\/posts\/474381\/revisions\/474400"}],"wp:featuredmedia":[{"embeddable":true,"href":"https:\/\/www.suno.com.br\/noticias\/wp-json\/wp\/v2\/media\/467787"}],"wp:attachment":[{"href":"https:\/\/www.suno.com.br\/noticias\/wp-json\/wp\/v2\/media?parent=474381"}],"wp:term":[{"taxonomy":"category","embeddable":true,"href":"https:\/\/www.suno.com.br\/noticias\/wp-json\/wp\/v2\/categories?post=474381"},{"taxonomy":"post_tag","embeddable":true,"href":"https:\/\/www.suno.com.br\/noticias\/wp-json\/wp\/v2\/tags?post=474381"},{"taxonomy":"suno_strategy","embeddable":true,"href":"https:\/\/www.suno.com.br\/noticias\/wp-json\/wp\/v2\/suno_strategy?post=474381"}],"curies":[{"name":"wp","href":"https:\/\/api.w.org\/{rel}","templated":true}]}}