{"id":474267,"date":"2023-10-20T20:01:08","date_gmt":"2023-10-20T23:01:08","guid":{"rendered":"https:\/\/www.suno.com.br\/noticias\/?p=474267"},"modified":"2023-10-20T22:20:57","modified_gmt":"2023-10-21T01:20:57","slug":"magazine-luiza-mglu3-acoes-semana-jvj","status":"publish","type":"post","link":"https:\/\/www.suno.com.br\/noticias\/magazine-luiza-mglu3-acoes-semana-jvj\/","title":{"rendered":"Magazine Luiza (MGLU3) tomba 15,38% na semana e atinge menor cota\u00e7\u00e3o em quase 6 anos. O que aconteceu?"},"content":{"rendered":"<p>As a\u00e7\u00f5es do<strong> <a class=\"suno-keyword\" data-force=\"yes\" data-priority=\"2\" href=\"https:\/\/www.suno.com.br\/acoes\/MGLU3\/\" target=\"_blank\" rel=\"noopener\">Magazine Luiza<\/a><\/strong><a class=\"suno-keyword\" data-force=\"yes\" data-priority=\"2\" href=\"https:\/\/www.suno.com.br\/acoes\/MGLU3\/\" target=\"_blank\" rel=\"noopener\"> (MGLU3)<\/a> encerraram a sess\u00e3o desta sexta-feira (20) em queda de 4,35%, cotadas a R$ 1,54. Os pap\u00e9is deram continuidade ao movimento de baixa da sess\u00e3o de ontem (19), em que a companhia teve uma desvaloriza\u00e7\u00e3o de 6,94%.<\/p>\t<div class=\"wrapper-featured-image\">\n\t\t<figure class=\"spotlightImg\">\n\n\t\t\t<picture>\n\t\t\t\t<source media=\"(max-width: 768px)\" srcset=\"https:\/\/files.sunoresearch.com.br\/n\/uploads\/2023\/05\/magazine-luiza-400x200.jpg\">\n\t\t\t\t<img loading=\"lazy\" decoding=\"async\" class=\"newsContent__article__imgCapa lazyloadDisabled \" src=\"https:\/\/files.sunoresearch.com.br\/n\/uploads\/2023\/05\/magazine-luiza-800x450.jpg\" width=\"800\" height=\"450\" alt=\"Magazine Luiza (MGLU3) tomba 15,38% na semana e atinge menor cota\u00e7\u00e3o em quase 6 anos. O que aconteceu?\" fetchpriority=high \/>\n\t\t\t<\/picture>\n\n\t\t\t<figcaption class=\"wp-caption-text wp-caption-text--show\">Magazine Luiza (MGLU3). Foto: iStock<\/figcaption>\n\t\t<\/figure>\n\t<\/div>\n\n\n\n\n\n\t<p>\n\t\t<a href=\"https:\/\/lp2.suno.com.br\/cl\/black-friday-2025\/?utm_campaign=_SNCDF0E4858_\" target=\"_blank\" data-element=\"shortcode-suno-banner\" title=\"Banner SUNO, clique e saiba mais\">\n\t\t\t<picture>\n\t\t\t\t<source media=\"(max-width: 500px)\" srcset=\"https:\/\/files.sunoresearch.com.br\/n\/uploads\/2025\/10\/Artigos-e-Noticias-Banner-Home-artigos-01-Mobile_-400x300-1-png.webp\">\n\t\t\t\t<img class=\"newsContent__article__imgCapa newsContent__article__imgCapa--banner\"\n\t\t\t\t\tsrc=\"https:\/\/files.sunoresearch.com.br\/n\/uploads\/2025\/10\/Artigos-e-Noticias-Banner-Home-artigos-01-Desktop_-1420x240-1-png.webp\"\n\t\t\t\t\tdata-promo-id=\"311259\"\t\t\t\t\t\t\t\t\t\twidth='1420' height='240'\t\t\t\t\talt=\"https:\/\/files.sunoresearch.com.br\/n\/uploads\/2025\/10\/Artigos-e-Noticias-Banner-Home-artigos-01-Desktop_-1420x240-1-png.webp\"\n\t\t\t\t>\n\t\t\t<\/picture>\n\t\t<\/a>\n\t<\/p>\n\n\n\n\n\n<p>As <strong>a\u00e7\u00f5es do Magazine Luiza<\/strong> terminaram a semana com uma queda de 15,38% e acumulam um desempenho negativo de 27,36% no m\u00eas de outubro.<\/p>\n\n\n\n<p>Assim, as <strong>a\u00e7\u00f5es MGLU3<\/strong> se encaminham para o quinto m\u00eas consecutivo de baixa. At\u00e9 o momento, a queda acumulada no m\u00eas \u00e9 a pior desde junho de 2022, quando a empresa teve uma forte baixa na Bolsa de Valores de 37,10%, embora ainda faltem 7 preg\u00f5es em outubro com a possibilidade de revers\u00e3o desses n\u00fameros.<\/p>\n\n\n\t<div data-element=\"shortcode-read-more\" class=\"knowMore\">\n\t\t\t\t<span class=\"knowMore__title\">Leia mais<\/span>\n\t\t\t\t<a class=\"knowMore__link\" href=\"https:\/\/www.suno.com.br\/noticias\/acoes-itausa-itsa4-itsa3-bolsa-valores-semana-jvj\/\">\n\t\t\tIta\u00fasa (ITSA4) cai e tem pior fechamento semanal desde maio. Veja os motivos\t\t<\/a>\n\t<\/div>\n\n\n\n\n<p>Com a queda de hoje (20), as <strong>a\u00e7\u00f5es do Magalu<\/strong> alcan\u00e7aram a menor cota\u00e7\u00e3o de fechamento desde o dia 10 de novembro de 2017, ou seja, em quase 6 anos.<\/p>\n\n\n\n<p>Segundo F\u00e1bio Lemos, s\u00f3cio da Fatorial Investimentos, apesar de o&nbsp;<strong>\u00faltimo Boletim Focus<\/strong>&nbsp;ter indicado um cen\u00e1rio mais benigno convergindo para a meta, o volume de servi\u00e7os no Brasil divulgado nesta ter\u00e7a \u2013 que caiu 0,9% em agosto ante julho \u2013 indica queda na infla\u00e7\u00e3o, mas tende a representar uma atividade mais fraca e, por isso, uma queda no consumo.<\/p>\n\n\n\n<p>\u201cPor outro lado, tivemos divulga\u00e7\u00e3o de&nbsp;<strong>vendas no varejo nos Estados Unidos<\/strong>, que vieram bem acima do consenso. Com isso, mantendo a din\u00e2mica de juros \u2018higher for longer\u2019 e pressionando o Federal Reserve (Fed, o banco central americano), estressou tamb\u00e9m a nossa din\u00e2mica de juros aqui no Brasil\u201d, pontua.<\/p>\n\n\n\n<p>Ainda de acordo com Lemos, com a proximidade da temporada de balan\u00e7os, din\u00e2mica de juros altos e menor consumo, n\u00e3o s\u00e3o esperados grandes resultados do\u00a0<strong>setor de varejo<\/strong>. \u201cCada vez mais h\u00e1 d\u00favidas sobre qual ser\u00e1 o impacto do juros sobre o resultado do setor nesse trimestre, e por quanto tempo as empresas podem permanecer suportando essas margens j\u00e1 t\u00e3o espremidas, com quedas no consumo devido \u00e0 concorr\u00eancia\u201d.<\/p>\n\n\n\n<p>Marcus Labarthe, especialista em\u00a0<a href=\"https:\/\/www.suno.com.br\/artigos\/mercado-de-capitais-conceito\/\">mercado de capitais<\/a>\u00a0e s\u00f3cio da GT Capital, completa: &#8220;A alta das treasuries e a consequente alta de juros por aqui acompanhando os Estados Unidos t\u00eam prejudicado as a\u00e7\u00f5es do setor. Os dados do IPCA abaixo do esperado n\u00e3o foram suficientes para gerar al\u00edvio.\u201d<\/p>\n\n\n\n<h2 class=\"wp-block-heading\">Ibovespa tamb\u00e9m caiu na semana<\/h2>\n\n\n\n<p>Al\u00e9m de o cen\u00e1rio macro n\u00e3o ajudar, o Ibovespa caiu nesta semana. Mesmo com o desempenho negativo de carros-chefes da B3, como Vale (VALE3) e Petrobras (PETR4), o Ibovespa moderou perdas ao longo da tarde desta sexta (20) e conseguiu reter a linha dos 113 mil pontos no fechamento desta \u00faltima sess\u00e3o da semana, em intervalo no qual encadeou nesta sexta-feira, 20, a quarta retra\u00e7\u00e3o di\u00e1ria, que resultou em queda de 2,25% no acumulado desde a segunda-feira &#8211; na semana anterior, tinha avan\u00e7ado 1,39%.<\/p>\n\n\n\n<p>Nesta sexta-feira, o \u00edndice da B3 oscilou de 112.533,33 a 114.089,58 pontos, encerrando em baixa de 0,74%, a 113.155,28 pontos, no menor n\u00edvel de fechamento desde 5 de junho, ent\u00e3o perto dos 112,7 mil pontos.<\/p>\n\n\n\n<p> No m\u00eas, o Ibovespa cede 2,93%, limitando o ganho do ano a 3,12%. <\/p>\n\n\n\n<p>&#8220;A Bolsa voltou a ser puxada hoje para baixo em fun\u00e7\u00e3o do cen\u00e1rio global de avers\u00e3o a risco, com a percep\u00e7\u00e3o de que \u00e9 prov\u00e1vel que ocorra, neste fim de semana, a invas\u00e3o terrestre de Israel \u00e0 Faixa de Gaza &#8211; o que refor\u00e7a o movimento de busca por ativos considerados mais seguros&#8221;, diz Andr\u00e9 Luiz Rocha, operador de renda vari\u00e1vel da Manchester Investimentos, destacando na semana o rompimento do limiar de 5% nos rendimentos dos t\u00edtulos do Tesouro norte-americano, ante as d\u00favidas do mercado sobre o n\u00edvel final dos juros de refer\u00eancia do BC dos EUA no atual ciclo de alta.<\/p>\n\n\n\n<p>Fora dos Estados Unidos, &#8220;a preocupa\u00e7\u00e3o com o mercado imobili\u00e1rio continua na China, mostrando que os sinais de incentivo do governo, no curto prazo, n\u00e3o t\u00eam causado muito efeito, pressionando assim o min\u00e9rio de ferro e as empresas do setor listadas na nossa Bolsa&#8221;, acrescenta o operador.<\/p>\n\n\n\n<p>Al\u00e9m disso, o desempenho sinalizado nesta sexta pelo IBC-Br para a atividade econ\u00f4mica, na mais recente leitura do \u00edndice &#8211; considerado dado antecedente do PIB -, contribuiu para cautela adicional em rela\u00e7\u00e3o a segmento da Bolsa j\u00e1 amassado, o de varejo, assim como observa\u00e7\u00f5es do ministro da Fazenda, Fernando Haddad, sobre o desempenho da economia neste terceiro trimestre, em desacelera\u00e7\u00e3o, acrescenta o analista.<\/p>\n\n\n\n<p>&#8220;Nesta semana, os dados divulgados sobre os setores de varejo e servi\u00e7os no Brasil mostraram desacelera\u00e7\u00e3o em agosto. O consumo de bens e servi\u00e7os pelas fam\u00edlias vem arrefecendo ao longo dos \u00faltimos meses&#8221;, diz Gustavo Sung, economista-chefe da Suno Research. &#8220;E o IBC-Br de agosto, divulgado hoje de manh\u00e3, pior do que o esperado, trouxe queda de 0,77% ante julho, o que refor\u00e7a a percep\u00e7\u00e3o sobre desacelera\u00e7\u00e3o da economia brasileira. Os dados de agosto, em conjunto, sugerem menor demanda dos agentes econ\u00f4micos e poss\u00edvel acomoda\u00e7\u00e3o da atividade neste terceiro trimestre.&#8221;<\/p>\n\n\n\n<p>Nessa conjuntura dom\u00e9stica e externa menos favor\u00e1vel ao apetite por risco, cresceu fortemente o pessimismo do mercado sobre o desempenho das a\u00e7\u00f5es no curt\u00edssimo prazo no Term\u00f4metro Broadcast Bolsa desta sexta-feira. Entre os participantes da pesquisa, 42,86% acreditam que pr\u00f3xima semana ser\u00e1 de perdas para o Ibovespa e para outros 42,86%, a percep\u00e7\u00e3o \u00e9 de alta. Os que esperam estabilidade s\u00e3o 14,29%. No levantamento da semana passada, as expectativas para o \u00edndice se dividiam entre alta (60,00%) e varia\u00e7\u00e3o neutra (40,00%), sem nenhuma resposta prevendo queda.<\/p>\n\n\n\n<p>Mas quais foram os assuntos que marcaram a semana do Magazine Luiza? Confira a seguir.<\/p>\n\n\n\n<h2 class=\"wp-block-heading\">Pedido de ades\u00e3o ao Remessa Conforme, segundo jornal<\/h2>\n\n\n\n<p>No in\u00edcio da semana, foi divulgado que o Magazine Luiza decidiu entrar com um pedido de ades\u00e3o ao <strong>Remessa Conforme<\/strong>, que \u00e9 um programa do governo que prev\u00ea isen\u00e7\u00e3o do imposto de importa\u00e7\u00e3o para compras online de at\u00e9 US$ 50, de acordo com o jornal Valor Econ\u00f4mico.<\/p>\n\n\n\n<p>Assim, a empresa busca enviar os documentos necess\u00e1rios para a Receita Federal para pedir a ades\u00e3o ao projeto nesta semana, segundo Eduardo Galanternick, vice-presidente de neg\u00f3cios do Magazine Luiza, ao jornal Valor.<\/p>\n\n\n\n<h2 class=\"wp-block-heading\"><a><\/a>Magazine Luiza vai ser um dos destaques na Black Friday em 2023, diz XP<\/h2>\n\n\n\n<p>Um relat\u00f3rio da XP anunciado nesta semana aponta que a <strong>Black Friday<\/strong> pode ser de maior relev\u00e2ncia para as companhias de e-commerce como Magazine Luiza e Casas Bahia (BHIA3), ex-Via.<\/p>\n\n\n\n<p>Os analistas apontam que os eletr\u00f4nicos e eletrodom\u00e9sticos, historicamente, acabam sendo favorecidos na Black Friday, podendo beneficiar a\u00e7\u00f5es relacionadas a esse setor.<\/p>\n\n\n\n<p>A XP tamb\u00e9m destaca que as varejistas de moda como <a class=\"suno-keyword\" target=\"_blank\" data-force=\"yes\" data-priority=\"2\" href=\"https:\/\/www.suno.com.br\/acoes\/LREN3\/\" rel=\"noopener\">Lojas Renner (LREN3)<\/a>, <a class=\"suno-keyword\" target=\"_blank\" data-force=\"yes\" data-priority=\"2\" href=\"https:\/\/www.suno.com.br\/acoes\/SOMA3\/\" rel=\"noopener\">Grupo Soma (SOMA3)<\/a> e <a class=\"suno-keyword\" target=\"_blank\" data-force=\"yes\" data-priority=\"2\" href=\"https:\/\/www.suno.com.br\/acoes\/ARZZ3\/\" rel=\"noopener\">Arezzo (ARZZ3)<\/a> e cosm\u00e9ticos, como <a class=\"suno-keyword\" target=\"_blank\" data-force=\"yes\" data-priority=\"2\" href=\"https:\/\/www.suno.com.br\/acoes\/NTCO3\/\" rel=\"noopener\">Natura (NTCO3)<\/a>, est\u00e3o conseguindo mais notoriedade, e isso pode ser explicado pelo <a class=\"suno-keyword\" target=\"_blank\" data-force=\"no\" data-priority=\"1\" href=\"https:\/\/www.suno.com.br\/artigos\/poder-de-compra\/\" rel=\"noopener\">poder de compra<\/a> mais restrito dos consumidores que adquirem eletrodom\u00e9sticos.<\/p>\n\n\n\n<h2 class=\"wp-block-heading\"><a><\/a>Magazine Luiza inicia venda criptomoedas pelo aplicativo a partir de R$ 1<\/h2>\n\n\n\n<p>O Magazine Luiza anunciou nesta quinta (19) que as negocia\u00e7\u00f5es de criptomoedas j\u00e1 podem ser feitas de forma direta em seu aplicativo, o <strong>MagaluPay<\/strong>, com o investimento m\u00ednimo de R$ 1.<\/p>\n\n\n\n<p>De in\u00edcio, os clientes do MagaluPay podem comprar, vender ou custodiar bitcoin (BTC), ethereum (ETH) e USDC, criptomoeda lastreada em d\u00f3lar.<\/p>\n\n\n\n<p>A proposta vem de uma parceria com o Mercado Bitcoin (MB), que deve \u201coferecer a tecnologia e a seguran\u00e7a para que as transa\u00e7\u00f5es sejam realizadas\u201d. A conta digital do Magazine Luiza tem atualmente mais de 10,6 milh\u00f5es de usu\u00e1rios.<\/p>\n\n\n\n<p>\u201cEstamos entusiasmados em fornecer a tecnologia para que esse gigante do varejo possa explorar o potencial da economia tokenizada, conectando milh\u00f5es de pessoas com o mundo da <a class=\"suno-keyword\" target=\"_blank\" data-force=\"no\" data-priority=\"2\" href=\"https:\/\/www.suno.com.br\/artigos\/blockchain\/\" rel=\"noopener\">tecnologia blockchain<\/a>\u201d, diz Guilherme Pimentel, diretor de Produtos do MB, sobre a parceria com o <strong>Magazine Luiza<\/strong>.<\/p>\n\n\n\n<p><em>Com Estad\u00e3o Conte\u00fado<\/em><\/p>\n\n\n\t<p>\n\t\t<a href=\"https:\/\/lp.suno.com.br\/ebook-como-analisar-uma-acao\/\" target=\"_blank\" data-element=\"shortcode-suno-banner\" title=\"Banner SUNO, clique e saiba mais\">\n\t\t\t<picture>\n\t\t\t\t<source media=\"(max-width: 500px)\" srcset=\"https:\/\/files.sunoresearch.com.br\/n\/uploads\/2023\/12\/Ebook-Acoes-Mobile.jpg\">\n\t\t\t\t<img class=\"newsContent__article__imgCapa newsContent__article__imgCapa--banner\"\n\t\t\t\t\tsrc=\"https:\/\/files.sunoresearch.com.br\/n\/uploads\/2023\/12\/Ebook-Acoes-Desktop.webp\"\n\t\t\t\t\tdata-promo-id=\"311260\"\t\t\t\t\t\t\t\t\t\twidth='1420' height='286'\t\t\t\t\talt=\"https:\/\/files.sunoresearch.com.br\/n\/uploads\/2023\/12\/Ebook-Acoes-Desktop.webp\"\n\t\t\t\t>\n\t\t\t<\/picture>\n\t\t<\/a>\n\t<\/p>\n\n\n","protected":false},"excerpt":{"rendered":"<p>As a\u00e7\u00f5es do Magazine Luiza (MGLU3) encerraram a sess\u00e3o desta sexta-feira (20) em queda de 4,35%, cotadas a R$ 1,54. Os pap\u00e9is deram continuidade ao movimento de baixa da sess\u00e3o de ontem (19), em que a companhia teve uma desvaloriza\u00e7\u00e3o de 6,94%. Magazine Luiza (MGLU3). Foto: iStock As a\u00e7\u00f5es do Magazine Luiza terminaram a semana [&hellip;]<\/p>\n","protected":false},"author":173,"featured_media":406440,"comment_status":"closed","ping_status":"closed","sticky":false,"template":"","format":"standard","meta":[],"categories":[64],"tags":[286,548],"suno_strategy":[],"class_list":["post-474267","post","type-post","status-publish","format-standard","has-post-thumbnail","hentry","category-negocios","tag-acoes","tag-magazine-luiza-mglu3"],"yoast_head":"<!-- This site is optimized with the Yoast SEO plugin v24.4 - https:\/\/yoast.com\/wordpress\/plugins\/seo\/ -->\n<title>Magazine Luiza (MGLU3) tomba 15,38% na semana; O que aconteceu?<\/title>\n<meta name=\"description\" content=\"As a\u00e7\u00f5es do Magazine Luiza (MGLU3) tombou 15,38% na Bolsa esta semana e alcan\u00e7ou a menor cota\u00e7\u00e3o em quase 6 anos. Confira o que aconteceu.\" \/>\n<meta name=\"robots\" content=\"index, follow, max-snippet:-1, max-image-preview:large, max-video-preview:-1\" \/>\n<link rel=\"canonical\" href=\"https:\/\/www.suno.com.br\/noticias\/magazine-luiza-mglu3-acoes-semana-jvj\/\" \/>\n<meta property=\"og:locale\" content=\"pt_BR\" \/>\n<meta property=\"og:type\" content=\"article\" \/>\n<meta property=\"og:title\" content=\"Magazine Luiza (MGLU3) tomba 15,38% na semana; O que aconteceu?\" \/>\n<meta property=\"og:description\" content=\"As a\u00e7\u00f5es do Magazine Luiza (MGLU3) tombou 15,38% na Bolsa esta semana e alcan\u00e7ou a menor cota\u00e7\u00e3o em quase 6 anos. Confira o que aconteceu.\" \/>\n<meta property=\"og:url\" content=\"https:\/\/www.suno.com.br\/noticias\/magazine-luiza-mglu3-acoes-semana-jvj\/\" \/>\n<meta property=\"og:site_name\" content=\"Suno Not\u00edcias\" \/>\n<meta property=\"article:publisher\" content=\"https:\/\/facebook.com\/sunoresearch\" \/>\n<meta property=\"og:image\" content=\"https:\/\/files.sunoresearch.com.br\/n\/uploads\/2023\/05\/magazine-luiza.jpg\" \/>\n\t<meta property=\"og:image:width\" content=\"1200\" \/>\n\t<meta property=\"og:image:height\" content=\"800\" \/>\n\t<meta property=\"og:image:type\" content=\"image\/jpeg\" \/>\n<meta name=\"author\" content=\"Jo\u00e3o Vitor\" \/>\n<meta name=\"twitter:card\" content=\"summary_large_image\" \/>\n<meta name=\"twitter:creator\" content=\"@sunoresearch\" \/>\n<meta name=\"twitter:site\" content=\"@sunoresearch\" \/>\n<meta name=\"twitter:label1\" content=\"Escrito por\" \/>\n\t<meta name=\"twitter:data1\" content=\"Jo\u00e3o Vitor\" \/>\n\t<meta name=\"twitter:label2\" content=\"Est. tempo de leitura\" \/>\n\t<meta name=\"twitter:data2\" content=\"7 minutos\" \/>\n<script type=\"application\/ld+json\" class=\"yoast-schema-graph\">{\"@context\":\"https:\/\/schema.org\",\"@graph\":[{\"@type\":\"NewsArticle\",\"@id\":\"https:\/\/www.suno.com.br\/noticias\/magazine-luiza-mglu3-acoes-semana-jvj\/#article\",\"isPartOf\":{\"@id\":\"https:\/\/www.suno.com.br\/noticias\/magazine-luiza-mglu3-acoes-semana-jvj\/\"},\"author\":{\"name\":\"Jo\u00e3o Vitor\",\"@id\":\"https:\/\/www.suno.com.br\/noticias\/#\/schema\/person\/87fc6973867c52dd884811905c43afba\"},\"headline\":\"Magazine Luiza (MGLU3) tomba 15,38% na semana e atinge menor cota\u00e7\u00e3o em quase 6 anos. O que aconteceu?\",\"datePublished\":\"2023-10-20T23:01:08+00:00\",\"dateModified\":\"2023-10-21T01:20:57+00:00\",\"mainEntityOfPage\":{\"@id\":\"https:\/\/www.suno.com.br\/noticias\/magazine-luiza-mglu3-acoes-semana-jvj\/\"},\"wordCount\":1359,\"publisher\":{\"@id\":\"https:\/\/www.suno.com.br\/noticias\/#organization\"},\"image\":{\"@id\":\"https:\/\/www.suno.com.br\/noticias\/magazine-luiza-mglu3-acoes-semana-jvj\/#primaryimage\"},\"thumbnailUrl\":\"https:\/\/files.sunoresearch.com.br\/n\/uploads\/2023\/05\/magazine-luiza.jpg\",\"keywords\":[\"A\u00e7\u00f5es\",\"Magazine Luiza (MGLU3)\"],\"articleSection\":[\"Neg\u00f3cios\"],\"inLanguage\":\"pt-BR\"},{\"@type\":\"WebPage\",\"@id\":\"https:\/\/www.suno.com.br\/noticias\/magazine-luiza-mglu3-acoes-semana-jvj\/\",\"url\":\"https:\/\/www.suno.com.br\/noticias\/magazine-luiza-mglu3-acoes-semana-jvj\/\",\"name\":\"Magazine Luiza (MGLU3) tomba 15,38% na semana; O que aconteceu?\",\"isPartOf\":{\"@id\":\"https:\/\/www.suno.com.br\/noticias\/#website\"},\"primaryImageOfPage\":{\"@id\":\"https:\/\/www.suno.com.br\/noticias\/magazine-luiza-mglu3-acoes-semana-jvj\/#primaryimage\"},\"image\":{\"@id\":\"https:\/\/www.suno.com.br\/noticias\/magazine-luiza-mglu3-acoes-semana-jvj\/#primaryimage\"},\"thumbnailUrl\":\"https:\/\/files.sunoresearch.com.br\/n\/uploads\/2023\/05\/magazine-luiza.jpg\",\"datePublished\":\"2023-10-20T23:01:08+00:00\",\"dateModified\":\"2023-10-21T01:20:57+00:00\",\"description\":\"As a\u00e7\u00f5es do Magazine Luiza (MGLU3) tombou 15,38% na Bolsa esta semana e alcan\u00e7ou a menor cota\u00e7\u00e3o em quase 6 anos. Confira o que aconteceu.\",\"breadcrumb\":{\"@id\":\"https:\/\/www.suno.com.br\/noticias\/magazine-luiza-mglu3-acoes-semana-jvj\/#breadcrumb\"},\"inLanguage\":\"pt-BR\",\"potentialAction\":[{\"@type\":\"ReadAction\",\"target\":[\"https:\/\/www.suno.com.br\/noticias\/magazine-luiza-mglu3-acoes-semana-jvj\/\"]}]},{\"@type\":\"ImageObject\",\"inLanguage\":\"pt-BR\",\"@id\":\"https:\/\/www.suno.com.br\/noticias\/magazine-luiza-mglu3-acoes-semana-jvj\/#primaryimage\",\"url\":\"https:\/\/files.sunoresearch.com.br\/n\/uploads\/2023\/05\/magazine-luiza.jpg\",\"contentUrl\":\"https:\/\/files.sunoresearch.com.br\/n\/uploads\/2023\/05\/magazine-luiza.jpg\",\"width\":1200,\"height\":800,\"caption\":\"Magazine Luiza (MGLU3). Foto: iStock\"},{\"@type\":\"BreadcrumbList\",\"@id\":\"https:\/\/www.suno.com.br\/noticias\/magazine-luiza-mglu3-acoes-semana-jvj\/#breadcrumb\",\"itemListElement\":[{\"@type\":\"ListItem\",\"position\":1,\"name\":\"Not\u00edcias\",\"item\":\"https:\/\/www.suno.com.br\/noticias\/\"},{\"@type\":\"ListItem\",\"position\":2,\"name\":\"Neg\u00f3cios\",\"item\":\"https:\/\/www.suno.com.br\/noticias\/negocios\/\"},{\"@type\":\"ListItem\",\"position\":3,\"name\":\"Magazine Luiza (MGLU3) tomba 15,38% na semana e atinge menor cota\u00e7\u00e3o em quase 6 anos. O que aconteceu?\"}]},{\"@type\":\"WebSite\",\"@id\":\"https:\/\/www.suno.com.br\/noticias\/#website\",\"url\":\"https:\/\/www.suno.com.br\/noticias\/\",\"name\":\"Suno Not\u00edcias\",\"description\":\"Seu portal de informa\u00e7\u00e3o sobre o mundo dos investimentos\",\"publisher\":{\"@id\":\"https:\/\/www.suno.com.br\/noticias\/#organization\"},\"potentialAction\":[{\"@type\":\"SearchAction\",\"target\":{\"@type\":\"EntryPoint\",\"urlTemplate\":\"https:\/\/www.suno.com.br\/noticias\/?s={search_term_string}\"},\"query-input\":{\"@type\":\"PropertyValueSpecification\",\"valueRequired\":true,\"valueName\":\"search_term_string\"}}],\"inLanguage\":\"pt-BR\"},{\"@type\":\"Organization\",\"@id\":\"https:\/\/www.suno.com.br\/noticias\/#organization\",\"name\":\"Suno Not\u00edcias\",\"url\":\"https:\/\/www.suno.com.br\/noticias\/\",\"logo\":{\"@type\":\"ImageObject\",\"inLanguage\":\"pt-BR\",\"@id\":\"https:\/\/www.suno.com.br\/noticias\/#\/schema\/logo\/image\/\",\"url\":\"https:\/\/files.sunoresearch.com.br\/n\/uploads\/2021\/09\/suno-logo.png\",\"contentUrl\":\"https:\/\/files.sunoresearch.com.br\/n\/uploads\/2021\/09\/suno-logo.png\",\"width\":180,\"height\":180,\"caption\":\"Suno Not\u00edcias\"},\"image\":{\"@id\":\"https:\/\/www.suno.com.br\/noticias\/#\/schema\/logo\/image\/\"},\"sameAs\":[\"https:\/\/facebook.com\/sunoresearch\",\"https:\/\/x.com\/sunoresearch\",\"https:\/\/www.instagram.com\/suno\",\"https:\/\/www.linkedin.com\/company\/suno-research\/\",\"https:\/\/www.youtube.com\/c\/sunoresearch\"]},{\"@type\":\"Person\",\"@id\":\"https:\/\/www.suno.com.br\/noticias\/#\/schema\/person\/87fc6973867c52dd884811905c43afba\",\"name\":\"Jo\u00e3o Vitor\",\"image\":{\"@type\":\"ImageObject\",\"inLanguage\":\"pt-BR\",\"@id\":\"https:\/\/www.suno.com.br\/noticias\/#\/schema\/person\/image\/\",\"url\":\"https:\/\/secure.gravatar.com\/avatar\/2843227ca03ccf8cc7ccca45204c127e?s=96&r=g\",\"contentUrl\":\"https:\/\/secure.gravatar.com\/avatar\/2843227ca03ccf8cc7ccca45204c127e?s=96&r=g\",\"caption\":\"Jo\u00e3o Vitor\"},\"description\":\"Redator profissional, com atua\u00e7\u00e3o no mercado editorial na produ\u00e7\u00e3o de not\u00edcias e conte\u00fados sobre o mercado de a\u00e7\u00f5es, fundos imobili\u00e1rios e economia popular. Graduando em Engenharia Qu\u00edmica pela Unesp, tamb\u00e9m j\u00e1 atuou como consultor financeiro.\",\"url\":\"https:\/\/www.suno.com.br\/noticias\/author\/joao-vitor-jacintho\/\"}]}<\/script>\n<!-- \/ Yoast SEO plugin. -->","yoast_head_json":{"title":"Magazine Luiza (MGLU3) tomba 15,38% na semana; O que aconteceu?","description":"As a\u00e7\u00f5es do Magazine Luiza (MGLU3) tombou 15,38% na Bolsa esta semana e alcan\u00e7ou a menor cota\u00e7\u00e3o em quase 6 anos. Confira o que aconteceu.","robots":{"index":"index","follow":"follow","max-snippet":"max-snippet:-1","max-image-preview":"max-image-preview:large","max-video-preview":"max-video-preview:-1"},"canonical":"https:\/\/www.suno.com.br\/noticias\/magazine-luiza-mglu3-acoes-semana-jvj\/","og_locale":"pt_BR","og_type":"article","og_title":"Magazine Luiza (MGLU3) tomba 15,38% na semana; O que aconteceu?","og_description":"As a\u00e7\u00f5es do Magazine Luiza (MGLU3) tombou 15,38% na Bolsa esta semana e alcan\u00e7ou a menor cota\u00e7\u00e3o em quase 6 anos. Confira o que aconteceu.","og_url":"https:\/\/www.suno.com.br\/noticias\/magazine-luiza-mglu3-acoes-semana-jvj\/","og_site_name":"Suno Not\u00edcias","article_publisher":"https:\/\/facebook.com\/sunoresearch","og_image":[{"width":1200,"height":800,"url":"https:\/\/files.sunoresearch.com.br\/n\/uploads\/2023\/05\/magazine-luiza.jpg","type":"image\/jpeg"}],"author":"Jo\u00e3o Vitor","twitter_card":"summary_large_image","twitter_creator":"@sunoresearch","twitter_site":"@sunoresearch","twitter_misc":{"Escrito por":"Jo\u00e3o Vitor","Est. tempo de leitura":"7 minutos"},"schema":{"@context":"https:\/\/schema.org","@graph":[{"@type":"NewsArticle","@id":"https:\/\/www.suno.com.br\/noticias\/magazine-luiza-mglu3-acoes-semana-jvj\/#article","isPartOf":{"@id":"https:\/\/www.suno.com.br\/noticias\/magazine-luiza-mglu3-acoes-semana-jvj\/"},"author":{"name":"Jo\u00e3o Vitor","@id":"https:\/\/www.suno.com.br\/noticias\/#\/schema\/person\/87fc6973867c52dd884811905c43afba"},"headline":"Magazine Luiza (MGLU3) tomba 15,38% na semana e atinge menor cota\u00e7\u00e3o em quase 6 anos. O que aconteceu?","datePublished":"2023-10-20T23:01:08+00:00","dateModified":"2023-10-21T01:20:57+00:00","mainEntityOfPage":{"@id":"https:\/\/www.suno.com.br\/noticias\/magazine-luiza-mglu3-acoes-semana-jvj\/"},"wordCount":1359,"publisher":{"@id":"https:\/\/www.suno.com.br\/noticias\/#organization"},"image":{"@id":"https:\/\/www.suno.com.br\/noticias\/magazine-luiza-mglu3-acoes-semana-jvj\/#primaryimage"},"thumbnailUrl":"https:\/\/files.sunoresearch.com.br\/n\/uploads\/2023\/05\/magazine-luiza.jpg","keywords":["A\u00e7\u00f5es","Magazine Luiza (MGLU3)"],"articleSection":["Neg\u00f3cios"],"inLanguage":"pt-BR"},{"@type":"WebPage","@id":"https:\/\/www.suno.com.br\/noticias\/magazine-luiza-mglu3-acoes-semana-jvj\/","url":"https:\/\/www.suno.com.br\/noticias\/magazine-luiza-mglu3-acoes-semana-jvj\/","name":"Magazine Luiza (MGLU3) tomba 15,38% na semana; O que aconteceu?","isPartOf":{"@id":"https:\/\/www.suno.com.br\/noticias\/#website"},"primaryImageOfPage":{"@id":"https:\/\/www.suno.com.br\/noticias\/magazine-luiza-mglu3-acoes-semana-jvj\/#primaryimage"},"image":{"@id":"https:\/\/www.suno.com.br\/noticias\/magazine-luiza-mglu3-acoes-semana-jvj\/#primaryimage"},"thumbnailUrl":"https:\/\/files.sunoresearch.com.br\/n\/uploads\/2023\/05\/magazine-luiza.jpg","datePublished":"2023-10-20T23:01:08+00:00","dateModified":"2023-10-21T01:20:57+00:00","description":"As a\u00e7\u00f5es do Magazine Luiza (MGLU3) tombou 15,38% na Bolsa esta semana e alcan\u00e7ou a menor cota\u00e7\u00e3o em quase 6 anos. Confira o que aconteceu.","breadcrumb":{"@id":"https:\/\/www.suno.com.br\/noticias\/magazine-luiza-mglu3-acoes-semana-jvj\/#breadcrumb"},"inLanguage":"pt-BR","potentialAction":[{"@type":"ReadAction","target":["https:\/\/www.suno.com.br\/noticias\/magazine-luiza-mglu3-acoes-semana-jvj\/"]}]},{"@type":"ImageObject","inLanguage":"pt-BR","@id":"https:\/\/www.suno.com.br\/noticias\/magazine-luiza-mglu3-acoes-semana-jvj\/#primaryimage","url":"https:\/\/files.sunoresearch.com.br\/n\/uploads\/2023\/05\/magazine-luiza.jpg","contentUrl":"https:\/\/files.sunoresearch.com.br\/n\/uploads\/2023\/05\/magazine-luiza.jpg","width":1200,"height":800,"caption":"Magazine Luiza (MGLU3). Foto: iStock"},{"@type":"BreadcrumbList","@id":"https:\/\/www.suno.com.br\/noticias\/magazine-luiza-mglu3-acoes-semana-jvj\/#breadcrumb","itemListElement":[{"@type":"ListItem","position":1,"name":"Not\u00edcias","item":"https:\/\/www.suno.com.br\/noticias\/"},{"@type":"ListItem","position":2,"name":"Neg\u00f3cios","item":"https:\/\/www.suno.com.br\/noticias\/negocios\/"},{"@type":"ListItem","position":3,"name":"Magazine Luiza (MGLU3) tomba 15,38% na semana e atinge menor cota\u00e7\u00e3o em quase 6 anos. O que aconteceu?"}]},{"@type":"WebSite","@id":"https:\/\/www.suno.com.br\/noticias\/#website","url":"https:\/\/www.suno.com.br\/noticias\/","name":"Suno Not\u00edcias","description":"Seu portal de informa\u00e7\u00e3o sobre o mundo dos investimentos","publisher":{"@id":"https:\/\/www.suno.com.br\/noticias\/#organization"},"potentialAction":[{"@type":"SearchAction","target":{"@type":"EntryPoint","urlTemplate":"https:\/\/www.suno.com.br\/noticias\/?s={search_term_string}"},"query-input":{"@type":"PropertyValueSpecification","valueRequired":true,"valueName":"search_term_string"}}],"inLanguage":"pt-BR"},{"@type":"Organization","@id":"https:\/\/www.suno.com.br\/noticias\/#organization","name":"Suno Not\u00edcias","url":"https:\/\/www.suno.com.br\/noticias\/","logo":{"@type":"ImageObject","inLanguage":"pt-BR","@id":"https:\/\/www.suno.com.br\/noticias\/#\/schema\/logo\/image\/","url":"https:\/\/files.sunoresearch.com.br\/n\/uploads\/2021\/09\/suno-logo.png","contentUrl":"https:\/\/files.sunoresearch.com.br\/n\/uploads\/2021\/09\/suno-logo.png","width":180,"height":180,"caption":"Suno Not\u00edcias"},"image":{"@id":"https:\/\/www.suno.com.br\/noticias\/#\/schema\/logo\/image\/"},"sameAs":["https:\/\/facebook.com\/sunoresearch","https:\/\/x.com\/sunoresearch","https:\/\/www.instagram.com\/suno","https:\/\/www.linkedin.com\/company\/suno-research\/","https:\/\/www.youtube.com\/c\/sunoresearch"]},{"@type":"Person","@id":"https:\/\/www.suno.com.br\/noticias\/#\/schema\/person\/87fc6973867c52dd884811905c43afba","name":"Jo\u00e3o Vitor","image":{"@type":"ImageObject","inLanguage":"pt-BR","@id":"https:\/\/www.suno.com.br\/noticias\/#\/schema\/person\/image\/","url":"https:\/\/secure.gravatar.com\/avatar\/2843227ca03ccf8cc7ccca45204c127e?s=96&r=g","contentUrl":"https:\/\/secure.gravatar.com\/avatar\/2843227ca03ccf8cc7ccca45204c127e?s=96&r=g","caption":"Jo\u00e3o Vitor"},"description":"Redator profissional, com atua\u00e7\u00e3o no mercado editorial na produ\u00e7\u00e3o de not\u00edcias e conte\u00fados sobre o mercado de a\u00e7\u00f5es, fundos imobili\u00e1rios e economia popular. Graduando em Engenharia Qu\u00edmica pela Unesp, tamb\u00e9m j\u00e1 atuou como consultor financeiro.","url":"https:\/\/www.suno.com.br\/noticias\/author\/joao-vitor-jacintho\/"}]}},"default_loop_html":"<div class=\"cardsPage__listCard__boxs\"><div class=\"cardsPage__listCard__boxs__img\"><a href=\"https:\/\/www.suno.com.br\/noticias\/magazine-luiza-mglu3-acoes-semana-jvj\/\"><img class=\"mask\" src=\"https:\/\/www.suno.com.br\/noticias\/wp-content\/themes\/suno\/resources\/images\/spotlight\/spotlight1img\/bg-mask.png\" alt=\"Image Mask\"\/><img src=\"https:\/\/files.sunoresearch.com.br\/n\/uploads\/2023\/05\/magazine-luiza-400x200.jpg\" alt=\"Magazine Luiza (MGLU3) tomba 15,38% na semana e atinge menor cota\u00e7\u00e3o em quase 6 anos. O que aconteceu?\"\/><\/a><span class=\"spotlightCategory\"><a href=\"https:\/\/www.suno.com.br\/noticias\/negocios\/\">Neg\u00f3cios<\/a><\/span><\/div><div class=\"cardsPage__listCard__boxs__content\"><a href=\"https:\/\/www.suno.com.br\/noticias\/magazine-luiza-mglu3-acoes-semana-jvj\/\"><h2 class=\"content__title\">Magazine Luiza (MGLU3) tomba 15,38% na semana e atinge menor cota\u00e7\u00e3o em quase 6 anos. O que aconteceu?<\/h2><\/a><div class=\"newsContent__article__meta\"><div class=\"newsContent__article__meta__authorBox\"><a href=\"https:\/\/www.suno.com.br\/noticias\/author\/joao-vitor-jacintho\/\" class=\"authorBox__avatar noMobi\"><img src=\"https:\/\/secure.gravatar.com\/avatar\/2843227ca03ccf8cc7ccca45204c127e?s=96&#038;r=g\" alt=\"Jo\u00e3o Vitor Jacintho\"><\/a><div class=\"authorBox__name\"><span>por\n\t\t\t<a href=\"https:\/\/www.suno.com.br\/noticias\/author\/joao-vitor-jacintho\/\"><span itemprop=\"author\">Jo\u00e3o Vitor Jacintho<\/span><\/a><\/span><time datetime=\"2023-10-20T20:01:08-03:00\" itemprop=\"datePublished\">20\/10\/2023 20:01<\/time><\/div><\/div><\/div><\/div><\/div>","single_layout":"posts","amp_enabled":true,"_links":{"self":[{"href":"https:\/\/www.suno.com.br\/noticias\/wp-json\/wp\/v2\/posts\/474267"}],"collection":[{"href":"https:\/\/www.suno.com.br\/noticias\/wp-json\/wp\/v2\/posts"}],"about":[{"href":"https:\/\/www.suno.com.br\/noticias\/wp-json\/wp\/v2\/types\/post"}],"author":[{"embeddable":true,"href":"https:\/\/www.suno.com.br\/noticias\/wp-json\/wp\/v2\/users\/173"}],"replies":[{"embeddable":true,"href":"https:\/\/www.suno.com.br\/noticias\/wp-json\/wp\/v2\/comments?post=474267"}],"version-history":[{"count":2,"href":"https:\/\/www.suno.com.br\/noticias\/wp-json\/wp\/v2\/posts\/474267\/revisions"}],"predecessor-version":[{"id":474337,"href":"https:\/\/www.suno.com.br\/noticias\/wp-json\/wp\/v2\/posts\/474267\/revisions\/474337"}],"wp:featuredmedia":[{"embeddable":true,"href":"https:\/\/www.suno.com.br\/noticias\/wp-json\/wp\/v2\/media\/406440"}],"wp:attachment":[{"href":"https:\/\/www.suno.com.br\/noticias\/wp-json\/wp\/v2\/media?parent=474267"}],"wp:term":[{"taxonomy":"category","embeddable":true,"href":"https:\/\/www.suno.com.br\/noticias\/wp-json\/wp\/v2\/categories?post=474267"},{"taxonomy":"post_tag","embeddable":true,"href":"https:\/\/www.suno.com.br\/noticias\/wp-json\/wp\/v2\/tags?post=474267"},{"taxonomy":"suno_strategy","embeddable":true,"href":"https:\/\/www.suno.com.br\/noticias\/wp-json\/wp\/v2\/suno_strategy?post=474267"}],"curies":[{"name":"wp","href":"https:\/\/api.w.org\/{rel}","templated":true}]}}