{"id":474244,"date":"2023-10-20T19:18:48","date_gmt":"2023-10-20T22:18:48","guid":{"rendered":"https:\/\/www.suno.com.br\/noticias\/?p=474244"},"modified":"2023-10-20T20:06:17","modified_gmt":"2023-10-20T23:06:17","slug":"acoes-itausa-itsa4-itsa3-bolsa-valores-semana-jvj","status":"publish","type":"post","link":"https:\/\/www.suno.com.br\/noticias\/acoes-itausa-itsa4-itsa3-bolsa-valores-semana-jvj\/","title":{"rendered":"Ita\u00fasa (ITSA4) cai e tem pior fechamento semanal desde maio. Veja os motivos"},"content":{"rendered":"<p>As <a class=\"suno-keyword\" data-force=\"no\" data-priority=\"1\" href=\"https:\/\/www.suno.com.br\/artigos\/acoes-preferenciais\/\" target=\"_blank\" rel=\"noopener\">a\u00e7\u00f5es preferenciais<\/a> da <a class=\"suno-keyword\" data-force=\"yes\" data-priority=\"2\" href=\"https:\/\/www.suno.com.br\/acoes\/ITSA4\/\" target=\"_blank\" rel=\"noopener\"><strong>Ita\u00fasa<\/strong> (ITSA4)<\/a> encerraram a sess\u00e3o desta sexta-feira (20) em leve queda de 0,19%, cotadas a R$ 8,74. Na semana, os pap\u00e9is tiveram desempenho negativo de 1,75%.<\/p>\t<div class=\"wrapper-featured-image\">\n\t\t<figure class=\"spotlightImg\">\n\n\t\t\t<picture>\n\t\t\t\t<source media=\"(max-width: 768px)\" srcset=\"https:\/\/files.sunoresearch.com.br\/n\/uploads\/2021\/02\/7db34773-itausa-1280x720-1-400x200.webp\">\n\t\t\t\t<img loading=\"lazy\" decoding=\"async\" class=\"newsContent__article__imgCapa lazyloadDisabled \" src=\"https:\/\/files.sunoresearch.com.br\/n\/uploads\/2021\/02\/7db34773-itausa-1280x720-1-800x450.webp\" width=\"800\" height=\"450\" alt=\"Ita\u00fasa (ITSA4) cai e tem pior fechamento semanal desde maio. Veja os motivos\" fetchpriority=high \/>\n\t\t\t<\/picture>\n\n\t\t\t<figcaption class=\"wp-caption-text wp-caption-text--show\">Ita\u00fasa (ITSA4). Foto: Divulga\u00e7\u00e3o<\/figcaption>\n\t\t<\/figure>\n\t<\/div>\n\n\n\n\n\n\t<p>\n\t\t<a href=\"https:\/\/lp2.suno.com.br\/cl\/black-friday-2025\/?utm_campaign=_SNCDF0E4858_\" target=\"_blank\" data-element=\"shortcode-suno-banner\" title=\"Banner SUNO, clique e saiba mais\">\n\t\t\t<picture>\n\t\t\t\t<source media=\"(max-width: 500px)\" srcset=\"https:\/\/files.sunoresearch.com.br\/n\/uploads\/2025\/10\/Artigos-e-Noticias-Banner-Home-artigos-01-Mobile_-400x300-1-png.webp\">\n\t\t\t\t<img class=\"newsContent__article__imgCapa newsContent__article__imgCapa--banner\"\n\t\t\t\t\tsrc=\"https:\/\/files.sunoresearch.com.br\/n\/uploads\/2025\/10\/Artigos-e-Noticias-Banner-Home-artigos-01-Desktop_-1420x240-1-png.webp\"\n\t\t\t\t\tdata-promo-id=\"311259\"\t\t\t\t\t\t\t\t\t\twidth='1420' height='240'\t\t\t\t\talt=\"https:\/\/files.sunoresearch.com.br\/n\/uploads\/2025\/10\/Artigos-e-Noticias-Banner-Home-artigos-01-Desktop_-1420x240-1-png.webp\"\n\t\t\t\t>\n\t\t\t<\/picture>\n\t\t<\/a>\n\t<\/p>\n\n\n\n\n\n<p>As perdas da semana para <strong>a\u00e7\u00f5es da Ita\u00fasa<\/strong> ainda foram reduzidas com a alta de ontem (19), quando chegou a registrar uma valoriza\u00e7\u00e3o de 0,57%.<\/p>\n\n\n\n<p>No entanto, isso n\u00e3o impediu que os pap\u00e9is tivessem o pior desempenho semanal em 1 m\u00eas, ou seja, desde a semana iniciada em 18 de setembro, quando as<strong> a\u00e7\u00f5es ITSA4<\/strong> ca\u00edram 2,38%.<\/p>\n\n\n\t<div data-element=\"shortcode-read-more\" class=\"knowMore\">\n\t\t\t\t<span class=\"knowMore__title\">Leia mais<\/span>\n\t\t\t\t<a class=\"knowMore__link\" href=\"https:\/\/www.suno.com.br\/noticias\/weg-wege3-apesar-lucro-mais-fraco-banco-ve-upside-45-va\/\">\n\t\t\tWeg (WEGE3): banco v\u00ea upside de 45% com possibilidade de trimestre com&quot;n\u00fameros operacionais robustos&quot;\t\t<\/a>\n\t<\/div>\n\n\n\n\n<p>Al\u00e9m disso, os pap\u00e9is registraram o fechamento semanal mais baixo desde maio. Neste m\u00eas de outubro, o desempenho acumulado \u00e9 de -2,94%.<\/p>\n\n\n\n<p>As <a class=\"suno-keyword\" target=\"_blank\" data-force=\"no\" data-priority=\"1\" href=\"https:\/\/www.suno.com.br\/artigos\/o-que-sao-acoes-ordinarias-preferenciais-e-units\/\" rel=\"noopener\">a\u00e7\u00f5es ordin\u00e1rias<\/a> da Ita\u00fasa (<strong>ITSA3<\/strong>) seguiram nessa mesma tend\u00eancia e ca\u00edram 1,30% na sess\u00e3o de hoje (20) e 2,82% nesta semana. No m\u00eas, a performance acumulada \u00e9 de -3,13%.<\/p>\n\n\n\n<p>Mas quais foram os temas que envolveram a Ita\u00fasa nesta semana? Veja a seguir.<\/p>\n\n\n\n<h2 class=\"wp-block-heading\"><a><\/a>Ita\u00fasa vai pagar R$ 500 milh\u00f5es em JCP; veja quando<\/h2>\n\n\n\n<p>Na segunda-feira (16), a Ita\u00fasa divulgou novos <a class=\"suno-keyword\" target=\"_blank\" data-force=\"no\" data-priority=\"1\" href=\"https:\/\/www.suno.com.br\/artigos\/entenda-o-jcp\/\" rel=\"noopener\">juros sobre o capital pr\u00f3prio<\/a> (JCP), no valor bruto de R$ 500 milh\u00f5es, equivalente a R$ 0,0515 por a\u00e7\u00e3o.<\/p>\n\n\n\n<p>Levando em conta a reten\u00e7\u00e3o de 15% de imposto de renda na fonte, o valor l\u00edquido dos <strong>JCP da Ita\u00fasa<\/strong> \u00e9 de R$ 0,043775 por a\u00e7\u00e3o.<\/p>\n\n\n\n<p>O pagamento dos <strong>juros sobre capital pr\u00f3prio da Ita\u00fasa<\/strong> vai ocorrer at\u00e9 30 de dezembro de 2024, aos que estiveram comprados nas a\u00e7\u00f5es da empresa at\u00e9 o final da sess\u00e3o de ontem (19).<\/p>\n\n\n\n<p>O portal Status Invest mostra que os rendimentos da companhia totalizam R$ 0,7424 por cota em 12 meses, gerando um retorno de 7,89% nesse per\u00edodo.<\/p>\n\n\n\n<h2 class=\"wp-block-heading\">Genial mant\u00e9m recomenda\u00e7\u00e3o de compra: \u201ca\u00e7\u00f5es negociam com 22% de desconto\u201d<\/h2>\n\n\n\n<p>Os analistas da Genial Investimentos continuam com uma vis\u00e3o positiva para as a\u00e7\u00f5es da Ita\u00fasa e mantiveram a recomenda\u00e7\u00e3o de compra em seu novo relat\u00f3rio divulgado nesta semana. O pre\u00e7o-alvo \u00e9 de R$ 12,07.<\/p>\n\n\n\n<p>\u201cCom a vis\u00e3o mais parcimoniosa sobre a economia brasileira e cen\u00e1rio de juros, a Ita\u00fasa deve seguir usando o desinvestimento de sua participa\u00e7\u00e3o da XP para desalavancar a holding. Conclu\u00edda a etapa mais intensiva de investimento, a empresa se prepara para uma fase de consolida\u00e7\u00e3o de suas participa\u00e7\u00f5es atuais\u201d, diz a Genial.<\/p>\n\n\n\n<p>\u201cEm rela\u00e7\u00e3o ao valuation, as a\u00e7\u00f5es da <strong>Ita\u00fasa <\/strong>negociam com 22% de desconto em rela\u00e7\u00e3o ao <a class=\"suno-keyword\" target=\"_blank\" data-force=\"no\" data-priority=\"1\" href=\"https:\/\/www.suno.com.br\/artigos\/valor-de-mercado\/\" rel=\"noopener\">valor de mercado<\/a> de suas participa\u00e7\u00f5es. Ap\u00f3s readequar sua alavancagem, a estrat\u00e9gia da Ita\u00fasa segue em continuar repassando 100% dos proventos recebidos do Ita\u00fa e usar os proventos das outras investidas para fazer frente a todas outras despesas\u201d, conclui.<\/p>\n\n\n\t<p>\n\t\t<a href=\"https:\/\/lp.suno.com.br\/ebook-como-analisar-uma-acao\/\" target=\"_blank\" data-element=\"shortcode-suno-banner\" title=\"Banner SUNO, clique e saiba mais\">\n\t\t\t<picture>\n\t\t\t\t<source media=\"(max-width: 500px)\" srcset=\"https:\/\/files.sunoresearch.com.br\/n\/uploads\/2023\/12\/Ebook-Acoes-Mobile.jpg\">\n\t\t\t\t<img class=\"newsContent__article__imgCapa newsContent__article__imgCapa--banner\"\n\t\t\t\t\tsrc=\"https:\/\/files.sunoresearch.com.br\/n\/uploads\/2023\/12\/Ebook-Acoes-Desktop.webp\"\n\t\t\t\t\tdata-promo-id=\"311260\"\t\t\t\t\t\t\t\t\t\twidth='1420' height='286'\t\t\t\t\talt=\"https:\/\/files.sunoresearch.com.br\/n\/uploads\/2023\/12\/Ebook-Acoes-Desktop.webp\"\n\t\t\t\t>\n\t\t\t<\/picture>\n\t\t<\/a>\n\t<\/p>\n\n\n","protected":false},"excerpt":{"rendered":"<p>As a\u00e7\u00f5es preferenciais da Ita\u00fasa (ITSA4) encerraram a sess\u00e3o desta sexta-feira (20) em leve queda de 0,19%, cotadas a R$ 8,74. Na semana, os pap\u00e9is tiveram desempenho negativo de 1,75%. Ita\u00fasa (ITSA4). Foto: Divulga\u00e7\u00e3o As perdas da semana para a\u00e7\u00f5es da Ita\u00fasa ainda foram reduzidas com a alta de ontem (19), quando chegou a registrar [&hellip;]<\/p>\n","protected":false},"author":173,"featured_media":125632,"comment_status":"closed","ping_status":"closed","sticky":false,"template":"","format":"standard","meta":[],"categories":[64],"tags":[286,517],"suno_strategy":[],"class_list":["post-474244","post","type-post","status-publish","format-standard","has-post-thumbnail","hentry","category-negocios","tag-acoes","tag-itausa-itsa3-itsa4"],"yoast_head":"<!-- This site is optimized with the Yoast SEO plugin v24.4 - https:\/\/yoast.com\/wordpress\/plugins\/seo\/ -->\n<title>Ita\u00fasa (ITSA4) tem pior semana em 1 m\u00eas; veja o que aconteceu<\/title>\n<meta name=\"description\" content=\"A Ita\u00fasa (ITSA4) registrou a sua pior semana em 1 m\u00eas, com o fechamento semanal chegando ao menor pre\u00e7o desde maio. Veja o que aconteceu.\" \/>\n<meta name=\"robots\" content=\"index, follow, max-snippet:-1, max-image-preview:large, max-video-preview:-1\" \/>\n<link rel=\"canonical\" href=\"https:\/\/www.suno.com.br\/noticias\/acoes-itausa-itsa4-itsa3-bolsa-valores-semana-jvj\/\" \/>\n<meta property=\"og:locale\" content=\"pt_BR\" \/>\n<meta property=\"og:type\" content=\"article\" \/>\n<meta property=\"og:title\" content=\"Ita\u00fasa (ITSA4) tem pior semana em 1 m\u00eas; veja o que aconteceu\" \/>\n<meta property=\"og:description\" content=\"A Ita\u00fasa (ITSA4) registrou a sua pior semana em 1 m\u00eas, com o fechamento semanal chegando ao menor pre\u00e7o desde maio. Veja o que aconteceu.\" \/>\n<meta property=\"og:url\" content=\"https:\/\/www.suno.com.br\/noticias\/acoes-itausa-itsa4-itsa3-bolsa-valores-semana-jvj\/\" \/>\n<meta property=\"og:site_name\" content=\"Suno Not\u00edcias\" \/>\n<meta property=\"article:publisher\" content=\"https:\/\/facebook.com\/sunoresearch\" \/>\n<meta property=\"og:image\" content=\"https:\/\/files.sunoresearch.com.br\/n\/uploads\/2021\/02\/7db34773-itausa-1280x720-1.jpg\" \/>\n\t<meta property=\"og:image:width\" content=\"1280\" \/>\n\t<meta property=\"og:image:height\" content=\"720\" \/>\n\t<meta property=\"og:image:type\" content=\"image\/jpeg\" \/>\n<meta name=\"author\" content=\"Jo\u00e3o Vitor\" \/>\n<meta name=\"twitter:card\" content=\"summary_large_image\" \/>\n<meta name=\"twitter:creator\" content=\"@sunoresearch\" \/>\n<meta name=\"twitter:site\" content=\"@sunoresearch\" \/>\n<meta name=\"twitter:label1\" content=\"Escrito por\" \/>\n\t<meta name=\"twitter:data1\" content=\"Jo\u00e3o Vitor\" \/>\n\t<meta name=\"twitter:label2\" content=\"Est. tempo de leitura\" \/>\n\t<meta name=\"twitter:data2\" content=\"3 minutos\" \/>\n<script type=\"application\/ld+json\" class=\"yoast-schema-graph\">{\"@context\":\"https:\/\/schema.org\",\"@graph\":[{\"@type\":\"NewsArticle\",\"@id\":\"https:\/\/www.suno.com.br\/noticias\/acoes-itausa-itsa4-itsa3-bolsa-valores-semana-jvj\/#article\",\"isPartOf\":{\"@id\":\"https:\/\/www.suno.com.br\/noticias\/acoes-itausa-itsa4-itsa3-bolsa-valores-semana-jvj\/\"},\"author\":{\"name\":\"Jo\u00e3o Vitor\",\"@id\":\"https:\/\/www.suno.com.br\/noticias\/#\/schema\/person\/87fc6973867c52dd884811905c43afba\"},\"headline\":\"Ita\u00fasa (ITSA4) cai e tem pior fechamento semanal desde maio. Veja os motivos\",\"datePublished\":\"2023-10-20T22:18:48+00:00\",\"dateModified\":\"2023-10-20T23:06:17+00:00\",\"mainEntityOfPage\":{\"@id\":\"https:\/\/www.suno.com.br\/noticias\/acoes-itausa-itsa4-itsa3-bolsa-valores-semana-jvj\/\"},\"wordCount\":475,\"publisher\":{\"@id\":\"https:\/\/www.suno.com.br\/noticias\/#organization\"},\"image\":{\"@id\":\"https:\/\/www.suno.com.br\/noticias\/acoes-itausa-itsa4-itsa3-bolsa-valores-semana-jvj\/#primaryimage\"},\"thumbnailUrl\":\"https:\/\/files.sunoresearch.com.br\/n\/uploads\/2021\/02\/7db34773-itausa-1280x720-1-jpg.webp\",\"keywords\":[\"A\u00e7\u00f5es\",\"Ita\u00fasa (ITSA3\/ITSA4)\"],\"articleSection\":[\"Neg\u00f3cios\"],\"inLanguage\":\"pt-BR\"},{\"@type\":\"WebPage\",\"@id\":\"https:\/\/www.suno.com.br\/noticias\/acoes-itausa-itsa4-itsa3-bolsa-valores-semana-jvj\/\",\"url\":\"https:\/\/www.suno.com.br\/noticias\/acoes-itausa-itsa4-itsa3-bolsa-valores-semana-jvj\/\",\"name\":\"Ita\u00fasa (ITSA4) tem pior semana em 1 m\u00eas; veja o que aconteceu\",\"isPartOf\":{\"@id\":\"https:\/\/www.suno.com.br\/noticias\/#website\"},\"primaryImageOfPage\":{\"@id\":\"https:\/\/www.suno.com.br\/noticias\/acoes-itausa-itsa4-itsa3-bolsa-valores-semana-jvj\/#primaryimage\"},\"image\":{\"@id\":\"https:\/\/www.suno.com.br\/noticias\/acoes-itausa-itsa4-itsa3-bolsa-valores-semana-jvj\/#primaryimage\"},\"thumbnailUrl\":\"https:\/\/files.sunoresearch.com.br\/n\/uploads\/2021\/02\/7db34773-itausa-1280x720-1-jpg.webp\",\"datePublished\":\"2023-10-20T22:18:48+00:00\",\"dateModified\":\"2023-10-20T23:06:17+00:00\",\"description\":\"A Ita\u00fasa (ITSA4) registrou a sua pior semana em 1 m\u00eas, com o fechamento semanal chegando ao menor pre\u00e7o desde maio. Veja o que aconteceu.\",\"breadcrumb\":{\"@id\":\"https:\/\/www.suno.com.br\/noticias\/acoes-itausa-itsa4-itsa3-bolsa-valores-semana-jvj\/#breadcrumb\"},\"inLanguage\":\"pt-BR\",\"potentialAction\":[{\"@type\":\"ReadAction\",\"target\":[\"https:\/\/www.suno.com.br\/noticias\/acoes-itausa-itsa4-itsa3-bolsa-valores-semana-jvj\/\"]}]},{\"@type\":\"ImageObject\",\"inLanguage\":\"pt-BR\",\"@id\":\"https:\/\/www.suno.com.br\/noticias\/acoes-itausa-itsa4-itsa3-bolsa-valores-semana-jvj\/#primaryimage\",\"url\":\"https:\/\/files.sunoresearch.com.br\/n\/uploads\/2021\/02\/7db34773-itausa-1280x720-1-jpg.webp\",\"contentUrl\":\"https:\/\/files.sunoresearch.com.br\/n\/uploads\/2021\/02\/7db34773-itausa-1280x720-1-jpg.webp\",\"width\":1280,\"height\":720,\"caption\":\"Ita\u00fasa (ITSA4). Foto: Divulga\u00e7\u00e3o\"},{\"@type\":\"BreadcrumbList\",\"@id\":\"https:\/\/www.suno.com.br\/noticias\/acoes-itausa-itsa4-itsa3-bolsa-valores-semana-jvj\/#breadcrumb\",\"itemListElement\":[{\"@type\":\"ListItem\",\"position\":1,\"name\":\"Not\u00edcias\",\"item\":\"https:\/\/www.suno.com.br\/noticias\/\"},{\"@type\":\"ListItem\",\"position\":2,\"name\":\"Neg\u00f3cios\",\"item\":\"https:\/\/www.suno.com.br\/noticias\/negocios\/\"},{\"@type\":\"ListItem\",\"position\":3,\"name\":\"Ita\u00fasa (ITSA4) cai e tem pior fechamento semanal desde maio. Veja os motivos\"}]},{\"@type\":\"WebSite\",\"@id\":\"https:\/\/www.suno.com.br\/noticias\/#website\",\"url\":\"https:\/\/www.suno.com.br\/noticias\/\",\"name\":\"Suno Not\u00edcias\",\"description\":\"Seu portal de informa\u00e7\u00e3o sobre o mundo dos investimentos\",\"publisher\":{\"@id\":\"https:\/\/www.suno.com.br\/noticias\/#organization\"},\"potentialAction\":[{\"@type\":\"SearchAction\",\"target\":{\"@type\":\"EntryPoint\",\"urlTemplate\":\"https:\/\/www.suno.com.br\/noticias\/?s={search_term_string}\"},\"query-input\":{\"@type\":\"PropertyValueSpecification\",\"valueRequired\":true,\"valueName\":\"search_term_string\"}}],\"inLanguage\":\"pt-BR\"},{\"@type\":\"Organization\",\"@id\":\"https:\/\/www.suno.com.br\/noticias\/#organization\",\"name\":\"Suno Not\u00edcias\",\"url\":\"https:\/\/www.suno.com.br\/noticias\/\",\"logo\":{\"@type\":\"ImageObject\",\"inLanguage\":\"pt-BR\",\"@id\":\"https:\/\/www.suno.com.br\/noticias\/#\/schema\/logo\/image\/\",\"url\":\"https:\/\/files.sunoresearch.com.br\/n\/uploads\/2021\/09\/suno-logo.png\",\"contentUrl\":\"https:\/\/files.sunoresearch.com.br\/n\/uploads\/2021\/09\/suno-logo.png\",\"width\":180,\"height\":180,\"caption\":\"Suno Not\u00edcias\"},\"image\":{\"@id\":\"https:\/\/www.suno.com.br\/noticias\/#\/schema\/logo\/image\/\"},\"sameAs\":[\"https:\/\/facebook.com\/sunoresearch\",\"https:\/\/x.com\/sunoresearch\",\"https:\/\/www.instagram.com\/suno\",\"https:\/\/www.linkedin.com\/company\/suno-research\/\",\"https:\/\/www.youtube.com\/c\/sunoresearch\"]},{\"@type\":\"Person\",\"@id\":\"https:\/\/www.suno.com.br\/noticias\/#\/schema\/person\/87fc6973867c52dd884811905c43afba\",\"name\":\"Jo\u00e3o Vitor\",\"image\":{\"@type\":\"ImageObject\",\"inLanguage\":\"pt-BR\",\"@id\":\"https:\/\/www.suno.com.br\/noticias\/#\/schema\/person\/image\/\",\"url\":\"https:\/\/secure.gravatar.com\/avatar\/2843227ca03ccf8cc7ccca45204c127e?s=96&r=g\",\"contentUrl\":\"https:\/\/secure.gravatar.com\/avatar\/2843227ca03ccf8cc7ccca45204c127e?s=96&r=g\",\"caption\":\"Jo\u00e3o Vitor\"},\"description\":\"Redator profissional, com atua\u00e7\u00e3o no mercado editorial na produ\u00e7\u00e3o de not\u00edcias e conte\u00fados sobre o mercado de a\u00e7\u00f5es, fundos imobili\u00e1rios e economia popular. Graduando em Engenharia Qu\u00edmica pela Unesp, tamb\u00e9m j\u00e1 atuou como consultor financeiro.\",\"url\":\"https:\/\/www.suno.com.br\/noticias\/author\/joao-vitor-jacintho\/\"}]}<\/script>\n<!-- \/ Yoast SEO plugin. -->","yoast_head_json":{"title":"Ita\u00fasa (ITSA4) tem pior semana em 1 m\u00eas; veja o que aconteceu","description":"A Ita\u00fasa (ITSA4) registrou a sua pior semana em 1 m\u00eas, com o fechamento semanal chegando ao menor pre\u00e7o desde maio. Veja o que aconteceu.","robots":{"index":"index","follow":"follow","max-snippet":"max-snippet:-1","max-image-preview":"max-image-preview:large","max-video-preview":"max-video-preview:-1"},"canonical":"https:\/\/www.suno.com.br\/noticias\/acoes-itausa-itsa4-itsa3-bolsa-valores-semana-jvj\/","og_locale":"pt_BR","og_type":"article","og_title":"Ita\u00fasa (ITSA4) tem pior semana em 1 m\u00eas; veja o que aconteceu","og_description":"A Ita\u00fasa (ITSA4) registrou a sua pior semana em 1 m\u00eas, com o fechamento semanal chegando ao menor pre\u00e7o desde maio. Veja o que aconteceu.","og_url":"https:\/\/www.suno.com.br\/noticias\/acoes-itausa-itsa4-itsa3-bolsa-valores-semana-jvj\/","og_site_name":"Suno Not\u00edcias","article_publisher":"https:\/\/facebook.com\/sunoresearch","og_image":[{"width":1280,"height":720,"url":"https:\/\/files.sunoresearch.com.br\/n\/uploads\/2021\/02\/7db34773-itausa-1280x720-1.jpg","type":"image\/jpeg"}],"author":"Jo\u00e3o Vitor","twitter_card":"summary_large_image","twitter_creator":"@sunoresearch","twitter_site":"@sunoresearch","twitter_misc":{"Escrito por":"Jo\u00e3o Vitor","Est. tempo de leitura":"3 minutos"},"schema":{"@context":"https:\/\/schema.org","@graph":[{"@type":"NewsArticle","@id":"https:\/\/www.suno.com.br\/noticias\/acoes-itausa-itsa4-itsa3-bolsa-valores-semana-jvj\/#article","isPartOf":{"@id":"https:\/\/www.suno.com.br\/noticias\/acoes-itausa-itsa4-itsa3-bolsa-valores-semana-jvj\/"},"author":{"name":"Jo\u00e3o Vitor","@id":"https:\/\/www.suno.com.br\/noticias\/#\/schema\/person\/87fc6973867c52dd884811905c43afba"},"headline":"Ita\u00fasa (ITSA4) cai e tem pior fechamento semanal desde maio. Veja os motivos","datePublished":"2023-10-20T22:18:48+00:00","dateModified":"2023-10-20T23:06:17+00:00","mainEntityOfPage":{"@id":"https:\/\/www.suno.com.br\/noticias\/acoes-itausa-itsa4-itsa3-bolsa-valores-semana-jvj\/"},"wordCount":475,"publisher":{"@id":"https:\/\/www.suno.com.br\/noticias\/#organization"},"image":{"@id":"https:\/\/www.suno.com.br\/noticias\/acoes-itausa-itsa4-itsa3-bolsa-valores-semana-jvj\/#primaryimage"},"thumbnailUrl":"https:\/\/files.sunoresearch.com.br\/n\/uploads\/2021\/02\/7db34773-itausa-1280x720-1-jpg.webp","keywords":["A\u00e7\u00f5es","Ita\u00fasa (ITSA3\/ITSA4)"],"articleSection":["Neg\u00f3cios"],"inLanguage":"pt-BR"},{"@type":"WebPage","@id":"https:\/\/www.suno.com.br\/noticias\/acoes-itausa-itsa4-itsa3-bolsa-valores-semana-jvj\/","url":"https:\/\/www.suno.com.br\/noticias\/acoes-itausa-itsa4-itsa3-bolsa-valores-semana-jvj\/","name":"Ita\u00fasa (ITSA4) tem pior semana em 1 m\u00eas; veja o que aconteceu","isPartOf":{"@id":"https:\/\/www.suno.com.br\/noticias\/#website"},"primaryImageOfPage":{"@id":"https:\/\/www.suno.com.br\/noticias\/acoes-itausa-itsa4-itsa3-bolsa-valores-semana-jvj\/#primaryimage"},"image":{"@id":"https:\/\/www.suno.com.br\/noticias\/acoes-itausa-itsa4-itsa3-bolsa-valores-semana-jvj\/#primaryimage"},"thumbnailUrl":"https:\/\/files.sunoresearch.com.br\/n\/uploads\/2021\/02\/7db34773-itausa-1280x720-1-jpg.webp","datePublished":"2023-10-20T22:18:48+00:00","dateModified":"2023-10-20T23:06:17+00:00","description":"A Ita\u00fasa (ITSA4) registrou a sua pior semana em 1 m\u00eas, com o fechamento semanal chegando ao menor pre\u00e7o desde maio. Veja o que aconteceu.","breadcrumb":{"@id":"https:\/\/www.suno.com.br\/noticias\/acoes-itausa-itsa4-itsa3-bolsa-valores-semana-jvj\/#breadcrumb"},"inLanguage":"pt-BR","potentialAction":[{"@type":"ReadAction","target":["https:\/\/www.suno.com.br\/noticias\/acoes-itausa-itsa4-itsa3-bolsa-valores-semana-jvj\/"]}]},{"@type":"ImageObject","inLanguage":"pt-BR","@id":"https:\/\/www.suno.com.br\/noticias\/acoes-itausa-itsa4-itsa3-bolsa-valores-semana-jvj\/#primaryimage","url":"https:\/\/files.sunoresearch.com.br\/n\/uploads\/2021\/02\/7db34773-itausa-1280x720-1-jpg.webp","contentUrl":"https:\/\/files.sunoresearch.com.br\/n\/uploads\/2021\/02\/7db34773-itausa-1280x720-1-jpg.webp","width":1280,"height":720,"caption":"Ita\u00fasa (ITSA4). Foto: Divulga\u00e7\u00e3o"},{"@type":"BreadcrumbList","@id":"https:\/\/www.suno.com.br\/noticias\/acoes-itausa-itsa4-itsa3-bolsa-valores-semana-jvj\/#breadcrumb","itemListElement":[{"@type":"ListItem","position":1,"name":"Not\u00edcias","item":"https:\/\/www.suno.com.br\/noticias\/"},{"@type":"ListItem","position":2,"name":"Neg\u00f3cios","item":"https:\/\/www.suno.com.br\/noticias\/negocios\/"},{"@type":"ListItem","position":3,"name":"Ita\u00fasa (ITSA4) cai e tem pior fechamento semanal desde maio. Veja os motivos"}]},{"@type":"WebSite","@id":"https:\/\/www.suno.com.br\/noticias\/#website","url":"https:\/\/www.suno.com.br\/noticias\/","name":"Suno Not\u00edcias","description":"Seu portal de informa\u00e7\u00e3o sobre o mundo dos investimentos","publisher":{"@id":"https:\/\/www.suno.com.br\/noticias\/#organization"},"potentialAction":[{"@type":"SearchAction","target":{"@type":"EntryPoint","urlTemplate":"https:\/\/www.suno.com.br\/noticias\/?s={search_term_string}"},"query-input":{"@type":"PropertyValueSpecification","valueRequired":true,"valueName":"search_term_string"}}],"inLanguage":"pt-BR"},{"@type":"Organization","@id":"https:\/\/www.suno.com.br\/noticias\/#organization","name":"Suno Not\u00edcias","url":"https:\/\/www.suno.com.br\/noticias\/","logo":{"@type":"ImageObject","inLanguage":"pt-BR","@id":"https:\/\/www.suno.com.br\/noticias\/#\/schema\/logo\/image\/","url":"https:\/\/files.sunoresearch.com.br\/n\/uploads\/2021\/09\/suno-logo.png","contentUrl":"https:\/\/files.sunoresearch.com.br\/n\/uploads\/2021\/09\/suno-logo.png","width":180,"height":180,"caption":"Suno Not\u00edcias"},"image":{"@id":"https:\/\/www.suno.com.br\/noticias\/#\/schema\/logo\/image\/"},"sameAs":["https:\/\/facebook.com\/sunoresearch","https:\/\/x.com\/sunoresearch","https:\/\/www.instagram.com\/suno","https:\/\/www.linkedin.com\/company\/suno-research\/","https:\/\/www.youtube.com\/c\/sunoresearch"]},{"@type":"Person","@id":"https:\/\/www.suno.com.br\/noticias\/#\/schema\/person\/87fc6973867c52dd884811905c43afba","name":"Jo\u00e3o Vitor","image":{"@type":"ImageObject","inLanguage":"pt-BR","@id":"https:\/\/www.suno.com.br\/noticias\/#\/schema\/person\/image\/","url":"https:\/\/secure.gravatar.com\/avatar\/2843227ca03ccf8cc7ccca45204c127e?s=96&r=g","contentUrl":"https:\/\/secure.gravatar.com\/avatar\/2843227ca03ccf8cc7ccca45204c127e?s=96&r=g","caption":"Jo\u00e3o Vitor"},"description":"Redator profissional, com atua\u00e7\u00e3o no mercado editorial na produ\u00e7\u00e3o de not\u00edcias e conte\u00fados sobre o mercado de a\u00e7\u00f5es, fundos imobili\u00e1rios e economia popular. Graduando em Engenharia Qu\u00edmica pela Unesp, tamb\u00e9m j\u00e1 atuou como consultor financeiro.","url":"https:\/\/www.suno.com.br\/noticias\/author\/joao-vitor-jacintho\/"}]}},"default_loop_html":"<div class=\"cardsPage__listCard__boxs\"><div class=\"cardsPage__listCard__boxs__img\"><a href=\"https:\/\/www.suno.com.br\/noticias\/acoes-itausa-itsa4-itsa3-bolsa-valores-semana-jvj\/\"><img class=\"mask\" src=\"https:\/\/www.suno.com.br\/noticias\/wp-content\/themes\/suno\/resources\/images\/spotlight\/spotlight1img\/bg-mask.png\" alt=\"Image Mask\"\/><img src=\"https:\/\/files.sunoresearch.com.br\/n\/uploads\/2021\/02\/7db34773-itausa-1280x720-1-400x200.webp\" alt=\"Ita\u00fasa (ITSA4) cai e tem pior fechamento semanal desde maio. Veja os motivos\"\/><\/a><span class=\"spotlightCategory\"><a href=\"https:\/\/www.suno.com.br\/noticias\/negocios\/\">Neg\u00f3cios<\/a><\/span><\/div><div class=\"cardsPage__listCard__boxs__content\"><a href=\"https:\/\/www.suno.com.br\/noticias\/acoes-itausa-itsa4-itsa3-bolsa-valores-semana-jvj\/\"><h2 class=\"content__title\">Ita\u00fasa (ITSA4) cai e tem pior fechamento semanal desde maio. Veja os motivos<\/h2><\/a><div class=\"newsContent__article__meta\"><div class=\"newsContent__article__meta__authorBox\"><a href=\"https:\/\/www.suno.com.br\/noticias\/author\/joao-vitor-jacintho\/\" class=\"authorBox__avatar noMobi\"><img src=\"https:\/\/secure.gravatar.com\/avatar\/2843227ca03ccf8cc7ccca45204c127e?s=96&#038;r=g\" alt=\"Jo\u00e3o Vitor Jacintho\"><\/a><div class=\"authorBox__name\"><span>por\n\t\t\t<a href=\"https:\/\/www.suno.com.br\/noticias\/author\/joao-vitor-jacintho\/\"><span itemprop=\"author\">Jo\u00e3o Vitor Jacintho<\/span><\/a><\/span><time datetime=\"2023-10-20T19:18:48-03:00\" itemprop=\"datePublished\">20\/10\/2023 19:18<\/time><\/div><\/div><\/div><\/div><\/div>","single_layout":"posts","amp_enabled":true,"_links":{"self":[{"href":"https:\/\/www.suno.com.br\/noticias\/wp-json\/wp\/v2\/posts\/474244"}],"collection":[{"href":"https:\/\/www.suno.com.br\/noticias\/wp-json\/wp\/v2\/posts"}],"about":[{"href":"https:\/\/www.suno.com.br\/noticias\/wp-json\/wp\/v2\/types\/post"}],"author":[{"embeddable":true,"href":"https:\/\/www.suno.com.br\/noticias\/wp-json\/wp\/v2\/users\/173"}],"replies":[{"embeddable":true,"href":"https:\/\/www.suno.com.br\/noticias\/wp-json\/wp\/v2\/comments?post=474244"}],"version-history":[{"count":3,"href":"https:\/\/www.suno.com.br\/noticias\/wp-json\/wp\/v2\/posts\/474244\/revisions"}],"predecessor-version":[{"id":474276,"href":"https:\/\/www.suno.com.br\/noticias\/wp-json\/wp\/v2\/posts\/474244\/revisions\/474276"}],"wp:featuredmedia":[{"embeddable":true,"href":"https:\/\/www.suno.com.br\/noticias\/wp-json\/wp\/v2\/media\/125632"}],"wp:attachment":[{"href":"https:\/\/www.suno.com.br\/noticias\/wp-json\/wp\/v2\/media?parent=474244"}],"wp:term":[{"taxonomy":"category","embeddable":true,"href":"https:\/\/www.suno.com.br\/noticias\/wp-json\/wp\/v2\/categories?post=474244"},{"taxonomy":"post_tag","embeddable":true,"href":"https:\/\/www.suno.com.br\/noticias\/wp-json\/wp\/v2\/tags?post=474244"},{"taxonomy":"suno_strategy","embeddable":true,"href":"https:\/\/www.suno.com.br\/noticias\/wp-json\/wp\/v2\/suno_strategy?post=474244"}],"curies":[{"name":"wp","href":"https:\/\/api.w.org\/{rel}","templated":true}]}}