{"id":474212,"date":"2023-10-20T19:58:25","date_gmt":"2023-10-20T22:58:25","guid":{"rendered":"https:\/\/www.suno.com.br\/noticias\/?p=474212"},"modified":"2023-10-20T19:58:29","modified_gmt":"2023-10-20T22:58:29","slug":"dolar-recua-encerra-semana-em-baixa","status":"publish","type":"post","link":"https:\/\/www.suno.com.br\/noticias\/dolar-recua-encerra-semana-em-baixa\/","title":{"rendered":"D\u00f3lar recua e encerra semana em queda. Quais os motivos?"},"content":{"rendered":"<p>O <strong>d\u00f3lar<\/strong> \u00e0 vista encerrou a sess\u00e3o desta sexta-feira, 20, em queda de 0,43%, cotado a R$ 5,0313, no mercado dom\u00e9stico de c\u00e2mbio, em dia de sinal predominante de baixa da moeda norte-americana e recuo das taxas dos Treasuries longos. Pela manh\u00e3, a moeda at\u00e9 ensaiou uma alta firme e se aproximou do teto de R$ 5,10, quando registrou m\u00e1xima a R$ 5,0986 em movimento atribu\u00eddo por operadores ao recuo de mais de 3% do min\u00e9rio de ferro. Apesar da crise no setor imobili\u00e1rio, o Banco do Povo da China, (PBoC, o BC chin\u00eas) optou por manter suas principais taxas de juros inalteradas.<\/p>\t<div class=\"wrapper-featured-image\">\n\t\t<figure class=\"spotlightImg\">\n\n\t\t\t<picture>\n\t\t\t\t<source media=\"(max-width: 768px)\" srcset=\"https:\/\/files.sunoresearch.com.br\/n\/uploads\/2023\/05\/dolar-dinheiro-mundo-400x200.jpg\">\n\t\t\t\t<img loading=\"lazy\" decoding=\"async\" class=\"newsContent__article__imgCapa lazyloadDisabled \" src=\"https:\/\/files.sunoresearch.com.br\/n\/uploads\/2023\/05\/dolar-dinheiro-mundo-800x450.jpg\" width=\"800\" height=\"450\" alt=\"D\u00f3lar recua e encerra semana em queda. Quais os motivos?\" fetchpriority=high \/>\n\t\t\t<\/picture>\n\n\t\t\t<figcaption class=\"wp-caption-text wp-caption-text--show\">ETF de renda fixa e renda vari\u00e1vel. Foto: iStock Foto: iStock<\/figcaption>\n\t\t<\/figure>\n\t<\/div>\n\n\n\n\n\n\t<p>\n\t\t<a href=\"https:\/\/lp.suno.com.br\/planilha-da-vida-financeira\/\" target=\"_blank\" data-element=\"shortcode-suno-banner\" title=\"Banner SUNO, clique e saiba mais\">\n\t\t\t<picture>\n\t\t\t\t<source media=\"(max-width: 500px)\" srcset=\"https:\/\/files.sunoresearch.com.br\/n\/uploads\/2023\/04\/400x300-Planilha-vida-financeira-true.png\">\n\t\t\t\t<img class=\"newsContent__article__imgCapa newsContent__article__imgCapa--banner\"\n\t\t\t\t\tsrc=\"https:\/\/files.sunoresearch.com.br\/n\/uploads\/2023\/04\/1420x240-Planilha-vida-financeira-true.png\"\n\t\t\t\t\tdata-promo-id=\"106682\"\t\t\t\t\t\t\t\t\t\twidth='1420' height='240'\t\t\t\t\talt=\"https:\/\/files.sunoresearch.com.br\/n\/uploads\/2023\/04\/1420x240-Planilha-vida-financeira-true.png\"\n\t\t\t\t>\n\t\t\t<\/picture>\n\t\t<\/a>\n\t<\/p>\n\n\n\n\n\n\n\n<p>Passado o momento de estresse, houve uma onda de realiza\u00e7\u00e3o de lucros intraday, com o mercado local se alinhando \u00e0 queda da moeda norte-americana no exterior, em especial em rela\u00e7\u00e3o ao principais pares do <strong>real<\/strong>, os pesos mexicano e colombiano. Na m\u00ednima, o d\u00f3lar \u00e0 vista tocou a casa de R$ 5,02 (R$ 5,0259).<\/p>\n\n\n\n<p>Com investidores correndo para o abrigo dos Treasuries na v\u00e9spera do fim de semana, dada a incerteza sobre os desdobramentos da guerra no Oriente M\u00e9dio, com eventual invas\u00e3o da Faixa de Gaza por tropas israelense, as taxas dos pap\u00e9is ca\u00edram. O retorno da T-note de 10 anos, que na quinta-feira se aproximou de 5%, operava no fim da tarde ao redor de 4,91%.<\/p>\n\n\n\n<p>&#8220;O mercado local operou bem em linha com o exterior, com o <strong>valor do d\u00f3lar<\/strong> em queda. Divisas emergentes se apreciando um pouco e a curva americano fechando. Obviamente, o d\u00f3lar como principal moeda \u00e9 procurado como ref\u00fagio. Mas o d\u00e9ficit fiscal muito alto \u00e9 uma not\u00edcia ruim para a moeda americana. Ent\u00e3o temos essa dicotomia. E hoje o d\u00f3lar est\u00e1 caindo l\u00e1 fora&#8221;, afirma o chefe da <a class=\"suno-keyword\" target=\"_blank\" data-force=\"no\" data-priority=\"1\" href=\"https:\/\/www.suno.com.br\/artigos\/mesa-de-operacoes\/\" rel=\"noopener\">mesa de opera\u00e7\u00f5es<\/a> do C6 Bank, Felipe Garcia.<\/p>\n\n\n\n<p>Na semana, contudo, o yield da T-note de 10 anos &#8211; refer\u00eancia para os neg\u00f3cios de renda fixa no mundo &#8211; subiu mais de 6%, diante de preocupa\u00e7\u00f5es com o d\u00e9ficit americano, que pode aumentar em raz\u00e3o da ajuda prometida pelo governo Joe Biden a Israel e \u00e0 Ucr\u00e2nia, e desequil\u00edbrios t\u00e9cnicos entre <a class=\"suno-keyword\" target=\"_blank\" data-force=\"no\" data-priority=\"1\" href=\"https:\/\/www.suno.com.br\/artigos\/oferta-demanda\/\" rel=\"noopener\">oferta e demanda<\/a>. A secret\u00e1ria do Tesouro norte-americano, Janet Yellen, refor\u00e7ou nesta sexta o pedido de Biden para que o Congresso aprove or\u00e7amento suplementar.<\/p>\n\n\n\t<p>\n\t\t<a href=\"https:\/\/lp.suno.com.br\/ebook-como-analisar-uma-acao\/\" target=\"_blank\" data-element=\"shortcode-suno-banner\" title=\"Banner SUNO, clique e saiba mais\">\n\t\t\t<picture>\n\t\t\t\t<source media=\"(max-width: 500px)\" srcset=\"https:\/\/files.sunoresearch.com.br\/n\/uploads\/2023\/03\/Ebook-Acoes-Mobile.jpg\">\n\t\t\t\t<img class=\"newsContent__article__imgCapa newsContent__article__imgCapa--banner\"\n\t\t\t\t\tsrc=\"https:\/\/files.sunoresearch.com.br\/n\/uploads\/2023\/03\/Ebook-Acoes-Desktop.jpg\"\n\t\t\t\t\tdata-promo-id=\"378302\"\t\t\t\t\t\t\t\t\t\twidth='1420' height='286'\t\t\t\t\talt=\"https:\/\/files.sunoresearch.com.br\/n\/uploads\/2023\/03\/Ebook-Acoes-Desktop.jpg\"\n\t\t\t\t>\n\t\t\t<\/picture>\n\t\t<\/a>\n\t<\/p>\n\n\n\n\n\n<h2 class=\"wp-block-heading\">Quanto o d\u00f3lar caiu na semana?<\/h2>\n\n\n\n<p>Mesmo com a alta das taxas dos Treasuries, que costuma castigar divisas emergentes, a <strong>cota\u00e7\u00e3o do d\u00f3lar<\/strong> termina a semana com queda de 1,12% no mercado dom\u00e9stico. O real ostenta nesse per\u00edodo o melhor desempenho entre as principais divisas latino-americanas. Com a valoriza\u00e7\u00e3o nos \u00faltimos cinco preg\u00f5es, a moeda agora apresenta apenas ligeira alta em outubro (+0,09%). A valoriza\u00e7\u00e3o do real na semana \u00e9 atribu\u00edda em parte ao avan\u00e7o das cota\u00e7\u00f5es do petr\u00f3leo e dados recentes positivos da economia chinesa.<\/p>\n\n\n\n<p>&#8220;Apesar da escalada dos juros americanos, com a taxa de 10 anos flertando com os 5% ao ano, o real tem conseguido manter o seu valor&#8221;, afirma a analista Lais Costa, da Empiricus Research, destacando que a <strong>moeda brasileira <\/strong>mant\u00e9m um \u00f3timo desempenho em 2023, oferecendo ganhos de quase 16% &#8220;considerando o carrego&#8221;, ou seja, a remunera\u00e7\u00e3o oferecida pelas taxas de juros. O real tem, no ano, desempenho relativo inferior apenas em rela\u00e7\u00e3o aos pesos colombiano e mexicano, outros dois pa\u00edses com taxas de juros elevadas.<\/p>\n\n\n\n<p>Costa observa que, com ajuste t\u00e9cnico no mercado local de <a class=\"suno-keyword\" target=\"_blank\" data-force=\"no\" data-priority=\"1\" href=\"https:\/\/www.suno.com.br\/artigos\/juros-futuros\/\" rel=\"noopener\">juros futuros<\/a>, as taxas passam a embutir perspectiva de Selic j\u00e1 perto de 11% no fim do atual processo de redu\u00e7\u00e3o da taxa b\u00e1sica. &#8220;Esse \u00e9 um cen\u00e1rio poss\u00edvel. Se, de fato, o BC indicar que pararemos o ciclo de corte de juros muito acima do juro neutro, o real deve continuar entregando uma boa performance, com o <strong>d\u00f3lar<\/strong> se mantendo em tend\u00eancia de queda.&#8221;<\/p>\n\n\n\n<p><em>Com Estad\u00e3o Conte\u00fado<\/em><\/p>\n\n\n\t<p>\n\t\t<a href=\"https:\/\/lp.suno.com.br\/planilha-da-vida-financeira\/\" target=\"_blank\" data-element=\"shortcode-suno-banner\" title=\"Banner SUNO, clique e saiba mais\">\n\t\t\t<picture>\n\t\t\t\t<source media=\"(max-width: 500px)\" srcset=\"https:\/\/files.sunoresearch.com.br\/n\/uploads\/2023\/04\/400x300-Planilha-vida-financeira-true.png\">\n\t\t\t\t<img class=\"newsContent__article__imgCapa newsContent__article__imgCapa--banner\"\n\t\t\t\t\tsrc=\"https:\/\/files.sunoresearch.com.br\/n\/uploads\/2023\/04\/1420x240-Planilha-vida-financeira-true.png\"\n\t\t\t\t\tdata-promo-id=\"383123\"\t\t\t\t\t\t\t\t\t\twidth='1420' height='240'\t\t\t\t\talt=\"https:\/\/files.sunoresearch.com.br\/n\/uploads\/2023\/04\/1420x240-Planilha-vida-financeira-true.png\"\n\t\t\t\t>\n\t\t\t<\/picture>\n\t\t<\/a>\n\t<\/p>\n\n\n","protected":false},"excerpt":{"rendered":"<p>O d\u00f3lar \u00e0 vista encerrou a sess\u00e3o desta sexta-feira, 20, em queda de 0,43%, cotado a R$ 5,0313, no mercado dom\u00e9stico de c\u00e2mbio, em dia de sinal predominante de baixa da moeda norte-americana e recuo das taxas dos Treasuries longos. Pela manh\u00e3, a moeda at\u00e9 ensaiou uma alta firme e se aproximou do teto de [&hellip;]<\/p>\n","protected":false},"author":43,"featured_media":408463,"comment_status":"closed","ping_status":"closed","sticky":false,"template":"","format":"standard","meta":[],"categories":[60],"tags":[326],"suno_strategy":[],"class_list":["post-474212","post","type-post","status-publish","format-standard","has-post-thumbnail","hentry","category-mercado","tag-dolar"],"yoast_head":"<!-- This site is optimized with the Yoast SEO plugin v24.4 - https:\/\/yoast.com\/wordpress\/plugins\/seo\/ -->\n<title>D\u00f3lar cai e encerra semana em baixa de 1,12%<\/title>\n<meta name=\"description\" content=\"O d\u00f3lar \u00e0 vista encerrou a sess\u00e3o desta sexta-feira, 20, em queda de 0,43%, cotado a R$ 5,0313, no mercado dom\u00e9stico de c\u00e2mbio\" \/>\n<meta name=\"robots\" content=\"index, follow, max-snippet:-1, max-image-preview:large, max-video-preview:-1\" \/>\n<link rel=\"canonical\" href=\"https:\/\/www.suno.com.br\/noticias\/dolar-recua-encerra-semana-em-baixa\/\" \/>\n<meta property=\"og:locale\" content=\"pt_BR\" \/>\n<meta property=\"og:type\" content=\"article\" \/>\n<meta property=\"og:title\" content=\"D\u00f3lar cai e encerra semana em baixa de 1,12%\" \/>\n<meta property=\"og:description\" content=\"O d\u00f3lar \u00e0 vista encerrou a sess\u00e3o desta sexta-feira, 20, em queda de 0,43%, cotado a R$ 5,0313, no mercado dom\u00e9stico de c\u00e2mbio\" \/>\n<meta property=\"og:url\" content=\"https:\/\/www.suno.com.br\/noticias\/dolar-recua-encerra-semana-em-baixa\/\" \/>\n<meta property=\"og:site_name\" content=\"Suno Not\u00edcias\" \/>\n<meta property=\"article:publisher\" content=\"https:\/\/facebook.com\/sunoresearch\" \/>\n<meta property=\"article:author\" content=\"https:\/\/www.facebook.com\/sunonoticias\/\" \/>\n<meta property=\"og:image\" content=\"https:\/\/files.sunoresearch.com.br\/n\/uploads\/2023\/05\/dolar-dinheiro-mundo.jpg\" \/>\n\t<meta property=\"og:image:width\" content=\"1200\" \/>\n\t<meta property=\"og:image:height\" content=\"801\" \/>\n\t<meta property=\"og:image:type\" content=\"image\/jpeg\" \/>\n<meta name=\"author\" content=\"Reda\u00e7\u00e3o Suno Not\u00edcias\" \/>\n<meta name=\"twitter:card\" content=\"summary_large_image\" \/>\n<meta name=\"twitter:creator\" content=\"@https:\/\/twitter.com\/sunoresearch\" \/>\n<meta name=\"twitter:site\" content=\"@sunoresearch\" \/>\n<meta name=\"twitter:label1\" content=\"Escrito por\" \/>\n\t<meta name=\"twitter:data1\" content=\"Reda\u00e7\u00e3o Suno Not\u00edcias\" \/>\n\t<meta name=\"twitter:label2\" content=\"Est. tempo de leitura\" \/>\n\t<meta name=\"twitter:data2\" content=\"4 minutos\" \/>\n<script type=\"application\/ld+json\" class=\"yoast-schema-graph\">{\"@context\":\"https:\/\/schema.org\",\"@graph\":[{\"@type\":\"NewsArticle\",\"@id\":\"https:\/\/www.suno.com.br\/noticias\/dolar-recua-encerra-semana-em-baixa\/#article\",\"isPartOf\":{\"@id\":\"https:\/\/www.suno.com.br\/noticias\/dolar-recua-encerra-semana-em-baixa\/\"},\"author\":{\"name\":\"Reda\u00e7\u00e3o Suno Not\u00edcias\",\"@id\":\"https:\/\/www.suno.com.br\/noticias\/#\/schema\/person\/c1b1bd3727fa852bd045e9dbff3673ea\"},\"headline\":\"D\u00f3lar recua e encerra semana em queda. Quais os motivos?\",\"datePublished\":\"2023-10-20T22:58:25+00:00\",\"dateModified\":\"2023-10-20T22:58:29+00:00\",\"mainEntityOfPage\":{\"@id\":\"https:\/\/www.suno.com.br\/noticias\/dolar-recua-encerra-semana-em-baixa\/\"},\"wordCount\":677,\"publisher\":{\"@id\":\"https:\/\/www.suno.com.br\/noticias\/#organization\"},\"image\":{\"@id\":\"https:\/\/www.suno.com.br\/noticias\/dolar-recua-encerra-semana-em-baixa\/#primaryimage\"},\"thumbnailUrl\":\"https:\/\/files.sunoresearch.com.br\/n\/uploads\/2023\/05\/dolar-dinheiro-mundo.jpg\",\"keywords\":[\"d\u00f3lar\"],\"articleSection\":[\"Mercado\"],\"inLanguage\":\"pt-BR\"},{\"@type\":\"WebPage\",\"@id\":\"https:\/\/www.suno.com.br\/noticias\/dolar-recua-encerra-semana-em-baixa\/\",\"url\":\"https:\/\/www.suno.com.br\/noticias\/dolar-recua-encerra-semana-em-baixa\/\",\"name\":\"D\u00f3lar cai e encerra semana em baixa de 1,12%\",\"isPartOf\":{\"@id\":\"https:\/\/www.suno.com.br\/noticias\/#website\"},\"primaryImageOfPage\":{\"@id\":\"https:\/\/www.suno.com.br\/noticias\/dolar-recua-encerra-semana-em-baixa\/#primaryimage\"},\"image\":{\"@id\":\"https:\/\/www.suno.com.br\/noticias\/dolar-recua-encerra-semana-em-baixa\/#primaryimage\"},\"thumbnailUrl\":\"https:\/\/files.sunoresearch.com.br\/n\/uploads\/2023\/05\/dolar-dinheiro-mundo.jpg\",\"datePublished\":\"2023-10-20T22:58:25+00:00\",\"dateModified\":\"2023-10-20T22:58:29+00:00\",\"description\":\"O d\u00f3lar \u00e0 vista encerrou a sess\u00e3o desta sexta-feira, 20, em queda de 0,43%, cotado a R$ 5,0313, no mercado dom\u00e9stico de c\u00e2mbio\",\"breadcrumb\":{\"@id\":\"https:\/\/www.suno.com.br\/noticias\/dolar-recua-encerra-semana-em-baixa\/#breadcrumb\"},\"inLanguage\":\"pt-BR\",\"potentialAction\":[{\"@type\":\"ReadAction\",\"target\":[\"https:\/\/www.suno.com.br\/noticias\/dolar-recua-encerra-semana-em-baixa\/\"]}]},{\"@type\":\"ImageObject\",\"inLanguage\":\"pt-BR\",\"@id\":\"https:\/\/www.suno.com.br\/noticias\/dolar-recua-encerra-semana-em-baixa\/#primaryimage\",\"url\":\"https:\/\/files.sunoresearch.com.br\/n\/uploads\/2023\/05\/dolar-dinheiro-mundo.jpg\",\"contentUrl\":\"https:\/\/files.sunoresearch.com.br\/n\/uploads\/2023\/05\/dolar-dinheiro-mundo.jpg\",\"width\":1200,\"height\":801,\"caption\":\"ETF de renda fixa e renda vari\u00e1vel. Foto: iStock Foto: iStock\"},{\"@type\":\"BreadcrumbList\",\"@id\":\"https:\/\/www.suno.com.br\/noticias\/dolar-recua-encerra-semana-em-baixa\/#breadcrumb\",\"itemListElement\":[{\"@type\":\"ListItem\",\"position\":1,\"name\":\"Not\u00edcias\",\"item\":\"https:\/\/www.suno.com.br\/noticias\/\"},{\"@type\":\"ListItem\",\"position\":2,\"name\":\"Mercado\",\"item\":\"https:\/\/www.suno.com.br\/noticias\/mercado\/\"},{\"@type\":\"ListItem\",\"position\":3,\"name\":\"D\u00f3lar recua e encerra semana em queda. Quais os motivos?\"}]},{\"@type\":\"WebSite\",\"@id\":\"https:\/\/www.suno.com.br\/noticias\/#website\",\"url\":\"https:\/\/www.suno.com.br\/noticias\/\",\"name\":\"Suno Not\u00edcias\",\"description\":\"Seu portal de informa\u00e7\u00e3o sobre o mundo dos investimentos\",\"publisher\":{\"@id\":\"https:\/\/www.suno.com.br\/noticias\/#organization\"},\"potentialAction\":[{\"@type\":\"SearchAction\",\"target\":{\"@type\":\"EntryPoint\",\"urlTemplate\":\"https:\/\/www.suno.com.br\/noticias\/?s={search_term_string}\"},\"query-input\":{\"@type\":\"PropertyValueSpecification\",\"valueRequired\":true,\"valueName\":\"search_term_string\"}}],\"inLanguage\":\"pt-BR\"},{\"@type\":\"Organization\",\"@id\":\"https:\/\/www.suno.com.br\/noticias\/#organization\",\"name\":\"Suno Not\u00edcias\",\"url\":\"https:\/\/www.suno.com.br\/noticias\/\",\"logo\":{\"@type\":\"ImageObject\",\"inLanguage\":\"pt-BR\",\"@id\":\"https:\/\/www.suno.com.br\/noticias\/#\/schema\/logo\/image\/\",\"url\":\"https:\/\/files.sunoresearch.com.br\/n\/uploads\/2021\/09\/suno-logo.png\",\"contentUrl\":\"https:\/\/files.sunoresearch.com.br\/n\/uploads\/2021\/09\/suno-logo.png\",\"width\":180,\"height\":180,\"caption\":\"Suno Not\u00edcias\"},\"image\":{\"@id\":\"https:\/\/www.suno.com.br\/noticias\/#\/schema\/logo\/image\/\"},\"sameAs\":[\"https:\/\/facebook.com\/sunoresearch\",\"https:\/\/x.com\/sunoresearch\",\"https:\/\/www.instagram.com\/suno\",\"https:\/\/www.linkedin.com\/company\/suno-research\/\",\"https:\/\/www.youtube.com\/c\/sunoresearch\"]},{\"@type\":\"Person\",\"@id\":\"https:\/\/www.suno.com.br\/noticias\/#\/schema\/person\/c1b1bd3727fa852bd045e9dbff3673ea\",\"name\":\"Reda\u00e7\u00e3o Suno Not\u00edcias\",\"image\":{\"@type\":\"ImageObject\",\"inLanguage\":\"pt-BR\",\"@id\":\"https:\/\/www.suno.com.br\/noticias\/#\/schema\/person\/image\/\",\"url\":\"https:\/\/secure.gravatar.com\/avatar\/b8104b9b5a71985d5238ee59fbe418af?s=96&r=g\",\"contentUrl\":\"https:\/\/secure.gravatar.com\/avatar\/b8104b9b5a71985d5238ee59fbe418af?s=96&r=g\",\"caption\":\"Reda\u00e7\u00e3o Suno Not\u00edcias\"},\"description\":\"O Suno Not\u00edcias \u00e9 um portal de informa\u00e7\u00f5es sobre Mercado Financeiro, Pol\u00edtica, Neg\u00f3cios, Economia e Finan\u00e7as Pessoais.\",\"sameAs\":[\"https:\/\/www.suno.com.br\/noticias\",\"https:\/\/www.facebook.com\/sunonoticias\/\",\"https:\/\/www.instagram.com\/sunonoticias\/\",\"https:\/\/x.com\/https:\/\/twitter.com\/sunoresearch\",\"https:\/\/www.youtube.com\/sunonoticias\"],\"url\":\"https:\/\/www.suno.com.br\/noticias\/author\/redacao-suno\/\"}]}<\/script>\n<!-- \/ Yoast SEO plugin. -->","yoast_head_json":{"title":"D\u00f3lar cai e encerra semana em baixa de 1,12%","description":"O d\u00f3lar \u00e0 vista encerrou a sess\u00e3o desta sexta-feira, 20, em queda de 0,43%, cotado a R$ 5,0313, no mercado dom\u00e9stico de c\u00e2mbio","robots":{"index":"index","follow":"follow","max-snippet":"max-snippet:-1","max-image-preview":"max-image-preview:large","max-video-preview":"max-video-preview:-1"},"canonical":"https:\/\/www.suno.com.br\/noticias\/dolar-recua-encerra-semana-em-baixa\/","og_locale":"pt_BR","og_type":"article","og_title":"D\u00f3lar cai e encerra semana em baixa de 1,12%","og_description":"O d\u00f3lar \u00e0 vista encerrou a sess\u00e3o desta sexta-feira, 20, em queda de 0,43%, cotado a R$ 5,0313, no mercado dom\u00e9stico de c\u00e2mbio","og_url":"https:\/\/www.suno.com.br\/noticias\/dolar-recua-encerra-semana-em-baixa\/","og_site_name":"Suno Not\u00edcias","article_publisher":"https:\/\/facebook.com\/sunoresearch","article_author":"https:\/\/www.facebook.com\/sunonoticias\/","og_image":[{"width":1200,"height":801,"url":"https:\/\/files.sunoresearch.com.br\/n\/uploads\/2023\/05\/dolar-dinheiro-mundo.jpg","type":"image\/jpeg"}],"author":"Reda\u00e7\u00e3o Suno Not\u00edcias","twitter_card":"summary_large_image","twitter_creator":"@https:\/\/twitter.com\/sunoresearch","twitter_site":"@sunoresearch","twitter_misc":{"Escrito por":"Reda\u00e7\u00e3o Suno Not\u00edcias","Est. tempo de leitura":"4 minutos"},"schema":{"@context":"https:\/\/schema.org","@graph":[{"@type":"NewsArticle","@id":"https:\/\/www.suno.com.br\/noticias\/dolar-recua-encerra-semana-em-baixa\/#article","isPartOf":{"@id":"https:\/\/www.suno.com.br\/noticias\/dolar-recua-encerra-semana-em-baixa\/"},"author":{"name":"Reda\u00e7\u00e3o Suno Not\u00edcias","@id":"https:\/\/www.suno.com.br\/noticias\/#\/schema\/person\/c1b1bd3727fa852bd045e9dbff3673ea"},"headline":"D\u00f3lar recua e encerra semana em queda. Quais os motivos?","datePublished":"2023-10-20T22:58:25+00:00","dateModified":"2023-10-20T22:58:29+00:00","mainEntityOfPage":{"@id":"https:\/\/www.suno.com.br\/noticias\/dolar-recua-encerra-semana-em-baixa\/"},"wordCount":677,"publisher":{"@id":"https:\/\/www.suno.com.br\/noticias\/#organization"},"image":{"@id":"https:\/\/www.suno.com.br\/noticias\/dolar-recua-encerra-semana-em-baixa\/#primaryimage"},"thumbnailUrl":"https:\/\/files.sunoresearch.com.br\/n\/uploads\/2023\/05\/dolar-dinheiro-mundo.jpg","keywords":["d\u00f3lar"],"articleSection":["Mercado"],"inLanguage":"pt-BR"},{"@type":"WebPage","@id":"https:\/\/www.suno.com.br\/noticias\/dolar-recua-encerra-semana-em-baixa\/","url":"https:\/\/www.suno.com.br\/noticias\/dolar-recua-encerra-semana-em-baixa\/","name":"D\u00f3lar cai e encerra semana em baixa de 1,12%","isPartOf":{"@id":"https:\/\/www.suno.com.br\/noticias\/#website"},"primaryImageOfPage":{"@id":"https:\/\/www.suno.com.br\/noticias\/dolar-recua-encerra-semana-em-baixa\/#primaryimage"},"image":{"@id":"https:\/\/www.suno.com.br\/noticias\/dolar-recua-encerra-semana-em-baixa\/#primaryimage"},"thumbnailUrl":"https:\/\/files.sunoresearch.com.br\/n\/uploads\/2023\/05\/dolar-dinheiro-mundo.jpg","datePublished":"2023-10-20T22:58:25+00:00","dateModified":"2023-10-20T22:58:29+00:00","description":"O d\u00f3lar \u00e0 vista encerrou a sess\u00e3o desta sexta-feira, 20, em queda de 0,43%, cotado a R$ 5,0313, no mercado dom\u00e9stico de c\u00e2mbio","breadcrumb":{"@id":"https:\/\/www.suno.com.br\/noticias\/dolar-recua-encerra-semana-em-baixa\/#breadcrumb"},"inLanguage":"pt-BR","potentialAction":[{"@type":"ReadAction","target":["https:\/\/www.suno.com.br\/noticias\/dolar-recua-encerra-semana-em-baixa\/"]}]},{"@type":"ImageObject","inLanguage":"pt-BR","@id":"https:\/\/www.suno.com.br\/noticias\/dolar-recua-encerra-semana-em-baixa\/#primaryimage","url":"https:\/\/files.sunoresearch.com.br\/n\/uploads\/2023\/05\/dolar-dinheiro-mundo.jpg","contentUrl":"https:\/\/files.sunoresearch.com.br\/n\/uploads\/2023\/05\/dolar-dinheiro-mundo.jpg","width":1200,"height":801,"caption":"ETF de renda fixa e renda vari\u00e1vel. Foto: iStock Foto: iStock"},{"@type":"BreadcrumbList","@id":"https:\/\/www.suno.com.br\/noticias\/dolar-recua-encerra-semana-em-baixa\/#breadcrumb","itemListElement":[{"@type":"ListItem","position":1,"name":"Not\u00edcias","item":"https:\/\/www.suno.com.br\/noticias\/"},{"@type":"ListItem","position":2,"name":"Mercado","item":"https:\/\/www.suno.com.br\/noticias\/mercado\/"},{"@type":"ListItem","position":3,"name":"D\u00f3lar recua e encerra semana em queda. Quais os motivos?"}]},{"@type":"WebSite","@id":"https:\/\/www.suno.com.br\/noticias\/#website","url":"https:\/\/www.suno.com.br\/noticias\/","name":"Suno Not\u00edcias","description":"Seu portal de informa\u00e7\u00e3o sobre o mundo dos investimentos","publisher":{"@id":"https:\/\/www.suno.com.br\/noticias\/#organization"},"potentialAction":[{"@type":"SearchAction","target":{"@type":"EntryPoint","urlTemplate":"https:\/\/www.suno.com.br\/noticias\/?s={search_term_string}"},"query-input":{"@type":"PropertyValueSpecification","valueRequired":true,"valueName":"search_term_string"}}],"inLanguage":"pt-BR"},{"@type":"Organization","@id":"https:\/\/www.suno.com.br\/noticias\/#organization","name":"Suno Not\u00edcias","url":"https:\/\/www.suno.com.br\/noticias\/","logo":{"@type":"ImageObject","inLanguage":"pt-BR","@id":"https:\/\/www.suno.com.br\/noticias\/#\/schema\/logo\/image\/","url":"https:\/\/files.sunoresearch.com.br\/n\/uploads\/2021\/09\/suno-logo.png","contentUrl":"https:\/\/files.sunoresearch.com.br\/n\/uploads\/2021\/09\/suno-logo.png","width":180,"height":180,"caption":"Suno Not\u00edcias"},"image":{"@id":"https:\/\/www.suno.com.br\/noticias\/#\/schema\/logo\/image\/"},"sameAs":["https:\/\/facebook.com\/sunoresearch","https:\/\/x.com\/sunoresearch","https:\/\/www.instagram.com\/suno","https:\/\/www.linkedin.com\/company\/suno-research\/","https:\/\/www.youtube.com\/c\/sunoresearch"]},{"@type":"Person","@id":"https:\/\/www.suno.com.br\/noticias\/#\/schema\/person\/c1b1bd3727fa852bd045e9dbff3673ea","name":"Reda\u00e7\u00e3o Suno Not\u00edcias","image":{"@type":"ImageObject","inLanguage":"pt-BR","@id":"https:\/\/www.suno.com.br\/noticias\/#\/schema\/person\/image\/","url":"https:\/\/secure.gravatar.com\/avatar\/b8104b9b5a71985d5238ee59fbe418af?s=96&r=g","contentUrl":"https:\/\/secure.gravatar.com\/avatar\/b8104b9b5a71985d5238ee59fbe418af?s=96&r=g","caption":"Reda\u00e7\u00e3o Suno Not\u00edcias"},"description":"O Suno Not\u00edcias \u00e9 um portal de informa\u00e7\u00f5es sobre Mercado Financeiro, Pol\u00edtica, Neg\u00f3cios, Economia e Finan\u00e7as Pessoais.","sameAs":["https:\/\/www.suno.com.br\/noticias","https:\/\/www.facebook.com\/sunonoticias\/","https:\/\/www.instagram.com\/sunonoticias\/","https:\/\/x.com\/https:\/\/twitter.com\/sunoresearch","https:\/\/www.youtube.com\/sunonoticias"],"url":"https:\/\/www.suno.com.br\/noticias\/author\/redacao-suno\/"}]}},"default_loop_html":"<div class=\"cardsPage__listCard__boxs\"><div class=\"cardsPage__listCard__boxs__img\"><a href=\"https:\/\/www.suno.com.br\/noticias\/dolar-recua-encerra-semana-em-baixa\/\"><img class=\"mask\" src=\"https:\/\/www.suno.com.br\/noticias\/wp-content\/themes\/suno\/resources\/images\/spotlight\/spotlight1img\/bg-mask.png\" alt=\"Image Mask\"\/><img src=\"https:\/\/files.sunoresearch.com.br\/n\/uploads\/2023\/05\/dolar-dinheiro-mundo-400x200.jpg\" alt=\"D\u00f3lar recua e encerra semana em queda. Quais os motivos?\"\/><\/a><span class=\"spotlightCategory\"><a href=\"https:\/\/www.suno.com.br\/noticias\/mercado\/\">Mercado<\/a><\/span><\/div><div class=\"cardsPage__listCard__boxs__content\"><a href=\"https:\/\/www.suno.com.br\/noticias\/dolar-recua-encerra-semana-em-baixa\/\"><h2 class=\"content__title\">D\u00f3lar recua e encerra semana em queda. Quais os motivos?<\/h2><\/a><div class=\"newsContent__article__meta\"><div class=\"newsContent__article__meta__authorBox\"><a href=\"https:\/\/www.suno.com.br\/noticias\/author\/redacao-suno\/\" class=\"authorBox__avatar noMobi\"><img src=\"https:\/\/files.sunoresearch.com.br\/n\/uploads\/2020\/08\/0ace682d-redacao-1-150x150.webp\" alt=\"Reda\u00e7\u00e3o Suno Not\u00edcias\"><\/a><div class=\"authorBox__name\"><span>por\n\t\t\t<a href=\"https:\/\/www.suno.com.br\/noticias\/author\/redacao-suno\/\"><span itemprop=\"author\">Reda\u00e7\u00e3o Suno Not\u00edcias<\/span><\/a><\/span><time datetime=\"2023-10-20T19:58:25-03:00\" itemprop=\"datePublished\">20\/10\/2023 19:58<\/time><\/div><\/div><\/div><\/div><\/div>","single_layout":"posts","amp_enabled":true,"_links":{"self":[{"href":"https:\/\/www.suno.com.br\/noticias\/wp-json\/wp\/v2\/posts\/474212"}],"collection":[{"href":"https:\/\/www.suno.com.br\/noticias\/wp-json\/wp\/v2\/posts"}],"about":[{"href":"https:\/\/www.suno.com.br\/noticias\/wp-json\/wp\/v2\/types\/post"}],"author":[{"embeddable":true,"href":"https:\/\/www.suno.com.br\/noticias\/wp-json\/wp\/v2\/users\/43"}],"replies":[{"embeddable":true,"href":"https:\/\/www.suno.com.br\/noticias\/wp-json\/wp\/v2\/comments?post=474212"}],"version-history":[{"count":2,"href":"https:\/\/www.suno.com.br\/noticias\/wp-json\/wp\/v2\/posts\/474212\/revisions"}],"predecessor-version":[{"id":474269,"href":"https:\/\/www.suno.com.br\/noticias\/wp-json\/wp\/v2\/posts\/474212\/revisions\/474269"}],"wp:featuredmedia":[{"embeddable":true,"href":"https:\/\/www.suno.com.br\/noticias\/wp-json\/wp\/v2\/media\/408463"}],"wp:attachment":[{"href":"https:\/\/www.suno.com.br\/noticias\/wp-json\/wp\/v2\/media?parent=474212"}],"wp:term":[{"taxonomy":"category","embeddable":true,"href":"https:\/\/www.suno.com.br\/noticias\/wp-json\/wp\/v2\/categories?post=474212"},{"taxonomy":"post_tag","embeddable":true,"href":"https:\/\/www.suno.com.br\/noticias\/wp-json\/wp\/v2\/tags?post=474212"},{"taxonomy":"suno_strategy","embeddable":true,"href":"https:\/\/www.suno.com.br\/noticias\/wp-json\/wp\/v2\/suno_strategy?post=474212"}],"curies":[{"name":"wp","href":"https:\/\/api.w.org\/{rel}","templated":true}]}}