{"id":47418,"date":"2019-12-11T12:09:36","date_gmt":"2019-12-11T14:09:36","guid":{"rendered":"https:\/\/www.suno.com.br\/noticias\/?p=47418"},"modified":"2019-12-11T13:03:39","modified_gmt":"2019-12-11T15:03:39","slug":"varejo-vendas-outubro-ibge-avanca-outubro","status":"publish","type":"post","link":"https:\/\/www.suno.com.br\/noticias\/varejo-vendas-outubro-ibge-avanca-outubro\/","title":{"rendered":"Vendas no varejo sobem 0,1% no m\u00eas de outubro, aponta IBGE"},"content":{"rendered":"<p>As <strong>vendas<\/strong> no varejo subiram 0,1% no m\u00eas de outubro na compara\u00e7\u00e3o com o m\u00eas de setembro, de acordo com os dados do <strong>Instituto Brasileiro de Geografia e Estat\u00edstica (IBGE)<\/strong> nesta quarta-feira (11).<\/p>\t<div class=\"wrapper-featured-image\">\n\t\t<figure class=\"spotlightImg\">\n\n\t\t\t<picture>\n\t\t\t\t<source media=\"(max-width: 768px)\" srcset=\"https:\/\/files.sunoresearch.com.br\/n\/uploads\/2018\/11\/2782a66f-vendas-na-black-friday-1-400x200.webp\">\n\t\t\t\t<img loading=\"lazy\" decoding=\"async\" class=\"newsContent__article__imgCapa lazyloadDisabled newsContent__article__imgCapa--noCaption\" src=\"https:\/\/files.sunoresearch.com.br\/n\/uploads\/2018\/11\/2782a66f-vendas-na-black-friday-1-800x450.webp\" width=\"800\" height=\"450\" alt=\"Vendas no varejo sobem 0,1% no m\u00eas de outubro, aponta IBGE\" fetchpriority=high \/>\n\t\t\t<\/picture>\n\n\t\t\t<figcaption class=\"wp-caption-text wp-caption-text--hide\">Vendas no Natal sobem, mas abaixo dos n\u00edveis de 2019. Foto: Pixabay<\/figcaption>\n\t\t<\/figure>\n\t<\/div>\n\n\n<p><a href=\"https:\/\/lp.suno.com.br\/relatorio-gratuito-ipo-xp\/?utm_source=noticias&amp;utm_medium=noticia&amp;utm_campaign=preficicacao_xp\">Baixe o relat\u00f3rio gratuito da SUNO sobre o IPO da XP Investimentos<\/a><\/p>\n<p>Trata-se do sexto m\u00eas consecutivo de crescimento, um acr\u00e9scimo de 2,7% no per\u00edodo. No <strong>varejo<\/strong> <strong>ampliado<\/strong>, que inclui tamb\u00e9m as atividades de ve\u00edculos, motos e pe\u00e7as, e material de constru\u00e7\u00e3o, o volume de vendas cresceu 0,8% em rela\u00e7\u00e3o a setembro de 2019.<\/p>\n\n<p>O com\u00e9rcio varejista cresceu, sem ajuste sazonal, 4,2% sendo a s\u00e9tima taxa positiva consecutiva. Com esse resultado, o <strong>varejo<\/strong> acumulou 1,6% de janeiro a outubro frente ao mesmo per\u00edodo de 2018. O indicador sinaliza ganho de ritmo nas vendas no acumulado nos \u00faltimos 12 meses, ao passar de 1,6% em setembro para 1,8% em outubro.<\/p>\n<p>&#8220;O varejo n\u00e3o perdeu for\u00e7a ou f\u00f4lego, podemos dizer que foi uma acomoda\u00e7\u00e3o. A conjuntura ainda est\u00e1 favor\u00e1vel ao com juros em queda&#8221;, informou a gerente de pesquisa do IBGE, Isabella Nunes.<\/p>\n<h2>Vendas no varejo<\/h2>\n<p>Seis das oitos atividades do varejo pesquisada tiveram resultados positivos em outubro. S\u00e3o elas:<\/p>\n<ul>\n<li>equipamentos e material para escrit\u00f3rio, inform\u00e1tica e comunica\u00e7\u00e3o (5,3%)<\/li>\n<li>combust\u00edveis e lubrificantes (1,7%)<\/li>\n<li>artigos farmac\u00eauticos, m\u00e9dicos, ortop\u00e9dicos, de perfumaria e cosm\u00e9ticos (1,2%)<\/li>\n<li>m\u00f3veis e eletrodom\u00e9sticos (0,9%)<\/li>\n<li>artigos de uso pessoal e dom\u00e9stico (0,3%)<\/li>\n<li>tecidos, vestu\u00e1rio e cal\u00e7ados (0,2%)<\/li>\n<\/ul>\n\t<p>\n\t\t<a href=\"https:\/\/lp.suno.com.br\/suno-one\/?utm_campaign=_SNC6964518A_\" target=\"_blank\" data-element=\"shortcode-suno-banner\" title=\"Banner SUNO, clique e saiba mais\">\n\t\t\t<picture>\n\t\t\t\t<source media=\"(max-width: 500px)\" srcset=\"https:\/\/files.sunoresearch.com.br\/n\/uploads\/2025\/09\/400x300-Suno-One-png.webp\">\n\t\t\t\t<img class=\"newsContent__article__imgCapa newsContent__article__imgCapa--banner\"\n\t\t\t\t\tsrc=\"https:\/\/files.sunoresearch.com.br\/n\/uploads\/2025\/09\/1420x240-Suno-One-png.webp\"\n\t\t\t\t\tdata-promo-id=\"383121\"\t\t\t\t\t\t\t\t\t\twidth='1420' height='240'\t\t\t\t\talt=\"https:\/\/files.sunoresearch.com.br\/n\/uploads\/2025\/09\/1420x240-Suno-One-png.webp\"\n\t\t\t\t>\n\t\t\t<\/picture>\n\t\t<\/a>\n\t<\/p>\n\n\n<p>O setor de hipermercados, supermercados, produtos aliment\u00edcios, bebidas e fumo, ap\u00f3s avan\u00e7ar 4% entre maio e setembro, apresentou uma varia\u00e7\u00e3o, em outubro, pr\u00f3xima a estabilidade (-0,1%). Por sua vez, o segmento de livros, jornais, revistas e papelaria recuou 1,1%.<\/p>\n<h2>Vendas nos Estados<\/h2>\n<p>Na compara\u00e7\u00e3o com outubro de 2018, o varejo apresentou resultados positivos em 18 das 27 Unidades da Federa\u00e7\u00e3o, com destaque para Amap\u00e1 (2,4%), Para\u00edba (1,9%) e Piau\u00ed (1,7%). Por outro lado, pressionando negativamente, o destaque foi Minas Gerais (-5,2%).<\/p>\n<p><a href=\"\/\/www.suno.com.br\/noticias\/faturamento-varejo-paulista-maior-natal-desde-2008\/\">Confira Tamb\u00e9m: Faturamento do varejo paulista no Natal deve ser o maior desde 2008<\/a><\/p>\n<p>Para essa mesma compara\u00e7\u00e3o, o\u00a0<strong>com\u00e9rcio varejista ampliado<\/strong>, com varia\u00e7\u00e3o de 0,8%, tamb\u00e9m mostrou predom\u00ednio de resultados positivos, que alcan\u00e7aram 21 das 27 Unidades da Federa\u00e7\u00e3o, com destaque para:<\/p>\n<ul>\n<li>Alagoas (3,1%)<\/li>\n<li>Cear\u00e1 (2,8%)<\/li>\n<li>Esp\u00edrito Santo (2,2%)<\/li>\n<\/ul>\n<p>Por outro lado, pressionando negativamente, os destaques foram:<\/p>\n<ul>\n<li>Tocantins (-1,5%)<\/li>\n<li>Minas Gerais (-1,3%)<\/li>\n<li>Goi\u00e1s (-0,8%).<\/li>\n<\/ul>\n<p>Frente a outubro de 2018, a taxa de varia\u00e7\u00e3o do volume de vendas do\u00a0<strong>com\u00e9rcio varejista nacional<\/strong> foi de 4,2%, com predom\u00ednio de resultados positivos em 22 das 27 Unidades da Federa\u00e7\u00e3o, com destaque para:<\/p>\n<ul>\n<li>Amap\u00e1 (22,6%)<\/li>\n<li>Santa Catarina (12,3%)<\/li>\n<li>Amazonas (12,1%)<\/li>\n<\/ul>\n<p>Por outro lado, pressionando negativamente, figuram quatro das 27 Unidades da Federa\u00e7\u00e3o, com destaque para:<\/p>\n<ul>\n<li>Rond\u00f4nia (-2,5%)<\/li>\n<li>Rio Grande do Sul (-2,1%).<\/li>\n<\/ul>\n<p>Quanto \u00e0 participa\u00e7\u00e3o na composi\u00e7\u00e3o da taxa do varejo, a maior contribui\u00e7\u00e3o veio de S\u00e3o Paulo (6,0%), Santa Catarina (12,3%) e Minas Gerais (3,1%).<\/p>\n<p>Considerando o\u00a0<strong>com\u00e9rcio varejista ampliado<\/strong>, no confronto com outubro de 2018, o aumento de 5,6% teve predom\u00ednio de resultados positivos em 25 das 27 Unidades da Federa\u00e7\u00e3o, com destaque para:<\/p>\n<ul>\n<li>Amap\u00e1 (29,7%),<\/li>\n<li>Santa Catarina (12,5%)<\/li>\n<li>Distrito Federal (9,9%).<\/li>\n<\/ul>\n<p>Por outro lado, pressionando negativamente, figuram apenas:<\/p>\n<ul>\n<li>Piau\u00ed (-0,4%)<\/li>\n<li>Rio Grande do Sul (-0,1%).<\/li>\n<\/ul>\n<p>Quanto \u00e0 participa\u00e7\u00e3o na composi\u00e7\u00e3o da taxa do <strong>varejo<\/strong> <strong>ampliado<\/strong>, a maior contribui\u00e7\u00e3o veio de S\u00e3o Paulo (7,3%), Santa Catarina (12,5%) e Minas Gerais (4,6%).<\/p>\n\n","protected":false},"excerpt":{"rendered":"<p>As vendas no varejo subiram 0,1% no m\u00eas de outubro na compara\u00e7\u00e3o com o m\u00eas de setembro, de acordo com os dados do Instituto Brasileiro de Geografia e Estat\u00edstica (IBGE) nesta quarta-feira (11). Vendas no Natal sobem, mas abaixo dos n\u00edveis de 2019. Foto: Pixabay Baixe o relat\u00f3rio gratuito da SUNO sobre o IPO da [&hellip;]<\/p>\n","protected":false},"author":15,"featured_media":6561,"comment_status":"closed","ping_status":"closed","sticky":false,"template":"","format":"standard","meta":[],"categories":[62],"tags":[803],"suno_strategy":[],"class_list":["post-47418","post","type-post","status-publish","format-standard","has-post-thumbnail","hentry","category-economia","tag-varejo"],"yoast_head":"<!-- This site is optimized with the Yoast SEO plugin v24.4 - https:\/\/yoast.com\/wordpress\/plugins\/seo\/ -->\n<title>Vendas no varejo sobem 0,1% no m\u00eas de outubro, aponta IBGE<\/title>\n<meta name=\"description\" content=\"As vendas no varejo subiu 0,1% no m\u00eas de outubro na compara\u00e7\u00e3o com o m\u00eas de agosto, de acordo com o IBGE. Clique aqui e saiba mais\" \/>\n<meta name=\"robots\" content=\"index, follow, max-snippet:-1, max-image-preview:large, max-video-preview:-1\" \/>\n<link rel=\"canonical\" href=\"https:\/\/www.suno.com.br\/noticias\/varejo-vendas-outubro-ibge-avanca-outubro\/\" \/>\n<meta property=\"og:locale\" content=\"pt_BR\" \/>\n<meta property=\"og:type\" content=\"article\" \/>\n<meta property=\"og:title\" content=\"Vendas no varejo sobem 0,1% no m\u00eas de outubro, aponta IBGE\" \/>\n<meta property=\"og:description\" content=\"As vendas no varejo subiu 0,1% no m\u00eas de outubro na compara\u00e7\u00e3o com o m\u00eas de agosto, de acordo com o IBGE. Clique aqui e saiba mais\" \/>\n<meta property=\"og:url\" content=\"https:\/\/www.suno.com.br\/noticias\/varejo-vendas-outubro-ibge-avanca-outubro\/\" \/>\n<meta property=\"og:site_name\" content=\"Suno Not\u00edcias\" \/>\n<meta property=\"article:publisher\" content=\"https:\/\/facebook.com\/sunoresearch\" \/>\n<meta property=\"og:image\" content=\"https:\/\/files.sunoresearch.com.br\/n\/uploads\/2018\/11\/2782a66f-vendas-na-black-friday-1.jpg\" \/>\n\t<meta property=\"og:image:width\" content=\"1920\" \/>\n\t<meta property=\"og:image:height\" content=\"1280\" \/>\n\t<meta property=\"og:image:type\" content=\"image\/jpeg\" \/>\n<meta name=\"author\" content=\"Poliana Santos\" \/>\n<meta name=\"twitter:card\" content=\"summary_large_image\" \/>\n<meta name=\"twitter:creator\" content=\"@sunoresearch\" \/>\n<meta name=\"twitter:site\" content=\"@sunoresearch\" \/>\n<meta name=\"twitter:label1\" content=\"Escrito por\" \/>\n\t<meta name=\"twitter:data1\" content=\"Poliana Santos\" \/>\n\t<meta name=\"twitter:label2\" content=\"Est. tempo de leitura\" \/>\n\t<meta name=\"twitter:data2\" content=\"3 minutos\" \/>\n<script type=\"application\/ld+json\" class=\"yoast-schema-graph\">{\"@context\":\"https:\/\/schema.org\",\"@graph\":[{\"@type\":\"NewsArticle\",\"@id\":\"https:\/\/www.suno.com.br\/noticias\/varejo-vendas-outubro-ibge-avanca-outubro\/#article\",\"isPartOf\":{\"@id\":\"https:\/\/www.suno.com.br\/noticias\/varejo-vendas-outubro-ibge-avanca-outubro\/\"},\"author\":{\"name\":\"Poliana Santos\",\"@id\":\"https:\/\/www.suno.com.br\/noticias\/#\/schema\/person\/02ec1f752758247878a2bf4abee1aeda\"},\"headline\":\"Vendas no varejo sobem 0,1% no m\u00eas de outubro, aponta IBGE\",\"datePublished\":\"2019-12-11T14:09:36+00:00\",\"dateModified\":\"2019-12-11T15:03:39+00:00\",\"mainEntityOfPage\":{\"@id\":\"https:\/\/www.suno.com.br\/noticias\/varejo-vendas-outubro-ibge-avanca-outubro\/\"},\"wordCount\":577,\"publisher\":{\"@id\":\"https:\/\/www.suno.com.br\/noticias\/#organization\"},\"image\":{\"@id\":\"https:\/\/www.suno.com.br\/noticias\/varejo-vendas-outubro-ibge-avanca-outubro\/#primaryimage\"},\"thumbnailUrl\":\"https:\/\/files.sunoresearch.com.br\/n\/uploads\/2018\/11\/2782a66f-vendas-na-black-friday-1-jpg.webp\",\"keywords\":[\"varejo\"],\"articleSection\":[\"Economia\"],\"inLanguage\":\"pt-BR\"},{\"@type\":\"WebPage\",\"@id\":\"https:\/\/www.suno.com.br\/noticias\/varejo-vendas-outubro-ibge-avanca-outubro\/\",\"url\":\"https:\/\/www.suno.com.br\/noticias\/varejo-vendas-outubro-ibge-avanca-outubro\/\",\"name\":\"Vendas no varejo sobem 0,1% no m\u00eas de outubro, aponta IBGE\",\"isPartOf\":{\"@id\":\"https:\/\/www.suno.com.br\/noticias\/#website\"},\"primaryImageOfPage\":{\"@id\":\"https:\/\/www.suno.com.br\/noticias\/varejo-vendas-outubro-ibge-avanca-outubro\/#primaryimage\"},\"image\":{\"@id\":\"https:\/\/www.suno.com.br\/noticias\/varejo-vendas-outubro-ibge-avanca-outubro\/#primaryimage\"},\"thumbnailUrl\":\"https:\/\/files.sunoresearch.com.br\/n\/uploads\/2018\/11\/2782a66f-vendas-na-black-friday-1-jpg.webp\",\"datePublished\":\"2019-12-11T14:09:36+00:00\",\"dateModified\":\"2019-12-11T15:03:39+00:00\",\"description\":\"As vendas no varejo subiu 0,1% no m\u00eas de outubro na compara\u00e7\u00e3o com o m\u00eas de agosto, de acordo com o IBGE. Clique aqui e saiba mais\",\"breadcrumb\":{\"@id\":\"https:\/\/www.suno.com.br\/noticias\/varejo-vendas-outubro-ibge-avanca-outubro\/#breadcrumb\"},\"inLanguage\":\"pt-BR\",\"potentialAction\":[{\"@type\":\"ReadAction\",\"target\":[\"https:\/\/www.suno.com.br\/noticias\/varejo-vendas-outubro-ibge-avanca-outubro\/\"]}]},{\"@type\":\"ImageObject\",\"inLanguage\":\"pt-BR\",\"@id\":\"https:\/\/www.suno.com.br\/noticias\/varejo-vendas-outubro-ibge-avanca-outubro\/#primaryimage\",\"url\":\"https:\/\/files.sunoresearch.com.br\/n\/uploads\/2018\/11\/2782a66f-vendas-na-black-friday-1-jpg.webp\",\"contentUrl\":\"https:\/\/files.sunoresearch.com.br\/n\/uploads\/2018\/11\/2782a66f-vendas-na-black-friday-1-jpg.webp\",\"width\":1920,\"height\":1280,\"caption\":\"Vendas no Natal sobem, mas abaixo dos n\u00edveis de 2019. Foto: Pixabay\"},{\"@type\":\"BreadcrumbList\",\"@id\":\"https:\/\/www.suno.com.br\/noticias\/varejo-vendas-outubro-ibge-avanca-outubro\/#breadcrumb\",\"itemListElement\":[{\"@type\":\"ListItem\",\"position\":1,\"name\":\"Not\u00edcias\",\"item\":\"https:\/\/www.suno.com.br\/noticias\/\"},{\"@type\":\"ListItem\",\"position\":2,\"name\":\"Economia\",\"item\":\"https:\/\/www.suno.com.br\/noticias\/economia\/\"},{\"@type\":\"ListItem\",\"position\":3,\"name\":\"Vendas no varejo sobem 0,1% no m\u00eas de outubro, aponta IBGE\"}]},{\"@type\":\"WebSite\",\"@id\":\"https:\/\/www.suno.com.br\/noticias\/#website\",\"url\":\"https:\/\/www.suno.com.br\/noticias\/\",\"name\":\"Suno Not\u00edcias\",\"description\":\"Seu portal de informa\u00e7\u00e3o sobre o mundo dos investimentos\",\"publisher\":{\"@id\":\"https:\/\/www.suno.com.br\/noticias\/#organization\"},\"potentialAction\":[{\"@type\":\"SearchAction\",\"target\":{\"@type\":\"EntryPoint\",\"urlTemplate\":\"https:\/\/www.suno.com.br\/noticias\/?s={search_term_string}\"},\"query-input\":{\"@type\":\"PropertyValueSpecification\",\"valueRequired\":true,\"valueName\":\"search_term_string\"}}],\"inLanguage\":\"pt-BR\"},{\"@type\":\"Organization\",\"@id\":\"https:\/\/www.suno.com.br\/noticias\/#organization\",\"name\":\"Suno Not\u00edcias\",\"url\":\"https:\/\/www.suno.com.br\/noticias\/\",\"logo\":{\"@type\":\"ImageObject\",\"inLanguage\":\"pt-BR\",\"@id\":\"https:\/\/www.suno.com.br\/noticias\/#\/schema\/logo\/image\/\",\"url\":\"https:\/\/files.sunoresearch.com.br\/n\/uploads\/2021\/09\/suno-logo.png\",\"contentUrl\":\"https:\/\/files.sunoresearch.com.br\/n\/uploads\/2021\/09\/suno-logo.png\",\"width\":180,\"height\":180,\"caption\":\"Suno Not\u00edcias\"},\"image\":{\"@id\":\"https:\/\/www.suno.com.br\/noticias\/#\/schema\/logo\/image\/\"},\"sameAs\":[\"https:\/\/facebook.com\/sunoresearch\",\"https:\/\/x.com\/sunoresearch\",\"https:\/\/www.instagram.com\/suno\",\"https:\/\/www.linkedin.com\/company\/suno-research\/\",\"https:\/\/www.youtube.com\/c\/sunoresearch\"]},{\"@type\":\"Person\",\"@id\":\"https:\/\/www.suno.com.br\/noticias\/#\/schema\/person\/02ec1f752758247878a2bf4abee1aeda\",\"name\":\"Poliana Santos\",\"image\":{\"@type\":\"ImageObject\",\"inLanguage\":\"pt-BR\",\"@id\":\"https:\/\/www.suno.com.br\/noticias\/#\/schema\/person\/image\/\",\"url\":\"https:\/\/secure.gravatar.com\/avatar\/0645bd32f23d87b2130f2b2dff1d3f8d?s=96&r=g\",\"contentUrl\":\"https:\/\/secure.gravatar.com\/avatar\/0645bd32f23d87b2130f2b2dff1d3f8d?s=96&r=g\",\"caption\":\"Poliana Santos\"},\"description\":\"Rep\u00f3rter no Suno Not\u00edcias, com cobertura em mercado financeiro, economia, finan\u00e7as pessoais, renda fixa e varejo. Jornalista formada pela Faculdade C\u00e1sper L\u00edbero e possui passagem na R\u00e1dio Gazeta AM com a produ\u00e7\u00e3o de conte\u00fado sobre economia, pol\u00edtica, sa\u00fade, moda e m\u00fasica. Possui certificado de conclus\u00e3o do curso de An\u00e1lise de Balan\u00e7os pela Funda\u00e7\u00e3o Bradesco, Agenda Brasil pela FAAP, Educa\u00e7\u00e3o Pol\u00edtica por Alexandre Garcia e do Tesouro Direto e Mercado de A\u00e7\u00f5es pela B3.\",\"url\":\"https:\/\/www.suno.com.br\/noticias\/author\/poliana-santos\/\"}]}<\/script>\n<!-- \/ Yoast SEO plugin. -->","yoast_head_json":{"title":"Vendas no varejo sobem 0,1% no m\u00eas de outubro, aponta IBGE","description":"As vendas no varejo subiu 0,1% no m\u00eas de outubro na compara\u00e7\u00e3o com o m\u00eas de agosto, de acordo com o IBGE. Clique aqui e saiba mais","robots":{"index":"index","follow":"follow","max-snippet":"max-snippet:-1","max-image-preview":"max-image-preview:large","max-video-preview":"max-video-preview:-1"},"canonical":"https:\/\/www.suno.com.br\/noticias\/varejo-vendas-outubro-ibge-avanca-outubro\/","og_locale":"pt_BR","og_type":"article","og_title":"Vendas no varejo sobem 0,1% no m\u00eas de outubro, aponta IBGE","og_description":"As vendas no varejo subiu 0,1% no m\u00eas de outubro na compara\u00e7\u00e3o com o m\u00eas de agosto, de acordo com o IBGE. Clique aqui e saiba mais","og_url":"https:\/\/www.suno.com.br\/noticias\/varejo-vendas-outubro-ibge-avanca-outubro\/","og_site_name":"Suno Not\u00edcias","article_publisher":"https:\/\/facebook.com\/sunoresearch","og_image":[{"width":1920,"height":1280,"url":"https:\/\/files.sunoresearch.com.br\/n\/uploads\/2018\/11\/2782a66f-vendas-na-black-friday-1.jpg","type":"image\/jpeg"}],"author":"Poliana Santos","twitter_card":"summary_large_image","twitter_creator":"@sunoresearch","twitter_site":"@sunoresearch","twitter_misc":{"Escrito por":"Poliana Santos","Est. tempo de leitura":"3 minutos"},"schema":{"@context":"https:\/\/schema.org","@graph":[{"@type":"NewsArticle","@id":"https:\/\/www.suno.com.br\/noticias\/varejo-vendas-outubro-ibge-avanca-outubro\/#article","isPartOf":{"@id":"https:\/\/www.suno.com.br\/noticias\/varejo-vendas-outubro-ibge-avanca-outubro\/"},"author":{"name":"Poliana Santos","@id":"https:\/\/www.suno.com.br\/noticias\/#\/schema\/person\/02ec1f752758247878a2bf4abee1aeda"},"headline":"Vendas no varejo sobem 0,1% no m\u00eas de outubro, aponta IBGE","datePublished":"2019-12-11T14:09:36+00:00","dateModified":"2019-12-11T15:03:39+00:00","mainEntityOfPage":{"@id":"https:\/\/www.suno.com.br\/noticias\/varejo-vendas-outubro-ibge-avanca-outubro\/"},"wordCount":577,"publisher":{"@id":"https:\/\/www.suno.com.br\/noticias\/#organization"},"image":{"@id":"https:\/\/www.suno.com.br\/noticias\/varejo-vendas-outubro-ibge-avanca-outubro\/#primaryimage"},"thumbnailUrl":"https:\/\/files.sunoresearch.com.br\/n\/uploads\/2018\/11\/2782a66f-vendas-na-black-friday-1-jpg.webp","keywords":["varejo"],"articleSection":["Economia"],"inLanguage":"pt-BR"},{"@type":"WebPage","@id":"https:\/\/www.suno.com.br\/noticias\/varejo-vendas-outubro-ibge-avanca-outubro\/","url":"https:\/\/www.suno.com.br\/noticias\/varejo-vendas-outubro-ibge-avanca-outubro\/","name":"Vendas no varejo sobem 0,1% no m\u00eas de outubro, aponta IBGE","isPartOf":{"@id":"https:\/\/www.suno.com.br\/noticias\/#website"},"primaryImageOfPage":{"@id":"https:\/\/www.suno.com.br\/noticias\/varejo-vendas-outubro-ibge-avanca-outubro\/#primaryimage"},"image":{"@id":"https:\/\/www.suno.com.br\/noticias\/varejo-vendas-outubro-ibge-avanca-outubro\/#primaryimage"},"thumbnailUrl":"https:\/\/files.sunoresearch.com.br\/n\/uploads\/2018\/11\/2782a66f-vendas-na-black-friday-1-jpg.webp","datePublished":"2019-12-11T14:09:36+00:00","dateModified":"2019-12-11T15:03:39+00:00","description":"As vendas no varejo subiu 0,1% no m\u00eas de outubro na compara\u00e7\u00e3o com o m\u00eas de agosto, de acordo com o IBGE. Clique aqui e saiba mais","breadcrumb":{"@id":"https:\/\/www.suno.com.br\/noticias\/varejo-vendas-outubro-ibge-avanca-outubro\/#breadcrumb"},"inLanguage":"pt-BR","potentialAction":[{"@type":"ReadAction","target":["https:\/\/www.suno.com.br\/noticias\/varejo-vendas-outubro-ibge-avanca-outubro\/"]}]},{"@type":"ImageObject","inLanguage":"pt-BR","@id":"https:\/\/www.suno.com.br\/noticias\/varejo-vendas-outubro-ibge-avanca-outubro\/#primaryimage","url":"https:\/\/files.sunoresearch.com.br\/n\/uploads\/2018\/11\/2782a66f-vendas-na-black-friday-1-jpg.webp","contentUrl":"https:\/\/files.sunoresearch.com.br\/n\/uploads\/2018\/11\/2782a66f-vendas-na-black-friday-1-jpg.webp","width":1920,"height":1280,"caption":"Vendas no Natal sobem, mas abaixo dos n\u00edveis de 2019. Foto: Pixabay"},{"@type":"BreadcrumbList","@id":"https:\/\/www.suno.com.br\/noticias\/varejo-vendas-outubro-ibge-avanca-outubro\/#breadcrumb","itemListElement":[{"@type":"ListItem","position":1,"name":"Not\u00edcias","item":"https:\/\/www.suno.com.br\/noticias\/"},{"@type":"ListItem","position":2,"name":"Economia","item":"https:\/\/www.suno.com.br\/noticias\/economia\/"},{"@type":"ListItem","position":3,"name":"Vendas no varejo sobem 0,1% no m\u00eas de outubro, aponta IBGE"}]},{"@type":"WebSite","@id":"https:\/\/www.suno.com.br\/noticias\/#website","url":"https:\/\/www.suno.com.br\/noticias\/","name":"Suno Not\u00edcias","description":"Seu portal de informa\u00e7\u00e3o sobre o mundo dos investimentos","publisher":{"@id":"https:\/\/www.suno.com.br\/noticias\/#organization"},"potentialAction":[{"@type":"SearchAction","target":{"@type":"EntryPoint","urlTemplate":"https:\/\/www.suno.com.br\/noticias\/?s={search_term_string}"},"query-input":{"@type":"PropertyValueSpecification","valueRequired":true,"valueName":"search_term_string"}}],"inLanguage":"pt-BR"},{"@type":"Organization","@id":"https:\/\/www.suno.com.br\/noticias\/#organization","name":"Suno Not\u00edcias","url":"https:\/\/www.suno.com.br\/noticias\/","logo":{"@type":"ImageObject","inLanguage":"pt-BR","@id":"https:\/\/www.suno.com.br\/noticias\/#\/schema\/logo\/image\/","url":"https:\/\/files.sunoresearch.com.br\/n\/uploads\/2021\/09\/suno-logo.png","contentUrl":"https:\/\/files.sunoresearch.com.br\/n\/uploads\/2021\/09\/suno-logo.png","width":180,"height":180,"caption":"Suno Not\u00edcias"},"image":{"@id":"https:\/\/www.suno.com.br\/noticias\/#\/schema\/logo\/image\/"},"sameAs":["https:\/\/facebook.com\/sunoresearch","https:\/\/x.com\/sunoresearch","https:\/\/www.instagram.com\/suno","https:\/\/www.linkedin.com\/company\/suno-research\/","https:\/\/www.youtube.com\/c\/sunoresearch"]},{"@type":"Person","@id":"https:\/\/www.suno.com.br\/noticias\/#\/schema\/person\/02ec1f752758247878a2bf4abee1aeda","name":"Poliana Santos","image":{"@type":"ImageObject","inLanguage":"pt-BR","@id":"https:\/\/www.suno.com.br\/noticias\/#\/schema\/person\/image\/","url":"https:\/\/secure.gravatar.com\/avatar\/0645bd32f23d87b2130f2b2dff1d3f8d?s=96&r=g","contentUrl":"https:\/\/secure.gravatar.com\/avatar\/0645bd32f23d87b2130f2b2dff1d3f8d?s=96&r=g","caption":"Poliana Santos"},"description":"Rep\u00f3rter no Suno Not\u00edcias, com cobertura em mercado financeiro, economia, finan\u00e7as pessoais, renda fixa e varejo. Jornalista formada pela Faculdade C\u00e1sper L\u00edbero e possui passagem na R\u00e1dio Gazeta AM com a produ\u00e7\u00e3o de conte\u00fado sobre economia, pol\u00edtica, sa\u00fade, moda e m\u00fasica. Possui certificado de conclus\u00e3o do curso de An\u00e1lise de Balan\u00e7os pela Funda\u00e7\u00e3o Bradesco, Agenda Brasil pela FAAP, Educa\u00e7\u00e3o Pol\u00edtica por Alexandre Garcia e do Tesouro Direto e Mercado de A\u00e7\u00f5es pela B3.","url":"https:\/\/www.suno.com.br\/noticias\/author\/poliana-santos\/"}]}},"default_loop_html":"<div class=\"cardsPage__listCard__boxs\"><div class=\"cardsPage__listCard__boxs__img\"><a href=\"https:\/\/www.suno.com.br\/noticias\/varejo-vendas-outubro-ibge-avanca-outubro\/\"><img class=\"mask\" src=\"https:\/\/www.suno.com.br\/noticias\/wp-content\/themes\/suno\/resources\/images\/spotlight\/spotlight1img\/bg-mask.png\" alt=\"Image Mask\"\/><img src=\"https:\/\/files.sunoresearch.com.br\/n\/uploads\/2018\/11\/2782a66f-vendas-na-black-friday-1-400x200.webp\" alt=\"Vendas no varejo sobem 0,1% no m\u00eas de outubro, aponta IBGE\"\/><\/a><span class=\"spotlightCategory\"><a href=\"https:\/\/www.suno.com.br\/noticias\/economia\/\">Economia<\/a><\/span><\/div><div class=\"cardsPage__listCard__boxs__content\"><a href=\"https:\/\/www.suno.com.br\/noticias\/varejo-vendas-outubro-ibge-avanca-outubro\/\"><h2 class=\"content__title\">Vendas no varejo sobem 0,1% no m\u00eas de outubro, aponta IBGE<\/h2><\/a><div class=\"newsContent__article__meta\"><div class=\"newsContent__article__meta__authorBox\"><a href=\"https:\/\/www.suno.com.br\/noticias\/author\/poliana-santos\/\" class=\"authorBox__avatar noMobi\"><img src=\"https:\/\/files.sunoresearch.com.br\/n\/uploads\/2020\/08\/7ef34026-whatsapp-image-2020-08-03-at-12.37.57-150x150.webp\" alt=\"Poliana Santos\"><\/a><div class=\"authorBox__name\"><span>por\n\t\t\t<a href=\"https:\/\/www.suno.com.br\/noticias\/author\/poliana-santos\/\"><span itemprop=\"author\">Poliana Santos<\/span><\/a><\/span><time datetime=\"2019-12-11T12:09:36-03:00\" itemprop=\"datePublished\">11\/12\/2019 12:09<\/time><\/div><\/div><\/div><\/div><\/div>","single_layout":"posts","amp_enabled":true,"_links":{"self":[{"href":"https:\/\/www.suno.com.br\/noticias\/wp-json\/wp\/v2\/posts\/47418"}],"collection":[{"href":"https:\/\/www.suno.com.br\/noticias\/wp-json\/wp\/v2\/posts"}],"about":[{"href":"https:\/\/www.suno.com.br\/noticias\/wp-json\/wp\/v2\/types\/post"}],"author":[{"embeddable":true,"href":"https:\/\/www.suno.com.br\/noticias\/wp-json\/wp\/v2\/users\/15"}],"replies":[{"embeddable":true,"href":"https:\/\/www.suno.com.br\/noticias\/wp-json\/wp\/v2\/comments?post=47418"}],"version-history":[{"count":0,"href":"https:\/\/www.suno.com.br\/noticias\/wp-json\/wp\/v2\/posts\/47418\/revisions"}],"wp:featuredmedia":[{"embeddable":true,"href":"https:\/\/www.suno.com.br\/noticias\/wp-json\/wp\/v2\/media\/6561"}],"wp:attachment":[{"href":"https:\/\/www.suno.com.br\/noticias\/wp-json\/wp\/v2\/media?parent=47418"}],"wp:term":[{"taxonomy":"category","embeddable":true,"href":"https:\/\/www.suno.com.br\/noticias\/wp-json\/wp\/v2\/categories?post=47418"},{"taxonomy":"post_tag","embeddable":true,"href":"https:\/\/www.suno.com.br\/noticias\/wp-json\/wp\/v2\/tags?post=47418"},{"taxonomy":"suno_strategy","embeddable":true,"href":"https:\/\/www.suno.com.br\/noticias\/wp-json\/wp\/v2\/suno_strategy?post=47418"}],"curies":[{"name":"wp","href":"https:\/\/api.w.org\/{rel}","templated":true}]}}