{"id":47404,"date":"2019-12-11T11:21:00","date_gmt":"2019-12-11T13:21:00","guid":{"rendered":"https:\/\/www.suno.com.br\/noticias\/?p=47404"},"modified":"2019-12-11T11:21:00","modified_gmt":"2019-12-11T13:21:00","slug":"grupo-caoa-esfria-expectativa-compra-fabrica-ford","status":"publish","type":"post","link":"https:\/\/www.suno.com.br\/noticias\/grupo-caoa-esfria-expectativa-compra-fabrica-ford\/","title":{"rendered":"Presidente do Grupo Caoa esfria expectativa sobre compra de f\u00e1brica da Ford"},"content":{"rendered":"<p>O presidente do conselho administrativo do <strong>Grupo Caoa<\/strong>, <strong>Carlos Alberto de Oliveira Andrade<\/strong>, afirmou que a aquisi\u00e7\u00e3o da f\u00e1brica da Ford, localizada em S\u00e3o Bernardo do Campo, no ABC Paulista, \u00e9 &#8220;remota&#8221;. Sendo assim, Andrade esfriou as expectativas sobre uma poss\u00edvel compra da planta.<\/p>\t<div class=\"wrapper-featured-image\">\n\t\t<figure class=\"spotlightImg\">\n\n\t\t\t<picture>\n\t\t\t\t<source media=\"(max-width: 768px)\" srcset=\"https:\/\/files.sunoresearch.com.br\/n\/uploads\/2019\/12\/7292c293-ford-400x200.webp\">\n\t\t\t\t<img loading=\"lazy\" decoding=\"async\" class=\"newsContent__article__imgCapa lazyloadDisabled newsContent__article__imgCapa--noCaption\" src=\"https:\/\/files.sunoresearch.com.br\/n\/uploads\/2019\/12\/7292c293-ford-800x450.webp\" width=\"800\" height=\"450\" alt=\"Presidente do Grupo Caoa esfria expectativa sobre compra de f\u00e1brica da Ford\" fetchpriority=high \/>\n\t\t\t<\/picture>\n\n\t\t\t<figcaption class=\"wp-caption-text wp-caption-text--hide\">Ford paralisa f\u00e1brica em Chicago dois dias ap\u00f3s reabertura<\/figcaption>\n\t\t<\/figure>\n\t<\/div>\n\n\n\n<p>Andrade ainda disse que fechar uma f\u00e1brica como essa da <strong>Ford<\/strong> \u00e9 um &#8220;crime&#8221;, destacando que o local possui \u00f3timos equipamentos. A Caoa, entretanto, para conseguir finalizar o neg\u00f3cio, precisaria de um financiamento do <strong><a href=\"https:\/\/www.suno.com.br\/artigos\/bndespar\/\">Banco Nacional de Desenvolvimento Econ\u00f4mico e Social (BNDES)<\/a><\/strong> estimado entre R$ 1 bilh\u00e3o e R$ 2 bilh\u00f5es.<\/p>\n<p>Dessa forma, o presidente do Conselho da Caoa iniciou tratativas com grupos chineses interessados em atuar no Brasil. Andrade salientou que foi 15 vezes para a China neste ano para conseguir um acordo, mas n\u00e3o obteve nada concreto. Para ele, a compra da f\u00e1brica da Ford seria uma &#8220;grande empreitada&#8221;.<\/p>\n<p>\u201cEstou conversando com tr\u00eas empresas chinesas e pelo menos uma delas j\u00e1 disse que quer produzir carros no Brasil\u201d, disse. Segundo Andrade, uma das empresas chinesas com quem conversou demonstrou interesse em produzir autom\u00f3veis e fecharia uma sociedade em que a <strong>Caoa<\/strong> teria 51% do neg\u00f3cio.<\/p>\n<p>O empres\u00e1rio brasileiro tamb\u00e9m falou sobre a possibilidade de obter um financiamento advindo de um <strong>Banco de Desenvolvimento da China<\/strong>. Segundo Andrade, a institui\u00e7\u00e3o financeira do pa\u00eds oriental s\u00f3 empresta dinheiro para as empresas que s\u00e3o chinesas.<\/p>\n<p><a href=\"https:\/\/www.suno.com.br\/noticias\/caoa-ford-venda-fabrica-abc\/\">Veja tamb\u00e9m: Caoa e Ford confirmam acordo de venda de f\u00e1brica no ABC paulista<\/a><\/p>\n<p>A f\u00e1brica da Ford, localizada em S\u00e3o Bernardo do Campo, foi colocada \u00e0 venda em fevereiro. Vale destacar que esta era a \u00fanica f\u00e1brica da marca que produzia caminh\u00f5es. O \u00fanico carro que era feito no local era o <strong>Ford<\/strong> <strong>Fiesta<\/strong>.<\/p>\n<p>Com o fechamento da unidade, a <a href=\"https:\/\/www.youtube.com\/channel\/UCWDeEIDAIi_oYKDiqwfGyRg\">empresa<\/a> mostra que quer sair do mercado de caminh\u00f5es no Brasil, al\u00e9m de parar com a produ\u00e7\u00e3o de <strong>Fiesta<\/strong> no Pa\u00eds. A montadora, entretanto, permanece no Brasil com f\u00e1bricas em:<\/p>\n<ul>\n<li>Taubat\u00e9 (produz motores)<\/li>\n<li>Bahia (produz os autom\u00f3veis <strong>Ka<\/strong> e <strong>EcoSport<\/strong>)<\/li>\n<\/ul>\n<p>\u00c9 importante destacar que em setembro deste ano, o governador Jo\u00e3o D\u00f3ria admitiu que a <strong>Ford<\/strong> e a Caoa j\u00e1 haviam chegado a um acordo e que a compra seria exercida em duas etapas.<\/p>\n\n","protected":false},"excerpt":{"rendered":"<p>O presidente do conselho administrativo do Grupo Caoa, Carlos Alberto de Oliveira Andrade, afirmou que a aquisi\u00e7\u00e3o da f\u00e1brica da Ford, localizada em S\u00e3o Bernardo do Campo, no ABC Paulista, \u00e9 &#8220;remota&#8221;. Sendo assim, Andrade esfriou as expectativas sobre uma poss\u00edvel compra da planta. Ford paralisa f\u00e1brica em Chicago dois dias ap\u00f3s reabertura Andrade ainda [&hellip;]<\/p>\n","protected":false},"author":19,"featured_media":47415,"comment_status":"closed","ping_status":"closed","sticky":false,"template":"","format":"standard","meta":[],"categories":[64],"tags":[870],"suno_strategy":[],"class_list":["post-47404","post","type-post","status-publish","format-standard","has-post-thumbnail","hentry","category-negocios","tag-ford-fdmo34"],"yoast_head":"<!-- This site is optimized with the Yoast SEO plugin v24.4 - https:\/\/yoast.com\/wordpress\/plugins\/seo\/ -->\n<title>Grupo Caoa esfria expectativa sobre compra de f\u00e1brica da Ford<\/title>\n<meta name=\"description\" content=\"O executivo do Grupo Caoa, Carlos Alberto de Oliveira Andrade, afirmou que a aquisi\u00e7\u00e3o da f\u00e1brica da Ford tem chances remotas de acontecer.\" \/>\n<meta name=\"robots\" content=\"index, follow, max-snippet:-1, max-image-preview:large, max-video-preview:-1\" \/>\n<link rel=\"canonical\" href=\"https:\/\/www.suno.com.br\/noticias\/grupo-caoa-esfria-expectativa-compra-fabrica-ford\/\" \/>\n<meta property=\"og:locale\" content=\"pt_BR\" \/>\n<meta property=\"og:type\" content=\"article\" \/>\n<meta property=\"og:title\" content=\"Grupo Caoa esfria expectativa sobre compra de f\u00e1brica da Ford\" \/>\n<meta property=\"og:description\" content=\"O executivo do Grupo Caoa, Carlos Alberto de Oliveira Andrade, afirmou que a aquisi\u00e7\u00e3o da f\u00e1brica da Ford tem chances remotas de acontecer.\" \/>\n<meta property=\"og:url\" content=\"https:\/\/www.suno.com.br\/noticias\/grupo-caoa-esfria-expectativa-compra-fabrica-ford\/\" \/>\n<meta property=\"og:site_name\" content=\"Suno Not\u00edcias\" \/>\n<meta property=\"article:publisher\" content=\"https:\/\/facebook.com\/sunoresearch\" \/>\n<meta property=\"og:image\" content=\"https:\/\/files.sunoresearch.com.br\/n\/uploads\/2019\/12\/7292c293-ford.jpg\" \/>\n\t<meta property=\"og:image:width\" content=\"1680\" \/>\n\t<meta property=\"og:image:height\" content=\"1050\" \/>\n\t<meta property=\"og:image:type\" content=\"image\/jpeg\" \/>\n<meta name=\"author\" content=\"Juliano Passaro\" \/>\n<meta name=\"twitter:card\" content=\"summary_large_image\" \/>\n<meta name=\"twitter:creator\" content=\"@sunoresearch\" \/>\n<meta name=\"twitter:site\" content=\"@sunoresearch\" \/>\n<meta name=\"twitter:label1\" content=\"Escrito por\" \/>\n\t<meta name=\"twitter:data1\" content=\"Juliano Passaro\" \/>\n\t<meta name=\"twitter:label2\" content=\"Est. tempo de leitura\" \/>\n\t<meta name=\"twitter:data2\" content=\"2 minutos\" \/>\n<script type=\"application\/ld+json\" class=\"yoast-schema-graph\">{\"@context\":\"https:\/\/schema.org\",\"@graph\":[{\"@type\":\"NewsArticle\",\"@id\":\"https:\/\/www.suno.com.br\/noticias\/grupo-caoa-esfria-expectativa-compra-fabrica-ford\/#article\",\"isPartOf\":{\"@id\":\"https:\/\/www.suno.com.br\/noticias\/grupo-caoa-esfria-expectativa-compra-fabrica-ford\/\"},\"author\":{\"name\":\"Juliano Passaro\",\"@id\":\"https:\/\/www.suno.com.br\/noticias\/#\/schema\/person\/1db762f78ffd8919a648a63e425953e3\"},\"headline\":\"Presidente do Grupo Caoa esfria expectativa sobre compra de f\u00e1brica da Ford\",\"datePublished\":\"2019-12-11T13:21:00+00:00\",\"mainEntityOfPage\":{\"@id\":\"https:\/\/www.suno.com.br\/noticias\/grupo-caoa-esfria-expectativa-compra-fabrica-ford\/\"},\"wordCount\":409,\"publisher\":{\"@id\":\"https:\/\/www.suno.com.br\/noticias\/#organization\"},\"image\":{\"@id\":\"https:\/\/www.suno.com.br\/noticias\/grupo-caoa-esfria-expectativa-compra-fabrica-ford\/#primaryimage\"},\"thumbnailUrl\":\"https:\/\/files.sunoresearch.com.br\/n\/uploads\/2019\/12\/7292c293-ford-jpg.webp\",\"keywords\":[\"Ford (FDMO34)\"],\"articleSection\":[\"Neg\u00f3cios\"],\"inLanguage\":\"pt-BR\"},{\"@type\":\"WebPage\",\"@id\":\"https:\/\/www.suno.com.br\/noticias\/grupo-caoa-esfria-expectativa-compra-fabrica-ford\/\",\"url\":\"https:\/\/www.suno.com.br\/noticias\/grupo-caoa-esfria-expectativa-compra-fabrica-ford\/\",\"name\":\"Grupo Caoa esfria expectativa sobre compra de f\u00e1brica da Ford\",\"isPartOf\":{\"@id\":\"https:\/\/www.suno.com.br\/noticias\/#website\"},\"primaryImageOfPage\":{\"@id\":\"https:\/\/www.suno.com.br\/noticias\/grupo-caoa-esfria-expectativa-compra-fabrica-ford\/#primaryimage\"},\"image\":{\"@id\":\"https:\/\/www.suno.com.br\/noticias\/grupo-caoa-esfria-expectativa-compra-fabrica-ford\/#primaryimage\"},\"thumbnailUrl\":\"https:\/\/files.sunoresearch.com.br\/n\/uploads\/2019\/12\/7292c293-ford-jpg.webp\",\"datePublished\":\"2019-12-11T13:21:00+00:00\",\"description\":\"O executivo do Grupo Caoa, Carlos Alberto de Oliveira Andrade, afirmou que a aquisi\u00e7\u00e3o da f\u00e1brica da Ford tem chances remotas de acontecer.\",\"breadcrumb\":{\"@id\":\"https:\/\/www.suno.com.br\/noticias\/grupo-caoa-esfria-expectativa-compra-fabrica-ford\/#breadcrumb\"},\"inLanguage\":\"pt-BR\",\"potentialAction\":[{\"@type\":\"ReadAction\",\"target\":[\"https:\/\/www.suno.com.br\/noticias\/grupo-caoa-esfria-expectativa-compra-fabrica-ford\/\"]}]},{\"@type\":\"ImageObject\",\"inLanguage\":\"pt-BR\",\"@id\":\"https:\/\/www.suno.com.br\/noticias\/grupo-caoa-esfria-expectativa-compra-fabrica-ford\/#primaryimage\",\"url\":\"https:\/\/files.sunoresearch.com.br\/n\/uploads\/2019\/12\/7292c293-ford-jpg.webp\",\"contentUrl\":\"https:\/\/files.sunoresearch.com.br\/n\/uploads\/2019\/12\/7292c293-ford-jpg.webp\",\"width\":1680,\"height\":1050,\"caption\":\"Ford paralisa f\u00e1brica em Chicago dois dias ap\u00f3s reabertura\"},{\"@type\":\"BreadcrumbList\",\"@id\":\"https:\/\/www.suno.com.br\/noticias\/grupo-caoa-esfria-expectativa-compra-fabrica-ford\/#breadcrumb\",\"itemListElement\":[{\"@type\":\"ListItem\",\"position\":1,\"name\":\"Not\u00edcias\",\"item\":\"https:\/\/www.suno.com.br\/noticias\/\"},{\"@type\":\"ListItem\",\"position\":2,\"name\":\"Neg\u00f3cios\",\"item\":\"https:\/\/www.suno.com.br\/noticias\/negocios\/\"},{\"@type\":\"ListItem\",\"position\":3,\"name\":\"Presidente do Grupo Caoa esfria expectativa sobre compra de f\u00e1brica da Ford\"}]},{\"@type\":\"WebSite\",\"@id\":\"https:\/\/www.suno.com.br\/noticias\/#website\",\"url\":\"https:\/\/www.suno.com.br\/noticias\/\",\"name\":\"Suno Not\u00edcias\",\"description\":\"Seu portal de informa\u00e7\u00e3o sobre o mundo dos investimentos\",\"publisher\":{\"@id\":\"https:\/\/www.suno.com.br\/noticias\/#organization\"},\"potentialAction\":[{\"@type\":\"SearchAction\",\"target\":{\"@type\":\"EntryPoint\",\"urlTemplate\":\"https:\/\/www.suno.com.br\/noticias\/?s={search_term_string}\"},\"query-input\":{\"@type\":\"PropertyValueSpecification\",\"valueRequired\":true,\"valueName\":\"search_term_string\"}}],\"inLanguage\":\"pt-BR\"},{\"@type\":\"Organization\",\"@id\":\"https:\/\/www.suno.com.br\/noticias\/#organization\",\"name\":\"Suno Not\u00edcias\",\"url\":\"https:\/\/www.suno.com.br\/noticias\/\",\"logo\":{\"@type\":\"ImageObject\",\"inLanguage\":\"pt-BR\",\"@id\":\"https:\/\/www.suno.com.br\/noticias\/#\/schema\/logo\/image\/\",\"url\":\"https:\/\/files.sunoresearch.com.br\/n\/uploads\/2021\/09\/suno-logo.png\",\"contentUrl\":\"https:\/\/files.sunoresearch.com.br\/n\/uploads\/2021\/09\/suno-logo.png\",\"width\":180,\"height\":180,\"caption\":\"Suno Not\u00edcias\"},\"image\":{\"@id\":\"https:\/\/www.suno.com.br\/noticias\/#\/schema\/logo\/image\/\"},\"sameAs\":[\"https:\/\/facebook.com\/sunoresearch\",\"https:\/\/x.com\/sunoresearch\",\"https:\/\/www.instagram.com\/suno\",\"https:\/\/www.linkedin.com\/company\/suno-research\/\",\"https:\/\/www.youtube.com\/c\/sunoresearch\"]},{\"@type\":\"Person\",\"@id\":\"https:\/\/www.suno.com.br\/noticias\/#\/schema\/person\/1db762f78ffd8919a648a63e425953e3\",\"name\":\"Juliano Passaro\",\"image\":{\"@type\":\"ImageObject\",\"inLanguage\":\"pt-BR\",\"@id\":\"https:\/\/www.suno.com.br\/noticias\/#\/schema\/person\/image\/\",\"url\":\"https:\/\/secure.gravatar.com\/avatar\/743d4df28eebf6dcc46b4ad03c319e92?s=96&r=g\",\"contentUrl\":\"https:\/\/secure.gravatar.com\/avatar\/743d4df28eebf6dcc46b4ad03c319e92?s=96&r=g\",\"caption\":\"Juliano Passaro\"},\"description\":\"Juliano Passaro escreve sobre pol\u00edtica, economia e neg\u00f3cios para o portal da Suno Research. Antes da Suno, trabalhou no Portal da Band. \u00c9 formado em jornalismo pela Universidade Presbiteriana Mackenzie.\",\"url\":\"https:\/\/www.suno.com.br\/noticias\/author\/juliano\/\"}]}<\/script>\n<!-- \/ Yoast SEO plugin. -->","yoast_head_json":{"title":"Grupo Caoa esfria expectativa sobre compra de f\u00e1brica da Ford","description":"O executivo do Grupo Caoa, Carlos Alberto de Oliveira Andrade, afirmou que a aquisi\u00e7\u00e3o da f\u00e1brica da Ford tem chances remotas de acontecer.","robots":{"index":"index","follow":"follow","max-snippet":"max-snippet:-1","max-image-preview":"max-image-preview:large","max-video-preview":"max-video-preview:-1"},"canonical":"https:\/\/www.suno.com.br\/noticias\/grupo-caoa-esfria-expectativa-compra-fabrica-ford\/","og_locale":"pt_BR","og_type":"article","og_title":"Grupo Caoa esfria expectativa sobre compra de f\u00e1brica da Ford","og_description":"O executivo do Grupo Caoa, Carlos Alberto de Oliveira Andrade, afirmou que a aquisi\u00e7\u00e3o da f\u00e1brica da Ford tem chances remotas de acontecer.","og_url":"https:\/\/www.suno.com.br\/noticias\/grupo-caoa-esfria-expectativa-compra-fabrica-ford\/","og_site_name":"Suno Not\u00edcias","article_publisher":"https:\/\/facebook.com\/sunoresearch","og_image":[{"width":1680,"height":1050,"url":"https:\/\/files.sunoresearch.com.br\/n\/uploads\/2019\/12\/7292c293-ford.jpg","type":"image\/jpeg"}],"author":"Juliano Passaro","twitter_card":"summary_large_image","twitter_creator":"@sunoresearch","twitter_site":"@sunoresearch","twitter_misc":{"Escrito por":"Juliano Passaro","Est. tempo de leitura":"2 minutos"},"schema":{"@context":"https:\/\/schema.org","@graph":[{"@type":"NewsArticle","@id":"https:\/\/www.suno.com.br\/noticias\/grupo-caoa-esfria-expectativa-compra-fabrica-ford\/#article","isPartOf":{"@id":"https:\/\/www.suno.com.br\/noticias\/grupo-caoa-esfria-expectativa-compra-fabrica-ford\/"},"author":{"name":"Juliano Passaro","@id":"https:\/\/www.suno.com.br\/noticias\/#\/schema\/person\/1db762f78ffd8919a648a63e425953e3"},"headline":"Presidente do Grupo Caoa esfria expectativa sobre compra de f\u00e1brica da Ford","datePublished":"2019-12-11T13:21:00+00:00","mainEntityOfPage":{"@id":"https:\/\/www.suno.com.br\/noticias\/grupo-caoa-esfria-expectativa-compra-fabrica-ford\/"},"wordCount":409,"publisher":{"@id":"https:\/\/www.suno.com.br\/noticias\/#organization"},"image":{"@id":"https:\/\/www.suno.com.br\/noticias\/grupo-caoa-esfria-expectativa-compra-fabrica-ford\/#primaryimage"},"thumbnailUrl":"https:\/\/files.sunoresearch.com.br\/n\/uploads\/2019\/12\/7292c293-ford-jpg.webp","keywords":["Ford (FDMO34)"],"articleSection":["Neg\u00f3cios"],"inLanguage":"pt-BR"},{"@type":"WebPage","@id":"https:\/\/www.suno.com.br\/noticias\/grupo-caoa-esfria-expectativa-compra-fabrica-ford\/","url":"https:\/\/www.suno.com.br\/noticias\/grupo-caoa-esfria-expectativa-compra-fabrica-ford\/","name":"Grupo Caoa esfria expectativa sobre compra de f\u00e1brica da Ford","isPartOf":{"@id":"https:\/\/www.suno.com.br\/noticias\/#website"},"primaryImageOfPage":{"@id":"https:\/\/www.suno.com.br\/noticias\/grupo-caoa-esfria-expectativa-compra-fabrica-ford\/#primaryimage"},"image":{"@id":"https:\/\/www.suno.com.br\/noticias\/grupo-caoa-esfria-expectativa-compra-fabrica-ford\/#primaryimage"},"thumbnailUrl":"https:\/\/files.sunoresearch.com.br\/n\/uploads\/2019\/12\/7292c293-ford-jpg.webp","datePublished":"2019-12-11T13:21:00+00:00","description":"O executivo do Grupo Caoa, Carlos Alberto de Oliveira Andrade, afirmou que a aquisi\u00e7\u00e3o da f\u00e1brica da Ford tem chances remotas de acontecer.","breadcrumb":{"@id":"https:\/\/www.suno.com.br\/noticias\/grupo-caoa-esfria-expectativa-compra-fabrica-ford\/#breadcrumb"},"inLanguage":"pt-BR","potentialAction":[{"@type":"ReadAction","target":["https:\/\/www.suno.com.br\/noticias\/grupo-caoa-esfria-expectativa-compra-fabrica-ford\/"]}]},{"@type":"ImageObject","inLanguage":"pt-BR","@id":"https:\/\/www.suno.com.br\/noticias\/grupo-caoa-esfria-expectativa-compra-fabrica-ford\/#primaryimage","url":"https:\/\/files.sunoresearch.com.br\/n\/uploads\/2019\/12\/7292c293-ford-jpg.webp","contentUrl":"https:\/\/files.sunoresearch.com.br\/n\/uploads\/2019\/12\/7292c293-ford-jpg.webp","width":1680,"height":1050,"caption":"Ford paralisa f\u00e1brica em Chicago dois dias ap\u00f3s reabertura"},{"@type":"BreadcrumbList","@id":"https:\/\/www.suno.com.br\/noticias\/grupo-caoa-esfria-expectativa-compra-fabrica-ford\/#breadcrumb","itemListElement":[{"@type":"ListItem","position":1,"name":"Not\u00edcias","item":"https:\/\/www.suno.com.br\/noticias\/"},{"@type":"ListItem","position":2,"name":"Neg\u00f3cios","item":"https:\/\/www.suno.com.br\/noticias\/negocios\/"},{"@type":"ListItem","position":3,"name":"Presidente do Grupo Caoa esfria expectativa sobre compra de f\u00e1brica da Ford"}]},{"@type":"WebSite","@id":"https:\/\/www.suno.com.br\/noticias\/#website","url":"https:\/\/www.suno.com.br\/noticias\/","name":"Suno Not\u00edcias","description":"Seu portal de informa\u00e7\u00e3o sobre o mundo dos investimentos","publisher":{"@id":"https:\/\/www.suno.com.br\/noticias\/#organization"},"potentialAction":[{"@type":"SearchAction","target":{"@type":"EntryPoint","urlTemplate":"https:\/\/www.suno.com.br\/noticias\/?s={search_term_string}"},"query-input":{"@type":"PropertyValueSpecification","valueRequired":true,"valueName":"search_term_string"}}],"inLanguage":"pt-BR"},{"@type":"Organization","@id":"https:\/\/www.suno.com.br\/noticias\/#organization","name":"Suno Not\u00edcias","url":"https:\/\/www.suno.com.br\/noticias\/","logo":{"@type":"ImageObject","inLanguage":"pt-BR","@id":"https:\/\/www.suno.com.br\/noticias\/#\/schema\/logo\/image\/","url":"https:\/\/files.sunoresearch.com.br\/n\/uploads\/2021\/09\/suno-logo.png","contentUrl":"https:\/\/files.sunoresearch.com.br\/n\/uploads\/2021\/09\/suno-logo.png","width":180,"height":180,"caption":"Suno Not\u00edcias"},"image":{"@id":"https:\/\/www.suno.com.br\/noticias\/#\/schema\/logo\/image\/"},"sameAs":["https:\/\/facebook.com\/sunoresearch","https:\/\/x.com\/sunoresearch","https:\/\/www.instagram.com\/suno","https:\/\/www.linkedin.com\/company\/suno-research\/","https:\/\/www.youtube.com\/c\/sunoresearch"]},{"@type":"Person","@id":"https:\/\/www.suno.com.br\/noticias\/#\/schema\/person\/1db762f78ffd8919a648a63e425953e3","name":"Juliano Passaro","image":{"@type":"ImageObject","inLanguage":"pt-BR","@id":"https:\/\/www.suno.com.br\/noticias\/#\/schema\/person\/image\/","url":"https:\/\/secure.gravatar.com\/avatar\/743d4df28eebf6dcc46b4ad03c319e92?s=96&r=g","contentUrl":"https:\/\/secure.gravatar.com\/avatar\/743d4df28eebf6dcc46b4ad03c319e92?s=96&r=g","caption":"Juliano Passaro"},"description":"Juliano Passaro escreve sobre pol\u00edtica, economia e neg\u00f3cios para o portal da Suno Research. Antes da Suno, trabalhou no Portal da Band. \u00c9 formado em jornalismo pela Universidade Presbiteriana Mackenzie.","url":"https:\/\/www.suno.com.br\/noticias\/author\/juliano\/"}]}},"default_loop_html":"<div class=\"cardsPage__listCard__boxs\"><div class=\"cardsPage__listCard__boxs__img\"><a href=\"https:\/\/www.suno.com.br\/noticias\/grupo-caoa-esfria-expectativa-compra-fabrica-ford\/\"><img class=\"mask\" src=\"https:\/\/www.suno.com.br\/noticias\/wp-content\/themes\/suno\/resources\/images\/spotlight\/spotlight1img\/bg-mask.png\" alt=\"Image Mask\"\/><img src=\"https:\/\/files.sunoresearch.com.br\/n\/uploads\/2019\/12\/7292c293-ford-400x200.webp\" alt=\"Presidente do Grupo Caoa esfria expectativa sobre compra de f\u00e1brica da Ford\"\/><\/a><span class=\"spotlightCategory\"><a href=\"https:\/\/www.suno.com.br\/noticias\/negocios\/\">Neg\u00f3cios<\/a><\/span><\/div><div class=\"cardsPage__listCard__boxs__content\"><a href=\"https:\/\/www.suno.com.br\/noticias\/grupo-caoa-esfria-expectativa-compra-fabrica-ford\/\"><h2 class=\"content__title\">Presidente do Grupo Caoa esfria expectativa sobre compra de f\u00e1brica da Ford<\/h2><\/a><div class=\"newsContent__article__meta\"><div class=\"newsContent__article__meta__authorBox\"><a href=\"https:\/\/www.suno.com.br\/noticias\/author\/juliano\/\" class=\"authorBox__avatar noMobi\"><img src=\"https:\/\/files.sunoresearch.com.br\/n\/uploads\/2019\/06\/7cc3efea-whatsapp-image-2019-07-18-at-21.59.33-e1563499821209-150x150.webp\" alt=\"Juliano Passaro\"><\/a><div class=\"authorBox__name\"><span>por\n\t\t\t<a href=\"https:\/\/www.suno.com.br\/noticias\/author\/juliano\/\"><span itemprop=\"author\">Juliano Passaro<\/span><\/a><\/span><time datetime=\"2019-12-11T11:21:00-03:00\" itemprop=\"datePublished\">11\/12\/2019 11:21<\/time><\/div><\/div><\/div><\/div><\/div>","single_layout":"posts","amp_enabled":true,"_links":{"self":[{"href":"https:\/\/www.suno.com.br\/noticias\/wp-json\/wp\/v2\/posts\/47404"}],"collection":[{"href":"https:\/\/www.suno.com.br\/noticias\/wp-json\/wp\/v2\/posts"}],"about":[{"href":"https:\/\/www.suno.com.br\/noticias\/wp-json\/wp\/v2\/types\/post"}],"author":[{"embeddable":true,"href":"https:\/\/www.suno.com.br\/noticias\/wp-json\/wp\/v2\/users\/19"}],"replies":[{"embeddable":true,"href":"https:\/\/www.suno.com.br\/noticias\/wp-json\/wp\/v2\/comments?post=47404"}],"version-history":[{"count":0,"href":"https:\/\/www.suno.com.br\/noticias\/wp-json\/wp\/v2\/posts\/47404\/revisions"}],"wp:featuredmedia":[{"embeddable":true,"href":"https:\/\/www.suno.com.br\/noticias\/wp-json\/wp\/v2\/media\/47415"}],"wp:attachment":[{"href":"https:\/\/www.suno.com.br\/noticias\/wp-json\/wp\/v2\/media?parent=47404"}],"wp:term":[{"taxonomy":"category","embeddable":true,"href":"https:\/\/www.suno.com.br\/noticias\/wp-json\/wp\/v2\/categories?post=47404"},{"taxonomy":"post_tag","embeddable":true,"href":"https:\/\/www.suno.com.br\/noticias\/wp-json\/wp\/v2\/tags?post=47404"},{"taxonomy":"suno_strategy","embeddable":true,"href":"https:\/\/www.suno.com.br\/noticias\/wp-json\/wp\/v2\/suno_strategy?post=47404"}],"curies":[{"name":"wp","href":"https:\/\/api.w.org\/{rel}","templated":true}]}}