{"id":47393,"date":"2019-12-11T11:06:31","date_gmt":"2019-12-11T13:06:31","guid":{"rendered":"https:\/\/www.suno.com.br\/noticias\/?p=47393"},"modified":"2019-12-11T11:06:31","modified_gmt":"2019-12-11T13:06:31","slug":"gol-delta-airlines-participacao-acao","status":"publish","type":"post","link":"https:\/\/www.suno.com.br\/noticias\/gol-delta-airlines-participacao-acao\/","title":{"rendered":"Delta Air Lines vende sua participa\u00e7\u00e3o na brasileira Gol"},"content":{"rendered":"<p>A <strong>Delta Air Lines<\/strong> comunicou, na \u00faltima ter\u00e7a-feira (10), a venda de todas as a\u00e7\u00f5es que detinha da Gol Linhas A\u00e9reas (GOLL4).<\/p>\t<div class=\"wrapper-featured-image\">\n\t\t<figure class=\"spotlightImg\">\n\n\t\t\t<picture>\n\t\t\t\t<source media=\"(max-width: 768px)\" srcset=\"https:\/\/files.sunoresearch.com.br\/n\/uploads\/2019\/12\/c6c902e0-gol-400x200.webp\">\n\t\t\t\t<img loading=\"lazy\" decoding=\"async\" class=\"newsContent__article__imgCapa lazyloadDisabled newsContent__article__imgCapa--noCaption\" src=\"https:\/\/files.sunoresearch.com.br\/n\/uploads\/2019\/12\/c6c902e0-gol-800x450.webp\" width=\"800\" height=\"450\" alt=\"Delta Air Lines vende sua participa\u00e7\u00e3o na brasileira Gol\" fetchpriority=high \/>\n\t\t\t<\/picture>\n\n\t\t\t<figcaption class=\"wp-caption-text wp-caption-text--hide\">Gol (GOLL4). Foto: Divulga\u00e7\u00e3o.<\/figcaption>\n\t\t<\/figure>\n\t<\/div>\n\n\n<div dir=\"ltr\"><\/div>\n<p>A empresa a\u00e9rea tinha aproximadamente 32,926 milh\u00f5es de <strong><a href=\"https:\/\/www.suno.com.br\/artigos\/tipos-de-acoes\/\">a\u00e7\u00f5es preferenciais (PN)<\/a><\/strong>. Esse valor \u00e9 equivalente a mais de 5% de todo o capital social da <strong>Gol<\/strong>, em rela\u00e7\u00e3o aos pap\u00e9is PN representa 12% das a\u00e7\u00f5es.<\/p>\n<p>A companhia a\u00e9rea brasileira espera que com a sa\u00edda da Delta seus pap\u00e9is se tornem as mais <strong>l\u00edquidas<\/strong> entre as negociadas na <strong><a href=\"https:\/\/www.suno.com.br\/artigos\/b3\/\">Bolsa de Valores de S\u00e3o Paulo (B3)<\/a><\/strong>. A expectativa \u00e9 que o percentual de a\u00e7\u00f5es em circula\u00e7\u00e3o no mercado seja de 47% e o volume m\u00e9dio di\u00e1rio de negocia\u00e7\u00e3o fique R$ 200 milh\u00f5es por dia.<\/p>\n<h2>Gol estuda novas parcerias para substituir Delta<\/h2>\n<p>A Gol comunicou, em outubro, que estudava parcerias com outras companhias a\u00e9reas para substituir a participa\u00e7\u00e3o da <strong>Delta Airlines<\/strong> nos voos internacionais. A informa\u00e7\u00e3o foi divulgada por <a href=\"https:\/\/www.suno.com.br\/tudo-sobre\/paulo-kakinoff\/\">Paulo Kakinoff<\/a>, presidente da a\u00e9rea.<\/p>\n<p>Kafinoff informou que pretende estabelecer o maior n\u00famero poss\u00edvel de acordos. Al\u00e9m disso, o presidente da a\u00e9rea disse que a companhia est\u00e1 voltando para a estrat\u00e9gia original de n\u00e3o participar de alian\u00e7as globais.<\/p>\n<p>&#8220;Temos uma grande capacidade de oferecer voos internacionais com os nossos parceiros atuais. A inten\u00e7\u00e3o \u00e9 fechar o m\u00e1ximo de acordos poss\u00edveis com outras empresas internacionais\u201d, afirmou o presidente da a\u00e9rea.<\/p>\n<p>Mesmo com a sa\u00edda da Delta, Kaninoff afirmou que a a\u00e9rea brasileira atender\u00e1 a demanda por voos internacionais.<\/p>\n\t<p>\n\t\t<a href=\"https:\/\/www.seculus.com.br\/blackfriday\" target=\"_blank\" data-element=\"shortcode-suno-banner\" title=\"Banner SUNO, clique e saiba mais\">\n\t\t\t<picture>\n\t\t\t\t<source media=\"(max-width: 500px)\" srcset=\"https:\/\/files.sunoresearch.com.br\/n\/uploads\/2023\/11\/seculus_suno_mobile_1.jpg\">\n\t\t\t\t<img class=\"newsContent__article__imgCapa newsContent__article__imgCapa--banner\"\n\t\t\t\t\tsrc=\"https:\/\/files.sunoresearch.com.br\/n\/uploads\/2023\/11\/seculus_suno_desktop_1.jpg\"\n\t\t\t\t\tdata-promo-id=\"474122\"\t\t\t\t\t\t\t\t\t\twidth='1420' height='240'\t\t\t\t\talt=\"https:\/\/files.sunoresearch.com.br\/n\/uploads\/2023\/11\/seculus_suno_desktop_1.jpg\"\n\t\t\t\t>\n\t\t\t<\/picture>\n\t\t<\/a>\n\t<\/p>\n\n\n<p>\u201cOperamos acordos com a American Airlines e com a United. Al\u00e9m disso, temos acordos com mais de 80 companhias a\u00e9reas, que nos permite atender e interligar os mercados regional, dom\u00e9stico e internacional\u201d, afirmou o CEO.<\/p>\n<p>Al\u00e9m disso, o presidente salientou que as receitas oriundas de acordos com a a\u00e9rea norte-americana representam somente 0,3% da receita total da companhia.<\/p>\n<p>A Delta anunciou a venda da participa\u00e7\u00e3o de 9% que possui na companhia brasileira ap\u00f3s comprar 20% da Latam, uma das principais concorrentes da Gol no mercado a\u00e9reo brasileiro.<\/p>\n<h2>Sa\u00edda da Delta<\/h2>\n<p>Em setembro, a Gol havia informado aos seus investidores que a Delta Air Lines n\u00e3o faria mais parte de sua composi\u00e7\u00e3o acion\u00e1ria. Ademais, tranquilizou o mercado afirmando que a sa\u00edda n\u00e3o teria impacto financeiro relevante para a empresa \u00e1rea brasileira.<\/p>\n<p><a href=\"\/\/www.suno.com.br\/noticias\/delta-airlines-compra-latam\/\">Saiba Mais: Delta Airlines compra 20% da LATAM por US$ 1,9 bilh\u00e3o<\/a><\/p>\n<p>As duas empresas continuar\u00e3o trabalhando juntas durante o per\u00edodo de transi\u00e7\u00e3o da negocia\u00e7\u00e3o. A a\u00e9rea brasileira afirmou que, durante este per\u00edodo, continuar\u00e1 garantindo &#8220;\u00f3tima experi\u00eancia aos clientes&#8221;.<\/p>\n<p>\u201cA Delta foi uma \u00f3tima parceira da Gol e desejamos-lhes sucesso. Valorizamos nossa parceria com a Delta e estamos felizes em ver essa cont\u00ednua confian\u00e7a no mercado de avia\u00e7\u00e3o da Am\u00e9rica Latina\u201d, dizia o comunicado.<\/p>\n\n","protected":false},"excerpt":{"rendered":"<p>A Delta Air Lines comunicou, na \u00faltima ter\u00e7a-feira (10), a venda de todas as a\u00e7\u00f5es que detinha da Gol Linhas A\u00e9reas (GOLL4). Gol (GOLL4). Foto: Divulga\u00e7\u00e3o. A empresa a\u00e9rea tinha aproximadamente 32,926 milh\u00f5es de a\u00e7\u00f5es preferenciais (PN). Esse valor \u00e9 equivalente a mais de 5% de todo o capital social da Gol, em rela\u00e7\u00e3o aos [&hellip;]<\/p>\n","protected":false},"author":15,"featured_media":46328,"comment_status":"closed","ping_status":"closed","sticky":false,"template":"","format":"standard","meta":[],"categories":[64],"tags":[2051,489],"suno_strategy":[],"class_list":["post-47393","post","type-post","status-publish","format-standard","has-post-thumbnail","hentry","category-negocios","tag-delta-airlines-deai34","tag-gol-linhas-aereas-goll11-goll4"],"yoast_head":"<!-- This site is optimized with the Yoast SEO plugin v24.4 - https:\/\/yoast.com\/wordpress\/plugins\/seo\/ -->\n<title>Delta Air Lines vende sua participa\u00e7\u00e3o na brasileira Gol<\/title>\n<meta name=\"description\" content=\"A Delta Air Lines comunicou na \u00faltima ter\u00e7a (10) a venda de todas as a\u00e7\u00f5es que detinha da Gol Linhas A\u00e9reas. Clique aqui e saiba mais\" \/>\n<meta name=\"robots\" content=\"index, follow, max-snippet:-1, max-image-preview:large, max-video-preview:-1\" \/>\n<link rel=\"canonical\" href=\"https:\/\/www.suno.com.br\/noticias\/gol-delta-airlines-participacao-acao\/\" \/>\n<meta property=\"og:locale\" content=\"pt_BR\" \/>\n<meta property=\"og:type\" content=\"article\" \/>\n<meta property=\"og:title\" content=\"Delta Air Lines vende sua participa\u00e7\u00e3o na brasileira Gol\" \/>\n<meta property=\"og:description\" content=\"A Delta Air Lines comunicou na \u00faltima ter\u00e7a (10) a venda de todas as a\u00e7\u00f5es que detinha da Gol Linhas A\u00e9reas. Clique aqui e saiba mais\" \/>\n<meta property=\"og:url\" content=\"https:\/\/www.suno.com.br\/noticias\/gol-delta-airlines-participacao-acao\/\" \/>\n<meta property=\"og:site_name\" content=\"Suno Not\u00edcias\" \/>\n<meta property=\"article:publisher\" content=\"https:\/\/facebook.com\/sunoresearch\" \/>\n<meta property=\"og:image\" content=\"https:\/\/files.sunoresearch.com.br\/n\/uploads\/2019\/12\/c6c902e0-gol.jpg\" \/>\n\t<meta property=\"og:image:width\" content=\"1200\" \/>\n\t<meta property=\"og:image:height\" content=\"800\" \/>\n\t<meta property=\"og:image:type\" content=\"image\/jpeg\" \/>\n<meta name=\"author\" content=\"Poliana Santos\" \/>\n<meta name=\"twitter:card\" content=\"summary_large_image\" \/>\n<meta name=\"twitter:creator\" content=\"@sunoresearch\" \/>\n<meta name=\"twitter:site\" content=\"@sunoresearch\" \/>\n<meta name=\"twitter:label1\" content=\"Escrito por\" \/>\n\t<meta name=\"twitter:data1\" content=\"Poliana Santos\" \/>\n\t<meta name=\"twitter:label2\" content=\"Est. tempo de leitura\" \/>\n\t<meta name=\"twitter:data2\" content=\"2 minutos\" \/>\n<script type=\"application\/ld+json\" class=\"yoast-schema-graph\">{\"@context\":\"https:\/\/schema.org\",\"@graph\":[{\"@type\":\"NewsArticle\",\"@id\":\"https:\/\/www.suno.com.br\/noticias\/gol-delta-airlines-participacao-acao\/#article\",\"isPartOf\":{\"@id\":\"https:\/\/www.suno.com.br\/noticias\/gol-delta-airlines-participacao-acao\/\"},\"author\":{\"name\":\"Poliana Santos\",\"@id\":\"https:\/\/www.suno.com.br\/noticias\/#\/schema\/person\/02ec1f752758247878a2bf4abee1aeda\"},\"headline\":\"Delta Air Lines vende sua participa\u00e7\u00e3o na brasileira Gol\",\"datePublished\":\"2019-12-11T13:06:31+00:00\",\"mainEntityOfPage\":{\"@id\":\"https:\/\/www.suno.com.br\/noticias\/gol-delta-airlines-participacao-acao\/\"},\"wordCount\":508,\"publisher\":{\"@id\":\"https:\/\/www.suno.com.br\/noticias\/#organization\"},\"image\":{\"@id\":\"https:\/\/www.suno.com.br\/noticias\/gol-delta-airlines-participacao-acao\/#primaryimage\"},\"thumbnailUrl\":\"https:\/\/files.sunoresearch.com.br\/n\/uploads\/2019\/12\/c6c902e0-gol-jpg.webp\",\"keywords\":[\"Delta Airlines (DEAI34)\",\"Gol Linhas A\u00e9reas (GOLL11\/GOLL4)\"],\"articleSection\":[\"Neg\u00f3cios\"],\"inLanguage\":\"pt-BR\"},{\"@type\":\"WebPage\",\"@id\":\"https:\/\/www.suno.com.br\/noticias\/gol-delta-airlines-participacao-acao\/\",\"url\":\"https:\/\/www.suno.com.br\/noticias\/gol-delta-airlines-participacao-acao\/\",\"name\":\"Delta Air Lines vende sua participa\u00e7\u00e3o na brasileira Gol\",\"isPartOf\":{\"@id\":\"https:\/\/www.suno.com.br\/noticias\/#website\"},\"primaryImageOfPage\":{\"@id\":\"https:\/\/www.suno.com.br\/noticias\/gol-delta-airlines-participacao-acao\/#primaryimage\"},\"image\":{\"@id\":\"https:\/\/www.suno.com.br\/noticias\/gol-delta-airlines-participacao-acao\/#primaryimage\"},\"thumbnailUrl\":\"https:\/\/files.sunoresearch.com.br\/n\/uploads\/2019\/12\/c6c902e0-gol-jpg.webp\",\"datePublished\":\"2019-12-11T13:06:31+00:00\",\"description\":\"A Delta Air Lines comunicou na \u00faltima ter\u00e7a (10) a venda de todas as a\u00e7\u00f5es que detinha da Gol Linhas A\u00e9reas. Clique aqui e saiba mais\",\"breadcrumb\":{\"@id\":\"https:\/\/www.suno.com.br\/noticias\/gol-delta-airlines-participacao-acao\/#breadcrumb\"},\"inLanguage\":\"pt-BR\",\"potentialAction\":[{\"@type\":\"ReadAction\",\"target\":[\"https:\/\/www.suno.com.br\/noticias\/gol-delta-airlines-participacao-acao\/\"]}]},{\"@type\":\"ImageObject\",\"inLanguage\":\"pt-BR\",\"@id\":\"https:\/\/www.suno.com.br\/noticias\/gol-delta-airlines-participacao-acao\/#primaryimage\",\"url\":\"https:\/\/files.sunoresearch.com.br\/n\/uploads\/2019\/12\/c6c902e0-gol-jpg.webp\",\"contentUrl\":\"https:\/\/files.sunoresearch.com.br\/n\/uploads\/2019\/12\/c6c902e0-gol-jpg.webp\",\"width\":1200,\"height\":800,\"caption\":\"Gol (GOLL4). Foto: Divulga\u00e7\u00e3o.\"},{\"@type\":\"BreadcrumbList\",\"@id\":\"https:\/\/www.suno.com.br\/noticias\/gol-delta-airlines-participacao-acao\/#breadcrumb\",\"itemListElement\":[{\"@type\":\"ListItem\",\"position\":1,\"name\":\"Not\u00edcias\",\"item\":\"https:\/\/www.suno.com.br\/noticias\/\"},{\"@type\":\"ListItem\",\"position\":2,\"name\":\"Neg\u00f3cios\",\"item\":\"https:\/\/www.suno.com.br\/noticias\/negocios\/\"},{\"@type\":\"ListItem\",\"position\":3,\"name\":\"Delta Air Lines vende sua participa\u00e7\u00e3o na brasileira Gol\"}]},{\"@type\":\"WebSite\",\"@id\":\"https:\/\/www.suno.com.br\/noticias\/#website\",\"url\":\"https:\/\/www.suno.com.br\/noticias\/\",\"name\":\"Suno Not\u00edcias\",\"description\":\"Seu portal de informa\u00e7\u00e3o sobre o mundo dos investimentos\",\"publisher\":{\"@id\":\"https:\/\/www.suno.com.br\/noticias\/#organization\"},\"potentialAction\":[{\"@type\":\"SearchAction\",\"target\":{\"@type\":\"EntryPoint\",\"urlTemplate\":\"https:\/\/www.suno.com.br\/noticias\/?s={search_term_string}\"},\"query-input\":{\"@type\":\"PropertyValueSpecification\",\"valueRequired\":true,\"valueName\":\"search_term_string\"}}],\"inLanguage\":\"pt-BR\"},{\"@type\":\"Organization\",\"@id\":\"https:\/\/www.suno.com.br\/noticias\/#organization\",\"name\":\"Suno Not\u00edcias\",\"url\":\"https:\/\/www.suno.com.br\/noticias\/\",\"logo\":{\"@type\":\"ImageObject\",\"inLanguage\":\"pt-BR\",\"@id\":\"https:\/\/www.suno.com.br\/noticias\/#\/schema\/logo\/image\/\",\"url\":\"https:\/\/files.sunoresearch.com.br\/n\/uploads\/2021\/09\/suno-logo.png\",\"contentUrl\":\"https:\/\/files.sunoresearch.com.br\/n\/uploads\/2021\/09\/suno-logo.png\",\"width\":180,\"height\":180,\"caption\":\"Suno Not\u00edcias\"},\"image\":{\"@id\":\"https:\/\/www.suno.com.br\/noticias\/#\/schema\/logo\/image\/\"},\"sameAs\":[\"https:\/\/facebook.com\/sunoresearch\",\"https:\/\/x.com\/sunoresearch\",\"https:\/\/www.instagram.com\/suno\",\"https:\/\/www.linkedin.com\/company\/suno-research\/\",\"https:\/\/www.youtube.com\/c\/sunoresearch\"]},{\"@type\":\"Person\",\"@id\":\"https:\/\/www.suno.com.br\/noticias\/#\/schema\/person\/02ec1f752758247878a2bf4abee1aeda\",\"name\":\"Poliana Santos\",\"image\":{\"@type\":\"ImageObject\",\"inLanguage\":\"pt-BR\",\"@id\":\"https:\/\/www.suno.com.br\/noticias\/#\/schema\/person\/image\/\",\"url\":\"https:\/\/secure.gravatar.com\/avatar\/0645bd32f23d87b2130f2b2dff1d3f8d?s=96&r=g\",\"contentUrl\":\"https:\/\/secure.gravatar.com\/avatar\/0645bd32f23d87b2130f2b2dff1d3f8d?s=96&r=g\",\"caption\":\"Poliana Santos\"},\"description\":\"Rep\u00f3rter no Suno Not\u00edcias, com cobertura em mercado financeiro, economia, finan\u00e7as pessoais, renda fixa e varejo. Jornalista formada pela Faculdade C\u00e1sper L\u00edbero e possui passagem na R\u00e1dio Gazeta AM com a produ\u00e7\u00e3o de conte\u00fado sobre economia, pol\u00edtica, sa\u00fade, moda e m\u00fasica. Possui certificado de conclus\u00e3o do curso de An\u00e1lise de Balan\u00e7os pela Funda\u00e7\u00e3o Bradesco, Agenda Brasil pela FAAP, Educa\u00e7\u00e3o Pol\u00edtica por Alexandre Garcia e do Tesouro Direto e Mercado de A\u00e7\u00f5es pela B3.\",\"url\":\"https:\/\/www.suno.com.br\/noticias\/author\/poliana-santos\/\"}]}<\/script>\n<!-- \/ Yoast SEO plugin. -->","yoast_head_json":{"title":"Delta Air Lines vende sua participa\u00e7\u00e3o na brasileira Gol","description":"A Delta Air Lines comunicou na \u00faltima ter\u00e7a (10) a venda de todas as a\u00e7\u00f5es que detinha da Gol Linhas A\u00e9reas. Clique aqui e saiba mais","robots":{"index":"index","follow":"follow","max-snippet":"max-snippet:-1","max-image-preview":"max-image-preview:large","max-video-preview":"max-video-preview:-1"},"canonical":"https:\/\/www.suno.com.br\/noticias\/gol-delta-airlines-participacao-acao\/","og_locale":"pt_BR","og_type":"article","og_title":"Delta Air Lines vende sua participa\u00e7\u00e3o na brasileira Gol","og_description":"A Delta Air Lines comunicou na \u00faltima ter\u00e7a (10) a venda de todas as a\u00e7\u00f5es que detinha da Gol Linhas A\u00e9reas. Clique aqui e saiba mais","og_url":"https:\/\/www.suno.com.br\/noticias\/gol-delta-airlines-participacao-acao\/","og_site_name":"Suno Not\u00edcias","article_publisher":"https:\/\/facebook.com\/sunoresearch","og_image":[{"width":1200,"height":800,"url":"https:\/\/files.sunoresearch.com.br\/n\/uploads\/2019\/12\/c6c902e0-gol.jpg","type":"image\/jpeg"}],"author":"Poliana Santos","twitter_card":"summary_large_image","twitter_creator":"@sunoresearch","twitter_site":"@sunoresearch","twitter_misc":{"Escrito por":"Poliana Santos","Est. tempo de leitura":"2 minutos"},"schema":{"@context":"https:\/\/schema.org","@graph":[{"@type":"NewsArticle","@id":"https:\/\/www.suno.com.br\/noticias\/gol-delta-airlines-participacao-acao\/#article","isPartOf":{"@id":"https:\/\/www.suno.com.br\/noticias\/gol-delta-airlines-participacao-acao\/"},"author":{"name":"Poliana Santos","@id":"https:\/\/www.suno.com.br\/noticias\/#\/schema\/person\/02ec1f752758247878a2bf4abee1aeda"},"headline":"Delta Air Lines vende sua participa\u00e7\u00e3o na brasileira Gol","datePublished":"2019-12-11T13:06:31+00:00","mainEntityOfPage":{"@id":"https:\/\/www.suno.com.br\/noticias\/gol-delta-airlines-participacao-acao\/"},"wordCount":508,"publisher":{"@id":"https:\/\/www.suno.com.br\/noticias\/#organization"},"image":{"@id":"https:\/\/www.suno.com.br\/noticias\/gol-delta-airlines-participacao-acao\/#primaryimage"},"thumbnailUrl":"https:\/\/files.sunoresearch.com.br\/n\/uploads\/2019\/12\/c6c902e0-gol-jpg.webp","keywords":["Delta Airlines (DEAI34)","Gol Linhas A\u00e9reas (GOLL11\/GOLL4)"],"articleSection":["Neg\u00f3cios"],"inLanguage":"pt-BR"},{"@type":"WebPage","@id":"https:\/\/www.suno.com.br\/noticias\/gol-delta-airlines-participacao-acao\/","url":"https:\/\/www.suno.com.br\/noticias\/gol-delta-airlines-participacao-acao\/","name":"Delta Air Lines vende sua participa\u00e7\u00e3o na brasileira Gol","isPartOf":{"@id":"https:\/\/www.suno.com.br\/noticias\/#website"},"primaryImageOfPage":{"@id":"https:\/\/www.suno.com.br\/noticias\/gol-delta-airlines-participacao-acao\/#primaryimage"},"image":{"@id":"https:\/\/www.suno.com.br\/noticias\/gol-delta-airlines-participacao-acao\/#primaryimage"},"thumbnailUrl":"https:\/\/files.sunoresearch.com.br\/n\/uploads\/2019\/12\/c6c902e0-gol-jpg.webp","datePublished":"2019-12-11T13:06:31+00:00","description":"A Delta Air Lines comunicou na \u00faltima ter\u00e7a (10) a venda de todas as a\u00e7\u00f5es que detinha da Gol Linhas A\u00e9reas. Clique aqui e saiba mais","breadcrumb":{"@id":"https:\/\/www.suno.com.br\/noticias\/gol-delta-airlines-participacao-acao\/#breadcrumb"},"inLanguage":"pt-BR","potentialAction":[{"@type":"ReadAction","target":["https:\/\/www.suno.com.br\/noticias\/gol-delta-airlines-participacao-acao\/"]}]},{"@type":"ImageObject","inLanguage":"pt-BR","@id":"https:\/\/www.suno.com.br\/noticias\/gol-delta-airlines-participacao-acao\/#primaryimage","url":"https:\/\/files.sunoresearch.com.br\/n\/uploads\/2019\/12\/c6c902e0-gol-jpg.webp","contentUrl":"https:\/\/files.sunoresearch.com.br\/n\/uploads\/2019\/12\/c6c902e0-gol-jpg.webp","width":1200,"height":800,"caption":"Gol (GOLL4). Foto: Divulga\u00e7\u00e3o."},{"@type":"BreadcrumbList","@id":"https:\/\/www.suno.com.br\/noticias\/gol-delta-airlines-participacao-acao\/#breadcrumb","itemListElement":[{"@type":"ListItem","position":1,"name":"Not\u00edcias","item":"https:\/\/www.suno.com.br\/noticias\/"},{"@type":"ListItem","position":2,"name":"Neg\u00f3cios","item":"https:\/\/www.suno.com.br\/noticias\/negocios\/"},{"@type":"ListItem","position":3,"name":"Delta Air Lines vende sua participa\u00e7\u00e3o na brasileira Gol"}]},{"@type":"WebSite","@id":"https:\/\/www.suno.com.br\/noticias\/#website","url":"https:\/\/www.suno.com.br\/noticias\/","name":"Suno Not\u00edcias","description":"Seu portal de informa\u00e7\u00e3o sobre o mundo dos investimentos","publisher":{"@id":"https:\/\/www.suno.com.br\/noticias\/#organization"},"potentialAction":[{"@type":"SearchAction","target":{"@type":"EntryPoint","urlTemplate":"https:\/\/www.suno.com.br\/noticias\/?s={search_term_string}"},"query-input":{"@type":"PropertyValueSpecification","valueRequired":true,"valueName":"search_term_string"}}],"inLanguage":"pt-BR"},{"@type":"Organization","@id":"https:\/\/www.suno.com.br\/noticias\/#organization","name":"Suno Not\u00edcias","url":"https:\/\/www.suno.com.br\/noticias\/","logo":{"@type":"ImageObject","inLanguage":"pt-BR","@id":"https:\/\/www.suno.com.br\/noticias\/#\/schema\/logo\/image\/","url":"https:\/\/files.sunoresearch.com.br\/n\/uploads\/2021\/09\/suno-logo.png","contentUrl":"https:\/\/files.sunoresearch.com.br\/n\/uploads\/2021\/09\/suno-logo.png","width":180,"height":180,"caption":"Suno Not\u00edcias"},"image":{"@id":"https:\/\/www.suno.com.br\/noticias\/#\/schema\/logo\/image\/"},"sameAs":["https:\/\/facebook.com\/sunoresearch","https:\/\/x.com\/sunoresearch","https:\/\/www.instagram.com\/suno","https:\/\/www.linkedin.com\/company\/suno-research\/","https:\/\/www.youtube.com\/c\/sunoresearch"]},{"@type":"Person","@id":"https:\/\/www.suno.com.br\/noticias\/#\/schema\/person\/02ec1f752758247878a2bf4abee1aeda","name":"Poliana Santos","image":{"@type":"ImageObject","inLanguage":"pt-BR","@id":"https:\/\/www.suno.com.br\/noticias\/#\/schema\/person\/image\/","url":"https:\/\/secure.gravatar.com\/avatar\/0645bd32f23d87b2130f2b2dff1d3f8d?s=96&r=g","contentUrl":"https:\/\/secure.gravatar.com\/avatar\/0645bd32f23d87b2130f2b2dff1d3f8d?s=96&r=g","caption":"Poliana Santos"},"description":"Rep\u00f3rter no Suno Not\u00edcias, com cobertura em mercado financeiro, economia, finan\u00e7as pessoais, renda fixa e varejo. Jornalista formada pela Faculdade C\u00e1sper L\u00edbero e possui passagem na R\u00e1dio Gazeta AM com a produ\u00e7\u00e3o de conte\u00fado sobre economia, pol\u00edtica, sa\u00fade, moda e m\u00fasica. Possui certificado de conclus\u00e3o do curso de An\u00e1lise de Balan\u00e7os pela Funda\u00e7\u00e3o Bradesco, Agenda Brasil pela FAAP, Educa\u00e7\u00e3o Pol\u00edtica por Alexandre Garcia e do Tesouro Direto e Mercado de A\u00e7\u00f5es pela B3.","url":"https:\/\/www.suno.com.br\/noticias\/author\/poliana-santos\/"}]}},"default_loop_html":"<div class=\"cardsPage__listCard__boxs\"><div class=\"cardsPage__listCard__boxs__img\"><a href=\"https:\/\/www.suno.com.br\/noticias\/gol-delta-airlines-participacao-acao\/\"><img class=\"mask\" src=\"https:\/\/www.suno.com.br\/noticias\/wp-content\/themes\/suno\/resources\/images\/spotlight\/spotlight1img\/bg-mask.png\" alt=\"Image Mask\"\/><img src=\"https:\/\/files.sunoresearch.com.br\/n\/uploads\/2019\/12\/c6c902e0-gol-400x200.webp\" alt=\"Delta Air Lines vende sua participa\u00e7\u00e3o na brasileira Gol\"\/><\/a><span class=\"spotlightCategory\"><a href=\"https:\/\/www.suno.com.br\/noticias\/negocios\/\">Neg\u00f3cios<\/a><\/span><\/div><div class=\"cardsPage__listCard__boxs__content\"><a href=\"https:\/\/www.suno.com.br\/noticias\/gol-delta-airlines-participacao-acao\/\"><h2 class=\"content__title\">Delta Air Lines vende sua participa\u00e7\u00e3o na brasileira Gol<\/h2><\/a><div class=\"newsContent__article__meta\"><div class=\"newsContent__article__meta__authorBox\"><a href=\"https:\/\/www.suno.com.br\/noticias\/author\/poliana-santos\/\" class=\"authorBox__avatar noMobi\"><img src=\"https:\/\/files.sunoresearch.com.br\/n\/uploads\/2020\/08\/7ef34026-whatsapp-image-2020-08-03-at-12.37.57-150x150.webp\" alt=\"Poliana Santos\"><\/a><div class=\"authorBox__name\"><span>por\n\t\t\t<a href=\"https:\/\/www.suno.com.br\/noticias\/author\/poliana-santos\/\"><span itemprop=\"author\">Poliana Santos<\/span><\/a><\/span><time datetime=\"2019-12-11T11:06:31-03:00\" itemprop=\"datePublished\">11\/12\/2019 11:06<\/time><\/div><\/div><\/div><\/div><\/div>","single_layout":"posts","amp_enabled":true,"_links":{"self":[{"href":"https:\/\/www.suno.com.br\/noticias\/wp-json\/wp\/v2\/posts\/47393"}],"collection":[{"href":"https:\/\/www.suno.com.br\/noticias\/wp-json\/wp\/v2\/posts"}],"about":[{"href":"https:\/\/www.suno.com.br\/noticias\/wp-json\/wp\/v2\/types\/post"}],"author":[{"embeddable":true,"href":"https:\/\/www.suno.com.br\/noticias\/wp-json\/wp\/v2\/users\/15"}],"replies":[{"embeddable":true,"href":"https:\/\/www.suno.com.br\/noticias\/wp-json\/wp\/v2\/comments?post=47393"}],"version-history":[{"count":0,"href":"https:\/\/www.suno.com.br\/noticias\/wp-json\/wp\/v2\/posts\/47393\/revisions"}],"wp:featuredmedia":[{"embeddable":true,"href":"https:\/\/www.suno.com.br\/noticias\/wp-json\/wp\/v2\/media\/46328"}],"wp:attachment":[{"href":"https:\/\/www.suno.com.br\/noticias\/wp-json\/wp\/v2\/media?parent=47393"}],"wp:term":[{"taxonomy":"category","embeddable":true,"href":"https:\/\/www.suno.com.br\/noticias\/wp-json\/wp\/v2\/categories?post=47393"},{"taxonomy":"post_tag","embeddable":true,"href":"https:\/\/www.suno.com.br\/noticias\/wp-json\/wp\/v2\/tags?post=47393"},{"taxonomy":"suno_strategy","embeddable":true,"href":"https:\/\/www.suno.com.br\/noticias\/wp-json\/wp\/v2\/suno_strategy?post=47393"}],"curies":[{"name":"wp","href":"https:\/\/api.w.org\/{rel}","templated":true}]}}