{"id":473916,"date":"2023-10-20T11:39:41","date_gmt":"2023-10-20T14:39:41","guid":{"rendered":"https:\/\/www.suno.com.br\/noticias\/?p=473916"},"modified":"2023-10-20T15:24:45","modified_gmt":"2023-10-20T18:24:45","slug":"magazine-luiza-mglu3-casas-bahia-bhia3-black-friday-gpj","status":"publish","type":"post","link":"https:\/\/www.suno.com.br\/noticias\/magazine-luiza-mglu3-casas-bahia-bhia3-black-friday-gpj\/","title":{"rendered":"Magazine Luiza (MGLU3) e Casas Bahia (BHIA3) devem ser destaques na Black Friday em 2023, segundo XP"},"content":{"rendered":"<p>Relat\u00f3rio divulgado esta semana pela XP mostra que a Black Friday, considerado um evento-chave para o setor de varejo, ser\u00e1 de maior relev\u00e2ncia para as empresas de e-commerce como<strong>\u00a0<a href=\"https:\/\/www.suno.com.br\/acoes\/MGLU3\/\">Magazine Luiza <\/a><\/strong><a href=\"https:\/\/www.suno.com.br\/acoes\/MGLU3\/\">(MGLU3)<\/a> e Casas Bahia (BHIA3). Analistas lembram que eletr\u00f4nicos e eletrodom\u00e9sticos s\u00e3o historicamente favorecidos na data, o que tamb\u00e9m pode beneficiar a\u00e7\u00f5es do setor.<\/p>\t<div class=\"wrapper-featured-image\">\n\t\t<figure class=\"spotlightImg\">\n\n\t\t\t<picture>\n\t\t\t\t<source media=\"(max-width: 768px)\" srcset=\"https:\/\/files.sunoresearch.com.br\/n\/uploads\/2022\/11\/magazine-luiza-mglu3-black-friday-loja-promocoes-foto-divulgacao-germano-luders-400x200.jpg\">\n\t\t\t\t<img loading=\"lazy\" decoding=\"async\" class=\"newsContent__article__imgCapa lazyloadDisabled \" src=\"https:\/\/files.sunoresearch.com.br\/n\/uploads\/2022\/11\/magazine-luiza-mglu3-black-friday-loja-promocoes-foto-divulgacao-germano-luders-800x450.jpg\" width=\"800\" height=\"450\" alt=\"Magazine Luiza (MGLU3) e Casas Bahia (BHIA3) devem ser destaques na Black Friday em 2023, segundo XP\" fetchpriority=high \/>\n\t\t\t<\/picture>\n\n\t\t\t<figcaption class=\"wp-caption-text wp-caption-text--show\">Magazine Luiza (MGLU3). Foto: Divulga\u00e7\u00e3o\/Germano L\u00fcders<\/figcaption>\n\t\t<\/figure>\n\t<\/div>\n\n\n\n\n\n\n\n\t<p>\n\t\t<a href=\"https:\/\/lp.suno.com.br\/planilha-da-vida-financeira\/\" target=\"_blank\" data-element=\"shortcode-suno-banner\" title=\"Banner SUNO, clique e saiba mais\">\n\t\t\t<picture>\n\t\t\t\t<source media=\"(max-width: 500px)\" srcset=\"https:\/\/files.sunoresearch.com.br\/n\/uploads\/2023\/04\/400x300-Planilha-vida-financeira-true.png\">\n\t\t\t\t<img class=\"newsContent__article__imgCapa newsContent__article__imgCapa--banner\"\n\t\t\t\t\tsrc=\"https:\/\/files.sunoresearch.com.br\/n\/uploads\/2023\/04\/1420x240-Planilha-vida-financeira-true.png\"\n\t\t\t\t\tdata-promo-id=\"106682\"\t\t\t\t\t\t\t\t\t\twidth='1420' height='240'\t\t\t\t\talt=\"https:\/\/files.sunoresearch.com.br\/n\/uploads\/2023\/04\/1420x240-Planilha-vida-financeira-true.png\"\n\t\t\t\t>\n\t\t\t<\/picture>\n\t\t<\/a>\n\t<\/p>\n\n\n\n\n\n<p>No entanto, lembra a casa, varejistas de moda como <a href=\"https:\/\/www.suno.com.br\/acoes\/LREN3\/\"><strong>Lojas Renner<\/strong> (LREN3)<\/a>, <a href=\"https:\/\/www.suno.com.br\/acoes\/SOMA3\/\"><strong>Grupo Soma<\/strong> (SOMA3)<\/a> e <a href=\"https:\/\/www.suno.com.br\/acoes\/ARZZ3\/\"><strong>Arezzo<\/strong> (ARZZ3)<\/a> e cosm\u00e9ticos, como<strong> <a href=\"https:\/\/www.suno.com.br\/acoes\/NTCO3\/\">Natura <\/a><\/strong><a href=\"https:\/\/www.suno.com.br\/acoes\/NTCO3\/\">(NTCO3)<\/a>, t\u00eam ganhado mais espa\u00e7o, movimento possivelmente explicado pelo <a href=\"https:\/\/www.suno.com.br\/artigos\/poder-de-compra\/\">poder de compra<\/a> mais restrito dos consumidores para compra de eletrodom\u00e9sticos.<\/p>\n\n\n\n<p>De um modo geral, as perspectivas de consumo para a <strong>Black Friday 2023<\/strong> s\u00e3o animadoras, de acordo com pesquisas feitas por empresas que criam solu\u00e7\u00f5es para o setor e divulgadas pela <strong>XP<\/strong>.<\/p>\n\n\n\n<p>Recentemente, um levantamento feito pelo <strong>M\u00e9liuz (CASH3)<\/strong> indicou que 95% dos entrevistados est\u00e3o dispostos a fazer compras na Black Friday, enquanto 32% deles pretendem gastar mais de R$ 1 mil. As categorias de destaque s\u00e3o as que dominam o evento tradicionalmente, como eletr\u00f4nicos (49%) e eletrodom\u00e9sticos (45%), al\u00e9m de vestu\u00e1rio (31%), cal\u00e7ados (28%) e cosm\u00e9ticos (22%).<\/p>\n\n\n\n<p>J\u00e1 a&nbsp;pesquisa feita pela <strong>MField<\/strong>&nbsp;n\u00e3o aponta uma perspectiva t\u00e3o otimista quanto a da M\u00e9liuz, mas ainda indica um n\u00famero alto de consumidores (76%) com inten\u00e7\u00e3o de fazer compras no evento. O desafio est\u00e1 no <a href=\"https:\/\/www.suno.com.br\/artigos\/poder-de-compra\/\">poder de compra<\/a> dos entrevistados, com 42% dizendo que est\u00e3o passando por um per\u00edodo dif\u00edcil economicamente, mas com a pretens\u00e3o de aproveitar as ofertas.<\/p>\n\n\n\n<p>Em rela\u00e7\u00e3o \u00e0s categorias, esse levantamento indica a moda como o favorito (39%), seguido de eletr\u00f4nicos (38%) e cosm\u00e9ticos (36%) enquanto os e-commerces favoritos destacados s\u00e3o <strong>Amazon <\/strong>(AMZO34), 73%, <strong>Shopee<\/strong> (49%), <strong>Shein<\/strong> (45%), <strong>Magazine Luiza<\/strong> (42%) e <strong>Mercado Livre<\/strong> (41%). Por fim, diferentemente da pesquisa da Meliuz, o <a href=\"https:\/\/www.suno.com.br\/artigos\/ticket-medio\/\">ticket m\u00e9dio<\/a> deve ficar abaixo de R$ 300 para cerca de metade dos entrevistados.<\/p>\n\n\n\n<p>&#8220;Algo que chama aten\u00e7\u00e3o na pesquisa feita pela MField sobre Black Friday \u00e9 a prefer\u00eancia dos consumidores por plataformas estrangeiras, com as asi\u00e1ticas Shopee e Shein entre as top 3. Na nossa vis\u00e3o, isso \u00e9 um risco para a performance das varejistas, principalmente em meio \u00e0 implementa\u00e7\u00e3o e ades\u00e3o das plataformas \u00e0<strong> Remessa Conforme<\/strong>&#8220;, pontuou a XP.<\/p>\n\n\n\n<p>Por fim, a pesquisa feita pelo <strong>Google<\/strong> e divulgada pela casa mostra que 67% dos brasileiros pretendem fazer compras na data, com 7 em cada 10 entrevistados com expectativa de gastar igual ou mais do que em 2022. Em rela\u00e7\u00e3o \u00e0s categorias, vestu\u00e1rio lidera o interesse (46%), seguido de cosm\u00e9ticos (41%), cal\u00e7ados (38%) e eletrodom\u00e9sticos \/ celulares (35%).<\/p>\n\n\n\n\t<div data-element=\"shortcode-read-more\" class=\"readToo\">\n\t\t\t\t<span class=\"readToo__title\">Leia mais<\/span>\n\t\t\t\t<ul class=\"readToo__list\">\n\t\t\t<li><a href=\"https:\/\/www.suno.com.br\/noticias\/black-friday-esquenta-2023-confira-descontos\/\">Black Friday 2023: Amazon (AMZO34) faz &#8216;esquenta&#8217; para a temporada; acompanhe aqui tudo sobre os descontos e promo\u00e7\u00f5es do per\u00edodo<\/a><\/li><li><a href=\"https:\/\/www.suno.com.br\/noticias\/black-friday-brasileiros-varejo-google\/\">Black Friday: 2 em cada 3 brasileiros pretendem comprar na data este ano, diz l\u00edder de varejo do Google Brasil<\/a><\/li>\t\t<\/ul>\n\t<\/div>\n\n\n\n\t<p>\n\t\t<a href=\"https:\/\/lp.suno.com.br\/ebook-como-analisar-uma-acao\/\" target=\"_blank\" data-element=\"shortcode-suno-banner\" title=\"Banner SUNO, clique e saiba mais\">\n\t\t\t<picture>\n\t\t\t\t<source media=\"(max-width: 500px)\" srcset=\"https:\/\/files.sunoresearch.com.br\/n\/uploads\/2023\/03\/Ebook-Acoes-Mobile.jpg\">\n\t\t\t\t<img class=\"newsContent__article__imgCapa newsContent__article__imgCapa--banner\"\n\t\t\t\t\tsrc=\"https:\/\/files.sunoresearch.com.br\/n\/uploads\/2023\/03\/Ebook-Acoes-Desktop.jpg\"\n\t\t\t\t\tdata-promo-id=\"378302\"\t\t\t\t\t\t\t\t\t\twidth='1420' height='286'\t\t\t\t\talt=\"https:\/\/files.sunoresearch.com.br\/n\/uploads\/2023\/03\/Ebook-Acoes-Desktop.jpg\"\n\t\t\t\t>\n\t\t\t<\/picture>\n\t\t<\/a>\n\t<\/p>\n\n\n\n\n\n<h2 class=\"wp-block-heading\" id=\"h-o-que-isso-significa-para-o-varejo\">O que isso significa para o varejo?<\/h2>\n\n\n\n<p>A Black Friday \u00e9 uma das principais datas comemorativas do <strong>varejo<\/strong>, com a expectativa de movimentar mais de R$ 6 bilh\u00f5es esse ano, de acordo com&nbsp;relat\u00f3rio da <strong>Olist<\/strong>. Dessa forma, o evento, combinado \u00e0s festas de final de ano, \u00e9 vital para definir o tom dos resultados do quarto trimestre das varejistas.<\/p>\n\n\n\n<p>&#8220;Em nossa vis\u00e3o, as pesquisas d\u00e3o sinaliza\u00e7\u00f5es positivas para a performance do evento, com os consumidores demonstrando uma inten\u00e7\u00e3o de fazer compras este ano, al\u00e9m de contarmos com uma base de compara\u00e7\u00e3o f\u00e1cil, dado que a Black Friday de 2022 aconteceu durante a Copa do Mundo, com seu final de semana coincidindo com dois jogos do Brasil \u2013 um na quinta antecedente e outro na segunda seguinte, a Cyber Monday&#8221;, diz a XP.<\/p>\n\n\n\n<p>No entanto, a casa chama a aten\u00e7\u00e3o para o fato de que o consumo segue pressionado pelo alto endividamento das fam\u00edlias, em 77% em setembro de 2023, de acordo com a \u00faltima\u00a0Pesquisa de\u00a0Endividamento\u00a0e Inadimpl\u00eancia do Consumidor (Peic) da CNC, combinado a <a href=\"https:\/\/www.suno.com.br\/artigos\/juros\/\">taxa de juros<\/a> e infla\u00e7\u00e3o ainda elevadas, o que deve ser um ponto de aten\u00e7\u00e3o para a<strong> <\/strong>Black Friday em empresas como <strong>Magazine Luiza (MGLU3) <\/strong>e Casas Bahia (BHIA3).<\/p>\n\n\n\t<p>\n\t\t<a href=\"https:\/\/lp.suno.com.br\/planilha-da-vida-financeira\/\" target=\"_blank\" data-element=\"shortcode-suno-banner\" title=\"Banner SUNO, clique e saiba mais\">\n\t\t\t<picture>\n\t\t\t\t<source media=\"(max-width: 500px)\" srcset=\"https:\/\/files.sunoresearch.com.br\/n\/uploads\/2023\/04\/400x300-Planilha-vida-financeira-true.png\">\n\t\t\t\t<img class=\"newsContent__article__imgCapa newsContent__article__imgCapa--banner\"\n\t\t\t\t\tsrc=\"https:\/\/files.sunoresearch.com.br\/n\/uploads\/2023\/04\/1420x240-Planilha-vida-financeira-true.png\"\n\t\t\t\t\tdata-promo-id=\"383123\"\t\t\t\t\t\t\t\t\t\twidth='1420' height='240'\t\t\t\t\talt=\"https:\/\/files.sunoresearch.com.br\/n\/uploads\/2023\/04\/1420x240-Planilha-vida-financeira-true.png\"\n\t\t\t\t>\n\t\t\t<\/picture>\n\t\t<\/a>\n\t<\/p>\n\n\n","protected":false},"excerpt":{"rendered":"<p>Relat\u00f3rio divulgado esta semana pela XP mostra que a Black Friday, considerado um evento-chave para o setor de varejo, ser\u00e1 de maior relev\u00e2ncia para as empresas de e-commerce como\u00a0Magazine Luiza (MGLU3) e Casas Bahia (BHIA3). Analistas lembram que eletr\u00f4nicos e eletrodom\u00e9sticos s\u00e3o historicamente favorecidos na data, o que tamb\u00e9m pode beneficiar a\u00e7\u00f5es do setor. Magazine [&hellip;]<\/p>\n","protected":false},"author":313,"featured_media":324080,"comment_status":"closed","ping_status":"closed","sticky":false,"template":"","format":"standard","meta":[],"categories":[64],"tags":[362,768,107138,105816,2686,542,548,104467,574,803],"suno_strategy":[],"class_list":["post-473916","post","type-post","status-publish","format-standard","has-post-thumbnail","hentry","category-negocios","tag-arezzo-arzz3","tag-black-friday","tag-casas-bahia-bhia3","tag-especialistas","tag-grupo-soma-soma3","tag-lojas-renner-lren3","tag-magazine-luiza-mglu3","tag-meliuz-cash3","tag-natura-ntco3","tag-varejo"],"yoast_head":"<!-- This site is optimized with the Yoast SEO plugin v24.4 - https:\/\/yoast.com\/wordpress\/plugins\/seo\/ -->\n<title>Magazine Luiza e Casas Bahia devem ser destaques na Black Friday<\/title>\n<meta name=\"description\" content=\"Segundo a XP. Magazine Luiza (MGLU3) e Casas Bahia (BHIA3) devem ser destaques na Black Friday em 2023, segundo XP.\" \/>\n<meta name=\"robots\" content=\"index, follow, max-snippet:-1, max-image-preview:large, max-video-preview:-1\" \/>\n<link rel=\"canonical\" href=\"https:\/\/www.suno.com.br\/noticias\/magazine-luiza-mglu3-casas-bahia-bhia3-black-friday-gpj\/\" \/>\n<meta property=\"og:locale\" content=\"pt_BR\" \/>\n<meta property=\"og:type\" content=\"article\" \/>\n<meta property=\"og:title\" content=\"Magazine Luiza e Casas Bahia devem ser destaques na Black Friday\" \/>\n<meta property=\"og:description\" content=\"Segundo a XP. Magazine Luiza (MGLU3) e Casas Bahia (BHIA3) devem ser destaques na Black Friday em 2023, segundo XP.\" \/>\n<meta property=\"og:url\" content=\"https:\/\/www.suno.com.br\/noticias\/magazine-luiza-mglu3-casas-bahia-bhia3-black-friday-gpj\/\" \/>\n<meta property=\"og:site_name\" content=\"Suno Not\u00edcias\" \/>\n<meta property=\"article:publisher\" content=\"https:\/\/facebook.com\/sunoresearch\" \/>\n<meta property=\"og:image\" content=\"https:\/\/files.sunoresearch.com.br\/n\/uploads\/2022\/11\/magazine-luiza-mglu3-black-friday-loja-promocoes-foto-divulgacao-germano-luders.jpg\" \/>\n\t<meta property=\"og:image:width\" content=\"1200\" \/>\n\t<meta property=\"og:image:height\" content=\"675\" \/>\n\t<meta property=\"og:image:type\" content=\"image\/jpeg\" \/>\n<meta name=\"author\" content=\"Giovanni Porf\u00edrio Jacomino\" \/>\n<meta name=\"twitter:card\" content=\"summary_large_image\" \/>\n<meta name=\"twitter:creator\" content=\"@sunoresearch\" \/>\n<meta name=\"twitter:site\" content=\"@sunoresearch\" \/>\n<meta name=\"twitter:label1\" content=\"Escrito por\" \/>\n\t<meta name=\"twitter:data1\" content=\"Giovanni Porf\u00edrio Jacomino\" \/>\n\t<meta name=\"twitter:label2\" content=\"Est. tempo de leitura\" \/>\n\t<meta name=\"twitter:data2\" content=\"4 minutos\" \/>\n<script type=\"application\/ld+json\" class=\"yoast-schema-graph\">{\"@context\":\"https:\/\/schema.org\",\"@graph\":[{\"@type\":\"NewsArticle\",\"@id\":\"https:\/\/www.suno.com.br\/noticias\/magazine-luiza-mglu3-casas-bahia-bhia3-black-friday-gpj\/#article\",\"isPartOf\":{\"@id\":\"https:\/\/www.suno.com.br\/noticias\/magazine-luiza-mglu3-casas-bahia-bhia3-black-friday-gpj\/\"},\"author\":{\"name\":\"Giovanni Porf\u00edrio Jacomino\",\"@id\":\"https:\/\/www.suno.com.br\/noticias\/#\/schema\/person\/d0f32748bbca4bee871fa191ee4e2d40\"},\"headline\":\"Magazine Luiza (MGLU3) e Casas Bahia (BHIA3) devem ser destaques na Black Friday em 2023, segundo XP\",\"datePublished\":\"2023-10-20T14:39:41+00:00\",\"dateModified\":\"2023-10-20T18:24:45+00:00\",\"mainEntityOfPage\":{\"@id\":\"https:\/\/www.suno.com.br\/noticias\/magazine-luiza-mglu3-casas-bahia-bhia3-black-friday-gpj\/\"},\"wordCount\":676,\"publisher\":{\"@id\":\"https:\/\/www.suno.com.br\/noticias\/#organization\"},\"image\":{\"@id\":\"https:\/\/www.suno.com.br\/noticias\/magazine-luiza-mglu3-casas-bahia-bhia3-black-friday-gpj\/#primaryimage\"},\"thumbnailUrl\":\"https:\/\/files.sunoresearch.com.br\/n\/uploads\/2022\/11\/magazine-luiza-mglu3-black-friday-loja-promocoes-foto-divulgacao-germano-luders.jpg\",\"keywords\":[\"Arezzo (ARZZ3)\",\"Black Friday\",\"Casas Bahia (BHIA3)\",\"Especialistas\",\"Grupo Soma (SOMA3)\",\"Lojas Renner (LREN3)\",\"Magazine Luiza (MGLU3)\",\"M\u00e9liuz (CASH3)\",\"Natura (NTCO3)\",\"varejo\"],\"articleSection\":[\"Neg\u00f3cios\"],\"inLanguage\":\"pt-BR\"},{\"@type\":\"WebPage\",\"@id\":\"https:\/\/www.suno.com.br\/noticias\/magazine-luiza-mglu3-casas-bahia-bhia3-black-friday-gpj\/\",\"url\":\"https:\/\/www.suno.com.br\/noticias\/magazine-luiza-mglu3-casas-bahia-bhia3-black-friday-gpj\/\",\"name\":\"Magazine Luiza e Casas Bahia devem ser destaques na Black Friday\",\"isPartOf\":{\"@id\":\"https:\/\/www.suno.com.br\/noticias\/#website\"},\"primaryImageOfPage\":{\"@id\":\"https:\/\/www.suno.com.br\/noticias\/magazine-luiza-mglu3-casas-bahia-bhia3-black-friday-gpj\/#primaryimage\"},\"image\":{\"@id\":\"https:\/\/www.suno.com.br\/noticias\/magazine-luiza-mglu3-casas-bahia-bhia3-black-friday-gpj\/#primaryimage\"},\"thumbnailUrl\":\"https:\/\/files.sunoresearch.com.br\/n\/uploads\/2022\/11\/magazine-luiza-mglu3-black-friday-loja-promocoes-foto-divulgacao-germano-luders.jpg\",\"datePublished\":\"2023-10-20T14:39:41+00:00\",\"dateModified\":\"2023-10-20T18:24:45+00:00\",\"description\":\"Segundo a XP. Magazine Luiza (MGLU3) e Casas Bahia (BHIA3) devem ser destaques na Black Friday em 2023, segundo XP.\",\"breadcrumb\":{\"@id\":\"https:\/\/www.suno.com.br\/noticias\/magazine-luiza-mglu3-casas-bahia-bhia3-black-friday-gpj\/#breadcrumb\"},\"inLanguage\":\"pt-BR\",\"potentialAction\":[{\"@type\":\"ReadAction\",\"target\":[\"https:\/\/www.suno.com.br\/noticias\/magazine-luiza-mglu3-casas-bahia-bhia3-black-friday-gpj\/\"]}]},{\"@type\":\"ImageObject\",\"inLanguage\":\"pt-BR\",\"@id\":\"https:\/\/www.suno.com.br\/noticias\/magazine-luiza-mglu3-casas-bahia-bhia3-black-friday-gpj\/#primaryimage\",\"url\":\"https:\/\/files.sunoresearch.com.br\/n\/uploads\/2022\/11\/magazine-luiza-mglu3-black-friday-loja-promocoes-foto-divulgacao-germano-luders.jpg\",\"contentUrl\":\"https:\/\/files.sunoresearch.com.br\/n\/uploads\/2022\/11\/magazine-luiza-mglu3-black-friday-loja-promocoes-foto-divulgacao-germano-luders.jpg\",\"width\":1200,\"height\":675,\"caption\":\"Magazine Luiza (MGLU3). Foto: Divulga\u00e7\u00e3o\/Germano L\u00fcders\"},{\"@type\":\"BreadcrumbList\",\"@id\":\"https:\/\/www.suno.com.br\/noticias\/magazine-luiza-mglu3-casas-bahia-bhia3-black-friday-gpj\/#breadcrumb\",\"itemListElement\":[{\"@type\":\"ListItem\",\"position\":1,\"name\":\"Not\u00edcias\",\"item\":\"https:\/\/www.suno.com.br\/noticias\/\"},{\"@type\":\"ListItem\",\"position\":2,\"name\":\"Neg\u00f3cios\",\"item\":\"https:\/\/www.suno.com.br\/noticias\/negocios\/\"},{\"@type\":\"ListItem\",\"position\":3,\"name\":\"Magazine Luiza (MGLU3) e Casas Bahia (BHIA3) devem ser destaques na Black Friday em 2023, segundo XP\"}]},{\"@type\":\"WebSite\",\"@id\":\"https:\/\/www.suno.com.br\/noticias\/#website\",\"url\":\"https:\/\/www.suno.com.br\/noticias\/\",\"name\":\"Suno Not\u00edcias\",\"description\":\"Seu portal de informa\u00e7\u00e3o sobre o mundo dos investimentos\",\"publisher\":{\"@id\":\"https:\/\/www.suno.com.br\/noticias\/#organization\"},\"potentialAction\":[{\"@type\":\"SearchAction\",\"target\":{\"@type\":\"EntryPoint\",\"urlTemplate\":\"https:\/\/www.suno.com.br\/noticias\/?s={search_term_string}\"},\"query-input\":{\"@type\":\"PropertyValueSpecification\",\"valueRequired\":true,\"valueName\":\"search_term_string\"}}],\"inLanguage\":\"pt-BR\"},{\"@type\":\"Organization\",\"@id\":\"https:\/\/www.suno.com.br\/noticias\/#organization\",\"name\":\"Suno Not\u00edcias\",\"url\":\"https:\/\/www.suno.com.br\/noticias\/\",\"logo\":{\"@type\":\"ImageObject\",\"inLanguage\":\"pt-BR\",\"@id\":\"https:\/\/www.suno.com.br\/noticias\/#\/schema\/logo\/image\/\",\"url\":\"https:\/\/files.sunoresearch.com.br\/n\/uploads\/2021\/09\/suno-logo.png\",\"contentUrl\":\"https:\/\/files.sunoresearch.com.br\/n\/uploads\/2021\/09\/suno-logo.png\",\"width\":180,\"height\":180,\"caption\":\"Suno Not\u00edcias\"},\"image\":{\"@id\":\"https:\/\/www.suno.com.br\/noticias\/#\/schema\/logo\/image\/\"},\"sameAs\":[\"https:\/\/facebook.com\/sunoresearch\",\"https:\/\/x.com\/sunoresearch\",\"https:\/\/www.instagram.com\/suno\",\"https:\/\/www.linkedin.com\/company\/suno-research\/\",\"https:\/\/www.youtube.com\/c\/sunoresearch\"]},{\"@type\":\"Person\",\"@id\":\"https:\/\/www.suno.com.br\/noticias\/#\/schema\/person\/d0f32748bbca4bee871fa191ee4e2d40\",\"name\":\"Giovanni Porf\u00edrio Jacomino\",\"image\":{\"@type\":\"ImageObject\",\"inLanguage\":\"pt-BR\",\"@id\":\"https:\/\/www.suno.com.br\/noticias\/#\/schema\/person\/image\/\",\"url\":\"https:\/\/secure.gravatar.com\/avatar\/efb32e19b730a121cb7a80f41ffec01a?s=96&r=g\",\"contentUrl\":\"https:\/\/secure.gravatar.com\/avatar\/efb32e19b730a121cb7a80f41ffec01a?s=96&r=g\",\"caption\":\"Giovanni Porf\u00edrio Jacomino\"},\"description\":\"Giovanni Porf\u00edrio Jacomino \u00e9 jornalista formado pela Universidade Estadual de Londrina (UEL) e p\u00f3s-graduado em Produ\u00e7\u00e3o e Pr\u00e1ticas Jornal\u00edsticas na Contemporaneidade na Faculdade C\u00e1sper L\u00edbero (FCL). Foi editor web no Startupi e no Finsiders, atuando ainda como editor no TC Mover, portal de not\u00edcias da TradersClub, fazendo a cobertura de assuntos relacionados ao mercado financeiro interno e externo. Atualmente, \u00e9 Rep\u00f3rter do Suno Not\u00edcias.\",\"url\":\"https:\/\/www.suno.com.br\/noticias\/author\/giovanni-porfiriosuno-com-br\/\"}]}<\/script>\n<!-- \/ Yoast SEO plugin. -->","yoast_head_json":{"title":"Magazine Luiza e Casas Bahia devem ser destaques na Black Friday","description":"Segundo a XP. Magazine Luiza (MGLU3) e Casas Bahia (BHIA3) devem ser destaques na Black Friday em 2023, segundo XP.","robots":{"index":"index","follow":"follow","max-snippet":"max-snippet:-1","max-image-preview":"max-image-preview:large","max-video-preview":"max-video-preview:-1"},"canonical":"https:\/\/www.suno.com.br\/noticias\/magazine-luiza-mglu3-casas-bahia-bhia3-black-friday-gpj\/","og_locale":"pt_BR","og_type":"article","og_title":"Magazine Luiza e Casas Bahia devem ser destaques na Black Friday","og_description":"Segundo a XP. Magazine Luiza (MGLU3) e Casas Bahia (BHIA3) devem ser destaques na Black Friday em 2023, segundo XP.","og_url":"https:\/\/www.suno.com.br\/noticias\/magazine-luiza-mglu3-casas-bahia-bhia3-black-friday-gpj\/","og_site_name":"Suno Not\u00edcias","article_publisher":"https:\/\/facebook.com\/sunoresearch","og_image":[{"width":1200,"height":675,"url":"https:\/\/files.sunoresearch.com.br\/n\/uploads\/2022\/11\/magazine-luiza-mglu3-black-friday-loja-promocoes-foto-divulgacao-germano-luders.jpg","type":"image\/jpeg"}],"author":"Giovanni Porf\u00edrio Jacomino","twitter_card":"summary_large_image","twitter_creator":"@sunoresearch","twitter_site":"@sunoresearch","twitter_misc":{"Escrito por":"Giovanni Porf\u00edrio Jacomino","Est. tempo de leitura":"4 minutos"},"schema":{"@context":"https:\/\/schema.org","@graph":[{"@type":"NewsArticle","@id":"https:\/\/www.suno.com.br\/noticias\/magazine-luiza-mglu3-casas-bahia-bhia3-black-friday-gpj\/#article","isPartOf":{"@id":"https:\/\/www.suno.com.br\/noticias\/magazine-luiza-mglu3-casas-bahia-bhia3-black-friday-gpj\/"},"author":{"name":"Giovanni Porf\u00edrio Jacomino","@id":"https:\/\/www.suno.com.br\/noticias\/#\/schema\/person\/d0f32748bbca4bee871fa191ee4e2d40"},"headline":"Magazine Luiza (MGLU3) e Casas Bahia (BHIA3) devem ser destaques na Black Friday em 2023, segundo XP","datePublished":"2023-10-20T14:39:41+00:00","dateModified":"2023-10-20T18:24:45+00:00","mainEntityOfPage":{"@id":"https:\/\/www.suno.com.br\/noticias\/magazine-luiza-mglu3-casas-bahia-bhia3-black-friday-gpj\/"},"wordCount":676,"publisher":{"@id":"https:\/\/www.suno.com.br\/noticias\/#organization"},"image":{"@id":"https:\/\/www.suno.com.br\/noticias\/magazine-luiza-mglu3-casas-bahia-bhia3-black-friday-gpj\/#primaryimage"},"thumbnailUrl":"https:\/\/files.sunoresearch.com.br\/n\/uploads\/2022\/11\/magazine-luiza-mglu3-black-friday-loja-promocoes-foto-divulgacao-germano-luders.jpg","keywords":["Arezzo (ARZZ3)","Black Friday","Casas Bahia (BHIA3)","Especialistas","Grupo Soma (SOMA3)","Lojas Renner (LREN3)","Magazine Luiza (MGLU3)","M\u00e9liuz (CASH3)","Natura (NTCO3)","varejo"],"articleSection":["Neg\u00f3cios"],"inLanguage":"pt-BR"},{"@type":"WebPage","@id":"https:\/\/www.suno.com.br\/noticias\/magazine-luiza-mglu3-casas-bahia-bhia3-black-friday-gpj\/","url":"https:\/\/www.suno.com.br\/noticias\/magazine-luiza-mglu3-casas-bahia-bhia3-black-friday-gpj\/","name":"Magazine Luiza e Casas Bahia devem ser destaques na Black Friday","isPartOf":{"@id":"https:\/\/www.suno.com.br\/noticias\/#website"},"primaryImageOfPage":{"@id":"https:\/\/www.suno.com.br\/noticias\/magazine-luiza-mglu3-casas-bahia-bhia3-black-friday-gpj\/#primaryimage"},"image":{"@id":"https:\/\/www.suno.com.br\/noticias\/magazine-luiza-mglu3-casas-bahia-bhia3-black-friday-gpj\/#primaryimage"},"thumbnailUrl":"https:\/\/files.sunoresearch.com.br\/n\/uploads\/2022\/11\/magazine-luiza-mglu3-black-friday-loja-promocoes-foto-divulgacao-germano-luders.jpg","datePublished":"2023-10-20T14:39:41+00:00","dateModified":"2023-10-20T18:24:45+00:00","description":"Segundo a XP. Magazine Luiza (MGLU3) e Casas Bahia (BHIA3) devem ser destaques na Black Friday em 2023, segundo XP.","breadcrumb":{"@id":"https:\/\/www.suno.com.br\/noticias\/magazine-luiza-mglu3-casas-bahia-bhia3-black-friday-gpj\/#breadcrumb"},"inLanguage":"pt-BR","potentialAction":[{"@type":"ReadAction","target":["https:\/\/www.suno.com.br\/noticias\/magazine-luiza-mglu3-casas-bahia-bhia3-black-friday-gpj\/"]}]},{"@type":"ImageObject","inLanguage":"pt-BR","@id":"https:\/\/www.suno.com.br\/noticias\/magazine-luiza-mglu3-casas-bahia-bhia3-black-friday-gpj\/#primaryimage","url":"https:\/\/files.sunoresearch.com.br\/n\/uploads\/2022\/11\/magazine-luiza-mglu3-black-friday-loja-promocoes-foto-divulgacao-germano-luders.jpg","contentUrl":"https:\/\/files.sunoresearch.com.br\/n\/uploads\/2022\/11\/magazine-luiza-mglu3-black-friday-loja-promocoes-foto-divulgacao-germano-luders.jpg","width":1200,"height":675,"caption":"Magazine Luiza (MGLU3). Foto: Divulga\u00e7\u00e3o\/Germano L\u00fcders"},{"@type":"BreadcrumbList","@id":"https:\/\/www.suno.com.br\/noticias\/magazine-luiza-mglu3-casas-bahia-bhia3-black-friday-gpj\/#breadcrumb","itemListElement":[{"@type":"ListItem","position":1,"name":"Not\u00edcias","item":"https:\/\/www.suno.com.br\/noticias\/"},{"@type":"ListItem","position":2,"name":"Neg\u00f3cios","item":"https:\/\/www.suno.com.br\/noticias\/negocios\/"},{"@type":"ListItem","position":3,"name":"Magazine Luiza (MGLU3) e Casas Bahia (BHIA3) devem ser destaques na Black Friday em 2023, segundo XP"}]},{"@type":"WebSite","@id":"https:\/\/www.suno.com.br\/noticias\/#website","url":"https:\/\/www.suno.com.br\/noticias\/","name":"Suno Not\u00edcias","description":"Seu portal de informa\u00e7\u00e3o sobre o mundo dos investimentos","publisher":{"@id":"https:\/\/www.suno.com.br\/noticias\/#organization"},"potentialAction":[{"@type":"SearchAction","target":{"@type":"EntryPoint","urlTemplate":"https:\/\/www.suno.com.br\/noticias\/?s={search_term_string}"},"query-input":{"@type":"PropertyValueSpecification","valueRequired":true,"valueName":"search_term_string"}}],"inLanguage":"pt-BR"},{"@type":"Organization","@id":"https:\/\/www.suno.com.br\/noticias\/#organization","name":"Suno Not\u00edcias","url":"https:\/\/www.suno.com.br\/noticias\/","logo":{"@type":"ImageObject","inLanguage":"pt-BR","@id":"https:\/\/www.suno.com.br\/noticias\/#\/schema\/logo\/image\/","url":"https:\/\/files.sunoresearch.com.br\/n\/uploads\/2021\/09\/suno-logo.png","contentUrl":"https:\/\/files.sunoresearch.com.br\/n\/uploads\/2021\/09\/suno-logo.png","width":180,"height":180,"caption":"Suno Not\u00edcias"},"image":{"@id":"https:\/\/www.suno.com.br\/noticias\/#\/schema\/logo\/image\/"},"sameAs":["https:\/\/facebook.com\/sunoresearch","https:\/\/x.com\/sunoresearch","https:\/\/www.instagram.com\/suno","https:\/\/www.linkedin.com\/company\/suno-research\/","https:\/\/www.youtube.com\/c\/sunoresearch"]},{"@type":"Person","@id":"https:\/\/www.suno.com.br\/noticias\/#\/schema\/person\/d0f32748bbca4bee871fa191ee4e2d40","name":"Giovanni Porf\u00edrio Jacomino","image":{"@type":"ImageObject","inLanguage":"pt-BR","@id":"https:\/\/www.suno.com.br\/noticias\/#\/schema\/person\/image\/","url":"https:\/\/secure.gravatar.com\/avatar\/efb32e19b730a121cb7a80f41ffec01a?s=96&r=g","contentUrl":"https:\/\/secure.gravatar.com\/avatar\/efb32e19b730a121cb7a80f41ffec01a?s=96&r=g","caption":"Giovanni Porf\u00edrio Jacomino"},"description":"Giovanni Porf\u00edrio Jacomino \u00e9 jornalista formado pela Universidade Estadual de Londrina (UEL) e p\u00f3s-graduado em Produ\u00e7\u00e3o e Pr\u00e1ticas Jornal\u00edsticas na Contemporaneidade na Faculdade C\u00e1sper L\u00edbero (FCL). Foi editor web no Startupi e no Finsiders, atuando ainda como editor no TC Mover, portal de not\u00edcias da TradersClub, fazendo a cobertura de assuntos relacionados ao mercado financeiro interno e externo. Atualmente, \u00e9 Rep\u00f3rter do Suno Not\u00edcias.","url":"https:\/\/www.suno.com.br\/noticias\/author\/giovanni-porfiriosuno-com-br\/"}]}},"default_loop_html":"<div class=\"cardsPage__listCard__boxs\"><div class=\"cardsPage__listCard__boxs__img\"><a href=\"https:\/\/www.suno.com.br\/noticias\/magazine-luiza-mglu3-casas-bahia-bhia3-black-friday-gpj\/\"><img class=\"mask\" src=\"https:\/\/www.suno.com.br\/noticias\/wp-content\/themes\/suno\/resources\/images\/spotlight\/spotlight1img\/bg-mask.png\" alt=\"Image Mask\"\/><img src=\"https:\/\/files.sunoresearch.com.br\/n\/uploads\/2022\/11\/magazine-luiza-mglu3-black-friday-loja-promocoes-foto-divulgacao-germano-luders-400x200.jpg\" alt=\"Magazine Luiza (MGLU3) e Casas Bahia (BHIA3) devem ser destaques na Black Friday em 2023, segundo XP\"\/><\/a><span class=\"spotlightCategory\"><a href=\"https:\/\/www.suno.com.br\/noticias\/negocios\/\">Neg\u00f3cios<\/a><\/span><\/div><div class=\"cardsPage__listCard__boxs__content\"><a href=\"https:\/\/www.suno.com.br\/noticias\/magazine-luiza-mglu3-casas-bahia-bhia3-black-friday-gpj\/\"><h2 class=\"content__title\">Magazine Luiza (MGLU3) e Casas Bahia (BHIA3) devem ser destaques na Black Friday em 2023, segundo XP<\/h2><\/a><div class=\"newsContent__article__meta\"><div class=\"newsContent__article__meta__authorBox\"><a href=\"https:\/\/www.suno.com.br\/noticias\/author\/giovanni-porfiriosuno-com-br\/\" class=\"authorBox__avatar noMobi\"><img src=\"https:\/\/files.sunoresearch.com.br\/n\/uploads\/2024\/05\/DSCF4115-1-1-150x150.webp\" alt=\"Giovanni Porf\u00edrio Jacomino\"><\/a><div class=\"authorBox__name\"><span>por\n\t\t\t<a href=\"https:\/\/www.suno.com.br\/noticias\/author\/giovanni-porfiriosuno-com-br\/\"><span itemprop=\"author\">Giovanni Porf\u00edrio Jacomino<\/span><\/a><\/span><time datetime=\"2023-10-20T11:39:41-03:00\" itemprop=\"datePublished\">20\/10\/2023 11:39<\/time><\/div><\/div><\/div><\/div><\/div>","single_layout":"posts","amp_enabled":true,"_links":{"self":[{"href":"https:\/\/www.suno.com.br\/noticias\/wp-json\/wp\/v2\/posts\/473916"}],"collection":[{"href":"https:\/\/www.suno.com.br\/noticias\/wp-json\/wp\/v2\/posts"}],"about":[{"href":"https:\/\/www.suno.com.br\/noticias\/wp-json\/wp\/v2\/types\/post"}],"author":[{"embeddable":true,"href":"https:\/\/www.suno.com.br\/noticias\/wp-json\/wp\/v2\/users\/313"}],"replies":[{"embeddable":true,"href":"https:\/\/www.suno.com.br\/noticias\/wp-json\/wp\/v2\/comments?post=473916"}],"version-history":[{"count":3,"href":"https:\/\/www.suno.com.br\/noticias\/wp-json\/wp\/v2\/posts\/473916\/revisions"}],"predecessor-version":[{"id":474087,"href":"https:\/\/www.suno.com.br\/noticias\/wp-json\/wp\/v2\/posts\/473916\/revisions\/474087"}],"wp:featuredmedia":[{"embeddable":true,"href":"https:\/\/www.suno.com.br\/noticias\/wp-json\/wp\/v2\/media\/324080"}],"wp:attachment":[{"href":"https:\/\/www.suno.com.br\/noticias\/wp-json\/wp\/v2\/media?parent=473916"}],"wp:term":[{"taxonomy":"category","embeddable":true,"href":"https:\/\/www.suno.com.br\/noticias\/wp-json\/wp\/v2\/categories?post=473916"},{"taxonomy":"post_tag","embeddable":true,"href":"https:\/\/www.suno.com.br\/noticias\/wp-json\/wp\/v2\/tags?post=473916"},{"taxonomy":"suno_strategy","embeddable":true,"href":"https:\/\/www.suno.com.br\/noticias\/wp-json\/wp\/v2\/suno_strategy?post=473916"}],"curies":[{"name":"wp","href":"https:\/\/api.w.org\/{rel}","templated":true}]}}