{"id":473830,"date":"2023-10-20T10:14:51","date_gmt":"2023-10-20T13:14:51","guid":{"rendered":"https:\/\/www.suno.com.br\/noticias\/?p=473830"},"modified":"2023-10-20T10:14:59","modified_gmt":"2023-10-20T13:14:59","slug":"destaques-petrobras-petr4-oi-oibr3-e-mais-va-2","status":"publish","type":"post","link":"https:\/\/www.suno.com.br\/noticias\/destaques-petrobras-petr4-oi-oibr3-e-mais-va-2\/","title":{"rendered":"Petrobras (PETR4), Oi (OIBR3) e Cemig (CMIG4) est\u00e3o no foco do mercado nesta sexta-feira (20); veja mais destaques"},"content":{"rendered":"<p>O reajuste de pre\u00e7os dos combust\u00edveis divulgado ontem (19) pela <strong>Petrobras<\/strong> (PETR4)  \u00e9 um dos destaques desta sexta-feira (20).&nbsp;<\/p>\t<div class=\"wrapper-featured-image\">\n\t\t<figure class=\"spotlightImg\">\n\n\t\t\t<picture>\n\t\t\t\t<source media=\"(max-width: 768px)\" srcset=\"https:\/\/files.sunoresearch.com.br\/n\/uploads\/2023\/10\/bolsa-mercado-ibovespa-acoes-subida-alta-400x200.jpg\">\n\t\t\t\t<img loading=\"lazy\" decoding=\"async\" class=\"newsContent__article__imgCapa lazyloadDisabled \" src=\"https:\/\/files.sunoresearch.com.br\/n\/uploads\/2023\/10\/bolsa-mercado-ibovespa-acoes-subida-alta-800x450.jpg\" width=\"800\" height=\"450\" alt=\"Petrobras (PETR4), Oi (OIBR3) e Cemig (CMIG4) est\u00e3o no foco do mercado nesta sexta-feira (20); veja mais destaques\" fetchpriority=high \/>\n\t\t\t<\/picture>\n\n\t\t\t<figcaption class=\"wp-caption-text wp-caption-text--show\">Carteira recomendada BTG<\/figcaption>\n\t\t<\/figure>\n\t<\/div>\n\n\n\n\n\n\t<p>\n\t\t<a href=\"https:\/\/lp.suno.com.br\/planilha-da-vida-financeira\/\" target=\"_blank\" data-element=\"shortcode-suno-banner\" title=\"Banner SUNO, clique e saiba mais\">\n\t\t\t<picture>\n\t\t\t\t<source media=\"(max-width: 500px)\" srcset=\"https:\/\/files.sunoresearch.com.br\/n\/uploads\/2023\/04\/400x300-Planilha-vida-financeira-true.png\">\n\t\t\t\t<img class=\"newsContent__article__imgCapa newsContent__article__imgCapa--banner\"\n\t\t\t\t\tsrc=\"https:\/\/files.sunoresearch.com.br\/n\/uploads\/2023\/04\/1420x240-Planilha-vida-financeira-true.png\"\n\t\t\t\t\tdata-promo-id=\"106682\"\t\t\t\t\t\t\t\t\t\twidth='1420' height='240'\t\t\t\t\talt=\"https:\/\/files.sunoresearch.com.br\/n\/uploads\/2023\/04\/1420x240-Planilha-vida-financeira-true.png\"\n\t\t\t\t>\n\t\t\t<\/picture>\n\t\t<\/a>\n\t<\/p>\n\n\n\n\n\n<p>Tamb\u00e9m est\u00e1 entre os<strong> destaques do mercado financeiro<\/strong> a informa\u00e7\u00e3o de que a <strong>Oi<\/strong> (OIBR3) vai leiloar fra\u00e7\u00e3o resultante do seu <a href=\"https:\/\/www.suno.com.br\/artigos\/grupamento-de-acoes\/\" target=\"_blank\" rel=\"noreferrer noopener\">grupamento de a\u00e7\u00f5es<\/a> na B3.<\/p>\n\n\n\n<p>A <a class=\"suno-keyword\" data-force=\"yes\" data-priority=\"2\" href=\"https:\/\/www.suno.com.br\/acoes\/CMIG4\/\" target=\"_blank\" rel=\"noopener\">Cemig (CMIG4)<\/a> tamb\u00e9m \u00e9 destaque hoje, depois do governador de Minas Gerais, Romeu Zema, apresentar a deputados estaduais uma pr\u00e9via do que \u00e9 a sua proposta para privatizar a estatal.&nbsp;<\/p>\n\n\n\n<p>Veja os <strong>destaques do mercado financeiro<\/strong> hoje:<\/p>\n\n\n\n<h2 class=\"wp-block-heading\">Petrobras&nbsp;<\/h2>\n\n\n\n<p>A Petrobras (<strong>PETR4<\/strong>) anunciou uma <strong>redu\u00e7\u00e3o no pre\u00e7o da gasolina<\/strong> para as distribuidoras em R$ 0,12 por litro, o que representa uma queda de 4,09% em rela\u00e7\u00e3o ao pre\u00e7o anterior.<\/p>\n\n\n\n<p>Al\u00e9m disso, a <strong>Petrobras aumentou o pre\u00e7o do diesel<\/strong> em R$ 0,25 por litro, o que corresponde a um acr\u00e9scimo de 6,57%.<\/p>\n\n\n\n<p>Os <strong>novos pre\u00e7os dos combust\u00edveis<\/strong> para as distribuidoras passam a valer a partir do pr\u00f3ximo s\u00e1bado (21). Assim, a gasolina custar\u00e1 R$ 2,81 por litro e o diesel, R$ 4,05 por litro.<\/p>\n\n\n\t<div data-element=\"shortcode-read-more\" class=\"knowMore\">\n\t\t\t\t<span class=\"knowMore__title\">Leia mais<\/span>\n\t\t\t\t<a class=\"knowMore__link\" href=\"https:\/\/www.suno.com.br\/noticias\/petrobras-petr4-preco-gasolina-diesel-jvj\/\">\n\t\t\tPetrobras (PETR4) anuncia redu\u00e7\u00e3o no pre\u00e7o da gasolina e aumento do diesel\t\t<\/a>\n\t<\/div>\n\n\n\n\n<h2 class=\"wp-block-heading\">Oi&nbsp;<\/h2>\n\n\n\n<p>A <a class=\"suno-keyword\" data-force=\"yes\" data-priority=\"2\" href=\"https:\/\/www.suno.com.br\/acoes\/OIBR3\/\" target=\"_blank\" rel=\"noopener\"><strong>Oi (OIBR3)<\/strong><\/a> informou que as fra\u00e7\u00f5es de a\u00e7\u00f5es resultantes de seu grupamento foram reagrupadas em 285.767 <a class=\"suno-keyword\" data-force=\"no\" data-priority=\"1\" href=\"https:\/\/www.suno.com.br\/artigos\/o-que-sao-acoes-ordinarias-preferenciais-e-units\/\" target=\"_blank\" rel=\"noopener\">a\u00e7\u00f5es ordin\u00e1rias<\/a> e 282.807 <a class=\"suno-keyword\" data-force=\"no\" data-priority=\"1\" href=\"https:\/\/www.suno.com.br\/artigos\/acoes-preferenciais\/\" target=\"_blank\" rel=\"noopener\">a\u00e7\u00f5es preferenciais<\/a> (total de 568.574), para serem vendidas na Bolsa de Valores.<\/p>\n\n\n\n<p>Assim, a partir de 23 de outubro de 2023, haver\u00e1 sucessivos leil\u00f5es de a\u00e7\u00f5es da Oi na B3, at\u00e9 que todas sejam vendidas.<\/p>\n\n\n\n<p>Os valores l\u00edquidos das vendas realizadas nos leil\u00f5es v\u00e3o ser pagos aos titulares das fra\u00e7\u00f5es em at\u00e9 7 dias \u00fateis.&nbsp;<\/p>\n\n\n\t<div data-element=\"shortcode-read-more\" class=\"knowMore\">\n\t\t\t\t<span class=\"knowMore__title\">Leia mais<\/span>\n\t\t\t\t<a class=\"knowMore__link\" href=\"https:\/\/www.suno.com.br\/noticias\/oi-oibr3-leilao-de-acoes-bolsa-valores-jvj\/\">\n\t\t\tOi (OIBR3) vai leiloar mais de 568,5 mil a\u00e7\u00f5es na Bolsa de Valores; saiba quando\t\t<\/a>\n\t<\/div>\n\n\n\n\n<h2 class=\"wp-block-heading\">Cemig<\/h2>\n\n\n\n<p>O governador de Minas Gerais, Romeu Zema (Novo), apresentou a deputados estaduais uma pr\u00e9via do que \u00e9 a sua proposta para privatizar a estatal de energia el\u00e9trica <strong>Cemig (CMIG4)<\/strong>.<\/p>\n\n\n\n<p>O plano de Zema \u00e9 tornar a empresa uma corpora\u00e7\u00e3o \u2013 ou seja, fazer com que a Cemig tenha uma estrutura societ\u00e1ria sem um <a class=\"suno-keyword\" target=\"_blank\" data-force=\"no\" data-priority=\"1\" href=\"https:\/\/www.suno.com.br\/artigos\/acionista-controlador\/\" rel=\"noopener\">acionista controlador<\/a>.<\/p>\n\n\n\n<p>Apesar disso, a expectativa \u00e9 de que o Governo de Minas Gerais siga como o principal acionista por hora, com 17% do capital.<\/p>\n\n\n\n<p>Al\u00e9m disso, a Fitch Ratings reafirmou os ratings corporativos da companhia e das suas subsidi\u00e1rias em BB na escala global e AA+ (bra) na escala Nacional, com perspectiva est\u00e1vel.<\/p>\n\n\n\t<div data-element=\"shortcode-read-more\" class=\"knowMore\">\n\t\t\t\t<span class=\"knowMore__title\">Leia mais<\/span>\n\t\t\t\t<a class=\"knowMore__link\" href=\"https:\/\/www.suno.com.br\/noticias\/cemig-cmig4-privatizacao-zema-evm\/\">\n\t\t\tCemig (CMIG4): Zema apresenta plano de privatiza\u00e7\u00e3o da empresa\t\t<\/a>\n\t<\/div>\n\n\n\n\n<h2 class=\"wp-block-heading\">SLC Agr\u00edcola<\/h2>\n\n\n\n<p>A <a class=\"suno-keyword\" data-force=\"yes\" data-priority=\"2\" href=\"https:\/\/www.suno.com.br\/acoes\/SLCE3\/\" target=\"_blank\" rel=\"noopener\"><strong>SLC Agr\u00edcola (SLCE3)<\/strong><\/a> anunciou que foi conclu\u00eddo o seu programa de <a class=\"suno-keyword\" data-force=\"no\" data-priority=\"1\" href=\"https:\/\/www.suno.com.br\/artigos\/recompra-de-acoes\/\" target=\"_blank\" rel=\"noopener\">recompra de a\u00e7\u00f5es<\/a>. Durante o programa, foram adquiridas 5 milh\u00f5es de <a class=\"suno-keyword\" target=\"_blank\" data-force=\"no\" data-priority=\"1\" href=\"https:\/\/www.suno.com.br\/artigos\/o-que-sao-acoes-ordinarias-preferenciais-e-units\/\" rel=\"noopener\">a\u00e7\u00f5es ordin\u00e1rias<\/a>, que representam 2,21% do capital social da companhia.<\/p>\n\n\n\n<h2 class=\"wp-block-heading\">Ser Educacional&nbsp;<\/h2>\n\n\n\n<p>A <a class=\"suno-keyword\" data-force=\"yes\" data-priority=\"2\" href=\"https:\/\/www.suno.com.br\/acoes\/SEER3\/\" target=\"_blank\" rel=\"noopener\"><strong>Ser Educacional (SEER3)<\/strong><\/a> informou que ocorreu o encerramento de sua 4\u00aa emiss\u00e3o de 200 mil deb\u00eantures simples, n\u00e3o convers\u00edveis em a\u00e7\u00f5es, em s\u00e9rie \u00fanica, da esp\u00e9cie quirograf\u00e1ria, com <a class=\"suno-keyword\" data-force=\"no\" data-priority=\"1\" href=\"https:\/\/www.suno.com.br\/artigos\/valor-nominal\/\" target=\"_blank\" rel=\"noopener\">valor nominal<\/a> unit\u00e1rio de R$1 mil reais, no montante total de R$200 milh\u00f5es.&nbsp;<\/p>\n\n\n\n<h2 class=\"wp-block-heading\">BR Properties<\/h2>\n\n\n\n<p>A <a class=\"suno-keyword\" data-force=\"yes\" data-priority=\"2\" href=\"https:\/\/www.suno.com.br\/acoes\/BRPR3\/\" target=\"_blank\" rel=\"noopener\"><strong>BR Properties (BRPR3)<\/strong><\/a> divulgou que a assembleia geral extraordin\u00e1ria da companhia (AGE) aprovou o resgate da totalidade das a\u00e7\u00f5es que remanesceram em circula\u00e7\u00e3o no mercado ap\u00f3s a realiza\u00e7\u00e3o, em 16 de outubro de 2023, do leil\u00e3o da oferta p\u00fablica para aquisi\u00e7\u00e3o das a\u00e7\u00f5es de emiss\u00e3o.&nbsp;<\/p>\n\n\n\t<p>\n\t\t<a href=\"https:\/\/lp.suno.com.br\/ebook-como-analisar-uma-acao\/\" target=\"_blank\" data-element=\"shortcode-suno-banner\" title=\"Banner SUNO, clique e saiba mais\">\n\t\t\t<picture>\n\t\t\t\t<source media=\"(max-width: 500px)\" srcset=\"https:\/\/files.sunoresearch.com.br\/n\/uploads\/2023\/03\/Ebook-Acoes-Mobile.jpg\">\n\t\t\t\t<img class=\"newsContent__article__imgCapa newsContent__article__imgCapa--banner\"\n\t\t\t\t\tsrc=\"https:\/\/files.sunoresearch.com.br\/n\/uploads\/2023\/03\/Ebook-Acoes-Desktop.jpg\"\n\t\t\t\t\tdata-promo-id=\"378302\"\t\t\t\t\t\t\t\t\t\twidth='1420' height='286'\t\t\t\t\talt=\"https:\/\/files.sunoresearch.com.br\/n\/uploads\/2023\/03\/Ebook-Acoes-Desktop.jpg\"\n\t\t\t\t>\n\t\t\t<\/picture>\n\t\t<\/a>\n\t<\/p>\n\n\n\n\n\n<p>Dessa forma, ser\u00e3o resgatadas todas as 17.201 <a class=\"suno-keyword\" target=\"_blank\" data-force=\"no\" data-priority=\"1\" href=\"https:\/\/www.suno.com.br\/artigos\/o-que-sao-acoes-ordinarias-preferenciais-e-units\/\" rel=\"noopener\">a\u00e7\u00f5es ordin\u00e1rias<\/a> de emiss\u00e3o da companhia em circula\u00e7\u00e3o, representativas, nesta data, de aproximadamente 3,704% de seu capital social total e votante.&nbsp;<\/p>\n\n\n\n<h2 class=\"wp-block-heading\">MRV<\/h2>\n\n\n\n<p>A <a class=\"suno-keyword\" data-force=\"yes\" data-priority=\"2\" href=\"https:\/\/www.suno.com.br\/acoes\/MRVE3\/\" target=\"_blank\" rel=\"noopener\"><strong>MRV (MRVE3)<\/strong><\/a> comunicou a atualiza\u00e7\u00e3o sobre os empreendimentos da Resia, subsidi\u00e1ria da companhia nos Estados Unidos. Ao todo, cinco projetos devem ser vendidos at\u00e9 o final de 2024, totalizando um valor geral de vendas (VGV) de cerca de US$ 400 milh\u00f5es (cerca de R$ 2 bilh\u00f5es), com um cap-rate estimado de 5,8%.<\/p>\n\n\n\t<div data-element=\"shortcode-read-more\" class=\"knowMore\">\n\t\t\t\t<span class=\"knowMore__title\">Leia mais<\/span>\n\t\t\t\t<a class=\"knowMore__link\" href=\"https:\/\/www.suno.com.br\/noticias\/mrv-mrve3-vendas-gpj\/\">\n\t\t\tMRV (MRVE3): vendas de subsidi\u00e1ria americana devem alcan\u00e7ar cerca de R$ 2 bi at\u00e9 2024\t\t<\/a>\n\t<\/div>\n\n\n\n\n<p>Os destaques do mercado financeiro do Suno Not\u00edcias mostram os principais acontecimentos que prometem movimentar o mercado durante o dia, como a <strong>Petrobras<\/strong> (PETR4), que deve estar no foco dos investidores ao longo do dia.<\/p>\n\n\n\t<p>\n\t\t<a href=\"https:\/\/lp.suno.com.br\/planilha-da-vida-financeira\/\" target=\"_blank\" data-element=\"shortcode-suno-banner\" title=\"Banner SUNO, clique e saiba mais\">\n\t\t\t<picture>\n\t\t\t\t<source media=\"(max-width: 500px)\" srcset=\"https:\/\/files.sunoresearch.com.br\/n\/uploads\/2023\/04\/400x300-Planilha-vida-financeira-true.png\">\n\t\t\t\t<img class=\"newsContent__article__imgCapa newsContent__article__imgCapa--banner\"\n\t\t\t\t\tsrc=\"https:\/\/files.sunoresearch.com.br\/n\/uploads\/2023\/04\/1420x240-Planilha-vida-financeira-true.png\"\n\t\t\t\t\tdata-promo-id=\"383123\"\t\t\t\t\t\t\t\t\t\twidth='1420' height='240'\t\t\t\t\talt=\"https:\/\/files.sunoresearch.com.br\/n\/uploads\/2023\/04\/1420x240-Planilha-vida-financeira-true.png\"\n\t\t\t\t>\n\t\t\t<\/picture>\n\t\t<\/a>\n\t<\/p>\n\n\n","protected":false},"excerpt":{"rendered":"<p>O reajuste de pre\u00e7os dos combust\u00edveis divulgado ontem (19) pela Petrobras (PETR4) \u00e9 um dos destaques desta sexta-feira (20).&nbsp; Carteira recomendada BTG Tamb\u00e9m est\u00e1 entre os destaques do mercado financeiro a informa\u00e7\u00e3o de que a Oi (OIBR3) vai leiloar fra\u00e7\u00e3o resultante do seu grupamento de a\u00e7\u00f5es na B3. A Cemig (CMIG4) tamb\u00e9m \u00e9 destaque hoje, [&hellip;]<\/p>\n","protected":false},"author":301,"featured_media":473498,"comment_status":"closed","ping_status":"closed","sticky":false,"template":"","format":"standard","meta":[],"categories":[60],"tags":[286,391,420,2054,584,595,632,635],"suno_strategy":[],"class_list":["post-473830","post","type-post","status-publish","format-standard","has-post-thumbnail","hentry","category-mercado","tag-acoes","tag-br-properties-brpr3","tag-cemig-cmig3-cmig4","tag-mrv-mrve3","tag-oi-oibr3-oibr4","tag-petrobras-petr4","tag-ser-educacional-seer3","tag-slc-agricola-slce3"],"yoast_head":"<!-- This site is optimized with the Yoast SEO plugin v24.4 - https:\/\/yoast.com\/wordpress\/plugins\/seo\/ -->\n<title>Petrobras (PETR4) e Oi (OIBR3) est\u00e3o no foco do mercado hoje (20)<\/title>\n<meta name=\"description\" content=\"O reajuste de pre\u00e7os dos combust\u00edveis divulgado ontem (19) pela Petrobras (PETR4) \u00e9 um dos destaques desta sexta-feira (20).\u00a0\" \/>\n<meta name=\"robots\" content=\"index, follow, max-snippet:-1, max-image-preview:large, max-video-preview:-1\" \/>\n<link rel=\"canonical\" href=\"https:\/\/www.suno.com.br\/noticias\/destaques-petrobras-petr4-oi-oibr3-e-mais-va-2\/\" \/>\n<meta property=\"og:locale\" content=\"pt_BR\" \/>\n<meta property=\"og:type\" content=\"article\" \/>\n<meta property=\"og:title\" content=\"Petrobras (PETR4) e Oi (OIBR3) est\u00e3o no foco do mercado hoje (20)\" \/>\n<meta property=\"og:description\" content=\"O reajuste de pre\u00e7os dos combust\u00edveis divulgado ontem (19) pela Petrobras (PETR4) \u00e9 um dos destaques desta sexta-feira (20).\u00a0\" \/>\n<meta property=\"og:url\" content=\"https:\/\/www.suno.com.br\/noticias\/destaques-petrobras-petr4-oi-oibr3-e-mais-va-2\/\" \/>\n<meta property=\"og:site_name\" content=\"Suno Not\u00edcias\" \/>\n<meta property=\"article:publisher\" content=\"https:\/\/facebook.com\/sunoresearch\" \/>\n<meta property=\"og:image\" content=\"https:\/\/files.sunoresearch.com.br\/n\/uploads\/2023\/10\/bolsa-mercado-ibovespa-acoes-subida-alta.jpg\" \/>\n\t<meta property=\"og:image:width\" content=\"1200\" \/>\n\t<meta property=\"og:image:height\" content=\"800\" \/>\n\t<meta property=\"og:image:type\" content=\"image\/jpeg\" \/>\n<meta name=\"author\" content=\"Vin\u00edcius Alves\" \/>\n<meta name=\"twitter:card\" content=\"summary_large_image\" \/>\n<meta name=\"twitter:creator\" content=\"@sunoresearch\" \/>\n<meta name=\"twitter:site\" content=\"@sunoresearch\" \/>\n<meta name=\"twitter:label1\" content=\"Escrito por\" \/>\n\t<meta name=\"twitter:data1\" content=\"Vin\u00edcius Alves\" \/>\n\t<meta name=\"twitter:label2\" content=\"Est. tempo de leitura\" \/>\n\t<meta name=\"twitter:data2\" content=\"4 minutos\" \/>\n<script type=\"application\/ld+json\" class=\"yoast-schema-graph\">{\"@context\":\"https:\/\/schema.org\",\"@graph\":[{\"@type\":\"NewsArticle\",\"@id\":\"https:\/\/www.suno.com.br\/noticias\/destaques-petrobras-petr4-oi-oibr3-e-mais-va-2\/#article\",\"isPartOf\":{\"@id\":\"https:\/\/www.suno.com.br\/noticias\/destaques-petrobras-petr4-oi-oibr3-e-mais-va-2\/\"},\"author\":{\"name\":\"Vin\u00edcius Alves\",\"@id\":\"https:\/\/www.suno.com.br\/noticias\/#\/schema\/person\/4a180549702d0e236b3e420862bcded3\"},\"headline\":\"Petrobras (PETR4), Oi (OIBR3) e Cemig (CMIG4) est\u00e3o no foco do mercado nesta sexta-feira (20); veja mais destaques\",\"datePublished\":\"2023-10-20T13:14:51+00:00\",\"dateModified\":\"2023-10-20T13:14:59+00:00\",\"mainEntityOfPage\":{\"@id\":\"https:\/\/www.suno.com.br\/noticias\/destaques-petrobras-petr4-oi-oibr3-e-mais-va-2\/\"},\"wordCount\":672,\"publisher\":{\"@id\":\"https:\/\/www.suno.com.br\/noticias\/#organization\"},\"image\":{\"@id\":\"https:\/\/www.suno.com.br\/noticias\/destaques-petrobras-petr4-oi-oibr3-e-mais-va-2\/#primaryimage\"},\"thumbnailUrl\":\"https:\/\/files.sunoresearch.com.br\/n\/uploads\/2023\/10\/bolsa-mercado-ibovespa-acoes-subida-alta.jpg\",\"keywords\":[\"A\u00e7\u00f5es\",\"BR Properties (BRPR3)\",\"Cemig (CMIG3\/CMIG4)\",\"MRV (MRVE3)\",\"Oi (OIBR3\/OIBR4)\",\"Petrobras (PETR4)\",\"Ser Educacional (SEER3)\",\"SLC Agr\u00edcola (SLCE3)\"],\"articleSection\":[\"Mercado\"],\"inLanguage\":\"pt-BR\"},{\"@type\":\"WebPage\",\"@id\":\"https:\/\/www.suno.com.br\/noticias\/destaques-petrobras-petr4-oi-oibr3-e-mais-va-2\/\",\"url\":\"https:\/\/www.suno.com.br\/noticias\/destaques-petrobras-petr4-oi-oibr3-e-mais-va-2\/\",\"name\":\"Petrobras (PETR4) e Oi (OIBR3) est\u00e3o no foco do mercado hoje (20)\",\"isPartOf\":{\"@id\":\"https:\/\/www.suno.com.br\/noticias\/#website\"},\"primaryImageOfPage\":{\"@id\":\"https:\/\/www.suno.com.br\/noticias\/destaques-petrobras-petr4-oi-oibr3-e-mais-va-2\/#primaryimage\"},\"image\":{\"@id\":\"https:\/\/www.suno.com.br\/noticias\/destaques-petrobras-petr4-oi-oibr3-e-mais-va-2\/#primaryimage\"},\"thumbnailUrl\":\"https:\/\/files.sunoresearch.com.br\/n\/uploads\/2023\/10\/bolsa-mercado-ibovespa-acoes-subida-alta.jpg\",\"datePublished\":\"2023-10-20T13:14:51+00:00\",\"dateModified\":\"2023-10-20T13:14:59+00:00\",\"description\":\"O reajuste de pre\u00e7os dos combust\u00edveis divulgado ontem (19) pela Petrobras (PETR4) \u00e9 um dos destaques desta sexta-feira (20).\u00a0\",\"breadcrumb\":{\"@id\":\"https:\/\/www.suno.com.br\/noticias\/destaques-petrobras-petr4-oi-oibr3-e-mais-va-2\/#breadcrumb\"},\"inLanguage\":\"pt-BR\",\"potentialAction\":[{\"@type\":\"ReadAction\",\"target\":[\"https:\/\/www.suno.com.br\/noticias\/destaques-petrobras-petr4-oi-oibr3-e-mais-va-2\/\"]}]},{\"@type\":\"ImageObject\",\"inLanguage\":\"pt-BR\",\"@id\":\"https:\/\/www.suno.com.br\/noticias\/destaques-petrobras-petr4-oi-oibr3-e-mais-va-2\/#primaryimage\",\"url\":\"https:\/\/files.sunoresearch.com.br\/n\/uploads\/2023\/10\/bolsa-mercado-ibovespa-acoes-subida-alta.jpg\",\"contentUrl\":\"https:\/\/files.sunoresearch.com.br\/n\/uploads\/2023\/10\/bolsa-mercado-ibovespa-acoes-subida-alta.jpg\",\"width\":1200,\"height\":800,\"caption\":\"Carteira recomendada BTG\"},{\"@type\":\"BreadcrumbList\",\"@id\":\"https:\/\/www.suno.com.br\/noticias\/destaques-petrobras-petr4-oi-oibr3-e-mais-va-2\/#breadcrumb\",\"itemListElement\":[{\"@type\":\"ListItem\",\"position\":1,\"name\":\"Not\u00edcias\",\"item\":\"https:\/\/www.suno.com.br\/noticias\/\"},{\"@type\":\"ListItem\",\"position\":2,\"name\":\"Mercado\",\"item\":\"https:\/\/www.suno.com.br\/noticias\/mercado\/\"},{\"@type\":\"ListItem\",\"position\":3,\"name\":\"Petrobras (PETR4), Oi (OIBR3) e Cemig (CMIG4) est\u00e3o no foco do mercado nesta sexta-feira (20); veja mais destaques\"}]},{\"@type\":\"WebSite\",\"@id\":\"https:\/\/www.suno.com.br\/noticias\/#website\",\"url\":\"https:\/\/www.suno.com.br\/noticias\/\",\"name\":\"Suno Not\u00edcias\",\"description\":\"Seu portal de informa\u00e7\u00e3o sobre o mundo dos investimentos\",\"publisher\":{\"@id\":\"https:\/\/www.suno.com.br\/noticias\/#organization\"},\"potentialAction\":[{\"@type\":\"SearchAction\",\"target\":{\"@type\":\"EntryPoint\",\"urlTemplate\":\"https:\/\/www.suno.com.br\/noticias\/?s={search_term_string}\"},\"query-input\":{\"@type\":\"PropertyValueSpecification\",\"valueRequired\":true,\"valueName\":\"search_term_string\"}}],\"inLanguage\":\"pt-BR\"},{\"@type\":\"Organization\",\"@id\":\"https:\/\/www.suno.com.br\/noticias\/#organization\",\"name\":\"Suno Not\u00edcias\",\"url\":\"https:\/\/www.suno.com.br\/noticias\/\",\"logo\":{\"@type\":\"ImageObject\",\"inLanguage\":\"pt-BR\",\"@id\":\"https:\/\/www.suno.com.br\/noticias\/#\/schema\/logo\/image\/\",\"url\":\"https:\/\/files.sunoresearch.com.br\/n\/uploads\/2021\/09\/suno-logo.png\",\"contentUrl\":\"https:\/\/files.sunoresearch.com.br\/n\/uploads\/2021\/09\/suno-logo.png\",\"width\":180,\"height\":180,\"caption\":\"Suno Not\u00edcias\"},\"image\":{\"@id\":\"https:\/\/www.suno.com.br\/noticias\/#\/schema\/logo\/image\/\"},\"sameAs\":[\"https:\/\/facebook.com\/sunoresearch\",\"https:\/\/x.com\/sunoresearch\",\"https:\/\/www.instagram.com\/suno\",\"https:\/\/www.linkedin.com\/company\/suno-research\/\",\"https:\/\/www.youtube.com\/c\/sunoresearch\"]},{\"@type\":\"Person\",\"@id\":\"https:\/\/www.suno.com.br\/noticias\/#\/schema\/person\/4a180549702d0e236b3e420862bcded3\",\"name\":\"Vin\u00edcius Alves\",\"image\":{\"@type\":\"ImageObject\",\"inLanguage\":\"pt-BR\",\"@id\":\"https:\/\/www.suno.com.br\/noticias\/#\/schema\/person\/image\/\",\"url\":\"https:\/\/secure.gravatar.com\/avatar\/a95b7fe6d1b813f7907d4f476d5a39e1?s=96&r=g\",\"contentUrl\":\"https:\/\/secure.gravatar.com\/avatar\/a95b7fe6d1b813f7907d4f476d5a39e1?s=96&r=g\",\"caption\":\"Vin\u00edcius Alves\"},\"description\":\"Jornalista formado na Faculdade C\u00e1sper L\u00edbero. Com passagens pela Ag\u00eancia Estado, InfoMoney e Editora Globo.\",\"url\":\"https:\/\/www.suno.com.br\/noticias\/author\/vini08correiagmail-com\/\"}]}<\/script>\n<!-- \/ Yoast SEO plugin. -->","yoast_head_json":{"title":"Petrobras (PETR4) e Oi (OIBR3) est\u00e3o no foco do mercado hoje (20)","description":"O reajuste de pre\u00e7os dos combust\u00edveis divulgado ontem (19) pela Petrobras (PETR4) \u00e9 um dos destaques desta sexta-feira (20).\u00a0","robots":{"index":"index","follow":"follow","max-snippet":"max-snippet:-1","max-image-preview":"max-image-preview:large","max-video-preview":"max-video-preview:-1"},"canonical":"https:\/\/www.suno.com.br\/noticias\/destaques-petrobras-petr4-oi-oibr3-e-mais-va-2\/","og_locale":"pt_BR","og_type":"article","og_title":"Petrobras (PETR4) e Oi (OIBR3) est\u00e3o no foco do mercado hoje (20)","og_description":"O reajuste de pre\u00e7os dos combust\u00edveis divulgado ontem (19) pela Petrobras (PETR4) \u00e9 um dos destaques desta sexta-feira (20).\u00a0","og_url":"https:\/\/www.suno.com.br\/noticias\/destaques-petrobras-petr4-oi-oibr3-e-mais-va-2\/","og_site_name":"Suno Not\u00edcias","article_publisher":"https:\/\/facebook.com\/sunoresearch","og_image":[{"width":1200,"height":800,"url":"https:\/\/files.sunoresearch.com.br\/n\/uploads\/2023\/10\/bolsa-mercado-ibovespa-acoes-subida-alta.jpg","type":"image\/jpeg"}],"author":"Vin\u00edcius Alves","twitter_card":"summary_large_image","twitter_creator":"@sunoresearch","twitter_site":"@sunoresearch","twitter_misc":{"Escrito por":"Vin\u00edcius Alves","Est. tempo de leitura":"4 minutos"},"schema":{"@context":"https:\/\/schema.org","@graph":[{"@type":"NewsArticle","@id":"https:\/\/www.suno.com.br\/noticias\/destaques-petrobras-petr4-oi-oibr3-e-mais-va-2\/#article","isPartOf":{"@id":"https:\/\/www.suno.com.br\/noticias\/destaques-petrobras-petr4-oi-oibr3-e-mais-va-2\/"},"author":{"name":"Vin\u00edcius Alves","@id":"https:\/\/www.suno.com.br\/noticias\/#\/schema\/person\/4a180549702d0e236b3e420862bcded3"},"headline":"Petrobras (PETR4), Oi (OIBR3) e Cemig (CMIG4) est\u00e3o no foco do mercado nesta sexta-feira (20); veja mais destaques","datePublished":"2023-10-20T13:14:51+00:00","dateModified":"2023-10-20T13:14:59+00:00","mainEntityOfPage":{"@id":"https:\/\/www.suno.com.br\/noticias\/destaques-petrobras-petr4-oi-oibr3-e-mais-va-2\/"},"wordCount":672,"publisher":{"@id":"https:\/\/www.suno.com.br\/noticias\/#organization"},"image":{"@id":"https:\/\/www.suno.com.br\/noticias\/destaques-petrobras-petr4-oi-oibr3-e-mais-va-2\/#primaryimage"},"thumbnailUrl":"https:\/\/files.sunoresearch.com.br\/n\/uploads\/2023\/10\/bolsa-mercado-ibovespa-acoes-subida-alta.jpg","keywords":["A\u00e7\u00f5es","BR Properties (BRPR3)","Cemig (CMIG3\/CMIG4)","MRV (MRVE3)","Oi (OIBR3\/OIBR4)","Petrobras (PETR4)","Ser Educacional (SEER3)","SLC Agr\u00edcola (SLCE3)"],"articleSection":["Mercado"],"inLanguage":"pt-BR"},{"@type":"WebPage","@id":"https:\/\/www.suno.com.br\/noticias\/destaques-petrobras-petr4-oi-oibr3-e-mais-va-2\/","url":"https:\/\/www.suno.com.br\/noticias\/destaques-petrobras-petr4-oi-oibr3-e-mais-va-2\/","name":"Petrobras (PETR4) e Oi (OIBR3) est\u00e3o no foco do mercado hoje (20)","isPartOf":{"@id":"https:\/\/www.suno.com.br\/noticias\/#website"},"primaryImageOfPage":{"@id":"https:\/\/www.suno.com.br\/noticias\/destaques-petrobras-petr4-oi-oibr3-e-mais-va-2\/#primaryimage"},"image":{"@id":"https:\/\/www.suno.com.br\/noticias\/destaques-petrobras-petr4-oi-oibr3-e-mais-va-2\/#primaryimage"},"thumbnailUrl":"https:\/\/files.sunoresearch.com.br\/n\/uploads\/2023\/10\/bolsa-mercado-ibovespa-acoes-subida-alta.jpg","datePublished":"2023-10-20T13:14:51+00:00","dateModified":"2023-10-20T13:14:59+00:00","description":"O reajuste de pre\u00e7os dos combust\u00edveis divulgado ontem (19) pela Petrobras (PETR4) \u00e9 um dos destaques desta sexta-feira (20).\u00a0","breadcrumb":{"@id":"https:\/\/www.suno.com.br\/noticias\/destaques-petrobras-petr4-oi-oibr3-e-mais-va-2\/#breadcrumb"},"inLanguage":"pt-BR","potentialAction":[{"@type":"ReadAction","target":["https:\/\/www.suno.com.br\/noticias\/destaques-petrobras-petr4-oi-oibr3-e-mais-va-2\/"]}]},{"@type":"ImageObject","inLanguage":"pt-BR","@id":"https:\/\/www.suno.com.br\/noticias\/destaques-petrobras-petr4-oi-oibr3-e-mais-va-2\/#primaryimage","url":"https:\/\/files.sunoresearch.com.br\/n\/uploads\/2023\/10\/bolsa-mercado-ibovespa-acoes-subida-alta.jpg","contentUrl":"https:\/\/files.sunoresearch.com.br\/n\/uploads\/2023\/10\/bolsa-mercado-ibovespa-acoes-subida-alta.jpg","width":1200,"height":800,"caption":"Carteira recomendada BTG"},{"@type":"BreadcrumbList","@id":"https:\/\/www.suno.com.br\/noticias\/destaques-petrobras-petr4-oi-oibr3-e-mais-va-2\/#breadcrumb","itemListElement":[{"@type":"ListItem","position":1,"name":"Not\u00edcias","item":"https:\/\/www.suno.com.br\/noticias\/"},{"@type":"ListItem","position":2,"name":"Mercado","item":"https:\/\/www.suno.com.br\/noticias\/mercado\/"},{"@type":"ListItem","position":3,"name":"Petrobras (PETR4), Oi (OIBR3) e Cemig (CMIG4) est\u00e3o no foco do mercado nesta sexta-feira (20); veja mais destaques"}]},{"@type":"WebSite","@id":"https:\/\/www.suno.com.br\/noticias\/#website","url":"https:\/\/www.suno.com.br\/noticias\/","name":"Suno Not\u00edcias","description":"Seu portal de informa\u00e7\u00e3o sobre o mundo dos investimentos","publisher":{"@id":"https:\/\/www.suno.com.br\/noticias\/#organization"},"potentialAction":[{"@type":"SearchAction","target":{"@type":"EntryPoint","urlTemplate":"https:\/\/www.suno.com.br\/noticias\/?s={search_term_string}"},"query-input":{"@type":"PropertyValueSpecification","valueRequired":true,"valueName":"search_term_string"}}],"inLanguage":"pt-BR"},{"@type":"Organization","@id":"https:\/\/www.suno.com.br\/noticias\/#organization","name":"Suno Not\u00edcias","url":"https:\/\/www.suno.com.br\/noticias\/","logo":{"@type":"ImageObject","inLanguage":"pt-BR","@id":"https:\/\/www.suno.com.br\/noticias\/#\/schema\/logo\/image\/","url":"https:\/\/files.sunoresearch.com.br\/n\/uploads\/2021\/09\/suno-logo.png","contentUrl":"https:\/\/files.sunoresearch.com.br\/n\/uploads\/2021\/09\/suno-logo.png","width":180,"height":180,"caption":"Suno Not\u00edcias"},"image":{"@id":"https:\/\/www.suno.com.br\/noticias\/#\/schema\/logo\/image\/"},"sameAs":["https:\/\/facebook.com\/sunoresearch","https:\/\/x.com\/sunoresearch","https:\/\/www.instagram.com\/suno","https:\/\/www.linkedin.com\/company\/suno-research\/","https:\/\/www.youtube.com\/c\/sunoresearch"]},{"@type":"Person","@id":"https:\/\/www.suno.com.br\/noticias\/#\/schema\/person\/4a180549702d0e236b3e420862bcded3","name":"Vin\u00edcius Alves","image":{"@type":"ImageObject","inLanguage":"pt-BR","@id":"https:\/\/www.suno.com.br\/noticias\/#\/schema\/person\/image\/","url":"https:\/\/secure.gravatar.com\/avatar\/a95b7fe6d1b813f7907d4f476d5a39e1?s=96&r=g","contentUrl":"https:\/\/secure.gravatar.com\/avatar\/a95b7fe6d1b813f7907d4f476d5a39e1?s=96&r=g","caption":"Vin\u00edcius Alves"},"description":"Jornalista formado na Faculdade C\u00e1sper L\u00edbero. Com passagens pela Ag\u00eancia Estado, InfoMoney e Editora Globo.","url":"https:\/\/www.suno.com.br\/noticias\/author\/vini08correiagmail-com\/"}]}},"default_loop_html":"<div class=\"cardsPage__listCard__boxs\"><div class=\"cardsPage__listCard__boxs__img\"><a href=\"https:\/\/www.suno.com.br\/noticias\/destaques-petrobras-petr4-oi-oibr3-e-mais-va-2\/\"><img class=\"mask\" src=\"https:\/\/www.suno.com.br\/noticias\/wp-content\/themes\/suno\/resources\/images\/spotlight\/spotlight1img\/bg-mask.png\" alt=\"Image Mask\"\/><img src=\"https:\/\/files.sunoresearch.com.br\/n\/uploads\/2023\/10\/bolsa-mercado-ibovespa-acoes-subida-alta-400x200.jpg\" alt=\"Petrobras (PETR4), Oi (OIBR3) e Cemig (CMIG4) est\u00e3o no foco do mercado nesta sexta-feira (20); veja mais destaques\"\/><\/a><span class=\"spotlightCategory\"><a href=\"https:\/\/www.suno.com.br\/noticias\/mercado\/\">Mercado<\/a><\/span><\/div><div class=\"cardsPage__listCard__boxs__content\"><a href=\"https:\/\/www.suno.com.br\/noticias\/destaques-petrobras-petr4-oi-oibr3-e-mais-va-2\/\"><h2 class=\"content__title\">Petrobras (PETR4), Oi (OIBR3) e Cemig (CMIG4) est\u00e3o no foco do mercado nesta sexta-feira (20); veja mais destaques<\/h2><\/a><div class=\"newsContent__article__meta\"><div class=\"newsContent__article__meta__authorBox\"><a href=\"https:\/\/www.suno.com.br\/noticias\/author\/vini08correiagmail-com\/\" class=\"authorBox__avatar noMobi\"><img src=\"https:\/\/files.sunoresearch.com.br\/n\/uploads\/2026\/04\/WhatsApp-Image-2026-04-20-at-19.35.48-150x150.webp\" alt=\"Vin\u00edcius Alves\"><\/a><div class=\"authorBox__name\"><span>por\n\t\t\t<a href=\"https:\/\/www.suno.com.br\/noticias\/author\/vini08correiagmail-com\/\"><span itemprop=\"author\">Vin\u00edcius Alves<\/span><\/a><\/span><time datetime=\"2023-10-20T10:14:51-03:00\" itemprop=\"datePublished\">20\/10\/2023 10:14<\/time><\/div><\/div><\/div><\/div><\/div>","single_layout":"posts","amp_enabled":true,"_links":{"self":[{"href":"https:\/\/www.suno.com.br\/noticias\/wp-json\/wp\/v2\/posts\/473830"}],"collection":[{"href":"https:\/\/www.suno.com.br\/noticias\/wp-json\/wp\/v2\/posts"}],"about":[{"href":"https:\/\/www.suno.com.br\/noticias\/wp-json\/wp\/v2\/types\/post"}],"author":[{"embeddable":true,"href":"https:\/\/www.suno.com.br\/noticias\/wp-json\/wp\/v2\/users\/301"}],"replies":[{"embeddable":true,"href":"https:\/\/www.suno.com.br\/noticias\/wp-json\/wp\/v2\/comments?post=473830"}],"version-history":[{"count":3,"href":"https:\/\/www.suno.com.br\/noticias\/wp-json\/wp\/v2\/posts\/473830\/revisions"}],"predecessor-version":[{"id":473865,"href":"https:\/\/www.suno.com.br\/noticias\/wp-json\/wp\/v2\/posts\/473830\/revisions\/473865"}],"wp:featuredmedia":[{"embeddable":true,"href":"https:\/\/www.suno.com.br\/noticias\/wp-json\/wp\/v2\/media\/473498"}],"wp:attachment":[{"href":"https:\/\/www.suno.com.br\/noticias\/wp-json\/wp\/v2\/media?parent=473830"}],"wp:term":[{"taxonomy":"category","embeddable":true,"href":"https:\/\/www.suno.com.br\/noticias\/wp-json\/wp\/v2\/categories?post=473830"},{"taxonomy":"post_tag","embeddable":true,"href":"https:\/\/www.suno.com.br\/noticias\/wp-json\/wp\/v2\/tags?post=473830"},{"taxonomy":"suno_strategy","embeddable":true,"href":"https:\/\/www.suno.com.br\/noticias\/wp-json\/wp\/v2\/suno_strategy?post=473830"}],"curies":[{"name":"wp","href":"https:\/\/api.w.org\/{rel}","templated":true}]}}