{"id":47349,"date":"2019-12-10T20:56:27","date_gmt":"2019-12-10T22:56:27","guid":{"rendered":"https:\/\/www.suno.com.br\/noticias\/?p=47349"},"modified":"2019-12-10T20:56:27","modified_gmt":"2019-12-10T22:56:27","slug":"madero-abertura-capital-estados-unidos","status":"publish","type":"post","link":"https:\/\/www.suno.com.br\/noticias\/madero-abertura-capital-estados-unidos\/","title":{"rendered":"Madero far\u00e1 oferta inicial de a\u00e7\u00f5es nos Estados Unidos"},"content":{"rendered":"<p>A rede de hamburguerias Madero far\u00e1 sua <a href=\"https:\/\/www.suno.com.br\/artigos\/vale-pena-investir-em-um-ipo\/\">oferta p\u00fablica inicial de a\u00e7\u00f5es (<strong>IPO<\/strong>)<\/a> na <a href=\"https:\/\/www.suno.com.br\/artigos\/nasdaq\/\">Nasdaq<\/a>, bolsa de valores dos <strong>Estados Unidos<\/strong>. A informa\u00e7\u00e3o foi divulgada, nesta ter\u00e7a-feira (10), pelo jornal &#8220;Valor Econ\u00f4mico&#8221;.<\/p>\t<div class=\"wrapper-featured-image\">\n\t\t<figure class=\"spotlightImg\">\n\n\t\t\t<picture>\n\t\t\t\t<source media=\"(max-width: 768px)\" srcset=\"https:\/\/files.sunoresearch.com.br\/n\/uploads\/2019\/12\/1c30d98b-madero-400x200.webp\">\n\t\t\t\t<img loading=\"lazy\" decoding=\"async\" class=\"newsContent__article__imgCapa lazyloadDisabled newsContent__article__imgCapa--noCaption\" src=\"https:\/\/files.sunoresearch.com.br\/n\/uploads\/2019\/12\/1c30d98b-madero-800x450.webp\" width=\"800\" height=\"450\" alt=\"Madero far\u00e1 oferta inicial de a\u00e7\u00f5es nos Estados Unidos\" fetchpriority=high \/>\n\t\t\t<\/picture>\n\n\t\t\t<figcaption class=\"wp-caption-text wp-caption-text--hide\">Madero. Foto: Divulga\u00e7\u00e3o<\/figcaption>\n\t\t<\/figure>\n\t<\/div>\n\n\n\n<p>De acordo com o jornal, a <strong>Madero<\/strong> pretende realizar a listagem em junho. A abertura de capital, avaliada em aproximadamente R$ 8 bilh\u00f5es, ter\u00e1 ofertas prim\u00e1ria e secund\u00e1ria.<\/p>\n<p>At\u00e9 o momento, a rede de hamburguerias j\u00e1 contratou os bancos <strong>Bank Of America<\/strong> e<strong> JP Morgan<\/strong> para coordenar a oferta.<\/p>\n<p>\u201cNo Brasil, os m\u00faltiplos girariam em torno de 15 vezes o lucro e com base nos resultados de 2020\u201d, informou uma fonte pr\u00f3xima \u00e0 empresa, justificando a n\u00e3o listagem no Pa\u00eds de origem da companhia. \u201cNos Estados Unidos, nessa onda de valoriza\u00e7\u00e3o dos neg\u00f3cios de restaurantes, os m\u00faltiplos ser\u00e3o maiores com base em resultados do ano seguinte do IPO\u201d, acrescentou.<\/p>\n<p>A empresa pretende vender uma participa\u00e7\u00e3o minorit\u00e1ria por um m\u00faltiplo de 17 a 19 vezes o montante de R$ 420 milh\u00f5es. O valor corresponde ao <a href=\"https:\/\/www.suno.com.br\/artigos\/ebitda\/\"><strong>Ebitda<\/strong> (lucro antes de juros, impostos, amortiza\u00e7\u00e3o e deprecia\u00e7\u00e3o)<\/a> previsto para 2021. Com isso, ao considerar o montante multiplicado por 19, por exemplo, a opera\u00e7\u00e3o seria de cerca R$ 7,98 bilh\u00f5es.<\/p>\n<h2>Madero<\/h2>\n<p>A cadeia de <strong>restaurantes<\/strong> foi fundada por Luiz Durski Junior em 2005. Hoje \u00e9 uma das principais redes do Brasil, com dois principais modelos de neg\u00f3cios em opera\u00e7\u00e3o: Madero Steak House e Madero Container. A marca <strong>Madero<\/strong> \u00e9 conhecida por seus hamb\u00fargueres gourmet. \u00c9 uma cozinha central em Ponta Grossa, no Paran\u00e1, que abastece a rede. Sua capacidade de produ\u00e7\u00e3o \u00e9 de dois milh\u00f5es de hamb\u00fargueres por m\u00eas.<\/p>\n<p><a href=\"https:\/\/www.suno.com.br\/noticias\/carlyle-adquire-rede-restaurantes-madero\/\">Saiba mais: Carlyle adquire 23% da rede de restaurantes Madero por R$ 700 milh\u00f5es<\/a><\/p>\n<p>Em janeiro deste ano, a <strong>Carlyle<\/strong> adquiriu 23,3% de participa\u00e7\u00e3o na rede de hamburguerias. A opera\u00e7\u00e3o custou R$ 700 milh\u00f5es para a gestora norte-americana.<\/p>\n<p>Atualmente, o <strong>Madero<\/strong> tem mais de 120 restaurantes que, em 2018, faturaram R$ 812 milh\u00f5es. O montante indica alta de 56% ante o que foi registrado no mesmo per\u00edodo do ano anterior.<\/p>\n\n","protected":false},"excerpt":{"rendered":"<p>A rede de hamburguerias Madero far\u00e1 sua oferta p\u00fablica inicial de a\u00e7\u00f5es (IPO) na Nasdaq, bolsa de valores dos Estados Unidos. A informa\u00e7\u00e3o foi divulgada, nesta ter\u00e7a-feira (10), pelo jornal &#8220;Valor Econ\u00f4mico&#8221;. Madero. Foto: Divulga\u00e7\u00e3o De acordo com o jornal, a Madero pretende realizar a listagem em junho. A abertura de capital, avaliada em aproximadamente [&hellip;]<\/p>\n","protected":false},"author":18,"featured_media":47356,"comment_status":"closed","ping_status":"closed","sticky":false,"template":"","format":"standard","meta":[],"categories":[64],"tags":[319,1250],"suno_strategy":[],"class_list":["post-47349","post","type-post","status-publish","format-standard","has-post-thumbnail","hentry","category-negocios","tag-ipo-oferta-inicial-de-acoes","tag-madero"],"yoast_head":"<!-- This site is optimized with the Yoast SEO plugin v24.4 - https:\/\/yoast.com\/wordpress\/plugins\/seo\/ -->\n<title>Madero far\u00e1 oferta inicial de a\u00e7\u00f5es nos Estados Unidos<\/title>\n<meta name=\"description\" content=\"A rede de hamburguerias Madero far\u00e1 sua oferta p\u00fablica inicial de a\u00e7\u00f5es (IPO) na bolsa de valores dos Estados Unidos. Clique para saber mais.\" \/>\n<meta name=\"robots\" content=\"index, follow, max-snippet:-1, max-image-preview:large, max-video-preview:-1\" \/>\n<link rel=\"canonical\" href=\"https:\/\/www.suno.com.br\/noticias\/madero-abertura-capital-estados-unidos\/\" \/>\n<meta property=\"og:locale\" content=\"pt_BR\" \/>\n<meta property=\"og:type\" content=\"article\" \/>\n<meta property=\"og:title\" content=\"Madero far\u00e1 oferta inicial de a\u00e7\u00f5es nos Estados Unidos\" \/>\n<meta property=\"og:description\" content=\"A rede de hamburguerias Madero far\u00e1 sua oferta p\u00fablica inicial de a\u00e7\u00f5es (IPO) na bolsa de valores dos Estados Unidos. Clique para saber mais.\" \/>\n<meta property=\"og:url\" content=\"https:\/\/www.suno.com.br\/noticias\/madero-abertura-capital-estados-unidos\/\" \/>\n<meta property=\"og:site_name\" content=\"Suno Not\u00edcias\" \/>\n<meta property=\"article:publisher\" content=\"https:\/\/facebook.com\/sunoresearch\" \/>\n<meta property=\"og:image\" content=\"https:\/\/files.sunoresearch.com.br\/n\/uploads\/2019\/12\/1c30d98b-madero.jpg\" \/>\n\t<meta property=\"og:image:width\" content=\"1600\" \/>\n\t<meta property=\"og:image:height\" content=\"900\" \/>\n\t<meta property=\"og:image:type\" content=\"image\/jpeg\" \/>\n<meta name=\"author\" content=\"Giovanna Oliveira\" \/>\n<meta name=\"twitter:card\" content=\"summary_large_image\" \/>\n<meta name=\"twitter:creator\" content=\"@sunoresearch\" \/>\n<meta name=\"twitter:site\" content=\"@sunoresearch\" \/>\n<meta name=\"twitter:label1\" content=\"Escrito por\" \/>\n\t<meta name=\"twitter:data1\" content=\"Giovanna Oliveira\" \/>\n\t<meta name=\"twitter:label2\" content=\"Est. tempo de leitura\" \/>\n\t<meta name=\"twitter:data2\" content=\"2 minutos\" \/>\n<script type=\"application\/ld+json\" class=\"yoast-schema-graph\">{\"@context\":\"https:\/\/schema.org\",\"@graph\":[{\"@type\":\"NewsArticle\",\"@id\":\"https:\/\/www.suno.com.br\/noticias\/madero-abertura-capital-estados-unidos\/#article\",\"isPartOf\":{\"@id\":\"https:\/\/www.suno.com.br\/noticias\/madero-abertura-capital-estados-unidos\/\"},\"author\":{\"name\":\"Giovanna Oliveira\",\"@id\":\"https:\/\/www.suno.com.br\/noticias\/#\/schema\/person\/4e19e3d2575736e5283d58eb3199d120\"},\"headline\":\"Madero far\u00e1 oferta inicial de a\u00e7\u00f5es nos Estados Unidos\",\"datePublished\":\"2019-12-10T22:56:27+00:00\",\"mainEntityOfPage\":{\"@id\":\"https:\/\/www.suno.com.br\/noticias\/madero-abertura-capital-estados-unidos\/\"},\"wordCount\":367,\"publisher\":{\"@id\":\"https:\/\/www.suno.com.br\/noticias\/#organization\"},\"image\":{\"@id\":\"https:\/\/www.suno.com.br\/noticias\/madero-abertura-capital-estados-unidos\/#primaryimage\"},\"thumbnailUrl\":\"https:\/\/files.sunoresearch.com.br\/n\/uploads\/2019\/12\/1c30d98b-madero-jpg.webp\",\"keywords\":[\"IPO (Oferta Inicial de A\u00e7\u00f5es)\",\"Madero\"],\"articleSection\":[\"Neg\u00f3cios\"],\"inLanguage\":\"pt-BR\"},{\"@type\":\"WebPage\",\"@id\":\"https:\/\/www.suno.com.br\/noticias\/madero-abertura-capital-estados-unidos\/\",\"url\":\"https:\/\/www.suno.com.br\/noticias\/madero-abertura-capital-estados-unidos\/\",\"name\":\"Madero far\u00e1 oferta inicial de a\u00e7\u00f5es nos Estados Unidos\",\"isPartOf\":{\"@id\":\"https:\/\/www.suno.com.br\/noticias\/#website\"},\"primaryImageOfPage\":{\"@id\":\"https:\/\/www.suno.com.br\/noticias\/madero-abertura-capital-estados-unidos\/#primaryimage\"},\"image\":{\"@id\":\"https:\/\/www.suno.com.br\/noticias\/madero-abertura-capital-estados-unidos\/#primaryimage\"},\"thumbnailUrl\":\"https:\/\/files.sunoresearch.com.br\/n\/uploads\/2019\/12\/1c30d98b-madero-jpg.webp\",\"datePublished\":\"2019-12-10T22:56:27+00:00\",\"description\":\"A rede de hamburguerias Madero far\u00e1 sua oferta p\u00fablica inicial de a\u00e7\u00f5es (IPO) na bolsa de valores dos Estados Unidos. Clique para saber mais.\",\"breadcrumb\":{\"@id\":\"https:\/\/www.suno.com.br\/noticias\/madero-abertura-capital-estados-unidos\/#breadcrumb\"},\"inLanguage\":\"pt-BR\",\"potentialAction\":[{\"@type\":\"ReadAction\",\"target\":[\"https:\/\/www.suno.com.br\/noticias\/madero-abertura-capital-estados-unidos\/\"]}]},{\"@type\":\"ImageObject\",\"inLanguage\":\"pt-BR\",\"@id\":\"https:\/\/www.suno.com.br\/noticias\/madero-abertura-capital-estados-unidos\/#primaryimage\",\"url\":\"https:\/\/files.sunoresearch.com.br\/n\/uploads\/2019\/12\/1c30d98b-madero-jpg.webp\",\"contentUrl\":\"https:\/\/files.sunoresearch.com.br\/n\/uploads\/2019\/12\/1c30d98b-madero-jpg.webp\",\"width\":1600,\"height\":900,\"caption\":\"Madero. Foto: Divulga\u00e7\u00e3o\"},{\"@type\":\"BreadcrumbList\",\"@id\":\"https:\/\/www.suno.com.br\/noticias\/madero-abertura-capital-estados-unidos\/#breadcrumb\",\"itemListElement\":[{\"@type\":\"ListItem\",\"position\":1,\"name\":\"Not\u00edcias\",\"item\":\"https:\/\/www.suno.com.br\/noticias\/\"},{\"@type\":\"ListItem\",\"position\":2,\"name\":\"Neg\u00f3cios\",\"item\":\"https:\/\/www.suno.com.br\/noticias\/negocios\/\"},{\"@type\":\"ListItem\",\"position\":3,\"name\":\"Madero far\u00e1 oferta inicial de a\u00e7\u00f5es nos Estados Unidos\"}]},{\"@type\":\"WebSite\",\"@id\":\"https:\/\/www.suno.com.br\/noticias\/#website\",\"url\":\"https:\/\/www.suno.com.br\/noticias\/\",\"name\":\"Suno Not\u00edcias\",\"description\":\"Seu portal de informa\u00e7\u00e3o sobre o mundo dos investimentos\",\"publisher\":{\"@id\":\"https:\/\/www.suno.com.br\/noticias\/#organization\"},\"potentialAction\":[{\"@type\":\"SearchAction\",\"target\":{\"@type\":\"EntryPoint\",\"urlTemplate\":\"https:\/\/www.suno.com.br\/noticias\/?s={search_term_string}\"},\"query-input\":{\"@type\":\"PropertyValueSpecification\",\"valueRequired\":true,\"valueName\":\"search_term_string\"}}],\"inLanguage\":\"pt-BR\"},{\"@type\":\"Organization\",\"@id\":\"https:\/\/www.suno.com.br\/noticias\/#organization\",\"name\":\"Suno Not\u00edcias\",\"url\":\"https:\/\/www.suno.com.br\/noticias\/\",\"logo\":{\"@type\":\"ImageObject\",\"inLanguage\":\"pt-BR\",\"@id\":\"https:\/\/www.suno.com.br\/noticias\/#\/schema\/logo\/image\/\",\"url\":\"https:\/\/files.sunoresearch.com.br\/n\/uploads\/2021\/09\/suno-logo.png\",\"contentUrl\":\"https:\/\/files.sunoresearch.com.br\/n\/uploads\/2021\/09\/suno-logo.png\",\"width\":180,\"height\":180,\"caption\":\"Suno Not\u00edcias\"},\"image\":{\"@id\":\"https:\/\/www.suno.com.br\/noticias\/#\/schema\/logo\/image\/\"},\"sameAs\":[\"https:\/\/facebook.com\/sunoresearch\",\"https:\/\/x.com\/sunoresearch\",\"https:\/\/www.instagram.com\/suno\",\"https:\/\/www.linkedin.com\/company\/suno-research\/\",\"https:\/\/www.youtube.com\/c\/sunoresearch\"]},{\"@type\":\"Person\",\"@id\":\"https:\/\/www.suno.com.br\/noticias\/#\/schema\/person\/4e19e3d2575736e5283d58eb3199d120\",\"name\":\"Giovanna Oliveira\",\"image\":{\"@type\":\"ImageObject\",\"inLanguage\":\"pt-BR\",\"@id\":\"https:\/\/www.suno.com.br\/noticias\/#\/schema\/person\/image\/\",\"url\":\"https:\/\/secure.gravatar.com\/avatar\/9a37b3ae208962ac568992d0ffdbc2eb?s=96&r=g\",\"contentUrl\":\"https:\/\/secure.gravatar.com\/avatar\/9a37b3ae208962ac568992d0ffdbc2eb?s=96&r=g\",\"caption\":\"Giovanna Oliveira\"},\"description\":\"Giovanna Oliveira escreve sobre economia e pol\u00edtica. Foi rep\u00f3rter do portal de jornalismo da ESPM-SP e produziu conte\u00fado para a Corinthians TV. \u00c9 estudante da ESPM.\",\"url\":\"https:\/\/www.suno.com.br\/noticias\/author\/giovanna\/\"}]}<\/script>\n<!-- \/ Yoast SEO plugin. -->","yoast_head_json":{"title":"Madero far\u00e1 oferta inicial de a\u00e7\u00f5es nos Estados Unidos","description":"A rede de hamburguerias Madero far\u00e1 sua oferta p\u00fablica inicial de a\u00e7\u00f5es (IPO) na bolsa de valores dos Estados Unidos. Clique para saber mais.","robots":{"index":"index","follow":"follow","max-snippet":"max-snippet:-1","max-image-preview":"max-image-preview:large","max-video-preview":"max-video-preview:-1"},"canonical":"https:\/\/www.suno.com.br\/noticias\/madero-abertura-capital-estados-unidos\/","og_locale":"pt_BR","og_type":"article","og_title":"Madero far\u00e1 oferta inicial de a\u00e7\u00f5es nos Estados Unidos","og_description":"A rede de hamburguerias Madero far\u00e1 sua oferta p\u00fablica inicial de a\u00e7\u00f5es (IPO) na bolsa de valores dos Estados Unidos. Clique para saber mais.","og_url":"https:\/\/www.suno.com.br\/noticias\/madero-abertura-capital-estados-unidos\/","og_site_name":"Suno Not\u00edcias","article_publisher":"https:\/\/facebook.com\/sunoresearch","og_image":[{"width":1600,"height":900,"url":"https:\/\/files.sunoresearch.com.br\/n\/uploads\/2019\/12\/1c30d98b-madero.jpg","type":"image\/jpeg"}],"author":"Giovanna Oliveira","twitter_card":"summary_large_image","twitter_creator":"@sunoresearch","twitter_site":"@sunoresearch","twitter_misc":{"Escrito por":"Giovanna Oliveira","Est. tempo de leitura":"2 minutos"},"schema":{"@context":"https:\/\/schema.org","@graph":[{"@type":"NewsArticle","@id":"https:\/\/www.suno.com.br\/noticias\/madero-abertura-capital-estados-unidos\/#article","isPartOf":{"@id":"https:\/\/www.suno.com.br\/noticias\/madero-abertura-capital-estados-unidos\/"},"author":{"name":"Giovanna Oliveira","@id":"https:\/\/www.suno.com.br\/noticias\/#\/schema\/person\/4e19e3d2575736e5283d58eb3199d120"},"headline":"Madero far\u00e1 oferta inicial de a\u00e7\u00f5es nos Estados Unidos","datePublished":"2019-12-10T22:56:27+00:00","mainEntityOfPage":{"@id":"https:\/\/www.suno.com.br\/noticias\/madero-abertura-capital-estados-unidos\/"},"wordCount":367,"publisher":{"@id":"https:\/\/www.suno.com.br\/noticias\/#organization"},"image":{"@id":"https:\/\/www.suno.com.br\/noticias\/madero-abertura-capital-estados-unidos\/#primaryimage"},"thumbnailUrl":"https:\/\/files.sunoresearch.com.br\/n\/uploads\/2019\/12\/1c30d98b-madero-jpg.webp","keywords":["IPO (Oferta Inicial de A\u00e7\u00f5es)","Madero"],"articleSection":["Neg\u00f3cios"],"inLanguage":"pt-BR"},{"@type":"WebPage","@id":"https:\/\/www.suno.com.br\/noticias\/madero-abertura-capital-estados-unidos\/","url":"https:\/\/www.suno.com.br\/noticias\/madero-abertura-capital-estados-unidos\/","name":"Madero far\u00e1 oferta inicial de a\u00e7\u00f5es nos Estados Unidos","isPartOf":{"@id":"https:\/\/www.suno.com.br\/noticias\/#website"},"primaryImageOfPage":{"@id":"https:\/\/www.suno.com.br\/noticias\/madero-abertura-capital-estados-unidos\/#primaryimage"},"image":{"@id":"https:\/\/www.suno.com.br\/noticias\/madero-abertura-capital-estados-unidos\/#primaryimage"},"thumbnailUrl":"https:\/\/files.sunoresearch.com.br\/n\/uploads\/2019\/12\/1c30d98b-madero-jpg.webp","datePublished":"2019-12-10T22:56:27+00:00","description":"A rede de hamburguerias Madero far\u00e1 sua oferta p\u00fablica inicial de a\u00e7\u00f5es (IPO) na bolsa de valores dos Estados Unidos. Clique para saber mais.","breadcrumb":{"@id":"https:\/\/www.suno.com.br\/noticias\/madero-abertura-capital-estados-unidos\/#breadcrumb"},"inLanguage":"pt-BR","potentialAction":[{"@type":"ReadAction","target":["https:\/\/www.suno.com.br\/noticias\/madero-abertura-capital-estados-unidos\/"]}]},{"@type":"ImageObject","inLanguage":"pt-BR","@id":"https:\/\/www.suno.com.br\/noticias\/madero-abertura-capital-estados-unidos\/#primaryimage","url":"https:\/\/files.sunoresearch.com.br\/n\/uploads\/2019\/12\/1c30d98b-madero-jpg.webp","contentUrl":"https:\/\/files.sunoresearch.com.br\/n\/uploads\/2019\/12\/1c30d98b-madero-jpg.webp","width":1600,"height":900,"caption":"Madero. Foto: Divulga\u00e7\u00e3o"},{"@type":"BreadcrumbList","@id":"https:\/\/www.suno.com.br\/noticias\/madero-abertura-capital-estados-unidos\/#breadcrumb","itemListElement":[{"@type":"ListItem","position":1,"name":"Not\u00edcias","item":"https:\/\/www.suno.com.br\/noticias\/"},{"@type":"ListItem","position":2,"name":"Neg\u00f3cios","item":"https:\/\/www.suno.com.br\/noticias\/negocios\/"},{"@type":"ListItem","position":3,"name":"Madero far\u00e1 oferta inicial de a\u00e7\u00f5es nos Estados Unidos"}]},{"@type":"WebSite","@id":"https:\/\/www.suno.com.br\/noticias\/#website","url":"https:\/\/www.suno.com.br\/noticias\/","name":"Suno Not\u00edcias","description":"Seu portal de informa\u00e7\u00e3o sobre o mundo dos investimentos","publisher":{"@id":"https:\/\/www.suno.com.br\/noticias\/#organization"},"potentialAction":[{"@type":"SearchAction","target":{"@type":"EntryPoint","urlTemplate":"https:\/\/www.suno.com.br\/noticias\/?s={search_term_string}"},"query-input":{"@type":"PropertyValueSpecification","valueRequired":true,"valueName":"search_term_string"}}],"inLanguage":"pt-BR"},{"@type":"Organization","@id":"https:\/\/www.suno.com.br\/noticias\/#organization","name":"Suno Not\u00edcias","url":"https:\/\/www.suno.com.br\/noticias\/","logo":{"@type":"ImageObject","inLanguage":"pt-BR","@id":"https:\/\/www.suno.com.br\/noticias\/#\/schema\/logo\/image\/","url":"https:\/\/files.sunoresearch.com.br\/n\/uploads\/2021\/09\/suno-logo.png","contentUrl":"https:\/\/files.sunoresearch.com.br\/n\/uploads\/2021\/09\/suno-logo.png","width":180,"height":180,"caption":"Suno Not\u00edcias"},"image":{"@id":"https:\/\/www.suno.com.br\/noticias\/#\/schema\/logo\/image\/"},"sameAs":["https:\/\/facebook.com\/sunoresearch","https:\/\/x.com\/sunoresearch","https:\/\/www.instagram.com\/suno","https:\/\/www.linkedin.com\/company\/suno-research\/","https:\/\/www.youtube.com\/c\/sunoresearch"]},{"@type":"Person","@id":"https:\/\/www.suno.com.br\/noticias\/#\/schema\/person\/4e19e3d2575736e5283d58eb3199d120","name":"Giovanna Oliveira","image":{"@type":"ImageObject","inLanguage":"pt-BR","@id":"https:\/\/www.suno.com.br\/noticias\/#\/schema\/person\/image\/","url":"https:\/\/secure.gravatar.com\/avatar\/9a37b3ae208962ac568992d0ffdbc2eb?s=96&r=g","contentUrl":"https:\/\/secure.gravatar.com\/avatar\/9a37b3ae208962ac568992d0ffdbc2eb?s=96&r=g","caption":"Giovanna Oliveira"},"description":"Giovanna Oliveira escreve sobre economia e pol\u00edtica. Foi rep\u00f3rter do portal de jornalismo da ESPM-SP e produziu conte\u00fado para a Corinthians TV. \u00c9 estudante da ESPM.","url":"https:\/\/www.suno.com.br\/noticias\/author\/giovanna\/"}]}},"default_loop_html":"<div class=\"cardsPage__listCard__boxs\"><div class=\"cardsPage__listCard__boxs__img\"><a href=\"https:\/\/www.suno.com.br\/noticias\/madero-abertura-capital-estados-unidos\/\"><img class=\"mask\" src=\"https:\/\/www.suno.com.br\/noticias\/wp-content\/themes\/suno\/resources\/images\/spotlight\/spotlight1img\/bg-mask.png\" alt=\"Image Mask\"\/><img src=\"https:\/\/files.sunoresearch.com.br\/n\/uploads\/2019\/12\/1c30d98b-madero-400x200.webp\" alt=\"Madero far\u00e1 oferta inicial de a\u00e7\u00f5es nos Estados Unidos\"\/><\/a><span class=\"spotlightCategory\"><a href=\"https:\/\/www.suno.com.br\/noticias\/negocios\/\">Neg\u00f3cios<\/a><\/span><\/div><div class=\"cardsPage__listCard__boxs__content\"><a href=\"https:\/\/www.suno.com.br\/noticias\/madero-abertura-capital-estados-unidos\/\"><h2 class=\"content__title\">Madero far\u00e1 oferta inicial de a\u00e7\u00f5es nos Estados Unidos<\/h2><\/a><div class=\"newsContent__article__meta\"><div class=\"newsContent__article__meta__authorBox\"><a href=\"https:\/\/www.suno.com.br\/noticias\/author\/giovanna\/\" class=\"authorBox__avatar noMobi\"><img src=\"https:\/\/files.sunoresearch.com.br\/n\/uploads\/2019\/06\/952a89ca-screenshot_20190608-171507-150x150.webp\" alt=\"Giovanna Oliveira\"><\/a><div class=\"authorBox__name\"><span>por\n\t\t\t<a href=\"https:\/\/www.suno.com.br\/noticias\/author\/giovanna\/\"><span itemprop=\"author\">Giovanna Oliveira<\/span><\/a><\/span><time datetime=\"2019-12-10T20:56:27-03:00\" itemprop=\"datePublished\">10\/12\/2019 20:56<\/time><\/div><\/div><\/div><\/div><\/div>","single_layout":"posts","amp_enabled":true,"_links":{"self":[{"href":"https:\/\/www.suno.com.br\/noticias\/wp-json\/wp\/v2\/posts\/47349"}],"collection":[{"href":"https:\/\/www.suno.com.br\/noticias\/wp-json\/wp\/v2\/posts"}],"about":[{"href":"https:\/\/www.suno.com.br\/noticias\/wp-json\/wp\/v2\/types\/post"}],"author":[{"embeddable":true,"href":"https:\/\/www.suno.com.br\/noticias\/wp-json\/wp\/v2\/users\/18"}],"replies":[{"embeddable":true,"href":"https:\/\/www.suno.com.br\/noticias\/wp-json\/wp\/v2\/comments?post=47349"}],"version-history":[{"count":0,"href":"https:\/\/www.suno.com.br\/noticias\/wp-json\/wp\/v2\/posts\/47349\/revisions"}],"wp:featuredmedia":[{"embeddable":true,"href":"https:\/\/www.suno.com.br\/noticias\/wp-json\/wp\/v2\/media\/47356"}],"wp:attachment":[{"href":"https:\/\/www.suno.com.br\/noticias\/wp-json\/wp\/v2\/media?parent=47349"}],"wp:term":[{"taxonomy":"category","embeddable":true,"href":"https:\/\/www.suno.com.br\/noticias\/wp-json\/wp\/v2\/categories?post=47349"},{"taxonomy":"post_tag","embeddable":true,"href":"https:\/\/www.suno.com.br\/noticias\/wp-json\/wp\/v2\/tags?post=47349"},{"taxonomy":"suno_strategy","embeddable":true,"href":"https:\/\/www.suno.com.br\/noticias\/wp-json\/wp\/v2\/suno_strategy?post=47349"}],"curies":[{"name":"wp","href":"https:\/\/api.w.org\/{rel}","templated":true}]}}