{"id":47296,"date":"2019-12-10T14:16:10","date_gmt":"2019-12-10T16:16:10","guid":{"rendered":"https:\/\/www.suno.com.br\/noticias\/?p=47296"},"modified":"2021-06-24T16:19:02","modified_gmt":"2021-06-24T19:19:02","slug":"banco-neon-banco-central-confirma-cancelamento","status":"publish","type":"post","link":"https:\/\/www.suno.com.br\/noticias\/banco-neon-banco-central-confirma-cancelamento\/","title":{"rendered":"Banco Central confirma cancelamento das atividades do Banco Neon"},"content":{"rendered":"<p>O <strong>Banco Central<\/strong> (BC) confirmou nesta ter\u00e7a-feira (10) o cancelamento das opera\u00e7\u00f5es do\u00a0Banco Neon.<\/p>\t<div class=\"wrapper-featured-image\">\n\t\t<figure class=\"spotlightImg\">\n\n\t\t\t<picture>\n\t\t\t\t<source media=\"(max-width: 768px)\" srcset=\"https:\/\/files.sunoresearch.com.br\/n\/uploads\/2019\/03\/2e0f1850-taxa-selic-400x200.webp\">\n\t\t\t\t<img loading=\"lazy\" decoding=\"async\" class=\"newsContent__article__imgCapa lazyloadDisabled newsContent__article__imgCapa--noCaption\" src=\"https:\/\/files.sunoresearch.com.br\/n\/uploads\/2019\/03\/2e0f1850-taxa-selic-800x450.webp\" width=\"800\" height=\"450\" alt=\"Banco Central confirma cancelamento das atividades do Banco Neon\" fetchpriority=high \/>\n\t\t\t<\/picture>\n\n\t\t\t<figcaption class=\"wp-caption-text wp-caption-text--hide\">O diretor do BC realizou uma defesa da manuten\u00e7\u00e3o do teto de gastos<\/figcaption>\n\t\t<\/figure>\n\t<\/div>\n\n\n\n<p>Em maio de 2018, o BC havia decretado<strong> liquida\u00e7\u00e3o extrajudicial<\/strong> do <strong>Banco Neon<\/strong>. Em nota, a institui\u00e7\u00e3o informou que &#8220;constatou o comprometimento da situa\u00e7\u00e3o econ\u00f4mico-financeira, bem como a exist\u00eancia de graves viola\u00e7\u00f5es \u00e0s normas legais e regulamentares&#8221;.<\/p>\n<p>&#8220;O <strong>Banco Central<\/strong> est\u00e1 adotando todas as medidas cab\u00edveis para apurar as responsabilidades, em observ\u00e2ncia \u00e0s suas compet\u00eancias legais de supervis\u00e3o do sistema financeiro. Nos termos da lei, ficam indispon\u00edveis os bens dos controladores e dos ex-administradores da institui\u00e7\u00e3o&#8221;, completou a nota.<\/p>\n<p><a href=\"\/\/www.suno.com.br\/noticias\/banco-digital-neon-zera-taxas-ted-depositos\/\">Banco digital Neon zera taxas para TED e dep\u00f3sitos<\/a><\/p>\n<p>Al\u00e9m disso, a autoridade monet\u00e1ria destacou que as irregularidades encontradas no banco digital n\u00e3o est\u00e3o relacionadas com a abertura e movimenta\u00e7\u00e3o de <strong>conta digital<\/strong> ou com a emiss\u00e3o de cart\u00f5es pr\u00e9-pagos, objeto de acordo operacional com a empresa <strong>Neon Pagamentos<\/strong> para estrutura\u00e7\u00e3o de plataforma de banco digital integrada com a gest\u00e3o de contas de pagamento.<\/p>\n<h2>Banco Neon diferente da Neon Pagamentos<\/h2>\n<p>O <strong>Banco Neon<\/strong> n\u00e3o tem v\u00ednculos com a <strong>Neon Pagamentos.<\/strong> As duas empresas t\u00eam CNPJs diferentes. E, por sua vez, a <a href=\"https:\/\/www.suno.com.br\/noticias\/entenda-fintech-tres-maiores-brasil\/\"><strong>fintech<\/strong> <\/a>salientou que &#8220;n\u00e3o tem nenhuma rela\u00e7\u00e3o com o Banco Neon SA&#8221;.<\/p>\n\n<p>O <strong>Banco Neon SA<\/strong> \u00e9 o antigo <strong>Banco Pottencial.<\/strong> A institui\u00e7\u00e3o financeira foi fundada pela fam\u00edlia G\u00e9o, e mudou de nome ap\u00f3s a assinatura de uma parceria (joint venture) com a ent\u00e3o startup <strong>Neon Pagamentos.<\/strong><\/p>\n<p>Segundo a <strong>Neon Pagamentos,<\/strong> o nome Neon foi emprestado ao Banco Pottencial \u201cpara n\u00e3o confundir os clientes\u201d. Entretanto, na pr\u00e1tica as duas empresas se apresentavam juntas. Elas chegaram a ter at\u00e9 o mesmo site na internet.<\/p>\n<p>Al\u00e9m disso, ap\u00f3s a liquida\u00e7\u00e3o financeira do banco os clientes que tinham contas digitais na fintech tiveram os servi\u00e7os bloqueados. Isso acontece mesmo com a atua\u00e7\u00e3o do Banco Central n\u00e3o tendo efeitos administrativos sobre a <strong>Neon Pagamentos<\/strong>, que agora utiliza a estrutura do Banco Votorantim..<\/p>\n<p><a href=\"https:\/\/www.suno.com.br\/noticias\/banco-neon-general-atlantic-banco-votorantim\/\">Saiba mais: Neon Pagamentos recebeu R$ 400 mi de General Atlantic e Banco Votorantim<\/a><\/p>\n<p>Uma situa\u00e7\u00e3o que ocorreu por causa da necessidade da <strong>fintech<\/strong> de um banco intermedi\u00e1rio para operar no sistema financeiro brasileiro.\u00a0Atualmente, a <strong>Neon Pagamentos<\/strong> tem uma parceria com o Banco Votorantim.<\/p>\n<h2>Nova parceria da Neon Pagamentos<\/h2>\n<p>Em meados de novembro, a <strong>Neon Pagamentos<\/strong> recebeu cerca de R$ 400 milh\u00f5es do <strong>General<\/strong> <strong>Atlantic<\/strong> e do <strong>Banco Votorantim<\/strong> para fortalecer sua competi\u00e7\u00e3o no Brasil.<\/p>\n\t<p>\n\t\t<a href=\"https:\/\/lp.statusinvest.com.br\/ao\/assessoria-status-invest\/\" target=\"_blank\" data-element=\"shortcode-suno-banner\" title=\"Banner SUNO, clique e saiba mais\">\n\t\t\t<picture>\n\t\t\t\t<source media=\"(max-width: 500px)\" srcset=\"https:\/\/files.sunoresearch.com.br\/n\/uploads\/2024\/03\/400x300-Mobile.png\">\n\t\t\t\t<img class=\"newsContent__article__imgCapa newsContent__article__imgCapa--banner\"\n\t\t\t\t\tsrc=\"https:\/\/files.sunoresearch.com.br\/n\/uploads\/2024\/03\/1420x240-Desktop.png\"\n\t\t\t\t\tdata-promo-id=\"537248\"\t\t\t\t\t\t\t\t\t\twidth='1400' height='240'\t\t\t\t\talt=\"https:\/\/files.sunoresearch.com.br\/n\/uploads\/2024\/03\/1420x240-Desktop.png\"\n\t\t\t\t>\n\t\t\t<\/picture>\n\t\t<\/a>\n\t<\/p>\n\n\n<p>A <strong>rodada de investimento<\/strong> do <strong>Neon<\/strong> <strong>Pagamentos<\/strong> ainda contou com a participa\u00e7\u00e3o dos fundos:<\/p>\n<ul>\n<li><strong>Monashess<\/strong>;<\/li>\n<li><strong>Omiyar Network<\/strong>;<\/li>\n<li><strong>Propel<\/strong>;<\/li>\n<li><strong>Quona<\/strong>;<\/li>\n<li><strong>Mabi<\/strong>.<\/li>\n<\/ul>\n<p>Na ocasi\u00e3o, o fundador da <strong>Neon<\/strong>, <strong>Pedro<\/strong> <strong>Conrade<\/strong>, disse em comunicado: \u201cEssa nova capta\u00e7\u00e3o nos d\u00e1 f\u00f4lego para seguir crescendo num ritmo ainda mais intenso e investir ainda mais em tecnologia e marketing\u201d.<\/p>\n<h2>Posicionamento da Neon Pagamento sobre o Banco Neon SA<\/h2>\n<p><em>A fintech <strong>Neon Pagamentos<\/strong> n\u00e3o tem nenhuma rela\u00e7\u00e3o com o Banco Neon SA (antigo Banco Pottencial), que teve o cancelamento da autoriza\u00e7\u00e3o para funcionamento confirmado nesta ter\u00e7a-feira, 10, pelo Banco Central.<\/em><\/p>\n<p><em>As duas empresas, que sempre tiveram CNPJs diferentes, foram parceiras at\u00e9 maio de 2018, quando o Banco Central liquidou o Banco Neon SA, medida que n\u00e3o causou nenhum dano maior \u00e0 opera\u00e7\u00e3o das contas digitais da fintech Neon Pagamentos.<\/em><\/p>\n<p><em>A legisla\u00e7\u00e3o brasileira exige que empresas de tecnologia firmem acordos com bancos caso queiram operar no sistema financeiro. Ent\u00e3o, apenas tr\u00eas dias ap\u00f3s a liquida\u00e7\u00e3o do BC, a fintech Neon Pagamentos fechou uma nova parceria, desta vez com o banco Votorantim.<\/em><\/p>\n<p><em>Desde ent\u00e3o, a <strong>Neon Pagamentos<\/strong> atingiu cerca de 2 milh\u00f5es de contas digitais e continua lan\u00e7ando produtos para facilitar a vida dos seus clientes.<\/em><\/p>\n","protected":false},"excerpt":{"rendered":"<p>O Banco Central (BC) confirmou nesta ter\u00e7a-feira (10) o cancelamento das opera\u00e7\u00f5es do\u00a0Banco Neon. O diretor do BC realizou uma defesa da manuten\u00e7\u00e3o do teto de gastos Em maio de 2018, o BC havia decretado liquida\u00e7\u00e3o extrajudicial do Banco Neon. Em nota, a institui\u00e7\u00e3o informou que &#8220;constatou o comprometimento da situa\u00e7\u00e3o econ\u00f4mico-financeira, bem como a [&hellip;]<\/p>\n","protected":false},"author":15,"featured_media":18497,"comment_status":"closed","ping_status":"closed","sticky":false,"template":"","format":"standard","meta":[],"categories":[64],"tags":[2233,1840],"suno_strategy":[],"class_list":["post-47296","post","type-post","status-publish","format-standard","has-post-thumbnail","hentry","category-negocios","tag-banco-neon","tag-bancos-digitais"],"yoast_head":"<!-- This site is optimized with the Yoast SEO plugin v24.4 - https:\/\/yoast.com\/wordpress\/plugins\/seo\/ -->\n<title>BC confirma cancelamento das atividades do Banco Neon<\/title>\n<meta name=\"description\" content=\"O Banco Central do Brasil confirmou nesta ter\u00e7a-feira (10) o cancelamento das opera\u00e7\u00f5es do Banco Neon. Clique aqui e saiba mais\" \/>\n<meta name=\"robots\" content=\"index, follow, max-snippet:-1, max-image-preview:large, max-video-preview:-1\" \/>\n<link rel=\"canonical\" href=\"https:\/\/www.suno.com.br\/noticias\/banco-neon-banco-central-confirma-cancelamento\/\" \/>\n<meta property=\"og:locale\" content=\"pt_BR\" \/>\n<meta property=\"og:type\" content=\"article\" \/>\n<meta property=\"og:title\" content=\"BC confirma cancelamento das atividades do Banco Neon\" \/>\n<meta property=\"og:description\" content=\"O Banco Central do Brasil confirmou nesta ter\u00e7a-feira (10) o cancelamento das opera\u00e7\u00f5es do Banco Neon. Clique aqui e saiba mais\" \/>\n<meta property=\"og:url\" content=\"https:\/\/www.suno.com.br\/noticias\/banco-neon-banco-central-confirma-cancelamento\/\" \/>\n<meta property=\"og:site_name\" content=\"Suno Not\u00edcias\" \/>\n<meta property=\"article:publisher\" content=\"https:\/\/facebook.com\/sunoresearch\" \/>\n<meta property=\"og:image\" content=\"https:\/\/files.sunoresearch.com.br\/n\/uploads\/2019\/03\/2e0f1850-taxa-selic.jpg\" \/>\n\t<meta property=\"og:image:width\" content=\"1140\" \/>\n\t<meta property=\"og:image:height\" content=\"760\" \/>\n\t<meta property=\"og:image:type\" content=\"image\/jpeg\" \/>\n<meta name=\"author\" content=\"Poliana Santos\" \/>\n<meta name=\"twitter:card\" content=\"summary_large_image\" \/>\n<meta name=\"twitter:creator\" content=\"@sunoresearch\" \/>\n<meta name=\"twitter:site\" content=\"@sunoresearch\" \/>\n<meta name=\"twitter:label1\" content=\"Escrito por\" \/>\n\t<meta name=\"twitter:data1\" content=\"Poliana Santos\" \/>\n\t<meta name=\"twitter:label2\" content=\"Est. tempo de leitura\" \/>\n\t<meta name=\"twitter:data2\" content=\"3 minutos\" \/>\n<script type=\"application\/ld+json\" class=\"yoast-schema-graph\">{\"@context\":\"https:\/\/schema.org\",\"@graph\":[{\"@type\":\"NewsArticle\",\"@id\":\"https:\/\/www.suno.com.br\/noticias\/banco-neon-banco-central-confirma-cancelamento\/#article\",\"isPartOf\":{\"@id\":\"https:\/\/www.suno.com.br\/noticias\/banco-neon-banco-central-confirma-cancelamento\/\"},\"author\":{\"name\":\"Poliana Santos\",\"@id\":\"https:\/\/www.suno.com.br\/noticias\/#\/schema\/person\/02ec1f752758247878a2bf4abee1aeda\"},\"headline\":\"Banco Central confirma cancelamento das atividades do Banco Neon\",\"datePublished\":\"2019-12-10T16:16:10+00:00\",\"dateModified\":\"2021-06-24T19:19:02+00:00\",\"mainEntityOfPage\":{\"@id\":\"https:\/\/www.suno.com.br\/noticias\/banco-neon-banco-central-confirma-cancelamento\/\"},\"wordCount\":662,\"publisher\":{\"@id\":\"https:\/\/www.suno.com.br\/noticias\/#organization\"},\"image\":{\"@id\":\"https:\/\/www.suno.com.br\/noticias\/banco-neon-banco-central-confirma-cancelamento\/#primaryimage\"},\"thumbnailUrl\":\"https:\/\/files.sunoresearch.com.br\/n\/uploads\/2019\/03\/2e0f1850-taxa-selic-jpg.webp\",\"keywords\":[\"Banco Neon\",\"bancos digitais\"],\"articleSection\":[\"Neg\u00f3cios\"],\"inLanguage\":\"pt-BR\"},{\"@type\":\"WebPage\",\"@id\":\"https:\/\/www.suno.com.br\/noticias\/banco-neon-banco-central-confirma-cancelamento\/\",\"url\":\"https:\/\/www.suno.com.br\/noticias\/banco-neon-banco-central-confirma-cancelamento\/\",\"name\":\"BC confirma cancelamento das atividades do Banco Neon\",\"isPartOf\":{\"@id\":\"https:\/\/www.suno.com.br\/noticias\/#website\"},\"primaryImageOfPage\":{\"@id\":\"https:\/\/www.suno.com.br\/noticias\/banco-neon-banco-central-confirma-cancelamento\/#primaryimage\"},\"image\":{\"@id\":\"https:\/\/www.suno.com.br\/noticias\/banco-neon-banco-central-confirma-cancelamento\/#primaryimage\"},\"thumbnailUrl\":\"https:\/\/files.sunoresearch.com.br\/n\/uploads\/2019\/03\/2e0f1850-taxa-selic-jpg.webp\",\"datePublished\":\"2019-12-10T16:16:10+00:00\",\"dateModified\":\"2021-06-24T19:19:02+00:00\",\"description\":\"O Banco Central do Brasil confirmou nesta ter\u00e7a-feira (10) o cancelamento das opera\u00e7\u00f5es do Banco Neon. Clique aqui e saiba mais\",\"breadcrumb\":{\"@id\":\"https:\/\/www.suno.com.br\/noticias\/banco-neon-banco-central-confirma-cancelamento\/#breadcrumb\"},\"inLanguage\":\"pt-BR\",\"potentialAction\":[{\"@type\":\"ReadAction\",\"target\":[\"https:\/\/www.suno.com.br\/noticias\/banco-neon-banco-central-confirma-cancelamento\/\"]}]},{\"@type\":\"ImageObject\",\"inLanguage\":\"pt-BR\",\"@id\":\"https:\/\/www.suno.com.br\/noticias\/banco-neon-banco-central-confirma-cancelamento\/#primaryimage\",\"url\":\"https:\/\/files.sunoresearch.com.br\/n\/uploads\/2019\/03\/2e0f1850-taxa-selic-jpg.webp\",\"contentUrl\":\"https:\/\/files.sunoresearch.com.br\/n\/uploads\/2019\/03\/2e0f1850-taxa-selic-jpg.webp\",\"width\":1140,\"height\":760,\"caption\":\"O diretor do BC realizou uma defesa da manuten\u00e7\u00e3o do teto de gastos\"},{\"@type\":\"BreadcrumbList\",\"@id\":\"https:\/\/www.suno.com.br\/noticias\/banco-neon-banco-central-confirma-cancelamento\/#breadcrumb\",\"itemListElement\":[{\"@type\":\"ListItem\",\"position\":1,\"name\":\"Not\u00edcias\",\"item\":\"https:\/\/www.suno.com.br\/noticias\/\"},{\"@type\":\"ListItem\",\"position\":2,\"name\":\"Neg\u00f3cios\",\"item\":\"https:\/\/www.suno.com.br\/noticias\/negocios\/\"},{\"@type\":\"ListItem\",\"position\":3,\"name\":\"Banco Central confirma cancelamento das atividades do Banco Neon\"}]},{\"@type\":\"WebSite\",\"@id\":\"https:\/\/www.suno.com.br\/noticias\/#website\",\"url\":\"https:\/\/www.suno.com.br\/noticias\/\",\"name\":\"Suno Not\u00edcias\",\"description\":\"Seu portal de informa\u00e7\u00e3o sobre o mundo dos investimentos\",\"publisher\":{\"@id\":\"https:\/\/www.suno.com.br\/noticias\/#organization\"},\"potentialAction\":[{\"@type\":\"SearchAction\",\"target\":{\"@type\":\"EntryPoint\",\"urlTemplate\":\"https:\/\/www.suno.com.br\/noticias\/?s={search_term_string}\"},\"query-input\":{\"@type\":\"PropertyValueSpecification\",\"valueRequired\":true,\"valueName\":\"search_term_string\"}}],\"inLanguage\":\"pt-BR\"},{\"@type\":\"Organization\",\"@id\":\"https:\/\/www.suno.com.br\/noticias\/#organization\",\"name\":\"Suno Not\u00edcias\",\"url\":\"https:\/\/www.suno.com.br\/noticias\/\",\"logo\":{\"@type\":\"ImageObject\",\"inLanguage\":\"pt-BR\",\"@id\":\"https:\/\/www.suno.com.br\/noticias\/#\/schema\/logo\/image\/\",\"url\":\"https:\/\/files.sunoresearch.com.br\/n\/uploads\/2021\/09\/suno-logo.png\",\"contentUrl\":\"https:\/\/files.sunoresearch.com.br\/n\/uploads\/2021\/09\/suno-logo.png\",\"width\":180,\"height\":180,\"caption\":\"Suno Not\u00edcias\"},\"image\":{\"@id\":\"https:\/\/www.suno.com.br\/noticias\/#\/schema\/logo\/image\/\"},\"sameAs\":[\"https:\/\/facebook.com\/sunoresearch\",\"https:\/\/x.com\/sunoresearch\",\"https:\/\/www.instagram.com\/suno\",\"https:\/\/www.linkedin.com\/company\/suno-research\/\",\"https:\/\/www.youtube.com\/c\/sunoresearch\"]},{\"@type\":\"Person\",\"@id\":\"https:\/\/www.suno.com.br\/noticias\/#\/schema\/person\/02ec1f752758247878a2bf4abee1aeda\",\"name\":\"Poliana Santos\",\"image\":{\"@type\":\"ImageObject\",\"inLanguage\":\"pt-BR\",\"@id\":\"https:\/\/www.suno.com.br\/noticias\/#\/schema\/person\/image\/\",\"url\":\"https:\/\/secure.gravatar.com\/avatar\/0645bd32f23d87b2130f2b2dff1d3f8d?s=96&r=g\",\"contentUrl\":\"https:\/\/secure.gravatar.com\/avatar\/0645bd32f23d87b2130f2b2dff1d3f8d?s=96&r=g\",\"caption\":\"Poliana Santos\"},\"description\":\"Rep\u00f3rter no Suno Not\u00edcias, com cobertura em mercado financeiro, economia, finan\u00e7as pessoais, renda fixa e varejo. Jornalista formada pela Faculdade C\u00e1sper L\u00edbero e possui passagem na R\u00e1dio Gazeta AM com a produ\u00e7\u00e3o de conte\u00fado sobre economia, pol\u00edtica, sa\u00fade, moda e m\u00fasica. Possui certificado de conclus\u00e3o do curso de An\u00e1lise de Balan\u00e7os pela Funda\u00e7\u00e3o Bradesco, Agenda Brasil pela FAAP, Educa\u00e7\u00e3o Pol\u00edtica por Alexandre Garcia e do Tesouro Direto e Mercado de A\u00e7\u00f5es pela B3.\",\"url\":\"https:\/\/www.suno.com.br\/noticias\/author\/poliana-santos\/\"}]}<\/script>\n<!-- \/ Yoast SEO plugin. -->","yoast_head_json":{"title":"BC confirma cancelamento das atividades do Banco Neon","description":"O Banco Central do Brasil confirmou nesta ter\u00e7a-feira (10) o cancelamento das opera\u00e7\u00f5es do Banco Neon. Clique aqui e saiba mais","robots":{"index":"index","follow":"follow","max-snippet":"max-snippet:-1","max-image-preview":"max-image-preview:large","max-video-preview":"max-video-preview:-1"},"canonical":"https:\/\/www.suno.com.br\/noticias\/banco-neon-banco-central-confirma-cancelamento\/","og_locale":"pt_BR","og_type":"article","og_title":"BC confirma cancelamento das atividades do Banco Neon","og_description":"O Banco Central do Brasil confirmou nesta ter\u00e7a-feira (10) o cancelamento das opera\u00e7\u00f5es do Banco Neon. Clique aqui e saiba mais","og_url":"https:\/\/www.suno.com.br\/noticias\/banco-neon-banco-central-confirma-cancelamento\/","og_site_name":"Suno Not\u00edcias","article_publisher":"https:\/\/facebook.com\/sunoresearch","og_image":[{"width":1140,"height":760,"url":"https:\/\/files.sunoresearch.com.br\/n\/uploads\/2019\/03\/2e0f1850-taxa-selic.jpg","type":"image\/jpeg"}],"author":"Poliana Santos","twitter_card":"summary_large_image","twitter_creator":"@sunoresearch","twitter_site":"@sunoresearch","twitter_misc":{"Escrito por":"Poliana Santos","Est. tempo de leitura":"3 minutos"},"schema":{"@context":"https:\/\/schema.org","@graph":[{"@type":"NewsArticle","@id":"https:\/\/www.suno.com.br\/noticias\/banco-neon-banco-central-confirma-cancelamento\/#article","isPartOf":{"@id":"https:\/\/www.suno.com.br\/noticias\/banco-neon-banco-central-confirma-cancelamento\/"},"author":{"name":"Poliana Santos","@id":"https:\/\/www.suno.com.br\/noticias\/#\/schema\/person\/02ec1f752758247878a2bf4abee1aeda"},"headline":"Banco Central confirma cancelamento das atividades do Banco Neon","datePublished":"2019-12-10T16:16:10+00:00","dateModified":"2021-06-24T19:19:02+00:00","mainEntityOfPage":{"@id":"https:\/\/www.suno.com.br\/noticias\/banco-neon-banco-central-confirma-cancelamento\/"},"wordCount":662,"publisher":{"@id":"https:\/\/www.suno.com.br\/noticias\/#organization"},"image":{"@id":"https:\/\/www.suno.com.br\/noticias\/banco-neon-banco-central-confirma-cancelamento\/#primaryimage"},"thumbnailUrl":"https:\/\/files.sunoresearch.com.br\/n\/uploads\/2019\/03\/2e0f1850-taxa-selic-jpg.webp","keywords":["Banco Neon","bancos digitais"],"articleSection":["Neg\u00f3cios"],"inLanguage":"pt-BR"},{"@type":"WebPage","@id":"https:\/\/www.suno.com.br\/noticias\/banco-neon-banco-central-confirma-cancelamento\/","url":"https:\/\/www.suno.com.br\/noticias\/banco-neon-banco-central-confirma-cancelamento\/","name":"BC confirma cancelamento das atividades do Banco Neon","isPartOf":{"@id":"https:\/\/www.suno.com.br\/noticias\/#website"},"primaryImageOfPage":{"@id":"https:\/\/www.suno.com.br\/noticias\/banco-neon-banco-central-confirma-cancelamento\/#primaryimage"},"image":{"@id":"https:\/\/www.suno.com.br\/noticias\/banco-neon-banco-central-confirma-cancelamento\/#primaryimage"},"thumbnailUrl":"https:\/\/files.sunoresearch.com.br\/n\/uploads\/2019\/03\/2e0f1850-taxa-selic-jpg.webp","datePublished":"2019-12-10T16:16:10+00:00","dateModified":"2021-06-24T19:19:02+00:00","description":"O Banco Central do Brasil confirmou nesta ter\u00e7a-feira (10) o cancelamento das opera\u00e7\u00f5es do Banco Neon. Clique aqui e saiba mais","breadcrumb":{"@id":"https:\/\/www.suno.com.br\/noticias\/banco-neon-banco-central-confirma-cancelamento\/#breadcrumb"},"inLanguage":"pt-BR","potentialAction":[{"@type":"ReadAction","target":["https:\/\/www.suno.com.br\/noticias\/banco-neon-banco-central-confirma-cancelamento\/"]}]},{"@type":"ImageObject","inLanguage":"pt-BR","@id":"https:\/\/www.suno.com.br\/noticias\/banco-neon-banco-central-confirma-cancelamento\/#primaryimage","url":"https:\/\/files.sunoresearch.com.br\/n\/uploads\/2019\/03\/2e0f1850-taxa-selic-jpg.webp","contentUrl":"https:\/\/files.sunoresearch.com.br\/n\/uploads\/2019\/03\/2e0f1850-taxa-selic-jpg.webp","width":1140,"height":760,"caption":"O diretor do BC realizou uma defesa da manuten\u00e7\u00e3o do teto de gastos"},{"@type":"BreadcrumbList","@id":"https:\/\/www.suno.com.br\/noticias\/banco-neon-banco-central-confirma-cancelamento\/#breadcrumb","itemListElement":[{"@type":"ListItem","position":1,"name":"Not\u00edcias","item":"https:\/\/www.suno.com.br\/noticias\/"},{"@type":"ListItem","position":2,"name":"Neg\u00f3cios","item":"https:\/\/www.suno.com.br\/noticias\/negocios\/"},{"@type":"ListItem","position":3,"name":"Banco Central confirma cancelamento das atividades do Banco Neon"}]},{"@type":"WebSite","@id":"https:\/\/www.suno.com.br\/noticias\/#website","url":"https:\/\/www.suno.com.br\/noticias\/","name":"Suno Not\u00edcias","description":"Seu portal de informa\u00e7\u00e3o sobre o mundo dos investimentos","publisher":{"@id":"https:\/\/www.suno.com.br\/noticias\/#organization"},"potentialAction":[{"@type":"SearchAction","target":{"@type":"EntryPoint","urlTemplate":"https:\/\/www.suno.com.br\/noticias\/?s={search_term_string}"},"query-input":{"@type":"PropertyValueSpecification","valueRequired":true,"valueName":"search_term_string"}}],"inLanguage":"pt-BR"},{"@type":"Organization","@id":"https:\/\/www.suno.com.br\/noticias\/#organization","name":"Suno Not\u00edcias","url":"https:\/\/www.suno.com.br\/noticias\/","logo":{"@type":"ImageObject","inLanguage":"pt-BR","@id":"https:\/\/www.suno.com.br\/noticias\/#\/schema\/logo\/image\/","url":"https:\/\/files.sunoresearch.com.br\/n\/uploads\/2021\/09\/suno-logo.png","contentUrl":"https:\/\/files.sunoresearch.com.br\/n\/uploads\/2021\/09\/suno-logo.png","width":180,"height":180,"caption":"Suno Not\u00edcias"},"image":{"@id":"https:\/\/www.suno.com.br\/noticias\/#\/schema\/logo\/image\/"},"sameAs":["https:\/\/facebook.com\/sunoresearch","https:\/\/x.com\/sunoresearch","https:\/\/www.instagram.com\/suno","https:\/\/www.linkedin.com\/company\/suno-research\/","https:\/\/www.youtube.com\/c\/sunoresearch"]},{"@type":"Person","@id":"https:\/\/www.suno.com.br\/noticias\/#\/schema\/person\/02ec1f752758247878a2bf4abee1aeda","name":"Poliana Santos","image":{"@type":"ImageObject","inLanguage":"pt-BR","@id":"https:\/\/www.suno.com.br\/noticias\/#\/schema\/person\/image\/","url":"https:\/\/secure.gravatar.com\/avatar\/0645bd32f23d87b2130f2b2dff1d3f8d?s=96&r=g","contentUrl":"https:\/\/secure.gravatar.com\/avatar\/0645bd32f23d87b2130f2b2dff1d3f8d?s=96&r=g","caption":"Poliana Santos"},"description":"Rep\u00f3rter no Suno Not\u00edcias, com cobertura em mercado financeiro, economia, finan\u00e7as pessoais, renda fixa e varejo. Jornalista formada pela Faculdade C\u00e1sper L\u00edbero e possui passagem na R\u00e1dio Gazeta AM com a produ\u00e7\u00e3o de conte\u00fado sobre economia, pol\u00edtica, sa\u00fade, moda e m\u00fasica. Possui certificado de conclus\u00e3o do curso de An\u00e1lise de Balan\u00e7os pela Funda\u00e7\u00e3o Bradesco, Agenda Brasil pela FAAP, Educa\u00e7\u00e3o Pol\u00edtica por Alexandre Garcia e do Tesouro Direto e Mercado de A\u00e7\u00f5es pela B3.","url":"https:\/\/www.suno.com.br\/noticias\/author\/poliana-santos\/"}]}},"default_loop_html":"<div class=\"cardsPage__listCard__boxs\"><div class=\"cardsPage__listCard__boxs__img\"><a href=\"https:\/\/www.suno.com.br\/noticias\/banco-neon-banco-central-confirma-cancelamento\/\"><img class=\"mask\" src=\"https:\/\/www.suno.com.br\/noticias\/wp-content\/themes\/suno\/resources\/images\/spotlight\/spotlight1img\/bg-mask.png\" alt=\"Image Mask\"\/><img src=\"https:\/\/files.sunoresearch.com.br\/n\/uploads\/2019\/03\/2e0f1850-taxa-selic-400x200.webp\" alt=\"Banco Central confirma cancelamento das atividades do Banco Neon\"\/><\/a><span class=\"spotlightCategory\"><a href=\"https:\/\/www.suno.com.br\/noticias\/negocios\/\">Neg\u00f3cios<\/a><\/span><\/div><div class=\"cardsPage__listCard__boxs__content\"><a href=\"https:\/\/www.suno.com.br\/noticias\/banco-neon-banco-central-confirma-cancelamento\/\"><h2 class=\"content__title\">Banco Central confirma cancelamento das atividades do Banco Neon<\/h2><\/a><div class=\"newsContent__article__meta\"><div class=\"newsContent__article__meta__authorBox\"><a href=\"https:\/\/www.suno.com.br\/noticias\/author\/poliana-santos\/\" class=\"authorBox__avatar noMobi\"><img src=\"https:\/\/files.sunoresearch.com.br\/n\/uploads\/2020\/08\/7ef34026-whatsapp-image-2020-08-03-at-12.37.57-150x150.webp\" alt=\"Poliana Santos\"><\/a><div class=\"authorBox__name\"><span>por\n\t\t\t<a href=\"https:\/\/www.suno.com.br\/noticias\/author\/poliana-santos\/\"><span itemprop=\"author\">Poliana Santos<\/span><\/a><\/span><time datetime=\"2019-12-10T14:16:10-03:00\" itemprop=\"datePublished\">10\/12\/2019 14:16<\/time><\/div><\/div><\/div><\/div><\/div>","single_layout":"posts","amp_enabled":true,"_links":{"self":[{"href":"https:\/\/www.suno.com.br\/noticias\/wp-json\/wp\/v2\/posts\/47296"}],"collection":[{"href":"https:\/\/www.suno.com.br\/noticias\/wp-json\/wp\/v2\/posts"}],"about":[{"href":"https:\/\/www.suno.com.br\/noticias\/wp-json\/wp\/v2\/types\/post"}],"author":[{"embeddable":true,"href":"https:\/\/www.suno.com.br\/noticias\/wp-json\/wp\/v2\/users\/15"}],"replies":[{"embeddable":true,"href":"https:\/\/www.suno.com.br\/noticias\/wp-json\/wp\/v2\/comments?post=47296"}],"version-history":[{"count":1,"href":"https:\/\/www.suno.com.br\/noticias\/wp-json\/wp\/v2\/posts\/47296\/revisions"}],"predecessor-version":[{"id":161028,"href":"https:\/\/www.suno.com.br\/noticias\/wp-json\/wp\/v2\/posts\/47296\/revisions\/161028"}],"wp:featuredmedia":[{"embeddable":true,"href":"https:\/\/www.suno.com.br\/noticias\/wp-json\/wp\/v2\/media\/18497"}],"wp:attachment":[{"href":"https:\/\/www.suno.com.br\/noticias\/wp-json\/wp\/v2\/media?parent=47296"}],"wp:term":[{"taxonomy":"category","embeddable":true,"href":"https:\/\/www.suno.com.br\/noticias\/wp-json\/wp\/v2\/categories?post=47296"},{"taxonomy":"post_tag","embeddable":true,"href":"https:\/\/www.suno.com.br\/noticias\/wp-json\/wp\/v2\/tags?post=47296"},{"taxonomy":"suno_strategy","embeddable":true,"href":"https:\/\/www.suno.com.br\/noticias\/wp-json\/wp\/v2\/suno_strategy?post=47296"}],"curies":[{"name":"wp","href":"https:\/\/api.w.org\/{rel}","templated":true}]}}