{"id":472814,"date":"2023-10-18T16:28:53","date_gmt":"2023-10-18T19:28:53","guid":{"rendered":"https:\/\/www.suno.com.br\/noticias\/?p=472814"},"modified":"2023-10-18T17:37:52","modified_gmt":"2023-10-18T20:37:52","slug":"fora-meta-fiscal-governo-reajuste-servidores-publicos-evm","status":"publish","type":"post","link":"https:\/\/www.suno.com.br\/noticias\/fora-meta-fiscal-governo-reajuste-servidores-publicos-evm\/","title":{"rendered":"Fora da meta fiscal, governo deve frear reajustes de servidores p\u00fablicos, diz economista-chefe da Suno Research"},"content":{"rendered":"<p>Apesar da aprova\u00e7\u00e3o do Arcabou\u00e7o Fiscal ainda no fim de agosto e dos esfor\u00e7os recentes, o Governo Federal provavelmente ter\u00e1 de lidar com um impasse: a consequ\u00eancia do n\u00e3o cumprimento da <a class=\"suno-keyword\" data-force=\"no\" data-priority=\"1\" href=\"https:\/\/www.suno.com.br\/artigos\/meta-fiscal\/\" target=\"_blank\" rel=\"noopener\">meta fiscal<\/a> &#8211; o que inclui o n\u00e3o reajuste de sal\u00e1rio de <strong><a href=\"https:\/\/www.suno.com.br\/noticias\/lula-aprova-lei-reajuste-salarial-servidores-cpf\/\" target=\"_blank\" rel=\"noreferrer noopener\">servidores p\u00fablicos<\/a><\/strong>, o congelamento de novas vagas e concursos, dentre outras quest\u00f5es.<\/p>\t<div class=\"wrapper-featured-image\">\n\t\t<figure class=\"spotlightImg\">\n\n\t\t\t<picture>\n\t\t\t\t<source media=\"(max-width: 768px)\" srcset=\"https:\/\/files.sunoresearch.com.br\/n\/uploads\/2023\/06\/haddad-programa-desenrola-brasil-400x200.jpg\">\n\t\t\t\t<img loading=\"lazy\" decoding=\"async\" class=\"newsContent__article__imgCapa lazyloadDisabled \" src=\"https:\/\/files.sunoresearch.com.br\/n\/uploads\/2023\/06\/haddad-programa-desenrola-brasil-800x450.jpg\" width=\"800\" height=\"450\" alt=\"Fora da meta fiscal, governo deve frear reajustes de servidores p\u00fablicos, diz economista-chefe da Suno Research\" fetchpriority=high \/>\n\t\t\t<\/picture>\n\n\t\t\t<figcaption class=\"wp-caption-text wp-caption-text--show\">Foto: Diogo Zacarias\/Minist\u00e9rio da Fazenda<\/figcaption>\n\t\t<\/figure>\n\t<\/div>\n\n\n\n\n\n\t<p>\n\t\t<a href=\"\" target=\"_blank\" data-element=\"shortcode-suno-banner\" title=\"Banner SUNO, clique e saiba mais\">\n\t\t\t<picture>\n\t\t\t\t<source media=\"(max-width: 500px)\" srcset=\"\">\n\t\t\t\t<img class=\"newsContent__article__imgCapa newsContent__article__imgCapa--banner\"\n\t\t\t\t\tsrc=\"\"\n\t\t\t\t\tdata-promo-id=\"240038\"\t\t\t\t\t\t\t\t\t\t\t\t\t\t\talt=\"\"\n\t\t\t\t>\n\t\t\t<\/picture>\n\t\t<\/a>\n\t<\/p>\n\n\n\n\n\n\n\n<p>Isso porque o n\u00e3o reajuste para servidores p\u00fablicos e outras medidas fazem parte dos &#8216;gatilhos&#8217; do Arcabou\u00e7o Fiscal. <\/p>\n\n\n\n<p>A grande quest\u00e3o \u00e9 que h\u00e1 <a href=\"https:\/\/www.bcb.gov.br\/content\/focus\/focus\/R20231013.pdf\" target=\"_blank\" rel=\"noreferrer noopener\">consenso de que o governo n\u00e3o dever\u00e1 cumprir<\/a> sua meta de <a class=\"suno-keyword\" data-force=\"no\" data-priority=\"1\" href=\"https:\/\/www.suno.com.br\/artigos\/superavit-primario\/\" target=\"_blank\" rel=\"noopener\">super\u00e1vit prim\u00e1rio<\/a> neste e nos pr\u00f3ximos anos, dado o cen\u00e1rio atual.<\/p>\n\n\n\n<p>Gustavo Sung, Economista-Chefe da Suno Research, destaca que seu cen\u00e1rio inclui 1% de <a class=\"suno-keyword\" data-force=\"no\" data-priority=\"1\" href=\"https:\/\/www.suno.com.br\/artigos\/deficit-primario\/\" target=\"_blank\" rel=\"noopener\">d\u00e9ficit prim\u00e1rio<\/a> neste ano, 0,8% em 2024 e 0,2% no ano de 2025, com vi\u00e9s de baixa.<\/p>\n\n\n\n<figure class=\"wp-block-embed is-type-video is-provider-youtube wp-block-embed-youtube wp-embed-aspect-16-9 wp-has-aspect-ratio\"><div class=\"wp-block-embed__wrapper\">\n<iframe loading=\"lazy\" title=\"PETROBRAS (PETR4) SOB INTERVEN\u00c7\u00c3O? | IBOVESPA SOBE | GPA (PCAR3) DISPARA\" width=\"1080\" height=\"608\" src=\"https:\/\/www.youtube.com\/embed\/_6DF646Ewhw?feature=oembed&#038;enablejsapi=1&#038;origin=https:\/\/www.suno.com.br\" frameborder=\"0\" allow=\"accelerometer; autoplay; clipboard-write; encrypted-media; gyroscope; picture-in-picture; web-share\" allowfullscreen><\/iframe>\n<\/div><\/figure>\n\n\n\n<p>Isso considerando que a <strong>meta fiscal<\/strong> do Arcabou\u00e7o \u00e9 de 0,5% de d\u00e9ficit neste ano, de zerar o d\u00e9ficit em 2024 e de apresentar super\u00e1vit de 0,5% em 2025 e de 1% em 2026. <\/p>\n\n\n\n<p>Todas as metas t\u00eam uma &#8216;banda&#8217; &#8211; que pode ser interpretada como uma margem &#8211; de 0,25%.<\/p>\n\n\n\n<p>&#8220;Temos anos de elei\u00e7\u00e3o em 2025, com tend\u00eancia de aumentar gastos, e depende de at\u00e9 onde o governo vai adotar as medidas para contrabalancear receitas e despesas para cumprir a meta&#8221;, destaca Sung.<\/p>\n\n\n\n<p>&#8220;O funcionalismo p\u00fablico tende a sofrer consequ\u00eancias negativas de um modo geral caso os gatilhos sejam ativados pelo n\u00e3o cumprimento das metas&#8221;, completa.<\/p>\n\n\n\n<p>Dentre os gatilhos estipulados caso o governo fure a meta em um ano, est\u00e3o a proibi\u00e7\u00e3o de:<\/p>\n\n\n\n<ul class=\"wp-block-list\">\n<li>Criar cargo, emprego ou fun\u00e7\u00e3o que implique aumento de despesa<\/li>\n\n\n\n<li>Alterar estrutura de carreira que ocasione aumento de despesa<\/li>\n\n\n\n<li>Criar ou aumentar valor de aux\u00edlios<\/li>\n\n\n\n<li>Criar ou reajustar despesas obrigat\u00f3rias<\/li>\n\n\n\n<li>Conceder ou ampliar incentivos fiscais<\/li>\n<\/ul>\n\n\n\n<p>Para dois anos fora da meta, as consequ\u00eancias s\u00e3o a proibi\u00e7\u00e3o de:<\/p>\n\n\n\n<ul class=\"wp-block-list\">\n<li>Aumento e reajuste de despesas com pessoal <\/li>\n\n\n\n<li>Admiss\u00e3o de pessoal <\/li>\n\n\n\n<li>Realiza\u00e7\u00e3o de concurso p\u00fablico <\/li>\n\n\n\n<li>Ajuste por parte do presidente da rep\u00fablica<\/li>\n<\/ul>\n\n\n\n<p>Com isso, o <strong>sal\u00e1rio de servidores<\/strong> pode ficar &#8216;congelado&#8217;, incorrendo inclusive em um desgaste pol\u00edtico maior por parte do Governo Federal.<\/p>\n\n\n\n<p>O consenso de mercado j\u00e1 espera esse descumprimento, e que os gatilhos s\u00e3o praticamente inevit\u00e1veis.<\/p>\n\n\n\n<p>A XP, por exemplo, tamb\u00e9m projeta <strong>descumprimento da meta do Arcabou\u00e7o Fiscal<\/strong><\/p>\n\n\n\n<p>&#8220;Continuamos a estimar <a class=\"suno-keyword\" target=\"_blank\" data-force=\"no\" data-priority=\"1\" href=\"https:\/\/www.suno.com.br\/artigos\/deficit-primario\/\" rel=\"noopener\">d\u00e9ficit prim\u00e1rio<\/a> do setor p\u00fablico de 0,9% do PIB em 2023 e 0,7% do PIB em 2024 e 2025. A <a class=\"suno-keyword\" target=\"_blank\" data-force=\"no\" data-priority=\"1\" href=\"https:\/\/www.suno.com.br\/artigos\/divida-publica\/\" rel=\"noopener\">d\u00edvida p\u00fablica<\/a> deve seguir em trajet\u00f3ria de alta nos pr\u00f3ximos anos. A sustentabilidade fiscal segue como risco relevante para o cen\u00e1rio econ\u00f4mico brasileiro&#8221;, diz a casa.<\/p>\n\n\n\t<p>\n\t\t<a href=\"https:\/\/lp.suno.com.br\/ebook-gratuito-investindo-no-exterior\/\" target=\"_blank\" data-element=\"shortcode-suno-banner\" title=\"Banner SUNO, clique e saiba mais\">\n\t\t\t<picture>\n\t\t\t\t<source media=\"(max-width: 500px)\" srcset=\"https:\/\/files.sunoresearch.com.br\/n\/uploads\/2023\/03\/400x300-Investindo-no-exterior.png\">\n\t\t\t\t<img class=\"newsContent__article__imgCapa newsContent__article__imgCapa--banner\"\n\t\t\t\t\tsrc=\"https:\/\/files.sunoresearch.com.br\/n\/uploads\/2023\/03\/1420x240-Investindo-no-exterior.png\"\n\t\t\t\t\tdata-promo-id=\"383161\"\t\t\t\t\t\t\t\t\t\twidth='1420' height='240'\t\t\t\t\talt=\"https:\/\/files.sunoresearch.com.br\/n\/uploads\/2023\/03\/1420x240-Investindo-no-exterior.png\"\n\t\t\t\t>\n\t\t\t<\/picture>\n\t\t<\/a>\n\t<\/p>\n\n\n\n\n\n<h2 class=\"wp-block-heading\">Meta alterada, credibilidade afetada<\/h2>\n\n\n\n<p>Segundo Sung, da <strong>Suno Research<\/strong>, um dos caminhos que o Governo pode escolher para evitar essas consequ\u00eancias &#8211; e tamb\u00e9m a perda de capital pol\u00edtico &#8211; pode ser altera\u00e7\u00e3o das metas do Arcabou\u00e7o.<\/p>\n\n\n\n<p>O ponto \u00e9 que, com isso feito, haveria uma desancoragem massiva das expectativas e o Governo perderia muita credibilidade junto ao mercado.<\/p>\n\n\n\n<p>&#8220;O novo Arcabou\u00e7o Fiscal mal come\u00e7ou e, se alterarem a meta, perder\u00e1 muito a credibilidade. Se trocar agora, pioram todas proje\u00e7\u00f5es e tudo j\u00e1 come\u00e7a mal&#8221;, comenta Sung.<\/p>\n\n\n\n<p>Segundo o especialista da Suno, com a altera\u00e7\u00e3o da meta as proje\u00e7\u00f5es da Selic seriam afetadas diretamente, com o mercado provavelmente mirando cortes de 0,25% em vez de 0,5% nas pr\u00f3ximas reuni\u00f5es, ou at\u00e9 mesmo um &#8216;congelamento&#8217; da <a class=\"suno-keyword\" data-force=\"no\" data-priority=\"1\" href=\"https:\/\/www.suno.com.br\/artigos\/taxa-de-juros\/\" target=\"_blank\" rel=\"noopener\">taxa b\u00e1sica de juros<\/a>, freando o ciclo baixista.<\/p>\n\n\n\n<p>A meta fiscal, ali\u00e1s, foi um dos pontos ressaltados pelo Banco Central (BC), presidido por Roberto Campos Neto, na \u00faltima <a href=\"https:\/\/www.suno.com.br\/noticias\/ata-do-copom-mencionar-fiscal-bb-evm\/\">Ata do Copom<\/a>.<\/p>\n\n\n\n<p>&#8220;Tendo em conta a import\u00e2ncia da execu\u00e7\u00e3o das metas fiscais j\u00e1 estabelecidas para a ancoragem das expectativas de infla\u00e7\u00e3o e, consequentemente, para a condu\u00e7\u00e3o da <a class=\"suno-keyword\" target=\"_blank\" data-force=\"no\" data-priority=\"1\" href=\"https:\/\/www.suno.com.br\/artigos\/politica-monetaria\/\" rel=\"noopener\">pol\u00edtica monet\u00e1ria<\/a>, o Comit\u00ea refor\u00e7a a import\u00e2ncia da firme persecu\u00e7\u00e3o dessas metas&#8221;, diz o comit\u00ea de pol\u00edtica monet\u00e1ria.<\/p>\n\n\n\t<p>\n\t\t<a href=\"https:\/\/lp.suno.com.br\/planilha-da-vida-financeira\/\" target=\"_blank\" data-element=\"shortcode-suno-banner\" title=\"Banner SUNO, clique e saiba mais\">\n\t\t\t<picture>\n\t\t\t\t<source media=\"(max-width: 500px)\" srcset=\"https:\/\/files.sunoresearch.com.br\/n\/uploads\/2023\/04\/400x300-Planilha-vida-financeira-true.png\">\n\t\t\t\t<img class=\"newsContent__article__imgCapa newsContent__article__imgCapa--banner\"\n\t\t\t\t\tsrc=\"https:\/\/files.sunoresearch.com.br\/n\/uploads\/2023\/04\/1420x240-Planilha-vida-financeira-true.png\"\n\t\t\t\t\tdata-promo-id=\"383123\"\t\t\t\t\t\t\t\t\t\twidth='1420' height='240'\t\t\t\t\talt=\"https:\/\/files.sunoresearch.com.br\/n\/uploads\/2023\/04\/1420x240-Planilha-vida-financeira-true.png\"\n\t\t\t\t>\n\t\t\t<\/picture>\n\t\t<\/a>\n\t<\/p>\n\n\n","protected":false},"excerpt":{"rendered":"<p>Apesar da aprova\u00e7\u00e3o do Arcabou\u00e7o Fiscal ainda no fim de agosto e dos esfor\u00e7os recentes, o Governo Federal provavelmente ter\u00e1 de lidar com um impasse: a consequ\u00eancia do n\u00e3o cumprimento da meta fiscal &#8211; o que inclui o n\u00e3o reajuste de sal\u00e1rio de servidores p\u00fablicos, o congelamento de novas vagas e concursos, dentre outras quest\u00f5es. [&hellip;]<\/p>\n","protected":false},"author":73,"featured_media":413518,"comment_status":"closed","ping_status":"closed","sticky":false,"template":"","format":"standard","meta":[],"categories":[62],"tags":[105816,1556,97358],"suno_strategy":[],"class_list":["post-472814","post","type-post","status-publish","format-standard","has-post-thumbnail","hentry","category-economia","tag-especialistas","tag-governo-federal","tag-politica-fiscal"],"yoast_head":"<!-- This site is optimized with the Yoast SEO plugin v24.4 - https:\/\/yoast.com\/wordpress\/plugins\/seo\/ -->\n<title>Fora da meta, Governo deve frear reajuste de servidores p\u00fablicos<\/title>\n<meta name=\"description\" content=\"Mercado j\u00e1 prev\u00ea que o Governo &#039;fure&#039; a meta nos pr\u00f3ximos anos, acarretando na proibi\u00e7\u00e3o do reajuste de sal\u00e1rio de servidores p\u00fablicos\" \/>\n<meta name=\"robots\" content=\"index, follow, max-snippet:-1, max-image-preview:large, max-video-preview:-1\" \/>\n<link rel=\"canonical\" href=\"https:\/\/www.suno.com.br\/noticias\/fora-meta-fiscal-governo-reajuste-servidores-publicos-evm\/\" \/>\n<meta property=\"og:locale\" content=\"pt_BR\" \/>\n<meta property=\"og:type\" content=\"article\" \/>\n<meta property=\"og:title\" content=\"Fora da meta, Governo deve frear reajuste de servidores p\u00fablicos\" \/>\n<meta property=\"og:description\" content=\"Mercado j\u00e1 prev\u00ea que o Governo &#039;fure&#039; a meta nos pr\u00f3ximos anos, acarretando na proibi\u00e7\u00e3o do reajuste de sal\u00e1rio de servidores p\u00fablicos\" \/>\n<meta property=\"og:url\" content=\"https:\/\/www.suno.com.br\/noticias\/fora-meta-fiscal-governo-reajuste-servidores-publicos-evm\/\" \/>\n<meta property=\"og:site_name\" content=\"Suno Not\u00edcias\" \/>\n<meta property=\"article:publisher\" content=\"https:\/\/facebook.com\/sunoresearch\" \/>\n<meta property=\"og:image\" content=\"https:\/\/files.sunoresearch.com.br\/n\/uploads\/2023\/06\/haddad-programa-desenrola-brasil.jpg\" \/>\n\t<meta property=\"og:image:width\" content=\"1200\" \/>\n\t<meta property=\"og:image:height\" content=\"800\" \/>\n\t<meta property=\"og:image:type\" content=\"image\/jpeg\" \/>\n<meta name=\"author\" content=\"Eduardo Vargas\" \/>\n<meta name=\"twitter:card\" content=\"summary_large_image\" \/>\n<meta name=\"twitter:creator\" content=\"@sunoresearch\" \/>\n<meta name=\"twitter:site\" content=\"@sunoresearch\" \/>\n<meta name=\"twitter:label1\" content=\"Escrito por\" \/>\n\t<meta name=\"twitter:data1\" content=\"Eduardo Vargas\" \/>\n\t<meta name=\"twitter:label2\" content=\"Est. tempo de leitura\" \/>\n\t<meta name=\"twitter:data2\" content=\"4 minutos\" \/>\n<script type=\"application\/ld+json\" class=\"yoast-schema-graph\">{\"@context\":\"https:\/\/schema.org\",\"@graph\":[{\"@type\":\"NewsArticle\",\"@id\":\"https:\/\/www.suno.com.br\/noticias\/fora-meta-fiscal-governo-reajuste-servidores-publicos-evm\/#article\",\"isPartOf\":{\"@id\":\"https:\/\/www.suno.com.br\/noticias\/fora-meta-fiscal-governo-reajuste-servidores-publicos-evm\/\"},\"author\":{\"name\":\"Eduardo Vargas\",\"@id\":\"https:\/\/www.suno.com.br\/noticias\/#\/schema\/person\/7f4d362bf3518e76090143ae77bb49a5\"},\"headline\":\"Fora da meta fiscal, governo deve frear reajustes de servidores p\u00fablicos, diz economista-chefe da Suno Research\",\"datePublished\":\"2023-10-18T19:28:53+00:00\",\"dateModified\":\"2023-10-18T20:37:52+00:00\",\"mainEntityOfPage\":{\"@id\":\"https:\/\/www.suno.com.br\/noticias\/fora-meta-fiscal-governo-reajuste-servidores-publicos-evm\/\"},\"wordCount\":715,\"publisher\":{\"@id\":\"https:\/\/www.suno.com.br\/noticias\/#organization\"},\"image\":{\"@id\":\"https:\/\/www.suno.com.br\/noticias\/fora-meta-fiscal-governo-reajuste-servidores-publicos-evm\/#primaryimage\"},\"thumbnailUrl\":\"https:\/\/files.sunoresearch.com.br\/n\/uploads\/2023\/06\/haddad-programa-desenrola-brasil.jpg\",\"keywords\":[\"Especialistas\",\"governo federal\",\"pol\u00edtica fiscal\"],\"articleSection\":[\"Economia\"],\"inLanguage\":\"pt-BR\"},{\"@type\":\"WebPage\",\"@id\":\"https:\/\/www.suno.com.br\/noticias\/fora-meta-fiscal-governo-reajuste-servidores-publicos-evm\/\",\"url\":\"https:\/\/www.suno.com.br\/noticias\/fora-meta-fiscal-governo-reajuste-servidores-publicos-evm\/\",\"name\":\"Fora da meta, Governo deve frear reajuste de servidores p\u00fablicos\",\"isPartOf\":{\"@id\":\"https:\/\/www.suno.com.br\/noticias\/#website\"},\"primaryImageOfPage\":{\"@id\":\"https:\/\/www.suno.com.br\/noticias\/fora-meta-fiscal-governo-reajuste-servidores-publicos-evm\/#primaryimage\"},\"image\":{\"@id\":\"https:\/\/www.suno.com.br\/noticias\/fora-meta-fiscal-governo-reajuste-servidores-publicos-evm\/#primaryimage\"},\"thumbnailUrl\":\"https:\/\/files.sunoresearch.com.br\/n\/uploads\/2023\/06\/haddad-programa-desenrola-brasil.jpg\",\"datePublished\":\"2023-10-18T19:28:53+00:00\",\"dateModified\":\"2023-10-18T20:37:52+00:00\",\"description\":\"Mercado j\u00e1 prev\u00ea que o Governo 'fure' a meta nos pr\u00f3ximos anos, acarretando na proibi\u00e7\u00e3o do reajuste de sal\u00e1rio de servidores p\u00fablicos\",\"breadcrumb\":{\"@id\":\"https:\/\/www.suno.com.br\/noticias\/fora-meta-fiscal-governo-reajuste-servidores-publicos-evm\/#breadcrumb\"},\"inLanguage\":\"pt-BR\",\"potentialAction\":[{\"@type\":\"ReadAction\",\"target\":[\"https:\/\/www.suno.com.br\/noticias\/fora-meta-fiscal-governo-reajuste-servidores-publicos-evm\/\"]}]},{\"@type\":\"ImageObject\",\"inLanguage\":\"pt-BR\",\"@id\":\"https:\/\/www.suno.com.br\/noticias\/fora-meta-fiscal-governo-reajuste-servidores-publicos-evm\/#primaryimage\",\"url\":\"https:\/\/files.sunoresearch.com.br\/n\/uploads\/2023\/06\/haddad-programa-desenrola-brasil.jpg\",\"contentUrl\":\"https:\/\/files.sunoresearch.com.br\/n\/uploads\/2023\/06\/haddad-programa-desenrola-brasil.jpg\",\"width\":1200,\"height\":800,\"caption\":\"Foto: Diogo Zacarias\/Minist\u00e9rio da Fazenda\"},{\"@type\":\"BreadcrumbList\",\"@id\":\"https:\/\/www.suno.com.br\/noticias\/fora-meta-fiscal-governo-reajuste-servidores-publicos-evm\/#breadcrumb\",\"itemListElement\":[{\"@type\":\"ListItem\",\"position\":1,\"name\":\"Not\u00edcias\",\"item\":\"https:\/\/www.suno.com.br\/noticias\/\"},{\"@type\":\"ListItem\",\"position\":2,\"name\":\"Economia\",\"item\":\"https:\/\/www.suno.com.br\/noticias\/economia\/\"},{\"@type\":\"ListItem\",\"position\":3,\"name\":\"Fora da meta fiscal, governo deve frear reajustes de servidores p\u00fablicos, diz economista-chefe da Suno Research\"}]},{\"@type\":\"WebSite\",\"@id\":\"https:\/\/www.suno.com.br\/noticias\/#website\",\"url\":\"https:\/\/www.suno.com.br\/noticias\/\",\"name\":\"Suno Not\u00edcias\",\"description\":\"Seu portal de informa\u00e7\u00e3o sobre o mundo dos investimentos\",\"publisher\":{\"@id\":\"https:\/\/www.suno.com.br\/noticias\/#organization\"},\"potentialAction\":[{\"@type\":\"SearchAction\",\"target\":{\"@type\":\"EntryPoint\",\"urlTemplate\":\"https:\/\/www.suno.com.br\/noticias\/?s={search_term_string}\"},\"query-input\":{\"@type\":\"PropertyValueSpecification\",\"valueRequired\":true,\"valueName\":\"search_term_string\"}}],\"inLanguage\":\"pt-BR\"},{\"@type\":\"Organization\",\"@id\":\"https:\/\/www.suno.com.br\/noticias\/#organization\",\"name\":\"Suno Not\u00edcias\",\"url\":\"https:\/\/www.suno.com.br\/noticias\/\",\"logo\":{\"@type\":\"ImageObject\",\"inLanguage\":\"pt-BR\",\"@id\":\"https:\/\/www.suno.com.br\/noticias\/#\/schema\/logo\/image\/\",\"url\":\"https:\/\/files.sunoresearch.com.br\/n\/uploads\/2021\/09\/suno-logo.png\",\"contentUrl\":\"https:\/\/files.sunoresearch.com.br\/n\/uploads\/2021\/09\/suno-logo.png\",\"width\":180,\"height\":180,\"caption\":\"Suno Not\u00edcias\"},\"image\":{\"@id\":\"https:\/\/www.suno.com.br\/noticias\/#\/schema\/logo\/image\/\"},\"sameAs\":[\"https:\/\/facebook.com\/sunoresearch\",\"https:\/\/x.com\/sunoresearch\",\"https:\/\/www.instagram.com\/suno\",\"https:\/\/www.linkedin.com\/company\/suno-research\/\",\"https:\/\/www.youtube.com\/c\/sunoresearch\"]},{\"@type\":\"Person\",\"@id\":\"https:\/\/www.suno.com.br\/noticias\/#\/schema\/person\/7f4d362bf3518e76090143ae77bb49a5\",\"name\":\"Eduardo Vargas\",\"image\":{\"@type\":\"ImageObject\",\"inLanguage\":\"pt-BR\",\"@id\":\"https:\/\/www.suno.com.br\/noticias\/#\/schema\/person\/image\/\",\"url\":\"https:\/\/secure.gravatar.com\/avatar\/dac340933427a22924c9f99d1eb2e3f2?s=96&r=g\",\"contentUrl\":\"https:\/\/secure.gravatar.com\/avatar\/dac340933427a22924c9f99d1eb2e3f2?s=96&r=g\",\"caption\":\"Eduardo Vargas\"},\"description\":\"Jornalista formado pela UFSC, cobre macroeconomia, neg\u00f3cios e startups para o Suno Not\u00edcias, escrevendo principalmente not\u00edcias sobre o mercado financeiro e a bolsa de valores. No YouTube e no Instagram, \u00e9 respons\u00e1vel pela produ\u00e7\u00e3o de Reels e Shorts do Suno Not\u00edcias. Anteriormente, trabalhou cobrindo economia e cotidiano no ND+ e para o ND, maior jornal impresso de Santa Catarina. Cursou um semestre letivo de Estudos de M\u00eddia na Universidad de Buenos Aires.\",\"url\":\"https:\/\/www.suno.com.br\/noticias\/author\/eduardo-vargas\/\"}]}<\/script>\n<!-- \/ Yoast SEO plugin. -->","yoast_head_json":{"title":"Fora da meta, Governo deve frear reajuste de servidores p\u00fablicos","description":"Mercado j\u00e1 prev\u00ea que o Governo 'fure' a meta nos pr\u00f3ximos anos, acarretando na proibi\u00e7\u00e3o do reajuste de sal\u00e1rio de servidores p\u00fablicos","robots":{"index":"index","follow":"follow","max-snippet":"max-snippet:-1","max-image-preview":"max-image-preview:large","max-video-preview":"max-video-preview:-1"},"canonical":"https:\/\/www.suno.com.br\/noticias\/fora-meta-fiscal-governo-reajuste-servidores-publicos-evm\/","og_locale":"pt_BR","og_type":"article","og_title":"Fora da meta, Governo deve frear reajuste de servidores p\u00fablicos","og_description":"Mercado j\u00e1 prev\u00ea que o Governo 'fure' a meta nos pr\u00f3ximos anos, acarretando na proibi\u00e7\u00e3o do reajuste de sal\u00e1rio de servidores p\u00fablicos","og_url":"https:\/\/www.suno.com.br\/noticias\/fora-meta-fiscal-governo-reajuste-servidores-publicos-evm\/","og_site_name":"Suno Not\u00edcias","article_publisher":"https:\/\/facebook.com\/sunoresearch","og_image":[{"width":1200,"height":800,"url":"https:\/\/files.sunoresearch.com.br\/n\/uploads\/2023\/06\/haddad-programa-desenrola-brasil.jpg","type":"image\/jpeg"}],"author":"Eduardo Vargas","twitter_card":"summary_large_image","twitter_creator":"@sunoresearch","twitter_site":"@sunoresearch","twitter_misc":{"Escrito por":"Eduardo Vargas","Est. tempo de leitura":"4 minutos"},"schema":{"@context":"https:\/\/schema.org","@graph":[{"@type":"NewsArticle","@id":"https:\/\/www.suno.com.br\/noticias\/fora-meta-fiscal-governo-reajuste-servidores-publicos-evm\/#article","isPartOf":{"@id":"https:\/\/www.suno.com.br\/noticias\/fora-meta-fiscal-governo-reajuste-servidores-publicos-evm\/"},"author":{"name":"Eduardo Vargas","@id":"https:\/\/www.suno.com.br\/noticias\/#\/schema\/person\/7f4d362bf3518e76090143ae77bb49a5"},"headline":"Fora da meta fiscal, governo deve frear reajustes de servidores p\u00fablicos, diz economista-chefe da Suno Research","datePublished":"2023-10-18T19:28:53+00:00","dateModified":"2023-10-18T20:37:52+00:00","mainEntityOfPage":{"@id":"https:\/\/www.suno.com.br\/noticias\/fora-meta-fiscal-governo-reajuste-servidores-publicos-evm\/"},"wordCount":715,"publisher":{"@id":"https:\/\/www.suno.com.br\/noticias\/#organization"},"image":{"@id":"https:\/\/www.suno.com.br\/noticias\/fora-meta-fiscal-governo-reajuste-servidores-publicos-evm\/#primaryimage"},"thumbnailUrl":"https:\/\/files.sunoresearch.com.br\/n\/uploads\/2023\/06\/haddad-programa-desenrola-brasil.jpg","keywords":["Especialistas","governo federal","pol\u00edtica fiscal"],"articleSection":["Economia"],"inLanguage":"pt-BR"},{"@type":"WebPage","@id":"https:\/\/www.suno.com.br\/noticias\/fora-meta-fiscal-governo-reajuste-servidores-publicos-evm\/","url":"https:\/\/www.suno.com.br\/noticias\/fora-meta-fiscal-governo-reajuste-servidores-publicos-evm\/","name":"Fora da meta, Governo deve frear reajuste de servidores p\u00fablicos","isPartOf":{"@id":"https:\/\/www.suno.com.br\/noticias\/#website"},"primaryImageOfPage":{"@id":"https:\/\/www.suno.com.br\/noticias\/fora-meta-fiscal-governo-reajuste-servidores-publicos-evm\/#primaryimage"},"image":{"@id":"https:\/\/www.suno.com.br\/noticias\/fora-meta-fiscal-governo-reajuste-servidores-publicos-evm\/#primaryimage"},"thumbnailUrl":"https:\/\/files.sunoresearch.com.br\/n\/uploads\/2023\/06\/haddad-programa-desenrola-brasil.jpg","datePublished":"2023-10-18T19:28:53+00:00","dateModified":"2023-10-18T20:37:52+00:00","description":"Mercado j\u00e1 prev\u00ea que o Governo 'fure' a meta nos pr\u00f3ximos anos, acarretando na proibi\u00e7\u00e3o do reajuste de sal\u00e1rio de servidores p\u00fablicos","breadcrumb":{"@id":"https:\/\/www.suno.com.br\/noticias\/fora-meta-fiscal-governo-reajuste-servidores-publicos-evm\/#breadcrumb"},"inLanguage":"pt-BR","potentialAction":[{"@type":"ReadAction","target":["https:\/\/www.suno.com.br\/noticias\/fora-meta-fiscal-governo-reajuste-servidores-publicos-evm\/"]}]},{"@type":"ImageObject","inLanguage":"pt-BR","@id":"https:\/\/www.suno.com.br\/noticias\/fora-meta-fiscal-governo-reajuste-servidores-publicos-evm\/#primaryimage","url":"https:\/\/files.sunoresearch.com.br\/n\/uploads\/2023\/06\/haddad-programa-desenrola-brasil.jpg","contentUrl":"https:\/\/files.sunoresearch.com.br\/n\/uploads\/2023\/06\/haddad-programa-desenrola-brasil.jpg","width":1200,"height":800,"caption":"Foto: Diogo Zacarias\/Minist\u00e9rio da Fazenda"},{"@type":"BreadcrumbList","@id":"https:\/\/www.suno.com.br\/noticias\/fora-meta-fiscal-governo-reajuste-servidores-publicos-evm\/#breadcrumb","itemListElement":[{"@type":"ListItem","position":1,"name":"Not\u00edcias","item":"https:\/\/www.suno.com.br\/noticias\/"},{"@type":"ListItem","position":2,"name":"Economia","item":"https:\/\/www.suno.com.br\/noticias\/economia\/"},{"@type":"ListItem","position":3,"name":"Fora da meta fiscal, governo deve frear reajustes de servidores p\u00fablicos, diz economista-chefe da Suno Research"}]},{"@type":"WebSite","@id":"https:\/\/www.suno.com.br\/noticias\/#website","url":"https:\/\/www.suno.com.br\/noticias\/","name":"Suno Not\u00edcias","description":"Seu portal de informa\u00e7\u00e3o sobre o mundo dos investimentos","publisher":{"@id":"https:\/\/www.suno.com.br\/noticias\/#organization"},"potentialAction":[{"@type":"SearchAction","target":{"@type":"EntryPoint","urlTemplate":"https:\/\/www.suno.com.br\/noticias\/?s={search_term_string}"},"query-input":{"@type":"PropertyValueSpecification","valueRequired":true,"valueName":"search_term_string"}}],"inLanguage":"pt-BR"},{"@type":"Organization","@id":"https:\/\/www.suno.com.br\/noticias\/#organization","name":"Suno Not\u00edcias","url":"https:\/\/www.suno.com.br\/noticias\/","logo":{"@type":"ImageObject","inLanguage":"pt-BR","@id":"https:\/\/www.suno.com.br\/noticias\/#\/schema\/logo\/image\/","url":"https:\/\/files.sunoresearch.com.br\/n\/uploads\/2021\/09\/suno-logo.png","contentUrl":"https:\/\/files.sunoresearch.com.br\/n\/uploads\/2021\/09\/suno-logo.png","width":180,"height":180,"caption":"Suno Not\u00edcias"},"image":{"@id":"https:\/\/www.suno.com.br\/noticias\/#\/schema\/logo\/image\/"},"sameAs":["https:\/\/facebook.com\/sunoresearch","https:\/\/x.com\/sunoresearch","https:\/\/www.instagram.com\/suno","https:\/\/www.linkedin.com\/company\/suno-research\/","https:\/\/www.youtube.com\/c\/sunoresearch"]},{"@type":"Person","@id":"https:\/\/www.suno.com.br\/noticias\/#\/schema\/person\/7f4d362bf3518e76090143ae77bb49a5","name":"Eduardo Vargas","image":{"@type":"ImageObject","inLanguage":"pt-BR","@id":"https:\/\/www.suno.com.br\/noticias\/#\/schema\/person\/image\/","url":"https:\/\/secure.gravatar.com\/avatar\/dac340933427a22924c9f99d1eb2e3f2?s=96&r=g","contentUrl":"https:\/\/secure.gravatar.com\/avatar\/dac340933427a22924c9f99d1eb2e3f2?s=96&r=g","caption":"Eduardo Vargas"},"description":"Jornalista formado pela UFSC, cobre macroeconomia, neg\u00f3cios e startups para o Suno Not\u00edcias, escrevendo principalmente not\u00edcias sobre o mercado financeiro e a bolsa de valores. No YouTube e no Instagram, \u00e9 respons\u00e1vel pela produ\u00e7\u00e3o de Reels e Shorts do Suno Not\u00edcias. Anteriormente, trabalhou cobrindo economia e cotidiano no ND+ e para o ND, maior jornal impresso de Santa Catarina. Cursou um semestre letivo de Estudos de M\u00eddia na Universidad de Buenos Aires.","url":"https:\/\/www.suno.com.br\/noticias\/author\/eduardo-vargas\/"}]}},"default_loop_html":"<div class=\"cardsPage__listCard__boxs\"><div class=\"cardsPage__listCard__boxs__img\"><a href=\"https:\/\/www.suno.com.br\/noticias\/fora-meta-fiscal-governo-reajuste-servidores-publicos-evm\/\"><img class=\"mask\" src=\"https:\/\/www.suno.com.br\/noticias\/wp-content\/themes\/suno\/resources\/images\/spotlight\/spotlight1img\/bg-mask.png\" alt=\"Image Mask\"\/><img src=\"https:\/\/files.sunoresearch.com.br\/n\/uploads\/2023\/06\/haddad-programa-desenrola-brasil-400x200.jpg\" alt=\"Fora da meta fiscal, governo deve frear reajustes de servidores p\u00fablicos, diz economista-chefe da Suno Research\"\/><\/a><span class=\"spotlightCategory\"><a href=\"https:\/\/www.suno.com.br\/noticias\/economia\/\">Economia<\/a><\/span><\/div><div class=\"cardsPage__listCard__boxs__content\"><a href=\"https:\/\/www.suno.com.br\/noticias\/fora-meta-fiscal-governo-reajuste-servidores-publicos-evm\/\"><h2 class=\"content__title\">Fora da meta fiscal, governo deve frear reajustes de servidores p\u00fablicos, diz economista-chefe da Suno Research<\/h2><\/a><div class=\"newsContent__article__meta\"><div class=\"newsContent__article__meta__authorBox\"><a href=\"https:\/\/www.suno.com.br\/noticias\/author\/eduardo-vargas\/\" class=\"authorBox__avatar noMobi\"><img src=\"https:\/\/secure.gravatar.com\/avatar\/dac340933427a22924c9f99d1eb2e3f2?s=96&#038;r=g\" alt=\"Eduardo Vargas\"><\/a><div class=\"authorBox__name\"><span>por\n\t\t\t<a href=\"https:\/\/www.suno.com.br\/noticias\/author\/eduardo-vargas\/\"><span itemprop=\"author\">Eduardo Vargas<\/span><\/a><\/span><time datetime=\"2023-10-18T16:28:53-03:00\" itemprop=\"datePublished\">18\/10\/2023 16:28<\/time><\/div><\/div><\/div><\/div><\/div>","single_layout":"posts","amp_enabled":true,"_links":{"self":[{"href":"https:\/\/www.suno.com.br\/noticias\/wp-json\/wp\/v2\/posts\/472814"}],"collection":[{"href":"https:\/\/www.suno.com.br\/noticias\/wp-json\/wp\/v2\/posts"}],"about":[{"href":"https:\/\/www.suno.com.br\/noticias\/wp-json\/wp\/v2\/types\/post"}],"author":[{"embeddable":true,"href":"https:\/\/www.suno.com.br\/noticias\/wp-json\/wp\/v2\/users\/73"}],"replies":[{"embeddable":true,"href":"https:\/\/www.suno.com.br\/noticias\/wp-json\/wp\/v2\/comments?post=472814"}],"version-history":[{"count":2,"href":"https:\/\/www.suno.com.br\/noticias\/wp-json\/wp\/v2\/posts\/472814\/revisions"}],"predecessor-version":[{"id":472891,"href":"https:\/\/www.suno.com.br\/noticias\/wp-json\/wp\/v2\/posts\/472814\/revisions\/472891"}],"wp:featuredmedia":[{"embeddable":true,"href":"https:\/\/www.suno.com.br\/noticias\/wp-json\/wp\/v2\/media\/413518"}],"wp:attachment":[{"href":"https:\/\/www.suno.com.br\/noticias\/wp-json\/wp\/v2\/media?parent=472814"}],"wp:term":[{"taxonomy":"category","embeddable":true,"href":"https:\/\/www.suno.com.br\/noticias\/wp-json\/wp\/v2\/categories?post=472814"},{"taxonomy":"post_tag","embeddable":true,"href":"https:\/\/www.suno.com.br\/noticias\/wp-json\/wp\/v2\/tags?post=472814"},{"taxonomy":"suno_strategy","embeddable":true,"href":"https:\/\/www.suno.com.br\/noticias\/wp-json\/wp\/v2\/suno_strategy?post=472814"}],"curies":[{"name":"wp","href":"https:\/\/api.w.org\/{rel}","templated":true}]}}