{"id":472602,"date":"2023-10-18T12:15:15","date_gmt":"2023-10-18T15:15:15","guid":{"rendered":"https:\/\/www.suno.com.br\/noticias\/?p=472602"},"modified":"2023-10-18T12:43:35","modified_gmt":"2023-10-18T15:43:35","slug":"fiagro-regra-isencao-dos-fundos-nao-sera-alterada-afirma-pedro-paulo-cpf","status":"publish","type":"post","link":"https:\/\/www.suno.com.br\/noticias\/fiagro-regra-isencao-dos-fundos-nao-sera-alterada-afirma-pedro-paulo-cpf\/","title":{"rendered":"Fiagro: regra de isen\u00e7\u00e3o dos fundos n\u00e3o ser\u00e1 alterada, afirma relator do projeto de lei"},"content":{"rendered":"<p>A exig\u00eancia para isen\u00e7\u00e3o de rendimentos do <a class=\"suno-keyword\" data-force=\"no\" data-priority=\"2\" href=\"https:\/\/www.suno.com.br\/artigos\/fundo-de-investimento-em-participacoes\/\" target=\"_blank\" rel=\"noopener\">Fundo de Investimento<\/a> em Cadeias Agroindustriais (<strong>Fiagro)<\/strong> permanecer\u00e1 em 50 cotistas. Ap\u00f3s proposta de aumento para 300, o deputado Pedro Paulo (PSD-RJ) afirmou que n\u00e3o haver\u00e1 mudan\u00e7a na regra. O deputado \u00e9 relator do projeto de lei de tributa\u00e7\u00e3o dos fundos offshore e fundos exclusivos.<\/p>\t<div class=\"wrapper-featured-image\">\n\t\t<figure class=\"spotlightImg\">\n\n\t\t\t<picture>\n\t\t\t\t<source media=\"(max-width: 768px)\" srcset=\"https:\/\/files.sunoresearch.com.br\/n\/uploads\/2023\/05\/agronegocios-fiagro-400x200.jpg\">\n\t\t\t\t<img loading=\"lazy\" decoding=\"async\" class=\"newsContent__article__imgCapa lazyloadDisabled \" src=\"https:\/\/files.sunoresearch.com.br\/n\/uploads\/2023\/05\/agronegocios-fiagro-800x450.jpg\" width=\"800\" height=\"450\" alt=\"Fiagro: regra de isen\u00e7\u00e3o dos fundos n\u00e3o ser\u00e1 alterada, afirma relator do projeto de lei\" fetchpriority=high \/>\n\t\t\t<\/picture>\n\n\t\t\t<figcaption class=\"wp-caption-text wp-caption-text--show\">VGIA11 renova m\u00ednima hist\u00f3rica de dividendos; Veja o que aconteceu em outubro. Foto: iStock<\/figcaption>\n\t\t<\/figure>\n\t<\/div>\n\n\n\n\n\n\n\n\t<p>\n\t\t<a href=\"\" target=\"_blank\" data-element=\"shortcode-suno-banner\" title=\"Banner SUNO, clique e saiba mais\">\n\t\t\t<picture>\n\t\t\t\t<source media=\"(max-width: 500px)\" srcset=\"\">\n\t\t\t\t<img class=\"newsContent__article__imgCapa newsContent__article__imgCapa--banner\"\n\t\t\t\t\tsrc=\"\"\n\t\t\t\t\tdata-promo-id=\"77014\"\t\t\t\t\t\t\t\t\t\t\t\t\t\t\talt=\"\"\n\t\t\t\t>\n\t\t\t<\/picture>\n\t\t<\/a>\n\t<\/p>\n\n\n\n\n\n<p>A confirma\u00e7\u00e3o do deputado chegou nesta ter\u00e7a-feira (17), em entrevista a jornalistas, afirmando que a manuten\u00e7\u00e3o do n\u00famero contempla a Frente Parlamentar Agropecu\u00e1ria (FPA). <\/p>\n\n\n\n<p>A mudan\u00e7a no n\u00famero de cotistas aconteceu no parecer do projeto de lei (PL) 4.173\/2023, que impactou <strong>Fiagro <\/strong>e <strong>fundos de investimentos<\/strong> como um todo, al\u00e9m de <em>offshores <\/em>e <a class=\"suno-keyword\" data-force=\"no\" data-priority=\"1\" href=\"https:\/\/www.suno.com.br\/artigos\/fundos-exclusivos\/\" target=\"_blank\" rel=\"noopener\">fundos exclusivos<\/a>. O t\u00f3pico tamb\u00e9m j\u00e1 estava na medida provis\u00f3ria (MP). <\/p>\n\n\n\n<p>Ainda na entrevista, o deputado afirmou que o n\u00famero de 50 cotistas atual, que se aplica tamb\u00e9m aos <strong>Fundos de investimento Imobili\u00e1rio (FII)<\/strong>, teve uma rea\u00e7\u00e3o positiva do governo. <\/p>\n\n\n\n<p>Al\u00e9m disso, Pedro Paulo comentou que outras mudan\u00e7as est\u00e3o sendo discutidas:<\/p>\n\n\n\n<blockquote class=\"wp-block-quote is-layout-flow wp-block-quote-is-layout-flow\">\n<p>&#8220;A gente est\u00e1 saindo um pouco dessa discuss\u00e3o dos cotistas para modifica\u00e7\u00f5es ali na regra de composi\u00e7\u00e3o e de aprimoramento do Fundo, que fecham essas brechas de planejamento tribut\u00e1rio sem ter que mexer em cotista\u201d, disse o deputado.<\/p>\n<\/blockquote>\n\n\n\t<p>\n\t\t<a href=\"https:\/\/lp.suno.com.br\/minicurso-investindo-fiis\/\" target=\"_blank\" data-element=\"shortcode-suno-banner\" title=\"Banner SUNO, clique e saiba mais\">\n\t\t\t<picture>\n\t\t\t\t<source media=\"(max-width: 500px)\" srcset=\"https:\/\/files.sunoresearch.com.br\/n\/uploads\/2023\/03\/400x300-Minicurso-FIIS.png\">\n\t\t\t\t<img class=\"newsContent__article__imgCapa newsContent__article__imgCapa--banner\"\n\t\t\t\t\tsrc=\"https:\/\/files.sunoresearch.com.br\/n\/uploads\/2023\/03\/1420x240-Minicurso-FIIS.png\"\n\t\t\t\t\tdata-promo-id=\"383125\"\t\t\t\t\t\t\t\t\t\twidth='1420' height='240'\t\t\t\t\talt=\"https:\/\/files.sunoresearch.com.br\/n\/uploads\/2023\/03\/1420x240-Minicurso-FIIS.png\"\n\t\t\t\t>\n\t\t\t<\/picture>\n\t\t<\/a>\n\t<\/p>\n\n\n\n\n\n<h2 class=\"wp-block-heading\">Novas mudan\u00e7as para Fiagro e vota\u00e7\u00e3o<\/h2>\n\n\n\n<p>Uma das altera\u00e7\u00f5es propostas refere-se \u00e0 limita\u00e7\u00e3o das cotas entre familiares a 30% do total do patrim\u00f4nio l\u00edquido, at\u00e9 parentes de 2\u00ba grau. <\/p>\n\n\n\n<p>Pedro Paulo afirmou ter discutido a proposta com o vice-presidente da FPA na C\u00e2mara, Arnaldo Jardim (Cidadania-SP), que mostrou entusiasmo em rela\u00e7\u00e3o \u00e0 ideia. Na ter\u00e7a-feira (10), <strong>Pedro Paulo <\/strong>j\u00e1 havia indicado sua inten\u00e7\u00e3o de atender \u00e0s demandas do agroneg\u00f3cio com mudan\u00e7as no parecer.<\/p>\n\n\n\n<p>Nesta ter\u00e7a-feira (17), o presidente interino da C\u00e2mara, Marcos Pereira (Republicanos-SP), decidiu adiar a vota\u00e7\u00e3o do Projeto de Lei sobre <em>offshores<\/em>, ap\u00f3s uma reuni\u00e3o com l\u00edderes partid\u00e1rios para discutir a possibilidade de incluir ou n\u00e3o a proposta na pauta.<\/p>\n\n\n\n<p>Inicialmente, a vota\u00e7\u00e3o estava prevista para o dia 24 de outubro, ap\u00f3s o retorno do presidente da C\u00e2mara, Arthur Lira (PP-AL), de sua viagem \u00e0 China e \u00e0 \u00cdndia. No entanto, houve press\u00e3o por parte de alguns congressistas para antecipar a an\u00e1lise do texto.<\/p>\n\n\n\n<p>Ap\u00f3s a reuni\u00e3o, n\u00e3o foi alcan\u00e7ado um acordo e a decis\u00e3o sobre o adiamento da vota\u00e7\u00e3o ficou a cargo de Marcos Pereira.<\/p>\n\n\n\t<p>\n\t\t<a href=\"https:\/\/lp.suno.com.br\/planilha-da-vida-financeira\/\" target=\"_blank\" data-element=\"shortcode-suno-banner\" title=\"Banner SUNO, clique e saiba mais\">\n\t\t\t<picture>\n\t\t\t\t<source media=\"(max-width: 500px)\" srcset=\"https:\/\/files.sunoresearch.com.br\/n\/uploads\/2023\/04\/400x300-Planilha-vida-financeira-true.png\">\n\t\t\t\t<img class=\"newsContent__article__imgCapa newsContent__article__imgCapa--banner\"\n\t\t\t\t\tsrc=\"https:\/\/files.sunoresearch.com.br\/n\/uploads\/2023\/04\/1420x240-Planilha-vida-financeira-true.png\"\n\t\t\t\t\tdata-promo-id=\"383123\"\t\t\t\t\t\t\t\t\t\twidth='1420' height='240'\t\t\t\t\talt=\"https:\/\/files.sunoresearch.com.br\/n\/uploads\/2023\/04\/1420x240-Planilha-vida-financeira-true.png\"\n\t\t\t\t>\n\t\t\t<\/picture>\n\t\t<\/a>\n\t<\/p>\n\n\n","protected":false},"excerpt":{"rendered":"<p>A exig\u00eancia para isen\u00e7\u00e3o de rendimentos do Fundo de Investimento em Cadeias Agroindustriais (Fiagro) permanecer\u00e1 em 50 cotistas. Ap\u00f3s proposta de aumento para 300, o deputado Pedro Paulo (PSD-RJ) afirmou que n\u00e3o haver\u00e1 mudan\u00e7a na regra. O deputado \u00e9 relator do projeto de lei de tributa\u00e7\u00e3o dos fundos offshore e fundos exclusivos. VGIA11 renova m\u00ednima [&hellip;]<\/p>\n","protected":false},"author":283,"featured_media":406424,"comment_status":"closed","ping_status":"closed","sticky":false,"template":"","format":"standard","meta":[],"categories":[66],"tags":[106399,315],"suno_strategy":[],"class_list":["post-472602","post","type-post","status-publish","format-standard","has-post-thumbnail","hentry","category-fiis","tag-fiagro","tag-fundos-imobiliarios-fiis"],"yoast_head":"<!-- This site is optimized with the Yoast SEO plugin v24.4 - https:\/\/yoast.com\/wordpress\/plugins\/seo\/ -->\n<title>Fiagro: Regra de isen\u00e7\u00e3o de fundos n\u00e3o ser\u00e1 alterada, afirma Pedro Paulo<\/title>\n<meta name=\"description\" content=\"A exig\u00eancia para isen\u00e7\u00e3o de rendimentos do Fiagro permanecer\u00e1 em 50 cotistas, afirmou o deputado Pedro Paulo (PSD-RJ). Veja detalhes.\" \/>\n<meta name=\"robots\" content=\"index, follow, max-snippet:-1, max-image-preview:large, max-video-preview:-1\" \/>\n<link rel=\"canonical\" href=\"https:\/\/www.suno.com.br\/noticias\/fiagro-regra-isencao-dos-fundos-nao-sera-alterada-afirma-pedro-paulo-cpf\/\" \/>\n<meta property=\"og:locale\" content=\"pt_BR\" \/>\n<meta property=\"og:type\" content=\"article\" \/>\n<meta property=\"og:title\" content=\"Fiagro: Regra de isen\u00e7\u00e3o de fundos n\u00e3o ser\u00e1 alterada, afirma Pedro Paulo\" \/>\n<meta property=\"og:description\" content=\"A exig\u00eancia para isen\u00e7\u00e3o de rendimentos do Fiagro permanecer\u00e1 em 50 cotistas, afirmou o deputado Pedro Paulo (PSD-RJ). Veja detalhes.\" \/>\n<meta property=\"og:url\" content=\"https:\/\/www.suno.com.br\/noticias\/fiagro-regra-isencao-dos-fundos-nao-sera-alterada-afirma-pedro-paulo-cpf\/\" \/>\n<meta property=\"og:site_name\" content=\"Suno Not\u00edcias\" \/>\n<meta property=\"article:publisher\" content=\"https:\/\/facebook.com\/sunoresearch\" \/>\n<meta property=\"og:image\" content=\"https:\/\/files.sunoresearch.com.br\/n\/uploads\/2023\/05\/agronegocios-fiagro.jpg\" \/>\n\t<meta property=\"og:image:width\" content=\"1200\" \/>\n\t<meta property=\"og:image:height\" content=\"801\" \/>\n\t<meta property=\"og:image:type\" content=\"image\/jpeg\" \/>\n<meta name=\"author\" content=\"Camila Paim\" \/>\n<meta name=\"twitter:card\" content=\"summary_large_image\" \/>\n<meta name=\"twitter:creator\" content=\"@sunoresearch\" \/>\n<meta name=\"twitter:site\" content=\"@sunoresearch\" \/>\n<meta name=\"twitter:label1\" content=\"Escrito por\" \/>\n\t<meta name=\"twitter:data1\" content=\"Camila Paim\" \/>\n\t<meta name=\"twitter:label2\" content=\"Est. tempo de leitura\" \/>\n\t<meta name=\"twitter:data2\" content=\"3 minutos\" \/>\n<script type=\"application\/ld+json\" class=\"yoast-schema-graph\">{\"@context\":\"https:\/\/schema.org\",\"@graph\":[{\"@type\":\"NewsArticle\",\"@id\":\"https:\/\/www.suno.com.br\/noticias\/fiagro-regra-isencao-dos-fundos-nao-sera-alterada-afirma-pedro-paulo-cpf\/#article\",\"isPartOf\":{\"@id\":\"https:\/\/www.suno.com.br\/noticias\/fiagro-regra-isencao-dos-fundos-nao-sera-alterada-afirma-pedro-paulo-cpf\/\"},\"author\":{\"name\":\"Camila Paim\",\"@id\":\"https:\/\/www.suno.com.br\/noticias\/#\/schema\/person\/f341d3ae5d1cc685176c9a5327cdfdbb\"},\"headline\":\"Fiagro: regra de isen\u00e7\u00e3o dos fundos n\u00e3o ser\u00e1 alterada, afirma relator do projeto de lei\",\"datePublished\":\"2023-10-18T15:15:15+00:00\",\"dateModified\":\"2023-10-18T15:43:35+00:00\",\"mainEntityOfPage\":{\"@id\":\"https:\/\/www.suno.com.br\/noticias\/fiagro-regra-isencao-dos-fundos-nao-sera-alterada-afirma-pedro-paulo-cpf\/\"},\"wordCount\":442,\"publisher\":{\"@id\":\"https:\/\/www.suno.com.br\/noticias\/#organization\"},\"image\":{\"@id\":\"https:\/\/www.suno.com.br\/noticias\/fiagro-regra-isencao-dos-fundos-nao-sera-alterada-afirma-pedro-paulo-cpf\/#primaryimage\"},\"thumbnailUrl\":\"https:\/\/files.sunoresearch.com.br\/n\/uploads\/2023\/05\/agronegocios-fiagro.jpg\",\"keywords\":[\"Fiagro\",\"Fundos Imobili\u00e1rios (FIIs)\"],\"articleSection\":[\"FIIs\"],\"inLanguage\":\"pt-BR\"},{\"@type\":\"WebPage\",\"@id\":\"https:\/\/www.suno.com.br\/noticias\/fiagro-regra-isencao-dos-fundos-nao-sera-alterada-afirma-pedro-paulo-cpf\/\",\"url\":\"https:\/\/www.suno.com.br\/noticias\/fiagro-regra-isencao-dos-fundos-nao-sera-alterada-afirma-pedro-paulo-cpf\/\",\"name\":\"Fiagro: Regra de isen\u00e7\u00e3o de fundos n\u00e3o ser\u00e1 alterada, afirma Pedro Paulo\",\"isPartOf\":{\"@id\":\"https:\/\/www.suno.com.br\/noticias\/#website\"},\"primaryImageOfPage\":{\"@id\":\"https:\/\/www.suno.com.br\/noticias\/fiagro-regra-isencao-dos-fundos-nao-sera-alterada-afirma-pedro-paulo-cpf\/#primaryimage\"},\"image\":{\"@id\":\"https:\/\/www.suno.com.br\/noticias\/fiagro-regra-isencao-dos-fundos-nao-sera-alterada-afirma-pedro-paulo-cpf\/#primaryimage\"},\"thumbnailUrl\":\"https:\/\/files.sunoresearch.com.br\/n\/uploads\/2023\/05\/agronegocios-fiagro.jpg\",\"datePublished\":\"2023-10-18T15:15:15+00:00\",\"dateModified\":\"2023-10-18T15:43:35+00:00\",\"description\":\"A exig\u00eancia para isen\u00e7\u00e3o de rendimentos do Fiagro permanecer\u00e1 em 50 cotistas, afirmou o deputado Pedro Paulo (PSD-RJ). Veja detalhes.\",\"breadcrumb\":{\"@id\":\"https:\/\/www.suno.com.br\/noticias\/fiagro-regra-isencao-dos-fundos-nao-sera-alterada-afirma-pedro-paulo-cpf\/#breadcrumb\"},\"inLanguage\":\"pt-BR\",\"potentialAction\":[{\"@type\":\"ReadAction\",\"target\":[\"https:\/\/www.suno.com.br\/noticias\/fiagro-regra-isencao-dos-fundos-nao-sera-alterada-afirma-pedro-paulo-cpf\/\"]}]},{\"@type\":\"ImageObject\",\"inLanguage\":\"pt-BR\",\"@id\":\"https:\/\/www.suno.com.br\/noticias\/fiagro-regra-isencao-dos-fundos-nao-sera-alterada-afirma-pedro-paulo-cpf\/#primaryimage\",\"url\":\"https:\/\/files.sunoresearch.com.br\/n\/uploads\/2023\/05\/agronegocios-fiagro.jpg\",\"contentUrl\":\"https:\/\/files.sunoresearch.com.br\/n\/uploads\/2023\/05\/agronegocios-fiagro.jpg\",\"width\":1200,\"height\":801,\"caption\":\"VGIA11 renova m\u00ednima hist\u00f3rica de dividendos; Veja o que aconteceu em outubro. Foto: iStock\"},{\"@type\":\"BreadcrumbList\",\"@id\":\"https:\/\/www.suno.com.br\/noticias\/fiagro-regra-isencao-dos-fundos-nao-sera-alterada-afirma-pedro-paulo-cpf\/#breadcrumb\",\"itemListElement\":[{\"@type\":\"ListItem\",\"position\":1,\"name\":\"Not\u00edcias\",\"item\":\"https:\/\/www.suno.com.br\/noticias\/\"},{\"@type\":\"ListItem\",\"position\":2,\"name\":\"FIIs\",\"item\":\"https:\/\/www.suno.com.br\/noticias\/fiis\/\"},{\"@type\":\"ListItem\",\"position\":3,\"name\":\"Fiagro: regra de isen\u00e7\u00e3o dos fundos n\u00e3o ser\u00e1 alterada, afirma relator do projeto de lei\"}]},{\"@type\":\"WebSite\",\"@id\":\"https:\/\/www.suno.com.br\/noticias\/#website\",\"url\":\"https:\/\/www.suno.com.br\/noticias\/\",\"name\":\"Suno Not\u00edcias\",\"description\":\"Seu portal de informa\u00e7\u00e3o sobre o mundo dos investimentos\",\"publisher\":{\"@id\":\"https:\/\/www.suno.com.br\/noticias\/#organization\"},\"potentialAction\":[{\"@type\":\"SearchAction\",\"target\":{\"@type\":\"EntryPoint\",\"urlTemplate\":\"https:\/\/www.suno.com.br\/noticias\/?s={search_term_string}\"},\"query-input\":{\"@type\":\"PropertyValueSpecification\",\"valueRequired\":true,\"valueName\":\"search_term_string\"}}],\"inLanguage\":\"pt-BR\"},{\"@type\":\"Organization\",\"@id\":\"https:\/\/www.suno.com.br\/noticias\/#organization\",\"name\":\"Suno Not\u00edcias\",\"url\":\"https:\/\/www.suno.com.br\/noticias\/\",\"logo\":{\"@type\":\"ImageObject\",\"inLanguage\":\"pt-BR\",\"@id\":\"https:\/\/www.suno.com.br\/noticias\/#\/schema\/logo\/image\/\",\"url\":\"https:\/\/files.sunoresearch.com.br\/n\/uploads\/2021\/09\/suno-logo.png\",\"contentUrl\":\"https:\/\/files.sunoresearch.com.br\/n\/uploads\/2021\/09\/suno-logo.png\",\"width\":180,\"height\":180,\"caption\":\"Suno Not\u00edcias\"},\"image\":{\"@id\":\"https:\/\/www.suno.com.br\/noticias\/#\/schema\/logo\/image\/\"},\"sameAs\":[\"https:\/\/facebook.com\/sunoresearch\",\"https:\/\/x.com\/sunoresearch\",\"https:\/\/www.instagram.com\/suno\",\"https:\/\/www.linkedin.com\/company\/suno-research\/\",\"https:\/\/www.youtube.com\/c\/sunoresearch\"]},{\"@type\":\"Person\",\"@id\":\"https:\/\/www.suno.com.br\/noticias\/#\/schema\/person\/f341d3ae5d1cc685176c9a5327cdfdbb\",\"name\":\"Camila Paim\",\"image\":{\"@type\":\"ImageObject\",\"inLanguage\":\"pt-BR\",\"@id\":\"https:\/\/www.suno.com.br\/noticias\/#\/schema\/person\/image\/\",\"url\":\"https:\/\/secure.gravatar.com\/avatar\/f33728e65febb1aa7ecf6792956f9b20?s=96&r=g\",\"contentUrl\":\"https:\/\/secure.gravatar.com\/avatar\/f33728e65febb1aa7ecf6792956f9b20?s=96&r=g\",\"caption\":\"Camila Paim\"},\"description\":\"Jornalista formada pela USP, tem experi\u00eancia em reda\u00e7\u00f5es, SEO, Branded Content e Webdesign. Com passagem pelo Jornal da USP, Empiricus e C6 Bank, hoje \u00e9 rep\u00f3rter no Suno Not\u00edcias cobrindo macroeconomia, finan\u00e7as pessoais e startups.\",\"url\":\"https:\/\/www.suno.com.br\/noticias\/author\/camila-figueiredosuno-com-br\/\"}]}<\/script>\n<!-- \/ Yoast SEO plugin. -->","yoast_head_json":{"title":"Fiagro: Regra de isen\u00e7\u00e3o de fundos n\u00e3o ser\u00e1 alterada, afirma Pedro Paulo","description":"A exig\u00eancia para isen\u00e7\u00e3o de rendimentos do Fiagro permanecer\u00e1 em 50 cotistas, afirmou o deputado Pedro Paulo (PSD-RJ). Veja detalhes.","robots":{"index":"index","follow":"follow","max-snippet":"max-snippet:-1","max-image-preview":"max-image-preview:large","max-video-preview":"max-video-preview:-1"},"canonical":"https:\/\/www.suno.com.br\/noticias\/fiagro-regra-isencao-dos-fundos-nao-sera-alterada-afirma-pedro-paulo-cpf\/","og_locale":"pt_BR","og_type":"article","og_title":"Fiagro: Regra de isen\u00e7\u00e3o de fundos n\u00e3o ser\u00e1 alterada, afirma Pedro Paulo","og_description":"A exig\u00eancia para isen\u00e7\u00e3o de rendimentos do Fiagro permanecer\u00e1 em 50 cotistas, afirmou o deputado Pedro Paulo (PSD-RJ). Veja detalhes.","og_url":"https:\/\/www.suno.com.br\/noticias\/fiagro-regra-isencao-dos-fundos-nao-sera-alterada-afirma-pedro-paulo-cpf\/","og_site_name":"Suno Not\u00edcias","article_publisher":"https:\/\/facebook.com\/sunoresearch","og_image":[{"width":1200,"height":801,"url":"https:\/\/files.sunoresearch.com.br\/n\/uploads\/2023\/05\/agronegocios-fiagro.jpg","type":"image\/jpeg"}],"author":"Camila Paim","twitter_card":"summary_large_image","twitter_creator":"@sunoresearch","twitter_site":"@sunoresearch","twitter_misc":{"Escrito por":"Camila Paim","Est. tempo de leitura":"3 minutos"},"schema":{"@context":"https:\/\/schema.org","@graph":[{"@type":"NewsArticle","@id":"https:\/\/www.suno.com.br\/noticias\/fiagro-regra-isencao-dos-fundos-nao-sera-alterada-afirma-pedro-paulo-cpf\/#article","isPartOf":{"@id":"https:\/\/www.suno.com.br\/noticias\/fiagro-regra-isencao-dos-fundos-nao-sera-alterada-afirma-pedro-paulo-cpf\/"},"author":{"name":"Camila Paim","@id":"https:\/\/www.suno.com.br\/noticias\/#\/schema\/person\/f341d3ae5d1cc685176c9a5327cdfdbb"},"headline":"Fiagro: regra de isen\u00e7\u00e3o dos fundos n\u00e3o ser\u00e1 alterada, afirma relator do projeto de lei","datePublished":"2023-10-18T15:15:15+00:00","dateModified":"2023-10-18T15:43:35+00:00","mainEntityOfPage":{"@id":"https:\/\/www.suno.com.br\/noticias\/fiagro-regra-isencao-dos-fundos-nao-sera-alterada-afirma-pedro-paulo-cpf\/"},"wordCount":442,"publisher":{"@id":"https:\/\/www.suno.com.br\/noticias\/#organization"},"image":{"@id":"https:\/\/www.suno.com.br\/noticias\/fiagro-regra-isencao-dos-fundos-nao-sera-alterada-afirma-pedro-paulo-cpf\/#primaryimage"},"thumbnailUrl":"https:\/\/files.sunoresearch.com.br\/n\/uploads\/2023\/05\/agronegocios-fiagro.jpg","keywords":["Fiagro","Fundos Imobili\u00e1rios (FIIs)"],"articleSection":["FIIs"],"inLanguage":"pt-BR"},{"@type":"WebPage","@id":"https:\/\/www.suno.com.br\/noticias\/fiagro-regra-isencao-dos-fundos-nao-sera-alterada-afirma-pedro-paulo-cpf\/","url":"https:\/\/www.suno.com.br\/noticias\/fiagro-regra-isencao-dos-fundos-nao-sera-alterada-afirma-pedro-paulo-cpf\/","name":"Fiagro: Regra de isen\u00e7\u00e3o de fundos n\u00e3o ser\u00e1 alterada, afirma Pedro Paulo","isPartOf":{"@id":"https:\/\/www.suno.com.br\/noticias\/#website"},"primaryImageOfPage":{"@id":"https:\/\/www.suno.com.br\/noticias\/fiagro-regra-isencao-dos-fundos-nao-sera-alterada-afirma-pedro-paulo-cpf\/#primaryimage"},"image":{"@id":"https:\/\/www.suno.com.br\/noticias\/fiagro-regra-isencao-dos-fundos-nao-sera-alterada-afirma-pedro-paulo-cpf\/#primaryimage"},"thumbnailUrl":"https:\/\/files.sunoresearch.com.br\/n\/uploads\/2023\/05\/agronegocios-fiagro.jpg","datePublished":"2023-10-18T15:15:15+00:00","dateModified":"2023-10-18T15:43:35+00:00","description":"A exig\u00eancia para isen\u00e7\u00e3o de rendimentos do Fiagro permanecer\u00e1 em 50 cotistas, afirmou o deputado Pedro Paulo (PSD-RJ). Veja detalhes.","breadcrumb":{"@id":"https:\/\/www.suno.com.br\/noticias\/fiagro-regra-isencao-dos-fundos-nao-sera-alterada-afirma-pedro-paulo-cpf\/#breadcrumb"},"inLanguage":"pt-BR","potentialAction":[{"@type":"ReadAction","target":["https:\/\/www.suno.com.br\/noticias\/fiagro-regra-isencao-dos-fundos-nao-sera-alterada-afirma-pedro-paulo-cpf\/"]}]},{"@type":"ImageObject","inLanguage":"pt-BR","@id":"https:\/\/www.suno.com.br\/noticias\/fiagro-regra-isencao-dos-fundos-nao-sera-alterada-afirma-pedro-paulo-cpf\/#primaryimage","url":"https:\/\/files.sunoresearch.com.br\/n\/uploads\/2023\/05\/agronegocios-fiagro.jpg","contentUrl":"https:\/\/files.sunoresearch.com.br\/n\/uploads\/2023\/05\/agronegocios-fiagro.jpg","width":1200,"height":801,"caption":"VGIA11 renova m\u00ednima hist\u00f3rica de dividendos; Veja o que aconteceu em outubro. Foto: iStock"},{"@type":"BreadcrumbList","@id":"https:\/\/www.suno.com.br\/noticias\/fiagro-regra-isencao-dos-fundos-nao-sera-alterada-afirma-pedro-paulo-cpf\/#breadcrumb","itemListElement":[{"@type":"ListItem","position":1,"name":"Not\u00edcias","item":"https:\/\/www.suno.com.br\/noticias\/"},{"@type":"ListItem","position":2,"name":"FIIs","item":"https:\/\/www.suno.com.br\/noticias\/fiis\/"},{"@type":"ListItem","position":3,"name":"Fiagro: regra de isen\u00e7\u00e3o dos fundos n\u00e3o ser\u00e1 alterada, afirma relator do projeto de lei"}]},{"@type":"WebSite","@id":"https:\/\/www.suno.com.br\/noticias\/#website","url":"https:\/\/www.suno.com.br\/noticias\/","name":"Suno Not\u00edcias","description":"Seu portal de informa\u00e7\u00e3o sobre o mundo dos investimentos","publisher":{"@id":"https:\/\/www.suno.com.br\/noticias\/#organization"},"potentialAction":[{"@type":"SearchAction","target":{"@type":"EntryPoint","urlTemplate":"https:\/\/www.suno.com.br\/noticias\/?s={search_term_string}"},"query-input":{"@type":"PropertyValueSpecification","valueRequired":true,"valueName":"search_term_string"}}],"inLanguage":"pt-BR"},{"@type":"Organization","@id":"https:\/\/www.suno.com.br\/noticias\/#organization","name":"Suno Not\u00edcias","url":"https:\/\/www.suno.com.br\/noticias\/","logo":{"@type":"ImageObject","inLanguage":"pt-BR","@id":"https:\/\/www.suno.com.br\/noticias\/#\/schema\/logo\/image\/","url":"https:\/\/files.sunoresearch.com.br\/n\/uploads\/2021\/09\/suno-logo.png","contentUrl":"https:\/\/files.sunoresearch.com.br\/n\/uploads\/2021\/09\/suno-logo.png","width":180,"height":180,"caption":"Suno Not\u00edcias"},"image":{"@id":"https:\/\/www.suno.com.br\/noticias\/#\/schema\/logo\/image\/"},"sameAs":["https:\/\/facebook.com\/sunoresearch","https:\/\/x.com\/sunoresearch","https:\/\/www.instagram.com\/suno","https:\/\/www.linkedin.com\/company\/suno-research\/","https:\/\/www.youtube.com\/c\/sunoresearch"]},{"@type":"Person","@id":"https:\/\/www.suno.com.br\/noticias\/#\/schema\/person\/f341d3ae5d1cc685176c9a5327cdfdbb","name":"Camila Paim","image":{"@type":"ImageObject","inLanguage":"pt-BR","@id":"https:\/\/www.suno.com.br\/noticias\/#\/schema\/person\/image\/","url":"https:\/\/secure.gravatar.com\/avatar\/f33728e65febb1aa7ecf6792956f9b20?s=96&r=g","contentUrl":"https:\/\/secure.gravatar.com\/avatar\/f33728e65febb1aa7ecf6792956f9b20?s=96&r=g","caption":"Camila Paim"},"description":"Jornalista formada pela USP, tem experi\u00eancia em reda\u00e7\u00f5es, SEO, Branded Content e Webdesign. Com passagem pelo Jornal da USP, Empiricus e C6 Bank, hoje \u00e9 rep\u00f3rter no Suno Not\u00edcias cobrindo macroeconomia, finan\u00e7as pessoais e startups.","url":"https:\/\/www.suno.com.br\/noticias\/author\/camila-figueiredosuno-com-br\/"}]}},"default_loop_html":"<div class=\"cardsPage__listCard__boxs\"><div class=\"cardsPage__listCard__boxs__img\"><a href=\"https:\/\/www.suno.com.br\/noticias\/fiagro-regra-isencao-dos-fundos-nao-sera-alterada-afirma-pedro-paulo-cpf\/\"><img class=\"mask\" src=\"https:\/\/www.suno.com.br\/noticias\/wp-content\/themes\/suno\/resources\/images\/spotlight\/spotlight1img\/bg-mask.png\" alt=\"Image Mask\"\/><img src=\"https:\/\/files.sunoresearch.com.br\/n\/uploads\/2023\/05\/agronegocios-fiagro-400x200.jpg\" alt=\"Fiagro: regra de isen\u00e7\u00e3o dos fundos n\u00e3o ser\u00e1 alterada, afirma relator do projeto de lei\"\/><\/a><span class=\"spotlightCategory\"><a href=\"https:\/\/www.suno.com.br\/noticias\/fiis\/\">FIIs<\/a><\/span><\/div><div class=\"cardsPage__listCard__boxs__content\"><a href=\"https:\/\/www.suno.com.br\/noticias\/fiagro-regra-isencao-dos-fundos-nao-sera-alterada-afirma-pedro-paulo-cpf\/\"><h2 class=\"content__title\">Fiagro: regra de isen\u00e7\u00e3o dos fundos n\u00e3o ser\u00e1 alterada, afirma relator do projeto de lei<\/h2><\/a><div class=\"newsContent__article__meta\"><div class=\"newsContent__article__meta__authorBox\"><a href=\"https:\/\/www.suno.com.br\/noticias\/author\/camila-figueiredosuno-com-br\/\" class=\"authorBox__avatar noMobi\"><img src=\"https:\/\/files.sunoresearch.com.br\/n\/uploads\/2024\/05\/camila-paim-square-150x150.jpg\" alt=\"Camila Paim\"><\/a><div class=\"authorBox__name\"><span>por\n\t\t\t<a href=\"https:\/\/www.suno.com.br\/noticias\/author\/camila-figueiredosuno-com-br\/\"><span itemprop=\"author\">Camila Paim<\/span><\/a><\/span><time datetime=\"2023-10-18T12:15:15-03:00\" itemprop=\"datePublished\">18\/10\/2023 12:15<\/time><\/div><\/div><\/div><\/div><\/div>","single_layout":"posts","amp_enabled":true,"_links":{"self":[{"href":"https:\/\/www.suno.com.br\/noticias\/wp-json\/wp\/v2\/posts\/472602"}],"collection":[{"href":"https:\/\/www.suno.com.br\/noticias\/wp-json\/wp\/v2\/posts"}],"about":[{"href":"https:\/\/www.suno.com.br\/noticias\/wp-json\/wp\/v2\/types\/post"}],"author":[{"embeddable":true,"href":"https:\/\/www.suno.com.br\/noticias\/wp-json\/wp\/v2\/users\/283"}],"replies":[{"embeddable":true,"href":"https:\/\/www.suno.com.br\/noticias\/wp-json\/wp\/v2\/comments?post=472602"}],"version-history":[{"count":3,"href":"https:\/\/www.suno.com.br\/noticias\/wp-json\/wp\/v2\/posts\/472602\/revisions"}],"predecessor-version":[{"id":472674,"href":"https:\/\/www.suno.com.br\/noticias\/wp-json\/wp\/v2\/posts\/472602\/revisions\/472674"}],"wp:featuredmedia":[{"embeddable":true,"href":"https:\/\/www.suno.com.br\/noticias\/wp-json\/wp\/v2\/media\/406424"}],"wp:attachment":[{"href":"https:\/\/www.suno.com.br\/noticias\/wp-json\/wp\/v2\/media?parent=472602"}],"wp:term":[{"taxonomy":"category","embeddable":true,"href":"https:\/\/www.suno.com.br\/noticias\/wp-json\/wp\/v2\/categories?post=472602"},{"taxonomy":"post_tag","embeddable":true,"href":"https:\/\/www.suno.com.br\/noticias\/wp-json\/wp\/v2\/tags?post=472602"},{"taxonomy":"suno_strategy","embeddable":true,"href":"https:\/\/www.suno.com.br\/noticias\/wp-json\/wp\/v2\/suno_strategy?post=472602"}],"curies":[{"name":"wp","href":"https:\/\/api.w.org\/{rel}","templated":true}]}}