{"id":472537,"date":"2023-10-18T09:48:48","date_gmt":"2023-10-18T12:48:48","guid":{"rendered":"https:\/\/www.suno.com.br\/noticias\/?p=472537"},"modified":"2023-10-18T09:48:51","modified_gmt":"2023-10-18T12:48:51","slug":"sabesp-sbsp3-passo-processo-desestatizacao-cpf","status":"publish","type":"post","link":"https:\/\/www.suno.com.br\/noticias\/sabesp-sbsp3-passo-processo-desestatizacao-cpf\/","title":{"rendered":"Sabesp (SBSP3) d\u00e1 mais um passo no processo de desestatiza\u00e7\u00e3o da empresa"},"content":{"rendered":"<p>A Companhia de Saneamento B\u00e1sico do Estado de S\u00e3o Paulo, a <strong>Sabesp (SBSP3)<\/strong>, informou que o Governo do Estado de S\u00e3o Paulo enviou \u00e0 Assembleia Legislativa de S\u00e3o Paulo um projeto de lei para autorizar a desestatiza\u00e7\u00e3o da companhia. <\/p>\t<div class=\"wrapper-featured-image\">\n\t\t<figure class=\"spotlightImg\">\n\n\t\t\t<picture>\n\t\t\t\t<source media=\"(max-width: 768px)\" srcset=\"https:\/\/files.sunoresearch.com.br\/n\/uploads\/2019\/04\/23ad7446-sabesp-400x200.webp\">\n\t\t\t\t<img loading=\"lazy\" decoding=\"async\" class=\"newsContent__article__imgCapa lazyloadDisabled \" src=\"https:\/\/files.sunoresearch.com.br\/n\/uploads\/2019\/04\/23ad7446-sabesp-800x450.webp\" width=\"800\" height=\"450\" alt=\"Sabesp (SBSP3) d\u00e1 mais um passo no processo de desestatiza\u00e7\u00e3o da empresa\" fetchpriority=high \/>\n\t\t\t<\/picture>\n\n\t\t\t<figcaption class=\"wp-caption-text wp-caption-text--show\">Sabesp (SBSP3) - Foto: divulga\u00e7\u00e3o\/Assessoria.<\/figcaption>\n\t\t<\/figure>\n\t<\/div>\n\n\n\n\n\n\t<p>\n\t\t<a href=\"https:\/\/lp.suno.com.br\/planilha-da-vida-financeira\/\" target=\"_blank\" data-element=\"shortcode-suno-banner\" title=\"Banner SUNO, clique e saiba mais\">\n\t\t\t<picture>\n\t\t\t\t<source media=\"(max-width: 500px)\" srcset=\"https:\/\/files.sunoresearch.com.br\/n\/uploads\/2023\/04\/400x300-Planilha-vida-financeira-true.png\">\n\t\t\t\t<img class=\"newsContent__article__imgCapa newsContent__article__imgCapa--banner\"\n\t\t\t\t\tsrc=\"https:\/\/files.sunoresearch.com.br\/n\/uploads\/2023\/04\/1420x240-Planilha-vida-financeira-true.png\"\n\t\t\t\t\tdata-promo-id=\"106682\"\t\t\t\t\t\t\t\t\t\twidth='1420' height='240'\t\t\t\t\talt=\"https:\/\/files.sunoresearch.com.br\/n\/uploads\/2023\/04\/1420x240-Planilha-vida-financeira-true.png\"\n\t\t\t\t>\n\t\t\t<\/picture>\n\t\t<\/a>\n\t<\/p>\n\n\n\n\n\n\n\n<p>O an\u00fancio foi feito hoje atrav\u00e9s de um <a class=\"suno-keyword\" target=\"_blank\" data-force=\"no\" data-priority=\"1\" href=\"https:\/\/www.suno.com.br\/artigos\/fato-relevante\/\" rel=\"noopener\">Fato Relevante<\/a> divulgado pela Companhia \u00e1 Comiss\u00e3o de Valores Mobili\u00e1rios (CVM).<\/p>\n\n\n\n<p>De acordo com a <strong>Sabesp<\/strong>, o projeto de <strong>desestatiza\u00e7\u00e3o <\/strong>visa atender \u00e0s seguintes diretrizes:<\/p>\n\n\n\n<ol class=\"wp-block-list\">\n<li>Universaliza\u00e7\u00e3o dos Servi\u00e7os: Garantir a universaliza\u00e7\u00e3o dos servi\u00e7os de abastecimento de \u00e1gua e esgotamento sanit\u00e1rio em todos os munic\u00edpios do Estado atendidos pela Companhia, incluindo \u00e1reas rurais e n\u00facleos urbanos informais consolidados, conforme estabelecido pela Lei Federal n\u00ba 14.026, de 15 de julho de 2020;<\/li>\n\n\n\n<li>Antecipa\u00e7\u00e3o das Metas: Antecipar a realiza\u00e7\u00e3o das metas mencionadas no item 1 at\u00e9 31 de dezembro de 2029, considerando eventuais prazos menores estipulados nos contratos existentes;<\/li>\n\n\n\n<li>Redu\u00e7\u00e3o Tarif\u00e1ria: Implementar redu\u00e7\u00f5es nas tarifas, com prioridade para beneficiar as popula\u00e7\u00f5es mais vulner\u00e1veis.<\/li>\n<\/ol>\n\n\n\n<p>Al\u00e9m disso, a Sabesp se compromete a manter o mercado atualizado sobre os desenvolvimentos relacionados a este assunto relevante.<\/p>\n\n\n\t<p>\n\t\t<a href=\"https:\/\/lp.suno.com.br\/ebook-como-analisar-uma-acao\/\" target=\"_blank\" data-element=\"shortcode-suno-banner\" title=\"Banner SUNO, clique e saiba mais\">\n\t\t\t<picture>\n\t\t\t\t<source media=\"(max-width: 500px)\" srcset=\"https:\/\/files.sunoresearch.com.br\/n\/uploads\/2023\/03\/Ebook-Acoes-Mobile.jpg\">\n\t\t\t\t<img class=\"newsContent__article__imgCapa newsContent__article__imgCapa--banner\"\n\t\t\t\t\tsrc=\"https:\/\/files.sunoresearch.com.br\/n\/uploads\/2023\/03\/Ebook-Acoes-Desktop.jpg\"\n\t\t\t\t\tdata-promo-id=\"378302\"\t\t\t\t\t\t\t\t\t\twidth='1420' height='286'\t\t\t\t\talt=\"https:\/\/files.sunoresearch.com.br\/n\/uploads\/2023\/03\/Ebook-Acoes-Desktop.jpg\"\n\t\t\t\t>\n\t\t\t<\/picture>\n\t\t<\/a>\n\t<\/p>\n\n\n\n\n\n<h2 class=\"wp-block-heading\">Funcion\u00e1rios da Sabesp (SBSP3) fazem greve contra desestatiza\u00e7\u00e3o e Tarc\u00edsio confirma assinatura do PL<\/h2>\n\n\n\n<p>No in\u00edcio deste m\u00eas de outubro, no dia 3, os trabalhadores da Companhia de Saneamento B\u00e1sico, junto com os funcion\u00e1rios do metr\u00f4 e da Companhia Paulista de Trens Metropolitanos (CPTM) paralisaram suas atividades em protestos ao movimento de desestatiza\u00e7\u00e3o de suas respectivas empresas. <\/p>\n\n\n\n<p>O governador de S\u00e3o Paulo, Tarc\u00edsio de Freitas, confirmou que o projeto de lei de privatiza\u00e7\u00e3o da&nbsp;<strong><a href=\"https:\/\/www.suno.com.br\/acoes\/sbsp3\/\">Sabesp (SBSP3)<\/a><\/strong>&nbsp;foi assinado na ter\u00e7a-feira (17) e enviado para a Assembleia Legislativa do Estado de S\u00e3o Paulo (Alesp). <\/p>\n\n\n\n<p>Com isso, o texto ficou dispon\u00edvel para an\u00e1lise dos deputados a partir desta quarta-feira (18). <\/p>\n\n\n\n<p>\u201cHoje demos um passo importante para a<strong> desestatiza\u00e7\u00e3o da Sabesp<\/strong>\u201c, afirmou Tarc\u00edsio durante coletiva de imprensa promovida na noite desta ter\u00e7a-feira. Mais cedo, antes do envio do texto para a Alesp, o governador se reuniu com parlamentares da base aliada para explicar o projeto de lei e o modelo de privatiza\u00e7\u00e3o. O foco da<strong> privatiza\u00e7\u00e3o da Sabesp<\/strong> \u00e9 atrair s\u00f3cios e capital para a companhia. <\/p>\n\n\n\n\t<div data-element=\"shortcode-read-more\" class=\"readToo\">\n\t\t\t\t<span class=\"readToo__title\">Leia mais<\/span>\n\t\t\t\t<ul class=\"readToo__list\">\n\t\t\t<li><a href=\"https:\/\/www.suno.com.br\/noticias\/sabesp-sbsp3-privatizacao-estado-fatia-golden-share\/\">Privatiza\u00e7\u00e3o da Sabesp (SBSP3): Estado ter\u00e1 &#8220;algo entre 15% e 30%&#8221; de fatia; projeto prev\u00ea golden share do governo e follow-on<\/a><\/li><li><a href=\"https:\/\/www.suno.com.br\/noticias\/acoes-sabesp-sbsp3-xp-recomendacao-evm\/\">A\u00e7\u00f5es da Sabesp (SBSP3) devem saltar 30%, estima XP, que eleva recomenda\u00e7\u00e3o para compra<\/a><\/li><li><a href=\"https:\/\/www.suno.com.br\/noticias\/metroviarios-greve-sao-paulo-encerram-paralisacao-mal\/\">Metrovi\u00e1rios, servidores da CPTM e funcion\u00e1rios da Sabesp decidem encerrar greve em S\u00e3o Paulo<\/a><\/li>\t\t<\/ul>\n\t<\/div>\n\n\n\n\t<p>\n\t\t<a href=\"https:\/\/lp.suno.com.br\/planilha-da-vida-financeira\/\" target=\"_blank\" data-element=\"shortcode-suno-banner\" title=\"Banner SUNO, clique e saiba mais\">\n\t\t\t<picture>\n\t\t\t\t<source media=\"(max-width: 500px)\" srcset=\"https:\/\/files.sunoresearch.com.br\/n\/uploads\/2023\/04\/400x300-Planilha-vida-financeira-true.png\">\n\t\t\t\t<img class=\"newsContent__article__imgCapa newsContent__article__imgCapa--banner\"\n\t\t\t\t\tsrc=\"https:\/\/files.sunoresearch.com.br\/n\/uploads\/2023\/04\/1420x240-Planilha-vida-financeira-true.png\"\n\t\t\t\t\tdata-promo-id=\"383123\"\t\t\t\t\t\t\t\t\t\twidth='1420' height='240'\t\t\t\t\talt=\"https:\/\/files.sunoresearch.com.br\/n\/uploads\/2023\/04\/1420x240-Planilha-vida-financeira-true.png\"\n\t\t\t\t>\n\t\t\t<\/picture>\n\t\t<\/a>\n\t<\/p>\n\n\n","protected":false},"excerpt":{"rendered":"<p>A Companhia de Saneamento B\u00e1sico do Estado de S\u00e3o Paulo, a Sabesp (SBSP3), informou que o Governo do Estado de S\u00e3o Paulo enviou \u00e0 Assembleia Legislativa de S\u00e3o Paulo um projeto de lei para autorizar a desestatiza\u00e7\u00e3o da companhia. Sabesp (SBSP3) &#8211; Foto: divulga\u00e7\u00e3o\/Assessoria. O an\u00fancio foi feito hoje atrav\u00e9s de um Fato Relevante divulgado [&hellip;]<\/p>\n","protected":false},"author":283,"featured_media":19686,"comment_status":"closed","ping_status":"closed","sticky":false,"template":"","format":"standard","meta":[],"categories":[64],"tags":[106765],"suno_strategy":[],"class_list":["post-472537","post","type-post","status-publish","format-standard","has-post-thumbnail","hentry","category-negocios","tag-sabesp-sbsp3"],"yoast_head":"<!-- This site is optimized with the Yoast SEO plugin v24.4 - https:\/\/yoast.com\/wordpress\/plugins\/seo\/ -->\n<title>Sabesp (SBSP3) d\u00e1 mais um passo no processo de desestatiza\u00e7\u00e3o<\/title>\n<meta name=\"description\" content=\"A Sabesp (SBSP3) informou que o Governo de SP enviou \u00e0 Assembleia Legislativa do estado um projeto de lei para autorizar a desestatiza\u00e7\u00e3o.\" \/>\n<meta name=\"robots\" content=\"index, follow, max-snippet:-1, max-image-preview:large, max-video-preview:-1\" \/>\n<link rel=\"canonical\" href=\"https:\/\/www.suno.com.br\/noticias\/sabesp-sbsp3-passo-processo-desestatizacao-cpf\/\" \/>\n<meta property=\"og:locale\" content=\"pt_BR\" \/>\n<meta property=\"og:type\" content=\"article\" \/>\n<meta property=\"og:title\" content=\"Sabesp (SBSP3) d\u00e1 mais um passo no processo de desestatiza\u00e7\u00e3o\" \/>\n<meta property=\"og:description\" content=\"A Sabesp (SBSP3) informou que o Governo de SP enviou \u00e0 Assembleia Legislativa do estado um projeto de lei para autorizar a desestatiza\u00e7\u00e3o.\" \/>\n<meta property=\"og:url\" content=\"https:\/\/www.suno.com.br\/noticias\/sabesp-sbsp3-passo-processo-desestatizacao-cpf\/\" \/>\n<meta property=\"og:site_name\" content=\"Suno Not\u00edcias\" \/>\n<meta property=\"article:publisher\" content=\"https:\/\/facebook.com\/sunoresearch\" \/>\n<meta property=\"og:image\" content=\"https:\/\/files.sunoresearch.com.br\/n\/uploads\/2019\/04\/23ad7446-sabesp.jpg\" \/>\n\t<meta property=\"og:image:width\" content=\"1280\" \/>\n\t<meta property=\"og:image:height\" content=\"792\" \/>\n\t<meta property=\"og:image:type\" content=\"image\/jpeg\" \/>\n<meta name=\"author\" content=\"Camila Paim\" \/>\n<meta name=\"twitter:card\" content=\"summary_large_image\" \/>\n<meta name=\"twitter:creator\" content=\"@sunoresearch\" \/>\n<meta name=\"twitter:site\" content=\"@sunoresearch\" \/>\n<meta name=\"twitter:label1\" content=\"Escrito por\" \/>\n\t<meta name=\"twitter:data1\" content=\"Camila Paim\" \/>\n\t<meta name=\"twitter:label2\" content=\"Est. tempo de leitura\" \/>\n\t<meta name=\"twitter:data2\" content=\"2 minutos\" \/>\n<script type=\"application\/ld+json\" class=\"yoast-schema-graph\">{\"@context\":\"https:\/\/schema.org\",\"@graph\":[{\"@type\":\"NewsArticle\",\"@id\":\"https:\/\/www.suno.com.br\/noticias\/sabesp-sbsp3-passo-processo-desestatizacao-cpf\/#article\",\"isPartOf\":{\"@id\":\"https:\/\/www.suno.com.br\/noticias\/sabesp-sbsp3-passo-processo-desestatizacao-cpf\/\"},\"author\":{\"name\":\"Camila Paim\",\"@id\":\"https:\/\/www.suno.com.br\/noticias\/#\/schema\/person\/f341d3ae5d1cc685176c9a5327cdfdbb\"},\"headline\":\"Sabesp (SBSP3) d\u00e1 mais um passo no processo de desestatiza\u00e7\u00e3o da empresa\",\"datePublished\":\"2023-10-18T12:48:48+00:00\",\"dateModified\":\"2023-10-18T12:48:51+00:00\",\"mainEntityOfPage\":{\"@id\":\"https:\/\/www.suno.com.br\/noticias\/sabesp-sbsp3-passo-processo-desestatizacao-cpf\/\"},\"wordCount\":407,\"publisher\":{\"@id\":\"https:\/\/www.suno.com.br\/noticias\/#organization\"},\"image\":{\"@id\":\"https:\/\/www.suno.com.br\/noticias\/sabesp-sbsp3-passo-processo-desestatizacao-cpf\/#primaryimage\"},\"thumbnailUrl\":\"https:\/\/files.sunoresearch.com.br\/n\/uploads\/2019\/04\/23ad7446-sabesp-jpg.webp\",\"keywords\":[\"Sabesp (SBSP3)\"],\"articleSection\":[\"Neg\u00f3cios\"],\"inLanguage\":\"pt-BR\"},{\"@type\":\"WebPage\",\"@id\":\"https:\/\/www.suno.com.br\/noticias\/sabesp-sbsp3-passo-processo-desestatizacao-cpf\/\",\"url\":\"https:\/\/www.suno.com.br\/noticias\/sabesp-sbsp3-passo-processo-desestatizacao-cpf\/\",\"name\":\"Sabesp (SBSP3) d\u00e1 mais um passo no processo de desestatiza\u00e7\u00e3o\",\"isPartOf\":{\"@id\":\"https:\/\/www.suno.com.br\/noticias\/#website\"},\"primaryImageOfPage\":{\"@id\":\"https:\/\/www.suno.com.br\/noticias\/sabesp-sbsp3-passo-processo-desestatizacao-cpf\/#primaryimage\"},\"image\":{\"@id\":\"https:\/\/www.suno.com.br\/noticias\/sabesp-sbsp3-passo-processo-desestatizacao-cpf\/#primaryimage\"},\"thumbnailUrl\":\"https:\/\/files.sunoresearch.com.br\/n\/uploads\/2019\/04\/23ad7446-sabesp-jpg.webp\",\"datePublished\":\"2023-10-18T12:48:48+00:00\",\"dateModified\":\"2023-10-18T12:48:51+00:00\",\"description\":\"A Sabesp (SBSP3) informou que o Governo de SP enviou \u00e0 Assembleia Legislativa do estado um projeto de lei para autorizar a desestatiza\u00e7\u00e3o.\",\"breadcrumb\":{\"@id\":\"https:\/\/www.suno.com.br\/noticias\/sabesp-sbsp3-passo-processo-desestatizacao-cpf\/#breadcrumb\"},\"inLanguage\":\"pt-BR\",\"potentialAction\":[{\"@type\":\"ReadAction\",\"target\":[\"https:\/\/www.suno.com.br\/noticias\/sabesp-sbsp3-passo-processo-desestatizacao-cpf\/\"]}]},{\"@type\":\"ImageObject\",\"inLanguage\":\"pt-BR\",\"@id\":\"https:\/\/www.suno.com.br\/noticias\/sabesp-sbsp3-passo-processo-desestatizacao-cpf\/#primaryimage\",\"url\":\"https:\/\/files.sunoresearch.com.br\/n\/uploads\/2019\/04\/23ad7446-sabesp-jpg.webp\",\"contentUrl\":\"https:\/\/files.sunoresearch.com.br\/n\/uploads\/2019\/04\/23ad7446-sabesp-jpg.webp\",\"width\":1280,\"height\":792,\"caption\":\"Sabesp (SBSP3) - Foto: divulga\u00e7\u00e3o\/Assessoria.\"},{\"@type\":\"BreadcrumbList\",\"@id\":\"https:\/\/www.suno.com.br\/noticias\/sabesp-sbsp3-passo-processo-desestatizacao-cpf\/#breadcrumb\",\"itemListElement\":[{\"@type\":\"ListItem\",\"position\":1,\"name\":\"Not\u00edcias\",\"item\":\"https:\/\/www.suno.com.br\/noticias\/\"},{\"@type\":\"ListItem\",\"position\":2,\"name\":\"Neg\u00f3cios\",\"item\":\"https:\/\/www.suno.com.br\/noticias\/negocios\/\"},{\"@type\":\"ListItem\",\"position\":3,\"name\":\"Sabesp (SBSP3) d\u00e1 mais um passo no processo de desestatiza\u00e7\u00e3o da empresa\"}]},{\"@type\":\"WebSite\",\"@id\":\"https:\/\/www.suno.com.br\/noticias\/#website\",\"url\":\"https:\/\/www.suno.com.br\/noticias\/\",\"name\":\"Suno Not\u00edcias\",\"description\":\"Seu portal de informa\u00e7\u00e3o sobre o mundo dos investimentos\",\"publisher\":{\"@id\":\"https:\/\/www.suno.com.br\/noticias\/#organization\"},\"potentialAction\":[{\"@type\":\"SearchAction\",\"target\":{\"@type\":\"EntryPoint\",\"urlTemplate\":\"https:\/\/www.suno.com.br\/noticias\/?s={search_term_string}\"},\"query-input\":{\"@type\":\"PropertyValueSpecification\",\"valueRequired\":true,\"valueName\":\"search_term_string\"}}],\"inLanguage\":\"pt-BR\"},{\"@type\":\"Organization\",\"@id\":\"https:\/\/www.suno.com.br\/noticias\/#organization\",\"name\":\"Suno Not\u00edcias\",\"url\":\"https:\/\/www.suno.com.br\/noticias\/\",\"logo\":{\"@type\":\"ImageObject\",\"inLanguage\":\"pt-BR\",\"@id\":\"https:\/\/www.suno.com.br\/noticias\/#\/schema\/logo\/image\/\",\"url\":\"https:\/\/files.sunoresearch.com.br\/n\/uploads\/2021\/09\/suno-logo.png\",\"contentUrl\":\"https:\/\/files.sunoresearch.com.br\/n\/uploads\/2021\/09\/suno-logo.png\",\"width\":180,\"height\":180,\"caption\":\"Suno Not\u00edcias\"},\"image\":{\"@id\":\"https:\/\/www.suno.com.br\/noticias\/#\/schema\/logo\/image\/\"},\"sameAs\":[\"https:\/\/facebook.com\/sunoresearch\",\"https:\/\/x.com\/sunoresearch\",\"https:\/\/www.instagram.com\/suno\",\"https:\/\/www.linkedin.com\/company\/suno-research\/\",\"https:\/\/www.youtube.com\/c\/sunoresearch\"]},{\"@type\":\"Person\",\"@id\":\"https:\/\/www.suno.com.br\/noticias\/#\/schema\/person\/f341d3ae5d1cc685176c9a5327cdfdbb\",\"name\":\"Camila Paim\",\"image\":{\"@type\":\"ImageObject\",\"inLanguage\":\"pt-BR\",\"@id\":\"https:\/\/www.suno.com.br\/noticias\/#\/schema\/person\/image\/\",\"url\":\"https:\/\/secure.gravatar.com\/avatar\/f33728e65febb1aa7ecf6792956f9b20?s=96&r=g\",\"contentUrl\":\"https:\/\/secure.gravatar.com\/avatar\/f33728e65febb1aa7ecf6792956f9b20?s=96&r=g\",\"caption\":\"Camila Paim\"},\"description\":\"Jornalista formada pela USP, tem experi\u00eancia em reda\u00e7\u00f5es, SEO, Branded Content e Webdesign. Com passagem pelo Jornal da USP, Empiricus e C6 Bank, hoje \u00e9 rep\u00f3rter no Suno Not\u00edcias cobrindo macroeconomia, finan\u00e7as pessoais e startups.\",\"url\":\"https:\/\/www.suno.com.br\/noticias\/author\/camila-figueiredosuno-com-br\/\"}]}<\/script>\n<!-- \/ Yoast SEO plugin. -->","yoast_head_json":{"title":"Sabesp (SBSP3) d\u00e1 mais um passo no processo de desestatiza\u00e7\u00e3o","description":"A Sabesp (SBSP3) informou que o Governo de SP enviou \u00e0 Assembleia Legislativa do estado um projeto de lei para autorizar a desestatiza\u00e7\u00e3o.","robots":{"index":"index","follow":"follow","max-snippet":"max-snippet:-1","max-image-preview":"max-image-preview:large","max-video-preview":"max-video-preview:-1"},"canonical":"https:\/\/www.suno.com.br\/noticias\/sabesp-sbsp3-passo-processo-desestatizacao-cpf\/","og_locale":"pt_BR","og_type":"article","og_title":"Sabesp (SBSP3) d\u00e1 mais um passo no processo de desestatiza\u00e7\u00e3o","og_description":"A Sabesp (SBSP3) informou que o Governo de SP enviou \u00e0 Assembleia Legislativa do estado um projeto de lei para autorizar a desestatiza\u00e7\u00e3o.","og_url":"https:\/\/www.suno.com.br\/noticias\/sabesp-sbsp3-passo-processo-desestatizacao-cpf\/","og_site_name":"Suno Not\u00edcias","article_publisher":"https:\/\/facebook.com\/sunoresearch","og_image":[{"width":1280,"height":792,"url":"https:\/\/files.sunoresearch.com.br\/n\/uploads\/2019\/04\/23ad7446-sabesp.jpg","type":"image\/jpeg"}],"author":"Camila Paim","twitter_card":"summary_large_image","twitter_creator":"@sunoresearch","twitter_site":"@sunoresearch","twitter_misc":{"Escrito por":"Camila Paim","Est. tempo de leitura":"2 minutos"},"schema":{"@context":"https:\/\/schema.org","@graph":[{"@type":"NewsArticle","@id":"https:\/\/www.suno.com.br\/noticias\/sabesp-sbsp3-passo-processo-desestatizacao-cpf\/#article","isPartOf":{"@id":"https:\/\/www.suno.com.br\/noticias\/sabesp-sbsp3-passo-processo-desestatizacao-cpf\/"},"author":{"name":"Camila Paim","@id":"https:\/\/www.suno.com.br\/noticias\/#\/schema\/person\/f341d3ae5d1cc685176c9a5327cdfdbb"},"headline":"Sabesp (SBSP3) d\u00e1 mais um passo no processo de desestatiza\u00e7\u00e3o da empresa","datePublished":"2023-10-18T12:48:48+00:00","dateModified":"2023-10-18T12:48:51+00:00","mainEntityOfPage":{"@id":"https:\/\/www.suno.com.br\/noticias\/sabesp-sbsp3-passo-processo-desestatizacao-cpf\/"},"wordCount":407,"publisher":{"@id":"https:\/\/www.suno.com.br\/noticias\/#organization"},"image":{"@id":"https:\/\/www.suno.com.br\/noticias\/sabesp-sbsp3-passo-processo-desestatizacao-cpf\/#primaryimage"},"thumbnailUrl":"https:\/\/files.sunoresearch.com.br\/n\/uploads\/2019\/04\/23ad7446-sabesp-jpg.webp","keywords":["Sabesp (SBSP3)"],"articleSection":["Neg\u00f3cios"],"inLanguage":"pt-BR"},{"@type":"WebPage","@id":"https:\/\/www.suno.com.br\/noticias\/sabesp-sbsp3-passo-processo-desestatizacao-cpf\/","url":"https:\/\/www.suno.com.br\/noticias\/sabesp-sbsp3-passo-processo-desestatizacao-cpf\/","name":"Sabesp (SBSP3) d\u00e1 mais um passo no processo de desestatiza\u00e7\u00e3o","isPartOf":{"@id":"https:\/\/www.suno.com.br\/noticias\/#website"},"primaryImageOfPage":{"@id":"https:\/\/www.suno.com.br\/noticias\/sabesp-sbsp3-passo-processo-desestatizacao-cpf\/#primaryimage"},"image":{"@id":"https:\/\/www.suno.com.br\/noticias\/sabesp-sbsp3-passo-processo-desestatizacao-cpf\/#primaryimage"},"thumbnailUrl":"https:\/\/files.sunoresearch.com.br\/n\/uploads\/2019\/04\/23ad7446-sabesp-jpg.webp","datePublished":"2023-10-18T12:48:48+00:00","dateModified":"2023-10-18T12:48:51+00:00","description":"A Sabesp (SBSP3) informou que o Governo de SP enviou \u00e0 Assembleia Legislativa do estado um projeto de lei para autorizar a desestatiza\u00e7\u00e3o.","breadcrumb":{"@id":"https:\/\/www.suno.com.br\/noticias\/sabesp-sbsp3-passo-processo-desestatizacao-cpf\/#breadcrumb"},"inLanguage":"pt-BR","potentialAction":[{"@type":"ReadAction","target":["https:\/\/www.suno.com.br\/noticias\/sabesp-sbsp3-passo-processo-desestatizacao-cpf\/"]}]},{"@type":"ImageObject","inLanguage":"pt-BR","@id":"https:\/\/www.suno.com.br\/noticias\/sabesp-sbsp3-passo-processo-desestatizacao-cpf\/#primaryimage","url":"https:\/\/files.sunoresearch.com.br\/n\/uploads\/2019\/04\/23ad7446-sabesp-jpg.webp","contentUrl":"https:\/\/files.sunoresearch.com.br\/n\/uploads\/2019\/04\/23ad7446-sabesp-jpg.webp","width":1280,"height":792,"caption":"Sabesp (SBSP3) - Foto: divulga\u00e7\u00e3o\/Assessoria."},{"@type":"BreadcrumbList","@id":"https:\/\/www.suno.com.br\/noticias\/sabesp-sbsp3-passo-processo-desestatizacao-cpf\/#breadcrumb","itemListElement":[{"@type":"ListItem","position":1,"name":"Not\u00edcias","item":"https:\/\/www.suno.com.br\/noticias\/"},{"@type":"ListItem","position":2,"name":"Neg\u00f3cios","item":"https:\/\/www.suno.com.br\/noticias\/negocios\/"},{"@type":"ListItem","position":3,"name":"Sabesp (SBSP3) d\u00e1 mais um passo no processo de desestatiza\u00e7\u00e3o da empresa"}]},{"@type":"WebSite","@id":"https:\/\/www.suno.com.br\/noticias\/#website","url":"https:\/\/www.suno.com.br\/noticias\/","name":"Suno Not\u00edcias","description":"Seu portal de informa\u00e7\u00e3o sobre o mundo dos investimentos","publisher":{"@id":"https:\/\/www.suno.com.br\/noticias\/#organization"},"potentialAction":[{"@type":"SearchAction","target":{"@type":"EntryPoint","urlTemplate":"https:\/\/www.suno.com.br\/noticias\/?s={search_term_string}"},"query-input":{"@type":"PropertyValueSpecification","valueRequired":true,"valueName":"search_term_string"}}],"inLanguage":"pt-BR"},{"@type":"Organization","@id":"https:\/\/www.suno.com.br\/noticias\/#organization","name":"Suno Not\u00edcias","url":"https:\/\/www.suno.com.br\/noticias\/","logo":{"@type":"ImageObject","inLanguage":"pt-BR","@id":"https:\/\/www.suno.com.br\/noticias\/#\/schema\/logo\/image\/","url":"https:\/\/files.sunoresearch.com.br\/n\/uploads\/2021\/09\/suno-logo.png","contentUrl":"https:\/\/files.sunoresearch.com.br\/n\/uploads\/2021\/09\/suno-logo.png","width":180,"height":180,"caption":"Suno Not\u00edcias"},"image":{"@id":"https:\/\/www.suno.com.br\/noticias\/#\/schema\/logo\/image\/"},"sameAs":["https:\/\/facebook.com\/sunoresearch","https:\/\/x.com\/sunoresearch","https:\/\/www.instagram.com\/suno","https:\/\/www.linkedin.com\/company\/suno-research\/","https:\/\/www.youtube.com\/c\/sunoresearch"]},{"@type":"Person","@id":"https:\/\/www.suno.com.br\/noticias\/#\/schema\/person\/f341d3ae5d1cc685176c9a5327cdfdbb","name":"Camila Paim","image":{"@type":"ImageObject","inLanguage":"pt-BR","@id":"https:\/\/www.suno.com.br\/noticias\/#\/schema\/person\/image\/","url":"https:\/\/secure.gravatar.com\/avatar\/f33728e65febb1aa7ecf6792956f9b20?s=96&r=g","contentUrl":"https:\/\/secure.gravatar.com\/avatar\/f33728e65febb1aa7ecf6792956f9b20?s=96&r=g","caption":"Camila Paim"},"description":"Jornalista formada pela USP, tem experi\u00eancia em reda\u00e7\u00f5es, SEO, Branded Content e Webdesign. Com passagem pelo Jornal da USP, Empiricus e C6 Bank, hoje \u00e9 rep\u00f3rter no Suno Not\u00edcias cobrindo macroeconomia, finan\u00e7as pessoais e startups.","url":"https:\/\/www.suno.com.br\/noticias\/author\/camila-figueiredosuno-com-br\/"}]}},"default_loop_html":"<div class=\"cardsPage__listCard__boxs\"><div class=\"cardsPage__listCard__boxs__img\"><a href=\"https:\/\/www.suno.com.br\/noticias\/sabesp-sbsp3-passo-processo-desestatizacao-cpf\/\"><img class=\"mask\" src=\"https:\/\/www.suno.com.br\/noticias\/wp-content\/themes\/suno\/resources\/images\/spotlight\/spotlight1img\/bg-mask.png\" alt=\"Image Mask\"\/><img src=\"https:\/\/files.sunoresearch.com.br\/n\/uploads\/2019\/04\/23ad7446-sabesp-400x200.webp\" alt=\"Sabesp (SBSP3) d\u00e1 mais um passo no processo de desestatiza\u00e7\u00e3o da empresa\"\/><\/a><span class=\"spotlightCategory\"><a href=\"https:\/\/www.suno.com.br\/noticias\/negocios\/\">Neg\u00f3cios<\/a><\/span><\/div><div class=\"cardsPage__listCard__boxs__content\"><a href=\"https:\/\/www.suno.com.br\/noticias\/sabesp-sbsp3-passo-processo-desestatizacao-cpf\/\"><h2 class=\"content__title\">Sabesp (SBSP3) d\u00e1 mais um passo no processo de desestatiza\u00e7\u00e3o da empresa<\/h2><\/a><div class=\"newsContent__article__meta\"><div class=\"newsContent__article__meta__authorBox\"><a href=\"https:\/\/www.suno.com.br\/noticias\/author\/marco-lopes\/\" class=\"authorBox__avatar noMobi\"><img src=\"https:\/\/secure.gravatar.com\/avatar\/385167b012fbc1cde32c5446ee253313?s=96&#038;r=g\" alt=\"Marco Ant\u00f4nio Lopes\"><\/a><div class=\"authorBox__name\"><span>por\n\t\t\t<a href=\"https:\/\/www.suno.com.br\/noticias\/author\/marco-lopes\/\"><span itemprop=\"author\">Marco Ant\u00f4nio Lopes<\/span><\/a><\/span><time datetime=\"2023-10-18T09:48:48-03:00\" itemprop=\"datePublished\">18\/10\/2023 09:48<\/time><\/div><\/div><\/div><\/div><\/div>","single_layout":"posts","amp_enabled":true,"_links":{"self":[{"href":"https:\/\/www.suno.com.br\/noticias\/wp-json\/wp\/v2\/posts\/472537"}],"collection":[{"href":"https:\/\/www.suno.com.br\/noticias\/wp-json\/wp\/v2\/posts"}],"about":[{"href":"https:\/\/www.suno.com.br\/noticias\/wp-json\/wp\/v2\/types\/post"}],"author":[{"embeddable":true,"href":"https:\/\/www.suno.com.br\/noticias\/wp-json\/wp\/v2\/users\/283"}],"replies":[{"embeddable":true,"href":"https:\/\/www.suno.com.br\/noticias\/wp-json\/wp\/v2\/comments?post=472537"}],"version-history":[{"count":2,"href":"https:\/\/www.suno.com.br\/noticias\/wp-json\/wp\/v2\/posts\/472537\/revisions"}],"predecessor-version":[{"id":472549,"href":"https:\/\/www.suno.com.br\/noticias\/wp-json\/wp\/v2\/posts\/472537\/revisions\/472549"}],"wp:featuredmedia":[{"embeddable":true,"href":"https:\/\/www.suno.com.br\/noticias\/wp-json\/wp\/v2\/media\/19686"}],"wp:attachment":[{"href":"https:\/\/www.suno.com.br\/noticias\/wp-json\/wp\/v2\/media?parent=472537"}],"wp:term":[{"taxonomy":"category","embeddable":true,"href":"https:\/\/www.suno.com.br\/noticias\/wp-json\/wp\/v2\/categories?post=472537"},{"taxonomy":"post_tag","embeddable":true,"href":"https:\/\/www.suno.com.br\/noticias\/wp-json\/wp\/v2\/tags?post=472537"},{"taxonomy":"suno_strategy","embeddable":true,"href":"https:\/\/www.suno.com.br\/noticias\/wp-json\/wp\/v2\/suno_strategy?post=472537"}],"curies":[{"name":"wp","href":"https:\/\/api.w.org\/{rel}","templated":true}]}}