{"id":472459,"date":"2023-10-17T23:09:26","date_gmt":"2023-10-18T02:09:26","guid":{"rendered":"https:\/\/www.suno.com.br\/noticias\/?p=472459"},"modified":"2023-10-17T23:09:36","modified_gmt":"2023-10-18T02:09:36","slug":"radar-vale-vale3-telefonica-vivt3-mercado-livre-meli34","status":"publish","type":"post","link":"https:\/\/www.suno.com.br\/noticias\/radar-vale-vale3-telefonica-vivt3-mercado-livre-meli34\/","title":{"rendered":"Radar: Vale (VALE3) tem queda na produ\u00e7\u00e3o de min\u00e9rio, analistas projetam desempenho forte da Telef\u00f4nica (VIVT3) no 3T23 e banco recomenda Mercado Livre (MELI34)"},"content":{"rendered":"<p>A mineradora Vale (VALE3) reportou nesta ter\u00e7a (17) que sua produ\u00e7\u00e3o de min\u00e9rio de ferro sofreu uma redu\u00e7\u00e3o de 4% no terceiro trimestre de 2023, o 3T23, na compara\u00e7\u00e3o anual, totalizando 86,238 milh\u00f5es de toneladas.<\/p>\t<div class=\"wrapper-featured-image\">\n\t\t<figure class=\"spotlightImg\">\n\n\t\t\t<picture>\n\t\t\t\t<source media=\"(max-width: 768px)\" srcset=\"https:\/\/files.sunoresearch.com.br\/n\/uploads\/2023\/04\/vale_vale3-1-400x200.jpg\">\n\t\t\t\t<img loading=\"lazy\" decoding=\"async\" class=\"newsContent__article__imgCapa lazyloadDisabled \" src=\"https:\/\/files.sunoresearch.com.br\/n\/uploads\/2023\/04\/vale_vale3-1-800x450.jpg\" width=\"800\" height=\"450\" alt=\"Radar: Vale (VALE3) tem queda na produ\u00e7\u00e3o de min\u00e9rio, analistas projetam desempenho forte da Telef\u00f4nica (VIVT3) no 3T23 e banco recomenda Mercado Livre (MELI34)\" fetchpriority=high \/>\n\t\t\t<\/picture>\n\n\t\t\t<figcaption class=\"wp-caption-text wp-caption-text--show\">Vale sobe 1,92% e lidera ganhos do dia. Foto: Ag\u00eancia Vale<\/figcaption>\n\t\t<\/figure>\n\t<\/div>\n\n\n\n\n\n\t<p>\n\t\t<a href=\"https:\/\/lp.suno.com.br\/planilha-da-vida-financeira\/\" target=\"_blank\" data-element=\"shortcode-suno-banner\" title=\"Banner SUNO, clique e saiba mais\">\n\t\t\t<picture>\n\t\t\t\t<source media=\"(max-width: 500px)\" srcset=\"https:\/\/files.sunoresearch.com.br\/n\/uploads\/2023\/04\/400x300-Planilha-vida-financeira-true.png\">\n\t\t\t\t<img class=\"newsContent__article__imgCapa newsContent__article__imgCapa--banner\"\n\t\t\t\t\tsrc=\"https:\/\/files.sunoresearch.com.br\/n\/uploads\/2023\/04\/1420x240-Planilha-vida-financeira-true.png\"\n\t\t\t\t\tdata-promo-id=\"106682\"\t\t\t\t\t\t\t\t\t\twidth='1420' height='240'\t\t\t\t\talt=\"https:\/\/files.sunoresearch.com.br\/n\/uploads\/2023\/04\/1420x240-Planilha-vida-financeira-true.png\"\n\t\t\t\t>\n\t\t\t<\/picture>\n\t\t<\/a>\n\t<\/p>\n\n\n\n\n\n\n\n<p>A queda na&nbsp;<strong>produ\u00e7\u00e3o da Vale<\/strong>&nbsp;ocorreu, segundo a Vale, com a menor&nbsp;<strong>produ\u00e7\u00e3o de min\u00e9rio<\/strong>&nbsp;bruto (ou run-of mine no jarg\u00e3o t\u00e9cnico) do complexo de Paraopeba e \u00e0 menor produ\u00e7\u00e3o de Serra Norte.<\/p>\n\n\n\n<p>De acordo com a empresa, a qualidade geral melhorou com o teor de ferro aumentando 87 pontos base ano a ano, resultado da maior produ\u00e7\u00e3o no S11D (mina de Caraj\u00e1s) e da maior produ\u00e7\u00e3o de part\u00edculas finas (ou pellet feed) de Brucutu com o comissionamento da barragem de Torto, aumentando a produ\u00e7\u00e3o de pelotas em 11% ano a ano.<\/p>\n\n\n\n<p>As vendas atingiram 69,7 milh\u00f5es de toneladas, aumento de 6,6% ante igual per\u00edodo do ano passado e de 10% na compara\u00e7\u00e3o sequencial. As vendas de finos e pelotas de min\u00e9rio de ferro aumentaram 4,4 milh\u00f5es de toneladas na compara\u00e7\u00e3o anual, com a venda de estoques do primeiro semestre e aproveitando as condi\u00e7\u00f5es favor\u00e1veis do mercado.<\/p>\n\n\n\n<p>A produ\u00e7\u00e3o do Sistema Sul diminuiu 2,6 milh\u00f5es de toneladas, principalmente devido \u00e0 menor produ\u00e7\u00e3o de ROM e \u00e0s vendas do Complexo Paraopeba, al\u00e9m da parada tempor\u00e1ria das opera\u00e7\u00f5es de Viga devido \u00e0 manuten\u00e7\u00e3o pontual do rejeitoduto.<\/p>\n\n\n\n<p>Al\u00e9m de Vale, confira outros destaques desta ter\u00e7a-feira:<\/p>\n\n\n\n<h2 class=\"wp-block-heading\">Telef\u00f4nica Brasil (VIVT3): analistas projetam desempenho forte e margens saud\u00e1veis no 3T23<\/h2>\n\n\n\n<ul class=\"wp-block-list\">\n<li>Analistas da Genial Investimentos projetam um desempenho forte no 3T23 da&nbsp;<strong><a href=\"https:\/\/www.suno.com.br\/acoes\/vivt3\/\">Telef\u00f4nica<\/a>&nbsp;(VIVT3)<\/strong>, dona da Vivo, com margens saud\u00e1veis, impulsionado principalmente pelo segmento p\u00f3s-pago.<\/li>\n<\/ul>\n\n\n\n<ul class=\"wp-block-list\">\n<li>Segundo as m\u00e9tricas da corretora, a&nbsp;<strong><a href=\"https:\/\/www.suno.com.br\/artigos\/receita-liquida-operacional\/\" target=\"_blank\" rel=\"noreferrer noopener\">receita operacional l\u00edquida<\/a>&nbsp;da Telef\u00f4nica<\/strong>&nbsp;dever\u00e1 crescer 1,1% na compara\u00e7\u00e3o trimestral e 5,6% na anual, alcan\u00e7ando R$ 12,9 bilh\u00f5es, novamente superando a infla\u00e7\u00e3o, com uma ligeira melhora sequencial nas margens Ebitda (Lucros antes de juros, impostos,&nbsp;<a href=\"https:\/\/www.suno.com.br\/artigos\/depreciacao-amortizacao\/\" target=\"_blank\" rel=\"noreferrer noopener\">deprecia\u00e7\u00e3o e amortiza\u00e7\u00e3o<\/a>) e l\u00edquida.<\/li>\n<\/ul>\n\n\n\n<ul class=\"wp-block-list\">\n<li>\u201cDurante o semestre, houve um aumento nos pre\u00e7os da base de&nbsp;<strong>clientes p\u00f3s-pago da Telef\u00f4nica<\/strong>, impulsionando a receita. Al\u00e9m disso, o ajuste de pre\u00e7o na aquisi\u00e7\u00e3o da base m\u00f3vel da&nbsp;<a href=\"https:\/\/www.suno.com.br\/acoes\/OIBR3\/\" target=\"_blank\" rel=\"noreferrer noopener\">Oi (OIBR3)<\/a>&nbsp;foi anunciado durante o trimestre, tendo um impacto positivo no resultado\u201d, diz o relat\u00f3rio, assinado por Felipe Matttar, Antonio Cozman e Iago Souza.<\/li>\n<\/ul>\n\n\n\n<ul class=\"wp-block-list\">\n<li>Diante desse quadro, a Genial manteve sua recomenda\u00e7\u00e3o de compra das<strong>&nbsp;a\u00e7\u00f5es da Telef\u00f4nica<\/strong>, com um pre\u00e7o-alvo de R$ 55. Diante do valor da a\u00e7\u00e3o no fechamento desta ter\u00e7a-feira (17), em R$ 45,73, o pre\u00e7o-alvo inclui um potencial de valoriza\u00e7\u00e3o da a\u00e7\u00e3o de 20%.<\/li>\n<\/ul>\n\n\n\n<h2 class=\"wp-block-heading\">Mercado Livre (MELI34): banco recomenda a\u00e7\u00f5es: \u201cEmpresa \u00e0 frente da concorr\u00eancia\u201d<\/h2>\n\n\n\n<ul class=\"wp-block-list\">\n<li>O BTG Pactual reiterou recomenda\u00e7\u00e3o de compra para as a\u00e7\u00f5es do<strong>&nbsp;Mercado Livre<\/strong>&nbsp;(<a href=\"https:\/\/www.suno.com.br\/bdrs\/meli34\/\" target=\"_blank\" rel=\"noreferrer noopener\">MELI34<\/a>). O banco v\u00ea a empresa como l\u00edder no com\u00e9rcio eletr\u00f4nico na Am\u00e9rica Latina, com boas taxas de receita e rentabilidade a&nbsp;<a href=\"https:\/\/www.suno.com.br\/artigos\/curto-prazo\/\" target=\"_blank\" rel=\"noreferrer noopener\">curto prazo<\/a>. Os analistas destacam o bom rendimento da \u00e1rea de cr\u00e9dito.&nbsp;<\/li>\n<\/ul>\n\n\n\n<ul class=\"wp-block-list\">\n<li>\u201cEmbora permane\u00e7amos conservadores em rela\u00e7\u00e3o \u00e0 exposi\u00e7\u00e3o ao&nbsp;<strong>com\u00e9rcio eletr\u00f4nico<\/strong>&nbsp;(setorialmente), a variedade de tr\u00e1fego e um maior foco no n\u00edvel de servi\u00e7o permanecem fundamentais para o sucesso das plataformas deste segmento na Am\u00e9rica Latina\u201d, explica o BTG.&nbsp;<\/li>\n<\/ul>\n\n\n\n<ul class=\"wp-block-list\">\n<li>Segundo analistas do banco, o Mercado Livre est\u00e1 \u00e0<strong>&nbsp;frente da concorr\u00eancia<\/strong>, com uma taxa de crescimento anual composta (CAGR) do&nbsp;<a href=\"https:\/\/www.suno.com.br\/artigos\/lpa-lucro-por-acao\/\" target=\"_blank\" rel=\"noreferrer noopener\">lucro por a\u00e7\u00e3o<\/a>&nbsp;de 26% nos \u00faltimos quatro anos. A a\u00e7\u00e3o subiu neste ano cerca de 45%.&nbsp;<\/li>\n<\/ul>\n\n\n\n<ul class=\"wp-block-list\">\n<li>O BTG ainda afirma que o Mercado Livre deve continuar obtendo bons resultados no&nbsp;<strong>segmento de cr\u00e9dito<\/strong>, que deve persistir no terceiro trimestre de 2023.&nbsp;<\/li>\n<\/ul>\n\n\n\n<ul class=\"wp-block-list\">\n<li>Dados do banco apontam que a companhia est\u00e1 sendo negociado a um m\u00faltiplo de 1,2 vezes o valor da sua transa\u00e7\u00e3o bruta de mercadorias (GMV), projetada para 2023 e a um m\u00faltiplo de 3,3 vezes a vendas (EV\/Vendas).<\/li>\n<\/ul>\n\n\n\n<ul class=\"wp-block-list\">\n<li>O BTG fixa pre\u00e7o de US$ 1.790,00 nas&nbsp;<strong>a\u00e7\u00f5es do Mercado Livre<\/strong>&nbsp;negociadas em Nova York, cotadas hoje a US$ 1240.<\/li>\n<\/ul>\n\n\n\t<p>\n\t\t<a href=\"https:\/\/lp.suno.com.br\/ebook-como-analisar-uma-acao\/\" target=\"_blank\" data-element=\"shortcode-suno-banner\" title=\"Banner SUNO, clique e saiba mais\">\n\t\t\t<picture>\n\t\t\t\t<source media=\"(max-width: 500px)\" srcset=\"https:\/\/files.sunoresearch.com.br\/n\/uploads\/2023\/03\/Ebook-Acoes-Mobile.jpg\">\n\t\t\t\t<img class=\"newsContent__article__imgCapa newsContent__article__imgCapa--banner\"\n\t\t\t\t\tsrc=\"https:\/\/files.sunoresearch.com.br\/n\/uploads\/2023\/03\/Ebook-Acoes-Desktop.jpg\"\n\t\t\t\t\tdata-promo-id=\"378302\"\t\t\t\t\t\t\t\t\t\twidth='1420' height='286'\t\t\t\t\talt=\"https:\/\/files.sunoresearch.com.br\/n\/uploads\/2023\/03\/Ebook-Acoes-Desktop.jpg\"\n\t\t\t\t>\n\t\t\t<\/picture>\n\t\t<\/a>\n\t<\/p>\n\n\n\n\n\n<h2 class=\"wp-block-heading\">Light (LIGT3) troca CEO e faz \u2018dan\u00e7a das cadeiras\u2019<\/h2>\n\n\n\n<ul class=\"wp-block-list\">\n<li>A&nbsp;<a href=\"https:\/\/www.suno.com.br\/acoes\/LIGT3\/\" target=\"_blank\" rel=\"noreferrer noopener\"><strong>Light<\/strong>&nbsp;(LIGT3)<\/a>&nbsp;decidiu trocar seu CEO no \u00e2mbito do seu processo de transi\u00e7\u00e3o.<\/li>\n<\/ul>\n\n\n\n<ul class=\"wp-block-list\">\n<li>Octavio Pereira Lopes, que era o&nbsp;<strong>CEO da Light<\/strong>, deixar\u00e1 o cargo, dando lugar a Alexandre Nogueira Ferreira \u2013 que ocupava o cargo de diretor regulat\u00f3rio e de rela\u00e7\u00f5es institucionais da empresa.<\/li>\n<\/ul>\n\n\n\n<ul class=\"wp-block-list\">\n<li>\u201cA Light informa que o&nbsp;<a href=\"https:\/\/www.suno.com.br\/artigos\/conselho-administracao\/\" target=\"_blank\" rel=\"noreferrer noopener\">Conselho de Administra\u00e7\u00e3o<\/a>, em reuni\u00e3o realizada nesta data, aprovou o in\u00edcio de um per\u00edodo de transi\u00e7\u00e3o, pelo qual o Sr. Octavio Cortes Pereira Lopes deixar\u00e1 as suas fun\u00e7\u00f5es nas Companhias t\u00e3o logo se conclua a reestrutura\u00e7\u00e3o financeira em curso, ou 31 de dezembro de 2023, o que ocorrer primeiro\u201d,&nbsp;<a href=\"https:\/\/www.rad.cvm.gov.br\/ENET\/frmExibirArquivoIPEExterno.aspx?NumeroProtocoloEntrega=1152137\" target=\"_blank\" rel=\"noreferrer noopener\">explica a companhia<\/a>.<\/li>\n<\/ul>\n\n\n\n<ul class=\"wp-block-list\">\n<li>Alexandre, que ser\u00e1 o novo CEO, trabalhou 22 anos na&nbsp;<a href=\"https:\/\/www.suno.com.br\/acoes\/ENGI11\/\" target=\"_blank\" rel=\"noreferrer noopener\">Energisa (ENGI11)<\/a>, empresa em que teve destaque por bom relacionamento institucional junto aos \u00f3rg\u00e3os reguladores \u2013 como ANEEL (Ag\u00eancia Nacional de Energia El\u00e9trica) e o Minist\u00e9rio de Minas e Energia (MME).<\/li>\n<\/ul>\n\n\n\n<ul class=\"wp-block-list\">\n<li>A transi\u00e7\u00e3o incluir\u00e1 o atual diretor administrativo, Vin\u00edcius Roriz, que assumir\u00e1 como o Chief Operating Officer (COO) da Light.<\/li>\n<\/ul>\n\n\n\n<ul class=\"wp-block-list\">\n<li>As mudan\u00e7as no comando da companhia j\u00e1 eram relativamente aguardadas desde que o quadro societ\u00e1rio foi alterado, com o empres\u00e1rio Nelson Tanure se tornando o maior acionista da companhia e convocando reuni\u00f5es para pedir uma nova abordagem na companhia.<\/li>\n<\/ul>\n\n\n\n<h2 class=\"wp-block-heading\">MRV (MRVE3): vendas l\u00edquidas saltam 54% e chegam a R$ 2,2 bi no 3T23<\/h2>\n\n\n\n<ul class=\"wp-block-list\">\n<li>A MRV (MRVE3) reportou nesta ter\u00e7a (17) um recorde hist\u00f3rico em vendas l\u00edquidas nos primeiros nove meses de 2023, segundo sua pr\u00e9via operacional, totalizando R$ 6,2 bilh\u00f5es em 2023 at\u00e9 o dia 31 de setembro no seu segmento de incorpora\u00e7\u00e3o.<\/li>\n<\/ul>\n\n\n\n<ul class=\"wp-block-list\">\n<li>No terceiro trimestre isolado, as&nbsp;<strong>vendas l\u00edquidas da MRV<\/strong>&nbsp;Incorpora\u00e7\u00e3o atingiram R$ 2,2 bilh\u00f5es, valor que representa um salto de 54,5% na compara\u00e7\u00e3o em rela\u00e7\u00e3o ao terceiro trimestre de 2022.<\/li>\n<\/ul>\n\n\n\n<ul class=\"wp-block-list\">\n<li>O&nbsp;<strong><a href=\"https:\/\/www.suno.com.br\/artigos\/ticket-medio\/\" target=\"_blank\" rel=\"noreferrer noopener\">ticket m\u00e9dio<\/a>&nbsp;da MRV<\/strong>&nbsp;com foco em baixa renda aumentou 5,7% no&nbsp;<strong>3T23<\/strong>&nbsp;na compara\u00e7\u00e3o com trimestre anterior, e saltou 18,9% ante o mesmo per\u00edodo do ano passado, alcan\u00e7ando o valor de R$ 239 mil por unidade residencial.<\/li>\n<\/ul>\n\n\n\n<ul class=\"wp-block-list\">\n<li>O indicador de vendas sobre oferta (VSO), que indica a velocidade das vendas da MRV, tamb\u00e9m aumentou e chegou a 30,4% no 3T23. A alta foi de 1,5 ponto percentual ante o 2T23 deste ano e de 12 pontos percentuais ante o terceiro tri de 2022.<\/li>\n<\/ul>\n\n\n\n<ul class=\"wp-block-list\">\n<li>A companhia produziu 8.726 unidades no terceiro trimestre, representando um aumento de 15% contra o segundo tri e de 5% ante o terceiro trimestre do ano passado.<\/li>\n<\/ul>\n\n\n\n<h2 class=\"wp-block-heading\">Banco do Brasil (BBAS3) lan\u00e7a primeiro ETF focado em diversidade<\/h2>\n\n\n\n<ul class=\"wp-block-list\">\n<li>O&nbsp;<a href=\"https:\/\/www.suno.com.br\/acoes\/BBAS3\/\" target=\"_blank\" rel=\"noreferrer noopener\"><strong>Banco do Brasil<\/strong>&nbsp;(BBAS3)<\/a>, por meio da BB Asset, lan\u00e7ou o primeiro ETF focado em diversidade do&nbsp;<a href=\"https:\/\/www.suno.com.br\/artigos\/mercado-de-capitais-conceito\/\" target=\"_blank\" rel=\"noreferrer noopener\">mercado de capitais<\/a>&nbsp;brasileiro.<\/li>\n<\/ul>\n\n\n\n<ul class=\"wp-block-list\">\n<li>Conforme o comunicado do Banco do Brasil, o ETF se chama \u201cBB ETF IDIVERSA B3 IS Fundo de \u00cdndice\u201d: foi identificado pelo ticker DVER11 e as negocia\u00e7\u00f5es come\u00e7aram j\u00e1 nesta ter\u00e7a (17).<\/li>\n<\/ul>\n\n\n\n<ul class=\"wp-block-list\">\n<li>O&nbsp;<strong>ETF de diversidade<\/strong>&nbsp;do BB \u00e9 composto por 79 ativos de 75 empresas, pulverizadas em dez setores econ\u00f4micos.<\/li>\n<\/ul>\n\n\n\n<ul class=\"wp-block-list\">\n<li>\u201cRefor\u00e7ando o seu hist\u00f3rico inovador, o novo ETF solidifica o compromisso da&nbsp;<strong>BB Asset<\/strong>&nbsp;em trazer ao mercado solu\u00e7\u00f5es em ETF diferenciadas. Este \u00e9 o oitavo ETF da sua carteira, tendo apresentado em 2022 o primeiro ETF agro nacional, AGRI11, al\u00e9m dos pioneiros ETFs de commodities: CORN11 e BBOI110\u2033, diz o Banco do Brasil.<\/li>\n<\/ul>\n\n\n\n<ul class=\"wp-block-list\">\n<li>A cota inicial \u00e9 de R$ 10 e o ETF conta com&nbsp;<a href=\"https:\/\/www.suno.com.br\/artigos\/taxa-de-administracao\/\" target=\"_blank\" rel=\"noreferrer noopener\">Taxa de Administra\u00e7\u00e3o<\/a>: 0,20%. A aplica\u00e7\u00e3o \u00e9 D+0\/ D+0 e o resgate: D+0 \/ D+2. O p\u00fablico-Alvo s\u00e3o investidores em Geral<\/li>\n<\/ul>\n\n\n\n<ul class=\"wp-block-list\">\n<li>Tarciana Medeiros, a presidente do Banco do Brasil, considera que a\u00e7\u00f5es como essa se somam a tantas outras que a empresa tem realizado e consolidam o protagonismo do BB na promo\u00e7\u00e3o da diversidade, equidade e inclus\u00e3o.<\/li>\n<\/ul>\n\n\n\n<ul class=\"wp-block-list\">\n<li>\u201cNossa atua\u00e7\u00e3o vai al\u00e9m da legisla\u00e7\u00e3o e estamos na vanguarda do tratamento dado a promo\u00e7\u00e3o da diversidade. Temos atuado com a\u00e7\u00f5es concretas em prol da inclus\u00e3o social e contar com diversos atores sociais nessa pauta \u00e9 extremamente necess\u00e1rio, j\u00e1 que a desigualdade social \u00e9 um assunto que deve ser foco constante de toda a sociedade\u201d, diz.<\/li>\n<\/ul>\n\n\n\n<ul class=\"wp-block-list\">\n<li>\u201cTemos feito nossa parte, inclusive sendo vistos como refer\u00eancia sobre este tema. O destaque no peso do Banco do Brasil no iDiversa da B3 \u00e9 um exemplo disso, assim como nossa atua\u00e7\u00e3o consistente \u2013 com compromissos p\u00fablicos e metas concretas \u2013 mostra que o Banco do Brasil tem sido uma das empresas brasileiras que mais tem contribu\u00eddo para o desenvolvimento social e econ\u00f4mico do pa\u00eds\u201d, completa.<\/li>\n<\/ul>\n\n\n\n<ul class=\"wp-block-list\">\n<li>Den\u00edsio Liberato, CEO da BB Asset, ressalta o ineditismo do BB ETF IDIVERSA&nbsp;&nbsp;e sua relev\u00e2ncia para a ind\u00fastria de&nbsp;<a href=\"https:\/\/www.suno.com.br\/artigos\/investimentos-no-brasil\/\" target=\"_blank\" rel=\"noreferrer noopener\">investimentos no Brasil<\/a>.<\/li>\n<\/ul>\n\n\n\n<ul class=\"wp-block-list\">\n<li>\u201cO&nbsp;<strong>DVER11&nbsp;<\/strong>representa mais uma solu\u00e7\u00e3o de investimento do portf\u00f3lio de produtos ASG da BB Asset, atrelado ao primeiro \u00edndice latino-americano que combina crit\u00e9rios de g\u00eanero e ra\u00e7a para a sele\u00e7\u00e3o das empresas que compor\u00e3o a carteira. Esta \u00e9 uma iniciativa que busca valorizar empresas que se destacam em diversidade em suas lideran\u00e7as e, com isso, proporcionar um ciclo virtuoso de valoriza\u00e7\u00e3o econ\u00f4mica e redu\u00e7\u00e3o de desigualdades\u201d.<\/li>\n<\/ul>\n\n\n\n<p>Da Vale ao Mercado Livre, essas foram as empresas que se destacaram hoje. Para ler todas as mat\u00e9rias&nbsp;<strong><a href=\"https:\/\/www.suno.com.br\/noticias\/todos\/?utm_content=XYOE2ItQuUY.20201113&amp;utm_campaign=Track%2B&amp;utm_medium=video&amp;utm_source=telegram.sunoresearch\" target=\"_blank\" rel=\"noreferrer noopener\">clique aqui<\/a>.<\/strong><a href=\"https:\/\/lp.suno.com.br\/pv\/sr-premium\/o-proximo-passo-no-seus-investimentos\/?_fs=16412753060-15131594205\" target=\"_blank\" rel=\"noreferrer noopener\"><\/a><a href=\"https:\/\/lp.suno.com.br\/planilha-da-vida-financeira\/?_fs=16412753060-15131594205\" target=\"_blank\" rel=\"noreferrer noopener\"><\/a><a href=\"https:\/\/lp.suno.com.br\/pv\/sr-premium\/o-proximo-passo-no-seus-investimentos\/?_fs=16412753060-15131594205\" target=\"_blank\" rel=\"noreferrer noopener\"><\/a><a href=\"https:\/\/lp.suno.com.br\/planilha-da-vida-financeira\/?_fs=16412753060-15131594205\" target=\"_blank\" rel=\"noreferrer noopener\"><\/a><a href=\"https:\/\/lp.suno.com.br\/planilha-da-vida-financeira\/?_fs=16412753060-15131594205\" target=\"_blank\" rel=\"noreferrer noopener\"><\/a><a href=\"https:\/\/lp.suno.com.br\/planilha-da-vida-financeira\/?_fs=16412753060-15131594205\" target=\"_blank\" rel=\"noreferrer noopener\"><\/a><a href=\"https:\/\/lp.suno.com.br\/planilha-da-vida-financeira\/?_fs=16412753060-15131594205&amp;_fsRef=https%3A%2F%2Fwww.suno.com.br%2Fnoticias%2Fradar-via-viia3-hapvida-hapv3-itau-itub4%2F\" target=\"_blank\" rel=\"noreferrer noopener\"><\/a><a href=\"https:\/\/lp.suno.com.br\/planilha-da-vida-financeira\/?_fs=16412753060-15131594205&amp;_fsRef=https%3A%2F%2Fwww.suno.com.br%2Fnoticias%2Fradar-via-viia3-hapvida-hapv3-itau-itub4%2F\" target=\"_blank\" rel=\"noreferrer noopener\"><\/a><a href=\"https:\/\/lp.suno.com.br\/cl\/interno-fiis-distribuicao\/?_fs=16412753060-15131594205&amp;_fsRef=https%3A%2F%2Fwww.suno.com.br%2Fnoticias%2Fradar-via-viia3-hapvida-hapv3-itau-itub4%2F\" target=\"_blank\" rel=\"noreferrer noopener\"><\/a><a href=\"https:\/\/lp.suno.com.br\/planilha-da-vida-financeira\/?_fs=16412753060-15131594205&amp;_fsRef=https%3A%2F%2Fwww.suno.com.br%2Fnoticias%2Fradar-via-viia3-hapvida-hapv3-itau-itub4%2F\" target=\"_blank\" rel=\"noreferrer noopener\"><\/a><a href=\"https:\/\/lp.suno.com.br\/planilha-da-vida-financeira\/?utm_source=GoogleAds&amp;utm_medium=search&amp;utm_campaign=11.b.da.0.search&amp;utm_content=1141_responsivo-research-b&amp;_fs=16412753060-15131594205&amp;_fsRef=https%3A%2F%2Fwww.suno.com.br%2Fnoticias%2Fradar-via-viia3-hapvida-hapv3-itau-itub4%2F\" target=\"_blank\" rel=\"noreferrer noopener\"><\/a><a href=\"https:\/\/lp.suno.com.br\/planilha-da-vida-financeira\/?_fs=16412753060-15131594205&amp;_fsRef=https%3A%2F%2Fwww.suno.com.br%2Fnoticias%2Fradar-via-viia3-hapvida-hapv3-itau-itub4%2F\" target=\"_blank\" rel=\"noreferrer noopener\"><\/a><a href=\"https:\/\/lp.suno.com.br\/planilha-da-vida-financeira\/?_fs=16412753060-15131594205&amp;_fsRef=https%3A%2F%2Fwww.suno.com.br%2Fnoticias%2Fradar-via-viia3-hapvida-hapv3-itau-itub4%2F\" target=\"_blank\" rel=\"noreferrer noopener\"><\/a><a href=\"https:\/\/lp.suno.com.br\/cl\/interno-fiis-2023\/?_fs=16412753060-15131594205&amp;_fsRef=https%3A%2F%2Fwww.suno.com.br%2Fnoticias%2Fradar-via-viia3-hapvida-hapv3-itau-itub4%2F\" target=\"_blank\" rel=\"noreferrer noopener\"><\/a><a href=\"https:\/\/lp.suno.com.br\/planilha-da-vida-financeira\/?_fs=16412753060-15131594205&amp;_fsRef=https%3A%2F%2Fwww.suno.com.br%2Fnoticias%2Fradar-via-viia3-hapvida-hapv3-itau-itub4%2F\" target=\"_blank\" rel=\"noreferrer noopener\"><\/a><a href=\"https:\/\/lp.suno.com.br\/cl\/interno-fiis-2023\/?_fs=16412753060-15131594205&amp;_fsRef=https%3A%2F%2Fwww.suno.com.br%2Fnoticias%2Fradar-via-viia3-hapvida-hapv3-itau-itub4%2F\" target=\"_blank\" rel=\"noreferrer noopener\"><\/a><a href=\"https:\/\/lp.suno.com.br\/planilha-da-vida-financeira\/?_fs=16412753060-15131594205&amp;_fsRef=https%3A%2F%2Fwww.suno.com.br%2Fnoticias%2Fradar-via-viia3-hapvida-hapv3-itau-itub4%2F\" target=\"_blank\" rel=\"noreferrer noopener\"><\/a><a href=\"https:\/\/lp.suno.com.br\/planilha-da-vida-financeira\/?_fs=16412753060-15131594205&amp;_fsRef=https%3A%2F%2Fwww.suno.com.br%2Fnoticias%2Fradar-via-viia3-hapvida-hapv3-itau-itub4%2F\" target=\"_blank\" rel=\"noreferrer noopener\"><\/a><a href=\"https:\/\/lp.suno.com.br\/pv\/sr-fiis\/interno-2023\/?_fs=16412753060-15131594205&amp;_fsRef=https%3A%2F%2Fwww.suno.com.br%2Fnoticias%2Fweg-wege3-petrobras-petr4-receita-crescimento-analise-bba-va%2F\" target=\"_blank\" rel=\"noreferrer noopener\"><\/a><a href=\"https:\/\/lp.suno.com.br\/planilha-da-vida-financeira\/?_fs=16412753060-15131594205&amp;_fsRef=https%3A%2F%2Fwww.suno.com.br%2Fnoticias%2Fradar-petrobras-petr4-weg-wege3-taesa-taee11-minerva-beef3%2F\" target=\"_blank\" rel=\"noreferrer noopener\"><\/a><a href=\"https:\/\/lp.suno.com.br\/pv\/sr-fiis\/interno-2023\/?_fs=16412753060-15131594205&amp;_fsRef=https%3A%2F%2Fwww.suno.com.br%2Fnoticias%2Ftelefonica-vivt3-banco-recomenda-compra-reducao-capital-va%2F\" target=\"_blank\" rel=\"noreferrer noopener\"><\/a><a href=\"https:\/\/lp.suno.com.br\/planilha-da-vida-financeira\/?_fs=16412753060-15131594205&amp;_fsRef=https%3A%2F%2Fwww.suno.com.br%2Fnoticias%2Fradar-itausa-itsa4-braskem-brkm5-telefonica-vivt3%2F\" target=\"_blank\" rel=\"noreferrer noopener\"><\/a><a href=\"https:\/\/lp.suno.com.br\/planilha-da-vida-financeira\/?_fs=16412753060-15131594205&amp;_fsRef=https%3A%2F%2Fwww.suno.com.br%2Fnoticias%2Fradar-banco-do-brasil-bbas3-weg-wege3-nubank-roxo34%2F\" target=\"_blank\" rel=\"noreferrer noopener\"><\/a><a href=\"https:\/\/lp.suno.com.br\/planilha-da-vida-financeira\/?_fs=16412753060-15131594205&amp;_fsRef=https%3A%2F%2Fwww.suno.com.br%2Fnoticias%2Fradar-petrobras-petr4-magazine-luiza-mglu3-cemig-cmig4%2F\" target=\"_blank\" rel=\"noreferrer noopener\"><\/a><a href=\"https:\/\/lp.suno.com.br\/cl\/webinario-suno-black\/?_fs=16412753060-15131594205&amp;_fsRef=https%3A%2F%2Fwww.suno.com.br%2Fnoticias%2Fultrapar-ugpa3-bb-investimentos-eleva-preco-alvo-acoes-va%2F\" target=\"_blank\" rel=\"noreferrer noopener\"><\/a><a href=\"https:\/\/lp.suno.com.br\/planilha-da-vida-financeira\/?_fs=16412753060-15131594205&amp;_fsRef=https%3A%2F%2Fwww.suno.com.br%2Fnoticias%2Fradar-renner-lren3-ultrapar-ugpa3-petrobras-petr4%2F\" target=\"_blank\" rel=\"noreferrer noopener\"><\/a><a href=\"https:\/\/lp.suno.com.br\/cl\/webinario-suno-black\/?_fs=16412753060-15131594205&amp;_fsRef=https%3A%2F%2Fwww.suno.com.br%2Fnoticias%2Fallos-also3-banco-recomendacao-neutra-apos-venda-ativo-va%2F\" target=\"_blank\" rel=\"noreferrer noopener\"><\/a><a href=\"https:\/\/lp.suno.com.br\/planilha-da-vida-financeira\/?_fs=16412753060-15131594205&amp;_fsRef=https%3A%2F%2Fwww.suno.com.br%2Fnoticias%2Fradar-natura-ntco3-auren-aure3-marisa-amar3%2F\" target=\"_blank\" rel=\"noreferrer noopener\"><\/a><a href=\"https:\/\/lp.suno.com.br\/planilha-da-vida-financeira\/?_fs=16412753060-15131594205&amp;_fsRef=https%3A%2F%2Fwww.suno.com.br%2Fnoticias%2Fradar-itau-itub4-petrobras-petr4-localiza-rent3%2F\" target=\"_blank\" rel=\"noreferrer noopener\"><\/a><a href=\"https:\/\/lp.suno.com.br\/pv\/sr-black\/blinde-seus-investimentos\/?_fs=16412753060-15131594205&amp;_fsRef=https%3A%2F%2Fwww.suno.com.br%2Fnoticias%2Fcopel-cple6-banco-projeta-crescimento-dividendos-eleva-preco-alvo-va%2F\" target=\"_blank\" rel=\"noreferrer noopener\"><\/a><a href=\"https:\/\/lp.suno.com.br\/planilha-da-vida-financeira\/?_fs=16412753060-15131594205&amp;_fsRef=https%3A%2F%2Fwww.suno.com.br%2Fnoticias%2Frada-itausa-itsa4-copel-cple6-b3-b3sa3%2F\" target=\"_blank\" rel=\"noreferrer noopener\"><\/a><a href=\"https:\/\/lp.suno.com.br\/planilha-da-vida-financeira\/?_fs=16412753060-15131594205&amp;_fsRef=https%3A%2F%2Fwww.suno.com.br%2Fnoticias%2Fequatorial-eqtl3-xp-recomenda-compra-acoes-upside-20-confira%2F\" target=\"_blank\" rel=\"noreferrer noopener\"><\/a><a href=\"https:\/\/lp.suno.com.br\/planilha-da-vida-financeira\/?_fs=16412753060-15131594205&amp;_fsRef=https%3A%2F%2Fwww.suno.com.br%2Fnoticias%2Fradar-renner-lren3-oi-oibr3-pague-menos-pgmn3%2F\" target=\"_blank\" rel=\"noreferrer noopener\"><\/a><a href=\"https:\/\/lp.suno.com.br\/planilha-da-vida-financeira\/?_fs=16412753060-15131594205&amp;_fsRef=https%3A%2F%2Fwww.suno.com.br%2Fnoticias%2Fradar-itausa-itsa4-suzano-suzb3-minerva-beef3%2F\" target=\"_blank\" rel=\"noreferrer noopener\"><\/a><a href=\"https:\/\/lp.suno.com.br\/planilha-da-vida-financeira\/?_fs=16412753060-15131594205&amp;_fsRef=https%3A%2F%2Fwww.suno.com.br%2Fnoticias%2Fradar-banco-do-brasil-bbas3-vamos-vamo3-magazine-luiza-mglu3%2F\" target=\"_blank\" rel=\"noreferrer noopener\"><\/a><a href=\"https:\/\/lp.suno.com.br\/cl\/distribuicao-black-friday\/?_fs=16412753060-15131594205&amp;_fsRef=https%3A%2F%2Fwww.suno.com.br%2Fnoticias%2Fklabin-klbn11-banco-recomenda-compra-mas-cita-curto-prazo-baixo-crescimento-saiba-mais-va%2F\" target=\"_blank\" rel=\"noreferrer noopener\"><\/a><a href=\"https:\/\/lp.suno.com.br\/planilha-da-vida-financeira\/?_fs=16412753060-15131594205&amp;_fsRef=https%3A%2F%2Fwww.suno.com.br%2Fnoticias%2Fradar-americanas-amer3-telefonica-vivt3-aegea-itausa-itsa4%2F\" target=\"_blank\" rel=\"noreferrer noopener\"><\/a><a href=\"https:\/\/lp.suno.com.br\/cl\/distribuicao-black-friday\/?_fs=16412753060-15131594205&amp;_fsRef=https%3A%2F%2Fwww.suno.com.br%2Fnoticias%2Fb3-b3sa3-banco-projeta-3t23-fraco-recomenda-compra-acoes-va%2F\" target=\"_blank\" rel=\"noreferrer noopener\"><\/a><a href=\"https:\/\/lp.suno.com.br\/planilha-da-vida-financeira\/?_fs=16412753060-15131594205&amp;_fsRef=https%3A%2F%2Fwww.suno.com.br%2Fnoticias%2Fradar-taesa-taee11-raizen-raiz4-b3-b3sa3%2F\" target=\"_blank\" rel=\"noreferrer noopener\"><\/a><a href=\"https:\/\/lp.suno.com.br\/cl\/black-friday-suno-2023\/?_fs=16412753060-15131594205&amp;_fsRef=https%3A%2F%2Fwww.suno.com.br%2Fnoticias%2Fhapvida-hapv3-banco-escolhe-preferidas-setor-saude-va%2F\" target=\"_blank\" rel=\"noreferrer noopener\"><\/a><a href=\"https:\/\/lp.suno.com.br\/planilha-da-vida-financeira\/?_fs=16412753060-15131594205&amp;_fsRef=https%3A%2F%2Fwww.suno.com.br%2Fnoticias%2Fradar-itausa-itsa4-hapvida-hapv3-bb-seguridade-bbse3%2F\" target=\"_blank\" rel=\"noreferrer noopener\"><\/a><\/p>\n\n\n\t<p>\n\t\t<a href=\"https:\/\/lp.suno.com.br\/planilha-da-vida-financeira\/\" target=\"_blank\" data-element=\"shortcode-suno-banner\" title=\"Banner SUNO, clique e saiba mais\">\n\t\t\t<picture>\n\t\t\t\t<source media=\"(max-width: 500px)\" srcset=\"https:\/\/files.sunoresearch.com.br\/n\/uploads\/2023\/04\/400x300-Planilha-vida-financeira-true.png\">\n\t\t\t\t<img class=\"newsContent__article__imgCapa newsContent__article__imgCapa--banner\"\n\t\t\t\t\tsrc=\"https:\/\/files.sunoresearch.com.br\/n\/uploads\/2023\/04\/1420x240-Planilha-vida-financeira-true.png\"\n\t\t\t\t\tdata-promo-id=\"383123\"\t\t\t\t\t\t\t\t\t\twidth='1420' height='240'\t\t\t\t\talt=\"https:\/\/files.sunoresearch.com.br\/n\/uploads\/2023\/04\/1420x240-Planilha-vida-financeira-true.png\"\n\t\t\t\t>\n\t\t\t<\/picture>\n\t\t<\/a>\n\t<\/p>\n\n\n","protected":false},"excerpt":{"rendered":"<p>A mineradora Vale (VALE3) reportou nesta ter\u00e7a (17) que sua produ\u00e7\u00e3o de min\u00e9rio de ferro sofreu uma redu\u00e7\u00e3o de 4% no terceiro trimestre de 2023, o 3T23, na compara\u00e7\u00e3o anual, totalizando 86,238 milh\u00f5es de toneladas. Vale sobe 1,92% e lidera ganhos do dia. Foto: Ag\u00eancia Vale A queda na&nbsp;produ\u00e7\u00e3o da Vale&nbsp;ocorreu, segundo a Vale, com [&hellip;]<\/p>\n","protected":false},"author":227,"featured_media":394402,"comment_status":"closed","ping_status":"closed","sticky":false,"template":"","format":"standard","meta":[],"categories":[64],"tags":[732,41531,1235,2054,659,676],"suno_strategy":[],"class_list":["post-472459","post","type-post","status-publish","format-standard","has-post-thumbnail","hentry","category-negocios","tag-banco-do-brasil-bbas3","tag-light-ligt3","tag-mercado-livre-meli34","tag-mrv-mrve3","tag-telefonica-vivt3","tag-vale-vale3"],"yoast_head":"<!-- This site is optimized with the Yoast SEO plugin v24.4 - https:\/\/yoast.com\/wordpress\/plugins\/seo\/ -->\n<title>Radar: Vale (VALE3) tem queda na produ\u00e7\u00e3o de min\u00e9rio, analistas projetam desempenho forte da Telef\u00f4nica (VIVT3) no 3T23 e banco recomenda Mercado Livre (MELI34)<\/title>\n<meta name=\"description\" content=\"Vale (VALE3) anuncia queda na produ\u00e7\u00e3o de min\u00e9rio de ferro, analistas projetam crescimento para Telef\u00f4nica Brasil (VIVT3) e banco recomenda Mercado Livre (MELI34)\" \/>\n<meta name=\"robots\" content=\"index, follow, max-snippet:-1, max-image-preview:large, max-video-preview:-1\" \/>\n<link rel=\"canonical\" href=\"https:\/\/www.suno.com.br\/noticias\/radar-vale-vale3-telefonica-vivt3-mercado-livre-meli34\/\" \/>\n<meta property=\"og:locale\" content=\"pt_BR\" \/>\n<meta property=\"og:type\" content=\"article\" \/>\n<meta property=\"og:title\" content=\"Radar: Vale (VALE3) tem queda na produ\u00e7\u00e3o de min\u00e9rio, analistas projetam desempenho forte da Telef\u00f4nica (VIVT3) no 3T23 e banco recomenda Mercado Livre (MELI34)\" \/>\n<meta property=\"og:description\" content=\"Vale (VALE3) anuncia queda na produ\u00e7\u00e3o de min\u00e9rio de ferro, analistas projetam crescimento para Telef\u00f4nica Brasil (VIVT3) e banco recomenda Mercado Livre (MELI34)\" \/>\n<meta property=\"og:url\" content=\"https:\/\/www.suno.com.br\/noticias\/radar-vale-vale3-telefonica-vivt3-mercado-livre-meli34\/\" \/>\n<meta property=\"og:site_name\" content=\"Suno Not\u00edcias\" \/>\n<meta property=\"article:publisher\" content=\"https:\/\/facebook.com\/sunoresearch\" \/>\n<meta property=\"og:image\" content=\"https:\/\/files.sunoresearch.com.br\/n\/uploads\/2023\/04\/vale_vale3-1.jpg\" \/>\n\t<meta property=\"og:image:width\" content=\"1200\" \/>\n\t<meta property=\"og:image:height\" content=\"801\" \/>\n\t<meta property=\"og:image:type\" content=\"image\/jpeg\" \/>\n<meta name=\"author\" content=\"Vanessa Loiola\" \/>\n<meta name=\"twitter:card\" content=\"summary_large_image\" \/>\n<meta name=\"twitter:creator\" content=\"@sunoresearch\" \/>\n<meta name=\"twitter:site\" content=\"@sunoresearch\" \/>\n<meta name=\"twitter:label1\" content=\"Escrito por\" \/>\n\t<meta name=\"twitter:data1\" content=\"Vanessa Loiola\" \/>\n\t<meta name=\"twitter:label2\" content=\"Est. tempo de leitura\" \/>\n\t<meta name=\"twitter:data2\" content=\"9 minutos\" \/>\n<script type=\"application\/ld+json\" class=\"yoast-schema-graph\">{\"@context\":\"https:\/\/schema.org\",\"@graph\":[{\"@type\":\"NewsArticle\",\"@id\":\"https:\/\/www.suno.com.br\/noticias\/radar-vale-vale3-telefonica-vivt3-mercado-livre-meli34\/#article\",\"isPartOf\":{\"@id\":\"https:\/\/www.suno.com.br\/noticias\/radar-vale-vale3-telefonica-vivt3-mercado-livre-meli34\/\"},\"author\":{\"name\":\"Vanessa Loiola\",\"@id\":\"https:\/\/www.suno.com.br\/noticias\/#\/schema\/person\/450c455ecff319bab1f1a0e643451479\"},\"headline\":\"Radar: Vale (VALE3) tem queda na produ\u00e7\u00e3o de min\u00e9rio, analistas projetam desempenho forte da Telef\u00f4nica (VIVT3) no 3T23 e banco recomenda Mercado Livre (MELI34)\",\"datePublished\":\"2023-10-18T02:09:26+00:00\",\"dateModified\":\"2023-10-18T02:09:36+00:00\",\"mainEntityOfPage\":{\"@id\":\"https:\/\/www.suno.com.br\/noticias\/radar-vale-vale3-telefonica-vivt3-mercado-livre-meli34\/\"},\"wordCount\":1672,\"publisher\":{\"@id\":\"https:\/\/www.suno.com.br\/noticias\/#organization\"},\"image\":{\"@id\":\"https:\/\/www.suno.com.br\/noticias\/radar-vale-vale3-telefonica-vivt3-mercado-livre-meli34\/#primaryimage\"},\"thumbnailUrl\":\"https:\/\/files.sunoresearch.com.br\/n\/uploads\/2023\/04\/vale_vale3-1.jpg\",\"keywords\":[\"Banco do Brasil (BBAS3)\",\"Light (LIGT3)\",\"Mercado Livre (MELI34)\",\"MRV (MRVE3)\",\"Telef\u00f4nica (VIVT3)\",\"Vale (VALE3)\"],\"articleSection\":[\"Neg\u00f3cios\"],\"inLanguage\":\"pt-BR\"},{\"@type\":\"WebPage\",\"@id\":\"https:\/\/www.suno.com.br\/noticias\/radar-vale-vale3-telefonica-vivt3-mercado-livre-meli34\/\",\"url\":\"https:\/\/www.suno.com.br\/noticias\/radar-vale-vale3-telefonica-vivt3-mercado-livre-meli34\/\",\"name\":\"Radar: Vale (VALE3) tem queda na produ\u00e7\u00e3o de min\u00e9rio, analistas projetam desempenho forte da Telef\u00f4nica (VIVT3) no 3T23 e banco recomenda Mercado Livre (MELI34)\",\"isPartOf\":{\"@id\":\"https:\/\/www.suno.com.br\/noticias\/#website\"},\"primaryImageOfPage\":{\"@id\":\"https:\/\/www.suno.com.br\/noticias\/radar-vale-vale3-telefonica-vivt3-mercado-livre-meli34\/#primaryimage\"},\"image\":{\"@id\":\"https:\/\/www.suno.com.br\/noticias\/radar-vale-vale3-telefonica-vivt3-mercado-livre-meli34\/#primaryimage\"},\"thumbnailUrl\":\"https:\/\/files.sunoresearch.com.br\/n\/uploads\/2023\/04\/vale_vale3-1.jpg\",\"datePublished\":\"2023-10-18T02:09:26+00:00\",\"dateModified\":\"2023-10-18T02:09:36+00:00\",\"description\":\"Vale (VALE3) anuncia queda na produ\u00e7\u00e3o de min\u00e9rio de ferro, analistas projetam crescimento para Telef\u00f4nica Brasil (VIVT3) e banco recomenda Mercado Livre (MELI34)\",\"breadcrumb\":{\"@id\":\"https:\/\/www.suno.com.br\/noticias\/radar-vale-vale3-telefonica-vivt3-mercado-livre-meli34\/#breadcrumb\"},\"inLanguage\":\"pt-BR\",\"potentialAction\":[{\"@type\":\"ReadAction\",\"target\":[\"https:\/\/www.suno.com.br\/noticias\/radar-vale-vale3-telefonica-vivt3-mercado-livre-meli34\/\"]}]},{\"@type\":\"ImageObject\",\"inLanguage\":\"pt-BR\",\"@id\":\"https:\/\/www.suno.com.br\/noticias\/radar-vale-vale3-telefonica-vivt3-mercado-livre-meli34\/#primaryimage\",\"url\":\"https:\/\/files.sunoresearch.com.br\/n\/uploads\/2023\/04\/vale_vale3-1.jpg\",\"contentUrl\":\"https:\/\/files.sunoresearch.com.br\/n\/uploads\/2023\/04\/vale_vale3-1.jpg\",\"width\":1200,\"height\":801,\"caption\":\"Vale sobe 1,92% e lidera ganhos do dia. Foto: Ag\u00eancia Vale\"},{\"@type\":\"BreadcrumbList\",\"@id\":\"https:\/\/www.suno.com.br\/noticias\/radar-vale-vale3-telefonica-vivt3-mercado-livre-meli34\/#breadcrumb\",\"itemListElement\":[{\"@type\":\"ListItem\",\"position\":1,\"name\":\"Not\u00edcias\",\"item\":\"https:\/\/www.suno.com.br\/noticias\/\"},{\"@type\":\"ListItem\",\"position\":2,\"name\":\"Neg\u00f3cios\",\"item\":\"https:\/\/www.suno.com.br\/noticias\/negocios\/\"},{\"@type\":\"ListItem\",\"position\":3,\"name\":\"Radar: Vale (VALE3) tem queda na produ\u00e7\u00e3o de min\u00e9rio, analistas projetam desempenho forte da Telef\u00f4nica (VIVT3) no 3T23 e banco recomenda Mercado Livre (MELI34)\"}]},{\"@type\":\"WebSite\",\"@id\":\"https:\/\/www.suno.com.br\/noticias\/#website\",\"url\":\"https:\/\/www.suno.com.br\/noticias\/\",\"name\":\"Suno Not\u00edcias\",\"description\":\"Seu portal de informa\u00e7\u00e3o sobre o mundo dos investimentos\",\"publisher\":{\"@id\":\"https:\/\/www.suno.com.br\/noticias\/#organization\"},\"potentialAction\":[{\"@type\":\"SearchAction\",\"target\":{\"@type\":\"EntryPoint\",\"urlTemplate\":\"https:\/\/www.suno.com.br\/noticias\/?s={search_term_string}\"},\"query-input\":{\"@type\":\"PropertyValueSpecification\",\"valueRequired\":true,\"valueName\":\"search_term_string\"}}],\"inLanguage\":\"pt-BR\"},{\"@type\":\"Organization\",\"@id\":\"https:\/\/www.suno.com.br\/noticias\/#organization\",\"name\":\"Suno Not\u00edcias\",\"url\":\"https:\/\/www.suno.com.br\/noticias\/\",\"logo\":{\"@type\":\"ImageObject\",\"inLanguage\":\"pt-BR\",\"@id\":\"https:\/\/www.suno.com.br\/noticias\/#\/schema\/logo\/image\/\",\"url\":\"https:\/\/files.sunoresearch.com.br\/n\/uploads\/2021\/09\/suno-logo.png\",\"contentUrl\":\"https:\/\/files.sunoresearch.com.br\/n\/uploads\/2021\/09\/suno-logo.png\",\"width\":180,\"height\":180,\"caption\":\"Suno Not\u00edcias\"},\"image\":{\"@id\":\"https:\/\/www.suno.com.br\/noticias\/#\/schema\/logo\/image\/\"},\"sameAs\":[\"https:\/\/facebook.com\/sunoresearch\",\"https:\/\/x.com\/sunoresearch\",\"https:\/\/www.instagram.com\/suno\",\"https:\/\/www.linkedin.com\/company\/suno-research\/\",\"https:\/\/www.youtube.com\/c\/sunoresearch\"]},{\"@type\":\"Person\",\"@id\":\"https:\/\/www.suno.com.br\/noticias\/#\/schema\/person\/450c455ecff319bab1f1a0e643451479\",\"name\":\"Vanessa Loiola\",\"image\":{\"@type\":\"ImageObject\",\"inLanguage\":\"pt-BR\",\"@id\":\"https:\/\/www.suno.com.br\/noticias\/#\/schema\/person\/image\/\",\"url\":\"https:\/\/secure.gravatar.com\/avatar\/8b41117f9780831919eb38da349c3f20?s=96&r=g\",\"contentUrl\":\"https:\/\/secure.gravatar.com\/avatar\/8b41117f9780831919eb38da349c3f20?s=96&r=g\",\"caption\":\"Vanessa Loiola\"},\"description\":\"Jornalista formada pela PUC-SP, com experi\u00eancia na cobertura das editorias de economia, finan\u00e7as, bolsa de valores, pol\u00edtica, energia solar e entretenimento. Com passagem pela BM&amp;C News e RedeTV!\",\"url\":\"https:\/\/www.suno.com.br\/noticias\/author\/vanessal-loiolagmail-com\/\"}]}<\/script>\n<!-- \/ Yoast SEO plugin. -->","yoast_head_json":{"title":"Radar: Vale (VALE3) tem queda na produ\u00e7\u00e3o de min\u00e9rio, analistas projetam desempenho forte da Telef\u00f4nica (VIVT3) no 3T23 e banco recomenda Mercado Livre (MELI34)","description":"Vale (VALE3) anuncia queda na produ\u00e7\u00e3o de min\u00e9rio de ferro, analistas projetam crescimento para Telef\u00f4nica Brasil (VIVT3) e banco recomenda Mercado Livre (MELI34)","robots":{"index":"index","follow":"follow","max-snippet":"max-snippet:-1","max-image-preview":"max-image-preview:large","max-video-preview":"max-video-preview:-1"},"canonical":"https:\/\/www.suno.com.br\/noticias\/radar-vale-vale3-telefonica-vivt3-mercado-livre-meli34\/","og_locale":"pt_BR","og_type":"article","og_title":"Radar: Vale (VALE3) tem queda na produ\u00e7\u00e3o de min\u00e9rio, analistas projetam desempenho forte da Telef\u00f4nica (VIVT3) no 3T23 e banco recomenda Mercado Livre (MELI34)","og_description":"Vale (VALE3) anuncia queda na produ\u00e7\u00e3o de min\u00e9rio de ferro, analistas projetam crescimento para Telef\u00f4nica Brasil (VIVT3) e banco recomenda Mercado Livre (MELI34)","og_url":"https:\/\/www.suno.com.br\/noticias\/radar-vale-vale3-telefonica-vivt3-mercado-livre-meli34\/","og_site_name":"Suno Not\u00edcias","article_publisher":"https:\/\/facebook.com\/sunoresearch","og_image":[{"width":1200,"height":801,"url":"https:\/\/files.sunoresearch.com.br\/n\/uploads\/2023\/04\/vale_vale3-1.jpg","type":"image\/jpeg"}],"author":"Vanessa Loiola","twitter_card":"summary_large_image","twitter_creator":"@sunoresearch","twitter_site":"@sunoresearch","twitter_misc":{"Escrito por":"Vanessa Loiola","Est. tempo de leitura":"9 minutos"},"schema":{"@context":"https:\/\/schema.org","@graph":[{"@type":"NewsArticle","@id":"https:\/\/www.suno.com.br\/noticias\/radar-vale-vale3-telefonica-vivt3-mercado-livre-meli34\/#article","isPartOf":{"@id":"https:\/\/www.suno.com.br\/noticias\/radar-vale-vale3-telefonica-vivt3-mercado-livre-meli34\/"},"author":{"name":"Vanessa Loiola","@id":"https:\/\/www.suno.com.br\/noticias\/#\/schema\/person\/450c455ecff319bab1f1a0e643451479"},"headline":"Radar: Vale (VALE3) tem queda na produ\u00e7\u00e3o de min\u00e9rio, analistas projetam desempenho forte da Telef\u00f4nica (VIVT3) no 3T23 e banco recomenda Mercado Livre (MELI34)","datePublished":"2023-10-18T02:09:26+00:00","dateModified":"2023-10-18T02:09:36+00:00","mainEntityOfPage":{"@id":"https:\/\/www.suno.com.br\/noticias\/radar-vale-vale3-telefonica-vivt3-mercado-livre-meli34\/"},"wordCount":1672,"publisher":{"@id":"https:\/\/www.suno.com.br\/noticias\/#organization"},"image":{"@id":"https:\/\/www.suno.com.br\/noticias\/radar-vale-vale3-telefonica-vivt3-mercado-livre-meli34\/#primaryimage"},"thumbnailUrl":"https:\/\/files.sunoresearch.com.br\/n\/uploads\/2023\/04\/vale_vale3-1.jpg","keywords":["Banco do Brasil (BBAS3)","Light (LIGT3)","Mercado Livre (MELI34)","MRV (MRVE3)","Telef\u00f4nica (VIVT3)","Vale (VALE3)"],"articleSection":["Neg\u00f3cios"],"inLanguage":"pt-BR"},{"@type":"WebPage","@id":"https:\/\/www.suno.com.br\/noticias\/radar-vale-vale3-telefonica-vivt3-mercado-livre-meli34\/","url":"https:\/\/www.suno.com.br\/noticias\/radar-vale-vale3-telefonica-vivt3-mercado-livre-meli34\/","name":"Radar: Vale (VALE3) tem queda na produ\u00e7\u00e3o de min\u00e9rio, analistas projetam desempenho forte da Telef\u00f4nica (VIVT3) no 3T23 e banco recomenda Mercado Livre (MELI34)","isPartOf":{"@id":"https:\/\/www.suno.com.br\/noticias\/#website"},"primaryImageOfPage":{"@id":"https:\/\/www.suno.com.br\/noticias\/radar-vale-vale3-telefonica-vivt3-mercado-livre-meli34\/#primaryimage"},"image":{"@id":"https:\/\/www.suno.com.br\/noticias\/radar-vale-vale3-telefonica-vivt3-mercado-livre-meli34\/#primaryimage"},"thumbnailUrl":"https:\/\/files.sunoresearch.com.br\/n\/uploads\/2023\/04\/vale_vale3-1.jpg","datePublished":"2023-10-18T02:09:26+00:00","dateModified":"2023-10-18T02:09:36+00:00","description":"Vale (VALE3) anuncia queda na produ\u00e7\u00e3o de min\u00e9rio de ferro, analistas projetam crescimento para Telef\u00f4nica Brasil (VIVT3) e banco recomenda Mercado Livre (MELI34)","breadcrumb":{"@id":"https:\/\/www.suno.com.br\/noticias\/radar-vale-vale3-telefonica-vivt3-mercado-livre-meli34\/#breadcrumb"},"inLanguage":"pt-BR","potentialAction":[{"@type":"ReadAction","target":["https:\/\/www.suno.com.br\/noticias\/radar-vale-vale3-telefonica-vivt3-mercado-livre-meli34\/"]}]},{"@type":"ImageObject","inLanguage":"pt-BR","@id":"https:\/\/www.suno.com.br\/noticias\/radar-vale-vale3-telefonica-vivt3-mercado-livre-meli34\/#primaryimage","url":"https:\/\/files.sunoresearch.com.br\/n\/uploads\/2023\/04\/vale_vale3-1.jpg","contentUrl":"https:\/\/files.sunoresearch.com.br\/n\/uploads\/2023\/04\/vale_vale3-1.jpg","width":1200,"height":801,"caption":"Vale sobe 1,92% e lidera ganhos do dia. Foto: Ag\u00eancia Vale"},{"@type":"BreadcrumbList","@id":"https:\/\/www.suno.com.br\/noticias\/radar-vale-vale3-telefonica-vivt3-mercado-livre-meli34\/#breadcrumb","itemListElement":[{"@type":"ListItem","position":1,"name":"Not\u00edcias","item":"https:\/\/www.suno.com.br\/noticias\/"},{"@type":"ListItem","position":2,"name":"Neg\u00f3cios","item":"https:\/\/www.suno.com.br\/noticias\/negocios\/"},{"@type":"ListItem","position":3,"name":"Radar: Vale (VALE3) tem queda na produ\u00e7\u00e3o de min\u00e9rio, analistas projetam desempenho forte da Telef\u00f4nica (VIVT3) no 3T23 e banco recomenda Mercado Livre (MELI34)"}]},{"@type":"WebSite","@id":"https:\/\/www.suno.com.br\/noticias\/#website","url":"https:\/\/www.suno.com.br\/noticias\/","name":"Suno Not\u00edcias","description":"Seu portal de informa\u00e7\u00e3o sobre o mundo dos investimentos","publisher":{"@id":"https:\/\/www.suno.com.br\/noticias\/#organization"},"potentialAction":[{"@type":"SearchAction","target":{"@type":"EntryPoint","urlTemplate":"https:\/\/www.suno.com.br\/noticias\/?s={search_term_string}"},"query-input":{"@type":"PropertyValueSpecification","valueRequired":true,"valueName":"search_term_string"}}],"inLanguage":"pt-BR"},{"@type":"Organization","@id":"https:\/\/www.suno.com.br\/noticias\/#organization","name":"Suno Not\u00edcias","url":"https:\/\/www.suno.com.br\/noticias\/","logo":{"@type":"ImageObject","inLanguage":"pt-BR","@id":"https:\/\/www.suno.com.br\/noticias\/#\/schema\/logo\/image\/","url":"https:\/\/files.sunoresearch.com.br\/n\/uploads\/2021\/09\/suno-logo.png","contentUrl":"https:\/\/files.sunoresearch.com.br\/n\/uploads\/2021\/09\/suno-logo.png","width":180,"height":180,"caption":"Suno Not\u00edcias"},"image":{"@id":"https:\/\/www.suno.com.br\/noticias\/#\/schema\/logo\/image\/"},"sameAs":["https:\/\/facebook.com\/sunoresearch","https:\/\/x.com\/sunoresearch","https:\/\/www.instagram.com\/suno","https:\/\/www.linkedin.com\/company\/suno-research\/","https:\/\/www.youtube.com\/c\/sunoresearch"]},{"@type":"Person","@id":"https:\/\/www.suno.com.br\/noticias\/#\/schema\/person\/450c455ecff319bab1f1a0e643451479","name":"Vanessa Loiola","image":{"@type":"ImageObject","inLanguage":"pt-BR","@id":"https:\/\/www.suno.com.br\/noticias\/#\/schema\/person\/image\/","url":"https:\/\/secure.gravatar.com\/avatar\/8b41117f9780831919eb38da349c3f20?s=96&r=g","contentUrl":"https:\/\/secure.gravatar.com\/avatar\/8b41117f9780831919eb38da349c3f20?s=96&r=g","caption":"Vanessa Loiola"},"description":"Jornalista formada pela PUC-SP, com experi\u00eancia na cobertura das editorias de economia, finan\u00e7as, bolsa de valores, pol\u00edtica, energia solar e entretenimento. Com passagem pela BM&amp;C News e RedeTV!","url":"https:\/\/www.suno.com.br\/noticias\/author\/vanessal-loiolagmail-com\/"}]}},"default_loop_html":"<div class=\"cardsPage__listCard__boxs\"><div class=\"cardsPage__listCard__boxs__img\"><a href=\"https:\/\/www.suno.com.br\/noticias\/radar-vale-vale3-telefonica-vivt3-mercado-livre-meli34\/\"><img class=\"mask\" src=\"https:\/\/www.suno.com.br\/noticias\/wp-content\/themes\/suno\/resources\/images\/spotlight\/spotlight1img\/bg-mask.png\" alt=\"Image Mask\"\/><img src=\"https:\/\/files.sunoresearch.com.br\/n\/uploads\/2023\/04\/vale_vale3-1-400x200.jpg\" alt=\"Radar: Vale (VALE3) tem queda na produ\u00e7\u00e3o de min\u00e9rio, analistas projetam desempenho forte da Telef\u00f4nica (VIVT3) no 3T23 e banco recomenda Mercado Livre (MELI34)\"\/><\/a><span class=\"spotlightCategory\"><a href=\"https:\/\/www.suno.com.br\/noticias\/negocios\/\">Neg\u00f3cios<\/a><\/span><\/div><div class=\"cardsPage__listCard__boxs__content\"><a href=\"https:\/\/www.suno.com.br\/noticias\/radar-vale-vale3-telefonica-vivt3-mercado-livre-meli34\/\"><h2 class=\"content__title\">Radar: Vale (VALE3) tem queda na produ\u00e7\u00e3o de min\u00e9rio, analistas projetam desempenho forte da Telef\u00f4nica (VIVT3) no 3T23 e banco recomenda Mercado Livre (MELI34)<\/h2><\/a><div class=\"newsContent__article__meta\"><div class=\"newsContent__article__meta__authorBox\"><a href=\"https:\/\/www.suno.com.br\/noticias\/author\/vanessal-loiolagmail-com\/\" class=\"authorBox__avatar noMobi\"><img src=\"https:\/\/secure.gravatar.com\/avatar\/8b41117f9780831919eb38da349c3f20?s=96&#038;r=g\" alt=\"Vanessa Loiola\"><\/a><div class=\"authorBox__name\"><span>por\n\t\t\t<a href=\"https:\/\/www.suno.com.br\/noticias\/author\/vanessal-loiolagmail-com\/\"><span itemprop=\"author\">Vanessa Loiola<\/span><\/a><\/span><time datetime=\"2023-10-17T23:09:26-03:00\" itemprop=\"datePublished\">17\/10\/2023 23:09<\/time><\/div><\/div><\/div><\/div><\/div>","single_layout":"posts","amp_enabled":true,"_links":{"self":[{"href":"https:\/\/www.suno.com.br\/noticias\/wp-json\/wp\/v2\/posts\/472459"}],"collection":[{"href":"https:\/\/www.suno.com.br\/noticias\/wp-json\/wp\/v2\/posts"}],"about":[{"href":"https:\/\/www.suno.com.br\/noticias\/wp-json\/wp\/v2\/types\/post"}],"author":[{"embeddable":true,"href":"https:\/\/www.suno.com.br\/noticias\/wp-json\/wp\/v2\/users\/227"}],"replies":[{"embeddable":true,"href":"https:\/\/www.suno.com.br\/noticias\/wp-json\/wp\/v2\/comments?post=472459"}],"version-history":[{"count":2,"href":"https:\/\/www.suno.com.br\/noticias\/wp-json\/wp\/v2\/posts\/472459\/revisions"}],"predecessor-version":[{"id":472469,"href":"https:\/\/www.suno.com.br\/noticias\/wp-json\/wp\/v2\/posts\/472459\/revisions\/472469"}],"wp:featuredmedia":[{"embeddable":true,"href":"https:\/\/www.suno.com.br\/noticias\/wp-json\/wp\/v2\/media\/394402"}],"wp:attachment":[{"href":"https:\/\/www.suno.com.br\/noticias\/wp-json\/wp\/v2\/media?parent=472459"}],"wp:term":[{"taxonomy":"category","embeddable":true,"href":"https:\/\/www.suno.com.br\/noticias\/wp-json\/wp\/v2\/categories?post=472459"},{"taxonomy":"post_tag","embeddable":true,"href":"https:\/\/www.suno.com.br\/noticias\/wp-json\/wp\/v2\/tags?post=472459"},{"taxonomy":"suno_strategy","embeddable":true,"href":"https:\/\/www.suno.com.br\/noticias\/wp-json\/wp\/v2\/suno_strategy?post=472459"}],"curies":[{"name":"wp","href":"https:\/\/api.w.org\/{rel}","templated":true}]}}