{"id":472377,"date":"2023-10-17T22:41:36","date_gmt":"2023-10-18T01:41:36","guid":{"rendered":"https:\/\/www.suno.com.br\/noticias\/?p=472377"},"modified":"2023-10-17T22:41:39","modified_gmt":"2023-10-18T01:41:39","slug":"sabesp-sbsp3-privatizacao-estado-fatia-golden-share","status":"publish","type":"post","link":"https:\/\/www.suno.com.br\/noticias\/sabesp-sbsp3-privatizacao-estado-fatia-golden-share\/","title":{"rendered":"Privatiza\u00e7\u00e3o da Sabesp (SBSP3): Estado ter\u00e1 &#8220;algo entre 15% e 30%&#8221; de fatia; projeto prev\u00ea golden share do governo e follow-on"},"content":{"rendered":"<p>O governador de S\u00e3o Paulo, Tarc\u00edsio de Freitas, confirmou que o projeto de lei de privatiza\u00e7\u00e3o da <strong><a href=\"https:\/\/www.suno.com.br\/acoes\/sbsp3\/\">Sabesp (SBSP3)<\/a><\/strong> foi assinado nesta ter\u00e7a-feira, 17, e enviado para a Assembleia Legislativa do Estado de S\u00e3o Paulo (Alesp). Com isso, o texto estar\u00e1 dispon\u00edvel para an\u00e1lise dos deputados a partir de amanh\u00e3.<\/p>\t<div class=\"wrapper-featured-image\">\n\t\t<figure class=\"spotlightImg\">\n\n\t\t\t<picture>\n\t\t\t\t<source media=\"(max-width: 768px)\" srcset=\"https:\/\/files.sunoresearch.com.br\/n\/uploads\/2023\/09\/sabesp-sbsp3-400x200.jpg\">\n\t\t\t\t<img loading=\"lazy\" decoding=\"async\" class=\"newsContent__article__imgCapa lazyloadDisabled \" src=\"https:\/\/files.sunoresearch.com.br\/n\/uploads\/2023\/09\/sabesp-sbsp3-800x450.jpg\" width=\"800\" height=\"450\" alt=\"Privatiza\u00e7\u00e3o da Sabesp (SBSP3): Estado ter\u00e1 &#8220;algo entre 15% e 30%&#8221; de fatia; projeto prev\u00ea golden share do governo e follow-on\" fetchpriority=high \/>\n\t\t\t<\/picture>\n\n\t\t\t<figcaption class=\"wp-caption-text wp-caption-text--show\">Sabesp (SBSP3). Foto: Divulga\u00e7\u00e3o<\/figcaption>\n\t\t<\/figure>\n\t<\/div>\n\n\n\n\n\n\t<p>\n\t\t<a href=\"https:\/\/lp.suno.com.br\/planilha-da-vida-financeira\/\" target=\"_blank\" data-element=\"shortcode-suno-banner\" title=\"Banner SUNO, clique e saiba mais\">\n\t\t\t<picture>\n\t\t\t\t<source media=\"(max-width: 500px)\" srcset=\"https:\/\/files.sunoresearch.com.br\/n\/uploads\/2023\/04\/400x300-Planilha-vida-financeira-true.png\">\n\t\t\t\t<img class=\"newsContent__article__imgCapa newsContent__article__imgCapa--banner\"\n\t\t\t\t\tsrc=\"https:\/\/files.sunoresearch.com.br\/n\/uploads\/2023\/04\/1420x240-Planilha-vida-financeira-true.png\"\n\t\t\t\t\tdata-promo-id=\"106682\"\t\t\t\t\t\t\t\t\t\twidth='1420' height='240'\t\t\t\t\talt=\"https:\/\/files.sunoresearch.com.br\/n\/uploads\/2023\/04\/1420x240-Planilha-vida-financeira-true.png\"\n\t\t\t\t>\n\t\t\t<\/picture>\n\t\t<\/a>\n\t<\/p>\n\n\n\n\n\n\n\n<p>&#8220;Hoje demos um passo importante para a <strong>desestatiza\u00e7\u00e3o da Sabesp<\/strong>&#8220;, afirmou Tarc\u00edsio durante coletiva de imprensa promovida na noite desta ter\u00e7a-feira.<\/p>\n\n\n\n<p>Mais cedo, antes do envio do texto para a Alesp, o governador se reuniu com parlamentares da base aliada para explicar o projeto de lei e o <strong>modelo de privatiza\u00e7\u00e3o<\/strong>.<\/p>\n\n\n\n<p>O foco da <strong>privatiza\u00e7\u00e3o da Sabesp<\/strong> \u00e9 atrair s\u00f3cios e capital para a companhia. No entanto, a opera\u00e7\u00e3o segue sendo responsabilidade da empresa, segundo o governador de S\u00e3o Paulo, Tarc\u00edsio de Freitas.<\/p>\n\n\n\n<p>&#8220;N\u00e3o estamos falando de venda do total da empresa, mas sim de dilui\u00e7\u00e3o&#8221;, afirmou durante coletiva de imprensa nesta ter\u00e7a-feira, 17.<\/p>\n\n\n\n<p>Tarc\u00edsio voltou a dizer que o Estado seguir\u00e1 como um dos principais acionistas da Sabesp para atingir os indicadores necess\u00e1rios. O governador destacou que o plano de investimento subiu de R$ 56 bilh\u00f5es para R$ 66 bilh\u00f5es com a privatiza\u00e7\u00e3o, com antecipa\u00e7\u00e3o da universaliza\u00e7\u00e3o dos servi\u00e7os de 2033 para 2029.<\/p>\n\n\n\n\t<div data-element=\"shortcode-read-more\" class=\"readToo\">\n\t\t\t\t<span class=\"readToo__title\">Leia mais<\/span>\n\t\t\t\t<ul class=\"readToo__list\">\n\t\t\t<li><a href=\"https:\/\/www.suno.com.br\/noticias\/acoes-sabesp-sbsp3-xp-recomendacao-evm\/\">A\u00e7\u00f5es da Sabesp (SBSP3) devem saltar 30%, estima XP, que eleva recomenda\u00e7\u00e3o para compra<\/a><\/li><li><a href=\"https:\/\/www.suno.com.br\/noticias\/sabesp-sbsp3-municipios-alteracao-concessao-gpj\/\">Sabesp (SBSP3) envia aos munic\u00edpios proposta de altera\u00e7\u00e3o dos contratos de concess\u00e3o<\/a><\/li><li><a href=\"https:\/\/www.suno.com.br\/noticias\/sabesp-sbsp3-lucro-anual-segundo-trimestre-gpj\/\">Sabesp (SBSP3): lucro anual salta 76,1% no segundo trimestre, para R$ 743,7 milh\u00f5es<\/a><\/li>\t\t<\/ul>\n\t<\/div>\n\n\n\n\t<p>\n\t\t<a href=\"https:\/\/lp.suno.com.br\/ebook-como-analisar-uma-acao\/\" target=\"_blank\" data-element=\"shortcode-suno-banner\" title=\"Banner SUNO, clique e saiba mais\">\n\t\t\t<picture>\n\t\t\t\t<source media=\"(max-width: 500px)\" srcset=\"https:\/\/files.sunoresearch.com.br\/n\/uploads\/2023\/03\/Ebook-Acoes-Mobile.jpg\">\n\t\t\t\t<img class=\"newsContent__article__imgCapa newsContent__article__imgCapa--banner\"\n\t\t\t\t\tsrc=\"https:\/\/files.sunoresearch.com.br\/n\/uploads\/2023\/03\/Ebook-Acoes-Desktop.jpg\"\n\t\t\t\t\tdata-promo-id=\"378302\"\t\t\t\t\t\t\t\t\t\twidth='1420' height='286'\t\t\t\t\talt=\"https:\/\/files.sunoresearch.com.br\/n\/uploads\/2023\/03\/Ebook-Acoes-Desktop.jpg\"\n\t\t\t\t>\n\t\t\t<\/picture>\n\t\t<\/a>\n\t<\/p>\n\n\n\n\n\n<h2 class=\"wp-block-heading\">Sabesp: follow on e golden share<\/h2>\n\n\n\n<p>Ainda de acordo com o pol\u00edtico, n\u00e3o haver\u00e1 <strong>aumento de tarifas<\/strong> ap\u00f3s o processo. Como estrat\u00e9gia para controlar os pre\u00e7os, o governo vai utilizar o aporte de dinheiro na companhia. &#8220;Parte do recurso fica reservado para garantir tarifas mais baixas&#8221;, afirmou.<\/p>\n\n\n\n<p>Al\u00e9m disso, mais para frente, o plano \u00e9 utilizar o pr\u00f3prio resultado da companhia para reinvestir. &#8220;Vamos devolver para a Sabesp o que \u00e9 da empresa&#8221;.<\/p>\n\n\n\n<p>Ap\u00f3s a privatiza\u00e7\u00e3o, a participa\u00e7\u00e3o do Estado de S\u00e3o Paulo na Sabesp deve cair dos 50,3% atuais para algo entre 15% e 30%. A informa\u00e7\u00e3o, antecipada pelo&nbsp;<em>Broadcast<\/em>&nbsp;(sistema de not\u00edcias em tempo real do Grupo Estado), foi confirmada pela Secret\u00e1ria de Meio Ambiente, Infraestrutura e Log\u00edstica, Nat\u00e1lia Resende.<\/p>\n\n\n\n<p>&#8220;Estamos em fase de estudo para determinar exatamente qual ser\u00e1 a participa\u00e7\u00e3o do Estado, mas o foco \u00e9 diminuir o porcentual para atrair investidores de refer\u00eancia&#8221;, afirmou durante coletiva de imprensa.<\/p>\n\n\n\n<p>A representante confirmou tamb\u00e9m que o projeto de lei enviado \u00e0 Assembleia Legislativa do Estado de S\u00e3o Paulo (Alesp), nesta ter\u00e7a-feira, inclui o estabelecimento de direitos de veto (golden share) para o governo.<\/p>\n\n\n\n<p>O <strong>golden share <\/strong>previsto no texto contempla a manuten\u00e7\u00e3o do nome da companhia, sede e objetivo social, por exemplo. Al\u00e9m disso, atribui poder de veto ao Estado quanto ao limite de exerc\u00edcio de votos por acionistas ou grupo de acionistas.<\/p>\n\n\n\n<p>O projeto de lei institui ainda a cria\u00e7\u00e3o de um fundo de apoio \u00e0 universaliza\u00e7\u00e3o do saneamento do Estado de S\u00e3o Paulo destinado a prover recursos para a\u00e7\u00f5es de saneamento b\u00e1sico, inclusive voltadas \u00e0 modicidade tarif\u00e1ria no setor.<\/p>\n\n\n\n<p>A expectativa do governo \u00e9 que a privatiza\u00e7\u00e3o da Sabesp seja aprovada ainda em 2023 na Casa. Com isso, o processo de desestatiza\u00e7\u00e3o teria in\u00edcio j\u00e1 no in\u00edcio de 2024.<\/p>\n\n\n\n<p>Em agosto, o governo anunciou a escolha do <strong>modelo de <em>follow-on<\/em><\/strong>, oferta subsequente de a\u00e7\u00f5es, para a privatiza\u00e7\u00e3o.<\/p>\n\n\n\n<p>Para isso, \u00e9 necess\u00e1ria a autoriza\u00e7\u00e3o da Alesp para se desfazer da fatia societ\u00e1ria que torna o Estado <a class=\"suno-keyword\" target=\"_blank\" data-force=\"no\" data-priority=\"1\" href=\"https:\/\/www.suno.com.br\/artigos\/acionista-majoritario\/\" rel=\"noopener\">acionista majorit\u00e1rio<\/a> na empresa. O Estado de S\u00e3o Paulo, hoje, det\u00e9m 50,3% das a\u00e7\u00f5es da Sabesp.<\/p>\n\n\n\n<p>Se aprovado o projeto, o Estado dever\u00e1 seguir como acionista minorit\u00e1rio. A nova participa\u00e7\u00e3o estatal na companhia, ainda n\u00e3o definida, foi mais um ponto de aten\u00e7\u00e3o citado por investidores, que temem n\u00e3o ter uma voz ativa em decis\u00f5es-chave ap\u00f3s a privatiza\u00e7\u00e3o da <strong>Sabesp<\/strong>.<\/p>\n\n\n\n<p><em>Com Estad\u00e3o Conte\u00fado<\/em><\/p>\n\n\n\t<p>\n\t\t<a href=\"https:\/\/lp.suno.com.br\/planilha-da-vida-financeira\/\" target=\"_blank\" data-element=\"shortcode-suno-banner\" title=\"Banner SUNO, clique e saiba mais\">\n\t\t\t<picture>\n\t\t\t\t<source media=\"(max-width: 500px)\" srcset=\"https:\/\/files.sunoresearch.com.br\/n\/uploads\/2023\/04\/400x300-Planilha-vida-financeira-true.png\">\n\t\t\t\t<img class=\"newsContent__article__imgCapa newsContent__article__imgCapa--banner\"\n\t\t\t\t\tsrc=\"https:\/\/files.sunoresearch.com.br\/n\/uploads\/2023\/04\/1420x240-Planilha-vida-financeira-true.png\"\n\t\t\t\t\tdata-promo-id=\"383123\"\t\t\t\t\t\t\t\t\t\twidth='1420' height='240'\t\t\t\t\talt=\"https:\/\/files.sunoresearch.com.br\/n\/uploads\/2023\/04\/1420x240-Planilha-vida-financeira-true.png\"\n\t\t\t\t>\n\t\t\t<\/picture>\n\t\t<\/a>\n\t<\/p>\n\n\n","protected":false},"excerpt":{"rendered":"<p>O governador de S\u00e3o Paulo, Tarc\u00edsio de Freitas, confirmou que o projeto de lei de privatiza\u00e7\u00e3o da Sabesp (SBSP3) foi assinado nesta ter\u00e7a-feira, 17, e enviado para a Assembleia Legislativa do Estado de S\u00e3o Paulo (Alesp). Com isso, o texto estar\u00e1 dispon\u00edvel para an\u00e1lise dos deputados a partir de amanh\u00e3. Sabesp (SBSP3). Foto: Divulga\u00e7\u00e3o &#8220;Hoje [&hellip;]<\/p>\n","protected":false},"author":43,"featured_media":452743,"comment_status":"closed","ping_status":"closed","sticky":false,"template":"","format":"standard","meta":[],"categories":[64,61],"tags":[286,945,106765],"suno_strategy":[],"class_list":["post-472377","post","type-post","status-publish","format-standard","has-post-thumbnail","hentry","category-negocios","category-politica","tag-acoes","tag-privatizacoes","tag-sabesp-sbsp3"],"yoast_head":"<!-- This site is optimized with the Yoast SEO plugin v24.4 - https:\/\/yoast.com\/wordpress\/plugins\/seo\/ -->\n<title>Privatiza\u00e7\u00e3o da Sabesp (SBSP3): Estado ter\u00e1 &quot;entre 15% e 30%&quot; de fatia<\/title>\n<meta name=\"description\" content=\"O governador de S\u00e3o Paulo, Tarc\u00edsio de Freitas, confirmou que o projeto de lei de privatiza\u00e7\u00e3o da Sabesp (SBSP3) foi assinado nesta ter\u00e7a\" \/>\n<meta name=\"robots\" content=\"index, follow, max-snippet:-1, max-image-preview:large, max-video-preview:-1\" \/>\n<link rel=\"canonical\" href=\"https:\/\/www.suno.com.br\/noticias\/sabesp-sbsp3-privatizacao-estado-fatia-golden-share\/\" \/>\n<meta property=\"og:locale\" content=\"pt_BR\" \/>\n<meta property=\"og:type\" content=\"article\" \/>\n<meta property=\"og:title\" content=\"Privatiza\u00e7\u00e3o da Sabesp (SBSP3): Estado ter\u00e1 &quot;entre 15% e 30%&quot; de fatia\" \/>\n<meta property=\"og:description\" content=\"O governador de S\u00e3o Paulo, Tarc\u00edsio de Freitas, confirmou que o projeto de lei de privatiza\u00e7\u00e3o da Sabesp (SBSP3) foi assinado nesta ter\u00e7a\" \/>\n<meta property=\"og:url\" content=\"https:\/\/www.suno.com.br\/noticias\/sabesp-sbsp3-privatizacao-estado-fatia-golden-share\/\" \/>\n<meta property=\"og:site_name\" content=\"Suno Not\u00edcias\" \/>\n<meta property=\"article:publisher\" content=\"https:\/\/facebook.com\/sunoresearch\" \/>\n<meta property=\"article:author\" content=\"https:\/\/www.facebook.com\/sunonoticias\/\" \/>\n<meta property=\"og:image\" content=\"https:\/\/files.sunoresearch.com.br\/n\/uploads\/2023\/09\/sabesp-sbsp3.jpg\" \/>\n\t<meta property=\"og:image:width\" content=\"1200\" \/>\n\t<meta property=\"og:image:height\" content=\"800\" \/>\n\t<meta property=\"og:image:type\" content=\"image\/jpeg\" \/>\n<meta name=\"author\" content=\"Reda\u00e7\u00e3o Suno Not\u00edcias\" \/>\n<meta name=\"twitter:card\" content=\"summary_large_image\" \/>\n<meta name=\"twitter:creator\" content=\"@https:\/\/twitter.com\/sunoresearch\" \/>\n<meta name=\"twitter:site\" content=\"@sunoresearch\" \/>\n<meta name=\"twitter:label1\" content=\"Escrito por\" \/>\n\t<meta name=\"twitter:data1\" content=\"Reda\u00e7\u00e3o Suno Not\u00edcias\" \/>\n\t<meta name=\"twitter:label2\" content=\"Est. tempo de leitura\" \/>\n\t<meta name=\"twitter:data2\" content=\"4 minutos\" \/>\n<script type=\"application\/ld+json\" class=\"yoast-schema-graph\">{\"@context\":\"https:\/\/schema.org\",\"@graph\":[{\"@type\":\"NewsArticle\",\"@id\":\"https:\/\/www.suno.com.br\/noticias\/sabesp-sbsp3-privatizacao-estado-fatia-golden-share\/#article\",\"isPartOf\":{\"@id\":\"https:\/\/www.suno.com.br\/noticias\/sabesp-sbsp3-privatizacao-estado-fatia-golden-share\/\"},\"author\":{\"name\":\"Reda\u00e7\u00e3o Suno Not\u00edcias\",\"@id\":\"https:\/\/www.suno.com.br\/noticias\/#\/schema\/person\/c1b1bd3727fa852bd045e9dbff3673ea\"},\"headline\":\"Privatiza\u00e7\u00e3o da Sabesp (SBSP3): Estado ter\u00e1 &#8220;algo entre 15% e 30%&#8221; de fatia; projeto prev\u00ea golden share do governo e follow-on\",\"datePublished\":\"2023-10-18T01:41:36+00:00\",\"dateModified\":\"2023-10-18T01:41:39+00:00\",\"mainEntityOfPage\":{\"@id\":\"https:\/\/www.suno.com.br\/noticias\/sabesp-sbsp3-privatizacao-estado-fatia-golden-share\/\"},\"wordCount\":686,\"publisher\":{\"@id\":\"https:\/\/www.suno.com.br\/noticias\/#organization\"},\"image\":{\"@id\":\"https:\/\/www.suno.com.br\/noticias\/sabesp-sbsp3-privatizacao-estado-fatia-golden-share\/#primaryimage\"},\"thumbnailUrl\":\"https:\/\/files.sunoresearch.com.br\/n\/uploads\/2023\/09\/sabesp-sbsp3.jpg\",\"keywords\":[\"A\u00e7\u00f5es\",\"privatiza\u00e7\u00f5es\",\"Sabesp (SBSP3)\"],\"articleSection\":[\"Neg\u00f3cios\",\"Pol\u00edtica\"],\"inLanguage\":\"pt-BR\"},{\"@type\":\"WebPage\",\"@id\":\"https:\/\/www.suno.com.br\/noticias\/sabesp-sbsp3-privatizacao-estado-fatia-golden-share\/\",\"url\":\"https:\/\/www.suno.com.br\/noticias\/sabesp-sbsp3-privatizacao-estado-fatia-golden-share\/\",\"name\":\"Privatiza\u00e7\u00e3o da Sabesp (SBSP3): Estado ter\u00e1 \\\"entre 15% e 30%\\\" de fatia\",\"isPartOf\":{\"@id\":\"https:\/\/www.suno.com.br\/noticias\/#website\"},\"primaryImageOfPage\":{\"@id\":\"https:\/\/www.suno.com.br\/noticias\/sabesp-sbsp3-privatizacao-estado-fatia-golden-share\/#primaryimage\"},\"image\":{\"@id\":\"https:\/\/www.suno.com.br\/noticias\/sabesp-sbsp3-privatizacao-estado-fatia-golden-share\/#primaryimage\"},\"thumbnailUrl\":\"https:\/\/files.sunoresearch.com.br\/n\/uploads\/2023\/09\/sabesp-sbsp3.jpg\",\"datePublished\":\"2023-10-18T01:41:36+00:00\",\"dateModified\":\"2023-10-18T01:41:39+00:00\",\"description\":\"O governador de S\u00e3o Paulo, Tarc\u00edsio de Freitas, confirmou que o projeto de lei de privatiza\u00e7\u00e3o da Sabesp (SBSP3) foi assinado nesta ter\u00e7a\",\"breadcrumb\":{\"@id\":\"https:\/\/www.suno.com.br\/noticias\/sabesp-sbsp3-privatizacao-estado-fatia-golden-share\/#breadcrumb\"},\"inLanguage\":\"pt-BR\",\"potentialAction\":[{\"@type\":\"ReadAction\",\"target\":[\"https:\/\/www.suno.com.br\/noticias\/sabesp-sbsp3-privatizacao-estado-fatia-golden-share\/\"]}]},{\"@type\":\"ImageObject\",\"inLanguage\":\"pt-BR\",\"@id\":\"https:\/\/www.suno.com.br\/noticias\/sabesp-sbsp3-privatizacao-estado-fatia-golden-share\/#primaryimage\",\"url\":\"https:\/\/files.sunoresearch.com.br\/n\/uploads\/2023\/09\/sabesp-sbsp3.jpg\",\"contentUrl\":\"https:\/\/files.sunoresearch.com.br\/n\/uploads\/2023\/09\/sabesp-sbsp3.jpg\",\"width\":1200,\"height\":800,\"caption\":\"Sabesp (SBSP3). Foto: Divulga\u00e7\u00e3o\"},{\"@type\":\"BreadcrumbList\",\"@id\":\"https:\/\/www.suno.com.br\/noticias\/sabesp-sbsp3-privatizacao-estado-fatia-golden-share\/#breadcrumb\",\"itemListElement\":[{\"@type\":\"ListItem\",\"position\":1,\"name\":\"Not\u00edcias\",\"item\":\"https:\/\/www.suno.com.br\/noticias\/\"},{\"@type\":\"ListItem\",\"position\":2,\"name\":\"Pol\u00edtica\",\"item\":\"https:\/\/www.suno.com.br\/noticias\/politica\/\"},{\"@type\":\"ListItem\",\"position\":3,\"name\":\"Privatiza\u00e7\u00e3o da Sabesp (SBSP3): Estado ter\u00e1 &#8220;algo entre 15% e 30%&#8221; de fatia; projeto prev\u00ea golden share do governo e follow-on\"}]},{\"@type\":\"WebSite\",\"@id\":\"https:\/\/www.suno.com.br\/noticias\/#website\",\"url\":\"https:\/\/www.suno.com.br\/noticias\/\",\"name\":\"Suno Not\u00edcias\",\"description\":\"Seu portal de informa\u00e7\u00e3o sobre o mundo dos investimentos\",\"publisher\":{\"@id\":\"https:\/\/www.suno.com.br\/noticias\/#organization\"},\"potentialAction\":[{\"@type\":\"SearchAction\",\"target\":{\"@type\":\"EntryPoint\",\"urlTemplate\":\"https:\/\/www.suno.com.br\/noticias\/?s={search_term_string}\"},\"query-input\":{\"@type\":\"PropertyValueSpecification\",\"valueRequired\":true,\"valueName\":\"search_term_string\"}}],\"inLanguage\":\"pt-BR\"},{\"@type\":\"Organization\",\"@id\":\"https:\/\/www.suno.com.br\/noticias\/#organization\",\"name\":\"Suno Not\u00edcias\",\"url\":\"https:\/\/www.suno.com.br\/noticias\/\",\"logo\":{\"@type\":\"ImageObject\",\"inLanguage\":\"pt-BR\",\"@id\":\"https:\/\/www.suno.com.br\/noticias\/#\/schema\/logo\/image\/\",\"url\":\"https:\/\/files.sunoresearch.com.br\/n\/uploads\/2021\/09\/suno-logo.png\",\"contentUrl\":\"https:\/\/files.sunoresearch.com.br\/n\/uploads\/2021\/09\/suno-logo.png\",\"width\":180,\"height\":180,\"caption\":\"Suno Not\u00edcias\"},\"image\":{\"@id\":\"https:\/\/www.suno.com.br\/noticias\/#\/schema\/logo\/image\/\"},\"sameAs\":[\"https:\/\/facebook.com\/sunoresearch\",\"https:\/\/x.com\/sunoresearch\",\"https:\/\/www.instagram.com\/suno\",\"https:\/\/www.linkedin.com\/company\/suno-research\/\",\"https:\/\/www.youtube.com\/c\/sunoresearch\"]},{\"@type\":\"Person\",\"@id\":\"https:\/\/www.suno.com.br\/noticias\/#\/schema\/person\/c1b1bd3727fa852bd045e9dbff3673ea\",\"name\":\"Reda\u00e7\u00e3o Suno Not\u00edcias\",\"image\":{\"@type\":\"ImageObject\",\"inLanguage\":\"pt-BR\",\"@id\":\"https:\/\/www.suno.com.br\/noticias\/#\/schema\/person\/image\/\",\"url\":\"https:\/\/secure.gravatar.com\/avatar\/b8104b9b5a71985d5238ee59fbe418af?s=96&r=g\",\"contentUrl\":\"https:\/\/secure.gravatar.com\/avatar\/b8104b9b5a71985d5238ee59fbe418af?s=96&r=g\",\"caption\":\"Reda\u00e7\u00e3o Suno Not\u00edcias\"},\"description\":\"O Suno Not\u00edcias \u00e9 um portal de informa\u00e7\u00f5es sobre Mercado Financeiro, Pol\u00edtica, Neg\u00f3cios, Economia e Finan\u00e7as Pessoais.\",\"sameAs\":[\"https:\/\/www.suno.com.br\/noticias\",\"https:\/\/www.facebook.com\/sunonoticias\/\",\"https:\/\/www.instagram.com\/sunonoticias\/\",\"https:\/\/x.com\/https:\/\/twitter.com\/sunoresearch\",\"https:\/\/www.youtube.com\/sunonoticias\"],\"url\":\"https:\/\/www.suno.com.br\/noticias\/author\/redacao-suno\/\"}]}<\/script>\n<!-- \/ Yoast SEO plugin. -->","yoast_head_json":{"title":"Privatiza\u00e7\u00e3o da Sabesp (SBSP3): Estado ter\u00e1 \"entre 15% e 30%\" de fatia","description":"O governador de S\u00e3o Paulo, Tarc\u00edsio de Freitas, confirmou que o projeto de lei de privatiza\u00e7\u00e3o da Sabesp (SBSP3) foi assinado nesta ter\u00e7a","robots":{"index":"index","follow":"follow","max-snippet":"max-snippet:-1","max-image-preview":"max-image-preview:large","max-video-preview":"max-video-preview:-1"},"canonical":"https:\/\/www.suno.com.br\/noticias\/sabesp-sbsp3-privatizacao-estado-fatia-golden-share\/","og_locale":"pt_BR","og_type":"article","og_title":"Privatiza\u00e7\u00e3o da Sabesp (SBSP3): Estado ter\u00e1 \"entre 15% e 30%\" de fatia","og_description":"O governador de S\u00e3o Paulo, Tarc\u00edsio de Freitas, confirmou que o projeto de lei de privatiza\u00e7\u00e3o da Sabesp (SBSP3) foi assinado nesta ter\u00e7a","og_url":"https:\/\/www.suno.com.br\/noticias\/sabesp-sbsp3-privatizacao-estado-fatia-golden-share\/","og_site_name":"Suno Not\u00edcias","article_publisher":"https:\/\/facebook.com\/sunoresearch","article_author":"https:\/\/www.facebook.com\/sunonoticias\/","og_image":[{"width":1200,"height":800,"url":"https:\/\/files.sunoresearch.com.br\/n\/uploads\/2023\/09\/sabesp-sbsp3.jpg","type":"image\/jpeg"}],"author":"Reda\u00e7\u00e3o Suno Not\u00edcias","twitter_card":"summary_large_image","twitter_creator":"@https:\/\/twitter.com\/sunoresearch","twitter_site":"@sunoresearch","twitter_misc":{"Escrito por":"Reda\u00e7\u00e3o Suno Not\u00edcias","Est. tempo de leitura":"4 minutos"},"schema":{"@context":"https:\/\/schema.org","@graph":[{"@type":"NewsArticle","@id":"https:\/\/www.suno.com.br\/noticias\/sabesp-sbsp3-privatizacao-estado-fatia-golden-share\/#article","isPartOf":{"@id":"https:\/\/www.suno.com.br\/noticias\/sabesp-sbsp3-privatizacao-estado-fatia-golden-share\/"},"author":{"name":"Reda\u00e7\u00e3o Suno Not\u00edcias","@id":"https:\/\/www.suno.com.br\/noticias\/#\/schema\/person\/c1b1bd3727fa852bd045e9dbff3673ea"},"headline":"Privatiza\u00e7\u00e3o da Sabesp (SBSP3): Estado ter\u00e1 &#8220;algo entre 15% e 30%&#8221; de fatia; projeto prev\u00ea golden share do governo e follow-on","datePublished":"2023-10-18T01:41:36+00:00","dateModified":"2023-10-18T01:41:39+00:00","mainEntityOfPage":{"@id":"https:\/\/www.suno.com.br\/noticias\/sabesp-sbsp3-privatizacao-estado-fatia-golden-share\/"},"wordCount":686,"publisher":{"@id":"https:\/\/www.suno.com.br\/noticias\/#organization"},"image":{"@id":"https:\/\/www.suno.com.br\/noticias\/sabesp-sbsp3-privatizacao-estado-fatia-golden-share\/#primaryimage"},"thumbnailUrl":"https:\/\/files.sunoresearch.com.br\/n\/uploads\/2023\/09\/sabesp-sbsp3.jpg","keywords":["A\u00e7\u00f5es","privatiza\u00e7\u00f5es","Sabesp (SBSP3)"],"articleSection":["Neg\u00f3cios","Pol\u00edtica"],"inLanguage":"pt-BR"},{"@type":"WebPage","@id":"https:\/\/www.suno.com.br\/noticias\/sabesp-sbsp3-privatizacao-estado-fatia-golden-share\/","url":"https:\/\/www.suno.com.br\/noticias\/sabesp-sbsp3-privatizacao-estado-fatia-golden-share\/","name":"Privatiza\u00e7\u00e3o da Sabesp (SBSP3): Estado ter\u00e1 \"entre 15% e 30%\" de fatia","isPartOf":{"@id":"https:\/\/www.suno.com.br\/noticias\/#website"},"primaryImageOfPage":{"@id":"https:\/\/www.suno.com.br\/noticias\/sabesp-sbsp3-privatizacao-estado-fatia-golden-share\/#primaryimage"},"image":{"@id":"https:\/\/www.suno.com.br\/noticias\/sabesp-sbsp3-privatizacao-estado-fatia-golden-share\/#primaryimage"},"thumbnailUrl":"https:\/\/files.sunoresearch.com.br\/n\/uploads\/2023\/09\/sabesp-sbsp3.jpg","datePublished":"2023-10-18T01:41:36+00:00","dateModified":"2023-10-18T01:41:39+00:00","description":"O governador de S\u00e3o Paulo, Tarc\u00edsio de Freitas, confirmou que o projeto de lei de privatiza\u00e7\u00e3o da Sabesp (SBSP3) foi assinado nesta ter\u00e7a","breadcrumb":{"@id":"https:\/\/www.suno.com.br\/noticias\/sabesp-sbsp3-privatizacao-estado-fatia-golden-share\/#breadcrumb"},"inLanguage":"pt-BR","potentialAction":[{"@type":"ReadAction","target":["https:\/\/www.suno.com.br\/noticias\/sabesp-sbsp3-privatizacao-estado-fatia-golden-share\/"]}]},{"@type":"ImageObject","inLanguage":"pt-BR","@id":"https:\/\/www.suno.com.br\/noticias\/sabesp-sbsp3-privatizacao-estado-fatia-golden-share\/#primaryimage","url":"https:\/\/files.sunoresearch.com.br\/n\/uploads\/2023\/09\/sabesp-sbsp3.jpg","contentUrl":"https:\/\/files.sunoresearch.com.br\/n\/uploads\/2023\/09\/sabesp-sbsp3.jpg","width":1200,"height":800,"caption":"Sabesp (SBSP3). Foto: Divulga\u00e7\u00e3o"},{"@type":"BreadcrumbList","@id":"https:\/\/www.suno.com.br\/noticias\/sabesp-sbsp3-privatizacao-estado-fatia-golden-share\/#breadcrumb","itemListElement":[{"@type":"ListItem","position":1,"name":"Not\u00edcias","item":"https:\/\/www.suno.com.br\/noticias\/"},{"@type":"ListItem","position":2,"name":"Pol\u00edtica","item":"https:\/\/www.suno.com.br\/noticias\/politica\/"},{"@type":"ListItem","position":3,"name":"Privatiza\u00e7\u00e3o da Sabesp (SBSP3): Estado ter\u00e1 &#8220;algo entre 15% e 30%&#8221; de fatia; projeto prev\u00ea golden share do governo e follow-on"}]},{"@type":"WebSite","@id":"https:\/\/www.suno.com.br\/noticias\/#website","url":"https:\/\/www.suno.com.br\/noticias\/","name":"Suno Not\u00edcias","description":"Seu portal de informa\u00e7\u00e3o sobre o mundo dos investimentos","publisher":{"@id":"https:\/\/www.suno.com.br\/noticias\/#organization"},"potentialAction":[{"@type":"SearchAction","target":{"@type":"EntryPoint","urlTemplate":"https:\/\/www.suno.com.br\/noticias\/?s={search_term_string}"},"query-input":{"@type":"PropertyValueSpecification","valueRequired":true,"valueName":"search_term_string"}}],"inLanguage":"pt-BR"},{"@type":"Organization","@id":"https:\/\/www.suno.com.br\/noticias\/#organization","name":"Suno Not\u00edcias","url":"https:\/\/www.suno.com.br\/noticias\/","logo":{"@type":"ImageObject","inLanguage":"pt-BR","@id":"https:\/\/www.suno.com.br\/noticias\/#\/schema\/logo\/image\/","url":"https:\/\/files.sunoresearch.com.br\/n\/uploads\/2021\/09\/suno-logo.png","contentUrl":"https:\/\/files.sunoresearch.com.br\/n\/uploads\/2021\/09\/suno-logo.png","width":180,"height":180,"caption":"Suno Not\u00edcias"},"image":{"@id":"https:\/\/www.suno.com.br\/noticias\/#\/schema\/logo\/image\/"},"sameAs":["https:\/\/facebook.com\/sunoresearch","https:\/\/x.com\/sunoresearch","https:\/\/www.instagram.com\/suno","https:\/\/www.linkedin.com\/company\/suno-research\/","https:\/\/www.youtube.com\/c\/sunoresearch"]},{"@type":"Person","@id":"https:\/\/www.suno.com.br\/noticias\/#\/schema\/person\/c1b1bd3727fa852bd045e9dbff3673ea","name":"Reda\u00e7\u00e3o Suno Not\u00edcias","image":{"@type":"ImageObject","inLanguage":"pt-BR","@id":"https:\/\/www.suno.com.br\/noticias\/#\/schema\/person\/image\/","url":"https:\/\/secure.gravatar.com\/avatar\/b8104b9b5a71985d5238ee59fbe418af?s=96&r=g","contentUrl":"https:\/\/secure.gravatar.com\/avatar\/b8104b9b5a71985d5238ee59fbe418af?s=96&r=g","caption":"Reda\u00e7\u00e3o Suno Not\u00edcias"},"description":"O Suno Not\u00edcias \u00e9 um portal de informa\u00e7\u00f5es sobre Mercado Financeiro, Pol\u00edtica, Neg\u00f3cios, Economia e Finan\u00e7as Pessoais.","sameAs":["https:\/\/www.suno.com.br\/noticias","https:\/\/www.facebook.com\/sunonoticias\/","https:\/\/www.instagram.com\/sunonoticias\/","https:\/\/x.com\/https:\/\/twitter.com\/sunoresearch","https:\/\/www.youtube.com\/sunonoticias"],"url":"https:\/\/www.suno.com.br\/noticias\/author\/redacao-suno\/"}]}},"default_loop_html":"<div class=\"cardsPage__listCard__boxs\"><div class=\"cardsPage__listCard__boxs__img\"><a href=\"https:\/\/www.suno.com.br\/noticias\/sabesp-sbsp3-privatizacao-estado-fatia-golden-share\/\"><img class=\"mask\" src=\"https:\/\/www.suno.com.br\/noticias\/wp-content\/themes\/suno\/resources\/images\/spotlight\/spotlight1img\/bg-mask.png\" alt=\"Image Mask\"\/><img src=\"https:\/\/files.sunoresearch.com.br\/n\/uploads\/2023\/09\/sabesp-sbsp3-400x200.jpg\" alt=\"Privatiza\u00e7\u00e3o da Sabesp (SBSP3): Estado ter\u00e1 &#8220;algo entre 15% e 30%&#8221; de fatia; projeto prev\u00ea golden share do governo e follow-on\"\/><\/a><span class=\"spotlightCategory\"><a href=\"https:\/\/www.suno.com.br\/noticias\/negocios\/\">Neg\u00f3cios<\/a><\/span><\/div><div class=\"cardsPage__listCard__boxs__content\"><a href=\"https:\/\/www.suno.com.br\/noticias\/sabesp-sbsp3-privatizacao-estado-fatia-golden-share\/\"><h2 class=\"content__title\">Privatiza\u00e7\u00e3o da Sabesp (SBSP3): Estado ter\u00e1 &#8220;algo entre 15% e 30%&#8221; de fatia; projeto prev\u00ea golden share do governo e follow-on<\/h2><\/a><div class=\"newsContent__article__meta\"><div class=\"newsContent__article__meta__authorBox\"><a href=\"https:\/\/www.suno.com.br\/noticias\/author\/giovanni-porfiriosuno-com-br\/\" class=\"authorBox__avatar noMobi\"><img src=\"https:\/\/files.sunoresearch.com.br\/n\/uploads\/2024\/05\/DSCF4115-1-1-150x150.webp\" alt=\"Giovanni Porf\u00edrio Jacomino\"><\/a><div class=\"authorBox__name\"><span>por\n\t\t\t<a href=\"https:\/\/www.suno.com.br\/noticias\/author\/giovanni-porfiriosuno-com-br\/\"><span itemprop=\"author\">Giovanni Porf\u00edrio Jacomino<\/span><\/a><\/span><time datetime=\"2023-10-17T22:41:36-03:00\" itemprop=\"datePublished\">17\/10\/2023 22:41<\/time><\/div><\/div><\/div><\/div><\/div>","single_layout":"posts","amp_enabled":true,"_links":{"self":[{"href":"https:\/\/www.suno.com.br\/noticias\/wp-json\/wp\/v2\/posts\/472377"}],"collection":[{"href":"https:\/\/www.suno.com.br\/noticias\/wp-json\/wp\/v2\/posts"}],"about":[{"href":"https:\/\/www.suno.com.br\/noticias\/wp-json\/wp\/v2\/types\/post"}],"author":[{"embeddable":true,"href":"https:\/\/www.suno.com.br\/noticias\/wp-json\/wp\/v2\/users\/43"}],"replies":[{"embeddable":true,"href":"https:\/\/www.suno.com.br\/noticias\/wp-json\/wp\/v2\/comments?post=472377"}],"version-history":[{"count":2,"href":"https:\/\/www.suno.com.br\/noticias\/wp-json\/wp\/v2\/posts\/472377\/revisions"}],"predecessor-version":[{"id":472461,"href":"https:\/\/www.suno.com.br\/noticias\/wp-json\/wp\/v2\/posts\/472377\/revisions\/472461"}],"wp:featuredmedia":[{"embeddable":true,"href":"https:\/\/www.suno.com.br\/noticias\/wp-json\/wp\/v2\/media\/452743"}],"wp:attachment":[{"href":"https:\/\/www.suno.com.br\/noticias\/wp-json\/wp\/v2\/media?parent=472377"}],"wp:term":[{"taxonomy":"category","embeddable":true,"href":"https:\/\/www.suno.com.br\/noticias\/wp-json\/wp\/v2\/categories?post=472377"},{"taxonomy":"post_tag","embeddable":true,"href":"https:\/\/www.suno.com.br\/noticias\/wp-json\/wp\/v2\/tags?post=472377"},{"taxonomy":"suno_strategy","embeddable":true,"href":"https:\/\/www.suno.com.br\/noticias\/wp-json\/wp\/v2\/suno_strategy?post=472377"}],"curies":[{"name":"wp","href":"https:\/\/api.w.org\/{rel}","templated":true}]}}