{"id":472236,"date":"2023-10-17T17:52:06","date_gmt":"2023-10-17T20:52:06","guid":{"rendered":"https:\/\/www.suno.com.br\/noticias\/?p=472236"},"modified":"2023-10-17T19:10:32","modified_gmt":"2023-10-17T22:10:32","slug":"fundos-de-previdencia-abrapp-renda-fixa-alocacao-evm","status":"publish","type":"post","link":"https:\/\/www.suno.com.br\/noticias\/fundos-de-previdencia-abrapp-renda-fixa-alocacao-evm\/","title":{"rendered":"Fundos de Previd\u00eancia complementar t\u00eam maior patamar de aloca\u00e7\u00e3o da hist\u00f3ria em renda fixa"},"content":{"rendered":"<p>Segundo informa\u00e7\u00f5es da Associa\u00e7\u00e3o Brasileira das Entidades Fechadas de Previd\u00eancia Complementar (Abrapp),os <a href=\"https:\/\/www.suno.com.br\/noticias\/fundos-tributacao-exclusivos-previdencia-privada-ar\/\">fundos de <strong>previd\u00eancia<\/strong><\/a> est\u00e3o com a maior aloca\u00e7\u00e3o em ativos de <a class=\"suno-keyword\" data-force=\"no\" data-priority=\"2\" href=\"https:\/\/www.suno.com.br\/guias\/investimento-renda-fixa\/\" target=\"_blank\" rel=\"noopener\">renda fixa<\/a> da hist\u00f3ria.<\/p><div class=\"videoFull \">\n\t\t\t<div class=\"videoWrapper yt-lazyload center\"\n\t\t\t\tdata-width=\"960\"\n\t\t\t\tdata-height=\"540\"\n\t\t\t\tdata-id=\"_6DF646Ewhw\"\n\t\t\t\tdata-alt=\"V\u00eddeo do YouTube - clique para reproduzir\"\n\t\t\t\tdata-logo=\"3\"\n\t\t\t\tdata-imagequality=\"maxres\">\n\t\t\t<\/div>\n\t\t<\/div><script type=\"application\/ld+json\">{\"@context\":\"https:\/\/schema.org\",\"@type\":\"VideoObject\",\"name\":\"PETROBRAS (PETR4) SOB INTERVEN\u00c7\u00c3O? | IBOVESPA SOBE | GPA (PCAR3) DISPARA\",\"description\":\"#livedas19h \ud83d\udd34\ud835\udc08\ud835\udc0d\ud835\udc12\ud835\udc02\ud835\udc11\ud835\udc04\ud835\udc15\ud835\udc00-\ud835\udc12\ud835\udc04 \ud835\udc0d\ud835\udc0e \ud835\udc02\ud835\udc00\ud835\udc0d\ud835\udc00\ud835\udc0b \ud835\udc04 \ud835\udc00\ud835\udc13\ud835\udc08\ud835\udc15\ud835\udc04 \ud835\udc0e \ud835\udc12\ud835\udc08\ud835\udc0d\ud835\udc0e \ud83d\udc47 https:\/\/bit.ly\/INSCREVA-SEATIVEOSINO O Ibovespa encerrou a sess\u00e3o de hoje (16) em alta de 0,67% aos 116.533,85 pontos, ap\u00f3s oscilar entre m\u00ednima de 115.759,93 e m\u00e1xima de 116.905,38. O volume financeiro do dia foi de R$ 17 bilh\u00f5es. No m\u00eas, o Ibovespa ainda busca zerar perda, agora em\u2026\",\"duration\":\"PT33M11S\",\"embedUrl\":\"https:\/\/www.youtube.com\/embed\/_6DF646Ewhw\",\"regionsAllowed\":\"pt-BR\",\"interactionStatistic\":{\"@type\":\"InteractionCounter\",\"interactionType\":{\"@type\":\"WatchAction\"},\"userInteractionCount\":8151},\"thumbnailUrl\":\"https:\/\/i.ytimg.com\/vi\/_6DF646Ewhw\/default.jpg\",\"uploadDate\":\"2023-10-16T22:39:47Z\"}<\/script>\n\n\n\n\n\t<p>\n\t\t<a href=\"https:\/\/lp.suno.com.br\/planilha-da-vida-financeira\/\" target=\"_blank\" data-element=\"shortcode-suno-banner\" title=\"Banner SUNO, clique e saiba mais\">\n\t\t\t<picture>\n\t\t\t\t<source media=\"(max-width: 500px)\" srcset=\"https:\/\/files.sunoresearch.com.br\/n\/uploads\/2023\/04\/400x300-Planilha-vida-financeira-true.png\">\n\t\t\t\t<img class=\"newsContent__article__imgCapa newsContent__article__imgCapa--banner\"\n\t\t\t\t\tsrc=\"https:\/\/files.sunoresearch.com.br\/n\/uploads\/2023\/04\/1420x240-Planilha-vida-financeira-true.png\"\n\t\t\t\t\tdata-promo-id=\"383123\"\t\t\t\t\t\t\t\t\t\twidth='1420' height='240'\t\t\t\t\talt=\"https:\/\/files.sunoresearch.com.br\/n\/uploads\/2023\/04\/1420x240-Planilha-vida-financeira-true.png\"\n\t\t\t\t>\n\t\t\t<\/picture>\n\t\t<\/a>\n\t<\/p>\n\n\n\n\n\n\n\n<p>Em coletiva nesta ter\u00e7a (17), Jarbas de Biasi, que preside a <strong>Abrapp<\/strong>, confirmou que o patamar de aloca\u00e7\u00e3o \u00e9 de cerca de 80%, representando o ent\u00e3o n\u00famero recorde.<\/p>\n\n\n\n<p>&#8220;De 2016 para c\u00e1, de fato \u00e9 o maior patamar que tivemos. Isso porque vemos v\u00e1rios t\u00edtulos [de <strong>renda fixa<\/strong>] com uma remunera\u00e7\u00e3o muito atrativa&#8221;, declarou.<\/p>\n\n\n\n<p>Na ocasi\u00e3o, Biasi disse que no cen\u00e1rio mais otimista poss\u00edvel, os<strong> fundos de previd\u00eancia<\/strong> devem fechar o ano de 2023 em d\u00e9ficit.<\/p>\n\n\n\n<p>&#8220;O <strong>d\u00e9ficit <\/strong>vai diminuir, \u00e9 um movimento natural, mas mesmo no melhor cen\u00e1rio ele n\u00e3o vai ser zerado&#8221;.<\/p>\n\n\n\n<p>O executivo ainda acrescentou que, mesmo se a tend\u00eancia se revertes, &#8220;um ou outro plano&#8221; devem ter d\u00e9ficit mesmo com o n\u00famero final consolidado zerando.<\/p>\n\n\n\n<p>A associa\u00e7\u00e3o tra\u00e7ou tr\u00eas cen\u00e1rios para 2023. No mais pessimista, a bolsa fecharia o ano a 90 mil pontos, e os fundos associados teriam rentabilidade de cerca de 9,3%. No cen\u00e1rio de &#8216;meio termo&#8217;, a bolsa fecharia a 118 mil pontos e a rentabilidade seria de 11,8%.<\/p>\n\n\n\n<p>O cen\u00e1rio mais otimista seria de Ibovespa a 133 mil pontos, que traria uma rentabilidade de 13,1%.<\/p>\n\n\n\t<p>\n\t\t<a href=\"https:\/\/lp.suno.com.br\/ebook-10-livros\/\" target=\"_blank\" data-element=\"shortcode-suno-banner\" title=\"Banner SUNO, clique e saiba mais\">\n\t\t\t<picture>\n\t\t\t\t<source media=\"(max-width: 500px)\" srcset=\"https:\/\/files.sunoresearch.com.br\/n\/uploads\/2023\/03\/400x300-10-livros.png\">\n\t\t\t\t<img class=\"newsContent__article__imgCapa newsContent__article__imgCapa--banner\"\n\t\t\t\t\tsrc=\"https:\/\/files.sunoresearch.com.br\/n\/uploads\/2023\/03\/1420x240-10-livros.png\"\n\t\t\t\t\tdata-promo-id=\"383159\"\t\t\t\t\t\t\t\t\t\twidth='1420' height='240'\t\t\t\t\talt=\"https:\/\/files.sunoresearch.com.br\/n\/uploads\/2023\/03\/1420x240-10-livros.png\"\n\t\t\t\t>\n\t\t\t<\/picture>\n\t\t<\/a>\n\t<\/p>\n\n\n\n\n\n<h2 class=\"wp-block-heading\">Regulamenta\u00e7\u00e3o de fundos de previd\u00eancia<\/h2>\n\n\n\n<p>Durante a coletiva, os executivo ainda defenderam reiteradas vezes que a regulamenta\u00e7\u00e3o atual deveria ser alterada.<\/p>\n\n\n\n<p>Atualmente a Previc (Superintend\u00eancia Nacional de Previd\u00eancia Complementar) atua como supervisora, contudo o Tribunal de Contas da Uni\u00e3o (TCU) tamb\u00e9m realiza a fiscaliza\u00e7\u00e3o.<\/p>\n\n\n\n<p>&#8220;N\u00e3o faz sentido ter fiscaliza\u00e7\u00e3o do TCU e da Previc. A quest\u00e3o n\u00e3o \u00e9 \u2018n\u00e3o querer ser fiscalizado\u2019, mas sim entender que h\u00e1 situa\u00e7\u00f5es em que se tem pareceres e orienta\u00e7\u00f5es diferentes entre as partes&#8221;, declarou o presidente da Abrapp.<\/p>\n\n\n\n<p>&#8220;Entendemos que quem tem compet\u00eancia para fiscalizar \u00e9 a Previc. O TCU pode fiscalizar as patrocinadoras, e tem compet\u00eancia para fiscalizar a pr\u00f3pria Previc&#8221;, concluiu o representante da associa\u00e7\u00e3o de fundos de <strong>previd\u00eancia <\/strong>complementar.<\/p>\n\n\n\t<p>\n\t\t<a href=\"https:\/\/lp.suno.com.br\/planilha-da-vida-financeira\/\" target=\"_blank\" data-element=\"shortcode-suno-banner\" title=\"Banner SUNO, clique e saiba mais\">\n\t\t\t<picture>\n\t\t\t\t<source media=\"(max-width: 500px)\" srcset=\"https:\/\/files.sunoresearch.com.br\/n\/uploads\/2023\/04\/400x300-Planilha-vida-financeira-true.png\">\n\t\t\t\t<img class=\"newsContent__article__imgCapa newsContent__article__imgCapa--banner\"\n\t\t\t\t\tsrc=\"https:\/\/files.sunoresearch.com.br\/n\/uploads\/2023\/04\/1420x240-Planilha-vida-financeira-true.png\"\n\t\t\t\t\tdata-promo-id=\"383123\"\t\t\t\t\t\t\t\t\t\twidth='1420' height='240'\t\t\t\t\talt=\"https:\/\/files.sunoresearch.com.br\/n\/uploads\/2023\/04\/1420x240-Planilha-vida-financeira-true.png\"\n\t\t\t\t>\n\t\t\t<\/picture>\n\t\t<\/a>\n\t<\/p>\n\n\n","protected":false},"excerpt":{"rendered":"<p>Segundo informa\u00e7\u00f5es da Associa\u00e7\u00e3o Brasileira das Entidades Fechadas de Previd\u00eancia Complementar (Abrapp),os fundos de previd\u00eancia est\u00e3o com a maior aloca\u00e7\u00e3o em ativos de renda fixa da hist\u00f3ria. Em coletiva nesta ter\u00e7a (17), Jarbas de Biasi, que preside a Abrapp, confirmou que o patamar de aloca\u00e7\u00e3o \u00e9 de cerca de 80%, representando o ent\u00e3o n\u00famero recorde. [&hellip;]<\/p>\n","protected":false},"author":73,"featured_media":472252,"comment_status":"closed","ping_status":"closed","sticky":false,"template":"","format":"standard","meta":[],"categories":[60],"tags":[313,106895],"suno_strategy":[],"class_list":["post-472236","post","type-post","status-publish","format-standard","has-post-thumbnail","hentry","category-mercado","tag-fundos-de-investimento","tag-previdencia"],"yoast_head":"<!-- This site is optimized with the Yoast SEO plugin v24.4 - https:\/\/yoast.com\/wordpress\/plugins\/seo\/ -->\n<title>Fundos de Previd\u00eancia t\u00eam maior patamar de aloca\u00e7\u00e3o da historia<\/title>\n<meta name=\"description\" content=\"Na ocasi\u00e3o, presidente da Abrapp disse que no cen\u00e1rio mais otimista poss\u00edvel, os fundos de previd\u00eancia devem fechar o ano de 2023 em d\u00e9ficit\" \/>\n<meta name=\"robots\" content=\"index, follow, max-snippet:-1, max-image-preview:large, max-video-preview:-1\" \/>\n<link rel=\"canonical\" href=\"https:\/\/www.suno.com.br\/noticias\/fundos-de-previdencia-abrapp-renda-fixa-alocacao-evm\/\" \/>\n<meta property=\"og:locale\" content=\"pt_BR\" \/>\n<meta property=\"og:type\" content=\"article\" \/>\n<meta property=\"og:title\" content=\"Fundos de Previd\u00eancia t\u00eam maior patamar de aloca\u00e7\u00e3o da historia\" \/>\n<meta property=\"og:description\" content=\"Na ocasi\u00e3o, presidente da Abrapp disse que no cen\u00e1rio mais otimista poss\u00edvel, os fundos de previd\u00eancia devem fechar o ano de 2023 em d\u00e9ficit\" \/>\n<meta property=\"og:url\" content=\"https:\/\/www.suno.com.br\/noticias\/fundos-de-previdencia-abrapp-renda-fixa-alocacao-evm\/\" \/>\n<meta property=\"og:site_name\" content=\"Suno Not\u00edcias\" \/>\n<meta property=\"article:publisher\" content=\"https:\/\/facebook.com\/sunoresearch\" \/>\n<meta property=\"og:image\" content=\"https:\/\/files.sunoresearch.com.br\/n\/uploads\/2023\/10\/jarbas-de-biagi.jpeg\" \/>\n\t<meta property=\"og:image:width\" content=\"1600\" \/>\n\t<meta property=\"og:image:height\" content=\"1066\" \/>\n\t<meta property=\"og:image:type\" content=\"image\/jpeg\" \/>\n<meta name=\"author\" content=\"Eduardo Vargas\" \/>\n<meta name=\"twitter:card\" content=\"summary_large_image\" \/>\n<meta name=\"twitter:creator\" content=\"@sunoresearch\" \/>\n<meta name=\"twitter:site\" content=\"@sunoresearch\" \/>\n<meta name=\"twitter:label1\" content=\"Escrito por\" \/>\n\t<meta name=\"twitter:data1\" content=\"Eduardo Vargas\" \/>\n\t<meta name=\"twitter:label2\" content=\"Est. tempo de leitura\" \/>\n\t<meta name=\"twitter:data2\" content=\"2 minutos\" \/>\n<script type=\"application\/ld+json\" class=\"yoast-schema-graph\">{\"@context\":\"https:\/\/schema.org\",\"@graph\":[{\"@type\":\"NewsArticle\",\"@id\":\"https:\/\/www.suno.com.br\/noticias\/fundos-de-previdencia-abrapp-renda-fixa-alocacao-evm\/#article\",\"isPartOf\":{\"@id\":\"https:\/\/www.suno.com.br\/noticias\/fundos-de-previdencia-abrapp-renda-fixa-alocacao-evm\/\"},\"author\":{\"name\":\"Eduardo Vargas\",\"@id\":\"https:\/\/www.suno.com.br\/noticias\/#\/schema\/person\/7f4d362bf3518e76090143ae77bb49a5\"},\"headline\":\"Fundos de Previd\u00eancia complementar t\u00eam maior patamar de aloca\u00e7\u00e3o da hist\u00f3ria em renda fixa\",\"datePublished\":\"2023-10-17T20:52:06+00:00\",\"dateModified\":\"2023-10-17T22:10:32+00:00\",\"mainEntityOfPage\":{\"@id\":\"https:\/\/www.suno.com.br\/noticias\/fundos-de-previdencia-abrapp-renda-fixa-alocacao-evm\/\"},\"wordCount\":391,\"publisher\":{\"@id\":\"https:\/\/www.suno.com.br\/noticias\/#organization\"},\"image\":{\"@id\":\"https:\/\/www.suno.com.br\/noticias\/fundos-de-previdencia-abrapp-renda-fixa-alocacao-evm\/#primaryimage\"},\"thumbnailUrl\":\"https:\/\/files.sunoresearch.com.br\/n\/uploads\/2023\/10\/jarbas-de-biagi.jpeg\",\"keywords\":[\"Fundos de investimento\",\"Previd\u00eancia\"],\"articleSection\":[\"Mercado\"],\"inLanguage\":\"pt-BR\"},{\"@type\":\"WebPage\",\"@id\":\"https:\/\/www.suno.com.br\/noticias\/fundos-de-previdencia-abrapp-renda-fixa-alocacao-evm\/\",\"url\":\"https:\/\/www.suno.com.br\/noticias\/fundos-de-previdencia-abrapp-renda-fixa-alocacao-evm\/\",\"name\":\"Fundos de Previd\u00eancia t\u00eam maior patamar de aloca\u00e7\u00e3o da historia\",\"isPartOf\":{\"@id\":\"https:\/\/www.suno.com.br\/noticias\/#website\"},\"primaryImageOfPage\":{\"@id\":\"https:\/\/www.suno.com.br\/noticias\/fundos-de-previdencia-abrapp-renda-fixa-alocacao-evm\/#primaryimage\"},\"image\":{\"@id\":\"https:\/\/www.suno.com.br\/noticias\/fundos-de-previdencia-abrapp-renda-fixa-alocacao-evm\/#primaryimage\"},\"thumbnailUrl\":\"https:\/\/files.sunoresearch.com.br\/n\/uploads\/2023\/10\/jarbas-de-biagi.jpeg\",\"datePublished\":\"2023-10-17T20:52:06+00:00\",\"dateModified\":\"2023-10-17T22:10:32+00:00\",\"description\":\"Na ocasi\u00e3o, presidente da Abrapp disse que no cen\u00e1rio mais otimista poss\u00edvel, os fundos de previd\u00eancia devem fechar o ano de 2023 em d\u00e9ficit\",\"breadcrumb\":{\"@id\":\"https:\/\/www.suno.com.br\/noticias\/fundos-de-previdencia-abrapp-renda-fixa-alocacao-evm\/#breadcrumb\"},\"inLanguage\":\"pt-BR\",\"potentialAction\":[{\"@type\":\"ReadAction\",\"target\":[\"https:\/\/www.suno.com.br\/noticias\/fundos-de-previdencia-abrapp-renda-fixa-alocacao-evm\/\"]}]},{\"@type\":\"ImageObject\",\"inLanguage\":\"pt-BR\",\"@id\":\"https:\/\/www.suno.com.br\/noticias\/fundos-de-previdencia-abrapp-renda-fixa-alocacao-evm\/#primaryimage\",\"url\":\"https:\/\/files.sunoresearch.com.br\/n\/uploads\/2023\/10\/jarbas-de-biagi.jpeg\",\"contentUrl\":\"https:\/\/files.sunoresearch.com.br\/n\/uploads\/2023\/10\/jarbas-de-biagi.jpeg\",\"width\":1600,\"height\":1066,\"caption\":\"Jarbas de Biagi, presidente da Abrapp - Foto: Reprodu\u00e7\u00e3o\/OAB-RJ\"},{\"@type\":\"BreadcrumbList\",\"@id\":\"https:\/\/www.suno.com.br\/noticias\/fundos-de-previdencia-abrapp-renda-fixa-alocacao-evm\/#breadcrumb\",\"itemListElement\":[{\"@type\":\"ListItem\",\"position\":1,\"name\":\"Not\u00edcias\",\"item\":\"https:\/\/www.suno.com.br\/noticias\/\"},{\"@type\":\"ListItem\",\"position\":2,\"name\":\"Mercado\",\"item\":\"https:\/\/www.suno.com.br\/noticias\/mercado\/\"},{\"@type\":\"ListItem\",\"position\":3,\"name\":\"Fundos de Previd\u00eancia complementar t\u00eam maior patamar de aloca\u00e7\u00e3o da hist\u00f3ria em renda fixa\"}]},{\"@type\":\"WebSite\",\"@id\":\"https:\/\/www.suno.com.br\/noticias\/#website\",\"url\":\"https:\/\/www.suno.com.br\/noticias\/\",\"name\":\"Suno Not\u00edcias\",\"description\":\"Seu portal de informa\u00e7\u00e3o sobre o mundo dos investimentos\",\"publisher\":{\"@id\":\"https:\/\/www.suno.com.br\/noticias\/#organization\"},\"potentialAction\":[{\"@type\":\"SearchAction\",\"target\":{\"@type\":\"EntryPoint\",\"urlTemplate\":\"https:\/\/www.suno.com.br\/noticias\/?s={search_term_string}\"},\"query-input\":{\"@type\":\"PropertyValueSpecification\",\"valueRequired\":true,\"valueName\":\"search_term_string\"}}],\"inLanguage\":\"pt-BR\"},{\"@type\":\"Organization\",\"@id\":\"https:\/\/www.suno.com.br\/noticias\/#organization\",\"name\":\"Suno Not\u00edcias\",\"url\":\"https:\/\/www.suno.com.br\/noticias\/\",\"logo\":{\"@type\":\"ImageObject\",\"inLanguage\":\"pt-BR\",\"@id\":\"https:\/\/www.suno.com.br\/noticias\/#\/schema\/logo\/image\/\",\"url\":\"https:\/\/files.sunoresearch.com.br\/n\/uploads\/2021\/09\/suno-logo.png\",\"contentUrl\":\"https:\/\/files.sunoresearch.com.br\/n\/uploads\/2021\/09\/suno-logo.png\",\"width\":180,\"height\":180,\"caption\":\"Suno Not\u00edcias\"},\"image\":{\"@id\":\"https:\/\/www.suno.com.br\/noticias\/#\/schema\/logo\/image\/\"},\"sameAs\":[\"https:\/\/facebook.com\/sunoresearch\",\"https:\/\/x.com\/sunoresearch\",\"https:\/\/www.instagram.com\/suno\",\"https:\/\/www.linkedin.com\/company\/suno-research\/\",\"https:\/\/www.youtube.com\/c\/sunoresearch\"]},{\"@type\":\"Person\",\"@id\":\"https:\/\/www.suno.com.br\/noticias\/#\/schema\/person\/7f4d362bf3518e76090143ae77bb49a5\",\"name\":\"Eduardo Vargas\",\"image\":{\"@type\":\"ImageObject\",\"inLanguage\":\"pt-BR\",\"@id\":\"https:\/\/www.suno.com.br\/noticias\/#\/schema\/person\/image\/\",\"url\":\"https:\/\/secure.gravatar.com\/avatar\/dac340933427a22924c9f99d1eb2e3f2?s=96&r=g\",\"contentUrl\":\"https:\/\/secure.gravatar.com\/avatar\/dac340933427a22924c9f99d1eb2e3f2?s=96&r=g\",\"caption\":\"Eduardo Vargas\"},\"description\":\"Jornalista formado pela UFSC, cobre macroeconomia, neg\u00f3cios e startups para o Suno Not\u00edcias, escrevendo principalmente not\u00edcias sobre o mercado financeiro e a bolsa de valores. No YouTube e no Instagram, \u00e9 respons\u00e1vel pela produ\u00e7\u00e3o de Reels e Shorts do Suno Not\u00edcias. Anteriormente, trabalhou cobrindo economia e cotidiano no ND+ e para o ND, maior jornal impresso de Santa Catarina. Cursou um semestre letivo de Estudos de M\u00eddia na Universidad de Buenos Aires.\",\"url\":\"https:\/\/www.suno.com.br\/noticias\/author\/eduardo-vargas\/\"}]}<\/script>\n<!-- \/ Yoast SEO plugin. -->","yoast_head_json":{"title":"Fundos de Previd\u00eancia t\u00eam maior patamar de aloca\u00e7\u00e3o da historia","description":"Na ocasi\u00e3o, presidente da Abrapp disse que no cen\u00e1rio mais otimista poss\u00edvel, os fundos de previd\u00eancia devem fechar o ano de 2023 em d\u00e9ficit","robots":{"index":"index","follow":"follow","max-snippet":"max-snippet:-1","max-image-preview":"max-image-preview:large","max-video-preview":"max-video-preview:-1"},"canonical":"https:\/\/www.suno.com.br\/noticias\/fundos-de-previdencia-abrapp-renda-fixa-alocacao-evm\/","og_locale":"pt_BR","og_type":"article","og_title":"Fundos de Previd\u00eancia t\u00eam maior patamar de aloca\u00e7\u00e3o da historia","og_description":"Na ocasi\u00e3o, presidente da Abrapp disse que no cen\u00e1rio mais otimista poss\u00edvel, os fundos de previd\u00eancia devem fechar o ano de 2023 em d\u00e9ficit","og_url":"https:\/\/www.suno.com.br\/noticias\/fundos-de-previdencia-abrapp-renda-fixa-alocacao-evm\/","og_site_name":"Suno Not\u00edcias","article_publisher":"https:\/\/facebook.com\/sunoresearch","og_image":[{"width":1600,"height":1066,"url":"https:\/\/files.sunoresearch.com.br\/n\/uploads\/2023\/10\/jarbas-de-biagi.jpeg","type":"image\/jpeg"}],"author":"Eduardo Vargas","twitter_card":"summary_large_image","twitter_creator":"@sunoresearch","twitter_site":"@sunoresearch","twitter_misc":{"Escrito por":"Eduardo Vargas","Est. tempo de leitura":"2 minutos"},"schema":{"@context":"https:\/\/schema.org","@graph":[{"@type":"NewsArticle","@id":"https:\/\/www.suno.com.br\/noticias\/fundos-de-previdencia-abrapp-renda-fixa-alocacao-evm\/#article","isPartOf":{"@id":"https:\/\/www.suno.com.br\/noticias\/fundos-de-previdencia-abrapp-renda-fixa-alocacao-evm\/"},"author":{"name":"Eduardo Vargas","@id":"https:\/\/www.suno.com.br\/noticias\/#\/schema\/person\/7f4d362bf3518e76090143ae77bb49a5"},"headline":"Fundos de Previd\u00eancia complementar t\u00eam maior patamar de aloca\u00e7\u00e3o da hist\u00f3ria em renda fixa","datePublished":"2023-10-17T20:52:06+00:00","dateModified":"2023-10-17T22:10:32+00:00","mainEntityOfPage":{"@id":"https:\/\/www.suno.com.br\/noticias\/fundos-de-previdencia-abrapp-renda-fixa-alocacao-evm\/"},"wordCount":391,"publisher":{"@id":"https:\/\/www.suno.com.br\/noticias\/#organization"},"image":{"@id":"https:\/\/www.suno.com.br\/noticias\/fundos-de-previdencia-abrapp-renda-fixa-alocacao-evm\/#primaryimage"},"thumbnailUrl":"https:\/\/files.sunoresearch.com.br\/n\/uploads\/2023\/10\/jarbas-de-biagi.jpeg","keywords":["Fundos de investimento","Previd\u00eancia"],"articleSection":["Mercado"],"inLanguage":"pt-BR"},{"@type":"WebPage","@id":"https:\/\/www.suno.com.br\/noticias\/fundos-de-previdencia-abrapp-renda-fixa-alocacao-evm\/","url":"https:\/\/www.suno.com.br\/noticias\/fundos-de-previdencia-abrapp-renda-fixa-alocacao-evm\/","name":"Fundos de Previd\u00eancia t\u00eam maior patamar de aloca\u00e7\u00e3o da historia","isPartOf":{"@id":"https:\/\/www.suno.com.br\/noticias\/#website"},"primaryImageOfPage":{"@id":"https:\/\/www.suno.com.br\/noticias\/fundos-de-previdencia-abrapp-renda-fixa-alocacao-evm\/#primaryimage"},"image":{"@id":"https:\/\/www.suno.com.br\/noticias\/fundos-de-previdencia-abrapp-renda-fixa-alocacao-evm\/#primaryimage"},"thumbnailUrl":"https:\/\/files.sunoresearch.com.br\/n\/uploads\/2023\/10\/jarbas-de-biagi.jpeg","datePublished":"2023-10-17T20:52:06+00:00","dateModified":"2023-10-17T22:10:32+00:00","description":"Na ocasi\u00e3o, presidente da Abrapp disse que no cen\u00e1rio mais otimista poss\u00edvel, os fundos de previd\u00eancia devem fechar o ano de 2023 em d\u00e9ficit","breadcrumb":{"@id":"https:\/\/www.suno.com.br\/noticias\/fundos-de-previdencia-abrapp-renda-fixa-alocacao-evm\/#breadcrumb"},"inLanguage":"pt-BR","potentialAction":[{"@type":"ReadAction","target":["https:\/\/www.suno.com.br\/noticias\/fundos-de-previdencia-abrapp-renda-fixa-alocacao-evm\/"]}]},{"@type":"ImageObject","inLanguage":"pt-BR","@id":"https:\/\/www.suno.com.br\/noticias\/fundos-de-previdencia-abrapp-renda-fixa-alocacao-evm\/#primaryimage","url":"https:\/\/files.sunoresearch.com.br\/n\/uploads\/2023\/10\/jarbas-de-biagi.jpeg","contentUrl":"https:\/\/files.sunoresearch.com.br\/n\/uploads\/2023\/10\/jarbas-de-biagi.jpeg","width":1600,"height":1066,"caption":"Jarbas de Biagi, presidente da Abrapp - Foto: Reprodu\u00e7\u00e3o\/OAB-RJ"},{"@type":"BreadcrumbList","@id":"https:\/\/www.suno.com.br\/noticias\/fundos-de-previdencia-abrapp-renda-fixa-alocacao-evm\/#breadcrumb","itemListElement":[{"@type":"ListItem","position":1,"name":"Not\u00edcias","item":"https:\/\/www.suno.com.br\/noticias\/"},{"@type":"ListItem","position":2,"name":"Mercado","item":"https:\/\/www.suno.com.br\/noticias\/mercado\/"},{"@type":"ListItem","position":3,"name":"Fundos de Previd\u00eancia complementar t\u00eam maior patamar de aloca\u00e7\u00e3o da hist\u00f3ria em renda fixa"}]},{"@type":"WebSite","@id":"https:\/\/www.suno.com.br\/noticias\/#website","url":"https:\/\/www.suno.com.br\/noticias\/","name":"Suno Not\u00edcias","description":"Seu portal de informa\u00e7\u00e3o sobre o mundo dos investimentos","publisher":{"@id":"https:\/\/www.suno.com.br\/noticias\/#organization"},"potentialAction":[{"@type":"SearchAction","target":{"@type":"EntryPoint","urlTemplate":"https:\/\/www.suno.com.br\/noticias\/?s={search_term_string}"},"query-input":{"@type":"PropertyValueSpecification","valueRequired":true,"valueName":"search_term_string"}}],"inLanguage":"pt-BR"},{"@type":"Organization","@id":"https:\/\/www.suno.com.br\/noticias\/#organization","name":"Suno Not\u00edcias","url":"https:\/\/www.suno.com.br\/noticias\/","logo":{"@type":"ImageObject","inLanguage":"pt-BR","@id":"https:\/\/www.suno.com.br\/noticias\/#\/schema\/logo\/image\/","url":"https:\/\/files.sunoresearch.com.br\/n\/uploads\/2021\/09\/suno-logo.png","contentUrl":"https:\/\/files.sunoresearch.com.br\/n\/uploads\/2021\/09\/suno-logo.png","width":180,"height":180,"caption":"Suno Not\u00edcias"},"image":{"@id":"https:\/\/www.suno.com.br\/noticias\/#\/schema\/logo\/image\/"},"sameAs":["https:\/\/facebook.com\/sunoresearch","https:\/\/x.com\/sunoresearch","https:\/\/www.instagram.com\/suno","https:\/\/www.linkedin.com\/company\/suno-research\/","https:\/\/www.youtube.com\/c\/sunoresearch"]},{"@type":"Person","@id":"https:\/\/www.suno.com.br\/noticias\/#\/schema\/person\/7f4d362bf3518e76090143ae77bb49a5","name":"Eduardo Vargas","image":{"@type":"ImageObject","inLanguage":"pt-BR","@id":"https:\/\/www.suno.com.br\/noticias\/#\/schema\/person\/image\/","url":"https:\/\/secure.gravatar.com\/avatar\/dac340933427a22924c9f99d1eb2e3f2?s=96&r=g","contentUrl":"https:\/\/secure.gravatar.com\/avatar\/dac340933427a22924c9f99d1eb2e3f2?s=96&r=g","caption":"Eduardo Vargas"},"description":"Jornalista formado pela UFSC, cobre macroeconomia, neg\u00f3cios e startups para o Suno Not\u00edcias, escrevendo principalmente not\u00edcias sobre o mercado financeiro e a bolsa de valores. No YouTube e no Instagram, \u00e9 respons\u00e1vel pela produ\u00e7\u00e3o de Reels e Shorts do Suno Not\u00edcias. Anteriormente, trabalhou cobrindo economia e cotidiano no ND+ e para o ND, maior jornal impresso de Santa Catarina. Cursou um semestre letivo de Estudos de M\u00eddia na Universidad de Buenos Aires.","url":"https:\/\/www.suno.com.br\/noticias\/author\/eduardo-vargas\/"}]}},"default_loop_html":"<div class=\"cardsPage__listCard__boxs\"><div class=\"cardsPage__listCard__boxs__img\"><a href=\"https:\/\/www.suno.com.br\/noticias\/fundos-de-previdencia-abrapp-renda-fixa-alocacao-evm\/\"><img class=\"mask\" src=\"https:\/\/www.suno.com.br\/noticias\/wp-content\/themes\/suno\/resources\/images\/spotlight\/spotlight1img\/bg-mask.png\" alt=\"Image Mask\"\/><img src=\"https:\/\/files.sunoresearch.com.br\/n\/uploads\/2023\/10\/jarbas-de-biagi-400x200.jpeg\" alt=\"Fundos de Previd\u00eancia complementar t\u00eam maior patamar de aloca\u00e7\u00e3o da hist\u00f3ria em renda fixa\"\/><\/a><span class=\"spotlightCategory\"><a href=\"https:\/\/www.suno.com.br\/noticias\/mercado\/\">Mercado<\/a><\/span><\/div><div class=\"cardsPage__listCard__boxs__content\"><a href=\"https:\/\/www.suno.com.br\/noticias\/fundos-de-previdencia-abrapp-renda-fixa-alocacao-evm\/\"><h2 class=\"content__title\">Fundos de Previd\u00eancia complementar t\u00eam maior patamar de aloca\u00e7\u00e3o da hist\u00f3ria em renda fixa<\/h2><\/a><div class=\"newsContent__article__meta\"><div class=\"newsContent__article__meta__authorBox\"><a href=\"https:\/\/www.suno.com.br\/noticias\/author\/eduardo-vargas\/\" class=\"authorBox__avatar noMobi\"><img src=\"https:\/\/secure.gravatar.com\/avatar\/dac340933427a22924c9f99d1eb2e3f2?s=96&#038;r=g\" alt=\"Eduardo Vargas\"><\/a><div class=\"authorBox__name\"><span>por\n\t\t\t<a href=\"https:\/\/www.suno.com.br\/noticias\/author\/eduardo-vargas\/\"><span itemprop=\"author\">Eduardo Vargas<\/span><\/a><\/span><time datetime=\"2023-10-17T17:52:06-03:00\" itemprop=\"datePublished\">17\/10\/2023 17:52<\/time><\/div><\/div><\/div><\/div><\/div>","single_layout":"posts","amp_enabled":true,"_links":{"self":[{"href":"https:\/\/www.suno.com.br\/noticias\/wp-json\/wp\/v2\/posts\/472236"}],"collection":[{"href":"https:\/\/www.suno.com.br\/noticias\/wp-json\/wp\/v2\/posts"}],"about":[{"href":"https:\/\/www.suno.com.br\/noticias\/wp-json\/wp\/v2\/types\/post"}],"author":[{"embeddable":true,"href":"https:\/\/www.suno.com.br\/noticias\/wp-json\/wp\/v2\/users\/73"}],"replies":[{"embeddable":true,"href":"https:\/\/www.suno.com.br\/noticias\/wp-json\/wp\/v2\/comments?post=472236"}],"version-history":[{"count":2,"href":"https:\/\/www.suno.com.br\/noticias\/wp-json\/wp\/v2\/posts\/472236\/revisions"}],"predecessor-version":[{"id":472345,"href":"https:\/\/www.suno.com.br\/noticias\/wp-json\/wp\/v2\/posts\/472236\/revisions\/472345"}],"wp:featuredmedia":[{"embeddable":true,"href":"https:\/\/www.suno.com.br\/noticias\/wp-json\/wp\/v2\/media\/472252"}],"wp:attachment":[{"href":"https:\/\/www.suno.com.br\/noticias\/wp-json\/wp\/v2\/media?parent=472236"}],"wp:term":[{"taxonomy":"category","embeddable":true,"href":"https:\/\/www.suno.com.br\/noticias\/wp-json\/wp\/v2\/categories?post=472236"},{"taxonomy":"post_tag","embeddable":true,"href":"https:\/\/www.suno.com.br\/noticias\/wp-json\/wp\/v2\/tags?post=472236"},{"taxonomy":"suno_strategy","embeddable":true,"href":"https:\/\/www.suno.com.br\/noticias\/wp-json\/wp\/v2\/suno_strategy?post=472236"}],"curies":[{"name":"wp","href":"https:\/\/api.w.org\/{rel}","templated":true}]}}