{"id":47211,"date":"2019-12-09T19:43:24","date_gmt":"2019-12-09T21:43:24","guid":{"rendered":"https:\/\/www.suno.com.br\/noticias\/?p=47211"},"modified":"2019-12-09T19:43:24","modified_gmt":"2019-12-09T21:43:24","slug":"ibovespa-fecha-queda-09122019","status":"publish","type":"post","link":"https:\/\/www.suno.com.br\/noticias\/ibovespa-fecha-queda-09122019\/","title":{"rendered":"Ibovespa fecha em queda de 0,13% a 110.977,227 pontos"},"content":{"rendered":"<p>O <a href=\"https:\/\/www.suno.com.br\/artigos\/b3\/\">Ibovespa<\/a> fechou, nesta segunda-feira (9), em queda. O <a href=\"https:\/\/www.suno.com.br\/artigos\/b3\/\"><strong>principal \u00edndice da Bolsa de Valores de<\/strong>\u00a0<strong>S\u00e3o Paulo (B3)<\/strong><\/a> teve <b>queda <\/b>de 0,13% a 110.977,227 pontos.<\/p>\t<div class=\"wrapper-featured-image\">\n\t\t<figure class=\"spotlightImg\">\n\n\t\t\t<picture>\n\t\t\t\t<source media=\"(max-width: 768px)\" srcset=\"https:\/\/files.sunoresearch.com.br\/n\/uploads\/2018\/10\/7ae388cb-ibovespa-2-400x200.webp\">\n\t\t\t\t<img loading=\"lazy\" decoding=\"async\" class=\"newsContent__article__imgCapa lazyloadDisabled newsContent__article__imgCapa--noCaption\" src=\"https:\/\/files.sunoresearch.com.br\/n\/uploads\/2018\/10\/7ae388cb-ibovespa-2-800x450.webp\" width=\"800\" height=\"450\" alt=\"Ibovespa fecha em queda de 0,13% a 110.977,227 pontos\" fetchpriority=high \/>\n\t\t\t<\/picture>\n\n\t\t\t<figcaption class=\"wp-caption-text wp-caption-text--hide\">O Ibovespa <\/figcaption>\n\t\t<\/figure>\n\t<\/div>\n\n\n\n<p>O <strong>Ibovespa<\/strong> registrou <b>queda <\/b>devido a v\u00e1rios fatores. Entre as not\u00edcias do dia, o Boletim Focus aumentou a previs\u00e3o do <strong>PIB<\/strong> para 2019.<\/p>\n<p>Al\u00e9m disso, foram destaques nesta segunda:<\/p>\n<ul>\n<li><strong>Gol<\/strong> prop\u00f5e incorpora\u00e7\u00e3o da <strong>Smiles<\/strong> com pr\u00eamio de 25% sobre as a\u00e7\u00f5es;<\/li>\n<li><strong>Construtora<\/strong> <strong>Mitre<\/strong> apresenta pedido de abertura de capital para a <strong>CVM;<\/strong><\/li>\n<li><strong>Fleury<\/strong> anuncia entrada no mercado de classe popular.<\/li>\n<\/ul>\n<h2>Boletim Focus<\/h2>\n<p>Os especialistas das 100 principais institui\u00e7\u00f5es financeiras do mercado brasileiro, que comp\u00f5em a elabora\u00e7\u00e3o do <a href=\"https:\/\/www.suno.com.br\/artigos\/relatorio-focus\/\">Boletim Focus<\/a>, alteraram, pela segunda semana seguida, a previs\u00e3o do <strong><a href=\"https:\/\/www.suno.com.br\/artigos\/pib-produto-interno-bruto\/\">Produto Interno Bruto (PIB)<\/a><\/strong> para este ano.<\/p>\n<p><a href=\"https:\/\/www.suno.com.br\/noticias\/boletim-focus-aumenta-previsao-pib\/\">Saiba mais: Boletim Focus aumenta previs\u00e3o do PIB para 2019<\/a><\/p>\n<p>Segundo as previs\u00f5es dos profissionais no <strong>Boletim Focus<\/strong>, ao final de 2019, a economia brasileira ter\u00e1 crescido 1,10% em 12 meses. H\u00e1 duas semanas, a previs\u00e3o era de um crescimento de 0,92%.<\/p>\n<h2>Smiles<\/h2>\n<p>A <strong>Gol<\/strong> (GOLL4), por meio de um comunicado enviado \u00e0 <a href=\"https:\/\/www.suno.com.br\/artigos\/cvm\/\">Comiss\u00e3o de Valores Mobili\u00e1rios (CVM)<\/a> na manh\u00e3 desta segunda, apresentou \u00e0 Smiles (SMLS3) uma proposta de reorganiza\u00e7\u00e3o societ\u00e1ria.<\/p>\n<p><a href=\"https:\/\/www.suno.com.br\/noticias\/gol-incorporacao-smiles-com-premio\/\">Saiba mais: Gol prop\u00f5e incorpora\u00e7\u00e3o da Smiles com pr\u00eamio de 25% sobre as a\u00e7\u00f5es<\/a><\/p>\n<p>Esse processo inclui a incorpora\u00e7\u00e3o das a\u00e7\u00f5es da <strong>Smiles<\/strong>, resultando na \u201cmigra\u00e7\u00e3o da base acion\u00e1ria da Smiles para a Gol\u201d. A proposta contempla um pr\u00eamio de 25% sobre o pre\u00e7o de fechamento da a\u00e7\u00e3o na \u00faltima sexta-feira (6) na <a href=\"https:\/\/www.suno.com.br\/artigos\/b3\/\">Bolsa de Valores de S\u00e3o Paulo (B3)<\/a>, de R$ 31,74.<\/p>\n<p>De acordo com os termos expostos no <a href=\"https:\/\/www.suno.com.br\/artigos\/fato-relevante\/\">fato relevante<\/a>, cada a\u00e7\u00e3o ordin\u00e1ria da Companhia de fidelidade ser\u00e1 trocada por 0,6319 a\u00e7\u00e3o preferencial da Gol e a R$ 16,54.<\/p>\n<h2>Construtora Mitre<\/h2>\n<p>A construtora Mitre apresentou \u00e0 <a href=\"https:\/\/www.suno.com.br\/artigos\/cvm\/\">Comiss\u00e3o de Valores Mobili\u00e1rios (<strong>CVM<\/strong>)<\/a> um pedido para realizar uma <a href=\"https:\/\/www.suno.com.br\/artigos\/vale-pena-investir-em-um-ipo\/\"><strong>oferta inicial de a\u00e7\u00f5es (IPO)<\/strong><\/a>. O documento foi enviado ao \u00f3rg\u00e3o regulador nesta segunda.<\/p>\n<p><a href=\"https:\/\/www.suno.com.br\/noticias\/construtora-mitre-apresenta-pedido-de-abertura-de-capital-para-a-cvm\/\">Saiba mais: Construtora Mitre apresenta pedido de abertura de capital para a CVM<\/a><\/p>\n<p>De acordo com o documento enviado pela <strong>Mitre<\/strong>, a medida incluir\u00e1 ofertas prim\u00e1ria e secund\u00e1ria de a\u00e7\u00f5es. A construtura informou ainda que quatro institui\u00e7\u00f5es financeiras ser\u00e3o respons\u00e1veis por coordenar a oferta, sendo elas:<\/p>\n<ul>\n<li><strong>Ita\u00fa BBA<\/strong>;<\/li>\n<li><strong>BTG Pactual<\/strong>;<\/li>\n<li><strong>Bradesco BBI<\/strong>;<\/li>\n<\/ul>\n<p>A empresa paulista informou que pretende utilizar os recursos levantados por meio da oferta para comprar terrenos, al\u00e9m de pagar custos de constru\u00e7\u00e3o e outras <a href=\"https:\/\/www.suno.com.br\/artigos\/despesas-operacionais\/\">despesas operacionais<\/a>. Ademais, segundo o documento, os acionistas Fabr\u00edcio Mitre, CEO da construtora desde 2008, e Jorge Mitre ser\u00e3o os vendedores da oferta secund\u00e1ria.<\/p>\n<h2>Fleury<\/h2>\n<p>A Fleury (<strong>FLRY3<\/strong>) anunciou nesta segunda que passar\u00e1 a operar no mercado da classe popular atrav\u00e9s de um <strong>laborat\u00f3rio digital<\/strong>.<\/p>\n<p><a href=\"https:\/\/www.suno.com.br\/noticias\/fleury-anuncia-entrada-mercado-classe-popular\/\">Saiba mais: Fleury anuncia entrada no mercado de classe popular<\/a><\/p>\n<p>Por meio de um aplicativo ser\u00e1 poss\u00edvel realizar o agendamento e envio dos pedidos m\u00e9dicos. Exames de an\u00e1lises cl\u00ednicas ser\u00e3o realizadas na pr\u00f3pria resid\u00eancia ou outro local de prefer\u00eancia do paciente, segundo a <strong>Fleury<\/strong>.<\/p>\n<p>[<span style=\"font-size: 1.21429rem;\">obi_random_banners<\/span><span style=\"font-size: 1.21429rem;\">]<\/span><\/p>\n<p>\u201cH\u00e1 um mercado potencial de 2,6 milh\u00f5es de pessoas que n\u00e3o atendemos. Vamos ter uma estrutura muito competitiva, que n\u00e3o demanda custos elevados. Al\u00e9m disso, j\u00e1 temos uma plataforma, que \u00e9 usada pelo servi\u00e7o Fleury em casa, e muita experi\u00eancia em atendimento domiciliar\u201d, afirmou Carlos Marinelli, <a href=\"https:\/\/www.suno.com.br\/artigos\/ceo\/\">CEO<\/a> do <strong>Grupo Fleury<\/strong>.<\/p>\n<h2>\u00daltima cota\u00e7\u00e3o do Ibovespa<\/h2>\n<p>Na \u00faltima sess\u00e3o, sexta-feira (6), o <strong><a href=\"https:\/\/www.youtube.com\/watch?v=rA935r6JZPQ\">Ibovespa<\/a> <\/strong>encerrou o preg\u00e3o em alta de 0,46% a 111.125,75 pontos.<\/p>\n","protected":false},"excerpt":{"rendered":"<p>O Ibovespa fechou, nesta segunda-feira (9), em queda. O principal \u00edndice da Bolsa de Valores de\u00a0S\u00e3o Paulo (B3) teve queda de 0,13% a 110.977,227 pontos. O Ibovespa O Ibovespa registrou queda devido a v\u00e1rios fatores. Entre as not\u00edcias do dia, o Boletim Focus aumentou a previs\u00e3o do PIB para 2019. Al\u00e9m disso, foram destaques nesta [&hellip;]<\/p>\n","protected":false},"author":23,"featured_media":4749,"comment_status":"closed","ping_status":"closed","sticky":false,"template":"","format":"standard","meta":[],"categories":[60],"tags":[367,479,721,2315],"suno_strategy":[],"class_list":["post-47211","post","type-post","status-publish","format-standard","has-post-thumbnail","hentry","category-mercado","tag-b3-b3sa3","tag-fleury-flry3","tag-ibovespa","tag-mitre-mtre3"],"yoast_head":"<!-- This site is optimized with the Yoast SEO plugin v24.4 - https:\/\/yoast.com\/wordpress\/plugins\/seo\/ -->\n<title>Ibovespa fecha em queda de 0,13% a 110.977,227 pontos<\/title>\n<meta name=\"description\" content=\"O Ibovespa fechou em queda. O principal \u00edndice da Bolsa de Valores de\u00a0S\u00e3o Paulo teve queda de 0,13% a 110.977,227 pontos. Clique para mais.\" \/>\n<meta name=\"robots\" content=\"index, follow, max-snippet:-1, max-image-preview:large, max-video-preview:-1\" \/>\n<link rel=\"canonical\" href=\"https:\/\/www.suno.com.br\/noticias\/ibovespa-fecha-queda-09122019\/\" \/>\n<meta property=\"og:locale\" content=\"pt_BR\" \/>\n<meta property=\"og:type\" content=\"article\" \/>\n<meta property=\"og:title\" content=\"Ibovespa fecha em queda de 0,13% a 110.977,227 pontos\" \/>\n<meta property=\"og:description\" content=\"O Ibovespa fechou em queda. O principal \u00edndice da Bolsa de Valores de\u00a0S\u00e3o Paulo teve queda de 0,13% a 110.977,227 pontos. Clique para mais.\" \/>\n<meta property=\"og:url\" content=\"https:\/\/www.suno.com.br\/noticias\/ibovespa-fecha-queda-09122019\/\" \/>\n<meta property=\"og:site_name\" content=\"Suno Not\u00edcias\" \/>\n<meta property=\"article:publisher\" content=\"https:\/\/facebook.com\/sunoresearch\" \/>\n<meta property=\"og:image\" content=\"https:\/\/files.sunoresearch.com.br\/n\/uploads\/2018\/10\/7ae388cb-ibovespa-2.jpg\" \/>\n\t<meta property=\"og:image:width\" content=\"1920\" \/>\n\t<meta property=\"og:image:height\" content=\"1078\" \/>\n\t<meta property=\"og:image:type\" content=\"image\/jpeg\" \/>\n<meta name=\"author\" content=\"Rafael Lara\" \/>\n<meta name=\"twitter:card\" content=\"summary_large_image\" \/>\n<meta name=\"twitter:creator\" content=\"@sunoresearch\" \/>\n<meta name=\"twitter:site\" content=\"@sunoresearch\" \/>\n<meta name=\"twitter:label1\" content=\"Escrito por\" \/>\n\t<meta name=\"twitter:data1\" content=\"Rafael Lara\" \/>\n\t<meta name=\"twitter:label2\" content=\"Est. tempo de leitura\" \/>\n\t<meta name=\"twitter:data2\" content=\"3 minutos\" \/>\n<script type=\"application\/ld+json\" class=\"yoast-schema-graph\">{\"@context\":\"https:\/\/schema.org\",\"@graph\":[{\"@type\":\"NewsArticle\",\"@id\":\"https:\/\/www.suno.com.br\/noticias\/ibovespa-fecha-queda-09122019\/#article\",\"isPartOf\":{\"@id\":\"https:\/\/www.suno.com.br\/noticias\/ibovespa-fecha-queda-09122019\/\"},\"author\":{\"name\":\"Rafael Lara\",\"@id\":\"https:\/\/www.suno.com.br\/noticias\/#\/schema\/person\/098743caeed97b37f51315c9576c4078\"},\"headline\":\"Ibovespa fecha em queda de 0,13% a 110.977,227 pontos\",\"datePublished\":\"2019-12-09T21:43:24+00:00\",\"mainEntityOfPage\":{\"@id\":\"https:\/\/www.suno.com.br\/noticias\/ibovespa-fecha-queda-09122019\/\"},\"wordCount\":605,\"publisher\":{\"@id\":\"https:\/\/www.suno.com.br\/noticias\/#organization\"},\"image\":{\"@id\":\"https:\/\/www.suno.com.br\/noticias\/ibovespa-fecha-queda-09122019\/#primaryimage\"},\"thumbnailUrl\":\"https:\/\/files.sunoresearch.com.br\/n\/uploads\/2018\/10\/7ae388cb-ibovespa-2-jpg.webp\",\"keywords\":[\"B3 (B3SA3)\",\"Fleury (FLRY3)\",\"Ibovespa\",\"Mitre (MTRE3)\"],\"articleSection\":[\"Mercado\"],\"inLanguage\":\"pt-BR\"},{\"@type\":\"WebPage\",\"@id\":\"https:\/\/www.suno.com.br\/noticias\/ibovespa-fecha-queda-09122019\/\",\"url\":\"https:\/\/www.suno.com.br\/noticias\/ibovespa-fecha-queda-09122019\/\",\"name\":\"Ibovespa fecha em queda de 0,13% a 110.977,227 pontos\",\"isPartOf\":{\"@id\":\"https:\/\/www.suno.com.br\/noticias\/#website\"},\"primaryImageOfPage\":{\"@id\":\"https:\/\/www.suno.com.br\/noticias\/ibovespa-fecha-queda-09122019\/#primaryimage\"},\"image\":{\"@id\":\"https:\/\/www.suno.com.br\/noticias\/ibovespa-fecha-queda-09122019\/#primaryimage\"},\"thumbnailUrl\":\"https:\/\/files.sunoresearch.com.br\/n\/uploads\/2018\/10\/7ae388cb-ibovespa-2-jpg.webp\",\"datePublished\":\"2019-12-09T21:43:24+00:00\",\"description\":\"O Ibovespa fechou em queda. O principal \u00edndice da Bolsa de Valores de\u00a0S\u00e3o Paulo teve queda de 0,13% a 110.977,227 pontos. Clique para mais.\",\"breadcrumb\":{\"@id\":\"https:\/\/www.suno.com.br\/noticias\/ibovespa-fecha-queda-09122019\/#breadcrumb\"},\"inLanguage\":\"pt-BR\",\"potentialAction\":[{\"@type\":\"ReadAction\",\"target\":[\"https:\/\/www.suno.com.br\/noticias\/ibovespa-fecha-queda-09122019\/\"]}]},{\"@type\":\"ImageObject\",\"inLanguage\":\"pt-BR\",\"@id\":\"https:\/\/www.suno.com.br\/noticias\/ibovespa-fecha-queda-09122019\/#primaryimage\",\"url\":\"https:\/\/files.sunoresearch.com.br\/n\/uploads\/2018\/10\/7ae388cb-ibovespa-2-jpg.webp\",\"contentUrl\":\"https:\/\/files.sunoresearch.com.br\/n\/uploads\/2018\/10\/7ae388cb-ibovespa-2-jpg.webp\",\"width\":1920,\"height\":1078,\"caption\":\"O Ibovespa\"},{\"@type\":\"BreadcrumbList\",\"@id\":\"https:\/\/www.suno.com.br\/noticias\/ibovespa-fecha-queda-09122019\/#breadcrumb\",\"itemListElement\":[{\"@type\":\"ListItem\",\"position\":1,\"name\":\"Not\u00edcias\",\"item\":\"https:\/\/www.suno.com.br\/noticias\/\"},{\"@type\":\"ListItem\",\"position\":2,\"name\":\"Mercado\",\"item\":\"https:\/\/www.suno.com.br\/noticias\/mercado\/\"},{\"@type\":\"ListItem\",\"position\":3,\"name\":\"Ibovespa fecha em queda de 0,13% a 110.977,227 pontos\"}]},{\"@type\":\"WebSite\",\"@id\":\"https:\/\/www.suno.com.br\/noticias\/#website\",\"url\":\"https:\/\/www.suno.com.br\/noticias\/\",\"name\":\"Suno Not\u00edcias\",\"description\":\"Seu portal de informa\u00e7\u00e3o sobre o mundo dos investimentos\",\"publisher\":{\"@id\":\"https:\/\/www.suno.com.br\/noticias\/#organization\"},\"potentialAction\":[{\"@type\":\"SearchAction\",\"target\":{\"@type\":\"EntryPoint\",\"urlTemplate\":\"https:\/\/www.suno.com.br\/noticias\/?s={search_term_string}\"},\"query-input\":{\"@type\":\"PropertyValueSpecification\",\"valueRequired\":true,\"valueName\":\"search_term_string\"}}],\"inLanguage\":\"pt-BR\"},{\"@type\":\"Organization\",\"@id\":\"https:\/\/www.suno.com.br\/noticias\/#organization\",\"name\":\"Suno Not\u00edcias\",\"url\":\"https:\/\/www.suno.com.br\/noticias\/\",\"logo\":{\"@type\":\"ImageObject\",\"inLanguage\":\"pt-BR\",\"@id\":\"https:\/\/www.suno.com.br\/noticias\/#\/schema\/logo\/image\/\",\"url\":\"https:\/\/files.sunoresearch.com.br\/n\/uploads\/2021\/09\/suno-logo.png\",\"contentUrl\":\"https:\/\/files.sunoresearch.com.br\/n\/uploads\/2021\/09\/suno-logo.png\",\"width\":180,\"height\":180,\"caption\":\"Suno Not\u00edcias\"},\"image\":{\"@id\":\"https:\/\/www.suno.com.br\/noticias\/#\/schema\/logo\/image\/\"},\"sameAs\":[\"https:\/\/facebook.com\/sunoresearch\",\"https:\/\/x.com\/sunoresearch\",\"https:\/\/www.instagram.com\/suno\",\"https:\/\/www.linkedin.com\/company\/suno-research\/\",\"https:\/\/www.youtube.com\/c\/sunoresearch\"]},{\"@type\":\"Person\",\"@id\":\"https:\/\/www.suno.com.br\/noticias\/#\/schema\/person\/098743caeed97b37f51315c9576c4078\",\"name\":\"Rafael Lara\",\"image\":{\"@type\":\"ImageObject\",\"inLanguage\":\"pt-BR\",\"@id\":\"https:\/\/www.suno.com.br\/noticias\/#\/schema\/person\/image\/\",\"url\":\"https:\/\/secure.gravatar.com\/avatar\/dfc254ab9bb2ea1895d98b9e9dae4bdd?s=96&r=g\",\"contentUrl\":\"https:\/\/secure.gravatar.com\/avatar\/dfc254ab9bb2ea1895d98b9e9dae4bdd?s=96&r=g\",\"caption\":\"Rafael Lara\"},\"description\":\"Rafael Lara cursa jornalismo na Faculdade C\u00e1sper L\u00edbero. Escreve sobre pol\u00edtica, economia e neg\u00f3cios para o portal Suno Not\u00edcias. Antes, colaborou na TV Gazeta na produ\u00e7\u00e3o do programa Edi\u00e7\u00e3o Extra.\",\"url\":\"https:\/\/www.suno.com.br\/noticias\/author\/rafael\/\"}]}<\/script>\n<!-- \/ Yoast SEO plugin. -->","yoast_head_json":{"title":"Ibovespa fecha em queda de 0,13% a 110.977,227 pontos","description":"O Ibovespa fechou em queda. O principal \u00edndice da Bolsa de Valores de\u00a0S\u00e3o Paulo teve queda de 0,13% a 110.977,227 pontos. Clique para mais.","robots":{"index":"index","follow":"follow","max-snippet":"max-snippet:-1","max-image-preview":"max-image-preview:large","max-video-preview":"max-video-preview:-1"},"canonical":"https:\/\/www.suno.com.br\/noticias\/ibovespa-fecha-queda-09122019\/","og_locale":"pt_BR","og_type":"article","og_title":"Ibovespa fecha em queda de 0,13% a 110.977,227 pontos","og_description":"O Ibovespa fechou em queda. O principal \u00edndice da Bolsa de Valores de\u00a0S\u00e3o Paulo teve queda de 0,13% a 110.977,227 pontos. Clique para mais.","og_url":"https:\/\/www.suno.com.br\/noticias\/ibovespa-fecha-queda-09122019\/","og_site_name":"Suno Not\u00edcias","article_publisher":"https:\/\/facebook.com\/sunoresearch","og_image":[{"width":1920,"height":1078,"url":"https:\/\/files.sunoresearch.com.br\/n\/uploads\/2018\/10\/7ae388cb-ibovespa-2.jpg","type":"image\/jpeg"}],"author":"Rafael Lara","twitter_card":"summary_large_image","twitter_creator":"@sunoresearch","twitter_site":"@sunoresearch","twitter_misc":{"Escrito por":"Rafael Lara","Est. tempo de leitura":"3 minutos"},"schema":{"@context":"https:\/\/schema.org","@graph":[{"@type":"NewsArticle","@id":"https:\/\/www.suno.com.br\/noticias\/ibovespa-fecha-queda-09122019\/#article","isPartOf":{"@id":"https:\/\/www.suno.com.br\/noticias\/ibovespa-fecha-queda-09122019\/"},"author":{"name":"Rafael Lara","@id":"https:\/\/www.suno.com.br\/noticias\/#\/schema\/person\/098743caeed97b37f51315c9576c4078"},"headline":"Ibovespa fecha em queda de 0,13% a 110.977,227 pontos","datePublished":"2019-12-09T21:43:24+00:00","mainEntityOfPage":{"@id":"https:\/\/www.suno.com.br\/noticias\/ibovespa-fecha-queda-09122019\/"},"wordCount":605,"publisher":{"@id":"https:\/\/www.suno.com.br\/noticias\/#organization"},"image":{"@id":"https:\/\/www.suno.com.br\/noticias\/ibovespa-fecha-queda-09122019\/#primaryimage"},"thumbnailUrl":"https:\/\/files.sunoresearch.com.br\/n\/uploads\/2018\/10\/7ae388cb-ibovespa-2-jpg.webp","keywords":["B3 (B3SA3)","Fleury (FLRY3)","Ibovespa","Mitre (MTRE3)"],"articleSection":["Mercado"],"inLanguage":"pt-BR"},{"@type":"WebPage","@id":"https:\/\/www.suno.com.br\/noticias\/ibovespa-fecha-queda-09122019\/","url":"https:\/\/www.suno.com.br\/noticias\/ibovespa-fecha-queda-09122019\/","name":"Ibovespa fecha em queda de 0,13% a 110.977,227 pontos","isPartOf":{"@id":"https:\/\/www.suno.com.br\/noticias\/#website"},"primaryImageOfPage":{"@id":"https:\/\/www.suno.com.br\/noticias\/ibovespa-fecha-queda-09122019\/#primaryimage"},"image":{"@id":"https:\/\/www.suno.com.br\/noticias\/ibovespa-fecha-queda-09122019\/#primaryimage"},"thumbnailUrl":"https:\/\/files.sunoresearch.com.br\/n\/uploads\/2018\/10\/7ae388cb-ibovespa-2-jpg.webp","datePublished":"2019-12-09T21:43:24+00:00","description":"O Ibovespa fechou em queda. O principal \u00edndice da Bolsa de Valores de\u00a0S\u00e3o Paulo teve queda de 0,13% a 110.977,227 pontos. Clique para mais.","breadcrumb":{"@id":"https:\/\/www.suno.com.br\/noticias\/ibovespa-fecha-queda-09122019\/#breadcrumb"},"inLanguage":"pt-BR","potentialAction":[{"@type":"ReadAction","target":["https:\/\/www.suno.com.br\/noticias\/ibovespa-fecha-queda-09122019\/"]}]},{"@type":"ImageObject","inLanguage":"pt-BR","@id":"https:\/\/www.suno.com.br\/noticias\/ibovespa-fecha-queda-09122019\/#primaryimage","url":"https:\/\/files.sunoresearch.com.br\/n\/uploads\/2018\/10\/7ae388cb-ibovespa-2-jpg.webp","contentUrl":"https:\/\/files.sunoresearch.com.br\/n\/uploads\/2018\/10\/7ae388cb-ibovespa-2-jpg.webp","width":1920,"height":1078,"caption":"O Ibovespa"},{"@type":"BreadcrumbList","@id":"https:\/\/www.suno.com.br\/noticias\/ibovespa-fecha-queda-09122019\/#breadcrumb","itemListElement":[{"@type":"ListItem","position":1,"name":"Not\u00edcias","item":"https:\/\/www.suno.com.br\/noticias\/"},{"@type":"ListItem","position":2,"name":"Mercado","item":"https:\/\/www.suno.com.br\/noticias\/mercado\/"},{"@type":"ListItem","position":3,"name":"Ibovespa fecha em queda de 0,13% a 110.977,227 pontos"}]},{"@type":"WebSite","@id":"https:\/\/www.suno.com.br\/noticias\/#website","url":"https:\/\/www.suno.com.br\/noticias\/","name":"Suno Not\u00edcias","description":"Seu portal de informa\u00e7\u00e3o sobre o mundo dos investimentos","publisher":{"@id":"https:\/\/www.suno.com.br\/noticias\/#organization"},"potentialAction":[{"@type":"SearchAction","target":{"@type":"EntryPoint","urlTemplate":"https:\/\/www.suno.com.br\/noticias\/?s={search_term_string}"},"query-input":{"@type":"PropertyValueSpecification","valueRequired":true,"valueName":"search_term_string"}}],"inLanguage":"pt-BR"},{"@type":"Organization","@id":"https:\/\/www.suno.com.br\/noticias\/#organization","name":"Suno Not\u00edcias","url":"https:\/\/www.suno.com.br\/noticias\/","logo":{"@type":"ImageObject","inLanguage":"pt-BR","@id":"https:\/\/www.suno.com.br\/noticias\/#\/schema\/logo\/image\/","url":"https:\/\/files.sunoresearch.com.br\/n\/uploads\/2021\/09\/suno-logo.png","contentUrl":"https:\/\/files.sunoresearch.com.br\/n\/uploads\/2021\/09\/suno-logo.png","width":180,"height":180,"caption":"Suno Not\u00edcias"},"image":{"@id":"https:\/\/www.suno.com.br\/noticias\/#\/schema\/logo\/image\/"},"sameAs":["https:\/\/facebook.com\/sunoresearch","https:\/\/x.com\/sunoresearch","https:\/\/www.instagram.com\/suno","https:\/\/www.linkedin.com\/company\/suno-research\/","https:\/\/www.youtube.com\/c\/sunoresearch"]},{"@type":"Person","@id":"https:\/\/www.suno.com.br\/noticias\/#\/schema\/person\/098743caeed97b37f51315c9576c4078","name":"Rafael Lara","image":{"@type":"ImageObject","inLanguage":"pt-BR","@id":"https:\/\/www.suno.com.br\/noticias\/#\/schema\/person\/image\/","url":"https:\/\/secure.gravatar.com\/avatar\/dfc254ab9bb2ea1895d98b9e9dae4bdd?s=96&r=g","contentUrl":"https:\/\/secure.gravatar.com\/avatar\/dfc254ab9bb2ea1895d98b9e9dae4bdd?s=96&r=g","caption":"Rafael Lara"},"description":"Rafael Lara cursa jornalismo na Faculdade C\u00e1sper L\u00edbero. Escreve sobre pol\u00edtica, economia e neg\u00f3cios para o portal Suno Not\u00edcias. Antes, colaborou na TV Gazeta na produ\u00e7\u00e3o do programa Edi\u00e7\u00e3o Extra.","url":"https:\/\/www.suno.com.br\/noticias\/author\/rafael\/"}]}},"default_loop_html":"<div class=\"cardsPage__listCard__boxs\"><div class=\"cardsPage__listCard__boxs__img\"><a href=\"https:\/\/www.suno.com.br\/noticias\/ibovespa-fecha-queda-09122019\/\"><img class=\"mask\" src=\"https:\/\/www.suno.com.br\/noticias\/wp-content\/themes\/suno\/resources\/images\/spotlight\/spotlight1img\/bg-mask.png\" alt=\"Image Mask\"\/><img src=\"https:\/\/files.sunoresearch.com.br\/n\/uploads\/2018\/10\/7ae388cb-ibovespa-2-400x200.webp\" alt=\"Ibovespa fecha em queda de 0,13% a 110.977,227 pontos\"\/><\/a><span class=\"spotlightCategory\"><a href=\"https:\/\/www.suno.com.br\/noticias\/mercado\/\">Mercado<\/a><\/span><\/div><div class=\"cardsPage__listCard__boxs__content\"><a href=\"https:\/\/www.suno.com.br\/noticias\/ibovespa-fecha-queda-09122019\/\"><h2 class=\"content__title\">Ibovespa fecha em queda de 0,13% a 110.977,227 pontos<\/h2><\/a><div class=\"newsContent__article__meta\"><div class=\"newsContent__article__meta__authorBox\"><a href=\"https:\/\/www.suno.com.br\/noticias\/author\/rafael\/\" class=\"authorBox__avatar noMobi\"><img src=\"https:\/\/secure.gravatar.com\/avatar\/dfc254ab9bb2ea1895d98b9e9dae4bdd?s=96&#038;r=g\" alt=\"Rafael Lara\"><\/a><div class=\"authorBox__name\"><span>por\n\t\t\t<a href=\"https:\/\/www.suno.com.br\/noticias\/author\/rafael\/\"><span itemprop=\"author\">Rafael Lara<\/span><\/a><\/span><time datetime=\"2019-12-09T19:43:24-03:00\" itemprop=\"datePublished\">09\/12\/2019 19:43<\/time><\/div><\/div><\/div><\/div><\/div>","single_layout":"posts","amp_enabled":true,"_links":{"self":[{"href":"https:\/\/www.suno.com.br\/noticias\/wp-json\/wp\/v2\/posts\/47211"}],"collection":[{"href":"https:\/\/www.suno.com.br\/noticias\/wp-json\/wp\/v2\/posts"}],"about":[{"href":"https:\/\/www.suno.com.br\/noticias\/wp-json\/wp\/v2\/types\/post"}],"author":[{"embeddable":true,"href":"https:\/\/www.suno.com.br\/noticias\/wp-json\/wp\/v2\/users\/23"}],"replies":[{"embeddable":true,"href":"https:\/\/www.suno.com.br\/noticias\/wp-json\/wp\/v2\/comments?post=47211"}],"version-history":[{"count":0,"href":"https:\/\/www.suno.com.br\/noticias\/wp-json\/wp\/v2\/posts\/47211\/revisions"}],"wp:featuredmedia":[{"embeddable":true,"href":"https:\/\/www.suno.com.br\/noticias\/wp-json\/wp\/v2\/media\/4749"}],"wp:attachment":[{"href":"https:\/\/www.suno.com.br\/noticias\/wp-json\/wp\/v2\/media?parent=47211"}],"wp:term":[{"taxonomy":"category","embeddable":true,"href":"https:\/\/www.suno.com.br\/noticias\/wp-json\/wp\/v2\/categories?post=47211"},{"taxonomy":"post_tag","embeddable":true,"href":"https:\/\/www.suno.com.br\/noticias\/wp-json\/wp\/v2\/tags?post=47211"},{"taxonomy":"suno_strategy","embeddable":true,"href":"https:\/\/www.suno.com.br\/noticias\/wp-json\/wp\/v2\/suno_strategy?post=47211"}],"curies":[{"name":"wp","href":"https:\/\/api.w.org\/{rel}","templated":true}]}}