{"id":472048,"date":"2023-10-17T14:16:12","date_gmt":"2023-10-17T17:16:12","guid":{"rendered":"https:\/\/www.suno.com.br\/noticias\/?p=472048"},"modified":"2023-10-17T14:16:21","modified_gmt":"2023-10-17T17:16:21","slug":"vale-vale3-areia-sustentavel-agera-gpj","status":"publish","type":"post","link":"https:\/\/www.suno.com.br\/noticias\/vale-vale3-areia-sustentavel-agera-gpj\/","title":{"rendered":"Vale (VALE3) lan\u00e7a empresa para desenvolver e comercializar areia produzida com o tratamento de rejeitos de minera\u00e7\u00e3o"},"content":{"rendered":"<p>A&nbsp;<a href=\"https:\/\/www.suno.com.br\/acoes\/VALE3\/\" target=\"_blank\" rel=\"noreferrer noopener\"><strong>Vale<\/strong>&nbsp;(VALE3)<\/a> apresentou nesta ter\u00e7a-feira (17) a Agera, empresa criada para desenvolver e ampliar seu neg\u00f3cio de areia sustent\u00e1vel. Com sede em Nova Lima (MG), a Agera recebe a areia produzida a partir do tratamento dos rejeitos gerados pelas opera\u00e7\u00f5es de min\u00e9rio de ferro da Vale no estado e promove sua comercializa\u00e7\u00e3o e distribui\u00e7\u00e3o. <\/p>\t<div class=\"wrapper-featured-image\">\n\t\t<figure class=\"spotlightImg\">\n\n\t\t\t<picture>\n\t\t\t\t<source media=\"(max-width: 768px)\" srcset=\"https:\/\/files.sunoresearch.com.br\/n\/uploads\/2022\/12\/vale-vale3-400x200.jpg\">\n\t\t\t\t<img loading=\"lazy\" decoding=\"async\" class=\"newsContent__article__imgCapa lazyloadDisabled \" src=\"https:\/\/files.sunoresearch.com.br\/n\/uploads\/2022\/12\/vale-vale3-800x450.jpg\" width=\"800\" height=\"450\" alt=\"Vale (VALE3) lan\u00e7a empresa para desenvolver e comercializar areia produzida com o tratamento de rejeitos de minera\u00e7\u00e3o\" fetchpriority=high \/>\n\t\t\t<\/picture>\n\n\t\t\t<figcaption class=\"wp-caption-text wp-caption-text--show\">Vale (VALE3). Foto: Divulga\u00e7\u00e3o\/Vale<\/figcaption>\n\t\t<\/figure>\n\t<\/div>\n\n\n\n\n\n\n\n\t<p>\n\t\t<a href=\"\" target=\"_blank\" data-element=\"shortcode-suno-banner\" title=\"Banner SUNO, clique e saiba mais\">\n\t\t\t<picture>\n\t\t\t\t<source media=\"(max-width: 500px)\" srcset=\"\">\n\t\t\t\t<img class=\"newsContent__article__imgCapa newsContent__article__imgCapa--banner\"\n\t\t\t\t\tsrc=\"\"\n\t\t\t\t\tdata-promo-id=\"250706\"\t\t\t\t\t\t\t\t\t\t\t\t\t\t\talt=\"\"\n\t\t\t\t>\n\t\t\t<\/picture>\n\t\t<\/a>\n\t<\/p>\n\n\n\n\n\n<p>O <strong>neg\u00f3cio de areia sustent\u00e1vel<\/strong> come\u00e7ou a ser produzido pela <strong>mineradora<\/strong> em 2021 ap\u00f3s sete anos de pesquisa, como substituta da areia extra\u00edda do meio ambiente. Desde ent\u00e3o, j\u00e1 foram destinados ao setor de constru\u00e7\u00e3o civil e a projetos de pavimenta\u00e7\u00e3o rodovi\u00e1ria cerca de 900 mil toneladas do produto. <\/p>\n\n\n\n<p>A expectativa, segundo a Vale, \u00e9 de comercializar 1 milh\u00e3o de toneladas este ano e 2,1 milh\u00f5es em 2024.<\/p>\n\n\n\n<p>\u201cCriamos a <strong>Agera <\/strong>com o objetivo de escalar um neg\u00f3cio que est\u00e1 nos ajudando a reduzir o uso de barragens e pilhas em Minas Gerais, al\u00e9m de contribuir para substituir a areia natural, que muitas vezes \u00e9 extra\u00edda de forma predat\u00f3ria do leito dos rios. A cria\u00e7\u00e3o da Agera est\u00e1 fortemente ligada \u00e0 nossa estrat\u00e9gia de promover a minera\u00e7\u00e3o circular, o que significa fortalecer na minera\u00e7\u00e3o os conceitos da economia circular, de associar o <a href=\"https:\/\/www.suno.com.br\/artigos\/desenvolvimento-economico\/\">desenvolvimento econ\u00f4mico<\/a> a um melhor aproveitamento dos recursos naturais\u201d, explicou Fabiano Carvalho Filho, diretor de Neg\u00f3cios da Vale.<\/p>\n\n\n\n<h2 class=\"wp-block-heading\">Perspectivas para a Agera<\/h2>\n\n\n\n<p>Estabelecida h\u00e1 cerca de um ano com o nome provis\u00f3rio de Co-Log, a Agera projeta para 2023 uma receita anual em vendas de R$ 18 milh\u00f5es. Hoje, ela conta com sete pontos de atendimento ao cliente e estoque de material em Minas Gerais e no Esp\u00edrito Santo. <\/p>\n\n\n\n<p>Para a log\u00edstica do material, a empresa mant\u00e9m contrato com sete transportadoras rodovi\u00e1rias e tr\u00eas fornecedores de frete ferrovi\u00e1rio. A empresa atende atualmente mais de 80 unidades fabris de sete segmentos (concreteiras, pr\u00e9-moldados, argamassa, artefatos, cimenteiras, tintas texturizadas e pavimentos) e est\u00e1 investindo em pesquisa para expandir sua atua\u00e7\u00e3o em outras aplica\u00e7\u00f5es, como cer\u00e2mica vermelha.<\/p>\n\n\n\n<p>\u201cEstamos estruturados para acelerar o desenvolvimento de produtos e materiais sustent\u00e1veis, atendendo \u00e0s especificidades que o mercado exige. Al\u00e9m disso, nossas solu\u00e7\u00f5es log\u00edsticas permitem uma efici\u00eancia de ponta a ponta para garantir a agilidade no fornecimento da areia sustent\u00e1vel\u201d, destacou F\u00e1bio Cerqueira, CEO da Agera.<\/p>\n\n\n\n<h2 class=\"wp-block-heading\">Como \u00e9 feita a areia sustent\u00e1vel?<\/h2>\n\n\n\n<p>O processamento a \u00famido do <strong>min\u00e9rio de ferro<\/strong>, que \u00e9 utilizado atualmente em menos de 30% da <strong>produ\u00e7\u00e3o da Vale<\/strong>, gera rejeitos, que podem ser dispostos em barragens ou em pilhas. Esses rejeitos s\u00e3o compostos basicamente de s\u00edlica, o principal componente da areia, e \u00f3xidos de ferro. \u00c9 um material n\u00e3o t\u00f3xico, que em seu processamento \u00e9 submetido apenas a processos f\u00edsicos.<\/p>\n\n\n\n<p>A Vale investe desde 2014 em pesquisas para encontrar solu\u00e7\u00f5es para o reaproveitamento da areia proveniente do processamento do min\u00e9rio de ferro com o objetivo de reduzir a gera\u00e7\u00e3o de rejeitos. Em 2021, iniciou a comercializa\u00e7\u00e3o da areia sustent\u00e1vel, produto destinado para a constru\u00e7\u00e3o civil com origem 100% legal, alto teor de s\u00edlica e baixo teor de ferro, al\u00e9m de alta uniformidade qu\u00edmica e granulom\u00e9trica.<\/p>\n\n\n\n<p>Desde 2021, a areia \u00e9 produzida na mina de Brucutu, em S\u00e3o Gon\u00e7alo do Rio Abaixo. No ano passado, a empresa come\u00e7ou a produzir em pequena escala na mina de Viga, em Congonhas, e nos pr\u00f3ximos meses pretende iniciar a produ\u00e7\u00e3o na mina de Cau\u00ea, em Itabira.<\/p>\n\n\n\t<p>\n\t\t<a href=\"https:\/\/lp.suno.com.br\/ebook-como-analisar-uma-acao\/\" target=\"_blank\" data-element=\"shortcode-suno-banner\" title=\"Banner SUNO, clique e saiba mais\">\n\t\t\t<picture>\n\t\t\t\t<source media=\"(max-width: 500px)\" srcset=\"https:\/\/files.sunoresearch.com.br\/n\/uploads\/2023\/03\/Ebook-Acoes-Mobile.jpg\">\n\t\t\t\t<img class=\"newsContent__article__imgCapa newsContent__article__imgCapa--banner\"\n\t\t\t\t\tsrc=\"https:\/\/files.sunoresearch.com.br\/n\/uploads\/2023\/03\/Ebook-Acoes-Desktop.jpg\"\n\t\t\t\t\tdata-promo-id=\"378302\"\t\t\t\t\t\t\t\t\t\twidth='1420' height='286'\t\t\t\t\talt=\"https:\/\/files.sunoresearch.com.br\/n\/uploads\/2023\/03\/Ebook-Acoes-Desktop.jpg\"\n\t\t\t\t>\n\t\t\t<\/picture>\n\t\t<\/a>\n\t<\/p>\n\n\n\n\n\n<h2 class=\"wp-block-heading\">Vale ter\u00e1 queda no volume de produ\u00e7\u00e3o, mas vai aumentar vendas, dizem analistas sobre o 3T23<\/h2>\n\n\n\n<p>Em estimativa para os relat\u00f3rio de produ\u00e7\u00e3o e vendas da&nbsp;Vale, especialistas da Genial Investimentos destacaram que esperam uma alta nas vendas, contudo estimam queda no volume de produ\u00e7\u00e3o da mineradora.<\/p>\n\n\n\n<p>A Vale ir\u00e1 divulgar seu&nbsp;<strong>relat\u00f3rio de produ\u00e7\u00e3o e vendas<\/strong>&nbsp;do terceiro trimestre de 2023 nesta ter\u00e7a-feira (17), ap\u00f3s o&nbsp;<a href=\"https:\/\/www.suno.com.br\/artigos\/fechamento-do-mercado\/\" target=\"_blank\" rel=\"noreferrer noopener\">fechamento do mercado<\/a>.<\/p>\n\n\n\n<p>\u201cAcreditamos que ser\u00e1 um trimestre com um aumento sequencial de duplo d\u00edgito na produ\u00e7\u00e3o, diante do ramp-up guiado pelo efeito sazonal. Por\u00e9m, como a base do 3T22 \u00e9 dif\u00edcil ser superada pela maior disponibilidade de Run Of Mine (ROM), acreditamos em recuo leve no comparativo anual para a produ\u00e7\u00e3o. J\u00e1 as vendas devem apresentar uma melhora substancial no comparativo trimestral e uma alta low single digit na base anual\u201d, diz a casa.<\/p>\n\n\n\n<p>Atualmente a recomenda\u00e7\u00e3o da Genial \u00e9 de compra para&nbsp;<strong><a href=\"https:\/\/statusinvest.com.br\/acoes\/vale3?__hstc=189907700.415945b658eb1091630096544c77c9a1.1694686099768.1697547620015.1697549868179.108&amp;__hssc=189907700.37.1697549868179&amp;__hsfp=2351071697\" target=\"_blank\" rel=\"noreferrer noopener\">VALE3<\/a><\/strong>, com pre\u00e7o-alvo de R$ 83. Atualmente as&nbsp;<strong>a\u00e7\u00f5es da Vale<\/strong>&nbsp;s\u00e3o negociadas a cerca de R$ 67,&nbsp;<a href=\"https:\/\/www.suno.com.br\/noticias\/ibovespa-hoje-mercado-ao-vivo-161023\/\" target=\"_blank\" rel=\"noreferrer noopener\">conforme o fechamento desta segunda (16)<\/a>.<\/p>\n\n\n\n<p>\u201c\u00c9 importante ter em mente que os 3Ts s\u00e3o tipicamente os trimestres mais favor\u00e1veis para a produ\u00e7\u00e3o da Vale, considerando que durante os 2Ts ainda persiste a esta\u00e7\u00e3o chuvosa em Caraj\u00e1s (PA), o que costuma oferecer uma barreira para aumento de volume, enquanto em Minas Gerais (MG), as chuvas acabam se concentrando principalmente nos 1Ts\u201d, explica a Genial.<\/p>\n\n\n\n<p>Os analistas chamam aten\u00e7\u00e3o para o fato de que o gap entre produ\u00e7\u00e3o e vendas de min\u00e9rio de ferro normalmente aumenta nos 3Ts, com uma m\u00e9dia hist\u00f3rica de 26% nos \u00faltimos 5 anos.<\/p>\n\n\n\n<p>\u201cEntretanto, a nossa proje\u00e7\u00e3o \u00e9 de que seja menor do que os n\u00edveis hist\u00f3ricos agora no 3T23, uma vez que acreditamos que as condi\u00e7\u00f5es favor\u00e1veis do mercado levaram a um movimento um pouco mais intenso das vendas de estoque excedente formado no 1T23\u201d.<\/p>\n\n\n\n<h2 class=\"wp-block-heading\">Genial espera US$ 5,5 bilh\u00f5es de Ebitda<\/h2>\n\n\n\n<p>Al\u00e9m disso, especialistas reiteram que o aumento ligeiramente anormal das vendas impulsionar\u00e1 a receita e deve trazer uma maior dilui\u00e7\u00e3o nos custos fixos, auxiliando a Companhia a baixar o C1\/t de maneira mais significativa.<\/p>\n\n\n\n<p>J\u00e1 no caso da receita, a Genial aponta que a proje\u00e7\u00e3o de uma receita crescente com um custo mais dilu\u00eddo levam a estimativa atual de Ebitda (Lucros antes de juros, impostos, <a href=\"https:\/\/www.suno.com.br\/artigos\/depreciacao-amortizacao\/\">deprecia\u00e7\u00e3o e amortiza\u00e7\u00e3o<\/a>) para 3T23 ficar em US$ 5,5 bilh\u00f5es.<\/p>\n\n\n\n<p>\u201cA produ\u00e7\u00e3o de min\u00e9rio de ferro deve cair marginalmente a\/a com normaliza\u00e7\u00e3o de ROM. Acreditamos que o 3T23 deixar\u00e1 a Vale mais perto da banda superior do guidance de 310-320Mt\u201d, conclui a Genial.<\/p>\n\n\n\n<p>Especialistas ainda acrescentam que esperam que a Barragem de Torto impulsione a produ\u00e7\u00e3o de pelotas da&nbsp;<strong>Vale<\/strong>&nbsp;apenas do 4T23 em diante.<\/p>\n\n\n\t<p>\n\t\t<a href=\"https:\/\/lp.suno.com.br\/plataforma-de-controle-de-investimentos\/\" target=\"_blank\" data-element=\"shortcode-suno-banner\" title=\"Banner SUNO, clique e saiba mais\">\n\t\t\t<picture>\n\t\t\t\t<source media=\"(max-width: 500px)\" srcset=\"https:\/\/files.sunoresearch.com.br\/n\/uploads\/2023\/03\/400x300-Controle-de-Investimentos.png\">\n\t\t\t\t<img class=\"newsContent__article__imgCapa newsContent__article__imgCapa--banner\"\n\t\t\t\t\tsrc=\"https:\/\/files.sunoresearch.com.br\/n\/uploads\/2023\/03\/1420x240-Controle-de-Investimentos.png\"\n\t\t\t\t\tdata-promo-id=\"383162\"\t\t\t\t\t\t\t\t\t\twidth='1420' height='240'\t\t\t\t\talt=\"https:\/\/files.sunoresearch.com.br\/n\/uploads\/2023\/03\/1420x240-Controle-de-Investimentos.png\"\n\t\t\t\t>\n\t\t\t<\/picture>\n\t\t<\/a>\n\t<\/p>\n\n\n","protected":false},"excerpt":{"rendered":"<p>A&nbsp;Vale&nbsp;(VALE3) apresentou nesta ter\u00e7a-feira (17) a Agera, empresa criada para desenvolver e ampliar seu neg\u00f3cio de areia sustent\u00e1vel. Com sede em Nova Lima (MG), a Agera recebe a areia produzida a partir do tratamento dos rejeitos gerados pelas opera\u00e7\u00f5es de min\u00e9rio de ferro da Vale no estado e promove sua comercializa\u00e7\u00e3o e distribui\u00e7\u00e3o. Vale (VALE3). [&hellip;]<\/p>\n","protected":false},"author":313,"featured_media":331473,"comment_status":"closed","ping_status":"closed","sticky":false,"template":"","format":"standard","meta":[],"categories":[64],"tags":[676],"suno_strategy":[],"class_list":["post-472048","post","type-post","status-publish","format-standard","has-post-thumbnail","hentry","category-negocios","tag-vale-vale3"],"yoast_head":"<!-- This site is optimized with the Yoast SEO plugin v24.4 - https:\/\/yoast.com\/wordpress\/plugins\/seo\/ -->\n<title>Vale (VALE3) lan\u00e7a empresa para desenvolver areia sustent\u00e1vel<\/title>\n<meta name=\"description\" content=\"A\u00a0Vale\u00a0(VALE3) apresentou nesta ter\u00e7a-feira (17) a Agera, empresa criada para desenvolver e ampliar seu neg\u00f3cio de areia sustent\u00e1vel.\" \/>\n<meta name=\"robots\" content=\"index, follow, max-snippet:-1, max-image-preview:large, max-video-preview:-1\" \/>\n<link rel=\"canonical\" href=\"https:\/\/www.suno.com.br\/noticias\/vale-vale3-areia-sustentavel-agera-gpj\/\" \/>\n<meta property=\"og:locale\" content=\"pt_BR\" \/>\n<meta property=\"og:type\" content=\"article\" \/>\n<meta property=\"og:title\" content=\"Vale (VALE3) lan\u00e7a empresa para desenvolver areia sustent\u00e1vel\" \/>\n<meta property=\"og:description\" content=\"A\u00a0Vale\u00a0(VALE3) apresentou nesta ter\u00e7a-feira (17) a Agera, empresa criada para desenvolver e ampliar seu neg\u00f3cio de areia sustent\u00e1vel.\" \/>\n<meta property=\"og:url\" content=\"https:\/\/www.suno.com.br\/noticias\/vale-vale3-areia-sustentavel-agera-gpj\/\" \/>\n<meta property=\"og:site_name\" content=\"Suno Not\u00edcias\" \/>\n<meta property=\"article:publisher\" content=\"https:\/\/facebook.com\/sunoresearch\" \/>\n<meta property=\"og:image\" content=\"https:\/\/files.sunoresearch.com.br\/n\/uploads\/2022\/12\/vale-vale3.jpg\" \/>\n\t<meta property=\"og:image:width\" content=\"1200\" \/>\n\t<meta property=\"og:image:height\" content=\"800\" \/>\n\t<meta property=\"og:image:type\" content=\"image\/jpeg\" \/>\n<meta name=\"author\" content=\"Giovanni Porf\u00edrio Jacomino\" \/>\n<meta name=\"twitter:card\" content=\"summary_large_image\" \/>\n<meta name=\"twitter:creator\" content=\"@sunoresearch\" \/>\n<meta name=\"twitter:site\" content=\"@sunoresearch\" \/>\n<meta name=\"twitter:label1\" content=\"Escrito por\" \/>\n\t<meta name=\"twitter:data1\" content=\"Giovanni Porf\u00edrio Jacomino\" \/>\n\t<meta name=\"twitter:label2\" content=\"Est. tempo de leitura\" \/>\n\t<meta name=\"twitter:data2\" content=\"6 minutos\" \/>\n<script type=\"application\/ld+json\" class=\"yoast-schema-graph\">{\"@context\":\"https:\/\/schema.org\",\"@graph\":[{\"@type\":\"NewsArticle\",\"@id\":\"https:\/\/www.suno.com.br\/noticias\/vale-vale3-areia-sustentavel-agera-gpj\/#article\",\"isPartOf\":{\"@id\":\"https:\/\/www.suno.com.br\/noticias\/vale-vale3-areia-sustentavel-agera-gpj\/\"},\"author\":{\"name\":\"Giovanni Porf\u00edrio Jacomino\",\"@id\":\"https:\/\/www.suno.com.br\/noticias\/#\/schema\/person\/d0f32748bbca4bee871fa191ee4e2d40\"},\"headline\":\"Vale (VALE3) lan\u00e7a empresa para desenvolver e comercializar areia produzida com o tratamento de rejeitos de minera\u00e7\u00e3o\",\"datePublished\":\"2023-10-17T17:16:12+00:00\",\"dateModified\":\"2023-10-17T17:16:21+00:00\",\"mainEntityOfPage\":{\"@id\":\"https:\/\/www.suno.com.br\/noticias\/vale-vale3-areia-sustentavel-agera-gpj\/\"},\"wordCount\":1114,\"publisher\":{\"@id\":\"https:\/\/www.suno.com.br\/noticias\/#organization\"},\"image\":{\"@id\":\"https:\/\/www.suno.com.br\/noticias\/vale-vale3-areia-sustentavel-agera-gpj\/#primaryimage\"},\"thumbnailUrl\":\"https:\/\/files.sunoresearch.com.br\/n\/uploads\/2022\/12\/vale-vale3.jpg\",\"keywords\":[\"Vale (VALE3)\"],\"articleSection\":[\"Neg\u00f3cios\"],\"inLanguage\":\"pt-BR\"},{\"@type\":\"WebPage\",\"@id\":\"https:\/\/www.suno.com.br\/noticias\/vale-vale3-areia-sustentavel-agera-gpj\/\",\"url\":\"https:\/\/www.suno.com.br\/noticias\/vale-vale3-areia-sustentavel-agera-gpj\/\",\"name\":\"Vale (VALE3) lan\u00e7a empresa para desenvolver areia sustent\u00e1vel\",\"isPartOf\":{\"@id\":\"https:\/\/www.suno.com.br\/noticias\/#website\"},\"primaryImageOfPage\":{\"@id\":\"https:\/\/www.suno.com.br\/noticias\/vale-vale3-areia-sustentavel-agera-gpj\/#primaryimage\"},\"image\":{\"@id\":\"https:\/\/www.suno.com.br\/noticias\/vale-vale3-areia-sustentavel-agera-gpj\/#primaryimage\"},\"thumbnailUrl\":\"https:\/\/files.sunoresearch.com.br\/n\/uploads\/2022\/12\/vale-vale3.jpg\",\"datePublished\":\"2023-10-17T17:16:12+00:00\",\"dateModified\":\"2023-10-17T17:16:21+00:00\",\"description\":\"A\u00a0Vale\u00a0(VALE3) apresentou nesta ter\u00e7a-feira (17) a Agera, empresa criada para desenvolver e ampliar seu neg\u00f3cio de areia sustent\u00e1vel.\",\"breadcrumb\":{\"@id\":\"https:\/\/www.suno.com.br\/noticias\/vale-vale3-areia-sustentavel-agera-gpj\/#breadcrumb\"},\"inLanguage\":\"pt-BR\",\"potentialAction\":[{\"@type\":\"ReadAction\",\"target\":[\"https:\/\/www.suno.com.br\/noticias\/vale-vale3-areia-sustentavel-agera-gpj\/\"]}]},{\"@type\":\"ImageObject\",\"inLanguage\":\"pt-BR\",\"@id\":\"https:\/\/www.suno.com.br\/noticias\/vale-vale3-areia-sustentavel-agera-gpj\/#primaryimage\",\"url\":\"https:\/\/files.sunoresearch.com.br\/n\/uploads\/2022\/12\/vale-vale3.jpg\",\"contentUrl\":\"https:\/\/files.sunoresearch.com.br\/n\/uploads\/2022\/12\/vale-vale3.jpg\",\"width\":1200,\"height\":800,\"caption\":\"Vale (VALE3). Foto: Divulga\u00e7\u00e3o\/Vale\"},{\"@type\":\"BreadcrumbList\",\"@id\":\"https:\/\/www.suno.com.br\/noticias\/vale-vale3-areia-sustentavel-agera-gpj\/#breadcrumb\",\"itemListElement\":[{\"@type\":\"ListItem\",\"position\":1,\"name\":\"Not\u00edcias\",\"item\":\"https:\/\/www.suno.com.br\/noticias\/\"},{\"@type\":\"ListItem\",\"position\":2,\"name\":\"Neg\u00f3cios\",\"item\":\"https:\/\/www.suno.com.br\/noticias\/negocios\/\"},{\"@type\":\"ListItem\",\"position\":3,\"name\":\"Vale (VALE3) lan\u00e7a empresa para desenvolver e comercializar areia produzida com o tratamento de rejeitos de minera\u00e7\u00e3o\"}]},{\"@type\":\"WebSite\",\"@id\":\"https:\/\/www.suno.com.br\/noticias\/#website\",\"url\":\"https:\/\/www.suno.com.br\/noticias\/\",\"name\":\"Suno Not\u00edcias\",\"description\":\"Seu portal de informa\u00e7\u00e3o sobre o mundo dos investimentos\",\"publisher\":{\"@id\":\"https:\/\/www.suno.com.br\/noticias\/#organization\"},\"potentialAction\":[{\"@type\":\"SearchAction\",\"target\":{\"@type\":\"EntryPoint\",\"urlTemplate\":\"https:\/\/www.suno.com.br\/noticias\/?s={search_term_string}\"},\"query-input\":{\"@type\":\"PropertyValueSpecification\",\"valueRequired\":true,\"valueName\":\"search_term_string\"}}],\"inLanguage\":\"pt-BR\"},{\"@type\":\"Organization\",\"@id\":\"https:\/\/www.suno.com.br\/noticias\/#organization\",\"name\":\"Suno Not\u00edcias\",\"url\":\"https:\/\/www.suno.com.br\/noticias\/\",\"logo\":{\"@type\":\"ImageObject\",\"inLanguage\":\"pt-BR\",\"@id\":\"https:\/\/www.suno.com.br\/noticias\/#\/schema\/logo\/image\/\",\"url\":\"https:\/\/files.sunoresearch.com.br\/n\/uploads\/2021\/09\/suno-logo.png\",\"contentUrl\":\"https:\/\/files.sunoresearch.com.br\/n\/uploads\/2021\/09\/suno-logo.png\",\"width\":180,\"height\":180,\"caption\":\"Suno Not\u00edcias\"},\"image\":{\"@id\":\"https:\/\/www.suno.com.br\/noticias\/#\/schema\/logo\/image\/\"},\"sameAs\":[\"https:\/\/facebook.com\/sunoresearch\",\"https:\/\/x.com\/sunoresearch\",\"https:\/\/www.instagram.com\/suno\",\"https:\/\/www.linkedin.com\/company\/suno-research\/\",\"https:\/\/www.youtube.com\/c\/sunoresearch\"]},{\"@type\":\"Person\",\"@id\":\"https:\/\/www.suno.com.br\/noticias\/#\/schema\/person\/d0f32748bbca4bee871fa191ee4e2d40\",\"name\":\"Giovanni Porf\u00edrio Jacomino\",\"image\":{\"@type\":\"ImageObject\",\"inLanguage\":\"pt-BR\",\"@id\":\"https:\/\/www.suno.com.br\/noticias\/#\/schema\/person\/image\/\",\"url\":\"https:\/\/secure.gravatar.com\/avatar\/efb32e19b730a121cb7a80f41ffec01a?s=96&r=g\",\"contentUrl\":\"https:\/\/secure.gravatar.com\/avatar\/efb32e19b730a121cb7a80f41ffec01a?s=96&r=g\",\"caption\":\"Giovanni Porf\u00edrio Jacomino\"},\"description\":\"Giovanni Porf\u00edrio Jacomino \u00e9 jornalista formado pela Universidade Estadual de Londrina (UEL) e p\u00f3s-graduado em Produ\u00e7\u00e3o e Pr\u00e1ticas Jornal\u00edsticas na Contemporaneidade na Faculdade C\u00e1sper L\u00edbero (FCL). Foi editor web no Startupi e no Finsiders, atuando ainda como editor no TC Mover, portal de not\u00edcias da TradersClub, fazendo a cobertura de assuntos relacionados ao mercado financeiro interno e externo. Atualmente, \u00e9 Rep\u00f3rter do Suno Not\u00edcias.\",\"url\":\"https:\/\/www.suno.com.br\/noticias\/author\/giovanni-porfiriosuno-com-br\/\"}]}<\/script>\n<!-- \/ Yoast SEO plugin. -->","yoast_head_json":{"title":"Vale (VALE3) lan\u00e7a empresa para desenvolver areia sustent\u00e1vel","description":"A\u00a0Vale\u00a0(VALE3) apresentou nesta ter\u00e7a-feira (17) a Agera, empresa criada para desenvolver e ampliar seu neg\u00f3cio de areia sustent\u00e1vel.","robots":{"index":"index","follow":"follow","max-snippet":"max-snippet:-1","max-image-preview":"max-image-preview:large","max-video-preview":"max-video-preview:-1"},"canonical":"https:\/\/www.suno.com.br\/noticias\/vale-vale3-areia-sustentavel-agera-gpj\/","og_locale":"pt_BR","og_type":"article","og_title":"Vale (VALE3) lan\u00e7a empresa para desenvolver areia sustent\u00e1vel","og_description":"A\u00a0Vale\u00a0(VALE3) apresentou nesta ter\u00e7a-feira (17) a Agera, empresa criada para desenvolver e ampliar seu neg\u00f3cio de areia sustent\u00e1vel.","og_url":"https:\/\/www.suno.com.br\/noticias\/vale-vale3-areia-sustentavel-agera-gpj\/","og_site_name":"Suno Not\u00edcias","article_publisher":"https:\/\/facebook.com\/sunoresearch","og_image":[{"width":1200,"height":800,"url":"https:\/\/files.sunoresearch.com.br\/n\/uploads\/2022\/12\/vale-vale3.jpg","type":"image\/jpeg"}],"author":"Giovanni Porf\u00edrio Jacomino","twitter_card":"summary_large_image","twitter_creator":"@sunoresearch","twitter_site":"@sunoresearch","twitter_misc":{"Escrito por":"Giovanni Porf\u00edrio Jacomino","Est. tempo de leitura":"6 minutos"},"schema":{"@context":"https:\/\/schema.org","@graph":[{"@type":"NewsArticle","@id":"https:\/\/www.suno.com.br\/noticias\/vale-vale3-areia-sustentavel-agera-gpj\/#article","isPartOf":{"@id":"https:\/\/www.suno.com.br\/noticias\/vale-vale3-areia-sustentavel-agera-gpj\/"},"author":{"name":"Giovanni Porf\u00edrio Jacomino","@id":"https:\/\/www.suno.com.br\/noticias\/#\/schema\/person\/d0f32748bbca4bee871fa191ee4e2d40"},"headline":"Vale (VALE3) lan\u00e7a empresa para desenvolver e comercializar areia produzida com o tratamento de rejeitos de minera\u00e7\u00e3o","datePublished":"2023-10-17T17:16:12+00:00","dateModified":"2023-10-17T17:16:21+00:00","mainEntityOfPage":{"@id":"https:\/\/www.suno.com.br\/noticias\/vale-vale3-areia-sustentavel-agera-gpj\/"},"wordCount":1114,"publisher":{"@id":"https:\/\/www.suno.com.br\/noticias\/#organization"},"image":{"@id":"https:\/\/www.suno.com.br\/noticias\/vale-vale3-areia-sustentavel-agera-gpj\/#primaryimage"},"thumbnailUrl":"https:\/\/files.sunoresearch.com.br\/n\/uploads\/2022\/12\/vale-vale3.jpg","keywords":["Vale (VALE3)"],"articleSection":["Neg\u00f3cios"],"inLanguage":"pt-BR"},{"@type":"WebPage","@id":"https:\/\/www.suno.com.br\/noticias\/vale-vale3-areia-sustentavel-agera-gpj\/","url":"https:\/\/www.suno.com.br\/noticias\/vale-vale3-areia-sustentavel-agera-gpj\/","name":"Vale (VALE3) lan\u00e7a empresa para desenvolver areia sustent\u00e1vel","isPartOf":{"@id":"https:\/\/www.suno.com.br\/noticias\/#website"},"primaryImageOfPage":{"@id":"https:\/\/www.suno.com.br\/noticias\/vale-vale3-areia-sustentavel-agera-gpj\/#primaryimage"},"image":{"@id":"https:\/\/www.suno.com.br\/noticias\/vale-vale3-areia-sustentavel-agera-gpj\/#primaryimage"},"thumbnailUrl":"https:\/\/files.sunoresearch.com.br\/n\/uploads\/2022\/12\/vale-vale3.jpg","datePublished":"2023-10-17T17:16:12+00:00","dateModified":"2023-10-17T17:16:21+00:00","description":"A\u00a0Vale\u00a0(VALE3) apresentou nesta ter\u00e7a-feira (17) a Agera, empresa criada para desenvolver e ampliar seu neg\u00f3cio de areia sustent\u00e1vel.","breadcrumb":{"@id":"https:\/\/www.suno.com.br\/noticias\/vale-vale3-areia-sustentavel-agera-gpj\/#breadcrumb"},"inLanguage":"pt-BR","potentialAction":[{"@type":"ReadAction","target":["https:\/\/www.suno.com.br\/noticias\/vale-vale3-areia-sustentavel-agera-gpj\/"]}]},{"@type":"ImageObject","inLanguage":"pt-BR","@id":"https:\/\/www.suno.com.br\/noticias\/vale-vale3-areia-sustentavel-agera-gpj\/#primaryimage","url":"https:\/\/files.sunoresearch.com.br\/n\/uploads\/2022\/12\/vale-vale3.jpg","contentUrl":"https:\/\/files.sunoresearch.com.br\/n\/uploads\/2022\/12\/vale-vale3.jpg","width":1200,"height":800,"caption":"Vale (VALE3). Foto: Divulga\u00e7\u00e3o\/Vale"},{"@type":"BreadcrumbList","@id":"https:\/\/www.suno.com.br\/noticias\/vale-vale3-areia-sustentavel-agera-gpj\/#breadcrumb","itemListElement":[{"@type":"ListItem","position":1,"name":"Not\u00edcias","item":"https:\/\/www.suno.com.br\/noticias\/"},{"@type":"ListItem","position":2,"name":"Neg\u00f3cios","item":"https:\/\/www.suno.com.br\/noticias\/negocios\/"},{"@type":"ListItem","position":3,"name":"Vale (VALE3) lan\u00e7a empresa para desenvolver e comercializar areia produzida com o tratamento de rejeitos de minera\u00e7\u00e3o"}]},{"@type":"WebSite","@id":"https:\/\/www.suno.com.br\/noticias\/#website","url":"https:\/\/www.suno.com.br\/noticias\/","name":"Suno Not\u00edcias","description":"Seu portal de informa\u00e7\u00e3o sobre o mundo dos investimentos","publisher":{"@id":"https:\/\/www.suno.com.br\/noticias\/#organization"},"potentialAction":[{"@type":"SearchAction","target":{"@type":"EntryPoint","urlTemplate":"https:\/\/www.suno.com.br\/noticias\/?s={search_term_string}"},"query-input":{"@type":"PropertyValueSpecification","valueRequired":true,"valueName":"search_term_string"}}],"inLanguage":"pt-BR"},{"@type":"Organization","@id":"https:\/\/www.suno.com.br\/noticias\/#organization","name":"Suno Not\u00edcias","url":"https:\/\/www.suno.com.br\/noticias\/","logo":{"@type":"ImageObject","inLanguage":"pt-BR","@id":"https:\/\/www.suno.com.br\/noticias\/#\/schema\/logo\/image\/","url":"https:\/\/files.sunoresearch.com.br\/n\/uploads\/2021\/09\/suno-logo.png","contentUrl":"https:\/\/files.sunoresearch.com.br\/n\/uploads\/2021\/09\/suno-logo.png","width":180,"height":180,"caption":"Suno Not\u00edcias"},"image":{"@id":"https:\/\/www.suno.com.br\/noticias\/#\/schema\/logo\/image\/"},"sameAs":["https:\/\/facebook.com\/sunoresearch","https:\/\/x.com\/sunoresearch","https:\/\/www.instagram.com\/suno","https:\/\/www.linkedin.com\/company\/suno-research\/","https:\/\/www.youtube.com\/c\/sunoresearch"]},{"@type":"Person","@id":"https:\/\/www.suno.com.br\/noticias\/#\/schema\/person\/d0f32748bbca4bee871fa191ee4e2d40","name":"Giovanni Porf\u00edrio Jacomino","image":{"@type":"ImageObject","inLanguage":"pt-BR","@id":"https:\/\/www.suno.com.br\/noticias\/#\/schema\/person\/image\/","url":"https:\/\/secure.gravatar.com\/avatar\/efb32e19b730a121cb7a80f41ffec01a?s=96&r=g","contentUrl":"https:\/\/secure.gravatar.com\/avatar\/efb32e19b730a121cb7a80f41ffec01a?s=96&r=g","caption":"Giovanni Porf\u00edrio Jacomino"},"description":"Giovanni Porf\u00edrio Jacomino \u00e9 jornalista formado pela Universidade Estadual de Londrina (UEL) e p\u00f3s-graduado em Produ\u00e7\u00e3o e Pr\u00e1ticas Jornal\u00edsticas na Contemporaneidade na Faculdade C\u00e1sper L\u00edbero (FCL). Foi editor web no Startupi e no Finsiders, atuando ainda como editor no TC Mover, portal de not\u00edcias da TradersClub, fazendo a cobertura de assuntos relacionados ao mercado financeiro interno e externo. Atualmente, \u00e9 Rep\u00f3rter do Suno Not\u00edcias.","url":"https:\/\/www.suno.com.br\/noticias\/author\/giovanni-porfiriosuno-com-br\/"}]}},"default_loop_html":"<div class=\"cardsPage__listCard__boxs\"><div class=\"cardsPage__listCard__boxs__img\"><a href=\"https:\/\/www.suno.com.br\/noticias\/vale-vale3-areia-sustentavel-agera-gpj\/\"><img class=\"mask\" src=\"https:\/\/www.suno.com.br\/noticias\/wp-content\/themes\/suno\/resources\/images\/spotlight\/spotlight1img\/bg-mask.png\" alt=\"Image Mask\"\/><img src=\"https:\/\/files.sunoresearch.com.br\/n\/uploads\/2022\/12\/vale-vale3-400x200.jpg\" alt=\"Vale (VALE3) lan\u00e7a empresa para desenvolver e comercializar areia produzida com o tratamento de rejeitos de minera\u00e7\u00e3o\"\/><\/a><span class=\"spotlightCategory\"><a href=\"https:\/\/www.suno.com.br\/noticias\/negocios\/\">Neg\u00f3cios<\/a><\/span><\/div><div class=\"cardsPage__listCard__boxs__content\"><a href=\"https:\/\/www.suno.com.br\/noticias\/vale-vale3-areia-sustentavel-agera-gpj\/\"><h2 class=\"content__title\">Vale (VALE3) lan\u00e7a empresa para desenvolver e comercializar areia produzida com o tratamento de rejeitos de minera\u00e7\u00e3o<\/h2><\/a><div class=\"newsContent__article__meta\"><div class=\"newsContent__article__meta__authorBox\"><a href=\"https:\/\/www.suno.com.br\/noticias\/author\/giovanni-porfiriosuno-com-br\/\" class=\"authorBox__avatar noMobi\"><img src=\"https:\/\/files.sunoresearch.com.br\/n\/uploads\/2024\/05\/DSCF4115-1-1-150x150.webp\" alt=\"Giovanni Porf\u00edrio Jacomino\"><\/a><div class=\"authorBox__name\"><span>por\n\t\t\t<a href=\"https:\/\/www.suno.com.br\/noticias\/author\/giovanni-porfiriosuno-com-br\/\"><span itemprop=\"author\">Giovanni Porf\u00edrio Jacomino<\/span><\/a><\/span><time datetime=\"2023-10-17T14:16:12-03:00\" itemprop=\"datePublished\">17\/10\/2023 14:16<\/time><\/div><\/div><\/div><\/div><\/div>","single_layout":"posts","amp_enabled":true,"_links":{"self":[{"href":"https:\/\/www.suno.com.br\/noticias\/wp-json\/wp\/v2\/posts\/472048"}],"collection":[{"href":"https:\/\/www.suno.com.br\/noticias\/wp-json\/wp\/v2\/posts"}],"about":[{"href":"https:\/\/www.suno.com.br\/noticias\/wp-json\/wp\/v2\/types\/post"}],"author":[{"embeddable":true,"href":"https:\/\/www.suno.com.br\/noticias\/wp-json\/wp\/v2\/users\/313"}],"replies":[{"embeddable":true,"href":"https:\/\/www.suno.com.br\/noticias\/wp-json\/wp\/v2\/comments?post=472048"}],"version-history":[{"count":2,"href":"https:\/\/www.suno.com.br\/noticias\/wp-json\/wp\/v2\/posts\/472048\/revisions"}],"predecessor-version":[{"id":472151,"href":"https:\/\/www.suno.com.br\/noticias\/wp-json\/wp\/v2\/posts\/472048\/revisions\/472151"}],"wp:featuredmedia":[{"embeddable":true,"href":"https:\/\/www.suno.com.br\/noticias\/wp-json\/wp\/v2\/media\/331473"}],"wp:attachment":[{"href":"https:\/\/www.suno.com.br\/noticias\/wp-json\/wp\/v2\/media?parent=472048"}],"wp:term":[{"taxonomy":"category","embeddable":true,"href":"https:\/\/www.suno.com.br\/noticias\/wp-json\/wp\/v2\/categories?post=472048"},{"taxonomy":"post_tag","embeddable":true,"href":"https:\/\/www.suno.com.br\/noticias\/wp-json\/wp\/v2\/tags?post=472048"},{"taxonomy":"suno_strategy","embeddable":true,"href":"https:\/\/www.suno.com.br\/noticias\/wp-json\/wp\/v2\/suno_strategy?post=472048"}],"curies":[{"name":"wp","href":"https:\/\/api.w.org\/{rel}","templated":true}]}}