{"id":4719,"date":"2018-10-26T15:46:05","date_gmt":"2018-10-26T18:46:05","guid":{"rendered":"https:\/\/www.suno.com.br\/noticias\/?p=4719"},"modified":"2018-10-26T15:47:14","modified_gmt":"2018-10-26T18:47:14","slug":"industrias-recebem-mais-pagam","status":"publish","type":"post","link":"https:\/\/www.suno.com.br\/noticias\/industrias-recebem-mais-pagam\/","title":{"rendered":"Ind\u00fastrias brasileiras recebem mais, mas pagam menos aos funcion\u00e1rios, afirma CNI"},"content":{"rendered":"<p>As horas trabalhadas na produ\u00e7\u00e3o, do mesmo modo que o faturamento das ind\u00fastrias, cresceram no m\u00eas de agosto. Entretanto tempo de perman\u00eancia no servi\u00e7o e massa salarial tiveram queda.<\/p>\t<div class=\"wrapper-featured-image\">\n\t\t<figure class=\"spotlightImg\">\n\n\t\t\t<picture>\n\t\t\t\t<source media=\"(max-width: 768px)\" srcset=\"https:\/\/files.sunoresearch.com.br\/n\/uploads\/2018\/10\/a90d69ab-forklift-835340_960_720-400x200.webp\">\n\t\t\t\t<img loading=\"lazy\" decoding=\"async\" class=\"newsContent__article__imgCapa lazyloadDisabled newsContent__article__imgCapa--noCaption\" src=\"https:\/\/files.sunoresearch.com.br\/n\/uploads\/2018\/10\/a90d69ab-forklift-835340_960_720-800x450.webp\" width=\"800\" height=\"450\" alt=\"Ind\u00fastrias brasileiras recebem mais, mas pagam menos aos funcion\u00e1rios, afirma CNI\" fetchpriority=high \/>\n\t\t\t<\/picture>\n\n\t\t\t<figcaption class=\"wp-caption-text wp-caption-text--hide\"><\/figcaption>\n\t\t<\/figure>\n\t<\/div>\n\n\n<p>Os resultados s\u00e3o da CNI \u2013 Indicadores Industriais pela Confedera\u00e7\u00e3o Nacional da Ind\u00fastria. \u201c Os indicadores Industriais de agosto mostram a fragilidade do mercado de trabalho e um comportamento oscilante da atividade, que prejudicam a retomada de uma trajet\u00f3ria de recupera\u00e7\u00e3o mais duradoura e consistente, avalia a entidade.<\/p>\n<p>No m\u00eas passado, o faturamento real das ind\u00fastrias apresentou crescimento de 2,4% ante julho e 5,5% em rela\u00e7\u00e3o aos sete primeiros meses do ano. Do mesmo modo, que as horas trabalhadas tamb\u00e9m apresentaram avan\u00e7os: 1% de julho para agosto e 0,8% na parcial anual.<\/p>\n<p>Enquanto as ind\u00fastrias faturam mais e aumentam o seu n\u00edvel de atividade, as empresas tamb\u00e9m est\u00e3o pagando menos. A CNI informou que a massa salarial caiu 0,8% de agosto ante julho e 1,4% em rela\u00e7\u00e3o aos oito primeiros meses do ano.<\/p>\n<p>O rendimento m\u00e9dio do trabalhador tamb\u00e9m caiu; cerca de 0,4% em rela\u00e7\u00e3o h\u00e1 dois meses atr\u00e1s (\u00faltima data indicada) e 1,8% em base anual. Segundo a CNI, est\u00e1 \u00e9 a quinta queda consecutiva apresentada neste indicador.<\/p>\n","protected":false},"excerpt":{"rendered":"<p>As horas trabalhadas na produ\u00e7\u00e3o, do mesmo modo que o faturamento das ind\u00fastrias, cresceram no m\u00eas de agosto. Entretanto tempo de perman\u00eancia no servi\u00e7o e massa salarial tiveram queda. Os resultados s\u00e3o da CNI \u2013 Indicadores Industriais pela Confedera\u00e7\u00e3o Nacional da Ind\u00fastria. \u201c Os indicadores Industriais de agosto mostram a fragilidade do mercado de trabalho [&hellip;]<\/p>\n","protected":false},"author":6,"featured_media":4720,"comment_status":"closed","ping_status":"closed","sticky":false,"template":"","format":"standard","meta":[],"categories":[62],"tags":[],"suno_strategy":[],"class_list":["post-4719","post","type-post","status-publish","format-standard","has-post-thumbnail","hentry","category-economia"],"yoast_head":"<!-- This site is optimized with the Yoast SEO plugin v24.4 - https:\/\/yoast.com\/wordpress\/plugins\/seo\/ -->\n<title>Ind\u00fastrias brasileiras recebem mais, mas pagam menos aos funcion\u00e1rios, afirma CNI<\/title>\n<meta name=\"description\" content=\"As horas trabalhadas e o faturamento das ind\u00fastrias, cresceram no m\u00eas de agosto. Mas, outros indices dimuniram. Clique para saber mais\" \/>\n<meta name=\"robots\" content=\"index, follow, max-snippet:-1, max-image-preview:large, max-video-preview:-1\" \/>\n<link rel=\"canonical\" href=\"https:\/\/www.suno.com.br\/noticias\/industrias-recebem-mais-pagam\/\" \/>\n<meta property=\"og:locale\" content=\"pt_BR\" \/>\n<meta property=\"og:type\" content=\"article\" \/>\n<meta property=\"og:title\" content=\"Ind\u00fastrias brasileiras recebem mais, mas pagam menos aos funcion\u00e1rios, afirma CNI\" \/>\n<meta property=\"og:description\" content=\"As horas trabalhadas e o faturamento das ind\u00fastrias, cresceram no m\u00eas de agosto. Mas, outros indices dimuniram. Clique para saber mais\" \/>\n<meta property=\"og:url\" content=\"https:\/\/www.suno.com.br\/noticias\/industrias-recebem-mais-pagam\/\" \/>\n<meta property=\"og:site_name\" content=\"Suno Not\u00edcias\" \/>\n<meta property=\"article:publisher\" content=\"https:\/\/facebook.com\/sunoresearch\" \/>\n<meta property=\"article:author\" content=\"https:\/\/www.linkedin.com\/in\/paulo-jaschke-328221168\/\" \/>\n<meta property=\"og:image\" content=\"https:\/\/files.sunoresearch.com.br\/n\/uploads\/2018\/10\/a90d69ab-forklift-835340_960_720.jpg\" \/>\n\t<meta property=\"og:image:width\" content=\"960\" \/>\n\t<meta property=\"og:image:height\" content=\"640\" \/>\n\t<meta property=\"og:image:type\" content=\"image\/jpeg\" \/>\n<meta name=\"author\" content=\"Paulo Jaschke\" \/>\n<meta name=\"twitter:card\" content=\"summary_large_image\" \/>\n<meta name=\"twitter:creator\" content=\"@sunoresearch\" \/>\n<meta name=\"twitter:site\" content=\"@sunoresearch\" \/>\n<meta name=\"twitter:label1\" content=\"Escrito por\" \/>\n\t<meta name=\"twitter:data1\" content=\"Paulo Jaschke\" \/>\n\t<meta name=\"twitter:label2\" content=\"Est. tempo de leitura\" \/>\n\t<meta name=\"twitter:data2\" content=\"1 minuto\" \/>\n<script type=\"application\/ld+json\" class=\"yoast-schema-graph\">{\"@context\":\"https:\/\/schema.org\",\"@graph\":[{\"@type\":\"NewsArticle\",\"@id\":\"https:\/\/www.suno.com.br\/noticias\/industrias-recebem-mais-pagam\/#article\",\"isPartOf\":{\"@id\":\"https:\/\/www.suno.com.br\/noticias\/industrias-recebem-mais-pagam\/\"},\"author\":{\"name\":\"Paulo Jaschke\",\"@id\":\"https:\/\/www.suno.com.br\/noticias\/#\/schema\/person\/edc78e26bff487bcad4a7d5e75ca2938\"},\"headline\":\"Ind\u00fastrias brasileiras recebem mais, mas pagam menos aos funcion\u00e1rios, afirma CNI\",\"datePublished\":\"2018-10-26T18:46:05+00:00\",\"dateModified\":\"2018-10-26T18:47:14+00:00\",\"mainEntityOfPage\":{\"@id\":\"https:\/\/www.suno.com.br\/noticias\/industrias-recebem-mais-pagam\/\"},\"wordCount\":224,\"publisher\":{\"@id\":\"https:\/\/www.suno.com.br\/noticias\/#organization\"},\"image\":{\"@id\":\"https:\/\/www.suno.com.br\/noticias\/industrias-recebem-mais-pagam\/#primaryimage\"},\"thumbnailUrl\":\"https:\/\/files.sunoresearch.com.br\/n\/uploads\/2018\/10\/a90d69ab-forklift-835340_960_720-jpg.webp\",\"articleSection\":[\"Economia\"],\"inLanguage\":\"pt-BR\"},{\"@type\":\"WebPage\",\"@id\":\"https:\/\/www.suno.com.br\/noticias\/industrias-recebem-mais-pagam\/\",\"url\":\"https:\/\/www.suno.com.br\/noticias\/industrias-recebem-mais-pagam\/\",\"name\":\"Ind\u00fastrias brasileiras recebem mais, mas pagam menos aos funcion\u00e1rios, afirma CNI\",\"isPartOf\":{\"@id\":\"https:\/\/www.suno.com.br\/noticias\/#website\"},\"primaryImageOfPage\":{\"@id\":\"https:\/\/www.suno.com.br\/noticias\/industrias-recebem-mais-pagam\/#primaryimage\"},\"image\":{\"@id\":\"https:\/\/www.suno.com.br\/noticias\/industrias-recebem-mais-pagam\/#primaryimage\"},\"thumbnailUrl\":\"https:\/\/files.sunoresearch.com.br\/n\/uploads\/2018\/10\/a90d69ab-forklift-835340_960_720-jpg.webp\",\"datePublished\":\"2018-10-26T18:46:05+00:00\",\"dateModified\":\"2018-10-26T18:47:14+00:00\",\"description\":\"As horas trabalhadas e o faturamento das ind\u00fastrias, cresceram no m\u00eas de agosto. Mas, outros indices dimuniram. Clique para saber mais\",\"breadcrumb\":{\"@id\":\"https:\/\/www.suno.com.br\/noticias\/industrias-recebem-mais-pagam\/#breadcrumb\"},\"inLanguage\":\"pt-BR\",\"potentialAction\":[{\"@type\":\"ReadAction\",\"target\":[\"https:\/\/www.suno.com.br\/noticias\/industrias-recebem-mais-pagam\/\"]}]},{\"@type\":\"ImageObject\",\"inLanguage\":\"pt-BR\",\"@id\":\"https:\/\/www.suno.com.br\/noticias\/industrias-recebem-mais-pagam\/#primaryimage\",\"url\":\"https:\/\/files.sunoresearch.com.br\/n\/uploads\/2018\/10\/a90d69ab-forklift-835340_960_720-jpg.webp\",\"contentUrl\":\"https:\/\/files.sunoresearch.com.br\/n\/uploads\/2018\/10\/a90d69ab-forklift-835340_960_720-jpg.webp\",\"width\":960,\"height\":640},{\"@type\":\"BreadcrumbList\",\"@id\":\"https:\/\/www.suno.com.br\/noticias\/industrias-recebem-mais-pagam\/#breadcrumb\",\"itemListElement\":[{\"@type\":\"ListItem\",\"position\":1,\"name\":\"Not\u00edcias\",\"item\":\"https:\/\/www.suno.com.br\/noticias\/\"},{\"@type\":\"ListItem\",\"position\":2,\"name\":\"Economia\",\"item\":\"https:\/\/www.suno.com.br\/noticias\/economia\/\"},{\"@type\":\"ListItem\",\"position\":3,\"name\":\"Ind\u00fastrias brasileiras recebem mais, mas pagam menos aos funcion\u00e1rios, afirma CNI\"}]},{\"@type\":\"WebSite\",\"@id\":\"https:\/\/www.suno.com.br\/noticias\/#website\",\"url\":\"https:\/\/www.suno.com.br\/noticias\/\",\"name\":\"Suno Not\u00edcias\",\"description\":\"Seu portal de informa\u00e7\u00e3o sobre o mundo dos investimentos\",\"publisher\":{\"@id\":\"https:\/\/www.suno.com.br\/noticias\/#organization\"},\"potentialAction\":[{\"@type\":\"SearchAction\",\"target\":{\"@type\":\"EntryPoint\",\"urlTemplate\":\"https:\/\/www.suno.com.br\/noticias\/?s={search_term_string}\"},\"query-input\":{\"@type\":\"PropertyValueSpecification\",\"valueRequired\":true,\"valueName\":\"search_term_string\"}}],\"inLanguage\":\"pt-BR\"},{\"@type\":\"Organization\",\"@id\":\"https:\/\/www.suno.com.br\/noticias\/#organization\",\"name\":\"Suno Not\u00edcias\",\"url\":\"https:\/\/www.suno.com.br\/noticias\/\",\"logo\":{\"@type\":\"ImageObject\",\"inLanguage\":\"pt-BR\",\"@id\":\"https:\/\/www.suno.com.br\/noticias\/#\/schema\/logo\/image\/\",\"url\":\"https:\/\/files.sunoresearch.com.br\/n\/uploads\/2021\/09\/suno-logo.png\",\"contentUrl\":\"https:\/\/files.sunoresearch.com.br\/n\/uploads\/2021\/09\/suno-logo.png\",\"width\":180,\"height\":180,\"caption\":\"Suno Not\u00edcias\"},\"image\":{\"@id\":\"https:\/\/www.suno.com.br\/noticias\/#\/schema\/logo\/image\/\"},\"sameAs\":[\"https:\/\/facebook.com\/sunoresearch\",\"https:\/\/x.com\/sunoresearch\",\"https:\/\/www.instagram.com\/suno\",\"https:\/\/www.linkedin.com\/company\/suno-research\/\",\"https:\/\/www.youtube.com\/c\/sunoresearch\"]},{\"@type\":\"Person\",\"@id\":\"https:\/\/www.suno.com.br\/noticias\/#\/schema\/person\/edc78e26bff487bcad4a7d5e75ca2938\",\"name\":\"Paulo Jaschke\",\"image\":{\"@type\":\"ImageObject\",\"inLanguage\":\"pt-BR\",\"@id\":\"https:\/\/www.suno.com.br\/noticias\/#\/schema\/person\/image\/\",\"url\":\"https:\/\/secure.gravatar.com\/avatar\/d866ede420b0a0e4741620ba27841b8f?s=96&r=g\",\"contentUrl\":\"https:\/\/secure.gravatar.com\/avatar\/d866ede420b0a0e4741620ba27841b8f?s=96&r=g\",\"caption\":\"Paulo Jaschke\"},\"description\":\"Paulo Jaschke \u00e9 estudante de jornalismo na ESPM-SP. Escreve sobre o mercado financeiro, economia e pol\u00edtica internacional para o portal da Suno Research. Tamb\u00e9m escreve sobre economia internacional na ag\u00eancia CMA e \u00e9 rep\u00f3rter esportivo pela Web r\u00e1dio EsportesNet. Em 2018, foi rep\u00f3rter esportivo pela R\u00e1dio ESPM na Copa do Mundo 2018 e escreveu para a Revista Plural ESPM.\",\"sameAs\":[\"https:\/\/www.suno.com.br\/\",\"https:\/\/www.linkedin.com\/in\/paulo-jaschke-328221168\/\"],\"url\":\"https:\/\/www.suno.com.br\/noticias\/author\/paulo-jaschke\/\"}]}<\/script>\n<!-- \/ Yoast SEO plugin. -->","yoast_head_json":{"title":"Ind\u00fastrias brasileiras recebem mais, mas pagam menos aos funcion\u00e1rios, afirma CNI","description":"As horas trabalhadas e o faturamento das ind\u00fastrias, cresceram no m\u00eas de agosto. Mas, outros indices dimuniram. Clique para saber mais","robots":{"index":"index","follow":"follow","max-snippet":"max-snippet:-1","max-image-preview":"max-image-preview:large","max-video-preview":"max-video-preview:-1"},"canonical":"https:\/\/www.suno.com.br\/noticias\/industrias-recebem-mais-pagam\/","og_locale":"pt_BR","og_type":"article","og_title":"Ind\u00fastrias brasileiras recebem mais, mas pagam menos aos funcion\u00e1rios, afirma CNI","og_description":"As horas trabalhadas e o faturamento das ind\u00fastrias, cresceram no m\u00eas de agosto. Mas, outros indices dimuniram. Clique para saber mais","og_url":"https:\/\/www.suno.com.br\/noticias\/industrias-recebem-mais-pagam\/","og_site_name":"Suno Not\u00edcias","article_publisher":"https:\/\/facebook.com\/sunoresearch","article_author":"https:\/\/www.linkedin.com\/in\/paulo-jaschke-328221168\/","og_image":[{"width":960,"height":640,"url":"https:\/\/files.sunoresearch.com.br\/n\/uploads\/2018\/10\/a90d69ab-forklift-835340_960_720.jpg","type":"image\/jpeg"}],"author":"Paulo Jaschke","twitter_card":"summary_large_image","twitter_creator":"@sunoresearch","twitter_site":"@sunoresearch","twitter_misc":{"Escrito por":"Paulo Jaschke","Est. tempo de leitura":"1 minuto"},"schema":{"@context":"https:\/\/schema.org","@graph":[{"@type":"NewsArticle","@id":"https:\/\/www.suno.com.br\/noticias\/industrias-recebem-mais-pagam\/#article","isPartOf":{"@id":"https:\/\/www.suno.com.br\/noticias\/industrias-recebem-mais-pagam\/"},"author":{"name":"Paulo Jaschke","@id":"https:\/\/www.suno.com.br\/noticias\/#\/schema\/person\/edc78e26bff487bcad4a7d5e75ca2938"},"headline":"Ind\u00fastrias brasileiras recebem mais, mas pagam menos aos funcion\u00e1rios, afirma CNI","datePublished":"2018-10-26T18:46:05+00:00","dateModified":"2018-10-26T18:47:14+00:00","mainEntityOfPage":{"@id":"https:\/\/www.suno.com.br\/noticias\/industrias-recebem-mais-pagam\/"},"wordCount":224,"publisher":{"@id":"https:\/\/www.suno.com.br\/noticias\/#organization"},"image":{"@id":"https:\/\/www.suno.com.br\/noticias\/industrias-recebem-mais-pagam\/#primaryimage"},"thumbnailUrl":"https:\/\/files.sunoresearch.com.br\/n\/uploads\/2018\/10\/a90d69ab-forklift-835340_960_720-jpg.webp","articleSection":["Economia"],"inLanguage":"pt-BR"},{"@type":"WebPage","@id":"https:\/\/www.suno.com.br\/noticias\/industrias-recebem-mais-pagam\/","url":"https:\/\/www.suno.com.br\/noticias\/industrias-recebem-mais-pagam\/","name":"Ind\u00fastrias brasileiras recebem mais, mas pagam menos aos funcion\u00e1rios, afirma CNI","isPartOf":{"@id":"https:\/\/www.suno.com.br\/noticias\/#website"},"primaryImageOfPage":{"@id":"https:\/\/www.suno.com.br\/noticias\/industrias-recebem-mais-pagam\/#primaryimage"},"image":{"@id":"https:\/\/www.suno.com.br\/noticias\/industrias-recebem-mais-pagam\/#primaryimage"},"thumbnailUrl":"https:\/\/files.sunoresearch.com.br\/n\/uploads\/2018\/10\/a90d69ab-forklift-835340_960_720-jpg.webp","datePublished":"2018-10-26T18:46:05+00:00","dateModified":"2018-10-26T18:47:14+00:00","description":"As horas trabalhadas e o faturamento das ind\u00fastrias, cresceram no m\u00eas de agosto. Mas, outros indices dimuniram. Clique para saber mais","breadcrumb":{"@id":"https:\/\/www.suno.com.br\/noticias\/industrias-recebem-mais-pagam\/#breadcrumb"},"inLanguage":"pt-BR","potentialAction":[{"@type":"ReadAction","target":["https:\/\/www.suno.com.br\/noticias\/industrias-recebem-mais-pagam\/"]}]},{"@type":"ImageObject","inLanguage":"pt-BR","@id":"https:\/\/www.suno.com.br\/noticias\/industrias-recebem-mais-pagam\/#primaryimage","url":"https:\/\/files.sunoresearch.com.br\/n\/uploads\/2018\/10\/a90d69ab-forklift-835340_960_720-jpg.webp","contentUrl":"https:\/\/files.sunoresearch.com.br\/n\/uploads\/2018\/10\/a90d69ab-forklift-835340_960_720-jpg.webp","width":960,"height":640},{"@type":"BreadcrumbList","@id":"https:\/\/www.suno.com.br\/noticias\/industrias-recebem-mais-pagam\/#breadcrumb","itemListElement":[{"@type":"ListItem","position":1,"name":"Not\u00edcias","item":"https:\/\/www.suno.com.br\/noticias\/"},{"@type":"ListItem","position":2,"name":"Economia","item":"https:\/\/www.suno.com.br\/noticias\/economia\/"},{"@type":"ListItem","position":3,"name":"Ind\u00fastrias brasileiras recebem mais, mas pagam menos aos funcion\u00e1rios, afirma CNI"}]},{"@type":"WebSite","@id":"https:\/\/www.suno.com.br\/noticias\/#website","url":"https:\/\/www.suno.com.br\/noticias\/","name":"Suno Not\u00edcias","description":"Seu portal de informa\u00e7\u00e3o sobre o mundo dos investimentos","publisher":{"@id":"https:\/\/www.suno.com.br\/noticias\/#organization"},"potentialAction":[{"@type":"SearchAction","target":{"@type":"EntryPoint","urlTemplate":"https:\/\/www.suno.com.br\/noticias\/?s={search_term_string}"},"query-input":{"@type":"PropertyValueSpecification","valueRequired":true,"valueName":"search_term_string"}}],"inLanguage":"pt-BR"},{"@type":"Organization","@id":"https:\/\/www.suno.com.br\/noticias\/#organization","name":"Suno Not\u00edcias","url":"https:\/\/www.suno.com.br\/noticias\/","logo":{"@type":"ImageObject","inLanguage":"pt-BR","@id":"https:\/\/www.suno.com.br\/noticias\/#\/schema\/logo\/image\/","url":"https:\/\/files.sunoresearch.com.br\/n\/uploads\/2021\/09\/suno-logo.png","contentUrl":"https:\/\/files.sunoresearch.com.br\/n\/uploads\/2021\/09\/suno-logo.png","width":180,"height":180,"caption":"Suno Not\u00edcias"},"image":{"@id":"https:\/\/www.suno.com.br\/noticias\/#\/schema\/logo\/image\/"},"sameAs":["https:\/\/facebook.com\/sunoresearch","https:\/\/x.com\/sunoresearch","https:\/\/www.instagram.com\/suno","https:\/\/www.linkedin.com\/company\/suno-research\/","https:\/\/www.youtube.com\/c\/sunoresearch"]},{"@type":"Person","@id":"https:\/\/www.suno.com.br\/noticias\/#\/schema\/person\/edc78e26bff487bcad4a7d5e75ca2938","name":"Paulo Jaschke","image":{"@type":"ImageObject","inLanguage":"pt-BR","@id":"https:\/\/www.suno.com.br\/noticias\/#\/schema\/person\/image\/","url":"https:\/\/secure.gravatar.com\/avatar\/d866ede420b0a0e4741620ba27841b8f?s=96&r=g","contentUrl":"https:\/\/secure.gravatar.com\/avatar\/d866ede420b0a0e4741620ba27841b8f?s=96&r=g","caption":"Paulo Jaschke"},"description":"Paulo Jaschke \u00e9 estudante de jornalismo na ESPM-SP. Escreve sobre o mercado financeiro, economia e pol\u00edtica internacional para o portal da Suno Research. Tamb\u00e9m escreve sobre economia internacional na ag\u00eancia CMA e \u00e9 rep\u00f3rter esportivo pela Web r\u00e1dio EsportesNet. Em 2018, foi rep\u00f3rter esportivo pela R\u00e1dio ESPM na Copa do Mundo 2018 e escreveu para a Revista Plural ESPM.","sameAs":["https:\/\/www.suno.com.br\/","https:\/\/www.linkedin.com\/in\/paulo-jaschke-328221168\/"],"url":"https:\/\/www.suno.com.br\/noticias\/author\/paulo-jaschke\/"}]}},"default_loop_html":"<div class=\"cardsPage__listCard__boxs\"><div class=\"cardsPage__listCard__boxs__img\"><a href=\"https:\/\/www.suno.com.br\/noticias\/industrias-recebem-mais-pagam\/\"><img class=\"mask\" src=\"https:\/\/www.suno.com.br\/noticias\/wp-content\/themes\/suno\/resources\/images\/spotlight\/spotlight1img\/bg-mask.png\" alt=\"Image Mask\"\/><img src=\"https:\/\/files.sunoresearch.com.br\/n\/uploads\/2018\/10\/a90d69ab-forklift-835340_960_720-400x200.webp\" alt=\"Ind\u00fastrias brasileiras recebem mais, mas pagam menos aos funcion\u00e1rios, afirma CNI\"\/><\/a><span class=\"spotlightCategory\"><a href=\"https:\/\/www.suno.com.br\/noticias\/economia\/\">Economia<\/a><\/span><\/div><div class=\"cardsPage__listCard__boxs__content\"><a href=\"https:\/\/www.suno.com.br\/noticias\/industrias-recebem-mais-pagam\/\"><h2 class=\"content__title\">Ind\u00fastrias brasileiras recebem mais, mas pagam menos aos funcion\u00e1rios, afirma CNI<\/h2><\/a><div class=\"newsContent__article__meta\"><div class=\"newsContent__article__meta__authorBox\"><a href=\"https:\/\/www.suno.com.br\/noticias\/author\/paulo-jaschke\/\" class=\"authorBox__avatar noMobi\"><img src=\"https:\/\/secure.gravatar.com\/avatar\/d866ede420b0a0e4741620ba27841b8f?s=96&#038;r=g\" alt=\"Paulo Jaschke\"><\/a><div class=\"authorBox__name\"><span>por\n\t\t\t<a href=\"https:\/\/www.suno.com.br\/noticias\/author\/paulo-jaschke\/\"><span itemprop=\"author\">Paulo Jaschke<\/span><\/a><\/span><time datetime=\"2018-10-26T15:46:05-03:00\" itemprop=\"datePublished\">26\/10\/2018 15:46<\/time><\/div><\/div><\/div><\/div><\/div>","single_layout":"posts","amp_enabled":true,"_links":{"self":[{"href":"https:\/\/www.suno.com.br\/noticias\/wp-json\/wp\/v2\/posts\/4719"}],"collection":[{"href":"https:\/\/www.suno.com.br\/noticias\/wp-json\/wp\/v2\/posts"}],"about":[{"href":"https:\/\/www.suno.com.br\/noticias\/wp-json\/wp\/v2\/types\/post"}],"author":[{"embeddable":true,"href":"https:\/\/www.suno.com.br\/noticias\/wp-json\/wp\/v2\/users\/6"}],"replies":[{"embeddable":true,"href":"https:\/\/www.suno.com.br\/noticias\/wp-json\/wp\/v2\/comments?post=4719"}],"version-history":[{"count":0,"href":"https:\/\/www.suno.com.br\/noticias\/wp-json\/wp\/v2\/posts\/4719\/revisions"}],"wp:featuredmedia":[{"embeddable":true,"href":"https:\/\/www.suno.com.br\/noticias\/wp-json\/wp\/v2\/media\/4720"}],"wp:attachment":[{"href":"https:\/\/www.suno.com.br\/noticias\/wp-json\/wp\/v2\/media?parent=4719"}],"wp:term":[{"taxonomy":"category","embeddable":true,"href":"https:\/\/www.suno.com.br\/noticias\/wp-json\/wp\/v2\/categories?post=4719"},{"taxonomy":"post_tag","embeddable":true,"href":"https:\/\/www.suno.com.br\/noticias\/wp-json\/wp\/v2\/tags?post=4719"},{"taxonomy":"suno_strategy","embeddable":true,"href":"https:\/\/www.suno.com.br\/noticias\/wp-json\/wp\/v2\/suno_strategy?post=4719"}],"curies":[{"name":"wp","href":"https:\/\/api.w.org\/{rel}","templated":true}]}}