{"id":47189,"date":"2019-12-09T17:00:29","date_gmt":"2019-12-09T19:00:29","guid":{"rendered":"https:\/\/www.suno.com.br\/noticias\/?p=47189"},"modified":"2019-12-11T17:49:24","modified_gmt":"2019-12-11T19:49:24","slug":"jair-bolsonaro-alta-preco-carne-reflexo-entressafra","status":"publish","type":"post","link":"https:\/\/www.suno.com.br\/noticias\/jair-bolsonaro-alta-preco-carne-reflexo-entressafra\/","title":{"rendered":"Pre\u00e7o da carne em alta \u00e9 reflexo da entressafra, diz Bolsonaro"},"content":{"rendered":"<p>O presidente <strong>Jair Bolsonaro<\/strong> disse que a alta do pre\u00e7o da carne \u00e9 motivada por uma combina\u00e7\u00e3o de <strong>entressafra<\/strong> com aumento das <a href=\"https:\/\/www.suno.com.br\/artigos\/imposto-de-exportacao\/\"><strong>exporta\u00e7\u00f5es<\/strong><\/a>. A declara\u00e7\u00e3o ocorreu, nesta segunda-feira (9), durante uma transmiss\u00e3o ao vivo nas redes sociais.<\/p>\t<div class=\"wrapper-featured-image\">\n\t\t<figure class=\"spotlightImg\">\n\n\t\t\t<picture>\n\t\t\t\t<source media=\"(max-width: 768px)\" srcset=\"https:\/\/files.sunoresearch.com.br\/n\/uploads\/2019\/10\/7f17bb70-bolsonaro-400x200.webp\">\n\t\t\t\t<img loading=\"lazy\" decoding=\"async\" class=\"newsContent__article__imgCapa lazyloadDisabled newsContent__article__imgCapa--noCaption\" src=\"https:\/\/files.sunoresearch.com.br\/n\/uploads\/2019\/10\/7f17bb70-bolsonaro-800x450.webp\" width=\"800\" height=\"450\" alt=\"Pre\u00e7o da carne em alta \u00e9 reflexo da entressafra, diz Bolsonaro\" fetchpriority=high \/>\n\t\t\t<\/picture>\n\n\t\t\t<figcaption class=\"wp-caption-text wp-caption-text--hide\">O presidente da Rep\u00fablica, Jair Bolsonaro, afirmou nessa ter\u00e7a-feira (18) que vai estudar a reforma administrativa a &quot;noite toda de hoje&quot;.<\/figcaption>\n\t\t<\/figure>\n\t<\/div>\n\n\n\n<p>De acordo com Bolsonaro,\u00a0o pre\u00e7o da <strong>carne<\/strong> dever\u00e1 voltar a cair em breve. A baixa dever\u00e1 ocorrer ap\u00f3s o pre\u00e7o do boi gordo atingir m\u00e1ximas hist\u00f3ricas e, como consequ\u00eancia, pressionar a <a href=\"https:\/\/www.suno.com.br\/artigos\/inflacao\/\"><strong>infla\u00e7\u00e3o<\/strong><\/a>.<\/p>\n<p>\u201cEstamos numa entressafra. \u00c9 natural nessa \u00e9poca do ano a carne subir por volta de 10%, subiu um pouco mais devido \u00e0s exporta\u00e7\u00f5es\u201d, afirmou o mandat\u00e1rio.<\/p>\n<p>O presidente salientou ainda que os produtores brasileiros est\u00e3o trabalhando para aumentar a produtividade. Dessa forma, a <strong>demanda<\/strong> do mercado externo ser\u00e1 atendida e os pre\u00e7os dever\u00e3o cair.<\/p>\n<p>\u201cEu estou levando pancada sobre o pre\u00e7o da carne. \u00c9 uma entressafra, vai diminuir esse pre\u00e7o, o pessoal est\u00e1 investindo cada vez mais, mas n\u00e3o \u00e9 f\u00e1cil voc\u00ea ser agricultor tamb\u00e9m. Pessoal sempre critica o homem do campo, desmatamento, desmatamento. Est\u00e1 comprovado aqui que a gente praticamente n\u00e3o precisa da Amaz\u00f4nia para isso da\u00ed\u201d, disse Bolsonaro.<\/p>\n\t<p>\n\t\t<a href=\"https:\/\/lp.suno.com.br\/lm\/simulador-de-renda-passiva\/\" target=\"_blank\" data-element=\"shortcode-suno-banner\" title=\"Banner SUNO, clique e saiba mais\">\n\t\t\t<picture>\n\t\t\t\t<source media=\"(max-width: 500px)\" srcset=\"https:\/\/files.sunoresearch.com.br\/n\/uploads\/2024\/04\/Lead-Magnet-400x300-1.png\">\n\t\t\t\t<img class=\"newsContent__article__imgCapa newsContent__article__imgCapa--banner\"\n\t\t\t\t\tsrc=\"https:\/\/files.sunoresearch.com.br\/n\/uploads\/2024\/04\/Lead-Magnet-1420x240-1.png\"\n\t\t\t\t\tdata-promo-id=\"543552\"\t\t\t\t\t\t\t\t\t\twidth='1420' height='240'\t\t\t\t\talt=\"https:\/\/files.sunoresearch.com.br\/n\/uploads\/2024\/04\/Lead-Magnet-1420x240-1.png\"\n\t\t\t\t>\n\t\t\t<\/picture>\n\t\t<\/a>\n\t<\/p>\n\n\n<p>O surto de peste su\u00edna africana que afetou a cria\u00e7\u00e3o de porcos na <strong>China<\/strong> fez com que o <strong>Brasil<\/strong>, maior exportador de <strong>carne bovina<\/strong> do mundo, exportasse cada vez mais ao pa\u00eds asi\u00e1tico.<\/p>\n<h2>Reflexos da alta da carne na infla\u00e7\u00e3o<\/h2>\n<p>Na \u00faltima sexta-feira (6), o <strong>Instituto Brasileiro de Geografia e Estat\u00edstica<\/strong> divulgou o <a href=\"https:\/\/www.suno.com.br\/artigos\/ipca\/\">\u00cdndice Nacional de Pre\u00e7os ao Consumidor Amplo<\/a> (<strong>IPCA<\/strong>) referente a novembro. Segundo o instituto, as carnes tiveram avan\u00e7o de 8,09% no m\u00eas de novembro.<\/p>\n<p><a href=\"https:\/\/www.suno.com.br\/noticias\/ipca-atinge-maior-patamar-para-novembro-desde-2015\/\">Saiba mais: IPCA atinge maior patamar para novembro desde 2015<\/a><\/p>\n<p>O aumento do pre\u00e7o das carnes foi o principal respons\u00e1vel pela alta do <strong>IPCA<\/strong> em novembro. O \u00edndice apresentou resultado de 0,51%, maior patamar registrado para o pen\u00faltimo m\u00eas do ano desde 2015.<\/p>\n<p>Al\u00e9m da alta do pre\u00e7o da <strong>carne<\/strong>, o instituto informou que outro fator que impactou o \u00edndice foi a alta das tarifas de energia el\u00e9trica. As tarifas subiram 2,15% com a altera\u00e7\u00e3o da bandeira tarif\u00e1ria entre outubro e novembro, que passou para bandeira vermelha patamar 1.<\/p>\n","protected":false},"excerpt":{"rendered":"<p>O presidente Jair Bolsonaro disse que a alta do pre\u00e7o da carne \u00e9 motivada por uma combina\u00e7\u00e3o de entressafra com aumento das exporta\u00e7\u00f5es. A declara\u00e7\u00e3o ocorreu, nesta segunda-feira (9), durante uma transmiss\u00e3o ao vivo nas redes sociais. O presidente da Rep\u00fablica, Jair Bolsonaro, afirmou nessa ter\u00e7a-feira (18) que vai estudar a reforma administrativa a &quot;noite [&hellip;]<\/p>\n","protected":false},"author":18,"featured_media":42631,"comment_status":"closed","ping_status":"closed","sticky":false,"template":"","format":"standard","meta":[],"categories":[62],"tags":[711,719],"suno_strategy":[],"class_list":["post-47189","post","type-post","status-publish","format-standard","has-post-thumbnail","hentry","category-economia","tag-china","tag-jair-bolsonaro"],"yoast_head":"<!-- This site is optimized with the Yoast SEO plugin v24.4 - https:\/\/yoast.com\/wordpress\/plugins\/seo\/ -->\n<title>Pre\u00e7o da carne em alta \u00e9 reflexo da entressafra, diz Bolsonaro<\/title>\n<meta name=\"description\" content=\"O presidente Jair Bolsonaro disse que a alta do pre\u00e7o da carne \u00e9 motivada pela entressafra e aumento das exporta\u00e7\u00f5es. Clique para saber mais.\" \/>\n<meta name=\"robots\" content=\"index, follow, max-snippet:-1, max-image-preview:large, max-video-preview:-1\" \/>\n<link rel=\"canonical\" href=\"https:\/\/www.suno.com.br\/noticias\/jair-bolsonaro-alta-preco-carne-reflexo-entressafra\/\" \/>\n<meta property=\"og:locale\" content=\"pt_BR\" \/>\n<meta property=\"og:type\" content=\"article\" \/>\n<meta property=\"og:title\" content=\"Pre\u00e7o da carne em alta \u00e9 reflexo da entressafra, diz Bolsonaro\" \/>\n<meta property=\"og:description\" content=\"O presidente Jair Bolsonaro disse que a alta do pre\u00e7o da carne \u00e9 motivada pela entressafra e aumento das exporta\u00e7\u00f5es. Clique para saber mais.\" \/>\n<meta property=\"og:url\" content=\"https:\/\/www.suno.com.br\/noticias\/jair-bolsonaro-alta-preco-carne-reflexo-entressafra\/\" \/>\n<meta property=\"og:site_name\" content=\"Suno Not\u00edcias\" \/>\n<meta property=\"article:publisher\" content=\"https:\/\/facebook.com\/sunoresearch\" \/>\n<meta property=\"og:image\" content=\"https:\/\/files.sunoresearch.com.br\/n\/uploads\/2019\/10\/7f17bb70-bolsonaro.jpg\" \/>\n\t<meta property=\"og:image:width\" content=\"1140\" \/>\n\t<meta property=\"og:image:height\" content=\"760\" \/>\n\t<meta property=\"og:image:type\" content=\"image\/jpeg\" \/>\n<meta name=\"author\" content=\"Giovanna Oliveira\" \/>\n<meta name=\"twitter:card\" content=\"summary_large_image\" \/>\n<meta name=\"twitter:creator\" content=\"@sunoresearch\" \/>\n<meta name=\"twitter:site\" content=\"@sunoresearch\" \/>\n<meta name=\"twitter:label1\" content=\"Escrito por\" \/>\n\t<meta name=\"twitter:data1\" content=\"Giovanna Oliveira\" \/>\n\t<meta name=\"twitter:label2\" content=\"Est. tempo de leitura\" \/>\n\t<meta name=\"twitter:data2\" content=\"2 minutos\" \/>\n<script type=\"application\/ld+json\" class=\"yoast-schema-graph\">{\"@context\":\"https:\/\/schema.org\",\"@graph\":[{\"@type\":\"NewsArticle\",\"@id\":\"https:\/\/www.suno.com.br\/noticias\/jair-bolsonaro-alta-preco-carne-reflexo-entressafra\/#article\",\"isPartOf\":{\"@id\":\"https:\/\/www.suno.com.br\/noticias\/jair-bolsonaro-alta-preco-carne-reflexo-entressafra\/\"},\"author\":{\"name\":\"Giovanna Oliveira\",\"@id\":\"https:\/\/www.suno.com.br\/noticias\/#\/schema\/person\/4e19e3d2575736e5283d58eb3199d120\"},\"headline\":\"Pre\u00e7o da carne em alta \u00e9 reflexo da entressafra, diz Bolsonaro\",\"datePublished\":\"2019-12-09T19:00:29+00:00\",\"dateModified\":\"2019-12-11T19:49:24+00:00\",\"mainEntityOfPage\":{\"@id\":\"https:\/\/www.suno.com.br\/noticias\/jair-bolsonaro-alta-preco-carne-reflexo-entressafra\/\"},\"wordCount\":391,\"publisher\":{\"@id\":\"https:\/\/www.suno.com.br\/noticias\/#organization\"},\"image\":{\"@id\":\"https:\/\/www.suno.com.br\/noticias\/jair-bolsonaro-alta-preco-carne-reflexo-entressafra\/#primaryimage\"},\"thumbnailUrl\":\"https:\/\/files.sunoresearch.com.br\/n\/uploads\/2019\/10\/7f17bb70-bolsonaro-jpg.webp\",\"keywords\":[\"China\",\"Jair Bolsonaro\"],\"articleSection\":[\"Economia\"],\"inLanguage\":\"pt-BR\"},{\"@type\":\"WebPage\",\"@id\":\"https:\/\/www.suno.com.br\/noticias\/jair-bolsonaro-alta-preco-carne-reflexo-entressafra\/\",\"url\":\"https:\/\/www.suno.com.br\/noticias\/jair-bolsonaro-alta-preco-carne-reflexo-entressafra\/\",\"name\":\"Pre\u00e7o da carne em alta \u00e9 reflexo da entressafra, diz Bolsonaro\",\"isPartOf\":{\"@id\":\"https:\/\/www.suno.com.br\/noticias\/#website\"},\"primaryImageOfPage\":{\"@id\":\"https:\/\/www.suno.com.br\/noticias\/jair-bolsonaro-alta-preco-carne-reflexo-entressafra\/#primaryimage\"},\"image\":{\"@id\":\"https:\/\/www.suno.com.br\/noticias\/jair-bolsonaro-alta-preco-carne-reflexo-entressafra\/#primaryimage\"},\"thumbnailUrl\":\"https:\/\/files.sunoresearch.com.br\/n\/uploads\/2019\/10\/7f17bb70-bolsonaro-jpg.webp\",\"datePublished\":\"2019-12-09T19:00:29+00:00\",\"dateModified\":\"2019-12-11T19:49:24+00:00\",\"description\":\"O presidente Jair Bolsonaro disse que a alta do pre\u00e7o da carne \u00e9 motivada pela entressafra e aumento das exporta\u00e7\u00f5es. Clique para saber mais.\",\"breadcrumb\":{\"@id\":\"https:\/\/www.suno.com.br\/noticias\/jair-bolsonaro-alta-preco-carne-reflexo-entressafra\/#breadcrumb\"},\"inLanguage\":\"pt-BR\",\"potentialAction\":[{\"@type\":\"ReadAction\",\"target\":[\"https:\/\/www.suno.com.br\/noticias\/jair-bolsonaro-alta-preco-carne-reflexo-entressafra\/\"]}]},{\"@type\":\"ImageObject\",\"inLanguage\":\"pt-BR\",\"@id\":\"https:\/\/www.suno.com.br\/noticias\/jair-bolsonaro-alta-preco-carne-reflexo-entressafra\/#primaryimage\",\"url\":\"https:\/\/files.sunoresearch.com.br\/n\/uploads\/2019\/10\/7f17bb70-bolsonaro-jpg.webp\",\"contentUrl\":\"https:\/\/files.sunoresearch.com.br\/n\/uploads\/2019\/10\/7f17bb70-bolsonaro-jpg.webp\",\"width\":1140,\"height\":760,\"caption\":\"O presidente da Rep\u00fablica, Jair Bolsonaro, afirmou nessa ter\u00e7a-feira (18) que vai estudar a reforma administrativa a \\\"noite toda de hoje\\\".\"},{\"@type\":\"BreadcrumbList\",\"@id\":\"https:\/\/www.suno.com.br\/noticias\/jair-bolsonaro-alta-preco-carne-reflexo-entressafra\/#breadcrumb\",\"itemListElement\":[{\"@type\":\"ListItem\",\"position\":1,\"name\":\"Not\u00edcias\",\"item\":\"https:\/\/www.suno.com.br\/noticias\/\"},{\"@type\":\"ListItem\",\"position\":2,\"name\":\"Economia\",\"item\":\"https:\/\/www.suno.com.br\/noticias\/economia\/\"},{\"@type\":\"ListItem\",\"position\":3,\"name\":\"Pre\u00e7o da carne em alta \u00e9 reflexo da entressafra, diz Bolsonaro\"}]},{\"@type\":\"WebSite\",\"@id\":\"https:\/\/www.suno.com.br\/noticias\/#website\",\"url\":\"https:\/\/www.suno.com.br\/noticias\/\",\"name\":\"Suno Not\u00edcias\",\"description\":\"Seu portal de informa\u00e7\u00e3o sobre o mundo dos investimentos\",\"publisher\":{\"@id\":\"https:\/\/www.suno.com.br\/noticias\/#organization\"},\"potentialAction\":[{\"@type\":\"SearchAction\",\"target\":{\"@type\":\"EntryPoint\",\"urlTemplate\":\"https:\/\/www.suno.com.br\/noticias\/?s={search_term_string}\"},\"query-input\":{\"@type\":\"PropertyValueSpecification\",\"valueRequired\":true,\"valueName\":\"search_term_string\"}}],\"inLanguage\":\"pt-BR\"},{\"@type\":\"Organization\",\"@id\":\"https:\/\/www.suno.com.br\/noticias\/#organization\",\"name\":\"Suno Not\u00edcias\",\"url\":\"https:\/\/www.suno.com.br\/noticias\/\",\"logo\":{\"@type\":\"ImageObject\",\"inLanguage\":\"pt-BR\",\"@id\":\"https:\/\/www.suno.com.br\/noticias\/#\/schema\/logo\/image\/\",\"url\":\"https:\/\/files.sunoresearch.com.br\/n\/uploads\/2021\/09\/suno-logo.png\",\"contentUrl\":\"https:\/\/files.sunoresearch.com.br\/n\/uploads\/2021\/09\/suno-logo.png\",\"width\":180,\"height\":180,\"caption\":\"Suno Not\u00edcias\"},\"image\":{\"@id\":\"https:\/\/www.suno.com.br\/noticias\/#\/schema\/logo\/image\/\"},\"sameAs\":[\"https:\/\/facebook.com\/sunoresearch\",\"https:\/\/x.com\/sunoresearch\",\"https:\/\/www.instagram.com\/suno\",\"https:\/\/www.linkedin.com\/company\/suno-research\/\",\"https:\/\/www.youtube.com\/c\/sunoresearch\"]},{\"@type\":\"Person\",\"@id\":\"https:\/\/www.suno.com.br\/noticias\/#\/schema\/person\/4e19e3d2575736e5283d58eb3199d120\",\"name\":\"Giovanna Oliveira\",\"image\":{\"@type\":\"ImageObject\",\"inLanguage\":\"pt-BR\",\"@id\":\"https:\/\/www.suno.com.br\/noticias\/#\/schema\/person\/image\/\",\"url\":\"https:\/\/secure.gravatar.com\/avatar\/9a37b3ae208962ac568992d0ffdbc2eb?s=96&r=g\",\"contentUrl\":\"https:\/\/secure.gravatar.com\/avatar\/9a37b3ae208962ac568992d0ffdbc2eb?s=96&r=g\",\"caption\":\"Giovanna Oliveira\"},\"description\":\"Giovanna Oliveira escreve sobre economia e pol\u00edtica. Foi rep\u00f3rter do portal de jornalismo da ESPM-SP e produziu conte\u00fado para a Corinthians TV. \u00c9 estudante da ESPM.\",\"url\":\"https:\/\/www.suno.com.br\/noticias\/author\/giovanna\/\"}]}<\/script>\n<!-- \/ Yoast SEO plugin. -->","yoast_head_json":{"title":"Pre\u00e7o da carne em alta \u00e9 reflexo da entressafra, diz Bolsonaro","description":"O presidente Jair Bolsonaro disse que a alta do pre\u00e7o da carne \u00e9 motivada pela entressafra e aumento das exporta\u00e7\u00f5es. Clique para saber mais.","robots":{"index":"index","follow":"follow","max-snippet":"max-snippet:-1","max-image-preview":"max-image-preview:large","max-video-preview":"max-video-preview:-1"},"canonical":"https:\/\/www.suno.com.br\/noticias\/jair-bolsonaro-alta-preco-carne-reflexo-entressafra\/","og_locale":"pt_BR","og_type":"article","og_title":"Pre\u00e7o da carne em alta \u00e9 reflexo da entressafra, diz Bolsonaro","og_description":"O presidente Jair Bolsonaro disse que a alta do pre\u00e7o da carne \u00e9 motivada pela entressafra e aumento das exporta\u00e7\u00f5es. Clique para saber mais.","og_url":"https:\/\/www.suno.com.br\/noticias\/jair-bolsonaro-alta-preco-carne-reflexo-entressafra\/","og_site_name":"Suno Not\u00edcias","article_publisher":"https:\/\/facebook.com\/sunoresearch","og_image":[{"width":1140,"height":760,"url":"https:\/\/files.sunoresearch.com.br\/n\/uploads\/2019\/10\/7f17bb70-bolsonaro.jpg","type":"image\/jpeg"}],"author":"Giovanna Oliveira","twitter_card":"summary_large_image","twitter_creator":"@sunoresearch","twitter_site":"@sunoresearch","twitter_misc":{"Escrito por":"Giovanna Oliveira","Est. tempo de leitura":"2 minutos"},"schema":{"@context":"https:\/\/schema.org","@graph":[{"@type":"NewsArticle","@id":"https:\/\/www.suno.com.br\/noticias\/jair-bolsonaro-alta-preco-carne-reflexo-entressafra\/#article","isPartOf":{"@id":"https:\/\/www.suno.com.br\/noticias\/jair-bolsonaro-alta-preco-carne-reflexo-entressafra\/"},"author":{"name":"Giovanna Oliveira","@id":"https:\/\/www.suno.com.br\/noticias\/#\/schema\/person\/4e19e3d2575736e5283d58eb3199d120"},"headline":"Pre\u00e7o da carne em alta \u00e9 reflexo da entressafra, diz Bolsonaro","datePublished":"2019-12-09T19:00:29+00:00","dateModified":"2019-12-11T19:49:24+00:00","mainEntityOfPage":{"@id":"https:\/\/www.suno.com.br\/noticias\/jair-bolsonaro-alta-preco-carne-reflexo-entressafra\/"},"wordCount":391,"publisher":{"@id":"https:\/\/www.suno.com.br\/noticias\/#organization"},"image":{"@id":"https:\/\/www.suno.com.br\/noticias\/jair-bolsonaro-alta-preco-carne-reflexo-entressafra\/#primaryimage"},"thumbnailUrl":"https:\/\/files.sunoresearch.com.br\/n\/uploads\/2019\/10\/7f17bb70-bolsonaro-jpg.webp","keywords":["China","Jair Bolsonaro"],"articleSection":["Economia"],"inLanguage":"pt-BR"},{"@type":"WebPage","@id":"https:\/\/www.suno.com.br\/noticias\/jair-bolsonaro-alta-preco-carne-reflexo-entressafra\/","url":"https:\/\/www.suno.com.br\/noticias\/jair-bolsonaro-alta-preco-carne-reflexo-entressafra\/","name":"Pre\u00e7o da carne em alta \u00e9 reflexo da entressafra, diz Bolsonaro","isPartOf":{"@id":"https:\/\/www.suno.com.br\/noticias\/#website"},"primaryImageOfPage":{"@id":"https:\/\/www.suno.com.br\/noticias\/jair-bolsonaro-alta-preco-carne-reflexo-entressafra\/#primaryimage"},"image":{"@id":"https:\/\/www.suno.com.br\/noticias\/jair-bolsonaro-alta-preco-carne-reflexo-entressafra\/#primaryimage"},"thumbnailUrl":"https:\/\/files.sunoresearch.com.br\/n\/uploads\/2019\/10\/7f17bb70-bolsonaro-jpg.webp","datePublished":"2019-12-09T19:00:29+00:00","dateModified":"2019-12-11T19:49:24+00:00","description":"O presidente Jair Bolsonaro disse que a alta do pre\u00e7o da carne \u00e9 motivada pela entressafra e aumento das exporta\u00e7\u00f5es. Clique para saber mais.","breadcrumb":{"@id":"https:\/\/www.suno.com.br\/noticias\/jair-bolsonaro-alta-preco-carne-reflexo-entressafra\/#breadcrumb"},"inLanguage":"pt-BR","potentialAction":[{"@type":"ReadAction","target":["https:\/\/www.suno.com.br\/noticias\/jair-bolsonaro-alta-preco-carne-reflexo-entressafra\/"]}]},{"@type":"ImageObject","inLanguage":"pt-BR","@id":"https:\/\/www.suno.com.br\/noticias\/jair-bolsonaro-alta-preco-carne-reflexo-entressafra\/#primaryimage","url":"https:\/\/files.sunoresearch.com.br\/n\/uploads\/2019\/10\/7f17bb70-bolsonaro-jpg.webp","contentUrl":"https:\/\/files.sunoresearch.com.br\/n\/uploads\/2019\/10\/7f17bb70-bolsonaro-jpg.webp","width":1140,"height":760,"caption":"O presidente da Rep\u00fablica, Jair Bolsonaro, afirmou nessa ter\u00e7a-feira (18) que vai estudar a reforma administrativa a \"noite toda de hoje\"."},{"@type":"BreadcrumbList","@id":"https:\/\/www.suno.com.br\/noticias\/jair-bolsonaro-alta-preco-carne-reflexo-entressafra\/#breadcrumb","itemListElement":[{"@type":"ListItem","position":1,"name":"Not\u00edcias","item":"https:\/\/www.suno.com.br\/noticias\/"},{"@type":"ListItem","position":2,"name":"Economia","item":"https:\/\/www.suno.com.br\/noticias\/economia\/"},{"@type":"ListItem","position":3,"name":"Pre\u00e7o da carne em alta \u00e9 reflexo da entressafra, diz Bolsonaro"}]},{"@type":"WebSite","@id":"https:\/\/www.suno.com.br\/noticias\/#website","url":"https:\/\/www.suno.com.br\/noticias\/","name":"Suno Not\u00edcias","description":"Seu portal de informa\u00e7\u00e3o sobre o mundo dos investimentos","publisher":{"@id":"https:\/\/www.suno.com.br\/noticias\/#organization"},"potentialAction":[{"@type":"SearchAction","target":{"@type":"EntryPoint","urlTemplate":"https:\/\/www.suno.com.br\/noticias\/?s={search_term_string}"},"query-input":{"@type":"PropertyValueSpecification","valueRequired":true,"valueName":"search_term_string"}}],"inLanguage":"pt-BR"},{"@type":"Organization","@id":"https:\/\/www.suno.com.br\/noticias\/#organization","name":"Suno Not\u00edcias","url":"https:\/\/www.suno.com.br\/noticias\/","logo":{"@type":"ImageObject","inLanguage":"pt-BR","@id":"https:\/\/www.suno.com.br\/noticias\/#\/schema\/logo\/image\/","url":"https:\/\/files.sunoresearch.com.br\/n\/uploads\/2021\/09\/suno-logo.png","contentUrl":"https:\/\/files.sunoresearch.com.br\/n\/uploads\/2021\/09\/suno-logo.png","width":180,"height":180,"caption":"Suno Not\u00edcias"},"image":{"@id":"https:\/\/www.suno.com.br\/noticias\/#\/schema\/logo\/image\/"},"sameAs":["https:\/\/facebook.com\/sunoresearch","https:\/\/x.com\/sunoresearch","https:\/\/www.instagram.com\/suno","https:\/\/www.linkedin.com\/company\/suno-research\/","https:\/\/www.youtube.com\/c\/sunoresearch"]},{"@type":"Person","@id":"https:\/\/www.suno.com.br\/noticias\/#\/schema\/person\/4e19e3d2575736e5283d58eb3199d120","name":"Giovanna Oliveira","image":{"@type":"ImageObject","inLanguage":"pt-BR","@id":"https:\/\/www.suno.com.br\/noticias\/#\/schema\/person\/image\/","url":"https:\/\/secure.gravatar.com\/avatar\/9a37b3ae208962ac568992d0ffdbc2eb?s=96&r=g","contentUrl":"https:\/\/secure.gravatar.com\/avatar\/9a37b3ae208962ac568992d0ffdbc2eb?s=96&r=g","caption":"Giovanna Oliveira"},"description":"Giovanna Oliveira escreve sobre economia e pol\u00edtica. Foi rep\u00f3rter do portal de jornalismo da ESPM-SP e produziu conte\u00fado para a Corinthians TV. \u00c9 estudante da ESPM.","url":"https:\/\/www.suno.com.br\/noticias\/author\/giovanna\/"}]}},"default_loop_html":"<div class=\"cardsPage__listCard__boxs\"><div class=\"cardsPage__listCard__boxs__img\"><a href=\"https:\/\/www.suno.com.br\/noticias\/jair-bolsonaro-alta-preco-carne-reflexo-entressafra\/\"><img class=\"mask\" src=\"https:\/\/www.suno.com.br\/noticias\/wp-content\/themes\/suno\/resources\/images\/spotlight\/spotlight1img\/bg-mask.png\" alt=\"Image Mask\"\/><img src=\"https:\/\/files.sunoresearch.com.br\/n\/uploads\/2019\/10\/7f17bb70-bolsonaro-400x200.webp\" alt=\"Pre\u00e7o da carne em alta \u00e9 reflexo da entressafra, diz Bolsonaro\"\/><\/a><span class=\"spotlightCategory\"><a href=\"https:\/\/www.suno.com.br\/noticias\/economia\/\">Economia<\/a><\/span><\/div><div class=\"cardsPage__listCard__boxs__content\"><a href=\"https:\/\/www.suno.com.br\/noticias\/jair-bolsonaro-alta-preco-carne-reflexo-entressafra\/\"><h2 class=\"content__title\">Pre\u00e7o da carne em alta \u00e9 reflexo da entressafra, diz Bolsonaro<\/h2><\/a><div class=\"newsContent__article__meta\"><div class=\"newsContent__article__meta__authorBox\"><a href=\"https:\/\/www.suno.com.br\/noticias\/author\/giovanna\/\" class=\"authorBox__avatar noMobi\"><img src=\"https:\/\/files.sunoresearch.com.br\/n\/uploads\/2019\/06\/952a89ca-screenshot_20190608-171507-150x150.webp\" alt=\"Giovanna Oliveira\"><\/a><div class=\"authorBox__name\"><span>por\n\t\t\t<a href=\"https:\/\/www.suno.com.br\/noticias\/author\/giovanna\/\"><span itemprop=\"author\">Giovanna Oliveira<\/span><\/a><\/span><time datetime=\"2019-12-09T17:00:29-03:00\" itemprop=\"datePublished\">09\/12\/2019 17:00<\/time><\/div><\/div><\/div><\/div><\/div>","single_layout":"posts","amp_enabled":true,"_links":{"self":[{"href":"https:\/\/www.suno.com.br\/noticias\/wp-json\/wp\/v2\/posts\/47189"}],"collection":[{"href":"https:\/\/www.suno.com.br\/noticias\/wp-json\/wp\/v2\/posts"}],"about":[{"href":"https:\/\/www.suno.com.br\/noticias\/wp-json\/wp\/v2\/types\/post"}],"author":[{"embeddable":true,"href":"https:\/\/www.suno.com.br\/noticias\/wp-json\/wp\/v2\/users\/18"}],"replies":[{"embeddable":true,"href":"https:\/\/www.suno.com.br\/noticias\/wp-json\/wp\/v2\/comments?post=47189"}],"version-history":[{"count":0,"href":"https:\/\/www.suno.com.br\/noticias\/wp-json\/wp\/v2\/posts\/47189\/revisions"}],"wp:featuredmedia":[{"embeddable":true,"href":"https:\/\/www.suno.com.br\/noticias\/wp-json\/wp\/v2\/media\/42631"}],"wp:attachment":[{"href":"https:\/\/www.suno.com.br\/noticias\/wp-json\/wp\/v2\/media?parent=47189"}],"wp:term":[{"taxonomy":"category","embeddable":true,"href":"https:\/\/www.suno.com.br\/noticias\/wp-json\/wp\/v2\/categories?post=47189"},{"taxonomy":"post_tag","embeddable":true,"href":"https:\/\/www.suno.com.br\/noticias\/wp-json\/wp\/v2\/tags?post=47189"},{"taxonomy":"suno_strategy","embeddable":true,"href":"https:\/\/www.suno.com.br\/noticias\/wp-json\/wp\/v2\/suno_strategy?post=47189"}],"curies":[{"name":"wp","href":"https:\/\/api.w.org\/{rel}","templated":true}]}}