{"id":47181,"date":"2019-12-09T16:20:08","date_gmt":"2019-12-09T18:20:08","guid":{"rendered":"https:\/\/www.suno.com.br\/noticias\/?p=47181"},"modified":"2019-12-09T16:23:11","modified_gmt":"2019-12-09T18:23:11","slug":"faturamento-varejo-paulista-maior-natal-desde-2008","status":"publish","type":"post","link":"https:\/\/www.suno.com.br\/noticias\/faturamento-varejo-paulista-maior-natal-desde-2008\/","title":{"rendered":"Faturamento do varejo paulista no Natal deve ser o maior desde 2008"},"content":{"rendered":"<p>O faturamento das vendas do <strong>com\u00e9rcio varejista<\/strong> em S\u00e3o Paulo deve ser de R$ 76,7 bilh\u00f5es em dezembro deste ano. O crescimento do varejo ser\u00e1 de 7% em compara\u00e7\u00e3o ao mesmo per\u00edodo de 2018, alta de R$ 5 bilh\u00f5es. De acordo com a <strong>FecomercioSP<\/strong>, ser\u00e1 o melhor resultado para o m\u00eas em quest\u00e3o em 11 anos.<\/p>\t<div class=\"wrapper-featured-image\">\n\t\t<figure class=\"spotlightImg\">\n\n\t\t\t<picture>\n\t\t\t\t<source media=\"(max-width: 768px)\" srcset=\"https:\/\/files.sunoresearch.com.br\/n\/uploads\/2019\/06\/99c32092-vendas-varejo-abril-ibge-comercio-400x200.webp\">\n\t\t\t\t<img loading=\"lazy\" decoding=\"async\" class=\"newsContent__article__imgCapa lazyloadDisabled newsContent__article__imgCapa--noCaption\" src=\"https:\/\/files.sunoresearch.com.br\/n\/uploads\/2019\/06\/99c32092-vendas-varejo-abril-ibge-comercio-800x450.webp\" width=\"800\" height=\"450\" alt=\"Faturamento do varejo paulista no Natal deve ser o maior desde 2008\" fetchpriority=high \/>\n\t\t\t<\/picture>\n\n\t\t\t<figcaption class=\"wp-caption-text wp-caption-text--hide\">varejo<\/figcaption>\n\t\t<\/figure>\n\t<\/div>\n\n\n\n<p>As nove atividades que fizeram parte da pesquisa sobre vendas do <strong>varejo<\/strong> devem reportar alta na compara\u00e7\u00e3o ano a ano. Entretanto, tr\u00eas setores devem ganhar mais destaque. S\u00e3o eles:<\/p>\n<ul>\n<li>Materiais de constru\u00e7\u00e3o (15%)<\/li>\n<li>Farm\u00e1cias e perfumarias (14%)<\/li>\n<li>Lojas de m\u00f3veis e decora\u00e7\u00e3o (14%)<\/li>\n<\/ul>\n<p>Os eletr\u00f4nicos fazem parte de uma gama de produtos do varejo que n\u00e3o tiveram tanta alta, crescendo apenas 1,35% em rela\u00e7\u00e3o a dezembro do ano passado. Os televisores tiveram queda de 13,84% e os aparelhos de som ca\u00edram 0,85%.<\/p>\n<p><a href=\"https:\/\/www.suno.com.br\/noticias\/vendas-no-varejo-crescem-pelo-quinto-mes-seguido\/\">Veja tamb\u00e9m: Vendas no varejo crescem pelo quinto m\u00eas seguido<\/a><\/p>\n<p>J\u00e1 o setor de perfume est\u00e1 em alta, o segmento cresceu 8,43%. Em contrapartida, os cal\u00e7ados e acess\u00f3rios tiveram crescimento de 0,29% e o vestu\u00e1rio feminino teve alta de 0,22%.<\/p>\n<p>Produtos que s\u00e3o utilizados para as comidas de fim de ano registram alta significativa neste m\u00eas. \u00c9 o caso da batata inglesa, que teve alta de 31,7%, da cebola, que registrou aumento de 50,58% e a carne de porco que teve crescimento de 13,18% em seu valor. Outros alimentos tamb\u00e9m avan\u00e7aram, como aves e ovos (9,8%) e carne de cordeiro (1,23%). Os pescados, entretanto, tiveram queda de 0,7%.<\/p>\n<h2>Alta do varejo na Black Friday<\/h2>\n<p>O <strong>varejo brasileiro online<\/strong> faturou R$ 3,2 bilh\u00f5es na Black Friday, trata-se de um aumento de 23,6% em compara\u00e7\u00e3o com o mesmo per\u00edodo no ano passado, de R$ 2,6 bilh\u00f5es.<\/p>\n\t<p>\n\t\t<a href=\"https:\/\/lp.suno.com.br\/minicurso-investindo-fiis\/\" target=\"_blank\" data-element=\"shortcode-suno-banner\" title=\"Banner SUNO, clique e saiba mais\">\n\t\t\t<picture>\n\t\t\t\t<source media=\"(max-width: 500px)\" srcset=\"https:\/\/files.sunoresearch.com.br\/n\/uploads\/2023\/07\/400x300-Minicurso-FIIS.png\">\n\t\t\t\t<img class=\"newsContent__article__imgCapa newsContent__article__imgCapa--banner\"\n\t\t\t\t\tsrc=\"https:\/\/files.sunoresearch.com.br\/n\/uploads\/2023\/07\/1420x240-Minicurso-FIIS.png\"\n\t\t\t\t\tdata-promo-id=\"311935\"\t\t\t\t\t\t\t\t\t\twidth='1420' height='240'\t\t\t\t\talt=\"https:\/\/files.sunoresearch.com.br\/n\/uploads\/2023\/07\/1420x240-Minicurso-FIIS.png\"\n\t\t\t\t>\n\t\t\t<\/picture>\n\t\t<\/a>\n\t<\/p>\n\n\n<p>Apesar da alta, o gasto m\u00e9dio do consumidor caiu de R$ 608 para R$ 602, esse valor \u00e9 equivalente a uma queda de 1,1%. O levantamento da EbitNielsen \u00e9 referente \u00e0 receita da Black Friday registrada entre o dia 28 de novembro e o dia 29.<\/p>\n<p>&#8220;Os n\u00fameros [do <strong>varejo<\/strong> online] comprovam que o evento j\u00e1 faz parte do calend\u00e1rio de compras do brasileiro, com crescimento ano a ano. E as lojas mais tradicionais se mostraram mais preparados para o per\u00edodo promocional, ao entender o que o mercado queria&#8221;, informou l\u00edder da EbitNielsen, Ana Szasz.<\/p>\n","protected":false},"excerpt":{"rendered":"<p>O faturamento das vendas do com\u00e9rcio varejista em S\u00e3o Paulo deve ser de R$ 76,7 bilh\u00f5es em dezembro deste ano. O crescimento do varejo ser\u00e1 de 7% em compara\u00e7\u00e3o ao mesmo per\u00edodo de 2018, alta de R$ 5 bilh\u00f5es. De acordo com a FecomercioSP, ser\u00e1 o melhor resultado para o m\u00eas em quest\u00e3o em 11 [&hellip;]<\/p>\n","protected":false},"author":19,"featured_media":27933,"comment_status":"closed","ping_status":"closed","sticky":false,"template":"","format":"standard","meta":[],"categories":[62],"tags":[803],"suno_strategy":[],"class_list":["post-47181","post","type-post","status-publish","format-standard","has-post-thumbnail","hentry","category-economia","tag-varejo"],"yoast_head":"<!-- This site is optimized with the Yoast SEO plugin v24.4 - https:\/\/yoast.com\/wordpress\/plugins\/seo\/ -->\n<title>Faturamento do varejo paulista no Natal deve ser o maior desde 2008<\/title>\n<meta name=\"description\" content=\"O faturamento das vendas do varejo de S\u00e3o Paulo deve ser de R$ 76,7 bilh\u00f5es em dezembro deste ano. Clique aqui para saber mais.\" \/>\n<meta name=\"robots\" content=\"index, follow, max-snippet:-1, max-image-preview:large, max-video-preview:-1\" \/>\n<link rel=\"canonical\" href=\"https:\/\/www.suno.com.br\/noticias\/faturamento-varejo-paulista-maior-natal-desde-2008\/\" \/>\n<meta property=\"og:locale\" content=\"pt_BR\" \/>\n<meta property=\"og:type\" content=\"article\" \/>\n<meta property=\"og:title\" content=\"Faturamento do varejo paulista no Natal deve ser o maior desde 2008\" \/>\n<meta property=\"og:description\" content=\"O faturamento das vendas do varejo de S\u00e3o Paulo deve ser de R$ 76,7 bilh\u00f5es em dezembro deste ano. Clique aqui para saber mais.\" \/>\n<meta property=\"og:url\" content=\"https:\/\/www.suno.com.br\/noticias\/faturamento-varejo-paulista-maior-natal-desde-2008\/\" \/>\n<meta property=\"og:site_name\" content=\"Suno Not\u00edcias\" \/>\n<meta property=\"article:publisher\" content=\"https:\/\/facebook.com\/sunoresearch\" \/>\n<meta property=\"og:image\" content=\"https:\/\/files.sunoresearch.com.br\/n\/uploads\/2019\/06\/99c32092-vendas-varejo-abril-ibge-comercio.jpg\" \/>\n\t<meta property=\"og:image:width\" content=\"800\" \/>\n\t<meta property=\"og:image:height\" content=\"530\" \/>\n\t<meta property=\"og:image:type\" content=\"image\/jpeg\" \/>\n<meta name=\"author\" content=\"Juliano Passaro\" \/>\n<meta name=\"twitter:card\" content=\"summary_large_image\" \/>\n<meta name=\"twitter:creator\" content=\"@sunoresearch\" \/>\n<meta name=\"twitter:site\" content=\"@sunoresearch\" \/>\n<meta name=\"twitter:label1\" content=\"Escrito por\" \/>\n\t<meta name=\"twitter:data1\" content=\"Juliano Passaro\" \/>\n\t<meta name=\"twitter:label2\" content=\"Est. tempo de leitura\" \/>\n\t<meta name=\"twitter:data2\" content=\"2 minutos\" \/>\n<script type=\"application\/ld+json\" class=\"yoast-schema-graph\">{\"@context\":\"https:\/\/schema.org\",\"@graph\":[{\"@type\":\"NewsArticle\",\"@id\":\"https:\/\/www.suno.com.br\/noticias\/faturamento-varejo-paulista-maior-natal-desde-2008\/#article\",\"isPartOf\":{\"@id\":\"https:\/\/www.suno.com.br\/noticias\/faturamento-varejo-paulista-maior-natal-desde-2008\/\"},\"author\":{\"name\":\"Juliano Passaro\",\"@id\":\"https:\/\/www.suno.com.br\/noticias\/#\/schema\/person\/1db762f78ffd8919a648a63e425953e3\"},\"headline\":\"Faturamento do varejo paulista no Natal deve ser o maior desde 2008\",\"datePublished\":\"2019-12-09T18:20:08+00:00\",\"dateModified\":\"2019-12-09T18:23:11+00:00\",\"mainEntityOfPage\":{\"@id\":\"https:\/\/www.suno.com.br\/noticias\/faturamento-varejo-paulista-maior-natal-desde-2008\/\"},\"wordCount\":398,\"publisher\":{\"@id\":\"https:\/\/www.suno.com.br\/noticias\/#organization\"},\"image\":{\"@id\":\"https:\/\/www.suno.com.br\/noticias\/faturamento-varejo-paulista-maior-natal-desde-2008\/#primaryimage\"},\"thumbnailUrl\":\"https:\/\/files.sunoresearch.com.br\/n\/uploads\/2019\/06\/99c32092-vendas-varejo-abril-ibge-comercio-jpg.webp\",\"keywords\":[\"varejo\"],\"articleSection\":[\"Economia\"],\"inLanguage\":\"pt-BR\"},{\"@type\":\"WebPage\",\"@id\":\"https:\/\/www.suno.com.br\/noticias\/faturamento-varejo-paulista-maior-natal-desde-2008\/\",\"url\":\"https:\/\/www.suno.com.br\/noticias\/faturamento-varejo-paulista-maior-natal-desde-2008\/\",\"name\":\"Faturamento do varejo paulista no Natal deve ser o maior desde 2008\",\"isPartOf\":{\"@id\":\"https:\/\/www.suno.com.br\/noticias\/#website\"},\"primaryImageOfPage\":{\"@id\":\"https:\/\/www.suno.com.br\/noticias\/faturamento-varejo-paulista-maior-natal-desde-2008\/#primaryimage\"},\"image\":{\"@id\":\"https:\/\/www.suno.com.br\/noticias\/faturamento-varejo-paulista-maior-natal-desde-2008\/#primaryimage\"},\"thumbnailUrl\":\"https:\/\/files.sunoresearch.com.br\/n\/uploads\/2019\/06\/99c32092-vendas-varejo-abril-ibge-comercio-jpg.webp\",\"datePublished\":\"2019-12-09T18:20:08+00:00\",\"dateModified\":\"2019-12-09T18:23:11+00:00\",\"description\":\"O faturamento das vendas do varejo de S\u00e3o Paulo deve ser de R$ 76,7 bilh\u00f5es em dezembro deste ano. Clique aqui para saber mais.\",\"breadcrumb\":{\"@id\":\"https:\/\/www.suno.com.br\/noticias\/faturamento-varejo-paulista-maior-natal-desde-2008\/#breadcrumb\"},\"inLanguage\":\"pt-BR\",\"potentialAction\":[{\"@type\":\"ReadAction\",\"target\":[\"https:\/\/www.suno.com.br\/noticias\/faturamento-varejo-paulista-maior-natal-desde-2008\/\"]}]},{\"@type\":\"ImageObject\",\"inLanguage\":\"pt-BR\",\"@id\":\"https:\/\/www.suno.com.br\/noticias\/faturamento-varejo-paulista-maior-natal-desde-2008\/#primaryimage\",\"url\":\"https:\/\/files.sunoresearch.com.br\/n\/uploads\/2019\/06\/99c32092-vendas-varejo-abril-ibge-comercio-jpg.webp\",\"contentUrl\":\"https:\/\/files.sunoresearch.com.br\/n\/uploads\/2019\/06\/99c32092-vendas-varejo-abril-ibge-comercio-jpg.webp\",\"width\":800,\"height\":530,\"caption\":\"varejo\"},{\"@type\":\"BreadcrumbList\",\"@id\":\"https:\/\/www.suno.com.br\/noticias\/faturamento-varejo-paulista-maior-natal-desde-2008\/#breadcrumb\",\"itemListElement\":[{\"@type\":\"ListItem\",\"position\":1,\"name\":\"Not\u00edcias\",\"item\":\"https:\/\/www.suno.com.br\/noticias\/\"},{\"@type\":\"ListItem\",\"position\":2,\"name\":\"Economia\",\"item\":\"https:\/\/www.suno.com.br\/noticias\/economia\/\"},{\"@type\":\"ListItem\",\"position\":3,\"name\":\"Faturamento do varejo paulista no Natal deve ser o maior desde 2008\"}]},{\"@type\":\"WebSite\",\"@id\":\"https:\/\/www.suno.com.br\/noticias\/#website\",\"url\":\"https:\/\/www.suno.com.br\/noticias\/\",\"name\":\"Suno Not\u00edcias\",\"description\":\"Seu portal de informa\u00e7\u00e3o sobre o mundo dos investimentos\",\"publisher\":{\"@id\":\"https:\/\/www.suno.com.br\/noticias\/#organization\"},\"potentialAction\":[{\"@type\":\"SearchAction\",\"target\":{\"@type\":\"EntryPoint\",\"urlTemplate\":\"https:\/\/www.suno.com.br\/noticias\/?s={search_term_string}\"},\"query-input\":{\"@type\":\"PropertyValueSpecification\",\"valueRequired\":true,\"valueName\":\"search_term_string\"}}],\"inLanguage\":\"pt-BR\"},{\"@type\":\"Organization\",\"@id\":\"https:\/\/www.suno.com.br\/noticias\/#organization\",\"name\":\"Suno Not\u00edcias\",\"url\":\"https:\/\/www.suno.com.br\/noticias\/\",\"logo\":{\"@type\":\"ImageObject\",\"inLanguage\":\"pt-BR\",\"@id\":\"https:\/\/www.suno.com.br\/noticias\/#\/schema\/logo\/image\/\",\"url\":\"https:\/\/files.sunoresearch.com.br\/n\/uploads\/2021\/09\/suno-logo.png\",\"contentUrl\":\"https:\/\/files.sunoresearch.com.br\/n\/uploads\/2021\/09\/suno-logo.png\",\"width\":180,\"height\":180,\"caption\":\"Suno Not\u00edcias\"},\"image\":{\"@id\":\"https:\/\/www.suno.com.br\/noticias\/#\/schema\/logo\/image\/\"},\"sameAs\":[\"https:\/\/facebook.com\/sunoresearch\",\"https:\/\/x.com\/sunoresearch\",\"https:\/\/www.instagram.com\/suno\",\"https:\/\/www.linkedin.com\/company\/suno-research\/\",\"https:\/\/www.youtube.com\/c\/sunoresearch\"]},{\"@type\":\"Person\",\"@id\":\"https:\/\/www.suno.com.br\/noticias\/#\/schema\/person\/1db762f78ffd8919a648a63e425953e3\",\"name\":\"Juliano Passaro\",\"image\":{\"@type\":\"ImageObject\",\"inLanguage\":\"pt-BR\",\"@id\":\"https:\/\/www.suno.com.br\/noticias\/#\/schema\/person\/image\/\",\"url\":\"https:\/\/secure.gravatar.com\/avatar\/743d4df28eebf6dcc46b4ad03c319e92?s=96&r=g\",\"contentUrl\":\"https:\/\/secure.gravatar.com\/avatar\/743d4df28eebf6dcc46b4ad03c319e92?s=96&r=g\",\"caption\":\"Juliano Passaro\"},\"description\":\"Juliano Passaro escreve sobre pol\u00edtica, economia e neg\u00f3cios para o portal da Suno Research. Antes da Suno, trabalhou no Portal da Band. \u00c9 formado em jornalismo pela Universidade Presbiteriana Mackenzie.\",\"url\":\"https:\/\/www.suno.com.br\/noticias\/author\/juliano\/\"}]}<\/script>\n<!-- \/ Yoast SEO plugin. -->","yoast_head_json":{"title":"Faturamento do varejo paulista no Natal deve ser o maior desde 2008","description":"O faturamento das vendas do varejo de S\u00e3o Paulo deve ser de R$ 76,7 bilh\u00f5es em dezembro deste ano. Clique aqui para saber mais.","robots":{"index":"index","follow":"follow","max-snippet":"max-snippet:-1","max-image-preview":"max-image-preview:large","max-video-preview":"max-video-preview:-1"},"canonical":"https:\/\/www.suno.com.br\/noticias\/faturamento-varejo-paulista-maior-natal-desde-2008\/","og_locale":"pt_BR","og_type":"article","og_title":"Faturamento do varejo paulista no Natal deve ser o maior desde 2008","og_description":"O faturamento das vendas do varejo de S\u00e3o Paulo deve ser de R$ 76,7 bilh\u00f5es em dezembro deste ano. Clique aqui para saber mais.","og_url":"https:\/\/www.suno.com.br\/noticias\/faturamento-varejo-paulista-maior-natal-desde-2008\/","og_site_name":"Suno Not\u00edcias","article_publisher":"https:\/\/facebook.com\/sunoresearch","og_image":[{"width":800,"height":530,"url":"https:\/\/files.sunoresearch.com.br\/n\/uploads\/2019\/06\/99c32092-vendas-varejo-abril-ibge-comercio.jpg","type":"image\/jpeg"}],"author":"Juliano Passaro","twitter_card":"summary_large_image","twitter_creator":"@sunoresearch","twitter_site":"@sunoresearch","twitter_misc":{"Escrito por":"Juliano Passaro","Est. tempo de leitura":"2 minutos"},"schema":{"@context":"https:\/\/schema.org","@graph":[{"@type":"NewsArticle","@id":"https:\/\/www.suno.com.br\/noticias\/faturamento-varejo-paulista-maior-natal-desde-2008\/#article","isPartOf":{"@id":"https:\/\/www.suno.com.br\/noticias\/faturamento-varejo-paulista-maior-natal-desde-2008\/"},"author":{"name":"Juliano Passaro","@id":"https:\/\/www.suno.com.br\/noticias\/#\/schema\/person\/1db762f78ffd8919a648a63e425953e3"},"headline":"Faturamento do varejo paulista no Natal deve ser o maior desde 2008","datePublished":"2019-12-09T18:20:08+00:00","dateModified":"2019-12-09T18:23:11+00:00","mainEntityOfPage":{"@id":"https:\/\/www.suno.com.br\/noticias\/faturamento-varejo-paulista-maior-natal-desde-2008\/"},"wordCount":398,"publisher":{"@id":"https:\/\/www.suno.com.br\/noticias\/#organization"},"image":{"@id":"https:\/\/www.suno.com.br\/noticias\/faturamento-varejo-paulista-maior-natal-desde-2008\/#primaryimage"},"thumbnailUrl":"https:\/\/files.sunoresearch.com.br\/n\/uploads\/2019\/06\/99c32092-vendas-varejo-abril-ibge-comercio-jpg.webp","keywords":["varejo"],"articleSection":["Economia"],"inLanguage":"pt-BR"},{"@type":"WebPage","@id":"https:\/\/www.suno.com.br\/noticias\/faturamento-varejo-paulista-maior-natal-desde-2008\/","url":"https:\/\/www.suno.com.br\/noticias\/faturamento-varejo-paulista-maior-natal-desde-2008\/","name":"Faturamento do varejo paulista no Natal deve ser o maior desde 2008","isPartOf":{"@id":"https:\/\/www.suno.com.br\/noticias\/#website"},"primaryImageOfPage":{"@id":"https:\/\/www.suno.com.br\/noticias\/faturamento-varejo-paulista-maior-natal-desde-2008\/#primaryimage"},"image":{"@id":"https:\/\/www.suno.com.br\/noticias\/faturamento-varejo-paulista-maior-natal-desde-2008\/#primaryimage"},"thumbnailUrl":"https:\/\/files.sunoresearch.com.br\/n\/uploads\/2019\/06\/99c32092-vendas-varejo-abril-ibge-comercio-jpg.webp","datePublished":"2019-12-09T18:20:08+00:00","dateModified":"2019-12-09T18:23:11+00:00","description":"O faturamento das vendas do varejo de S\u00e3o Paulo deve ser de R$ 76,7 bilh\u00f5es em dezembro deste ano. Clique aqui para saber mais.","breadcrumb":{"@id":"https:\/\/www.suno.com.br\/noticias\/faturamento-varejo-paulista-maior-natal-desde-2008\/#breadcrumb"},"inLanguage":"pt-BR","potentialAction":[{"@type":"ReadAction","target":["https:\/\/www.suno.com.br\/noticias\/faturamento-varejo-paulista-maior-natal-desde-2008\/"]}]},{"@type":"ImageObject","inLanguage":"pt-BR","@id":"https:\/\/www.suno.com.br\/noticias\/faturamento-varejo-paulista-maior-natal-desde-2008\/#primaryimage","url":"https:\/\/files.sunoresearch.com.br\/n\/uploads\/2019\/06\/99c32092-vendas-varejo-abril-ibge-comercio-jpg.webp","contentUrl":"https:\/\/files.sunoresearch.com.br\/n\/uploads\/2019\/06\/99c32092-vendas-varejo-abril-ibge-comercio-jpg.webp","width":800,"height":530,"caption":"varejo"},{"@type":"BreadcrumbList","@id":"https:\/\/www.suno.com.br\/noticias\/faturamento-varejo-paulista-maior-natal-desde-2008\/#breadcrumb","itemListElement":[{"@type":"ListItem","position":1,"name":"Not\u00edcias","item":"https:\/\/www.suno.com.br\/noticias\/"},{"@type":"ListItem","position":2,"name":"Economia","item":"https:\/\/www.suno.com.br\/noticias\/economia\/"},{"@type":"ListItem","position":3,"name":"Faturamento do varejo paulista no Natal deve ser o maior desde 2008"}]},{"@type":"WebSite","@id":"https:\/\/www.suno.com.br\/noticias\/#website","url":"https:\/\/www.suno.com.br\/noticias\/","name":"Suno Not\u00edcias","description":"Seu portal de informa\u00e7\u00e3o sobre o mundo dos investimentos","publisher":{"@id":"https:\/\/www.suno.com.br\/noticias\/#organization"},"potentialAction":[{"@type":"SearchAction","target":{"@type":"EntryPoint","urlTemplate":"https:\/\/www.suno.com.br\/noticias\/?s={search_term_string}"},"query-input":{"@type":"PropertyValueSpecification","valueRequired":true,"valueName":"search_term_string"}}],"inLanguage":"pt-BR"},{"@type":"Organization","@id":"https:\/\/www.suno.com.br\/noticias\/#organization","name":"Suno Not\u00edcias","url":"https:\/\/www.suno.com.br\/noticias\/","logo":{"@type":"ImageObject","inLanguage":"pt-BR","@id":"https:\/\/www.suno.com.br\/noticias\/#\/schema\/logo\/image\/","url":"https:\/\/files.sunoresearch.com.br\/n\/uploads\/2021\/09\/suno-logo.png","contentUrl":"https:\/\/files.sunoresearch.com.br\/n\/uploads\/2021\/09\/suno-logo.png","width":180,"height":180,"caption":"Suno Not\u00edcias"},"image":{"@id":"https:\/\/www.suno.com.br\/noticias\/#\/schema\/logo\/image\/"},"sameAs":["https:\/\/facebook.com\/sunoresearch","https:\/\/x.com\/sunoresearch","https:\/\/www.instagram.com\/suno","https:\/\/www.linkedin.com\/company\/suno-research\/","https:\/\/www.youtube.com\/c\/sunoresearch"]},{"@type":"Person","@id":"https:\/\/www.suno.com.br\/noticias\/#\/schema\/person\/1db762f78ffd8919a648a63e425953e3","name":"Juliano Passaro","image":{"@type":"ImageObject","inLanguage":"pt-BR","@id":"https:\/\/www.suno.com.br\/noticias\/#\/schema\/person\/image\/","url":"https:\/\/secure.gravatar.com\/avatar\/743d4df28eebf6dcc46b4ad03c319e92?s=96&r=g","contentUrl":"https:\/\/secure.gravatar.com\/avatar\/743d4df28eebf6dcc46b4ad03c319e92?s=96&r=g","caption":"Juliano Passaro"},"description":"Juliano Passaro escreve sobre pol\u00edtica, economia e neg\u00f3cios para o portal da Suno Research. Antes da Suno, trabalhou no Portal da Band. \u00c9 formado em jornalismo pela Universidade Presbiteriana Mackenzie.","url":"https:\/\/www.suno.com.br\/noticias\/author\/juliano\/"}]}},"default_loop_html":"<div class=\"cardsPage__listCard__boxs\"><div class=\"cardsPage__listCard__boxs__img\"><a href=\"https:\/\/www.suno.com.br\/noticias\/faturamento-varejo-paulista-maior-natal-desde-2008\/\"><img class=\"mask\" src=\"https:\/\/www.suno.com.br\/noticias\/wp-content\/themes\/suno\/resources\/images\/spotlight\/spotlight1img\/bg-mask.png\" alt=\"Image Mask\"\/><img src=\"https:\/\/files.sunoresearch.com.br\/n\/uploads\/2019\/06\/99c32092-vendas-varejo-abril-ibge-comercio-400x200.webp\" alt=\"Faturamento do varejo paulista no Natal deve ser o maior desde 2008\"\/><\/a><span class=\"spotlightCategory\"><a href=\"https:\/\/www.suno.com.br\/noticias\/economia\/\">Economia<\/a><\/span><\/div><div class=\"cardsPage__listCard__boxs__content\"><a href=\"https:\/\/www.suno.com.br\/noticias\/faturamento-varejo-paulista-maior-natal-desde-2008\/\"><h2 class=\"content__title\">Faturamento do varejo paulista no Natal deve ser o maior desde 2008<\/h2><\/a><div class=\"newsContent__article__meta\"><div class=\"newsContent__article__meta__authorBox\"><a href=\"https:\/\/www.suno.com.br\/noticias\/author\/juliano\/\" class=\"authorBox__avatar noMobi\"><img src=\"https:\/\/files.sunoresearch.com.br\/n\/uploads\/2019\/06\/7cc3efea-whatsapp-image-2019-07-18-at-21.59.33-e1563499821209-150x150.webp\" alt=\"Juliano Passaro\"><\/a><div class=\"authorBox__name\"><span>por\n\t\t\t<a href=\"https:\/\/www.suno.com.br\/noticias\/author\/juliano\/\"><span itemprop=\"author\">Juliano Passaro<\/span><\/a><\/span><time datetime=\"2019-12-09T16:20:08-03:00\" itemprop=\"datePublished\">09\/12\/2019 16:20<\/time><\/div><\/div><\/div><\/div><\/div>","single_layout":"posts","amp_enabled":true,"_links":{"self":[{"href":"https:\/\/www.suno.com.br\/noticias\/wp-json\/wp\/v2\/posts\/47181"}],"collection":[{"href":"https:\/\/www.suno.com.br\/noticias\/wp-json\/wp\/v2\/posts"}],"about":[{"href":"https:\/\/www.suno.com.br\/noticias\/wp-json\/wp\/v2\/types\/post"}],"author":[{"embeddable":true,"href":"https:\/\/www.suno.com.br\/noticias\/wp-json\/wp\/v2\/users\/19"}],"replies":[{"embeddable":true,"href":"https:\/\/www.suno.com.br\/noticias\/wp-json\/wp\/v2\/comments?post=47181"}],"version-history":[{"count":0,"href":"https:\/\/www.suno.com.br\/noticias\/wp-json\/wp\/v2\/posts\/47181\/revisions"}],"wp:featuredmedia":[{"embeddable":true,"href":"https:\/\/www.suno.com.br\/noticias\/wp-json\/wp\/v2\/media\/27933"}],"wp:attachment":[{"href":"https:\/\/www.suno.com.br\/noticias\/wp-json\/wp\/v2\/media?parent=47181"}],"wp:term":[{"taxonomy":"category","embeddable":true,"href":"https:\/\/www.suno.com.br\/noticias\/wp-json\/wp\/v2\/categories?post=47181"},{"taxonomy":"post_tag","embeddable":true,"href":"https:\/\/www.suno.com.br\/noticias\/wp-json\/wp\/v2\/tags?post=47181"},{"taxonomy":"suno_strategy","embeddable":true,"href":"https:\/\/www.suno.com.br\/noticias\/wp-json\/wp\/v2\/suno_strategy?post=47181"}],"curies":[{"name":"wp","href":"https:\/\/api.w.org\/{rel}","templated":true}]}}