{"id":47171,"date":"2019-12-09T14:38:25","date_gmt":"2019-12-09T16:38:25","guid":{"rendered":"https:\/\/www.suno.com.br\/noticias\/?p=47171"},"modified":"2019-12-10T08:06:05","modified_gmt":"2019-12-10T10:06:05","slug":"fleury-anuncia-entrada-mercado-classe-popular","status":"publish","type":"post","link":"https:\/\/www.suno.com.br\/noticias\/fleury-anuncia-entrada-mercado-classe-popular\/","title":{"rendered":"Fleury anuncia entrada no mercado de classe popular"},"content":{"rendered":"<p>A Fleury (<strong>FLRY3<\/strong>) anunciou nesta segunda-feira (9) que passar\u00e1 a operar no mercado da classe popular atrav\u00e9s de um <strong>laborat\u00f3rio digital<\/strong>.<\/p>\t<div class=\"wrapper-featured-image\">\n\t\t<figure class=\"spotlightImg\">\n\n\t\t\t<picture>\n\t\t\t\t<source media=\"(max-width: 768px)\" srcset=\"https:\/\/files.sunoresearch.com.br\/n\/uploads\/2019\/12\/1251511f-fleury-400x200.webp\">\n\t\t\t\t<img loading=\"lazy\" decoding=\"async\" class=\"newsContent__article__imgCapa lazyloadDisabled newsContent__article__imgCapa--noCaption\" src=\"https:\/\/files.sunoresearch.com.br\/n\/uploads\/2019\/12\/1251511f-fleury-800x450.webp\" width=\"800\" height=\"450\" alt=\"Fleury anuncia entrada no mercado de classe popular\" fetchpriority=high \/>\n\t\t\t<\/picture>\n\n\t\t\t<figcaption class=\"wp-caption-text wp-caption-text--hide\">Fleury (FLYR3)  Foto: Divulga\u00e7\u00e3o<\/figcaption>\n\t\t<\/figure>\n\t<\/div>\n\n\n\n<p>Por meio de um aplicativo ser\u00e1 poss\u00edvel realizar o agendamento e envio dos pedidos m\u00e9dicos. Exames de an\u00e1lises cl\u00ednicas ser\u00e3o realizadas na pr\u00f3pria resid\u00eancia ou outro local de prefer\u00eancia do paciente, segundo a <strong>Fleury<\/strong>.<\/p>\n<p>\u201cH\u00e1 um mercado potencial de 2,6 milh\u00f5es de pessoas que n\u00e3o atendemos. Vamos ter uma estrutura muito competitiva, que n\u00e3o demanda custos elevados. Al\u00e9m disso, j\u00e1 temos uma plataforma, que \u00e9 usada pelo servi\u00e7o Fleury em casa, e muita experi\u00eancia em atendimento domiciliar\u201d, afirmou Carlos Marinelli, <a href=\"https:\/\/www.suno.com.br\/artigos\/ceo\/\">CEO<\/a> do <strong>Grupo Fleury<\/strong>.<\/p>\n<p><a href=\"https:\/\/www.suno.com.br\/noticias\/fleury-registra-lucro-liquido-3t19\/\">Saiba mais: Fleury registra lucro l\u00edquido de R$ 94,8 mi no 3T19<\/a><\/p>\n<p>De acordo com os dados da companhia, o volume de <strong>exames<\/strong> realizados em domic\u00edlio com a bandeira Fleury apresentou alta de 20% no per\u00edodo de julho a setembro deste ano. Neste mesmo per\u00edodo, os atendimentos realizados nas unidades cresceram 6,7% e no Grupo como um todo, a alta foi de 10,6%.<\/p>\n<p>Dentro desse planejamento, a companhia est\u00e1 reativando o laborat\u00f3rio <strong>Campana<\/strong>, empresa de medicina diagn\u00f3stica comprada pela Fleury em 2008 e que teve a marca desligada.<\/p>\n<p>\u201cFizemos uma pesquisa e a marca Campana \u00e9 a mais lembrada ap\u00f3s dez anos desativada. O laborat\u00f3rio tinha uma rela\u00e7\u00e3o muito pr\u00f3xima com a comunidade m\u00e9dica\u201d, disse Jeane Tsutsui, diretora executiva de neg\u00f3cios do Grupo.<\/p>\n<p><a href=\"https:\/\/www.suno.com.br\/noticias\/fleury-emissao-milhoes-debentures\/\">Confira: Fleury aprova emiss\u00e3o de R$ 500 milh\u00f5es em deb\u00eantures<\/a><\/p>\n<p>J\u00e1 foi fechada uma parceria com a <strong>Prevent Senior<\/strong> para essa atividade, iniciando os atendimentos no m\u00eas que vem, em S\u00e3o Paulo. O novo servi\u00e7o nomeado de \u201cCampana at\u00e9 Voc\u00ea\u201d, ofertar\u00e1 cerca de 95% dos principais exames de an\u00e1lises cl\u00ednicas.<\/p>\n<h2>Fleury anuncia compra de laborat\u00f3rio no Maranh\u00e3o<\/h2>\n<p>A Fleury informou por meio de um fato relevante, no final de novembro, que comprou o laborat\u00f3rio <strong>Inlab<\/strong>, localizado no estado do Maranh\u00e3o, por R$ 90 milh\u00f5es. Segundo a companhia, o Inlab registrou nos \u00faltimos 12 meses uma <a href=\"https:\/\/www.suno.com.br\/artigos\/o-que-receita-bruta\/\"><strong>receita<\/strong> <strong>bruta<\/strong><\/a> de R$ 39,9 milh\u00f5es.<\/p>\n<p>O laborat\u00f3rio trabalha com<strong> an\u00e1lises cl\u00ednicas <\/strong>e possui 21 unidades de atendimento e uma \u00e1rea t\u00e9cnica na regi\u00e3o metropolitana de <strong>S\u00e3o<\/strong> <strong>Lu\u00eds<\/strong> (MA).<\/p>\n<p>\u201cEssa aquisi\u00e7\u00e3o marca a entrada do <strong>Grupo<\/strong> <strong>Fleury<\/strong> no estado do Maranh\u00e3o, representando mais um movimento estrat\u00e9gico da companhia, expandindo nossa capilaridade nacional e refor\u00e7ando a nossa oferta na regi\u00e3o nordeste do pa\u00eds\u201d, afirmou a companhia.<\/p>\n","protected":false},"excerpt":{"rendered":"<p>A Fleury (FLRY3) anunciou nesta segunda-feira (9) que passar\u00e1 a operar no mercado da classe popular atrav\u00e9s de um laborat\u00f3rio digital. Fleury (FLYR3) Foto: Divulga\u00e7\u00e3o Por meio de um aplicativo ser\u00e1 poss\u00edvel realizar o agendamento e envio dos pedidos m\u00e9dicos. Exames de an\u00e1lises cl\u00ednicas ser\u00e3o realizadas na pr\u00f3pria resid\u00eancia ou outro local de prefer\u00eancia do [&hellip;]<\/p>\n","protected":false},"author":24,"featured_media":47175,"comment_status":"closed","ping_status":"closed","sticky":false,"template":"","format":"standard","meta":[],"categories":[64],"tags":[479],"suno_strategy":[],"class_list":["post-47171","post","type-post","status-publish","format-standard","has-post-thumbnail","hentry","category-negocios","tag-fleury-flry3"],"yoast_head":"<!-- This site is optimized with the Yoast SEO plugin v24.4 - https:\/\/yoast.com\/wordpress\/plugins\/seo\/ -->\n<title>Fleury anuncia entrada no mercado da classe popular<\/title>\n<meta name=\"description\" content=\"A Fleury anunciou nesta segunda que passar\u00e1 a operar no mercado da classe popular atrav\u00e9s de um laborat\u00f3rio digital. Clique e saiba mais.\" \/>\n<meta name=\"robots\" content=\"index, follow, max-snippet:-1, max-image-preview:large, max-video-preview:-1\" \/>\n<link rel=\"canonical\" href=\"https:\/\/www.suno.com.br\/noticias\/fleury-anuncia-entrada-mercado-classe-popular\/\" \/>\n<meta property=\"og:locale\" content=\"pt_BR\" \/>\n<meta property=\"og:type\" content=\"article\" \/>\n<meta property=\"og:title\" content=\"Fleury anuncia entrada no mercado da classe popular\" \/>\n<meta property=\"og:description\" content=\"A Fleury anunciou nesta segunda que passar\u00e1 a operar no mercado da classe popular atrav\u00e9s de um laborat\u00f3rio digital. Clique e saiba mais.\" \/>\n<meta property=\"og:url\" content=\"https:\/\/www.suno.com.br\/noticias\/fleury-anuncia-entrada-mercado-classe-popular\/\" \/>\n<meta property=\"og:site_name\" content=\"Suno Not\u00edcias\" \/>\n<meta property=\"article:publisher\" content=\"https:\/\/facebook.com\/sunoresearch\" \/>\n<meta property=\"og:image\" content=\"https:\/\/files.sunoresearch.com.br\/n\/uploads\/2019\/12\/1251511f-fleury-1024x663.jpg\" \/>\n\t<meta property=\"og:image:width\" content=\"1024\" \/>\n\t<meta property=\"og:image:height\" content=\"663\" \/>\n\t<meta property=\"og:image:type\" content=\"image\/jpeg\" \/>\n<meta name=\"author\" content=\"Jader Lazarini\" \/>\n<meta name=\"twitter:card\" content=\"summary_large_image\" \/>\n<meta name=\"twitter:creator\" content=\"@sunoresearch\" \/>\n<meta name=\"twitter:site\" content=\"@sunoresearch\" \/>\n<meta name=\"twitter:label1\" content=\"Escrito por\" \/>\n\t<meta name=\"twitter:data1\" content=\"Jader Lazarini\" \/>\n\t<meta name=\"twitter:label2\" content=\"Est. tempo de leitura\" \/>\n\t<meta name=\"twitter:data2\" content=\"2 minutos\" \/>\n<script type=\"application\/ld+json\" class=\"yoast-schema-graph\">{\"@context\":\"https:\/\/schema.org\",\"@graph\":[{\"@type\":\"NewsArticle\",\"@id\":\"https:\/\/www.suno.com.br\/noticias\/fleury-anuncia-entrada-mercado-classe-popular\/#article\",\"isPartOf\":{\"@id\":\"https:\/\/www.suno.com.br\/noticias\/fleury-anuncia-entrada-mercado-classe-popular\/\"},\"author\":{\"name\":\"Jader Lazarini\",\"@id\":\"https:\/\/www.suno.com.br\/noticias\/#\/schema\/person\/918d79de1f0281f01599b93f9ea6e23f\"},\"headline\":\"Fleury anuncia entrada no mercado de classe popular\",\"datePublished\":\"2019-12-09T16:38:25+00:00\",\"dateModified\":\"2019-12-10T10:06:05+00:00\",\"mainEntityOfPage\":{\"@id\":\"https:\/\/www.suno.com.br\/noticias\/fleury-anuncia-entrada-mercado-classe-popular\/\"},\"wordCount\":438,\"publisher\":{\"@id\":\"https:\/\/www.suno.com.br\/noticias\/#organization\"},\"image\":{\"@id\":\"https:\/\/www.suno.com.br\/noticias\/fleury-anuncia-entrada-mercado-classe-popular\/#primaryimage\"},\"thumbnailUrl\":\"https:\/\/files.sunoresearch.com.br\/n\/uploads\/2019\/12\/1251511f-fleury-scaled.webp\",\"keywords\":[\"Fleury (FLRY3)\"],\"articleSection\":[\"Neg\u00f3cios\"],\"inLanguage\":\"pt-BR\"},{\"@type\":\"WebPage\",\"@id\":\"https:\/\/www.suno.com.br\/noticias\/fleury-anuncia-entrada-mercado-classe-popular\/\",\"url\":\"https:\/\/www.suno.com.br\/noticias\/fleury-anuncia-entrada-mercado-classe-popular\/\",\"name\":\"Fleury anuncia entrada no mercado da classe popular\",\"isPartOf\":{\"@id\":\"https:\/\/www.suno.com.br\/noticias\/#website\"},\"primaryImageOfPage\":{\"@id\":\"https:\/\/www.suno.com.br\/noticias\/fleury-anuncia-entrada-mercado-classe-popular\/#primaryimage\"},\"image\":{\"@id\":\"https:\/\/www.suno.com.br\/noticias\/fleury-anuncia-entrada-mercado-classe-popular\/#primaryimage\"},\"thumbnailUrl\":\"https:\/\/files.sunoresearch.com.br\/n\/uploads\/2019\/12\/1251511f-fleury-scaled.webp\",\"datePublished\":\"2019-12-09T16:38:25+00:00\",\"dateModified\":\"2019-12-10T10:06:05+00:00\",\"description\":\"A Fleury anunciou nesta segunda que passar\u00e1 a operar no mercado da classe popular atrav\u00e9s de um laborat\u00f3rio digital. Clique e saiba mais.\",\"breadcrumb\":{\"@id\":\"https:\/\/www.suno.com.br\/noticias\/fleury-anuncia-entrada-mercado-classe-popular\/#breadcrumb\"},\"inLanguage\":\"pt-BR\",\"potentialAction\":[{\"@type\":\"ReadAction\",\"target\":[\"https:\/\/www.suno.com.br\/noticias\/fleury-anuncia-entrada-mercado-classe-popular\/\"]}]},{\"@type\":\"ImageObject\",\"inLanguage\":\"pt-BR\",\"@id\":\"https:\/\/www.suno.com.br\/noticias\/fleury-anuncia-entrada-mercado-classe-popular\/#primaryimage\",\"url\":\"https:\/\/files.sunoresearch.com.br\/n\/uploads\/2019\/12\/1251511f-fleury-scaled.webp\",\"contentUrl\":\"https:\/\/files.sunoresearch.com.br\/n\/uploads\/2019\/12\/1251511f-fleury-scaled.webp\",\"width\":2560,\"height\":1658,\"caption\":\"Fleury (FLYR3) Foto: Divulga\u00e7\u00e3o\"},{\"@type\":\"BreadcrumbList\",\"@id\":\"https:\/\/www.suno.com.br\/noticias\/fleury-anuncia-entrada-mercado-classe-popular\/#breadcrumb\",\"itemListElement\":[{\"@type\":\"ListItem\",\"position\":1,\"name\":\"Not\u00edcias\",\"item\":\"https:\/\/www.suno.com.br\/noticias\/\"},{\"@type\":\"ListItem\",\"position\":2,\"name\":\"Neg\u00f3cios\",\"item\":\"https:\/\/www.suno.com.br\/noticias\/negocios\/\"},{\"@type\":\"ListItem\",\"position\":3,\"name\":\"Fleury anuncia entrada no mercado de classe popular\"}]},{\"@type\":\"WebSite\",\"@id\":\"https:\/\/www.suno.com.br\/noticias\/#website\",\"url\":\"https:\/\/www.suno.com.br\/noticias\/\",\"name\":\"Suno Not\u00edcias\",\"description\":\"Seu portal de informa\u00e7\u00e3o sobre o mundo dos investimentos\",\"publisher\":{\"@id\":\"https:\/\/www.suno.com.br\/noticias\/#organization\"},\"potentialAction\":[{\"@type\":\"SearchAction\",\"target\":{\"@type\":\"EntryPoint\",\"urlTemplate\":\"https:\/\/www.suno.com.br\/noticias\/?s={search_term_string}\"},\"query-input\":{\"@type\":\"PropertyValueSpecification\",\"valueRequired\":true,\"valueName\":\"search_term_string\"}}],\"inLanguage\":\"pt-BR\"},{\"@type\":\"Organization\",\"@id\":\"https:\/\/www.suno.com.br\/noticias\/#organization\",\"name\":\"Suno Not\u00edcias\",\"url\":\"https:\/\/www.suno.com.br\/noticias\/\",\"logo\":{\"@type\":\"ImageObject\",\"inLanguage\":\"pt-BR\",\"@id\":\"https:\/\/www.suno.com.br\/noticias\/#\/schema\/logo\/image\/\",\"url\":\"https:\/\/files.sunoresearch.com.br\/n\/uploads\/2021\/09\/suno-logo.png\",\"contentUrl\":\"https:\/\/files.sunoresearch.com.br\/n\/uploads\/2021\/09\/suno-logo.png\",\"width\":180,\"height\":180,\"caption\":\"Suno Not\u00edcias\"},\"image\":{\"@id\":\"https:\/\/www.suno.com.br\/noticias\/#\/schema\/logo\/image\/\"},\"sameAs\":[\"https:\/\/facebook.com\/sunoresearch\",\"https:\/\/x.com\/sunoresearch\",\"https:\/\/www.instagram.com\/suno\",\"https:\/\/www.linkedin.com\/company\/suno-research\/\",\"https:\/\/www.youtube.com\/c\/sunoresearch\"]},{\"@type\":\"Person\",\"@id\":\"https:\/\/www.suno.com.br\/noticias\/#\/schema\/person\/918d79de1f0281f01599b93f9ea6e23f\",\"name\":\"Jader Lazarini\",\"image\":{\"@type\":\"ImageObject\",\"inLanguage\":\"pt-BR\",\"@id\":\"https:\/\/www.suno.com.br\/noticias\/#\/schema\/person\/image\/\",\"url\":\"https:\/\/secure.gravatar.com\/avatar\/3c1ad8caa51589841baeb923fcddea97?s=96&r=g\",\"contentUrl\":\"https:\/\/secure.gravatar.com\/avatar\/3c1ad8caa51589841baeb923fcddea97?s=96&r=g\",\"caption\":\"Jader Lazarini\"},\"description\":\"Jader Lazarini escreve sobre investimentos, finan\u00e7as, economia e neg\u00f3cios. \u00c9 bacharel em Rela\u00e7\u00f5es Internacionais e analista CNPI (2619).\",\"url\":\"https:\/\/www.suno.com.br\/noticias\/author\/jader-lazarini\/\"}]}<\/script>\n<!-- \/ Yoast SEO plugin. -->","yoast_head_json":{"title":"Fleury anuncia entrada no mercado da classe popular","description":"A Fleury anunciou nesta segunda que passar\u00e1 a operar no mercado da classe popular atrav\u00e9s de um laborat\u00f3rio digital. Clique e saiba mais.","robots":{"index":"index","follow":"follow","max-snippet":"max-snippet:-1","max-image-preview":"max-image-preview:large","max-video-preview":"max-video-preview:-1"},"canonical":"https:\/\/www.suno.com.br\/noticias\/fleury-anuncia-entrada-mercado-classe-popular\/","og_locale":"pt_BR","og_type":"article","og_title":"Fleury anuncia entrada no mercado da classe popular","og_description":"A Fleury anunciou nesta segunda que passar\u00e1 a operar no mercado da classe popular atrav\u00e9s de um laborat\u00f3rio digital. Clique e saiba mais.","og_url":"https:\/\/www.suno.com.br\/noticias\/fleury-anuncia-entrada-mercado-classe-popular\/","og_site_name":"Suno Not\u00edcias","article_publisher":"https:\/\/facebook.com\/sunoresearch","og_image":[{"width":1024,"height":663,"url":"https:\/\/files.sunoresearch.com.br\/n\/uploads\/2019\/12\/1251511f-fleury-1024x663.jpg","type":"image\/jpeg"}],"author":"Jader Lazarini","twitter_card":"summary_large_image","twitter_creator":"@sunoresearch","twitter_site":"@sunoresearch","twitter_misc":{"Escrito por":"Jader Lazarini","Est. tempo de leitura":"2 minutos"},"schema":{"@context":"https:\/\/schema.org","@graph":[{"@type":"NewsArticle","@id":"https:\/\/www.suno.com.br\/noticias\/fleury-anuncia-entrada-mercado-classe-popular\/#article","isPartOf":{"@id":"https:\/\/www.suno.com.br\/noticias\/fleury-anuncia-entrada-mercado-classe-popular\/"},"author":{"name":"Jader Lazarini","@id":"https:\/\/www.suno.com.br\/noticias\/#\/schema\/person\/918d79de1f0281f01599b93f9ea6e23f"},"headline":"Fleury anuncia entrada no mercado de classe popular","datePublished":"2019-12-09T16:38:25+00:00","dateModified":"2019-12-10T10:06:05+00:00","mainEntityOfPage":{"@id":"https:\/\/www.suno.com.br\/noticias\/fleury-anuncia-entrada-mercado-classe-popular\/"},"wordCount":438,"publisher":{"@id":"https:\/\/www.suno.com.br\/noticias\/#organization"},"image":{"@id":"https:\/\/www.suno.com.br\/noticias\/fleury-anuncia-entrada-mercado-classe-popular\/#primaryimage"},"thumbnailUrl":"https:\/\/files.sunoresearch.com.br\/n\/uploads\/2019\/12\/1251511f-fleury-scaled.webp","keywords":["Fleury (FLRY3)"],"articleSection":["Neg\u00f3cios"],"inLanguage":"pt-BR"},{"@type":"WebPage","@id":"https:\/\/www.suno.com.br\/noticias\/fleury-anuncia-entrada-mercado-classe-popular\/","url":"https:\/\/www.suno.com.br\/noticias\/fleury-anuncia-entrada-mercado-classe-popular\/","name":"Fleury anuncia entrada no mercado da classe popular","isPartOf":{"@id":"https:\/\/www.suno.com.br\/noticias\/#website"},"primaryImageOfPage":{"@id":"https:\/\/www.suno.com.br\/noticias\/fleury-anuncia-entrada-mercado-classe-popular\/#primaryimage"},"image":{"@id":"https:\/\/www.suno.com.br\/noticias\/fleury-anuncia-entrada-mercado-classe-popular\/#primaryimage"},"thumbnailUrl":"https:\/\/files.sunoresearch.com.br\/n\/uploads\/2019\/12\/1251511f-fleury-scaled.webp","datePublished":"2019-12-09T16:38:25+00:00","dateModified":"2019-12-10T10:06:05+00:00","description":"A Fleury anunciou nesta segunda que passar\u00e1 a operar no mercado da classe popular atrav\u00e9s de um laborat\u00f3rio digital. Clique e saiba mais.","breadcrumb":{"@id":"https:\/\/www.suno.com.br\/noticias\/fleury-anuncia-entrada-mercado-classe-popular\/#breadcrumb"},"inLanguage":"pt-BR","potentialAction":[{"@type":"ReadAction","target":["https:\/\/www.suno.com.br\/noticias\/fleury-anuncia-entrada-mercado-classe-popular\/"]}]},{"@type":"ImageObject","inLanguage":"pt-BR","@id":"https:\/\/www.suno.com.br\/noticias\/fleury-anuncia-entrada-mercado-classe-popular\/#primaryimage","url":"https:\/\/files.sunoresearch.com.br\/n\/uploads\/2019\/12\/1251511f-fleury-scaled.webp","contentUrl":"https:\/\/files.sunoresearch.com.br\/n\/uploads\/2019\/12\/1251511f-fleury-scaled.webp","width":2560,"height":1658,"caption":"Fleury (FLYR3) Foto: Divulga\u00e7\u00e3o"},{"@type":"BreadcrumbList","@id":"https:\/\/www.suno.com.br\/noticias\/fleury-anuncia-entrada-mercado-classe-popular\/#breadcrumb","itemListElement":[{"@type":"ListItem","position":1,"name":"Not\u00edcias","item":"https:\/\/www.suno.com.br\/noticias\/"},{"@type":"ListItem","position":2,"name":"Neg\u00f3cios","item":"https:\/\/www.suno.com.br\/noticias\/negocios\/"},{"@type":"ListItem","position":3,"name":"Fleury anuncia entrada no mercado de classe popular"}]},{"@type":"WebSite","@id":"https:\/\/www.suno.com.br\/noticias\/#website","url":"https:\/\/www.suno.com.br\/noticias\/","name":"Suno Not\u00edcias","description":"Seu portal de informa\u00e7\u00e3o sobre o mundo dos investimentos","publisher":{"@id":"https:\/\/www.suno.com.br\/noticias\/#organization"},"potentialAction":[{"@type":"SearchAction","target":{"@type":"EntryPoint","urlTemplate":"https:\/\/www.suno.com.br\/noticias\/?s={search_term_string}"},"query-input":{"@type":"PropertyValueSpecification","valueRequired":true,"valueName":"search_term_string"}}],"inLanguage":"pt-BR"},{"@type":"Organization","@id":"https:\/\/www.suno.com.br\/noticias\/#organization","name":"Suno Not\u00edcias","url":"https:\/\/www.suno.com.br\/noticias\/","logo":{"@type":"ImageObject","inLanguage":"pt-BR","@id":"https:\/\/www.suno.com.br\/noticias\/#\/schema\/logo\/image\/","url":"https:\/\/files.sunoresearch.com.br\/n\/uploads\/2021\/09\/suno-logo.png","contentUrl":"https:\/\/files.sunoresearch.com.br\/n\/uploads\/2021\/09\/suno-logo.png","width":180,"height":180,"caption":"Suno Not\u00edcias"},"image":{"@id":"https:\/\/www.suno.com.br\/noticias\/#\/schema\/logo\/image\/"},"sameAs":["https:\/\/facebook.com\/sunoresearch","https:\/\/x.com\/sunoresearch","https:\/\/www.instagram.com\/suno","https:\/\/www.linkedin.com\/company\/suno-research\/","https:\/\/www.youtube.com\/c\/sunoresearch"]},{"@type":"Person","@id":"https:\/\/www.suno.com.br\/noticias\/#\/schema\/person\/918d79de1f0281f01599b93f9ea6e23f","name":"Jader Lazarini","image":{"@type":"ImageObject","inLanguage":"pt-BR","@id":"https:\/\/www.suno.com.br\/noticias\/#\/schema\/person\/image\/","url":"https:\/\/secure.gravatar.com\/avatar\/3c1ad8caa51589841baeb923fcddea97?s=96&r=g","contentUrl":"https:\/\/secure.gravatar.com\/avatar\/3c1ad8caa51589841baeb923fcddea97?s=96&r=g","caption":"Jader Lazarini"},"description":"Jader Lazarini escreve sobre investimentos, finan\u00e7as, economia e neg\u00f3cios. \u00c9 bacharel em Rela\u00e7\u00f5es Internacionais e analista CNPI (2619).","url":"https:\/\/www.suno.com.br\/noticias\/author\/jader-lazarini\/"}]}},"default_loop_html":"<div class=\"cardsPage__listCard__boxs\"><div class=\"cardsPage__listCard__boxs__img\"><a href=\"https:\/\/www.suno.com.br\/noticias\/fleury-anuncia-entrada-mercado-classe-popular\/\"><img class=\"mask\" src=\"https:\/\/www.suno.com.br\/noticias\/wp-content\/themes\/suno\/resources\/images\/spotlight\/spotlight1img\/bg-mask.png\" alt=\"Image Mask\"\/><img src=\"https:\/\/files.sunoresearch.com.br\/n\/uploads\/2019\/12\/1251511f-fleury-400x200.webp\" alt=\"Fleury anuncia entrada no mercado de classe popular\"\/><\/a><span class=\"spotlightCategory\"><a href=\"https:\/\/www.suno.com.br\/noticias\/negocios\/\">Neg\u00f3cios<\/a><\/span><\/div><div class=\"cardsPage__listCard__boxs__content\"><a href=\"https:\/\/www.suno.com.br\/noticias\/fleury-anuncia-entrada-mercado-classe-popular\/\"><h2 class=\"content__title\">Fleury anuncia entrada no mercado de classe popular<\/h2><\/a><div class=\"newsContent__article__meta\"><div class=\"newsContent__article__meta__authorBox\"><a href=\"https:\/\/www.suno.com.br\/noticias\/author\/jader-lazarini\/\" class=\"authorBox__avatar noMobi\"><img src=\"https:\/\/files.sunoresearch.com.br\/n\/uploads\/2021\/01\/178e6598-foto-perfil-2-150x150.jpg\" alt=\"Jader Lazarini\"><\/a><div class=\"authorBox__name\"><span>por\n\t\t\t<a href=\"https:\/\/www.suno.com.br\/noticias\/author\/jader-lazarini\/\"><span itemprop=\"author\">Jader Lazarini<\/span><\/a><\/span><time datetime=\"2019-12-09T14:38:25-03:00\" itemprop=\"datePublished\">09\/12\/2019 14:38<\/time><\/div><\/div><\/div><\/div><\/div>","single_layout":"posts","amp_enabled":true,"_links":{"self":[{"href":"https:\/\/www.suno.com.br\/noticias\/wp-json\/wp\/v2\/posts\/47171"}],"collection":[{"href":"https:\/\/www.suno.com.br\/noticias\/wp-json\/wp\/v2\/posts"}],"about":[{"href":"https:\/\/www.suno.com.br\/noticias\/wp-json\/wp\/v2\/types\/post"}],"author":[{"embeddable":true,"href":"https:\/\/www.suno.com.br\/noticias\/wp-json\/wp\/v2\/users\/24"}],"replies":[{"embeddable":true,"href":"https:\/\/www.suno.com.br\/noticias\/wp-json\/wp\/v2\/comments?post=47171"}],"version-history":[{"count":0,"href":"https:\/\/www.suno.com.br\/noticias\/wp-json\/wp\/v2\/posts\/47171\/revisions"}],"wp:featuredmedia":[{"embeddable":true,"href":"https:\/\/www.suno.com.br\/noticias\/wp-json\/wp\/v2\/media\/47175"}],"wp:attachment":[{"href":"https:\/\/www.suno.com.br\/noticias\/wp-json\/wp\/v2\/media?parent=47171"}],"wp:term":[{"taxonomy":"category","embeddable":true,"href":"https:\/\/www.suno.com.br\/noticias\/wp-json\/wp\/v2\/categories?post=47171"},{"taxonomy":"post_tag","embeddable":true,"href":"https:\/\/www.suno.com.br\/noticias\/wp-json\/wp\/v2\/tags?post=47171"},{"taxonomy":"suno_strategy","embeddable":true,"href":"https:\/\/www.suno.com.br\/noticias\/wp-json\/wp\/v2\/suno_strategy?post=47171"}],"curies":[{"name":"wp","href":"https:\/\/api.w.org\/{rel}","templated":true}]}}