{"id":471631,"date":"2023-10-16T20:18:49","date_gmt":"2023-10-16T23:18:49","guid":{"rendered":"https:\/\/www.suno.com.br\/noticias\/?p=471631"},"modified":"2023-10-16T20:18:52","modified_gmt":"2023-10-16T23:18:52","slug":"dolar-fecha-em-queda-menor-valor-mes-apetite-global-ao-risco","status":"publish","type":"post","link":"https:\/\/www.suno.com.br\/noticias\/dolar-fecha-em-queda-menor-valor-mes-apetite-global-ao-risco\/","title":{"rendered":"D\u00f3lar cai e chega ao menor valor no m\u00eas"},"content":{"rendered":"<p>O <strong>d\u00f3lar<\/strong> encerrou a sess\u00e3o desta segunda-feira, 16, em queda firme, abaixo da linha de R$ 5,04, em dia marcado por apetite ao risco e enfraquecimento global da moeda norte-americana. Dados abaixo do esperado da economia dos Estados Unidos e declara\u00e7\u00f5es de dirigentes do Federal Reserve (Fed, o banco central dos EUA) cristalizaram a aposta de que a taxa b\u00e1sica norte-americana n\u00e3o ser\u00e1 elevada em novembro. O rand sul-africano, o real e o peso mexicano lideraram os ganhos entre divisas emergentes, que se beneficiaram da valoriza\u00e7\u00e3o de commodities met\u00e1licas, em especial o min\u00e9rio de ferro, na esteira de est\u00edmulos monet\u00e1rios na China.<\/p>\t<div class=\"wrapper-featured-image\">\n\t\t<figure class=\"spotlightImg\">\n\n\t\t\t<picture>\n\t\t\t\t<source media=\"(max-width: 768px)\" srcset=\"https:\/\/files.sunoresearch.com.br\/n\/uploads\/2023\/09\/comprar-dolar-hoje-cotacao-400x200.jpg\">\n\t\t\t\t<img loading=\"lazy\" decoding=\"async\" class=\"newsContent__article__imgCapa lazyloadDisabled \" src=\"https:\/\/files.sunoresearch.com.br\/n\/uploads\/2023\/09\/comprar-dolar-hoje-cotacao-800x450.jpg\" width=\"800\" height=\"450\" alt=\"D\u00f3lar cai e chega ao menor valor no m\u00eas\" fetchpriority=high \/>\n\t\t\t<\/picture>\n\n\t\t\t<figcaption class=\"wp-caption-text wp-caption-text--show\">Banco Central: fluxo cambial total no ano at\u00e9 22 de dezembro \u00e9 positivo em US$ 16,3 bi. Foto: Pexels<\/figcaption>\n\t\t<\/figure>\n\t<\/div>\n\n\n\n\n\n\t<p>\n\t\t<a href=\"\" target=\"_blank\" data-element=\"shortcode-suno-banner\" title=\"Banner SUNO, clique e saiba mais\">\n\t\t\t<picture>\n\t\t\t\t<source media=\"(max-width: 500px)\" srcset=\"\">\n\t\t\t\t<img class=\"newsContent__article__imgCapa newsContent__article__imgCapa--banner\"\n\t\t\t\t\tsrc=\"\"\n\t\t\t\t\tdata-promo-id=\"240038\"\t\t\t\t\t\t\t\t\t\t\t\t\t\t\talt=\"\"\n\t\t\t\t>\n\t\t\t<\/picture>\n\t\t<\/a>\n\t<\/p>\n\n\n\n\n\n\n\n<p>A busca por ativos mais arriscados tamb\u00e9m se fiou na redu\u00e7\u00e3o dos temores de um alastramento da guerra entre Israel e o grupo palestino Hamas para outros pa\u00edses do Oriente M\u00e9dio, em especial o Ir\u00e3 &#8211; acontecimento que poderia abalar a oferta mundial de petr\u00f3leo e provocar nova onda inflacion\u00e1ria. Ap\u00f3s ganhos da ordem de 5% na sexta-feira, as cota\u00e7\u00f5es do \u00f3leo recuaram nesta segunda-feira e voltaram a se situar abaixo de US$ 90 o barril.<\/p>\n\n\n\n<p>Em queda desde o in\u00edcio dos neg\u00f3cios, a <strong>cota\u00e7\u00e3o do d\u00f3lar<\/strong> aprofundou o ritmo de baixa \u00e0 tarde e registrou m\u00ednima a R$ 5,0342 nos \u00faltimos minutos do preg\u00e3o, em sintonia com o exterior. No fim da sess\u00e3o, a <strong>moeda dos EUA<\/strong> recuava 1,01%, cotada a R$ 5,0372 &#8211; menor valor de fechamento em duas semanas. A divisa ainda acumula uma leve valoriza\u00e7\u00e3o no m\u00eas (+0,21%). Como \u00e9 de costume na abertura da semana, a liquidez foi moderada.<\/p>\n\n\n\n<p>O s\u00f3cio e head de c\u00e2mbio da Nexgen Capital, Felipe Izac, afirma que uma combina\u00e7\u00e3o de fatores levou \u00e0 percep\u00e7\u00e3o de que o BC norte-americano n\u00e3o vai promover eleva\u00e7\u00e3o dos juros em novembro. &#8220;V\u00e1rios dirigentes do Fed v\u00eam trazendo uma vis\u00e3o menos <i>hawkish<\/i> nos \u00faltimos dias. O n\u00facleo da infla\u00e7\u00e3o ao consumidor CPI veio na semana passada como esperado e hoje saiu dado de atividade industrial nos EUA abaixo da expectativa&#8221;, afirma Izac.<\/p>\n\n\n\n<p>Divulgado pela manh\u00e3, o \u00edndice Empire State de atividade industrial, elaborado pelo Fed de Nova York, caiu de 1,9 em setembro para -4,6 em outubro, enquanto analistas previam queda menor, a -3,0.<\/p>\n\n\n\t<p>\n\t\t<a href=\"https:\/\/lp.suno.com.br\/ebook-gratuito-investindo-no-exterior\/\" target=\"_blank\" data-element=\"shortcode-suno-banner\" title=\"Banner SUNO, clique e saiba mais\">\n\t\t\t<picture>\n\t\t\t\t<source media=\"(max-width: 500px)\" srcset=\"https:\/\/files.sunoresearch.com.br\/n\/uploads\/2023\/03\/400x300-Investindo-no-exterior.png\">\n\t\t\t\t<img class=\"newsContent__article__imgCapa newsContent__article__imgCapa--banner\"\n\t\t\t\t\tsrc=\"https:\/\/files.sunoresearch.com.br\/n\/uploads\/2023\/03\/1420x240-Investindo-no-exterior.png\"\n\t\t\t\t\tdata-promo-id=\"383161\"\t\t\t\t\t\t\t\t\t\twidth='1420' height='240'\t\t\t\t\talt=\"https:\/\/files.sunoresearch.com.br\/n\/uploads\/2023\/03\/1420x240-Investindo-no-exterior.png\"\n\t\t\t\t>\n\t\t\t<\/picture>\n\t\t<\/a>\n\t<\/p>\n\n\n\n\n\n<h2 class=\"wp-block-heading\">D\u00f3lar: rea\u00e7\u00e3o exagerada do mercado em setembro?<\/h2>\n\n\n\n<p>O presidente da distrital do Fed de Filad\u00e9lfia, Patrick Harker, engrossou o coro dos dirigentes do BC norte-americano que veem a manuten\u00e7\u00e3o dos juros como a melhor estrat\u00e9gia para o momento, embora tenha repetido o alerta de que n\u00e3o \u00e9 poss\u00edvel descartar novas altas, caso a infla\u00e7\u00e3o surpreenda para cima. Com direito a voto nas reuni\u00f5es deste ano, ele tamb\u00e9m afirmou que assina embaixo na mensagem de &#8220;juros mais altos mais tempo&#8221;.<\/p>\n\n\n\n<p>Izac, da Nexgen Capital, lembra que o d\u00f3lar experimentou uma forte onda de valoriza\u00e7\u00e3o em setembro e na primeira semana de outubro, quando havia temores de um aperto monet\u00e1rio mais forte nos EUA, dada a infla\u00e7\u00e3o elevada e a atividade aquecida. &#8220;O d\u00f3lar chegou a bater m\u00e1xima acima de R$ 5,20, em uma rea\u00e7\u00e3o exagerada do mercado. Agora a moeda devolve esses ganhos com a mudan\u00e7a do discurso do Fed&#8221;, diz.<\/p>\n\n\n\n<p>Embora a forma\u00e7\u00e3o da taxa de c\u00e2mbio e do<strong> d\u00f3lar<\/strong> esteja sendo ditada predominantemente pelo ambiente externo, investidores monitoram o andamento dos projetos do governo para aumentar a arrecada\u00e7\u00e3o e, assim, cumprir a <a class=\"suno-keyword\" target=\"_blank\" data-force=\"no\" data-priority=\"1\" href=\"https:\/\/www.suno.com.br\/artigos\/meta-fiscal\/\" rel=\"noopener\">meta fiscal<\/a> de d\u00e9ficit zero em 2024. H\u00e1 riscos de que a vota\u00e7\u00e3o do projeto de lei sobre taxa\u00e7\u00e3o de fundos de alta renda (exclusivos e offshore), prevista inicialmente para esta semana, seja adiada.<\/p>\n\n\n\n<p><em>Com Estad\u00e3o Conte\u00fado<\/em><\/p>\n\n\n\t<p>\n\t\t<a href=\"https:\/\/lp.suno.com.br\/planilha-da-vida-financeira\/\" target=\"_blank\" data-element=\"shortcode-suno-banner\" title=\"Banner SUNO, clique e saiba mais\">\n\t\t\t<picture>\n\t\t\t\t<source media=\"(max-width: 500px)\" srcset=\"https:\/\/files.sunoresearch.com.br\/n\/uploads\/2023\/04\/400x300-Planilha-vida-financeira-true.png\">\n\t\t\t\t<img class=\"newsContent__article__imgCapa newsContent__article__imgCapa--banner\"\n\t\t\t\t\tsrc=\"https:\/\/files.sunoresearch.com.br\/n\/uploads\/2023\/04\/1420x240-Planilha-vida-financeira-true.png\"\n\t\t\t\t\tdata-promo-id=\"383123\"\t\t\t\t\t\t\t\t\t\twidth='1420' height='240'\t\t\t\t\talt=\"https:\/\/files.sunoresearch.com.br\/n\/uploads\/2023\/04\/1420x240-Planilha-vida-financeira-true.png\"\n\t\t\t\t>\n\t\t\t<\/picture>\n\t\t<\/a>\n\t<\/p>\n\n\n","protected":false},"excerpt":{"rendered":"<p>O d\u00f3lar encerrou a sess\u00e3o desta segunda-feira, 16, em queda firme, abaixo da linha de R$ 5,04, em dia marcado por apetite ao risco e enfraquecimento global da moeda norte-americana. Dados abaixo do esperado da economia dos Estados Unidos e declara\u00e7\u00f5es de dirigentes do Federal Reserve (Fed, o banco central dos EUA) cristalizaram a aposta [&hellip;]<\/p>\n","protected":false},"author":43,"featured_media":455694,"comment_status":"closed","ping_status":"closed","sticky":false,"template":"","format":"standard","meta":[],"categories":[60],"tags":[326],"suno_strategy":[],"class_list":["post-471631","post","type-post","status-publish","format-standard","has-post-thumbnail","hentry","category-mercado","tag-dolar"],"yoast_head":"<!-- This site is optimized with the Yoast SEO plugin v24.4 - https:\/\/yoast.com\/wordpress\/plugins\/seo\/ -->\n<title>D\u00f3lar cai e chega ao menor valor no m\u00eas<\/title>\n<meta name=\"description\" content=\"No fim da sess\u00e3o, o d\u00f3lar recupu 1,01%, cotada a R$ 5,0372 - menor valor de fechamento em duas semanas. Saiba por qu\u00ea\" \/>\n<meta name=\"robots\" content=\"index, follow, max-snippet:-1, max-image-preview:large, max-video-preview:-1\" \/>\n<link rel=\"canonical\" href=\"https:\/\/www.suno.com.br\/noticias\/dolar-fecha-em-queda-menor-valor-mes-apetite-global-ao-risco\/\" \/>\n<meta property=\"og:locale\" content=\"pt_BR\" \/>\n<meta property=\"og:type\" content=\"article\" \/>\n<meta property=\"og:title\" content=\"D\u00f3lar cai e chega ao menor valor no m\u00eas\" \/>\n<meta property=\"og:description\" content=\"No fim da sess\u00e3o, o d\u00f3lar recupu 1,01%, cotada a R$ 5,0372 - menor valor de fechamento em duas semanas. Saiba por qu\u00ea\" \/>\n<meta property=\"og:url\" content=\"https:\/\/www.suno.com.br\/noticias\/dolar-fecha-em-queda-menor-valor-mes-apetite-global-ao-risco\/\" \/>\n<meta property=\"og:site_name\" content=\"Suno Not\u00edcias\" \/>\n<meta property=\"article:publisher\" content=\"https:\/\/facebook.com\/sunoresearch\" \/>\n<meta property=\"article:author\" content=\"https:\/\/www.facebook.com\/sunonoticias\/\" \/>\n<meta property=\"og:image\" content=\"https:\/\/files.sunoresearch.com.br\/n\/uploads\/2023\/09\/comprar-dolar-hoje-cotacao.jpg\" \/>\n\t<meta property=\"og:image:width\" content=\"1200\" \/>\n\t<meta property=\"og:image:height\" content=\"800\" \/>\n\t<meta property=\"og:image:type\" content=\"image\/jpeg\" \/>\n<meta name=\"author\" content=\"Reda\u00e7\u00e3o Suno Not\u00edcias\" \/>\n<meta name=\"twitter:card\" content=\"summary_large_image\" \/>\n<meta name=\"twitter:creator\" content=\"@https:\/\/twitter.com\/sunoresearch\" \/>\n<meta name=\"twitter:site\" content=\"@sunoresearch\" \/>\n<meta name=\"twitter:label1\" content=\"Escrito por\" \/>\n\t<meta name=\"twitter:data1\" content=\"Reda\u00e7\u00e3o Suno Not\u00edcias\" \/>\n\t<meta name=\"twitter:label2\" content=\"Est. tempo de leitura\" \/>\n\t<meta name=\"twitter:data2\" content=\"4 minutos\" \/>\n<script type=\"application\/ld+json\" class=\"yoast-schema-graph\">{\"@context\":\"https:\/\/schema.org\",\"@graph\":[{\"@type\":\"NewsArticle\",\"@id\":\"https:\/\/www.suno.com.br\/noticias\/dolar-fecha-em-queda-menor-valor-mes-apetite-global-ao-risco\/#article\",\"isPartOf\":{\"@id\":\"https:\/\/www.suno.com.br\/noticias\/dolar-fecha-em-queda-menor-valor-mes-apetite-global-ao-risco\/\"},\"author\":{\"name\":\"Reda\u00e7\u00e3o Suno Not\u00edcias\",\"@id\":\"https:\/\/www.suno.com.br\/noticias\/#\/schema\/person\/c1b1bd3727fa852bd045e9dbff3673ea\"},\"headline\":\"D\u00f3lar cai e chega ao menor valor no m\u00eas\",\"datePublished\":\"2023-10-16T23:18:49+00:00\",\"dateModified\":\"2023-10-16T23:18:52+00:00\",\"mainEntityOfPage\":{\"@id\":\"https:\/\/www.suno.com.br\/noticias\/dolar-fecha-em-queda-menor-valor-mes-apetite-global-ao-risco\/\"},\"wordCount\":651,\"publisher\":{\"@id\":\"https:\/\/www.suno.com.br\/noticias\/#organization\"},\"image\":{\"@id\":\"https:\/\/www.suno.com.br\/noticias\/dolar-fecha-em-queda-menor-valor-mes-apetite-global-ao-risco\/#primaryimage\"},\"thumbnailUrl\":\"https:\/\/files.sunoresearch.com.br\/n\/uploads\/2023\/09\/comprar-dolar-hoje-cotacao.jpg\",\"keywords\":[\"d\u00f3lar\"],\"articleSection\":[\"Mercado\"],\"inLanguage\":\"pt-BR\"},{\"@type\":\"WebPage\",\"@id\":\"https:\/\/www.suno.com.br\/noticias\/dolar-fecha-em-queda-menor-valor-mes-apetite-global-ao-risco\/\",\"url\":\"https:\/\/www.suno.com.br\/noticias\/dolar-fecha-em-queda-menor-valor-mes-apetite-global-ao-risco\/\",\"name\":\"D\u00f3lar cai e chega ao menor valor no m\u00eas\",\"isPartOf\":{\"@id\":\"https:\/\/www.suno.com.br\/noticias\/#website\"},\"primaryImageOfPage\":{\"@id\":\"https:\/\/www.suno.com.br\/noticias\/dolar-fecha-em-queda-menor-valor-mes-apetite-global-ao-risco\/#primaryimage\"},\"image\":{\"@id\":\"https:\/\/www.suno.com.br\/noticias\/dolar-fecha-em-queda-menor-valor-mes-apetite-global-ao-risco\/#primaryimage\"},\"thumbnailUrl\":\"https:\/\/files.sunoresearch.com.br\/n\/uploads\/2023\/09\/comprar-dolar-hoje-cotacao.jpg\",\"datePublished\":\"2023-10-16T23:18:49+00:00\",\"dateModified\":\"2023-10-16T23:18:52+00:00\",\"description\":\"No fim da sess\u00e3o, o d\u00f3lar recupu 1,01%, cotada a R$ 5,0372 - menor valor de fechamento em duas semanas. Saiba por qu\u00ea\",\"breadcrumb\":{\"@id\":\"https:\/\/www.suno.com.br\/noticias\/dolar-fecha-em-queda-menor-valor-mes-apetite-global-ao-risco\/#breadcrumb\"},\"inLanguage\":\"pt-BR\",\"potentialAction\":[{\"@type\":\"ReadAction\",\"target\":[\"https:\/\/www.suno.com.br\/noticias\/dolar-fecha-em-queda-menor-valor-mes-apetite-global-ao-risco\/\"]}]},{\"@type\":\"ImageObject\",\"inLanguage\":\"pt-BR\",\"@id\":\"https:\/\/www.suno.com.br\/noticias\/dolar-fecha-em-queda-menor-valor-mes-apetite-global-ao-risco\/#primaryimage\",\"url\":\"https:\/\/files.sunoresearch.com.br\/n\/uploads\/2023\/09\/comprar-dolar-hoje-cotacao.jpg\",\"contentUrl\":\"https:\/\/files.sunoresearch.com.br\/n\/uploads\/2023\/09\/comprar-dolar-hoje-cotacao.jpg\",\"width\":1200,\"height\":800,\"caption\":\"Banco Central: fluxo cambial total no ano at\u00e9 22 de dezembro \u00e9 positivo em US$ 16,3 bi. Foto: Pexels\"},{\"@type\":\"BreadcrumbList\",\"@id\":\"https:\/\/www.suno.com.br\/noticias\/dolar-fecha-em-queda-menor-valor-mes-apetite-global-ao-risco\/#breadcrumb\",\"itemListElement\":[{\"@type\":\"ListItem\",\"position\":1,\"name\":\"Not\u00edcias\",\"item\":\"https:\/\/www.suno.com.br\/noticias\/\"},{\"@type\":\"ListItem\",\"position\":2,\"name\":\"Mercado\",\"item\":\"https:\/\/www.suno.com.br\/noticias\/mercado\/\"},{\"@type\":\"ListItem\",\"position\":3,\"name\":\"D\u00f3lar cai e chega ao menor valor no m\u00eas\"}]},{\"@type\":\"WebSite\",\"@id\":\"https:\/\/www.suno.com.br\/noticias\/#website\",\"url\":\"https:\/\/www.suno.com.br\/noticias\/\",\"name\":\"Suno Not\u00edcias\",\"description\":\"Seu portal de informa\u00e7\u00e3o sobre o mundo dos investimentos\",\"publisher\":{\"@id\":\"https:\/\/www.suno.com.br\/noticias\/#organization\"},\"potentialAction\":[{\"@type\":\"SearchAction\",\"target\":{\"@type\":\"EntryPoint\",\"urlTemplate\":\"https:\/\/www.suno.com.br\/noticias\/?s={search_term_string}\"},\"query-input\":{\"@type\":\"PropertyValueSpecification\",\"valueRequired\":true,\"valueName\":\"search_term_string\"}}],\"inLanguage\":\"pt-BR\"},{\"@type\":\"Organization\",\"@id\":\"https:\/\/www.suno.com.br\/noticias\/#organization\",\"name\":\"Suno Not\u00edcias\",\"url\":\"https:\/\/www.suno.com.br\/noticias\/\",\"logo\":{\"@type\":\"ImageObject\",\"inLanguage\":\"pt-BR\",\"@id\":\"https:\/\/www.suno.com.br\/noticias\/#\/schema\/logo\/image\/\",\"url\":\"https:\/\/files.sunoresearch.com.br\/n\/uploads\/2021\/09\/suno-logo.png\",\"contentUrl\":\"https:\/\/files.sunoresearch.com.br\/n\/uploads\/2021\/09\/suno-logo.png\",\"width\":180,\"height\":180,\"caption\":\"Suno Not\u00edcias\"},\"image\":{\"@id\":\"https:\/\/www.suno.com.br\/noticias\/#\/schema\/logo\/image\/\"},\"sameAs\":[\"https:\/\/facebook.com\/sunoresearch\",\"https:\/\/x.com\/sunoresearch\",\"https:\/\/www.instagram.com\/suno\",\"https:\/\/www.linkedin.com\/company\/suno-research\/\",\"https:\/\/www.youtube.com\/c\/sunoresearch\"]},{\"@type\":\"Person\",\"@id\":\"https:\/\/www.suno.com.br\/noticias\/#\/schema\/person\/c1b1bd3727fa852bd045e9dbff3673ea\",\"name\":\"Reda\u00e7\u00e3o Suno Not\u00edcias\",\"image\":{\"@type\":\"ImageObject\",\"inLanguage\":\"pt-BR\",\"@id\":\"https:\/\/www.suno.com.br\/noticias\/#\/schema\/person\/image\/\",\"url\":\"https:\/\/secure.gravatar.com\/avatar\/b8104b9b5a71985d5238ee59fbe418af?s=96&r=g\",\"contentUrl\":\"https:\/\/secure.gravatar.com\/avatar\/b8104b9b5a71985d5238ee59fbe418af?s=96&r=g\",\"caption\":\"Reda\u00e7\u00e3o Suno Not\u00edcias\"},\"description\":\"O Suno Not\u00edcias \u00e9 um portal de informa\u00e7\u00f5es sobre Mercado Financeiro, Pol\u00edtica, Neg\u00f3cios, Economia e Finan\u00e7as Pessoais.\",\"sameAs\":[\"https:\/\/www.suno.com.br\/noticias\",\"https:\/\/www.facebook.com\/sunonoticias\/\",\"https:\/\/www.instagram.com\/sunonoticias\/\",\"https:\/\/x.com\/https:\/\/twitter.com\/sunoresearch\",\"https:\/\/www.youtube.com\/sunonoticias\"],\"url\":\"https:\/\/www.suno.com.br\/noticias\/author\/redacao-suno\/\"}]}<\/script>\n<!-- \/ Yoast SEO plugin. -->","yoast_head_json":{"title":"D\u00f3lar cai e chega ao menor valor no m\u00eas","description":"No fim da sess\u00e3o, o d\u00f3lar recupu 1,01%, cotada a R$ 5,0372 - menor valor de fechamento em duas semanas. Saiba por qu\u00ea","robots":{"index":"index","follow":"follow","max-snippet":"max-snippet:-1","max-image-preview":"max-image-preview:large","max-video-preview":"max-video-preview:-1"},"canonical":"https:\/\/www.suno.com.br\/noticias\/dolar-fecha-em-queda-menor-valor-mes-apetite-global-ao-risco\/","og_locale":"pt_BR","og_type":"article","og_title":"D\u00f3lar cai e chega ao menor valor no m\u00eas","og_description":"No fim da sess\u00e3o, o d\u00f3lar recupu 1,01%, cotada a R$ 5,0372 - menor valor de fechamento em duas semanas. Saiba por qu\u00ea","og_url":"https:\/\/www.suno.com.br\/noticias\/dolar-fecha-em-queda-menor-valor-mes-apetite-global-ao-risco\/","og_site_name":"Suno Not\u00edcias","article_publisher":"https:\/\/facebook.com\/sunoresearch","article_author":"https:\/\/www.facebook.com\/sunonoticias\/","og_image":[{"width":1200,"height":800,"url":"https:\/\/files.sunoresearch.com.br\/n\/uploads\/2023\/09\/comprar-dolar-hoje-cotacao.jpg","type":"image\/jpeg"}],"author":"Reda\u00e7\u00e3o Suno Not\u00edcias","twitter_card":"summary_large_image","twitter_creator":"@https:\/\/twitter.com\/sunoresearch","twitter_site":"@sunoresearch","twitter_misc":{"Escrito por":"Reda\u00e7\u00e3o Suno Not\u00edcias","Est. tempo de leitura":"4 minutos"},"schema":{"@context":"https:\/\/schema.org","@graph":[{"@type":"NewsArticle","@id":"https:\/\/www.suno.com.br\/noticias\/dolar-fecha-em-queda-menor-valor-mes-apetite-global-ao-risco\/#article","isPartOf":{"@id":"https:\/\/www.suno.com.br\/noticias\/dolar-fecha-em-queda-menor-valor-mes-apetite-global-ao-risco\/"},"author":{"name":"Reda\u00e7\u00e3o Suno Not\u00edcias","@id":"https:\/\/www.suno.com.br\/noticias\/#\/schema\/person\/c1b1bd3727fa852bd045e9dbff3673ea"},"headline":"D\u00f3lar cai e chega ao menor valor no m\u00eas","datePublished":"2023-10-16T23:18:49+00:00","dateModified":"2023-10-16T23:18:52+00:00","mainEntityOfPage":{"@id":"https:\/\/www.suno.com.br\/noticias\/dolar-fecha-em-queda-menor-valor-mes-apetite-global-ao-risco\/"},"wordCount":651,"publisher":{"@id":"https:\/\/www.suno.com.br\/noticias\/#organization"},"image":{"@id":"https:\/\/www.suno.com.br\/noticias\/dolar-fecha-em-queda-menor-valor-mes-apetite-global-ao-risco\/#primaryimage"},"thumbnailUrl":"https:\/\/files.sunoresearch.com.br\/n\/uploads\/2023\/09\/comprar-dolar-hoje-cotacao.jpg","keywords":["d\u00f3lar"],"articleSection":["Mercado"],"inLanguage":"pt-BR"},{"@type":"WebPage","@id":"https:\/\/www.suno.com.br\/noticias\/dolar-fecha-em-queda-menor-valor-mes-apetite-global-ao-risco\/","url":"https:\/\/www.suno.com.br\/noticias\/dolar-fecha-em-queda-menor-valor-mes-apetite-global-ao-risco\/","name":"D\u00f3lar cai e chega ao menor valor no m\u00eas","isPartOf":{"@id":"https:\/\/www.suno.com.br\/noticias\/#website"},"primaryImageOfPage":{"@id":"https:\/\/www.suno.com.br\/noticias\/dolar-fecha-em-queda-menor-valor-mes-apetite-global-ao-risco\/#primaryimage"},"image":{"@id":"https:\/\/www.suno.com.br\/noticias\/dolar-fecha-em-queda-menor-valor-mes-apetite-global-ao-risco\/#primaryimage"},"thumbnailUrl":"https:\/\/files.sunoresearch.com.br\/n\/uploads\/2023\/09\/comprar-dolar-hoje-cotacao.jpg","datePublished":"2023-10-16T23:18:49+00:00","dateModified":"2023-10-16T23:18:52+00:00","description":"No fim da sess\u00e3o, o d\u00f3lar recupu 1,01%, cotada a R$ 5,0372 - menor valor de fechamento em duas semanas. Saiba por qu\u00ea","breadcrumb":{"@id":"https:\/\/www.suno.com.br\/noticias\/dolar-fecha-em-queda-menor-valor-mes-apetite-global-ao-risco\/#breadcrumb"},"inLanguage":"pt-BR","potentialAction":[{"@type":"ReadAction","target":["https:\/\/www.suno.com.br\/noticias\/dolar-fecha-em-queda-menor-valor-mes-apetite-global-ao-risco\/"]}]},{"@type":"ImageObject","inLanguage":"pt-BR","@id":"https:\/\/www.suno.com.br\/noticias\/dolar-fecha-em-queda-menor-valor-mes-apetite-global-ao-risco\/#primaryimage","url":"https:\/\/files.sunoresearch.com.br\/n\/uploads\/2023\/09\/comprar-dolar-hoje-cotacao.jpg","contentUrl":"https:\/\/files.sunoresearch.com.br\/n\/uploads\/2023\/09\/comprar-dolar-hoje-cotacao.jpg","width":1200,"height":800,"caption":"Banco Central: fluxo cambial total no ano at\u00e9 22 de dezembro \u00e9 positivo em US$ 16,3 bi. Foto: Pexels"},{"@type":"BreadcrumbList","@id":"https:\/\/www.suno.com.br\/noticias\/dolar-fecha-em-queda-menor-valor-mes-apetite-global-ao-risco\/#breadcrumb","itemListElement":[{"@type":"ListItem","position":1,"name":"Not\u00edcias","item":"https:\/\/www.suno.com.br\/noticias\/"},{"@type":"ListItem","position":2,"name":"Mercado","item":"https:\/\/www.suno.com.br\/noticias\/mercado\/"},{"@type":"ListItem","position":3,"name":"D\u00f3lar cai e chega ao menor valor no m\u00eas"}]},{"@type":"WebSite","@id":"https:\/\/www.suno.com.br\/noticias\/#website","url":"https:\/\/www.suno.com.br\/noticias\/","name":"Suno Not\u00edcias","description":"Seu portal de informa\u00e7\u00e3o sobre o mundo dos investimentos","publisher":{"@id":"https:\/\/www.suno.com.br\/noticias\/#organization"},"potentialAction":[{"@type":"SearchAction","target":{"@type":"EntryPoint","urlTemplate":"https:\/\/www.suno.com.br\/noticias\/?s={search_term_string}"},"query-input":{"@type":"PropertyValueSpecification","valueRequired":true,"valueName":"search_term_string"}}],"inLanguage":"pt-BR"},{"@type":"Organization","@id":"https:\/\/www.suno.com.br\/noticias\/#organization","name":"Suno Not\u00edcias","url":"https:\/\/www.suno.com.br\/noticias\/","logo":{"@type":"ImageObject","inLanguage":"pt-BR","@id":"https:\/\/www.suno.com.br\/noticias\/#\/schema\/logo\/image\/","url":"https:\/\/files.sunoresearch.com.br\/n\/uploads\/2021\/09\/suno-logo.png","contentUrl":"https:\/\/files.sunoresearch.com.br\/n\/uploads\/2021\/09\/suno-logo.png","width":180,"height":180,"caption":"Suno Not\u00edcias"},"image":{"@id":"https:\/\/www.suno.com.br\/noticias\/#\/schema\/logo\/image\/"},"sameAs":["https:\/\/facebook.com\/sunoresearch","https:\/\/x.com\/sunoresearch","https:\/\/www.instagram.com\/suno","https:\/\/www.linkedin.com\/company\/suno-research\/","https:\/\/www.youtube.com\/c\/sunoresearch"]},{"@type":"Person","@id":"https:\/\/www.suno.com.br\/noticias\/#\/schema\/person\/c1b1bd3727fa852bd045e9dbff3673ea","name":"Reda\u00e7\u00e3o Suno Not\u00edcias","image":{"@type":"ImageObject","inLanguage":"pt-BR","@id":"https:\/\/www.suno.com.br\/noticias\/#\/schema\/person\/image\/","url":"https:\/\/secure.gravatar.com\/avatar\/b8104b9b5a71985d5238ee59fbe418af?s=96&r=g","contentUrl":"https:\/\/secure.gravatar.com\/avatar\/b8104b9b5a71985d5238ee59fbe418af?s=96&r=g","caption":"Reda\u00e7\u00e3o Suno Not\u00edcias"},"description":"O Suno Not\u00edcias \u00e9 um portal de informa\u00e7\u00f5es sobre Mercado Financeiro, Pol\u00edtica, Neg\u00f3cios, Economia e Finan\u00e7as Pessoais.","sameAs":["https:\/\/www.suno.com.br\/noticias","https:\/\/www.facebook.com\/sunonoticias\/","https:\/\/www.instagram.com\/sunonoticias\/","https:\/\/x.com\/https:\/\/twitter.com\/sunoresearch","https:\/\/www.youtube.com\/sunonoticias"],"url":"https:\/\/www.suno.com.br\/noticias\/author\/redacao-suno\/"}]}},"default_loop_html":"<div class=\"cardsPage__listCard__boxs\"><div class=\"cardsPage__listCard__boxs__img\"><a href=\"https:\/\/www.suno.com.br\/noticias\/dolar-fecha-em-queda-menor-valor-mes-apetite-global-ao-risco\/\"><img class=\"mask\" src=\"https:\/\/www.suno.com.br\/noticias\/wp-content\/themes\/suno\/resources\/images\/spotlight\/spotlight1img\/bg-mask.png\" alt=\"Image Mask\"\/><img src=\"https:\/\/files.sunoresearch.com.br\/n\/uploads\/2023\/09\/comprar-dolar-hoje-cotacao-400x200.jpg\" alt=\"D\u00f3lar cai e chega ao menor valor no m\u00eas\"\/><\/a><span class=\"spotlightCategory\"><a href=\"https:\/\/www.suno.com.br\/noticias\/mercado\/\">Mercado<\/a><\/span><\/div><div class=\"cardsPage__listCard__boxs__content\"><a href=\"https:\/\/www.suno.com.br\/noticias\/dolar-fecha-em-queda-menor-valor-mes-apetite-global-ao-risco\/\"><h2 class=\"content__title\">D\u00f3lar cai e chega ao menor valor no m\u00eas<\/h2><\/a><div class=\"newsContent__article__meta\"><div class=\"newsContent__article__meta__authorBox\"><a href=\"https:\/\/www.suno.com.br\/noticias\/author\/redacao-suno\/\" class=\"authorBox__avatar noMobi\"><img src=\"https:\/\/files.sunoresearch.com.br\/n\/uploads\/2020\/08\/0ace682d-redacao-1-150x150.webp\" alt=\"Reda\u00e7\u00e3o Suno Not\u00edcias\"><\/a><div class=\"authorBox__name\"><span>por\n\t\t\t<a href=\"https:\/\/www.suno.com.br\/noticias\/author\/redacao-suno\/\"><span itemprop=\"author\">Reda\u00e7\u00e3o Suno Not\u00edcias<\/span><\/a><\/span><time datetime=\"2023-10-16T20:18:49-03:00\" itemprop=\"datePublished\">16\/10\/2023 20:18<\/time><\/div><\/div><\/div><\/div><\/div>","single_layout":"posts","amp_enabled":true,"_links":{"self":[{"href":"https:\/\/www.suno.com.br\/noticias\/wp-json\/wp\/v2\/posts\/471631"}],"collection":[{"href":"https:\/\/www.suno.com.br\/noticias\/wp-json\/wp\/v2\/posts"}],"about":[{"href":"https:\/\/www.suno.com.br\/noticias\/wp-json\/wp\/v2\/types\/post"}],"author":[{"embeddable":true,"href":"https:\/\/www.suno.com.br\/noticias\/wp-json\/wp\/v2\/users\/43"}],"replies":[{"embeddable":true,"href":"https:\/\/www.suno.com.br\/noticias\/wp-json\/wp\/v2\/comments?post=471631"}],"version-history":[{"count":2,"href":"https:\/\/www.suno.com.br\/noticias\/wp-json\/wp\/v2\/posts\/471631\/revisions"}],"predecessor-version":[{"id":471706,"href":"https:\/\/www.suno.com.br\/noticias\/wp-json\/wp\/v2\/posts\/471631\/revisions\/471706"}],"wp:featuredmedia":[{"embeddable":true,"href":"https:\/\/www.suno.com.br\/noticias\/wp-json\/wp\/v2\/media\/455694"}],"wp:attachment":[{"href":"https:\/\/www.suno.com.br\/noticias\/wp-json\/wp\/v2\/media?parent=471631"}],"wp:term":[{"taxonomy":"category","embeddable":true,"href":"https:\/\/www.suno.com.br\/noticias\/wp-json\/wp\/v2\/categories?post=471631"},{"taxonomy":"post_tag","embeddable":true,"href":"https:\/\/www.suno.com.br\/noticias\/wp-json\/wp\/v2\/tags?post=471631"},{"taxonomy":"suno_strategy","embeddable":true,"href":"https:\/\/www.suno.com.br\/noticias\/wp-json\/wp\/v2\/suno_strategy?post=471631"}],"curies":[{"name":"wp","href":"https:\/\/api.w.org\/{rel}","templated":true}]}}