{"id":471231,"date":"2023-10-16T10:23:34","date_gmt":"2023-10-16T13:23:34","guid":{"rendered":"https:\/\/www.suno.com.br\/noticias\/?p=471231"},"modified":"2023-10-16T10:23:41","modified_gmt":"2023-10-16T13:23:41","slug":"destaques-americanas-pao-de-acucar-e-mais-va","status":"publish","type":"post","link":"https:\/\/www.suno.com.br\/noticias\/destaques-americanas-pao-de-acucar-e-mais-va\/","title":{"rendered":"Americanas (AMER3), P\u00e3o de A\u00e7\u00facar (PCAR3) e Lojas Renner (LREN3) agitam o mercado nesta segunda (16); veja mais destaques"},"content":{"rendered":"<p>Os dados apresentados pela <strong>Americanas<\/strong> (AMER3) sobre o oitavo m\u00eas do ano, que representou uma queda de clientes ativos, est\u00e1 como um dos destaques desta segunda-feira (16).&nbsp;<\/p>\t<div class=\"wrapper-featured-image\">\n\t\t<figure class=\"spotlightImg\">\n\n\t\t\t<picture>\n\t\t\t\t<source media=\"(max-width: 768px)\" srcset=\"https:\/\/files.sunoresearch.com.br\/n\/uploads\/2023\/08\/mercado-sobe-400x200.jpg\">\n\t\t\t\t<img loading=\"lazy\" decoding=\"async\" class=\"newsContent__article__imgCapa lazyloadDisabled \" src=\"https:\/\/files.sunoresearch.com.br\/n\/uploads\/2023\/08\/mercado-sobe-800x450.jpg\" width=\"800\" height=\"450\" alt=\"Americanas (AMER3), P\u00e3o de A\u00e7\u00facar (PCAR3) e Lojas Renner (LREN3) agitam o mercado nesta segunda (16); veja mais destaques\" fetchpriority=high \/>\n\t\t\t<\/picture>\n\n\t\t\t<figcaption class=\"wp-caption-text wp-caption-text--show\">CMN ajusta resolu\u00e7\u00e3o sobre certificados imobili\u00e1rios e agr\u00edcolas; o que muda? Foto: iStock<\/figcaption>\n\t\t<\/figure>\n\t<\/div>\n\n\n\n\n\n\t<p>\n\t\t<a href=\"https:\/\/lp.suno.com.br\/planilha-da-vida-financeira\/\" target=\"_blank\" data-element=\"shortcode-suno-banner\" title=\"Banner SUNO, clique e saiba mais\">\n\t\t\t<picture>\n\t\t\t\t<source media=\"(max-width: 500px)\" srcset=\"https:\/\/files.sunoresearch.com.br\/n\/uploads\/2023\/04\/400x300-Planilha-vida-financeira-true.png\">\n\t\t\t\t<img class=\"newsContent__article__imgCapa newsContent__article__imgCapa--banner\"\n\t\t\t\t\tsrc=\"https:\/\/files.sunoresearch.com.br\/n\/uploads\/2023\/04\/1420x240-Planilha-vida-financeira-true.png\"\n\t\t\t\t\tdata-promo-id=\"106682\"\t\t\t\t\t\t\t\t\t\twidth='1420' height='240'\t\t\t\t\talt=\"https:\/\/files.sunoresearch.com.br\/n\/uploads\/2023\/04\/1420x240-Planilha-vida-financeira-true.png\"\n\t\t\t\t>\n\t\t\t<\/picture>\n\t\t<\/a>\n\t<\/p>\n\n\n\n\n\n<p>Tamb\u00e9m est\u00e1 entre os<strong> destaques do mercado financeiro<\/strong> o <a class=\"suno-keyword\" target=\"_blank\" data-force=\"yes\" data-priority=\"2\" href=\"https:\/\/www.suno.com.br\/acoes\/PCAR3\/\" rel=\"noopener\">P\u00e3o de A\u00e7\u00facar (PCAR3)<\/a>, ap\u00f3s vender a fatia acion\u00e1ria que detinha no Grupo \u00c9xito.&nbsp;&nbsp;<\/p>\n\n\n\n<p>A <a class=\"suno-keyword\" target=\"_blank\" data-force=\"yes\" data-priority=\"2\" href=\"https:\/\/www.suno.com.br\/acoes\/LREN3\/\" rel=\"noopener\">Lojas Renner (LREN3)<\/a> tamb\u00e9m \u00e9 destaque hoje, depois de anunciar que a BlackRock aumentou participa\u00e7\u00e3o acion\u00e1ria na companhia.&nbsp;<\/p>\n\n\n\n<p>Veja os <strong>destaques do mercado financeiro<\/strong> hoje:<\/p>\n\n\n\n<h2 class=\"wp-block-heading\">Americanas<\/h2>\n\n\n\n<p>A Americanas (<strong>AMER3<\/strong>), que est\u00e1 em recupera\u00e7\u00e3o judicial, fechou o oitavo m\u00eas do ano com 42,9 milh\u00f5es de clientes ativos, queda de 13%, segundo o relat\u00f3rio divulgado pelo administrador judicial do processo de recupera\u00e7\u00e3o da empresa.<\/p>\n\n\n\n<p>Segundo o documento, de janeiro at\u00e9 agosto deste ano, foram quase 800 mil clientes perdidos por m\u00eas.<\/p>\n\n\n\t<div data-element=\"shortcode-read-more\" class=\"knowMore\">\n\t\t\t\t<span class=\"knowMore__title\">Leia mais<\/span>\n\t\t\t\t<a class=\"knowMore__link\" href=\"https:\/\/www.suno.com.br\/noticias\/americanas-amer3-clientes-gpj\/\">\n\t\t\tAmericanas (AMER3) perde mais de 6 milh\u00f5es de clientes em oito meses\t\t<\/a>\n\t<\/div>\n\n\n\n\n<h2 class=\"wp-block-heading\">P\u00e3o de A\u00e7\u00facar&nbsp;<\/h2>\n\n\n\n<p>O <strong>Casino<\/strong> Guichard-Perrachon anunciou nesta segunda-feira (16) a venda do <strong>Grupo \u00c9xito<\/strong>, da Col\u00f4mbia, para o Grupo Calleja, de El Salvador. A participa\u00e7\u00e3o de 34% do grupo franc\u00eas varejista na rede de supermercados colombiana ser\u00e1 transferida por US$ 400 milh\u00f5es.<\/p>\n\n\n\n<p>A transa\u00e7\u00e3o inclui a venda da fatia de 13,3% que o <a class=\"suno-keyword\" data-force=\"yes\" data-priority=\"2\" href=\"https:\/\/www.suno.com.br\/acoes\/PCAR3\/\" target=\"_blank\" rel=\"noopener\"><strong>P\u00e3o de A\u00e7\u00facar (PCAR3)<\/strong><\/a>, controlado pelo Casino, det\u00e9m no \u00c9xito, por US$ 156 milh\u00f5es.<\/p>\n\n\n\t<div data-element=\"shortcode-read-more\" class=\"knowMore\">\n\t\t\t\t<span class=\"knowMore__title\">Leia mais<\/span>\n\t\t\t\t<a class=\"knowMore__link\" href=\"https:\/\/www.suno.com.br\/noticias\/casino-exito-pao-de-acucar-pcar3-gpj\/\">\n\t\t\tCasino anuncia venda do \u00c9xito para varejista de El Salvador; P\u00e3o de A\u00e7\u00facar (PCAR3) receber\u00e1 mais de US$ 150 milh\u00f5es\t\t<\/a>\n\t<\/div>\n\n\n\n\n<h2 class=\"wp-block-heading\">Lojas Renner&nbsp;<\/h2>\n\n\n\n<p>A <a class=\"suno-keyword\" data-force=\"yes\" data-priority=\"2\" href=\"https:\/\/www.suno.com.br\/acoes\/LREN3\/\" target=\"_blank\" rel=\"noopener\"><strong>Lojas Renner (LREN3)<\/strong><\/a> informou que a <strong>BlackRock<\/strong> adquiriu <a class=\"suno-keyword\" data-force=\"no\" data-priority=\"1\" href=\"https:\/\/www.suno.com.br\/artigos\/o-que-sao-acoes-ordinarias-preferenciais-e-units\/\" target=\"_blank\" rel=\"noopener\">a\u00e7\u00f5es ordin\u00e1rias<\/a> emitidas pela companhia, passando a ter 97.120.090 a\u00e7\u00f5es ordin\u00e1rias e 3.703 American Depositary Receipts (ADRs), o que totalizando representa 10,083%\u00a0 de a\u00e7\u00f5es ordin\u00e1rias de emiss\u00e3o da Renner.\u00a0<\/p>\n\n\n\n<h2 class=\"wp-block-heading\">Grupo Fleury&nbsp;<\/h2>\n\n\n\n<p>O <strong>Grupo <a class=\"suno-keyword\" data-force=\"yes\" data-priority=\"2\" href=\"https:\/\/www.suno.com.br\/acoes\/FLRY3\/\" target=\"_blank\" rel=\"noopener\">Fleury (FLRY3)<\/a><\/strong> comunicou que o <a class=\"suno-keyword\" data-force=\"no\" data-priority=\"1\" href=\"https:\/\/www.suno.com.br\/artigos\/conselho-administracao\/\" target=\"_blank\" rel=\"noopener\">conselho de administra\u00e7\u00e3o<\/a> da companhia aprovou a realiza\u00e7\u00e3o da sua 8\u00aa emiss\u00e3o de deb\u00eantures simples, n\u00e3o convers\u00edveis em a\u00e7\u00f5es, da esp\u00e9cie quirograf\u00e1ria, em s\u00e9rie \u00fanica.\u00a0<\/p>\n\n\n\n<p>O objetivo \u00e9 captar R$ 500 milh\u00f5es para usos corporativos gerais, como refor\u00e7o de capital de giro e alongamento de passivo da companhia.&nbsp;<\/p>\n\n\n\n<h2 class=\"wp-block-heading\">Unipar&nbsp;<\/h2>\n\n\n\n<p>A <a class=\"suno-keyword\" data-force=\"yes\" data-priority=\"2\" href=\"https:\/\/www.suno.com.br\/acoes\/UNIP6\/\" target=\"_blank\" rel=\"noopener\"><strong>Unipar (UNIP6)<\/strong><\/a> anunciou o in\u00edcio da distribui\u00e7\u00e3o p\u00fablica de 750.000 mil deb\u00eantures simples, n\u00e3o convers\u00edveis em a\u00e7\u00f5es, em s\u00e9rie \u00fanica, integrantes de sua 8\u00aa emiss\u00e3o de deb\u00eantures, com <a class=\"suno-keyword\" data-force=\"no\" data-priority=\"1\" href=\"https:\/\/www.suno.com.br\/artigos\/valor-nominal\/\" target=\"_blank\" rel=\"noopener\">valor nominal<\/a> unit\u00e1rio de R$1 mil, totalizando R$750 milh\u00f5es.<\/p>\n\n\n\t<p>\n\t\t<a href=\"https:\/\/lp.suno.com.br\/ebook-como-analisar-uma-acao\/\" target=\"_blank\" data-element=\"shortcode-suno-banner\" title=\"Banner SUNO, clique e saiba mais\">\n\t\t\t<picture>\n\t\t\t\t<source media=\"(max-width: 500px)\" srcset=\"https:\/\/files.sunoresearch.com.br\/n\/uploads\/2023\/03\/Ebook-Acoes-Mobile.jpg\">\n\t\t\t\t<img class=\"newsContent__article__imgCapa newsContent__article__imgCapa--banner\"\n\t\t\t\t\tsrc=\"https:\/\/files.sunoresearch.com.br\/n\/uploads\/2023\/03\/Ebook-Acoes-Desktop.jpg\"\n\t\t\t\t\tdata-promo-id=\"378302\"\t\t\t\t\t\t\t\t\t\twidth='1420' height='286'\t\t\t\t\talt=\"https:\/\/files.sunoresearch.com.br\/n\/uploads\/2023\/03\/Ebook-Acoes-Desktop.jpg\"\n\t\t\t\t>\n\t\t\t<\/picture>\n\t\t<\/a>\n\t<\/p>\n\n\n\n\n\n<h2 class=\"wp-block-heading\">Raia Drogasil&nbsp;<\/h2>\n\n\n\n<p>A <a class=\"suno-keyword\" data-force=\"yes\" data-priority=\"2\" href=\"https:\/\/www.suno.com.br\/acoes\/RADL3\/\" target=\"_blank\" rel=\"noopener\"><strong>Raia Drogasil (RADL3)<\/strong><\/a> divulgou que o J.P. Morgan Chase &amp;Co aumentou a sua participa\u00e7\u00e3o acion\u00e1ria na companhia, passando a deter 86.284.554 a\u00e7\u00f5es, o equivalente a 5,02% do total.<\/p>\n\n\n\n<h2 class=\"wp-block-heading\">BRF&nbsp;<\/h2>\n\n\n\n<p>A <a class=\"suno-keyword\" target=\"_blank\" data-force=\"yes\" data-priority=\"2\" href=\"https:\/\/www.suno.com.br\/acoes\/BRFS3\/\" rel=\"noopener\">BRF (BRFS3)<\/a> comunicou que a Marfrig passou a deter direta e indiretamente 757.225.90 mil <a class=\"suno-keyword\" target=\"_blank\" data-force=\"no\" data-priority=\"1\" href=\"https:\/\/www.suno.com.br\/artigos\/o-que-sao-acoes-ordinarias-preferenciais-e-units\/\" rel=\"noopener\">a\u00e7\u00f5es ordin\u00e1rias<\/a> e American Depositary Receipts (ADRs), representando 45,0067% do total das a\u00e7\u00f5es de emiss\u00e3o da companhia.<\/p>\n\n\n\n<p>Segundo a <a class=\"suno-keyword\" data-force=\"yes\" data-priority=\"2\" href=\"https:\/\/www.suno.com.br\/acoes\/MRFG3\/\" target=\"_blank\" rel=\"noopener\"><strong>Marfrig (MRFG3)<\/strong><\/a>, a aquisi\u00e7\u00e3o tem por objetivo incrementar sua participa\u00e7\u00e3o acion\u00e1ria na BRF, n\u00e3o objetiva alterar a atual composi\u00e7\u00e3o do controle<\/p>\n\n\n\n<p>Os destaques do mercado financeiro do Suno Not\u00edcias mostram os principais acontecimentos que prometem movimentar o mercado durante o dia, como a <strong>Americanas<\/strong> (AMER3), que deve estar no foco dos investidores ao longo do dia.<\/p>\n\n\n\n\n\t<p>\n\t\t<a href=\"https:\/\/lp.suno.com.br\/planilha-da-vida-financeira\/\" target=\"_blank\" data-element=\"shortcode-suno-banner\" title=\"Banner SUNO, clique e saiba mais\">\n\t\t\t<picture>\n\t\t\t\t<source media=\"(max-width: 500px)\" srcset=\"https:\/\/files.sunoresearch.com.br\/n\/uploads\/2023\/04\/400x300-Planilha-vida-financeira-true.png\">\n\t\t\t\t<img class=\"newsContent__article__imgCapa newsContent__article__imgCapa--banner\"\n\t\t\t\t\tsrc=\"https:\/\/files.sunoresearch.com.br\/n\/uploads\/2023\/04\/1420x240-Planilha-vida-financeira-true.png\"\n\t\t\t\t\tdata-promo-id=\"383123\"\t\t\t\t\t\t\t\t\t\twidth='1420' height='240'\t\t\t\t\talt=\"https:\/\/files.sunoresearch.com.br\/n\/uploads\/2023\/04\/1420x240-Planilha-vida-financeira-true.png\"\n\t\t\t\t>\n\t\t\t<\/picture>\n\t\t<\/a>\n\t<\/p>\n\n\n","protected":false},"excerpt":{"rendered":"<p>Os dados apresentados pela Americanas (AMER3) sobre o oitavo m\u00eas do ano, que representou uma queda de clientes ativos, est\u00e1 como um dos destaques desta segunda-feira (16).&nbsp; CMN ajusta resolu\u00e7\u00e3o sobre certificados imobili\u00e1rios e agr\u00edcolas; o que muda? Foto: iStock Tamb\u00e9m est\u00e1 entre os destaques do mercado financeiro o P\u00e3o de A\u00e7\u00facar (PCAR3), ap\u00f3s vender [&hellip;]<\/p>\n","protected":false},"author":301,"featured_media":449152,"comment_status":"closed","ping_status":"closed","sticky":false,"template":"","format":"standard","meta":[],"categories":[64],"tags":[286,106605,397,479,1964,542,552,613,673],"suno_strategy":[],"class_list":["post-471231","post","type-post","status-publish","format-standard","has-post-thumbnail","hentry","category-negocios","tag-acoes","tag-americanas-s-a-amer3","tag-brf-brfs3","tag-fleury-flry3","tag-grupo-pao-de-acucar-pcar3-pcar4","tag-lojas-renner-lren3","tag-marfrig-mrfg3","tag-raia-drogasil-radl3","tag-unipar-unip3-unip5-unip6"],"yoast_head":"<!-- This site is optimized with the Yoast SEO plugin v24.4 - https:\/\/yoast.com\/wordpress\/plugins\/seo\/ -->\n<title>Americanas (AMER3) e P\u00e3o de A\u00e7\u00facar agitam o mercado hoje<\/title>\n<meta name=\"description\" content=\"Os dados apresentados pela Americanas (AMER3) sobre o oitavo m\u00eas do ano \u00e9 um dos destaques desta segunda-feira (16).\" \/>\n<meta name=\"robots\" content=\"index, follow, max-snippet:-1, max-image-preview:large, max-video-preview:-1\" \/>\n<link rel=\"canonical\" href=\"https:\/\/www.suno.com.br\/noticias\/destaques-americanas-pao-de-acucar-e-mais-va\/\" \/>\n<meta property=\"og:locale\" content=\"pt_BR\" \/>\n<meta property=\"og:type\" content=\"article\" \/>\n<meta property=\"og:title\" content=\"Americanas (AMER3) e P\u00e3o de A\u00e7\u00facar agitam o mercado hoje\" \/>\n<meta property=\"og:description\" content=\"Os dados apresentados pela Americanas (AMER3) sobre o oitavo m\u00eas do ano \u00e9 um dos destaques desta segunda-feira (16).\" \/>\n<meta property=\"og:url\" content=\"https:\/\/www.suno.com.br\/noticias\/destaques-americanas-pao-de-acucar-e-mais-va\/\" \/>\n<meta property=\"og:site_name\" content=\"Suno Not\u00edcias\" \/>\n<meta property=\"article:publisher\" content=\"https:\/\/facebook.com\/sunoresearch\" \/>\n<meta property=\"og:image\" content=\"https:\/\/files.sunoresearch.com.br\/n\/uploads\/2023\/08\/mercado-sobe.jpg\" \/>\n\t<meta property=\"og:image:width\" content=\"1200\" \/>\n\t<meta property=\"og:image:height\" content=\"800\" \/>\n\t<meta property=\"og:image:type\" content=\"image\/jpeg\" \/>\n<meta name=\"author\" content=\"Vin\u00edcius Alves\" \/>\n<meta name=\"twitter:card\" content=\"summary_large_image\" \/>\n<meta name=\"twitter:creator\" content=\"@sunoresearch\" \/>\n<meta name=\"twitter:site\" content=\"@sunoresearch\" \/>\n<meta name=\"twitter:label1\" content=\"Escrito por\" \/>\n\t<meta name=\"twitter:data1\" content=\"Vin\u00edcius Alves\" \/>\n\t<meta name=\"twitter:label2\" content=\"Est. tempo de leitura\" \/>\n\t<meta name=\"twitter:data2\" content=\"3 minutos\" \/>\n<script type=\"application\/ld+json\" class=\"yoast-schema-graph\">{\"@context\":\"https:\/\/schema.org\",\"@graph\":[{\"@type\":\"NewsArticle\",\"@id\":\"https:\/\/www.suno.com.br\/noticias\/destaques-americanas-pao-de-acucar-e-mais-va\/#article\",\"isPartOf\":{\"@id\":\"https:\/\/www.suno.com.br\/noticias\/destaques-americanas-pao-de-acucar-e-mais-va\/\"},\"author\":{\"name\":\"Vin\u00edcius Alves\",\"@id\":\"https:\/\/www.suno.com.br\/noticias\/#\/schema\/person\/4a180549702d0e236b3e420862bcded3\"},\"headline\":\"Americanas (AMER3), P\u00e3o de A\u00e7\u00facar (PCAR3) e Lojas Renner (LREN3) agitam o mercado nesta segunda (16); veja mais destaques\",\"datePublished\":\"2023-10-16T13:23:34+00:00\",\"dateModified\":\"2023-10-16T13:23:41+00:00\",\"mainEntityOfPage\":{\"@id\":\"https:\/\/www.suno.com.br\/noticias\/destaques-americanas-pao-de-acucar-e-mais-va\/\"},\"wordCount\":546,\"publisher\":{\"@id\":\"https:\/\/www.suno.com.br\/noticias\/#organization\"},\"image\":{\"@id\":\"https:\/\/www.suno.com.br\/noticias\/destaques-americanas-pao-de-acucar-e-mais-va\/#primaryimage\"},\"thumbnailUrl\":\"https:\/\/files.sunoresearch.com.br\/n\/uploads\/2023\/08\/mercado-sobe.jpg\",\"keywords\":[\"A\u00e7\u00f5es\",\"Americanas (AMER3)\",\"BRF (BRFS3)\",\"Fleury (FLRY3)\",\"Grupo P\u00e3o de A\u00e7\u00facar (PCAR3\/PCAR4)\",\"Lojas Renner (LREN3)\",\"Marfrig (MRFG3)\",\"Raia Drogasil (RADL3)\",\"Unipar (UNIP3\/UNIP5\/UNIP6)\"],\"articleSection\":[\"Neg\u00f3cios\"],\"inLanguage\":\"pt-BR\"},{\"@type\":\"WebPage\",\"@id\":\"https:\/\/www.suno.com.br\/noticias\/destaques-americanas-pao-de-acucar-e-mais-va\/\",\"url\":\"https:\/\/www.suno.com.br\/noticias\/destaques-americanas-pao-de-acucar-e-mais-va\/\",\"name\":\"Americanas (AMER3) e P\u00e3o de A\u00e7\u00facar agitam o mercado hoje\",\"isPartOf\":{\"@id\":\"https:\/\/www.suno.com.br\/noticias\/#website\"},\"primaryImageOfPage\":{\"@id\":\"https:\/\/www.suno.com.br\/noticias\/destaques-americanas-pao-de-acucar-e-mais-va\/#primaryimage\"},\"image\":{\"@id\":\"https:\/\/www.suno.com.br\/noticias\/destaques-americanas-pao-de-acucar-e-mais-va\/#primaryimage\"},\"thumbnailUrl\":\"https:\/\/files.sunoresearch.com.br\/n\/uploads\/2023\/08\/mercado-sobe.jpg\",\"datePublished\":\"2023-10-16T13:23:34+00:00\",\"dateModified\":\"2023-10-16T13:23:41+00:00\",\"description\":\"Os dados apresentados pela Americanas (AMER3) sobre o oitavo m\u00eas do ano \u00e9 um dos destaques desta segunda-feira (16).\",\"breadcrumb\":{\"@id\":\"https:\/\/www.suno.com.br\/noticias\/destaques-americanas-pao-de-acucar-e-mais-va\/#breadcrumb\"},\"inLanguage\":\"pt-BR\",\"potentialAction\":[{\"@type\":\"ReadAction\",\"target\":[\"https:\/\/www.suno.com.br\/noticias\/destaques-americanas-pao-de-acucar-e-mais-va\/\"]}]},{\"@type\":\"ImageObject\",\"inLanguage\":\"pt-BR\",\"@id\":\"https:\/\/www.suno.com.br\/noticias\/destaques-americanas-pao-de-acucar-e-mais-va\/#primaryimage\",\"url\":\"https:\/\/files.sunoresearch.com.br\/n\/uploads\/2023\/08\/mercado-sobe.jpg\",\"contentUrl\":\"https:\/\/files.sunoresearch.com.br\/n\/uploads\/2023\/08\/mercado-sobe.jpg\",\"width\":1200,\"height\":800,\"caption\":\"CMN ajusta resolu\u00e7\u00e3o sobre certificados imobili\u00e1rios e agr\u00edcolas; o que muda? Foto: iStock\"},{\"@type\":\"BreadcrumbList\",\"@id\":\"https:\/\/www.suno.com.br\/noticias\/destaques-americanas-pao-de-acucar-e-mais-va\/#breadcrumb\",\"itemListElement\":[{\"@type\":\"ListItem\",\"position\":1,\"name\":\"Not\u00edcias\",\"item\":\"https:\/\/www.suno.com.br\/noticias\/\"},{\"@type\":\"ListItem\",\"position\":2,\"name\":\"Neg\u00f3cios\",\"item\":\"https:\/\/www.suno.com.br\/noticias\/negocios\/\"},{\"@type\":\"ListItem\",\"position\":3,\"name\":\"Americanas (AMER3), P\u00e3o de A\u00e7\u00facar (PCAR3) e Lojas Renner (LREN3) agitam o mercado nesta segunda (16); veja mais destaques\"}]},{\"@type\":\"WebSite\",\"@id\":\"https:\/\/www.suno.com.br\/noticias\/#website\",\"url\":\"https:\/\/www.suno.com.br\/noticias\/\",\"name\":\"Suno Not\u00edcias\",\"description\":\"Seu portal de informa\u00e7\u00e3o sobre o mundo dos investimentos\",\"publisher\":{\"@id\":\"https:\/\/www.suno.com.br\/noticias\/#organization\"},\"potentialAction\":[{\"@type\":\"SearchAction\",\"target\":{\"@type\":\"EntryPoint\",\"urlTemplate\":\"https:\/\/www.suno.com.br\/noticias\/?s={search_term_string}\"},\"query-input\":{\"@type\":\"PropertyValueSpecification\",\"valueRequired\":true,\"valueName\":\"search_term_string\"}}],\"inLanguage\":\"pt-BR\"},{\"@type\":\"Organization\",\"@id\":\"https:\/\/www.suno.com.br\/noticias\/#organization\",\"name\":\"Suno Not\u00edcias\",\"url\":\"https:\/\/www.suno.com.br\/noticias\/\",\"logo\":{\"@type\":\"ImageObject\",\"inLanguage\":\"pt-BR\",\"@id\":\"https:\/\/www.suno.com.br\/noticias\/#\/schema\/logo\/image\/\",\"url\":\"https:\/\/files.sunoresearch.com.br\/n\/uploads\/2021\/09\/suno-logo.png\",\"contentUrl\":\"https:\/\/files.sunoresearch.com.br\/n\/uploads\/2021\/09\/suno-logo.png\",\"width\":180,\"height\":180,\"caption\":\"Suno Not\u00edcias\"},\"image\":{\"@id\":\"https:\/\/www.suno.com.br\/noticias\/#\/schema\/logo\/image\/\"},\"sameAs\":[\"https:\/\/facebook.com\/sunoresearch\",\"https:\/\/x.com\/sunoresearch\",\"https:\/\/www.instagram.com\/suno\",\"https:\/\/www.linkedin.com\/company\/suno-research\/\",\"https:\/\/www.youtube.com\/c\/sunoresearch\"]},{\"@type\":\"Person\",\"@id\":\"https:\/\/www.suno.com.br\/noticias\/#\/schema\/person\/4a180549702d0e236b3e420862bcded3\",\"name\":\"Vin\u00edcius Alves\",\"image\":{\"@type\":\"ImageObject\",\"inLanguage\":\"pt-BR\",\"@id\":\"https:\/\/www.suno.com.br\/noticias\/#\/schema\/person\/image\/\",\"url\":\"https:\/\/secure.gravatar.com\/avatar\/a95b7fe6d1b813f7907d4f476d5a39e1?s=96&r=g\",\"contentUrl\":\"https:\/\/secure.gravatar.com\/avatar\/a95b7fe6d1b813f7907d4f476d5a39e1?s=96&r=g\",\"caption\":\"Vin\u00edcius Alves\"},\"description\":\"Jornalista formado na Faculdade C\u00e1sper L\u00edbero. Com passagens pela Ag\u00eancia Estado, InfoMoney e Editora Globo.\",\"url\":\"https:\/\/www.suno.com.br\/noticias\/author\/vini08correiagmail-com\/\"}]}<\/script>\n<!-- \/ Yoast SEO plugin. -->","yoast_head_json":{"title":"Americanas (AMER3) e P\u00e3o de A\u00e7\u00facar agitam o mercado hoje","description":"Os dados apresentados pela Americanas (AMER3) sobre o oitavo m\u00eas do ano \u00e9 um dos destaques desta segunda-feira (16).","robots":{"index":"index","follow":"follow","max-snippet":"max-snippet:-1","max-image-preview":"max-image-preview:large","max-video-preview":"max-video-preview:-1"},"canonical":"https:\/\/www.suno.com.br\/noticias\/destaques-americanas-pao-de-acucar-e-mais-va\/","og_locale":"pt_BR","og_type":"article","og_title":"Americanas (AMER3) e P\u00e3o de A\u00e7\u00facar agitam o mercado hoje","og_description":"Os dados apresentados pela Americanas (AMER3) sobre o oitavo m\u00eas do ano \u00e9 um dos destaques desta segunda-feira (16).","og_url":"https:\/\/www.suno.com.br\/noticias\/destaques-americanas-pao-de-acucar-e-mais-va\/","og_site_name":"Suno Not\u00edcias","article_publisher":"https:\/\/facebook.com\/sunoresearch","og_image":[{"width":1200,"height":800,"url":"https:\/\/files.sunoresearch.com.br\/n\/uploads\/2023\/08\/mercado-sobe.jpg","type":"image\/jpeg"}],"author":"Vin\u00edcius Alves","twitter_card":"summary_large_image","twitter_creator":"@sunoresearch","twitter_site":"@sunoresearch","twitter_misc":{"Escrito por":"Vin\u00edcius Alves","Est. tempo de leitura":"3 minutos"},"schema":{"@context":"https:\/\/schema.org","@graph":[{"@type":"NewsArticle","@id":"https:\/\/www.suno.com.br\/noticias\/destaques-americanas-pao-de-acucar-e-mais-va\/#article","isPartOf":{"@id":"https:\/\/www.suno.com.br\/noticias\/destaques-americanas-pao-de-acucar-e-mais-va\/"},"author":{"name":"Vin\u00edcius Alves","@id":"https:\/\/www.suno.com.br\/noticias\/#\/schema\/person\/4a180549702d0e236b3e420862bcded3"},"headline":"Americanas (AMER3), P\u00e3o de A\u00e7\u00facar (PCAR3) e Lojas Renner (LREN3) agitam o mercado nesta segunda (16); veja mais destaques","datePublished":"2023-10-16T13:23:34+00:00","dateModified":"2023-10-16T13:23:41+00:00","mainEntityOfPage":{"@id":"https:\/\/www.suno.com.br\/noticias\/destaques-americanas-pao-de-acucar-e-mais-va\/"},"wordCount":546,"publisher":{"@id":"https:\/\/www.suno.com.br\/noticias\/#organization"},"image":{"@id":"https:\/\/www.suno.com.br\/noticias\/destaques-americanas-pao-de-acucar-e-mais-va\/#primaryimage"},"thumbnailUrl":"https:\/\/files.sunoresearch.com.br\/n\/uploads\/2023\/08\/mercado-sobe.jpg","keywords":["A\u00e7\u00f5es","Americanas (AMER3)","BRF (BRFS3)","Fleury (FLRY3)","Grupo P\u00e3o de A\u00e7\u00facar (PCAR3\/PCAR4)","Lojas Renner (LREN3)","Marfrig (MRFG3)","Raia Drogasil (RADL3)","Unipar (UNIP3\/UNIP5\/UNIP6)"],"articleSection":["Neg\u00f3cios"],"inLanguage":"pt-BR"},{"@type":"WebPage","@id":"https:\/\/www.suno.com.br\/noticias\/destaques-americanas-pao-de-acucar-e-mais-va\/","url":"https:\/\/www.suno.com.br\/noticias\/destaques-americanas-pao-de-acucar-e-mais-va\/","name":"Americanas (AMER3) e P\u00e3o de A\u00e7\u00facar agitam o mercado hoje","isPartOf":{"@id":"https:\/\/www.suno.com.br\/noticias\/#website"},"primaryImageOfPage":{"@id":"https:\/\/www.suno.com.br\/noticias\/destaques-americanas-pao-de-acucar-e-mais-va\/#primaryimage"},"image":{"@id":"https:\/\/www.suno.com.br\/noticias\/destaques-americanas-pao-de-acucar-e-mais-va\/#primaryimage"},"thumbnailUrl":"https:\/\/files.sunoresearch.com.br\/n\/uploads\/2023\/08\/mercado-sobe.jpg","datePublished":"2023-10-16T13:23:34+00:00","dateModified":"2023-10-16T13:23:41+00:00","description":"Os dados apresentados pela Americanas (AMER3) sobre o oitavo m\u00eas do ano \u00e9 um dos destaques desta segunda-feira (16).","breadcrumb":{"@id":"https:\/\/www.suno.com.br\/noticias\/destaques-americanas-pao-de-acucar-e-mais-va\/#breadcrumb"},"inLanguage":"pt-BR","potentialAction":[{"@type":"ReadAction","target":["https:\/\/www.suno.com.br\/noticias\/destaques-americanas-pao-de-acucar-e-mais-va\/"]}]},{"@type":"ImageObject","inLanguage":"pt-BR","@id":"https:\/\/www.suno.com.br\/noticias\/destaques-americanas-pao-de-acucar-e-mais-va\/#primaryimage","url":"https:\/\/files.sunoresearch.com.br\/n\/uploads\/2023\/08\/mercado-sobe.jpg","contentUrl":"https:\/\/files.sunoresearch.com.br\/n\/uploads\/2023\/08\/mercado-sobe.jpg","width":1200,"height":800,"caption":"CMN ajusta resolu\u00e7\u00e3o sobre certificados imobili\u00e1rios e agr\u00edcolas; o que muda? Foto: iStock"},{"@type":"BreadcrumbList","@id":"https:\/\/www.suno.com.br\/noticias\/destaques-americanas-pao-de-acucar-e-mais-va\/#breadcrumb","itemListElement":[{"@type":"ListItem","position":1,"name":"Not\u00edcias","item":"https:\/\/www.suno.com.br\/noticias\/"},{"@type":"ListItem","position":2,"name":"Neg\u00f3cios","item":"https:\/\/www.suno.com.br\/noticias\/negocios\/"},{"@type":"ListItem","position":3,"name":"Americanas (AMER3), P\u00e3o de A\u00e7\u00facar (PCAR3) e Lojas Renner (LREN3) agitam o mercado nesta segunda (16); veja mais destaques"}]},{"@type":"WebSite","@id":"https:\/\/www.suno.com.br\/noticias\/#website","url":"https:\/\/www.suno.com.br\/noticias\/","name":"Suno Not\u00edcias","description":"Seu portal de informa\u00e7\u00e3o sobre o mundo dos investimentos","publisher":{"@id":"https:\/\/www.suno.com.br\/noticias\/#organization"},"potentialAction":[{"@type":"SearchAction","target":{"@type":"EntryPoint","urlTemplate":"https:\/\/www.suno.com.br\/noticias\/?s={search_term_string}"},"query-input":{"@type":"PropertyValueSpecification","valueRequired":true,"valueName":"search_term_string"}}],"inLanguage":"pt-BR"},{"@type":"Organization","@id":"https:\/\/www.suno.com.br\/noticias\/#organization","name":"Suno Not\u00edcias","url":"https:\/\/www.suno.com.br\/noticias\/","logo":{"@type":"ImageObject","inLanguage":"pt-BR","@id":"https:\/\/www.suno.com.br\/noticias\/#\/schema\/logo\/image\/","url":"https:\/\/files.sunoresearch.com.br\/n\/uploads\/2021\/09\/suno-logo.png","contentUrl":"https:\/\/files.sunoresearch.com.br\/n\/uploads\/2021\/09\/suno-logo.png","width":180,"height":180,"caption":"Suno Not\u00edcias"},"image":{"@id":"https:\/\/www.suno.com.br\/noticias\/#\/schema\/logo\/image\/"},"sameAs":["https:\/\/facebook.com\/sunoresearch","https:\/\/x.com\/sunoresearch","https:\/\/www.instagram.com\/suno","https:\/\/www.linkedin.com\/company\/suno-research\/","https:\/\/www.youtube.com\/c\/sunoresearch"]},{"@type":"Person","@id":"https:\/\/www.suno.com.br\/noticias\/#\/schema\/person\/4a180549702d0e236b3e420862bcded3","name":"Vin\u00edcius Alves","image":{"@type":"ImageObject","inLanguage":"pt-BR","@id":"https:\/\/www.suno.com.br\/noticias\/#\/schema\/person\/image\/","url":"https:\/\/secure.gravatar.com\/avatar\/a95b7fe6d1b813f7907d4f476d5a39e1?s=96&r=g","contentUrl":"https:\/\/secure.gravatar.com\/avatar\/a95b7fe6d1b813f7907d4f476d5a39e1?s=96&r=g","caption":"Vin\u00edcius Alves"},"description":"Jornalista formado na Faculdade C\u00e1sper L\u00edbero. Com passagens pela Ag\u00eancia Estado, InfoMoney e Editora Globo.","url":"https:\/\/www.suno.com.br\/noticias\/author\/vini08correiagmail-com\/"}]}},"default_loop_html":"<div class=\"cardsPage__listCard__boxs\"><div class=\"cardsPage__listCard__boxs__img\"><a href=\"https:\/\/www.suno.com.br\/noticias\/destaques-americanas-pao-de-acucar-e-mais-va\/\"><img class=\"mask\" src=\"https:\/\/www.suno.com.br\/noticias\/wp-content\/themes\/suno\/resources\/images\/spotlight\/spotlight1img\/bg-mask.png\" alt=\"Image Mask\"\/><img src=\"https:\/\/files.sunoresearch.com.br\/n\/uploads\/2023\/08\/mercado-sobe-400x200.jpg\" alt=\"Americanas (AMER3), P\u00e3o de A\u00e7\u00facar (PCAR3) e Lojas Renner (LREN3) agitam o mercado nesta segunda (16); veja mais destaques\"\/><\/a><span class=\"spotlightCategory\"><a href=\"https:\/\/www.suno.com.br\/noticias\/negocios\/\">Neg\u00f3cios<\/a><\/span><\/div><div class=\"cardsPage__listCard__boxs__content\"><a href=\"https:\/\/www.suno.com.br\/noticias\/destaques-americanas-pao-de-acucar-e-mais-va\/\"><h2 class=\"content__title\">Americanas (AMER3), P\u00e3o de A\u00e7\u00facar (PCAR3) e Lojas Renner (LREN3) agitam o mercado nesta segunda (16); veja mais destaques<\/h2><\/a><div class=\"newsContent__article__meta\"><div class=\"newsContent__article__meta__authorBox\"><a href=\"https:\/\/www.suno.com.br\/noticias\/author\/vini08correiagmail-com\/\" class=\"authorBox__avatar noMobi\"><img src=\"https:\/\/files.sunoresearch.com.br\/n\/uploads\/2026\/04\/WhatsApp-Image-2026-04-20-at-19.35.48-150x150.webp\" alt=\"Vin\u00edcius Alves\"><\/a><div class=\"authorBox__name\"><span>por\n\t\t\t<a href=\"https:\/\/www.suno.com.br\/noticias\/author\/vini08correiagmail-com\/\"><span itemprop=\"author\">Vin\u00edcius Alves<\/span><\/a><\/span><time datetime=\"2023-10-16T10:23:34-03:00\" itemprop=\"datePublished\">16\/10\/2023 10:23<\/time><\/div><\/div><\/div><\/div><\/div>","single_layout":"posts","amp_enabled":true,"_links":{"self":[{"href":"https:\/\/www.suno.com.br\/noticias\/wp-json\/wp\/v2\/posts\/471231"}],"collection":[{"href":"https:\/\/www.suno.com.br\/noticias\/wp-json\/wp\/v2\/posts"}],"about":[{"href":"https:\/\/www.suno.com.br\/noticias\/wp-json\/wp\/v2\/types\/post"}],"author":[{"embeddable":true,"href":"https:\/\/www.suno.com.br\/noticias\/wp-json\/wp\/v2\/users\/301"}],"replies":[{"embeddable":true,"href":"https:\/\/www.suno.com.br\/noticias\/wp-json\/wp\/v2\/comments?post=471231"}],"version-history":[{"count":3,"href":"https:\/\/www.suno.com.br\/noticias\/wp-json\/wp\/v2\/posts\/471231\/revisions"}],"predecessor-version":[{"id":471267,"href":"https:\/\/www.suno.com.br\/noticias\/wp-json\/wp\/v2\/posts\/471231\/revisions\/471267"}],"wp:featuredmedia":[{"embeddable":true,"href":"https:\/\/www.suno.com.br\/noticias\/wp-json\/wp\/v2\/media\/449152"}],"wp:attachment":[{"href":"https:\/\/www.suno.com.br\/noticias\/wp-json\/wp\/v2\/media?parent=471231"}],"wp:term":[{"taxonomy":"category","embeddable":true,"href":"https:\/\/www.suno.com.br\/noticias\/wp-json\/wp\/v2\/categories?post=471231"},{"taxonomy":"post_tag","embeddable":true,"href":"https:\/\/www.suno.com.br\/noticias\/wp-json\/wp\/v2\/tags?post=471231"},{"taxonomy":"suno_strategy","embeddable":true,"href":"https:\/\/www.suno.com.br\/noticias\/wp-json\/wp\/v2\/suno_strategy?post=471231"}],"curies":[{"name":"wp","href":"https:\/\/api.w.org\/{rel}","templated":true}]}}