{"id":471039,"date":"2023-10-15T12:33:50","date_gmt":"2023-10-15T15:33:50","guid":{"rendered":"https:\/\/www.suno.com.br\/noticias\/?p=471039"},"modified":"2023-10-15T17:33:08","modified_gmt":"2023-10-15T20:33:08","slug":"guerra-israel-hamas-diplomatas-negociam-retirada-brasileiros-gaza-fb","status":"publish","type":"post","link":"https:\/\/www.suno.com.br\/noticias\/guerra-israel-hamas-diplomatas-negociam-retirada-brasileiros-gaza-fb\/","title":{"rendered":"Guerra Israel e Hamas: Diplomatas brasileiros tentam acordo para retirar pessoas da faixa de Gaza; Saiba Mais"},"content":{"rendered":"<p>A Embaixada do Brasil enviou diplomatas em Isma\u00edlia, na fronteira do Egito, para permitir a retirada dos brasileiros que est\u00e3o na Faixa de Gaza, em meio \u00e0 <strong>guerra Israel e Hamas<\/strong>.<\/p>\t<div class=\"wrapper-featured-image\">\n\t\t<figure class=\"spotlightImg\">\n\n\t\t\t<picture>\n\t\t\t\t<source media=\"(max-width: 768px)\" srcset=\"https:\/\/files.sunoresearch.com.br\/n\/uploads\/2022\/02\/ucrania-russia3-400x200.jpg\">\n\t\t\t\t<img loading=\"lazy\" decoding=\"async\" class=\"newsContent__article__imgCapa lazyloadDisabled \" src=\"https:\/\/files.sunoresearch.com.br\/n\/uploads\/2022\/02\/ucrania-russia3-800x450.jpg\" width=\"800\" height=\"450\" alt=\"Guerra Israel e Hamas: Diplomatas brasileiros tentam acordo para retirar pessoas da faixa de Gaza; Saiba Mais\" fetchpriority=high \/>\n\t\t\t<\/picture>\n\n\t\t\t<figcaption class=\"wp-caption-text wp-caption-text--show\">Guerra entre R\u00fassia e Ucr\u00e2nia. Foto: Pexels.<\/figcaption>\n\t\t<\/figure>\n\t<\/div>\n\n\n\n\n\n\t<p>\n\t\t<a href=\"https:\/\/lp.suno.com.br\/ebook-como-analisar-uma-acao\/\" target=\"_blank\" data-element=\"shortcode-suno-banner\" title=\"Banner SUNO, clique e saiba mais\">\n\t\t\t<picture>\n\t\t\t\t<source media=\"(max-width: 500px)\" srcset=\"https:\/\/files.sunoresearch.com.br\/n\/uploads\/2023\/03\/Ebook-Acoes-Mobile.jpg\">\n\t\t\t\t<img class=\"newsContent__article__imgCapa newsContent__article__imgCapa--banner\"\n\t\t\t\t\tsrc=\"https:\/\/files.sunoresearch.com.br\/n\/uploads\/2023\/03\/Ebook-Acoes-Desktop.jpg\"\n\t\t\t\t\tdata-promo-id=\"378302\"\t\t\t\t\t\t\t\t\t\twidth='1420' height='286'\t\t\t\t\talt=\"https:\/\/files.sunoresearch.com.br\/n\/uploads\/2023\/03\/Ebook-Acoes-Desktop.jpg\"\n\t\t\t\t>\n\t\t\t<\/picture>\n\t\t<\/a>\n\t<\/p>\n\n\n\n\n\n\n\n<p>&#8220;N\u00f3s e tamb\u00e9m outras embaixadas n\u00e3o podemos entrar no Sinai. Dependemos de uma autoriza\u00e7\u00e3o expressa do governo eg\u00edpcio&#8221;, disse o embaixador ao jornal O Globo. Isma\u00edlia fica a cerca de duas horas da fronteira do Gaza, nas proximidades da cidade de Rafah, e \u00e9 at\u00e9 onde os diplomatas podem se deslocar.<\/p>\n\n\n\n<p>O quinto avi\u00e3o com brasileiros chegou de Israel \u00e0 1h45 (hor\u00e1rio de Bras\u00edlia) deste domingo (15). Foram repatriados 215 brasileiros, al\u00e9m de 16 animais de estima\u00e7\u00e3o. Com isso, o n\u00famero total de repatriados chega a 916 pessoas.<\/p>\n\n\n\n<p>Mas ainda h\u00e1 22 brasileiros prontos para evacua\u00e7\u00e3o em Gaza, dentre 28 pessoas de outras nacionalidades nesta situa\u00e7\u00e3o.<\/p>\n\n\n\n<p>Ainda hoje, o governo federal informou que mais um voo, o sexto, est\u00e1 previsto para a pr\u00f3xima quarta-feira (18) para <strong>resgatar os brasileiros<\/strong>.<\/p>\n\n\n\n<p>Tamb\u00e9m, segundo reportagem do Valor Econ\u00f4mico, o embaixador do Brasil em Tel-Aviv, Frederico Meyer afirmou que n\u00e3o h\u00e1 registro da exist\u00eancia de <strong>brasileiros ref\u00e9ns do Hamas<\/strong>. Ele acrescentou, contudo, que h\u00e1 muitas informa\u00e7\u00f5es desencontradas, por isso o governo s\u00f3 trabalha com informa\u00e7\u00f5es do governo israelense, da Interpol e dos familiares nesse caso. A afirma\u00e7\u00e3o foi feita com base nelas.<\/p>\n\n\n\n<h2 class=\"wp-block-heading\">Estados Unidos preocupado com guerra Israel-Hamas<\/h2>\n\n\n\n<p>Amanh\u00e3 (16), o principal diplomata americano, o secret\u00e1rio de Estado dos Estados Unidos, <strong>Antony Blinken<\/strong>, far\u00e1 uma segunda parada em Israel para atualizar as informa\u00e7\u00f5es sobre a <strong>guerra do Oriente M\u00e9dio<\/strong>, disse o porta-voz do Departamento de Estado, Matthew Miller, a jornalistas. Na semana passada, Blinken j\u00e1 teve reuni\u00f5es com representantes locais.<\/p>\n\n\n\t<p>\n\t\t<a href=\"https:\/\/lp.suno.com.br\/ebook-gratuito-investindo-no-exterior\/\" target=\"_blank\" data-element=\"shortcode-suno-banner\" title=\"Banner SUNO, clique e saiba mais\">\n\t\t\t<picture>\n\t\t\t\t<source media=\"(max-width: 500px)\" srcset=\"https:\/\/files.sunoresearch.com.br\/n\/uploads\/2023\/03\/400x300-Investindo-no-exterior.png\">\n\t\t\t\t<img class=\"newsContent__article__imgCapa newsContent__article__imgCapa--banner\"\n\t\t\t\t\tsrc=\"https:\/\/files.sunoresearch.com.br\/n\/uploads\/2023\/03\/1420x240-Investindo-no-exterior.png\"\n\t\t\t\t\tdata-promo-id=\"383161\"\t\t\t\t\t\t\t\t\t\twidth='1420' height='240'\t\t\t\t\talt=\"https:\/\/files.sunoresearch.com.br\/n\/uploads\/2023\/03\/1420x240-Investindo-no-exterior.png\"\n\t\t\t\t>\n\t\t\t<\/picture>\n\t\t<\/a>\n\t<\/p>\n\n\n\n\n\n<p>Neste domingo, <strong>representantes da ONU<\/strong> informaram que um foguete atingiu o quartel-general da miss\u00e3o de manuten\u00e7\u00e3o da paz da organiza\u00e7\u00e3o no L\u00edbano (Unifil) na cidade de Naqoura, no sul do pa\u00eds, sem deixar feridos.<\/p>\n\n\n\n<h2 class=\"wp-block-heading\">Importante comandante do Hamas \u00e9 morto<\/h2>\n\n\n\n<p>Billal Al Kedra, <strong>comandante do Hamas<\/strong> respons\u00e1vel pelo <strong>massacre civil do Kibutz Nirim<\/strong>, foi morto na noite de s\u00e1bado (14), disseram as For\u00e7as de Defesa de Israel (IDF) hoje.<\/p>\n\n\n\n<p>Enquanto isso, uma invas\u00e3o terrestre israelense ao territ\u00f3rio se torna cada vez mais iminente e as Na\u00e7\u00f5es Unidas alertam sobre uma crescente crise humanit\u00e1ria no enclave.<\/p>\n\n\n\n<p>De acordo com informa\u00e7\u00f5es do Valor Econ\u00f4mico, ainda neste domingo, palestinos localizados na parte norte da <strong>Faixa de Gaza<\/strong> fogem para o sul no domingo a p\u00e9, em carros e em carro\u00e7as puxadas por burros, enquanto os militares israelenses abriam uma janela de seguran\u00e7a de tr\u00eas horas, durante as quais prometeram n\u00e3o realizar ataques a\u00e9reos em uma estrada central.<\/p>\n\n\n\n<p>O n\u00famero de mortos no <strong>conflito entre Israel e Hamas<\/strong> j\u00e1 \u00e9 o mais mortal em Gaza em toda a hist\u00f3ria, e o pior em 50 anos para <strong>Israel<\/strong>.<\/p>\n\n\n\n<p>Cerca de 3,7 mil pessoas morreram na <strong>guerra Israel-Hamas<\/strong>: \u2013 2,3 mil em Gaza, segundo o \u00faltimo balan\u00e7o palestino, divulgado neste domingo, e 1,4 mil em Israel, segundo as autoridades locais. A maioria das mortes de ambos os lados \u00e9 de civis.<\/p>\n\n\n\t<p>\n\t\t<a href=\"https:\/\/lp.suno.com.br\/planilha-da-vida-financeira\/\" target=\"_blank\" data-element=\"shortcode-suno-banner\" title=\"Banner SUNO, clique e saiba mais\">\n\t\t\t<picture>\n\t\t\t\t<source media=\"(max-width: 500px)\" srcset=\"https:\/\/files.sunoresearch.com.br\/n\/uploads\/2023\/04\/400x300-Planilha-vida-financeira-true.png\">\n\t\t\t\t<img class=\"newsContent__article__imgCapa newsContent__article__imgCapa--banner\"\n\t\t\t\t\tsrc=\"https:\/\/files.sunoresearch.com.br\/n\/uploads\/2023\/04\/1420x240-Planilha-vida-financeira-true.png\"\n\t\t\t\t\tdata-promo-id=\"383123\"\t\t\t\t\t\t\t\t\t\twidth='1420' height='240'\t\t\t\t\talt=\"https:\/\/files.sunoresearch.com.br\/n\/uploads\/2023\/04\/1420x240-Planilha-vida-financeira-true.png\"\n\t\t\t\t>\n\t\t\t<\/picture>\n\t\t<\/a>\n\t<\/p>\n\n\n","protected":false},"excerpt":{"rendered":"<p>A Embaixada do Brasil enviou diplomatas em Isma\u00edlia, na fronteira do Egito, para permitir a retirada dos brasileiros que est\u00e3o na Faixa de Gaza, em meio \u00e0 guerra Israel e Hamas. Guerra entre R\u00fassia e Ucr\u00e2nia. Foto: Pexels. &#8220;N\u00f3s e tamb\u00e9m outras embaixadas n\u00e3o podemos entrar no Sinai. Dependemos de uma autoriza\u00e7\u00e3o expressa do governo [&hellip;]<\/p>\n","protected":false},"author":266,"featured_media":235091,"comment_status":"closed","ping_status":"closed","sticky":false,"template":"","format":"standard","meta":[],"categories":[63],"tags":[793,926,904],"suno_strategy":[],"class_list":["post-471039","post","type-post","status-publish","format-standard","has-post-thumbnail","hentry","category-internacional","tag-estados-unidos-eua","tag-israel","tag-itamaraty"],"yoast_head":"<!-- This site is optimized with the Yoast SEO plugin v24.4 - https:\/\/yoast.com\/wordpress\/plugins\/seo\/ -->\n<title>Guerra Israel e Hamas: Diplomatas negociam retirar brasileiros de Gaza<\/title>\n<meta name=\"description\" content=\"A Embaixada do Brasil enviou diplomatas na fronteira do Egito para retirar 28 pessoas da Faixa de Gaza, em meio \u00e0 guerra Israel e Hamas.\" \/>\n<meta name=\"robots\" content=\"index, follow, max-snippet:-1, max-image-preview:large, max-video-preview:-1\" \/>\n<link rel=\"canonical\" href=\"https:\/\/www.suno.com.br\/noticias\/guerra-israel-hamas-diplomatas-negociam-retirada-brasileiros-gaza-fb\/\" \/>\n<meta property=\"og:locale\" content=\"pt_BR\" \/>\n<meta property=\"og:type\" content=\"article\" \/>\n<meta property=\"og:title\" content=\"Guerra Israel e Hamas: Diplomatas negociam retirar brasileiros de Gaza\" \/>\n<meta property=\"og:description\" content=\"A Embaixada do Brasil enviou diplomatas na fronteira do Egito para retirar 28 pessoas da Faixa de Gaza, em meio \u00e0 guerra Israel e Hamas.\" \/>\n<meta property=\"og:url\" content=\"https:\/\/www.suno.com.br\/noticias\/guerra-israel-hamas-diplomatas-negociam-retirada-brasileiros-gaza-fb\/\" \/>\n<meta property=\"og:site_name\" content=\"Suno Not\u00edcias\" \/>\n<meta property=\"article:publisher\" content=\"https:\/\/facebook.com\/sunoresearch\" \/>\n<meta property=\"og:image\" content=\"https:\/\/files.sunoresearch.com.br\/n\/uploads\/2022\/02\/ucrania-russia3-scaled-e1645704357509.jpg\" \/>\n\t<meta property=\"og:image:width\" content=\"1200\" \/>\n\t<meta property=\"og:image:height\" content=\"797\" \/>\n\t<meta property=\"og:image:type\" content=\"image\/jpeg\" \/>\n<meta name=\"author\" content=\"Fernanda Bompan\" \/>\n<meta name=\"twitter:card\" content=\"summary_large_image\" \/>\n<meta name=\"twitter:creator\" content=\"@sunoresearch\" \/>\n<meta name=\"twitter:site\" content=\"@sunoresearch\" \/>\n<meta name=\"twitter:label1\" content=\"Escrito por\" \/>\n\t<meta name=\"twitter:data1\" content=\"Fernanda Bompan\" \/>\n\t<meta name=\"twitter:label2\" content=\"Est. tempo de leitura\" \/>\n\t<meta name=\"twitter:data2\" content=\"3 minutos\" \/>\n<script type=\"application\/ld+json\" class=\"yoast-schema-graph\">{\"@context\":\"https:\/\/schema.org\",\"@graph\":[{\"@type\":\"NewsArticle\",\"@id\":\"https:\/\/www.suno.com.br\/noticias\/guerra-israel-hamas-diplomatas-negociam-retirada-brasileiros-gaza-fb\/#article\",\"isPartOf\":{\"@id\":\"https:\/\/www.suno.com.br\/noticias\/guerra-israel-hamas-diplomatas-negociam-retirada-brasileiros-gaza-fb\/\"},\"author\":{\"name\":\"Fernanda Bompan\",\"@id\":\"https:\/\/www.suno.com.br\/noticias\/#\/schema\/person\/1f832c1c0e64406f37dbc20563c01a26\"},\"headline\":\"Guerra Israel e Hamas: Diplomatas brasileiros tentam acordo para retirar pessoas da faixa de Gaza; Saiba Mais\",\"datePublished\":\"2023-10-15T15:33:50+00:00\",\"dateModified\":\"2023-10-15T20:33:08+00:00\",\"mainEntityOfPage\":{\"@id\":\"https:\/\/www.suno.com.br\/noticias\/guerra-israel-hamas-diplomatas-negociam-retirada-brasileiros-gaza-fb\/\"},\"wordCount\":559,\"publisher\":{\"@id\":\"https:\/\/www.suno.com.br\/noticias\/#organization\"},\"image\":{\"@id\":\"https:\/\/www.suno.com.br\/noticias\/guerra-israel-hamas-diplomatas-negociam-retirada-brasileiros-gaza-fb\/#primaryimage\"},\"thumbnailUrl\":\"https:\/\/files.sunoresearch.com.br\/n\/uploads\/2022\/02\/ucrania-russia3-scaled-e1645704357509.jpg\",\"keywords\":[\"Estados Unidos (EUA)\",\"Israel\",\"Itamaraty\"],\"articleSection\":[\"Internacional\"],\"inLanguage\":\"pt-BR\"},{\"@type\":\"WebPage\",\"@id\":\"https:\/\/www.suno.com.br\/noticias\/guerra-israel-hamas-diplomatas-negociam-retirada-brasileiros-gaza-fb\/\",\"url\":\"https:\/\/www.suno.com.br\/noticias\/guerra-israel-hamas-diplomatas-negociam-retirada-brasileiros-gaza-fb\/\",\"name\":\"Guerra Israel e Hamas: Diplomatas negociam retirar brasileiros de Gaza\",\"isPartOf\":{\"@id\":\"https:\/\/www.suno.com.br\/noticias\/#website\"},\"primaryImageOfPage\":{\"@id\":\"https:\/\/www.suno.com.br\/noticias\/guerra-israel-hamas-diplomatas-negociam-retirada-brasileiros-gaza-fb\/#primaryimage\"},\"image\":{\"@id\":\"https:\/\/www.suno.com.br\/noticias\/guerra-israel-hamas-diplomatas-negociam-retirada-brasileiros-gaza-fb\/#primaryimage\"},\"thumbnailUrl\":\"https:\/\/files.sunoresearch.com.br\/n\/uploads\/2022\/02\/ucrania-russia3-scaled-e1645704357509.jpg\",\"datePublished\":\"2023-10-15T15:33:50+00:00\",\"dateModified\":\"2023-10-15T20:33:08+00:00\",\"description\":\"A Embaixada do Brasil enviou diplomatas na fronteira do Egito para retirar 28 pessoas da Faixa de Gaza, em meio \u00e0 guerra Israel e Hamas.\",\"breadcrumb\":{\"@id\":\"https:\/\/www.suno.com.br\/noticias\/guerra-israel-hamas-diplomatas-negociam-retirada-brasileiros-gaza-fb\/#breadcrumb\"},\"inLanguage\":\"pt-BR\",\"potentialAction\":[{\"@type\":\"ReadAction\",\"target\":[\"https:\/\/www.suno.com.br\/noticias\/guerra-israel-hamas-diplomatas-negociam-retirada-brasileiros-gaza-fb\/\"]}]},{\"@type\":\"ImageObject\",\"inLanguage\":\"pt-BR\",\"@id\":\"https:\/\/www.suno.com.br\/noticias\/guerra-israel-hamas-diplomatas-negociam-retirada-brasileiros-gaza-fb\/#primaryimage\",\"url\":\"https:\/\/files.sunoresearch.com.br\/n\/uploads\/2022\/02\/ucrania-russia3-scaled-e1645704357509.jpg\",\"contentUrl\":\"https:\/\/files.sunoresearch.com.br\/n\/uploads\/2022\/02\/ucrania-russia3-scaled-e1645704357509.jpg\",\"width\":1200,\"height\":797,\"caption\":\"Guerra entre R\u00fassia e Ucr\u00e2nia. Foto: Pexels.\"},{\"@type\":\"BreadcrumbList\",\"@id\":\"https:\/\/www.suno.com.br\/noticias\/guerra-israel-hamas-diplomatas-negociam-retirada-brasileiros-gaza-fb\/#breadcrumb\",\"itemListElement\":[{\"@type\":\"ListItem\",\"position\":1,\"name\":\"Not\u00edcias\",\"item\":\"https:\/\/www.suno.com.br\/noticias\/\"},{\"@type\":\"ListItem\",\"position\":2,\"name\":\"Internacional\",\"item\":\"https:\/\/www.suno.com.br\/noticias\/internacional\/\"},{\"@type\":\"ListItem\",\"position\":3,\"name\":\"Guerra Israel e Hamas: Diplomatas brasileiros tentam acordo para retirar pessoas da faixa de Gaza; Saiba Mais\"}]},{\"@type\":\"WebSite\",\"@id\":\"https:\/\/www.suno.com.br\/noticias\/#website\",\"url\":\"https:\/\/www.suno.com.br\/noticias\/\",\"name\":\"Suno Not\u00edcias\",\"description\":\"Seu portal de informa\u00e7\u00e3o sobre o mundo dos investimentos\",\"publisher\":{\"@id\":\"https:\/\/www.suno.com.br\/noticias\/#organization\"},\"potentialAction\":[{\"@type\":\"SearchAction\",\"target\":{\"@type\":\"EntryPoint\",\"urlTemplate\":\"https:\/\/www.suno.com.br\/noticias\/?s={search_term_string}\"},\"query-input\":{\"@type\":\"PropertyValueSpecification\",\"valueRequired\":true,\"valueName\":\"search_term_string\"}}],\"inLanguage\":\"pt-BR\"},{\"@type\":\"Organization\",\"@id\":\"https:\/\/www.suno.com.br\/noticias\/#organization\",\"name\":\"Suno Not\u00edcias\",\"url\":\"https:\/\/www.suno.com.br\/noticias\/\",\"logo\":{\"@type\":\"ImageObject\",\"inLanguage\":\"pt-BR\",\"@id\":\"https:\/\/www.suno.com.br\/noticias\/#\/schema\/logo\/image\/\",\"url\":\"https:\/\/files.sunoresearch.com.br\/n\/uploads\/2021\/09\/suno-logo.png\",\"contentUrl\":\"https:\/\/files.sunoresearch.com.br\/n\/uploads\/2021\/09\/suno-logo.png\",\"width\":180,\"height\":180,\"caption\":\"Suno Not\u00edcias\"},\"image\":{\"@id\":\"https:\/\/www.suno.com.br\/noticias\/#\/schema\/logo\/image\/\"},\"sameAs\":[\"https:\/\/facebook.com\/sunoresearch\",\"https:\/\/x.com\/sunoresearch\",\"https:\/\/www.instagram.com\/suno\",\"https:\/\/www.linkedin.com\/company\/suno-research\/\",\"https:\/\/www.youtube.com\/c\/sunoresearch\"]},{\"@type\":\"Person\",\"@id\":\"https:\/\/www.suno.com.br\/noticias\/#\/schema\/person\/1f832c1c0e64406f37dbc20563c01a26\",\"name\":\"Fernanda Bompan\",\"image\":{\"@type\":\"ImageObject\",\"inLanguage\":\"pt-BR\",\"@id\":\"https:\/\/www.suno.com.br\/noticias\/#\/schema\/person\/image\/\",\"url\":\"https:\/\/secure.gravatar.com\/avatar\/963efa2e75b13e4118442129692cb5cb?s=96&r=g\",\"contentUrl\":\"https:\/\/secure.gravatar.com\/avatar\/963efa2e75b13e4118442129692cb5cb?s=96&r=g\",\"caption\":\"Fernanda Bompan\"},\"description\":\"Fernanda Bompan \u00e9 jornalista e acumula 15 anos de experi\u00eancia na cobertura das editorias de economia, finan\u00e7as e neg\u00f3cios, com passagens por Gazeta Mercantil, DCI, Valor Econ\u00f4mico e Finsiders. Ainda\u00a0atuou em assessorias de imprensa e na cria\u00e7\u00e3o de conte\u00fado para redes sociais de fundos de investimento.\",\"url\":\"https:\/\/www.suno.com.br\/noticias\/author\/fernanda-bompansuno-com-br\/\"}]}<\/script>\n<!-- \/ Yoast SEO plugin. -->","yoast_head_json":{"title":"Guerra Israel e Hamas: Diplomatas negociam retirar brasileiros de Gaza","description":"A Embaixada do Brasil enviou diplomatas na fronteira do Egito para retirar 28 pessoas da Faixa de Gaza, em meio \u00e0 guerra Israel e Hamas.","robots":{"index":"index","follow":"follow","max-snippet":"max-snippet:-1","max-image-preview":"max-image-preview:large","max-video-preview":"max-video-preview:-1"},"canonical":"https:\/\/www.suno.com.br\/noticias\/guerra-israel-hamas-diplomatas-negociam-retirada-brasileiros-gaza-fb\/","og_locale":"pt_BR","og_type":"article","og_title":"Guerra Israel e Hamas: Diplomatas negociam retirar brasileiros de Gaza","og_description":"A Embaixada do Brasil enviou diplomatas na fronteira do Egito para retirar 28 pessoas da Faixa de Gaza, em meio \u00e0 guerra Israel e Hamas.","og_url":"https:\/\/www.suno.com.br\/noticias\/guerra-israel-hamas-diplomatas-negociam-retirada-brasileiros-gaza-fb\/","og_site_name":"Suno Not\u00edcias","article_publisher":"https:\/\/facebook.com\/sunoresearch","og_image":[{"width":1200,"height":797,"url":"https:\/\/files.sunoresearch.com.br\/n\/uploads\/2022\/02\/ucrania-russia3-scaled-e1645704357509.jpg","type":"image\/jpeg"}],"author":"Fernanda Bompan","twitter_card":"summary_large_image","twitter_creator":"@sunoresearch","twitter_site":"@sunoresearch","twitter_misc":{"Escrito por":"Fernanda Bompan","Est. tempo de leitura":"3 minutos"},"schema":{"@context":"https:\/\/schema.org","@graph":[{"@type":"NewsArticle","@id":"https:\/\/www.suno.com.br\/noticias\/guerra-israel-hamas-diplomatas-negociam-retirada-brasileiros-gaza-fb\/#article","isPartOf":{"@id":"https:\/\/www.suno.com.br\/noticias\/guerra-israel-hamas-diplomatas-negociam-retirada-brasileiros-gaza-fb\/"},"author":{"name":"Fernanda Bompan","@id":"https:\/\/www.suno.com.br\/noticias\/#\/schema\/person\/1f832c1c0e64406f37dbc20563c01a26"},"headline":"Guerra Israel e Hamas: Diplomatas brasileiros tentam acordo para retirar pessoas da faixa de Gaza; Saiba Mais","datePublished":"2023-10-15T15:33:50+00:00","dateModified":"2023-10-15T20:33:08+00:00","mainEntityOfPage":{"@id":"https:\/\/www.suno.com.br\/noticias\/guerra-israel-hamas-diplomatas-negociam-retirada-brasileiros-gaza-fb\/"},"wordCount":559,"publisher":{"@id":"https:\/\/www.suno.com.br\/noticias\/#organization"},"image":{"@id":"https:\/\/www.suno.com.br\/noticias\/guerra-israel-hamas-diplomatas-negociam-retirada-brasileiros-gaza-fb\/#primaryimage"},"thumbnailUrl":"https:\/\/files.sunoresearch.com.br\/n\/uploads\/2022\/02\/ucrania-russia3-scaled-e1645704357509.jpg","keywords":["Estados Unidos (EUA)","Israel","Itamaraty"],"articleSection":["Internacional"],"inLanguage":"pt-BR"},{"@type":"WebPage","@id":"https:\/\/www.suno.com.br\/noticias\/guerra-israel-hamas-diplomatas-negociam-retirada-brasileiros-gaza-fb\/","url":"https:\/\/www.suno.com.br\/noticias\/guerra-israel-hamas-diplomatas-negociam-retirada-brasileiros-gaza-fb\/","name":"Guerra Israel e Hamas: Diplomatas negociam retirar brasileiros de Gaza","isPartOf":{"@id":"https:\/\/www.suno.com.br\/noticias\/#website"},"primaryImageOfPage":{"@id":"https:\/\/www.suno.com.br\/noticias\/guerra-israel-hamas-diplomatas-negociam-retirada-brasileiros-gaza-fb\/#primaryimage"},"image":{"@id":"https:\/\/www.suno.com.br\/noticias\/guerra-israel-hamas-diplomatas-negociam-retirada-brasileiros-gaza-fb\/#primaryimage"},"thumbnailUrl":"https:\/\/files.sunoresearch.com.br\/n\/uploads\/2022\/02\/ucrania-russia3-scaled-e1645704357509.jpg","datePublished":"2023-10-15T15:33:50+00:00","dateModified":"2023-10-15T20:33:08+00:00","description":"A Embaixada do Brasil enviou diplomatas na fronteira do Egito para retirar 28 pessoas da Faixa de Gaza, em meio \u00e0 guerra Israel e Hamas.","breadcrumb":{"@id":"https:\/\/www.suno.com.br\/noticias\/guerra-israel-hamas-diplomatas-negociam-retirada-brasileiros-gaza-fb\/#breadcrumb"},"inLanguage":"pt-BR","potentialAction":[{"@type":"ReadAction","target":["https:\/\/www.suno.com.br\/noticias\/guerra-israel-hamas-diplomatas-negociam-retirada-brasileiros-gaza-fb\/"]}]},{"@type":"ImageObject","inLanguage":"pt-BR","@id":"https:\/\/www.suno.com.br\/noticias\/guerra-israel-hamas-diplomatas-negociam-retirada-brasileiros-gaza-fb\/#primaryimage","url":"https:\/\/files.sunoresearch.com.br\/n\/uploads\/2022\/02\/ucrania-russia3-scaled-e1645704357509.jpg","contentUrl":"https:\/\/files.sunoresearch.com.br\/n\/uploads\/2022\/02\/ucrania-russia3-scaled-e1645704357509.jpg","width":1200,"height":797,"caption":"Guerra entre R\u00fassia e Ucr\u00e2nia. Foto: Pexels."},{"@type":"BreadcrumbList","@id":"https:\/\/www.suno.com.br\/noticias\/guerra-israel-hamas-diplomatas-negociam-retirada-brasileiros-gaza-fb\/#breadcrumb","itemListElement":[{"@type":"ListItem","position":1,"name":"Not\u00edcias","item":"https:\/\/www.suno.com.br\/noticias\/"},{"@type":"ListItem","position":2,"name":"Internacional","item":"https:\/\/www.suno.com.br\/noticias\/internacional\/"},{"@type":"ListItem","position":3,"name":"Guerra Israel e Hamas: Diplomatas brasileiros tentam acordo para retirar pessoas da faixa de Gaza; Saiba Mais"}]},{"@type":"WebSite","@id":"https:\/\/www.suno.com.br\/noticias\/#website","url":"https:\/\/www.suno.com.br\/noticias\/","name":"Suno Not\u00edcias","description":"Seu portal de informa\u00e7\u00e3o sobre o mundo dos investimentos","publisher":{"@id":"https:\/\/www.suno.com.br\/noticias\/#organization"},"potentialAction":[{"@type":"SearchAction","target":{"@type":"EntryPoint","urlTemplate":"https:\/\/www.suno.com.br\/noticias\/?s={search_term_string}"},"query-input":{"@type":"PropertyValueSpecification","valueRequired":true,"valueName":"search_term_string"}}],"inLanguage":"pt-BR"},{"@type":"Organization","@id":"https:\/\/www.suno.com.br\/noticias\/#organization","name":"Suno Not\u00edcias","url":"https:\/\/www.suno.com.br\/noticias\/","logo":{"@type":"ImageObject","inLanguage":"pt-BR","@id":"https:\/\/www.suno.com.br\/noticias\/#\/schema\/logo\/image\/","url":"https:\/\/files.sunoresearch.com.br\/n\/uploads\/2021\/09\/suno-logo.png","contentUrl":"https:\/\/files.sunoresearch.com.br\/n\/uploads\/2021\/09\/suno-logo.png","width":180,"height":180,"caption":"Suno Not\u00edcias"},"image":{"@id":"https:\/\/www.suno.com.br\/noticias\/#\/schema\/logo\/image\/"},"sameAs":["https:\/\/facebook.com\/sunoresearch","https:\/\/x.com\/sunoresearch","https:\/\/www.instagram.com\/suno","https:\/\/www.linkedin.com\/company\/suno-research\/","https:\/\/www.youtube.com\/c\/sunoresearch"]},{"@type":"Person","@id":"https:\/\/www.suno.com.br\/noticias\/#\/schema\/person\/1f832c1c0e64406f37dbc20563c01a26","name":"Fernanda Bompan","image":{"@type":"ImageObject","inLanguage":"pt-BR","@id":"https:\/\/www.suno.com.br\/noticias\/#\/schema\/person\/image\/","url":"https:\/\/secure.gravatar.com\/avatar\/963efa2e75b13e4118442129692cb5cb?s=96&r=g","contentUrl":"https:\/\/secure.gravatar.com\/avatar\/963efa2e75b13e4118442129692cb5cb?s=96&r=g","caption":"Fernanda Bompan"},"description":"Fernanda Bompan \u00e9 jornalista e acumula 15 anos de experi\u00eancia na cobertura das editorias de economia, finan\u00e7as e neg\u00f3cios, com passagens por Gazeta Mercantil, DCI, Valor Econ\u00f4mico e Finsiders. Ainda\u00a0atuou em assessorias de imprensa e na cria\u00e7\u00e3o de conte\u00fado para redes sociais de fundos de investimento.","url":"https:\/\/www.suno.com.br\/noticias\/author\/fernanda-bompansuno-com-br\/"}]}},"default_loop_html":"<div class=\"cardsPage__listCard__boxs\"><div class=\"cardsPage__listCard__boxs__img\"><a href=\"https:\/\/www.suno.com.br\/noticias\/guerra-israel-hamas-diplomatas-negociam-retirada-brasileiros-gaza-fb\/\"><img class=\"mask\" src=\"https:\/\/www.suno.com.br\/noticias\/wp-content\/themes\/suno\/resources\/images\/spotlight\/spotlight1img\/bg-mask.png\" alt=\"Image Mask\"\/><img src=\"https:\/\/files.sunoresearch.com.br\/n\/uploads\/2022\/02\/ucrania-russia3-400x200.jpg\" alt=\"Guerra Israel e Hamas: Diplomatas brasileiros tentam acordo para retirar pessoas da faixa de Gaza; Saiba Mais\"\/><\/a><span class=\"spotlightCategory\"><a href=\"https:\/\/www.suno.com.br\/noticias\/internacional\/\">Internacional<\/a><\/span><\/div><div class=\"cardsPage__listCard__boxs__content\"><a href=\"https:\/\/www.suno.com.br\/noticias\/guerra-israel-hamas-diplomatas-negociam-retirada-brasileiros-gaza-fb\/\"><h2 class=\"content__title\">Guerra Israel e Hamas: Diplomatas brasileiros tentam acordo para retirar pessoas da faixa de Gaza; Saiba Mais<\/h2><\/a><div class=\"newsContent__article__meta\"><div class=\"newsContent__article__meta__authorBox\"><a href=\"https:\/\/www.suno.com.br\/noticias\/author\/fernanda-bompansuno-com-br\/\" class=\"authorBox__avatar noMobi\"><img src=\"https:\/\/secure.gravatar.com\/avatar\/963efa2e75b13e4118442129692cb5cb?s=96&#038;r=g\" alt=\"Fernanda Bompan\"><\/a><div class=\"authorBox__name\"><span>por\n\t\t\t<a href=\"https:\/\/www.suno.com.br\/noticias\/author\/fernanda-bompansuno-com-br\/\"><span itemprop=\"author\">Fernanda Bompan<\/span><\/a><\/span><time datetime=\"2023-10-15T12:33:50-03:00\" itemprop=\"datePublished\">15\/10\/2023 12:33<\/time><\/div><\/div><\/div><\/div><\/div>","single_layout":"posts","amp_enabled":true,"_links":{"self":[{"href":"https:\/\/www.suno.com.br\/noticias\/wp-json\/wp\/v2\/posts\/471039"}],"collection":[{"href":"https:\/\/www.suno.com.br\/noticias\/wp-json\/wp\/v2\/posts"}],"about":[{"href":"https:\/\/www.suno.com.br\/noticias\/wp-json\/wp\/v2\/types\/post"}],"author":[{"embeddable":true,"href":"https:\/\/www.suno.com.br\/noticias\/wp-json\/wp\/v2\/users\/266"}],"replies":[{"embeddable":true,"href":"https:\/\/www.suno.com.br\/noticias\/wp-json\/wp\/v2\/comments?post=471039"}],"version-history":[{"count":2,"href":"https:\/\/www.suno.com.br\/noticias\/wp-json\/wp\/v2\/posts\/471039\/revisions"}],"predecessor-version":[{"id":471084,"href":"https:\/\/www.suno.com.br\/noticias\/wp-json\/wp\/v2\/posts\/471039\/revisions\/471084"}],"wp:featuredmedia":[{"embeddable":true,"href":"https:\/\/www.suno.com.br\/noticias\/wp-json\/wp\/v2\/media\/235091"}],"wp:attachment":[{"href":"https:\/\/www.suno.com.br\/noticias\/wp-json\/wp\/v2\/media?parent=471039"}],"wp:term":[{"taxonomy":"category","embeddable":true,"href":"https:\/\/www.suno.com.br\/noticias\/wp-json\/wp\/v2\/categories?post=471039"},{"taxonomy":"post_tag","embeddable":true,"href":"https:\/\/www.suno.com.br\/noticias\/wp-json\/wp\/v2\/tags?post=471039"},{"taxonomy":"suno_strategy","embeddable":true,"href":"https:\/\/www.suno.com.br\/noticias\/wp-json\/wp\/v2\/suno_strategy?post=471039"}],"curies":[{"name":"wp","href":"https:\/\/api.w.org\/{rel}","templated":true}]}}