{"id":470913,"date":"2023-10-14T13:08:47","date_gmt":"2023-10-14T16:08:47","guid":{"rendered":"https:\/\/www.suno.com.br\/noticias\/?p=470913"},"modified":"2023-10-14T13:08:53","modified_gmt":"2023-10-14T16:08:53","slug":"haddad-cita-inflacao-diz-que-desempenho-economia-brasileira-superou-expectativas-fmi-va","status":"publish","type":"post","link":"https:\/\/www.suno.com.br\/noticias\/haddad-cita-inflacao-diz-que-desempenho-economia-brasileira-superou-expectativas-fmi-va\/","title":{"rendered":"Haddad cita infla\u00e7\u00e3o e diz que desempenho da economia brasileira superou expectativas ao FMI"},"content":{"rendered":"<p>O ministro da Fazenda, Fernando<strong> Haddad<\/strong>, enfatizou a conjuntura global desafiadora e a surpresa positiva do <a class=\"suno-keyword\" data-force=\"no\" data-priority=\"2\" href=\"https:\/\/www.suno.com.br\/artigos\/pib-produto-interno-bruto\/\" target=\"_blank\" rel=\"noopener\">Produto Interno Bruto (PIB)<\/a> do Brasil neste ano durante reuni\u00e3o do Comit\u00ea do Fundo Monet\u00e1rio Internacional (IMFC, na sigla em ingl\u00eas), conforme discurso obtido pelo <b>Broadcast<\/b>. Durante sua fala, ele voltou a defender a import\u00e2ncia da reforma das cotas dos membros do organismo.<\/p>\t<div class=\"wrapper-featured-image\">\n\t\t<figure class=\"spotlightImg\">\n\n\t\t\t<picture>\n\t\t\t\t<source media=\"(max-width: 768px)\" srcset=\"https:\/\/files.sunoresearch.com.br\/n\/uploads\/2023\/07\/haddad-banco-central-reforma-tributaria-400x200.jpg\">\n\t\t\t\t<img loading=\"lazy\" decoding=\"async\" class=\"newsContent__article__imgCapa lazyloadDisabled \" src=\"https:\/\/files.sunoresearch.com.br\/n\/uploads\/2023\/07\/haddad-banco-central-reforma-tributaria-800x450.jpg\" width=\"800\" height=\"450\" alt=\"Haddad cita infla\u00e7\u00e3o e diz que desempenho da economia brasileira superou expectativas ao FMI\" fetchpriority=high \/>\n\t\t\t<\/picture>\n\n\t\t\t<figcaption class=\"wp-caption-text wp-caption-text--show\">Haddad fala sobre invas\u00e3o ao Siafi, do governo federal. Foto: Rovena Rosa\/Ag\u00eancia Brasil<\/figcaption>\n\t\t<\/figure>\n\t<\/div>\n\n\n\n\n\n\t<p>\n\t\t<a href=\"\" target=\"_blank\" data-element=\"shortcode-suno-banner\" title=\"Banner SUNO, clique e saiba mais\">\n\t\t\t<picture>\n\t\t\t\t<source media=\"(max-width: 500px)\" srcset=\"\">\n\t\t\t\t<img class=\"newsContent__article__imgCapa newsContent__article__imgCapa--banner\"\n\t\t\t\t\tsrc=\"\"\n\t\t\t\t\tdata-promo-id=\"240038\"\t\t\t\t\t\t\t\t\t\t\t\t\t\t\talt=\"\"\n\t\t\t\t>\n\t\t\t<\/picture>\n\t\t<\/a>\n\t<\/p>\n\n\n\n\n\n<p>&#8220;O desempenho da economia brasileira superou as expectativas com um crescimento resiliente e infla\u00e7\u00e3o em queda&#8221;, disse Haddad, segundo fontes. Em seguida, o ministro teria citado a revis\u00e3o do FMI para o crescimento econ\u00f4mico do Pa\u00eds em 2023, de 0,9% em abril para mais de 3% no relat\u00f3rio econ\u00f4mico do Fundo publicado essa semana, durante as reuni\u00f5es anuais, que acontecem em Marrakesh, no Marrocos.<\/p>\n\n\n\n<p>No trecho do discurso que dedicou ao Brasil, Haddad teria citado a aprova\u00e7\u00e3o do novo arcabou\u00e7o fiscal e a aprova\u00e7\u00e3o da <a class=\"suno-keyword\" target=\"_blank\" data-force=\"no\" data-priority=\"2\" href=\"https:\/\/www.suno.com.br\/artigos\/reforma-tributaria\/\" rel=\"noopener\">reforma tribut\u00e1ria<\/a> na C\u00e2mara, com impacto estimado de 5% no crescimento do Pa\u00eds no <a class=\"suno-keyword\" target=\"_blank\" data-force=\"no\" data-priority=\"1\" href=\"https:\/\/www.suno.com.br\/artigos\/longo-prazo\/\" rel=\"noopener\">longo prazo<\/a>.<\/p>\n\n\n\n<p>&#8220;O novo arcabou\u00e7o fiscal e o conjunto de medidas na \u00e1rea da arrecada\u00e7\u00e3o refor\u00e7aram a confian\u00e7a na sustentabilidade fiscal do Brasil&#8221;, disse Haddad, durante discurso ao Comit\u00ea do FMI.<\/p>\n\n\n\n<p>Outro ponto de aten\u00e7\u00e3o da sua fala foi em rela\u00e7\u00e3o ao Plano de Transforma\u00e7\u00e3o Ecol\u00f3gica do governo do presidente Luiz In\u00e1cio Lula da Silva e que deve permitir ao Brasil estrear no mercado de <i>&#8216;green bonds&#8217;<\/i>, de t\u00edtulos de d\u00edvida externa com compromissos sustent\u00e1veis. Nas palavras do ministro, trata-se de uma reconcilia\u00e7\u00e3o economia do <a class=\"suno-keyword\" data-force=\"no\" data-priority=\"1\" href=\"https:\/\/www.suno.com.br\/artigos\/desenvolvimento-economico\/\" target=\"_blank\" rel=\"noopener\">desenvolvimento econ\u00f4mico<\/a> e progresso social com a prote\u00e7\u00e3o do meio ambiente e uma oportunidade ao Brasil.<\/p>\n\n\n\n\t<div data-element=\"shortcode-read-more\" class=\"readToo\">\n\t\t\t\t<span class=\"readToo__title\">Leia mais<\/span>\n\t\t\t\t<ul class=\"readToo__list\">\n\t\t\t<li><a href=\"https:\/\/www.suno.com.br\/noticias\/israel-guerra-especialistas-apontam-setores-mais-impactados-cpf\/\">Guerra em Israel: 3 setores s\u00e3o mais impactados na economia pelo conflito com o Hamas, segundo especialistas<\/a><\/li><li><a href=\"https:\/\/www.suno.com.br\/noticias\/editoria-fundos-fechados-taxacao-offshores-mesmo-projeto-haddad-va\/\">Taxa\u00e7\u00e3o de fundos exclusivos e offshores deve ser votada no mesmo projeto na pr\u00f3xima semana, diz Haddad<\/a><\/li>\t\t<\/ul>\n\t<\/div>\n\n\n\n\n<p>Como tem feito nas reuni\u00f5es anuais em Marrakesh, Haddad tamb\u00e9m aproveitou o momento para falar da presid\u00eancia brasileira no G20, grupo que re\u00fane as maiores economias do mundo. Ele teria refor\u00e7ado o foco do Pa\u00eds na posi\u00e7\u00e3o que \u00e9 &#8220;trabalhar para fomentar a inclus\u00e3o social e combater a fome e a pobreza no mundo, focando na transi\u00e7\u00e3o energ\u00e9tica e no desenvolvimento sustent\u00e1vel nas suas tr\u00eas dimens\u00f5es, social, econ\u00f4mica e ambiental&#8221;.<\/p>\n\n\n\n<p>Ao comentar sobre a economia mundial, o ministro classificou a conjuntura global como &#8220;claramente desafiadora&#8221;. &#8220;Embora a infla\u00e7\u00e3o tenha ca\u00eddo, o chamado pouso suave da economia global ainda n\u00e3o est\u00e1 assegurado&#8221;, disse, mencionando ainda o aumento dos riscos de fragmenta\u00e7\u00e3o geoecon\u00f4mica. &#8220;Os recentes eventos geopol\u00edticos agregam estresse a um ambiente j\u00e1 sobrecarregado&#8221;, avaliou.<\/p>\n\n\n\n<p>O ministro brasileiro voltou a refor\u00e7ar o multilateralismo como a sa\u00edda para os desafios globais, mas enfatizou a necessidade de &#8220;institui\u00e7\u00f5es representativas e baseadas em regras transparentes&#8221;. Segundo ele, a reforma de cotas do FMI \u00e9 uma &#8220;quest\u00e3o cr\u00edtica&#8221;.<\/p>\n\n\n\n<p>O aumento no valor das cotas e o realinhamento devem ser feitos em conjunto para que o FMI tenha recursos e legitimidade para cumprir o seu &#8220;papel central&#8221; na arquitetura financeira global, defendeu o ministro. &#8220;O Brasil n\u00e3o pode concordar com a proposta de fazer, pela primeira vez na hist\u00f3ria, um aumento no valor das cotas sem qualquer realinhamento&#8221;, alertou Haddad, acrescentando que se isso n\u00e3o for poss\u00edvel agora, caminhos alternativos t\u00eam de ser encontrados e que o Brasil n\u00e3o ganharia com isso.<\/p>\n\n\n\n<h2 class=\"wp-block-heading\">Selic: Haddad marcar\u00e1 conversa com Campos Neto<\/h2>\n\n\n\n<p>O atual ministro da Fazenda, Fernando Haddad, afirmou que ir\u00e1 marcar uma conversa com\u00a0<a href=\"https:\/\/www.suno.com.br\/tudo-sobre\/roberto-campos-neto\/\" target=\"_blank\" rel=\"noreferrer noopener\">Roberto Campos Neto<\/a>, presidente do Banco Central, acerca do ritmo de queda da\u00a0<strong>Selic<\/strong>.<\/p>\n\n\n\n<p>Haddad declarou ainda na quinta (12), durante um evento do Fundo Monet\u00e1rio Internacional (FMI), que conversaria com o&nbsp;<strong>presidente do Banco Central<\/strong>&nbsp;sobre a Selic.<\/p>\n\n\n\n<p>\u201cEu n\u00e3o tive a oportunidade de conversar com ele ainda, porque o contexto em que ele falou, eu preciso entender melhor. Porque tem v\u00e1rias formas de ter dito isso. Inclusive, como uma forma de manter o prop\u00f3sito de que os cortes continuem no passo que est\u00e3o. Eu vou conversar com o Roberto\u201d, disse\u00a0<strong>Haddad<\/strong>.<\/p>\n\n\n\t<p>\n\t\t<a href=\"https:\/\/lp.suno.com.br\/ebook-gratuito-investindo-no-exterior\/\" target=\"_blank\" data-element=\"shortcode-suno-banner\" title=\"Banner SUNO, clique e saiba mais\">\n\t\t\t<picture>\n\t\t\t\t<source media=\"(max-width: 500px)\" srcset=\"https:\/\/files.sunoresearch.com.br\/n\/uploads\/2023\/03\/400x300-Investindo-no-exterior.png\">\n\t\t\t\t<img class=\"newsContent__article__imgCapa newsContent__article__imgCapa--banner\"\n\t\t\t\t\tsrc=\"https:\/\/files.sunoresearch.com.br\/n\/uploads\/2023\/03\/1420x240-Investindo-no-exterior.png\"\n\t\t\t\t\tdata-promo-id=\"383161\"\t\t\t\t\t\t\t\t\t\twidth='1420' height='240'\t\t\t\t\talt=\"https:\/\/files.sunoresearch.com.br\/n\/uploads\/2023\/03\/1420x240-Investindo-no-exterior.png\"\n\t\t\t\t>\n\t\t\t<\/picture>\n\t\t<\/a>\n\t<\/p>\n\n\n\n\n\n<p>Vale destacar que ainda recentemente&nbsp;<strong>Roberto Campos Neto<\/strong>&nbsp;deu declara\u00e7\u00f5es sobre o ritmo de cortes da&nbsp;<strong>taxa de juros<\/strong>.<\/p>\n\n\n\n<p>Segundo informa\u00e7\u00f5es do Broadcast, em uma reuni\u00e3o com o Ita\u00fa BBA, Campos Neto disse que h\u00e1 mais chance de os pr\u00f3ximos cortes ficarem abaixo da magnitude prevista \u2013 que \u00e9 de 0,5 ponto percentual (p.p.) -, com o BC cortando 0,25p.p., em vez de acelerar o ritmo para 0,75p.p.<\/p>\n\n\n\n<p>Na \u00faltima reuni\u00e3o do&nbsp;<a target=\"_blank\" href=\"https:\/\/www.suno.com.br\/artigos\/copom\/\" rel=\"noreferrer noopener\">Comit\u00ea de Pol\u00edtica Monet\u00e1ria (Copom)<\/a>, a autoridade monet\u00e1ria decidiu pelo corte de 0,50p.p. e reafirmou que espera mais cortes de igual magnitude em 2023.<\/p>\n\n\n\n<p>Ainda restam duas reuni\u00f5es do Copom antes do fim do ano \u2013 uma entre outubro e novembro e outra em meados de dezembro.<\/p>\n\n\n\n<p>A taxa atual \u00e9 de 13,25%, dado o corte de 0,50p.p. da \u00faltima reuni\u00e3o, quando os&nbsp;<strong>juros<\/strong>&nbsp;estavam em 13,75%.<\/p>\n\n\n\n<p>Com Estad\u00e3o Conte\u00fado<\/p>\n\n\n\n\n\t<p>\n\t\t<a href=\"https:\/\/lp.suno.com.br\/planilha-da-vida-financeira\/\" target=\"_blank\" data-element=\"shortcode-suno-banner\" title=\"Banner SUNO, clique e saiba mais\">\n\t\t\t<picture>\n\t\t\t\t<source media=\"(max-width: 500px)\" srcset=\"https:\/\/files.sunoresearch.com.br\/n\/uploads\/2023\/04\/400x300-Planilha-vida-financeira-true.png\">\n\t\t\t\t<img class=\"newsContent__article__imgCapa newsContent__article__imgCapa--banner\"\n\t\t\t\t\tsrc=\"https:\/\/files.sunoresearch.com.br\/n\/uploads\/2023\/04\/1420x240-Planilha-vida-financeira-true.png\"\n\t\t\t\t\tdata-promo-id=\"383123\"\t\t\t\t\t\t\t\t\t\twidth='1420' height='240'\t\t\t\t\talt=\"https:\/\/files.sunoresearch.com.br\/n\/uploads\/2023\/04\/1420x240-Planilha-vida-financeira-true.png\"\n\t\t\t\t>\n\t\t\t<\/picture>\n\t\t<\/a>\n\t<\/p>\n\n\n","protected":false},"excerpt":{"rendered":"<p>O ministro da Fazenda, Fernando Haddad, enfatizou a conjuntura global desafiadora e a surpresa positiva do Produto Interno Bruto (PIB) do Brasil neste ano durante reuni\u00e3o do Comit\u00ea do Fundo Monet\u00e1rio Internacional (IMFC, na sigla em ingl\u00eas), conforme discurso obtido pelo Broadcast. Durante sua fala, ele voltou a defender a import\u00e2ncia da reforma das cotas [&hellip;]<\/p>\n","protected":false},"author":43,"featured_media":427207,"comment_status":"closed","ping_status":"closed","sticky":false,"template":"","format":"standard","meta":[],"categories":[62],"tags":[740,716],"suno_strategy":[],"class_list":["post-470913","post","type-post","status-publish","format-standard","has-post-thumbnail","hentry","category-economia","tag-economia","tag-fernando-haddad"],"yoast_head":"<!-- This site is optimized with the Yoast SEO plugin v24.4 - https:\/\/yoast.com\/wordpress\/plugins\/seo\/ -->\n<title>Haddad cita infla\u00e7\u00e3o e diz que desempenho da economia brasileira<\/title>\n<meta name=\"description\" content=\"O ministro da Fazenda, Fernando Haddad, enfatizou a conjuntura global desafiadora e a surpresa positiva do Produto Interno Bruto do Brasil.\" \/>\n<meta name=\"robots\" content=\"index, follow, max-snippet:-1, max-image-preview:large, max-video-preview:-1\" \/>\n<link rel=\"canonical\" href=\"https:\/\/www.suno.com.br\/noticias\/haddad-cita-inflacao-diz-que-desempenho-economia-brasileira-superou-expectativas-fmi-va\/\" \/>\n<meta property=\"og:locale\" content=\"pt_BR\" \/>\n<meta property=\"og:type\" content=\"article\" \/>\n<meta property=\"og:title\" content=\"Haddad cita infla\u00e7\u00e3o e diz que desempenho da economia brasileira\" \/>\n<meta property=\"og:description\" content=\"O ministro da Fazenda, Fernando Haddad, enfatizou a conjuntura global desafiadora e a surpresa positiva do Produto Interno Bruto do Brasil.\" \/>\n<meta property=\"og:url\" content=\"https:\/\/www.suno.com.br\/noticias\/haddad-cita-inflacao-diz-que-desempenho-economia-brasileira-superou-expectativas-fmi-va\/\" \/>\n<meta property=\"og:site_name\" content=\"Suno Not\u00edcias\" \/>\n<meta property=\"article:publisher\" content=\"https:\/\/facebook.com\/sunoresearch\" \/>\n<meta property=\"article:author\" content=\"https:\/\/www.facebook.com\/sunonoticias\/\" \/>\n<meta property=\"og:image\" content=\"https:\/\/files.sunoresearch.com.br\/n\/uploads\/2023\/07\/haddad-banco-central-reforma-tributaria.jpg\" \/>\n\t<meta property=\"og:image:width\" content=\"1200\" \/>\n\t<meta property=\"og:image:height\" content=\"800\" \/>\n\t<meta property=\"og:image:type\" content=\"image\/jpeg\" \/>\n<meta name=\"author\" content=\"Reda\u00e7\u00e3o Suno Not\u00edcias\" \/>\n<meta name=\"twitter:card\" content=\"summary_large_image\" \/>\n<meta name=\"twitter:creator\" content=\"@https:\/\/twitter.com\/sunoresearch\" \/>\n<meta name=\"twitter:site\" content=\"@sunoresearch\" \/>\n<meta name=\"twitter:label1\" content=\"Escrito por\" \/>\n\t<meta name=\"twitter:data1\" content=\"Reda\u00e7\u00e3o Suno Not\u00edcias\" \/>\n\t<meta name=\"twitter:label2\" content=\"Est. tempo de leitura\" \/>\n\t<meta name=\"twitter:data2\" content=\"5 minutos\" \/>\n<script type=\"application\/ld+json\" class=\"yoast-schema-graph\">{\"@context\":\"https:\/\/schema.org\",\"@graph\":[{\"@type\":\"NewsArticle\",\"@id\":\"https:\/\/www.suno.com.br\/noticias\/haddad-cita-inflacao-diz-que-desempenho-economia-brasileira-superou-expectativas-fmi-va\/#article\",\"isPartOf\":{\"@id\":\"https:\/\/www.suno.com.br\/noticias\/haddad-cita-inflacao-diz-que-desempenho-economia-brasileira-superou-expectativas-fmi-va\/\"},\"author\":{\"name\":\"Reda\u00e7\u00e3o Suno Not\u00edcias\",\"@id\":\"https:\/\/www.suno.com.br\/noticias\/#\/schema\/person\/c1b1bd3727fa852bd045e9dbff3673ea\"},\"headline\":\"Haddad cita infla\u00e7\u00e3o e diz que desempenho da economia brasileira superou expectativas ao FMI\",\"datePublished\":\"2023-10-14T16:08:47+00:00\",\"dateModified\":\"2023-10-14T16:08:53+00:00\",\"mainEntityOfPage\":{\"@id\":\"https:\/\/www.suno.com.br\/noticias\/haddad-cita-inflacao-diz-que-desempenho-economia-brasileira-superou-expectativas-fmi-va\/\"},\"wordCount\":862,\"publisher\":{\"@id\":\"https:\/\/www.suno.com.br\/noticias\/#organization\"},\"image\":{\"@id\":\"https:\/\/www.suno.com.br\/noticias\/haddad-cita-inflacao-diz-que-desempenho-economia-brasileira-superou-expectativas-fmi-va\/#primaryimage\"},\"thumbnailUrl\":\"https:\/\/files.sunoresearch.com.br\/n\/uploads\/2023\/07\/haddad-banco-central-reforma-tributaria.jpg\",\"keywords\":[\"Economia\",\"Fernando Haddad\"],\"articleSection\":[\"Economia\"],\"inLanguage\":\"pt-BR\"},{\"@type\":\"WebPage\",\"@id\":\"https:\/\/www.suno.com.br\/noticias\/haddad-cita-inflacao-diz-que-desempenho-economia-brasileira-superou-expectativas-fmi-va\/\",\"url\":\"https:\/\/www.suno.com.br\/noticias\/haddad-cita-inflacao-diz-que-desempenho-economia-brasileira-superou-expectativas-fmi-va\/\",\"name\":\"Haddad cita infla\u00e7\u00e3o e diz que desempenho da economia brasileira\",\"isPartOf\":{\"@id\":\"https:\/\/www.suno.com.br\/noticias\/#website\"},\"primaryImageOfPage\":{\"@id\":\"https:\/\/www.suno.com.br\/noticias\/haddad-cita-inflacao-diz-que-desempenho-economia-brasileira-superou-expectativas-fmi-va\/#primaryimage\"},\"image\":{\"@id\":\"https:\/\/www.suno.com.br\/noticias\/haddad-cita-inflacao-diz-que-desempenho-economia-brasileira-superou-expectativas-fmi-va\/#primaryimage\"},\"thumbnailUrl\":\"https:\/\/files.sunoresearch.com.br\/n\/uploads\/2023\/07\/haddad-banco-central-reforma-tributaria.jpg\",\"datePublished\":\"2023-10-14T16:08:47+00:00\",\"dateModified\":\"2023-10-14T16:08:53+00:00\",\"description\":\"O ministro da Fazenda, Fernando Haddad, enfatizou a conjuntura global desafiadora e a surpresa positiva do Produto Interno Bruto do Brasil.\",\"breadcrumb\":{\"@id\":\"https:\/\/www.suno.com.br\/noticias\/haddad-cita-inflacao-diz-que-desempenho-economia-brasileira-superou-expectativas-fmi-va\/#breadcrumb\"},\"inLanguage\":\"pt-BR\",\"potentialAction\":[{\"@type\":\"ReadAction\",\"target\":[\"https:\/\/www.suno.com.br\/noticias\/haddad-cita-inflacao-diz-que-desempenho-economia-brasileira-superou-expectativas-fmi-va\/\"]}]},{\"@type\":\"ImageObject\",\"inLanguage\":\"pt-BR\",\"@id\":\"https:\/\/www.suno.com.br\/noticias\/haddad-cita-inflacao-diz-que-desempenho-economia-brasileira-superou-expectativas-fmi-va\/#primaryimage\",\"url\":\"https:\/\/files.sunoresearch.com.br\/n\/uploads\/2023\/07\/haddad-banco-central-reforma-tributaria.jpg\",\"contentUrl\":\"https:\/\/files.sunoresearch.com.br\/n\/uploads\/2023\/07\/haddad-banco-central-reforma-tributaria.jpg\",\"width\":1200,\"height\":800,\"caption\":\"Haddad fala sobre invas\u00e3o ao Siafi, do governo federal. Foto: Rovena Rosa\/Ag\u00eancia Brasil\"},{\"@type\":\"BreadcrumbList\",\"@id\":\"https:\/\/www.suno.com.br\/noticias\/haddad-cita-inflacao-diz-que-desempenho-economia-brasileira-superou-expectativas-fmi-va\/#breadcrumb\",\"itemListElement\":[{\"@type\":\"ListItem\",\"position\":1,\"name\":\"Not\u00edcias\",\"item\":\"https:\/\/www.suno.com.br\/noticias\/\"},{\"@type\":\"ListItem\",\"position\":2,\"name\":\"Economia\",\"item\":\"https:\/\/www.suno.com.br\/noticias\/economia\/\"},{\"@type\":\"ListItem\",\"position\":3,\"name\":\"Haddad cita infla\u00e7\u00e3o e diz que desempenho da economia brasileira superou expectativas ao FMI\"}]},{\"@type\":\"WebSite\",\"@id\":\"https:\/\/www.suno.com.br\/noticias\/#website\",\"url\":\"https:\/\/www.suno.com.br\/noticias\/\",\"name\":\"Suno Not\u00edcias\",\"description\":\"Seu portal de informa\u00e7\u00e3o sobre o mundo dos investimentos\",\"publisher\":{\"@id\":\"https:\/\/www.suno.com.br\/noticias\/#organization\"},\"potentialAction\":[{\"@type\":\"SearchAction\",\"target\":{\"@type\":\"EntryPoint\",\"urlTemplate\":\"https:\/\/www.suno.com.br\/noticias\/?s={search_term_string}\"},\"query-input\":{\"@type\":\"PropertyValueSpecification\",\"valueRequired\":true,\"valueName\":\"search_term_string\"}}],\"inLanguage\":\"pt-BR\"},{\"@type\":\"Organization\",\"@id\":\"https:\/\/www.suno.com.br\/noticias\/#organization\",\"name\":\"Suno Not\u00edcias\",\"url\":\"https:\/\/www.suno.com.br\/noticias\/\",\"logo\":{\"@type\":\"ImageObject\",\"inLanguage\":\"pt-BR\",\"@id\":\"https:\/\/www.suno.com.br\/noticias\/#\/schema\/logo\/image\/\",\"url\":\"https:\/\/files.sunoresearch.com.br\/n\/uploads\/2021\/09\/suno-logo.png\",\"contentUrl\":\"https:\/\/files.sunoresearch.com.br\/n\/uploads\/2021\/09\/suno-logo.png\",\"width\":180,\"height\":180,\"caption\":\"Suno Not\u00edcias\"},\"image\":{\"@id\":\"https:\/\/www.suno.com.br\/noticias\/#\/schema\/logo\/image\/\"},\"sameAs\":[\"https:\/\/facebook.com\/sunoresearch\",\"https:\/\/x.com\/sunoresearch\",\"https:\/\/www.instagram.com\/suno\",\"https:\/\/www.linkedin.com\/company\/suno-research\/\",\"https:\/\/www.youtube.com\/c\/sunoresearch\"]},{\"@type\":\"Person\",\"@id\":\"https:\/\/www.suno.com.br\/noticias\/#\/schema\/person\/c1b1bd3727fa852bd045e9dbff3673ea\",\"name\":\"Reda\u00e7\u00e3o Suno Not\u00edcias\",\"image\":{\"@type\":\"ImageObject\",\"inLanguage\":\"pt-BR\",\"@id\":\"https:\/\/www.suno.com.br\/noticias\/#\/schema\/person\/image\/\",\"url\":\"https:\/\/secure.gravatar.com\/avatar\/b8104b9b5a71985d5238ee59fbe418af?s=96&r=g\",\"contentUrl\":\"https:\/\/secure.gravatar.com\/avatar\/b8104b9b5a71985d5238ee59fbe418af?s=96&r=g\",\"caption\":\"Reda\u00e7\u00e3o Suno Not\u00edcias\"},\"description\":\"O Suno Not\u00edcias \u00e9 um portal de informa\u00e7\u00f5es sobre Mercado Financeiro, Pol\u00edtica, Neg\u00f3cios, Economia e Finan\u00e7as Pessoais.\",\"sameAs\":[\"https:\/\/www.suno.com.br\/noticias\",\"https:\/\/www.facebook.com\/sunonoticias\/\",\"https:\/\/www.instagram.com\/sunonoticias\/\",\"https:\/\/x.com\/https:\/\/twitter.com\/sunoresearch\",\"https:\/\/www.youtube.com\/sunonoticias\"],\"url\":\"https:\/\/www.suno.com.br\/noticias\/author\/redacao-suno\/\"}]}<\/script>\n<!-- \/ Yoast SEO plugin. -->","yoast_head_json":{"title":"Haddad cita infla\u00e7\u00e3o e diz que desempenho da economia brasileira","description":"O ministro da Fazenda, Fernando Haddad, enfatizou a conjuntura global desafiadora e a surpresa positiva do Produto Interno Bruto do Brasil.","robots":{"index":"index","follow":"follow","max-snippet":"max-snippet:-1","max-image-preview":"max-image-preview:large","max-video-preview":"max-video-preview:-1"},"canonical":"https:\/\/www.suno.com.br\/noticias\/haddad-cita-inflacao-diz-que-desempenho-economia-brasileira-superou-expectativas-fmi-va\/","og_locale":"pt_BR","og_type":"article","og_title":"Haddad cita infla\u00e7\u00e3o e diz que desempenho da economia brasileira","og_description":"O ministro da Fazenda, Fernando Haddad, enfatizou a conjuntura global desafiadora e a surpresa positiva do Produto Interno Bruto do Brasil.","og_url":"https:\/\/www.suno.com.br\/noticias\/haddad-cita-inflacao-diz-que-desempenho-economia-brasileira-superou-expectativas-fmi-va\/","og_site_name":"Suno Not\u00edcias","article_publisher":"https:\/\/facebook.com\/sunoresearch","article_author":"https:\/\/www.facebook.com\/sunonoticias\/","og_image":[{"width":1200,"height":800,"url":"https:\/\/files.sunoresearch.com.br\/n\/uploads\/2023\/07\/haddad-banco-central-reforma-tributaria.jpg","type":"image\/jpeg"}],"author":"Reda\u00e7\u00e3o Suno Not\u00edcias","twitter_card":"summary_large_image","twitter_creator":"@https:\/\/twitter.com\/sunoresearch","twitter_site":"@sunoresearch","twitter_misc":{"Escrito por":"Reda\u00e7\u00e3o Suno Not\u00edcias","Est. tempo de leitura":"5 minutos"},"schema":{"@context":"https:\/\/schema.org","@graph":[{"@type":"NewsArticle","@id":"https:\/\/www.suno.com.br\/noticias\/haddad-cita-inflacao-diz-que-desempenho-economia-brasileira-superou-expectativas-fmi-va\/#article","isPartOf":{"@id":"https:\/\/www.suno.com.br\/noticias\/haddad-cita-inflacao-diz-que-desempenho-economia-brasileira-superou-expectativas-fmi-va\/"},"author":{"name":"Reda\u00e7\u00e3o Suno Not\u00edcias","@id":"https:\/\/www.suno.com.br\/noticias\/#\/schema\/person\/c1b1bd3727fa852bd045e9dbff3673ea"},"headline":"Haddad cita infla\u00e7\u00e3o e diz que desempenho da economia brasileira superou expectativas ao FMI","datePublished":"2023-10-14T16:08:47+00:00","dateModified":"2023-10-14T16:08:53+00:00","mainEntityOfPage":{"@id":"https:\/\/www.suno.com.br\/noticias\/haddad-cita-inflacao-diz-que-desempenho-economia-brasileira-superou-expectativas-fmi-va\/"},"wordCount":862,"publisher":{"@id":"https:\/\/www.suno.com.br\/noticias\/#organization"},"image":{"@id":"https:\/\/www.suno.com.br\/noticias\/haddad-cita-inflacao-diz-que-desempenho-economia-brasileira-superou-expectativas-fmi-va\/#primaryimage"},"thumbnailUrl":"https:\/\/files.sunoresearch.com.br\/n\/uploads\/2023\/07\/haddad-banco-central-reforma-tributaria.jpg","keywords":["Economia","Fernando Haddad"],"articleSection":["Economia"],"inLanguage":"pt-BR"},{"@type":"WebPage","@id":"https:\/\/www.suno.com.br\/noticias\/haddad-cita-inflacao-diz-que-desempenho-economia-brasileira-superou-expectativas-fmi-va\/","url":"https:\/\/www.suno.com.br\/noticias\/haddad-cita-inflacao-diz-que-desempenho-economia-brasileira-superou-expectativas-fmi-va\/","name":"Haddad cita infla\u00e7\u00e3o e diz que desempenho da economia brasileira","isPartOf":{"@id":"https:\/\/www.suno.com.br\/noticias\/#website"},"primaryImageOfPage":{"@id":"https:\/\/www.suno.com.br\/noticias\/haddad-cita-inflacao-diz-que-desempenho-economia-brasileira-superou-expectativas-fmi-va\/#primaryimage"},"image":{"@id":"https:\/\/www.suno.com.br\/noticias\/haddad-cita-inflacao-diz-que-desempenho-economia-brasileira-superou-expectativas-fmi-va\/#primaryimage"},"thumbnailUrl":"https:\/\/files.sunoresearch.com.br\/n\/uploads\/2023\/07\/haddad-banco-central-reforma-tributaria.jpg","datePublished":"2023-10-14T16:08:47+00:00","dateModified":"2023-10-14T16:08:53+00:00","description":"O ministro da Fazenda, Fernando Haddad, enfatizou a conjuntura global desafiadora e a surpresa positiva do Produto Interno Bruto do Brasil.","breadcrumb":{"@id":"https:\/\/www.suno.com.br\/noticias\/haddad-cita-inflacao-diz-que-desempenho-economia-brasileira-superou-expectativas-fmi-va\/#breadcrumb"},"inLanguage":"pt-BR","potentialAction":[{"@type":"ReadAction","target":["https:\/\/www.suno.com.br\/noticias\/haddad-cita-inflacao-diz-que-desempenho-economia-brasileira-superou-expectativas-fmi-va\/"]}]},{"@type":"ImageObject","inLanguage":"pt-BR","@id":"https:\/\/www.suno.com.br\/noticias\/haddad-cita-inflacao-diz-que-desempenho-economia-brasileira-superou-expectativas-fmi-va\/#primaryimage","url":"https:\/\/files.sunoresearch.com.br\/n\/uploads\/2023\/07\/haddad-banco-central-reforma-tributaria.jpg","contentUrl":"https:\/\/files.sunoresearch.com.br\/n\/uploads\/2023\/07\/haddad-banco-central-reforma-tributaria.jpg","width":1200,"height":800,"caption":"Haddad fala sobre invas\u00e3o ao Siafi, do governo federal. Foto: Rovena Rosa\/Ag\u00eancia Brasil"},{"@type":"BreadcrumbList","@id":"https:\/\/www.suno.com.br\/noticias\/haddad-cita-inflacao-diz-que-desempenho-economia-brasileira-superou-expectativas-fmi-va\/#breadcrumb","itemListElement":[{"@type":"ListItem","position":1,"name":"Not\u00edcias","item":"https:\/\/www.suno.com.br\/noticias\/"},{"@type":"ListItem","position":2,"name":"Economia","item":"https:\/\/www.suno.com.br\/noticias\/economia\/"},{"@type":"ListItem","position":3,"name":"Haddad cita infla\u00e7\u00e3o e diz que desempenho da economia brasileira superou expectativas ao FMI"}]},{"@type":"WebSite","@id":"https:\/\/www.suno.com.br\/noticias\/#website","url":"https:\/\/www.suno.com.br\/noticias\/","name":"Suno Not\u00edcias","description":"Seu portal de informa\u00e7\u00e3o sobre o mundo dos investimentos","publisher":{"@id":"https:\/\/www.suno.com.br\/noticias\/#organization"},"potentialAction":[{"@type":"SearchAction","target":{"@type":"EntryPoint","urlTemplate":"https:\/\/www.suno.com.br\/noticias\/?s={search_term_string}"},"query-input":{"@type":"PropertyValueSpecification","valueRequired":true,"valueName":"search_term_string"}}],"inLanguage":"pt-BR"},{"@type":"Organization","@id":"https:\/\/www.suno.com.br\/noticias\/#organization","name":"Suno Not\u00edcias","url":"https:\/\/www.suno.com.br\/noticias\/","logo":{"@type":"ImageObject","inLanguage":"pt-BR","@id":"https:\/\/www.suno.com.br\/noticias\/#\/schema\/logo\/image\/","url":"https:\/\/files.sunoresearch.com.br\/n\/uploads\/2021\/09\/suno-logo.png","contentUrl":"https:\/\/files.sunoresearch.com.br\/n\/uploads\/2021\/09\/suno-logo.png","width":180,"height":180,"caption":"Suno Not\u00edcias"},"image":{"@id":"https:\/\/www.suno.com.br\/noticias\/#\/schema\/logo\/image\/"},"sameAs":["https:\/\/facebook.com\/sunoresearch","https:\/\/x.com\/sunoresearch","https:\/\/www.instagram.com\/suno","https:\/\/www.linkedin.com\/company\/suno-research\/","https:\/\/www.youtube.com\/c\/sunoresearch"]},{"@type":"Person","@id":"https:\/\/www.suno.com.br\/noticias\/#\/schema\/person\/c1b1bd3727fa852bd045e9dbff3673ea","name":"Reda\u00e7\u00e3o Suno Not\u00edcias","image":{"@type":"ImageObject","inLanguage":"pt-BR","@id":"https:\/\/www.suno.com.br\/noticias\/#\/schema\/person\/image\/","url":"https:\/\/secure.gravatar.com\/avatar\/b8104b9b5a71985d5238ee59fbe418af?s=96&r=g","contentUrl":"https:\/\/secure.gravatar.com\/avatar\/b8104b9b5a71985d5238ee59fbe418af?s=96&r=g","caption":"Reda\u00e7\u00e3o Suno Not\u00edcias"},"description":"O Suno Not\u00edcias \u00e9 um portal de informa\u00e7\u00f5es sobre Mercado Financeiro, Pol\u00edtica, Neg\u00f3cios, Economia e Finan\u00e7as Pessoais.","sameAs":["https:\/\/www.suno.com.br\/noticias","https:\/\/www.facebook.com\/sunonoticias\/","https:\/\/www.instagram.com\/sunonoticias\/","https:\/\/x.com\/https:\/\/twitter.com\/sunoresearch","https:\/\/www.youtube.com\/sunonoticias"],"url":"https:\/\/www.suno.com.br\/noticias\/author\/redacao-suno\/"}]}},"default_loop_html":"<div class=\"cardsPage__listCard__boxs\"><div class=\"cardsPage__listCard__boxs__img\"><a href=\"https:\/\/www.suno.com.br\/noticias\/haddad-cita-inflacao-diz-que-desempenho-economia-brasileira-superou-expectativas-fmi-va\/\"><img class=\"mask\" src=\"https:\/\/www.suno.com.br\/noticias\/wp-content\/themes\/suno\/resources\/images\/spotlight\/spotlight1img\/bg-mask.png\" alt=\"Image Mask\"\/><img src=\"https:\/\/files.sunoresearch.com.br\/n\/uploads\/2023\/07\/haddad-banco-central-reforma-tributaria-400x200.jpg\" alt=\"Haddad cita infla\u00e7\u00e3o e diz que desempenho da economia brasileira superou expectativas ao FMI\"\/><\/a><span class=\"spotlightCategory\"><a href=\"https:\/\/www.suno.com.br\/noticias\/economia\/\">Economia<\/a><\/span><\/div><div class=\"cardsPage__listCard__boxs__content\"><a href=\"https:\/\/www.suno.com.br\/noticias\/haddad-cita-inflacao-diz-que-desempenho-economia-brasileira-superou-expectativas-fmi-va\/\"><h2 class=\"content__title\">Haddad cita infla\u00e7\u00e3o e diz que desempenho da economia brasileira superou expectativas ao FMI<\/h2><\/a><div class=\"newsContent__article__meta\"><div class=\"newsContent__article__meta__authorBox\"><a href=\"https:\/\/www.suno.com.br\/noticias\/author\/vini08correiagmail-com\/\" class=\"authorBox__avatar noMobi\"><img src=\"https:\/\/files.sunoresearch.com.br\/n\/uploads\/2026\/04\/WhatsApp-Image-2026-04-20-at-19.35.48-150x150.webp\" alt=\"Vin\u00edcius Alves\"><\/a><div class=\"authorBox__name\"><span>por\n\t\t\t<a href=\"https:\/\/www.suno.com.br\/noticias\/author\/vini08correiagmail-com\/\"><span itemprop=\"author\">Vin\u00edcius Alves<\/span><\/a><\/span><time datetime=\"2023-10-14T13:08:47-03:00\" itemprop=\"datePublished\">14\/10\/2023 13:08<\/time><\/div><\/div><\/div><\/div><\/div>","single_layout":"posts","amp_enabled":true,"_links":{"self":[{"href":"https:\/\/www.suno.com.br\/noticias\/wp-json\/wp\/v2\/posts\/470913"}],"collection":[{"href":"https:\/\/www.suno.com.br\/noticias\/wp-json\/wp\/v2\/posts"}],"about":[{"href":"https:\/\/www.suno.com.br\/noticias\/wp-json\/wp\/v2\/types\/post"}],"author":[{"embeddable":true,"href":"https:\/\/www.suno.com.br\/noticias\/wp-json\/wp\/v2\/users\/43"}],"replies":[{"embeddable":true,"href":"https:\/\/www.suno.com.br\/noticias\/wp-json\/wp\/v2\/comments?post=470913"}],"version-history":[{"count":3,"href":"https:\/\/www.suno.com.br\/noticias\/wp-json\/wp\/v2\/posts\/470913\/revisions"}],"predecessor-version":[{"id":470938,"href":"https:\/\/www.suno.com.br\/noticias\/wp-json\/wp\/v2\/posts\/470913\/revisions\/470938"}],"wp:featuredmedia":[{"embeddable":true,"href":"https:\/\/www.suno.com.br\/noticias\/wp-json\/wp\/v2\/media\/427207"}],"wp:attachment":[{"href":"https:\/\/www.suno.com.br\/noticias\/wp-json\/wp\/v2\/media?parent=470913"}],"wp:term":[{"taxonomy":"category","embeddable":true,"href":"https:\/\/www.suno.com.br\/noticias\/wp-json\/wp\/v2\/categories?post=470913"},{"taxonomy":"post_tag","embeddable":true,"href":"https:\/\/www.suno.com.br\/noticias\/wp-json\/wp\/v2\/tags?post=470913"},{"taxonomy":"suno_strategy","embeddable":true,"href":"https:\/\/www.suno.com.br\/noticias\/wp-json\/wp\/v2\/suno_strategy?post=470913"}],"curies":[{"name":"wp","href":"https:\/\/api.w.org\/{rel}","templated":true}]}}