{"id":470898,"date":"2023-10-14T11:10:31","date_gmt":"2023-10-14T14:10:31","guid":{"rendered":"https:\/\/www.suno.com.br\/noticias\/?p=470898"},"modified":"2023-10-14T16:46:51","modified_gmt":"2023-10-14T19:46:51","slug":"guerra-entre-israel-hamas-gaza-intensamente-bombardeada-apos-fim-de-prazo-retirada-civis-egito-abrira-fronteiras-va","status":"publish","type":"post","link":"https:\/\/www.suno.com.br\/noticias\/guerra-entre-israel-hamas-gaza-intensamente-bombardeada-apos-fim-de-prazo-retirada-civis-egito-abrira-fronteiras-va\/","title":{"rendered":"Guerra entre Israel e Hamas: Gaza \u00e9 bombardeada ap\u00f3s fim do prazo de retirada de civis; Egito abrir\u00e1 fronteira para estrangeiros"},"content":{"rendered":"<p>Neste s\u00e1bado (14), acabou o novo prazo que<strong> Israel<\/strong> decretou para os palestinos deixarem o norte da Faixa de Gaza. At\u00e9 as 10h, o ex\u00e9rcito israelense manteve duas estradas abertas com objetivo de permitir que 1,1 milh\u00e3o de pessoas se deslocassem para o sul. A Organiza\u00e7\u00e3o das Na\u00e7\u00f5es Unidas (ONU) diz que a medida pode causar consequ\u00eancias humanit\u00e1rias devastadoras.<\/p>\t<div class=\"wrapper-featured-image\">\n\t\t<figure class=\"spotlightImg\">\n\n\t\t\t<picture>\n\t\t\t\t<source media=\"(max-width: 768px)\" srcset=\"https:\/\/files.sunoresearch.com.br\/n\/uploads\/2023\/10\/Guerra-Israel-Defense-Forces2-400x200.jpg\">\n\t\t\t\t<img loading=\"lazy\" decoding=\"async\" class=\"newsContent__article__imgCapa lazyloadDisabled \" src=\"https:\/\/files.sunoresearch.com.br\/n\/uploads\/2023\/10\/Guerra-Israel-Defense-Forces2-800x450.jpg\" width=\"800\" height=\"450\" alt=\"Guerra entre Israel e Hamas: Gaza \u00e9 bombardeada ap\u00f3s fim do prazo de retirada de civis; Egito abrir\u00e1 fronteira para estrangeiros\" fetchpriority=high \/>\n\t\t\t<\/picture>\n\n\t\t\t<figcaption class=\"wp-caption-text wp-caption-text--show\">Israel. Foto: Israel Defense Forces<\/figcaption>\n\t\t<\/figure>\n\t<\/div>\n\n\n\n\n\n\n<p>Ontem, o porta-voz das For\u00e7as de Defesa de Israel, Avichay Adraee, afirmou que o ex\u00e9rcito permitiria a movimenta\u00e7\u00e3o de palestinos que est\u00e3o migrando para o sul por mais seis horas, entre 10h e 16h do hor\u00e1rio local (das 04h \u00e0s 10h, pelo hor\u00e1rio de Bras\u00edlia).<\/p>\n\n\n\t<p>\n\t\t<a href=\"https:\/\/lp.suno.com.br\/ebook-como-analisar-uma-acao\/\" target=\"_blank\" data-element=\"shortcode-suno-banner\" title=\"Banner SUNO, clique e saiba mais\">\n\t\t\t<picture>\n\t\t\t\t<source media=\"(max-width: 500px)\" srcset=\"https:\/\/files.sunoresearch.com.br\/n\/uploads\/2023\/03\/Ebook-Acoes-Mobile.jpg\">\n\t\t\t\t<img class=\"newsContent__article__imgCapa newsContent__article__imgCapa--banner\"\n\t\t\t\t\tsrc=\"https:\/\/files.sunoresearch.com.br\/n\/uploads\/2023\/03\/Ebook-Acoes-Desktop.jpg\"\n\t\t\t\t\tdata-promo-id=\"378302\"\t\t\t\t\t\t\t\t\t\twidth='1420' height='286'\t\t\t\t\talt=\"https:\/\/files.sunoresearch.com.br\/n\/uploads\/2023\/03\/Ebook-Acoes-Desktop.jpg\"\n\t\t\t\t>\n\t\t\t<\/picture>\n\t\t<\/a>\n\t<\/p>\n\n\n\n\n\n<p>Segundo a ag\u00eancia da ONU para assist\u00eancia aos refugiados da Palestina (UNRWA), cerca de 1 milh\u00e3o de palestinos j\u00e1 deixaram suas casas nesta semana ap\u00f3s o in\u00edcio do conflito.&nbsp;<\/p>\n\n\n\n<p>O porta-voz da organiza\u00e7\u00e3o, St\u00e9phane Dujarric, criticou a medida de Israel, citando o risco de agravar ainda mais a situa\u00e7\u00e3o humanit\u00e1ria na regi\u00e3o.&nbsp; &#8220;A ONU apela veementemente para que qualquer ordem desse tipo, se confirmada, seja revogada, evitando o que poderia transformar o que j\u00e1 \u00e9 uma trag\u00e9dia em uma situa\u00e7\u00e3o calamitosa&#8221;, afirmou Dujarric.<\/p>\n\n\n\n<p>O conflito j\u00e1 matou mais de 3 mil pessoas. O Minist\u00e9rio da Sa\u00fade de Gaza disse neste s\u00e1bado que mais de 2.200 pessoas foram mortas no territ\u00f3rio, incluindo 724 crian\u00e7as e 458 mulheres. O ataque do Hamas matou mais de 1.300 pessoas do lado israelense, a maioria delas civis.&nbsp;<\/p>\n\n\n\n<p>Hoje, segundo a Associated Press, as autoridades eg\u00edpcias e israelenses firmaram um acordo para que fosse permitida a sa\u00edda de estrangeiros pelo sul da Faixa de Gaza. Um grupo de brasileiros que tenta deixar o territ\u00f3rio aguarda sinal verde para tentar cruzar a fronteira.<\/p>\n\n\n\n<p>De acordo com a CNN, a regi\u00e3o da Faixa de Gaza foi intensamente bombardeada na manh\u00e3 deste s\u00e1bado ap\u00f3s o fim do prazo dado por Israel para que civis do norte fossem para o sul do territ\u00f3rio.<\/p>\n\n\n\n<h2 class=\"wp-block-heading\">Reuni\u00e3o do Conselho de Seguran\u00e7a da ONU termina sem acordo<\/h2>\n\n\n\n<p>Na noite de sexta-feira (13),&nbsp; depois de duas horas e meia de conversas, terminou sem acordo a segunda reuni\u00e3o do Conselho de Seguran\u00e7a das Na\u00e7\u00f5es Unidas sobre o conflito entre Israel e o grupo palestino Hamas. As negocia\u00e7\u00f5es em torno de uma resolu\u00e7\u00e3o prosseguir\u00e3o nos pr\u00f3ximos encontros.<\/p>\n\n\n\n<p>Respons\u00e1vel por presidir o encontro, o ministro das Rela\u00e7\u00f5es Exteriores do Brasil, Mauro Vieira, cobrou um consenso do Conselho de Seguran\u00e7a diante da amea\u00e7a de uma cat\u00e1strofe humanit\u00e1ria. \u201cO Conselho tem uma responsabilidade crucial, tanto na resposta imediata aos acontecimentos da crise humanit\u00e1ria do momento, assim como nos est\u00e1gios futuros, ao intensificar as rela\u00e7\u00f5es multilaterais necess\u00e1rias para restaurar um processo de paz. Nem os israelenses, nem os palestinos deveriam passar por sofrimentos semelhantes outra vez\u201d, declarou.<\/p>\n\n\n\n\t<div data-element=\"shortcode-read-more\" class=\"readToo\">\n\t\t\t\t<span class=\"readToo__title\">Leia mais<\/span>\n\t\t\t\t<ul class=\"readToo__list\">\n\t\t\t<li><a href=\"https:\/\/www.suno.com.br\/noticias\/guerra-israel-hamas-onu-conselho-seguranca-sem-acordo\/\">Guerra Israel-Hamas: reuni\u00e3o do Conselho de Seguran\u00e7a da ONU termina sem acordo<\/a><\/li><li><a href=\"https:\/\/www.suno.com.br\/noticias\/petroleo-dispara-temores-conflito-israel-hamas-oferta-em-foco\/\">Petr\u00f3leo dispara mais de 5%, com temores sobre desdobramentos do conflito entre Israel e Hamas<\/a><\/li>\t\t<\/ul>\n\t<\/div>\n\n\n\n\n<p>A aprova\u00e7\u00e3o de uma resolu\u00e7\u00e3o no Conselho de Seguran\u00e7a da ONU exige o voto favor\u00e1vel de pelo menos 9 dos 15 pa\u00edses integrantes do \u00f3rg\u00e3o e nenhum veto dos cinco membros permanentes \u2013 Estados Unidos, Fran\u00e7a, Reino Unido, R\u00fassia e China. Um texto pode ser aprovado com a absten\u00e7\u00e3o de um desses cinco pa\u00edses, desde que nenhum deles exer\u00e7a o poder de veto.<\/p>\n\n\n\n<h2 class=\"wp-block-heading\">Brasileiros chegam ao sul de Gaza e aguardam travessia para Egito<\/h2>\n\n\n\n<p>Dezesseis brasileiros chegaram neste s\u00e1bado (14) \u00e0 cidade de Khan Younes, no sul da Faixa de Gaza, e est\u00e3o hospedados no pr\u00e9dio de uma fam\u00edlia palestina brasileira. O grupo estava at\u00e9 a manh\u00e3 de hoje em uma escola cat\u00f3lica na regi\u00e3o da Cidade de Gaza, aguardando o in\u00edcio da opera\u00e7\u00e3o de repatria\u00e7\u00e3o. A travessia chegou a ser suspensa pelo Itamaraty por motivos de seguran\u00e7a, mas o agravamento da situa\u00e7\u00e3o do conflito fez com que o transporte ocorresse em car\u00e1ter emergencial.&nbsp;<\/p>\n\n\n\n<p>A segunda etapa da opera\u00e7\u00e3o \u00e9 a passagem para o Egito por Rafah. De acordo com o embaixador do Brasil na Palestina, Alessandro Candeas, ainda n\u00e3o h\u00e1 data prevista para essa travessia. De Rafah, 22 brasileiros ir\u00e3o para um aeroporto onde ser\u00e3o resgatados por um voo da For\u00e7a A\u00e9rea Brasileira (FAB).<\/p>\n\n\n\n<p>Do total de 22 pessoas que desejam evacua\u00e7\u00e3o, 14 s\u00e3o crian\u00e7as, 8 s\u00e3o mulheres e 6 s\u00e3o homens adultos.<\/p>\n\n\n\n<p>Segundo Alessandro Candeas, a situa\u00e7\u00e3o \u00e9 cada vez mais tensa. Ele chegou a receber informa\u00e7\u00f5es de que um pr\u00e9dio vizinho \u00e0 escola que abrigava brasileiros seria bombardeado proximamente. &#8220;Ou seja, reunidas todas as condi\u00e7\u00f5es adversas, a decis\u00e3o e, evidentemente, consultei o grupo; consultei e pedi instru\u00e7\u00f5es a Bras\u00edlia, ao Itamaraty, e a decis\u00e3o foi retirar o nosso pessoal da escola e como hav\u00edamos pensado ontem, coloc\u00e1-los nessa cidade, que se chama Khan Younes, e que fica a pouco mais de dez quil\u00f4metros da fronteira e onde eles aguardar\u00e3o que a fronteira seja reaberta. \u00c9 muito mais seguro esperar em Khan Younis do que em Gaza.&#8221;<\/p>\n\n\n\n<h2 class=\"wp-block-heading\">Quinta aeronave da FAB parte de Israel com 215 brasileiros<\/h2>\n\n\n\n<p>O quinto avi\u00e3o que o governo brasileiro mobilizou para&nbsp;resgatar brasileiros retidos no Oriente M\u00e9dio pelo confronto militar entre Israel e o grupo Hamas partiu de Tel Aviv, em Israel, \u00e0s 11h55 deste s\u00e1bado (14).<img decoding=\"async\" src=\"https:\/\/agenciabrasil.ebc.com.br\/ebc.png?id=1560787&amp;o=node\"><img decoding=\"async\" src=\"https:\/\/agenciabrasil.ebc.com.br\/ebc.gif?id=1560787&amp;o=node\"><\/p>\n\n\n\n<p>A aeronave, um KC-30 pertencente \u00e0 For\u00e7a A\u00e9rea Brasileira (FAB), decolou do Aeroporto Ben Gurion com&nbsp;215 passageiros com destino ao Brasil &#8211;&nbsp;entre eles, nove beb\u00eas -, al\u00e9m da tripula\u00e7\u00e3o militar e 16 animais de estima\u00e7\u00e3o.<\/p>\n\n\n\n<p>A previs\u00e3o da FAB \u00e9 que a aeronave pouse no Aeroporto do Gale\u00e3o no in\u00edcio da madrugada deste domingo (15). Com isso, o total de brasileiros repatriados por meio da Opera\u00e7\u00e3o Voltando em Paz, do governo federal, chegar\u00e1 a 916 pessoas.<\/p>\n\n\n\n<p>O Minist\u00e9rio das Rela\u00e7\u00f5es Exteriores estima que ser\u00e3o necess\u00e1rios ao menos 15 voos para trazer de volta ao pa\u00eds todos os brasileiros que solicitaram a ajuda do corpo diplom\u00e1tico para deixar a regi\u00e3o do conflito. \u201cTodos os que quiserem sair, sair\u00e3o\u201d, garantiu o embaixador do Brasil em Israel, Fred Meyer, em nota do Itamaraty.<\/p>\n\n\n\n<h2 class=\"wp-block-heading\">Ordem para retirada<strong>&nbsp;<\/strong>de Israel<\/h2>\n\n\n\n<p>Na sexta-feira (13), o ex\u00e9rcito de Israel deu a ordem de evacua\u00e7\u00e3o da parte norte da Faixa de Gaza em 24h e disse que ir\u00e1 operar com uma &#8220;for\u00e7a significativa&#8221; no local nos pr\u00f3ximos dias. Mais de um milh\u00e3o de pessoas moram na regi\u00e3o.<\/p>\n\n\n\n<p>Ainda ontem, bombas explodiram na \u00e1rea pr\u00f3xima a escola onde estavam abrigadas fam\u00edlias, inclusive brasileiras.<\/p>\n\n\n\n<h2 class=\"wp-block-heading\">Conflito em Israel pode ter efeito indireto no Brasil, avalia economista<\/h2>\n\n\n\n<p>A guerra entre Hamas e Israel pode gerar efeitos indiretos \u00e0 <strong>economia brasileira<\/strong>, avalia a economista e especialista em com\u00e9rcio exterior Lia Valls.<\/p>\n\n\n\n<p>Pesquisadora associada do Instituto Brasileiro de Economia da Funda\u00e7\u00e3o Getulio Vargas (Ibre\/FGV), ela disse \u00e0 Ag\u00eancia Brasil que pode haver consequ\u00eancias envolvendo o mercado de petr\u00f3leo. Embora Israel e Palestina n\u00e3o produzam petr\u00f3leo, uma eventual escalada do conflito poderia envolver pa\u00edses vizinhos como o Ir\u00e3.<\/p>\n\n\n\t<p>\n\t\t<a href=\"https:\/\/lp.suno.com.br\/ebook-gratuito-investindo-no-exterior\/\" target=\"_blank\" data-element=\"shortcode-suno-banner\" title=\"Banner SUNO, clique e saiba mais\">\n\t\t\t<picture>\n\t\t\t\t<source media=\"(max-width: 500px)\" srcset=\"https:\/\/files.sunoresearch.com.br\/n\/uploads\/2023\/03\/400x300-Investindo-no-exterior.png\">\n\t\t\t\t<img class=\"newsContent__article__imgCapa newsContent__article__imgCapa--banner\"\n\t\t\t\t\tsrc=\"https:\/\/files.sunoresearch.com.br\/n\/uploads\/2023\/03\/1420x240-Investindo-no-exterior.png\"\n\t\t\t\t\tdata-promo-id=\"383161\"\t\t\t\t\t\t\t\t\t\twidth='1420' height='240'\t\t\t\t\talt=\"https:\/\/files.sunoresearch.com.br\/n\/uploads\/2023\/03\/1420x240-Investindo-no-exterior.png\"\n\t\t\t\t>\n\t\t\t<\/picture>\n\t\t<\/a>\n\t<\/p>\n\n\n\n\n\n<p>\u201cConvulsiona mais, voc\u00ea tem mais restri\u00e7\u00f5es ao com\u00e9rcio como um todo, a demanda mundial cai e, obviamente, vai haver menos espa\u00e7o para o crescimento das exporta\u00e7\u00f5es\u201d, disse ela, diante do cen\u00e1rio de conflito em Israel.<\/p>\n\n\n\n<p>Apesar dessa possibilidade, em um primeiro momento, a pesquisadora n\u00e3o cr\u00ea em impactos para a <a class=\"suno-keyword\" data-force=\"no\" data-priority=\"2\" href=\"https:\/\/www.suno.com.br\/artigos\/balanca-comercial\/\" target=\"_blank\" rel=\"noopener\">balan\u00e7a comercial<\/a> brasileira. \u201cO que pode afetar \u00e9 mais uma quest\u00e3o global, porque a gente n\u00e3o tem nenhum com\u00e9rcio importante com nenhum dos dois pa\u00edses envolvidos\u201d.<\/p>\n\n\n\n\t<div data-element=\"shortcode-read-more\" class=\"readToo\">\n\t\t\t\t<span class=\"readToo__title\">Leia mais<\/span>\n\t\t\t\t<ul class=\"readToo__list\">\n\t\t\t<li><a href=\"https:\/\/www.suno.com.br\/noticias\/israel-guerra-hamas-mercado-gpj-2\/\">Guerra em Israel: como o conflito pode impactar os mercados?<\/a><\/li><li><a href=\"https:\/\/www.suno.com.br\/noticias\/israel-guerra-regioes-conflito-oriente-medio-cpf\/\">Guerra em Israel: Quais as regi\u00f5es envolvidas no conflito no Oriente M\u00e9dio?<\/a><\/li>\t\t<\/ul>\n\t<\/div>\n\n\n\n\n<p>Os principais produtos brasileiros exportados para o Oriente M\u00e9dio entre janeiro e setembro deste ano foram carne de aves (U$$ 2,13 bilh\u00f5es ou 21% do total), a\u00e7\u00facar (15% da pauta), soja (14%) e min\u00e9rio de ferro (15%). A participa\u00e7\u00e3o equivale a 4,3% da pauta brasileira. Entre os importados pelo Brasil nesse per\u00edodo, destaque para adubo (29%), \u00f3leos combust\u00edveis (28%) e \u00f3leo bruto de petr\u00f3leo (24%). As importa\u00e7\u00f5es correspondem a 3,3% da pauta do Brasil.<\/p>\n\n\n\n<p>Lia reiterou que o comportamento das exporta\u00e7\u00f5es do Brasil vai depender muito da dura\u00e7\u00e3o da guerra. Caso demore a acabar, ter\u00e1 efeitos sobre o com\u00e9rcio global, com os pa\u00edses aumentando medidas protecionistas, sinalizou a economista.<\/p>\n\n\n\n<p><em>Com informa\u00e7\u00f5es de Ag\u00eancia Brasil&nbsp;<\/em><\/p>\n\n\n\n\n\t<p>\n\t\t<a href=\"https:\/\/lp.suno.com.br\/planilha-da-vida-financeira\/\" target=\"_blank\" data-element=\"shortcode-suno-banner\" title=\"Banner SUNO, clique e saiba mais\">\n\t\t\t<picture>\n\t\t\t\t<source media=\"(max-width: 500px)\" srcset=\"https:\/\/files.sunoresearch.com.br\/n\/uploads\/2023\/04\/400x300-Planilha-vida-financeira-true.png\">\n\t\t\t\t<img class=\"newsContent__article__imgCapa newsContent__article__imgCapa--banner\"\n\t\t\t\t\tsrc=\"https:\/\/files.sunoresearch.com.br\/n\/uploads\/2023\/04\/1420x240-Planilha-vida-financeira-true.png\"\n\t\t\t\t\tdata-promo-id=\"383123\"\t\t\t\t\t\t\t\t\t\twidth='1420' height='240'\t\t\t\t\talt=\"https:\/\/files.sunoresearch.com.br\/n\/uploads\/2023\/04\/1420x240-Planilha-vida-financeira-true.png\"\n\t\t\t\t>\n\t\t\t<\/picture>\n\t\t<\/a>\n\t<\/p>\n\n\n","protected":false},"excerpt":{"rendered":"<p>Neste s\u00e1bado (14), acabou o novo prazo que Israel decretou para os palestinos deixarem o norte da Faixa de Gaza. At\u00e9 as 10h, o ex\u00e9rcito israelense manteve duas estradas abertas com objetivo de permitir que 1,1 milh\u00e3o de pessoas se deslocassem para o sul. A Organiza\u00e7\u00e3o das Na\u00e7\u00f5es Unidas (ONU) diz que a medida pode [&hellip;]<\/p>\n","protected":false},"author":301,"featured_media":467784,"comment_status":"closed","ping_status":"closed","sticky":false,"template":"","format":"standard","meta":[],"categories":[63],"tags":[926],"suno_strategy":[],"class_list":["post-470898","post","type-post","status-publish","format-standard","has-post-thumbnail","hentry","category-internacional","tag-israel"],"yoast_head":"<!-- This site is optimized with the Yoast SEO plugin v24.4 - https:\/\/yoast.com\/wordpress\/plugins\/seo\/ -->\n<title>Israel e Hamas: Gaza \u00e9 intensamente bombardeada<\/title>\n<meta name=\"description\" content=\"Neste s\u00e1bado (14), acabou o novo prazo que Israel decretou para os palestinos deixarem o norte da Faixa de Gaza.\" \/>\n<meta name=\"robots\" content=\"index, follow, max-snippet:-1, max-image-preview:large, max-video-preview:-1\" \/>\n<link rel=\"canonical\" href=\"https:\/\/www.suno.com.br\/noticias\/guerra-entre-israel-hamas-gaza-intensamente-bombardeada-apos-fim-de-prazo-retirada-civis-egito-abrira-fronteiras-va\/\" \/>\n<meta property=\"og:locale\" content=\"pt_BR\" \/>\n<meta property=\"og:type\" content=\"article\" \/>\n<meta property=\"og:title\" content=\"Israel e Hamas: Gaza \u00e9 intensamente bombardeada\" \/>\n<meta property=\"og:description\" content=\"Neste s\u00e1bado (14), acabou o novo prazo que Israel decretou para os palestinos deixarem o norte da Faixa de Gaza.\" \/>\n<meta property=\"og:url\" content=\"https:\/\/www.suno.com.br\/noticias\/guerra-entre-israel-hamas-gaza-intensamente-bombardeada-apos-fim-de-prazo-retirada-civis-egito-abrira-fronteiras-va\/\" \/>\n<meta property=\"og:site_name\" content=\"Suno Not\u00edcias\" \/>\n<meta property=\"article:publisher\" content=\"https:\/\/facebook.com\/sunoresearch\" \/>\n<meta property=\"og:image\" content=\"https:\/\/files.sunoresearch.com.br\/n\/uploads\/2023\/10\/Guerra-Israel-Defense-Forces2.jpg\" \/>\n\t<meta property=\"og:image:width\" content=\"2048\" \/>\n\t<meta property=\"og:image:height\" content=\"1366\" \/>\n\t<meta property=\"og:image:type\" content=\"image\/jpeg\" \/>\n<meta name=\"author\" content=\"Vin\u00edcius Alves\" \/>\n<meta name=\"twitter:card\" content=\"summary_large_image\" \/>\n<meta name=\"twitter:creator\" content=\"@sunoresearch\" \/>\n<meta name=\"twitter:site\" content=\"@sunoresearch\" \/>\n<meta name=\"twitter:label1\" content=\"Escrito por\" \/>\n\t<meta name=\"twitter:data1\" content=\"Vin\u00edcius Alves\" \/>\n\t<meta name=\"twitter:label2\" content=\"Est. tempo de leitura\" \/>\n\t<meta name=\"twitter:data2\" content=\"8 minutos\" \/>\n<script type=\"application\/ld+json\" class=\"yoast-schema-graph\">{\"@context\":\"https:\/\/schema.org\",\"@graph\":[{\"@type\":\"NewsArticle\",\"@id\":\"https:\/\/www.suno.com.br\/noticias\/guerra-entre-israel-hamas-gaza-intensamente-bombardeada-apos-fim-de-prazo-retirada-civis-egito-abrira-fronteiras-va\/#article\",\"isPartOf\":{\"@id\":\"https:\/\/www.suno.com.br\/noticias\/guerra-entre-israel-hamas-gaza-intensamente-bombardeada-apos-fim-de-prazo-retirada-civis-egito-abrira-fronteiras-va\/\"},\"author\":{\"name\":\"Vin\u00edcius Alves\",\"@id\":\"https:\/\/www.suno.com.br\/noticias\/#\/schema\/person\/4a180549702d0e236b3e420862bcded3\"},\"headline\":\"Guerra entre Israel e Hamas: Gaza \u00e9 bombardeada ap\u00f3s fim do prazo de retirada de civis; Egito abrir\u00e1 fronteira para estrangeiros\",\"datePublished\":\"2023-10-14T14:10:31+00:00\",\"dateModified\":\"2023-10-14T19:46:51+00:00\",\"mainEntityOfPage\":{\"@id\":\"https:\/\/www.suno.com.br\/noticias\/guerra-entre-israel-hamas-gaza-intensamente-bombardeada-apos-fim-de-prazo-retirada-civis-egito-abrira-fronteiras-va\/\"},\"wordCount\":1449,\"publisher\":{\"@id\":\"https:\/\/www.suno.com.br\/noticias\/#organization\"},\"image\":{\"@id\":\"https:\/\/www.suno.com.br\/noticias\/guerra-entre-israel-hamas-gaza-intensamente-bombardeada-apos-fim-de-prazo-retirada-civis-egito-abrira-fronteiras-va\/#primaryimage\"},\"thumbnailUrl\":\"https:\/\/files.sunoresearch.com.br\/n\/uploads\/2023\/10\/Guerra-Israel-Defense-Forces2.jpg\",\"keywords\":[\"Israel\"],\"articleSection\":[\"Internacional\"],\"inLanguage\":\"pt-BR\"},{\"@type\":\"WebPage\",\"@id\":\"https:\/\/www.suno.com.br\/noticias\/guerra-entre-israel-hamas-gaza-intensamente-bombardeada-apos-fim-de-prazo-retirada-civis-egito-abrira-fronteiras-va\/\",\"url\":\"https:\/\/www.suno.com.br\/noticias\/guerra-entre-israel-hamas-gaza-intensamente-bombardeada-apos-fim-de-prazo-retirada-civis-egito-abrira-fronteiras-va\/\",\"name\":\"Israel e Hamas: Gaza \u00e9 intensamente bombardeada\",\"isPartOf\":{\"@id\":\"https:\/\/www.suno.com.br\/noticias\/#website\"},\"primaryImageOfPage\":{\"@id\":\"https:\/\/www.suno.com.br\/noticias\/guerra-entre-israel-hamas-gaza-intensamente-bombardeada-apos-fim-de-prazo-retirada-civis-egito-abrira-fronteiras-va\/#primaryimage\"},\"image\":{\"@id\":\"https:\/\/www.suno.com.br\/noticias\/guerra-entre-israel-hamas-gaza-intensamente-bombardeada-apos-fim-de-prazo-retirada-civis-egito-abrira-fronteiras-va\/#primaryimage\"},\"thumbnailUrl\":\"https:\/\/files.sunoresearch.com.br\/n\/uploads\/2023\/10\/Guerra-Israel-Defense-Forces2.jpg\",\"datePublished\":\"2023-10-14T14:10:31+00:00\",\"dateModified\":\"2023-10-14T19:46:51+00:00\",\"description\":\"Neste s\u00e1bado (14), acabou o novo prazo que Israel decretou para os palestinos deixarem o norte da Faixa de Gaza.\",\"breadcrumb\":{\"@id\":\"https:\/\/www.suno.com.br\/noticias\/guerra-entre-israel-hamas-gaza-intensamente-bombardeada-apos-fim-de-prazo-retirada-civis-egito-abrira-fronteiras-va\/#breadcrumb\"},\"inLanguage\":\"pt-BR\",\"potentialAction\":[{\"@type\":\"ReadAction\",\"target\":[\"https:\/\/www.suno.com.br\/noticias\/guerra-entre-israel-hamas-gaza-intensamente-bombardeada-apos-fim-de-prazo-retirada-civis-egito-abrira-fronteiras-va\/\"]}]},{\"@type\":\"ImageObject\",\"inLanguage\":\"pt-BR\",\"@id\":\"https:\/\/www.suno.com.br\/noticias\/guerra-entre-israel-hamas-gaza-intensamente-bombardeada-apos-fim-de-prazo-retirada-civis-egito-abrira-fronteiras-va\/#primaryimage\",\"url\":\"https:\/\/files.sunoresearch.com.br\/n\/uploads\/2023\/10\/Guerra-Israel-Defense-Forces2.jpg\",\"contentUrl\":\"https:\/\/files.sunoresearch.com.br\/n\/uploads\/2023\/10\/Guerra-Israel-Defense-Forces2.jpg\",\"width\":2048,\"height\":1366,\"caption\":\"Israel. Foto: Israel Defense Forces\"},{\"@type\":\"BreadcrumbList\",\"@id\":\"https:\/\/www.suno.com.br\/noticias\/guerra-entre-israel-hamas-gaza-intensamente-bombardeada-apos-fim-de-prazo-retirada-civis-egito-abrira-fronteiras-va\/#breadcrumb\",\"itemListElement\":[{\"@type\":\"ListItem\",\"position\":1,\"name\":\"Not\u00edcias\",\"item\":\"https:\/\/www.suno.com.br\/noticias\/\"},{\"@type\":\"ListItem\",\"position\":2,\"name\":\"Internacional\",\"item\":\"https:\/\/www.suno.com.br\/noticias\/internacional\/\"},{\"@type\":\"ListItem\",\"position\":3,\"name\":\"Guerra entre Israel e Hamas: Gaza \u00e9 bombardeada ap\u00f3s fim do prazo de retirada de civis; Egito abrir\u00e1 fronteira para estrangeiros\"}]},{\"@type\":\"WebSite\",\"@id\":\"https:\/\/www.suno.com.br\/noticias\/#website\",\"url\":\"https:\/\/www.suno.com.br\/noticias\/\",\"name\":\"Suno Not\u00edcias\",\"description\":\"Seu portal de informa\u00e7\u00e3o sobre o mundo dos investimentos\",\"publisher\":{\"@id\":\"https:\/\/www.suno.com.br\/noticias\/#organization\"},\"potentialAction\":[{\"@type\":\"SearchAction\",\"target\":{\"@type\":\"EntryPoint\",\"urlTemplate\":\"https:\/\/www.suno.com.br\/noticias\/?s={search_term_string}\"},\"query-input\":{\"@type\":\"PropertyValueSpecification\",\"valueRequired\":true,\"valueName\":\"search_term_string\"}}],\"inLanguage\":\"pt-BR\"},{\"@type\":\"Organization\",\"@id\":\"https:\/\/www.suno.com.br\/noticias\/#organization\",\"name\":\"Suno Not\u00edcias\",\"url\":\"https:\/\/www.suno.com.br\/noticias\/\",\"logo\":{\"@type\":\"ImageObject\",\"inLanguage\":\"pt-BR\",\"@id\":\"https:\/\/www.suno.com.br\/noticias\/#\/schema\/logo\/image\/\",\"url\":\"https:\/\/files.sunoresearch.com.br\/n\/uploads\/2021\/09\/suno-logo.png\",\"contentUrl\":\"https:\/\/files.sunoresearch.com.br\/n\/uploads\/2021\/09\/suno-logo.png\",\"width\":180,\"height\":180,\"caption\":\"Suno Not\u00edcias\"},\"image\":{\"@id\":\"https:\/\/www.suno.com.br\/noticias\/#\/schema\/logo\/image\/\"},\"sameAs\":[\"https:\/\/facebook.com\/sunoresearch\",\"https:\/\/x.com\/sunoresearch\",\"https:\/\/www.instagram.com\/suno\",\"https:\/\/www.linkedin.com\/company\/suno-research\/\",\"https:\/\/www.youtube.com\/c\/sunoresearch\"]},{\"@type\":\"Person\",\"@id\":\"https:\/\/www.suno.com.br\/noticias\/#\/schema\/person\/4a180549702d0e236b3e420862bcded3\",\"name\":\"Vin\u00edcius Alves\",\"image\":{\"@type\":\"ImageObject\",\"inLanguage\":\"pt-BR\",\"@id\":\"https:\/\/www.suno.com.br\/noticias\/#\/schema\/person\/image\/\",\"url\":\"https:\/\/secure.gravatar.com\/avatar\/a95b7fe6d1b813f7907d4f476d5a39e1?s=96&r=g\",\"contentUrl\":\"https:\/\/secure.gravatar.com\/avatar\/a95b7fe6d1b813f7907d4f476d5a39e1?s=96&r=g\",\"caption\":\"Vin\u00edcius Alves\"},\"description\":\"Jornalista formado na Faculdade C\u00e1sper L\u00edbero. Com passagens pela Ag\u00eancia Estado, InfoMoney e Editora Globo.\",\"url\":\"https:\/\/www.suno.com.br\/noticias\/author\/vini08correiagmail-com\/\"}]}<\/script>\n<!-- \/ Yoast SEO plugin. -->","yoast_head_json":{"title":"Israel e Hamas: Gaza \u00e9 intensamente bombardeada","description":"Neste s\u00e1bado (14), acabou o novo prazo que Israel decretou para os palestinos deixarem o norte da Faixa de Gaza.","robots":{"index":"index","follow":"follow","max-snippet":"max-snippet:-1","max-image-preview":"max-image-preview:large","max-video-preview":"max-video-preview:-1"},"canonical":"https:\/\/www.suno.com.br\/noticias\/guerra-entre-israel-hamas-gaza-intensamente-bombardeada-apos-fim-de-prazo-retirada-civis-egito-abrira-fronteiras-va\/","og_locale":"pt_BR","og_type":"article","og_title":"Israel e Hamas: Gaza \u00e9 intensamente bombardeada","og_description":"Neste s\u00e1bado (14), acabou o novo prazo que Israel decretou para os palestinos deixarem o norte da Faixa de Gaza.","og_url":"https:\/\/www.suno.com.br\/noticias\/guerra-entre-israel-hamas-gaza-intensamente-bombardeada-apos-fim-de-prazo-retirada-civis-egito-abrira-fronteiras-va\/","og_site_name":"Suno Not\u00edcias","article_publisher":"https:\/\/facebook.com\/sunoresearch","og_image":[{"width":2048,"height":1366,"url":"https:\/\/files.sunoresearch.com.br\/n\/uploads\/2023\/10\/Guerra-Israel-Defense-Forces2.jpg","type":"image\/jpeg"}],"author":"Vin\u00edcius Alves","twitter_card":"summary_large_image","twitter_creator":"@sunoresearch","twitter_site":"@sunoresearch","twitter_misc":{"Escrito por":"Vin\u00edcius Alves","Est. tempo de leitura":"8 minutos"},"schema":{"@context":"https:\/\/schema.org","@graph":[{"@type":"NewsArticle","@id":"https:\/\/www.suno.com.br\/noticias\/guerra-entre-israel-hamas-gaza-intensamente-bombardeada-apos-fim-de-prazo-retirada-civis-egito-abrira-fronteiras-va\/#article","isPartOf":{"@id":"https:\/\/www.suno.com.br\/noticias\/guerra-entre-israel-hamas-gaza-intensamente-bombardeada-apos-fim-de-prazo-retirada-civis-egito-abrira-fronteiras-va\/"},"author":{"name":"Vin\u00edcius Alves","@id":"https:\/\/www.suno.com.br\/noticias\/#\/schema\/person\/4a180549702d0e236b3e420862bcded3"},"headline":"Guerra entre Israel e Hamas: Gaza \u00e9 bombardeada ap\u00f3s fim do prazo de retirada de civis; Egito abrir\u00e1 fronteira para estrangeiros","datePublished":"2023-10-14T14:10:31+00:00","dateModified":"2023-10-14T19:46:51+00:00","mainEntityOfPage":{"@id":"https:\/\/www.suno.com.br\/noticias\/guerra-entre-israel-hamas-gaza-intensamente-bombardeada-apos-fim-de-prazo-retirada-civis-egito-abrira-fronteiras-va\/"},"wordCount":1449,"publisher":{"@id":"https:\/\/www.suno.com.br\/noticias\/#organization"},"image":{"@id":"https:\/\/www.suno.com.br\/noticias\/guerra-entre-israel-hamas-gaza-intensamente-bombardeada-apos-fim-de-prazo-retirada-civis-egito-abrira-fronteiras-va\/#primaryimage"},"thumbnailUrl":"https:\/\/files.sunoresearch.com.br\/n\/uploads\/2023\/10\/Guerra-Israel-Defense-Forces2.jpg","keywords":["Israel"],"articleSection":["Internacional"],"inLanguage":"pt-BR"},{"@type":"WebPage","@id":"https:\/\/www.suno.com.br\/noticias\/guerra-entre-israel-hamas-gaza-intensamente-bombardeada-apos-fim-de-prazo-retirada-civis-egito-abrira-fronteiras-va\/","url":"https:\/\/www.suno.com.br\/noticias\/guerra-entre-israel-hamas-gaza-intensamente-bombardeada-apos-fim-de-prazo-retirada-civis-egito-abrira-fronteiras-va\/","name":"Israel e Hamas: Gaza \u00e9 intensamente bombardeada","isPartOf":{"@id":"https:\/\/www.suno.com.br\/noticias\/#website"},"primaryImageOfPage":{"@id":"https:\/\/www.suno.com.br\/noticias\/guerra-entre-israel-hamas-gaza-intensamente-bombardeada-apos-fim-de-prazo-retirada-civis-egito-abrira-fronteiras-va\/#primaryimage"},"image":{"@id":"https:\/\/www.suno.com.br\/noticias\/guerra-entre-israel-hamas-gaza-intensamente-bombardeada-apos-fim-de-prazo-retirada-civis-egito-abrira-fronteiras-va\/#primaryimage"},"thumbnailUrl":"https:\/\/files.sunoresearch.com.br\/n\/uploads\/2023\/10\/Guerra-Israel-Defense-Forces2.jpg","datePublished":"2023-10-14T14:10:31+00:00","dateModified":"2023-10-14T19:46:51+00:00","description":"Neste s\u00e1bado (14), acabou o novo prazo que Israel decretou para os palestinos deixarem o norte da Faixa de Gaza.","breadcrumb":{"@id":"https:\/\/www.suno.com.br\/noticias\/guerra-entre-israel-hamas-gaza-intensamente-bombardeada-apos-fim-de-prazo-retirada-civis-egito-abrira-fronteiras-va\/#breadcrumb"},"inLanguage":"pt-BR","potentialAction":[{"@type":"ReadAction","target":["https:\/\/www.suno.com.br\/noticias\/guerra-entre-israel-hamas-gaza-intensamente-bombardeada-apos-fim-de-prazo-retirada-civis-egito-abrira-fronteiras-va\/"]}]},{"@type":"ImageObject","inLanguage":"pt-BR","@id":"https:\/\/www.suno.com.br\/noticias\/guerra-entre-israel-hamas-gaza-intensamente-bombardeada-apos-fim-de-prazo-retirada-civis-egito-abrira-fronteiras-va\/#primaryimage","url":"https:\/\/files.sunoresearch.com.br\/n\/uploads\/2023\/10\/Guerra-Israel-Defense-Forces2.jpg","contentUrl":"https:\/\/files.sunoresearch.com.br\/n\/uploads\/2023\/10\/Guerra-Israel-Defense-Forces2.jpg","width":2048,"height":1366,"caption":"Israel. Foto: Israel Defense Forces"},{"@type":"BreadcrumbList","@id":"https:\/\/www.suno.com.br\/noticias\/guerra-entre-israel-hamas-gaza-intensamente-bombardeada-apos-fim-de-prazo-retirada-civis-egito-abrira-fronteiras-va\/#breadcrumb","itemListElement":[{"@type":"ListItem","position":1,"name":"Not\u00edcias","item":"https:\/\/www.suno.com.br\/noticias\/"},{"@type":"ListItem","position":2,"name":"Internacional","item":"https:\/\/www.suno.com.br\/noticias\/internacional\/"},{"@type":"ListItem","position":3,"name":"Guerra entre Israel e Hamas: Gaza \u00e9 bombardeada ap\u00f3s fim do prazo de retirada de civis; Egito abrir\u00e1 fronteira para estrangeiros"}]},{"@type":"WebSite","@id":"https:\/\/www.suno.com.br\/noticias\/#website","url":"https:\/\/www.suno.com.br\/noticias\/","name":"Suno Not\u00edcias","description":"Seu portal de informa\u00e7\u00e3o sobre o mundo dos investimentos","publisher":{"@id":"https:\/\/www.suno.com.br\/noticias\/#organization"},"potentialAction":[{"@type":"SearchAction","target":{"@type":"EntryPoint","urlTemplate":"https:\/\/www.suno.com.br\/noticias\/?s={search_term_string}"},"query-input":{"@type":"PropertyValueSpecification","valueRequired":true,"valueName":"search_term_string"}}],"inLanguage":"pt-BR"},{"@type":"Organization","@id":"https:\/\/www.suno.com.br\/noticias\/#organization","name":"Suno Not\u00edcias","url":"https:\/\/www.suno.com.br\/noticias\/","logo":{"@type":"ImageObject","inLanguage":"pt-BR","@id":"https:\/\/www.suno.com.br\/noticias\/#\/schema\/logo\/image\/","url":"https:\/\/files.sunoresearch.com.br\/n\/uploads\/2021\/09\/suno-logo.png","contentUrl":"https:\/\/files.sunoresearch.com.br\/n\/uploads\/2021\/09\/suno-logo.png","width":180,"height":180,"caption":"Suno Not\u00edcias"},"image":{"@id":"https:\/\/www.suno.com.br\/noticias\/#\/schema\/logo\/image\/"},"sameAs":["https:\/\/facebook.com\/sunoresearch","https:\/\/x.com\/sunoresearch","https:\/\/www.instagram.com\/suno","https:\/\/www.linkedin.com\/company\/suno-research\/","https:\/\/www.youtube.com\/c\/sunoresearch"]},{"@type":"Person","@id":"https:\/\/www.suno.com.br\/noticias\/#\/schema\/person\/4a180549702d0e236b3e420862bcded3","name":"Vin\u00edcius Alves","image":{"@type":"ImageObject","inLanguage":"pt-BR","@id":"https:\/\/www.suno.com.br\/noticias\/#\/schema\/person\/image\/","url":"https:\/\/secure.gravatar.com\/avatar\/a95b7fe6d1b813f7907d4f476d5a39e1?s=96&r=g","contentUrl":"https:\/\/secure.gravatar.com\/avatar\/a95b7fe6d1b813f7907d4f476d5a39e1?s=96&r=g","caption":"Vin\u00edcius Alves"},"description":"Jornalista formado na Faculdade C\u00e1sper L\u00edbero. Com passagens pela Ag\u00eancia Estado, InfoMoney e Editora Globo.","url":"https:\/\/www.suno.com.br\/noticias\/author\/vini08correiagmail-com\/"}]}},"default_loop_html":"<div class=\"cardsPage__listCard__boxs\"><div class=\"cardsPage__listCard__boxs__img\"><a href=\"https:\/\/www.suno.com.br\/noticias\/guerra-entre-israel-hamas-gaza-intensamente-bombardeada-apos-fim-de-prazo-retirada-civis-egito-abrira-fronteiras-va\/\"><img class=\"mask\" src=\"https:\/\/www.suno.com.br\/noticias\/wp-content\/themes\/suno\/resources\/images\/spotlight\/spotlight1img\/bg-mask.png\" alt=\"Image Mask\"\/><img src=\"https:\/\/files.sunoresearch.com.br\/n\/uploads\/2023\/10\/Guerra-Israel-Defense-Forces2-400x200.jpg\" alt=\"Guerra entre Israel e Hamas: Gaza \u00e9 bombardeada ap\u00f3s fim do prazo de retirada de civis; Egito abrir\u00e1 fronteira para estrangeiros\"\/><\/a><span class=\"spotlightCategory\"><a href=\"https:\/\/www.suno.com.br\/noticias\/internacional\/\">Internacional<\/a><\/span><\/div><div class=\"cardsPage__listCard__boxs__content\"><a href=\"https:\/\/www.suno.com.br\/noticias\/guerra-entre-israel-hamas-gaza-intensamente-bombardeada-apos-fim-de-prazo-retirada-civis-egito-abrira-fronteiras-va\/\"><h2 class=\"content__title\">Guerra entre Israel e Hamas: Gaza \u00e9 bombardeada ap\u00f3s fim do prazo de retirada de civis; Egito abrir\u00e1 fronteira para estrangeiros<\/h2><\/a><div class=\"newsContent__article__meta\"><div class=\"newsContent__article__meta__authorBox\"><a href=\"https:\/\/www.suno.com.br\/noticias\/author\/camila-figueiredosuno-com-br\/\" class=\"authorBox__avatar noMobi\"><img src=\"https:\/\/files.sunoresearch.com.br\/n\/uploads\/2024\/05\/camila-paim-square-150x150.jpg\" alt=\"Camila Paim\"><\/a><div class=\"authorBox__name\"><span>por\n\t\t\t<a href=\"https:\/\/www.suno.com.br\/noticias\/author\/camila-figueiredosuno-com-br\/\"><span itemprop=\"author\">Camila Paim<\/span><\/a><\/span><time datetime=\"2023-10-14T11:10:31-03:00\" itemprop=\"datePublished\">14\/10\/2023 11:10<\/time><\/div><\/div><\/div><\/div><\/div>","single_layout":"posts","amp_enabled":true,"_links":{"self":[{"href":"https:\/\/www.suno.com.br\/noticias\/wp-json\/wp\/v2\/posts\/470898"}],"collection":[{"href":"https:\/\/www.suno.com.br\/noticias\/wp-json\/wp\/v2\/posts"}],"about":[{"href":"https:\/\/www.suno.com.br\/noticias\/wp-json\/wp\/v2\/types\/post"}],"author":[{"embeddable":true,"href":"https:\/\/www.suno.com.br\/noticias\/wp-json\/wp\/v2\/users\/301"}],"replies":[{"embeddable":true,"href":"https:\/\/www.suno.com.br\/noticias\/wp-json\/wp\/v2\/comments?post=470898"}],"version-history":[{"count":3,"href":"https:\/\/www.suno.com.br\/noticias\/wp-json\/wp\/v2\/posts\/470898\/revisions"}],"predecessor-version":[{"id":470980,"href":"https:\/\/www.suno.com.br\/noticias\/wp-json\/wp\/v2\/posts\/470898\/revisions\/470980"}],"wp:featuredmedia":[{"embeddable":true,"href":"https:\/\/www.suno.com.br\/noticias\/wp-json\/wp\/v2\/media\/467784"}],"wp:attachment":[{"href":"https:\/\/www.suno.com.br\/noticias\/wp-json\/wp\/v2\/media?parent=470898"}],"wp:term":[{"taxonomy":"category","embeddable":true,"href":"https:\/\/www.suno.com.br\/noticias\/wp-json\/wp\/v2\/categories?post=470898"},{"taxonomy":"post_tag","embeddable":true,"href":"https:\/\/www.suno.com.br\/noticias\/wp-json\/wp\/v2\/tags?post=470898"},{"taxonomy":"suno_strategy","embeddable":true,"href":"https:\/\/www.suno.com.br\/noticias\/wp-json\/wp\/v2\/suno_strategy?post=470898"}],"curies":[{"name":"wp","href":"https:\/\/api.w.org\/{rel}","templated":true}]}}