{"id":470796,"date":"2023-10-13T19:51:57","date_gmt":"2023-10-13T22:51:57","guid":{"rendered":"https:\/\/www.suno.com.br\/noticias\/?p=470796"},"modified":"2023-10-13T20:23:56","modified_gmt":"2023-10-13T23:23:56","slug":"acoes-itausa-itsa4-itsa3-bolsa-de-valores-semana-jvj","status":"publish","type":"post","link":"https:\/\/www.suno.com.br\/noticias\/acoes-itausa-itsa4-itsa3-bolsa-de-valores-semana-jvj\/","title":{"rendered":"A\u00e7\u00f5es da Ita\u00fasa (ITSA4) t\u00eam pior dia na Bolsa em mais de 5 meses; veja o que aconteceu na semana"},"content":{"rendered":"<p>As <a class=\"suno-keyword\" data-force=\"no\" data-priority=\"1\" href=\"https:\/\/www.suno.com.br\/artigos\/acoes-preferenciais\/\" target=\"_blank\" rel=\"noopener\">a\u00e7\u00f5es preferenciais<\/a> da<strong> <a class=\"suno-keyword\" data-force=\"yes\" data-priority=\"2\" href=\"https:\/\/www.suno.com.br\/acoes\/ITSA4\/\" target=\"_blank\" rel=\"noopener\">Ita\u00fasa<\/a><\/strong><a class=\"suno-keyword\" data-force=\"yes\" data-priority=\"2\" href=\"https:\/\/www.suno.com.br\/acoes\/ITSA4\/\" target=\"_blank\" rel=\"noopener\"> (ITSA4)<\/a> registraram queda de 2,30% nesta sexta-feira (13) e est\u00e3o cotadas a R$ 8,94 cada. Assim, os pap\u00e9is encerram a semana com uma perda de 0,56%.<\/p>\t<div class=\"wrapper-featured-image\">\n\t\t<figure class=\"spotlightImg\">\n\n\t\t\t<picture>\n\t\t\t\t<source media=\"(max-width: 768px)\" srcset=\"https:\/\/files.sunoresearch.com.br\/n\/uploads\/2022\/03\/itausa-divulgacao-400x200.jpg\">\n\t\t\t\t<img loading=\"lazy\" decoding=\"async\" class=\"newsContent__article__imgCapa lazyloadDisabled \" src=\"https:\/\/files.sunoresearch.com.br\/n\/uploads\/2022\/03\/itausa-divulgacao-800x450.jpg\" width=\"800\" height=\"450\" alt=\"A\u00e7\u00f5es da Ita\u00fasa (ITSA4) t\u00eam pior dia na Bolsa em mais de 5 meses; veja o que aconteceu na semana\" fetchpriority=high \/>\n\t\t\t<\/picture>\n\n\t\t\t<figcaption class=\"wp-caption-text wp-caption-text--show\">Ita\u00fasa (ITSA4). Foto: Divulga\u00e7\u00e3o<\/figcaption>\n\t\t<\/figure>\n\t<\/div>\n\n\n\n\n\n\t<p>\n\t\t<a href=\"https:\/\/lp2.suno.com.br\/cl\/black-friday-2025\/?utm_campaign=_SNCDF0E4858_\" target=\"_blank\" data-element=\"shortcode-suno-banner\" title=\"Banner SUNO, clique e saiba mais\">\n\t\t\t<picture>\n\t\t\t\t<source media=\"(max-width: 500px)\" srcset=\"https:\/\/files.sunoresearch.com.br\/n\/uploads\/2025\/10\/Artigos-e-Noticias-Banner-Home-artigos-01-Mobile_-400x300-1-png.webp\">\n\t\t\t\t<img class=\"newsContent__article__imgCapa newsContent__article__imgCapa--banner\"\n\t\t\t\t\tsrc=\"https:\/\/files.sunoresearch.com.br\/n\/uploads\/2025\/10\/Artigos-e-Noticias-Banner-Home-artigos-01-Desktop_-1420x240-1-png.webp\"\n\t\t\t\t\tdata-promo-id=\"311259\"\t\t\t\t\t\t\t\t\t\twidth='1420' height='240'\t\t\t\t\talt=\"https:\/\/files.sunoresearch.com.br\/n\/uploads\/2025\/10\/Artigos-e-Noticias-Banner-Home-artigos-01-Desktop_-1420x240-1-png.webp\"\n\t\t\t\t>\n\t\t\t<\/picture>\n\t\t<\/a>\n\t<\/p>\n\n\n\n\n\n<p>As <strong>a\u00e7\u00f5es da Ita\u00fasa<\/strong> do tipo preferenciais acumulam um desempenho negativo de 1,22% em outubro. Seria a terceira queda mensal consecutiva, caso terminasse o m\u00eas com essa performance. Por\u00e9m, ainda faltam 10 preg\u00f5es para o fechamento mensal, o que pode dar tempo para revers\u00e3o.<\/p>\n\n\n\n<p>A queda de hoje (13) foi a pior registrada em um \u00fanico preg\u00e3o desde o dia 2 de maio de 2023, ou seja, a maior baixa em mais de 5 meses.<\/p>\n\n\n\t<div data-element=\"shortcode-read-more\" class=\"knowMore\">\n\t\t\t\t<span class=\"knowMore__title\">Leia mais<\/span>\n\t\t\t\t<a class=\"knowMore__link\" href=\"https:\/\/www.suno.com.br\/noticias\/fundo-imobiliario-btlg11-dividendos-outubro-2023-jvj\/\">\n\t\t\tBTLG11 anuncia dividendos para outubro; veja o valor\t\t<\/a>\n\t<\/div>\n\n\n\n\n<p>Nesta sess\u00e3o, as<strong> a\u00e7\u00f5es ITSA4<\/strong> seguiram o desempenho negativo da maioria das a\u00e7\u00f5es brasileiras do Ibovespa. De todas elas, apenas 10 fecharam no campo positivo:<\/p>\n\n\n\n<ol class=\"wp-block-list\" type=\"1\" start=\"1\">\n<li>Prio (PRIO3): +5,04%<\/li>\n\n\n\n<li>Suzano (SUZB3): +3,37%<\/li>\n\n\n\n<li>Petrobras PN (PETR4): +3,30%<\/li>\n\n\n\n<li>3R Petroleum (RRRP3): +3,19%<\/li>\n\n\n\n<li>Petrobras ON (PETR3): +3,15%<\/li>\n\n\n\n<li>Cielo (CIEL3): +2,78%<\/li>\n\n\n\n<li>Klabin (KLBN11): +1,46%<\/li>\n\n\n\n<li>Carrefour (CRFB3): +0,82%<\/li>\n\n\n\n<li>Ultrapar (UGPA3): +0,35%<\/li>\n\n\n\n<li>CSN Minera\u00e7\u00e3o (CMIN3): +0,21%<\/li>\n<\/ol>\n\n\n\n<p>Vale destacar que as <a class=\"suno-keyword\" target=\"_blank\" data-force=\"no\" data-priority=\"1\" href=\"https:\/\/www.suno.com.br\/artigos\/o-que-sao-acoes-ordinarias-preferenciais-e-units\/\" rel=\"noopener\">a\u00e7\u00f5es ordin\u00e1rias<\/a> da <strong>Ita\u00fasa (ITSA3)<\/strong> tiveram uma queda menor, com -1,08%, a R$ 9,12. Na semana, esses pap\u00e9is fecharam no zero a zero e acumulam uma baixa de 0,33% em outubro.<\/p>\n\n\n\n<p>Em uma semana sem novos fatos relevantes, o destaque da Ita\u00fasa nesse per\u00edodo vai para as falas do seu atual CEO, durante o Panorama Ita\u00fasa 2023.<\/p>\n\n\n\n<h2 class=\"wp-block-heading\">CEO da Ita\u00fasa diz que empresa pagou menos dividendos do que gostaria<\/h2>\n\n\n\n<p>O CEO da empresa, Alfredo Setubal, disse que ela deve apenas sair do atual fluxo de <strong>dividendos da Ita\u00fasa<\/strong> quando conseguir diminuir de forma significativa o seu atual patamar de <a class=\"suno-keyword\" target=\"_blank\" data-force=\"no\" data-priority=\"1\" href=\"https:\/\/www.suno.com.br\/artigos\/alavancagem-financeira\/\" rel=\"noopener\">alavancagem financeira<\/a> e, com isso, poder colher os resultados dos investimentos realizados em suas controladas menores. Ele disse que o foco atual da companhia est\u00e1 \u2018na consolida\u00e7\u00e3o de portf\u00f3lio\u2019.<\/p>\n\n\n\n<p>\u201cEm termos de dividendos, estamos em um \u2018vale\u2019, pagamos menos do que gostar\u00edamos. Reduzindo alavancagem e investimento, esse fluxo de investimentos vir\u00e1, e iremos compensar todo esse per\u00edodo\u201d, afirmou no <strong>Panorama Ita\u00fasa 2023<\/strong>.<\/p>\n\n\n\n<p>\u201cEstamos visando reduzir a d\u00edvida de maneira progressiva: temos atualmente R$ 5 bilh\u00f5es em d\u00edvida. Temos \u2018<a class=\"suno-keyword\" target=\"_blank\" data-force=\"no\" data-priority=\"1\" href=\"https:\/\/www.suno.com.br\/artigos\/triple-a\/\" rel=\"noopener\">triple A<\/a>\u2018 das principais ag\u00eancias. O que temos s\u00e3o muitas deb\u00eantures no mercado, n\u00e3o \u00e9 uma d\u00edvida banc\u00e1ria. Isso d\u00e1 uma tranquilidade grande para o investidor\u201d, disse.<\/p>\n\n\n\n<p>Cerca de R$ 1 bilh\u00e3o por ano s\u00e3o usados pela Ita\u00fasa para quitar valor dos juros de suas d\u00edvidas, o que \u00e9 considerado alto pela gest\u00e3o.<\/p>\n\n\n\n<p>\u201cAinda temos um saldo de a\u00e7\u00f5es da XP para realizar, vamos fazer isso ao longo dos pr\u00f3ximos meses com calma e tranquilidade\u201d, disse o CEO, que acredita que isso poder\u00e1 gerar mais recursos em caixa para a<strong> Ita\u00fasa<\/strong>.<\/p>\n\n\n\t<p>\n\t\t<a href=\"https:\/\/lp.suno.com.br\/ebook-como-analisar-uma-acao\/\" target=\"_blank\" data-element=\"shortcode-suno-banner\" title=\"Banner SUNO, clique e saiba mais\">\n\t\t\t<picture>\n\t\t\t\t<source media=\"(max-width: 500px)\" srcset=\"https:\/\/files.sunoresearch.com.br\/n\/uploads\/2023\/12\/Ebook-Acoes-Mobile.jpg\">\n\t\t\t\t<img class=\"newsContent__article__imgCapa newsContent__article__imgCapa--banner\"\n\t\t\t\t\tsrc=\"https:\/\/files.sunoresearch.com.br\/n\/uploads\/2023\/12\/Ebook-Acoes-Desktop.webp\"\n\t\t\t\t\tdata-promo-id=\"311260\"\t\t\t\t\t\t\t\t\t\twidth='1420' height='286'\t\t\t\t\talt=\"https:\/\/files.sunoresearch.com.br\/n\/uploads\/2023\/12\/Ebook-Acoes-Desktop.webp\"\n\t\t\t\t>\n\t\t\t<\/picture>\n\t\t<\/a>\n\t<\/p>\n\n\n","protected":false},"excerpt":{"rendered":"<p>As a\u00e7\u00f5es preferenciais da Ita\u00fasa (ITSA4) registraram queda de 2,30% nesta sexta-feira (13) e est\u00e3o cotadas a R$ 8,94 cada. Assim, os pap\u00e9is encerram a semana com uma perda de 0,56%. Ita\u00fasa (ITSA4). Foto: Divulga\u00e7\u00e3o As a\u00e7\u00f5es da Ita\u00fasa do tipo preferenciais acumulam um desempenho negativo de 1,22% em outubro. Seria a terceira queda mensal [&hellip;]<\/p>\n","protected":false},"author":173,"featured_media":244608,"comment_status":"closed","ping_status":"closed","sticky":false,"template":"","format":"standard","meta":[],"categories":[64],"tags":[286,517],"suno_strategy":[],"class_list":["post-470796","post","type-post","status-publish","format-standard","has-post-thumbnail","hentry","category-negocios","tag-acoes","tag-itausa-itsa3-itsa4"],"yoast_head":"<!-- This site is optimized with the Yoast SEO plugin v24.4 - https:\/\/yoast.com\/wordpress\/plugins\/seo\/ -->\n<title>Ita\u00fasa (ITSA4) tem pior dia na Bolsa em 5 meses; o que aconteceu?<\/title>\n<meta name=\"description\" content=\"As a\u00e7\u00f5es da Ita\u00fasa (ITSA4) apresentaram seu pior dia na Bolsa de Valores em mais de 5 meses. Veja o que aconteceu nesta semana.\" \/>\n<meta name=\"robots\" content=\"index, follow, max-snippet:-1, max-image-preview:large, max-video-preview:-1\" \/>\n<link rel=\"canonical\" href=\"https:\/\/www.suno.com.br\/noticias\/acoes-itausa-itsa4-itsa3-bolsa-de-valores-semana-jvj\/\" \/>\n<meta property=\"og:locale\" content=\"pt_BR\" \/>\n<meta property=\"og:type\" content=\"article\" \/>\n<meta property=\"og:title\" content=\"Ita\u00fasa (ITSA4) tem pior dia na Bolsa em 5 meses; o que aconteceu?\" \/>\n<meta property=\"og:description\" content=\"As a\u00e7\u00f5es da Ita\u00fasa (ITSA4) apresentaram seu pior dia na Bolsa de Valores em mais de 5 meses. Veja o que aconteceu nesta semana.\" \/>\n<meta property=\"og:url\" content=\"https:\/\/www.suno.com.br\/noticias\/acoes-itausa-itsa4-itsa3-bolsa-de-valores-semana-jvj\/\" \/>\n<meta property=\"og:site_name\" content=\"Suno Not\u00edcias\" \/>\n<meta property=\"article:publisher\" content=\"https:\/\/facebook.com\/sunoresearch\" \/>\n<meta property=\"og:image\" content=\"https:\/\/files.sunoresearch.com.br\/n\/uploads\/2022\/03\/itausa-divulgacao.jpg\" \/>\n\t<meta property=\"og:image:width\" content=\"1300\" \/>\n\t<meta property=\"og:image:height\" content=\"805\" \/>\n\t<meta property=\"og:image:type\" content=\"image\/jpeg\" \/>\n<meta name=\"author\" content=\"Jo\u00e3o Vitor\" \/>\n<meta name=\"twitter:card\" content=\"summary_large_image\" \/>\n<meta name=\"twitter:creator\" content=\"@sunoresearch\" \/>\n<meta name=\"twitter:site\" content=\"@sunoresearch\" \/>\n<meta name=\"twitter:label1\" content=\"Escrito por\" \/>\n\t<meta name=\"twitter:data1\" content=\"Jo\u00e3o Vitor\" \/>\n\t<meta name=\"twitter:label2\" content=\"Est. tempo de leitura\" \/>\n\t<meta name=\"twitter:data2\" content=\"3 minutos\" \/>\n<script type=\"application\/ld+json\" class=\"yoast-schema-graph\">{\"@context\":\"https:\/\/schema.org\",\"@graph\":[{\"@type\":\"NewsArticle\",\"@id\":\"https:\/\/www.suno.com.br\/noticias\/acoes-itausa-itsa4-itsa3-bolsa-de-valores-semana-jvj\/#article\",\"isPartOf\":{\"@id\":\"https:\/\/www.suno.com.br\/noticias\/acoes-itausa-itsa4-itsa3-bolsa-de-valores-semana-jvj\/\"},\"author\":{\"name\":\"Jo\u00e3o Vitor\",\"@id\":\"https:\/\/www.suno.com.br\/noticias\/#\/schema\/person\/87fc6973867c52dd884811905c43afba\"},\"headline\":\"A\u00e7\u00f5es da Ita\u00fasa (ITSA4) t\u00eam pior dia na Bolsa em mais de 5 meses; veja o que aconteceu na semana\",\"datePublished\":\"2023-10-13T22:51:57+00:00\",\"dateModified\":\"2023-10-13T23:23:56+00:00\",\"mainEntityOfPage\":{\"@id\":\"https:\/\/www.suno.com.br\/noticias\/acoes-itausa-itsa4-itsa3-bolsa-de-valores-semana-jvj\/\"},\"wordCount\":482,\"publisher\":{\"@id\":\"https:\/\/www.suno.com.br\/noticias\/#organization\"},\"image\":{\"@id\":\"https:\/\/www.suno.com.br\/noticias\/acoes-itausa-itsa4-itsa3-bolsa-de-valores-semana-jvj\/#primaryimage\"},\"thumbnailUrl\":\"https:\/\/files.sunoresearch.com.br\/n\/uploads\/2022\/03\/itausa-divulgacao.jpg\",\"keywords\":[\"A\u00e7\u00f5es\",\"Ita\u00fasa (ITSA3\/ITSA4)\"],\"articleSection\":[\"Neg\u00f3cios\"],\"inLanguage\":\"pt-BR\"},{\"@type\":\"WebPage\",\"@id\":\"https:\/\/www.suno.com.br\/noticias\/acoes-itausa-itsa4-itsa3-bolsa-de-valores-semana-jvj\/\",\"url\":\"https:\/\/www.suno.com.br\/noticias\/acoes-itausa-itsa4-itsa3-bolsa-de-valores-semana-jvj\/\",\"name\":\"Ita\u00fasa (ITSA4) tem pior dia na Bolsa em 5 meses; o que aconteceu?\",\"isPartOf\":{\"@id\":\"https:\/\/www.suno.com.br\/noticias\/#website\"},\"primaryImageOfPage\":{\"@id\":\"https:\/\/www.suno.com.br\/noticias\/acoes-itausa-itsa4-itsa3-bolsa-de-valores-semana-jvj\/#primaryimage\"},\"image\":{\"@id\":\"https:\/\/www.suno.com.br\/noticias\/acoes-itausa-itsa4-itsa3-bolsa-de-valores-semana-jvj\/#primaryimage\"},\"thumbnailUrl\":\"https:\/\/files.sunoresearch.com.br\/n\/uploads\/2022\/03\/itausa-divulgacao.jpg\",\"datePublished\":\"2023-10-13T22:51:57+00:00\",\"dateModified\":\"2023-10-13T23:23:56+00:00\",\"description\":\"As a\u00e7\u00f5es da Ita\u00fasa (ITSA4) apresentaram seu pior dia na Bolsa de Valores em mais de 5 meses. Veja o que aconteceu nesta semana.\",\"breadcrumb\":{\"@id\":\"https:\/\/www.suno.com.br\/noticias\/acoes-itausa-itsa4-itsa3-bolsa-de-valores-semana-jvj\/#breadcrumb\"},\"inLanguage\":\"pt-BR\",\"potentialAction\":[{\"@type\":\"ReadAction\",\"target\":[\"https:\/\/www.suno.com.br\/noticias\/acoes-itausa-itsa4-itsa3-bolsa-de-valores-semana-jvj\/\"]}]},{\"@type\":\"ImageObject\",\"inLanguage\":\"pt-BR\",\"@id\":\"https:\/\/www.suno.com.br\/noticias\/acoes-itausa-itsa4-itsa3-bolsa-de-valores-semana-jvj\/#primaryimage\",\"url\":\"https:\/\/files.sunoresearch.com.br\/n\/uploads\/2022\/03\/itausa-divulgacao.jpg\",\"contentUrl\":\"https:\/\/files.sunoresearch.com.br\/n\/uploads\/2022\/03\/itausa-divulgacao.jpg\",\"width\":1300,\"height\":805,\"caption\":\"Ita\u00fasa (ITSA4). Foto: Divulga\u00e7\u00e3o\"},{\"@type\":\"BreadcrumbList\",\"@id\":\"https:\/\/www.suno.com.br\/noticias\/acoes-itausa-itsa4-itsa3-bolsa-de-valores-semana-jvj\/#breadcrumb\",\"itemListElement\":[{\"@type\":\"ListItem\",\"position\":1,\"name\":\"Not\u00edcias\",\"item\":\"https:\/\/www.suno.com.br\/noticias\/\"},{\"@type\":\"ListItem\",\"position\":2,\"name\":\"Neg\u00f3cios\",\"item\":\"https:\/\/www.suno.com.br\/noticias\/negocios\/\"},{\"@type\":\"ListItem\",\"position\":3,\"name\":\"A\u00e7\u00f5es da Ita\u00fasa (ITSA4) t\u00eam pior dia na Bolsa em mais de 5 meses; veja o que aconteceu na semana\"}]},{\"@type\":\"WebSite\",\"@id\":\"https:\/\/www.suno.com.br\/noticias\/#website\",\"url\":\"https:\/\/www.suno.com.br\/noticias\/\",\"name\":\"Suno Not\u00edcias\",\"description\":\"Seu portal de informa\u00e7\u00e3o sobre o mundo dos investimentos\",\"publisher\":{\"@id\":\"https:\/\/www.suno.com.br\/noticias\/#organization\"},\"potentialAction\":[{\"@type\":\"SearchAction\",\"target\":{\"@type\":\"EntryPoint\",\"urlTemplate\":\"https:\/\/www.suno.com.br\/noticias\/?s={search_term_string}\"},\"query-input\":{\"@type\":\"PropertyValueSpecification\",\"valueRequired\":true,\"valueName\":\"search_term_string\"}}],\"inLanguage\":\"pt-BR\"},{\"@type\":\"Organization\",\"@id\":\"https:\/\/www.suno.com.br\/noticias\/#organization\",\"name\":\"Suno Not\u00edcias\",\"url\":\"https:\/\/www.suno.com.br\/noticias\/\",\"logo\":{\"@type\":\"ImageObject\",\"inLanguage\":\"pt-BR\",\"@id\":\"https:\/\/www.suno.com.br\/noticias\/#\/schema\/logo\/image\/\",\"url\":\"https:\/\/files.sunoresearch.com.br\/n\/uploads\/2021\/09\/suno-logo.png\",\"contentUrl\":\"https:\/\/files.sunoresearch.com.br\/n\/uploads\/2021\/09\/suno-logo.png\",\"width\":180,\"height\":180,\"caption\":\"Suno Not\u00edcias\"},\"image\":{\"@id\":\"https:\/\/www.suno.com.br\/noticias\/#\/schema\/logo\/image\/\"},\"sameAs\":[\"https:\/\/facebook.com\/sunoresearch\",\"https:\/\/x.com\/sunoresearch\",\"https:\/\/www.instagram.com\/suno\",\"https:\/\/www.linkedin.com\/company\/suno-research\/\",\"https:\/\/www.youtube.com\/c\/sunoresearch\"]},{\"@type\":\"Person\",\"@id\":\"https:\/\/www.suno.com.br\/noticias\/#\/schema\/person\/87fc6973867c52dd884811905c43afba\",\"name\":\"Jo\u00e3o Vitor\",\"image\":{\"@type\":\"ImageObject\",\"inLanguage\":\"pt-BR\",\"@id\":\"https:\/\/www.suno.com.br\/noticias\/#\/schema\/person\/image\/\",\"url\":\"https:\/\/secure.gravatar.com\/avatar\/2843227ca03ccf8cc7ccca45204c127e?s=96&r=g\",\"contentUrl\":\"https:\/\/secure.gravatar.com\/avatar\/2843227ca03ccf8cc7ccca45204c127e?s=96&r=g\",\"caption\":\"Jo\u00e3o Vitor\"},\"description\":\"Redator profissional, com atua\u00e7\u00e3o no mercado editorial na produ\u00e7\u00e3o de not\u00edcias e conte\u00fados sobre o mercado de a\u00e7\u00f5es, fundos imobili\u00e1rios e economia popular. Graduando em Engenharia Qu\u00edmica pela Unesp, tamb\u00e9m j\u00e1 atuou como consultor financeiro.\",\"url\":\"https:\/\/www.suno.com.br\/noticias\/author\/joao-vitor-jacintho\/\"}]}<\/script>\n<!-- \/ Yoast SEO plugin. -->","yoast_head_json":{"title":"Ita\u00fasa (ITSA4) tem pior dia na Bolsa em 5 meses; o que aconteceu?","description":"As a\u00e7\u00f5es da Ita\u00fasa (ITSA4) apresentaram seu pior dia na Bolsa de Valores em mais de 5 meses. Veja o que aconteceu nesta semana.","robots":{"index":"index","follow":"follow","max-snippet":"max-snippet:-1","max-image-preview":"max-image-preview:large","max-video-preview":"max-video-preview:-1"},"canonical":"https:\/\/www.suno.com.br\/noticias\/acoes-itausa-itsa4-itsa3-bolsa-de-valores-semana-jvj\/","og_locale":"pt_BR","og_type":"article","og_title":"Ita\u00fasa (ITSA4) tem pior dia na Bolsa em 5 meses; o que aconteceu?","og_description":"As a\u00e7\u00f5es da Ita\u00fasa (ITSA4) apresentaram seu pior dia na Bolsa de Valores em mais de 5 meses. Veja o que aconteceu nesta semana.","og_url":"https:\/\/www.suno.com.br\/noticias\/acoes-itausa-itsa4-itsa3-bolsa-de-valores-semana-jvj\/","og_site_name":"Suno Not\u00edcias","article_publisher":"https:\/\/facebook.com\/sunoresearch","og_image":[{"width":1300,"height":805,"url":"https:\/\/files.sunoresearch.com.br\/n\/uploads\/2022\/03\/itausa-divulgacao.jpg","type":"image\/jpeg"}],"author":"Jo\u00e3o Vitor","twitter_card":"summary_large_image","twitter_creator":"@sunoresearch","twitter_site":"@sunoresearch","twitter_misc":{"Escrito por":"Jo\u00e3o Vitor","Est. tempo de leitura":"3 minutos"},"schema":{"@context":"https:\/\/schema.org","@graph":[{"@type":"NewsArticle","@id":"https:\/\/www.suno.com.br\/noticias\/acoes-itausa-itsa4-itsa3-bolsa-de-valores-semana-jvj\/#article","isPartOf":{"@id":"https:\/\/www.suno.com.br\/noticias\/acoes-itausa-itsa4-itsa3-bolsa-de-valores-semana-jvj\/"},"author":{"name":"Jo\u00e3o Vitor","@id":"https:\/\/www.suno.com.br\/noticias\/#\/schema\/person\/87fc6973867c52dd884811905c43afba"},"headline":"A\u00e7\u00f5es da Ita\u00fasa (ITSA4) t\u00eam pior dia na Bolsa em mais de 5 meses; veja o que aconteceu na semana","datePublished":"2023-10-13T22:51:57+00:00","dateModified":"2023-10-13T23:23:56+00:00","mainEntityOfPage":{"@id":"https:\/\/www.suno.com.br\/noticias\/acoes-itausa-itsa4-itsa3-bolsa-de-valores-semana-jvj\/"},"wordCount":482,"publisher":{"@id":"https:\/\/www.suno.com.br\/noticias\/#organization"},"image":{"@id":"https:\/\/www.suno.com.br\/noticias\/acoes-itausa-itsa4-itsa3-bolsa-de-valores-semana-jvj\/#primaryimage"},"thumbnailUrl":"https:\/\/files.sunoresearch.com.br\/n\/uploads\/2022\/03\/itausa-divulgacao.jpg","keywords":["A\u00e7\u00f5es","Ita\u00fasa (ITSA3\/ITSA4)"],"articleSection":["Neg\u00f3cios"],"inLanguage":"pt-BR"},{"@type":"WebPage","@id":"https:\/\/www.suno.com.br\/noticias\/acoes-itausa-itsa4-itsa3-bolsa-de-valores-semana-jvj\/","url":"https:\/\/www.suno.com.br\/noticias\/acoes-itausa-itsa4-itsa3-bolsa-de-valores-semana-jvj\/","name":"Ita\u00fasa (ITSA4) tem pior dia na Bolsa em 5 meses; o que aconteceu?","isPartOf":{"@id":"https:\/\/www.suno.com.br\/noticias\/#website"},"primaryImageOfPage":{"@id":"https:\/\/www.suno.com.br\/noticias\/acoes-itausa-itsa4-itsa3-bolsa-de-valores-semana-jvj\/#primaryimage"},"image":{"@id":"https:\/\/www.suno.com.br\/noticias\/acoes-itausa-itsa4-itsa3-bolsa-de-valores-semana-jvj\/#primaryimage"},"thumbnailUrl":"https:\/\/files.sunoresearch.com.br\/n\/uploads\/2022\/03\/itausa-divulgacao.jpg","datePublished":"2023-10-13T22:51:57+00:00","dateModified":"2023-10-13T23:23:56+00:00","description":"As a\u00e7\u00f5es da Ita\u00fasa (ITSA4) apresentaram seu pior dia na Bolsa de Valores em mais de 5 meses. Veja o que aconteceu nesta semana.","breadcrumb":{"@id":"https:\/\/www.suno.com.br\/noticias\/acoes-itausa-itsa4-itsa3-bolsa-de-valores-semana-jvj\/#breadcrumb"},"inLanguage":"pt-BR","potentialAction":[{"@type":"ReadAction","target":["https:\/\/www.suno.com.br\/noticias\/acoes-itausa-itsa4-itsa3-bolsa-de-valores-semana-jvj\/"]}]},{"@type":"ImageObject","inLanguage":"pt-BR","@id":"https:\/\/www.suno.com.br\/noticias\/acoes-itausa-itsa4-itsa3-bolsa-de-valores-semana-jvj\/#primaryimage","url":"https:\/\/files.sunoresearch.com.br\/n\/uploads\/2022\/03\/itausa-divulgacao.jpg","contentUrl":"https:\/\/files.sunoresearch.com.br\/n\/uploads\/2022\/03\/itausa-divulgacao.jpg","width":1300,"height":805,"caption":"Ita\u00fasa (ITSA4). Foto: Divulga\u00e7\u00e3o"},{"@type":"BreadcrumbList","@id":"https:\/\/www.suno.com.br\/noticias\/acoes-itausa-itsa4-itsa3-bolsa-de-valores-semana-jvj\/#breadcrumb","itemListElement":[{"@type":"ListItem","position":1,"name":"Not\u00edcias","item":"https:\/\/www.suno.com.br\/noticias\/"},{"@type":"ListItem","position":2,"name":"Neg\u00f3cios","item":"https:\/\/www.suno.com.br\/noticias\/negocios\/"},{"@type":"ListItem","position":3,"name":"A\u00e7\u00f5es da Ita\u00fasa (ITSA4) t\u00eam pior dia na Bolsa em mais de 5 meses; veja o que aconteceu na semana"}]},{"@type":"WebSite","@id":"https:\/\/www.suno.com.br\/noticias\/#website","url":"https:\/\/www.suno.com.br\/noticias\/","name":"Suno Not\u00edcias","description":"Seu portal de informa\u00e7\u00e3o sobre o mundo dos investimentos","publisher":{"@id":"https:\/\/www.suno.com.br\/noticias\/#organization"},"potentialAction":[{"@type":"SearchAction","target":{"@type":"EntryPoint","urlTemplate":"https:\/\/www.suno.com.br\/noticias\/?s={search_term_string}"},"query-input":{"@type":"PropertyValueSpecification","valueRequired":true,"valueName":"search_term_string"}}],"inLanguage":"pt-BR"},{"@type":"Organization","@id":"https:\/\/www.suno.com.br\/noticias\/#organization","name":"Suno Not\u00edcias","url":"https:\/\/www.suno.com.br\/noticias\/","logo":{"@type":"ImageObject","inLanguage":"pt-BR","@id":"https:\/\/www.suno.com.br\/noticias\/#\/schema\/logo\/image\/","url":"https:\/\/files.sunoresearch.com.br\/n\/uploads\/2021\/09\/suno-logo.png","contentUrl":"https:\/\/files.sunoresearch.com.br\/n\/uploads\/2021\/09\/suno-logo.png","width":180,"height":180,"caption":"Suno Not\u00edcias"},"image":{"@id":"https:\/\/www.suno.com.br\/noticias\/#\/schema\/logo\/image\/"},"sameAs":["https:\/\/facebook.com\/sunoresearch","https:\/\/x.com\/sunoresearch","https:\/\/www.instagram.com\/suno","https:\/\/www.linkedin.com\/company\/suno-research\/","https:\/\/www.youtube.com\/c\/sunoresearch"]},{"@type":"Person","@id":"https:\/\/www.suno.com.br\/noticias\/#\/schema\/person\/87fc6973867c52dd884811905c43afba","name":"Jo\u00e3o Vitor","image":{"@type":"ImageObject","inLanguage":"pt-BR","@id":"https:\/\/www.suno.com.br\/noticias\/#\/schema\/person\/image\/","url":"https:\/\/secure.gravatar.com\/avatar\/2843227ca03ccf8cc7ccca45204c127e?s=96&r=g","contentUrl":"https:\/\/secure.gravatar.com\/avatar\/2843227ca03ccf8cc7ccca45204c127e?s=96&r=g","caption":"Jo\u00e3o Vitor"},"description":"Redator profissional, com atua\u00e7\u00e3o no mercado editorial na produ\u00e7\u00e3o de not\u00edcias e conte\u00fados sobre o mercado de a\u00e7\u00f5es, fundos imobili\u00e1rios e economia popular. Graduando em Engenharia Qu\u00edmica pela Unesp, tamb\u00e9m j\u00e1 atuou como consultor financeiro.","url":"https:\/\/www.suno.com.br\/noticias\/author\/joao-vitor-jacintho\/"}]}},"default_loop_html":"<div class=\"cardsPage__listCard__boxs\"><div class=\"cardsPage__listCard__boxs__img\"><a href=\"https:\/\/www.suno.com.br\/noticias\/acoes-itausa-itsa4-itsa3-bolsa-de-valores-semana-jvj\/\"><img class=\"mask\" src=\"https:\/\/www.suno.com.br\/noticias\/wp-content\/themes\/suno\/resources\/images\/spotlight\/spotlight1img\/bg-mask.png\" alt=\"Image Mask\"\/><img src=\"https:\/\/files.sunoresearch.com.br\/n\/uploads\/2022\/03\/itausa-divulgacao-400x200.jpg\" alt=\"A\u00e7\u00f5es da Ita\u00fasa (ITSA4) t\u00eam pior dia na Bolsa em mais de 5 meses; veja o que aconteceu na semana\"\/><\/a><span class=\"spotlightCategory\"><a href=\"https:\/\/www.suno.com.br\/noticias\/negocios\/\">Neg\u00f3cios<\/a><\/span><\/div><div class=\"cardsPage__listCard__boxs__content\"><a href=\"https:\/\/www.suno.com.br\/noticias\/acoes-itausa-itsa4-itsa3-bolsa-de-valores-semana-jvj\/\"><h2 class=\"content__title\">A\u00e7\u00f5es da Ita\u00fasa (ITSA4) t\u00eam pior dia na Bolsa em mais de 5 meses; veja o que aconteceu na semana<\/h2><\/a><div class=\"newsContent__article__meta\"><div class=\"newsContent__article__meta__authorBox\"><a href=\"https:\/\/www.suno.com.br\/noticias\/author\/joao-vitor-jacintho\/\" class=\"authorBox__avatar noMobi\"><img src=\"https:\/\/secure.gravatar.com\/avatar\/2843227ca03ccf8cc7ccca45204c127e?s=96&#038;r=g\" alt=\"Jo\u00e3o Vitor Jacintho\"><\/a><div class=\"authorBox__name\"><span>por\n\t\t\t<a href=\"https:\/\/www.suno.com.br\/noticias\/author\/joao-vitor-jacintho\/\"><span itemprop=\"author\">Jo\u00e3o Vitor Jacintho<\/span><\/a><\/span><time datetime=\"2023-10-13T19:51:57-03:00\" itemprop=\"datePublished\">13\/10\/2023 19:51<\/time><\/div><\/div><\/div><\/div><\/div>","single_layout":"posts","amp_enabled":true,"_links":{"self":[{"href":"https:\/\/www.suno.com.br\/noticias\/wp-json\/wp\/v2\/posts\/470796"}],"collection":[{"href":"https:\/\/www.suno.com.br\/noticias\/wp-json\/wp\/v2\/posts"}],"about":[{"href":"https:\/\/www.suno.com.br\/noticias\/wp-json\/wp\/v2\/types\/post"}],"author":[{"embeddable":true,"href":"https:\/\/www.suno.com.br\/noticias\/wp-json\/wp\/v2\/users\/173"}],"replies":[{"embeddable":true,"href":"https:\/\/www.suno.com.br\/noticias\/wp-json\/wp\/v2\/comments?post=470796"}],"version-history":[{"count":3,"href":"https:\/\/www.suno.com.br\/noticias\/wp-json\/wp\/v2\/posts\/470796\/revisions"}],"predecessor-version":[{"id":470830,"href":"https:\/\/www.suno.com.br\/noticias\/wp-json\/wp\/v2\/posts\/470796\/revisions\/470830"}],"wp:featuredmedia":[{"embeddable":true,"href":"https:\/\/www.suno.com.br\/noticias\/wp-json\/wp\/v2\/media\/244608"}],"wp:attachment":[{"href":"https:\/\/www.suno.com.br\/noticias\/wp-json\/wp\/v2\/media?parent=470796"}],"wp:term":[{"taxonomy":"category","embeddable":true,"href":"https:\/\/www.suno.com.br\/noticias\/wp-json\/wp\/v2\/categories?post=470796"},{"taxonomy":"post_tag","embeddable":true,"href":"https:\/\/www.suno.com.br\/noticias\/wp-json\/wp\/v2\/tags?post=470796"},{"taxonomy":"suno_strategy","embeddable":true,"href":"https:\/\/www.suno.com.br\/noticias\/wp-json\/wp\/v2\/suno_strategy?post=470796"}],"curies":[{"name":"wp","href":"https:\/\/api.w.org\/{rel}","templated":true}]}}