{"id":47057,"date":"2019-12-08T16:56:43","date_gmt":"2019-12-08T18:56:43","guid":{"rendered":"https:\/\/www.suno.com.br\/noticias\/?p=47057"},"modified":"2019-12-08T17:23:32","modified_gmt":"2019-12-08T19:23:32","slug":"entenda-limite-cheque-especial","status":"publish","type":"post","link":"https:\/\/www.suno.com.br\/noticias\/entenda-limite-cheque-especial\/","title":{"rendered":"Entenda como funcionar\u00e1 o novo limite do cheque especial"},"content":{"rendered":"<p>No dia 27 de novembro, o\u00a0<a href=\"https:\/\/www.suno.com.br\/artigos\/bacen\/\"><strong>Banco Central<\/strong> (BC)<\/a> limitou os <a href=\"https:\/\/www.suno.com.br\/artigos\/juros-do-cheque-especial\/\">juros do cheque especial<\/a> para 8% ao m\u00eas. A medida, que entrar\u00e1 em vigor no dia 6 de janeiro de 2020, afeta diretamente o cotidiano da popula\u00e7\u00e3o.<\/p>\t<div class=\"wrapper-featured-image\">\n\t\t<figure class=\"spotlightImg\">\n\n\t\t\t<picture>\n\t\t\t\t<source media=\"(max-width: 768px)\" srcset=\"https:\/\/files.sunoresearch.com.br\/n\/uploads\/2019\/03\/50fa806c-cheque-especial-400x200.webp\">\n\t\t\t\t<img loading=\"lazy\" decoding=\"async\" class=\"newsContent__article__imgCapa lazyloadDisabled newsContent__article__imgCapa--noCaption\" src=\"https:\/\/files.sunoresearch.com.br\/n\/uploads\/2019\/03\/50fa806c-cheque-especial-800x450.webp\" width=\"800\" height=\"450\" alt=\"Entenda como funcionar\u00e1 o novo limite do cheque especial\" fetchpriority=high \/>\n\t\t\t<\/picture>\n\n\t\t\t<figcaption class=\"wp-caption-text wp-caption-text--hide\">Brasil ainda compensa mais de 200 milh\u00f5es de cheques anualmente<\/figcaption>\n\t\t<\/figure>\n\t<\/div>\n\n\n\n<p>O <strong>BC<\/strong> havia informado que a decis\u00e3o do <a href=\"https:\/\/www.suno.com.br\/artigos\/cmn-conselho-monetario-nacional\/\"><strong>Conselho Monet\u00e1rio Nacional (CMN)<\/strong><\/a> busca tornar a modalidade &#8220;menos agressiva e mais eficiente&#8221;. O <strong>cheque especial<\/strong> \u00e9 utilizado, principalmente, por pessoas de classes sociais mais baixas e com menos educa\u00e7\u00e3o financeira.<\/p>\n<p>A nova medida acabou gerando algumas d\u00favidas e, para isso, entenda nessa mat\u00e9ria como funcionar\u00e1 o novo limite.<\/p>\n<h2>Como o novo cheque especial afeta os bancos?<\/h2>\n<p>Atualmente, os bancos podem definir os juros cobrados nesta modalidade, que \u00e9 a mais cara do Pa\u00eds. Em outubro, a taxa m\u00e9dia do cheque atingiu 305,9% ao ano, segundo o <strong>BC.<\/strong><\/p>\n<p><a href=\"https:\/\/www.suno.com.br\/noticias\/banco-central-limita-cheque-especial-8-ao-mes\/\">Saiba mais: Banco Central limita cheque especial em 8% ao m\u00eas<\/a><\/p>\n<p>Por outro lado, com a nova medida, os bancos poder\u00e3o cobrar uma tarifa para disponibilizar o limite do <strong>cheque especial.<\/strong> A tarifa n\u00e3o valer\u00e1 para limites de cr\u00e9dito de at\u00e9 R$ 500. Para valores maiores, os bancos poder\u00e3o cobrar taxas mensais de at\u00e9 0,25% sobre o valor que exceder R$ 500.<\/p>\n\t<p>\n\t\t<a href=\"https:\/\/lp.statusinvest.com.br\/ao\/assessoria-status-invest\/\" target=\"_blank\" data-element=\"shortcode-suno-banner\" title=\"Banner SUNO, clique e saiba mais\">\n\t\t\t<picture>\n\t\t\t\t<source media=\"(max-width: 500px)\" srcset=\"https:\/\/files.sunoresearch.com.br\/n\/uploads\/2024\/03\/400x300-Mobile-1.png\">\n\t\t\t\t<img class=\"newsContent__article__imgCapa newsContent__article__imgCapa--banner\"\n\t\t\t\t\tsrc=\"https:\/\/files.sunoresearch.com.br\/n\/uploads\/2024\/03\/1420-x-240-Desktop.png\"\n\t\t\t\t\tdata-promo-id=\"537299\"\t\t\t\t\t\t\t\t\t\twidth='1420' height='250'\t\t\t\t\talt=\"https:\/\/files.sunoresearch.com.br\/n\/uploads\/2024\/03\/1420-x-240-Desktop.png\"\n\t\t\t\t>\n\t\t\t<\/picture>\n\t\t<\/a>\n\t<\/p>\n\n\n<p>De acordo com o <strong>BC:\u00a0<\/strong>&#8220;As institui\u00e7\u00f5es financeiras devem praticar a nova taxa limite de 8% a.m. a partir de jan\/2020, v\u00e1lida tanto para os contratos novos quanto para os contratos antigos. Com rela\u00e7\u00e3o \u00e0 cobran\u00e7a de juros, n\u00e3o h\u00e1 necessidade de nenhuma a\u00e7\u00e3o por parte do cliente.&#8221;<\/p>\n<h2>Como isso pode te afetar?<\/h2>\n<p>Ainda segundo o Banco: &#8221; Quanto \u00e0 cobran\u00e7a de tarifas, as institui\u00e7\u00f5es podem cobrar somente a tarifa pela <strong>disponibiliza\u00e7\u00e3o<\/strong> de limite no percentual de 0,25% sobre o valor do limite que exceder R$ 500,00 , cobrada uma \u00fanica vez por m\u00eas.&#8221;<\/p>\n<p>&#8220;As institui\u00e7\u00f5es devem comunicar ao p\u00fablico o in\u00edcio da cobran\u00e7a da citada tarifa com no m\u00ednimo 30 dias de anteced\u00eancia, por qualquer meio (aplicativo, <strong>SMS<\/strong>, <strong>email<\/strong>, informa\u00e7\u00e3o no recinto das depend\u00eancias, an\u00fancio em meios de comunica\u00e7\u00e3o, etc). Ademais, a previs\u00e3o de cobran\u00e7a da citada tarifa deve ser inserida nos contratos novos (firmados a partir de jan\/2020) e ser objeto de repactua\u00e7\u00e3o nos contratos antigos (firmados at\u00e9 jan\/2020).&#8221;, completa o <strong>BC<\/strong>.<\/p>\n<p>Al\u00e9m disso o Banco explica como ir\u00e1 monitorar o cumprimento da regulamenta\u00e7\u00e3o do novo limite do <strong>cheque<\/strong> <strong>especial<\/strong>: &#8220;O <strong>BC<\/strong> ir\u00e1 monitorar o cumprimento da regulamenta\u00e7\u00e3o pelas institui\u00e7\u00f5es. Havendo d\u00favida quanto \u00e0 conduta de uma institui\u00e7\u00e3o, os clientes podem registrar reclama\u00e7\u00e3o nos canais de atendimento do BC (s\u00edtio eletr\u00f4nico do BC na internet, aplicativo BC+Perto, telefone 145, correspond\u00eancia ao BC e canal presencial na sede do BC em Bras\u00edlia\/DF).&#8221;<\/p>\n","protected":false},"excerpt":{"rendered":"<p>No dia 27 de novembro, o\u00a0Banco Central (BC) limitou os juros do cheque especial para 8% ao m\u00eas. A medida, que entrar\u00e1 em vigor no dia 6 de janeiro de 2020, afeta diretamente o cotidiano da popula\u00e7\u00e3o. Brasil ainda compensa mais de 200 milh\u00f5es de cheques anualmente O BC havia informado que a decis\u00e3o do [&hellip;]<\/p>\n","protected":false},"author":23,"featured_media":17948,"comment_status":"closed","ping_status":"closed","sticky":false,"template":"","format":"standard","meta":[],"categories":[65],"tags":[1842,1789],"suno_strategy":[],"class_list":["post-47057","post","type-post","status-publish","format-standard","has-post-thumbnail","hentry","category-financas-pessoais","tag-banco-central-bc","tag-cheque-especial"],"yoast_head":"<!-- This site is optimized with the Yoast SEO plugin v24.4 - https:\/\/yoast.com\/wordpress\/plugins\/seo\/ -->\n<title>Entenda como funcionar\u00e1 o novo limite do cheque especial<\/title>\n<meta name=\"description\" content=\"No dia 27 de novembro, o\u00a0BC limitou os juros do cheque especial para 8% ao m\u00eas. Entenda como funcionar\u00e1 a nova medida. Clique para mais.\" \/>\n<meta name=\"robots\" content=\"index, follow, max-snippet:-1, max-image-preview:large, max-video-preview:-1\" \/>\n<link rel=\"canonical\" href=\"https:\/\/www.suno.com.br\/noticias\/entenda-limite-cheque-especial\/\" \/>\n<meta property=\"og:locale\" content=\"pt_BR\" \/>\n<meta property=\"og:type\" content=\"article\" \/>\n<meta property=\"og:title\" content=\"Entenda como funcionar\u00e1 o novo limite do cheque especial\" \/>\n<meta property=\"og:description\" content=\"No dia 27 de novembro, o\u00a0BC limitou os juros do cheque especial para 8% ao m\u00eas. Entenda como funcionar\u00e1 a nova medida. Clique para mais.\" \/>\n<meta property=\"og:url\" content=\"https:\/\/www.suno.com.br\/noticias\/entenda-limite-cheque-especial\/\" \/>\n<meta property=\"og:site_name\" content=\"Suno Not\u00edcias\" \/>\n<meta property=\"article:publisher\" content=\"https:\/\/facebook.com\/sunoresearch\" \/>\n<meta property=\"og:image\" content=\"https:\/\/files.sunoresearch.com.br\/n\/uploads\/2019\/03\/50fa806c-cheque-especial.jpg\" \/>\n\t<meta property=\"og:image:width\" content=\"900\" \/>\n\t<meta property=\"og:image:height\" content=\"493\" \/>\n\t<meta property=\"og:image:type\" content=\"image\/jpeg\" \/>\n<meta name=\"author\" content=\"Rafael Lara\" \/>\n<meta name=\"twitter:card\" content=\"summary_large_image\" \/>\n<meta name=\"twitter:creator\" content=\"@sunoresearch\" \/>\n<meta name=\"twitter:site\" content=\"@sunoresearch\" \/>\n<meta name=\"twitter:label1\" content=\"Escrito por\" \/>\n\t<meta name=\"twitter:data1\" content=\"Rafael Lara\" \/>\n\t<meta name=\"twitter:label2\" content=\"Est. tempo de leitura\" \/>\n\t<meta name=\"twitter:data2\" content=\"2 minutos\" \/>\n<script type=\"application\/ld+json\" class=\"yoast-schema-graph\">{\"@context\":\"https:\/\/schema.org\",\"@graph\":[{\"@type\":\"NewsArticle\",\"@id\":\"https:\/\/www.suno.com.br\/noticias\/entenda-limite-cheque-especial\/#article\",\"isPartOf\":{\"@id\":\"https:\/\/www.suno.com.br\/noticias\/entenda-limite-cheque-especial\/\"},\"author\":{\"name\":\"Rafael Lara\",\"@id\":\"https:\/\/www.suno.com.br\/noticias\/#\/schema\/person\/098743caeed97b37f51315c9576c4078\"},\"headline\":\"Entenda como funcionar\u00e1 o novo limite do cheque especial\",\"datePublished\":\"2019-12-08T18:56:43+00:00\",\"dateModified\":\"2019-12-08T19:23:32+00:00\",\"mainEntityOfPage\":{\"@id\":\"https:\/\/www.suno.com.br\/noticias\/entenda-limite-cheque-especial\/\"},\"wordCount\":473,\"publisher\":{\"@id\":\"https:\/\/www.suno.com.br\/noticias\/#organization\"},\"image\":{\"@id\":\"https:\/\/www.suno.com.br\/noticias\/entenda-limite-cheque-especial\/#primaryimage\"},\"thumbnailUrl\":\"https:\/\/files.sunoresearch.com.br\/n\/uploads\/2019\/03\/50fa806c-cheque-especial-jpg.webp\",\"keywords\":[\"Banco Central (BC)\",\"cheque especial\"],\"articleSection\":[\"Finan\u00e7as Pessoais\"],\"inLanguage\":\"pt-BR\"},{\"@type\":\"WebPage\",\"@id\":\"https:\/\/www.suno.com.br\/noticias\/entenda-limite-cheque-especial\/\",\"url\":\"https:\/\/www.suno.com.br\/noticias\/entenda-limite-cheque-especial\/\",\"name\":\"Entenda como funcionar\u00e1 o novo limite do cheque especial\",\"isPartOf\":{\"@id\":\"https:\/\/www.suno.com.br\/noticias\/#website\"},\"primaryImageOfPage\":{\"@id\":\"https:\/\/www.suno.com.br\/noticias\/entenda-limite-cheque-especial\/#primaryimage\"},\"image\":{\"@id\":\"https:\/\/www.suno.com.br\/noticias\/entenda-limite-cheque-especial\/#primaryimage\"},\"thumbnailUrl\":\"https:\/\/files.sunoresearch.com.br\/n\/uploads\/2019\/03\/50fa806c-cheque-especial-jpg.webp\",\"datePublished\":\"2019-12-08T18:56:43+00:00\",\"dateModified\":\"2019-12-08T19:23:32+00:00\",\"description\":\"No dia 27 de novembro, o\u00a0BC limitou os juros do cheque especial para 8% ao m\u00eas. Entenda como funcionar\u00e1 a nova medida. Clique para mais.\",\"breadcrumb\":{\"@id\":\"https:\/\/www.suno.com.br\/noticias\/entenda-limite-cheque-especial\/#breadcrumb\"},\"inLanguage\":\"pt-BR\",\"potentialAction\":[{\"@type\":\"ReadAction\",\"target\":[\"https:\/\/www.suno.com.br\/noticias\/entenda-limite-cheque-especial\/\"]}]},{\"@type\":\"ImageObject\",\"inLanguage\":\"pt-BR\",\"@id\":\"https:\/\/www.suno.com.br\/noticias\/entenda-limite-cheque-especial\/#primaryimage\",\"url\":\"https:\/\/files.sunoresearch.com.br\/n\/uploads\/2019\/03\/50fa806c-cheque-especial-jpg.webp\",\"contentUrl\":\"https:\/\/files.sunoresearch.com.br\/n\/uploads\/2019\/03\/50fa806c-cheque-especial-jpg.webp\",\"width\":900,\"height\":493,\"caption\":\"Brasil ainda compensa mais de 200 milh\u00f5es de cheques anualmente\"},{\"@type\":\"BreadcrumbList\",\"@id\":\"https:\/\/www.suno.com.br\/noticias\/entenda-limite-cheque-especial\/#breadcrumb\",\"itemListElement\":[{\"@type\":\"ListItem\",\"position\":1,\"name\":\"Not\u00edcias\",\"item\":\"https:\/\/www.suno.com.br\/noticias\/\"},{\"@type\":\"ListItem\",\"position\":2,\"name\":\"Finan\u00e7as Pessoais\",\"item\":\"https:\/\/www.suno.com.br\/noticias\/financas-pessoais\/\"},{\"@type\":\"ListItem\",\"position\":3,\"name\":\"Entenda como funcionar\u00e1 o novo limite do cheque especial\"}]},{\"@type\":\"WebSite\",\"@id\":\"https:\/\/www.suno.com.br\/noticias\/#website\",\"url\":\"https:\/\/www.suno.com.br\/noticias\/\",\"name\":\"Suno Not\u00edcias\",\"description\":\"Seu portal de informa\u00e7\u00e3o sobre o mundo dos investimentos\",\"publisher\":{\"@id\":\"https:\/\/www.suno.com.br\/noticias\/#organization\"},\"potentialAction\":[{\"@type\":\"SearchAction\",\"target\":{\"@type\":\"EntryPoint\",\"urlTemplate\":\"https:\/\/www.suno.com.br\/noticias\/?s={search_term_string}\"},\"query-input\":{\"@type\":\"PropertyValueSpecification\",\"valueRequired\":true,\"valueName\":\"search_term_string\"}}],\"inLanguage\":\"pt-BR\"},{\"@type\":\"Organization\",\"@id\":\"https:\/\/www.suno.com.br\/noticias\/#organization\",\"name\":\"Suno Not\u00edcias\",\"url\":\"https:\/\/www.suno.com.br\/noticias\/\",\"logo\":{\"@type\":\"ImageObject\",\"inLanguage\":\"pt-BR\",\"@id\":\"https:\/\/www.suno.com.br\/noticias\/#\/schema\/logo\/image\/\",\"url\":\"https:\/\/files.sunoresearch.com.br\/n\/uploads\/2021\/09\/suno-logo.png\",\"contentUrl\":\"https:\/\/files.sunoresearch.com.br\/n\/uploads\/2021\/09\/suno-logo.png\",\"width\":180,\"height\":180,\"caption\":\"Suno Not\u00edcias\"},\"image\":{\"@id\":\"https:\/\/www.suno.com.br\/noticias\/#\/schema\/logo\/image\/\"},\"sameAs\":[\"https:\/\/facebook.com\/sunoresearch\",\"https:\/\/x.com\/sunoresearch\",\"https:\/\/www.instagram.com\/suno\",\"https:\/\/www.linkedin.com\/company\/suno-research\/\",\"https:\/\/www.youtube.com\/c\/sunoresearch\"]},{\"@type\":\"Person\",\"@id\":\"https:\/\/www.suno.com.br\/noticias\/#\/schema\/person\/098743caeed97b37f51315c9576c4078\",\"name\":\"Rafael Lara\",\"image\":{\"@type\":\"ImageObject\",\"inLanguage\":\"pt-BR\",\"@id\":\"https:\/\/www.suno.com.br\/noticias\/#\/schema\/person\/image\/\",\"url\":\"https:\/\/secure.gravatar.com\/avatar\/dfc254ab9bb2ea1895d98b9e9dae4bdd?s=96&r=g\",\"contentUrl\":\"https:\/\/secure.gravatar.com\/avatar\/dfc254ab9bb2ea1895d98b9e9dae4bdd?s=96&r=g\",\"caption\":\"Rafael Lara\"},\"description\":\"Rafael Lara cursa jornalismo na Faculdade C\u00e1sper L\u00edbero. Escreve sobre pol\u00edtica, economia e neg\u00f3cios para o portal Suno Not\u00edcias. Antes, colaborou na TV Gazeta na produ\u00e7\u00e3o do programa Edi\u00e7\u00e3o Extra.\",\"url\":\"https:\/\/www.suno.com.br\/noticias\/author\/rafael\/\"}]}<\/script>\n<!-- \/ Yoast SEO plugin. -->","yoast_head_json":{"title":"Entenda como funcionar\u00e1 o novo limite do cheque especial","description":"No dia 27 de novembro, o\u00a0BC limitou os juros do cheque especial para 8% ao m\u00eas. Entenda como funcionar\u00e1 a nova medida. Clique para mais.","robots":{"index":"index","follow":"follow","max-snippet":"max-snippet:-1","max-image-preview":"max-image-preview:large","max-video-preview":"max-video-preview:-1"},"canonical":"https:\/\/www.suno.com.br\/noticias\/entenda-limite-cheque-especial\/","og_locale":"pt_BR","og_type":"article","og_title":"Entenda como funcionar\u00e1 o novo limite do cheque especial","og_description":"No dia 27 de novembro, o\u00a0BC limitou os juros do cheque especial para 8% ao m\u00eas. Entenda como funcionar\u00e1 a nova medida. Clique para mais.","og_url":"https:\/\/www.suno.com.br\/noticias\/entenda-limite-cheque-especial\/","og_site_name":"Suno Not\u00edcias","article_publisher":"https:\/\/facebook.com\/sunoresearch","og_image":[{"width":900,"height":493,"url":"https:\/\/files.sunoresearch.com.br\/n\/uploads\/2019\/03\/50fa806c-cheque-especial.jpg","type":"image\/jpeg"}],"author":"Rafael Lara","twitter_card":"summary_large_image","twitter_creator":"@sunoresearch","twitter_site":"@sunoresearch","twitter_misc":{"Escrito por":"Rafael Lara","Est. tempo de leitura":"2 minutos"},"schema":{"@context":"https:\/\/schema.org","@graph":[{"@type":"NewsArticle","@id":"https:\/\/www.suno.com.br\/noticias\/entenda-limite-cheque-especial\/#article","isPartOf":{"@id":"https:\/\/www.suno.com.br\/noticias\/entenda-limite-cheque-especial\/"},"author":{"name":"Rafael Lara","@id":"https:\/\/www.suno.com.br\/noticias\/#\/schema\/person\/098743caeed97b37f51315c9576c4078"},"headline":"Entenda como funcionar\u00e1 o novo limite do cheque especial","datePublished":"2019-12-08T18:56:43+00:00","dateModified":"2019-12-08T19:23:32+00:00","mainEntityOfPage":{"@id":"https:\/\/www.suno.com.br\/noticias\/entenda-limite-cheque-especial\/"},"wordCount":473,"publisher":{"@id":"https:\/\/www.suno.com.br\/noticias\/#organization"},"image":{"@id":"https:\/\/www.suno.com.br\/noticias\/entenda-limite-cheque-especial\/#primaryimage"},"thumbnailUrl":"https:\/\/files.sunoresearch.com.br\/n\/uploads\/2019\/03\/50fa806c-cheque-especial-jpg.webp","keywords":["Banco Central (BC)","cheque especial"],"articleSection":["Finan\u00e7as Pessoais"],"inLanguage":"pt-BR"},{"@type":"WebPage","@id":"https:\/\/www.suno.com.br\/noticias\/entenda-limite-cheque-especial\/","url":"https:\/\/www.suno.com.br\/noticias\/entenda-limite-cheque-especial\/","name":"Entenda como funcionar\u00e1 o novo limite do cheque especial","isPartOf":{"@id":"https:\/\/www.suno.com.br\/noticias\/#website"},"primaryImageOfPage":{"@id":"https:\/\/www.suno.com.br\/noticias\/entenda-limite-cheque-especial\/#primaryimage"},"image":{"@id":"https:\/\/www.suno.com.br\/noticias\/entenda-limite-cheque-especial\/#primaryimage"},"thumbnailUrl":"https:\/\/files.sunoresearch.com.br\/n\/uploads\/2019\/03\/50fa806c-cheque-especial-jpg.webp","datePublished":"2019-12-08T18:56:43+00:00","dateModified":"2019-12-08T19:23:32+00:00","description":"No dia 27 de novembro, o\u00a0BC limitou os juros do cheque especial para 8% ao m\u00eas. Entenda como funcionar\u00e1 a nova medida. Clique para mais.","breadcrumb":{"@id":"https:\/\/www.suno.com.br\/noticias\/entenda-limite-cheque-especial\/#breadcrumb"},"inLanguage":"pt-BR","potentialAction":[{"@type":"ReadAction","target":["https:\/\/www.suno.com.br\/noticias\/entenda-limite-cheque-especial\/"]}]},{"@type":"ImageObject","inLanguage":"pt-BR","@id":"https:\/\/www.suno.com.br\/noticias\/entenda-limite-cheque-especial\/#primaryimage","url":"https:\/\/files.sunoresearch.com.br\/n\/uploads\/2019\/03\/50fa806c-cheque-especial-jpg.webp","contentUrl":"https:\/\/files.sunoresearch.com.br\/n\/uploads\/2019\/03\/50fa806c-cheque-especial-jpg.webp","width":900,"height":493,"caption":"Brasil ainda compensa mais de 200 milh\u00f5es de cheques anualmente"},{"@type":"BreadcrumbList","@id":"https:\/\/www.suno.com.br\/noticias\/entenda-limite-cheque-especial\/#breadcrumb","itemListElement":[{"@type":"ListItem","position":1,"name":"Not\u00edcias","item":"https:\/\/www.suno.com.br\/noticias\/"},{"@type":"ListItem","position":2,"name":"Finan\u00e7as Pessoais","item":"https:\/\/www.suno.com.br\/noticias\/financas-pessoais\/"},{"@type":"ListItem","position":3,"name":"Entenda como funcionar\u00e1 o novo limite do cheque especial"}]},{"@type":"WebSite","@id":"https:\/\/www.suno.com.br\/noticias\/#website","url":"https:\/\/www.suno.com.br\/noticias\/","name":"Suno Not\u00edcias","description":"Seu portal de informa\u00e7\u00e3o sobre o mundo dos investimentos","publisher":{"@id":"https:\/\/www.suno.com.br\/noticias\/#organization"},"potentialAction":[{"@type":"SearchAction","target":{"@type":"EntryPoint","urlTemplate":"https:\/\/www.suno.com.br\/noticias\/?s={search_term_string}"},"query-input":{"@type":"PropertyValueSpecification","valueRequired":true,"valueName":"search_term_string"}}],"inLanguage":"pt-BR"},{"@type":"Organization","@id":"https:\/\/www.suno.com.br\/noticias\/#organization","name":"Suno Not\u00edcias","url":"https:\/\/www.suno.com.br\/noticias\/","logo":{"@type":"ImageObject","inLanguage":"pt-BR","@id":"https:\/\/www.suno.com.br\/noticias\/#\/schema\/logo\/image\/","url":"https:\/\/files.sunoresearch.com.br\/n\/uploads\/2021\/09\/suno-logo.png","contentUrl":"https:\/\/files.sunoresearch.com.br\/n\/uploads\/2021\/09\/suno-logo.png","width":180,"height":180,"caption":"Suno Not\u00edcias"},"image":{"@id":"https:\/\/www.suno.com.br\/noticias\/#\/schema\/logo\/image\/"},"sameAs":["https:\/\/facebook.com\/sunoresearch","https:\/\/x.com\/sunoresearch","https:\/\/www.instagram.com\/suno","https:\/\/www.linkedin.com\/company\/suno-research\/","https:\/\/www.youtube.com\/c\/sunoresearch"]},{"@type":"Person","@id":"https:\/\/www.suno.com.br\/noticias\/#\/schema\/person\/098743caeed97b37f51315c9576c4078","name":"Rafael Lara","image":{"@type":"ImageObject","inLanguage":"pt-BR","@id":"https:\/\/www.suno.com.br\/noticias\/#\/schema\/person\/image\/","url":"https:\/\/secure.gravatar.com\/avatar\/dfc254ab9bb2ea1895d98b9e9dae4bdd?s=96&r=g","contentUrl":"https:\/\/secure.gravatar.com\/avatar\/dfc254ab9bb2ea1895d98b9e9dae4bdd?s=96&r=g","caption":"Rafael Lara"},"description":"Rafael Lara cursa jornalismo na Faculdade C\u00e1sper L\u00edbero. Escreve sobre pol\u00edtica, economia e neg\u00f3cios para o portal Suno Not\u00edcias. Antes, colaborou na TV Gazeta na produ\u00e7\u00e3o do programa Edi\u00e7\u00e3o Extra.","url":"https:\/\/www.suno.com.br\/noticias\/author\/rafael\/"}]}},"default_loop_html":"<div class=\"cardsPage__listCard__boxs\"><div class=\"cardsPage__listCard__boxs__img\"><a href=\"https:\/\/www.suno.com.br\/noticias\/entenda-limite-cheque-especial\/\"><img class=\"mask\" src=\"https:\/\/www.suno.com.br\/noticias\/wp-content\/themes\/suno\/resources\/images\/spotlight\/spotlight1img\/bg-mask.png\" alt=\"Image Mask\"\/><img src=\"https:\/\/files.sunoresearch.com.br\/n\/uploads\/2019\/03\/50fa806c-cheque-especial-400x200.webp\" alt=\"Entenda como funcionar\u00e1 o novo limite do cheque especial\"\/><\/a><span class=\"spotlightCategory\"><a href=\"https:\/\/www.suno.com.br\/noticias\/financas-pessoais\/\">Finan\u00e7as Pessoais<\/a><\/span><\/div><div class=\"cardsPage__listCard__boxs__content\"><a href=\"https:\/\/www.suno.com.br\/noticias\/entenda-limite-cheque-especial\/\"><h2 class=\"content__title\">Entenda como funcionar\u00e1 o novo limite do cheque especial<\/h2><\/a><div class=\"newsContent__article__meta\"><div class=\"newsContent__article__meta__authorBox\"><a href=\"https:\/\/www.suno.com.br\/noticias\/author\/rafael\/\" class=\"authorBox__avatar noMobi\"><img src=\"https:\/\/secure.gravatar.com\/avatar\/dfc254ab9bb2ea1895d98b9e9dae4bdd?s=96&#038;r=g\" alt=\"Rafael Lara\"><\/a><div class=\"authorBox__name\"><span>por\n\t\t\t<a href=\"https:\/\/www.suno.com.br\/noticias\/author\/rafael\/\"><span itemprop=\"author\">Rafael Lara<\/span><\/a><\/span><time datetime=\"2019-12-08T16:56:43-03:00\" itemprop=\"datePublished\">08\/12\/2019 16:56<\/time><\/div><\/div><\/div><\/div><\/div>","single_layout":"posts","amp_enabled":true,"_links":{"self":[{"href":"https:\/\/www.suno.com.br\/noticias\/wp-json\/wp\/v2\/posts\/47057"}],"collection":[{"href":"https:\/\/www.suno.com.br\/noticias\/wp-json\/wp\/v2\/posts"}],"about":[{"href":"https:\/\/www.suno.com.br\/noticias\/wp-json\/wp\/v2\/types\/post"}],"author":[{"embeddable":true,"href":"https:\/\/www.suno.com.br\/noticias\/wp-json\/wp\/v2\/users\/23"}],"replies":[{"embeddable":true,"href":"https:\/\/www.suno.com.br\/noticias\/wp-json\/wp\/v2\/comments?post=47057"}],"version-history":[{"count":0,"href":"https:\/\/www.suno.com.br\/noticias\/wp-json\/wp\/v2\/posts\/47057\/revisions"}],"wp:featuredmedia":[{"embeddable":true,"href":"https:\/\/www.suno.com.br\/noticias\/wp-json\/wp\/v2\/media\/17948"}],"wp:attachment":[{"href":"https:\/\/www.suno.com.br\/noticias\/wp-json\/wp\/v2\/media?parent=47057"}],"wp:term":[{"taxonomy":"category","embeddable":true,"href":"https:\/\/www.suno.com.br\/noticias\/wp-json\/wp\/v2\/categories?post=47057"},{"taxonomy":"post_tag","embeddable":true,"href":"https:\/\/www.suno.com.br\/noticias\/wp-json\/wp\/v2\/tags?post=47057"},{"taxonomy":"suno_strategy","embeddable":true,"href":"https:\/\/www.suno.com.br\/noticias\/wp-json\/wp\/v2\/suno_strategy?post=47057"}],"curies":[{"name":"wp","href":"https:\/\/api.w.org\/{rel}","templated":true}]}}