{"id":470545,"date":"2023-10-13T12:30:46","date_gmt":"2023-10-13T15:30:46","guid":{"rendered":"https:\/\/www.suno.com.br\/noticias\/?p=470545"},"modified":"2023-10-13T12:30:54","modified_gmt":"2023-10-13T15:30:54","slug":"petrobras-petr4-ibovespa-guerra-israel-gpj","status":"publish","type":"post","link":"https:\/\/www.suno.com.br\/noticias\/petrobras-petr4-ibovespa-guerra-israel-gpj\/","title":{"rendered":"Petrobras (PETR4) e petroleiras privadas sobem no Ibovespa, com guerra em Israel"},"content":{"rendered":"<p>As a\u00e7\u00f5es preferenciais de&nbsp;<a href=\"https:\/\/www.suno.com.br\/acoes\/PETR4\/\" target=\"_blank\" rel=\"noreferrer noopener\"><strong>Petrobras&nbsp;<\/strong>(PETR4)<\/a>&nbsp;disparam nesta sexta-feira (13) no Ibovespa, liderando os ganhos do \u00edndice, em linha com a alta do petr\u00f3leo e com o mercado repercutindo a escalada da guerra entre Israel e Hamas, que entrou em seu s\u00e9timo dia. <\/p>\t<div class=\"wrapper-featured-image\">\n\t\t<figure class=\"spotlightImg\">\n\n\t\t\t<picture>\n\t\t\t\t<source media=\"(max-width: 768px)\" srcset=\"https:\/\/files.sunoresearch.com.br\/n\/uploads\/2023\/04\/edificio-sede-da-Petrobras-Edise-400x200.jpg\">\n\t\t\t\t<img loading=\"lazy\" decoding=\"async\" class=\"newsContent__article__imgCapa lazyloadDisabled \" src=\"https:\/\/files.sunoresearch.com.br\/n\/uploads\/2023\/04\/edificio-sede-da-Petrobras-Edise-800x450.jpg\" width=\"800\" height=\"450\" alt=\"Petrobras (PETR4) e petroleiras privadas sobem no Ibovespa, com guerra em Israel\" fetchpriority=high \/>\n\t\t\t<\/picture>\n\n\t\t\t<figcaption class=\"wp-caption-text wp-caption-text--show\">Petrobras (PETR4) - Foto: Ag\u00eancia Petrobras<\/figcaption>\n\t\t<\/figure>\n\t<\/div>\n\n\n\n\n\n\n\n\t<p>\n\t\t<a href=\"\" target=\"_blank\" data-element=\"shortcode-suno-banner\" title=\"Banner SUNO, clique e saiba mais\">\n\t\t\t<picture>\n\t\t\t\t<source media=\"(max-width: 500px)\" srcset=\"\">\n\t\t\t\t<img class=\"newsContent__article__imgCapa newsContent__article__imgCapa--banner\"\n\t\t\t\t\tsrc=\"\"\n\t\t\t\t\tdata-promo-id=\"254218\"\t\t\t\t\t\t\t\t\t\t\t\t\t\t\talt=\"\"\n\t\t\t\t>\n\t\t\t<\/picture>\n\t\t<\/a>\n\t<\/p>\n\n\n\n\n\n<p>Perto das 12h10, as\u00a0<strong>a\u00e7\u00f5es preferenciais de Petrobras<\/strong>\u00a0(PETR4) subiam 2,96%, cotadas a R$ 36,17, enquanto as ordin\u00e1rias avan\u00e7am 2,62%, a R$ 39,12. Pap\u00e9is das petroleiras privadas, ou junior oils, tamb\u00e9m dispararam em bloco. Confira:<\/p>\n\n\n\n<ul class=\"wp-block-list\">\n<li><strong>PRIO (PRIO3)<\/strong>: alta de 2,77%, a R$ 48,92;<\/li>\n\n\n\n<li><strong>PetroReconcavo (RECV3)<\/strong>: alta de 0,05%, a R$ 21,74;<\/li>\n\n\n\n<li><strong>3R Petroleum (RRRP3)<\/strong>: alta de 4,66%, a R$ 32,77.<\/li>\n<\/ul>\n\n\n\n<div class=\"pluginQuotation\">\n  <p class=\"ticker\">\n    Cota\u00e7\u00e3o <span>PETR4<\/span>\n  <\/p>\n  <div class=\"info\">\n    <div class=\"leftSide\">\n      Gr\u00e1fico gerado em: 13\/10\/2023    <\/div>\n\t\t\t\t\t<div class=\"rightSide\">\n\t\t\t\t\t<span class=\"period\">\n\t\t\t\t\t\t1 Dia\t\t\t\t\t<\/span>\n\t\t\t<\/div>\n\t\t  <\/div>\n\n  <div id=\"chart-3684655c2028e1ac28de408f6524cc04\" data-block-hash=\"3684655c2028e1ac28de408f6524cc04\"  class=\"chart\" style=\"width:100%;height:400px;\"><\/div>\n\n  <div class=\"pluginQuotation__footer\">\n    <div class=\"dataChart\">\n\n      <div class=\"dataChart__div1 variation\">\n        <div class=\"value-negative\">\n          0,00 (0,00%)        <\/div>\n        <div class=\"text\">\n          Varia\u00e7\u00e3o do per\u00edodo\n        <\/div>\n      <\/div>\n\n      <div class=\"dataChart__div2 minMax\">\n        <div class=\"value\">\n          R$\u00a035,93        <\/div>\n        <div class=\"text\">\n          M\u00ednima\n        <\/div>\n      <\/div>\n\n      <div class=\"dataChart__div3 minMax\">\n        <div class=\"value\">\n          R$\u00a036,16        <\/div>\n        <div class=\"text\">\n          M\u00e1xima\n        <\/div>\n      <\/div>\n\n\t\t\t<div class=\"dataChart__div4 rightSide\">\n\t\t\t\t<div class=\"analiticaSource\">\n\t\t\t\t\t<span>\n\t\t\t\t\t\tFonte:\n\t\t\t\t\t<\/span>\n\t\t\t\t\t<img decoding=\"async\" class=\"analiticaLogo\" src=\"https:\/\/www.suno.com.br\/noticias\/wp-content\/plugins\/suno-block-ticker-quotation\/src\/suno-analitica-logo.png\" alt=\"Logo Suno Anal\u00edtica\" \/>\n\t\t\t\t<\/div>\n\n\t\t\t\t<a href=\"https:\/\/www.suno.com.br\/analitica\/acoes\/PETR4\" target=\"_blank\">\n\t\t\t\t\t<span>\n\t\t\t\t\t\tVer mais cota\u00e7\u00f5es\n\t\t\t\t\t<\/span>\n\t\t\t\t\t<svg xmlns=\"http:\/\/www.w3.org\/2000\/svg\" width=\"9\" height=\"8\" viewBox=\"0 0 9 8\" fill=\"none\">\n\t\t\t\t\t\t<path d=\"M4.20996 0L3.50496 0.705L6.29496 3.5H0.209961V4.5H6.29496L3.50496 7.295L4.20996 8L8.20996 4L4.20996 0Z\" fill=\"#D42126\" \/>\n\t\t\t\t\t<\/svg>\n\t\t\t\t<\/a>\n    <\/div>\n\n    <\/div>\n  <\/div>\n<\/div>\n\n\n<script type=\"text\/javascript\">\n  let chart_3684655c2028e1ac28de408f6524cc04 = document.getElementById('chart-3684655c2028e1ac28de408f6524cc04');\n  let data_json_3684655c2028e1ac28de408f6524cc04 = \"[{\\\"date\\\":\\\"13\\\\\\\/10\\\\\\\/23 10:10\\\",\\\"value\\\":36.16},{\\\"date\\\":\\\"13\\\\\\\/10\\\\\\\/23 10:12\\\",\\\"value\\\":35.93},{\\\"date\\\":\\\"13\\\\\\\/10\\\\\\\/23 10:14\\\",\\\"value\\\":35.94},{\\\"date\\\":\\\"13\\\\\\\/10\\\\\\\/23 10:16\\\",\\\"value\\\":35.98},{\\\"date\\\":\\\"13\\\\\\\/10\\\\\\\/23 10:18\\\",\\\"value\\\":36.16}]\";\n  let isPositive_3684655c2028e1ac28de408f6524cc04 = true;\n\n  let color_3684655c2028e1ac28de408f6524cc04 = isPositive_3684655c2028e1ac28de408f6524cc04 ? '#3AB53A' : '#D92C2D';\n\n  let data_3684655c2028e1ac28de408f6524cc04 = JSON.parse(data_json_3684655c2028e1ac28de408f6524cc04);\n\n  const result_3684655c2028e1ac28de408f6524cc04 = {\n    date: [],\n    value: [],\n  };\n\n  data_3684655c2028e1ac28de408f6524cc04.forEach((item) => {\n    result_3684655c2028e1ac28de408f6524cc04.date.push(item.date);\n    result_3684655c2028e1ac28de408f6524cc04.value.push(Number(item.value));\n  });\n\n  let option_3684655c2028e1ac28de408f6524cc04 = {\n    \/\/ variavel de cor global\n    color: [color_3684655c2028e1ac28de408f6524cc04],\n    title: {\n      text: '',\n    },\n    tooltip: {\n      trigger: 'axis',\n      axisPointer: {\n        type: 'cross',\n        label: {\n          \/\/ cor dos valores em X e Y\n          backgroundColor: color_3684655c2028e1ac28de408f6524cc04,\n          formatter: (value) => {\n            if (typeof value.value === 'number') {\n              return Number(value.value).toLocaleString('pt-br', {\n                style: 'currency',\n                currency: 'BRL'\n              });\n            }\n            return value.value;\n          },\n        },\n      },\n      valueFormatter: (value) => Number(value).toLocaleString('pt-br', {\n        style: 'currency',\n        currency: 'BRL'\n      }),\n    },\n    legend: {\n      \/\/ data: ['Valor de Fechamento'],\n      show: false,\n    },\n    toolbox: {\n      feature: {\n        saveAsImage: {\n          show: false,\n        },\n      },\n    },\n    grid: {\n      left: '0px',\n      right: '0px',\n      bottom: '0px',\n      containLabel: true,\n    },\n    xAxis: [{\n      type: 'category',\n      data: result_3684655c2028e1ac28de408f6524cc04.date,\n      boundaryGap: true,\n    }],\n    yAxis: [{\n      type: 'value',\n      min: Math.min(...result_3684655c2028e1ac28de408f6524cc04.value),\n      max: Math.max(...result_3684655c2028e1ac28de408f6524cc04.value),\n      axisLabel: {\n        formatter: (value) => value.toLocaleString('pt-br', {\n          style: 'currency',\n          currency: 'BRL'\n        }),\n      },\n    }],\n    series: [{\n      name: 'Valor de Fechamento',\n      type: 'line',\n      stack: 'Total',\n      \/\/ cor do grafico\n      areaStyle: {},\n      emphasis: {\n        focus: 'series',\n      },\n      data: result_3684655c2028e1ac28de408f6524cc04.value,\n      \/\/ cor da linha\n      lineStyle: {\n        color: color_3684655c2028e1ac28de408f6524cc04,\n      },\n    }, ],\n  };\n\n\twindow.chart_3684655c2028e1ac28de408f6524cc04 = {\n\t\tel: chart_3684655c2028e1ac28de408f6524cc04,\n\t\toption: option_3684655c2028e1ac28de408f6524cc04\t};\n\n\n<\/script>\n\n\n\n<p>Segundo Andre Fernandes, head de renda vari\u00e1vel e s\u00f3cio da A7 Capital, boa parte da alta da Petrobras hoje se deve \u00e0 forte alta do petr\u00f3leo, que sobe com a escalada da<strong> guerra entre Israel e Hamas<\/strong>. <\/p>\n\n\n\n<p>&#8220;O barril de petr\u00f3leo tipo Brent, que \u00e9 a refer\u00eancia de petr\u00f3leo para a Petrobras, valoriza mais de 3%. Com isso, as a\u00e7\u00f5es est\u00e3o reagindo positivamente, mesmo com um clima de avers\u00e3o ao risco nos mercados globais, que est\u00e3o penalizando a\u00e7\u00f5es fora do setor de petr\u00f3leo&#8221;, destaca.<\/p>\n\n\n\n<p>Al\u00e9m disso, segundo o analista, o mercado teme que desdobramentos da guerra por outros pa\u00edses do Oriente M\u00e9dio no fim de semana possam acontecer. &#8220;O pior cen\u00e1rio seria o Ir\u00e3 se envolver diretamente na guerra, o que poderia elevar ainda mais as cota\u00e7\u00f5es do petr\u00f3leo, j\u00e1 que, em um evento de cauda como esse, o Ir\u00e3 poderia fechar o estreito de Ormuz, por onde passa mais de 30% da exporta\u00e7\u00e3o de petr\u00f3leo do mundo. Causaria um choque de oferta ainda maior, impactando o mercado como um todo&#8221;, completa.<\/p>\n\n\n\n<p>Nesta sexta-feira, o <strong>conflito em Israel<\/strong> chegou ao s\u00e9timo dia, com a informa\u00e7\u00e3o de que o governo israelense comunicou a Organiza\u00e7\u00e3o das Na\u00e7\u00f5es Unidas (ONU) sobre a ordem dada para os palestinos se deslocarem do norte para o sul da Faixa de Gaza dentro de 24 horas. Assim, com a indica\u00e7\u00e3o de que haveria uma grande invas\u00e3o por terra, o pre\u00e7o do Brent chegou a subir 4,10%.<\/p>\n\n\n\n<p>&#8220;N\u00e3o sabemos se o petr\u00f3leo ir\u00e1 se sustentar nesse patamar. Por\u00e9m, com o final de semana chegando, o temor de um agravamento nos ataques e, pior, um envolvimento dos pa\u00edses vizinhos seria prejudicial para o <a href=\"https:\/\/www.suno.com.br\/artigos\/preco-do-petroleo\/\">pre\u00e7o do petr\u00f3leo<\/a>, levando-o acima de US$ 90&#8243;, completa F\u00e1bio Lemos, s\u00f3cio da Fatorial Investimentos<\/p>\n\n\n\n\t<div data-element=\"shortcode-read-more\" class=\"readToo\">\n\t\t\t\t<span class=\"readToo__title\">Leia mais<\/span>\n\t\t\t\t<ul class=\"readToo__list\">\n\t\t\t<li><a href=\"https:\/\/www.suno.com.br\/noticias\/israel-guerra-hamas-mercado-gpj-2\/\">Guerra em Israel: como o conflito pode impactar os mercados?<\/a><\/li><li><a href=\"https:\/\/www.suno.com.br\/noticias\/guerra-israel-hamas-setimo-dia-gpj\/\">Guerra entre Israel e Hamas, dia 7: bomba explode perto de escola em Gaza; acaba ultimato para moradores no norte do territ\u00f3rio palestino<\/a><\/li><li><a href=\"https:\/\/www.suno.com.br\/noticias\/bolsas-asiaticas-europeias-ibovespa-gpj-2\/\">Bolsas asi\u00e1ticas e europeias caem nesta sexta; Ibovespa seguir\u00e1 mercado l\u00e1 fora?<\/a><\/li>\t\t<\/ul>\n\t<\/div>\n\n\n\n\n<h2 class=\"wp-block-heading\">Petrobras (PETR4): unidades de refino atingem patamar de 97% de utiliza\u00e7\u00e3o em setembro&nbsp;<\/h2>\n\n\n\n<p>A&nbsp;Petrobras informou na \u00faltima ter\u00e7a-feira (10) que suas unidades de refino atingiram, em setembro, o patamar de 97% de utiliza\u00e7\u00e3o pelo segundo m\u00eas consecutivo. Com isso, o Fator de Utiliza\u00e7\u00e3o Total (FUT) das refinarias no terceiro trimestre alcan\u00e7ou 95,8%, melhor resultado desde 2014.<\/p>\n\n\n\n<p>Ainda segundo a estatal, a&nbsp;<strong>Refinaria de Paul\u00ednia<\/strong>&nbsp;(Replan) bateu recorde de utiliza\u00e7\u00e3o, processando, em setembro, a m\u00e9dia de 427 milh\u00f5es de barris por dia (FUT de 98,4%), totalizando 12,8 milh\u00f5es de barris de petr\u00f3leo refinado, maior marca desde fevereiro de 2015.<\/p>\n\n\n\n<p>Tamb\u00e9m no terceiro trimestre, a Petrobras superou recordes na produ\u00e7\u00e3o de derivados. O&nbsp;<strong>diesel<\/strong>&nbsp;S-10 atingiu 464 milh\u00f5es de barris por dia ante 419 milh\u00f5es de barris por dia produzidos no segundo trimestre, e a&nbsp;<strong>gasolina<\/strong>&nbsp;alcan\u00e7ou 423 milh\u00f5es de barris por dia, melhor resultado desde o quarto trimestre de 2013.<\/p>\n\n\n\n<p>\u201cAs marcas expressivas de produ\u00e7\u00e3o de derivados no terceiro trimestre deste ano foram obtidas levando em conta a elevada confiabilidade e disponibilidade operacional das&nbsp;<strong>unidades de refino<\/strong>&nbsp;da companhia, conjugadas com a efici\u00eancia das opera\u00e7\u00f5es de log\u00edstica e de atendimento ao mercado, e suportadas por solu\u00e7\u00f5es robustas de tecnologia e digitaliza\u00e7\u00e3o de processos\u201d, disse a companhia.<\/p>\n\n\n\n<h2 class=\"wp-block-heading\">Petrobras (PETR4): estrat\u00e9gia comercial compensar\u00e1 volatilidade do petr\u00f3leo, diz Prates<\/h2>\n\n\n\n<p>O presidente da&nbsp;Petrobras, Jean Paul Prates, disse no in\u00edcio desta semana que o conflito no Oriente M\u00e9dio vai trazer mais volatilidade ao&nbsp;<a href=\"https:\/\/www.suno.com.br\/artigos\/preco-do-petroleo\/\">pre\u00e7o do petr\u00f3leo<\/a>, e que a nova estrat\u00e9gia comercial da companhia vai ajudar a mitigar uma eventual disparada no valor dos derivados, principalmente do diesel, que j\u00e1 vinha pressionado.<\/p>\n\n\n\n<p>No governo Luiz In\u00e1cio&nbsp;<strong>Lula<\/strong>&nbsp;da Silva, a Petrobras abandonou a pol\u00edtica de&nbsp;<strong>paridade de pre\u00e7o internacional (PPI)<\/strong>, criada no governo de Michel Temer e que considerava as cota\u00e7\u00f5es do petr\u00f3leo no&nbsp;<a href=\"https:\/\/www.suno.com.br\/artigos\/mercado-externo\/\">mercado externo<\/a>.<\/p>\n\n\n\n<p>\u201cProvavelmente vamos ter mais volatilidade no pre\u00e7o, o que vai salientar de novo a utilidade da pol\u00edtica de pre\u00e7os que a gente tem colocado em pr\u00e1tica com o governo federal\u201d, disse, ao chegar a evento promovido pelo consulado da Noruega no Copacabana Palace, no Rio.<\/p>\n\n\n\n<p>Prates destacou especialmente uma poss\u00edvel acelera\u00e7\u00e3o no pre\u00e7o do diesel, mas disse que ainda \u00e9 preciso acompanhar o desenrolar dos acontecimentos. \u201cN\u00e3o tem de fazer muito mais do que a gente est\u00e1 fazendo, tem de ir acompanhando os pre\u00e7os, principalmente do&nbsp;<strong>diesel<\/strong>, e ir se organizando\u201d, explicou. \u201cIsso n\u00e3o quer dizer que vamos fazer ajuste o tempo todo\u201d.<\/p>\n\n\n\t<p>\n\t\t<a href=\"https:\/\/lp.suno.com.br\/ebook-como-analisar-uma-acao\/\" target=\"_blank\" data-element=\"shortcode-suno-banner\" title=\"Banner SUNO, clique e saiba mais\">\n\t\t\t<picture>\n\t\t\t\t<source media=\"(max-width: 500px)\" srcset=\"https:\/\/files.sunoresearch.com.br\/n\/uploads\/2023\/03\/Ebook-Acoes-Mobile.jpg\">\n\t\t\t\t<img class=\"newsContent__article__imgCapa newsContent__article__imgCapa--banner\"\n\t\t\t\t\tsrc=\"https:\/\/files.sunoresearch.com.br\/n\/uploads\/2023\/03\/Ebook-Acoes-Desktop.jpg\"\n\t\t\t\t\tdata-promo-id=\"378302\"\t\t\t\t\t\t\t\t\t\twidth='1420' height='286'\t\t\t\t\talt=\"https:\/\/files.sunoresearch.com.br\/n\/uploads\/2023\/03\/Ebook-Acoes-Desktop.jpg\"\n\t\t\t\t>\n\t\t\t<\/picture>\n\t\t<\/a>\n\t<\/p>\n\n\n\n\n\n<h2 class=\"wp-block-heading\">Press\u00e3o<\/h2>\n\n\n\n<p>O conflito atual em Israel se soma \u00e0 recente decis\u00e3o dos governos de R\u00fassia e Ar\u00e1bia Saudita de reduzirem a produ\u00e7\u00e3o de petr\u00f3leo, numa tentativa de for\u00e7ar a subida dos pre\u00e7os. Juntos, os dois pa\u00edses respondem por uma redu\u00e7\u00e3o de 1,3 milh\u00e3o de barris por dia.<\/p>\n\n\n\n<p>O atual cen\u00e1rio global resulta em uma combina\u00e7\u00e3o perversa: queda na produ\u00e7\u00e3o com aumento da demanda, sobretudo vinda da China. \u201cA ficha do mercado caiu\u201d, afirma Walter de Vitto, economista e s\u00f3cio da Tend\u00eancias Consultoria. \u201cO mercado ficou deficit\u00e1rio. Est\u00e1 se consumindo mais do que produzindo. Isso vai levar a um enxugamento de estoques neste segundo semestre, e os pre\u00e7os est\u00e3o refletindo esse cen\u00e1rio\u201d.<\/p>\n\n\n\n<p>\u201cDepois da pandemia, a&nbsp;<strong>Opep<\/strong>&nbsp;fez cortes para ajustar o mercado. Houve um descasamento muito grande entre demanda e oferta naquele momento, e acumulou-se muito estoque\u201d, lembra o economista. \u201cQuando os estoques recuaram e estavam num n\u00edvel de maior equil\u00edbrio, (os pa\u00edses) come\u00e7aram a aumentar a produ\u00e7\u00e3o.\u201d<\/p>\n\n\n\n<p>Por ora, a expectativa \u00e9 de que os&nbsp;<strong>pre\u00e7os do petr\u00f3leo<\/strong>&nbsp;fiquem mais pressionados no&nbsp;<a href=\"https:\/\/www.suno.com.br\/artigos\/curto-prazo\/\">curto prazo<\/a>, mas h\u00e1 uma tend\u00eancia de arrefecimento na cota\u00e7\u00e3o. Em dezembro, a consultoria estima um relaxamento do corte de produ\u00e7\u00e3o e tamb\u00e9m trabalha com uma expectativa da queda da demanda diante da esperada desacelera\u00e7\u00e3o da economia mundial em 2024. \u201cOs estoques devem refletir um cen\u00e1rio de maior equil\u00edbrio do mercado\u201d, afirma de Vitto.<\/p>\n\n\n\n<p>O analista n\u00e3o acredita que a atual&nbsp;<strong>administra\u00e7\u00e3o da Petrobras<\/strong>&nbsp;adote uma pol\u00edtica parecida com a do governo Dilma Rousseff, de segurar repasses de pre\u00e7os e que provoca um descasamento muito grande com o cen\u00e1rio internacional. O \u00faltimo reajuste da companhia foi em 16 de agosto.<\/p>\n\n\n\t<p>\n\t\t<a href=\"https:\/\/lp.suno.com.br\/plataforma-de-controle-de-investimentos\/\" target=\"_blank\" data-element=\"shortcode-suno-banner\" title=\"Banner SUNO, clique e saiba mais\">\n\t\t\t<picture>\n\t\t\t\t<source media=\"(max-width: 500px)\" srcset=\"https:\/\/files.sunoresearch.com.br\/n\/uploads\/2023\/03\/400x300-Controle-de-Investimentos.png\">\n\t\t\t\t<img class=\"newsContent__article__imgCapa newsContent__article__imgCapa--banner\"\n\t\t\t\t\tsrc=\"https:\/\/files.sunoresearch.com.br\/n\/uploads\/2023\/03\/1420x240-Controle-de-Investimentos.png\"\n\t\t\t\t\tdata-promo-id=\"383162\"\t\t\t\t\t\t\t\t\t\twidth='1420' height='240'\t\t\t\t\talt=\"https:\/\/files.sunoresearch.com.br\/n\/uploads\/2023\/03\/1420x240-Controle-de-Investimentos.png\"\n\t\t\t\t>\n\t\t\t<\/picture>\n\t\t<\/a>\n\t<\/p>\n\n\n","protected":false},"excerpt":{"rendered":"<p>As a\u00e7\u00f5es preferenciais de&nbsp;Petrobras&nbsp;(PETR4)&nbsp;disparam nesta sexta-feira (13) no Ibovespa, liderando os ganhos do \u00edndice, em linha com a alta do petr\u00f3leo e com o mercado repercutindo a escalada da guerra entre Israel e Hamas, que entrou em seu s\u00e9timo dia. Petrobras (PETR4) &#8211; Foto: Ag\u00eancia Petrobras Perto das 12h10, as\u00a0a\u00e7\u00f5es preferenciais de Petrobras\u00a0(PETR4) subiam 2,96%, [&hellip;]<\/p>\n","protected":false},"author":313,"featured_media":385140,"comment_status":"closed","ping_status":"closed","sticky":false,"template":"","format":"standard","meta":[],"categories":[64],"tags":[105065,286,595,106252,107114],"suno_strategy":[],"class_list":["post-470545","post","type-post","status-publish","format-standard","has-post-thumbnail","hentry","category-negocios","tag-3r-petroleum-rrrp3","tag-acoes","tag-petrobras-petr4","tag-petroreconcavo-recv3","tag-prio-prio3"],"yoast_head":"<!-- This site is optimized with the Yoast SEO plugin v24.4 - https:\/\/yoast.com\/wordpress\/plugins\/seo\/ -->\n<title>Petrobras (PETR4) e petroleiras privadas sobem no Ibovespa; saiba mais<\/title>\n<meta name=\"description\" content=\"As a\u00e7\u00f5es preferenciais de\u00a0Petrobras\u00a0disparam nesta sexta-feira no Ibovespa, liderando os ganhos do \u00edndice, em linha com a alta do petr\u00f3leo.\" \/>\n<meta name=\"robots\" content=\"index, follow, max-snippet:-1, max-image-preview:large, max-video-preview:-1\" \/>\n<link rel=\"canonical\" href=\"https:\/\/www.suno.com.br\/noticias\/petrobras-petr4-ibovespa-guerra-israel-gpj\/\" \/>\n<meta property=\"og:locale\" content=\"pt_BR\" \/>\n<meta property=\"og:type\" content=\"article\" \/>\n<meta property=\"og:title\" content=\"Petrobras (PETR4) e petroleiras privadas sobem no Ibovespa; saiba mais\" \/>\n<meta property=\"og:description\" content=\"As a\u00e7\u00f5es preferenciais de\u00a0Petrobras\u00a0disparam nesta sexta-feira no Ibovespa, liderando os ganhos do \u00edndice, em linha com a alta do petr\u00f3leo.\" \/>\n<meta property=\"og:url\" content=\"https:\/\/www.suno.com.br\/noticias\/petrobras-petr4-ibovespa-guerra-israel-gpj\/\" \/>\n<meta property=\"og:site_name\" content=\"Suno Not\u00edcias\" \/>\n<meta property=\"article:publisher\" content=\"https:\/\/facebook.com\/sunoresearch\" \/>\n<meta property=\"og:image\" content=\"https:\/\/files.sunoresearch.com.br\/n\/uploads\/2023\/04\/edificio-sede-da-Petrobras-Edise.jpg\" \/>\n\t<meta property=\"og:image:width\" content=\"1200\" \/>\n\t<meta property=\"og:image:height\" content=\"800\" \/>\n\t<meta property=\"og:image:type\" content=\"image\/jpeg\" \/>\n<meta name=\"author\" content=\"Giovanni Porf\u00edrio Jacomino\" \/>\n<meta name=\"twitter:card\" content=\"summary_large_image\" \/>\n<meta name=\"twitter:creator\" content=\"@sunoresearch\" \/>\n<meta name=\"twitter:site\" content=\"@sunoresearch\" \/>\n<meta name=\"twitter:label1\" content=\"Escrito por\" \/>\n\t<meta name=\"twitter:data1\" content=\"Giovanni Porf\u00edrio Jacomino\" \/>\n\t<meta name=\"twitter:label2\" content=\"Est. tempo de leitura\" \/>\n\t<meta name=\"twitter:data2\" content=\"6 minutos\" \/>\n<script type=\"application\/ld+json\" class=\"yoast-schema-graph\">{\"@context\":\"https:\/\/schema.org\",\"@graph\":[{\"@type\":\"NewsArticle\",\"@id\":\"https:\/\/www.suno.com.br\/noticias\/petrobras-petr4-ibovespa-guerra-israel-gpj\/#article\",\"isPartOf\":{\"@id\":\"https:\/\/www.suno.com.br\/noticias\/petrobras-petr4-ibovespa-guerra-israel-gpj\/\"},\"author\":{\"name\":\"Giovanni Porf\u00edrio Jacomino\",\"@id\":\"https:\/\/www.suno.com.br\/noticias\/#\/schema\/person\/d0f32748bbca4bee871fa191ee4e2d40\"},\"headline\":\"Petrobras (PETR4) e petroleiras privadas sobem no Ibovespa, com guerra em Israel\",\"datePublished\":\"2023-10-13T15:30:46+00:00\",\"dateModified\":\"2023-10-13T15:30:54+00:00\",\"mainEntityOfPage\":{\"@id\":\"https:\/\/www.suno.com.br\/noticias\/petrobras-petr4-ibovespa-guerra-israel-gpj\/\"},\"wordCount\":1209,\"publisher\":{\"@id\":\"https:\/\/www.suno.com.br\/noticias\/#organization\"},\"image\":{\"@id\":\"https:\/\/www.suno.com.br\/noticias\/petrobras-petr4-ibovespa-guerra-israel-gpj\/#primaryimage\"},\"thumbnailUrl\":\"https:\/\/files.sunoresearch.com.br\/n\/uploads\/2023\/04\/edificio-sede-da-Petrobras-Edise.jpg\",\"keywords\":[\"3R Petroleum (RRRP3)\",\"A\u00e7\u00f5es\",\"Petrobras (PETR4)\",\"PetroRec\u00f4ncavo (RECV3)\",\"Prio (PRIO3)\"],\"articleSection\":[\"Neg\u00f3cios\"],\"inLanguage\":\"pt-BR\"},{\"@type\":\"WebPage\",\"@id\":\"https:\/\/www.suno.com.br\/noticias\/petrobras-petr4-ibovespa-guerra-israel-gpj\/\",\"url\":\"https:\/\/www.suno.com.br\/noticias\/petrobras-petr4-ibovespa-guerra-israel-gpj\/\",\"name\":\"Petrobras (PETR4) e petroleiras privadas sobem no Ibovespa; saiba mais\",\"isPartOf\":{\"@id\":\"https:\/\/www.suno.com.br\/noticias\/#website\"},\"primaryImageOfPage\":{\"@id\":\"https:\/\/www.suno.com.br\/noticias\/petrobras-petr4-ibovespa-guerra-israel-gpj\/#primaryimage\"},\"image\":{\"@id\":\"https:\/\/www.suno.com.br\/noticias\/petrobras-petr4-ibovespa-guerra-israel-gpj\/#primaryimage\"},\"thumbnailUrl\":\"https:\/\/files.sunoresearch.com.br\/n\/uploads\/2023\/04\/edificio-sede-da-Petrobras-Edise.jpg\",\"datePublished\":\"2023-10-13T15:30:46+00:00\",\"dateModified\":\"2023-10-13T15:30:54+00:00\",\"description\":\"As a\u00e7\u00f5es preferenciais de\u00a0Petrobras\u00a0disparam nesta sexta-feira no Ibovespa, liderando os ganhos do \u00edndice, em linha com a alta do petr\u00f3leo.\",\"breadcrumb\":{\"@id\":\"https:\/\/www.suno.com.br\/noticias\/petrobras-petr4-ibovespa-guerra-israel-gpj\/#breadcrumb\"},\"inLanguage\":\"pt-BR\",\"potentialAction\":[{\"@type\":\"ReadAction\",\"target\":[\"https:\/\/www.suno.com.br\/noticias\/petrobras-petr4-ibovespa-guerra-israel-gpj\/\"]}]},{\"@type\":\"ImageObject\",\"inLanguage\":\"pt-BR\",\"@id\":\"https:\/\/www.suno.com.br\/noticias\/petrobras-petr4-ibovespa-guerra-israel-gpj\/#primaryimage\",\"url\":\"https:\/\/files.sunoresearch.com.br\/n\/uploads\/2023\/04\/edificio-sede-da-Petrobras-Edise.jpg\",\"contentUrl\":\"https:\/\/files.sunoresearch.com.br\/n\/uploads\/2023\/04\/edificio-sede-da-Petrobras-Edise.jpg\",\"width\":1200,\"height\":800,\"caption\":\"Petrobras (PETR4) - Foto: Ag\u00eancia Petrobras\"},{\"@type\":\"BreadcrumbList\",\"@id\":\"https:\/\/www.suno.com.br\/noticias\/petrobras-petr4-ibovespa-guerra-israel-gpj\/#breadcrumb\",\"itemListElement\":[{\"@type\":\"ListItem\",\"position\":1,\"name\":\"Not\u00edcias\",\"item\":\"https:\/\/www.suno.com.br\/noticias\/\"},{\"@type\":\"ListItem\",\"position\":2,\"name\":\"Neg\u00f3cios\",\"item\":\"https:\/\/www.suno.com.br\/noticias\/negocios\/\"},{\"@type\":\"ListItem\",\"position\":3,\"name\":\"Petrobras (PETR4) e petroleiras privadas sobem no Ibovespa, com guerra em Israel\"}]},{\"@type\":\"WebSite\",\"@id\":\"https:\/\/www.suno.com.br\/noticias\/#website\",\"url\":\"https:\/\/www.suno.com.br\/noticias\/\",\"name\":\"Suno Not\u00edcias\",\"description\":\"Seu portal de informa\u00e7\u00e3o sobre o mundo dos investimentos\",\"publisher\":{\"@id\":\"https:\/\/www.suno.com.br\/noticias\/#organization\"},\"potentialAction\":[{\"@type\":\"SearchAction\",\"target\":{\"@type\":\"EntryPoint\",\"urlTemplate\":\"https:\/\/www.suno.com.br\/noticias\/?s={search_term_string}\"},\"query-input\":{\"@type\":\"PropertyValueSpecification\",\"valueRequired\":true,\"valueName\":\"search_term_string\"}}],\"inLanguage\":\"pt-BR\"},{\"@type\":\"Organization\",\"@id\":\"https:\/\/www.suno.com.br\/noticias\/#organization\",\"name\":\"Suno Not\u00edcias\",\"url\":\"https:\/\/www.suno.com.br\/noticias\/\",\"logo\":{\"@type\":\"ImageObject\",\"inLanguage\":\"pt-BR\",\"@id\":\"https:\/\/www.suno.com.br\/noticias\/#\/schema\/logo\/image\/\",\"url\":\"https:\/\/files.sunoresearch.com.br\/n\/uploads\/2021\/09\/suno-logo.png\",\"contentUrl\":\"https:\/\/files.sunoresearch.com.br\/n\/uploads\/2021\/09\/suno-logo.png\",\"width\":180,\"height\":180,\"caption\":\"Suno Not\u00edcias\"},\"image\":{\"@id\":\"https:\/\/www.suno.com.br\/noticias\/#\/schema\/logo\/image\/\"},\"sameAs\":[\"https:\/\/facebook.com\/sunoresearch\",\"https:\/\/x.com\/sunoresearch\",\"https:\/\/www.instagram.com\/suno\",\"https:\/\/www.linkedin.com\/company\/suno-research\/\",\"https:\/\/www.youtube.com\/c\/sunoresearch\"]},{\"@type\":\"Person\",\"@id\":\"https:\/\/www.suno.com.br\/noticias\/#\/schema\/person\/d0f32748bbca4bee871fa191ee4e2d40\",\"name\":\"Giovanni Porf\u00edrio Jacomino\",\"image\":{\"@type\":\"ImageObject\",\"inLanguage\":\"pt-BR\",\"@id\":\"https:\/\/www.suno.com.br\/noticias\/#\/schema\/person\/image\/\",\"url\":\"https:\/\/secure.gravatar.com\/avatar\/efb32e19b730a121cb7a80f41ffec01a?s=96&r=g\",\"contentUrl\":\"https:\/\/secure.gravatar.com\/avatar\/efb32e19b730a121cb7a80f41ffec01a?s=96&r=g\",\"caption\":\"Giovanni Porf\u00edrio Jacomino\"},\"description\":\"Giovanni Porf\u00edrio Jacomino \u00e9 jornalista formado pela Universidade Estadual de Londrina (UEL) e p\u00f3s-graduado em Produ\u00e7\u00e3o e Pr\u00e1ticas Jornal\u00edsticas na Contemporaneidade na Faculdade C\u00e1sper L\u00edbero (FCL). Foi editor web no Startupi e no Finsiders, atuando ainda como editor no TC Mover, portal de not\u00edcias da TradersClub, fazendo a cobertura de assuntos relacionados ao mercado financeiro interno e externo. Atualmente, \u00e9 Rep\u00f3rter do Suno Not\u00edcias.\",\"url\":\"https:\/\/www.suno.com.br\/noticias\/author\/giovanni-porfiriosuno-com-br\/\"}]}<\/script>\n<!-- \/ Yoast SEO plugin. -->","yoast_head_json":{"title":"Petrobras (PETR4) e petroleiras privadas sobem no Ibovespa; saiba mais","description":"As a\u00e7\u00f5es preferenciais de\u00a0Petrobras\u00a0disparam nesta sexta-feira no Ibovespa, liderando os ganhos do \u00edndice, em linha com a alta do petr\u00f3leo.","robots":{"index":"index","follow":"follow","max-snippet":"max-snippet:-1","max-image-preview":"max-image-preview:large","max-video-preview":"max-video-preview:-1"},"canonical":"https:\/\/www.suno.com.br\/noticias\/petrobras-petr4-ibovespa-guerra-israel-gpj\/","og_locale":"pt_BR","og_type":"article","og_title":"Petrobras (PETR4) e petroleiras privadas sobem no Ibovespa; saiba mais","og_description":"As a\u00e7\u00f5es preferenciais de\u00a0Petrobras\u00a0disparam nesta sexta-feira no Ibovespa, liderando os ganhos do \u00edndice, em linha com a alta do petr\u00f3leo.","og_url":"https:\/\/www.suno.com.br\/noticias\/petrobras-petr4-ibovespa-guerra-israel-gpj\/","og_site_name":"Suno Not\u00edcias","article_publisher":"https:\/\/facebook.com\/sunoresearch","og_image":[{"width":1200,"height":800,"url":"https:\/\/files.sunoresearch.com.br\/n\/uploads\/2023\/04\/edificio-sede-da-Petrobras-Edise.jpg","type":"image\/jpeg"}],"author":"Giovanni Porf\u00edrio Jacomino","twitter_card":"summary_large_image","twitter_creator":"@sunoresearch","twitter_site":"@sunoresearch","twitter_misc":{"Escrito por":"Giovanni Porf\u00edrio Jacomino","Est. tempo de leitura":"6 minutos"},"schema":{"@context":"https:\/\/schema.org","@graph":[{"@type":"NewsArticle","@id":"https:\/\/www.suno.com.br\/noticias\/petrobras-petr4-ibovespa-guerra-israel-gpj\/#article","isPartOf":{"@id":"https:\/\/www.suno.com.br\/noticias\/petrobras-petr4-ibovespa-guerra-israel-gpj\/"},"author":{"name":"Giovanni Porf\u00edrio Jacomino","@id":"https:\/\/www.suno.com.br\/noticias\/#\/schema\/person\/d0f32748bbca4bee871fa191ee4e2d40"},"headline":"Petrobras (PETR4) e petroleiras privadas sobem no Ibovespa, com guerra em Israel","datePublished":"2023-10-13T15:30:46+00:00","dateModified":"2023-10-13T15:30:54+00:00","mainEntityOfPage":{"@id":"https:\/\/www.suno.com.br\/noticias\/petrobras-petr4-ibovespa-guerra-israel-gpj\/"},"wordCount":1209,"publisher":{"@id":"https:\/\/www.suno.com.br\/noticias\/#organization"},"image":{"@id":"https:\/\/www.suno.com.br\/noticias\/petrobras-petr4-ibovespa-guerra-israel-gpj\/#primaryimage"},"thumbnailUrl":"https:\/\/files.sunoresearch.com.br\/n\/uploads\/2023\/04\/edificio-sede-da-Petrobras-Edise.jpg","keywords":["3R Petroleum (RRRP3)","A\u00e7\u00f5es","Petrobras (PETR4)","PetroRec\u00f4ncavo (RECV3)","Prio (PRIO3)"],"articleSection":["Neg\u00f3cios"],"inLanguage":"pt-BR"},{"@type":"WebPage","@id":"https:\/\/www.suno.com.br\/noticias\/petrobras-petr4-ibovespa-guerra-israel-gpj\/","url":"https:\/\/www.suno.com.br\/noticias\/petrobras-petr4-ibovespa-guerra-israel-gpj\/","name":"Petrobras (PETR4) e petroleiras privadas sobem no Ibovespa; saiba mais","isPartOf":{"@id":"https:\/\/www.suno.com.br\/noticias\/#website"},"primaryImageOfPage":{"@id":"https:\/\/www.suno.com.br\/noticias\/petrobras-petr4-ibovespa-guerra-israel-gpj\/#primaryimage"},"image":{"@id":"https:\/\/www.suno.com.br\/noticias\/petrobras-petr4-ibovespa-guerra-israel-gpj\/#primaryimage"},"thumbnailUrl":"https:\/\/files.sunoresearch.com.br\/n\/uploads\/2023\/04\/edificio-sede-da-Petrobras-Edise.jpg","datePublished":"2023-10-13T15:30:46+00:00","dateModified":"2023-10-13T15:30:54+00:00","description":"As a\u00e7\u00f5es preferenciais de\u00a0Petrobras\u00a0disparam nesta sexta-feira no Ibovespa, liderando os ganhos do \u00edndice, em linha com a alta do petr\u00f3leo.","breadcrumb":{"@id":"https:\/\/www.suno.com.br\/noticias\/petrobras-petr4-ibovespa-guerra-israel-gpj\/#breadcrumb"},"inLanguage":"pt-BR","potentialAction":[{"@type":"ReadAction","target":["https:\/\/www.suno.com.br\/noticias\/petrobras-petr4-ibovespa-guerra-israel-gpj\/"]}]},{"@type":"ImageObject","inLanguage":"pt-BR","@id":"https:\/\/www.suno.com.br\/noticias\/petrobras-petr4-ibovespa-guerra-israel-gpj\/#primaryimage","url":"https:\/\/files.sunoresearch.com.br\/n\/uploads\/2023\/04\/edificio-sede-da-Petrobras-Edise.jpg","contentUrl":"https:\/\/files.sunoresearch.com.br\/n\/uploads\/2023\/04\/edificio-sede-da-Petrobras-Edise.jpg","width":1200,"height":800,"caption":"Petrobras (PETR4) - Foto: Ag\u00eancia Petrobras"},{"@type":"BreadcrumbList","@id":"https:\/\/www.suno.com.br\/noticias\/petrobras-petr4-ibovespa-guerra-israel-gpj\/#breadcrumb","itemListElement":[{"@type":"ListItem","position":1,"name":"Not\u00edcias","item":"https:\/\/www.suno.com.br\/noticias\/"},{"@type":"ListItem","position":2,"name":"Neg\u00f3cios","item":"https:\/\/www.suno.com.br\/noticias\/negocios\/"},{"@type":"ListItem","position":3,"name":"Petrobras (PETR4) e petroleiras privadas sobem no Ibovespa, com guerra em Israel"}]},{"@type":"WebSite","@id":"https:\/\/www.suno.com.br\/noticias\/#website","url":"https:\/\/www.suno.com.br\/noticias\/","name":"Suno Not\u00edcias","description":"Seu portal de informa\u00e7\u00e3o sobre o mundo dos investimentos","publisher":{"@id":"https:\/\/www.suno.com.br\/noticias\/#organization"},"potentialAction":[{"@type":"SearchAction","target":{"@type":"EntryPoint","urlTemplate":"https:\/\/www.suno.com.br\/noticias\/?s={search_term_string}"},"query-input":{"@type":"PropertyValueSpecification","valueRequired":true,"valueName":"search_term_string"}}],"inLanguage":"pt-BR"},{"@type":"Organization","@id":"https:\/\/www.suno.com.br\/noticias\/#organization","name":"Suno Not\u00edcias","url":"https:\/\/www.suno.com.br\/noticias\/","logo":{"@type":"ImageObject","inLanguage":"pt-BR","@id":"https:\/\/www.suno.com.br\/noticias\/#\/schema\/logo\/image\/","url":"https:\/\/files.sunoresearch.com.br\/n\/uploads\/2021\/09\/suno-logo.png","contentUrl":"https:\/\/files.sunoresearch.com.br\/n\/uploads\/2021\/09\/suno-logo.png","width":180,"height":180,"caption":"Suno Not\u00edcias"},"image":{"@id":"https:\/\/www.suno.com.br\/noticias\/#\/schema\/logo\/image\/"},"sameAs":["https:\/\/facebook.com\/sunoresearch","https:\/\/x.com\/sunoresearch","https:\/\/www.instagram.com\/suno","https:\/\/www.linkedin.com\/company\/suno-research\/","https:\/\/www.youtube.com\/c\/sunoresearch"]},{"@type":"Person","@id":"https:\/\/www.suno.com.br\/noticias\/#\/schema\/person\/d0f32748bbca4bee871fa191ee4e2d40","name":"Giovanni Porf\u00edrio Jacomino","image":{"@type":"ImageObject","inLanguage":"pt-BR","@id":"https:\/\/www.suno.com.br\/noticias\/#\/schema\/person\/image\/","url":"https:\/\/secure.gravatar.com\/avatar\/efb32e19b730a121cb7a80f41ffec01a?s=96&r=g","contentUrl":"https:\/\/secure.gravatar.com\/avatar\/efb32e19b730a121cb7a80f41ffec01a?s=96&r=g","caption":"Giovanni Porf\u00edrio Jacomino"},"description":"Giovanni Porf\u00edrio Jacomino \u00e9 jornalista formado pela Universidade Estadual de Londrina (UEL) e p\u00f3s-graduado em Produ\u00e7\u00e3o e Pr\u00e1ticas Jornal\u00edsticas na Contemporaneidade na Faculdade C\u00e1sper L\u00edbero (FCL). Foi editor web no Startupi e no Finsiders, atuando ainda como editor no TC Mover, portal de not\u00edcias da TradersClub, fazendo a cobertura de assuntos relacionados ao mercado financeiro interno e externo. Atualmente, \u00e9 Rep\u00f3rter do Suno Not\u00edcias.","url":"https:\/\/www.suno.com.br\/noticias\/author\/giovanni-porfiriosuno-com-br\/"}]}},"default_loop_html":"<div class=\"cardsPage__listCard__boxs\"><div class=\"cardsPage__listCard__boxs__img\"><a href=\"https:\/\/www.suno.com.br\/noticias\/petrobras-petr4-ibovespa-guerra-israel-gpj\/\"><img class=\"mask\" src=\"https:\/\/www.suno.com.br\/noticias\/wp-content\/themes\/suno\/resources\/images\/spotlight\/spotlight1img\/bg-mask.png\" alt=\"Image Mask\"\/><img src=\"https:\/\/files.sunoresearch.com.br\/n\/uploads\/2023\/04\/edificio-sede-da-Petrobras-Edise-400x200.jpg\" alt=\"Petrobras (PETR4) e petroleiras privadas sobem no Ibovespa, com guerra em Israel\"\/><\/a><span class=\"spotlightCategory\"><a href=\"https:\/\/www.suno.com.br\/noticias\/negocios\/\">Neg\u00f3cios<\/a><\/span><\/div><div class=\"cardsPage__listCard__boxs__content\"><a href=\"https:\/\/www.suno.com.br\/noticias\/petrobras-petr4-ibovespa-guerra-israel-gpj\/\"><h2 class=\"content__title\">Petrobras (PETR4) e petroleiras privadas sobem no Ibovespa, com guerra em Israel<\/h2><\/a><div class=\"newsContent__article__meta\"><div class=\"newsContent__article__meta__authorBox\"><a href=\"https:\/\/www.suno.com.br\/noticias\/author\/redacao-suno\/\" class=\"authorBox__avatar noMobi\"><img src=\"https:\/\/files.sunoresearch.com.br\/n\/uploads\/2020\/08\/0ace682d-redacao-1-150x150.webp\" alt=\"Reda\u00e7\u00e3o Suno Not\u00edcias\"><\/a><div class=\"authorBox__name\"><span>por\n\t\t\t<a href=\"https:\/\/www.suno.com.br\/noticias\/author\/redacao-suno\/\"><span itemprop=\"author\">Reda\u00e7\u00e3o Suno Not\u00edcias<\/span><\/a><\/span><time datetime=\"2023-10-13T12:30:46-03:00\" itemprop=\"datePublished\">13\/10\/2023 12:30<\/time><\/div><\/div><\/div><\/div><\/div>","single_layout":"posts","amp_enabled":true,"_links":{"self":[{"href":"https:\/\/www.suno.com.br\/noticias\/wp-json\/wp\/v2\/posts\/470545"}],"collection":[{"href":"https:\/\/www.suno.com.br\/noticias\/wp-json\/wp\/v2\/posts"}],"about":[{"href":"https:\/\/www.suno.com.br\/noticias\/wp-json\/wp\/v2\/types\/post"}],"author":[{"embeddable":true,"href":"https:\/\/www.suno.com.br\/noticias\/wp-json\/wp\/v2\/users\/313"}],"replies":[{"embeddable":true,"href":"https:\/\/www.suno.com.br\/noticias\/wp-json\/wp\/v2\/comments?post=470545"}],"version-history":[{"count":2,"href":"https:\/\/www.suno.com.br\/noticias\/wp-json\/wp\/v2\/posts\/470545\/revisions"}],"predecessor-version":[{"id":470562,"href":"https:\/\/www.suno.com.br\/noticias\/wp-json\/wp\/v2\/posts\/470545\/revisions\/470562"}],"wp:featuredmedia":[{"embeddable":true,"href":"https:\/\/www.suno.com.br\/noticias\/wp-json\/wp\/v2\/media\/385140"}],"wp:attachment":[{"href":"https:\/\/www.suno.com.br\/noticias\/wp-json\/wp\/v2\/media?parent=470545"}],"wp:term":[{"taxonomy":"category","embeddable":true,"href":"https:\/\/www.suno.com.br\/noticias\/wp-json\/wp\/v2\/categories?post=470545"},{"taxonomy":"post_tag","embeddable":true,"href":"https:\/\/www.suno.com.br\/noticias\/wp-json\/wp\/v2\/tags?post=470545"},{"taxonomy":"suno_strategy","embeddable":true,"href":"https:\/\/www.suno.com.br\/noticias\/wp-json\/wp\/v2\/suno_strategy?post=470545"}],"curies":[{"name":"wp","href":"https:\/\/api.w.org\/{rel}","templated":true}]}}