{"id":47053,"date":"2019-12-06T21:46:04","date_gmt":"2019-12-06T23:46:04","guid":{"rendered":"https:\/\/www.suno.com.br\/noticias\/?p=47053"},"modified":"2019-12-06T21:46:04","modified_gmt":"2019-12-06T23:46:04","slug":"ccr-aprova-emissao-debentures","status":"publish","type":"post","link":"https:\/\/www.suno.com.br\/noticias\/ccr-aprova-emissao-debentures\/","title":{"rendered":"CCR aprova sua 12\u00aa emiss\u00e3o de deb\u00eantures em R$ 800 mi"},"content":{"rendered":"<p>A <strong>CCR<\/strong> (<strong>CCRO3<\/strong>) informou por meio de comunicado enviado ao mercado nesta sexta-feira (6), que aprovou a sua 12\u00aa emiss\u00e3o de <a href=\"https:\/\/www.suno.com.br\/artigos\/o-que-sao-debentures\/\"><strong>deb\u00eantures<\/strong> <\/a>no valor de R$ 800 milh\u00f5es.<\/p>\t<div class=\"wrapper-featured-image\">\n\t\t<figure class=\"spotlightImg\">\n\n\t\t\t<picture>\n\t\t\t\t<source media=\"(max-width: 768px)\" srcset=\"https:\/\/files.sunoresearch.com.br\/n\/uploads\/2019\/09\/2195feea-ccr-400x200.webp\">\n\t\t\t\t<img loading=\"lazy\" decoding=\"async\" class=\"newsContent__article__imgCapa lazyloadDisabled newsContent__article__imgCapa--noCaption\" src=\"https:\/\/files.sunoresearch.com.br\/n\/uploads\/2019\/09\/2195feea-ccr-jpg.webp\" width=\"800\" height=\"450\" alt=\"CCR aprova sua 12\u00aa emiss\u00e3o de deb\u00eantures em R$ 800 mi\" fetchpriority=high \/>\n\t\t\t<\/picture>\n\n\t\t\t<figcaption class=\"wp-caption-text wp-caption-text--hide\">CCR (CCR03) ir\u00e1 emitir R$ 960 milh\u00f5es em deb\u00eantures<\/figcaption>\n\t\t<\/figure>\n\t<\/div>\n\n\n\n<p>De acordo com a <strong>CCR<\/strong>, o objetivo da opera\u00e7\u00e3o \u00e9 o de refor\u00e7ar seu pr\u00f3prio caixa. Al\u00e9m disso, a data de vencimento dos t\u00edtulos \u00e9 a de 16 de dezembro de 2025.<\/p>\n<p><a href=\"https:\/\/www.suno.com.br\/noticias\/jbs-possivel-listagem-eua\/\">Leia tamb\u00e9m: JBS nega motiva\u00e7\u00e3o em vantagens fiscais em poss\u00edvel listagem nos EUA<\/a><\/p>\n<h2>Lucro l\u00edquido da CCR no 3T19<\/h2>\n<p>O grupo CCR, um dos maiores em administra\u00e7\u00e3o de rodovias do Pa\u00eds, divulgou seu resultado trimestral. O<strong><a href=\"https:\/\/www.suno.com.br\/artigos\/lucro-liquido\/\"> lucro l\u00edquido<\/a><\/strong> da administradora ficou em R$ 340,2 milh\u00f5es, valor equivalente a uma queda de 6,9%, em compara\u00e7\u00e3o com o mesmo per\u00edodo no ano anterior.<\/p>\n<p><a href=\"https:\/\/www.suno.com.br\/noticias\/ccr-lucro-liquido-teceiro-trimestre-queda\/\">Saiba mais: CCR registra lucro l\u00edquido de R$ 340,2 milh\u00f5es no 3T19, queda de 6,9%<\/a><\/p>\n<p>A <strong><a href=\"https:\/\/www.suno.com.br\/artigos\/o-que-receita-liquida\/\">receita l\u00edquida<\/a><\/strong> do grupo <strong>CCR<\/strong> registrou R$2,41 bilh\u00f5es, alta de 15,3%. O tr\u00e1fego consolidado avan\u00e7ou 6% devido a nova opera\u00e7\u00e3o da ViaSul. O <strong><a href=\"https:\/\/www.suno.com.br\/artigos\/ebitda\/\">Ebtida<\/a><\/strong>, lucro antes de juros, impostos, deprecia\u00e7\u00e3o e amortiza\u00e7\u00e3o, registrou alta de 16,4% ficando em R$ 1,4 bilh\u00e3o.<\/p>\n\t<p>\n\t\t<a href=\"https:\/\/lp.suno.com.br\/ao\/sessao-estrategica-consultoria-c\/?utm_source=suno-noticias&#038;utm_medium=banner&#038;utm_campaing=dividendos-taxacao-pl\" target=\"_blank\" data-element=\"shortcode-suno-banner\" title=\"Banner SUNO, clique e saiba mais\">\n\t\t\t<picture>\n\t\t\t\t<source media=\"(max-width: 500px)\" srcset=\"https:\/\/files.sunoresearch.com.br\/n\/uploads\/2025\/09\/300x400.webp\">\n\t\t\t\t<img class=\"newsContent__article__imgCapa newsContent__article__imgCapa--banner\"\n\t\t\t\t\tsrc=\"https:\/\/files.sunoresearch.com.br\/n\/uploads\/2025\/09\/SN-DT-1420x240-1.webp\"\n\t\t\t\t\tdata-promo-id=\"628283\"\t\t\t\t\t\t\t\t\t\twidth='1420' height='240'\t\t\t\t\talt=\"https:\/\/files.sunoresearch.com.br\/n\/uploads\/2025\/09\/SN-DT-1420x240-1.webp\"\n\t\t\t\t>\n\t\t\t<\/picture>\n\t\t<\/a>\n\t<\/p>\n\n\n<p>De acordo com as expectativas dos analistas, o Ebtida ficou abaixo do $ 1,63 bilh\u00e3o projetado.\u00a0Por sua vez, a <a href=\"https:\/\/www.suno.com.br\/artigos\/indicadores-financeiros\/\">margem Ebtida<\/a> subiu 3,2 pontos percentuais, para 63,4%.<\/p>\n<p>O grupo ressaltou que a mobilidade urbana demonstrou um crescimento no n\u00famero de passageiros.<\/p>\n<ul>\n<li><strong>Via<\/strong> <strong>Quatro<\/strong>: A quantidade de passageiros transportados foi positivamente impactada pela inaugura\u00e7\u00e3o da Morumbi<\/li>\n<li><strong>Metr\u00f4<\/strong> <strong>Bahia<\/strong>: O crescimento da demanda foi influenciado pela estrat\u00e9gia de divulga\u00e7\u00e3o e capta\u00e7\u00e3o de usu\u00e1rios.<\/li>\n<li><strong>VLT<\/strong>: O aumento da demanda entre os per\u00edodos deve-se \u00e0 eventos que ocorreram no Rio de Janeiro<\/li>\n<li><strong>ViaMobilidade Linha<\/strong> <strong>5<\/strong>: Iniciou-se a opera\u00e7\u00e3o comercial da linhas 5, com 12 esta\u00e7\u00f5es.<\/li>\n<\/ul>\n<h2>Empresa registrou lucro l\u00edquido de R$ 347,7 milh\u00f5es no 2T19<\/h2>\n<p>O grupo <strong>CCR<\/strong> registrou lucro l\u00edquido de R$ 347,7 milh\u00f5es no segundo trimestre deste ano. O aumento percentual foi de 25,1% em compara\u00e7\u00e3o ao mesmo per\u00edodo de 2018. No ano passado, os resultados da empresa ca\u00edram por conta, principalmente, da greve dos caminhoneiros.<\/p>\n","protected":false},"excerpt":{"rendered":"<p>A CCR (CCRO3) informou por meio de comunicado enviado ao mercado nesta sexta-feira (6), que aprovou a sua 12\u00aa emiss\u00e3o de deb\u00eantures no valor de R$ 800 milh\u00f5es. CCR (CCR03) ir\u00e1 emitir R$ 960 milh\u00f5es em deb\u00eantures De acordo com a CCR, o objetivo da opera\u00e7\u00e3o \u00e9 o de refor\u00e7ar seu pr\u00f3prio caixa. Al\u00e9m disso, [&hellip;]<\/p>\n","protected":false},"author":23,"featured_media":39147,"comment_status":"closed","ping_status":"closed","sticky":false,"template":"","format":"standard","meta":[],"categories":[64],"tags":[407,1151],"suno_strategy":[],"class_list":["post-47053","post","type-post","status-publish","format-standard","has-post-thumbnail","hentry","category-negocios","tag-ccr-ccro3","tag-debentures"],"yoast_head":"<!-- This site is optimized with the Yoast SEO plugin v24.4 - https:\/\/yoast.com\/wordpress\/plugins\/seo\/ -->\n<title>CCR aprova sua 12\u00aa emiss\u00e3o de deb\u00eantures em R$ 800 mi<\/title>\n<meta name=\"description\" content=\"A CCR informou, por meio de comunicado enviado ao mercado, que aprovou a sua 12\u00aa emiss\u00e3o de deb\u00eantures no valor de R$ 800 mi. Clique para mais\" \/>\n<meta name=\"robots\" content=\"index, follow, max-snippet:-1, max-image-preview:large, max-video-preview:-1\" \/>\n<link rel=\"canonical\" href=\"https:\/\/www.suno.com.br\/noticias\/ccr-aprova-emissao-debentures\/\" \/>\n<meta property=\"og:locale\" content=\"pt_BR\" \/>\n<meta property=\"og:type\" content=\"article\" \/>\n<meta property=\"og:title\" content=\"CCR aprova sua 12\u00aa emiss\u00e3o de deb\u00eantures em R$ 800 mi\" \/>\n<meta property=\"og:description\" content=\"A CCR informou, por meio de comunicado enviado ao mercado, que aprovou a sua 12\u00aa emiss\u00e3o de deb\u00eantures no valor de R$ 800 mi. Clique para mais\" \/>\n<meta property=\"og:url\" content=\"https:\/\/www.suno.com.br\/noticias\/ccr-aprova-emissao-debentures\/\" \/>\n<meta property=\"og:site_name\" content=\"Suno Not\u00edcias\" \/>\n<meta property=\"article:publisher\" content=\"https:\/\/facebook.com\/sunoresearch\" \/>\n<meta property=\"og:image\" content=\"https:\/\/files.sunoresearch.com.br\/n\/uploads\/2019\/09\/2195feea-ccr.jpg\" \/>\n\t<meta property=\"og:image:width\" content=\"696\" \/>\n\t<meta property=\"og:image:height\" content=\"392\" \/>\n\t<meta property=\"og:image:type\" content=\"image\/jpeg\" \/>\n<meta name=\"author\" content=\"Rafael Lara\" \/>\n<meta name=\"twitter:card\" content=\"summary_large_image\" \/>\n<meta name=\"twitter:creator\" content=\"@sunoresearch\" \/>\n<meta name=\"twitter:site\" content=\"@sunoresearch\" \/>\n<meta name=\"twitter:label1\" content=\"Escrito por\" \/>\n\t<meta name=\"twitter:data1\" content=\"Rafael Lara\" \/>\n\t<meta name=\"twitter:label2\" content=\"Est. tempo de leitura\" \/>\n\t<meta name=\"twitter:data2\" content=\"2 minutos\" \/>\n<script type=\"application\/ld+json\" class=\"yoast-schema-graph\">{\"@context\":\"https:\/\/schema.org\",\"@graph\":[{\"@type\":\"NewsArticle\",\"@id\":\"https:\/\/www.suno.com.br\/noticias\/ccr-aprova-emissao-debentures\/#article\",\"isPartOf\":{\"@id\":\"https:\/\/www.suno.com.br\/noticias\/ccr-aprova-emissao-debentures\/\"},\"author\":{\"name\":\"Rafael Lara\",\"@id\":\"https:\/\/www.suno.com.br\/noticias\/#\/schema\/person\/098743caeed97b37f51315c9576c4078\"},\"headline\":\"CCR aprova sua 12\u00aa emiss\u00e3o de deb\u00eantures em R$ 800 mi\",\"datePublished\":\"2019-12-06T23:46:04+00:00\",\"mainEntityOfPage\":{\"@id\":\"https:\/\/www.suno.com.br\/noticias\/ccr-aprova-emissao-debentures\/\"},\"wordCount\":367,\"publisher\":{\"@id\":\"https:\/\/www.suno.com.br\/noticias\/#organization\"},\"image\":{\"@id\":\"https:\/\/www.suno.com.br\/noticias\/ccr-aprova-emissao-debentures\/#primaryimage\"},\"thumbnailUrl\":\"https:\/\/files.sunoresearch.com.br\/n\/uploads\/2019\/09\/2195feea-ccr-jpg.webp\",\"keywords\":[\"CCR (CCRO3)\",\"deb\u00eantures\"],\"articleSection\":[\"Neg\u00f3cios\"],\"inLanguage\":\"pt-BR\"},{\"@type\":\"WebPage\",\"@id\":\"https:\/\/www.suno.com.br\/noticias\/ccr-aprova-emissao-debentures\/\",\"url\":\"https:\/\/www.suno.com.br\/noticias\/ccr-aprova-emissao-debentures\/\",\"name\":\"CCR aprova sua 12\u00aa emiss\u00e3o de deb\u00eantures em R$ 800 mi\",\"isPartOf\":{\"@id\":\"https:\/\/www.suno.com.br\/noticias\/#website\"},\"primaryImageOfPage\":{\"@id\":\"https:\/\/www.suno.com.br\/noticias\/ccr-aprova-emissao-debentures\/#primaryimage\"},\"image\":{\"@id\":\"https:\/\/www.suno.com.br\/noticias\/ccr-aprova-emissao-debentures\/#primaryimage\"},\"thumbnailUrl\":\"https:\/\/files.sunoresearch.com.br\/n\/uploads\/2019\/09\/2195feea-ccr-jpg.webp\",\"datePublished\":\"2019-12-06T23:46:04+00:00\",\"description\":\"A CCR informou, por meio de comunicado enviado ao mercado, que aprovou a sua 12\u00aa emiss\u00e3o de deb\u00eantures no valor de R$ 800 mi. Clique para mais\",\"breadcrumb\":{\"@id\":\"https:\/\/www.suno.com.br\/noticias\/ccr-aprova-emissao-debentures\/#breadcrumb\"},\"inLanguage\":\"pt-BR\",\"potentialAction\":[{\"@type\":\"ReadAction\",\"target\":[\"https:\/\/www.suno.com.br\/noticias\/ccr-aprova-emissao-debentures\/\"]}]},{\"@type\":\"ImageObject\",\"inLanguage\":\"pt-BR\",\"@id\":\"https:\/\/www.suno.com.br\/noticias\/ccr-aprova-emissao-debentures\/#primaryimage\",\"url\":\"https:\/\/files.sunoresearch.com.br\/n\/uploads\/2019\/09\/2195feea-ccr-jpg.webp\",\"contentUrl\":\"https:\/\/files.sunoresearch.com.br\/n\/uploads\/2019\/09\/2195feea-ccr-jpg.webp\",\"width\":696,\"height\":392,\"caption\":\"CCR (CCR03) ir\u00e1 emitir R$ 960 milh\u00f5es em deb\u00eantures\"},{\"@type\":\"BreadcrumbList\",\"@id\":\"https:\/\/www.suno.com.br\/noticias\/ccr-aprova-emissao-debentures\/#breadcrumb\",\"itemListElement\":[{\"@type\":\"ListItem\",\"position\":1,\"name\":\"Not\u00edcias\",\"item\":\"https:\/\/www.suno.com.br\/noticias\/\"},{\"@type\":\"ListItem\",\"position\":2,\"name\":\"Neg\u00f3cios\",\"item\":\"https:\/\/www.suno.com.br\/noticias\/negocios\/\"},{\"@type\":\"ListItem\",\"position\":3,\"name\":\"CCR aprova sua 12\u00aa emiss\u00e3o de deb\u00eantures em R$ 800 mi\"}]},{\"@type\":\"WebSite\",\"@id\":\"https:\/\/www.suno.com.br\/noticias\/#website\",\"url\":\"https:\/\/www.suno.com.br\/noticias\/\",\"name\":\"Suno Not\u00edcias\",\"description\":\"Seu portal de informa\u00e7\u00e3o sobre o mundo dos investimentos\",\"publisher\":{\"@id\":\"https:\/\/www.suno.com.br\/noticias\/#organization\"},\"potentialAction\":[{\"@type\":\"SearchAction\",\"target\":{\"@type\":\"EntryPoint\",\"urlTemplate\":\"https:\/\/www.suno.com.br\/noticias\/?s={search_term_string}\"},\"query-input\":{\"@type\":\"PropertyValueSpecification\",\"valueRequired\":true,\"valueName\":\"search_term_string\"}}],\"inLanguage\":\"pt-BR\"},{\"@type\":\"Organization\",\"@id\":\"https:\/\/www.suno.com.br\/noticias\/#organization\",\"name\":\"Suno Not\u00edcias\",\"url\":\"https:\/\/www.suno.com.br\/noticias\/\",\"logo\":{\"@type\":\"ImageObject\",\"inLanguage\":\"pt-BR\",\"@id\":\"https:\/\/www.suno.com.br\/noticias\/#\/schema\/logo\/image\/\",\"url\":\"https:\/\/files.sunoresearch.com.br\/n\/uploads\/2021\/09\/suno-logo.png\",\"contentUrl\":\"https:\/\/files.sunoresearch.com.br\/n\/uploads\/2021\/09\/suno-logo.png\",\"width\":180,\"height\":180,\"caption\":\"Suno Not\u00edcias\"},\"image\":{\"@id\":\"https:\/\/www.suno.com.br\/noticias\/#\/schema\/logo\/image\/\"},\"sameAs\":[\"https:\/\/facebook.com\/sunoresearch\",\"https:\/\/x.com\/sunoresearch\",\"https:\/\/www.instagram.com\/suno\",\"https:\/\/www.linkedin.com\/company\/suno-research\/\",\"https:\/\/www.youtube.com\/c\/sunoresearch\"]},{\"@type\":\"Person\",\"@id\":\"https:\/\/www.suno.com.br\/noticias\/#\/schema\/person\/098743caeed97b37f51315c9576c4078\",\"name\":\"Rafael Lara\",\"image\":{\"@type\":\"ImageObject\",\"inLanguage\":\"pt-BR\",\"@id\":\"https:\/\/www.suno.com.br\/noticias\/#\/schema\/person\/image\/\",\"url\":\"https:\/\/secure.gravatar.com\/avatar\/dfc254ab9bb2ea1895d98b9e9dae4bdd?s=96&r=g\",\"contentUrl\":\"https:\/\/secure.gravatar.com\/avatar\/dfc254ab9bb2ea1895d98b9e9dae4bdd?s=96&r=g\",\"caption\":\"Rafael Lara\"},\"description\":\"Rafael Lara cursa jornalismo na Faculdade C\u00e1sper L\u00edbero. Escreve sobre pol\u00edtica, economia e neg\u00f3cios para o portal Suno Not\u00edcias. Antes, colaborou na TV Gazeta na produ\u00e7\u00e3o do programa Edi\u00e7\u00e3o Extra.\",\"url\":\"https:\/\/www.suno.com.br\/noticias\/author\/rafael\/\"}]}<\/script>\n<!-- \/ Yoast SEO plugin. -->","yoast_head_json":{"title":"CCR aprova sua 12\u00aa emiss\u00e3o de deb\u00eantures em R$ 800 mi","description":"A CCR informou, por meio de comunicado enviado ao mercado, que aprovou a sua 12\u00aa emiss\u00e3o de deb\u00eantures no valor de R$ 800 mi. Clique para mais","robots":{"index":"index","follow":"follow","max-snippet":"max-snippet:-1","max-image-preview":"max-image-preview:large","max-video-preview":"max-video-preview:-1"},"canonical":"https:\/\/www.suno.com.br\/noticias\/ccr-aprova-emissao-debentures\/","og_locale":"pt_BR","og_type":"article","og_title":"CCR aprova sua 12\u00aa emiss\u00e3o de deb\u00eantures em R$ 800 mi","og_description":"A CCR informou, por meio de comunicado enviado ao mercado, que aprovou a sua 12\u00aa emiss\u00e3o de deb\u00eantures no valor de R$ 800 mi. Clique para mais","og_url":"https:\/\/www.suno.com.br\/noticias\/ccr-aprova-emissao-debentures\/","og_site_name":"Suno Not\u00edcias","article_publisher":"https:\/\/facebook.com\/sunoresearch","og_image":[{"width":696,"height":392,"url":"https:\/\/files.sunoresearch.com.br\/n\/uploads\/2019\/09\/2195feea-ccr.jpg","type":"image\/jpeg"}],"author":"Rafael Lara","twitter_card":"summary_large_image","twitter_creator":"@sunoresearch","twitter_site":"@sunoresearch","twitter_misc":{"Escrito por":"Rafael Lara","Est. tempo de leitura":"2 minutos"},"schema":{"@context":"https:\/\/schema.org","@graph":[{"@type":"NewsArticle","@id":"https:\/\/www.suno.com.br\/noticias\/ccr-aprova-emissao-debentures\/#article","isPartOf":{"@id":"https:\/\/www.suno.com.br\/noticias\/ccr-aprova-emissao-debentures\/"},"author":{"name":"Rafael Lara","@id":"https:\/\/www.suno.com.br\/noticias\/#\/schema\/person\/098743caeed97b37f51315c9576c4078"},"headline":"CCR aprova sua 12\u00aa emiss\u00e3o de deb\u00eantures em R$ 800 mi","datePublished":"2019-12-06T23:46:04+00:00","mainEntityOfPage":{"@id":"https:\/\/www.suno.com.br\/noticias\/ccr-aprova-emissao-debentures\/"},"wordCount":367,"publisher":{"@id":"https:\/\/www.suno.com.br\/noticias\/#organization"},"image":{"@id":"https:\/\/www.suno.com.br\/noticias\/ccr-aprova-emissao-debentures\/#primaryimage"},"thumbnailUrl":"https:\/\/files.sunoresearch.com.br\/n\/uploads\/2019\/09\/2195feea-ccr-jpg.webp","keywords":["CCR (CCRO3)","deb\u00eantures"],"articleSection":["Neg\u00f3cios"],"inLanguage":"pt-BR"},{"@type":"WebPage","@id":"https:\/\/www.suno.com.br\/noticias\/ccr-aprova-emissao-debentures\/","url":"https:\/\/www.suno.com.br\/noticias\/ccr-aprova-emissao-debentures\/","name":"CCR aprova sua 12\u00aa emiss\u00e3o de deb\u00eantures em R$ 800 mi","isPartOf":{"@id":"https:\/\/www.suno.com.br\/noticias\/#website"},"primaryImageOfPage":{"@id":"https:\/\/www.suno.com.br\/noticias\/ccr-aprova-emissao-debentures\/#primaryimage"},"image":{"@id":"https:\/\/www.suno.com.br\/noticias\/ccr-aprova-emissao-debentures\/#primaryimage"},"thumbnailUrl":"https:\/\/files.sunoresearch.com.br\/n\/uploads\/2019\/09\/2195feea-ccr-jpg.webp","datePublished":"2019-12-06T23:46:04+00:00","description":"A CCR informou, por meio de comunicado enviado ao mercado, que aprovou a sua 12\u00aa emiss\u00e3o de deb\u00eantures no valor de R$ 800 mi. Clique para mais","breadcrumb":{"@id":"https:\/\/www.suno.com.br\/noticias\/ccr-aprova-emissao-debentures\/#breadcrumb"},"inLanguage":"pt-BR","potentialAction":[{"@type":"ReadAction","target":["https:\/\/www.suno.com.br\/noticias\/ccr-aprova-emissao-debentures\/"]}]},{"@type":"ImageObject","inLanguage":"pt-BR","@id":"https:\/\/www.suno.com.br\/noticias\/ccr-aprova-emissao-debentures\/#primaryimage","url":"https:\/\/files.sunoresearch.com.br\/n\/uploads\/2019\/09\/2195feea-ccr-jpg.webp","contentUrl":"https:\/\/files.sunoresearch.com.br\/n\/uploads\/2019\/09\/2195feea-ccr-jpg.webp","width":696,"height":392,"caption":"CCR (CCR03) ir\u00e1 emitir R$ 960 milh\u00f5es em deb\u00eantures"},{"@type":"BreadcrumbList","@id":"https:\/\/www.suno.com.br\/noticias\/ccr-aprova-emissao-debentures\/#breadcrumb","itemListElement":[{"@type":"ListItem","position":1,"name":"Not\u00edcias","item":"https:\/\/www.suno.com.br\/noticias\/"},{"@type":"ListItem","position":2,"name":"Neg\u00f3cios","item":"https:\/\/www.suno.com.br\/noticias\/negocios\/"},{"@type":"ListItem","position":3,"name":"CCR aprova sua 12\u00aa emiss\u00e3o de deb\u00eantures em R$ 800 mi"}]},{"@type":"WebSite","@id":"https:\/\/www.suno.com.br\/noticias\/#website","url":"https:\/\/www.suno.com.br\/noticias\/","name":"Suno Not\u00edcias","description":"Seu portal de informa\u00e7\u00e3o sobre o mundo dos investimentos","publisher":{"@id":"https:\/\/www.suno.com.br\/noticias\/#organization"},"potentialAction":[{"@type":"SearchAction","target":{"@type":"EntryPoint","urlTemplate":"https:\/\/www.suno.com.br\/noticias\/?s={search_term_string}"},"query-input":{"@type":"PropertyValueSpecification","valueRequired":true,"valueName":"search_term_string"}}],"inLanguage":"pt-BR"},{"@type":"Organization","@id":"https:\/\/www.suno.com.br\/noticias\/#organization","name":"Suno Not\u00edcias","url":"https:\/\/www.suno.com.br\/noticias\/","logo":{"@type":"ImageObject","inLanguage":"pt-BR","@id":"https:\/\/www.suno.com.br\/noticias\/#\/schema\/logo\/image\/","url":"https:\/\/files.sunoresearch.com.br\/n\/uploads\/2021\/09\/suno-logo.png","contentUrl":"https:\/\/files.sunoresearch.com.br\/n\/uploads\/2021\/09\/suno-logo.png","width":180,"height":180,"caption":"Suno Not\u00edcias"},"image":{"@id":"https:\/\/www.suno.com.br\/noticias\/#\/schema\/logo\/image\/"},"sameAs":["https:\/\/facebook.com\/sunoresearch","https:\/\/x.com\/sunoresearch","https:\/\/www.instagram.com\/suno","https:\/\/www.linkedin.com\/company\/suno-research\/","https:\/\/www.youtube.com\/c\/sunoresearch"]},{"@type":"Person","@id":"https:\/\/www.suno.com.br\/noticias\/#\/schema\/person\/098743caeed97b37f51315c9576c4078","name":"Rafael Lara","image":{"@type":"ImageObject","inLanguage":"pt-BR","@id":"https:\/\/www.suno.com.br\/noticias\/#\/schema\/person\/image\/","url":"https:\/\/secure.gravatar.com\/avatar\/dfc254ab9bb2ea1895d98b9e9dae4bdd?s=96&r=g","contentUrl":"https:\/\/secure.gravatar.com\/avatar\/dfc254ab9bb2ea1895d98b9e9dae4bdd?s=96&r=g","caption":"Rafael Lara"},"description":"Rafael Lara cursa jornalismo na Faculdade C\u00e1sper L\u00edbero. Escreve sobre pol\u00edtica, economia e neg\u00f3cios para o portal Suno Not\u00edcias. Antes, colaborou na TV Gazeta na produ\u00e7\u00e3o do programa Edi\u00e7\u00e3o Extra.","url":"https:\/\/www.suno.com.br\/noticias\/author\/rafael\/"}]}},"default_loop_html":"<div class=\"cardsPage__listCard__boxs\"><div class=\"cardsPage__listCard__boxs__img\"><a href=\"https:\/\/www.suno.com.br\/noticias\/ccr-aprova-emissao-debentures\/\"><img class=\"mask\" src=\"https:\/\/www.suno.com.br\/noticias\/wp-content\/themes\/suno\/resources\/images\/spotlight\/spotlight1img\/bg-mask.png\" alt=\"Image Mask\"\/><img src=\"https:\/\/files.sunoresearch.com.br\/n\/uploads\/2019\/09\/2195feea-ccr-400x200.webp\" alt=\"CCR aprova sua 12\u00aa emiss\u00e3o de deb\u00eantures em R$ 800 mi\"\/><\/a><span class=\"spotlightCategory\"><a href=\"https:\/\/www.suno.com.br\/noticias\/negocios\/\">Neg\u00f3cios<\/a><\/span><\/div><div class=\"cardsPage__listCard__boxs__content\"><a href=\"https:\/\/www.suno.com.br\/noticias\/ccr-aprova-emissao-debentures\/\"><h2 class=\"content__title\">CCR aprova sua 12\u00aa emiss\u00e3o de deb\u00eantures em R$ 800 mi<\/h2><\/a><div class=\"newsContent__article__meta\"><div class=\"newsContent__article__meta__authorBox\"><a href=\"https:\/\/www.suno.com.br\/noticias\/author\/rafael\/\" class=\"authorBox__avatar noMobi\"><img src=\"https:\/\/secure.gravatar.com\/avatar\/dfc254ab9bb2ea1895d98b9e9dae4bdd?s=96&#038;r=g\" alt=\"Rafael Lara\"><\/a><div class=\"authorBox__name\"><span>por\n\t\t\t<a href=\"https:\/\/www.suno.com.br\/noticias\/author\/rafael\/\"><span itemprop=\"author\">Rafael Lara<\/span><\/a><\/span><time datetime=\"2019-12-06T21:46:04-03:00\" itemprop=\"datePublished\">06\/12\/2019 21:46<\/time><\/div><\/div><\/div><\/div><\/div>","single_layout":"posts","amp_enabled":true,"_links":{"self":[{"href":"https:\/\/www.suno.com.br\/noticias\/wp-json\/wp\/v2\/posts\/47053"}],"collection":[{"href":"https:\/\/www.suno.com.br\/noticias\/wp-json\/wp\/v2\/posts"}],"about":[{"href":"https:\/\/www.suno.com.br\/noticias\/wp-json\/wp\/v2\/types\/post"}],"author":[{"embeddable":true,"href":"https:\/\/www.suno.com.br\/noticias\/wp-json\/wp\/v2\/users\/23"}],"replies":[{"embeddable":true,"href":"https:\/\/www.suno.com.br\/noticias\/wp-json\/wp\/v2\/comments?post=47053"}],"version-history":[{"count":0,"href":"https:\/\/www.suno.com.br\/noticias\/wp-json\/wp\/v2\/posts\/47053\/revisions"}],"wp:featuredmedia":[{"embeddable":true,"href":"https:\/\/www.suno.com.br\/noticias\/wp-json\/wp\/v2\/media\/39147"}],"wp:attachment":[{"href":"https:\/\/www.suno.com.br\/noticias\/wp-json\/wp\/v2\/media?parent=47053"}],"wp:term":[{"taxonomy":"category","embeddable":true,"href":"https:\/\/www.suno.com.br\/noticias\/wp-json\/wp\/v2\/categories?post=47053"},{"taxonomy":"post_tag","embeddable":true,"href":"https:\/\/www.suno.com.br\/noticias\/wp-json\/wp\/v2\/tags?post=47053"},{"taxonomy":"suno_strategy","embeddable":true,"href":"https:\/\/www.suno.com.br\/noticias\/wp-json\/wp\/v2\/suno_strategy?post=47053"}],"curies":[{"name":"wp","href":"https:\/\/api.w.org\/{rel}","templated":true}]}}