{"id":470370,"date":"2023-10-13T08:29:28","date_gmt":"2023-10-13T11:29:28","guid":{"rendered":"https:\/\/www.suno.com.br\/noticias\/?p=470370"},"modified":"2023-10-13T21:07:13","modified_gmt":"2023-10-14T00:07:13","slug":"guerra-israel-hamas-setimo-dia-gpj","status":"publish","type":"post","link":"https:\/\/www.suno.com.br\/noticias\/guerra-israel-hamas-setimo-dia-gpj\/","title":{"rendered":"Guerra entre Israel e Hamas, dia 7: bomba explode perto de escola em Gaza; acaba ultimato para moradores no norte do territ\u00f3rio palestino"},"content":{"rendered":"<p>Nesta sexta-feira (13), a guerra entre <strong>Israel<\/strong> e\u00a0Hamas<strong>\u00a0<\/strong>chega ao s\u00e9timo dia com a informa\u00e7\u00e3o de que o governo israelense comunicou \u00e0 Organiza\u00e7\u00e3o das Na\u00e7\u00f5es Unidas (ONU) sobre a ordem dada para os palestinos se deslocarem do norte para o sul da Faixa de Gaza dentro de 24 horas. O conflito matou mais de 3 mil pessoas.<\/p>\t<div class=\"wrapper-featured-image\">\n\t\t<figure class=\"spotlightImg\">\n\n\t\t\t<picture>\n\t\t\t\t<source media=\"(max-width: 768px)\" srcset=\"https:\/\/files.sunoresearch.com.br\/n\/uploads\/2023\/10\/Guerra-Israel-Defense-Forces10-400x200.jpg\">\n\t\t\t\t<img loading=\"lazy\" decoding=\"async\" class=\"newsContent__article__imgCapa lazyloadDisabled \" src=\"https:\/\/files.sunoresearch.com.br\/n\/uploads\/2023\/10\/Guerra-Israel-Defense-Forces10-800x450.jpg\" width=\"800\" height=\"450\" alt=\"Guerra entre Israel e Hamas, dia 7: bomba explode perto de escola em Gaza; acaba ultimato para moradores no norte do territ\u00f3rio palestino\" fetchpriority=high \/>\n\t\t\t<\/picture>\n\n\t\t\t<figcaption class=\"wp-caption-text wp-caption-text--show\">Israel e Hamas em guerra. Foto: Israel Defense Forces.<\/figcaption>\n\t\t<\/figure>\n\t<\/div>\n\n\n\n\n\n\t<p>\n\t\t<a href=\"https:\/\/lp.suno.com.br\/ebook-como-analisar-uma-acao\/\" target=\"_blank\" data-element=\"shortcode-suno-banner\" title=\"Banner SUNO, clique e saiba mais\">\n\t\t\t<picture>\n\t\t\t\t<source media=\"(max-width: 500px)\" srcset=\"https:\/\/files.sunoresearch.com.br\/n\/uploads\/2023\/03\/Ebook-Acoes-Mobile.jpg\">\n\t\t\t\t<img class=\"newsContent__article__imgCapa newsContent__article__imgCapa--banner\"\n\t\t\t\t\tsrc=\"https:\/\/files.sunoresearch.com.br\/n\/uploads\/2023\/03\/Ebook-Acoes-Desktop.jpg\"\n\t\t\t\t\tdata-promo-id=\"378302\"\t\t\t\t\t\t\t\t\t\twidth='1420' height='286'\t\t\t\t\talt=\"https:\/\/files.sunoresearch.com.br\/n\/uploads\/2023\/03\/Ebook-Acoes-Desktop.jpg\"\n\t\t\t\t>\n\t\t\t<\/picture>\n\t\t<\/a>\n\t<\/p>\n\n\n\n\n\n\n\n<p>Segundo um porta-voz da ONU, mais de 1 milh\u00e3o de pessoas vivem no norte, tornando &#8220;imposs\u00edvel&#8221; esse movimento. Um<strong> l\u00edder do Hamas<\/strong> disse que os palestinos n\u00e3o far\u00e3o esse deslocamento. <\/p>\n\n\n\n<p>O presidente da Autoridade Nacional Palestina (ANP), Mahmoud Abbas, disse ao secret\u00e1rio de Estado dos Estados Unidos, Antony Blinken, que &#8220;rejeita o deslocamento for\u00e7ado&#8221; de palestinos em Gaza, conforme informado pela ag\u00eancia de not\u00edcias oficial palestina WAFA. <\/p>\n\n\n\n<p>Em novos ataques na madrugada desta sexta, militares israelenses bombardearam um pr\u00e9dio residencial no campo de refugiados de Jabaliya, no norte de Gaza. Pelos menos 45 pessoas morreram e dezenas ficaram feridas.<\/p>\n\n\n\n<p>Em comunicado tamb\u00e9m nessa sexta, o bra\u00e7o armado do Hamas, Brigadas al-Qaassam, afirmou que 13 das pessoas que o grupo mantinha como ref\u00e9ns desde o \u00faltimo s\u00e1bado, dia de in\u00edcio dos ataques, foram mortas em bombardeios israelenses contra Gaza nas \u00faltimas 24 horas.<\/p>\n\n\n\n<p>O Minist\u00e9rio da Sa\u00fade de Gaza informou na manh\u00e3 desta sexta-feira que o n\u00famero de palestinos mortos durante ataques israelenses subiu para 1.799. No total, 6.388 palestinos est\u00e3o feridos. Entre os israelenses, s\u00e3o 1.300 mortos.<\/p>\n\n\n\n<h2 class=\"wp-block-heading\">Bomba explode pr\u00f3ximo a escola de Gaza onde est\u00e3o 19 brasileiros<\/h2>\n\n\n\n<p>\u00c1rea pr\u00f3xima a escola na cidade de Gaza onde est\u00e3o 19 brasileiros foi bombardeada nesta sexta-feira (13). O grupo aguarda a a\u00e7\u00e3o do governo brasileiro para retir\u00e1-lo do local, que n\u00e3o \u00e9 considerado seguro desde que Israel deu ultimato de evacua\u00e7\u00e3o da regi\u00e3o norte Faixa de Gaza.<\/p>\n\n\n\n<p>A brasileira Shahed Albanna, de 18 anos, que est\u00e1 no local, enviou um \u00e1udio a nossa reportagem onde \u00e9 poss\u00edvel ouvir o som de bomba caindo pr\u00f3ximo \u00e0 escola. Em seguida, Shahed enviou v\u00eddeo onde mostra pessoas abrigadas na escola em um \u00fanico c\u00f4modo, como forma de se proteger de poss\u00edveis bombas.<\/p>\n\n\n\n<p>De acordo com a embaixada brasileira em Ramala, na Cisjord\u00e2nia, o \u00f4nibus demorou a chegar \u201cporque a via principal da cidade de Gaza foi bombardeada durante o trajeto, o ve\u00edculo chegou bem tarde. Como j\u00e1 \u00e9 noite, a viagem de Gaza a Khan Younis ficou perigosa. Os brasileiros passar\u00e3o a noite na escola e viajar\u00e3o amanh\u00e3 cedo\u201d.<\/p>\n\n\n\n<p>Com isso, o ve\u00edculo deve deixar a cidade de Gaza na madrugada desde s\u00e1bado (14), considerando o hor\u00e1rio de Bras\u00edlia. O Itamaraty informou ainda que a embaixada brasileira de Tel Aviv solicitou formalmente ao Governo de Israel que n\u00e3o bombardeie a escola.<\/p>\n\n\n\n<p>O Minist\u00e9rio das Rela\u00e7\u00f5es Exteriores (MRE) do Brasil divulgou ainda que, \u201csegundo informa\u00e7\u00e3o colhida at\u00e9 agora\u201d, h\u00e1 outro grupo de brasileiros querendo sair de Gaza na cidade de Khan Younis, que faz fronteira com o Egito. Entre esses, est\u00e1 o palestino-brasileiro Hasen Rabee, que aguarda oportunidade para deixar o local, conforme relatado \u00e0 Ag\u00eancia Brasil.<\/p>\n\n\n\n<h2 class=\"wp-block-heading\">Ordem para sair<\/h2>\n\n\n\n<p>Israel informou aos agentes das Na\u00e7\u00f5es Unidas que a regi\u00e3o norte da Faixa de Gaza, onde vivem 1,1 milh\u00e3o de pessoas, deve ser evacuada em 24 horas &#8211; e esse prazo est\u00e1 acabando. A Organiza\u00e7\u00e3o Mundial da Sa\u00fade (OMS) apelou para que a ordem seja revista porque n\u00e3o h\u00e1 tempo h\u00e1bil para retirar todo mundo. O organismo internacional diz que teme a escalada da crise humanit\u00e1ria.<\/p>\n\n\n\n<p>\u201cComo \u00e9 que 1,1 milh\u00e3o de pessoas poder\u00e3o atravessar uma zona de guerra densamente povoada em menos de 24 horas? Estreme\u00e7o ao pensar quais seriam as consequ\u00eancias humanit\u00e1rias da ordem de evacua\u00e7\u00e3o\u201d, afirmou Martin Griffiths, Subsecret\u00e1rio-Geral da ONU para Assuntos Humanit\u00e1rios e Coordenador de Ajuda de Emerg\u00eancia.<\/p>\n\n\n\n<p>Nessa quinta-feira (12), o presidente Luiz In\u00e1cio Lula da Silva conversou com o presidente de Israel, Issac Herzog, e apelou para que seja aberto um corredor humanit\u00e1rio que permite \u00e0s pessoas sa\u00edrem da Faixa de Gaza.<\/p>\n\n\n\n\t<div data-element=\"shortcode-read-more\" class=\"readToo\">\n\t\t\t\t<span class=\"readToo__title\">Leia mais<\/span>\n\t\t\t\t<ul class=\"readToo__list\">\n\t\t\t<li><a href=\"https:\/\/www.suno.com.br\/noticias\/ibovespa-hoje-mercado-ao-vivo-131023\/\">Ibovespa cai com escalada da guerra Israel-Hamas; Petrobras (PETR4) sobe, Vale (VALE3) e bancos caem<\/a><\/li><li><a href=\"https:\/\/www.suno.com.br\/noticias\/petroleo-fecha-sem-sinal-unico\/\">Petr\u00f3leo fecha sem sinal \u00fanico, com CPI e estoques dos EUA, Opep e tens\u00e3o geopol\u00edtica no radar<\/a><\/li>\t\t<\/ul>\n\t<\/div>\n\n\n\n\n<h2 class=\"wp-block-heading\">Mais brasileiros que estavam em Israel chegam ao Brasil<\/h2>\n\n\n\n<p>A <strong>For\u00e7a A\u00e9rea Brasileira<\/strong> (FAB) informou que a terceira aeronave destinada para a opera\u00e7\u00e3o de repatria\u00e7\u00e3o dos brasileiros que estavam em Israel chegou ao Brasil na manh\u00e3 desta sexta (13).<\/p>\n\n\n\n<p>A primeira parada foi em Recife, onde desembarcaram cinco dos 69 <strong>repatriados<\/strong> a bordo. O avi\u00e3o seguiu para o aeroporto de Guarulhos, em S\u00e3o Paulo.<\/p>\n\n\n\n<p>A quarta aeronave disponibiliza\u00e7\u00e3o para a repatria\u00e7\u00e3o j\u00e1 deixou Tel Aviv, segundo apura\u00e7\u00e3o da GloboNews. O voo transporta 215 passageiros e tem previs\u00e3o para chegar no aeroporto internacional do Gale\u00e3o, no Rio de Janeiro, na manh\u00e3 deste s\u00e1bado (14). <\/p>\n\n\n\n<p>Na quinta-feira (12), o Itamaraty informou ter identificado 20 brasileiros, &#8220;em sua maioria mulheres e crian\u00e7as&#8221;, interessados em ser retirados da <strong>Faixa de Gaza<\/strong>. A embaixada do Brasil em Tel Aviv solicitou formalmente ao<strong> governo de Israel <\/strong>que n\u00e3o bombardeie a escola onde alguns desses brasileiros est\u00e3o.<\/p>\n\n\n\n<p>Nesta sexta, o embaixador do Brasil em Israel, Frederico Meyer, informou que a carioca Karla Stelzer Mendes, de 41 anos, brasileira que estava desaparecida em Israel, foi encontrada morta. Mendes, que tinha cidadania israelense, morava no pa\u00eds com o namorado, brasileiro, que tamb\u00e9m faleceu.<\/p>\n\n\n\n<p>Com isso, s\u00e3o tr\u00eas os brasileiros mortos no <strong>conflito entre Israel e Hamas<\/strong>. Al\u00e9m de Karla, o ga\u00facho Nidejelski Glazer e a carioca Bruna Valeanu tamb\u00e9m morreram.<\/p>\n\n\n\t<p>\n\t\t<a href=\"https:\/\/lp.suno.com.br\/ebook-gratuito-investindo-no-exterior\/\" target=\"_blank\" data-element=\"shortcode-suno-banner\" title=\"Banner SUNO, clique e saiba mais\">\n\t\t\t<picture>\n\t\t\t\t<source media=\"(max-width: 500px)\" srcset=\"https:\/\/files.sunoresearch.com.br\/n\/uploads\/2023\/03\/400x300-Investindo-no-exterior.png\">\n\t\t\t\t<img class=\"newsContent__article__imgCapa newsContent__article__imgCapa--banner\"\n\t\t\t\t\tsrc=\"https:\/\/files.sunoresearch.com.br\/n\/uploads\/2023\/03\/1420x240-Investindo-no-exterior.png\"\n\t\t\t\t\tdata-promo-id=\"383161\"\t\t\t\t\t\t\t\t\t\twidth='1420' height='240'\t\t\t\t\talt=\"https:\/\/files.sunoresearch.com.br\/n\/uploads\/2023\/03\/1420x240-Investindo-no-exterior.png\"\n\t\t\t\t>\n\t\t\t<\/picture>\n\t\t<\/a>\n\t<\/p>\n\n\n\n\n\n<h2 class=\"wp-block-heading\">Conflito em Israel pode ter efeito indireto no Brasil, avalia economista<\/h2>\n\n\n\n<p>A <strong>guerra entre Hamas e&nbsp;Israel&nbsp;<\/strong>pode gerar efeitos indiretos \u00e0 economia brasileira, avalia a economista e especialista em com\u00e9rcio exterior&nbsp;Lia Valls.<\/p>\n\n\n\n<p>Pesquisadora associada do Instituto Brasileiro de Economia da Funda\u00e7\u00e3o Getulio Vargas (Ibre\/FGV), ela disse \u00e0&nbsp;Ag\u00eancia Brasil&nbsp;que pode haver consequ\u00eancias envolvendo o mercado de petr\u00f3leo. Embora Israel e Palestina n\u00e3o produzam petr\u00f3leo, uma eventual escalada do conflito poderia envolver pa\u00edses vizinhos como o Ir\u00e3.<img decoding=\"async\" src=\"https:\/\/agenciabrasil.ebc.com.br\/ebc.png?id=1560520&amp;o=node\"><img decoding=\"async\" src=\"https:\/\/agenciabrasil.ebc.com.br\/ebc.gif?id=1560520&amp;o=node\"><\/p>\n\n\n\n<p>\u201cConvulsiona mais, voc\u00ea tem mais restri\u00e7\u00f5es ao com\u00e9rcio como um todo, a demanda mundial cai e, obviamente, vai haver menos espa\u00e7o para o crescimento das exporta\u00e7\u00f5es\u201d, disse ela, diante do cen\u00e1rio de conflito em Israel.<\/p>\n\n\n\n<p>Apesar dessa possibilidade, em um primeiro momento, a pesquisadora n\u00e3o cr\u00ea em impactos para a&nbsp;<a href=\"https:\/\/www.suno.com.br\/artigos\/balanca-comercial\/\" target=\"_blank\" rel=\"noreferrer noopener\">balan\u00e7a comercial<\/a>&nbsp;brasileira. \u201cO que pode afetar \u00e9 mais uma quest\u00e3o global, porque a gente n\u00e3o tem nenhum com\u00e9rcio importante com nenhum dos dois pa\u00edses envolvidos&#8221;.<\/p>\n\n\n\n<p>A pesquisadora da FGV ponderou que haver\u00e1 mais transforma\u00e7\u00f5es geopol\u00edticas, como resultado do conflito entre Israel e o Hamas. Lia Valls avaliou que efeitos globais seriam sentidos se os Estados Unidos aumentassem muito as san\u00e7\u00f5es sobre o Oriente M\u00e9dio. Nesse caso, o Brasil pode sair prejudicado, porque exporta muito para a regi\u00e3o.<\/p>\n\n\n\n<p>Os principais produtos brasileiros exportados para o <strong>Oriente M\u00e9dio<\/strong> entre janeiro e setembro deste ano foram carne de aves (U$$ 2,13 bilh\u00f5es ou 21% do total), a\u00e7\u00facar (15% da pauta), soja (14%) e min\u00e9rio de ferro (15%). A participa\u00e7\u00e3o equivale a 4,3% da pauta brasileira. Entre os importados pelo Brasil nesse per\u00edodo, destaque para adubo (29%), \u00f3leos combust\u00edveis (28%) e \u00f3leo bruto de petr\u00f3leo (24%). As importa\u00e7\u00f5es correspondem a 3,3% da pauta do Brasil.<\/p>\n\n\n\n<p>Lia reiterou que o comportamento das exporta\u00e7\u00f5es do Brasil vai depender muito da <strong>dura\u00e7\u00e3o da guerra<\/strong>. Caso demore a acabar, ter\u00e1 efeitos sobre o com\u00e9rcio global, com os pa\u00edses aumentando medidas protecionistas, sinalizou a economista.<\/p>\n\n\n\n<h2 class=\"wp-block-heading\">Participa\u00e7\u00e3o de Israel em exporta\u00e7\u00f5es do Brasil<\/h2>\n\n\n\n<p>Nos primeiros nove meses de 2023, a participa\u00e7\u00e3o de Israel nas exporta\u00e7\u00f5es do Brasil alcan\u00e7ou 0,2%, atingindo 0,6% nas importa\u00e7\u00f5es. Israel est\u00e1 em 52% lugar no&nbsp;ranking&nbsp;das exporta\u00e7\u00f5es brasileiras e em 34% nas importa\u00e7\u00f5es. Entre janeiro e setembro deste ano, o principal produto exportado para Israel foi petr\u00f3leo (US$ 139 milh\u00f5es), seguido de carne bovina (US$ 118 milh\u00f5es) e soja (US$ 106 milh\u00f5es). \u201cO valor \u00e9 muito pequeno\u201d, disse a economista.<\/p>\n\n\n\n<p>O Brasil importou de&nbsp;<strong>Israel<\/strong>&nbsp;adubo, ou fertilizantes, que representaram 44% da pauta, com valor da ordem de US$ 471 milh\u00f5es, o que, na avalia\u00e7\u00e3o de Lia, \u00e9&nbsp;pouco para a pauta brasileira.<\/p>\n\n\n\n<p><em>Com informa\u00e7\u00f5es de Ag\u00eancia Brasil<\/em><\/p>\n\n\n\t<p>\n\t\t<a href=\"https:\/\/lp.suno.com.br\/planilha-da-vida-financeira\/\" target=\"_blank\" data-element=\"shortcode-suno-banner\" title=\"Banner SUNO, clique e saiba mais\">\n\t\t\t<picture>\n\t\t\t\t<source media=\"(max-width: 500px)\" srcset=\"https:\/\/files.sunoresearch.com.br\/n\/uploads\/2023\/04\/400x300-Planilha-vida-financeira-true.png\">\n\t\t\t\t<img class=\"newsContent__article__imgCapa newsContent__article__imgCapa--banner\"\n\t\t\t\t\tsrc=\"https:\/\/files.sunoresearch.com.br\/n\/uploads\/2023\/04\/1420x240-Planilha-vida-financeira-true.png\"\n\t\t\t\t\tdata-promo-id=\"383123\"\t\t\t\t\t\t\t\t\t\twidth='1420' height='240'\t\t\t\t\talt=\"https:\/\/files.sunoresearch.com.br\/n\/uploads\/2023\/04\/1420x240-Planilha-vida-financeira-true.png\"\n\t\t\t\t>\n\t\t\t<\/picture>\n\t\t<\/a>\n\t<\/p>\n\n\n","protected":false},"excerpt":{"rendered":"<p>Nesta sexta-feira (13), a guerra entre Israel e\u00a0Hamas\u00a0chega ao s\u00e9timo dia com a informa\u00e7\u00e3o de que o governo israelense comunicou \u00e0 Organiza\u00e7\u00e3o das Na\u00e7\u00f5es Unidas (ONU) sobre a ordem dada para os palestinos se deslocarem do norte para o sul da Faixa de Gaza dentro de 24 horas. O conflito matou mais de 3 mil [&hellip;]<\/p>\n","protected":false},"author":313,"featured_media":467792,"comment_status":"closed","ping_status":"closed","sticky":false,"template":"","format":"standard","meta":[],"categories":[63],"tags":[926],"suno_strategy":[],"class_list":["post-470370","post","type-post","status-publish","format-standard","has-post-thumbnail","hentry","category-internacional","tag-israel"],"yoast_head":"<!-- This site is optimized with the Yoast SEO plugin v24.4 - https:\/\/yoast.com\/wordpress\/plugins\/seo\/ -->\n<title>Israel e Hamas: guerra entra no s\u00e9timo dia; acompanhe<\/title>\n<meta name=\"description\" content=\"O governo de Israel comunicou a ONU sobre a ordem dada para os palestinos migrarem do norte para o sul da Faixa de Gaza dentro de 24 horas.\" \/>\n<meta name=\"robots\" content=\"index, follow, max-snippet:-1, max-image-preview:large, max-video-preview:-1\" \/>\n<link rel=\"canonical\" href=\"https:\/\/www.suno.com.br\/noticias\/guerra-israel-hamas-setimo-dia-gpj\/\" \/>\n<meta property=\"og:locale\" content=\"pt_BR\" \/>\n<meta property=\"og:type\" content=\"article\" \/>\n<meta property=\"og:title\" content=\"Israel e Hamas: guerra entra no s\u00e9timo dia; acompanhe\" \/>\n<meta property=\"og:description\" content=\"O governo de Israel comunicou a ONU sobre a ordem dada para os palestinos migrarem do norte para o sul da Faixa de Gaza dentro de 24 horas.\" \/>\n<meta property=\"og:url\" content=\"https:\/\/www.suno.com.br\/noticias\/guerra-israel-hamas-setimo-dia-gpj\/\" \/>\n<meta property=\"og:site_name\" content=\"Suno Not\u00edcias\" \/>\n<meta property=\"article:publisher\" content=\"https:\/\/facebook.com\/sunoresearch\" \/>\n<meta property=\"og:image\" content=\"https:\/\/files.sunoresearch.com.br\/n\/uploads\/2023\/10\/Guerra-Israel-Defense-Forces10-scaled.jpg\" \/>\n\t<meta property=\"og:image:width\" content=\"2560\" \/>\n\t<meta property=\"og:image:height\" content=\"1710\" \/>\n\t<meta property=\"og:image:type\" content=\"image\/jpeg\" \/>\n<meta name=\"author\" content=\"Giovanni Porf\u00edrio Jacomino\" \/>\n<meta name=\"twitter:card\" content=\"summary_large_image\" \/>\n<meta name=\"twitter:creator\" content=\"@sunoresearch\" \/>\n<meta name=\"twitter:site\" content=\"@sunoresearch\" \/>\n<meta name=\"twitter:label1\" content=\"Escrito por\" \/>\n\t<meta name=\"twitter:data1\" content=\"Giovanni Porf\u00edrio Jacomino\" \/>\n\t<meta name=\"twitter:label2\" content=\"Est. tempo de leitura\" \/>\n\t<meta name=\"twitter:data2\" content=\"8 minutos\" \/>\n<script type=\"application\/ld+json\" class=\"yoast-schema-graph\">{\"@context\":\"https:\/\/schema.org\",\"@graph\":[{\"@type\":\"NewsArticle\",\"@id\":\"https:\/\/www.suno.com.br\/noticias\/guerra-israel-hamas-setimo-dia-gpj\/#article\",\"isPartOf\":{\"@id\":\"https:\/\/www.suno.com.br\/noticias\/guerra-israel-hamas-setimo-dia-gpj\/\"},\"author\":{\"name\":\"Giovanni Porf\u00edrio Jacomino\",\"@id\":\"https:\/\/www.suno.com.br\/noticias\/#\/schema\/person\/d0f32748bbca4bee871fa191ee4e2d40\"},\"headline\":\"Guerra entre Israel e Hamas, dia 7: bomba explode perto de escola em Gaza; acaba ultimato para moradores no norte do territ\u00f3rio palestino\",\"datePublished\":\"2023-10-13T11:29:28+00:00\",\"dateModified\":\"2023-10-14T00:07:13+00:00\",\"mainEntityOfPage\":{\"@id\":\"https:\/\/www.suno.com.br\/noticias\/guerra-israel-hamas-setimo-dia-gpj\/\"},\"wordCount\":1437,\"publisher\":{\"@id\":\"https:\/\/www.suno.com.br\/noticias\/#organization\"},\"image\":{\"@id\":\"https:\/\/www.suno.com.br\/noticias\/guerra-israel-hamas-setimo-dia-gpj\/#primaryimage\"},\"thumbnailUrl\":\"https:\/\/files.sunoresearch.com.br\/n\/uploads\/2023\/10\/Guerra-Israel-Defense-Forces10-scaled.jpg\",\"keywords\":[\"Israel\"],\"articleSection\":[\"Internacional\"],\"inLanguage\":\"pt-BR\"},{\"@type\":\"WebPage\",\"@id\":\"https:\/\/www.suno.com.br\/noticias\/guerra-israel-hamas-setimo-dia-gpj\/\",\"url\":\"https:\/\/www.suno.com.br\/noticias\/guerra-israel-hamas-setimo-dia-gpj\/\",\"name\":\"Israel e Hamas: guerra entra no s\u00e9timo dia; acompanhe\",\"isPartOf\":{\"@id\":\"https:\/\/www.suno.com.br\/noticias\/#website\"},\"primaryImageOfPage\":{\"@id\":\"https:\/\/www.suno.com.br\/noticias\/guerra-israel-hamas-setimo-dia-gpj\/#primaryimage\"},\"image\":{\"@id\":\"https:\/\/www.suno.com.br\/noticias\/guerra-israel-hamas-setimo-dia-gpj\/#primaryimage\"},\"thumbnailUrl\":\"https:\/\/files.sunoresearch.com.br\/n\/uploads\/2023\/10\/Guerra-Israel-Defense-Forces10-scaled.jpg\",\"datePublished\":\"2023-10-13T11:29:28+00:00\",\"dateModified\":\"2023-10-14T00:07:13+00:00\",\"description\":\"O governo de Israel comunicou a ONU sobre a ordem dada para os palestinos migrarem do norte para o sul da Faixa de Gaza dentro de 24 horas.\",\"breadcrumb\":{\"@id\":\"https:\/\/www.suno.com.br\/noticias\/guerra-israel-hamas-setimo-dia-gpj\/#breadcrumb\"},\"inLanguage\":\"pt-BR\",\"potentialAction\":[{\"@type\":\"ReadAction\",\"target\":[\"https:\/\/www.suno.com.br\/noticias\/guerra-israel-hamas-setimo-dia-gpj\/\"]}]},{\"@type\":\"ImageObject\",\"inLanguage\":\"pt-BR\",\"@id\":\"https:\/\/www.suno.com.br\/noticias\/guerra-israel-hamas-setimo-dia-gpj\/#primaryimage\",\"url\":\"https:\/\/files.sunoresearch.com.br\/n\/uploads\/2023\/10\/Guerra-Israel-Defense-Forces10-scaled.jpg\",\"contentUrl\":\"https:\/\/files.sunoresearch.com.br\/n\/uploads\/2023\/10\/Guerra-Israel-Defense-Forces10-scaled.jpg\",\"width\":2560,\"height\":1710,\"caption\":\"Israel e Hamas em guerra. Foto: Israel Defense Forces.\"},{\"@type\":\"BreadcrumbList\",\"@id\":\"https:\/\/www.suno.com.br\/noticias\/guerra-israel-hamas-setimo-dia-gpj\/#breadcrumb\",\"itemListElement\":[{\"@type\":\"ListItem\",\"position\":1,\"name\":\"Not\u00edcias\",\"item\":\"https:\/\/www.suno.com.br\/noticias\/\"},{\"@type\":\"ListItem\",\"position\":2,\"name\":\"Internacional\",\"item\":\"https:\/\/www.suno.com.br\/noticias\/internacional\/\"},{\"@type\":\"ListItem\",\"position\":3,\"name\":\"Guerra entre Israel e Hamas, dia 7: bomba explode perto de escola em Gaza; acaba ultimato para moradores no norte do territ\u00f3rio palestino\"}]},{\"@type\":\"WebSite\",\"@id\":\"https:\/\/www.suno.com.br\/noticias\/#website\",\"url\":\"https:\/\/www.suno.com.br\/noticias\/\",\"name\":\"Suno Not\u00edcias\",\"description\":\"Seu portal de informa\u00e7\u00e3o sobre o mundo dos investimentos\",\"publisher\":{\"@id\":\"https:\/\/www.suno.com.br\/noticias\/#organization\"},\"potentialAction\":[{\"@type\":\"SearchAction\",\"target\":{\"@type\":\"EntryPoint\",\"urlTemplate\":\"https:\/\/www.suno.com.br\/noticias\/?s={search_term_string}\"},\"query-input\":{\"@type\":\"PropertyValueSpecification\",\"valueRequired\":true,\"valueName\":\"search_term_string\"}}],\"inLanguage\":\"pt-BR\"},{\"@type\":\"Organization\",\"@id\":\"https:\/\/www.suno.com.br\/noticias\/#organization\",\"name\":\"Suno Not\u00edcias\",\"url\":\"https:\/\/www.suno.com.br\/noticias\/\",\"logo\":{\"@type\":\"ImageObject\",\"inLanguage\":\"pt-BR\",\"@id\":\"https:\/\/www.suno.com.br\/noticias\/#\/schema\/logo\/image\/\",\"url\":\"https:\/\/files.sunoresearch.com.br\/n\/uploads\/2021\/09\/suno-logo.png\",\"contentUrl\":\"https:\/\/files.sunoresearch.com.br\/n\/uploads\/2021\/09\/suno-logo.png\",\"width\":180,\"height\":180,\"caption\":\"Suno Not\u00edcias\"},\"image\":{\"@id\":\"https:\/\/www.suno.com.br\/noticias\/#\/schema\/logo\/image\/\"},\"sameAs\":[\"https:\/\/facebook.com\/sunoresearch\",\"https:\/\/x.com\/sunoresearch\",\"https:\/\/www.instagram.com\/suno\",\"https:\/\/www.linkedin.com\/company\/suno-research\/\",\"https:\/\/www.youtube.com\/c\/sunoresearch\"]},{\"@type\":\"Person\",\"@id\":\"https:\/\/www.suno.com.br\/noticias\/#\/schema\/person\/d0f32748bbca4bee871fa191ee4e2d40\",\"name\":\"Giovanni Porf\u00edrio Jacomino\",\"image\":{\"@type\":\"ImageObject\",\"inLanguage\":\"pt-BR\",\"@id\":\"https:\/\/www.suno.com.br\/noticias\/#\/schema\/person\/image\/\",\"url\":\"https:\/\/secure.gravatar.com\/avatar\/efb32e19b730a121cb7a80f41ffec01a?s=96&r=g\",\"contentUrl\":\"https:\/\/secure.gravatar.com\/avatar\/efb32e19b730a121cb7a80f41ffec01a?s=96&r=g\",\"caption\":\"Giovanni Porf\u00edrio Jacomino\"},\"description\":\"Giovanni Porf\u00edrio Jacomino \u00e9 jornalista formado pela Universidade Estadual de Londrina (UEL) e p\u00f3s-graduado em Produ\u00e7\u00e3o e Pr\u00e1ticas Jornal\u00edsticas na Contemporaneidade na Faculdade C\u00e1sper L\u00edbero (FCL). Foi editor web no Startupi e no Finsiders, atuando ainda como editor no TC Mover, portal de not\u00edcias da TradersClub, fazendo a cobertura de assuntos relacionados ao mercado financeiro interno e externo. Atualmente, \u00e9 Rep\u00f3rter do Suno Not\u00edcias.\",\"url\":\"https:\/\/www.suno.com.br\/noticias\/author\/giovanni-porfiriosuno-com-br\/\"}]}<\/script>\n<!-- \/ Yoast SEO plugin. -->","yoast_head_json":{"title":"Israel e Hamas: guerra entra no s\u00e9timo dia; acompanhe","description":"O governo de Israel comunicou a ONU sobre a ordem dada para os palestinos migrarem do norte para o sul da Faixa de Gaza dentro de 24 horas.","robots":{"index":"index","follow":"follow","max-snippet":"max-snippet:-1","max-image-preview":"max-image-preview:large","max-video-preview":"max-video-preview:-1"},"canonical":"https:\/\/www.suno.com.br\/noticias\/guerra-israel-hamas-setimo-dia-gpj\/","og_locale":"pt_BR","og_type":"article","og_title":"Israel e Hamas: guerra entra no s\u00e9timo dia; acompanhe","og_description":"O governo de Israel comunicou a ONU sobre a ordem dada para os palestinos migrarem do norte para o sul da Faixa de Gaza dentro de 24 horas.","og_url":"https:\/\/www.suno.com.br\/noticias\/guerra-israel-hamas-setimo-dia-gpj\/","og_site_name":"Suno Not\u00edcias","article_publisher":"https:\/\/facebook.com\/sunoresearch","og_image":[{"width":2560,"height":1710,"url":"https:\/\/files.sunoresearch.com.br\/n\/uploads\/2023\/10\/Guerra-Israel-Defense-Forces10-scaled.jpg","type":"image\/jpeg"}],"author":"Giovanni Porf\u00edrio Jacomino","twitter_card":"summary_large_image","twitter_creator":"@sunoresearch","twitter_site":"@sunoresearch","twitter_misc":{"Escrito por":"Giovanni Porf\u00edrio Jacomino","Est. tempo de leitura":"8 minutos"},"schema":{"@context":"https:\/\/schema.org","@graph":[{"@type":"NewsArticle","@id":"https:\/\/www.suno.com.br\/noticias\/guerra-israel-hamas-setimo-dia-gpj\/#article","isPartOf":{"@id":"https:\/\/www.suno.com.br\/noticias\/guerra-israel-hamas-setimo-dia-gpj\/"},"author":{"name":"Giovanni Porf\u00edrio Jacomino","@id":"https:\/\/www.suno.com.br\/noticias\/#\/schema\/person\/d0f32748bbca4bee871fa191ee4e2d40"},"headline":"Guerra entre Israel e Hamas, dia 7: bomba explode perto de escola em Gaza; acaba ultimato para moradores no norte do territ\u00f3rio palestino","datePublished":"2023-10-13T11:29:28+00:00","dateModified":"2023-10-14T00:07:13+00:00","mainEntityOfPage":{"@id":"https:\/\/www.suno.com.br\/noticias\/guerra-israel-hamas-setimo-dia-gpj\/"},"wordCount":1437,"publisher":{"@id":"https:\/\/www.suno.com.br\/noticias\/#organization"},"image":{"@id":"https:\/\/www.suno.com.br\/noticias\/guerra-israel-hamas-setimo-dia-gpj\/#primaryimage"},"thumbnailUrl":"https:\/\/files.sunoresearch.com.br\/n\/uploads\/2023\/10\/Guerra-Israel-Defense-Forces10-scaled.jpg","keywords":["Israel"],"articleSection":["Internacional"],"inLanguage":"pt-BR"},{"@type":"WebPage","@id":"https:\/\/www.suno.com.br\/noticias\/guerra-israel-hamas-setimo-dia-gpj\/","url":"https:\/\/www.suno.com.br\/noticias\/guerra-israel-hamas-setimo-dia-gpj\/","name":"Israel e Hamas: guerra entra no s\u00e9timo dia; acompanhe","isPartOf":{"@id":"https:\/\/www.suno.com.br\/noticias\/#website"},"primaryImageOfPage":{"@id":"https:\/\/www.suno.com.br\/noticias\/guerra-israel-hamas-setimo-dia-gpj\/#primaryimage"},"image":{"@id":"https:\/\/www.suno.com.br\/noticias\/guerra-israel-hamas-setimo-dia-gpj\/#primaryimage"},"thumbnailUrl":"https:\/\/files.sunoresearch.com.br\/n\/uploads\/2023\/10\/Guerra-Israel-Defense-Forces10-scaled.jpg","datePublished":"2023-10-13T11:29:28+00:00","dateModified":"2023-10-14T00:07:13+00:00","description":"O governo de Israel comunicou a ONU sobre a ordem dada para os palestinos migrarem do norte para o sul da Faixa de Gaza dentro de 24 horas.","breadcrumb":{"@id":"https:\/\/www.suno.com.br\/noticias\/guerra-israel-hamas-setimo-dia-gpj\/#breadcrumb"},"inLanguage":"pt-BR","potentialAction":[{"@type":"ReadAction","target":["https:\/\/www.suno.com.br\/noticias\/guerra-israel-hamas-setimo-dia-gpj\/"]}]},{"@type":"ImageObject","inLanguage":"pt-BR","@id":"https:\/\/www.suno.com.br\/noticias\/guerra-israel-hamas-setimo-dia-gpj\/#primaryimage","url":"https:\/\/files.sunoresearch.com.br\/n\/uploads\/2023\/10\/Guerra-Israel-Defense-Forces10-scaled.jpg","contentUrl":"https:\/\/files.sunoresearch.com.br\/n\/uploads\/2023\/10\/Guerra-Israel-Defense-Forces10-scaled.jpg","width":2560,"height":1710,"caption":"Israel e Hamas em guerra. Foto: Israel Defense Forces."},{"@type":"BreadcrumbList","@id":"https:\/\/www.suno.com.br\/noticias\/guerra-israel-hamas-setimo-dia-gpj\/#breadcrumb","itemListElement":[{"@type":"ListItem","position":1,"name":"Not\u00edcias","item":"https:\/\/www.suno.com.br\/noticias\/"},{"@type":"ListItem","position":2,"name":"Internacional","item":"https:\/\/www.suno.com.br\/noticias\/internacional\/"},{"@type":"ListItem","position":3,"name":"Guerra entre Israel e Hamas, dia 7: bomba explode perto de escola em Gaza; acaba ultimato para moradores no norte do territ\u00f3rio palestino"}]},{"@type":"WebSite","@id":"https:\/\/www.suno.com.br\/noticias\/#website","url":"https:\/\/www.suno.com.br\/noticias\/","name":"Suno Not\u00edcias","description":"Seu portal de informa\u00e7\u00e3o sobre o mundo dos investimentos","publisher":{"@id":"https:\/\/www.suno.com.br\/noticias\/#organization"},"potentialAction":[{"@type":"SearchAction","target":{"@type":"EntryPoint","urlTemplate":"https:\/\/www.suno.com.br\/noticias\/?s={search_term_string}"},"query-input":{"@type":"PropertyValueSpecification","valueRequired":true,"valueName":"search_term_string"}}],"inLanguage":"pt-BR"},{"@type":"Organization","@id":"https:\/\/www.suno.com.br\/noticias\/#organization","name":"Suno Not\u00edcias","url":"https:\/\/www.suno.com.br\/noticias\/","logo":{"@type":"ImageObject","inLanguage":"pt-BR","@id":"https:\/\/www.suno.com.br\/noticias\/#\/schema\/logo\/image\/","url":"https:\/\/files.sunoresearch.com.br\/n\/uploads\/2021\/09\/suno-logo.png","contentUrl":"https:\/\/files.sunoresearch.com.br\/n\/uploads\/2021\/09\/suno-logo.png","width":180,"height":180,"caption":"Suno Not\u00edcias"},"image":{"@id":"https:\/\/www.suno.com.br\/noticias\/#\/schema\/logo\/image\/"},"sameAs":["https:\/\/facebook.com\/sunoresearch","https:\/\/x.com\/sunoresearch","https:\/\/www.instagram.com\/suno","https:\/\/www.linkedin.com\/company\/suno-research\/","https:\/\/www.youtube.com\/c\/sunoresearch"]},{"@type":"Person","@id":"https:\/\/www.suno.com.br\/noticias\/#\/schema\/person\/d0f32748bbca4bee871fa191ee4e2d40","name":"Giovanni Porf\u00edrio Jacomino","image":{"@type":"ImageObject","inLanguage":"pt-BR","@id":"https:\/\/www.suno.com.br\/noticias\/#\/schema\/person\/image\/","url":"https:\/\/secure.gravatar.com\/avatar\/efb32e19b730a121cb7a80f41ffec01a?s=96&r=g","contentUrl":"https:\/\/secure.gravatar.com\/avatar\/efb32e19b730a121cb7a80f41ffec01a?s=96&r=g","caption":"Giovanni Porf\u00edrio Jacomino"},"description":"Giovanni Porf\u00edrio Jacomino \u00e9 jornalista formado pela Universidade Estadual de Londrina (UEL) e p\u00f3s-graduado em Produ\u00e7\u00e3o e Pr\u00e1ticas Jornal\u00edsticas na Contemporaneidade na Faculdade C\u00e1sper L\u00edbero (FCL). Foi editor web no Startupi e no Finsiders, atuando ainda como editor no TC Mover, portal de not\u00edcias da TradersClub, fazendo a cobertura de assuntos relacionados ao mercado financeiro interno e externo. Atualmente, \u00e9 Rep\u00f3rter do Suno Not\u00edcias.","url":"https:\/\/www.suno.com.br\/noticias\/author\/giovanni-porfiriosuno-com-br\/"}]}},"default_loop_html":"<div class=\"cardsPage__listCard__boxs\"><div class=\"cardsPage__listCard__boxs__img\"><a href=\"https:\/\/www.suno.com.br\/noticias\/guerra-israel-hamas-setimo-dia-gpj\/\"><img class=\"mask\" src=\"https:\/\/www.suno.com.br\/noticias\/wp-content\/themes\/suno\/resources\/images\/spotlight\/spotlight1img\/bg-mask.png\" alt=\"Image Mask\"\/><img src=\"https:\/\/files.sunoresearch.com.br\/n\/uploads\/2023\/10\/Guerra-Israel-Defense-Forces10-400x200.jpg\" alt=\"Guerra entre Israel e Hamas, dia 7: bomba explode perto de escola em Gaza; acaba ultimato para moradores no norte do territ\u00f3rio palestino\"\/><\/a><span class=\"spotlightCategory\"><a href=\"https:\/\/www.suno.com.br\/noticias\/internacional\/\">Internacional<\/a><\/span><\/div><div class=\"cardsPage__listCard__boxs__content\"><a href=\"https:\/\/www.suno.com.br\/noticias\/guerra-israel-hamas-setimo-dia-gpj\/\"><h2 class=\"content__title\">Guerra entre Israel e Hamas, dia 7: bomba explode perto de escola em Gaza; acaba ultimato para moradores no norte do territ\u00f3rio palestino<\/h2><\/a><div class=\"newsContent__article__meta\"><div class=\"newsContent__article__meta__authorBox\"><a href=\"https:\/\/www.suno.com.br\/noticias\/author\/redacao-suno\/\" class=\"authorBox__avatar noMobi\"><img src=\"https:\/\/files.sunoresearch.com.br\/n\/uploads\/2020\/08\/0ace682d-redacao-1-150x150.webp\" alt=\"Reda\u00e7\u00e3o Suno Not\u00edcias\"><\/a><div class=\"authorBox__name\"><span>por\n\t\t\t<a href=\"https:\/\/www.suno.com.br\/noticias\/author\/redacao-suno\/\"><span itemprop=\"author\">Reda\u00e7\u00e3o Suno Not\u00edcias<\/span><\/a><\/span><time datetime=\"2023-10-13T08:29:28-03:00\" itemprop=\"datePublished\">13\/10\/2023 08:29<\/time><\/div><\/div><\/div><\/div><\/div>","single_layout":"posts","amp_enabled":true,"_links":{"self":[{"href":"https:\/\/www.suno.com.br\/noticias\/wp-json\/wp\/v2\/posts\/470370"}],"collection":[{"href":"https:\/\/www.suno.com.br\/noticias\/wp-json\/wp\/v2\/posts"}],"about":[{"href":"https:\/\/www.suno.com.br\/noticias\/wp-json\/wp\/v2\/types\/post"}],"author":[{"embeddable":true,"href":"https:\/\/www.suno.com.br\/noticias\/wp-json\/wp\/v2\/users\/313"}],"replies":[{"embeddable":true,"href":"https:\/\/www.suno.com.br\/noticias\/wp-json\/wp\/v2\/comments?post=470370"}],"version-history":[{"count":2,"href":"https:\/\/www.suno.com.br\/noticias\/wp-json\/wp\/v2\/posts\/470370\/revisions"}],"predecessor-version":[{"id":470867,"href":"https:\/\/www.suno.com.br\/noticias\/wp-json\/wp\/v2\/posts\/470370\/revisions\/470867"}],"wp:featuredmedia":[{"embeddable":true,"href":"https:\/\/www.suno.com.br\/noticias\/wp-json\/wp\/v2\/media\/467792"}],"wp:attachment":[{"href":"https:\/\/www.suno.com.br\/noticias\/wp-json\/wp\/v2\/media?parent=470370"}],"wp:term":[{"taxonomy":"category","embeddable":true,"href":"https:\/\/www.suno.com.br\/noticias\/wp-json\/wp\/v2\/categories?post=470370"},{"taxonomy":"post_tag","embeddable":true,"href":"https:\/\/www.suno.com.br\/noticias\/wp-json\/wp\/v2\/tags?post=470370"},{"taxonomy":"suno_strategy","embeddable":true,"href":"https:\/\/www.suno.com.br\/noticias\/wp-json\/wp\/v2\/suno_strategy?post=470370"}],"curies":[{"name":"wp","href":"https:\/\/api.w.org\/{rel}","templated":true}]}}