{"id":47019,"date":"2019-12-06T18:17:19","date_gmt":"2019-12-06T20:17:19","guid":{"rendered":"https:\/\/www.suno.com.br\/noticias\/?p=47019"},"modified":"2021-06-13T23:40:36","modified_gmt":"2021-06-14T02:40:36","slug":"trump-amazon-mercados-notorios","status":"publish","type":"post","link":"https:\/\/www.suno.com.br\/noticias\/trump-amazon-mercados-notorios\/","title":{"rendered":"Governo Trump planeja incluir Amazon em lista de vendedores piratas"},"content":{"rendered":"<p>O governo de <strong>Donald<\/strong> <strong>Trump<\/strong> est\u00e1 considerando adicionar a Amazon na lista de &#8220;<strong>Mercados<\/strong> <strong>Not\u00f3rios<\/strong>&#8220;, que indica empresas que s\u00e3o conhecidas por facilitar a venda de produtos falsificados. A informa\u00e7\u00e3o foi divulgada pelo &#8220;The Wall Street Journal&#8221;, nesta sexta-feira (6).<\/p>\t<div class=\"wrapper-featured-image\">\n\t\t<figure class=\"spotlightImg\">\n\n\t\t\t<picture>\n\t\t\t\t<source media=\"(max-width: 768px)\" srcset=\"https:\/\/files.sunoresearch.com.br\/n\/uploads\/2019\/09\/373373b4-amazon-400x200.webp\">\n\t\t\t\t<img loading=\"lazy\" decoding=\"async\" class=\"newsContent__article__imgCapa lazyloadDisabled newsContent__article__imgCapa--noCaption\" src=\"https:\/\/files.sunoresearch.com.br\/n\/uploads\/2019\/09\/373373b4-amazon-800x450.webp\" width=\"800\" height=\"450\" alt=\"Governo Trump planeja incluir Amazon em lista de vendedores piratas\" fetchpriority=high \/>\n\t\t\t<\/picture>\n\n\t\t\t<figcaption class=\"wp-caption-text wp-caption-text--hide\">Agenda do Dia<\/figcaption>\n\t\t<\/figure>\n\t<\/div>\n\n\n\n<p>De acordo com o jornal, a medida contra a <strong>Amazon<\/strong> seria tomada pelo <strong>Escrit\u00f3rio de Representantes de Com\u00e9rcio dos Estados Unidos<\/strong>, que todo ano publica uma lista de &#8220;Mercados Not\u00f3rios&#8221;, identificando mercados <strong>on-line<\/strong> e f\u00edsicos que vendem ou facilitam a venda de produtos falsificados e conte\u00fados pirateados.<\/p>\n<p><a href=\"https:\/\/www.suno.com.br\/noticias\/amazon-chega-49-milhoes-visitantes-seis-meses\/\">Leia tamb\u00e9m: Amazon reporta alta de quase 50% no n\u00famero de visitantes em seis meses<\/a><\/p>\n<p>Segundo fontes ouvidas pelo jornal, alguns funcion\u00e1rios do governo dos <strong>EUA<\/strong> defendem a inclus\u00e3o da <strong>Amazon<\/strong> na lista, que deve ser lan\u00e7ada nas pr\u00f3ximas semanas, mas ainda nenhuma decis\u00e3o foi tomada. Em 2018 houve um esfor\u00e7o parecido visando a inclus\u00e3o da Amazon na lista, contudo, acabou falhando.<\/p>\n\t<p>\n\t\t<a href=\"https:\/\/lp.suno.com.br\/ebook-como-analisar-uma-acao\/\" target=\"_blank\" data-element=\"shortcode-suno-banner\" title=\"Banner SUNO, clique e saiba mais\">\n\t\t\t<picture>\n\t\t\t\t<source media=\"(max-width: 500px)\" srcset=\"https:\/\/files.sunoresearch.com.br\/n\/uploads\/2023\/03\/Ebook-Acoes-Mobile.jpg\">\n\t\t\t\t<img class=\"newsContent__article__imgCapa newsContent__article__imgCapa--banner\"\n\t\t\t\t\tsrc=\"https:\/\/files.sunoresearch.com.br\/n\/uploads\/2023\/03\/Ebook-Acoes-Desktop.jpg\"\n\t\t\t\t\tdata-promo-id=\"311946\"\t\t\t\t\t\t\t\t\t\twidth='1420' height='286'\t\t\t\t\talt=\"https:\/\/files.sunoresearch.com.br\/n\/uploads\/2023\/03\/Ebook-Acoes-Desktop.jpg\"\n\t\t\t\t>\n\t\t\t<\/picture>\n\t\t<\/a>\n\t<\/p>\n\n\n<p>A <strong>American Apparel<\/strong> <strong>and Footwear Association<\/strong> (<strong>AAFA<\/strong>), solicitou que o escrit\u00f3rio de com\u00e9rcio dos <strong>EUA<\/strong> adicionasse plataformas de vendas da Amazon na lista de mercados not\u00f3rios aos seguintes pa\u00edses:<\/p>\n<ul>\n<li><strong>Reino Unido<\/strong>;<\/li>\n<li><strong>Canad\u00e1<\/strong>;<\/li>\n<li><strong>Alemanha<\/strong>;<\/li>\n<li><strong>\u00cdndia<\/strong>;<\/li>\n<li><strong>Fran\u00e7a<\/strong>.<\/li>\n<\/ul>\n<p>&#8220;Os membros da <strong>AAFA<\/strong> continuam relatando que \u00e9 uma luta constante manter um mercado limpo nas plataformas da empresa\u00a0e que a <strong>Amazon<\/strong> pouco faz para verificar os vendedores em sua plataforma&#8221;, disse o grupo em uma carta no dia 30 de setembro.<\/p>\n<h2>Resposta da Amazon<\/h2>\n<p>A companhia respondeu \u00e0s alega\u00e7\u00f5es da associa\u00e7\u00e3o afirmando que investiu US$ 400 milh\u00f5es em 2018 somente para o combate de <strong>fraudes<\/strong> e <strong>abusos<\/strong>. A companhia tamb\u00e9m descreveu v\u00e1rias de suas a\u00e7\u00f5es, o que inclui a oferta gratuita de <strong>registro<\/strong> <strong>de<\/strong> <strong>marca<\/strong> e ajuda para marcas emergentes obterem sua suas prote\u00e7\u00f5es de marcas.<\/p>\n\t<p>\n\t\t<a href=\"https:\/\/lp.suno.com.br\/planilha-de-controle-de-investimentos\/\" target=\"_blank\" data-element=\"shortcode-suno-banner\" title=\"Banner SUNO, clique e saiba mais\">\n\t\t\t<picture>\n\t\t\t\t<source media=\"(max-width: 500px)\" srcset=\"https:\/\/files.sunoresearch.com.br\/n\/uploads\/2023\/03\/400x300-Controle-de-Investimentos.png\">\n\t\t\t\t<img class=\"newsContent__article__imgCapa newsContent__article__imgCapa--banner\"\n\t\t\t\t\tsrc=\"https:\/\/files.sunoresearch.com.br\/n\/uploads\/2023\/03\/1420x240-Controle-de-Investimentos.png\"\n\t\t\t\t\tdata-promo-id=\"75934\"\t\t\t\t\t\t\t\t\t\twidth='1420' height='240'\t\t\t\t\talt=\"https:\/\/files.sunoresearch.com.br\/n\/uploads\/2023\/03\/1420x240-Controle-de-Investimentos.png\"\n\t\t\t\t>\n\t\t\t<\/picture>\n\t\t<\/a>\n\t<\/p>\n\n\n<p>Ao &#8220;The Wall Street Journal&#8221;, a <strong>Amazon<\/strong> afirmou que: \u201cpro\u00edbe estritamente produtos falsificados em nossa loja e investimos fortemente para proteger nossa loja, clientes e marcas e, como resultado, mais de 99,9% das visualiza\u00e7\u00f5es de p\u00e1gina de nossos clientes n\u00e3o receberam um aviso de poss\u00edvel infra\u00e7\u00e3o falsificada.&#8221;<\/p>\n","protected":false},"excerpt":{"rendered":"<p>O governo de Donald Trump est\u00e1 considerando adicionar a Amazon na lista de &#8220;Mercados Not\u00f3rios&#8220;, que indica empresas que s\u00e3o conhecidas por facilitar a venda de produtos falsificados. A informa\u00e7\u00e3o foi divulgada pelo &#8220;The Wall Street Journal&#8221;, nesta sexta-feira (6). Agenda do Dia De acordo com o jornal, a medida contra a Amazon seria tomada [&hellip;]<\/p>\n","protected":false},"author":23,"featured_media":37121,"comment_status":"closed","ping_status":"closed","sticky":false,"template":"","format":"standard","meta":[],"categories":[63],"tags":[694,724,793],"suno_strategy":[],"class_list":["post-47019","post","type-post","status-publish","format-standard","has-post-thumbnail","hentry","category-internacional","tag-amazon-amzo34","tag-donald-trump","tag-estados-unidos-eua"],"yoast_head":"<!-- This site is optimized with the Yoast SEO plugin v24.4 - https:\/\/yoast.com\/wordpress\/plugins\/seo\/ -->\n<title>Governo Trump planeja incluir Amazon em lista de vendedores piratas<\/title>\n<meta name=\"description\" content=\"O governo de Donald Trump est\u00e1 considerando adicionar a Amazon na lista de &quot;Mercados Not\u00f3rios&quot;. Clique aqui para saber mais.\" \/>\n<meta name=\"robots\" content=\"index, follow, max-snippet:-1, max-image-preview:large, max-video-preview:-1\" \/>\n<link rel=\"canonical\" href=\"https:\/\/www.suno.com.br\/noticias\/trump-amazon-mercados-notorios\/\" \/>\n<meta property=\"og:locale\" content=\"pt_BR\" \/>\n<meta property=\"og:type\" content=\"article\" \/>\n<meta property=\"og:title\" content=\"Governo Trump planeja incluir Amazon em lista de vendedores piratas\" \/>\n<meta property=\"og:description\" content=\"O governo de Donald Trump est\u00e1 considerando adicionar a Amazon na lista de &quot;Mercados Not\u00f3rios&quot;. Clique aqui para saber mais.\" \/>\n<meta property=\"og:url\" content=\"https:\/\/www.suno.com.br\/noticias\/trump-amazon-mercados-notorios\/\" \/>\n<meta property=\"og:site_name\" content=\"Suno Not\u00edcias\" \/>\n<meta property=\"article:publisher\" content=\"https:\/\/facebook.com\/sunoresearch\" \/>\n<meta property=\"og:image\" content=\"https:\/\/files.sunoresearch.com.br\/n\/uploads\/2019\/09\/373373b4-amazon.jpg\" \/>\n\t<meta property=\"og:image:width\" content=\"1600\" \/>\n\t<meta property=\"og:image:height\" content=\"900\" \/>\n\t<meta property=\"og:image:type\" content=\"image\/jpeg\" \/>\n<meta name=\"author\" content=\"Rafael Lara\" \/>\n<meta name=\"twitter:card\" content=\"summary_large_image\" \/>\n<meta name=\"twitter:creator\" content=\"@sunoresearch\" \/>\n<meta name=\"twitter:site\" content=\"@sunoresearch\" \/>\n<meta name=\"twitter:label1\" content=\"Escrito por\" \/>\n\t<meta name=\"twitter:data1\" content=\"Rafael Lara\" \/>\n\t<meta name=\"twitter:label2\" content=\"Est. tempo de leitura\" \/>\n\t<meta name=\"twitter:data2\" content=\"2 minutos\" \/>\n<script type=\"application\/ld+json\" class=\"yoast-schema-graph\">{\"@context\":\"https:\/\/schema.org\",\"@graph\":[{\"@type\":\"NewsArticle\",\"@id\":\"https:\/\/www.suno.com.br\/noticias\/trump-amazon-mercados-notorios\/#article\",\"isPartOf\":{\"@id\":\"https:\/\/www.suno.com.br\/noticias\/trump-amazon-mercados-notorios\/\"},\"author\":{\"name\":\"Rafael Lara\",\"@id\":\"https:\/\/www.suno.com.br\/noticias\/#\/schema\/person\/098743caeed97b37f51315c9576c4078\"},\"headline\":\"Governo Trump planeja incluir Amazon em lista de vendedores piratas\",\"datePublished\":\"2019-12-06T20:17:19+00:00\",\"dateModified\":\"2021-06-14T02:40:36+00:00\",\"mainEntityOfPage\":{\"@id\":\"https:\/\/www.suno.com.br\/noticias\/trump-amazon-mercados-notorios\/\"},\"wordCount\":374,\"publisher\":{\"@id\":\"https:\/\/www.suno.com.br\/noticias\/#organization\"},\"image\":{\"@id\":\"https:\/\/www.suno.com.br\/noticias\/trump-amazon-mercados-notorios\/#primaryimage\"},\"thumbnailUrl\":\"https:\/\/files.sunoresearch.com.br\/n\/uploads\/2019\/09\/373373b4-amazon-jpg.webp\",\"keywords\":[\"Amazon (AMZO34)\",\"Donald Trump\",\"Estados Unidos (EUA)\"],\"articleSection\":[\"Internacional\"],\"inLanguage\":\"pt-BR\"},{\"@type\":\"WebPage\",\"@id\":\"https:\/\/www.suno.com.br\/noticias\/trump-amazon-mercados-notorios\/\",\"url\":\"https:\/\/www.suno.com.br\/noticias\/trump-amazon-mercados-notorios\/\",\"name\":\"Governo Trump planeja incluir Amazon em lista de vendedores piratas\",\"isPartOf\":{\"@id\":\"https:\/\/www.suno.com.br\/noticias\/#website\"},\"primaryImageOfPage\":{\"@id\":\"https:\/\/www.suno.com.br\/noticias\/trump-amazon-mercados-notorios\/#primaryimage\"},\"image\":{\"@id\":\"https:\/\/www.suno.com.br\/noticias\/trump-amazon-mercados-notorios\/#primaryimage\"},\"thumbnailUrl\":\"https:\/\/files.sunoresearch.com.br\/n\/uploads\/2019\/09\/373373b4-amazon-jpg.webp\",\"datePublished\":\"2019-12-06T20:17:19+00:00\",\"dateModified\":\"2021-06-14T02:40:36+00:00\",\"description\":\"O governo de Donald Trump est\u00e1 considerando adicionar a Amazon na lista de \\\"Mercados Not\u00f3rios\\\". Clique aqui para saber mais.\",\"breadcrumb\":{\"@id\":\"https:\/\/www.suno.com.br\/noticias\/trump-amazon-mercados-notorios\/#breadcrumb\"},\"inLanguage\":\"pt-BR\",\"potentialAction\":[{\"@type\":\"ReadAction\",\"target\":[\"https:\/\/www.suno.com.br\/noticias\/trump-amazon-mercados-notorios\/\"]}]},{\"@type\":\"ImageObject\",\"inLanguage\":\"pt-BR\",\"@id\":\"https:\/\/www.suno.com.br\/noticias\/trump-amazon-mercados-notorios\/#primaryimage\",\"url\":\"https:\/\/files.sunoresearch.com.br\/n\/uploads\/2019\/09\/373373b4-amazon-jpg.webp\",\"contentUrl\":\"https:\/\/files.sunoresearch.com.br\/n\/uploads\/2019\/09\/373373b4-amazon-jpg.webp\",\"width\":1600,\"height\":900,\"caption\":\"Agenda do Dia\"},{\"@type\":\"BreadcrumbList\",\"@id\":\"https:\/\/www.suno.com.br\/noticias\/trump-amazon-mercados-notorios\/#breadcrumb\",\"itemListElement\":[{\"@type\":\"ListItem\",\"position\":1,\"name\":\"Not\u00edcias\",\"item\":\"https:\/\/www.suno.com.br\/noticias\/\"},{\"@type\":\"ListItem\",\"position\":2,\"name\":\"Internacional\",\"item\":\"https:\/\/www.suno.com.br\/noticias\/internacional\/\"},{\"@type\":\"ListItem\",\"position\":3,\"name\":\"Governo Trump planeja incluir Amazon em lista de vendedores piratas\"}]},{\"@type\":\"WebSite\",\"@id\":\"https:\/\/www.suno.com.br\/noticias\/#website\",\"url\":\"https:\/\/www.suno.com.br\/noticias\/\",\"name\":\"Suno Not\u00edcias\",\"description\":\"Seu portal de informa\u00e7\u00e3o sobre o mundo dos investimentos\",\"publisher\":{\"@id\":\"https:\/\/www.suno.com.br\/noticias\/#organization\"},\"potentialAction\":[{\"@type\":\"SearchAction\",\"target\":{\"@type\":\"EntryPoint\",\"urlTemplate\":\"https:\/\/www.suno.com.br\/noticias\/?s={search_term_string}\"},\"query-input\":{\"@type\":\"PropertyValueSpecification\",\"valueRequired\":true,\"valueName\":\"search_term_string\"}}],\"inLanguage\":\"pt-BR\"},{\"@type\":\"Organization\",\"@id\":\"https:\/\/www.suno.com.br\/noticias\/#organization\",\"name\":\"Suno Not\u00edcias\",\"url\":\"https:\/\/www.suno.com.br\/noticias\/\",\"logo\":{\"@type\":\"ImageObject\",\"inLanguage\":\"pt-BR\",\"@id\":\"https:\/\/www.suno.com.br\/noticias\/#\/schema\/logo\/image\/\",\"url\":\"https:\/\/files.sunoresearch.com.br\/n\/uploads\/2021\/09\/suno-logo.png\",\"contentUrl\":\"https:\/\/files.sunoresearch.com.br\/n\/uploads\/2021\/09\/suno-logo.png\",\"width\":180,\"height\":180,\"caption\":\"Suno Not\u00edcias\"},\"image\":{\"@id\":\"https:\/\/www.suno.com.br\/noticias\/#\/schema\/logo\/image\/\"},\"sameAs\":[\"https:\/\/facebook.com\/sunoresearch\",\"https:\/\/x.com\/sunoresearch\",\"https:\/\/www.instagram.com\/suno\",\"https:\/\/www.linkedin.com\/company\/suno-research\/\",\"https:\/\/www.youtube.com\/c\/sunoresearch\"]},{\"@type\":\"Person\",\"@id\":\"https:\/\/www.suno.com.br\/noticias\/#\/schema\/person\/098743caeed97b37f51315c9576c4078\",\"name\":\"Rafael Lara\",\"image\":{\"@type\":\"ImageObject\",\"inLanguage\":\"pt-BR\",\"@id\":\"https:\/\/www.suno.com.br\/noticias\/#\/schema\/person\/image\/\",\"url\":\"https:\/\/secure.gravatar.com\/avatar\/dfc254ab9bb2ea1895d98b9e9dae4bdd?s=96&r=g\",\"contentUrl\":\"https:\/\/secure.gravatar.com\/avatar\/dfc254ab9bb2ea1895d98b9e9dae4bdd?s=96&r=g\",\"caption\":\"Rafael Lara\"},\"description\":\"Rafael Lara cursa jornalismo na Faculdade C\u00e1sper L\u00edbero. Escreve sobre pol\u00edtica, economia e neg\u00f3cios para o portal Suno Not\u00edcias. Antes, colaborou na TV Gazeta na produ\u00e7\u00e3o do programa Edi\u00e7\u00e3o Extra.\",\"url\":\"https:\/\/www.suno.com.br\/noticias\/author\/rafael\/\"}]}<\/script>\n<!-- \/ Yoast SEO plugin. -->","yoast_head_json":{"title":"Governo Trump planeja incluir Amazon em lista de vendedores piratas","description":"O governo de Donald Trump est\u00e1 considerando adicionar a Amazon na lista de \"Mercados Not\u00f3rios\". Clique aqui para saber mais.","robots":{"index":"index","follow":"follow","max-snippet":"max-snippet:-1","max-image-preview":"max-image-preview:large","max-video-preview":"max-video-preview:-1"},"canonical":"https:\/\/www.suno.com.br\/noticias\/trump-amazon-mercados-notorios\/","og_locale":"pt_BR","og_type":"article","og_title":"Governo Trump planeja incluir Amazon em lista de vendedores piratas","og_description":"O governo de Donald Trump est\u00e1 considerando adicionar a Amazon na lista de \"Mercados Not\u00f3rios\". Clique aqui para saber mais.","og_url":"https:\/\/www.suno.com.br\/noticias\/trump-amazon-mercados-notorios\/","og_site_name":"Suno Not\u00edcias","article_publisher":"https:\/\/facebook.com\/sunoresearch","og_image":[{"width":1600,"height":900,"url":"https:\/\/files.sunoresearch.com.br\/n\/uploads\/2019\/09\/373373b4-amazon.jpg","type":"image\/jpeg"}],"author":"Rafael Lara","twitter_card":"summary_large_image","twitter_creator":"@sunoresearch","twitter_site":"@sunoresearch","twitter_misc":{"Escrito por":"Rafael Lara","Est. tempo de leitura":"2 minutos"},"schema":{"@context":"https:\/\/schema.org","@graph":[{"@type":"NewsArticle","@id":"https:\/\/www.suno.com.br\/noticias\/trump-amazon-mercados-notorios\/#article","isPartOf":{"@id":"https:\/\/www.suno.com.br\/noticias\/trump-amazon-mercados-notorios\/"},"author":{"name":"Rafael Lara","@id":"https:\/\/www.suno.com.br\/noticias\/#\/schema\/person\/098743caeed97b37f51315c9576c4078"},"headline":"Governo Trump planeja incluir Amazon em lista de vendedores piratas","datePublished":"2019-12-06T20:17:19+00:00","dateModified":"2021-06-14T02:40:36+00:00","mainEntityOfPage":{"@id":"https:\/\/www.suno.com.br\/noticias\/trump-amazon-mercados-notorios\/"},"wordCount":374,"publisher":{"@id":"https:\/\/www.suno.com.br\/noticias\/#organization"},"image":{"@id":"https:\/\/www.suno.com.br\/noticias\/trump-amazon-mercados-notorios\/#primaryimage"},"thumbnailUrl":"https:\/\/files.sunoresearch.com.br\/n\/uploads\/2019\/09\/373373b4-amazon-jpg.webp","keywords":["Amazon (AMZO34)","Donald Trump","Estados Unidos (EUA)"],"articleSection":["Internacional"],"inLanguage":"pt-BR"},{"@type":"WebPage","@id":"https:\/\/www.suno.com.br\/noticias\/trump-amazon-mercados-notorios\/","url":"https:\/\/www.suno.com.br\/noticias\/trump-amazon-mercados-notorios\/","name":"Governo Trump planeja incluir Amazon em lista de vendedores piratas","isPartOf":{"@id":"https:\/\/www.suno.com.br\/noticias\/#website"},"primaryImageOfPage":{"@id":"https:\/\/www.suno.com.br\/noticias\/trump-amazon-mercados-notorios\/#primaryimage"},"image":{"@id":"https:\/\/www.suno.com.br\/noticias\/trump-amazon-mercados-notorios\/#primaryimage"},"thumbnailUrl":"https:\/\/files.sunoresearch.com.br\/n\/uploads\/2019\/09\/373373b4-amazon-jpg.webp","datePublished":"2019-12-06T20:17:19+00:00","dateModified":"2021-06-14T02:40:36+00:00","description":"O governo de Donald Trump est\u00e1 considerando adicionar a Amazon na lista de \"Mercados Not\u00f3rios\". Clique aqui para saber mais.","breadcrumb":{"@id":"https:\/\/www.suno.com.br\/noticias\/trump-amazon-mercados-notorios\/#breadcrumb"},"inLanguage":"pt-BR","potentialAction":[{"@type":"ReadAction","target":["https:\/\/www.suno.com.br\/noticias\/trump-amazon-mercados-notorios\/"]}]},{"@type":"ImageObject","inLanguage":"pt-BR","@id":"https:\/\/www.suno.com.br\/noticias\/trump-amazon-mercados-notorios\/#primaryimage","url":"https:\/\/files.sunoresearch.com.br\/n\/uploads\/2019\/09\/373373b4-amazon-jpg.webp","contentUrl":"https:\/\/files.sunoresearch.com.br\/n\/uploads\/2019\/09\/373373b4-amazon-jpg.webp","width":1600,"height":900,"caption":"Agenda do Dia"},{"@type":"BreadcrumbList","@id":"https:\/\/www.suno.com.br\/noticias\/trump-amazon-mercados-notorios\/#breadcrumb","itemListElement":[{"@type":"ListItem","position":1,"name":"Not\u00edcias","item":"https:\/\/www.suno.com.br\/noticias\/"},{"@type":"ListItem","position":2,"name":"Internacional","item":"https:\/\/www.suno.com.br\/noticias\/internacional\/"},{"@type":"ListItem","position":3,"name":"Governo Trump planeja incluir Amazon em lista de vendedores piratas"}]},{"@type":"WebSite","@id":"https:\/\/www.suno.com.br\/noticias\/#website","url":"https:\/\/www.suno.com.br\/noticias\/","name":"Suno Not\u00edcias","description":"Seu portal de informa\u00e7\u00e3o sobre o mundo dos investimentos","publisher":{"@id":"https:\/\/www.suno.com.br\/noticias\/#organization"},"potentialAction":[{"@type":"SearchAction","target":{"@type":"EntryPoint","urlTemplate":"https:\/\/www.suno.com.br\/noticias\/?s={search_term_string}"},"query-input":{"@type":"PropertyValueSpecification","valueRequired":true,"valueName":"search_term_string"}}],"inLanguage":"pt-BR"},{"@type":"Organization","@id":"https:\/\/www.suno.com.br\/noticias\/#organization","name":"Suno Not\u00edcias","url":"https:\/\/www.suno.com.br\/noticias\/","logo":{"@type":"ImageObject","inLanguage":"pt-BR","@id":"https:\/\/www.suno.com.br\/noticias\/#\/schema\/logo\/image\/","url":"https:\/\/files.sunoresearch.com.br\/n\/uploads\/2021\/09\/suno-logo.png","contentUrl":"https:\/\/files.sunoresearch.com.br\/n\/uploads\/2021\/09\/suno-logo.png","width":180,"height":180,"caption":"Suno Not\u00edcias"},"image":{"@id":"https:\/\/www.suno.com.br\/noticias\/#\/schema\/logo\/image\/"},"sameAs":["https:\/\/facebook.com\/sunoresearch","https:\/\/x.com\/sunoresearch","https:\/\/www.instagram.com\/suno","https:\/\/www.linkedin.com\/company\/suno-research\/","https:\/\/www.youtube.com\/c\/sunoresearch"]},{"@type":"Person","@id":"https:\/\/www.suno.com.br\/noticias\/#\/schema\/person\/098743caeed97b37f51315c9576c4078","name":"Rafael Lara","image":{"@type":"ImageObject","inLanguage":"pt-BR","@id":"https:\/\/www.suno.com.br\/noticias\/#\/schema\/person\/image\/","url":"https:\/\/secure.gravatar.com\/avatar\/dfc254ab9bb2ea1895d98b9e9dae4bdd?s=96&r=g","contentUrl":"https:\/\/secure.gravatar.com\/avatar\/dfc254ab9bb2ea1895d98b9e9dae4bdd?s=96&r=g","caption":"Rafael Lara"},"description":"Rafael Lara cursa jornalismo na Faculdade C\u00e1sper L\u00edbero. Escreve sobre pol\u00edtica, economia e neg\u00f3cios para o portal Suno Not\u00edcias. Antes, colaborou na TV Gazeta na produ\u00e7\u00e3o do programa Edi\u00e7\u00e3o Extra.","url":"https:\/\/www.suno.com.br\/noticias\/author\/rafael\/"}]}},"default_loop_html":"<div class=\"cardsPage__listCard__boxs\"><div class=\"cardsPage__listCard__boxs__img\"><a href=\"https:\/\/www.suno.com.br\/noticias\/trump-amazon-mercados-notorios\/\"><img class=\"mask\" src=\"https:\/\/www.suno.com.br\/noticias\/wp-content\/themes\/suno\/resources\/images\/spotlight\/spotlight1img\/bg-mask.png\" alt=\"Image Mask\"\/><img src=\"https:\/\/files.sunoresearch.com.br\/n\/uploads\/2019\/09\/373373b4-amazon-400x200.webp\" alt=\"Governo Trump planeja incluir Amazon em lista de vendedores piratas\"\/><\/a><span class=\"spotlightCategory\"><a href=\"https:\/\/www.suno.com.br\/noticias\/internacional\/\">Internacional<\/a><\/span><\/div><div class=\"cardsPage__listCard__boxs__content\"><a href=\"https:\/\/www.suno.com.br\/noticias\/trump-amazon-mercados-notorios\/\"><h2 class=\"content__title\">Governo Trump planeja incluir Amazon em lista de vendedores piratas<\/h2><\/a><div class=\"newsContent__article__meta\"><div class=\"newsContent__article__meta__authorBox\"><a href=\"https:\/\/www.suno.com.br\/noticias\/author\/rafael\/\" class=\"authorBox__avatar noMobi\"><img src=\"https:\/\/secure.gravatar.com\/avatar\/dfc254ab9bb2ea1895d98b9e9dae4bdd?s=96&#038;r=g\" alt=\"Rafael Lara\"><\/a><div class=\"authorBox__name\"><span>por\n\t\t\t<a href=\"https:\/\/www.suno.com.br\/noticias\/author\/rafael\/\"><span itemprop=\"author\">Rafael Lara<\/span><\/a><\/span><time datetime=\"2019-12-06T18:17:19-03:00\" itemprop=\"datePublished\">06\/12\/2019 18:17<\/time><\/div><\/div><\/div><\/div><\/div>","single_layout":"posts","amp_enabled":true,"_links":{"self":[{"href":"https:\/\/www.suno.com.br\/noticias\/wp-json\/wp\/v2\/posts\/47019"}],"collection":[{"href":"https:\/\/www.suno.com.br\/noticias\/wp-json\/wp\/v2\/posts"}],"about":[{"href":"https:\/\/www.suno.com.br\/noticias\/wp-json\/wp\/v2\/types\/post"}],"author":[{"embeddable":true,"href":"https:\/\/www.suno.com.br\/noticias\/wp-json\/wp\/v2\/users\/23"}],"replies":[{"embeddable":true,"href":"https:\/\/www.suno.com.br\/noticias\/wp-json\/wp\/v2\/comments?post=47019"}],"version-history":[{"count":1,"href":"https:\/\/www.suno.com.br\/noticias\/wp-json\/wp\/v2\/posts\/47019\/revisions"}],"predecessor-version":[{"id":157234,"href":"https:\/\/www.suno.com.br\/noticias\/wp-json\/wp\/v2\/posts\/47019\/revisions\/157234"}],"wp:featuredmedia":[{"embeddable":true,"href":"https:\/\/www.suno.com.br\/noticias\/wp-json\/wp\/v2\/media\/37121"}],"wp:attachment":[{"href":"https:\/\/www.suno.com.br\/noticias\/wp-json\/wp\/v2\/media?parent=47019"}],"wp:term":[{"taxonomy":"category","embeddable":true,"href":"https:\/\/www.suno.com.br\/noticias\/wp-json\/wp\/v2\/categories?post=47019"},{"taxonomy":"post_tag","embeddable":true,"href":"https:\/\/www.suno.com.br\/noticias\/wp-json\/wp\/v2\/tags?post=47019"},{"taxonomy":"suno_strategy","embeddable":true,"href":"https:\/\/www.suno.com.br\/noticias\/wp-json\/wp\/v2\/suno_strategy?post=47019"}],"curies":[{"name":"wp","href":"https:\/\/api.w.org\/{rel}","templated":true}]}}